{"id":9800,"date":"2019-12-13T08:28:43","date_gmt":"2019-12-13T11:28:43","guid":{"rendered":"http:\/\/radiosul.net\/wp\/?p=9800"},"modified":"2019-12-13T08:28:45","modified_gmt":"2019-12-13T11:28:45","slug":"producao-de-ovos-e-a-maior-em-32-anos-devido-a-exportacao-de-carne","status":"publish","type":"post","link":"https:\/\/radiosul.net\/wp\/2019\/producao-de-ovos-e-a-maior-em-32-anos-devido-a-exportacao-de-carne\/","title":{"rendered":"Produ\u00e7\u00e3o de ovos \u00e9 a maior em 32 anos devido \u00e0 exporta\u00e7\u00e3o de carne"},"content":{"rendered":"\n<p class=\"wp-block-paragraph\"> A produ\u00e7\u00e3o de ovos de galinha bateu recorde e chegou a 964,89  milh\u00f5es de d\u00fazias, informou IBGE (Instituto Brasileiro de Geografia e  Estat\u00edstica) nesta quinta-feira (12). Este \u00e9 o segundo trimestre seguido  que o segmento registra alta, ficando 0,7% acima em rela\u00e7\u00e3o ao segundo  trimestre do ano. <\/p>\n\n\n\n<p class=\"wp-block-paragraph\"> A produ\u00e7\u00e3o dos ovos de galinha no terceiro trimestre de 2019 teve  sua maior s\u00e9rie hist\u00f3rica da pesquisa iniciada em 1987. &#8220;O terceiro  trimestre de 2019 apresentou um acr\u00e9scimo nas exporta\u00e7\u00f5es de carne  bovina em rela\u00e7\u00e3o ao segundo, o que acaba tendo efeito no pre\u00e7o da carne  e levando a popula\u00e7\u00e3o a fazer substitui\u00e7\u00f5es, o que faz com que aumente a  demanda pelo ovo&#8221;, diz o pesquisador do IBGE Bernardo Viscardi. Em  novembro, o pre\u00e7o da carne subiu 8,09%. <\/p>\n\n\n\n<p class=\"wp-block-paragraph\"> Apesar da queda na cota\u00e7\u00e3o da arroba do boi nas \u00faltimas semanas, o  pre\u00e7o da carne bovina para o consumidor pode ter em dezembro alta maior  do que a verificada em novembro e se manter elevado at\u00e9 o segundo  trimestre de 2020, segundo estimativas de analistas do mercado  financeiro. <\/p>\n\n\n\n<p class=\"wp-block-paragraph\"> Segundo a Estat\u00edstica da Produ\u00e7\u00e3o Pecu\u00e1ria, a produ\u00e7\u00e3o de ovos ficou 4,3% acima em rela\u00e7\u00e3o ao mesmo trimestre do ano passado. <\/p>\n\n\n\n<p class=\"wp-block-paragraph\"> Quase todas as atividades tiveram alta em rela\u00e7\u00e3o ao mesmo per\u00edodo  de 2018 e ao segundo trimestre. De acordo com o IBGE, houve crescimento  no abate de su\u00ednos (0,9%) e frangos (3,1%) e aquisi\u00e7\u00e3o de leite (0,6%). <\/p>\n\n\n\n<p class=\"wp-block-paragraph\"> Em compara\u00e7\u00e3o ao segundo trimestre, os resultados tamb\u00e9m foram  positivos para toda a produ\u00e7\u00e3o pecu\u00e1ria. O abate de su\u00ednos cresceu 2,7% e  o de frangos, 3,3%. Aquisi\u00e7\u00e3o de couro e de leite cru tiveram,  respectivamente, altas de 2,4% e 7,5%. <\/p>\n\n\n\n<p class=\"wp-block-paragraph\"><strong><em>Fonte: Jornal do Com\u00e9rcio<\/em><\/strong><\/p>\n","protected":false},"excerpt":{"rendered":"<p>A produ\u00e7\u00e3o de ovos de galinha bateu recorde e chegou a 964,89 milh\u00f5es de d\u00fazias, informou IBGE (Instituto Brasileiro de Geografia e Estat\u00edstica) nesta quinta-feira (12). Este \u00e9 o segundo trimestre seguido que o segmento registra alta, ficando 0,7% acima em rela\u00e7\u00e3o ao segundo trimestre do ano. A produ\u00e7\u00e3o dos ovos de galinha no terceiro &hellip;<\/p>\n","protected":false},"author":9,"featured_media":9801,"comment_status":"closed","ping_status":"closed","sticky":false,"template":"","format":"standard","meta":{"_monsterinsights_skip_tracking":false,"_uf_show_specific_survey":0,"_uf_disable_surveys":false,"footnotes":""},"categories":[1,126],"tags":[],"class_list":["post-9800","post","type-post","status-publish","format-standard","has-post-thumbnail","hentry","category-agro","category-destacados"],"aioseo_notices":[],"aioseo_head":"\n\t\t<!-- All in One SEO 5.0.1.1 - aioseo.com -->\n\t<meta name=\"description\" content=\"A produ\u00e7\u00e3o de ovos de galinha bateu recorde e chegou a 964,89 milh\u00f5es de d\u00fazias, informou IBGE (Instituto Brasileiro de Geografia e Estat\u00edstica) nesta quinta-feira (12). Este \u00e9 o segundo trimestre seguido que o segmento registra alta, ficando 0,7% acima em rela\u00e7\u00e3o ao segundo trimestre do ano. A produ\u00e7\u00e3o dos ovos de galinha no terceiro\" \/>\n\t<meta name=\"robots\" content=\"max-image-preview:large\" \/>\n\t<meta name=\"author\" content=\"Alejo Bordon\"\/>\n\t<link rel=\"canonical\" href=\"https:\/\/radiosul.net\/wp\/2019\/producao-de-ovos-e-a-maior-em-32-anos-devido-a-exportacao-de-carne\/\" \/>\n\t<meta name=\"generator\" content=\"All in One SEO (AIOSEO) 5.0.1.1\" \/>\n\t\t<meta property=\"og:locale\" content=\"pt_BR\" \/>\n\t\t<meta property=\"og:site_name\" content=\"radiosul.net - Regional por Excel\u00eancia\" \/>\n\t\t<meta property=\"og:type\" content=\"article\" \/>\n\t\t<meta property=\"og:title\" content=\"Produ\u00e7\u00e3o de ovos \u00e9 a maior em 32 anos devido \u00e0 exporta\u00e7\u00e3o de carne - radiosul.net\" \/>\n\t\t<meta property=\"og:description\" content=\"A produ\u00e7\u00e3o de ovos de galinha bateu recorde e chegou a 964,89 milh\u00f5es de d\u00fazias, informou IBGE (Instituto Brasileiro de Geografia e Estat\u00edstica) nesta quinta-feira (12). Este \u00e9 o segundo trimestre seguido que o segmento registra alta, ficando 0,7% acima em rela\u00e7\u00e3o ao segundo trimestre do ano. A produ\u00e7\u00e3o dos ovos de galinha no terceiro\" \/>\n\t\t<meta property=\"og:url\" content=\"https:\/\/radiosul.net\/wp\/2019\/producao-de-ovos-e-a-maior-em-32-anos-devido-a-exportacao-de-carne\/\" \/>\n\t\t<meta property=\"article:published_time\" content=\"2019-12-13T11:28:43+00:00\" \/>\n\t\t<meta property=\"article:modified_time\" content=\"2019-12-13T11:28:45+00:00\" \/>\n\t\t<meta name=\"twitter:card\" content=\"summary_large_image\" \/>\n\t\t<meta name=\"twitter:title\" content=\"Produ\u00e7\u00e3o de ovos \u00e9 a maior em 32 anos devido \u00e0 exporta\u00e7\u00e3o de carne - radiosul.net\" \/>\n\t\t<meta name=\"twitter:description\" content=\"A produ\u00e7\u00e3o de ovos de galinha bateu recorde e chegou a 964,89 milh\u00f5es de d\u00fazias, informou IBGE (Instituto Brasileiro de Geografia e Estat\u00edstica) nesta quinta-feira (12). Este \u00e9 o segundo trimestre seguido que o segmento registra alta, ficando 0,7% acima em rela\u00e7\u00e3o ao segundo trimestre do ano. A produ\u00e7\u00e3o dos ovos de galinha no terceiro\" \/>\n\t\t<script type=\"application\/ld+json\" class=\"aioseo-schema\">\n\t\t\t{\"@context\":\"https:\\\/\\\/schema.org\",\"@graph\":[{\"@type\":\"BlogPosting\",\"@id\":\"https:\\\/\\\/radiosul.net\\\/wp\\\/2019\\\/producao-de-ovos-e-a-maior-em-32-anos-devido-a-exportacao-de-carne\\\/#blogposting\",\"name\":\"Produ\\u00e7\\u00e3o de ovos \\u00e9 a maior em 32 anos devido \\u00e0 exporta\\u00e7\\u00e3o de carne - radiosul.net\",\"headline\":\"Produ\\u00e7\\u00e3o de ovos \\u00e9 a maior em 32 anos devido \\u00e0 exporta\\u00e7\\u00e3o de carne\",\"author\":{\"@id\":\"https:\\\/\\\/radiosul.net\\\/wp\\\/author\\\/alejo\\\/#author\"},\"publisher\":{\"@id\":\"https:\\\/\\\/radiosul.net\\\/wp\\\/#organization\"},\"image\":{\"@type\":\"ImageObject\",\"url\":\"https:\\\/\\\/radiosul.net\\\/wp\\\/wp-content\\\/uploads\\\/2019\\\/12\\\/img_0003-8623557.jpg\",\"width\":800,\"height\":600},\"datePublished\":\"2019-12-13T08:28:43-03:00\",\"dateModified\":\"2019-12-13T08:28:45-03:00\",\"inLanguage\":\"pt-BR\",\"mainEntityOfPage\":{\"@id\":\"https:\\\/\\\/radiosul.net\\\/wp\\\/2019\\\/producao-de-ovos-e-a-maior-em-32-anos-devido-a-exportacao-de-carne\\\/#webpage\"},\"isPartOf\":{\"@id\":\"https:\\\/\\\/radiosul.net\\\/wp\\\/2019\\\/producao-de-ovos-e-a-maior-em-32-anos-devido-a-exportacao-de-carne\\\/#webpage\"},\"articleSection\":\"Agroneg\\u00f3cio, Destaque\"},{\"@type\":\"BreadcrumbList\",\"@id\":\"https:\\\/\\\/radiosul.net\\\/wp\\\/2019\\\/producao-de-ovos-e-a-maior-em-32-anos-devido-a-exportacao-de-carne\\\/#breadcrumblist\",\"itemListElement\":[{\"@type\":\"ListItem\",\"@id\":\"https:\\\/\\\/radiosul.net\\\/wp#listItem\",\"position\":1,\"name\":\"Home\",\"item\":\"https:\\\/\\\/radiosul.net\\\/wp\",\"nextItem\":{\"@type\":\"ListItem\",\"@id\":\"https:\\\/\\\/radiosul.net\\\/wp\\\/category\\\/agro\\\/#listItem\",\"name\":\"Agroneg\\u00f3cio\"}},{\"@type\":\"ListItem\",\"@id\":\"https:\\\/\\\/radiosul.net\\\/wp\\\/category\\\/agro\\\/#listItem\",\"position\":2,\"name\":\"Agroneg\\u00f3cio\",\"item\":\"https:\\\/\\\/radiosul.net\\\/wp\\\/category\\\/agro\\\/\",\"nextItem\":{\"@type\":\"ListItem\",\"@id\":\"https:\\\/\\\/radiosul.net\\\/wp\\\/2019\\\/producao-de-ovos-e-a-maior-em-32-anos-devido-a-exportacao-de-carne\\\/#listItem\",\"name\":\"Produ\\u00e7\\u00e3o de ovos \\u00e9 a maior em 32 anos devido \\u00e0 exporta\\u00e7\\u00e3o de carne\"},\"previousItem\":{\"@type\":\"ListItem\",\"@id\":\"https:\\\/\\\/radiosul.net\\\/wp#listItem\",\"name\":\"Home\"}},{\"@type\":\"ListItem\",\"@id\":\"https:\\\/\\\/radiosul.net\\\/wp\\\/2019\\\/producao-de-ovos-e-a-maior-em-32-anos-devido-a-exportacao-de-carne\\\/#listItem\",\"position\":3,\"name\":\"Produ\\u00e7\\u00e3o de ovos \\u00e9 a maior em 32 anos devido \\u00e0 exporta\\u00e7\\u00e3o de carne\",\"previousItem\":{\"@type\":\"ListItem\",\"@id\":\"https:\\\/\\\/radiosul.net\\\/wp\\\/category\\\/agro\\\/#listItem\",\"name\":\"Agroneg\\u00f3cio\"}}]},{\"@type\":\"Organization\",\"@id\":\"https:\\\/\\\/radiosul.net\\\/wp\\\/#organization\",\"name\":\"radiosul.net\",\"description\":\"Regional por Excel\\u00eancia\",\"url\":\"https:\\\/\\\/radiosul.net\\\/wp\\\/\"},{\"@type\":\"Person\",\"@id\":\"https:\\\/\\\/radiosul.net\\\/wp\\\/author\\\/alejo\\\/#author\",\"url\":\"https:\\\/\\\/radiosul.net\\\/wp\\\/author\\\/alejo\\\/\",\"name\":\"Alejo Bordon\",\"image\":{\"@type\":\"ImageObject\",\"@id\":\"https:\\\/\\\/radiosul.net\\\/wp\\\/2019\\\/producao-de-ovos-e-a-maior-em-32-anos-devido-a-exportacao-de-carne\\\/#authorImage\",\"url\":\"https:\\\/\\\/secure.gravatar.com\\\/avatar\\\/b3a7e7f1c71212e6a5b7183b79a2ab58dad8bdc4cd4eadd61c4434d010d0bae4?s=96&d=mm&r=g\",\"width\":96,\"height\":96,\"caption\":\"Alejo Bordon\"}},{\"@type\":\"WebPage\",\"@id\":\"https:\\\/\\\/radiosul.net\\\/wp\\\/2019\\\/producao-de-ovos-e-a-maior-em-32-anos-devido-a-exportacao-de-carne\\\/#webpage\",\"url\":\"https:\\\/\\\/radiosul.net\\\/wp\\\/2019\\\/producao-de-ovos-e-a-maior-em-32-anos-devido-a-exportacao-de-carne\\\/\",\"name\":\"Produ\\u00e7\\u00e3o de ovos \\u00e9 a maior em 32 anos devido \\u00e0 exporta\\u00e7\\u00e3o de carne - radiosul.net\",\"description\":\"A produ\\u00e7\\u00e3o de ovos de galinha bateu recorde e chegou a 964,89 milh\\u00f5es de d\\u00fazias, informou IBGE (Instituto Brasileiro de Geografia e Estat\\u00edstica) nesta quinta-feira (12). Este \\u00e9 o segundo trimestre seguido que o segmento registra alta, ficando 0,7% acima em rela\\u00e7\\u00e3o ao segundo trimestre do ano. A produ\\u00e7\\u00e3o dos ovos de galinha no terceiro\",\"inLanguage\":\"pt-BR\",\"isPartOf\":{\"@id\":\"https:\\\/\\\/radiosul.net\\\/wp\\\/#website\"},\"breadcrumb\":{\"@id\":\"https:\\\/\\\/radiosul.net\\\/wp\\\/2019\\\/producao-de-ovos-e-a-maior-em-32-anos-devido-a-exportacao-de-carne\\\/#breadcrumblist\"},\"author\":{\"@id\":\"https:\\\/\\\/radiosul.net\\\/wp\\\/author\\\/alejo\\\/#author\"},\"creator\":{\"@id\":\"https:\\\/\\\/radiosul.net\\\/wp\\\/author\\\/alejo\\\/#author\"},\"image\":{\"@type\":\"ImageObject\",\"url\":\"https:\\\/\\\/radiosul.net\\\/wp\\\/wp-content\\\/uploads\\\/2019\\\/12\\\/img_0003-8623557.jpg\",\"@id\":\"https:\\\/\\\/radiosul.net\\\/wp\\\/2019\\\/producao-de-ovos-e-a-maior-em-32-anos-devido-a-exportacao-de-carne\\\/#mainImage\",\"width\":800,\"height\":600},\"primaryImageOfPage\":{\"@id\":\"https:\\\/\\\/radiosul.net\\\/wp\\\/2019\\\/producao-de-ovos-e-a-maior-em-32-anos-devido-a-exportacao-de-carne\\\/#mainImage\"},\"datePublished\":\"2019-12-13T08:28:43-03:00\",\"dateModified\":\"2019-12-13T08:28:45-03:00\"},{\"@type\":\"WebSite\",\"@id\":\"https:\\\/\\\/radiosul.net\\\/wp\\\/#website\",\"url\":\"https:\\\/\\\/radiosul.net\\\/wp\\\/\",\"name\":\"radiosul.net\",\"description\":\"Regional por Excel\\u00eancia\",\"inLanguage\":\"pt-BR\",\"publisher\":{\"@id\":\"https:\\\/\\\/radiosul.net\\\/wp\\\/#organization\"}}]}\n\t\t<\/script>\n\t\t<!-- All in One SEO -->\n\n","aioseo_head_json":{"title":"Produ\u00e7\u00e3o de ovos \u00e9 a maior em 32 anos devido \u00e0 exporta\u00e7\u00e3o de carne - radiosul.net","description":"A produ\u00e7\u00e3o de ovos de galinha bateu recorde e chegou a 964,89 milh\u00f5es de d\u00fazias, informou IBGE (Instituto Brasileiro de Geografia e Estat\u00edstica) nesta quinta-feira (12). Este \u00e9 o segundo trimestre seguido que o segmento registra alta, ficando 0,7% acima em rela\u00e7\u00e3o ao segundo trimestre do ano. A produ\u00e7\u00e3o dos ovos de galinha no terceiro","canonical_url":"https:\/\/radiosul.net\/wp\/2019\/producao-de-ovos-e-a-maior-em-32-anos-devido-a-exportacao-de-carne\/","robots":"max-image-preview:large","keywords":"","webmasterTools":{"miscellaneous":""},"schema":{"@context":"https:\/\/schema.org","@graph":[{"@type":"BlogPosting","@id":"https:\/\/radiosul.net\/wp\/2019\/producao-de-ovos-e-a-maior-em-32-anos-devido-a-exportacao-de-carne\/#blogposting","name":"Produ\u00e7\u00e3o de ovos \u00e9 a maior em 32 anos devido \u00e0 exporta\u00e7\u00e3o de carne - radiosul.net","headline":"Produ\u00e7\u00e3o de ovos \u00e9 a maior em 32 anos devido \u00e0 exporta\u00e7\u00e3o de carne","author":{"@id":"https:\/\/radiosul.net\/wp\/author\/alejo\/#author"},"publisher":{"@id":"https:\/\/radiosul.net\/wp\/#organization"},"image":{"@type":"ImageObject","url":"https:\/\/radiosul.net\/wp\/wp-content\/uploads\/2019\/12\/img_0003-8623557.jpg","width":800,"height":600},"datePublished":"2019-12-13T08:28:43-03:00","dateModified":"2019-12-13T08:28:45-03:00","inLanguage":"pt-BR","mainEntityOfPage":{"@id":"https:\/\/radiosul.net\/wp\/2019\/producao-de-ovos-e-a-maior-em-32-anos-devido-a-exportacao-de-carne\/#webpage"},"isPartOf":{"@id":"https:\/\/radiosul.net\/wp\/2019\/producao-de-ovos-e-a-maior-em-32-anos-devido-a-exportacao-de-carne\/#webpage"},"articleSection":"Agroneg\u00f3cio, Destaque"},{"@type":"BreadcrumbList","@id":"https:\/\/radiosul.net\/wp\/2019\/producao-de-ovos-e-a-maior-em-32-anos-devido-a-exportacao-de-carne\/#breadcrumblist","itemListElement":[{"@type":"ListItem","@id":"https:\/\/radiosul.net\/wp#listItem","position":1,"name":"Home","item":"https:\/\/radiosul.net\/wp","nextItem":{"@type":"ListItem","@id":"https:\/\/radiosul.net\/wp\/category\/agro\/#listItem","name":"Agroneg\u00f3cio"}},{"@type":"ListItem","@id":"https:\/\/radiosul.net\/wp\/category\/agro\/#listItem","position":2,"name":"Agroneg\u00f3cio","item":"https:\/\/radiosul.net\/wp\/category\/agro\/","nextItem":{"@type":"ListItem","@id":"https:\/\/radiosul.net\/wp\/2019\/producao-de-ovos-e-a-maior-em-32-anos-devido-a-exportacao-de-carne\/#listItem","name":"Produ\u00e7\u00e3o de ovos \u00e9 a maior em 32 anos devido \u00e0 exporta\u00e7\u00e3o de carne"},"previousItem":{"@type":"ListItem","@id":"https:\/\/radiosul.net\/wp#listItem","name":"Home"}},{"@type":"ListItem","@id":"https:\/\/radiosul.net\/wp\/2019\/producao-de-ovos-e-a-maior-em-32-anos-devido-a-exportacao-de-carne\/#listItem","position":3,"name":"Produ\u00e7\u00e3o de ovos \u00e9 a maior em 32 anos devido \u00e0 exporta\u00e7\u00e3o de carne","previousItem":{"@type":"ListItem","@id":"https:\/\/radiosul.net\/wp\/category\/agro\/#listItem","name":"Agroneg\u00f3cio"}}]},{"@type":"Organization","@id":"https:\/\/radiosul.net\/wp\/#organization","name":"radiosul.net","description":"Regional por Excel\u00eancia","url":"https:\/\/radiosul.net\/wp\/"},{"@type":"Person","@id":"https:\/\/radiosul.net\/wp\/author\/alejo\/#author","url":"https:\/\/radiosul.net\/wp\/author\/alejo\/","name":"Alejo Bordon","image":{"@type":"ImageObject","@id":"https:\/\/radiosul.net\/wp\/2019\/producao-de-ovos-e-a-maior-em-32-anos-devido-a-exportacao-de-carne\/#authorImage","url":"https:\/\/secure.gravatar.com\/avatar\/b3a7e7f1c71212e6a5b7183b79a2ab58dad8bdc4cd4eadd61c4434d010d0bae4?s=96&d=mm&r=g","width":96,"height":96,"caption":"Alejo Bordon"}},{"@type":"WebPage","@id":"https:\/\/radiosul.net\/wp\/2019\/producao-de-ovos-e-a-maior-em-32-anos-devido-a-exportacao-de-carne\/#webpage","url":"https:\/\/radiosul.net\/wp\/2019\/producao-de-ovos-e-a-maior-em-32-anos-devido-a-exportacao-de-carne\/","name":"Produ\u00e7\u00e3o de ovos \u00e9 a maior em 32 anos devido \u00e0 exporta\u00e7\u00e3o de carne - radiosul.net","description":"A produ\u00e7\u00e3o de ovos de galinha bateu recorde e chegou a 964,89 milh\u00f5es de d\u00fazias, informou IBGE (Instituto Brasileiro de Geografia e Estat\u00edstica) nesta quinta-feira (12). Este \u00e9 o segundo trimestre seguido que o segmento registra alta, ficando 0,7% acima em rela\u00e7\u00e3o ao segundo trimestre do ano. A produ\u00e7\u00e3o dos ovos de galinha no terceiro","inLanguage":"pt-BR","isPartOf":{"@id":"https:\/\/radiosul.net\/wp\/#website"},"breadcrumb":{"@id":"https:\/\/radiosul.net\/wp\/2019\/producao-de-ovos-e-a-maior-em-32-anos-devido-a-exportacao-de-carne\/#breadcrumblist"},"author":{"@id":"https:\/\/radiosul.net\/wp\/author\/alejo\/#author"},"creator":{"@id":"https:\/\/radiosul.net\/wp\/author\/alejo\/#author"},"image":{"@type":"ImageObject","url":"https:\/\/radiosul.net\/wp\/wp-content\/uploads\/2019\/12\/img_0003-8623557.jpg","@id":"https:\/\/radiosul.net\/wp\/2019\/producao-de-ovos-e-a-maior-em-32-anos-devido-a-exportacao-de-carne\/#mainImage","width":800,"height":600},"primaryImageOfPage":{"@id":"https:\/\/radiosul.net\/wp\/2019\/producao-de-ovos-e-a-maior-em-32-anos-devido-a-exportacao-de-carne\/#mainImage"},"datePublished":"2019-12-13T08:28:43-03:00","dateModified":"2019-12-13T08:28:45-03:00"},{"@type":"WebSite","@id":"https:\/\/radiosul.net\/wp\/#website","url":"https:\/\/radiosul.net\/wp\/","name":"radiosul.net","description":"Regional por Excel\u00eancia","inLanguage":"pt-BR","publisher":{"@id":"https:\/\/radiosul.net\/wp\/#organization"}}]},"og:locale":"pt_BR","og:site_name":"radiosul.net - Regional por Excel\u00eancia","og:type":"article","og:title":"Produ\u00e7\u00e3o de ovos \u00e9 a maior em 32 anos devido \u00e0 exporta\u00e7\u00e3o de carne - radiosul.net","og:description":"A produ\u00e7\u00e3o de ovos de galinha bateu recorde e chegou a 964,89 milh\u00f5es de d\u00fazias, informou IBGE (Instituto Brasileiro de Geografia e Estat\u00edstica) nesta quinta-feira (12). Este \u00e9 o segundo trimestre seguido que o segmento registra alta, ficando 0,7% acima em rela\u00e7\u00e3o ao segundo trimestre do ano. A produ\u00e7\u00e3o dos ovos de galinha no terceiro","og:url":"https:\/\/radiosul.net\/wp\/2019\/producao-de-ovos-e-a-maior-em-32-anos-devido-a-exportacao-de-carne\/","article:published_time":"2019-12-13T11:28:43+00:00","article:modified_time":"2019-12-13T11:28:45+00:00","twitter:card":"summary_large_image","twitter:title":"Produ\u00e7\u00e3o de ovos \u00e9 a maior em 32 anos devido \u00e0 exporta\u00e7\u00e3o de carne - radiosul.net","twitter:description":"A produ\u00e7\u00e3o de ovos de galinha bateu recorde e chegou a 964,89 milh\u00f5es de d\u00fazias, informou IBGE (Instituto Brasileiro de Geografia e Estat\u00edstica) nesta quinta-feira (12). Este \u00e9 o segundo trimestre seguido que o segmento registra alta, ficando 0,7% acima em rela\u00e7\u00e3o ao segundo trimestre do ano. A produ\u00e7\u00e3o dos ovos de galinha no terceiro"},"aioseo_meta_data":{"post_id":"9800","title":null,"description":null,"keywords":null,"keyphrases":null,"primary_term":null,"canonical_url":null,"og_title":null,"og_description":null,"og_object_type":"default","og_image_type":"default","og_image_url":null,"og_image_width":null,"og_image_height":null,"og_image_custom_url":null,"og_image_custom_fields":null,"og_video":null,"og_custom_url":null,"og_article_section":null,"og_article_tags":null,"twitter_use_og":false,"twitter_card":"default","twitter_image_type":"default","twitter_image_url":null,"twitter_image_custom_url":null,"twitter_image_custom_fields":null,"twitter_title":null,"twitter_description":null,"schema":{"blockGraphs":[],"customGraphs":[],"default":{"data":{"Article":[],"Course":[],"Dataset":[],"FAQPage":[],"Movie":[],"Person":[],"Product":[],"ProductReview":[],"Car":[],"Recipe":[],"Service":[],"SoftwareApplication":[],"WebPage":[]},"graphName":"","isEnabled":true},"graphs":[]},"schema_type":"default","schema_type_options":null,"pillar_content":false,"robots_default":true,"robots_noindex":false,"robots_noarchive":false,"robots_nosnippet":false,"robots_nofollow":false,"robots_noimageindex":false,"robots_noodp":false,"robots_notranslate":false,"robots_max_snippet":null,"robots_max_videopreview":null,"robots_max_imagepreview":"large","priority":null,"frequency":null,"local_seo":null,"breadcrumb_settings":null,"limit_modified_date":false,"ai":null,"created":"2026-01-08 18:28:07","updated":"2026-01-08 18:28:07","seo_analyzer_scan_date":null,"focus_keyword":null,"additional_keywords":null,"truseo_locale":null},"aioseo_breadcrumb":"<div class=\"aioseo-breadcrumbs\"><span class=\"aioseo-breadcrumb\">\n\t\t\t<a href=\"https:\/\/radiosul.net\/wp\" title=\"Home\">Home<\/a>\n\t\t<\/span><span class=\"aioseo-breadcrumb-separator\">&raquo;<\/span><span class=\"aioseo-breadcrumb\">\n\t\t\t<a href=\"https:\/\/radiosul.net\/wp\/category\/agro\/\" title=\"Agroneg\u00f3cio\">Agroneg\u00f3cio<\/a>\n\t\t<\/span><span class=\"aioseo-breadcrumb-separator\">&raquo;<\/span><span class=\"aioseo-breadcrumb\">\n\t\t\tProdu\u00e7\u00e3o de ovos \u00e9 a maior em 32 anos devido \u00e0 exporta\u00e7\u00e3o de carne\n\t\t<\/span><\/div>","aioseo_breadcrumb_json":[{"label":"Home","link":"https:\/\/radiosul.net\/wp"},{"label":"Agroneg\u00f3cio","link":"https:\/\/radiosul.net\/wp\/category\/agro\/"},{"label":"Produ\u00e7\u00e3o de ovos \u00e9 a maior em 32 anos devido \u00e0 exporta\u00e7\u00e3o de carne","link":"https:\/\/radiosul.net\/wp\/2019\/producao-de-ovos-e-a-maior-em-32-anos-devido-a-exportacao-de-carne\/"}],"_links":{"self":[{"href":"https:\/\/radiosul.net\/wp\/wp-json\/wp\/v2\/posts\/9800","targetHints":{"allow":["GET"]}}],"collection":[{"href":"https:\/\/radiosul.net\/wp\/wp-json\/wp\/v2\/posts"}],"about":[{"href":"https:\/\/radiosul.net\/wp\/wp-json\/wp\/v2\/types\/post"}],"author":[{"embeddable":true,"href":"https:\/\/radiosul.net\/wp\/wp-json\/wp\/v2\/users\/9"}],"replies":[{"embeddable":true,"href":"https:\/\/radiosul.net\/wp\/wp-json\/wp\/v2\/comments?post=9800"}],"version-history":[{"count":1,"href":"https:\/\/radiosul.net\/wp\/wp-json\/wp\/v2\/posts\/9800\/revisions"}],"predecessor-version":[{"id":9802,"href":"https:\/\/radiosul.net\/wp\/wp-json\/wp\/v2\/posts\/9800\/revisions\/9802"}],"wp:featuredmedia":[{"embeddable":true,"href":"https:\/\/radiosul.net\/wp\/wp-json\/wp\/v2\/media\/9801"}],"wp:attachment":[{"href":"https:\/\/radiosul.net\/wp\/wp-json\/wp\/v2\/media?parent=9800"}],"wp:term":[{"taxonomy":"category","embeddable":true,"href":"https:\/\/radiosul.net\/wp\/wp-json\/wp\/v2\/categories?post=9800"},{"taxonomy":"post_tag","embeddable":true,"href":"https:\/\/radiosul.net\/wp\/wp-json\/wp\/v2\/tags?post=9800"}],"curies":[{"name":"wp","href":"https:\/\/api.w.org\/{rel}","templated":true}]}}