{"id":9708,"date":"2019-12-10T07:56:36","date_gmt":"2019-12-10T10:56:36","guid":{"rendered":"http:\/\/radiosul.net\/wp\/?p=9708"},"modified":"2019-12-10T07:56:38","modified_gmt":"2019-12-10T10:56:38","slug":"crise-no-setor-leiteiro-sera-pauta-em-forum-do-parlasul","status":"publish","type":"post","link":"https:\/\/radiosul.net\/wp\/2019\/crise-no-setor-leiteiro-sera-pauta-em-forum-do-parlasul\/","title":{"rendered":"Crise no setor leiteiro ser\u00e1 pauta em f\u00f3rum do Parlasul"},"content":{"rendered":"\n<p class=\"wp-block-paragraph\"> Os principais problemas enfrentados pela cadeia produtiva nos  pa\u00edses do bloco ser\u00e3o debatidos no 1\u00ba F\u00f3rum do Leite do Parlasul  (Parlamento do Mercosul), que acontece nesta ter\u00e7a-feira, em Montevid\u00e9u.  O encontro, proposto pelo deputado Heitor Schuch\u00a0(PSB-RS), vai reunir  deputados, senadores e representantes de governos e entidades de Brasil,  Uruguai, Argentina e Paraguai. &#8220;\u00c9 preciso tomar posi\u00e7\u00e3o frente ao  acordo comercial entre Mercosul e Uni\u00e3o Europeia, e tamb\u00e9m discutir a  cria\u00e7\u00e3o de cotas de importa\u00e7\u00e3o, um assunto espinhoso, por\u00e9m  absolutamente urgente&#8221;, afirma Schuch, lembrando que, pela primeira vez,  em 28 anos, o assunto leite estar\u00e1 em debate nesse colegiado. &#8220;S\u00f3 isso  j\u00e1 pode ser considerado um avan\u00e7o importante.&#8221; <\/p>\n\n\n\n<p class=\"wp-block-paragraph\"> Na delega\u00e7\u00e3o brasileira est\u00e3o confirmadas as presen\u00e7as do  vice-presidente da Fetag, Nestor Bonfanti; do coordenador-geral da  Fetraf, Rui Alberto Valen\u00e7a; e do vice-presidente do Sindilat, Guilherme  Portella dos Santos. <\/p>\n\n\n\n<p class=\"wp-block-paragraph\"> O deputado destaca que, apesar das inova\u00e7\u00f5es tecnol\u00f3gicas que v\u00eam  sendo implementadas em toda a cadeia do setor l\u00e1cteo, em especial, nas  propriedades rurais, a competitividade, seja no processo de produ\u00e7\u00e3o ou  na comercializa\u00e7\u00e3o, \u00e9 impactada por um conjunto de fatores que afetam de  maneira desigual os pa\u00edses integrantes do bloco, com destaque para o  tamanho da carga tribut\u00e1ria incidente sobre os insumos e processos,  quest\u00f5es de legisla\u00e7\u00e3o ambientais, de infraestrutura e log\u00edstica, e  clim\u00e1ticas. De acordo com levantamento feito pela Emater em quatro anos,  o Rio Grande do Sul perdeu 33,53 mil produtores de leite. O n\u00famero  representa recuo de quase 40%. De 84,2 mil, em 2015, caiu para 50,66 mil  em 2019. <\/p>\n\n\n\n<p class=\"wp-block-paragraph\"><strong>Cartilha alerta sobre riscos  de acidentes com tratores<\/strong><\/p>\n\n\n\n<p class=\"wp-block-paragraph\">A Federa\u00e7\u00e3o dos Trabalhadores Assalariados Rurais no RS (Fetar)  realizar\u00e1, na pr\u00f3xima quinta-feira, em sua sede, em Porto Alegre, a  partir das 8h30min, o 4\u00ba Semin\u00e1rio de Seguran\u00e7a e Sa\u00fade do Trabalhador  Rural. \u00c0s 15h30min est\u00e1 previsto o lan\u00e7amento da cartilha Tratores  agr\u00edcolas &#8211; Riscos e preven\u00e7\u00f5es, um material elaborado por diversas  entidades e com o apoio do Sicredi. Embora seja dif\u00edcil obter os n\u00fameros  em termos de acidentes por m\u00e1quinas ou equipamentos agr\u00edcolas, ou,  principalmente, no caso de intoxica\u00e7\u00f5es por agrot\u00f3xicos, o 2\u00ba Secret\u00e1rio  da Fetar, S\u00e9rgio Poletto, adianta que, neste ano, j\u00e1 houve 40 \u00f3bitos  envolvendo tratores agr\u00edcolas no Rio Grande do Sul.<\/p>\n\n\n\n<p class=\"wp-block-paragraph\">Ao longo do dia, ser\u00e3o apresentados v\u00e1rios assuntos com foco em  acidentes de trabalho rural e intoxica\u00e7\u00f5es por agrot\u00f3xicos. O semin\u00e1rio  contar\u00e1 com a participa\u00e7\u00e3o da m\u00e9dica Neice M\u00fcller Xavier Faria, \u00e0s  9h30min, especialista na quest\u00e3o do uso de agrot\u00f3xicos na agricultura  brasileira. Em seguida, o palestrante \u00e9 Rudy Allan Silva, do Minist\u00e9rio  do Trabalho, que vai apresentar as altera\u00e7\u00f5es das NRs rurais, tendo como  mediador N\u00edlson Airton Laucksen (Sinditest-RS).<\/p>\n\n\n\n<p class=\"wp-block-paragraph\">\u00c0 tarde, \u00e0s 13h30min, o assunto \u00e9 o papel do Conselho Estadual de  Sa\u00fade e os Conselhos Municipais de Sa\u00fade em rela\u00e7\u00e3o aos acidentes com  m\u00e1quinas agr\u00edcolas no Estado. A apresenta\u00e7\u00e3o \u00e9 de Cl\u00e1udio Augustin,  presidente do CES.<\/p>\n\n\n\n<p class=\"wp-block-paragraph\"><strong><em>Fonte: Jornal do Com\u00e9rcio<\/em><\/strong><\/p>\n","protected":false},"excerpt":{"rendered":"<p>Os principais problemas enfrentados pela cadeia produtiva nos pa\u00edses do bloco ser\u00e3o debatidos no 1\u00ba F\u00f3rum do Leite do Parlasul (Parlamento do Mercosul), que acontece nesta ter\u00e7a-feira, em Montevid\u00e9u. O encontro, proposto pelo deputado Heitor Schuch\u00a0(PSB-RS), vai reunir deputados, senadores e representantes de governos e entidades de Brasil, Uruguai, Argentina e Paraguai. &#8220;\u00c9 preciso tomar &hellip;<\/p>\n","protected":false},"author":9,"featured_media":9709,"comment_status":"closed","ping_status":"closed","sticky":false,"template":"","format":"standard","meta":{"_monsterinsights_skip_tracking":false,"_uf_show_specific_survey":0,"_uf_disable_surveys":false,"footnotes":""},"categories":[1,126],"tags":[],"class_list":["post-9708","post","type-post","status-publish","format-standard","has-post-thumbnail","hentry","category-agro","category-destacados"],"aioseo_notices":[],"aioseo_head":"\n\t\t<!-- All in One SEO 5.0.1.1 - aioseo.com -->\n\t<meta name=\"description\" content=\"Os principais problemas enfrentados pela cadeia produtiva nos pa\u00edses do bloco ser\u00e3o debatidos no 1\u00ba F\u00f3rum do Leite do Parlasul (Parlamento do Mercosul), que acontece nesta ter\u00e7a-feira, em Montevid\u00e9u. O encontro, proposto pelo deputado Heitor Schuch (PSB-RS), vai reunir deputados, senadores e representantes de governos e entidades de Brasil, Uruguai, Argentina e Paraguai. &quot;\u00c9 preciso tomar\" \/>\n\t<meta name=\"robots\" content=\"max-image-preview:large\" \/>\n\t<meta name=\"author\" content=\"Alejo Bordon\"\/>\n\t<link rel=\"canonical\" href=\"https:\/\/radiosul.net\/wp\/2019\/crise-no-setor-leiteiro-sera-pauta-em-forum-do-parlasul\/\" \/>\n\t<meta name=\"generator\" content=\"All in One SEO (AIOSEO) 5.0.1.1\" \/>\n\t\t<meta property=\"og:locale\" content=\"pt_BR\" \/>\n\t\t<meta property=\"og:site_name\" content=\"radiosul.net - Regional por Excel\u00eancia\" \/>\n\t\t<meta property=\"og:type\" content=\"article\" \/>\n\t\t<meta property=\"og:title\" content=\"Crise no setor leiteiro ser\u00e1 pauta em f\u00f3rum do Parlasul - radiosul.net\" \/>\n\t\t<meta property=\"og:description\" content=\"Os principais problemas enfrentados pela cadeia produtiva nos pa\u00edses do bloco ser\u00e3o debatidos no 1\u00ba F\u00f3rum do Leite do Parlasul (Parlamento do Mercosul), que acontece nesta ter\u00e7a-feira, em Montevid\u00e9u. O encontro, proposto pelo deputado Heitor Schuch (PSB-RS), vai reunir deputados, senadores e representantes de governos e entidades de Brasil, Uruguai, Argentina e Paraguai. &quot;\u00c9 preciso tomar\" \/>\n\t\t<meta property=\"og:url\" content=\"https:\/\/radiosul.net\/wp\/2019\/crise-no-setor-leiteiro-sera-pauta-em-forum-do-parlasul\/\" \/>\n\t\t<meta property=\"article:published_time\" content=\"2019-12-10T10:56:36+00:00\" \/>\n\t\t<meta property=\"article:modified_time\" content=\"2019-12-10T10:56:38+00:00\" \/>\n\t\t<meta name=\"twitter:card\" content=\"summary_large_image\" \/>\n\t\t<meta name=\"twitter:title\" content=\"Crise no setor leiteiro ser\u00e1 pauta em f\u00f3rum do Parlasul - radiosul.net\" \/>\n\t\t<meta name=\"twitter:description\" content=\"Os principais problemas enfrentados pela cadeia produtiva nos pa\u00edses do bloco ser\u00e3o debatidos no 1\u00ba F\u00f3rum do Leite do Parlasul (Parlamento do Mercosul), que acontece nesta ter\u00e7a-feira, em Montevid\u00e9u. O encontro, proposto pelo deputado Heitor Schuch (PSB-RS), vai reunir deputados, senadores e representantes de governos e entidades de Brasil, Uruguai, Argentina e Paraguai. &quot;\u00c9 preciso tomar\" \/>\n\t\t<script type=\"application\/ld+json\" class=\"aioseo-schema\">\n\t\t\t{\"@context\":\"https:\\\/\\\/schema.org\",\"@graph\":[{\"@type\":\"BlogPosting\",\"@id\":\"https:\\\/\\\/radiosul.net\\\/wp\\\/2019\\\/crise-no-setor-leiteiro-sera-pauta-em-forum-do-parlasul\\\/#blogposting\",\"name\":\"Crise no setor leiteiro ser\\u00e1 pauta em f\\u00f3rum do Parlasul - radiosul.net\",\"headline\":\"Crise no setor leiteiro ser\\u00e1 pauta em f\\u00f3rum do Parlasul\",\"author\":{\"@id\":\"https:\\\/\\\/radiosul.net\\\/wp\\\/author\\\/alejo\\\/#author\"},\"publisher\":{\"@id\":\"https:\\\/\\\/radiosul.net\\\/wp\\\/#organization\"},\"image\":{\"@type\":\"ImageObject\",\"url\":\"https:\\\/\\\/radiosul.net\\\/wp\\\/wp-content\\\/uploads\\\/2019\\\/12\\\/eco_40780-493016.jpg\",\"width\":800,\"height\":542},\"datePublished\":\"2019-12-10T07:56:36-03:00\",\"dateModified\":\"2019-12-10T07:56:38-03:00\",\"inLanguage\":\"pt-BR\",\"mainEntityOfPage\":{\"@id\":\"https:\\\/\\\/radiosul.net\\\/wp\\\/2019\\\/crise-no-setor-leiteiro-sera-pauta-em-forum-do-parlasul\\\/#webpage\"},\"isPartOf\":{\"@id\":\"https:\\\/\\\/radiosul.net\\\/wp\\\/2019\\\/crise-no-setor-leiteiro-sera-pauta-em-forum-do-parlasul\\\/#webpage\"},\"articleSection\":\"Agroneg\\u00f3cio, Destaque\"},{\"@type\":\"BreadcrumbList\",\"@id\":\"https:\\\/\\\/radiosul.net\\\/wp\\\/2019\\\/crise-no-setor-leiteiro-sera-pauta-em-forum-do-parlasul\\\/#breadcrumblist\",\"itemListElement\":[{\"@type\":\"ListItem\",\"@id\":\"https:\\\/\\\/radiosul.net\\\/wp#listItem\",\"position\":1,\"name\":\"Home\",\"item\":\"https:\\\/\\\/radiosul.net\\\/wp\",\"nextItem\":{\"@type\":\"ListItem\",\"@id\":\"https:\\\/\\\/radiosul.net\\\/wp\\\/category\\\/agro\\\/#listItem\",\"name\":\"Agroneg\\u00f3cio\"}},{\"@type\":\"ListItem\",\"@id\":\"https:\\\/\\\/radiosul.net\\\/wp\\\/category\\\/agro\\\/#listItem\",\"position\":2,\"name\":\"Agroneg\\u00f3cio\",\"item\":\"https:\\\/\\\/radiosul.net\\\/wp\\\/category\\\/agro\\\/\",\"nextItem\":{\"@type\":\"ListItem\",\"@id\":\"https:\\\/\\\/radiosul.net\\\/wp\\\/2019\\\/crise-no-setor-leiteiro-sera-pauta-em-forum-do-parlasul\\\/#listItem\",\"name\":\"Crise no setor leiteiro ser\\u00e1 pauta em f\\u00f3rum do Parlasul\"},\"previousItem\":{\"@type\":\"ListItem\",\"@id\":\"https:\\\/\\\/radiosul.net\\\/wp#listItem\",\"name\":\"Home\"}},{\"@type\":\"ListItem\",\"@id\":\"https:\\\/\\\/radiosul.net\\\/wp\\\/2019\\\/crise-no-setor-leiteiro-sera-pauta-em-forum-do-parlasul\\\/#listItem\",\"position\":3,\"name\":\"Crise no setor leiteiro ser\\u00e1 pauta em f\\u00f3rum do Parlasul\",\"previousItem\":{\"@type\":\"ListItem\",\"@id\":\"https:\\\/\\\/radiosul.net\\\/wp\\\/category\\\/agro\\\/#listItem\",\"name\":\"Agroneg\\u00f3cio\"}}]},{\"@type\":\"Organization\",\"@id\":\"https:\\\/\\\/radiosul.net\\\/wp\\\/#organization\",\"name\":\"radiosul.net\",\"description\":\"Regional por Excel\\u00eancia\",\"url\":\"https:\\\/\\\/radiosul.net\\\/wp\\\/\"},{\"@type\":\"Person\",\"@id\":\"https:\\\/\\\/radiosul.net\\\/wp\\\/author\\\/alejo\\\/#author\",\"url\":\"https:\\\/\\\/radiosul.net\\\/wp\\\/author\\\/alejo\\\/\",\"name\":\"Alejo Bordon\",\"image\":{\"@type\":\"ImageObject\",\"@id\":\"https:\\\/\\\/radiosul.net\\\/wp\\\/2019\\\/crise-no-setor-leiteiro-sera-pauta-em-forum-do-parlasul\\\/#authorImage\",\"url\":\"https:\\\/\\\/secure.gravatar.com\\\/avatar\\\/b3a7e7f1c71212e6a5b7183b79a2ab58dad8bdc4cd4eadd61c4434d010d0bae4?s=96&d=mm&r=g\",\"width\":96,\"height\":96,\"caption\":\"Alejo Bordon\"}},{\"@type\":\"WebPage\",\"@id\":\"https:\\\/\\\/radiosul.net\\\/wp\\\/2019\\\/crise-no-setor-leiteiro-sera-pauta-em-forum-do-parlasul\\\/#webpage\",\"url\":\"https:\\\/\\\/radiosul.net\\\/wp\\\/2019\\\/crise-no-setor-leiteiro-sera-pauta-em-forum-do-parlasul\\\/\",\"name\":\"Crise no setor leiteiro ser\\u00e1 pauta em f\\u00f3rum do Parlasul - radiosul.net\",\"description\":\"Os principais problemas enfrentados pela cadeia produtiva nos pa\\u00edses do bloco ser\\u00e3o debatidos no 1\\u00ba F\\u00f3rum do Leite do Parlasul (Parlamento do Mercosul), que acontece nesta ter\\u00e7a-feira, em Montevid\\u00e9u. O encontro, proposto pelo deputado Heitor Schuch (PSB-RS), vai reunir deputados, senadores e representantes de governos e entidades de Brasil, Uruguai, Argentina e Paraguai. \\\"\\u00c9 preciso tomar\",\"inLanguage\":\"pt-BR\",\"isPartOf\":{\"@id\":\"https:\\\/\\\/radiosul.net\\\/wp\\\/#website\"},\"breadcrumb\":{\"@id\":\"https:\\\/\\\/radiosul.net\\\/wp\\\/2019\\\/crise-no-setor-leiteiro-sera-pauta-em-forum-do-parlasul\\\/#breadcrumblist\"},\"author\":{\"@id\":\"https:\\\/\\\/radiosul.net\\\/wp\\\/author\\\/alejo\\\/#author\"},\"creator\":{\"@id\":\"https:\\\/\\\/radiosul.net\\\/wp\\\/author\\\/alejo\\\/#author\"},\"image\":{\"@type\":\"ImageObject\",\"url\":\"https:\\\/\\\/radiosul.net\\\/wp\\\/wp-content\\\/uploads\\\/2019\\\/12\\\/eco_40780-493016.jpg\",\"@id\":\"https:\\\/\\\/radiosul.net\\\/wp\\\/2019\\\/crise-no-setor-leiteiro-sera-pauta-em-forum-do-parlasul\\\/#mainImage\",\"width\":800,\"height\":542},\"primaryImageOfPage\":{\"@id\":\"https:\\\/\\\/radiosul.net\\\/wp\\\/2019\\\/crise-no-setor-leiteiro-sera-pauta-em-forum-do-parlasul\\\/#mainImage\"},\"datePublished\":\"2019-12-10T07:56:36-03:00\",\"dateModified\":\"2019-12-10T07:56:38-03:00\"},{\"@type\":\"WebSite\",\"@id\":\"https:\\\/\\\/radiosul.net\\\/wp\\\/#website\",\"url\":\"https:\\\/\\\/radiosul.net\\\/wp\\\/\",\"name\":\"radiosul.net\",\"description\":\"Regional por Excel\\u00eancia\",\"inLanguage\":\"pt-BR\",\"publisher\":{\"@id\":\"https:\\\/\\\/radiosul.net\\\/wp\\\/#organization\"}}]}\n\t\t<\/script>\n\t\t<!-- All in One SEO -->\n\n","aioseo_head_json":{"title":"Crise no setor leiteiro ser\u00e1 pauta em f\u00f3rum do Parlasul - radiosul.net","description":"Os principais problemas enfrentados pela cadeia produtiva nos pa\u00edses do bloco ser\u00e3o debatidos no 1\u00ba F\u00f3rum do Leite do Parlasul (Parlamento do Mercosul), que acontece nesta ter\u00e7a-feira, em Montevid\u00e9u. O encontro, proposto pelo deputado Heitor Schuch (PSB-RS), vai reunir deputados, senadores e representantes de governos e entidades de Brasil, Uruguai, Argentina e Paraguai. \"\u00c9 preciso tomar","canonical_url":"https:\/\/radiosul.net\/wp\/2019\/crise-no-setor-leiteiro-sera-pauta-em-forum-do-parlasul\/","robots":"max-image-preview:large","keywords":"","webmasterTools":{"miscellaneous":""},"schema":{"@context":"https:\/\/schema.org","@graph":[{"@type":"BlogPosting","@id":"https:\/\/radiosul.net\/wp\/2019\/crise-no-setor-leiteiro-sera-pauta-em-forum-do-parlasul\/#blogposting","name":"Crise no setor leiteiro ser\u00e1 pauta em f\u00f3rum do Parlasul - radiosul.net","headline":"Crise no setor leiteiro ser\u00e1 pauta em f\u00f3rum do Parlasul","author":{"@id":"https:\/\/radiosul.net\/wp\/author\/alejo\/#author"},"publisher":{"@id":"https:\/\/radiosul.net\/wp\/#organization"},"image":{"@type":"ImageObject","url":"https:\/\/radiosul.net\/wp\/wp-content\/uploads\/2019\/12\/eco_40780-493016.jpg","width":800,"height":542},"datePublished":"2019-12-10T07:56:36-03:00","dateModified":"2019-12-10T07:56:38-03:00","inLanguage":"pt-BR","mainEntityOfPage":{"@id":"https:\/\/radiosul.net\/wp\/2019\/crise-no-setor-leiteiro-sera-pauta-em-forum-do-parlasul\/#webpage"},"isPartOf":{"@id":"https:\/\/radiosul.net\/wp\/2019\/crise-no-setor-leiteiro-sera-pauta-em-forum-do-parlasul\/#webpage"},"articleSection":"Agroneg\u00f3cio, Destaque"},{"@type":"BreadcrumbList","@id":"https:\/\/radiosul.net\/wp\/2019\/crise-no-setor-leiteiro-sera-pauta-em-forum-do-parlasul\/#breadcrumblist","itemListElement":[{"@type":"ListItem","@id":"https:\/\/radiosul.net\/wp#listItem","position":1,"name":"Home","item":"https:\/\/radiosul.net\/wp","nextItem":{"@type":"ListItem","@id":"https:\/\/radiosul.net\/wp\/category\/agro\/#listItem","name":"Agroneg\u00f3cio"}},{"@type":"ListItem","@id":"https:\/\/radiosul.net\/wp\/category\/agro\/#listItem","position":2,"name":"Agroneg\u00f3cio","item":"https:\/\/radiosul.net\/wp\/category\/agro\/","nextItem":{"@type":"ListItem","@id":"https:\/\/radiosul.net\/wp\/2019\/crise-no-setor-leiteiro-sera-pauta-em-forum-do-parlasul\/#listItem","name":"Crise no setor leiteiro ser\u00e1 pauta em f\u00f3rum do Parlasul"},"previousItem":{"@type":"ListItem","@id":"https:\/\/radiosul.net\/wp#listItem","name":"Home"}},{"@type":"ListItem","@id":"https:\/\/radiosul.net\/wp\/2019\/crise-no-setor-leiteiro-sera-pauta-em-forum-do-parlasul\/#listItem","position":3,"name":"Crise no setor leiteiro ser\u00e1 pauta em f\u00f3rum do Parlasul","previousItem":{"@type":"ListItem","@id":"https:\/\/radiosul.net\/wp\/category\/agro\/#listItem","name":"Agroneg\u00f3cio"}}]},{"@type":"Organization","@id":"https:\/\/radiosul.net\/wp\/#organization","name":"radiosul.net","description":"Regional por Excel\u00eancia","url":"https:\/\/radiosul.net\/wp\/"},{"@type":"Person","@id":"https:\/\/radiosul.net\/wp\/author\/alejo\/#author","url":"https:\/\/radiosul.net\/wp\/author\/alejo\/","name":"Alejo Bordon","image":{"@type":"ImageObject","@id":"https:\/\/radiosul.net\/wp\/2019\/crise-no-setor-leiteiro-sera-pauta-em-forum-do-parlasul\/#authorImage","url":"https:\/\/secure.gravatar.com\/avatar\/b3a7e7f1c71212e6a5b7183b79a2ab58dad8bdc4cd4eadd61c4434d010d0bae4?s=96&d=mm&r=g","width":96,"height":96,"caption":"Alejo Bordon"}},{"@type":"WebPage","@id":"https:\/\/radiosul.net\/wp\/2019\/crise-no-setor-leiteiro-sera-pauta-em-forum-do-parlasul\/#webpage","url":"https:\/\/radiosul.net\/wp\/2019\/crise-no-setor-leiteiro-sera-pauta-em-forum-do-parlasul\/","name":"Crise no setor leiteiro ser\u00e1 pauta em f\u00f3rum do Parlasul - radiosul.net","description":"Os principais problemas enfrentados pela cadeia produtiva nos pa\u00edses do bloco ser\u00e3o debatidos no 1\u00ba F\u00f3rum do Leite do Parlasul (Parlamento do Mercosul), que acontece nesta ter\u00e7a-feira, em Montevid\u00e9u. O encontro, proposto pelo deputado Heitor Schuch (PSB-RS), vai reunir deputados, senadores e representantes de governos e entidades de Brasil, Uruguai, Argentina e Paraguai. \"\u00c9 preciso tomar","inLanguage":"pt-BR","isPartOf":{"@id":"https:\/\/radiosul.net\/wp\/#website"},"breadcrumb":{"@id":"https:\/\/radiosul.net\/wp\/2019\/crise-no-setor-leiteiro-sera-pauta-em-forum-do-parlasul\/#breadcrumblist"},"author":{"@id":"https:\/\/radiosul.net\/wp\/author\/alejo\/#author"},"creator":{"@id":"https:\/\/radiosul.net\/wp\/author\/alejo\/#author"},"image":{"@type":"ImageObject","url":"https:\/\/radiosul.net\/wp\/wp-content\/uploads\/2019\/12\/eco_40780-493016.jpg","@id":"https:\/\/radiosul.net\/wp\/2019\/crise-no-setor-leiteiro-sera-pauta-em-forum-do-parlasul\/#mainImage","width":800,"height":542},"primaryImageOfPage":{"@id":"https:\/\/radiosul.net\/wp\/2019\/crise-no-setor-leiteiro-sera-pauta-em-forum-do-parlasul\/#mainImage"},"datePublished":"2019-12-10T07:56:36-03:00","dateModified":"2019-12-10T07:56:38-03:00"},{"@type":"WebSite","@id":"https:\/\/radiosul.net\/wp\/#website","url":"https:\/\/radiosul.net\/wp\/","name":"radiosul.net","description":"Regional por Excel\u00eancia","inLanguage":"pt-BR","publisher":{"@id":"https:\/\/radiosul.net\/wp\/#organization"}}]},"og:locale":"pt_BR","og:site_name":"radiosul.net - Regional por Excel\u00eancia","og:type":"article","og:title":"Crise no setor leiteiro ser\u00e1 pauta em f\u00f3rum do Parlasul - radiosul.net","og:description":"Os principais problemas enfrentados pela cadeia produtiva nos pa\u00edses do bloco ser\u00e3o debatidos no 1\u00ba F\u00f3rum do Leite do Parlasul (Parlamento do Mercosul), que acontece nesta ter\u00e7a-feira, em Montevid\u00e9u. O encontro, proposto pelo deputado Heitor Schuch (PSB-RS), vai reunir deputados, senadores e representantes de governos e entidades de Brasil, Uruguai, Argentina e Paraguai. &quot;\u00c9 preciso tomar","og:url":"https:\/\/radiosul.net\/wp\/2019\/crise-no-setor-leiteiro-sera-pauta-em-forum-do-parlasul\/","article:published_time":"2019-12-10T10:56:36+00:00","article:modified_time":"2019-12-10T10:56:38+00:00","twitter:card":"summary_large_image","twitter:title":"Crise no setor leiteiro ser\u00e1 pauta em f\u00f3rum do Parlasul - radiosul.net","twitter:description":"Os principais problemas enfrentados pela cadeia produtiva nos pa\u00edses do bloco ser\u00e3o debatidos no 1\u00ba F\u00f3rum do Leite do Parlasul (Parlamento do Mercosul), que acontece nesta ter\u00e7a-feira, em Montevid\u00e9u. O encontro, proposto pelo deputado Heitor Schuch (PSB-RS), vai reunir deputados, senadores e representantes de governos e entidades de Brasil, Uruguai, Argentina e Paraguai. &quot;\u00c9 preciso tomar"},"aioseo_meta_data":{"post_id":"9708","title":null,"description":null,"keywords":null,"keyphrases":null,"primary_term":null,"canonical_url":null,"og_title":null,"og_description":null,"og_object_type":"default","og_image_type":"default","og_image_url":null,"og_image_width":null,"og_image_height":null,"og_image_custom_url":null,"og_image_custom_fields":null,"og_video":null,"og_custom_url":null,"og_article_section":null,"og_article_tags":null,"twitter_use_og":false,"twitter_card":"default","twitter_image_type":"default","twitter_image_url":null,"twitter_image_custom_url":null,"twitter_image_custom_fields":null,"twitter_title":null,"twitter_description":null,"schema":{"blockGraphs":[],"customGraphs":[],"default":{"data":{"Article":[],"Course":[],"Dataset":[],"FAQPage":[],"Movie":[],"Person":[],"Product":[],"ProductReview":[],"Car":[],"Recipe":[],"Service":[],"SoftwareApplication":[],"WebPage":[]},"graphName":"","isEnabled":true},"graphs":[]},"schema_type":"default","schema_type_options":null,"pillar_content":false,"robots_default":true,"robots_noindex":false,"robots_noarchive":false,"robots_nosnippet":false,"robots_nofollow":false,"robots_noimageindex":false,"robots_noodp":false,"robots_notranslate":false,"robots_max_snippet":null,"robots_max_videopreview":null,"robots_max_imagepreview":"large","priority":null,"frequency":null,"local_seo":null,"breadcrumb_settings":null,"limit_modified_date":false,"ai":null,"created":"2026-01-08 18:24:21","updated":"2026-01-08 18:24:21","seo_analyzer_scan_date":null,"focus_keyword":null,"additional_keywords":null,"truseo_locale":null},"aioseo_breadcrumb":"<div class=\"aioseo-breadcrumbs\"><span class=\"aioseo-breadcrumb\">\n\t\t\t<a href=\"https:\/\/radiosul.net\/wp\" title=\"Home\">Home<\/a>\n\t\t<\/span><span class=\"aioseo-breadcrumb-separator\">&raquo;<\/span><span class=\"aioseo-breadcrumb\">\n\t\t\t<a href=\"https:\/\/radiosul.net\/wp\/category\/agro\/\" title=\"Agroneg\u00f3cio\">Agroneg\u00f3cio<\/a>\n\t\t<\/span><span class=\"aioseo-breadcrumb-separator\">&raquo;<\/span><span class=\"aioseo-breadcrumb\">\n\t\t\tCrise no setor leiteiro ser\u00e1 pauta em f\u00f3rum do Parlasul\n\t\t<\/span><\/div>","aioseo_breadcrumb_json":[{"label":"Home","link":"https:\/\/radiosul.net\/wp"},{"label":"Agroneg\u00f3cio","link":"https:\/\/radiosul.net\/wp\/category\/agro\/"},{"label":"Crise no setor leiteiro ser\u00e1 pauta em f\u00f3rum do Parlasul","link":"https:\/\/radiosul.net\/wp\/2019\/crise-no-setor-leiteiro-sera-pauta-em-forum-do-parlasul\/"}],"_links":{"self":[{"href":"https:\/\/radiosul.net\/wp\/wp-json\/wp\/v2\/posts\/9708","targetHints":{"allow":["GET"]}}],"collection":[{"href":"https:\/\/radiosul.net\/wp\/wp-json\/wp\/v2\/posts"}],"about":[{"href":"https:\/\/radiosul.net\/wp\/wp-json\/wp\/v2\/types\/post"}],"author":[{"embeddable":true,"href":"https:\/\/radiosul.net\/wp\/wp-json\/wp\/v2\/users\/9"}],"replies":[{"embeddable":true,"href":"https:\/\/radiosul.net\/wp\/wp-json\/wp\/v2\/comments?post=9708"}],"version-history":[{"count":1,"href":"https:\/\/radiosul.net\/wp\/wp-json\/wp\/v2\/posts\/9708\/revisions"}],"predecessor-version":[{"id":9710,"href":"https:\/\/radiosul.net\/wp\/wp-json\/wp\/v2\/posts\/9708\/revisions\/9710"}],"wp:featuredmedia":[{"embeddable":true,"href":"https:\/\/radiosul.net\/wp\/wp-json\/wp\/v2\/media\/9709"}],"wp:attachment":[{"href":"https:\/\/radiosul.net\/wp\/wp-json\/wp\/v2\/media?parent=9708"}],"wp:term":[{"taxonomy":"category","embeddable":true,"href":"https:\/\/radiosul.net\/wp\/wp-json\/wp\/v2\/categories?post=9708"},{"taxonomy":"post_tag","embeddable":true,"href":"https:\/\/radiosul.net\/wp\/wp-json\/wp\/v2\/tags?post=9708"}],"curies":[{"name":"wp","href":"https:\/\/api.w.org\/{rel}","templated":true}]}}