{"id":9526,"date":"2019-12-03T08:58:36","date_gmt":"2019-12-03T11:58:36","guid":{"rendered":"http:\/\/radiosul.net\/wp\/?p=9526"},"modified":"2019-12-03T08:58:39","modified_gmt":"2019-12-03T11:58:39","slug":"mais-um-ano-de-sucesso-no-michuim-da-coocam","status":"publish","type":"post","link":"https:\/\/radiosul.net\/wp\/2019\/mais-um-ano-de-sucesso-no-michuim-da-coocam\/","title":{"rendered":"Mais um ano de sucesso no Michuim da Coocam"},"content":{"rendered":"\n<p class=\"wp-block-paragraph\">Mais de 1.200 homens participaram no \u00faltimo s\u00e1bado da 26\u00aa edi\u00e7\u00e3o do \nMichuim da Coocam, um encontro de associados, lideran\u00e7as, fornecedores e\n parceiros da Cooperativa Agropecu\u00e1ria Camponovense, que acontece em \ntodos os anos no \u00faltimo s\u00e1bado de novembro. Lideran\u00e7as cooperativistas, \nagropecu\u00e1rias, politicas e empresariais participaram do evento.<\/p>\n\n\n\n<p class=\"wp-block-paragraph\">Na ocasi\u00e3o dos pronunciamentos das autoridades, o tema principal foi a\n tributa\u00e7\u00e3o dos defensivos agr\u00edcolas. Todos os oradores enalteceram a \na\u00e7\u00e3o dos deputados estaduais que, na semana que passou, barraram a \npretens\u00e3o do Governo do Estado de tributar os defensivos agr\u00edcolas a \npartir de janeiro de 2020. Pela altera\u00e7\u00e3o da Medida Provis\u00f3ria 226, \npublicada pelo governador Carlos Mois\u00e9s, foi transferida para a \ncompet\u00eancia do Confaz decidir se deve ou n\u00e3o serem tributados os insumos\n e, nesse caso, foi alterado para 30 de abril pr\u00f3ximo e dever\u00e1 atingir \ntodos os Estados e n\u00e3o apenas SC.<\/p>\n\n\n\n<p class=\"wp-block-paragraph\">Foi reivindicado ao superintendente da OCB, Renato Nobile, presente \nna ocasi\u00e3o, para que a entidade nacional fique vigilante para evitar \ntamb\u00e9m no Confaz essa tributa\u00e7\u00e3o.<\/p>\n\n\n\n<p class=\"wp-block-paragraph\">Se pronunciaram na solenidade de abertura do Michuim, os deputados \nRomildo Titon e Altair Silva; o prefeito de Campos Novos Silvio \nAlexandre Zancanaro; o presidente da Faesc Jos\u00e9 Zeferino Pedrozo, que \nagradeceu o trabalho dos deputados sobre o assunto da tributa\u00e7\u00e3o dos \ndefensivos agr\u00edcolas; o presidente da Coocam Jo\u00e3o Carlos Di Domenico, \nque tamb\u00e9m ressaltou a decis\u00e3o dos parlamentares, especialmente os \npresidentes e relatores das comiss\u00f5es t\u00e9cnicas, da Assembleia \nLegislativa que lideraram o processo.<\/p>\n\n\n\n<p class=\"wp-block-paragraph\">Foi reconhecido o trabalho do deputado Jos\u00e9 Milton Scheffer, \npresidente da Comiss\u00e3o de Agricultura; do Romildo Titon presidente da \nComiss\u00e3o de Constitui\u00e7\u00e3o e Justi\u00e7a e o do deputado Marcos Vieira, \npresidente da Comiss\u00e3o de Finan\u00e7as e tributa\u00e7\u00e3o, pois seus trabalhos \ncontribu\u00edram para evitar a tributa\u00e7\u00e3o que atingiria diretamente o \nprodutor rural.<\/p>\n\n\n\n<p class=\"wp-block-paragraph\">Renato Nobile, superintendente da Organiza\u00e7\u00e3o das Cooperativas  Brasileiras (OCB), veio de Bras\u00edlia para prestigiar o evento e destacou a  import\u00e2ncia do trabalho da Coocam e o exemplar comportamento do  cooperativismo catarinense, que serve de modelo para muitas regi\u00f5es do  pa\u00eds.<\/p>\n\n\n\n<figure class=\"wp-block-gallery columns-3 is-cropped wp-block-gallery-1 is-layout-flex wp-block-gallery-is-layout-flex\"><ul class=\"blocks-gallery-grid\"><li class=\"blocks-gallery-item\"><figure><img loading=\"lazy\" decoding=\"async\" width=\"800\" height=\"500\" src=\"http:\/\/radiosul.net\/wp\/wp-content\/uploads\/2019\/12\/Michuim-1.jpg\" alt=\"\" data-id=\"9527\" data-full-url=\"http:\/\/radiosul.net\/wp\/wp-content\/uploads\/2019\/12\/Michuim-1.jpg\" data-link=\"http:\/\/radiosul.net\/wp\/?attachment_id=9527\" class=\"wp-image-9527\" srcset=\"https:\/\/radiosul.net\/wp\/wp-content\/uploads\/2019\/12\/Michuim-1.jpg 800w, https:\/\/radiosul.net\/wp\/wp-content\/uploads\/2019\/12\/Michuim-1-300x188.jpg 300w, https:\/\/radiosul.net\/wp\/wp-content\/uploads\/2019\/12\/Michuim-1-768x480.jpg 768w\" sizes=\"auto, (max-width: 800px) 100vw, 800px\" \/><\/figure><\/li><li class=\"blocks-gallery-item\"><figure><img loading=\"lazy\" decoding=\"async\" width=\"800\" height=\"500\" src=\"http:\/\/radiosul.net\/wp\/wp-content\/uploads\/2019\/12\/Michuim-b.jpg\" alt=\"\" data-id=\"9529\" data-full-url=\"http:\/\/radiosul.net\/wp\/wp-content\/uploads\/2019\/12\/Michuim-b.jpg\" data-link=\"http:\/\/radiosul.net\/wp\/?attachment_id=9529\" class=\"wp-image-9529\" srcset=\"https:\/\/radiosul.net\/wp\/wp-content\/uploads\/2019\/12\/Michuim-b.jpg 800w, https:\/\/radiosul.net\/wp\/wp-content\/uploads\/2019\/12\/Michuim-b-300x188.jpg 300w, https:\/\/radiosul.net\/wp\/wp-content\/uploads\/2019\/12\/Michuim-b-768x480.jpg 768w\" sizes=\"auto, (max-width: 800px) 100vw, 800px\" \/><\/figure><\/li><li class=\"blocks-gallery-item\"><figure><img loading=\"lazy\" decoding=\"async\" width=\"800\" height=\"500\" src=\"http:\/\/radiosul.net\/wp\/wp-content\/uploads\/2019\/12\/Michuim-c.jpg\" alt=\"\" data-id=\"9530\" data-full-url=\"http:\/\/radiosul.net\/wp\/wp-content\/uploads\/2019\/12\/Michuim-c.jpg\" data-link=\"http:\/\/radiosul.net\/wp\/?attachment_id=9530\" class=\"wp-image-9530\" srcset=\"https:\/\/radiosul.net\/wp\/wp-content\/uploads\/2019\/12\/Michuim-c.jpg 800w, https:\/\/radiosul.net\/wp\/wp-content\/uploads\/2019\/12\/Michuim-c-300x188.jpg 300w, https:\/\/radiosul.net\/wp\/wp-content\/uploads\/2019\/12\/Michuim-c-768x480.jpg 768w\" sizes=\"auto, (max-width: 800px) 100vw, 800px\" \/><\/figure><\/li><li class=\"blocks-gallery-item\"><figure><img loading=\"lazy\" decoding=\"async\" width=\"800\" height=\"500\" src=\"http:\/\/radiosul.net\/wp\/wp-content\/uploads\/2019\/12\/Michuim-d.jpg\" alt=\"\" data-id=\"9531\" data-full-url=\"http:\/\/radiosul.net\/wp\/wp-content\/uploads\/2019\/12\/Michuim-d.jpg\" data-link=\"http:\/\/radiosul.net\/wp\/?attachment_id=9531\" class=\"wp-image-9531\" srcset=\"https:\/\/radiosul.net\/wp\/wp-content\/uploads\/2019\/12\/Michuim-d.jpg 800w, https:\/\/radiosul.net\/wp\/wp-content\/uploads\/2019\/12\/Michuim-d-300x188.jpg 300w, https:\/\/radiosul.net\/wp\/wp-content\/uploads\/2019\/12\/Michuim-d-768x480.jpg 768w\" sizes=\"auto, (max-width: 800px) 100vw, 800px\" \/><\/figure><\/li><li class=\"blocks-gallery-item\"><figure><img loading=\"lazy\" decoding=\"async\" width=\"800\" height=\"500\" src=\"http:\/\/radiosul.net\/wp\/wp-content\/uploads\/2019\/12\/Michuim-e.jpg\" alt=\"\" data-id=\"9532\" data-full-url=\"http:\/\/radiosul.net\/wp\/wp-content\/uploads\/2019\/12\/Michuim-e.jpg\" data-link=\"http:\/\/radiosul.net\/wp\/?attachment_id=9532\" class=\"wp-image-9532\" srcset=\"https:\/\/radiosul.net\/wp\/wp-content\/uploads\/2019\/12\/Michuim-e.jpg 800w, https:\/\/radiosul.net\/wp\/wp-content\/uploads\/2019\/12\/Michuim-e-300x188.jpg 300w, https:\/\/radiosul.net\/wp\/wp-content\/uploads\/2019\/12\/Michuim-e-768x480.jpg 768w\" sizes=\"auto, (max-width: 800px) 100vw, 800px\" \/><\/figure><\/li><li class=\"blocks-gallery-item\"><figure><img loading=\"lazy\" decoding=\"async\" width=\"800\" height=\"500\" src=\"http:\/\/radiosul.net\/wp\/wp-content\/uploads\/2019\/12\/Michuim-f.jpg\" alt=\"\" data-id=\"9533\" data-full-url=\"http:\/\/radiosul.net\/wp\/wp-content\/uploads\/2019\/12\/Michuim-f.jpg\" data-link=\"http:\/\/radiosul.net\/wp\/?attachment_id=9533\" class=\"wp-image-9533\" srcset=\"https:\/\/radiosul.net\/wp\/wp-content\/uploads\/2019\/12\/Michuim-f.jpg 800w, https:\/\/radiosul.net\/wp\/wp-content\/uploads\/2019\/12\/Michuim-f-300x188.jpg 300w, https:\/\/radiosul.net\/wp\/wp-content\/uploads\/2019\/12\/Michuim-f-768x480.jpg 768w\" sizes=\"auto, (max-width: 800px) 100vw, 800px\" \/><\/figure><\/li><li class=\"blocks-gallery-item\"><figure><img loading=\"lazy\" decoding=\"async\" width=\"800\" height=\"500\" src=\"http:\/\/radiosul.net\/wp\/wp-content\/uploads\/2019\/12\/Michuim-g.jpg\" alt=\"\" data-id=\"9534\" data-full-url=\"http:\/\/radiosul.net\/wp\/wp-content\/uploads\/2019\/12\/Michuim-g.jpg\" data-link=\"http:\/\/radiosul.net\/wp\/?attachment_id=9534\" class=\"wp-image-9534\" srcset=\"https:\/\/radiosul.net\/wp\/wp-content\/uploads\/2019\/12\/Michuim-g.jpg 800w, https:\/\/radiosul.net\/wp\/wp-content\/uploads\/2019\/12\/Michuim-g-300x188.jpg 300w, https:\/\/radiosul.net\/wp\/wp-content\/uploads\/2019\/12\/Michuim-g-768x480.jpg 768w\" sizes=\"auto, (max-width: 800px) 100vw, 800px\" \/><\/figure><\/li><\/ul><\/figure>\n\n\n\n<p class=\"wp-block-paragraph\">Ainda prestigiaram o evento, o presidente da Ocesc, Luiz Vicente \nSuzin; o presidente da Fecoagro, Claudio Post; o ex-secret\u00e1rio da \nAgricultura, Airton Spies; o ex-deputado Hugo Biehl; o ex-secret\u00e1rio da \nCasa Civil, Nelson Serpa, e presidentes de cooperativas da regi\u00e3o.<\/p>\n\n\n\n<p class=\"wp-block-paragraph\">O secret\u00e1rio da Agricultura Ricardo de Gouv\u00eaa, que esteve na v\u00e9spera \ndo Michuim em Campos Novos, n\u00e3o pode participar no s\u00e1bado tendo em vista\n um problema de sa\u00fade inesperado que teve que retornar a capital.<\/p>\n\n\n\n<p class=\"wp-block-paragraph\"><strong><em>Fonte: Fecoagro<\/em><\/strong><\/p>\n","protected":false},"excerpt":{"rendered":"<p>Mais de 1.200 homens participaram no \u00faltimo s\u00e1bado da 26\u00aa edi\u00e7\u00e3o do Michuim da Coocam, um encontro de associados, lideran\u00e7as, fornecedores e parceiros da Cooperativa Agropecu\u00e1ria Camponovense, que acontece em todos os anos no \u00faltimo s\u00e1bado de novembro. Lideran\u00e7as cooperativistas, agropecu\u00e1rias, politicas e empresariais participaram do evento. Na ocasi\u00e3o dos pronunciamentos das autoridades, o tema &hellip;<\/p>\n","protected":false},"author":9,"featured_media":9528,"comment_status":"closed","ping_status":"closed","sticky":false,"template":"","format":"standard","meta":{"_monsterinsights_skip_tracking":false,"_uf_show_specific_survey":0,"_uf_disable_surveys":false,"footnotes":""},"categories":[1,126],"tags":[],"class_list":["post-9526","post","type-post","status-publish","format-standard","has-post-thumbnail","hentry","category-agro","category-destacados"],"aioseo_notices":[],"aioseo_head":"\n\t\t<!-- All in One SEO 5.0.1.1 - aioseo.com -->\n\t<meta name=\"description\" content=\"Mais de 1.200 homens participaram no \u00faltimo s\u00e1bado da 26\u00aa edi\u00e7\u00e3o do Michuim da Coocam, um encontro de associados, lideran\u00e7as, fornecedores e parceiros da Cooperativa Agropecu\u00e1ria Camponovense, que acontece em todos os anos no \u00faltimo s\u00e1bado de novembro. Lideran\u00e7as cooperativistas, agropecu\u00e1rias, politicas e empresariais participaram do evento. Na ocasi\u00e3o dos pronunciamentos das autoridades, o tema\" \/>\n\t<meta name=\"robots\" content=\"max-image-preview:large\" \/>\n\t<meta name=\"author\" content=\"Alejo Bordon\"\/>\n\t<link rel=\"canonical\" href=\"https:\/\/radiosul.net\/wp\/2019\/mais-um-ano-de-sucesso-no-michuim-da-coocam\/\" \/>\n\t<meta name=\"generator\" content=\"All in One SEO (AIOSEO) 5.0.1.1\" \/>\n\t\t<meta property=\"og:locale\" content=\"pt_BR\" \/>\n\t\t<meta property=\"og:site_name\" content=\"radiosul.net - Regional por Excel\u00eancia\" \/>\n\t\t<meta property=\"og:type\" content=\"article\" \/>\n\t\t<meta property=\"og:title\" content=\"Mais um ano de sucesso no Michuim da Coocam - radiosul.net\" \/>\n\t\t<meta property=\"og:description\" content=\"Mais de 1.200 homens participaram no \u00faltimo s\u00e1bado da 26\u00aa edi\u00e7\u00e3o do Michuim da Coocam, um encontro de associados, lideran\u00e7as, fornecedores e parceiros da Cooperativa Agropecu\u00e1ria Camponovense, que acontece em todos os anos no \u00faltimo s\u00e1bado de novembro. Lideran\u00e7as cooperativistas, agropecu\u00e1rias, politicas e empresariais participaram do evento. Na ocasi\u00e3o dos pronunciamentos das autoridades, o tema\" \/>\n\t\t<meta property=\"og:url\" content=\"https:\/\/radiosul.net\/wp\/2019\/mais-um-ano-de-sucesso-no-michuim-da-coocam\/\" \/>\n\t\t<meta property=\"article:published_time\" content=\"2019-12-03T11:58:36+00:00\" \/>\n\t\t<meta property=\"article:modified_time\" content=\"2019-12-03T11:58:39+00:00\" \/>\n\t\t<meta name=\"twitter:card\" content=\"summary_large_image\" \/>\n\t\t<meta name=\"twitter:title\" content=\"Mais um ano de sucesso no Michuim da Coocam - radiosul.net\" \/>\n\t\t<meta name=\"twitter:description\" content=\"Mais de 1.200 homens participaram no \u00faltimo s\u00e1bado da 26\u00aa edi\u00e7\u00e3o do Michuim da Coocam, um encontro de associados, lideran\u00e7as, fornecedores e parceiros da Cooperativa Agropecu\u00e1ria Camponovense, que acontece em todos os anos no \u00faltimo s\u00e1bado de novembro. Lideran\u00e7as cooperativistas, agropecu\u00e1rias, politicas e empresariais participaram do evento. Na ocasi\u00e3o dos pronunciamentos das autoridades, o tema\" \/>\n\t\t<script type=\"application\/ld+json\" class=\"aioseo-schema\">\n\t\t\t{\"@context\":\"https:\\\/\\\/schema.org\",\"@graph\":[{\"@type\":\"BlogPosting\",\"@id\":\"https:\\\/\\\/radiosul.net\\\/wp\\\/2019\\\/mais-um-ano-de-sucesso-no-michuim-da-coocam\\\/#blogposting\",\"name\":\"Mais um ano de sucesso no Michuim da Coocam - radiosul.net\",\"headline\":\"Mais um ano de sucesso no Michuim da Coocam\",\"author\":{\"@id\":\"https:\\\/\\\/radiosul.net\\\/wp\\\/author\\\/alejo\\\/#author\"},\"publisher\":{\"@id\":\"https:\\\/\\\/radiosul.net\\\/wp\\\/#organization\"},\"image\":{\"@type\":\"ImageObject\",\"url\":\"https:\\\/\\\/radiosul.net\\\/wp\\\/wp-content\\\/uploads\\\/2019\\\/12\\\/Michuim-a.jpg\",\"width\":800,\"height\":500},\"datePublished\":\"2019-12-03T08:58:36-03:00\",\"dateModified\":\"2019-12-03T08:58:39-03:00\",\"inLanguage\":\"pt-BR\",\"mainEntityOfPage\":{\"@id\":\"https:\\\/\\\/radiosul.net\\\/wp\\\/2019\\\/mais-um-ano-de-sucesso-no-michuim-da-coocam\\\/#webpage\"},\"isPartOf\":{\"@id\":\"https:\\\/\\\/radiosul.net\\\/wp\\\/2019\\\/mais-um-ano-de-sucesso-no-michuim-da-coocam\\\/#webpage\"},\"articleSection\":\"Agroneg\\u00f3cio, Destaque\"},{\"@type\":\"BreadcrumbList\",\"@id\":\"https:\\\/\\\/radiosul.net\\\/wp\\\/2019\\\/mais-um-ano-de-sucesso-no-michuim-da-coocam\\\/#breadcrumblist\",\"itemListElement\":[{\"@type\":\"ListItem\",\"@id\":\"https:\\\/\\\/radiosul.net\\\/wp#listItem\",\"position\":1,\"name\":\"Home\",\"item\":\"https:\\\/\\\/radiosul.net\\\/wp\",\"nextItem\":{\"@type\":\"ListItem\",\"@id\":\"https:\\\/\\\/radiosul.net\\\/wp\\\/category\\\/agro\\\/#listItem\",\"name\":\"Agroneg\\u00f3cio\"}},{\"@type\":\"ListItem\",\"@id\":\"https:\\\/\\\/radiosul.net\\\/wp\\\/category\\\/agro\\\/#listItem\",\"position\":2,\"name\":\"Agroneg\\u00f3cio\",\"item\":\"https:\\\/\\\/radiosul.net\\\/wp\\\/category\\\/agro\\\/\",\"nextItem\":{\"@type\":\"ListItem\",\"@id\":\"https:\\\/\\\/radiosul.net\\\/wp\\\/2019\\\/mais-um-ano-de-sucesso-no-michuim-da-coocam\\\/#listItem\",\"name\":\"Mais um ano de sucesso no Michuim da Coocam\"},\"previousItem\":{\"@type\":\"ListItem\",\"@id\":\"https:\\\/\\\/radiosul.net\\\/wp#listItem\",\"name\":\"Home\"}},{\"@type\":\"ListItem\",\"@id\":\"https:\\\/\\\/radiosul.net\\\/wp\\\/2019\\\/mais-um-ano-de-sucesso-no-michuim-da-coocam\\\/#listItem\",\"position\":3,\"name\":\"Mais um ano de sucesso no Michuim da Coocam\",\"previousItem\":{\"@type\":\"ListItem\",\"@id\":\"https:\\\/\\\/radiosul.net\\\/wp\\\/category\\\/agro\\\/#listItem\",\"name\":\"Agroneg\\u00f3cio\"}}]},{\"@type\":\"Organization\",\"@id\":\"https:\\\/\\\/radiosul.net\\\/wp\\\/#organization\",\"name\":\"radiosul.net\",\"description\":\"Regional por Excel\\u00eancia\",\"url\":\"https:\\\/\\\/radiosul.net\\\/wp\\\/\"},{\"@type\":\"Person\",\"@id\":\"https:\\\/\\\/radiosul.net\\\/wp\\\/author\\\/alejo\\\/#author\",\"url\":\"https:\\\/\\\/radiosul.net\\\/wp\\\/author\\\/alejo\\\/\",\"name\":\"Alejo Bordon\",\"image\":{\"@type\":\"ImageObject\",\"@id\":\"https:\\\/\\\/radiosul.net\\\/wp\\\/2019\\\/mais-um-ano-de-sucesso-no-michuim-da-coocam\\\/#authorImage\",\"url\":\"https:\\\/\\\/secure.gravatar.com\\\/avatar\\\/b3a7e7f1c71212e6a5b7183b79a2ab58dad8bdc4cd4eadd61c4434d010d0bae4?s=96&d=mm&r=g\",\"width\":96,\"height\":96,\"caption\":\"Alejo Bordon\"}},{\"@type\":\"WebPage\",\"@id\":\"https:\\\/\\\/radiosul.net\\\/wp\\\/2019\\\/mais-um-ano-de-sucesso-no-michuim-da-coocam\\\/#webpage\",\"url\":\"https:\\\/\\\/radiosul.net\\\/wp\\\/2019\\\/mais-um-ano-de-sucesso-no-michuim-da-coocam\\\/\",\"name\":\"Mais um ano de sucesso no Michuim da Coocam - radiosul.net\",\"description\":\"Mais de 1.200 homens participaram no \\u00faltimo s\\u00e1bado da 26\\u00aa edi\\u00e7\\u00e3o do Michuim da Coocam, um encontro de associados, lideran\\u00e7as, fornecedores e parceiros da Cooperativa Agropecu\\u00e1ria Camponovense, que acontece em todos os anos no \\u00faltimo s\\u00e1bado de novembro. Lideran\\u00e7as cooperativistas, agropecu\\u00e1rias, politicas e empresariais participaram do evento. Na ocasi\\u00e3o dos pronunciamentos das autoridades, o tema\",\"inLanguage\":\"pt-BR\",\"isPartOf\":{\"@id\":\"https:\\\/\\\/radiosul.net\\\/wp\\\/#website\"},\"breadcrumb\":{\"@id\":\"https:\\\/\\\/radiosul.net\\\/wp\\\/2019\\\/mais-um-ano-de-sucesso-no-michuim-da-coocam\\\/#breadcrumblist\"},\"author\":{\"@id\":\"https:\\\/\\\/radiosul.net\\\/wp\\\/author\\\/alejo\\\/#author\"},\"creator\":{\"@id\":\"https:\\\/\\\/radiosul.net\\\/wp\\\/author\\\/alejo\\\/#author\"},\"image\":{\"@type\":\"ImageObject\",\"url\":\"https:\\\/\\\/radiosul.net\\\/wp\\\/wp-content\\\/uploads\\\/2019\\\/12\\\/Michuim-a.jpg\",\"@id\":\"https:\\\/\\\/radiosul.net\\\/wp\\\/2019\\\/mais-um-ano-de-sucesso-no-michuim-da-coocam\\\/#mainImage\",\"width\":800,\"height\":500},\"primaryImageOfPage\":{\"@id\":\"https:\\\/\\\/radiosul.net\\\/wp\\\/2019\\\/mais-um-ano-de-sucesso-no-michuim-da-coocam\\\/#mainImage\"},\"datePublished\":\"2019-12-03T08:58:36-03:00\",\"dateModified\":\"2019-12-03T08:58:39-03:00\"},{\"@type\":\"WebSite\",\"@id\":\"https:\\\/\\\/radiosul.net\\\/wp\\\/#website\",\"url\":\"https:\\\/\\\/radiosul.net\\\/wp\\\/\",\"name\":\"radiosul.net\",\"description\":\"Regional por Excel\\u00eancia\",\"inLanguage\":\"pt-BR\",\"publisher\":{\"@id\":\"https:\\\/\\\/radiosul.net\\\/wp\\\/#organization\"}}]}\n\t\t<\/script>\n\t\t<!-- All in One SEO -->\n\n","aioseo_head_json":{"title":"Mais um ano de sucesso no Michuim da Coocam - radiosul.net","description":"Mais de 1.200 homens participaram no \u00faltimo s\u00e1bado da 26\u00aa edi\u00e7\u00e3o do Michuim da Coocam, um encontro de associados, lideran\u00e7as, fornecedores e parceiros da Cooperativa Agropecu\u00e1ria Camponovense, que acontece em todos os anos no \u00faltimo s\u00e1bado de novembro. Lideran\u00e7as cooperativistas, agropecu\u00e1rias, politicas e empresariais participaram do evento. Na ocasi\u00e3o dos pronunciamentos das autoridades, o tema","canonical_url":"https:\/\/radiosul.net\/wp\/2019\/mais-um-ano-de-sucesso-no-michuim-da-coocam\/","robots":"max-image-preview:large","keywords":"","webmasterTools":{"miscellaneous":""},"schema":{"@context":"https:\/\/schema.org","@graph":[{"@type":"BlogPosting","@id":"https:\/\/radiosul.net\/wp\/2019\/mais-um-ano-de-sucesso-no-michuim-da-coocam\/#blogposting","name":"Mais um ano de sucesso no Michuim da Coocam - radiosul.net","headline":"Mais um ano de sucesso no Michuim da Coocam","author":{"@id":"https:\/\/radiosul.net\/wp\/author\/alejo\/#author"},"publisher":{"@id":"https:\/\/radiosul.net\/wp\/#organization"},"image":{"@type":"ImageObject","url":"https:\/\/radiosul.net\/wp\/wp-content\/uploads\/2019\/12\/Michuim-a.jpg","width":800,"height":500},"datePublished":"2019-12-03T08:58:36-03:00","dateModified":"2019-12-03T08:58:39-03:00","inLanguage":"pt-BR","mainEntityOfPage":{"@id":"https:\/\/radiosul.net\/wp\/2019\/mais-um-ano-de-sucesso-no-michuim-da-coocam\/#webpage"},"isPartOf":{"@id":"https:\/\/radiosul.net\/wp\/2019\/mais-um-ano-de-sucesso-no-michuim-da-coocam\/#webpage"},"articleSection":"Agroneg\u00f3cio, Destaque"},{"@type":"BreadcrumbList","@id":"https:\/\/radiosul.net\/wp\/2019\/mais-um-ano-de-sucesso-no-michuim-da-coocam\/#breadcrumblist","itemListElement":[{"@type":"ListItem","@id":"https:\/\/radiosul.net\/wp#listItem","position":1,"name":"Home","item":"https:\/\/radiosul.net\/wp","nextItem":{"@type":"ListItem","@id":"https:\/\/radiosul.net\/wp\/category\/agro\/#listItem","name":"Agroneg\u00f3cio"}},{"@type":"ListItem","@id":"https:\/\/radiosul.net\/wp\/category\/agro\/#listItem","position":2,"name":"Agroneg\u00f3cio","item":"https:\/\/radiosul.net\/wp\/category\/agro\/","nextItem":{"@type":"ListItem","@id":"https:\/\/radiosul.net\/wp\/2019\/mais-um-ano-de-sucesso-no-michuim-da-coocam\/#listItem","name":"Mais um ano de sucesso no Michuim da Coocam"},"previousItem":{"@type":"ListItem","@id":"https:\/\/radiosul.net\/wp#listItem","name":"Home"}},{"@type":"ListItem","@id":"https:\/\/radiosul.net\/wp\/2019\/mais-um-ano-de-sucesso-no-michuim-da-coocam\/#listItem","position":3,"name":"Mais um ano de sucesso no Michuim da Coocam","previousItem":{"@type":"ListItem","@id":"https:\/\/radiosul.net\/wp\/category\/agro\/#listItem","name":"Agroneg\u00f3cio"}}]},{"@type":"Organization","@id":"https:\/\/radiosul.net\/wp\/#organization","name":"radiosul.net","description":"Regional por Excel\u00eancia","url":"https:\/\/radiosul.net\/wp\/"},{"@type":"Person","@id":"https:\/\/radiosul.net\/wp\/author\/alejo\/#author","url":"https:\/\/radiosul.net\/wp\/author\/alejo\/","name":"Alejo Bordon","image":{"@type":"ImageObject","@id":"https:\/\/radiosul.net\/wp\/2019\/mais-um-ano-de-sucesso-no-michuim-da-coocam\/#authorImage","url":"https:\/\/secure.gravatar.com\/avatar\/b3a7e7f1c71212e6a5b7183b79a2ab58dad8bdc4cd4eadd61c4434d010d0bae4?s=96&d=mm&r=g","width":96,"height":96,"caption":"Alejo Bordon"}},{"@type":"WebPage","@id":"https:\/\/radiosul.net\/wp\/2019\/mais-um-ano-de-sucesso-no-michuim-da-coocam\/#webpage","url":"https:\/\/radiosul.net\/wp\/2019\/mais-um-ano-de-sucesso-no-michuim-da-coocam\/","name":"Mais um ano de sucesso no Michuim da Coocam - radiosul.net","description":"Mais de 1.200 homens participaram no \u00faltimo s\u00e1bado da 26\u00aa edi\u00e7\u00e3o do Michuim da Coocam, um encontro de associados, lideran\u00e7as, fornecedores e parceiros da Cooperativa Agropecu\u00e1ria Camponovense, que acontece em todos os anos no \u00faltimo s\u00e1bado de novembro. Lideran\u00e7as cooperativistas, agropecu\u00e1rias, politicas e empresariais participaram do evento. Na ocasi\u00e3o dos pronunciamentos das autoridades, o tema","inLanguage":"pt-BR","isPartOf":{"@id":"https:\/\/radiosul.net\/wp\/#website"},"breadcrumb":{"@id":"https:\/\/radiosul.net\/wp\/2019\/mais-um-ano-de-sucesso-no-michuim-da-coocam\/#breadcrumblist"},"author":{"@id":"https:\/\/radiosul.net\/wp\/author\/alejo\/#author"},"creator":{"@id":"https:\/\/radiosul.net\/wp\/author\/alejo\/#author"},"image":{"@type":"ImageObject","url":"https:\/\/radiosul.net\/wp\/wp-content\/uploads\/2019\/12\/Michuim-a.jpg","@id":"https:\/\/radiosul.net\/wp\/2019\/mais-um-ano-de-sucesso-no-michuim-da-coocam\/#mainImage","width":800,"height":500},"primaryImageOfPage":{"@id":"https:\/\/radiosul.net\/wp\/2019\/mais-um-ano-de-sucesso-no-michuim-da-coocam\/#mainImage"},"datePublished":"2019-12-03T08:58:36-03:00","dateModified":"2019-12-03T08:58:39-03:00"},{"@type":"WebSite","@id":"https:\/\/radiosul.net\/wp\/#website","url":"https:\/\/radiosul.net\/wp\/","name":"radiosul.net","description":"Regional por Excel\u00eancia","inLanguage":"pt-BR","publisher":{"@id":"https:\/\/radiosul.net\/wp\/#organization"}}]},"og:locale":"pt_BR","og:site_name":"radiosul.net - Regional por Excel\u00eancia","og:type":"article","og:title":"Mais um ano de sucesso no Michuim da Coocam - radiosul.net","og:description":"Mais de 1.200 homens participaram no \u00faltimo s\u00e1bado da 26\u00aa edi\u00e7\u00e3o do Michuim da Coocam, um encontro de associados, lideran\u00e7as, fornecedores e parceiros da Cooperativa Agropecu\u00e1ria Camponovense, que acontece em todos os anos no \u00faltimo s\u00e1bado de novembro. Lideran\u00e7as cooperativistas, agropecu\u00e1rias, politicas e empresariais participaram do evento. Na ocasi\u00e3o dos pronunciamentos das autoridades, o tema","og:url":"https:\/\/radiosul.net\/wp\/2019\/mais-um-ano-de-sucesso-no-michuim-da-coocam\/","article:published_time":"2019-12-03T11:58:36+00:00","article:modified_time":"2019-12-03T11:58:39+00:00","twitter:card":"summary_large_image","twitter:title":"Mais um ano de sucesso no Michuim da Coocam - radiosul.net","twitter:description":"Mais de 1.200 homens participaram no \u00faltimo s\u00e1bado da 26\u00aa edi\u00e7\u00e3o do Michuim da Coocam, um encontro de associados, lideran\u00e7as, fornecedores e parceiros da Cooperativa Agropecu\u00e1ria Camponovense, que acontece em todos os anos no \u00faltimo s\u00e1bado de novembro. Lideran\u00e7as cooperativistas, agropecu\u00e1rias, politicas e empresariais participaram do evento. Na ocasi\u00e3o dos pronunciamentos das autoridades, o tema"},"aioseo_meta_data":{"post_id":"9526","title":null,"description":null,"keywords":null,"keyphrases":null,"primary_term":null,"canonical_url":null,"og_title":null,"og_description":null,"og_object_type":"default","og_image_type":"default","og_image_url":null,"og_image_width":null,"og_image_height":null,"og_image_custom_url":null,"og_image_custom_fields":null,"og_video":null,"og_custom_url":null,"og_article_section":null,"og_article_tags":null,"twitter_use_og":false,"twitter_card":"default","twitter_image_type":"default","twitter_image_url":null,"twitter_image_custom_url":null,"twitter_image_custom_fields":null,"twitter_title":null,"twitter_description":null,"schema":{"blockGraphs":[],"customGraphs":[],"default":{"data":{"Article":[],"Course":[],"Dataset":[],"FAQPage":[],"Movie":[],"Person":[],"Product":[],"ProductReview":[],"Car":[],"Recipe":[],"Service":[],"SoftwareApplication":[],"WebPage":[]},"graphName":"","isEnabled":true},"graphs":[]},"schema_type":"default","schema_type_options":null,"pillar_content":false,"robots_default":true,"robots_noindex":false,"robots_noarchive":false,"robots_nosnippet":false,"robots_nofollow":false,"robots_noimageindex":false,"robots_noodp":false,"robots_notranslate":false,"robots_max_snippet":null,"robots_max_videopreview":null,"robots_max_imagepreview":"large","priority":null,"frequency":null,"local_seo":null,"breadcrumb_settings":null,"limit_modified_date":false,"ai":null,"created":"2026-01-08 18:19:00","updated":"2026-01-08 18:19:00","seo_analyzer_scan_date":null,"focus_keyword":null,"additional_keywords":null,"truseo_locale":null},"aioseo_breadcrumb":"<div class=\"aioseo-breadcrumbs\"><span class=\"aioseo-breadcrumb\">\n\t\t\t<a href=\"https:\/\/radiosul.net\/wp\" title=\"Home\">Home<\/a>\n\t\t<\/span><span class=\"aioseo-breadcrumb-separator\">&raquo;<\/span><span class=\"aioseo-breadcrumb\">\n\t\t\t<a href=\"https:\/\/radiosul.net\/wp\/category\/agro\/\" title=\"Agroneg\u00f3cio\">Agroneg\u00f3cio<\/a>\n\t\t<\/span><span class=\"aioseo-breadcrumb-separator\">&raquo;<\/span><span class=\"aioseo-breadcrumb\">\n\t\t\tMais um ano de sucesso no Michuim da Coocam\n\t\t<\/span><\/div>","aioseo_breadcrumb_json":[{"label":"Home","link":"https:\/\/radiosul.net\/wp"},{"label":"Agroneg\u00f3cio","link":"https:\/\/radiosul.net\/wp\/category\/agro\/"},{"label":"Mais um ano de sucesso no Michuim da Coocam","link":"https:\/\/radiosul.net\/wp\/2019\/mais-um-ano-de-sucesso-no-michuim-da-coocam\/"}],"_links":{"self":[{"href":"https:\/\/radiosul.net\/wp\/wp-json\/wp\/v2\/posts\/9526","targetHints":{"allow":["GET"]}}],"collection":[{"href":"https:\/\/radiosul.net\/wp\/wp-json\/wp\/v2\/posts"}],"about":[{"href":"https:\/\/radiosul.net\/wp\/wp-json\/wp\/v2\/types\/post"}],"author":[{"embeddable":true,"href":"https:\/\/radiosul.net\/wp\/wp-json\/wp\/v2\/users\/9"}],"replies":[{"embeddable":true,"href":"https:\/\/radiosul.net\/wp\/wp-json\/wp\/v2\/comments?post=9526"}],"version-history":[{"count":1,"href":"https:\/\/radiosul.net\/wp\/wp-json\/wp\/v2\/posts\/9526\/revisions"}],"predecessor-version":[{"id":9535,"href":"https:\/\/radiosul.net\/wp\/wp-json\/wp\/v2\/posts\/9526\/revisions\/9535"}],"wp:featuredmedia":[{"embeddable":true,"href":"https:\/\/radiosul.net\/wp\/wp-json\/wp\/v2\/media\/9528"}],"wp:attachment":[{"href":"https:\/\/radiosul.net\/wp\/wp-json\/wp\/v2\/media?parent=9526"}],"wp:term":[{"taxonomy":"category","embeddable":true,"href":"https:\/\/radiosul.net\/wp\/wp-json\/wp\/v2\/categories?post=9526"},{"taxonomy":"post_tag","embeddable":true,"href":"https:\/\/radiosul.net\/wp\/wp-json\/wp\/v2\/tags?post=9526"}],"curies":[{"name":"wp","href":"https:\/\/api.w.org\/{rel}","templated":true}]}}