{"id":9519,"date":"2019-12-03T08:46:45","date_gmt":"2019-12-03T11:46:45","guid":{"rendered":"http:\/\/radiosul.net\/wp\/?p=9519"},"modified":"2019-12-03T08:46:47","modified_gmt":"2019-12-03T11:46:47","slug":"frigorificos-avancam-escalas-de-abate-e-preco-da-arroba-cai-para-r-225","status":"publish","type":"post","link":"https:\/\/radiosul.net\/wp\/2019\/frigorificos-avancam-escalas-de-abate-e-preco-da-arroba-cai-para-r-225\/","title":{"rendered":"Frigor\u00edficos avan\u00e7am escalas de abate e pre\u00e7o da arroba cai para R$ 225"},"content":{"rendered":"\n<p class=\"wp-block-paragraph\"><em>A oferta de animais ainda \u00e9 restrita e dificulta uma queda mais acentuada, avalia analista<\/em><\/p>\n\n\n\n<p class=\"wp-block-paragraph\"> O mercado f\u00edsico do <a href=\"https:\/\/canalrural.uol.com.br\/cotacao\/boi-gordo\/\"><strong>boi gordo<\/strong><\/a>  teve pre\u00e7os mais baixos nas principais pra\u00e7as de produ\u00e7\u00e3o e  comercializa\u00e7\u00e3o do pa\u00eds. \u201cA semana iniciou com mudan\u00e7a no comportamento  dos frigor\u00edficos\u201d, comenta o analista de Safras &amp; Mercado, Fernando  Henrique Iglesias. <\/p>\n\n\n\n<p class=\"wp-block-paragraph\">Segundo ele, com o registro de algum avan\u00e7o das escalas de abate das \nescalas de abate j\u00e1 s\u00e3o realizados alguns testes, reduzindo \nsistematicamente as indica\u00e7\u00f5es de compra. \u201c\u00c9 importante destacar que os \nneg\u00f3cios cessaram nesse patamar de pre\u00e7o\u201d, assinalou.<\/p>\n\n\n\n<p class=\"wp-block-paragraph\">No geral, a  oferta de animais terminados ainda \u00e9 discreta e dificulta movimentos  mais agressivos de queda, e a demanda aquecida \u00e9 outro elemento que  ,prejudica esse tipo de estrat\u00e9gia.<\/p>\n\n\n\n<p class=\"wp-block-paragraph\">Em S\u00e3o Paulo, <a href=\"https:\/\/canalrural.uol.com.br\/cotacao\/boi-gordo\/\"><strong>pre\u00e7os<\/strong> <\/a>a  R$ 225,00 a arroba, ante R$ 235,00 a arroba na sexta-feira. Em Minas  Gerais, pre\u00e7os de R$ 225,00 a arroba, contra R$ 232,00 a arroba. No Mato  Grosso do Sul, pre\u00e7os em R$ 220,00 a arroba, ante R$ 222,00 a arroba.  Em Goi\u00e1s, o pre\u00e7o caiu de R$ 222,00 a arroba para R$ 220,00 a arroba, em  Goi\u00e2nia. J\u00e1 no Mato Grosso o pre\u00e7o seguiu em R$ 216,00 a arroba.<\/p>\n\n\n\n<p class=\"wp-block-paragraph\"><strong>Atacado<\/strong><\/p>\n\n\n\n<p class=\"wp-block-paragraph\">No atacado, os pre\u00e7os da carne bovina ficaram est\u00e1veis. \u201cA firmeza  segue predominante, com possibilidade de reajustes no restante do m\u00eas,  avaliando o \u00e1pice do consumo de carnes no decorrer do m\u00eas de dezembro. O  movimento de alta da carne bovina respinga sobre as demais prote\u00ednas de  origem animal, com movimentos consistentes de valoriza\u00e7\u00e3o da carne  su\u00edna e de frango\u201d disse Iglesias.<\/p>\n\n\n\n<p class=\"wp-block-paragraph\">O corte traseiro teve pre\u00e7o de R$ 20 por quilo. A ponta de agulha  permaneceu em R$ 12,60 por quilo, enquanto o corte dianteiro seguiu em  R$ 12,80 por quilo.<\/p>\n\n\n\n<p class=\"wp-block-paragraph\"><strong><em>Fonte: Canal Rural<\/em><\/strong><\/p>\n","protected":false},"excerpt":{"rendered":"<p>A oferta de animais ainda \u00e9 restrita e dificulta uma queda mais acentuada, avalia analista O mercado f\u00edsico do boi gordo teve pre\u00e7os mais baixos nas principais pra\u00e7as de produ\u00e7\u00e3o e comercializa\u00e7\u00e3o do pa\u00eds. \u201cA semana iniciou com mudan\u00e7a no comportamento dos frigor\u00edficos\u201d, comenta o analista de Safras &amp; Mercado, Fernando Henrique Iglesias. Segundo ele, &hellip;<\/p>\n","protected":false},"author":9,"featured_media":9520,"comment_status":"closed","ping_status":"closed","sticky":false,"template":"","format":"standard","meta":{"_monsterinsights_skip_tracking":false,"_uf_show_specific_survey":0,"_uf_disable_surveys":false,"footnotes":""},"categories":[1,126],"tags":[],"class_list":["post-9519","post","type-post","status-publish","format-standard","has-post-thumbnail","hentry","category-agro","category-destacados"],"aioseo_notices":[],"aioseo_head":"\n\t\t<!-- All in One SEO 5.0.1.1 - aioseo.com -->\n\t<meta name=\"description\" content=\"A oferta de animais ainda \u00e9 restrita e dificulta uma queda mais acentuada, avalia analista O mercado f\u00edsico do boi gordo teve pre\u00e7os mais baixos nas principais pra\u00e7as de produ\u00e7\u00e3o e comercializa\u00e7\u00e3o do pa\u00eds. \u201cA semana iniciou com mudan\u00e7a no comportamento dos frigor\u00edficos\u201d, comenta o analista de Safras &amp; Mercado, Fernando Henrique Iglesias. Segundo ele,\" \/>\n\t<meta name=\"robots\" content=\"max-image-preview:large\" \/>\n\t<meta name=\"author\" content=\"Alejo Bordon\"\/>\n\t<link rel=\"canonical\" href=\"https:\/\/radiosul.net\/wp\/2019\/frigorificos-avancam-escalas-de-abate-e-preco-da-arroba-cai-para-r-225\/\" \/>\n\t<meta name=\"generator\" content=\"All in One SEO (AIOSEO) 5.0.1.1\" \/>\n\t\t<meta property=\"og:locale\" content=\"pt_BR\" \/>\n\t\t<meta property=\"og:site_name\" content=\"radiosul.net - Regional por Excel\u00eancia\" \/>\n\t\t<meta property=\"og:type\" content=\"article\" \/>\n\t\t<meta property=\"og:title\" content=\"Frigor\u00edficos avan\u00e7am escalas de abate e pre\u00e7o da arroba cai para R$ 225 - radiosul.net\" \/>\n\t\t<meta property=\"og:description\" content=\"A oferta de animais ainda \u00e9 restrita e dificulta uma queda mais acentuada, avalia analista O mercado f\u00edsico do boi gordo teve pre\u00e7os mais baixos nas principais pra\u00e7as de produ\u00e7\u00e3o e comercializa\u00e7\u00e3o do pa\u00eds. \u201cA semana iniciou com mudan\u00e7a no comportamento dos frigor\u00edficos\u201d, comenta o analista de Safras &amp; Mercado, Fernando Henrique Iglesias. Segundo ele,\" \/>\n\t\t<meta property=\"og:url\" content=\"https:\/\/radiosul.net\/wp\/2019\/frigorificos-avancam-escalas-de-abate-e-preco-da-arroba-cai-para-r-225\/\" \/>\n\t\t<meta property=\"article:published_time\" content=\"2019-12-03T11:46:45+00:00\" \/>\n\t\t<meta property=\"article:modified_time\" content=\"2019-12-03T11:46:47+00:00\" \/>\n\t\t<meta name=\"twitter:card\" content=\"summary_large_image\" \/>\n\t\t<meta name=\"twitter:title\" content=\"Frigor\u00edficos avan\u00e7am escalas de abate e pre\u00e7o da arroba cai para R$ 225 - radiosul.net\" \/>\n\t\t<meta name=\"twitter:description\" content=\"A oferta de animais ainda \u00e9 restrita e dificulta uma queda mais acentuada, avalia analista O mercado f\u00edsico do boi gordo teve pre\u00e7os mais baixos nas principais pra\u00e7as de produ\u00e7\u00e3o e comercializa\u00e7\u00e3o do pa\u00eds. \u201cA semana iniciou com mudan\u00e7a no comportamento dos frigor\u00edficos\u201d, comenta o analista de Safras &amp; Mercado, Fernando Henrique Iglesias. Segundo ele,\" \/>\n\t\t<script type=\"application\/ld+json\" class=\"aioseo-schema\">\n\t\t\t{\"@context\":\"https:\\\/\\\/schema.org\",\"@graph\":[{\"@type\":\"BlogPosting\",\"@id\":\"https:\\\/\\\/radiosul.net\\\/wp\\\/2019\\\/frigorificos-avancam-escalas-de-abate-e-preco-da-arroba-cai-para-r-225\\\/#blogposting\",\"name\":\"Frigor\\u00edficos avan\\u00e7am escalas de abate e pre\\u00e7o da arroba cai para R$ 225 - radiosul.net\",\"headline\":\"Frigor\\u00edficos avan\\u00e7am escalas de abate e pre\\u00e7o da arroba cai para R$ 225\",\"author\":{\"@id\":\"https:\\\/\\\/radiosul.net\\\/wp\\\/author\\\/alejo\\\/#author\"},\"publisher\":{\"@id\":\"https:\\\/\\\/radiosul.net\\\/wp\\\/#organization\"},\"image\":{\"@type\":\"ImageObject\",\"url\":\"https:\\\/\\\/radiosul.net\\\/wp\\\/wp-content\\\/uploads\\\/2019\\\/12\\\/boi-gordo.jpg\",\"width\":2048,\"height\":1361,\"caption\":\"O mercado do boi gordo voltou a ter um dia de queda depois de uma sequ\\u00eancia de altas. Foto: Lorran Lima\\\/Idaf\"},\"datePublished\":\"2019-12-03T08:46:45-03:00\",\"dateModified\":\"2019-12-03T08:46:47-03:00\",\"inLanguage\":\"pt-BR\",\"mainEntityOfPage\":{\"@id\":\"https:\\\/\\\/radiosul.net\\\/wp\\\/2019\\\/frigorificos-avancam-escalas-de-abate-e-preco-da-arroba-cai-para-r-225\\\/#webpage\"},\"isPartOf\":{\"@id\":\"https:\\\/\\\/radiosul.net\\\/wp\\\/2019\\\/frigorificos-avancam-escalas-de-abate-e-preco-da-arroba-cai-para-r-225\\\/#webpage\"},\"articleSection\":\"Agroneg\\u00f3cio, Destaque\"},{\"@type\":\"BreadcrumbList\",\"@id\":\"https:\\\/\\\/radiosul.net\\\/wp\\\/2019\\\/frigorificos-avancam-escalas-de-abate-e-preco-da-arroba-cai-para-r-225\\\/#breadcrumblist\",\"itemListElement\":[{\"@type\":\"ListItem\",\"@id\":\"https:\\\/\\\/radiosul.net\\\/wp#listItem\",\"position\":1,\"name\":\"Home\",\"item\":\"https:\\\/\\\/radiosul.net\\\/wp\",\"nextItem\":{\"@type\":\"ListItem\",\"@id\":\"https:\\\/\\\/radiosul.net\\\/wp\\\/category\\\/agro\\\/#listItem\",\"name\":\"Agroneg\\u00f3cio\"}},{\"@type\":\"ListItem\",\"@id\":\"https:\\\/\\\/radiosul.net\\\/wp\\\/category\\\/agro\\\/#listItem\",\"position\":2,\"name\":\"Agroneg\\u00f3cio\",\"item\":\"https:\\\/\\\/radiosul.net\\\/wp\\\/category\\\/agro\\\/\",\"nextItem\":{\"@type\":\"ListItem\",\"@id\":\"https:\\\/\\\/radiosul.net\\\/wp\\\/2019\\\/frigorificos-avancam-escalas-de-abate-e-preco-da-arroba-cai-para-r-225\\\/#listItem\",\"name\":\"Frigor\\u00edficos avan\\u00e7am escalas de abate e pre\\u00e7o da arroba cai para R$ 225\"},\"previousItem\":{\"@type\":\"ListItem\",\"@id\":\"https:\\\/\\\/radiosul.net\\\/wp#listItem\",\"name\":\"Home\"}},{\"@type\":\"ListItem\",\"@id\":\"https:\\\/\\\/radiosul.net\\\/wp\\\/2019\\\/frigorificos-avancam-escalas-de-abate-e-preco-da-arroba-cai-para-r-225\\\/#listItem\",\"position\":3,\"name\":\"Frigor\\u00edficos avan\\u00e7am escalas de abate e pre\\u00e7o da arroba cai para R$ 225\",\"previousItem\":{\"@type\":\"ListItem\",\"@id\":\"https:\\\/\\\/radiosul.net\\\/wp\\\/category\\\/agro\\\/#listItem\",\"name\":\"Agroneg\\u00f3cio\"}}]},{\"@type\":\"Organization\",\"@id\":\"https:\\\/\\\/radiosul.net\\\/wp\\\/#organization\",\"name\":\"radiosul.net\",\"description\":\"Regional por Excel\\u00eancia\",\"url\":\"https:\\\/\\\/radiosul.net\\\/wp\\\/\"},{\"@type\":\"Person\",\"@id\":\"https:\\\/\\\/radiosul.net\\\/wp\\\/author\\\/alejo\\\/#author\",\"url\":\"https:\\\/\\\/radiosul.net\\\/wp\\\/author\\\/alejo\\\/\",\"name\":\"Alejo Bordon\",\"image\":{\"@type\":\"ImageObject\",\"@id\":\"https:\\\/\\\/radiosul.net\\\/wp\\\/2019\\\/frigorificos-avancam-escalas-de-abate-e-preco-da-arroba-cai-para-r-225\\\/#authorImage\",\"url\":\"https:\\\/\\\/secure.gravatar.com\\\/avatar\\\/b3a7e7f1c71212e6a5b7183b79a2ab58dad8bdc4cd4eadd61c4434d010d0bae4?s=96&d=mm&r=g\",\"width\":96,\"height\":96,\"caption\":\"Alejo Bordon\"}},{\"@type\":\"WebPage\",\"@id\":\"https:\\\/\\\/radiosul.net\\\/wp\\\/2019\\\/frigorificos-avancam-escalas-de-abate-e-preco-da-arroba-cai-para-r-225\\\/#webpage\",\"url\":\"https:\\\/\\\/radiosul.net\\\/wp\\\/2019\\\/frigorificos-avancam-escalas-de-abate-e-preco-da-arroba-cai-para-r-225\\\/\",\"name\":\"Frigor\\u00edficos avan\\u00e7am escalas de abate e pre\\u00e7o da arroba cai para R$ 225 - radiosul.net\",\"description\":\"A oferta de animais ainda \\u00e9 restrita e dificulta uma queda mais acentuada, avalia analista O mercado f\\u00edsico do boi gordo teve pre\\u00e7os mais baixos nas principais pra\\u00e7as de produ\\u00e7\\u00e3o e comercializa\\u00e7\\u00e3o do pa\\u00eds. \\u201cA semana iniciou com mudan\\u00e7a no comportamento dos frigor\\u00edficos\\u201d, comenta o analista de Safras & Mercado, Fernando Henrique Iglesias. Segundo ele,\",\"inLanguage\":\"pt-BR\",\"isPartOf\":{\"@id\":\"https:\\\/\\\/radiosul.net\\\/wp\\\/#website\"},\"breadcrumb\":{\"@id\":\"https:\\\/\\\/radiosul.net\\\/wp\\\/2019\\\/frigorificos-avancam-escalas-de-abate-e-preco-da-arroba-cai-para-r-225\\\/#breadcrumblist\"},\"author\":{\"@id\":\"https:\\\/\\\/radiosul.net\\\/wp\\\/author\\\/alejo\\\/#author\"},\"creator\":{\"@id\":\"https:\\\/\\\/radiosul.net\\\/wp\\\/author\\\/alejo\\\/#author\"},\"image\":{\"@type\":\"ImageObject\",\"url\":\"https:\\\/\\\/radiosul.net\\\/wp\\\/wp-content\\\/uploads\\\/2019\\\/12\\\/boi-gordo.jpg\",\"@id\":\"https:\\\/\\\/radiosul.net\\\/wp\\\/2019\\\/frigorificos-avancam-escalas-de-abate-e-preco-da-arroba-cai-para-r-225\\\/#mainImage\",\"width\":2048,\"height\":1361,\"caption\":\"O mercado do boi gordo voltou a ter um dia de queda depois de uma sequ\\u00eancia de altas. Foto: Lorran Lima\\\/Idaf\"},\"primaryImageOfPage\":{\"@id\":\"https:\\\/\\\/radiosul.net\\\/wp\\\/2019\\\/frigorificos-avancam-escalas-de-abate-e-preco-da-arroba-cai-para-r-225\\\/#mainImage\"},\"datePublished\":\"2019-12-03T08:46:45-03:00\",\"dateModified\":\"2019-12-03T08:46:47-03:00\"},{\"@type\":\"WebSite\",\"@id\":\"https:\\\/\\\/radiosul.net\\\/wp\\\/#website\",\"url\":\"https:\\\/\\\/radiosul.net\\\/wp\\\/\",\"name\":\"radiosul.net\",\"description\":\"Regional por Excel\\u00eancia\",\"inLanguage\":\"pt-BR\",\"publisher\":{\"@id\":\"https:\\\/\\\/radiosul.net\\\/wp\\\/#organization\"}}]}\n\t\t<\/script>\n\t\t<!-- All in One SEO -->\n\n","aioseo_head_json":{"title":"Frigor\u00edficos avan\u00e7am escalas de abate e pre\u00e7o da arroba cai para R$ 225 - radiosul.net","description":"A oferta de animais ainda \u00e9 restrita e dificulta uma queda mais acentuada, avalia analista O mercado f\u00edsico do boi gordo teve pre\u00e7os mais baixos nas principais pra\u00e7as de produ\u00e7\u00e3o e comercializa\u00e7\u00e3o do pa\u00eds. \u201cA semana iniciou com mudan\u00e7a no comportamento dos frigor\u00edficos\u201d, comenta o analista de Safras & Mercado, Fernando Henrique Iglesias. Segundo ele,","canonical_url":"https:\/\/radiosul.net\/wp\/2019\/frigorificos-avancam-escalas-de-abate-e-preco-da-arroba-cai-para-r-225\/","robots":"max-image-preview:large","keywords":"","webmasterTools":{"miscellaneous":""},"schema":{"@context":"https:\/\/schema.org","@graph":[{"@type":"BlogPosting","@id":"https:\/\/radiosul.net\/wp\/2019\/frigorificos-avancam-escalas-de-abate-e-preco-da-arroba-cai-para-r-225\/#blogposting","name":"Frigor\u00edficos avan\u00e7am escalas de abate e pre\u00e7o da arroba cai para R$ 225 - radiosul.net","headline":"Frigor\u00edficos avan\u00e7am escalas de abate e pre\u00e7o da arroba cai para R$ 225","author":{"@id":"https:\/\/radiosul.net\/wp\/author\/alejo\/#author"},"publisher":{"@id":"https:\/\/radiosul.net\/wp\/#organization"},"image":{"@type":"ImageObject","url":"https:\/\/radiosul.net\/wp\/wp-content\/uploads\/2019\/12\/boi-gordo.jpg","width":2048,"height":1361,"caption":"O mercado do boi gordo voltou a ter um dia de queda depois de uma sequ\u00eancia de altas. Foto: Lorran Lima\/Idaf"},"datePublished":"2019-12-03T08:46:45-03:00","dateModified":"2019-12-03T08:46:47-03:00","inLanguage":"pt-BR","mainEntityOfPage":{"@id":"https:\/\/radiosul.net\/wp\/2019\/frigorificos-avancam-escalas-de-abate-e-preco-da-arroba-cai-para-r-225\/#webpage"},"isPartOf":{"@id":"https:\/\/radiosul.net\/wp\/2019\/frigorificos-avancam-escalas-de-abate-e-preco-da-arroba-cai-para-r-225\/#webpage"},"articleSection":"Agroneg\u00f3cio, Destaque"},{"@type":"BreadcrumbList","@id":"https:\/\/radiosul.net\/wp\/2019\/frigorificos-avancam-escalas-de-abate-e-preco-da-arroba-cai-para-r-225\/#breadcrumblist","itemListElement":[{"@type":"ListItem","@id":"https:\/\/radiosul.net\/wp#listItem","position":1,"name":"Home","item":"https:\/\/radiosul.net\/wp","nextItem":{"@type":"ListItem","@id":"https:\/\/radiosul.net\/wp\/category\/agro\/#listItem","name":"Agroneg\u00f3cio"}},{"@type":"ListItem","@id":"https:\/\/radiosul.net\/wp\/category\/agro\/#listItem","position":2,"name":"Agroneg\u00f3cio","item":"https:\/\/radiosul.net\/wp\/category\/agro\/","nextItem":{"@type":"ListItem","@id":"https:\/\/radiosul.net\/wp\/2019\/frigorificos-avancam-escalas-de-abate-e-preco-da-arroba-cai-para-r-225\/#listItem","name":"Frigor\u00edficos avan\u00e7am escalas de abate e pre\u00e7o da arroba cai para R$ 225"},"previousItem":{"@type":"ListItem","@id":"https:\/\/radiosul.net\/wp#listItem","name":"Home"}},{"@type":"ListItem","@id":"https:\/\/radiosul.net\/wp\/2019\/frigorificos-avancam-escalas-de-abate-e-preco-da-arroba-cai-para-r-225\/#listItem","position":3,"name":"Frigor\u00edficos avan\u00e7am escalas de abate e pre\u00e7o da arroba cai para R$ 225","previousItem":{"@type":"ListItem","@id":"https:\/\/radiosul.net\/wp\/category\/agro\/#listItem","name":"Agroneg\u00f3cio"}}]},{"@type":"Organization","@id":"https:\/\/radiosul.net\/wp\/#organization","name":"radiosul.net","description":"Regional por Excel\u00eancia","url":"https:\/\/radiosul.net\/wp\/"},{"@type":"Person","@id":"https:\/\/radiosul.net\/wp\/author\/alejo\/#author","url":"https:\/\/radiosul.net\/wp\/author\/alejo\/","name":"Alejo Bordon","image":{"@type":"ImageObject","@id":"https:\/\/radiosul.net\/wp\/2019\/frigorificos-avancam-escalas-de-abate-e-preco-da-arroba-cai-para-r-225\/#authorImage","url":"https:\/\/secure.gravatar.com\/avatar\/b3a7e7f1c71212e6a5b7183b79a2ab58dad8bdc4cd4eadd61c4434d010d0bae4?s=96&d=mm&r=g","width":96,"height":96,"caption":"Alejo Bordon"}},{"@type":"WebPage","@id":"https:\/\/radiosul.net\/wp\/2019\/frigorificos-avancam-escalas-de-abate-e-preco-da-arroba-cai-para-r-225\/#webpage","url":"https:\/\/radiosul.net\/wp\/2019\/frigorificos-avancam-escalas-de-abate-e-preco-da-arroba-cai-para-r-225\/","name":"Frigor\u00edficos avan\u00e7am escalas de abate e pre\u00e7o da arroba cai para R$ 225 - radiosul.net","description":"A oferta de animais ainda \u00e9 restrita e dificulta uma queda mais acentuada, avalia analista O mercado f\u00edsico do boi gordo teve pre\u00e7os mais baixos nas principais pra\u00e7as de produ\u00e7\u00e3o e comercializa\u00e7\u00e3o do pa\u00eds. \u201cA semana iniciou com mudan\u00e7a no comportamento dos frigor\u00edficos\u201d, comenta o analista de Safras & Mercado, Fernando Henrique Iglesias. Segundo ele,","inLanguage":"pt-BR","isPartOf":{"@id":"https:\/\/radiosul.net\/wp\/#website"},"breadcrumb":{"@id":"https:\/\/radiosul.net\/wp\/2019\/frigorificos-avancam-escalas-de-abate-e-preco-da-arroba-cai-para-r-225\/#breadcrumblist"},"author":{"@id":"https:\/\/radiosul.net\/wp\/author\/alejo\/#author"},"creator":{"@id":"https:\/\/radiosul.net\/wp\/author\/alejo\/#author"},"image":{"@type":"ImageObject","url":"https:\/\/radiosul.net\/wp\/wp-content\/uploads\/2019\/12\/boi-gordo.jpg","@id":"https:\/\/radiosul.net\/wp\/2019\/frigorificos-avancam-escalas-de-abate-e-preco-da-arroba-cai-para-r-225\/#mainImage","width":2048,"height":1361,"caption":"O mercado do boi gordo voltou a ter um dia de queda depois de uma sequ\u00eancia de altas. Foto: Lorran Lima\/Idaf"},"primaryImageOfPage":{"@id":"https:\/\/radiosul.net\/wp\/2019\/frigorificos-avancam-escalas-de-abate-e-preco-da-arroba-cai-para-r-225\/#mainImage"},"datePublished":"2019-12-03T08:46:45-03:00","dateModified":"2019-12-03T08:46:47-03:00"},{"@type":"WebSite","@id":"https:\/\/radiosul.net\/wp\/#website","url":"https:\/\/radiosul.net\/wp\/","name":"radiosul.net","description":"Regional por Excel\u00eancia","inLanguage":"pt-BR","publisher":{"@id":"https:\/\/radiosul.net\/wp\/#organization"}}]},"og:locale":"pt_BR","og:site_name":"radiosul.net - Regional por Excel\u00eancia","og:type":"article","og:title":"Frigor\u00edficos avan\u00e7am escalas de abate e pre\u00e7o da arroba cai para R$ 225 - radiosul.net","og:description":"A oferta de animais ainda \u00e9 restrita e dificulta uma queda mais acentuada, avalia analista O mercado f\u00edsico do boi gordo teve pre\u00e7os mais baixos nas principais pra\u00e7as de produ\u00e7\u00e3o e comercializa\u00e7\u00e3o do pa\u00eds. \u201cA semana iniciou com mudan\u00e7a no comportamento dos frigor\u00edficos\u201d, comenta o analista de Safras &amp; Mercado, Fernando Henrique Iglesias. Segundo ele,","og:url":"https:\/\/radiosul.net\/wp\/2019\/frigorificos-avancam-escalas-de-abate-e-preco-da-arroba-cai-para-r-225\/","article:published_time":"2019-12-03T11:46:45+00:00","article:modified_time":"2019-12-03T11:46:47+00:00","twitter:card":"summary_large_image","twitter:title":"Frigor\u00edficos avan\u00e7am escalas de abate e pre\u00e7o da arroba cai para R$ 225 - radiosul.net","twitter:description":"A oferta de animais ainda \u00e9 restrita e dificulta uma queda mais acentuada, avalia analista O mercado f\u00edsico do boi gordo teve pre\u00e7os mais baixos nas principais pra\u00e7as de produ\u00e7\u00e3o e comercializa\u00e7\u00e3o do pa\u00eds. \u201cA semana iniciou com mudan\u00e7a no comportamento dos frigor\u00edficos\u201d, comenta o analista de Safras &amp; Mercado, Fernando Henrique Iglesias. Segundo ele,"},"aioseo_meta_data":{"post_id":"9519","title":null,"description":null,"keywords":null,"keyphrases":null,"primary_term":null,"canonical_url":null,"og_title":null,"og_description":null,"og_object_type":"default","og_image_type":"default","og_image_url":null,"og_image_width":null,"og_image_height":null,"og_image_custom_url":null,"og_image_custom_fields":null,"og_video":null,"og_custom_url":null,"og_article_section":null,"og_article_tags":null,"twitter_use_og":false,"twitter_card":"default","twitter_image_type":"default","twitter_image_url":null,"twitter_image_custom_url":null,"twitter_image_custom_fields":null,"twitter_title":null,"twitter_description":null,"schema":{"blockGraphs":[],"customGraphs":[],"default":{"data":{"Article":[],"Course":[],"Dataset":[],"FAQPage":[],"Movie":[],"Person":[],"Product":[],"ProductReview":[],"Car":[],"Recipe":[],"Service":[],"SoftwareApplication":[],"WebPage":[]},"graphName":"","isEnabled":true},"graphs":[]},"schema_type":"default","schema_type_options":null,"pillar_content":false,"robots_default":true,"robots_noindex":false,"robots_noarchive":false,"robots_nosnippet":false,"robots_nofollow":false,"robots_noimageindex":false,"robots_noodp":false,"robots_notranslate":false,"robots_max_snippet":null,"robots_max_videopreview":null,"robots_max_imagepreview":"large","priority":null,"frequency":null,"local_seo":null,"breadcrumb_settings":null,"limit_modified_date":false,"ai":null,"created":"2026-01-08 18:19:00","updated":"2026-01-08 18:19:00","seo_analyzer_scan_date":null,"focus_keyword":null,"additional_keywords":null,"truseo_locale":null},"aioseo_breadcrumb":"<div class=\"aioseo-breadcrumbs\"><span class=\"aioseo-breadcrumb\">\n\t\t\t<a href=\"https:\/\/radiosul.net\/wp\" title=\"Home\">Home<\/a>\n\t\t<\/span><span class=\"aioseo-breadcrumb-separator\">&raquo;<\/span><span class=\"aioseo-breadcrumb\">\n\t\t\t<a href=\"https:\/\/radiosul.net\/wp\/category\/agro\/\" title=\"Agroneg\u00f3cio\">Agroneg\u00f3cio<\/a>\n\t\t<\/span><span class=\"aioseo-breadcrumb-separator\">&raquo;<\/span><span class=\"aioseo-breadcrumb\">\n\t\t\tFrigor\u00edficos avan\u00e7am escalas de abate e pre\u00e7o da arroba cai para R$ 225\n\t\t<\/span><\/div>","aioseo_breadcrumb_json":[{"label":"Home","link":"https:\/\/radiosul.net\/wp"},{"label":"Agroneg\u00f3cio","link":"https:\/\/radiosul.net\/wp\/category\/agro\/"},{"label":"Frigor\u00edficos avan\u00e7am escalas de abate e pre\u00e7o da arroba cai para R$ 225","link":"https:\/\/radiosul.net\/wp\/2019\/frigorificos-avancam-escalas-de-abate-e-preco-da-arroba-cai-para-r-225\/"}],"_links":{"self":[{"href":"https:\/\/radiosul.net\/wp\/wp-json\/wp\/v2\/posts\/9519","targetHints":{"allow":["GET"]}}],"collection":[{"href":"https:\/\/radiosul.net\/wp\/wp-json\/wp\/v2\/posts"}],"about":[{"href":"https:\/\/radiosul.net\/wp\/wp-json\/wp\/v2\/types\/post"}],"author":[{"embeddable":true,"href":"https:\/\/radiosul.net\/wp\/wp-json\/wp\/v2\/users\/9"}],"replies":[{"embeddable":true,"href":"https:\/\/radiosul.net\/wp\/wp-json\/wp\/v2\/comments?post=9519"}],"version-history":[{"count":1,"href":"https:\/\/radiosul.net\/wp\/wp-json\/wp\/v2\/posts\/9519\/revisions"}],"predecessor-version":[{"id":9521,"href":"https:\/\/radiosul.net\/wp\/wp-json\/wp\/v2\/posts\/9519\/revisions\/9521"}],"wp:featuredmedia":[{"embeddable":true,"href":"https:\/\/radiosul.net\/wp\/wp-json\/wp\/v2\/media\/9520"}],"wp:attachment":[{"href":"https:\/\/radiosul.net\/wp\/wp-json\/wp\/v2\/media?parent=9519"}],"wp:term":[{"taxonomy":"category","embeddable":true,"href":"https:\/\/radiosul.net\/wp\/wp-json\/wp\/v2\/categories?post=9519"},{"taxonomy":"post_tag","embeddable":true,"href":"https:\/\/radiosul.net\/wp\/wp-json\/wp\/v2\/tags?post=9519"}],"curies":[{"name":"wp","href":"https:\/\/api.w.org\/{rel}","templated":true}]}}