{"id":9376,"date":"2019-11-27T07:50:37","date_gmt":"2019-11-27T10:50:37","guid":{"rendered":"http:\/\/radiosul.net\/wp\/?p=9376"},"modified":"2019-11-27T07:50:39","modified_gmt":"2019-11-27T10:50:39","slug":"prazo-para-envio-de-comunicados-de-cobertura-e-nascimento-encerra-dia-30","status":"publish","type":"post","link":"https:\/\/radiosul.net\/wp\/2019\/prazo-para-envio-de-comunicados-de-cobertura-e-nascimento-encerra-dia-30\/","title":{"rendered":"Prazo para envio de comunicados de cobertura e nascimento encerra dia 30"},"content":{"rendered":"\n<p class=\"wp-block-paragraph\"> Aten\u00e7\u00e3o criador, o Setor de Registro Geneal\u00f3gico da Associa\u00e7\u00e3o  Brasileira de Hereford e Braford (ABHB) alerta para o t\u00e9rmino do prazo  de envio de comunicados de cobertura e nascimento de animais Hereford e  Braford. Conforme a M\u00e9dica Veterin\u00e1ria Zilah M. G. Cheuiche,  Superintendente do setor, a ABHB estar\u00e1 recebendo as informa\u00e7\u00f5es at\u00e9 o  dia 30 de novembro. \u00c9 importante que todos os associados atentem para a  data, evitando assim a cobran\u00e7a de multas. Em caso de d\u00favidas, contate o  setor de registros pelo e-mail registro.hereford@braford.com.br ou atrav\u00e9s dos telefones (53) 3242.1332. <\/p>\n\n\n\n<p class=\"wp-block-paragraph\"><strong><em>Fonte: Dh\u00e9sika Vidikin\/ABHB<\/em><\/strong><\/p>\n","protected":false},"excerpt":{"rendered":"<p>Aten\u00e7\u00e3o criador, o Setor de Registro Geneal\u00f3gico da Associa\u00e7\u00e3o Brasileira de Hereford e Braford (ABHB) alerta para o t\u00e9rmino do prazo de envio de comunicados de cobertura e nascimento de animais Hereford e Braford. Conforme a M\u00e9dica Veterin\u00e1ria Zilah M. G. Cheuiche, Superintendente do setor, a ABHB estar\u00e1 recebendo as informa\u00e7\u00f5es at\u00e9 o dia 30 &hellip;<\/p>\n","protected":false},"author":9,"featured_media":9377,"comment_status":"closed","ping_status":"closed","sticky":false,"template":"","format":"standard","meta":{"_monsterinsights_skip_tracking":false,"_uf_show_specific_survey":0,"_uf_disable_surveys":false,"footnotes":""},"categories":[1,126],"tags":[],"class_list":["post-9376","post","type-post","status-publish","format-standard","has-post-thumbnail","hentry","category-agro","category-destacados"],"aioseo_notices":[],"aioseo_head":"\n\t\t<!-- All in One SEO 5.0.1.1 - aioseo.com -->\n\t<meta name=\"description\" content=\"Aten\u00e7\u00e3o criador, o Setor de Registro Geneal\u00f3gico da Associa\u00e7\u00e3o Brasileira de Hereford e Braford (ABHB) alerta para o t\u00e9rmino do prazo de envio de comunicados de cobertura e nascimento de animais Hereford e Braford. Conforme a M\u00e9dica Veterin\u00e1ria Zilah M. G. Cheuiche, Superintendente do setor, a ABHB estar\u00e1 recebendo as informa\u00e7\u00f5es at\u00e9 o dia 30\" \/>\n\t<meta name=\"robots\" content=\"max-image-preview:large\" \/>\n\t<meta name=\"author\" content=\"Alejo Bordon\"\/>\n\t<link rel=\"canonical\" href=\"https:\/\/radiosul.net\/wp\/2019\/prazo-para-envio-de-comunicados-de-cobertura-e-nascimento-encerra-dia-30\/\" \/>\n\t<meta name=\"generator\" content=\"All in One SEO (AIOSEO) 5.0.1.1\" \/>\n\t\t<meta property=\"og:locale\" content=\"pt_BR\" \/>\n\t\t<meta property=\"og:site_name\" content=\"radiosul.net - Regional por Excel\u00eancia\" \/>\n\t\t<meta property=\"og:type\" content=\"article\" \/>\n\t\t<meta property=\"og:title\" content=\"Prazo para envio de comunicados de cobertura e nascimento encerra dia 30 - radiosul.net\" \/>\n\t\t<meta property=\"og:description\" content=\"Aten\u00e7\u00e3o criador, o Setor de Registro Geneal\u00f3gico da Associa\u00e7\u00e3o Brasileira de Hereford e Braford (ABHB) alerta para o t\u00e9rmino do prazo de envio de comunicados de cobertura e nascimento de animais Hereford e Braford. Conforme a M\u00e9dica Veterin\u00e1ria Zilah M. G. Cheuiche, Superintendente do setor, a ABHB estar\u00e1 recebendo as informa\u00e7\u00f5es at\u00e9 o dia 30\" \/>\n\t\t<meta property=\"og:url\" content=\"https:\/\/radiosul.net\/wp\/2019\/prazo-para-envio-de-comunicados-de-cobertura-e-nascimento-encerra-dia-30\/\" \/>\n\t\t<meta property=\"article:published_time\" content=\"2019-11-27T10:50:37+00:00\" \/>\n\t\t<meta property=\"article:modified_time\" content=\"2019-11-27T10:50:39+00:00\" \/>\n\t\t<meta name=\"twitter:card\" content=\"summary_large_image\" \/>\n\t\t<meta name=\"twitter:title\" content=\"Prazo para envio de comunicados de cobertura e nascimento encerra dia 30 - radiosul.net\" \/>\n\t\t<meta name=\"twitter:description\" content=\"Aten\u00e7\u00e3o criador, o Setor de Registro Geneal\u00f3gico da Associa\u00e7\u00e3o Brasileira de Hereford e Braford (ABHB) alerta para o t\u00e9rmino do prazo de envio de comunicados de cobertura e nascimento de animais Hereford e Braford. Conforme a M\u00e9dica Veterin\u00e1ria Zilah M. G. Cheuiche, Superintendente do setor, a ABHB estar\u00e1 recebendo as informa\u00e7\u00f5es at\u00e9 o dia 30\" \/>\n\t\t<script type=\"application\/ld+json\" class=\"aioseo-schema\">\n\t\t\t{\"@context\":\"https:\\\/\\\/schema.org\",\"@graph\":[{\"@type\":\"BlogPosting\",\"@id\":\"https:\\\/\\\/radiosul.net\\\/wp\\\/2019\\\/prazo-para-envio-de-comunicados-de-cobertura-e-nascimento-encerra-dia-30\\\/#blogposting\",\"name\":\"Prazo para envio de comunicados de cobertura e nascimento encerra dia 30 - radiosul.net\",\"headline\":\"Prazo para envio de comunicados de cobertura e nascimento encerra dia 30\",\"author\":{\"@id\":\"https:\\\/\\\/radiosul.net\\\/wp\\\/author\\\/alejo\\\/#author\"},\"publisher\":{\"@id\":\"https:\\\/\\\/radiosul.net\\\/wp\\\/#organization\"},\"image\":{\"@type\":\"ImageObject\",\"url\":\"https:\\\/\\\/radiosul.net\\\/wp\\\/wp-content\\\/uploads\\\/2019\\\/11\\\/74602802_2704058202979220_2180935975742472192_o.jpg\",\"width\":960,\"height\":960},\"datePublished\":\"2019-11-27T07:50:37-03:00\",\"dateModified\":\"2019-11-27T07:50:39-03:00\",\"inLanguage\":\"pt-BR\",\"mainEntityOfPage\":{\"@id\":\"https:\\\/\\\/radiosul.net\\\/wp\\\/2019\\\/prazo-para-envio-de-comunicados-de-cobertura-e-nascimento-encerra-dia-30\\\/#webpage\"},\"isPartOf\":{\"@id\":\"https:\\\/\\\/radiosul.net\\\/wp\\\/2019\\\/prazo-para-envio-de-comunicados-de-cobertura-e-nascimento-encerra-dia-30\\\/#webpage\"},\"articleSection\":\"Agroneg\\u00f3cio, Destaque\"},{\"@type\":\"BreadcrumbList\",\"@id\":\"https:\\\/\\\/radiosul.net\\\/wp\\\/2019\\\/prazo-para-envio-de-comunicados-de-cobertura-e-nascimento-encerra-dia-30\\\/#breadcrumblist\",\"itemListElement\":[{\"@type\":\"ListItem\",\"@id\":\"https:\\\/\\\/radiosul.net\\\/wp#listItem\",\"position\":1,\"name\":\"Home\",\"item\":\"https:\\\/\\\/radiosul.net\\\/wp\",\"nextItem\":{\"@type\":\"ListItem\",\"@id\":\"https:\\\/\\\/radiosul.net\\\/wp\\\/category\\\/agro\\\/#listItem\",\"name\":\"Agroneg\\u00f3cio\"}},{\"@type\":\"ListItem\",\"@id\":\"https:\\\/\\\/radiosul.net\\\/wp\\\/category\\\/agro\\\/#listItem\",\"position\":2,\"name\":\"Agroneg\\u00f3cio\",\"item\":\"https:\\\/\\\/radiosul.net\\\/wp\\\/category\\\/agro\\\/\",\"nextItem\":{\"@type\":\"ListItem\",\"@id\":\"https:\\\/\\\/radiosul.net\\\/wp\\\/2019\\\/prazo-para-envio-de-comunicados-de-cobertura-e-nascimento-encerra-dia-30\\\/#listItem\",\"name\":\"Prazo para envio de comunicados de cobertura e nascimento encerra dia 30\"},\"previousItem\":{\"@type\":\"ListItem\",\"@id\":\"https:\\\/\\\/radiosul.net\\\/wp#listItem\",\"name\":\"Home\"}},{\"@type\":\"ListItem\",\"@id\":\"https:\\\/\\\/radiosul.net\\\/wp\\\/2019\\\/prazo-para-envio-de-comunicados-de-cobertura-e-nascimento-encerra-dia-30\\\/#listItem\",\"position\":3,\"name\":\"Prazo para envio de comunicados de cobertura e nascimento encerra dia 30\",\"previousItem\":{\"@type\":\"ListItem\",\"@id\":\"https:\\\/\\\/radiosul.net\\\/wp\\\/category\\\/agro\\\/#listItem\",\"name\":\"Agroneg\\u00f3cio\"}}]},{\"@type\":\"Organization\",\"@id\":\"https:\\\/\\\/radiosul.net\\\/wp\\\/#organization\",\"name\":\"radiosul.net\",\"description\":\"Regional por Excel\\u00eancia\",\"url\":\"https:\\\/\\\/radiosul.net\\\/wp\\\/\"},{\"@type\":\"Person\",\"@id\":\"https:\\\/\\\/radiosul.net\\\/wp\\\/author\\\/alejo\\\/#author\",\"url\":\"https:\\\/\\\/radiosul.net\\\/wp\\\/author\\\/alejo\\\/\",\"name\":\"Alejo Bordon\",\"image\":{\"@type\":\"ImageObject\",\"@id\":\"https:\\\/\\\/radiosul.net\\\/wp\\\/2019\\\/prazo-para-envio-de-comunicados-de-cobertura-e-nascimento-encerra-dia-30\\\/#authorImage\",\"url\":\"https:\\\/\\\/secure.gravatar.com\\\/avatar\\\/b3a7e7f1c71212e6a5b7183b79a2ab58dad8bdc4cd4eadd61c4434d010d0bae4?s=96&d=mm&r=g\",\"width\":96,\"height\":96,\"caption\":\"Alejo Bordon\"}},{\"@type\":\"WebPage\",\"@id\":\"https:\\\/\\\/radiosul.net\\\/wp\\\/2019\\\/prazo-para-envio-de-comunicados-de-cobertura-e-nascimento-encerra-dia-30\\\/#webpage\",\"url\":\"https:\\\/\\\/radiosul.net\\\/wp\\\/2019\\\/prazo-para-envio-de-comunicados-de-cobertura-e-nascimento-encerra-dia-30\\\/\",\"name\":\"Prazo para envio de comunicados de cobertura e nascimento encerra dia 30 - radiosul.net\",\"description\":\"Aten\\u00e7\\u00e3o criador, o Setor de Registro Geneal\\u00f3gico da Associa\\u00e7\\u00e3o Brasileira de Hereford e Braford (ABHB) alerta para o t\\u00e9rmino do prazo de envio de comunicados de cobertura e nascimento de animais Hereford e Braford. Conforme a M\\u00e9dica Veterin\\u00e1ria Zilah M. G. Cheuiche, Superintendente do setor, a ABHB estar\\u00e1 recebendo as informa\\u00e7\\u00f5es at\\u00e9 o dia 30\",\"inLanguage\":\"pt-BR\",\"isPartOf\":{\"@id\":\"https:\\\/\\\/radiosul.net\\\/wp\\\/#website\"},\"breadcrumb\":{\"@id\":\"https:\\\/\\\/radiosul.net\\\/wp\\\/2019\\\/prazo-para-envio-de-comunicados-de-cobertura-e-nascimento-encerra-dia-30\\\/#breadcrumblist\"},\"author\":{\"@id\":\"https:\\\/\\\/radiosul.net\\\/wp\\\/author\\\/alejo\\\/#author\"},\"creator\":{\"@id\":\"https:\\\/\\\/radiosul.net\\\/wp\\\/author\\\/alejo\\\/#author\"},\"image\":{\"@type\":\"ImageObject\",\"url\":\"https:\\\/\\\/radiosul.net\\\/wp\\\/wp-content\\\/uploads\\\/2019\\\/11\\\/74602802_2704058202979220_2180935975742472192_o.jpg\",\"@id\":\"https:\\\/\\\/radiosul.net\\\/wp\\\/2019\\\/prazo-para-envio-de-comunicados-de-cobertura-e-nascimento-encerra-dia-30\\\/#mainImage\",\"width\":960,\"height\":960},\"primaryImageOfPage\":{\"@id\":\"https:\\\/\\\/radiosul.net\\\/wp\\\/2019\\\/prazo-para-envio-de-comunicados-de-cobertura-e-nascimento-encerra-dia-30\\\/#mainImage\"},\"datePublished\":\"2019-11-27T07:50:37-03:00\",\"dateModified\":\"2019-11-27T07:50:39-03:00\"},{\"@type\":\"WebSite\",\"@id\":\"https:\\\/\\\/radiosul.net\\\/wp\\\/#website\",\"url\":\"https:\\\/\\\/radiosul.net\\\/wp\\\/\",\"name\":\"radiosul.net\",\"description\":\"Regional por Excel\\u00eancia\",\"inLanguage\":\"pt-BR\",\"publisher\":{\"@id\":\"https:\\\/\\\/radiosul.net\\\/wp\\\/#organization\"}}]}\n\t\t<\/script>\n\t\t<!-- All in One SEO -->\n\n","aioseo_head_json":{"title":"Prazo para envio de comunicados de cobertura e nascimento encerra dia 30 - radiosul.net","description":"Aten\u00e7\u00e3o criador, o Setor de Registro Geneal\u00f3gico da Associa\u00e7\u00e3o Brasileira de Hereford e Braford (ABHB) alerta para o t\u00e9rmino do prazo de envio de comunicados de cobertura e nascimento de animais Hereford e Braford. Conforme a M\u00e9dica Veterin\u00e1ria Zilah M. G. Cheuiche, Superintendente do setor, a ABHB estar\u00e1 recebendo as informa\u00e7\u00f5es at\u00e9 o dia 30","canonical_url":"https:\/\/radiosul.net\/wp\/2019\/prazo-para-envio-de-comunicados-de-cobertura-e-nascimento-encerra-dia-30\/","robots":"max-image-preview:large","keywords":"","webmasterTools":{"miscellaneous":""},"schema":{"@context":"https:\/\/schema.org","@graph":[{"@type":"BlogPosting","@id":"https:\/\/radiosul.net\/wp\/2019\/prazo-para-envio-de-comunicados-de-cobertura-e-nascimento-encerra-dia-30\/#blogposting","name":"Prazo para envio de comunicados de cobertura e nascimento encerra dia 30 - radiosul.net","headline":"Prazo para envio de comunicados de cobertura e nascimento encerra dia 30","author":{"@id":"https:\/\/radiosul.net\/wp\/author\/alejo\/#author"},"publisher":{"@id":"https:\/\/radiosul.net\/wp\/#organization"},"image":{"@type":"ImageObject","url":"https:\/\/radiosul.net\/wp\/wp-content\/uploads\/2019\/11\/74602802_2704058202979220_2180935975742472192_o.jpg","width":960,"height":960},"datePublished":"2019-11-27T07:50:37-03:00","dateModified":"2019-11-27T07:50:39-03:00","inLanguage":"pt-BR","mainEntityOfPage":{"@id":"https:\/\/radiosul.net\/wp\/2019\/prazo-para-envio-de-comunicados-de-cobertura-e-nascimento-encerra-dia-30\/#webpage"},"isPartOf":{"@id":"https:\/\/radiosul.net\/wp\/2019\/prazo-para-envio-de-comunicados-de-cobertura-e-nascimento-encerra-dia-30\/#webpage"},"articleSection":"Agroneg\u00f3cio, Destaque"},{"@type":"BreadcrumbList","@id":"https:\/\/radiosul.net\/wp\/2019\/prazo-para-envio-de-comunicados-de-cobertura-e-nascimento-encerra-dia-30\/#breadcrumblist","itemListElement":[{"@type":"ListItem","@id":"https:\/\/radiosul.net\/wp#listItem","position":1,"name":"Home","item":"https:\/\/radiosul.net\/wp","nextItem":{"@type":"ListItem","@id":"https:\/\/radiosul.net\/wp\/category\/agro\/#listItem","name":"Agroneg\u00f3cio"}},{"@type":"ListItem","@id":"https:\/\/radiosul.net\/wp\/category\/agro\/#listItem","position":2,"name":"Agroneg\u00f3cio","item":"https:\/\/radiosul.net\/wp\/category\/agro\/","nextItem":{"@type":"ListItem","@id":"https:\/\/radiosul.net\/wp\/2019\/prazo-para-envio-de-comunicados-de-cobertura-e-nascimento-encerra-dia-30\/#listItem","name":"Prazo para envio de comunicados de cobertura e nascimento encerra dia 30"},"previousItem":{"@type":"ListItem","@id":"https:\/\/radiosul.net\/wp#listItem","name":"Home"}},{"@type":"ListItem","@id":"https:\/\/radiosul.net\/wp\/2019\/prazo-para-envio-de-comunicados-de-cobertura-e-nascimento-encerra-dia-30\/#listItem","position":3,"name":"Prazo para envio de comunicados de cobertura e nascimento encerra dia 30","previousItem":{"@type":"ListItem","@id":"https:\/\/radiosul.net\/wp\/category\/agro\/#listItem","name":"Agroneg\u00f3cio"}}]},{"@type":"Organization","@id":"https:\/\/radiosul.net\/wp\/#organization","name":"radiosul.net","description":"Regional por Excel\u00eancia","url":"https:\/\/radiosul.net\/wp\/"},{"@type":"Person","@id":"https:\/\/radiosul.net\/wp\/author\/alejo\/#author","url":"https:\/\/radiosul.net\/wp\/author\/alejo\/","name":"Alejo Bordon","image":{"@type":"ImageObject","@id":"https:\/\/radiosul.net\/wp\/2019\/prazo-para-envio-de-comunicados-de-cobertura-e-nascimento-encerra-dia-30\/#authorImage","url":"https:\/\/secure.gravatar.com\/avatar\/b3a7e7f1c71212e6a5b7183b79a2ab58dad8bdc4cd4eadd61c4434d010d0bae4?s=96&d=mm&r=g","width":96,"height":96,"caption":"Alejo Bordon"}},{"@type":"WebPage","@id":"https:\/\/radiosul.net\/wp\/2019\/prazo-para-envio-de-comunicados-de-cobertura-e-nascimento-encerra-dia-30\/#webpage","url":"https:\/\/radiosul.net\/wp\/2019\/prazo-para-envio-de-comunicados-de-cobertura-e-nascimento-encerra-dia-30\/","name":"Prazo para envio de comunicados de cobertura e nascimento encerra dia 30 - radiosul.net","description":"Aten\u00e7\u00e3o criador, o Setor de Registro Geneal\u00f3gico da Associa\u00e7\u00e3o Brasileira de Hereford e Braford (ABHB) alerta para o t\u00e9rmino do prazo de envio de comunicados de cobertura e nascimento de animais Hereford e Braford. Conforme a M\u00e9dica Veterin\u00e1ria Zilah M. G. Cheuiche, Superintendente do setor, a ABHB estar\u00e1 recebendo as informa\u00e7\u00f5es at\u00e9 o dia 30","inLanguage":"pt-BR","isPartOf":{"@id":"https:\/\/radiosul.net\/wp\/#website"},"breadcrumb":{"@id":"https:\/\/radiosul.net\/wp\/2019\/prazo-para-envio-de-comunicados-de-cobertura-e-nascimento-encerra-dia-30\/#breadcrumblist"},"author":{"@id":"https:\/\/radiosul.net\/wp\/author\/alejo\/#author"},"creator":{"@id":"https:\/\/radiosul.net\/wp\/author\/alejo\/#author"},"image":{"@type":"ImageObject","url":"https:\/\/radiosul.net\/wp\/wp-content\/uploads\/2019\/11\/74602802_2704058202979220_2180935975742472192_o.jpg","@id":"https:\/\/radiosul.net\/wp\/2019\/prazo-para-envio-de-comunicados-de-cobertura-e-nascimento-encerra-dia-30\/#mainImage","width":960,"height":960},"primaryImageOfPage":{"@id":"https:\/\/radiosul.net\/wp\/2019\/prazo-para-envio-de-comunicados-de-cobertura-e-nascimento-encerra-dia-30\/#mainImage"},"datePublished":"2019-11-27T07:50:37-03:00","dateModified":"2019-11-27T07:50:39-03:00"},{"@type":"WebSite","@id":"https:\/\/radiosul.net\/wp\/#website","url":"https:\/\/radiosul.net\/wp\/","name":"radiosul.net","description":"Regional por Excel\u00eancia","inLanguage":"pt-BR","publisher":{"@id":"https:\/\/radiosul.net\/wp\/#organization"}}]},"og:locale":"pt_BR","og:site_name":"radiosul.net - Regional por Excel\u00eancia","og:type":"article","og:title":"Prazo para envio de comunicados de cobertura e nascimento encerra dia 30 - radiosul.net","og:description":"Aten\u00e7\u00e3o criador, o Setor de Registro Geneal\u00f3gico da Associa\u00e7\u00e3o Brasileira de Hereford e Braford (ABHB) alerta para o t\u00e9rmino do prazo de envio de comunicados de cobertura e nascimento de animais Hereford e Braford. Conforme a M\u00e9dica Veterin\u00e1ria Zilah M. G. Cheuiche, Superintendente do setor, a ABHB estar\u00e1 recebendo as informa\u00e7\u00f5es at\u00e9 o dia 30","og:url":"https:\/\/radiosul.net\/wp\/2019\/prazo-para-envio-de-comunicados-de-cobertura-e-nascimento-encerra-dia-30\/","article:published_time":"2019-11-27T10:50:37+00:00","article:modified_time":"2019-11-27T10:50:39+00:00","twitter:card":"summary_large_image","twitter:title":"Prazo para envio de comunicados de cobertura e nascimento encerra dia 30 - radiosul.net","twitter:description":"Aten\u00e7\u00e3o criador, o Setor de Registro Geneal\u00f3gico da Associa\u00e7\u00e3o Brasileira de Hereford e Braford (ABHB) alerta para o t\u00e9rmino do prazo de envio de comunicados de cobertura e nascimento de animais Hereford e Braford. Conforme a M\u00e9dica Veterin\u00e1ria Zilah M. G. Cheuiche, Superintendente do setor, a ABHB estar\u00e1 recebendo as informa\u00e7\u00f5es at\u00e9 o dia 30"},"aioseo_meta_data":{"post_id":"9376","title":null,"description":null,"keywords":null,"keyphrases":null,"primary_term":null,"canonical_url":null,"og_title":null,"og_description":null,"og_object_type":"default","og_image_type":"default","og_image_url":null,"og_image_width":null,"og_image_height":null,"og_image_custom_url":null,"og_image_custom_fields":null,"og_video":null,"og_custom_url":null,"og_article_section":null,"og_article_tags":null,"twitter_use_og":false,"twitter_card":"default","twitter_image_type":"default","twitter_image_url":null,"twitter_image_custom_url":null,"twitter_image_custom_fields":null,"twitter_title":null,"twitter_description":null,"schema":{"blockGraphs":[],"customGraphs":[],"default":{"data":{"Article":[],"Course":[],"Dataset":[],"FAQPage":[],"Movie":[],"Person":[],"Product":[],"ProductReview":[],"Car":[],"Recipe":[],"Service":[],"SoftwareApplication":[],"WebPage":[]},"graphName":"","isEnabled":true},"graphs":[]},"schema_type":"default","schema_type_options":null,"pillar_content":false,"robots_default":true,"robots_noindex":false,"robots_noarchive":false,"robots_nosnippet":false,"robots_nofollow":false,"robots_noimageindex":false,"robots_noodp":false,"robots_notranslate":false,"robots_max_snippet":null,"robots_max_videopreview":null,"robots_max_imagepreview":"large","priority":null,"frequency":null,"local_seo":null,"breadcrumb_settings":null,"limit_modified_date":false,"ai":null,"created":"2026-01-08 18:14:41","updated":"2026-01-08 18:14:41","seo_analyzer_scan_date":null,"focus_keyword":null,"additional_keywords":null,"truseo_locale":null},"aioseo_breadcrumb":"<div class=\"aioseo-breadcrumbs\"><span class=\"aioseo-breadcrumb\">\n\t\t\t<a href=\"https:\/\/radiosul.net\/wp\" title=\"Home\">Home<\/a>\n\t\t<\/span><span class=\"aioseo-breadcrumb-separator\">&raquo;<\/span><span class=\"aioseo-breadcrumb\">\n\t\t\t<a href=\"https:\/\/radiosul.net\/wp\/category\/agro\/\" title=\"Agroneg\u00f3cio\">Agroneg\u00f3cio<\/a>\n\t\t<\/span><span class=\"aioseo-breadcrumb-separator\">&raquo;<\/span><span class=\"aioseo-breadcrumb\">\n\t\t\tPrazo para envio de comunicados de cobertura e nascimento encerra dia 30\n\t\t<\/span><\/div>","aioseo_breadcrumb_json":[{"label":"Home","link":"https:\/\/radiosul.net\/wp"},{"label":"Agroneg\u00f3cio","link":"https:\/\/radiosul.net\/wp\/category\/agro\/"},{"label":"Prazo para envio de comunicados de cobertura e nascimento encerra dia 30","link":"https:\/\/radiosul.net\/wp\/2019\/prazo-para-envio-de-comunicados-de-cobertura-e-nascimento-encerra-dia-30\/"}],"_links":{"self":[{"href":"https:\/\/radiosul.net\/wp\/wp-json\/wp\/v2\/posts\/9376","targetHints":{"allow":["GET"]}}],"collection":[{"href":"https:\/\/radiosul.net\/wp\/wp-json\/wp\/v2\/posts"}],"about":[{"href":"https:\/\/radiosul.net\/wp\/wp-json\/wp\/v2\/types\/post"}],"author":[{"embeddable":true,"href":"https:\/\/radiosul.net\/wp\/wp-json\/wp\/v2\/users\/9"}],"replies":[{"embeddable":true,"href":"https:\/\/radiosul.net\/wp\/wp-json\/wp\/v2\/comments?post=9376"}],"version-history":[{"count":1,"href":"https:\/\/radiosul.net\/wp\/wp-json\/wp\/v2\/posts\/9376\/revisions"}],"predecessor-version":[{"id":9378,"href":"https:\/\/radiosul.net\/wp\/wp-json\/wp\/v2\/posts\/9376\/revisions\/9378"}],"wp:featuredmedia":[{"embeddable":true,"href":"https:\/\/radiosul.net\/wp\/wp-json\/wp\/v2\/media\/9377"}],"wp:attachment":[{"href":"https:\/\/radiosul.net\/wp\/wp-json\/wp\/v2\/media?parent=9376"}],"wp:term":[{"taxonomy":"category","embeddable":true,"href":"https:\/\/radiosul.net\/wp\/wp-json\/wp\/v2\/categories?post=9376"},{"taxonomy":"post_tag","embeddable":true,"href":"https:\/\/radiosul.net\/wp\/wp-json\/wp\/v2\/tags?post=9376"}],"curies":[{"name":"wp","href":"https:\/\/api.w.org\/{rel}","templated":true}]}}