{"id":9259,"date":"2019-11-21T08:40:38","date_gmt":"2019-11-21T11:40:38","guid":{"rendered":"http:\/\/radiosul.net\/wp\/?p=9259"},"modified":"2019-11-21T08:40:40","modified_gmt":"2019-11-21T11:40:40","slug":"vendas-para-o-centro-e-norte-do-pais-impulsionam-racas-hereford-e-braford-na-primavera","status":"publish","type":"post","link":"https:\/\/radiosul.net\/wp\/2019\/vendas-para-o-centro-e-norte-do-pais-impulsionam-racas-hereford-e-braford-na-primavera\/","title":{"rendered":"Vendas para o Centro e Norte do pa\u00eds impulsionam ra\u00e7as Hereford e Braford na Primavera"},"content":{"rendered":"\n<p class=\"wp-block-paragraph\"><em>Segundo a ABHB, comercializa\u00e7\u00e3o atingiu diversos Estados brasileiros com participa\u00e7\u00e3o de pecuaristas de locais como Acre, Maranh\u00e3o e Par\u00e1<\/em><\/p>\n\n\n\n<p class=\"wp-block-paragraph\">\n\nPulveriza\u00e7\u00e3o das vendas marcaram os leil\u00f5es da temporada de primavera para os criadores ga\u00fachos das ra\u00e7as Hereford e Braford. V\u00e1rios Estados brasileiros adquiriram exemplares e gen\u00e9tica nos remates realizados no Rio Grande do Sul durante o tradicional per\u00edodo de vendas da pecu\u00e1ria.<\/p>\n\n\n\n<p class=\"wp-block-paragraph\">O presidente da Associa\u00e7\u00e3o Brasileira de Hereford e Braford (ABHB), Luciano Dornelles, destaca, entretanto, que pecuaristas dos Estados do norte do Brasil come\u00e7am a se interessar pelas ra\u00e7as. De acordo com ele, Acre, Maranh\u00e3o e Par\u00e1 fizeram v\u00e1rias aquisi\u00e7\u00f5es. \u201cHouve uma pulveriza\u00e7\u00e3o com rela\u00e7\u00e3o as vendas. Estes mercados est\u00e3o se abrindo e adquirindo nossa gen\u00e9tica\u201d, avalia.<\/p>\n\n\n\n<p class=\"wp-block-paragraph\">Segundo Dornelles, tamb\u00e9m predominaram as vendas para Goi\u00e1s, Minas Gerais, Paran\u00e1 e S\u00e3o Paulo. \u201cFoi um ano muito bom para as nossas ra\u00e7as como um todo. Os eventos que tivemos e os remates que ocorreram atenderam as nossas expectativas em rela\u00e7\u00e3o a comercializa\u00e7\u00e3o\u201d, afirma.<\/p>\n\n\n\n<p class=\"wp-block-paragraph\">O presidente da ABHB finaliza destacando que as vendas, tanto para Hereford e Braford, de machos e f\u00eameas, tiveram resultados robustos. \u201cPraticamente a totalidade dos animais ofertados foram comercializados. Alguns remates tiveram importantes vendas com rela\u00e7\u00e3o a valores expressivos e, sem d\u00favida nenhuma, houve uma comprova\u00e7\u00e3o bastante importante da qualidade gen\u00e9tica dos materiais oferecidos Hereford e Braford\u201d, salienta.<\/p>\n\n\n\n<p class=\"wp-block-paragraph\">Nos leil\u00f5es chancelados pela ABHB, conforme dados da entidade, as m\u00e9dias nos machos fecharam em R$ 10,48 mil no Braford e R$ 9,27 mil no Hereford. J\u00e1 entre as f\u00eameas, a m\u00e9dia ficou em 5,1 mil no Braford e R$ 4,23 mil no Hereford. <\/p>\n\n\n\n<p class=\"wp-block-paragraph\"><strong><em>Fonte: Larissa Mamouna\/AgroEffective<\/em><\/strong><\/p>\n","protected":false},"excerpt":{"rendered":"<p>Segundo a ABHB, comercializa\u00e7\u00e3o atingiu diversos Estados brasileiros com participa\u00e7\u00e3o de pecuaristas de locais como Acre, Maranh\u00e3o e Par\u00e1 Pulveriza\u00e7\u00e3o das vendas marcaram os leil\u00f5es da temporada de primavera para os criadores ga\u00fachos das ra\u00e7as Hereford e Braford. V\u00e1rios Estados brasileiros adquiriram exemplares e gen\u00e9tica nos remates realizados no Rio Grande do Sul durante o &hellip;<\/p>\n","protected":false},"author":9,"featured_media":9260,"comment_status":"closed","ping_status":"closed","sticky":false,"template":"","format":"standard","meta":{"_monsterinsights_skip_tracking":false,"_uf_show_specific_survey":0,"_uf_disable_surveys":false,"footnotes":""},"categories":[1,126],"tags":[],"class_list":["post-9259","post","type-post","status-publish","format-standard","has-post-thumbnail","hentry","category-agro","category-destacados"],"aioseo_notices":[],"aioseo_head":"\n\t\t<!-- All in One SEO 5.0.1.1 - aioseo.com -->\n\t<meta name=\"description\" content=\"Segundo a ABHB, comercializa\u00e7\u00e3o atingiu diversos Estados brasileiros com participa\u00e7\u00e3o de pecuaristas de locais como Acre, Maranh\u00e3o e Par\u00e1 Pulveriza\u00e7\u00e3o das vendas marcaram os leil\u00f5es da temporada de primavera para os criadores ga\u00fachos das ra\u00e7as Hereford e Braford. V\u00e1rios Estados brasileiros adquiriram exemplares e gen\u00e9tica nos remates realizados no Rio Grande do Sul durante o\" \/>\n\t<meta name=\"robots\" content=\"max-image-preview:large\" \/>\n\t<meta name=\"author\" content=\"Alejo Bordon\"\/>\n\t<link rel=\"canonical\" href=\"https:\/\/radiosul.net\/wp\/2019\/vendas-para-o-centro-e-norte-do-pais-impulsionam-racas-hereford-e-braford-na-primavera\/\" \/>\n\t<meta name=\"generator\" content=\"All in One SEO (AIOSEO) 5.0.1.1\" \/>\n\t\t<meta property=\"og:locale\" content=\"pt_BR\" \/>\n\t\t<meta property=\"og:site_name\" content=\"radiosul.net - Regional por Excel\u00eancia\" \/>\n\t\t<meta property=\"og:type\" content=\"article\" \/>\n\t\t<meta property=\"og:title\" content=\"Vendas para o Centro e Norte do pa\u00eds impulsionam ra\u00e7as Hereford e Braford na Primavera - radiosul.net\" \/>\n\t\t<meta property=\"og:description\" content=\"Segundo a ABHB, comercializa\u00e7\u00e3o atingiu diversos Estados brasileiros com participa\u00e7\u00e3o de pecuaristas de locais como Acre, Maranh\u00e3o e Par\u00e1 Pulveriza\u00e7\u00e3o das vendas marcaram os leil\u00f5es da temporada de primavera para os criadores ga\u00fachos das ra\u00e7as Hereford e Braford. V\u00e1rios Estados brasileiros adquiriram exemplares e gen\u00e9tica nos remates realizados no Rio Grande do Sul durante o\" \/>\n\t\t<meta property=\"og:url\" content=\"https:\/\/radiosul.net\/wp\/2019\/vendas-para-o-centro-e-norte-do-pais-impulsionam-racas-hereford-e-braford-na-primavera\/\" \/>\n\t\t<meta property=\"article:published_time\" content=\"2019-11-21T11:40:38+00:00\" \/>\n\t\t<meta property=\"article:modified_time\" content=\"2019-11-21T11:40:40+00:00\" \/>\n\t\t<meta name=\"twitter:card\" content=\"summary_large_image\" \/>\n\t\t<meta name=\"twitter:title\" content=\"Vendas para o Centro e Norte do pa\u00eds impulsionam ra\u00e7as Hereford e Braford na Primavera - radiosul.net\" \/>\n\t\t<meta name=\"twitter:description\" content=\"Segundo a ABHB, comercializa\u00e7\u00e3o atingiu diversos Estados brasileiros com participa\u00e7\u00e3o de pecuaristas de locais como Acre, Maranh\u00e3o e Par\u00e1 Pulveriza\u00e7\u00e3o das vendas marcaram os leil\u00f5es da temporada de primavera para os criadores ga\u00fachos das ra\u00e7as Hereford e Braford. V\u00e1rios Estados brasileiros adquiriram exemplares e gen\u00e9tica nos remates realizados no Rio Grande do Sul durante o\" \/>\n\t\t<script type=\"application\/ld+json\" class=\"aioseo-schema\">\n\t\t\t{\"@context\":\"https:\\\/\\\/schema.org\",\"@graph\":[{\"@type\":\"BlogPosting\",\"@id\":\"https:\\\/\\\/radiosul.net\\\/wp\\\/2019\\\/vendas-para-o-centro-e-norte-do-pais-impulsionam-racas-hereford-e-braford-na-primavera\\\/#blogposting\",\"name\":\"Vendas para o Centro e Norte do pa\\u00eds impulsionam ra\\u00e7as Hereford e Braford na Primavera - radiosul.net\",\"headline\":\"Vendas para o Centro e Norte do pa\\u00eds impulsionam ra\\u00e7as Hereford e Braford na Primavera\",\"author\":{\"@id\":\"https:\\\/\\\/radiosul.net\\\/wp\\\/author\\\/alejo\\\/#author\"},\"publisher\":{\"@id\":\"https:\\\/\\\/radiosul.net\\\/wp\\\/#organization\"},\"image\":{\"@type\":\"ImageObject\",\"url\":\"https:\\\/\\\/radiosul.net\\\/wp\\\/wp-content\\\/uploads\\\/2019\\\/11\\\/Leil\\u00e3o-HB-Cr\\u00e9dito-Murilo-Alves-Divulga\\u00e7\\u00e3o-scaled.jpg\",\"width\":2560,\"height\":1702,\"caption\":\"Foto: Murilo Alves\\\/Divulga\\u00e7\\u00e3o\"},\"datePublished\":\"2019-11-21T08:40:38-03:00\",\"dateModified\":\"2019-11-21T08:40:40-03:00\",\"inLanguage\":\"pt-BR\",\"mainEntityOfPage\":{\"@id\":\"https:\\\/\\\/radiosul.net\\\/wp\\\/2019\\\/vendas-para-o-centro-e-norte-do-pais-impulsionam-racas-hereford-e-braford-na-primavera\\\/#webpage\"},\"isPartOf\":{\"@id\":\"https:\\\/\\\/radiosul.net\\\/wp\\\/2019\\\/vendas-para-o-centro-e-norte-do-pais-impulsionam-racas-hereford-e-braford-na-primavera\\\/#webpage\"},\"articleSection\":\"Agroneg\\u00f3cio, Destaque\"},{\"@type\":\"BreadcrumbList\",\"@id\":\"https:\\\/\\\/radiosul.net\\\/wp\\\/2019\\\/vendas-para-o-centro-e-norte-do-pais-impulsionam-racas-hereford-e-braford-na-primavera\\\/#breadcrumblist\",\"itemListElement\":[{\"@type\":\"ListItem\",\"@id\":\"https:\\\/\\\/radiosul.net\\\/wp#listItem\",\"position\":1,\"name\":\"Home\",\"item\":\"https:\\\/\\\/radiosul.net\\\/wp\",\"nextItem\":{\"@type\":\"ListItem\",\"@id\":\"https:\\\/\\\/radiosul.net\\\/wp\\\/category\\\/agro\\\/#listItem\",\"name\":\"Agroneg\\u00f3cio\"}},{\"@type\":\"ListItem\",\"@id\":\"https:\\\/\\\/radiosul.net\\\/wp\\\/category\\\/agro\\\/#listItem\",\"position\":2,\"name\":\"Agroneg\\u00f3cio\",\"item\":\"https:\\\/\\\/radiosul.net\\\/wp\\\/category\\\/agro\\\/\",\"nextItem\":{\"@type\":\"ListItem\",\"@id\":\"https:\\\/\\\/radiosul.net\\\/wp\\\/2019\\\/vendas-para-o-centro-e-norte-do-pais-impulsionam-racas-hereford-e-braford-na-primavera\\\/#listItem\",\"name\":\"Vendas para o Centro e Norte do pa\\u00eds impulsionam ra\\u00e7as Hereford e Braford na Primavera\"},\"previousItem\":{\"@type\":\"ListItem\",\"@id\":\"https:\\\/\\\/radiosul.net\\\/wp#listItem\",\"name\":\"Home\"}},{\"@type\":\"ListItem\",\"@id\":\"https:\\\/\\\/radiosul.net\\\/wp\\\/2019\\\/vendas-para-o-centro-e-norte-do-pais-impulsionam-racas-hereford-e-braford-na-primavera\\\/#listItem\",\"position\":3,\"name\":\"Vendas para o Centro e Norte do pa\\u00eds impulsionam ra\\u00e7as Hereford e Braford na Primavera\",\"previousItem\":{\"@type\":\"ListItem\",\"@id\":\"https:\\\/\\\/radiosul.net\\\/wp\\\/category\\\/agro\\\/#listItem\",\"name\":\"Agroneg\\u00f3cio\"}}]},{\"@type\":\"Organization\",\"@id\":\"https:\\\/\\\/radiosul.net\\\/wp\\\/#organization\",\"name\":\"radiosul.net\",\"description\":\"Regional por Excel\\u00eancia\",\"url\":\"https:\\\/\\\/radiosul.net\\\/wp\\\/\"},{\"@type\":\"Person\",\"@id\":\"https:\\\/\\\/radiosul.net\\\/wp\\\/author\\\/alejo\\\/#author\",\"url\":\"https:\\\/\\\/radiosul.net\\\/wp\\\/author\\\/alejo\\\/\",\"name\":\"Alejo Bordon\",\"image\":{\"@type\":\"ImageObject\",\"@id\":\"https:\\\/\\\/radiosul.net\\\/wp\\\/2019\\\/vendas-para-o-centro-e-norte-do-pais-impulsionam-racas-hereford-e-braford-na-primavera\\\/#authorImage\",\"url\":\"https:\\\/\\\/secure.gravatar.com\\\/avatar\\\/b3a7e7f1c71212e6a5b7183b79a2ab58dad8bdc4cd4eadd61c4434d010d0bae4?s=96&d=mm&r=g\",\"width\":96,\"height\":96,\"caption\":\"Alejo Bordon\"}},{\"@type\":\"WebPage\",\"@id\":\"https:\\\/\\\/radiosul.net\\\/wp\\\/2019\\\/vendas-para-o-centro-e-norte-do-pais-impulsionam-racas-hereford-e-braford-na-primavera\\\/#webpage\",\"url\":\"https:\\\/\\\/radiosul.net\\\/wp\\\/2019\\\/vendas-para-o-centro-e-norte-do-pais-impulsionam-racas-hereford-e-braford-na-primavera\\\/\",\"name\":\"Vendas para o Centro e Norte do pa\\u00eds impulsionam ra\\u00e7as Hereford e Braford na Primavera - radiosul.net\",\"description\":\"Segundo a ABHB, comercializa\\u00e7\\u00e3o atingiu diversos Estados brasileiros com participa\\u00e7\\u00e3o de pecuaristas de locais como Acre, Maranh\\u00e3o e Par\\u00e1 Pulveriza\\u00e7\\u00e3o das vendas marcaram os leil\\u00f5es da temporada de primavera para os criadores ga\\u00fachos das ra\\u00e7as Hereford e Braford. V\\u00e1rios Estados brasileiros adquiriram exemplares e gen\\u00e9tica nos remates realizados no Rio Grande do Sul durante o\",\"inLanguage\":\"pt-BR\",\"isPartOf\":{\"@id\":\"https:\\\/\\\/radiosul.net\\\/wp\\\/#website\"},\"breadcrumb\":{\"@id\":\"https:\\\/\\\/radiosul.net\\\/wp\\\/2019\\\/vendas-para-o-centro-e-norte-do-pais-impulsionam-racas-hereford-e-braford-na-primavera\\\/#breadcrumblist\"},\"author\":{\"@id\":\"https:\\\/\\\/radiosul.net\\\/wp\\\/author\\\/alejo\\\/#author\"},\"creator\":{\"@id\":\"https:\\\/\\\/radiosul.net\\\/wp\\\/author\\\/alejo\\\/#author\"},\"image\":{\"@type\":\"ImageObject\",\"url\":\"https:\\\/\\\/radiosul.net\\\/wp\\\/wp-content\\\/uploads\\\/2019\\\/11\\\/Leil\\u00e3o-HB-Cr\\u00e9dito-Murilo-Alves-Divulga\\u00e7\\u00e3o-scaled.jpg\",\"@id\":\"https:\\\/\\\/radiosul.net\\\/wp\\\/2019\\\/vendas-para-o-centro-e-norte-do-pais-impulsionam-racas-hereford-e-braford-na-primavera\\\/#mainImage\",\"width\":2560,\"height\":1702,\"caption\":\"Foto: Murilo Alves\\\/Divulga\\u00e7\\u00e3o\"},\"primaryImageOfPage\":{\"@id\":\"https:\\\/\\\/radiosul.net\\\/wp\\\/2019\\\/vendas-para-o-centro-e-norte-do-pais-impulsionam-racas-hereford-e-braford-na-primavera\\\/#mainImage\"},\"datePublished\":\"2019-11-21T08:40:38-03:00\",\"dateModified\":\"2019-11-21T08:40:40-03:00\"},{\"@type\":\"WebSite\",\"@id\":\"https:\\\/\\\/radiosul.net\\\/wp\\\/#website\",\"url\":\"https:\\\/\\\/radiosul.net\\\/wp\\\/\",\"name\":\"radiosul.net\",\"description\":\"Regional por Excel\\u00eancia\",\"inLanguage\":\"pt-BR\",\"publisher\":{\"@id\":\"https:\\\/\\\/radiosul.net\\\/wp\\\/#organization\"}}]}\n\t\t<\/script>\n\t\t<!-- All in One SEO -->\n\n","aioseo_head_json":{"title":"Vendas para o Centro e Norte do pa\u00eds impulsionam ra\u00e7as Hereford e Braford na Primavera - radiosul.net","description":"Segundo a ABHB, comercializa\u00e7\u00e3o atingiu diversos Estados brasileiros com participa\u00e7\u00e3o de pecuaristas de locais como Acre, Maranh\u00e3o e Par\u00e1 Pulveriza\u00e7\u00e3o das vendas marcaram os leil\u00f5es da temporada de primavera para os criadores ga\u00fachos das ra\u00e7as Hereford e Braford. V\u00e1rios Estados brasileiros adquiriram exemplares e gen\u00e9tica nos remates realizados no Rio Grande do Sul durante o","canonical_url":"https:\/\/radiosul.net\/wp\/2019\/vendas-para-o-centro-e-norte-do-pais-impulsionam-racas-hereford-e-braford-na-primavera\/","robots":"max-image-preview:large","keywords":"","webmasterTools":{"miscellaneous":""},"schema":{"@context":"https:\/\/schema.org","@graph":[{"@type":"BlogPosting","@id":"https:\/\/radiosul.net\/wp\/2019\/vendas-para-o-centro-e-norte-do-pais-impulsionam-racas-hereford-e-braford-na-primavera\/#blogposting","name":"Vendas para o Centro e Norte do pa\u00eds impulsionam ra\u00e7as Hereford e Braford na Primavera - radiosul.net","headline":"Vendas para o Centro e Norte do pa\u00eds impulsionam ra\u00e7as Hereford e Braford na Primavera","author":{"@id":"https:\/\/radiosul.net\/wp\/author\/alejo\/#author"},"publisher":{"@id":"https:\/\/radiosul.net\/wp\/#organization"},"image":{"@type":"ImageObject","url":"https:\/\/radiosul.net\/wp\/wp-content\/uploads\/2019\/11\/Leil\u00e3o-HB-Cr\u00e9dito-Murilo-Alves-Divulga\u00e7\u00e3o-scaled.jpg","width":2560,"height":1702,"caption":"Foto: Murilo Alves\/Divulga\u00e7\u00e3o"},"datePublished":"2019-11-21T08:40:38-03:00","dateModified":"2019-11-21T08:40:40-03:00","inLanguage":"pt-BR","mainEntityOfPage":{"@id":"https:\/\/radiosul.net\/wp\/2019\/vendas-para-o-centro-e-norte-do-pais-impulsionam-racas-hereford-e-braford-na-primavera\/#webpage"},"isPartOf":{"@id":"https:\/\/radiosul.net\/wp\/2019\/vendas-para-o-centro-e-norte-do-pais-impulsionam-racas-hereford-e-braford-na-primavera\/#webpage"},"articleSection":"Agroneg\u00f3cio, Destaque"},{"@type":"BreadcrumbList","@id":"https:\/\/radiosul.net\/wp\/2019\/vendas-para-o-centro-e-norte-do-pais-impulsionam-racas-hereford-e-braford-na-primavera\/#breadcrumblist","itemListElement":[{"@type":"ListItem","@id":"https:\/\/radiosul.net\/wp#listItem","position":1,"name":"Home","item":"https:\/\/radiosul.net\/wp","nextItem":{"@type":"ListItem","@id":"https:\/\/radiosul.net\/wp\/category\/agro\/#listItem","name":"Agroneg\u00f3cio"}},{"@type":"ListItem","@id":"https:\/\/radiosul.net\/wp\/category\/agro\/#listItem","position":2,"name":"Agroneg\u00f3cio","item":"https:\/\/radiosul.net\/wp\/category\/agro\/","nextItem":{"@type":"ListItem","@id":"https:\/\/radiosul.net\/wp\/2019\/vendas-para-o-centro-e-norte-do-pais-impulsionam-racas-hereford-e-braford-na-primavera\/#listItem","name":"Vendas para o Centro e Norte do pa\u00eds impulsionam ra\u00e7as Hereford e Braford na Primavera"},"previousItem":{"@type":"ListItem","@id":"https:\/\/radiosul.net\/wp#listItem","name":"Home"}},{"@type":"ListItem","@id":"https:\/\/radiosul.net\/wp\/2019\/vendas-para-o-centro-e-norte-do-pais-impulsionam-racas-hereford-e-braford-na-primavera\/#listItem","position":3,"name":"Vendas para o Centro e Norte do pa\u00eds impulsionam ra\u00e7as Hereford e Braford na Primavera","previousItem":{"@type":"ListItem","@id":"https:\/\/radiosul.net\/wp\/category\/agro\/#listItem","name":"Agroneg\u00f3cio"}}]},{"@type":"Organization","@id":"https:\/\/radiosul.net\/wp\/#organization","name":"radiosul.net","description":"Regional por Excel\u00eancia","url":"https:\/\/radiosul.net\/wp\/"},{"@type":"Person","@id":"https:\/\/radiosul.net\/wp\/author\/alejo\/#author","url":"https:\/\/radiosul.net\/wp\/author\/alejo\/","name":"Alejo Bordon","image":{"@type":"ImageObject","@id":"https:\/\/radiosul.net\/wp\/2019\/vendas-para-o-centro-e-norte-do-pais-impulsionam-racas-hereford-e-braford-na-primavera\/#authorImage","url":"https:\/\/secure.gravatar.com\/avatar\/b3a7e7f1c71212e6a5b7183b79a2ab58dad8bdc4cd4eadd61c4434d010d0bae4?s=96&d=mm&r=g","width":96,"height":96,"caption":"Alejo Bordon"}},{"@type":"WebPage","@id":"https:\/\/radiosul.net\/wp\/2019\/vendas-para-o-centro-e-norte-do-pais-impulsionam-racas-hereford-e-braford-na-primavera\/#webpage","url":"https:\/\/radiosul.net\/wp\/2019\/vendas-para-o-centro-e-norte-do-pais-impulsionam-racas-hereford-e-braford-na-primavera\/","name":"Vendas para o Centro e Norte do pa\u00eds impulsionam ra\u00e7as Hereford e Braford na Primavera - radiosul.net","description":"Segundo a ABHB, comercializa\u00e7\u00e3o atingiu diversos Estados brasileiros com participa\u00e7\u00e3o de pecuaristas de locais como Acre, Maranh\u00e3o e Par\u00e1 Pulveriza\u00e7\u00e3o das vendas marcaram os leil\u00f5es da temporada de primavera para os criadores ga\u00fachos das ra\u00e7as Hereford e Braford. V\u00e1rios Estados brasileiros adquiriram exemplares e gen\u00e9tica nos remates realizados no Rio Grande do Sul durante o","inLanguage":"pt-BR","isPartOf":{"@id":"https:\/\/radiosul.net\/wp\/#website"},"breadcrumb":{"@id":"https:\/\/radiosul.net\/wp\/2019\/vendas-para-o-centro-e-norte-do-pais-impulsionam-racas-hereford-e-braford-na-primavera\/#breadcrumblist"},"author":{"@id":"https:\/\/radiosul.net\/wp\/author\/alejo\/#author"},"creator":{"@id":"https:\/\/radiosul.net\/wp\/author\/alejo\/#author"},"image":{"@type":"ImageObject","url":"https:\/\/radiosul.net\/wp\/wp-content\/uploads\/2019\/11\/Leil\u00e3o-HB-Cr\u00e9dito-Murilo-Alves-Divulga\u00e7\u00e3o-scaled.jpg","@id":"https:\/\/radiosul.net\/wp\/2019\/vendas-para-o-centro-e-norte-do-pais-impulsionam-racas-hereford-e-braford-na-primavera\/#mainImage","width":2560,"height":1702,"caption":"Foto: Murilo Alves\/Divulga\u00e7\u00e3o"},"primaryImageOfPage":{"@id":"https:\/\/radiosul.net\/wp\/2019\/vendas-para-o-centro-e-norte-do-pais-impulsionam-racas-hereford-e-braford-na-primavera\/#mainImage"},"datePublished":"2019-11-21T08:40:38-03:00","dateModified":"2019-11-21T08:40:40-03:00"},{"@type":"WebSite","@id":"https:\/\/radiosul.net\/wp\/#website","url":"https:\/\/radiosul.net\/wp\/","name":"radiosul.net","description":"Regional por Excel\u00eancia","inLanguage":"pt-BR","publisher":{"@id":"https:\/\/radiosul.net\/wp\/#organization"}}]},"og:locale":"pt_BR","og:site_name":"radiosul.net - Regional por Excel\u00eancia","og:type":"article","og:title":"Vendas para o Centro e Norte do pa\u00eds impulsionam ra\u00e7as Hereford e Braford na Primavera - radiosul.net","og:description":"Segundo a ABHB, comercializa\u00e7\u00e3o atingiu diversos Estados brasileiros com participa\u00e7\u00e3o de pecuaristas de locais como Acre, Maranh\u00e3o e Par\u00e1 Pulveriza\u00e7\u00e3o das vendas marcaram os leil\u00f5es da temporada de primavera para os criadores ga\u00fachos das ra\u00e7as Hereford e Braford. V\u00e1rios Estados brasileiros adquiriram exemplares e gen\u00e9tica nos remates realizados no Rio Grande do Sul durante o","og:url":"https:\/\/radiosul.net\/wp\/2019\/vendas-para-o-centro-e-norte-do-pais-impulsionam-racas-hereford-e-braford-na-primavera\/","article:published_time":"2019-11-21T11:40:38+00:00","article:modified_time":"2019-11-21T11:40:40+00:00","twitter:card":"summary_large_image","twitter:title":"Vendas para o Centro e Norte do pa\u00eds impulsionam ra\u00e7as Hereford e Braford na Primavera - radiosul.net","twitter:description":"Segundo a ABHB, comercializa\u00e7\u00e3o atingiu diversos Estados brasileiros com participa\u00e7\u00e3o de pecuaristas de locais como Acre, Maranh\u00e3o e Par\u00e1 Pulveriza\u00e7\u00e3o das vendas marcaram os leil\u00f5es da temporada de primavera para os criadores ga\u00fachos das ra\u00e7as Hereford e Braford. V\u00e1rios Estados brasileiros adquiriram exemplares e gen\u00e9tica nos remates realizados no Rio Grande do Sul durante o"},"aioseo_meta_data":{"post_id":"9259","title":null,"description":null,"keywords":null,"keyphrases":null,"primary_term":null,"canonical_url":null,"og_title":null,"og_description":null,"og_object_type":"default","og_image_type":"default","og_image_url":null,"og_image_width":null,"og_image_height":null,"og_image_custom_url":null,"og_image_custom_fields":null,"og_video":null,"og_custom_url":null,"og_article_section":null,"og_article_tags":null,"twitter_use_og":false,"twitter_card":"default","twitter_image_type":"default","twitter_image_url":null,"twitter_image_custom_url":null,"twitter_image_custom_fields":null,"twitter_title":null,"twitter_description":null,"schema":{"blockGraphs":[],"customGraphs":[],"default":{"data":{"Article":[],"Course":[],"Dataset":[],"FAQPage":[],"Movie":[],"Person":[],"Product":[],"ProductReview":[],"Car":[],"Recipe":[],"Service":[],"SoftwareApplication":[],"WebPage":[]},"graphName":"","isEnabled":true},"graphs":[]},"schema_type":"default","schema_type_options":null,"pillar_content":false,"robots_default":true,"robots_noindex":false,"robots_noarchive":false,"robots_nosnippet":false,"robots_nofollow":false,"robots_noimageindex":false,"robots_noodp":false,"robots_notranslate":false,"robots_max_snippet":null,"robots_max_videopreview":null,"robots_max_imagepreview":"large","priority":null,"frequency":null,"local_seo":null,"breadcrumb_settings":null,"limit_modified_date":false,"ai":null,"created":"2026-01-08 18:10:38","updated":"2026-01-08 18:10:38","seo_analyzer_scan_date":null,"focus_keyword":null,"additional_keywords":null,"truseo_locale":null},"aioseo_breadcrumb":"<div class=\"aioseo-breadcrumbs\"><span class=\"aioseo-breadcrumb\">\n\t\t\t<a href=\"https:\/\/radiosul.net\/wp\" title=\"Home\">Home<\/a>\n\t\t<\/span><span class=\"aioseo-breadcrumb-separator\">&raquo;<\/span><span class=\"aioseo-breadcrumb\">\n\t\t\t<a href=\"https:\/\/radiosul.net\/wp\/category\/agro\/\" title=\"Agroneg\u00f3cio\">Agroneg\u00f3cio<\/a>\n\t\t<\/span><span class=\"aioseo-breadcrumb-separator\">&raquo;<\/span><span class=\"aioseo-breadcrumb\">\n\t\t\tVendas para o Centro e Norte do pa\u00eds impulsionam ra\u00e7as Hereford e Braford na Primavera\n\t\t<\/span><\/div>","aioseo_breadcrumb_json":[{"label":"Home","link":"https:\/\/radiosul.net\/wp"},{"label":"Agroneg\u00f3cio","link":"https:\/\/radiosul.net\/wp\/category\/agro\/"},{"label":"Vendas para o Centro e Norte do pa\u00eds impulsionam ra\u00e7as Hereford e Braford na Primavera","link":"https:\/\/radiosul.net\/wp\/2019\/vendas-para-o-centro-e-norte-do-pais-impulsionam-racas-hereford-e-braford-na-primavera\/"}],"_links":{"self":[{"href":"https:\/\/radiosul.net\/wp\/wp-json\/wp\/v2\/posts\/9259","targetHints":{"allow":["GET"]}}],"collection":[{"href":"https:\/\/radiosul.net\/wp\/wp-json\/wp\/v2\/posts"}],"about":[{"href":"https:\/\/radiosul.net\/wp\/wp-json\/wp\/v2\/types\/post"}],"author":[{"embeddable":true,"href":"https:\/\/radiosul.net\/wp\/wp-json\/wp\/v2\/users\/9"}],"replies":[{"embeddable":true,"href":"https:\/\/radiosul.net\/wp\/wp-json\/wp\/v2\/comments?post=9259"}],"version-history":[{"count":1,"href":"https:\/\/radiosul.net\/wp\/wp-json\/wp\/v2\/posts\/9259\/revisions"}],"predecessor-version":[{"id":9261,"href":"https:\/\/radiosul.net\/wp\/wp-json\/wp\/v2\/posts\/9259\/revisions\/9261"}],"wp:featuredmedia":[{"embeddable":true,"href":"https:\/\/radiosul.net\/wp\/wp-json\/wp\/v2\/media\/9260"}],"wp:attachment":[{"href":"https:\/\/radiosul.net\/wp\/wp-json\/wp\/v2\/media?parent=9259"}],"wp:term":[{"taxonomy":"category","embeddable":true,"href":"https:\/\/radiosul.net\/wp\/wp-json\/wp\/v2\/categories?post=9259"},{"taxonomy":"post_tag","embeddable":true,"href":"https:\/\/radiosul.net\/wp\/wp-json\/wp\/v2\/tags?post=9259"}],"curies":[{"name":"wp","href":"https:\/\/api.w.org\/{rel}","templated":true}]}}