{"id":9209,"date":"2019-11-19T09:36:31","date_gmt":"2019-11-19T12:36:31","guid":{"rendered":"http:\/\/radiosul.net\/wp\/?p=9209"},"modified":"2019-11-19T09:37:34","modified_gmt":"2019-11-19T12:37:34","slug":"anguistas-e-branguistas-e-passada-a-hora-do-marmoreio","status":"publish","type":"post","link":"https:\/\/radiosul.net\/wp\/2019\/anguistas-e-branguistas-e-passada-a-hora-do-marmoreio\/","title":{"rendered":"Anguistas e branguistas: \u00e9 passada a hora do marmoreio"},"content":{"rendered":"\n<p class=\"wp-block-paragraph\">\nA essa altura do campeonato da carne de qualidade no Brasil, zero \nnovidade falar em marmoreio. Mas, para os selecionadores, especialmente \ndas ra\u00e7as Angus e Brangus, \u00e9 o momento de olhar e agir com mais aten\u00e7\u00e3o \npara animais superiores geneticamente nessa caracter\u00edstica. <\/p>\n\n\n\n<p class=\"wp-block-paragraph\">Passados\n 15 ou 20 anos das primeiras iniciativas de carne de qualidade e marcas \nde carne no Brasil, o cen\u00e1rio mudou bastante. O produto m\u00e9dio (carne \nbrasileira) melhorou muito, e ofertar marcas oriundas de gado jovem e \nbem terminado j\u00e1 n\u00e3o \u00e9 mais um diferencial. Na verdade, \u00e9 s\u00f3 um pouco \nmelhor que o produto padr\u00e3o, pois o padr\u00e3o melhorou muito em fun\u00e7\u00e3o da \ngrande expans\u00e3o do cruzamento e da intensifica\u00e7\u00e3o da pecu\u00e1ria como um \ntodo, especialmente na recria e na engorda. <\/p>\n\n\n\n<p class=\"wp-block-paragraph\">O marmoreio (gordura\n intramuscular) \u00e9 um diferencial visual e, tamb\u00e9m, qualitativo da carne,\n pois est\u00e1 muito bem medido que o n\u00edvel de satisfa\u00e7\u00e3o do consumidor \naumenta em cortes mais marmorizados. N\u00e3o \u00e9 de gra\u00e7a que o grading \namericano (classifica\u00e7\u00e3o de carca\u00e7as) enfatiza tanto o<br>marmoreio para\n classificar carca\u00e7as como Choice ou Prime. Naturalmente que uma carca\u00e7a\n muito gorda, altamente marmorizada e com pouca carne, n\u00e3o interessa ao \nmercado. Por isso, nos Estados Unidos, avan\u00e7ou-se tamb\u00e9m para sistemas \nde avalia\u00e7\u00e3o que valorizam mais carca\u00e7as com<br>altos n\u00edveis de \nmarmoreio, sem excesso de gordura e com m\u00fasculos grandes (\u00c1rea de Olho \nde Lombo). Estamos bem longe desse sistema, mas temos que compreend\u00ea-lo \npara trabalharmos nessa dire\u00e7\u00e3o (ou n\u00e3o). <\/p>\n\n\n\n<p class=\"wp-block-paragraph\">Em rela\u00e7\u00e3o ao \nconsumidor, vivemos uma fase de ouro, de glamoriza\u00e7\u00e3o da carne vermelha e\n de grande interesse e curiosidade pelo produto carne bovina. A\u00ed est\u00e3o \nas in\u00fameras \u201cchurrascadas\u201d, os festivais de churrasco, concursos de \nassadores, cursos diversos, aventais de couro, luvas pretas e&nbsp;gente \ntatuada. \u00c9 piment\u00e3o pendurado, queijo floreado e assador masterchef. \nTemos de tudo um pouco, at\u00e9 uma certa desconstru\u00e7\u00e3o da cultura local de \nassar carne, mas a\u00ed j\u00e1 \u00e9 assunto para artigo de caderno de cultura. \nVamos, por hora, celebrar e aproveitar essa boa onda de adora\u00e7\u00e3o \u00e0 carne\n bovina. Nem todo o barulho do pessoal do contra (veganos e similares) \nconsegue baixar essa fervura boa. <\/p>\n\n\n\n<p class=\"wp-block-paragraph\">N\u00e3o iremos atender um \nconsumidor cada vez mais informado e mais exigente sem n\u00edveis superiores\n de marmoreio. J\u00e1 n\u00e3o basta oferecer carne de gado cruzado, jovem e bem \nterminado. N\u00e3o escaparemos de avan\u00e7ar para o castrado e marmorizado. \nAlgumas iniciativas j\u00e1 atuam nesse sentido. Seja dado cr\u00e9dito \u00e0 VPJ \nAlimentos, que vem trabalhando, h\u00e1 alguns anos, para oferecer esse tipo \nde produto, buscando f\u00eameas Cruza Angus para abate e classificando as \ncarca\u00e7as superiores para marmoreio. <\/p>\n\n\n\n<p class=\"wp-block-paragraph\">No setor em que atuo mais \ndiretamente, o mercado de reprodutores e de insemina\u00e7\u00e3o, a demanda por \nreprodutores nacionais superiores para carca\u00e7a e marmoreio \u00e9 crescente, e\n o produto, pouco dispon\u00edvel. \u00c9 hist\u00f3rica nossa briga por defender e \nbuscar mais valoriza\u00e7\u00e3o para a gen\u00e9tica nacional, mas \u00e9 lenta a nossa \nvelocidade em oferecer reprodutores que concorram com o mesmo \nferramental tecnol\u00f3gico que o importado. Tema para os selecionadores \nrefletirem um pouco.<\/p>\n\n\n\n<p class=\"wp-block-paragraph\"> E como fazer? N\u00e3o h\u00e1 f\u00f3rmula m\u00e1gica. Temos \nque fazer o b\u00e1sico bem-feito: usar touros superiores para marmoreio, \nmedir e multiplicar os nossos melhores touros para carca\u00e7a. Considerar \nverdadeiramente a&nbsp; carca\u00e7a (e o marmoreio) como uma caracter\u00edstica a ser\n selecionada e enfatizada em&nbsp; osso programa de sele\u00e7\u00e3o. Hoje, em muitos \ncasos, \u00e9 somente uma coluna nos nossos cat\u00e1logos de leil\u00e3o. \u00c0s vezes, os\n dados at\u00e9 s\u00e3o bons. <\/p>\n\n\n\n<p class=\"wp-block-paragraph\">O marmoreio \u00e9 uma caracter\u00edstica pass\u00edvel \nde sele\u00e7\u00e3o. J\u00e1 sabemos que n\u00e3o basta somente aumentar mais e mais a \nalimenta\u00e7\u00e3o, ou mais e mais o n\u00edvel energ\u00e9tico das dietas. Pode \nfuncionar para a cobertura de gordura, mas n\u00e3o \u00e9 a chave do marmoreio. A\n gen\u00e9tica \u00e9 a grande respons\u00e1vel pelos n\u00edveis de marmoreio dos animais. \nDispomos da Ultrassonografia de Carca\u00e7a e de marcadores moleculares \n(gen\u00f4mica) para as nossas tomadas de decis\u00e3o. <\/p>\n\n\n\n<p class=\"wp-block-paragraph\">N\u00e3o fosse \nimportante essa caracter\u00edstica, n\u00e3o estar\u00edamos vendo iniciativas na \nbusca do marmoreio em zebu\u00ednos. Vide Nelore do Golias e a express\u00e3o \n\u201cNeloreio\u201d. Em outro extremo, \u00e9 crescente o interesse do mercado por \ngen\u00e9tica de ra\u00e7as como Wagyu e Akaushi, especializadas em marmoreio. Do \noutro lado do rio estamos n\u00f3s (envolvidos com as ra\u00e7as brit\u00e2nicas), com a\n faca e o queijo na m\u00e3o (pe\u00e7o desculpas pelo dizer t\u00e3o batido). Mas, ao \ninv\u00e9s de nos lambuzarmos com esses genes, estamos deitados em ber\u00e7o \nespl\u00eandido, pois nossas ra\u00e7as possuem essas caracter\u00edsticas. Nos \nacomodamos em n\u00e3o fazer nenhum movimento mais \u00e1gil. A natureza se \nencarrega. Ser\u00e1? <\/p>\n\n\n\n<p class=\"wp-block-paragraph\">Tenho a felicidade de conviver e trabalhar, j\u00e1 \nfaz alguns anos, com o Dr. Leo Warszawsky, um dos pioneiros da \ninsemina\u00e7\u00e3o no Brasil. Em in\u00fameras ocasi\u00f5es, ele me dizia: \u201cVelloso, o \npessoal t\u00e1 descuidando do marmoreio. Os criadores de Angus e Brangus \ndeveriam dar mais foco no uso de touros Top para qualidade de carne\u201d. E \ncomplementava: \u201cA qualidade da carne \u00e9 um dos grandes diferenciais do \nAngus, se n\u00e3o o principal. O pessoal est\u00e1 descuidando\u201d. <\/p>\n\n\n\n<p class=\"wp-block-paragraph\">Felizmente,  hoje, vemos o avan\u00e7o no uso da ultrassonografia de carca\u00e7as em v\u00e1rios  rebanhos. Dia desses, encontrei o professor Jaime Tarouco fazendo  medi\u00e7\u00f5es na propriedade do Dr. Leo. Rapidamente, at\u00e9 discutimos que s\u00e3o  necess\u00e1rios ajustes nos \u00cdndices Carca\u00e7a de diferentes programas, que  precisamos de algumas melhorias etc. Esse \u00e9 um dos motivos para a  escolha deste assunto. Na troca de mensagens com meu colega de trabalho  Dimas Rocha, pedi a ele tamb\u00e9m uma dica de tema para este artigo.  Respondeu de pronto: \u201c\u00c9 chegada a vez do marmoreio\u201d. <\/p>\n\n\n\n<figure class=\"wp-block-image size-large\"><img loading=\"lazy\" decoding=\"async\" width=\"654\" height=\"636\" src=\"http:\/\/radiosul.net\/wp\/wp-content\/uploads\/2019\/11\/1574119373350.jpg\" alt=\"\" class=\"wp-image-9210\" srcset=\"https:\/\/radiosul.net\/wp\/wp-content\/uploads\/2019\/11\/1574119373350.jpg 654w, https:\/\/radiosul.net\/wp\/wp-content\/uploads\/2019\/11\/1574119373350-300x292.jpg 300w\" sizes=\"auto, (max-width: 654px) 100vw, 654px\" \/><\/figure>\n\n\n\n<p class=\"wp-block-paragraph\">Os sinais  do mercado da carne j\u00e1 est\u00e3o dados e claros. Dizia um candidato a  presidente: \u201cSinais, fortes sinais\u201d. O hist\u00f3rico de outros pa\u00edses bem  mais avan\u00e7ados em carne de qualidade \u2013 como Austr\u00e1lia e Estados Unidos \u2013  est\u00e1 ao nosso alcance. Basta ir in loco conhecer ou dedicar um pouco de  tempo para estudar o que l\u00e1 j\u00e1 ocorreu \u2013 e est\u00e1 ocorrendo. A decis\u00e3o \u00e9  nossa. Podemos seguir produzindo e multiplicando campe\u00f5es de exposi\u00e7\u00f5es  ou ouvir os sinais do mercado. Sinais, fortes sinais. <\/p>\n\n\n\n<p class=\"wp-block-paragraph\"><strong><em>Fonte: assessoriaagropecuaria.com.br<\/em><\/strong><\/p>\n","protected":false},"excerpt":{"rendered":"<p>A essa altura do campeonato da carne de qualidade no Brasil, zero novidade falar em marmoreio. Mas, para os selecionadores, especialmente das ra\u00e7as Angus e Brangus, \u00e9 o momento de olhar e agir com mais aten\u00e7\u00e3o para animais superiores geneticamente nessa caracter\u00edstica. Passados 15 ou 20 anos das primeiras iniciativas de carne de qualidade e &hellip;<\/p>\n","protected":false},"author":9,"featured_media":9210,"comment_status":"closed","ping_status":"closed","sticky":false,"template":"","format":"standard","meta":{"_monsterinsights_skip_tracking":false,"_uf_show_specific_survey":0,"_uf_disable_surveys":false,"footnotes":""},"categories":[1,126],"tags":[],"class_list":["post-9209","post","type-post","status-publish","format-standard","has-post-thumbnail","hentry","category-agro","category-destacados"],"aioseo_notices":[],"aioseo_head":"\n\t\t<!-- All in One SEO 5.0.1.1 - aioseo.com -->\n\t<meta name=\"description\" content=\"A essa altura do campeonato da carne de qualidade no Brasil, zero novidade falar em marmoreio. Mas, para os selecionadores, especialmente das ra\u00e7as Angus e Brangus, \u00e9 o momento de olhar e agir com mais aten\u00e7\u00e3o para animais superiores geneticamente nessa caracter\u00edstica. Passados 15 ou 20 anos das primeiras iniciativas de carne de qualidade e\" \/>\n\t<meta name=\"robots\" content=\"max-image-preview:large\" \/>\n\t<meta name=\"author\" content=\"Alejo Bordon\"\/>\n\t<link rel=\"canonical\" href=\"https:\/\/radiosul.net\/wp\/2019\/anguistas-e-branguistas-e-passada-a-hora-do-marmoreio\/\" \/>\n\t<meta name=\"generator\" content=\"All in One SEO (AIOSEO) 5.0.1.1\" \/>\n\t\t<meta property=\"og:locale\" content=\"pt_BR\" \/>\n\t\t<meta property=\"og:site_name\" content=\"radiosul.net - Regional por Excel\u00eancia\" \/>\n\t\t<meta property=\"og:type\" content=\"article\" \/>\n\t\t<meta property=\"og:title\" content=\"Anguistas e branguistas: \u00e9 passada a hora do marmoreio - radiosul.net\" \/>\n\t\t<meta property=\"og:description\" content=\"A essa altura do campeonato da carne de qualidade no Brasil, zero novidade falar em marmoreio. Mas, para os selecionadores, especialmente das ra\u00e7as Angus e Brangus, \u00e9 o momento de olhar e agir com mais aten\u00e7\u00e3o para animais superiores geneticamente nessa caracter\u00edstica. Passados 15 ou 20 anos das primeiras iniciativas de carne de qualidade e\" \/>\n\t\t<meta property=\"og:url\" content=\"https:\/\/radiosul.net\/wp\/2019\/anguistas-e-branguistas-e-passada-a-hora-do-marmoreio\/\" \/>\n\t\t<meta property=\"article:published_time\" content=\"2019-11-19T12:36:31+00:00\" \/>\n\t\t<meta property=\"article:modified_time\" content=\"2019-11-19T12:37:34+00:00\" \/>\n\t\t<meta name=\"twitter:card\" content=\"summary_large_image\" \/>\n\t\t<meta name=\"twitter:title\" content=\"Anguistas e branguistas: \u00e9 passada a hora do marmoreio - radiosul.net\" \/>\n\t\t<meta name=\"twitter:description\" content=\"A essa altura do campeonato da carne de qualidade no Brasil, zero novidade falar em marmoreio. Mas, para os selecionadores, especialmente das ra\u00e7as Angus e Brangus, \u00e9 o momento de olhar e agir com mais aten\u00e7\u00e3o para animais superiores geneticamente nessa caracter\u00edstica. Passados 15 ou 20 anos das primeiras iniciativas de carne de qualidade e\" \/>\n\t\t<script type=\"application\/ld+json\" class=\"aioseo-schema\">\n\t\t\t{\"@context\":\"https:\\\/\\\/schema.org\",\"@graph\":[{\"@type\":\"BlogPosting\",\"@id\":\"https:\\\/\\\/radiosul.net\\\/wp\\\/2019\\\/anguistas-e-branguistas-e-passada-a-hora-do-marmoreio\\\/#blogposting\",\"name\":\"Anguistas e branguistas: \\u00e9 passada a hora do marmoreio - radiosul.net\",\"headline\":\"Anguistas e branguistas: \\u00e9 passada a hora do marmoreio\",\"author\":{\"@id\":\"https:\\\/\\\/radiosul.net\\\/wp\\\/author\\\/alejo\\\/#author\"},\"publisher\":{\"@id\":\"https:\\\/\\\/radiosul.net\\\/wp\\\/#organization\"},\"image\":{\"@type\":\"ImageObject\",\"url\":\"https:\\\/\\\/radiosul.net\\\/wp\\\/wp-content\\\/uploads\\\/2019\\\/11\\\/1574119373350.jpg\",\"width\":654,\"height\":636},\"datePublished\":\"2019-11-19T09:36:31-03:00\",\"dateModified\":\"2019-11-19T09:37:34-03:00\",\"inLanguage\":\"pt-BR\",\"mainEntityOfPage\":{\"@id\":\"https:\\\/\\\/radiosul.net\\\/wp\\\/2019\\\/anguistas-e-branguistas-e-passada-a-hora-do-marmoreio\\\/#webpage\"},\"isPartOf\":{\"@id\":\"https:\\\/\\\/radiosul.net\\\/wp\\\/2019\\\/anguistas-e-branguistas-e-passada-a-hora-do-marmoreio\\\/#webpage\"},\"articleSection\":\"Agroneg\\u00f3cio, Destaque\"},{\"@type\":\"BreadcrumbList\",\"@id\":\"https:\\\/\\\/radiosul.net\\\/wp\\\/2019\\\/anguistas-e-branguistas-e-passada-a-hora-do-marmoreio\\\/#breadcrumblist\",\"itemListElement\":[{\"@type\":\"ListItem\",\"@id\":\"https:\\\/\\\/radiosul.net\\\/wp#listItem\",\"position\":1,\"name\":\"Home\",\"item\":\"https:\\\/\\\/radiosul.net\\\/wp\",\"nextItem\":{\"@type\":\"ListItem\",\"@id\":\"https:\\\/\\\/radiosul.net\\\/wp\\\/category\\\/agro\\\/#listItem\",\"name\":\"Agroneg\\u00f3cio\"}},{\"@type\":\"ListItem\",\"@id\":\"https:\\\/\\\/radiosul.net\\\/wp\\\/category\\\/agro\\\/#listItem\",\"position\":2,\"name\":\"Agroneg\\u00f3cio\",\"item\":\"https:\\\/\\\/radiosul.net\\\/wp\\\/category\\\/agro\\\/\",\"nextItem\":{\"@type\":\"ListItem\",\"@id\":\"https:\\\/\\\/radiosul.net\\\/wp\\\/2019\\\/anguistas-e-branguistas-e-passada-a-hora-do-marmoreio\\\/#listItem\",\"name\":\"Anguistas e branguistas: \\u00e9 passada a hora do marmoreio\"},\"previousItem\":{\"@type\":\"ListItem\",\"@id\":\"https:\\\/\\\/radiosul.net\\\/wp#listItem\",\"name\":\"Home\"}},{\"@type\":\"ListItem\",\"@id\":\"https:\\\/\\\/radiosul.net\\\/wp\\\/2019\\\/anguistas-e-branguistas-e-passada-a-hora-do-marmoreio\\\/#listItem\",\"position\":3,\"name\":\"Anguistas e branguistas: \\u00e9 passada a hora do marmoreio\",\"previousItem\":{\"@type\":\"ListItem\",\"@id\":\"https:\\\/\\\/radiosul.net\\\/wp\\\/category\\\/agro\\\/#listItem\",\"name\":\"Agroneg\\u00f3cio\"}}]},{\"@type\":\"Organization\",\"@id\":\"https:\\\/\\\/radiosul.net\\\/wp\\\/#organization\",\"name\":\"radiosul.net\",\"description\":\"Regional por Excel\\u00eancia\",\"url\":\"https:\\\/\\\/radiosul.net\\\/wp\\\/\"},{\"@type\":\"Person\",\"@id\":\"https:\\\/\\\/radiosul.net\\\/wp\\\/author\\\/alejo\\\/#author\",\"url\":\"https:\\\/\\\/radiosul.net\\\/wp\\\/author\\\/alejo\\\/\",\"name\":\"Alejo Bordon\",\"image\":{\"@type\":\"ImageObject\",\"@id\":\"https:\\\/\\\/radiosul.net\\\/wp\\\/2019\\\/anguistas-e-branguistas-e-passada-a-hora-do-marmoreio\\\/#authorImage\",\"url\":\"https:\\\/\\\/secure.gravatar.com\\\/avatar\\\/b3a7e7f1c71212e6a5b7183b79a2ab58dad8bdc4cd4eadd61c4434d010d0bae4?s=96&d=mm&r=g\",\"width\":96,\"height\":96,\"caption\":\"Alejo Bordon\"}},{\"@type\":\"WebPage\",\"@id\":\"https:\\\/\\\/radiosul.net\\\/wp\\\/2019\\\/anguistas-e-branguistas-e-passada-a-hora-do-marmoreio\\\/#webpage\",\"url\":\"https:\\\/\\\/radiosul.net\\\/wp\\\/2019\\\/anguistas-e-branguistas-e-passada-a-hora-do-marmoreio\\\/\",\"name\":\"Anguistas e branguistas: \\u00e9 passada a hora do marmoreio - radiosul.net\",\"description\":\"A essa altura do campeonato da carne de qualidade no Brasil, zero novidade falar em marmoreio. Mas, para os selecionadores, especialmente das ra\\u00e7as Angus e Brangus, \\u00e9 o momento de olhar e agir com mais aten\\u00e7\\u00e3o para animais superiores geneticamente nessa caracter\\u00edstica. Passados 15 ou 20 anos das primeiras iniciativas de carne de qualidade e\",\"inLanguage\":\"pt-BR\",\"isPartOf\":{\"@id\":\"https:\\\/\\\/radiosul.net\\\/wp\\\/#website\"},\"breadcrumb\":{\"@id\":\"https:\\\/\\\/radiosul.net\\\/wp\\\/2019\\\/anguistas-e-branguistas-e-passada-a-hora-do-marmoreio\\\/#breadcrumblist\"},\"author\":{\"@id\":\"https:\\\/\\\/radiosul.net\\\/wp\\\/author\\\/alejo\\\/#author\"},\"creator\":{\"@id\":\"https:\\\/\\\/radiosul.net\\\/wp\\\/author\\\/alejo\\\/#author\"},\"image\":{\"@type\":\"ImageObject\",\"url\":\"https:\\\/\\\/radiosul.net\\\/wp\\\/wp-content\\\/uploads\\\/2019\\\/11\\\/1574119373350.jpg\",\"@id\":\"https:\\\/\\\/radiosul.net\\\/wp\\\/2019\\\/anguistas-e-branguistas-e-passada-a-hora-do-marmoreio\\\/#mainImage\",\"width\":654,\"height\":636},\"primaryImageOfPage\":{\"@id\":\"https:\\\/\\\/radiosul.net\\\/wp\\\/2019\\\/anguistas-e-branguistas-e-passada-a-hora-do-marmoreio\\\/#mainImage\"},\"datePublished\":\"2019-11-19T09:36:31-03:00\",\"dateModified\":\"2019-11-19T09:37:34-03:00\"},{\"@type\":\"WebSite\",\"@id\":\"https:\\\/\\\/radiosul.net\\\/wp\\\/#website\",\"url\":\"https:\\\/\\\/radiosul.net\\\/wp\\\/\",\"name\":\"radiosul.net\",\"description\":\"Regional por Excel\\u00eancia\",\"inLanguage\":\"pt-BR\",\"publisher\":{\"@id\":\"https:\\\/\\\/radiosul.net\\\/wp\\\/#organization\"}}]}\n\t\t<\/script>\n\t\t<!-- All in One SEO -->\n\n","aioseo_head_json":{"title":"Anguistas e branguistas: \u00e9 passada a hora do marmoreio - radiosul.net","description":"A essa altura do campeonato da carne de qualidade no Brasil, zero novidade falar em marmoreio. Mas, para os selecionadores, especialmente das ra\u00e7as Angus e Brangus, \u00e9 o momento de olhar e agir com mais aten\u00e7\u00e3o para animais superiores geneticamente nessa caracter\u00edstica. Passados 15 ou 20 anos das primeiras iniciativas de carne de qualidade e","canonical_url":"https:\/\/radiosul.net\/wp\/2019\/anguistas-e-branguistas-e-passada-a-hora-do-marmoreio\/","robots":"max-image-preview:large","keywords":"","webmasterTools":{"miscellaneous":""},"schema":{"@context":"https:\/\/schema.org","@graph":[{"@type":"BlogPosting","@id":"https:\/\/radiosul.net\/wp\/2019\/anguistas-e-branguistas-e-passada-a-hora-do-marmoreio\/#blogposting","name":"Anguistas e branguistas: \u00e9 passada a hora do marmoreio - radiosul.net","headline":"Anguistas e branguistas: \u00e9 passada a hora do marmoreio","author":{"@id":"https:\/\/radiosul.net\/wp\/author\/alejo\/#author"},"publisher":{"@id":"https:\/\/radiosul.net\/wp\/#organization"},"image":{"@type":"ImageObject","url":"https:\/\/radiosul.net\/wp\/wp-content\/uploads\/2019\/11\/1574119373350.jpg","width":654,"height":636},"datePublished":"2019-11-19T09:36:31-03:00","dateModified":"2019-11-19T09:37:34-03:00","inLanguage":"pt-BR","mainEntityOfPage":{"@id":"https:\/\/radiosul.net\/wp\/2019\/anguistas-e-branguistas-e-passada-a-hora-do-marmoreio\/#webpage"},"isPartOf":{"@id":"https:\/\/radiosul.net\/wp\/2019\/anguistas-e-branguistas-e-passada-a-hora-do-marmoreio\/#webpage"},"articleSection":"Agroneg\u00f3cio, Destaque"},{"@type":"BreadcrumbList","@id":"https:\/\/radiosul.net\/wp\/2019\/anguistas-e-branguistas-e-passada-a-hora-do-marmoreio\/#breadcrumblist","itemListElement":[{"@type":"ListItem","@id":"https:\/\/radiosul.net\/wp#listItem","position":1,"name":"Home","item":"https:\/\/radiosul.net\/wp","nextItem":{"@type":"ListItem","@id":"https:\/\/radiosul.net\/wp\/category\/agro\/#listItem","name":"Agroneg\u00f3cio"}},{"@type":"ListItem","@id":"https:\/\/radiosul.net\/wp\/category\/agro\/#listItem","position":2,"name":"Agroneg\u00f3cio","item":"https:\/\/radiosul.net\/wp\/category\/agro\/","nextItem":{"@type":"ListItem","@id":"https:\/\/radiosul.net\/wp\/2019\/anguistas-e-branguistas-e-passada-a-hora-do-marmoreio\/#listItem","name":"Anguistas e branguistas: \u00e9 passada a hora do marmoreio"},"previousItem":{"@type":"ListItem","@id":"https:\/\/radiosul.net\/wp#listItem","name":"Home"}},{"@type":"ListItem","@id":"https:\/\/radiosul.net\/wp\/2019\/anguistas-e-branguistas-e-passada-a-hora-do-marmoreio\/#listItem","position":3,"name":"Anguistas e branguistas: \u00e9 passada a hora do marmoreio","previousItem":{"@type":"ListItem","@id":"https:\/\/radiosul.net\/wp\/category\/agro\/#listItem","name":"Agroneg\u00f3cio"}}]},{"@type":"Organization","@id":"https:\/\/radiosul.net\/wp\/#organization","name":"radiosul.net","description":"Regional por Excel\u00eancia","url":"https:\/\/radiosul.net\/wp\/"},{"@type":"Person","@id":"https:\/\/radiosul.net\/wp\/author\/alejo\/#author","url":"https:\/\/radiosul.net\/wp\/author\/alejo\/","name":"Alejo Bordon","image":{"@type":"ImageObject","@id":"https:\/\/radiosul.net\/wp\/2019\/anguistas-e-branguistas-e-passada-a-hora-do-marmoreio\/#authorImage","url":"https:\/\/secure.gravatar.com\/avatar\/b3a7e7f1c71212e6a5b7183b79a2ab58dad8bdc4cd4eadd61c4434d010d0bae4?s=96&d=mm&r=g","width":96,"height":96,"caption":"Alejo Bordon"}},{"@type":"WebPage","@id":"https:\/\/radiosul.net\/wp\/2019\/anguistas-e-branguistas-e-passada-a-hora-do-marmoreio\/#webpage","url":"https:\/\/radiosul.net\/wp\/2019\/anguistas-e-branguistas-e-passada-a-hora-do-marmoreio\/","name":"Anguistas e branguistas: \u00e9 passada a hora do marmoreio - radiosul.net","description":"A essa altura do campeonato da carne de qualidade no Brasil, zero novidade falar em marmoreio. Mas, para os selecionadores, especialmente das ra\u00e7as Angus e Brangus, \u00e9 o momento de olhar e agir com mais aten\u00e7\u00e3o para animais superiores geneticamente nessa caracter\u00edstica. Passados 15 ou 20 anos das primeiras iniciativas de carne de qualidade e","inLanguage":"pt-BR","isPartOf":{"@id":"https:\/\/radiosul.net\/wp\/#website"},"breadcrumb":{"@id":"https:\/\/radiosul.net\/wp\/2019\/anguistas-e-branguistas-e-passada-a-hora-do-marmoreio\/#breadcrumblist"},"author":{"@id":"https:\/\/radiosul.net\/wp\/author\/alejo\/#author"},"creator":{"@id":"https:\/\/radiosul.net\/wp\/author\/alejo\/#author"},"image":{"@type":"ImageObject","url":"https:\/\/radiosul.net\/wp\/wp-content\/uploads\/2019\/11\/1574119373350.jpg","@id":"https:\/\/radiosul.net\/wp\/2019\/anguistas-e-branguistas-e-passada-a-hora-do-marmoreio\/#mainImage","width":654,"height":636},"primaryImageOfPage":{"@id":"https:\/\/radiosul.net\/wp\/2019\/anguistas-e-branguistas-e-passada-a-hora-do-marmoreio\/#mainImage"},"datePublished":"2019-11-19T09:36:31-03:00","dateModified":"2019-11-19T09:37:34-03:00"},{"@type":"WebSite","@id":"https:\/\/radiosul.net\/wp\/#website","url":"https:\/\/radiosul.net\/wp\/","name":"radiosul.net","description":"Regional por Excel\u00eancia","inLanguage":"pt-BR","publisher":{"@id":"https:\/\/radiosul.net\/wp\/#organization"}}]},"og:locale":"pt_BR","og:site_name":"radiosul.net - Regional por Excel\u00eancia","og:type":"article","og:title":"Anguistas e branguistas: \u00e9 passada a hora do marmoreio - radiosul.net","og:description":"A essa altura do campeonato da carne de qualidade no Brasil, zero novidade falar em marmoreio. Mas, para os selecionadores, especialmente das ra\u00e7as Angus e Brangus, \u00e9 o momento de olhar e agir com mais aten\u00e7\u00e3o para animais superiores geneticamente nessa caracter\u00edstica. Passados 15 ou 20 anos das primeiras iniciativas de carne de qualidade e","og:url":"https:\/\/radiosul.net\/wp\/2019\/anguistas-e-branguistas-e-passada-a-hora-do-marmoreio\/","article:published_time":"2019-11-19T12:36:31+00:00","article:modified_time":"2019-11-19T12:37:34+00:00","twitter:card":"summary_large_image","twitter:title":"Anguistas e branguistas: \u00e9 passada a hora do marmoreio - radiosul.net","twitter:description":"A essa altura do campeonato da carne de qualidade no Brasil, zero novidade falar em marmoreio. Mas, para os selecionadores, especialmente das ra\u00e7as Angus e Brangus, \u00e9 o momento de olhar e agir com mais aten\u00e7\u00e3o para animais superiores geneticamente nessa caracter\u00edstica. Passados 15 ou 20 anos das primeiras iniciativas de carne de qualidade e"},"aioseo_meta_data":{"post_id":"9209","title":null,"description":null,"keywords":null,"keyphrases":null,"primary_term":null,"canonical_url":null,"og_title":null,"og_description":null,"og_object_type":"default","og_image_type":"default","og_image_url":null,"og_image_width":null,"og_image_height":null,"og_image_custom_url":null,"og_image_custom_fields":null,"og_video":null,"og_custom_url":null,"og_article_section":null,"og_article_tags":null,"twitter_use_og":false,"twitter_card":"default","twitter_image_type":"default","twitter_image_url":null,"twitter_image_custom_url":null,"twitter_image_custom_fields":null,"twitter_title":null,"twitter_description":null,"schema":{"blockGraphs":[],"customGraphs":[],"default":{"data":{"Article":[],"Course":[],"Dataset":[],"FAQPage":[],"Movie":[],"Person":[],"Product":[],"ProductReview":[],"Car":[],"Recipe":[],"Service":[],"SoftwareApplication":[],"WebPage":[]},"graphName":"","isEnabled":true},"graphs":[]},"schema_type":"default","schema_type_options":null,"pillar_content":false,"robots_default":true,"robots_noindex":false,"robots_noarchive":false,"robots_nosnippet":false,"robots_nofollow":false,"robots_noimageindex":false,"robots_noodp":false,"robots_notranslate":false,"robots_max_snippet":null,"robots_max_videopreview":null,"robots_max_imagepreview":"large","priority":null,"frequency":null,"local_seo":null,"breadcrumb_settings":null,"limit_modified_date":false,"ai":null,"created":"2026-01-08 18:08:27","updated":"2026-01-08 18:08:27","seo_analyzer_scan_date":null,"focus_keyword":null,"additional_keywords":null,"truseo_locale":null},"aioseo_breadcrumb":"<div class=\"aioseo-breadcrumbs\"><span class=\"aioseo-breadcrumb\">\n\t\t\t<a href=\"https:\/\/radiosul.net\/wp\" title=\"Home\">Home<\/a>\n\t\t<\/span><span class=\"aioseo-breadcrumb-separator\">&raquo;<\/span><span class=\"aioseo-breadcrumb\">\n\t\t\t<a href=\"https:\/\/radiosul.net\/wp\/category\/agro\/\" title=\"Agroneg\u00f3cio\">Agroneg\u00f3cio<\/a>\n\t\t<\/span><span class=\"aioseo-breadcrumb-separator\">&raquo;<\/span><span class=\"aioseo-breadcrumb\">\n\t\t\tAnguistas e branguistas: \u00e9 passada a hora do marmoreio\n\t\t<\/span><\/div>","aioseo_breadcrumb_json":[{"label":"Home","link":"https:\/\/radiosul.net\/wp"},{"label":"Agroneg\u00f3cio","link":"https:\/\/radiosul.net\/wp\/category\/agro\/"},{"label":"Anguistas e branguistas: \u00e9 passada a hora do marmoreio","link":"https:\/\/radiosul.net\/wp\/2019\/anguistas-e-branguistas-e-passada-a-hora-do-marmoreio\/"}],"_links":{"self":[{"href":"https:\/\/radiosul.net\/wp\/wp-json\/wp\/v2\/posts\/9209","targetHints":{"allow":["GET"]}}],"collection":[{"href":"https:\/\/radiosul.net\/wp\/wp-json\/wp\/v2\/posts"}],"about":[{"href":"https:\/\/radiosul.net\/wp\/wp-json\/wp\/v2\/types\/post"}],"author":[{"embeddable":true,"href":"https:\/\/radiosul.net\/wp\/wp-json\/wp\/v2\/users\/9"}],"replies":[{"embeddable":true,"href":"https:\/\/radiosul.net\/wp\/wp-json\/wp\/v2\/comments?post=9209"}],"version-history":[{"count":3,"href":"https:\/\/radiosul.net\/wp\/wp-json\/wp\/v2\/posts\/9209\/revisions"}],"predecessor-version":[{"id":9213,"href":"https:\/\/radiosul.net\/wp\/wp-json\/wp\/v2\/posts\/9209\/revisions\/9213"}],"wp:featuredmedia":[{"embeddable":true,"href":"https:\/\/radiosul.net\/wp\/wp-json\/wp\/v2\/media\/9210"}],"wp:attachment":[{"href":"https:\/\/radiosul.net\/wp\/wp-json\/wp\/v2\/media?parent=9209"}],"wp:term":[{"taxonomy":"category","embeddable":true,"href":"https:\/\/radiosul.net\/wp\/wp-json\/wp\/v2\/categories?post=9209"},{"taxonomy":"post_tag","embeddable":true,"href":"https:\/\/radiosul.net\/wp\/wp-json\/wp\/v2\/tags?post=9209"}],"curies":[{"name":"wp","href":"https:\/\/api.w.org\/{rel}","templated":true}]}}