{"id":9193,"date":"2019-11-18T16:06:14","date_gmt":"2019-11-18T19:06:14","guid":{"rendered":"http:\/\/radiosul.net\/wp\/?p=9193"},"modified":"2019-11-18T16:06:16","modified_gmt":"2019-11-18T19:06:16","slug":"ovinocultura-movimenta-mostardas","status":"publish","type":"post","link":"https:\/\/radiosul.net\/wp\/2019\/ovinocultura-movimenta-mostardas\/","title":{"rendered":"Ovinocultura movimenta Mostardas"},"content":{"rendered":"\n<p class=\"wp-block-paragraph\"><em>Evento promove a ovinocultura, artesanato e cultura de Mostradas<\/em><\/p>\n\n\n\n<p class=\"wp-block-paragraph\">DE 4 a 8 de dezembro acontece a 19\u00aa Edi\u00e7\u00e3o da Ovearte, Feira do Cordeiro, Artesanato e Cultura Mostardense, no Parque de Exposi\u00e7\u00f5es Z\u00e9 Terra, em Mostardas. O evento contra com palestras, shows e diversas outras atra\u00e7\u00f5es. Entre elas est\u00e1 a primeira edi\u00e7\u00e3o do Ovetrilha, uma trilha para motos no dia 7 de dezembro. Na mesma data, ocorre tamb\u00e9m a 29\u00aa Feira de Ovinos, Equinos e Gado Geral.<\/p>\n\n\n\n<p class=\"wp-block-paragraph\"><strong><em> Fonte: SR Mostardas<\/em><\/strong><\/p>\n","protected":false},"excerpt":{"rendered":"<p>Evento promove a ovinocultura, artesanato e cultura de Mostradas DE 4 a 8 de dezembro acontece a 19\u00aa Edi\u00e7\u00e3o da Ovearte, Feira do Cordeiro, Artesanato e Cultura Mostardense, no Parque de Exposi\u00e7\u00f5es Z\u00e9 Terra, em Mostardas. O evento contra com palestras, shows e diversas outras atra\u00e7\u00f5es. Entre elas est\u00e1 a primeira edi\u00e7\u00e3o do Ovetrilha, uma &hellip;<\/p>\n","protected":false},"author":9,"featured_media":9194,"comment_status":"closed","ping_status":"closed","sticky":false,"template":"","format":"standard","meta":{"_monsterinsights_skip_tracking":false,"_uf_show_specific_survey":0,"_uf_disable_surveys":false,"footnotes":""},"categories":[1],"tags":[],"class_list":["post-9193","post","type-post","status-publish","format-standard","has-post-thumbnail","hentry","category-agro"],"aioseo_notices":[],"aioseo_head":"\n\t\t<!-- All in One SEO 5.0.1.1 - aioseo.com -->\n\t<meta name=\"description\" content=\"Evento promove a ovinocultura, artesanato e cultura de Mostradas DE 4 a 8 de dezembro acontece a 19\u00aa Edi\u00e7\u00e3o da Ovearte, Feira do Cordeiro, Artesanato e Cultura Mostardense, no Parque de Exposi\u00e7\u00f5es Z\u00e9 Terra, em Mostardas. O evento contra com palestras, shows e diversas outras atra\u00e7\u00f5es. Entre elas est\u00e1 a primeira edi\u00e7\u00e3o do Ovetrilha, uma\" \/>\n\t<meta name=\"robots\" content=\"max-image-preview:large\" \/>\n\t<meta name=\"author\" content=\"Alejo Bordon\"\/>\n\t<link rel=\"canonical\" href=\"https:\/\/radiosul.net\/wp\/2019\/ovinocultura-movimenta-mostardas\/\" \/>\n\t<meta name=\"generator\" content=\"All in One SEO (AIOSEO) 5.0.1.1\" \/>\n\t\t<meta property=\"og:locale\" content=\"pt_BR\" \/>\n\t\t<meta property=\"og:site_name\" content=\"radiosul.net - Regional por Excel\u00eancia\" \/>\n\t\t<meta property=\"og:type\" content=\"article\" \/>\n\t\t<meta property=\"og:title\" content=\"Ovinocultura movimenta Mostardas - radiosul.net\" \/>\n\t\t<meta property=\"og:description\" content=\"Evento promove a ovinocultura, artesanato e cultura de Mostradas DE 4 a 8 de dezembro acontece a 19\u00aa Edi\u00e7\u00e3o da Ovearte, Feira do Cordeiro, Artesanato e Cultura Mostardense, no Parque de Exposi\u00e7\u00f5es Z\u00e9 Terra, em Mostardas. O evento contra com palestras, shows e diversas outras atra\u00e7\u00f5es. Entre elas est\u00e1 a primeira edi\u00e7\u00e3o do Ovetrilha, uma\" \/>\n\t\t<meta property=\"og:url\" content=\"https:\/\/radiosul.net\/wp\/2019\/ovinocultura-movimenta-mostardas\/\" \/>\n\t\t<meta property=\"article:published_time\" content=\"2019-11-18T19:06:14+00:00\" \/>\n\t\t<meta property=\"article:modified_time\" content=\"2019-11-18T19:06:16+00:00\" \/>\n\t\t<meta name=\"twitter:card\" content=\"summary_large_image\" \/>\n\t\t<meta name=\"twitter:title\" content=\"Ovinocultura movimenta Mostardas - radiosul.net\" \/>\n\t\t<meta name=\"twitter:description\" content=\"Evento promove a ovinocultura, artesanato e cultura de Mostradas DE 4 a 8 de dezembro acontece a 19\u00aa Edi\u00e7\u00e3o da Ovearte, Feira do Cordeiro, Artesanato e Cultura Mostardense, no Parque de Exposi\u00e7\u00f5es Z\u00e9 Terra, em Mostardas. O evento contra com palestras, shows e diversas outras atra\u00e7\u00f5es. Entre elas est\u00e1 a primeira edi\u00e7\u00e3o do Ovetrilha, uma\" \/>\n\t\t<script type=\"application\/ld+json\" class=\"aioseo-schema\">\n\t\t\t{\"@context\":\"https:\\\/\\\/schema.org\",\"@graph\":[{\"@type\":\"BlogPosting\",\"@id\":\"https:\\\/\\\/radiosul.net\\\/wp\\\/2019\\\/ovinocultura-movimenta-mostardas\\\/#blogposting\",\"name\":\"Ovinocultura movimenta Mostardas - radiosul.net\",\"headline\":\"Ovinocultura movimenta Mostardas\",\"author\":{\"@id\":\"https:\\\/\\\/radiosul.net\\\/wp\\\/author\\\/alejo\\\/#author\"},\"publisher\":{\"@id\":\"https:\\\/\\\/radiosul.net\\\/wp\\\/#organization\"},\"image\":{\"@type\":\"ImageObject\",\"url\":\"https:\\\/\\\/radiosul.net\\\/wp\\\/wp-content\\\/uploads\\\/2019\\\/11\\\/image-3.jpg\",\"width\":600,\"height\":400,\"caption\":\"- Divulga\\u00e7\\u00e3o Sindicato Rural\"},\"datePublished\":\"2019-11-18T16:06:14-03:00\",\"dateModified\":\"2019-11-18T16:06:16-03:00\",\"inLanguage\":\"pt-BR\",\"mainEntityOfPage\":{\"@id\":\"https:\\\/\\\/radiosul.net\\\/wp\\\/2019\\\/ovinocultura-movimenta-mostardas\\\/#webpage\"},\"isPartOf\":{\"@id\":\"https:\\\/\\\/radiosul.net\\\/wp\\\/2019\\\/ovinocultura-movimenta-mostardas\\\/#webpage\"},\"articleSection\":\"Agroneg\\u00f3cio\"},{\"@type\":\"BreadcrumbList\",\"@id\":\"https:\\\/\\\/radiosul.net\\\/wp\\\/2019\\\/ovinocultura-movimenta-mostardas\\\/#breadcrumblist\",\"itemListElement\":[{\"@type\":\"ListItem\",\"@id\":\"https:\\\/\\\/radiosul.net\\\/wp#listItem\",\"position\":1,\"name\":\"Home\",\"item\":\"https:\\\/\\\/radiosul.net\\\/wp\",\"nextItem\":{\"@type\":\"ListItem\",\"@id\":\"https:\\\/\\\/radiosul.net\\\/wp\\\/category\\\/agro\\\/#listItem\",\"name\":\"Agroneg\\u00f3cio\"}},{\"@type\":\"ListItem\",\"@id\":\"https:\\\/\\\/radiosul.net\\\/wp\\\/category\\\/agro\\\/#listItem\",\"position\":2,\"name\":\"Agroneg\\u00f3cio\",\"item\":\"https:\\\/\\\/radiosul.net\\\/wp\\\/category\\\/agro\\\/\",\"nextItem\":{\"@type\":\"ListItem\",\"@id\":\"https:\\\/\\\/radiosul.net\\\/wp\\\/2019\\\/ovinocultura-movimenta-mostardas\\\/#listItem\",\"name\":\"Ovinocultura movimenta Mostardas\"},\"previousItem\":{\"@type\":\"ListItem\",\"@id\":\"https:\\\/\\\/radiosul.net\\\/wp#listItem\",\"name\":\"Home\"}},{\"@type\":\"ListItem\",\"@id\":\"https:\\\/\\\/radiosul.net\\\/wp\\\/2019\\\/ovinocultura-movimenta-mostardas\\\/#listItem\",\"position\":3,\"name\":\"Ovinocultura movimenta Mostardas\",\"previousItem\":{\"@type\":\"ListItem\",\"@id\":\"https:\\\/\\\/radiosul.net\\\/wp\\\/category\\\/agro\\\/#listItem\",\"name\":\"Agroneg\\u00f3cio\"}}]},{\"@type\":\"Organization\",\"@id\":\"https:\\\/\\\/radiosul.net\\\/wp\\\/#organization\",\"name\":\"radiosul.net\",\"description\":\"Regional por Excel\\u00eancia\",\"url\":\"https:\\\/\\\/radiosul.net\\\/wp\\\/\"},{\"@type\":\"Person\",\"@id\":\"https:\\\/\\\/radiosul.net\\\/wp\\\/author\\\/alejo\\\/#author\",\"url\":\"https:\\\/\\\/radiosul.net\\\/wp\\\/author\\\/alejo\\\/\",\"name\":\"Alejo Bordon\",\"image\":{\"@type\":\"ImageObject\",\"@id\":\"https:\\\/\\\/radiosul.net\\\/wp\\\/2019\\\/ovinocultura-movimenta-mostardas\\\/#authorImage\",\"url\":\"https:\\\/\\\/secure.gravatar.com\\\/avatar\\\/b3a7e7f1c71212e6a5b7183b79a2ab58dad8bdc4cd4eadd61c4434d010d0bae4?s=96&d=mm&r=g\",\"width\":96,\"height\":96,\"caption\":\"Alejo Bordon\"}},{\"@type\":\"WebPage\",\"@id\":\"https:\\\/\\\/radiosul.net\\\/wp\\\/2019\\\/ovinocultura-movimenta-mostardas\\\/#webpage\",\"url\":\"https:\\\/\\\/radiosul.net\\\/wp\\\/2019\\\/ovinocultura-movimenta-mostardas\\\/\",\"name\":\"Ovinocultura movimenta Mostardas - radiosul.net\",\"description\":\"Evento promove a ovinocultura, artesanato e cultura de Mostradas DE 4 a 8 de dezembro acontece a 19\\u00aa Edi\\u00e7\\u00e3o da Ovearte, Feira do Cordeiro, Artesanato e Cultura Mostardense, no Parque de Exposi\\u00e7\\u00f5es Z\\u00e9 Terra, em Mostardas. O evento contra com palestras, shows e diversas outras atra\\u00e7\\u00f5es. Entre elas est\\u00e1 a primeira edi\\u00e7\\u00e3o do Ovetrilha, uma\",\"inLanguage\":\"pt-BR\",\"isPartOf\":{\"@id\":\"https:\\\/\\\/radiosul.net\\\/wp\\\/#website\"},\"breadcrumb\":{\"@id\":\"https:\\\/\\\/radiosul.net\\\/wp\\\/2019\\\/ovinocultura-movimenta-mostardas\\\/#breadcrumblist\"},\"author\":{\"@id\":\"https:\\\/\\\/radiosul.net\\\/wp\\\/author\\\/alejo\\\/#author\"},\"creator\":{\"@id\":\"https:\\\/\\\/radiosul.net\\\/wp\\\/author\\\/alejo\\\/#author\"},\"image\":{\"@type\":\"ImageObject\",\"url\":\"https:\\\/\\\/radiosul.net\\\/wp\\\/wp-content\\\/uploads\\\/2019\\\/11\\\/image-3.jpg\",\"@id\":\"https:\\\/\\\/radiosul.net\\\/wp\\\/2019\\\/ovinocultura-movimenta-mostardas\\\/#mainImage\",\"width\":600,\"height\":400,\"caption\":\"- Divulga\\u00e7\\u00e3o Sindicato Rural\"},\"primaryImageOfPage\":{\"@id\":\"https:\\\/\\\/radiosul.net\\\/wp\\\/2019\\\/ovinocultura-movimenta-mostardas\\\/#mainImage\"},\"datePublished\":\"2019-11-18T16:06:14-03:00\",\"dateModified\":\"2019-11-18T16:06:16-03:00\"},{\"@type\":\"WebSite\",\"@id\":\"https:\\\/\\\/radiosul.net\\\/wp\\\/#website\",\"url\":\"https:\\\/\\\/radiosul.net\\\/wp\\\/\",\"name\":\"radiosul.net\",\"description\":\"Regional por Excel\\u00eancia\",\"inLanguage\":\"pt-BR\",\"publisher\":{\"@id\":\"https:\\\/\\\/radiosul.net\\\/wp\\\/#organization\"}}]}\n\t\t<\/script>\n\t\t<!-- All in One SEO -->\n\n","aioseo_head_json":{"title":"Ovinocultura movimenta Mostardas - radiosul.net","description":"Evento promove a ovinocultura, artesanato e cultura de Mostradas DE 4 a 8 de dezembro acontece a 19\u00aa Edi\u00e7\u00e3o da Ovearte, Feira do Cordeiro, Artesanato e Cultura Mostardense, no Parque de Exposi\u00e7\u00f5es Z\u00e9 Terra, em Mostardas. O evento contra com palestras, shows e diversas outras atra\u00e7\u00f5es. Entre elas est\u00e1 a primeira edi\u00e7\u00e3o do Ovetrilha, uma","canonical_url":"https:\/\/radiosul.net\/wp\/2019\/ovinocultura-movimenta-mostardas\/","robots":"max-image-preview:large","keywords":"","webmasterTools":{"miscellaneous":""},"schema":{"@context":"https:\/\/schema.org","@graph":[{"@type":"BlogPosting","@id":"https:\/\/radiosul.net\/wp\/2019\/ovinocultura-movimenta-mostardas\/#blogposting","name":"Ovinocultura movimenta Mostardas - radiosul.net","headline":"Ovinocultura movimenta Mostardas","author":{"@id":"https:\/\/radiosul.net\/wp\/author\/alejo\/#author"},"publisher":{"@id":"https:\/\/radiosul.net\/wp\/#organization"},"image":{"@type":"ImageObject","url":"https:\/\/radiosul.net\/wp\/wp-content\/uploads\/2019\/11\/image-3.jpg","width":600,"height":400,"caption":"- Divulga\u00e7\u00e3o Sindicato Rural"},"datePublished":"2019-11-18T16:06:14-03:00","dateModified":"2019-11-18T16:06:16-03:00","inLanguage":"pt-BR","mainEntityOfPage":{"@id":"https:\/\/radiosul.net\/wp\/2019\/ovinocultura-movimenta-mostardas\/#webpage"},"isPartOf":{"@id":"https:\/\/radiosul.net\/wp\/2019\/ovinocultura-movimenta-mostardas\/#webpage"},"articleSection":"Agroneg\u00f3cio"},{"@type":"BreadcrumbList","@id":"https:\/\/radiosul.net\/wp\/2019\/ovinocultura-movimenta-mostardas\/#breadcrumblist","itemListElement":[{"@type":"ListItem","@id":"https:\/\/radiosul.net\/wp#listItem","position":1,"name":"Home","item":"https:\/\/radiosul.net\/wp","nextItem":{"@type":"ListItem","@id":"https:\/\/radiosul.net\/wp\/category\/agro\/#listItem","name":"Agroneg\u00f3cio"}},{"@type":"ListItem","@id":"https:\/\/radiosul.net\/wp\/category\/agro\/#listItem","position":2,"name":"Agroneg\u00f3cio","item":"https:\/\/radiosul.net\/wp\/category\/agro\/","nextItem":{"@type":"ListItem","@id":"https:\/\/radiosul.net\/wp\/2019\/ovinocultura-movimenta-mostardas\/#listItem","name":"Ovinocultura movimenta Mostardas"},"previousItem":{"@type":"ListItem","@id":"https:\/\/radiosul.net\/wp#listItem","name":"Home"}},{"@type":"ListItem","@id":"https:\/\/radiosul.net\/wp\/2019\/ovinocultura-movimenta-mostardas\/#listItem","position":3,"name":"Ovinocultura movimenta Mostardas","previousItem":{"@type":"ListItem","@id":"https:\/\/radiosul.net\/wp\/category\/agro\/#listItem","name":"Agroneg\u00f3cio"}}]},{"@type":"Organization","@id":"https:\/\/radiosul.net\/wp\/#organization","name":"radiosul.net","description":"Regional por Excel\u00eancia","url":"https:\/\/radiosul.net\/wp\/"},{"@type":"Person","@id":"https:\/\/radiosul.net\/wp\/author\/alejo\/#author","url":"https:\/\/radiosul.net\/wp\/author\/alejo\/","name":"Alejo Bordon","image":{"@type":"ImageObject","@id":"https:\/\/radiosul.net\/wp\/2019\/ovinocultura-movimenta-mostardas\/#authorImage","url":"https:\/\/secure.gravatar.com\/avatar\/b3a7e7f1c71212e6a5b7183b79a2ab58dad8bdc4cd4eadd61c4434d010d0bae4?s=96&d=mm&r=g","width":96,"height":96,"caption":"Alejo Bordon"}},{"@type":"WebPage","@id":"https:\/\/radiosul.net\/wp\/2019\/ovinocultura-movimenta-mostardas\/#webpage","url":"https:\/\/radiosul.net\/wp\/2019\/ovinocultura-movimenta-mostardas\/","name":"Ovinocultura movimenta Mostardas - radiosul.net","description":"Evento promove a ovinocultura, artesanato e cultura de Mostradas DE 4 a 8 de dezembro acontece a 19\u00aa Edi\u00e7\u00e3o da Ovearte, Feira do Cordeiro, Artesanato e Cultura Mostardense, no Parque de Exposi\u00e7\u00f5es Z\u00e9 Terra, em Mostardas. O evento contra com palestras, shows e diversas outras atra\u00e7\u00f5es. Entre elas est\u00e1 a primeira edi\u00e7\u00e3o do Ovetrilha, uma","inLanguage":"pt-BR","isPartOf":{"@id":"https:\/\/radiosul.net\/wp\/#website"},"breadcrumb":{"@id":"https:\/\/radiosul.net\/wp\/2019\/ovinocultura-movimenta-mostardas\/#breadcrumblist"},"author":{"@id":"https:\/\/radiosul.net\/wp\/author\/alejo\/#author"},"creator":{"@id":"https:\/\/radiosul.net\/wp\/author\/alejo\/#author"},"image":{"@type":"ImageObject","url":"https:\/\/radiosul.net\/wp\/wp-content\/uploads\/2019\/11\/image-3.jpg","@id":"https:\/\/radiosul.net\/wp\/2019\/ovinocultura-movimenta-mostardas\/#mainImage","width":600,"height":400,"caption":"- Divulga\u00e7\u00e3o Sindicato Rural"},"primaryImageOfPage":{"@id":"https:\/\/radiosul.net\/wp\/2019\/ovinocultura-movimenta-mostardas\/#mainImage"},"datePublished":"2019-11-18T16:06:14-03:00","dateModified":"2019-11-18T16:06:16-03:00"},{"@type":"WebSite","@id":"https:\/\/radiosul.net\/wp\/#website","url":"https:\/\/radiosul.net\/wp\/","name":"radiosul.net","description":"Regional por Excel\u00eancia","inLanguage":"pt-BR","publisher":{"@id":"https:\/\/radiosul.net\/wp\/#organization"}}]},"og:locale":"pt_BR","og:site_name":"radiosul.net - Regional por Excel\u00eancia","og:type":"article","og:title":"Ovinocultura movimenta Mostardas - radiosul.net","og:description":"Evento promove a ovinocultura, artesanato e cultura de Mostradas DE 4 a 8 de dezembro acontece a 19\u00aa Edi\u00e7\u00e3o da Ovearte, Feira do Cordeiro, Artesanato e Cultura Mostardense, no Parque de Exposi\u00e7\u00f5es Z\u00e9 Terra, em Mostardas. O evento contra com palestras, shows e diversas outras atra\u00e7\u00f5es. Entre elas est\u00e1 a primeira edi\u00e7\u00e3o do Ovetrilha, uma","og:url":"https:\/\/radiosul.net\/wp\/2019\/ovinocultura-movimenta-mostardas\/","article:published_time":"2019-11-18T19:06:14+00:00","article:modified_time":"2019-11-18T19:06:16+00:00","twitter:card":"summary_large_image","twitter:title":"Ovinocultura movimenta Mostardas - radiosul.net","twitter:description":"Evento promove a ovinocultura, artesanato e cultura de Mostradas DE 4 a 8 de dezembro acontece a 19\u00aa Edi\u00e7\u00e3o da Ovearte, Feira do Cordeiro, Artesanato e Cultura Mostardense, no Parque de Exposi\u00e7\u00f5es Z\u00e9 Terra, em Mostardas. O evento contra com palestras, shows e diversas outras atra\u00e7\u00f5es. Entre elas est\u00e1 a primeira edi\u00e7\u00e3o do Ovetrilha, uma"},"aioseo_meta_data":{"post_id":"9193","title":null,"description":null,"keywords":null,"keyphrases":null,"primary_term":null,"canonical_url":null,"og_title":null,"og_description":null,"og_object_type":"default","og_image_type":"default","og_image_url":null,"og_image_width":null,"og_image_height":null,"og_image_custom_url":null,"og_image_custom_fields":null,"og_video":null,"og_custom_url":null,"og_article_section":null,"og_article_tags":null,"twitter_use_og":false,"twitter_card":"default","twitter_image_type":"default","twitter_image_url":null,"twitter_image_custom_url":null,"twitter_image_custom_fields":null,"twitter_title":null,"twitter_description":null,"schema":{"blockGraphs":[],"customGraphs":[],"default":{"data":{"Article":[],"Course":[],"Dataset":[],"FAQPage":[],"Movie":[],"Person":[],"Product":[],"ProductReview":[],"Car":[],"Recipe":[],"Service":[],"SoftwareApplication":[],"WebPage":[]},"graphName":"","isEnabled":true},"graphs":[]},"schema_type":"default","schema_type_options":null,"pillar_content":false,"robots_default":true,"robots_noindex":false,"robots_noarchive":false,"robots_nosnippet":false,"robots_nofollow":false,"robots_noimageindex":false,"robots_noodp":false,"robots_notranslate":false,"robots_max_snippet":null,"robots_max_videopreview":null,"robots_max_imagepreview":"large","priority":null,"frequency":null,"local_seo":null,"breadcrumb_settings":null,"limit_modified_date":false,"ai":null,"created":"2026-01-08 18:08:27","updated":"2026-01-08 18:08:27","seo_analyzer_scan_date":null,"focus_keyword":null,"additional_keywords":null,"truseo_locale":null},"aioseo_breadcrumb":"<div class=\"aioseo-breadcrumbs\"><span class=\"aioseo-breadcrumb\">\n\t\t\t<a href=\"https:\/\/radiosul.net\/wp\" title=\"Home\">Home<\/a>\n\t\t<\/span><span class=\"aioseo-breadcrumb-separator\">&raquo;<\/span><span class=\"aioseo-breadcrumb\">\n\t\t\t<a href=\"https:\/\/radiosul.net\/wp\/category\/agro\/\" title=\"Agroneg\u00f3cio\">Agroneg\u00f3cio<\/a>\n\t\t<\/span><span class=\"aioseo-breadcrumb-separator\">&raquo;<\/span><span class=\"aioseo-breadcrumb\">\n\t\t\tOvinocultura movimenta Mostardas\n\t\t<\/span><\/div>","aioseo_breadcrumb_json":[{"label":"Home","link":"https:\/\/radiosul.net\/wp"},{"label":"Agroneg\u00f3cio","link":"https:\/\/radiosul.net\/wp\/category\/agro\/"},{"label":"Ovinocultura movimenta Mostardas","link":"https:\/\/radiosul.net\/wp\/2019\/ovinocultura-movimenta-mostardas\/"}],"_links":{"self":[{"href":"https:\/\/radiosul.net\/wp\/wp-json\/wp\/v2\/posts\/9193","targetHints":{"allow":["GET"]}}],"collection":[{"href":"https:\/\/radiosul.net\/wp\/wp-json\/wp\/v2\/posts"}],"about":[{"href":"https:\/\/radiosul.net\/wp\/wp-json\/wp\/v2\/types\/post"}],"author":[{"embeddable":true,"href":"https:\/\/radiosul.net\/wp\/wp-json\/wp\/v2\/users\/9"}],"replies":[{"embeddable":true,"href":"https:\/\/radiosul.net\/wp\/wp-json\/wp\/v2\/comments?post=9193"}],"version-history":[{"count":1,"href":"https:\/\/radiosul.net\/wp\/wp-json\/wp\/v2\/posts\/9193\/revisions"}],"predecessor-version":[{"id":9195,"href":"https:\/\/radiosul.net\/wp\/wp-json\/wp\/v2\/posts\/9193\/revisions\/9195"}],"wp:featuredmedia":[{"embeddable":true,"href":"https:\/\/radiosul.net\/wp\/wp-json\/wp\/v2\/media\/9194"}],"wp:attachment":[{"href":"https:\/\/radiosul.net\/wp\/wp-json\/wp\/v2\/media?parent=9193"}],"wp:term":[{"taxonomy":"category","embeddable":true,"href":"https:\/\/radiosul.net\/wp\/wp-json\/wp\/v2\/categories?post=9193"},{"taxonomy":"post_tag","embeddable":true,"href":"https:\/\/radiosul.net\/wp\/wp-json\/wp\/v2\/tags?post=9193"}],"curies":[{"name":"wp","href":"https:\/\/api.w.org\/{rel}","templated":true}]}}