{"id":8933,"date":"2019-11-06T09:18:30","date_gmt":"2019-11-06T12:18:30","guid":{"rendered":"http:\/\/radiosul.net\/wp\/?p=8933"},"modified":"2019-11-06T09:18:33","modified_gmt":"2019-11-06T12:18:33","slug":"asbia-expectativa-de-18-milhoes-de-doses-vendidas-em-2019","status":"publish","type":"post","link":"https:\/\/radiosul.net\/wp\/2019\/asbia-expectativa-de-18-milhoes-de-doses-vendidas-em-2019\/","title":{"rendered":"ASBIA: expectativa de 18 milh\u00f5es de doses vendidas em 2019"},"content":{"rendered":"\n<p class=\"wp-block-paragraph\"><em>M\u00e1rcio Nery assume comando da ASBIA, Associa\u00e7\u00e3o Brasileira  de Insemina\u00e7\u00e3o Artificial, e fala sobre expectativas e planos a frente  da entidade<\/em><\/p>\n\n\n\n<p class=\"wp-block-paragraph\">Foi eleita no final do m\u00eas de agosto a nova diretoria\u00a0da Associa\u00e7\u00e3o  Brasileira de Insemina\u00e7\u00e3o Artificial\u00a0(ASBIA), que comandar\u00e1 a entidade  pelo pr\u00f3ximo tri\u00eanio\u00a02019\/2022. Como presidente, assumiu M\u00e1rcio  Nery\u00a0Magalh\u00e3es J\u00fanior, que \u00e9 Agr\u00f4nomo pela Universidade\u00a0Federal de  Vi\u00e7osa, com mais de 19 anos de atua\u00e7\u00e3o no\u00a0mercado junto \u00e0 ABS, onde est\u00e1  como Diretor Geral h\u00e1\u00a012 anos. Sob sua presid\u00eancia, a nova diretoria da  Asbia\u00a0tamb\u00e9m \u00e9 composta por Cesar de Almeida Franzon\u00a0(diretor  Operacional); Nelson Eduardo Ziehlsdorff\u00a0(diretor T\u00e9cnico) e Fernando  Furtado Velloso (diretor\u00a0de Marketing), al\u00e9m de continuar com o apoio  do\u00a0gerente executivo, Carlos Vivacqua. A elei\u00e7\u00e3o e a posse\u00a0do grupo  foram realizadas no dia 30 de agosto. A chapa\u00a0foi aprovada por  unanimidade.\u00a0 M\u00e1rcio Nery assumiu a presid\u00eancia com prioridades\u00a0claras  de fortalecer o \u00cdndice Asbia, fomentar a utiliza\u00e7\u00e3o\u00a0de tecnologias de  reprodu\u00e7\u00e3o e impulsionar o mercado\u00a0internacional para gen\u00e9tica  brasileira. Em entrevista ao\u00a0ABS News, ele avalia o desempenho do  mercado, fala\u00a0sobre planos e expectativas para o pr\u00f3ximo tri\u00eanio.<\/p>\n\n\n\n<div class=\"wp-block-image\"><figure class=\"aligncenter\"><img loading=\"lazy\" decoding=\"async\" width=\"227\" height=\"222\" src=\"http:\/\/radiosul.net\/wp\/wp-content\/uploads\/2019\/11\/157297947364.jpg\" alt=\"\" class=\"wp-image-8934\"\/><figcaption> Divulga\u00e7\u00e3o\/Assessoria<\/figcaption><\/figure><\/div>\n\n\n\n<p class=\"wp-block-paragraph\"><strong>ABS  NEWS \u2013 O senhor acaba de assumir a presid\u00eancia da Asbia. Quais ser\u00e3o os  seus objetivos para conduzir a entidade nessa gest\u00e3o?<\/strong><\/p>\n\n\n\n<p class=\"wp-block-paragraph\">M\u00e1rcio  Nery: Queremos continuar trabalhando forte junto ao Minist\u00e9rio da  Agricultura, Pecu\u00e1ria e Abastecimento (MAPA) e Associa\u00e7\u00f5es de Ra\u00e7as para  viabiliza\u00e7\u00e3o de protocolos sanit\u00e1rios e conquista de certifica\u00e7\u00f5es  zoot\u00e9cnicas, aumentando as oportunidades para essa gen\u00e9tica de qualidade  que temos produzido no Brasil e que j\u00e1 \u00e9 reconhecida  internacionalmente. Precisamos assegurar que a gen\u00e9tica importada e a  produzida no Brasil possam atender as expectativas de melhoramento  gen\u00e9tico nas distintas regi\u00f5es do Brasil e que tenham impacto na  sustentabilidade econ\u00f4mica dos produtores de leite e carne. Queremos  tamb\u00e9m seguir trabalhando nosso Index ASBIA, no sentido de dar a ele  cada vez mais visibilidade e utilidade junto aos associados.<br><br><strong>ABS NEWS \u2013 Sobre o mercado internacional, quais s\u00e3o os mercados-alvo? Quais s\u00e3o as maiores dificuldades ainda enfrentadas?<\/strong> <\/p>\n\n\n\n<p class=\"wp-block-paragraph\"><br>M\u00e1rcio  Nery: Nossos alvos s\u00e3o todos aqueles que demandam a melhor gen\u00e9tica  tropical do mundo: Am\u00e9rica Latina, \u00c1frica e \u00c0sia s\u00e3o os mais  importantes. As dificuldades s\u00e3o cada vez menores, temos trabalhado  junto ao BCG para acelerar os processos com grande apoio do MAPA.\u00a0<br><br><strong>ABS NEWS \u2013 Como o mercado nacional tem se comportado?<\/strong><\/p>\n\n\n\n<p class=\"wp-block-paragraph\"><br>M\u00e1rcio  Nery: O mercado nacional tem apresentado boas taxas de crescimento nos  \u00faltimos relat\u00f3rios. O Index Asbia do 1\u00ba semestre de 2019 mostra um  crescimento de 28% no corte e 7% no leite. A percep\u00e7\u00e3o da import\u00e2ncia e  do impacto da gen\u00e9tica por parte do produtor \u00e9 cada vez mais evidente.  Talvez cheguemos este ano \u00e0s 15 milh\u00f5es de doses de s\u00eamen vendidas  diretamente ao cliente no Brasil, e acredito que podemos pensar, a curto  prazo, chegar \u00e0s 25 milh\u00f5es de doses no Brasil<\/p>\n\n\n\n<p class=\"wp-block-paragraph\"><strong>ABS NEWS \u2013 Podemos acreditar no crescimento at\u00e9 essas 25 milh\u00f5es de doses at\u00e9 quando?<\/strong> <\/p>\n\n\n\n<p class=\"wp-block-paragraph\"><br>M\u00e1rcio  Nery: Este ano podemos crescer at\u00e9 17% e chegaremos ent\u00e3o a 18 milh\u00f5es  de doses (isso relativo a vendas internas, presta\u00e7\u00e3o de servi\u00e7o e  exporta\u00e7\u00e3o). Se crescermos 12% nos pr\u00f3ximos quatro anos, ser\u00e3o 28  milh\u00f5es de doses totais<\/p>\n\n\n\n<p class=\"wp-block-paragraph\"><strong>ABS NEWS \u2013 Quais ra\u00e7as tendem a contribuir mais para esse crescimento?<\/strong> <\/p>\n\n\n\n<p class=\"wp-block-paragraph\"><br>M\u00e1rcio  Nery: Logicamente, existe uma contribui\u00e7\u00e3o muito forte de 20 ra\u00e7as de  corte e leite. Entretanto, o mercado precisa da contribui\u00e7\u00e3o de todas as  ra\u00e7as. Sabemos que avalia\u00e7\u00e3o gen\u00e9tica \u00e9 quest\u00e3o fundamental e a  gen\u00f4mica cada vez mais decisiva no impacto que cada ra\u00e7a poder\u00e1 dar ao  setor.<br><br><\/p>\n\n\n\n<p class=\"wp-block-paragraph\"><strong>ABS NEWS \u2013 Observamos diferentes comportamentos de um ano  para outro quanto a pecu\u00e1ria de leite e a pecu\u00e1ria de corte. Como as  duas devem se comportar em 2020? <\/strong><\/p>\n\n\n\n<p class=\"wp-block-paragraph\"><br>M\u00e1rcio Nery: No corte, o  Brasil est\u00e1 cada vez demonstrando sua capacidade de produzir carne de  qualidade a pre\u00e7o imbat\u00edvel e protegendo o meio ambiente. Neste cen\u00e1rio,  o crescimento segue forte. No leite, as flutua\u00e7\u00f5es internacionais e o  consumo interno t\u00eam um impacto maior. Mas a demanda por melhoramento  gen\u00e9tico e o custo deste investimento n\u00e3o nos deixa d\u00favidas que seguir\u00e1  crescendo. <br><br><strong>ABS NEWS &#8211; A tecnologia de FIV tem crescido muito. A utiliza\u00e7\u00e3o dessa interfere no volume de s\u00eamen comercializado? <\/strong><\/p>\n\n\n\n<p class=\"wp-block-paragraph\"><br>M\u00e1rcio  Nery: A FIV \u00e9 mais uma ferramenta que traz velocidade ao melhoramento  gen\u00e9tico juntamente com o s\u00eamen sexado. N\u00e3o atrapalha. Ao contr\u00e1rio, vem  para somar.<br><br><strong>ABS NEWS \u2013 O pre\u00e7o do s\u00eamen para os pr\u00f3ximos anos? Qual a tend\u00eancia?<\/strong> <\/p>\n\n\n\n<p class=\"wp-block-paragraph\"><br>M\u00e1rcio  Nery: A medida que a gen\u00e9tica ganha destaque, \u00e9 natural que o mercado  busque ajustar os pre\u00e7os que est\u00e3o desalinhados com a realidade de  custos, principalmente no corte. Isso \u00e9 bom para todos, pois ir\u00e1  necessariamente implicar em melhor atendimento e qualidade na  consultoria t\u00e9cnica prestada pelas empresas do setor. Mas \u00e9 sempre bom  lembrar que este custo, dificilmente, ir\u00e1 ultrapassar a 2% do custo  total da produ\u00e7\u00e3o<br><br><strong>ABS NEWS \u2013 Para encerrar, a Asbia prepara novidades para o mercado?<\/strong> <\/p>\n\n\n\n<p class=\"wp-block-paragraph\"><br>M\u00e1rcio  Nery: N\u00e3o \u00e9 uma novidade, mas sim o firme desejo em ter, j\u00e1 em 2020, o  \u00edndice ASBIA estratificado por munic\u00edpio que poder\u00e1 ajudar muito todo o  setor. O \u00cdndice Asbia, hoje, traz como estratifica\u00e7\u00e3o m\u00e1xima os dados  por Estados. Nossa inten\u00e7\u00e3o \u00e9 passar a fazer, j\u00e1 em 2020, essa  estratifica\u00e7\u00e3o por munic\u00edpios, dando mais musculatura e mais for\u00e7a a  esse term\u00f4metro do mercado. E, me permita, tamb\u00e9m uma mensagem final que  se tornou um lema da ASBIA : a gen\u00e9tica \u00e9 o \u00fanico insumo permanente que  voc\u00ea poder\u00e1 acrescentar em seu rebanho.<br><br>Fonte: ABS News &#8211; Outubro\/2019<br><\/p>\n","protected":false},"excerpt":{"rendered":"<p>M\u00e1rcio Nery assume comando da ASBIA, Associa\u00e7\u00e3o Brasileira de Insemina\u00e7\u00e3o Artificial, e fala sobre expectativas e planos a frente da entidade Foi eleita no final do m\u00eas de agosto a nova diretoria\u00a0da Associa\u00e7\u00e3o Brasileira de Insemina\u00e7\u00e3o Artificial\u00a0(ASBIA), que comandar\u00e1 a entidade pelo pr\u00f3ximo tri\u00eanio\u00a02019\/2022. Como presidente, assumiu M\u00e1rcio Nery\u00a0Magalh\u00e3es J\u00fanior, que \u00e9 Agr\u00f4nomo pela Universidade\u00a0Federal &hellip;<\/p>\n","protected":false},"author":9,"featured_media":8935,"comment_status":"closed","ping_status":"closed","sticky":false,"template":"","format":"standard","meta":{"_monsterinsights_skip_tracking":false,"_uf_show_specific_survey":0,"_uf_disable_surveys":false,"footnotes":""},"categories":[1,126],"tags":[],"class_list":["post-8933","post","type-post","status-publish","format-standard","has-post-thumbnail","hentry","category-agro","category-destacados"],"aioseo_notices":[],"aioseo_head":"\n\t\t<!-- All in One SEO 5.0.1.1 - aioseo.com -->\n\t<meta name=\"description\" content=\"M\u00e1rcio Nery assume comando da ASBIA, Associa\u00e7\u00e3o Brasileira de Insemina\u00e7\u00e3o Artificial, e fala sobre expectativas e planos a frente da entidade Foi eleita no final do m\u00eas de agosto a nova diretoria da Associa\u00e7\u00e3o Brasileira de Insemina\u00e7\u00e3o Artificial (ASBIA), que comandar\u00e1 a entidade pelo pr\u00f3ximo tri\u00eanio 2019\/2022. Como presidente, assumiu M\u00e1rcio Nery Magalh\u00e3es J\u00fanior, que \u00e9 Agr\u00f4nomo pela Universidade Federal\" \/>\n\t<meta name=\"robots\" content=\"max-image-preview:large\" \/>\n\t<meta name=\"author\" content=\"Alejo Bordon\"\/>\n\t<link rel=\"canonical\" href=\"https:\/\/radiosul.net\/wp\/2019\/asbia-expectativa-de-18-milhoes-de-doses-vendidas-em-2019\/\" \/>\n\t<meta name=\"generator\" content=\"All in One SEO (AIOSEO) 5.0.1.1\" \/>\n\t\t<meta property=\"og:locale\" content=\"pt_BR\" \/>\n\t\t<meta property=\"og:site_name\" content=\"radiosul.net - Regional por Excel\u00eancia\" \/>\n\t\t<meta property=\"og:type\" content=\"article\" \/>\n\t\t<meta property=\"og:title\" content=\"ASBIA: expectativa de 18 milh\u00f5es de doses vendidas em 2019 - radiosul.net\" \/>\n\t\t<meta property=\"og:description\" content=\"M\u00e1rcio Nery assume comando da ASBIA, Associa\u00e7\u00e3o Brasileira de Insemina\u00e7\u00e3o Artificial, e fala sobre expectativas e planos a frente da entidade Foi eleita no final do m\u00eas de agosto a nova diretoria da Associa\u00e7\u00e3o Brasileira de Insemina\u00e7\u00e3o Artificial (ASBIA), que comandar\u00e1 a entidade pelo pr\u00f3ximo tri\u00eanio 2019\/2022. Como presidente, assumiu M\u00e1rcio Nery Magalh\u00e3es J\u00fanior, que \u00e9 Agr\u00f4nomo pela Universidade Federal\" \/>\n\t\t<meta property=\"og:url\" content=\"https:\/\/radiosul.net\/wp\/2019\/asbia-expectativa-de-18-milhoes-de-doses-vendidas-em-2019\/\" \/>\n\t\t<meta property=\"article:published_time\" content=\"2019-11-06T12:18:30+00:00\" \/>\n\t\t<meta property=\"article:modified_time\" content=\"2019-11-06T12:18:33+00:00\" \/>\n\t\t<meta name=\"twitter:card\" content=\"summary_large_image\" \/>\n\t\t<meta name=\"twitter:title\" content=\"ASBIA: expectativa de 18 milh\u00f5es de doses vendidas em 2019 - radiosul.net\" \/>\n\t\t<meta name=\"twitter:description\" content=\"M\u00e1rcio Nery assume comando da ASBIA, Associa\u00e7\u00e3o Brasileira de Insemina\u00e7\u00e3o Artificial, e fala sobre expectativas e planos a frente da entidade Foi eleita no final do m\u00eas de agosto a nova diretoria da Associa\u00e7\u00e3o Brasileira de Insemina\u00e7\u00e3o Artificial (ASBIA), que comandar\u00e1 a entidade pelo pr\u00f3ximo tri\u00eanio 2019\/2022. Como presidente, assumiu M\u00e1rcio Nery Magalh\u00e3es J\u00fanior, que \u00e9 Agr\u00f4nomo pela Universidade Federal\" \/>\n\t\t<script type=\"application\/ld+json\" class=\"aioseo-schema\">\n\t\t\t{\"@context\":\"https:\\\/\\\/schema.org\",\"@graph\":[{\"@type\":\"BlogPosting\",\"@id\":\"https:\\\/\\\/radiosul.net\\\/wp\\\/2019\\\/asbia-expectativa-de-18-milhoes-de-doses-vendidas-em-2019\\\/#blogposting\",\"name\":\"ASBIA: expectativa de 18 milh\\u00f5es de doses vendidas em 2019 - radiosul.net\",\"headline\":\"ASBIA: expectativa de 18 milh\\u00f5es de doses vendidas em 2019\",\"author\":{\"@id\":\"https:\\\/\\\/radiosul.net\\\/wp\\\/author\\\/alejo\\\/#author\"},\"publisher\":{\"@id\":\"https:\\\/\\\/radiosul.net\\\/wp\\\/#organization\"},\"image\":{\"@type\":\"ImageObject\",\"url\":\"https:\\\/\\\/radiosul.net\\\/wp\\\/wp-content\\\/uploads\\\/2019\\\/11\\\/1572979472116.jpg\",\"width\":621,\"height\":325,\"caption\":\"Divulga\\u00e7\\u00e3o\\\/Assessoria\"},\"datePublished\":\"2019-11-06T09:18:30-03:00\",\"dateModified\":\"2019-11-06T09:18:33-03:00\",\"inLanguage\":\"pt-BR\",\"mainEntityOfPage\":{\"@id\":\"https:\\\/\\\/radiosul.net\\\/wp\\\/2019\\\/asbia-expectativa-de-18-milhoes-de-doses-vendidas-em-2019\\\/#webpage\"},\"isPartOf\":{\"@id\":\"https:\\\/\\\/radiosul.net\\\/wp\\\/2019\\\/asbia-expectativa-de-18-milhoes-de-doses-vendidas-em-2019\\\/#webpage\"},\"articleSection\":\"Agroneg\\u00f3cio, Destaque\"},{\"@type\":\"BreadcrumbList\",\"@id\":\"https:\\\/\\\/radiosul.net\\\/wp\\\/2019\\\/asbia-expectativa-de-18-milhoes-de-doses-vendidas-em-2019\\\/#breadcrumblist\",\"itemListElement\":[{\"@type\":\"ListItem\",\"@id\":\"https:\\\/\\\/radiosul.net\\\/wp#listItem\",\"position\":1,\"name\":\"Home\",\"item\":\"https:\\\/\\\/radiosul.net\\\/wp\",\"nextItem\":{\"@type\":\"ListItem\",\"@id\":\"https:\\\/\\\/radiosul.net\\\/wp\\\/category\\\/agro\\\/#listItem\",\"name\":\"Agroneg\\u00f3cio\"}},{\"@type\":\"ListItem\",\"@id\":\"https:\\\/\\\/radiosul.net\\\/wp\\\/category\\\/agro\\\/#listItem\",\"position\":2,\"name\":\"Agroneg\\u00f3cio\",\"item\":\"https:\\\/\\\/radiosul.net\\\/wp\\\/category\\\/agro\\\/\",\"nextItem\":{\"@type\":\"ListItem\",\"@id\":\"https:\\\/\\\/radiosul.net\\\/wp\\\/2019\\\/asbia-expectativa-de-18-milhoes-de-doses-vendidas-em-2019\\\/#listItem\",\"name\":\"ASBIA: expectativa de 18 milh\\u00f5es de doses vendidas em 2019\"},\"previousItem\":{\"@type\":\"ListItem\",\"@id\":\"https:\\\/\\\/radiosul.net\\\/wp#listItem\",\"name\":\"Home\"}},{\"@type\":\"ListItem\",\"@id\":\"https:\\\/\\\/radiosul.net\\\/wp\\\/2019\\\/asbia-expectativa-de-18-milhoes-de-doses-vendidas-em-2019\\\/#listItem\",\"position\":3,\"name\":\"ASBIA: expectativa de 18 milh\\u00f5es de doses vendidas em 2019\",\"previousItem\":{\"@type\":\"ListItem\",\"@id\":\"https:\\\/\\\/radiosul.net\\\/wp\\\/category\\\/agro\\\/#listItem\",\"name\":\"Agroneg\\u00f3cio\"}}]},{\"@type\":\"Organization\",\"@id\":\"https:\\\/\\\/radiosul.net\\\/wp\\\/#organization\",\"name\":\"radiosul.net\",\"description\":\"Regional por Excel\\u00eancia\",\"url\":\"https:\\\/\\\/radiosul.net\\\/wp\\\/\"},{\"@type\":\"Person\",\"@id\":\"https:\\\/\\\/radiosul.net\\\/wp\\\/author\\\/alejo\\\/#author\",\"url\":\"https:\\\/\\\/radiosul.net\\\/wp\\\/author\\\/alejo\\\/\",\"name\":\"Alejo Bordon\",\"image\":{\"@type\":\"ImageObject\",\"@id\":\"https:\\\/\\\/radiosul.net\\\/wp\\\/2019\\\/asbia-expectativa-de-18-milhoes-de-doses-vendidas-em-2019\\\/#authorImage\",\"url\":\"https:\\\/\\\/secure.gravatar.com\\\/avatar\\\/b3a7e7f1c71212e6a5b7183b79a2ab58dad8bdc4cd4eadd61c4434d010d0bae4?s=96&d=mm&r=g\",\"width\":96,\"height\":96,\"caption\":\"Alejo Bordon\"}},{\"@type\":\"WebPage\",\"@id\":\"https:\\\/\\\/radiosul.net\\\/wp\\\/2019\\\/asbia-expectativa-de-18-milhoes-de-doses-vendidas-em-2019\\\/#webpage\",\"url\":\"https:\\\/\\\/radiosul.net\\\/wp\\\/2019\\\/asbia-expectativa-de-18-milhoes-de-doses-vendidas-em-2019\\\/\",\"name\":\"ASBIA: expectativa de 18 milh\\u00f5es de doses vendidas em 2019 - radiosul.net\",\"description\":\"M\\u00e1rcio Nery assume comando da ASBIA, Associa\\u00e7\\u00e3o Brasileira de Insemina\\u00e7\\u00e3o Artificial, e fala sobre expectativas e planos a frente da entidade Foi eleita no final do m\\u00eas de agosto a nova diretoria da Associa\\u00e7\\u00e3o Brasileira de Insemina\\u00e7\\u00e3o Artificial (ASBIA), que comandar\\u00e1 a entidade pelo pr\\u00f3ximo tri\\u00eanio 2019\\\/2022. Como presidente, assumiu M\\u00e1rcio Nery Magalh\\u00e3es J\\u00fanior, que \\u00e9 Agr\\u00f4nomo pela Universidade Federal\",\"inLanguage\":\"pt-BR\",\"isPartOf\":{\"@id\":\"https:\\\/\\\/radiosul.net\\\/wp\\\/#website\"},\"breadcrumb\":{\"@id\":\"https:\\\/\\\/radiosul.net\\\/wp\\\/2019\\\/asbia-expectativa-de-18-milhoes-de-doses-vendidas-em-2019\\\/#breadcrumblist\"},\"author\":{\"@id\":\"https:\\\/\\\/radiosul.net\\\/wp\\\/author\\\/alejo\\\/#author\"},\"creator\":{\"@id\":\"https:\\\/\\\/radiosul.net\\\/wp\\\/author\\\/alejo\\\/#author\"},\"image\":{\"@type\":\"ImageObject\",\"url\":\"https:\\\/\\\/radiosul.net\\\/wp\\\/wp-content\\\/uploads\\\/2019\\\/11\\\/1572979472116.jpg\",\"@id\":\"https:\\\/\\\/radiosul.net\\\/wp\\\/2019\\\/asbia-expectativa-de-18-milhoes-de-doses-vendidas-em-2019\\\/#mainImage\",\"width\":621,\"height\":325,\"caption\":\"Divulga\\u00e7\\u00e3o\\\/Assessoria\"},\"primaryImageOfPage\":{\"@id\":\"https:\\\/\\\/radiosul.net\\\/wp\\\/2019\\\/asbia-expectativa-de-18-milhoes-de-doses-vendidas-em-2019\\\/#mainImage\"},\"datePublished\":\"2019-11-06T09:18:30-03:00\",\"dateModified\":\"2019-11-06T09:18:33-03:00\"},{\"@type\":\"WebSite\",\"@id\":\"https:\\\/\\\/radiosul.net\\\/wp\\\/#website\",\"url\":\"https:\\\/\\\/radiosul.net\\\/wp\\\/\",\"name\":\"radiosul.net\",\"description\":\"Regional por Excel\\u00eancia\",\"inLanguage\":\"pt-BR\",\"publisher\":{\"@id\":\"https:\\\/\\\/radiosul.net\\\/wp\\\/#organization\"}}]}\n\t\t<\/script>\n\t\t<!-- All in One SEO -->\n\n","aioseo_head_json":{"title":"ASBIA: expectativa de 18 milh\u00f5es de doses vendidas em 2019 - radiosul.net","description":"M\u00e1rcio Nery assume comando da ASBIA, Associa\u00e7\u00e3o Brasileira de Insemina\u00e7\u00e3o Artificial, e fala sobre expectativas e planos a frente da entidade Foi eleita no final do m\u00eas de agosto a nova diretoria da Associa\u00e7\u00e3o Brasileira de Insemina\u00e7\u00e3o Artificial (ASBIA), que comandar\u00e1 a entidade pelo pr\u00f3ximo tri\u00eanio 2019\/2022. Como presidente, assumiu M\u00e1rcio Nery Magalh\u00e3es J\u00fanior, que \u00e9 Agr\u00f4nomo pela Universidade Federal","canonical_url":"https:\/\/radiosul.net\/wp\/2019\/asbia-expectativa-de-18-milhoes-de-doses-vendidas-em-2019\/","robots":"max-image-preview:large","keywords":"","webmasterTools":{"miscellaneous":""},"schema":{"@context":"https:\/\/schema.org","@graph":[{"@type":"BlogPosting","@id":"https:\/\/radiosul.net\/wp\/2019\/asbia-expectativa-de-18-milhoes-de-doses-vendidas-em-2019\/#blogposting","name":"ASBIA: expectativa de 18 milh\u00f5es de doses vendidas em 2019 - radiosul.net","headline":"ASBIA: expectativa de 18 milh\u00f5es de doses vendidas em 2019","author":{"@id":"https:\/\/radiosul.net\/wp\/author\/alejo\/#author"},"publisher":{"@id":"https:\/\/radiosul.net\/wp\/#organization"},"image":{"@type":"ImageObject","url":"https:\/\/radiosul.net\/wp\/wp-content\/uploads\/2019\/11\/1572979472116.jpg","width":621,"height":325,"caption":"Divulga\u00e7\u00e3o\/Assessoria"},"datePublished":"2019-11-06T09:18:30-03:00","dateModified":"2019-11-06T09:18:33-03:00","inLanguage":"pt-BR","mainEntityOfPage":{"@id":"https:\/\/radiosul.net\/wp\/2019\/asbia-expectativa-de-18-milhoes-de-doses-vendidas-em-2019\/#webpage"},"isPartOf":{"@id":"https:\/\/radiosul.net\/wp\/2019\/asbia-expectativa-de-18-milhoes-de-doses-vendidas-em-2019\/#webpage"},"articleSection":"Agroneg\u00f3cio, Destaque"},{"@type":"BreadcrumbList","@id":"https:\/\/radiosul.net\/wp\/2019\/asbia-expectativa-de-18-milhoes-de-doses-vendidas-em-2019\/#breadcrumblist","itemListElement":[{"@type":"ListItem","@id":"https:\/\/radiosul.net\/wp#listItem","position":1,"name":"Home","item":"https:\/\/radiosul.net\/wp","nextItem":{"@type":"ListItem","@id":"https:\/\/radiosul.net\/wp\/category\/agro\/#listItem","name":"Agroneg\u00f3cio"}},{"@type":"ListItem","@id":"https:\/\/radiosul.net\/wp\/category\/agro\/#listItem","position":2,"name":"Agroneg\u00f3cio","item":"https:\/\/radiosul.net\/wp\/category\/agro\/","nextItem":{"@type":"ListItem","@id":"https:\/\/radiosul.net\/wp\/2019\/asbia-expectativa-de-18-milhoes-de-doses-vendidas-em-2019\/#listItem","name":"ASBIA: expectativa de 18 milh\u00f5es de doses vendidas em 2019"},"previousItem":{"@type":"ListItem","@id":"https:\/\/radiosul.net\/wp#listItem","name":"Home"}},{"@type":"ListItem","@id":"https:\/\/radiosul.net\/wp\/2019\/asbia-expectativa-de-18-milhoes-de-doses-vendidas-em-2019\/#listItem","position":3,"name":"ASBIA: expectativa de 18 milh\u00f5es de doses vendidas em 2019","previousItem":{"@type":"ListItem","@id":"https:\/\/radiosul.net\/wp\/category\/agro\/#listItem","name":"Agroneg\u00f3cio"}}]},{"@type":"Organization","@id":"https:\/\/radiosul.net\/wp\/#organization","name":"radiosul.net","description":"Regional por Excel\u00eancia","url":"https:\/\/radiosul.net\/wp\/"},{"@type":"Person","@id":"https:\/\/radiosul.net\/wp\/author\/alejo\/#author","url":"https:\/\/radiosul.net\/wp\/author\/alejo\/","name":"Alejo Bordon","image":{"@type":"ImageObject","@id":"https:\/\/radiosul.net\/wp\/2019\/asbia-expectativa-de-18-milhoes-de-doses-vendidas-em-2019\/#authorImage","url":"https:\/\/secure.gravatar.com\/avatar\/b3a7e7f1c71212e6a5b7183b79a2ab58dad8bdc4cd4eadd61c4434d010d0bae4?s=96&d=mm&r=g","width":96,"height":96,"caption":"Alejo Bordon"}},{"@type":"WebPage","@id":"https:\/\/radiosul.net\/wp\/2019\/asbia-expectativa-de-18-milhoes-de-doses-vendidas-em-2019\/#webpage","url":"https:\/\/radiosul.net\/wp\/2019\/asbia-expectativa-de-18-milhoes-de-doses-vendidas-em-2019\/","name":"ASBIA: expectativa de 18 milh\u00f5es de doses vendidas em 2019 - radiosul.net","description":"M\u00e1rcio Nery assume comando da ASBIA, Associa\u00e7\u00e3o Brasileira de Insemina\u00e7\u00e3o Artificial, e fala sobre expectativas e planos a frente da entidade Foi eleita no final do m\u00eas de agosto a nova diretoria da Associa\u00e7\u00e3o Brasileira de Insemina\u00e7\u00e3o Artificial (ASBIA), que comandar\u00e1 a entidade pelo pr\u00f3ximo tri\u00eanio 2019\/2022. Como presidente, assumiu M\u00e1rcio Nery Magalh\u00e3es J\u00fanior, que \u00e9 Agr\u00f4nomo pela Universidade Federal","inLanguage":"pt-BR","isPartOf":{"@id":"https:\/\/radiosul.net\/wp\/#website"},"breadcrumb":{"@id":"https:\/\/radiosul.net\/wp\/2019\/asbia-expectativa-de-18-milhoes-de-doses-vendidas-em-2019\/#breadcrumblist"},"author":{"@id":"https:\/\/radiosul.net\/wp\/author\/alejo\/#author"},"creator":{"@id":"https:\/\/radiosul.net\/wp\/author\/alejo\/#author"},"image":{"@type":"ImageObject","url":"https:\/\/radiosul.net\/wp\/wp-content\/uploads\/2019\/11\/1572979472116.jpg","@id":"https:\/\/radiosul.net\/wp\/2019\/asbia-expectativa-de-18-milhoes-de-doses-vendidas-em-2019\/#mainImage","width":621,"height":325,"caption":"Divulga\u00e7\u00e3o\/Assessoria"},"primaryImageOfPage":{"@id":"https:\/\/radiosul.net\/wp\/2019\/asbia-expectativa-de-18-milhoes-de-doses-vendidas-em-2019\/#mainImage"},"datePublished":"2019-11-06T09:18:30-03:00","dateModified":"2019-11-06T09:18:33-03:00"},{"@type":"WebSite","@id":"https:\/\/radiosul.net\/wp\/#website","url":"https:\/\/radiosul.net\/wp\/","name":"radiosul.net","description":"Regional por Excel\u00eancia","inLanguage":"pt-BR","publisher":{"@id":"https:\/\/radiosul.net\/wp\/#organization"}}]},"og:locale":"pt_BR","og:site_name":"radiosul.net - Regional por Excel\u00eancia","og:type":"article","og:title":"ASBIA: expectativa de 18 milh\u00f5es de doses vendidas em 2019 - radiosul.net","og:description":"M\u00e1rcio Nery assume comando da ASBIA, Associa\u00e7\u00e3o Brasileira de Insemina\u00e7\u00e3o Artificial, e fala sobre expectativas e planos a frente da entidade Foi eleita no final do m\u00eas de agosto a nova diretoria da Associa\u00e7\u00e3o Brasileira de Insemina\u00e7\u00e3o Artificial (ASBIA), que comandar\u00e1 a entidade pelo pr\u00f3ximo tri\u00eanio 2019\/2022. Como presidente, assumiu M\u00e1rcio Nery Magalh\u00e3es J\u00fanior, que \u00e9 Agr\u00f4nomo pela Universidade Federal","og:url":"https:\/\/radiosul.net\/wp\/2019\/asbia-expectativa-de-18-milhoes-de-doses-vendidas-em-2019\/","article:published_time":"2019-11-06T12:18:30+00:00","article:modified_time":"2019-11-06T12:18:33+00:00","twitter:card":"summary_large_image","twitter:title":"ASBIA: expectativa de 18 milh\u00f5es de doses vendidas em 2019 - radiosul.net","twitter:description":"M\u00e1rcio Nery assume comando da ASBIA, Associa\u00e7\u00e3o Brasileira de Insemina\u00e7\u00e3o Artificial, e fala sobre expectativas e planos a frente da entidade Foi eleita no final do m\u00eas de agosto a nova diretoria da Associa\u00e7\u00e3o Brasileira de Insemina\u00e7\u00e3o Artificial (ASBIA), que comandar\u00e1 a entidade pelo pr\u00f3ximo tri\u00eanio 2019\/2022. Como presidente, assumiu M\u00e1rcio Nery Magalh\u00e3es J\u00fanior, que \u00e9 Agr\u00f4nomo pela Universidade Federal"},"aioseo_meta_data":{"post_id":"8933","title":null,"description":null,"keywords":null,"keyphrases":null,"primary_term":null,"canonical_url":null,"og_title":null,"og_description":null,"og_object_type":"default","og_image_type":"default","og_image_url":null,"og_image_width":null,"og_image_height":null,"og_image_custom_url":null,"og_image_custom_fields":null,"og_video":null,"og_custom_url":null,"og_article_section":null,"og_article_tags":null,"twitter_use_og":false,"twitter_card":"default","twitter_image_type":"default","twitter_image_url":null,"twitter_image_custom_url":null,"twitter_image_custom_fields":null,"twitter_title":null,"twitter_description":null,"schema":{"blockGraphs":[],"customGraphs":[],"default":{"data":{"Article":[],"Course":[],"Dataset":[],"FAQPage":[],"Movie":[],"Person":[],"Product":[],"ProductReview":[],"Car":[],"Recipe":[],"Service":[],"SoftwareApplication":[],"WebPage":[]},"graphName":"","isEnabled":true},"graphs":[]},"schema_type":"default","schema_type_options":null,"pillar_content":false,"robots_default":true,"robots_noindex":false,"robots_noarchive":false,"robots_nosnippet":false,"robots_nofollow":false,"robots_noimageindex":false,"robots_noodp":false,"robots_notranslate":false,"robots_max_snippet":null,"robots_max_videopreview":null,"robots_max_imagepreview":"large","priority":null,"frequency":null,"local_seo":null,"breadcrumb_settings":null,"limit_modified_date":false,"ai":null,"created":"2026-01-08 17:59:48","updated":"2026-01-08 17:59:48","seo_analyzer_scan_date":null,"focus_keyword":null,"additional_keywords":null,"truseo_locale":null},"aioseo_breadcrumb":"<div class=\"aioseo-breadcrumbs\"><span class=\"aioseo-breadcrumb\">\n\t\t\t<a href=\"https:\/\/radiosul.net\/wp\" title=\"Home\">Home<\/a>\n\t\t<\/span><span class=\"aioseo-breadcrumb-separator\">&raquo;<\/span><span class=\"aioseo-breadcrumb\">\n\t\t\t<a href=\"https:\/\/radiosul.net\/wp\/category\/agro\/\" title=\"Agroneg\u00f3cio\">Agroneg\u00f3cio<\/a>\n\t\t<\/span><span class=\"aioseo-breadcrumb-separator\">&raquo;<\/span><span class=\"aioseo-breadcrumb\">\n\t\t\tASBIA: expectativa de 18 milh\u00f5es de doses vendidas em 2019\n\t\t<\/span><\/div>","aioseo_breadcrumb_json":[{"label":"Home","link":"https:\/\/radiosul.net\/wp"},{"label":"Agroneg\u00f3cio","link":"https:\/\/radiosul.net\/wp\/category\/agro\/"},{"label":"ASBIA: expectativa de 18 milh\u00f5es de doses vendidas em 2019","link":"https:\/\/radiosul.net\/wp\/2019\/asbia-expectativa-de-18-milhoes-de-doses-vendidas-em-2019\/"}],"_links":{"self":[{"href":"https:\/\/radiosul.net\/wp\/wp-json\/wp\/v2\/posts\/8933","targetHints":{"allow":["GET"]}}],"collection":[{"href":"https:\/\/radiosul.net\/wp\/wp-json\/wp\/v2\/posts"}],"about":[{"href":"https:\/\/radiosul.net\/wp\/wp-json\/wp\/v2\/types\/post"}],"author":[{"embeddable":true,"href":"https:\/\/radiosul.net\/wp\/wp-json\/wp\/v2\/users\/9"}],"replies":[{"embeddable":true,"href":"https:\/\/radiosul.net\/wp\/wp-json\/wp\/v2\/comments?post=8933"}],"version-history":[{"count":1,"href":"https:\/\/radiosul.net\/wp\/wp-json\/wp\/v2\/posts\/8933\/revisions"}],"predecessor-version":[{"id":8936,"href":"https:\/\/radiosul.net\/wp\/wp-json\/wp\/v2\/posts\/8933\/revisions\/8936"}],"wp:featuredmedia":[{"embeddable":true,"href":"https:\/\/radiosul.net\/wp\/wp-json\/wp\/v2\/media\/8935"}],"wp:attachment":[{"href":"https:\/\/radiosul.net\/wp\/wp-json\/wp\/v2\/media?parent=8933"}],"wp:term":[{"taxonomy":"category","embeddable":true,"href":"https:\/\/radiosul.net\/wp\/wp-json\/wp\/v2\/categories?post=8933"},{"taxonomy":"post_tag","embeddable":true,"href":"https:\/\/radiosul.net\/wp\/wp-json\/wp\/v2\/tags?post=8933"}],"curies":[{"name":"wp","href":"https:\/\/api.w.org\/{rel}","templated":true}]}}