{"id":8799,"date":"2019-10-31T09:20:21","date_gmt":"2019-10-31T12:20:21","guid":{"rendered":"http:\/\/radiosul.net\/wp\/?p=8799"},"modified":"2019-10-31T09:20:22","modified_gmt":"2019-10-31T12:20:22","slug":"fapergs-reconhece-excelencia-em-pesquisa-gaucha","status":"publish","type":"post","link":"https:\/\/radiosul.net\/wp\/2019\/fapergs-reconhece-excelencia-em-pesquisa-gaucha\/","title":{"rendered":"Fapergs reconhece excel\u00eancia em pesquisa ga\u00facha"},"content":{"rendered":"\n<p class=\"wp-block-paragraph\"> Na pr\u00f3xima quinta-feira, 13 destaques da pesquisa ga\u00facha ser\u00e3o  agraciados com o Pr\u00eamio pesquisador Ga\u00facho, uma promo\u00e7\u00e3o da Funda\u00e7\u00e3o de  Amparo \u00e0 Pesquisa do Estado do Rio Grande do Sul (Fapergs), vinculada \u00e0  Secretaria de Inova\u00e7\u00e3o Ci\u00eancia e Tecnologia- SICT. A premia\u00e7\u00e3o, que  chega \u00e0 nona edi\u00e7\u00e3o, ser\u00e1 entregue \u00e0s 20h, na Fiergs, em Porto Alegre. A  distin\u00e7\u00e3o enaltecer\u00e1 jovens cientistas, empresas que desenvolvem  pesquisas e pesquisadores atuantes com relev\u00e2ncia para o desenvolvimento  do Estado. Doze categorias ser\u00e3o contempladas: Ci\u00eancias Agr\u00e1rias, Artes e  Letras, Ci\u00eancias Biol\u00f3gicas, Ci\u00eancias da Sa\u00fade; Engenharia; Educa\u00e7\u00e3o;  Economia e Administra\u00e7\u00e3o, Geoci\u00eancias, Pr\u00eamio Especial Bioeconomia:  Diversidade e Riqueza para o Desenvolvimento Sustent\u00e1vel, Jovem  Pesquisador, Startup Inovadora e Pesquisador na Ind\u00fastria. Para o diretor-presidente da Fapergs, Odir Ant\u00f4nio Dellagostin,  esta nona edi\u00e7\u00e3o do pr\u00eamio representa a consolida\u00e7\u00e3o de um evento que  visa reconhecer o brilhantismo de cientistas que s\u00e3o reconhecidamente  expoentes nas suas \u00e1reas de atua\u00e7\u00e3o, com inser\u00e7\u00e3o internacional.  &#8220;Estamos muito felizes pela oportunidade em destacar e homenagear as  mentes brilhantes que est\u00e3o ajudando o Estado a produzir conhecimento e a  transformar conhecimento em desenvolvimento, disse Odir. Mais informa\u00e7\u00f5es sobre o pr\u00eamio e a lista dos agraciados est\u00e3o no site www.fapergs.rs.gov.br <\/p>\n\n\n\n<p class=\"wp-block-paragraph\"><strong><em>Fonte: JC<\/em><\/strong><\/p>\n","protected":false},"excerpt":{"rendered":"<p>Na pr\u00f3xima quinta-feira, 13 destaques da pesquisa ga\u00facha ser\u00e3o agraciados com o Pr\u00eamio pesquisador Ga\u00facho, uma promo\u00e7\u00e3o da Funda\u00e7\u00e3o de Amparo \u00e0 Pesquisa do Estado do Rio Grande do Sul (Fapergs), vinculada \u00e0 Secretaria de Inova\u00e7\u00e3o Ci\u00eancia e Tecnologia- SICT. A premia\u00e7\u00e3o, que chega \u00e0 nona edi\u00e7\u00e3o, ser\u00e1 entregue \u00e0s 20h, na Fiergs, em Porto &hellip;<\/p>\n","protected":false},"author":9,"featured_media":8401,"comment_status":"closed","ping_status":"closed","sticky":false,"template":"","format":"standard","meta":{"_monsterinsights_skip_tracking":false,"_uf_show_specific_survey":0,"_uf_disable_surveys":false,"footnotes":""},"categories":[1,126],"tags":[],"class_list":["post-8799","post","type-post","status-publish","format-standard","has-post-thumbnail","hentry","category-agro","category-destacados"],"aioseo_notices":[],"aioseo_head":"\n\t\t<!-- All in One SEO 5.0.1.1 - aioseo.com -->\n\t<meta name=\"description\" content=\"Na pr\u00f3xima quinta-feira, 13 destaques da pesquisa ga\u00facha ser\u00e3o agraciados com o Pr\u00eamio pesquisador Ga\u00facho, uma promo\u00e7\u00e3o da Funda\u00e7\u00e3o de Amparo \u00e0 Pesquisa do Estado do Rio Grande do Sul (Fapergs), vinculada \u00e0 Secretaria de Inova\u00e7\u00e3o Ci\u00eancia e Tecnologia- SICT. A premia\u00e7\u00e3o, que chega \u00e0 nona edi\u00e7\u00e3o, ser\u00e1 entregue \u00e0s 20h, na Fiergs, em Porto\" \/>\n\t<meta name=\"robots\" content=\"max-image-preview:large\" \/>\n\t<meta name=\"author\" content=\"Alejo Bordon\"\/>\n\t<link rel=\"canonical\" href=\"https:\/\/radiosul.net\/wp\/2019\/fapergs-reconhece-excelencia-em-pesquisa-gaucha\/\" \/>\n\t<meta name=\"generator\" content=\"All in One SEO (AIOSEO) 5.0.1.1\" \/>\n\t\t<meta property=\"og:locale\" content=\"pt_BR\" \/>\n\t\t<meta property=\"og:site_name\" content=\"radiosul.net - Regional por Excel\u00eancia\" \/>\n\t\t<meta property=\"og:type\" content=\"article\" \/>\n\t\t<meta property=\"og:title\" content=\"Fapergs reconhece excel\u00eancia em pesquisa ga\u00facha - radiosul.net\" \/>\n\t\t<meta property=\"og:description\" content=\"Na pr\u00f3xima quinta-feira, 13 destaques da pesquisa ga\u00facha ser\u00e3o agraciados com o Pr\u00eamio pesquisador Ga\u00facho, uma promo\u00e7\u00e3o da Funda\u00e7\u00e3o de Amparo \u00e0 Pesquisa do Estado do Rio Grande do Sul (Fapergs), vinculada \u00e0 Secretaria de Inova\u00e7\u00e3o Ci\u00eancia e Tecnologia- SICT. A premia\u00e7\u00e3o, que chega \u00e0 nona edi\u00e7\u00e3o, ser\u00e1 entregue \u00e0s 20h, na Fiergs, em Porto\" \/>\n\t\t<meta property=\"og:url\" content=\"https:\/\/radiosul.net\/wp\/2019\/fapergs-reconhece-excelencia-em-pesquisa-gaucha\/\" \/>\n\t\t<meta property=\"article:published_time\" content=\"2019-10-31T12:20:21+00:00\" \/>\n\t\t<meta property=\"article:modified_time\" content=\"2019-10-31T12:20:22+00:00\" \/>\n\t\t<meta name=\"twitter:card\" content=\"summary_large_image\" \/>\n\t\t<meta name=\"twitter:title\" content=\"Fapergs reconhece excel\u00eancia em pesquisa ga\u00facha - radiosul.net\" \/>\n\t\t<meta name=\"twitter:description\" content=\"Na pr\u00f3xima quinta-feira, 13 destaques da pesquisa ga\u00facha ser\u00e3o agraciados com o Pr\u00eamio pesquisador Ga\u00facho, uma promo\u00e7\u00e3o da Funda\u00e7\u00e3o de Amparo \u00e0 Pesquisa do Estado do Rio Grande do Sul (Fapergs), vinculada \u00e0 Secretaria de Inova\u00e7\u00e3o Ci\u00eancia e Tecnologia- SICT. A premia\u00e7\u00e3o, que chega \u00e0 nona edi\u00e7\u00e3o, ser\u00e1 entregue \u00e0s 20h, na Fiergs, em Porto\" \/>\n\t\t<script type=\"application\/ld+json\" class=\"aioseo-schema\">\n\t\t\t{\"@context\":\"https:\\\/\\\/schema.org\",\"@graph\":[{\"@type\":\"BlogPosting\",\"@id\":\"https:\\\/\\\/radiosul.net\\\/wp\\\/2019\\\/fapergs-reconhece-excelencia-em-pesquisa-gaucha\\\/#blogposting\",\"name\":\"Fapergs reconhece excel\\u00eancia em pesquisa ga\\u00facha - radiosul.net\",\"headline\":\"Fapergs reconhece excel\\u00eancia em pesquisa ga\\u00facha\",\"author\":{\"@id\":\"https:\\\/\\\/radiosul.net\\\/wp\\\/author\\\/alejo\\\/#author\"},\"publisher\":{\"@id\":\"https:\\\/\\\/radiosul.net\\\/wp\\\/#organization\"},\"image\":{\"@type\":\"ImageObject\",\"url\":\"https:\\\/\\\/radiosul.net\\\/wp\\\/wp-content\\\/uploads\\\/2019\\\/10\\\/capa-not\\u00edcias-2.jpg\",\"width\":780,\"height\":405},\"datePublished\":\"2019-10-31T09:20:21-03:00\",\"dateModified\":\"2019-10-31T09:20:22-03:00\",\"inLanguage\":\"pt-BR\",\"mainEntityOfPage\":{\"@id\":\"https:\\\/\\\/radiosul.net\\\/wp\\\/2019\\\/fapergs-reconhece-excelencia-em-pesquisa-gaucha\\\/#webpage\"},\"isPartOf\":{\"@id\":\"https:\\\/\\\/radiosul.net\\\/wp\\\/2019\\\/fapergs-reconhece-excelencia-em-pesquisa-gaucha\\\/#webpage\"},\"articleSection\":\"Agroneg\\u00f3cio, Destaque\"},{\"@type\":\"BreadcrumbList\",\"@id\":\"https:\\\/\\\/radiosul.net\\\/wp\\\/2019\\\/fapergs-reconhece-excelencia-em-pesquisa-gaucha\\\/#breadcrumblist\",\"itemListElement\":[{\"@type\":\"ListItem\",\"@id\":\"https:\\\/\\\/radiosul.net\\\/wp#listItem\",\"position\":1,\"name\":\"Home\",\"item\":\"https:\\\/\\\/radiosul.net\\\/wp\",\"nextItem\":{\"@type\":\"ListItem\",\"@id\":\"https:\\\/\\\/radiosul.net\\\/wp\\\/category\\\/agro\\\/#listItem\",\"name\":\"Agroneg\\u00f3cio\"}},{\"@type\":\"ListItem\",\"@id\":\"https:\\\/\\\/radiosul.net\\\/wp\\\/category\\\/agro\\\/#listItem\",\"position\":2,\"name\":\"Agroneg\\u00f3cio\",\"item\":\"https:\\\/\\\/radiosul.net\\\/wp\\\/category\\\/agro\\\/\",\"nextItem\":{\"@type\":\"ListItem\",\"@id\":\"https:\\\/\\\/radiosul.net\\\/wp\\\/2019\\\/fapergs-reconhece-excelencia-em-pesquisa-gaucha\\\/#listItem\",\"name\":\"Fapergs reconhece excel\\u00eancia em pesquisa ga\\u00facha\"},\"previousItem\":{\"@type\":\"ListItem\",\"@id\":\"https:\\\/\\\/radiosul.net\\\/wp#listItem\",\"name\":\"Home\"}},{\"@type\":\"ListItem\",\"@id\":\"https:\\\/\\\/radiosul.net\\\/wp\\\/2019\\\/fapergs-reconhece-excelencia-em-pesquisa-gaucha\\\/#listItem\",\"position\":3,\"name\":\"Fapergs reconhece excel\\u00eancia em pesquisa ga\\u00facha\",\"previousItem\":{\"@type\":\"ListItem\",\"@id\":\"https:\\\/\\\/radiosul.net\\\/wp\\\/category\\\/agro\\\/#listItem\",\"name\":\"Agroneg\\u00f3cio\"}}]},{\"@type\":\"Organization\",\"@id\":\"https:\\\/\\\/radiosul.net\\\/wp\\\/#organization\",\"name\":\"radiosul.net\",\"description\":\"Regional por Excel\\u00eancia\",\"url\":\"https:\\\/\\\/radiosul.net\\\/wp\\\/\"},{\"@type\":\"Person\",\"@id\":\"https:\\\/\\\/radiosul.net\\\/wp\\\/author\\\/alejo\\\/#author\",\"url\":\"https:\\\/\\\/radiosul.net\\\/wp\\\/author\\\/alejo\\\/\",\"name\":\"Alejo Bordon\",\"image\":{\"@type\":\"ImageObject\",\"@id\":\"https:\\\/\\\/radiosul.net\\\/wp\\\/2019\\\/fapergs-reconhece-excelencia-em-pesquisa-gaucha\\\/#authorImage\",\"url\":\"https:\\\/\\\/secure.gravatar.com\\\/avatar\\\/b3a7e7f1c71212e6a5b7183b79a2ab58dad8bdc4cd4eadd61c4434d010d0bae4?s=96&d=mm&r=g\",\"width\":96,\"height\":96,\"caption\":\"Alejo Bordon\"}},{\"@type\":\"WebPage\",\"@id\":\"https:\\\/\\\/radiosul.net\\\/wp\\\/2019\\\/fapergs-reconhece-excelencia-em-pesquisa-gaucha\\\/#webpage\",\"url\":\"https:\\\/\\\/radiosul.net\\\/wp\\\/2019\\\/fapergs-reconhece-excelencia-em-pesquisa-gaucha\\\/\",\"name\":\"Fapergs reconhece excel\\u00eancia em pesquisa ga\\u00facha - radiosul.net\",\"description\":\"Na pr\\u00f3xima quinta-feira, 13 destaques da pesquisa ga\\u00facha ser\\u00e3o agraciados com o Pr\\u00eamio pesquisador Ga\\u00facho, uma promo\\u00e7\\u00e3o da Funda\\u00e7\\u00e3o de Amparo \\u00e0 Pesquisa do Estado do Rio Grande do Sul (Fapergs), vinculada \\u00e0 Secretaria de Inova\\u00e7\\u00e3o Ci\\u00eancia e Tecnologia- SICT. A premia\\u00e7\\u00e3o, que chega \\u00e0 nona edi\\u00e7\\u00e3o, ser\\u00e1 entregue \\u00e0s 20h, na Fiergs, em Porto\",\"inLanguage\":\"pt-BR\",\"isPartOf\":{\"@id\":\"https:\\\/\\\/radiosul.net\\\/wp\\\/#website\"},\"breadcrumb\":{\"@id\":\"https:\\\/\\\/radiosul.net\\\/wp\\\/2019\\\/fapergs-reconhece-excelencia-em-pesquisa-gaucha\\\/#breadcrumblist\"},\"author\":{\"@id\":\"https:\\\/\\\/radiosul.net\\\/wp\\\/author\\\/alejo\\\/#author\"},\"creator\":{\"@id\":\"https:\\\/\\\/radiosul.net\\\/wp\\\/author\\\/alejo\\\/#author\"},\"image\":{\"@type\":\"ImageObject\",\"url\":\"https:\\\/\\\/radiosul.net\\\/wp\\\/wp-content\\\/uploads\\\/2019\\\/10\\\/capa-not\\u00edcias-2.jpg\",\"@id\":\"https:\\\/\\\/radiosul.net\\\/wp\\\/2019\\\/fapergs-reconhece-excelencia-em-pesquisa-gaucha\\\/#mainImage\",\"width\":780,\"height\":405},\"primaryImageOfPage\":{\"@id\":\"https:\\\/\\\/radiosul.net\\\/wp\\\/2019\\\/fapergs-reconhece-excelencia-em-pesquisa-gaucha\\\/#mainImage\"},\"datePublished\":\"2019-10-31T09:20:21-03:00\",\"dateModified\":\"2019-10-31T09:20:22-03:00\"},{\"@type\":\"WebSite\",\"@id\":\"https:\\\/\\\/radiosul.net\\\/wp\\\/#website\",\"url\":\"https:\\\/\\\/radiosul.net\\\/wp\\\/\",\"name\":\"radiosul.net\",\"description\":\"Regional por Excel\\u00eancia\",\"inLanguage\":\"pt-BR\",\"publisher\":{\"@id\":\"https:\\\/\\\/radiosul.net\\\/wp\\\/#organization\"}}]}\n\t\t<\/script>\n\t\t<!-- All in One SEO -->\n\n","aioseo_head_json":{"title":"Fapergs reconhece excel\u00eancia em pesquisa ga\u00facha - radiosul.net","description":"Na pr\u00f3xima quinta-feira, 13 destaques da pesquisa ga\u00facha ser\u00e3o agraciados com o Pr\u00eamio pesquisador Ga\u00facho, uma promo\u00e7\u00e3o da Funda\u00e7\u00e3o de Amparo \u00e0 Pesquisa do Estado do Rio Grande do Sul (Fapergs), vinculada \u00e0 Secretaria de Inova\u00e7\u00e3o Ci\u00eancia e Tecnologia- SICT. A premia\u00e7\u00e3o, que chega \u00e0 nona edi\u00e7\u00e3o, ser\u00e1 entregue \u00e0s 20h, na Fiergs, em Porto","canonical_url":"https:\/\/radiosul.net\/wp\/2019\/fapergs-reconhece-excelencia-em-pesquisa-gaucha\/","robots":"max-image-preview:large","keywords":"","webmasterTools":{"miscellaneous":""},"schema":{"@context":"https:\/\/schema.org","@graph":[{"@type":"BlogPosting","@id":"https:\/\/radiosul.net\/wp\/2019\/fapergs-reconhece-excelencia-em-pesquisa-gaucha\/#blogposting","name":"Fapergs reconhece excel\u00eancia em pesquisa ga\u00facha - radiosul.net","headline":"Fapergs reconhece excel\u00eancia em pesquisa ga\u00facha","author":{"@id":"https:\/\/radiosul.net\/wp\/author\/alejo\/#author"},"publisher":{"@id":"https:\/\/radiosul.net\/wp\/#organization"},"image":{"@type":"ImageObject","url":"https:\/\/radiosul.net\/wp\/wp-content\/uploads\/2019\/10\/capa-not\u00edcias-2.jpg","width":780,"height":405},"datePublished":"2019-10-31T09:20:21-03:00","dateModified":"2019-10-31T09:20:22-03:00","inLanguage":"pt-BR","mainEntityOfPage":{"@id":"https:\/\/radiosul.net\/wp\/2019\/fapergs-reconhece-excelencia-em-pesquisa-gaucha\/#webpage"},"isPartOf":{"@id":"https:\/\/radiosul.net\/wp\/2019\/fapergs-reconhece-excelencia-em-pesquisa-gaucha\/#webpage"},"articleSection":"Agroneg\u00f3cio, Destaque"},{"@type":"BreadcrumbList","@id":"https:\/\/radiosul.net\/wp\/2019\/fapergs-reconhece-excelencia-em-pesquisa-gaucha\/#breadcrumblist","itemListElement":[{"@type":"ListItem","@id":"https:\/\/radiosul.net\/wp#listItem","position":1,"name":"Home","item":"https:\/\/radiosul.net\/wp","nextItem":{"@type":"ListItem","@id":"https:\/\/radiosul.net\/wp\/category\/agro\/#listItem","name":"Agroneg\u00f3cio"}},{"@type":"ListItem","@id":"https:\/\/radiosul.net\/wp\/category\/agro\/#listItem","position":2,"name":"Agroneg\u00f3cio","item":"https:\/\/radiosul.net\/wp\/category\/agro\/","nextItem":{"@type":"ListItem","@id":"https:\/\/radiosul.net\/wp\/2019\/fapergs-reconhece-excelencia-em-pesquisa-gaucha\/#listItem","name":"Fapergs reconhece excel\u00eancia em pesquisa ga\u00facha"},"previousItem":{"@type":"ListItem","@id":"https:\/\/radiosul.net\/wp#listItem","name":"Home"}},{"@type":"ListItem","@id":"https:\/\/radiosul.net\/wp\/2019\/fapergs-reconhece-excelencia-em-pesquisa-gaucha\/#listItem","position":3,"name":"Fapergs reconhece excel\u00eancia em pesquisa ga\u00facha","previousItem":{"@type":"ListItem","@id":"https:\/\/radiosul.net\/wp\/category\/agro\/#listItem","name":"Agroneg\u00f3cio"}}]},{"@type":"Organization","@id":"https:\/\/radiosul.net\/wp\/#organization","name":"radiosul.net","description":"Regional por Excel\u00eancia","url":"https:\/\/radiosul.net\/wp\/"},{"@type":"Person","@id":"https:\/\/radiosul.net\/wp\/author\/alejo\/#author","url":"https:\/\/radiosul.net\/wp\/author\/alejo\/","name":"Alejo Bordon","image":{"@type":"ImageObject","@id":"https:\/\/radiosul.net\/wp\/2019\/fapergs-reconhece-excelencia-em-pesquisa-gaucha\/#authorImage","url":"https:\/\/secure.gravatar.com\/avatar\/b3a7e7f1c71212e6a5b7183b79a2ab58dad8bdc4cd4eadd61c4434d010d0bae4?s=96&d=mm&r=g","width":96,"height":96,"caption":"Alejo Bordon"}},{"@type":"WebPage","@id":"https:\/\/radiosul.net\/wp\/2019\/fapergs-reconhece-excelencia-em-pesquisa-gaucha\/#webpage","url":"https:\/\/radiosul.net\/wp\/2019\/fapergs-reconhece-excelencia-em-pesquisa-gaucha\/","name":"Fapergs reconhece excel\u00eancia em pesquisa ga\u00facha - radiosul.net","description":"Na pr\u00f3xima quinta-feira, 13 destaques da pesquisa ga\u00facha ser\u00e3o agraciados com o Pr\u00eamio pesquisador Ga\u00facho, uma promo\u00e7\u00e3o da Funda\u00e7\u00e3o de Amparo \u00e0 Pesquisa do Estado do Rio Grande do Sul (Fapergs), vinculada \u00e0 Secretaria de Inova\u00e7\u00e3o Ci\u00eancia e Tecnologia- SICT. A premia\u00e7\u00e3o, que chega \u00e0 nona edi\u00e7\u00e3o, ser\u00e1 entregue \u00e0s 20h, na Fiergs, em Porto","inLanguage":"pt-BR","isPartOf":{"@id":"https:\/\/radiosul.net\/wp\/#website"},"breadcrumb":{"@id":"https:\/\/radiosul.net\/wp\/2019\/fapergs-reconhece-excelencia-em-pesquisa-gaucha\/#breadcrumblist"},"author":{"@id":"https:\/\/radiosul.net\/wp\/author\/alejo\/#author"},"creator":{"@id":"https:\/\/radiosul.net\/wp\/author\/alejo\/#author"},"image":{"@type":"ImageObject","url":"https:\/\/radiosul.net\/wp\/wp-content\/uploads\/2019\/10\/capa-not\u00edcias-2.jpg","@id":"https:\/\/radiosul.net\/wp\/2019\/fapergs-reconhece-excelencia-em-pesquisa-gaucha\/#mainImage","width":780,"height":405},"primaryImageOfPage":{"@id":"https:\/\/radiosul.net\/wp\/2019\/fapergs-reconhece-excelencia-em-pesquisa-gaucha\/#mainImage"},"datePublished":"2019-10-31T09:20:21-03:00","dateModified":"2019-10-31T09:20:22-03:00"},{"@type":"WebSite","@id":"https:\/\/radiosul.net\/wp\/#website","url":"https:\/\/radiosul.net\/wp\/","name":"radiosul.net","description":"Regional por Excel\u00eancia","inLanguage":"pt-BR","publisher":{"@id":"https:\/\/radiosul.net\/wp\/#organization"}}]},"og:locale":"pt_BR","og:site_name":"radiosul.net - Regional por Excel\u00eancia","og:type":"article","og:title":"Fapergs reconhece excel\u00eancia em pesquisa ga\u00facha - radiosul.net","og:description":"Na pr\u00f3xima quinta-feira, 13 destaques da pesquisa ga\u00facha ser\u00e3o agraciados com o Pr\u00eamio pesquisador Ga\u00facho, uma promo\u00e7\u00e3o da Funda\u00e7\u00e3o de Amparo \u00e0 Pesquisa do Estado do Rio Grande do Sul (Fapergs), vinculada \u00e0 Secretaria de Inova\u00e7\u00e3o Ci\u00eancia e Tecnologia- SICT. A premia\u00e7\u00e3o, que chega \u00e0 nona edi\u00e7\u00e3o, ser\u00e1 entregue \u00e0s 20h, na Fiergs, em Porto","og:url":"https:\/\/radiosul.net\/wp\/2019\/fapergs-reconhece-excelencia-em-pesquisa-gaucha\/","article:published_time":"2019-10-31T12:20:21+00:00","article:modified_time":"2019-10-31T12:20:22+00:00","twitter:card":"summary_large_image","twitter:title":"Fapergs reconhece excel\u00eancia em pesquisa ga\u00facha - radiosul.net","twitter:description":"Na pr\u00f3xima quinta-feira, 13 destaques da pesquisa ga\u00facha ser\u00e3o agraciados com o Pr\u00eamio pesquisador Ga\u00facho, uma promo\u00e7\u00e3o da Funda\u00e7\u00e3o de Amparo \u00e0 Pesquisa do Estado do Rio Grande do Sul (Fapergs), vinculada \u00e0 Secretaria de Inova\u00e7\u00e3o Ci\u00eancia e Tecnologia- SICT. A premia\u00e7\u00e3o, que chega \u00e0 nona edi\u00e7\u00e3o, ser\u00e1 entregue \u00e0s 20h, na Fiergs, em Porto"},"aioseo_meta_data":{"post_id":"8799","title":null,"description":null,"keywords":null,"keyphrases":null,"primary_term":null,"canonical_url":null,"og_title":null,"og_description":null,"og_object_type":"default","og_image_type":"default","og_image_url":null,"og_image_width":null,"og_image_height":null,"og_image_custom_url":null,"og_image_custom_fields":null,"og_video":null,"og_custom_url":null,"og_article_section":null,"og_article_tags":null,"twitter_use_og":false,"twitter_card":"default","twitter_image_type":"default","twitter_image_url":null,"twitter_image_custom_url":null,"twitter_image_custom_fields":null,"twitter_title":null,"twitter_description":null,"schema":{"blockGraphs":[],"customGraphs":[],"default":{"data":{"Article":[],"Course":[],"Dataset":[],"FAQPage":[],"Movie":[],"Person":[],"Product":[],"ProductReview":[],"Car":[],"Recipe":[],"Service":[],"SoftwareApplication":[],"WebPage":[]},"graphName":"","isEnabled":true},"graphs":[]},"schema_type":"default","schema_type_options":null,"pillar_content":false,"robots_default":true,"robots_noindex":false,"robots_noarchive":false,"robots_nosnippet":false,"robots_nofollow":false,"robots_noimageindex":false,"robots_noodp":false,"robots_notranslate":false,"robots_max_snippet":null,"robots_max_videopreview":null,"robots_max_imagepreview":"large","priority":null,"frequency":null,"local_seo":null,"breadcrumb_settings":null,"limit_modified_date":false,"ai":null,"created":"2026-01-08 17:54:37","updated":"2026-01-08 17:54:37","seo_analyzer_scan_date":null,"focus_keyword":null,"additional_keywords":null,"truseo_locale":null},"aioseo_breadcrumb":"<div class=\"aioseo-breadcrumbs\"><span class=\"aioseo-breadcrumb\">\n\t\t\t<a href=\"https:\/\/radiosul.net\/wp\" title=\"Home\">Home<\/a>\n\t\t<\/span><span class=\"aioseo-breadcrumb-separator\">&raquo;<\/span><span class=\"aioseo-breadcrumb\">\n\t\t\t<a href=\"https:\/\/radiosul.net\/wp\/category\/agro\/\" title=\"Agroneg\u00f3cio\">Agroneg\u00f3cio<\/a>\n\t\t<\/span><span class=\"aioseo-breadcrumb-separator\">&raquo;<\/span><span class=\"aioseo-breadcrumb\">\n\t\t\tFapergs reconhece excel\u00eancia em pesquisa ga\u00facha\n\t\t<\/span><\/div>","aioseo_breadcrumb_json":[{"label":"Home","link":"https:\/\/radiosul.net\/wp"},{"label":"Agroneg\u00f3cio","link":"https:\/\/radiosul.net\/wp\/category\/agro\/"},{"label":"Fapergs reconhece excel\u00eancia em pesquisa ga\u00facha","link":"https:\/\/radiosul.net\/wp\/2019\/fapergs-reconhece-excelencia-em-pesquisa-gaucha\/"}],"_links":{"self":[{"href":"https:\/\/radiosul.net\/wp\/wp-json\/wp\/v2\/posts\/8799","targetHints":{"allow":["GET"]}}],"collection":[{"href":"https:\/\/radiosul.net\/wp\/wp-json\/wp\/v2\/posts"}],"about":[{"href":"https:\/\/radiosul.net\/wp\/wp-json\/wp\/v2\/types\/post"}],"author":[{"embeddable":true,"href":"https:\/\/radiosul.net\/wp\/wp-json\/wp\/v2\/users\/9"}],"replies":[{"embeddable":true,"href":"https:\/\/radiosul.net\/wp\/wp-json\/wp\/v2\/comments?post=8799"}],"version-history":[{"count":1,"href":"https:\/\/radiosul.net\/wp\/wp-json\/wp\/v2\/posts\/8799\/revisions"}],"predecessor-version":[{"id":8800,"href":"https:\/\/radiosul.net\/wp\/wp-json\/wp\/v2\/posts\/8799\/revisions\/8800"}],"wp:featuredmedia":[{"embeddable":true,"href":"https:\/\/radiosul.net\/wp\/wp-json\/wp\/v2\/media\/8401"}],"wp:attachment":[{"href":"https:\/\/radiosul.net\/wp\/wp-json\/wp\/v2\/media?parent=8799"}],"wp:term":[{"taxonomy":"category","embeddable":true,"href":"https:\/\/radiosul.net\/wp\/wp-json\/wp\/v2\/categories?post=8799"},{"taxonomy":"post_tag","embeddable":true,"href":"https:\/\/radiosul.net\/wp\/wp-json\/wp\/v2\/tags?post=8799"}],"curies":[{"name":"wp","href":"https:\/\/api.w.org\/{rel}","templated":true}]}}