{"id":8216,"date":"2019-10-15T08:04:57","date_gmt":"2019-10-15T11:04:57","guid":{"rendered":"http:\/\/radiosul.net\/wp\/?p=8216"},"modified":"2019-10-15T08:04:57","modified_gmt":"2019-10-15T11:04:57","slug":"preparacao-de-bovinos-para-exposicoes-e-leiloes-e-o-novo-treinamento-do-senar-sc","status":"publish","type":"post","link":"https:\/\/radiosul.net\/wp\/2019\/preparacao-de-bovinos-para-exposicoes-e-leiloes-e-o-novo-treinamento-do-senar-sc\/","title":{"rendered":"Prepara\u00e7\u00e3o de bovinos para exposi\u00e7\u00f5es e leil\u00f5es \u00e9 o novo treinamento do Senar\/SC"},"content":{"rendered":"\n<p class=\"wp-block-paragraph\">Com o objetivo de ensinar t\u00e9cnicas para ressaltar as caracter\u00edsticas e as qualidades dos bovinos que participam de feiras agropecu\u00e1rias, o Servi\u00e7o Nacional de Aprendizagem Rural (SENAR\/SC), \u00f3rg\u00e3o vinculado \u00e0 Federa\u00e7\u00e3o da Agricultura e Pecu\u00e1ria do Estado de Santa Catarina (FAESC), disponibiliza novo curso a partir deste m\u00eas de outubro.<\/p>\n\n\n\n<figure class=\"wp-block-image\"><img loading=\"lazy\" decoding=\"async\" width=\"1024\" height=\"498\" src=\"http:\/\/radiosul.net\/wp\/wp-content\/uploads\/2019\/10\/12-1024x498.jpeg\" alt=\"\" class=\"wp-image-8217\" srcset=\"https:\/\/radiosul.net\/wp\/wp-content\/uploads\/2019\/10\/12-1024x498.jpeg 1024w, https:\/\/radiosul.net\/wp\/wp-content\/uploads\/2019\/10\/12-300x146.jpeg 300w, https:\/\/radiosul.net\/wp\/wp-content\/uploads\/2019\/10\/12-768x373.jpeg 768w, https:\/\/radiosul.net\/wp\/wp-content\/uploads\/2019\/10\/12.jpeg 1280w\" sizes=\"auto, (max-width: 1024px) 100vw, 1024px\" \/><\/figure>\n\n\n\n<p class=\"wp-block-paragraph\">O treinamento de prepara\u00e7\u00e3o de bovinos (corte e leite) para exposi\u00e7\u00f5es e leil\u00f5es \u00e9 voltado para maiores de 18 anos e tem dura\u00e7\u00e3o de 16 horas, divididos em dois dias, com parte te\u00f3rica e pr\u00e1tica. O intuito \u00e9 abordar t\u00e9cnicas para deixar os animais em suas melhores condi\u00e7\u00f5es est\u00e9ticas e enaltecer os atributos de cada ra\u00e7a. At\u00e9 o momento foram realizadas duas turmas-piloto nos munic\u00edpios de S\u00e3o Joaquim e Campos Novos.<\/p>\n\n\n\n<p class=\"wp-block-paragraph\">\u201cDa parte est\u00e9tica trabalha-se a prepara\u00e7\u00e3o do pelo, a import\u00e2ncia do cuidado nutricional e a prepara\u00e7\u00e3o para doma, no caso de exposi\u00e7\u00f5es, que \u00e9 uma demanda que est\u00e1 em crescimento nos \u00faltimos anos. Para os animais que participar\u00e3o de leil\u00f5es tamb\u00e9m \u00e9 fundamental destacar as qualidades para chamar a aten\u00e7\u00e3o dos compradores\u201d, observa o prestador de servi\u00e7o em instrutoria,&nbsp;<strong>Ricardo Becker.<\/strong><\/p>\n\n\n\n<p class=\"wp-block-paragraph\">Para o coordenador do programa de Assist\u00eancia T\u00e9cnica e Gerencial (ATeG) em pecu\u00e1ria de corte e vice-presidente da FAESC,&nbsp;<strong>Ant\u00f4nio Marcos Pagani,&nbsp;<\/strong>os bovinos devem estar impec\u00e1veis para o julgamento morfol\u00f3gico ou para o arremate. \u201cO trabalho inicia meses antes e requer dedica\u00e7\u00e3o e investimentos, pois os animais avaliados precisam ter boa gen\u00e9tica e equil\u00edbrio. Cada t\u00edtulo conquistado em exposi\u00e7\u00e3o contribui para ampliar a valoriza\u00e7\u00e3o da propriedade rural e tamb\u00e9m para elevar o valor comercial do animal\u201d, analisa.<\/p>\n\n\n\n<p class=\"wp-block-paragraph\">De acordo com o superintendente do SENAR\/SC,\u00a0<strong>Gilmar Ant\u00f4nio Zanluchi,\u00a0<\/strong>o novo treinamento instrumentaliza os produtores rurais catarinenses para que tenham conhecimentos sobre os crit\u00e9rios observados pelos jurados e pelos compradores, tornando seus animais mais atrativos e competitivos. \u201cO trabalho inicia com a prepara\u00e7\u00e3o de uma alimenta\u00e7\u00e3o adequada para que tenham bom desenvolvimento conforme o que preconiza a ra\u00e7a para n\u00e3o sobrecarregar com prote\u00edna e para n\u00e3o acumular gordura, o que futuramente pode prejudicar a produtividade do animal, al\u00e9m de apresentar t\u00e9cnicas para deix\u00e1-los confort\u00e1veis e seguros na pista de julgamento e as medidas para ressaltar os atributos dos animais\u201d, comenta.<\/p>\n\n\n\n<p class=\"wp-block-paragraph\"><strong><em>Fonte: <\/em><\/strong><a rel=\"noreferrer noopener\" href=\"mailto:marcos.bedin@mbcomunicacao.com.br\" target=\"_blank\"><strong><em>marcos.bedin@mbcomunicacao.com.br<\/em><\/strong><\/a><strong><em> <\/em><\/strong><\/p>\n","protected":false},"excerpt":{"rendered":"<p>Com o objetivo de ensinar t\u00e9cnicas para ressaltar as caracter\u00edsticas e as qualidades dos bovinos que participam de feiras agropecu\u00e1rias, o Servi\u00e7o Nacional de Aprendizagem Rural (SENAR\/SC), \u00f3rg\u00e3o vinculado \u00e0 Federa\u00e7\u00e3o da Agricultura e Pecu\u00e1ria do Estado de Santa Catarina (FAESC), disponibiliza novo curso a partir deste m\u00eas de outubro. O treinamento de prepara\u00e7\u00e3o de &hellip;<\/p>\n","protected":false},"author":9,"featured_media":8218,"comment_status":"closed","ping_status":"closed","sticky":false,"template":"","format":"standard","meta":{"_monsterinsights_skip_tracking":false,"_uf_show_specific_survey":0,"_uf_disable_surveys":false,"footnotes":""},"categories":[1,126],"tags":[],"class_list":["post-8216","post","type-post","status-publish","format-standard","has-post-thumbnail","hentry","category-agro","category-destacados"],"aioseo_notices":[],"aioseo_head":"\n\t\t<!-- All in One SEO 5.0.1.1 - aioseo.com -->\n\t<meta name=\"description\" content=\"Com o objetivo de ensinar t\u00e9cnicas para ressaltar as caracter\u00edsticas e as qualidades dos bovinos que participam de feiras agropecu\u00e1rias, o Servi\u00e7o Nacional de Aprendizagem Rural (SENAR\/SC), \u00f3rg\u00e3o vinculado \u00e0 Federa\u00e7\u00e3o da Agricultura e Pecu\u00e1ria do Estado de Santa Catarina (FAESC), disponibiliza novo curso a partir deste m\u00eas de outubro. O treinamento de prepara\u00e7\u00e3o de\" \/>\n\t<meta name=\"robots\" content=\"max-image-preview:large\" \/>\n\t<meta name=\"author\" content=\"Alejo Bordon\"\/>\n\t<link rel=\"canonical\" href=\"https:\/\/radiosul.net\/wp\/2019\/preparacao-de-bovinos-para-exposicoes-e-leiloes-e-o-novo-treinamento-do-senar-sc\/\" \/>\n\t<meta name=\"generator\" content=\"All in One SEO (AIOSEO) 5.0.1.1\" \/>\n\t\t<meta property=\"og:locale\" content=\"pt_BR\" \/>\n\t\t<meta property=\"og:site_name\" content=\"radiosul.net - Regional por Excel\u00eancia\" \/>\n\t\t<meta property=\"og:type\" content=\"article\" \/>\n\t\t<meta property=\"og:title\" content=\"Prepara\u00e7\u00e3o de bovinos para exposi\u00e7\u00f5es e leil\u00f5es \u00e9 o novo treinamento do Senar\/SC - radiosul.net\" \/>\n\t\t<meta property=\"og:description\" content=\"Com o objetivo de ensinar t\u00e9cnicas para ressaltar as caracter\u00edsticas e as qualidades dos bovinos que participam de feiras agropecu\u00e1rias, o Servi\u00e7o Nacional de Aprendizagem Rural (SENAR\/SC), \u00f3rg\u00e3o vinculado \u00e0 Federa\u00e7\u00e3o da Agricultura e Pecu\u00e1ria do Estado de Santa Catarina (FAESC), disponibiliza novo curso a partir deste m\u00eas de outubro. O treinamento de prepara\u00e7\u00e3o de\" \/>\n\t\t<meta property=\"og:url\" content=\"https:\/\/radiosul.net\/wp\/2019\/preparacao-de-bovinos-para-exposicoes-e-leiloes-e-o-novo-treinamento-do-senar-sc\/\" \/>\n\t\t<meta property=\"article:published_time\" content=\"2019-10-15T11:04:57+00:00\" \/>\n\t\t<meta property=\"article:modified_time\" content=\"2019-10-15T11:04:57+00:00\" \/>\n\t\t<meta name=\"twitter:card\" content=\"summary_large_image\" \/>\n\t\t<meta name=\"twitter:title\" content=\"Prepara\u00e7\u00e3o de bovinos para exposi\u00e7\u00f5es e leil\u00f5es \u00e9 o novo treinamento do Senar\/SC - radiosul.net\" \/>\n\t\t<meta name=\"twitter:description\" content=\"Com o objetivo de ensinar t\u00e9cnicas para ressaltar as caracter\u00edsticas e as qualidades dos bovinos que participam de feiras agropecu\u00e1rias, o Servi\u00e7o Nacional de Aprendizagem Rural (SENAR\/SC), \u00f3rg\u00e3o vinculado \u00e0 Federa\u00e7\u00e3o da Agricultura e Pecu\u00e1ria do Estado de Santa Catarina (FAESC), disponibiliza novo curso a partir deste m\u00eas de outubro. O treinamento de prepara\u00e7\u00e3o de\" \/>\n\t\t<script type=\"application\/ld+json\" class=\"aioseo-schema\">\n\t\t\t{\"@context\":\"https:\\\/\\\/schema.org\",\"@graph\":[{\"@type\":\"BlogPosting\",\"@id\":\"https:\\\/\\\/radiosul.net\\\/wp\\\/2019\\\/preparacao-de-bovinos-para-exposicoes-e-leiloes-e-o-novo-treinamento-do-senar-sc\\\/#blogposting\",\"name\":\"Prepara\\u00e7\\u00e3o de bovinos para exposi\\u00e7\\u00f5es e leil\\u00f5es \\u00e9 o novo treinamento do Senar\\\/SC - radiosul.net\",\"headline\":\"Prepara\\u00e7\\u00e3o de bovinos para exposi\\u00e7\\u00f5es e leil\\u00f5es \\u00e9 o novo treinamento do Senar\\\/SC\",\"author\":{\"@id\":\"https:\\\/\\\/radiosul.net\\\/wp\\\/author\\\/alejo\\\/#author\"},\"publisher\":{\"@id\":\"https:\\\/\\\/radiosul.net\\\/wp\\\/#organization\"},\"image\":{\"@type\":\"ImageObject\",\"url\":\"https:\\\/\\\/radiosul.net\\\/wp\\\/wp-content\\\/uploads\\\/2019\\\/10\\\/13.jpeg\",\"width\":1280,\"height\":622},\"datePublished\":\"2019-10-15T08:04:57-03:00\",\"dateModified\":\"2019-10-15T08:04:57-03:00\",\"inLanguage\":\"pt-BR\",\"mainEntityOfPage\":{\"@id\":\"https:\\\/\\\/radiosul.net\\\/wp\\\/2019\\\/preparacao-de-bovinos-para-exposicoes-e-leiloes-e-o-novo-treinamento-do-senar-sc\\\/#webpage\"},\"isPartOf\":{\"@id\":\"https:\\\/\\\/radiosul.net\\\/wp\\\/2019\\\/preparacao-de-bovinos-para-exposicoes-e-leiloes-e-o-novo-treinamento-do-senar-sc\\\/#webpage\"},\"articleSection\":\"Agroneg\\u00f3cio, Destaque\"},{\"@type\":\"BreadcrumbList\",\"@id\":\"https:\\\/\\\/radiosul.net\\\/wp\\\/2019\\\/preparacao-de-bovinos-para-exposicoes-e-leiloes-e-o-novo-treinamento-do-senar-sc\\\/#breadcrumblist\",\"itemListElement\":[{\"@type\":\"ListItem\",\"@id\":\"https:\\\/\\\/radiosul.net\\\/wp#listItem\",\"position\":1,\"name\":\"Home\",\"item\":\"https:\\\/\\\/radiosul.net\\\/wp\",\"nextItem\":{\"@type\":\"ListItem\",\"@id\":\"https:\\\/\\\/radiosul.net\\\/wp\\\/category\\\/agro\\\/#listItem\",\"name\":\"Agroneg\\u00f3cio\"}},{\"@type\":\"ListItem\",\"@id\":\"https:\\\/\\\/radiosul.net\\\/wp\\\/category\\\/agro\\\/#listItem\",\"position\":2,\"name\":\"Agroneg\\u00f3cio\",\"item\":\"https:\\\/\\\/radiosul.net\\\/wp\\\/category\\\/agro\\\/\",\"nextItem\":{\"@type\":\"ListItem\",\"@id\":\"https:\\\/\\\/radiosul.net\\\/wp\\\/2019\\\/preparacao-de-bovinos-para-exposicoes-e-leiloes-e-o-novo-treinamento-do-senar-sc\\\/#listItem\",\"name\":\"Prepara\\u00e7\\u00e3o de bovinos para exposi\\u00e7\\u00f5es e leil\\u00f5es \\u00e9 o novo treinamento do Senar\\\/SC\"},\"previousItem\":{\"@type\":\"ListItem\",\"@id\":\"https:\\\/\\\/radiosul.net\\\/wp#listItem\",\"name\":\"Home\"}},{\"@type\":\"ListItem\",\"@id\":\"https:\\\/\\\/radiosul.net\\\/wp\\\/2019\\\/preparacao-de-bovinos-para-exposicoes-e-leiloes-e-o-novo-treinamento-do-senar-sc\\\/#listItem\",\"position\":3,\"name\":\"Prepara\\u00e7\\u00e3o de bovinos para exposi\\u00e7\\u00f5es e leil\\u00f5es \\u00e9 o novo treinamento do Senar\\\/SC\",\"previousItem\":{\"@type\":\"ListItem\",\"@id\":\"https:\\\/\\\/radiosul.net\\\/wp\\\/category\\\/agro\\\/#listItem\",\"name\":\"Agroneg\\u00f3cio\"}}]},{\"@type\":\"Organization\",\"@id\":\"https:\\\/\\\/radiosul.net\\\/wp\\\/#organization\",\"name\":\"radiosul.net\",\"description\":\"Regional por Excel\\u00eancia\",\"url\":\"https:\\\/\\\/radiosul.net\\\/wp\\\/\"},{\"@type\":\"Person\",\"@id\":\"https:\\\/\\\/radiosul.net\\\/wp\\\/author\\\/alejo\\\/#author\",\"url\":\"https:\\\/\\\/radiosul.net\\\/wp\\\/author\\\/alejo\\\/\",\"name\":\"Alejo Bordon\",\"image\":{\"@type\":\"ImageObject\",\"@id\":\"https:\\\/\\\/radiosul.net\\\/wp\\\/2019\\\/preparacao-de-bovinos-para-exposicoes-e-leiloes-e-o-novo-treinamento-do-senar-sc\\\/#authorImage\",\"url\":\"https:\\\/\\\/secure.gravatar.com\\\/avatar\\\/b3a7e7f1c71212e6a5b7183b79a2ab58dad8bdc4cd4eadd61c4434d010d0bae4?s=96&d=mm&r=g\",\"width\":96,\"height\":96,\"caption\":\"Alejo Bordon\"}},{\"@type\":\"WebPage\",\"@id\":\"https:\\\/\\\/radiosul.net\\\/wp\\\/2019\\\/preparacao-de-bovinos-para-exposicoes-e-leiloes-e-o-novo-treinamento-do-senar-sc\\\/#webpage\",\"url\":\"https:\\\/\\\/radiosul.net\\\/wp\\\/2019\\\/preparacao-de-bovinos-para-exposicoes-e-leiloes-e-o-novo-treinamento-do-senar-sc\\\/\",\"name\":\"Prepara\\u00e7\\u00e3o de bovinos para exposi\\u00e7\\u00f5es e leil\\u00f5es \\u00e9 o novo treinamento do Senar\\\/SC - radiosul.net\",\"description\":\"Com o objetivo de ensinar t\\u00e9cnicas para ressaltar as caracter\\u00edsticas e as qualidades dos bovinos que participam de feiras agropecu\\u00e1rias, o Servi\\u00e7o Nacional de Aprendizagem Rural (SENAR\\\/SC), \\u00f3rg\\u00e3o vinculado \\u00e0 Federa\\u00e7\\u00e3o da Agricultura e Pecu\\u00e1ria do Estado de Santa Catarina (FAESC), disponibiliza novo curso a partir deste m\\u00eas de outubro. O treinamento de prepara\\u00e7\\u00e3o de\",\"inLanguage\":\"pt-BR\",\"isPartOf\":{\"@id\":\"https:\\\/\\\/radiosul.net\\\/wp\\\/#website\"},\"breadcrumb\":{\"@id\":\"https:\\\/\\\/radiosul.net\\\/wp\\\/2019\\\/preparacao-de-bovinos-para-exposicoes-e-leiloes-e-o-novo-treinamento-do-senar-sc\\\/#breadcrumblist\"},\"author\":{\"@id\":\"https:\\\/\\\/radiosul.net\\\/wp\\\/author\\\/alejo\\\/#author\"},\"creator\":{\"@id\":\"https:\\\/\\\/radiosul.net\\\/wp\\\/author\\\/alejo\\\/#author\"},\"image\":{\"@type\":\"ImageObject\",\"url\":\"https:\\\/\\\/radiosul.net\\\/wp\\\/wp-content\\\/uploads\\\/2019\\\/10\\\/13.jpeg\",\"@id\":\"https:\\\/\\\/radiosul.net\\\/wp\\\/2019\\\/preparacao-de-bovinos-para-exposicoes-e-leiloes-e-o-novo-treinamento-do-senar-sc\\\/#mainImage\",\"width\":1280,\"height\":622},\"primaryImageOfPage\":{\"@id\":\"https:\\\/\\\/radiosul.net\\\/wp\\\/2019\\\/preparacao-de-bovinos-para-exposicoes-e-leiloes-e-o-novo-treinamento-do-senar-sc\\\/#mainImage\"},\"datePublished\":\"2019-10-15T08:04:57-03:00\",\"dateModified\":\"2019-10-15T08:04:57-03:00\"},{\"@type\":\"WebSite\",\"@id\":\"https:\\\/\\\/radiosul.net\\\/wp\\\/#website\",\"url\":\"https:\\\/\\\/radiosul.net\\\/wp\\\/\",\"name\":\"radiosul.net\",\"description\":\"Regional por Excel\\u00eancia\",\"inLanguage\":\"pt-BR\",\"publisher\":{\"@id\":\"https:\\\/\\\/radiosul.net\\\/wp\\\/#organization\"}}]}\n\t\t<\/script>\n\t\t<!-- All in One SEO -->\n\n","aioseo_head_json":{"title":"Prepara\u00e7\u00e3o de bovinos para exposi\u00e7\u00f5es e leil\u00f5es \u00e9 o novo treinamento do Senar\/SC - radiosul.net","description":"Com o objetivo de ensinar t\u00e9cnicas para ressaltar as caracter\u00edsticas e as qualidades dos bovinos que participam de feiras agropecu\u00e1rias, o Servi\u00e7o Nacional de Aprendizagem Rural (SENAR\/SC), \u00f3rg\u00e3o vinculado \u00e0 Federa\u00e7\u00e3o da Agricultura e Pecu\u00e1ria do Estado de Santa Catarina (FAESC), disponibiliza novo curso a partir deste m\u00eas de outubro. O treinamento de prepara\u00e7\u00e3o de","canonical_url":"https:\/\/radiosul.net\/wp\/2019\/preparacao-de-bovinos-para-exposicoes-e-leiloes-e-o-novo-treinamento-do-senar-sc\/","robots":"max-image-preview:large","keywords":"","webmasterTools":{"miscellaneous":""},"schema":{"@context":"https:\/\/schema.org","@graph":[{"@type":"BlogPosting","@id":"https:\/\/radiosul.net\/wp\/2019\/preparacao-de-bovinos-para-exposicoes-e-leiloes-e-o-novo-treinamento-do-senar-sc\/#blogposting","name":"Prepara\u00e7\u00e3o de bovinos para exposi\u00e7\u00f5es e leil\u00f5es \u00e9 o novo treinamento do Senar\/SC - radiosul.net","headline":"Prepara\u00e7\u00e3o de bovinos para exposi\u00e7\u00f5es e leil\u00f5es \u00e9 o novo treinamento do Senar\/SC","author":{"@id":"https:\/\/radiosul.net\/wp\/author\/alejo\/#author"},"publisher":{"@id":"https:\/\/radiosul.net\/wp\/#organization"},"image":{"@type":"ImageObject","url":"https:\/\/radiosul.net\/wp\/wp-content\/uploads\/2019\/10\/13.jpeg","width":1280,"height":622},"datePublished":"2019-10-15T08:04:57-03:00","dateModified":"2019-10-15T08:04:57-03:00","inLanguage":"pt-BR","mainEntityOfPage":{"@id":"https:\/\/radiosul.net\/wp\/2019\/preparacao-de-bovinos-para-exposicoes-e-leiloes-e-o-novo-treinamento-do-senar-sc\/#webpage"},"isPartOf":{"@id":"https:\/\/radiosul.net\/wp\/2019\/preparacao-de-bovinos-para-exposicoes-e-leiloes-e-o-novo-treinamento-do-senar-sc\/#webpage"},"articleSection":"Agroneg\u00f3cio, Destaque"},{"@type":"BreadcrumbList","@id":"https:\/\/radiosul.net\/wp\/2019\/preparacao-de-bovinos-para-exposicoes-e-leiloes-e-o-novo-treinamento-do-senar-sc\/#breadcrumblist","itemListElement":[{"@type":"ListItem","@id":"https:\/\/radiosul.net\/wp#listItem","position":1,"name":"Home","item":"https:\/\/radiosul.net\/wp","nextItem":{"@type":"ListItem","@id":"https:\/\/radiosul.net\/wp\/category\/agro\/#listItem","name":"Agroneg\u00f3cio"}},{"@type":"ListItem","@id":"https:\/\/radiosul.net\/wp\/category\/agro\/#listItem","position":2,"name":"Agroneg\u00f3cio","item":"https:\/\/radiosul.net\/wp\/category\/agro\/","nextItem":{"@type":"ListItem","@id":"https:\/\/radiosul.net\/wp\/2019\/preparacao-de-bovinos-para-exposicoes-e-leiloes-e-o-novo-treinamento-do-senar-sc\/#listItem","name":"Prepara\u00e7\u00e3o de bovinos para exposi\u00e7\u00f5es e leil\u00f5es \u00e9 o novo treinamento do Senar\/SC"},"previousItem":{"@type":"ListItem","@id":"https:\/\/radiosul.net\/wp#listItem","name":"Home"}},{"@type":"ListItem","@id":"https:\/\/radiosul.net\/wp\/2019\/preparacao-de-bovinos-para-exposicoes-e-leiloes-e-o-novo-treinamento-do-senar-sc\/#listItem","position":3,"name":"Prepara\u00e7\u00e3o de bovinos para exposi\u00e7\u00f5es e leil\u00f5es \u00e9 o novo treinamento do Senar\/SC","previousItem":{"@type":"ListItem","@id":"https:\/\/radiosul.net\/wp\/category\/agro\/#listItem","name":"Agroneg\u00f3cio"}}]},{"@type":"Organization","@id":"https:\/\/radiosul.net\/wp\/#organization","name":"radiosul.net","description":"Regional por Excel\u00eancia","url":"https:\/\/radiosul.net\/wp\/"},{"@type":"Person","@id":"https:\/\/radiosul.net\/wp\/author\/alejo\/#author","url":"https:\/\/radiosul.net\/wp\/author\/alejo\/","name":"Alejo Bordon","image":{"@type":"ImageObject","@id":"https:\/\/radiosul.net\/wp\/2019\/preparacao-de-bovinos-para-exposicoes-e-leiloes-e-o-novo-treinamento-do-senar-sc\/#authorImage","url":"https:\/\/secure.gravatar.com\/avatar\/b3a7e7f1c71212e6a5b7183b79a2ab58dad8bdc4cd4eadd61c4434d010d0bae4?s=96&d=mm&r=g","width":96,"height":96,"caption":"Alejo Bordon"}},{"@type":"WebPage","@id":"https:\/\/radiosul.net\/wp\/2019\/preparacao-de-bovinos-para-exposicoes-e-leiloes-e-o-novo-treinamento-do-senar-sc\/#webpage","url":"https:\/\/radiosul.net\/wp\/2019\/preparacao-de-bovinos-para-exposicoes-e-leiloes-e-o-novo-treinamento-do-senar-sc\/","name":"Prepara\u00e7\u00e3o de bovinos para exposi\u00e7\u00f5es e leil\u00f5es \u00e9 o novo treinamento do Senar\/SC - radiosul.net","description":"Com o objetivo de ensinar t\u00e9cnicas para ressaltar as caracter\u00edsticas e as qualidades dos bovinos que participam de feiras agropecu\u00e1rias, o Servi\u00e7o Nacional de Aprendizagem Rural (SENAR\/SC), \u00f3rg\u00e3o vinculado \u00e0 Federa\u00e7\u00e3o da Agricultura e Pecu\u00e1ria do Estado de Santa Catarina (FAESC), disponibiliza novo curso a partir deste m\u00eas de outubro. O treinamento de prepara\u00e7\u00e3o de","inLanguage":"pt-BR","isPartOf":{"@id":"https:\/\/radiosul.net\/wp\/#website"},"breadcrumb":{"@id":"https:\/\/radiosul.net\/wp\/2019\/preparacao-de-bovinos-para-exposicoes-e-leiloes-e-o-novo-treinamento-do-senar-sc\/#breadcrumblist"},"author":{"@id":"https:\/\/radiosul.net\/wp\/author\/alejo\/#author"},"creator":{"@id":"https:\/\/radiosul.net\/wp\/author\/alejo\/#author"},"image":{"@type":"ImageObject","url":"https:\/\/radiosul.net\/wp\/wp-content\/uploads\/2019\/10\/13.jpeg","@id":"https:\/\/radiosul.net\/wp\/2019\/preparacao-de-bovinos-para-exposicoes-e-leiloes-e-o-novo-treinamento-do-senar-sc\/#mainImage","width":1280,"height":622},"primaryImageOfPage":{"@id":"https:\/\/radiosul.net\/wp\/2019\/preparacao-de-bovinos-para-exposicoes-e-leiloes-e-o-novo-treinamento-do-senar-sc\/#mainImage"},"datePublished":"2019-10-15T08:04:57-03:00","dateModified":"2019-10-15T08:04:57-03:00"},{"@type":"WebSite","@id":"https:\/\/radiosul.net\/wp\/#website","url":"https:\/\/radiosul.net\/wp\/","name":"radiosul.net","description":"Regional por Excel\u00eancia","inLanguage":"pt-BR","publisher":{"@id":"https:\/\/radiosul.net\/wp\/#organization"}}]},"og:locale":"pt_BR","og:site_name":"radiosul.net - Regional por Excel\u00eancia","og:type":"article","og:title":"Prepara\u00e7\u00e3o de bovinos para exposi\u00e7\u00f5es e leil\u00f5es \u00e9 o novo treinamento do Senar\/SC - radiosul.net","og:description":"Com o objetivo de ensinar t\u00e9cnicas para ressaltar as caracter\u00edsticas e as qualidades dos bovinos que participam de feiras agropecu\u00e1rias, o Servi\u00e7o Nacional de Aprendizagem Rural (SENAR\/SC), \u00f3rg\u00e3o vinculado \u00e0 Federa\u00e7\u00e3o da Agricultura e Pecu\u00e1ria do Estado de Santa Catarina (FAESC), disponibiliza novo curso a partir deste m\u00eas de outubro. O treinamento de prepara\u00e7\u00e3o de","og:url":"https:\/\/radiosul.net\/wp\/2019\/preparacao-de-bovinos-para-exposicoes-e-leiloes-e-o-novo-treinamento-do-senar-sc\/","article:published_time":"2019-10-15T11:04:57+00:00","article:modified_time":"2019-10-15T11:04:57+00:00","twitter:card":"summary_large_image","twitter:title":"Prepara\u00e7\u00e3o de bovinos para exposi\u00e7\u00f5es e leil\u00f5es \u00e9 o novo treinamento do Senar\/SC - radiosul.net","twitter:description":"Com o objetivo de ensinar t\u00e9cnicas para ressaltar as caracter\u00edsticas e as qualidades dos bovinos que participam de feiras agropecu\u00e1rias, o Servi\u00e7o Nacional de Aprendizagem Rural (SENAR\/SC), \u00f3rg\u00e3o vinculado \u00e0 Federa\u00e7\u00e3o da Agricultura e Pecu\u00e1ria do Estado de Santa Catarina (FAESC), disponibiliza novo curso a partir deste m\u00eas de outubro. O treinamento de prepara\u00e7\u00e3o de"},"aioseo_meta_data":{"post_id":"8216","title":null,"description":null,"keywords":null,"keyphrases":null,"primary_term":null,"canonical_url":null,"og_title":null,"og_description":null,"og_object_type":"default","og_image_type":"default","og_image_url":null,"og_image_width":null,"og_image_height":null,"og_image_custom_url":null,"og_image_custom_fields":null,"og_video":null,"og_custom_url":null,"og_article_section":null,"og_article_tags":null,"twitter_use_og":false,"twitter_card":"default","twitter_image_type":"default","twitter_image_url":null,"twitter_image_custom_url":null,"twitter_image_custom_fields":null,"twitter_title":null,"twitter_description":null,"schema":{"blockGraphs":[],"customGraphs":[],"default":{"data":{"Article":[],"Course":[],"Dataset":[],"FAQPage":[],"Movie":[],"Person":[],"Product":[],"ProductReview":[],"Car":[],"Recipe":[],"Service":[],"SoftwareApplication":[],"WebPage":[]},"graphName":"","isEnabled":true},"graphs":[]},"schema_type":"default","schema_type_options":null,"pillar_content":false,"robots_default":true,"robots_noindex":false,"robots_noarchive":false,"robots_nosnippet":false,"robots_nofollow":false,"robots_noimageindex":false,"robots_noodp":false,"robots_notranslate":false,"robots_max_snippet":null,"robots_max_videopreview":null,"robots_max_imagepreview":"large","priority":null,"frequency":null,"local_seo":null,"breadcrumb_settings":null,"limit_modified_date":false,"ai":null,"created":"2026-01-08 17:32:46","updated":"2026-01-08 17:32:46","seo_analyzer_scan_date":null,"focus_keyword":null,"additional_keywords":null,"truseo_locale":null},"aioseo_breadcrumb":"<div class=\"aioseo-breadcrumbs\"><span class=\"aioseo-breadcrumb\">\n\t\t\t<a href=\"https:\/\/radiosul.net\/wp\" title=\"Home\">Home<\/a>\n\t\t<\/span><span class=\"aioseo-breadcrumb-separator\">&raquo;<\/span><span class=\"aioseo-breadcrumb\">\n\t\t\t<a href=\"https:\/\/radiosul.net\/wp\/category\/agro\/\" title=\"Agroneg\u00f3cio\">Agroneg\u00f3cio<\/a>\n\t\t<\/span><span class=\"aioseo-breadcrumb-separator\">&raquo;<\/span><span class=\"aioseo-breadcrumb\">\n\t\t\tPrepara\u00e7\u00e3o de bovinos para exposi\u00e7\u00f5es e leil\u00f5es \u00e9 o novo treinamento do Senar\/SC\n\t\t<\/span><\/div>","aioseo_breadcrumb_json":[{"label":"Home","link":"https:\/\/radiosul.net\/wp"},{"label":"Agroneg\u00f3cio","link":"https:\/\/radiosul.net\/wp\/category\/agro\/"},{"label":"Prepara\u00e7\u00e3o de bovinos para exposi\u00e7\u00f5es e leil\u00f5es \u00e9 o novo treinamento do Senar\/SC","link":"https:\/\/radiosul.net\/wp\/2019\/preparacao-de-bovinos-para-exposicoes-e-leiloes-e-o-novo-treinamento-do-senar-sc\/"}],"_links":{"self":[{"href":"https:\/\/radiosul.net\/wp\/wp-json\/wp\/v2\/posts\/8216","targetHints":{"allow":["GET"]}}],"collection":[{"href":"https:\/\/radiosul.net\/wp\/wp-json\/wp\/v2\/posts"}],"about":[{"href":"https:\/\/radiosul.net\/wp\/wp-json\/wp\/v2\/types\/post"}],"author":[{"embeddable":true,"href":"https:\/\/radiosul.net\/wp\/wp-json\/wp\/v2\/users\/9"}],"replies":[{"embeddable":true,"href":"https:\/\/radiosul.net\/wp\/wp-json\/wp\/v2\/comments?post=8216"}],"version-history":[{"count":1,"href":"https:\/\/radiosul.net\/wp\/wp-json\/wp\/v2\/posts\/8216\/revisions"}],"predecessor-version":[{"id":8219,"href":"https:\/\/radiosul.net\/wp\/wp-json\/wp\/v2\/posts\/8216\/revisions\/8219"}],"wp:featuredmedia":[{"embeddable":true,"href":"https:\/\/radiosul.net\/wp\/wp-json\/wp\/v2\/media\/8218"}],"wp:attachment":[{"href":"https:\/\/radiosul.net\/wp\/wp-json\/wp\/v2\/media?parent=8216"}],"wp:term":[{"taxonomy":"category","embeddable":true,"href":"https:\/\/radiosul.net\/wp\/wp-json\/wp\/v2\/categories?post=8216"},{"taxonomy":"post_tag","embeddable":true,"href":"https:\/\/radiosul.net\/wp\/wp-json\/wp\/v2\/tags?post=8216"}],"curies":[{"name":"wp","href":"https:\/\/api.w.org\/{rel}","templated":true}]}}