{"id":8094,"date":"2019-10-10T17:37:03","date_gmt":"2019-10-10T20:37:03","guid":{"rendered":"http:\/\/radiosul.net\/wp\/?p=8094"},"modified":"2019-10-10T17:37:05","modified_gmt":"2019-10-10T20:37:05","slug":"sao-francisco-de-assis-supera-expectativas-e-agronemitz-e-soldera-levam-destaques","status":"publish","type":"post","link":"https:\/\/radiosul.net\/wp\/2019\/sao-francisco-de-assis-supera-expectativas-e-agronemitz-e-soldera-levam-destaques\/","title":{"rendered":"S\u00e3o Francisco de Assis supera expectativas e AgroNemitz e Soldera levam destaques"},"content":{"rendered":"\n<p class=\"wp-block-paragraph\">A AgroNemitz, de Manoel Viana (RS), arrematou importantes pr\u00eamios na 43\u00aa Expofeira de Primavera de S\u00e3o Francisco de Assis, encerrada no fim de semana. Al\u00e9m do m\u00e9rito gen\u00e9tico, que condecora o maior \u00cdndice Final dos reprodutores em julgamento, de macho e f\u00eamea, com os animais de tatuagens TE416 e TE459, respectivamente, a propriedade conquistou o Trio Grande Campe\u00e3o nos machos Puros de Origem (PO) com os touros 419, TE416 e TE407. A AgroNemitz ainda venceu o Terceiro Melhor Trio (TEI391, TEI369 e TEI350) e o melhor exemplar r\u00fastico PO, com o touro Progresso TE416.<\/p>\n\n\n\n<p class=\"wp-block-paragraph\">\u201cO resultado nos deixa muito satisfeitos. \u00c9 um reconhecimento por animais muito bons e bem avaliados no Promebo\u201d, comentou o diretor da AgroNemitz e vice-presidente T\u00e9cnico da Associa\u00e7\u00e3o Brasileira de Angus, M\u00e1rcio Sudati.<\/p>\n\n\n\n<p class=\"wp-block-paragraph\">O Trio Reservado PO ficou com a Cabanha Santo Ant\u00e3o, de Alegrete (RS), que levou o t\u00edtulo pelo trio de tatuagens 1056, 1052 e 1043.<\/p>\n\n\n\n<p class=\"wp-block-paragraph\">Na competi\u00e7\u00e3o entre machos Puros Controlados (PC), o Trio Grande Campe\u00e3o ficou com a Cabanha Soldera, de Irm\u00e3os Soldera Agropecu\u00e1ria, Panambi (RS), pelos animais 7346, 7030 e 7006. Santo Ant\u00e3o levou os demais pr\u00eamios da categoria, com o Trio Reservado (SA1131, SA1129 e SA1116) e o melhor exemplar r\u00fastico PC, com o touro Santo Ant\u00e3o SA1116.<\/p>\n\n\n\n<p class=\"wp-block-paragraph\">O inspetor t\u00e9cnico da Angus Jos\u00e9 Nei Correa Severo destacou a participa\u00e7\u00e3o da ra\u00e7a na feira, salientando a presen\u00e7a de animais PO. \u201cA ideia era fechar uma exposi\u00e7\u00e3o nacional, e, com 25 trios, conseguimos\u201d, ressaltou.<\/p>\n\n\n\n<p class=\"wp-block-paragraph\"><strong>Soldera lidera na competi\u00e7\u00e3o de f\u00eameas<\/strong><\/p>\n\n\n\n<p class=\"wp-block-paragraph\">A Cabanha Soldera dominou a premia\u00e7\u00e3o de ventres da ra\u00e7a Angus PO e PC. A propriedade de Panambi foi a melhor na disputa pelo Trio Grande Campe\u00e3 PO (tatuagens TE7212, TE7191 e TE7190) e no Melhor Exemplar R\u00fastico PO, com a vaca Soldera TE7191 Candelero. J\u00e1 os pr\u00eamios de Trio Reservada (TE497, TE476 e TE464) e Terceiro Melhor Trio (TEI487, TEI474 e TEI454) ficaram com a AgroNemitz.<\/p>\n\n\n\n<p class=\"wp-block-paragraph\">Entre os ventes PC, s\u00f3 deu Soldera. A propriedade venceu em todas as categorias: Trio Grande Campe\u00e3 (7127, 7093 e 7026), Trio Reservada (8385, 8255, 8314) e Terceiro Melhor Trio (7050, 7179 e 7246). Para fechar, a propriedade ainda levou o melhor exemplar r\u00fastico PC, com a vaca Soldera 7026 Direction.<\/p>\n\n\n\n<p class=\"wp-block-paragraph\">Um dos propriet\u00e1rio da cabanha, Didi Soldera comemorou os t\u00edtulos. O criador atribuiu como destaque a precocidade e a rusticidade dos animais. \u201cS\u00e3o exemplares bem preparados para dar sequ\u00eancia na gen\u00e9tica que buscamos\u201d, avaliou Soldera.<\/p>\n\n\n\n<p class=\"wp-block-paragraph\"><strong>Terneiras s\u00e3o destaque e atingem R$ 40 mil<\/strong><\/p>\n\n\n\n<p class=\"wp-block-paragraph\">O valor de negocia\u00e7\u00e3o das terneiras foi o grande destaque do 6\u00ba Leil\u00e3o Integra\u00e7\u00e3o Angus &amp; Brangus. Duas f\u00eameas da Cabanha Tolio\u2019s Farm, de Formigueiro (RS), bateram a marca de R$ 40 mil cada, superando o pre\u00e7o esperado. Os ventres s\u00e3o filhas de Charlo e irm\u00e3s de importantes touros da Schaff Angus Valley.<\/p>\n\n\n\n<p class=\"wp-block-paragraph\">O propriet\u00e1rio das terneiras, Robel T\u00f3lio, comemorou o resultado e disse que o neg\u00f3cio atingiu o dobro do esperado. \u201cChegamos a um cruzamento in\u00e9dito, fruto de um trabalho de d\u00e9cadas com a ra\u00e7a\u201d, destacou o criador.<\/p>\n\n\n\n<p class=\"wp-block-paragraph\">No total, 37 machos Angus foram vendidos, somando R$ 306.720,00 \u2013 m\u00e9dia de R$ 8.289,73. J\u00e1 as f\u00eameas da ra\u00e7a foram 100, um total de R$ 508.480,00 \u2013 m\u00e9dia R$ 5.084,80. O remate foi realizado pela BC Remates.<\/p>\n\n\n\n<p class=\"wp-block-paragraph\">Para o criador M\u00e1rcio Sudati, que vendeu os 27 touros e as 37 f\u00eameas da AgroNemitz colocados em pista, as vendas do leil\u00e3o \u201cforam melhores do que se esperava\u201d.<\/p>\n\n\n\n<p class=\"wp-block-paragraph\"><strong><em>Fonte: angus.org.br<\/em><\/strong><\/p>\n","protected":false},"excerpt":{"rendered":"<p>A AgroNemitz, de Manoel Viana (RS), arrematou importantes pr\u00eamios na 43\u00aa Expofeira de Primavera de S\u00e3o Francisco de Assis, encerrada no fim de semana. Al\u00e9m do m\u00e9rito gen\u00e9tico, que condecora o maior \u00cdndice Final dos reprodutores em julgamento, de macho e f\u00eamea, com os animais de tatuagens TE416 e TE459, respectivamente, a propriedade conquistou o &hellip;<\/p>\n","protected":false},"author":9,"featured_media":8095,"comment_status":"closed","ping_status":"closed","sticky":false,"template":"","format":"standard","meta":{"_monsterinsights_skip_tracking":false,"_uf_show_specific_survey":0,"_uf_disable_surveys":false,"footnotes":""},"categories":[1],"tags":[],"class_list":["post-8094","post","type-post","status-publish","format-standard","has-post-thumbnail","hentry","category-agro"],"aioseo_notices":[],"aioseo_head":"\n\t\t<!-- All in One SEO 5.0.1.1 - aioseo.com -->\n\t<meta name=\"description\" content=\"A AgroNemitz, de Manoel Viana (RS), arrematou importantes pr\u00eamios na 43\u00aa Expofeira de Primavera de S\u00e3o Francisco de Assis, encerrada no fim de semana. Al\u00e9m do m\u00e9rito gen\u00e9tico, que condecora o maior \u00cdndice Final dos reprodutores em julgamento, de macho e f\u00eamea, com os animais de tatuagens TE416 e TE459, respectivamente, a propriedade conquistou o\" \/>\n\t<meta name=\"robots\" content=\"max-image-preview:large\" \/>\n\t<meta name=\"author\" content=\"Alejo Bordon\"\/>\n\t<link rel=\"canonical\" href=\"https:\/\/radiosul.net\/wp\/2019\/sao-francisco-de-assis-supera-expectativas-e-agronemitz-e-soldera-levam-destaques\/\" \/>\n\t<meta name=\"generator\" content=\"All in One SEO (AIOSEO) 5.0.1.1\" \/>\n\t\t<meta property=\"og:locale\" content=\"pt_BR\" \/>\n\t\t<meta property=\"og:site_name\" content=\"radiosul.net - Regional por Excel\u00eancia\" \/>\n\t\t<meta property=\"og:type\" content=\"article\" \/>\n\t\t<meta property=\"og:title\" content=\"S\u00e3o Francisco de Assis supera expectativas e AgroNemitz e Soldera levam destaques - radiosul.net\" \/>\n\t\t<meta property=\"og:description\" content=\"A AgroNemitz, de Manoel Viana (RS), arrematou importantes pr\u00eamios na 43\u00aa Expofeira de Primavera de S\u00e3o Francisco de Assis, encerrada no fim de semana. Al\u00e9m do m\u00e9rito gen\u00e9tico, que condecora o maior \u00cdndice Final dos reprodutores em julgamento, de macho e f\u00eamea, com os animais de tatuagens TE416 e TE459, respectivamente, a propriedade conquistou o\" \/>\n\t\t<meta property=\"og:url\" content=\"https:\/\/radiosul.net\/wp\/2019\/sao-francisco-de-assis-supera-expectativas-e-agronemitz-e-soldera-levam-destaques\/\" \/>\n\t\t<meta property=\"article:published_time\" content=\"2019-10-10T20:37:03+00:00\" \/>\n\t\t<meta property=\"article:modified_time\" content=\"2019-10-10T20:37:05+00:00\" \/>\n\t\t<meta name=\"twitter:card\" content=\"summary_large_image\" \/>\n\t\t<meta name=\"twitter:title\" content=\"S\u00e3o Francisco de Assis supera expectativas e AgroNemitz e Soldera levam destaques - radiosul.net\" \/>\n\t\t<meta name=\"twitter:description\" content=\"A AgroNemitz, de Manoel Viana (RS), arrematou importantes pr\u00eamios na 43\u00aa Expofeira de Primavera de S\u00e3o Francisco de Assis, encerrada no fim de semana. Al\u00e9m do m\u00e9rito gen\u00e9tico, que condecora o maior \u00cdndice Final dos reprodutores em julgamento, de macho e f\u00eamea, com os animais de tatuagens TE416 e TE459, respectivamente, a propriedade conquistou o\" \/>\n\t\t<script type=\"application\/ld+json\" class=\"aioseo-schema\">\n\t\t\t{\"@context\":\"https:\\\/\\\/schema.org\",\"@graph\":[{\"@type\":\"BlogPosting\",\"@id\":\"https:\\\/\\\/radiosul.net\\\/wp\\\/2019\\\/sao-francisco-de-assis-supera-expectativas-e-agronemitz-e-soldera-levam-destaques\\\/#blogposting\",\"name\":\"S\\u00e3o Francisco de Assis supera expectativas e AgroNemitz e Soldera levam destaques - radiosul.net\",\"headline\":\"S\\u00e3o Francisco de Assis supera expectativas e AgroNemitz e Soldera levam destaques\",\"author\":{\"@id\":\"https:\\\/\\\/radiosul.net\\\/wp\\\/author\\\/alejo\\\/#author\"},\"publisher\":{\"@id\":\"https:\\\/\\\/radiosul.net\\\/wp\\\/#organization\"},\"image\":{\"@type\":\"ImageObject\",\"url\":\"https:\\\/\\\/radiosul.net\\\/wp\\\/wp-content\\\/uploads\\\/2019\\\/10\\\/exposicao-angus-cortada.jpg\",\"width\":750,\"height\":750},\"datePublished\":\"2019-10-10T17:37:03-03:00\",\"dateModified\":\"2019-10-10T17:37:05-03:00\",\"inLanguage\":\"pt-BR\",\"mainEntityOfPage\":{\"@id\":\"https:\\\/\\\/radiosul.net\\\/wp\\\/2019\\\/sao-francisco-de-assis-supera-expectativas-e-agronemitz-e-soldera-levam-destaques\\\/#webpage\"},\"isPartOf\":{\"@id\":\"https:\\\/\\\/radiosul.net\\\/wp\\\/2019\\\/sao-francisco-de-assis-supera-expectativas-e-agronemitz-e-soldera-levam-destaques\\\/#webpage\"},\"articleSection\":\"Agroneg\\u00f3cio\"},{\"@type\":\"BreadcrumbList\",\"@id\":\"https:\\\/\\\/radiosul.net\\\/wp\\\/2019\\\/sao-francisco-de-assis-supera-expectativas-e-agronemitz-e-soldera-levam-destaques\\\/#breadcrumblist\",\"itemListElement\":[{\"@type\":\"ListItem\",\"@id\":\"https:\\\/\\\/radiosul.net\\\/wp#listItem\",\"position\":1,\"name\":\"Home\",\"item\":\"https:\\\/\\\/radiosul.net\\\/wp\",\"nextItem\":{\"@type\":\"ListItem\",\"@id\":\"https:\\\/\\\/radiosul.net\\\/wp\\\/category\\\/agro\\\/#listItem\",\"name\":\"Agroneg\\u00f3cio\"}},{\"@type\":\"ListItem\",\"@id\":\"https:\\\/\\\/radiosul.net\\\/wp\\\/category\\\/agro\\\/#listItem\",\"position\":2,\"name\":\"Agroneg\\u00f3cio\",\"item\":\"https:\\\/\\\/radiosul.net\\\/wp\\\/category\\\/agro\\\/\",\"nextItem\":{\"@type\":\"ListItem\",\"@id\":\"https:\\\/\\\/radiosul.net\\\/wp\\\/2019\\\/sao-francisco-de-assis-supera-expectativas-e-agronemitz-e-soldera-levam-destaques\\\/#listItem\",\"name\":\"S\\u00e3o Francisco de Assis supera expectativas e AgroNemitz e Soldera levam destaques\"},\"previousItem\":{\"@type\":\"ListItem\",\"@id\":\"https:\\\/\\\/radiosul.net\\\/wp#listItem\",\"name\":\"Home\"}},{\"@type\":\"ListItem\",\"@id\":\"https:\\\/\\\/radiosul.net\\\/wp\\\/2019\\\/sao-francisco-de-assis-supera-expectativas-e-agronemitz-e-soldera-levam-destaques\\\/#listItem\",\"position\":3,\"name\":\"S\\u00e3o Francisco de Assis supera expectativas e AgroNemitz e Soldera levam destaques\",\"previousItem\":{\"@type\":\"ListItem\",\"@id\":\"https:\\\/\\\/radiosul.net\\\/wp\\\/category\\\/agro\\\/#listItem\",\"name\":\"Agroneg\\u00f3cio\"}}]},{\"@type\":\"Organization\",\"@id\":\"https:\\\/\\\/radiosul.net\\\/wp\\\/#organization\",\"name\":\"radiosul.net\",\"description\":\"Regional por Excel\\u00eancia\",\"url\":\"https:\\\/\\\/radiosul.net\\\/wp\\\/\"},{\"@type\":\"Person\",\"@id\":\"https:\\\/\\\/radiosul.net\\\/wp\\\/author\\\/alejo\\\/#author\",\"url\":\"https:\\\/\\\/radiosul.net\\\/wp\\\/author\\\/alejo\\\/\",\"name\":\"Alejo Bordon\",\"image\":{\"@type\":\"ImageObject\",\"@id\":\"https:\\\/\\\/radiosul.net\\\/wp\\\/2019\\\/sao-francisco-de-assis-supera-expectativas-e-agronemitz-e-soldera-levam-destaques\\\/#authorImage\",\"url\":\"https:\\\/\\\/secure.gravatar.com\\\/avatar\\\/b3a7e7f1c71212e6a5b7183b79a2ab58dad8bdc4cd4eadd61c4434d010d0bae4?s=96&d=mm&r=g\",\"width\":96,\"height\":96,\"caption\":\"Alejo Bordon\"}},{\"@type\":\"WebPage\",\"@id\":\"https:\\\/\\\/radiosul.net\\\/wp\\\/2019\\\/sao-francisco-de-assis-supera-expectativas-e-agronemitz-e-soldera-levam-destaques\\\/#webpage\",\"url\":\"https:\\\/\\\/radiosul.net\\\/wp\\\/2019\\\/sao-francisco-de-assis-supera-expectativas-e-agronemitz-e-soldera-levam-destaques\\\/\",\"name\":\"S\\u00e3o Francisco de Assis supera expectativas e AgroNemitz e Soldera levam destaques - radiosul.net\",\"description\":\"A AgroNemitz, de Manoel Viana (RS), arrematou importantes pr\\u00eamios na 43\\u00aa Expofeira de Primavera de S\\u00e3o Francisco de Assis, encerrada no fim de semana. Al\\u00e9m do m\\u00e9rito gen\\u00e9tico, que condecora o maior \\u00cdndice Final dos reprodutores em julgamento, de macho e f\\u00eamea, com os animais de tatuagens TE416 e TE459, respectivamente, a propriedade conquistou o\",\"inLanguage\":\"pt-BR\",\"isPartOf\":{\"@id\":\"https:\\\/\\\/radiosul.net\\\/wp\\\/#website\"},\"breadcrumb\":{\"@id\":\"https:\\\/\\\/radiosul.net\\\/wp\\\/2019\\\/sao-francisco-de-assis-supera-expectativas-e-agronemitz-e-soldera-levam-destaques\\\/#breadcrumblist\"},\"author\":{\"@id\":\"https:\\\/\\\/radiosul.net\\\/wp\\\/author\\\/alejo\\\/#author\"},\"creator\":{\"@id\":\"https:\\\/\\\/radiosul.net\\\/wp\\\/author\\\/alejo\\\/#author\"},\"image\":{\"@type\":\"ImageObject\",\"url\":\"https:\\\/\\\/radiosul.net\\\/wp\\\/wp-content\\\/uploads\\\/2019\\\/10\\\/exposicao-angus-cortada.jpg\",\"@id\":\"https:\\\/\\\/radiosul.net\\\/wp\\\/2019\\\/sao-francisco-de-assis-supera-expectativas-e-agronemitz-e-soldera-levam-destaques\\\/#mainImage\",\"width\":750,\"height\":750},\"primaryImageOfPage\":{\"@id\":\"https:\\\/\\\/radiosul.net\\\/wp\\\/2019\\\/sao-francisco-de-assis-supera-expectativas-e-agronemitz-e-soldera-levam-destaques\\\/#mainImage\"},\"datePublished\":\"2019-10-10T17:37:03-03:00\",\"dateModified\":\"2019-10-10T17:37:05-03:00\"},{\"@type\":\"WebSite\",\"@id\":\"https:\\\/\\\/radiosul.net\\\/wp\\\/#website\",\"url\":\"https:\\\/\\\/radiosul.net\\\/wp\\\/\",\"name\":\"radiosul.net\",\"description\":\"Regional por Excel\\u00eancia\",\"inLanguage\":\"pt-BR\",\"publisher\":{\"@id\":\"https:\\\/\\\/radiosul.net\\\/wp\\\/#organization\"}}]}\n\t\t<\/script>\n\t\t<!-- All in One SEO -->\n\n","aioseo_head_json":{"title":"S\u00e3o Francisco de Assis supera expectativas e AgroNemitz e Soldera levam destaques - radiosul.net","description":"A AgroNemitz, de Manoel Viana (RS), arrematou importantes pr\u00eamios na 43\u00aa Expofeira de Primavera de S\u00e3o Francisco de Assis, encerrada no fim de semana. Al\u00e9m do m\u00e9rito gen\u00e9tico, que condecora o maior \u00cdndice Final dos reprodutores em julgamento, de macho e f\u00eamea, com os animais de tatuagens TE416 e TE459, respectivamente, a propriedade conquistou o","canonical_url":"https:\/\/radiosul.net\/wp\/2019\/sao-francisco-de-assis-supera-expectativas-e-agronemitz-e-soldera-levam-destaques\/","robots":"max-image-preview:large","keywords":"","webmasterTools":{"miscellaneous":""},"schema":{"@context":"https:\/\/schema.org","@graph":[{"@type":"BlogPosting","@id":"https:\/\/radiosul.net\/wp\/2019\/sao-francisco-de-assis-supera-expectativas-e-agronemitz-e-soldera-levam-destaques\/#blogposting","name":"S\u00e3o Francisco de Assis supera expectativas e AgroNemitz e Soldera levam destaques - radiosul.net","headline":"S\u00e3o Francisco de Assis supera expectativas e AgroNemitz e Soldera levam destaques","author":{"@id":"https:\/\/radiosul.net\/wp\/author\/alejo\/#author"},"publisher":{"@id":"https:\/\/radiosul.net\/wp\/#organization"},"image":{"@type":"ImageObject","url":"https:\/\/radiosul.net\/wp\/wp-content\/uploads\/2019\/10\/exposicao-angus-cortada.jpg","width":750,"height":750},"datePublished":"2019-10-10T17:37:03-03:00","dateModified":"2019-10-10T17:37:05-03:00","inLanguage":"pt-BR","mainEntityOfPage":{"@id":"https:\/\/radiosul.net\/wp\/2019\/sao-francisco-de-assis-supera-expectativas-e-agronemitz-e-soldera-levam-destaques\/#webpage"},"isPartOf":{"@id":"https:\/\/radiosul.net\/wp\/2019\/sao-francisco-de-assis-supera-expectativas-e-agronemitz-e-soldera-levam-destaques\/#webpage"},"articleSection":"Agroneg\u00f3cio"},{"@type":"BreadcrumbList","@id":"https:\/\/radiosul.net\/wp\/2019\/sao-francisco-de-assis-supera-expectativas-e-agronemitz-e-soldera-levam-destaques\/#breadcrumblist","itemListElement":[{"@type":"ListItem","@id":"https:\/\/radiosul.net\/wp#listItem","position":1,"name":"Home","item":"https:\/\/radiosul.net\/wp","nextItem":{"@type":"ListItem","@id":"https:\/\/radiosul.net\/wp\/category\/agro\/#listItem","name":"Agroneg\u00f3cio"}},{"@type":"ListItem","@id":"https:\/\/radiosul.net\/wp\/category\/agro\/#listItem","position":2,"name":"Agroneg\u00f3cio","item":"https:\/\/radiosul.net\/wp\/category\/agro\/","nextItem":{"@type":"ListItem","@id":"https:\/\/radiosul.net\/wp\/2019\/sao-francisco-de-assis-supera-expectativas-e-agronemitz-e-soldera-levam-destaques\/#listItem","name":"S\u00e3o Francisco de Assis supera expectativas e AgroNemitz e Soldera levam destaques"},"previousItem":{"@type":"ListItem","@id":"https:\/\/radiosul.net\/wp#listItem","name":"Home"}},{"@type":"ListItem","@id":"https:\/\/radiosul.net\/wp\/2019\/sao-francisco-de-assis-supera-expectativas-e-agronemitz-e-soldera-levam-destaques\/#listItem","position":3,"name":"S\u00e3o Francisco de Assis supera expectativas e AgroNemitz e Soldera levam destaques","previousItem":{"@type":"ListItem","@id":"https:\/\/radiosul.net\/wp\/category\/agro\/#listItem","name":"Agroneg\u00f3cio"}}]},{"@type":"Organization","@id":"https:\/\/radiosul.net\/wp\/#organization","name":"radiosul.net","description":"Regional por Excel\u00eancia","url":"https:\/\/radiosul.net\/wp\/"},{"@type":"Person","@id":"https:\/\/radiosul.net\/wp\/author\/alejo\/#author","url":"https:\/\/radiosul.net\/wp\/author\/alejo\/","name":"Alejo Bordon","image":{"@type":"ImageObject","@id":"https:\/\/radiosul.net\/wp\/2019\/sao-francisco-de-assis-supera-expectativas-e-agronemitz-e-soldera-levam-destaques\/#authorImage","url":"https:\/\/secure.gravatar.com\/avatar\/b3a7e7f1c71212e6a5b7183b79a2ab58dad8bdc4cd4eadd61c4434d010d0bae4?s=96&d=mm&r=g","width":96,"height":96,"caption":"Alejo Bordon"}},{"@type":"WebPage","@id":"https:\/\/radiosul.net\/wp\/2019\/sao-francisco-de-assis-supera-expectativas-e-agronemitz-e-soldera-levam-destaques\/#webpage","url":"https:\/\/radiosul.net\/wp\/2019\/sao-francisco-de-assis-supera-expectativas-e-agronemitz-e-soldera-levam-destaques\/","name":"S\u00e3o Francisco de Assis supera expectativas e AgroNemitz e Soldera levam destaques - radiosul.net","description":"A AgroNemitz, de Manoel Viana (RS), arrematou importantes pr\u00eamios na 43\u00aa Expofeira de Primavera de S\u00e3o Francisco de Assis, encerrada no fim de semana. Al\u00e9m do m\u00e9rito gen\u00e9tico, que condecora o maior \u00cdndice Final dos reprodutores em julgamento, de macho e f\u00eamea, com os animais de tatuagens TE416 e TE459, respectivamente, a propriedade conquistou o","inLanguage":"pt-BR","isPartOf":{"@id":"https:\/\/radiosul.net\/wp\/#website"},"breadcrumb":{"@id":"https:\/\/radiosul.net\/wp\/2019\/sao-francisco-de-assis-supera-expectativas-e-agronemitz-e-soldera-levam-destaques\/#breadcrumblist"},"author":{"@id":"https:\/\/radiosul.net\/wp\/author\/alejo\/#author"},"creator":{"@id":"https:\/\/radiosul.net\/wp\/author\/alejo\/#author"},"image":{"@type":"ImageObject","url":"https:\/\/radiosul.net\/wp\/wp-content\/uploads\/2019\/10\/exposicao-angus-cortada.jpg","@id":"https:\/\/radiosul.net\/wp\/2019\/sao-francisco-de-assis-supera-expectativas-e-agronemitz-e-soldera-levam-destaques\/#mainImage","width":750,"height":750},"primaryImageOfPage":{"@id":"https:\/\/radiosul.net\/wp\/2019\/sao-francisco-de-assis-supera-expectativas-e-agronemitz-e-soldera-levam-destaques\/#mainImage"},"datePublished":"2019-10-10T17:37:03-03:00","dateModified":"2019-10-10T17:37:05-03:00"},{"@type":"WebSite","@id":"https:\/\/radiosul.net\/wp\/#website","url":"https:\/\/radiosul.net\/wp\/","name":"radiosul.net","description":"Regional por Excel\u00eancia","inLanguage":"pt-BR","publisher":{"@id":"https:\/\/radiosul.net\/wp\/#organization"}}]},"og:locale":"pt_BR","og:site_name":"radiosul.net - Regional por Excel\u00eancia","og:type":"article","og:title":"S\u00e3o Francisco de Assis supera expectativas e AgroNemitz e Soldera levam destaques - radiosul.net","og:description":"A AgroNemitz, de Manoel Viana (RS), arrematou importantes pr\u00eamios na 43\u00aa Expofeira de Primavera de S\u00e3o Francisco de Assis, encerrada no fim de semana. Al\u00e9m do m\u00e9rito gen\u00e9tico, que condecora o maior \u00cdndice Final dos reprodutores em julgamento, de macho e f\u00eamea, com os animais de tatuagens TE416 e TE459, respectivamente, a propriedade conquistou o","og:url":"https:\/\/radiosul.net\/wp\/2019\/sao-francisco-de-assis-supera-expectativas-e-agronemitz-e-soldera-levam-destaques\/","article:published_time":"2019-10-10T20:37:03+00:00","article:modified_time":"2019-10-10T20:37:05+00:00","twitter:card":"summary_large_image","twitter:title":"S\u00e3o Francisco de Assis supera expectativas e AgroNemitz e Soldera levam destaques - radiosul.net","twitter:description":"A AgroNemitz, de Manoel Viana (RS), arrematou importantes pr\u00eamios na 43\u00aa Expofeira de Primavera de S\u00e3o Francisco de Assis, encerrada no fim de semana. Al\u00e9m do m\u00e9rito gen\u00e9tico, que condecora o maior \u00cdndice Final dos reprodutores em julgamento, de macho e f\u00eamea, com os animais de tatuagens TE416 e TE459, respectivamente, a propriedade conquistou o"},"aioseo_meta_data":{"post_id":"8094","title":null,"description":null,"keywords":null,"keyphrases":null,"primary_term":null,"canonical_url":null,"og_title":null,"og_description":null,"og_object_type":"default","og_image_type":"default","og_image_url":null,"og_image_width":null,"og_image_height":null,"og_image_custom_url":null,"og_image_custom_fields":null,"og_video":null,"og_custom_url":null,"og_article_section":null,"og_article_tags":null,"twitter_use_og":false,"twitter_card":"default","twitter_image_type":"default","twitter_image_url":null,"twitter_image_custom_url":null,"twitter_image_custom_fields":null,"twitter_title":null,"twitter_description":null,"schema":{"blockGraphs":[],"customGraphs":[],"default":{"data":{"Article":[],"Course":[],"Dataset":[],"FAQPage":[],"Movie":[],"Person":[],"Product":[],"ProductReview":[],"Car":[],"Recipe":[],"Service":[],"SoftwareApplication":[],"WebPage":[]},"graphName":"","isEnabled":true},"graphs":[]},"schema_type":"default","schema_type_options":null,"pillar_content":false,"robots_default":true,"robots_noindex":false,"robots_noarchive":false,"robots_nosnippet":false,"robots_nofollow":false,"robots_noimageindex":false,"robots_noodp":false,"robots_notranslate":false,"robots_max_snippet":null,"robots_max_videopreview":null,"robots_max_imagepreview":"large","priority":null,"frequency":null,"local_seo":null,"breadcrumb_settings":null,"limit_modified_date":false,"ai":null,"created":"2026-01-08 17:29:39","updated":"2026-01-08 17:29:39","seo_analyzer_scan_date":null,"focus_keyword":null,"additional_keywords":null,"truseo_locale":null},"aioseo_breadcrumb":"<div class=\"aioseo-breadcrumbs\"><span class=\"aioseo-breadcrumb\">\n\t\t\t<a href=\"https:\/\/radiosul.net\/wp\" title=\"Home\">Home<\/a>\n\t\t<\/span><span class=\"aioseo-breadcrumb-separator\">&raquo;<\/span><span class=\"aioseo-breadcrumb\">\n\t\t\t<a href=\"https:\/\/radiosul.net\/wp\/category\/agro\/\" title=\"Agroneg\u00f3cio\">Agroneg\u00f3cio<\/a>\n\t\t<\/span><span class=\"aioseo-breadcrumb-separator\">&raquo;<\/span><span class=\"aioseo-breadcrumb\">\n\t\t\tS\u00e3o Francisco de Assis supera expectativas e AgroNemitz e Soldera levam destaques\n\t\t<\/span><\/div>","aioseo_breadcrumb_json":[{"label":"Home","link":"https:\/\/radiosul.net\/wp"},{"label":"Agroneg\u00f3cio","link":"https:\/\/radiosul.net\/wp\/category\/agro\/"},{"label":"S\u00e3o Francisco de Assis supera expectativas e AgroNemitz e Soldera levam destaques","link":"https:\/\/radiosul.net\/wp\/2019\/sao-francisco-de-assis-supera-expectativas-e-agronemitz-e-soldera-levam-destaques\/"}],"_links":{"self":[{"href":"https:\/\/radiosul.net\/wp\/wp-json\/wp\/v2\/posts\/8094","targetHints":{"allow":["GET"]}}],"collection":[{"href":"https:\/\/radiosul.net\/wp\/wp-json\/wp\/v2\/posts"}],"about":[{"href":"https:\/\/radiosul.net\/wp\/wp-json\/wp\/v2\/types\/post"}],"author":[{"embeddable":true,"href":"https:\/\/radiosul.net\/wp\/wp-json\/wp\/v2\/users\/9"}],"replies":[{"embeddable":true,"href":"https:\/\/radiosul.net\/wp\/wp-json\/wp\/v2\/comments?post=8094"}],"version-history":[{"count":1,"href":"https:\/\/radiosul.net\/wp\/wp-json\/wp\/v2\/posts\/8094\/revisions"}],"predecessor-version":[{"id":8096,"href":"https:\/\/radiosul.net\/wp\/wp-json\/wp\/v2\/posts\/8094\/revisions\/8096"}],"wp:featuredmedia":[{"embeddable":true,"href":"https:\/\/radiosul.net\/wp\/wp-json\/wp\/v2\/media\/8095"}],"wp:attachment":[{"href":"https:\/\/radiosul.net\/wp\/wp-json\/wp\/v2\/media?parent=8094"}],"wp:term":[{"taxonomy":"category","embeddable":true,"href":"https:\/\/radiosul.net\/wp\/wp-json\/wp\/v2\/categories?post=8094"},{"taxonomy":"post_tag","embeddable":true,"href":"https:\/\/radiosul.net\/wp\/wp-json\/wp\/v2\/tags?post=8094"}],"curies":[{"name":"wp","href":"https:\/\/api.w.org\/{rel}","templated":true}]}}