{"id":7999,"date":"2019-10-07T21:11:17","date_gmt":"2019-10-08T00:11:17","guid":{"rendered":"http:\/\/radiosul.net\/wp\/?p=7999"},"modified":"2019-10-07T21:11:19","modified_gmt":"2019-10-08T00:11:19","slug":"frigorificos-de-sc-exportarao-subprodutos-comestiveis-para-china","status":"publish","type":"post","link":"https:\/\/radiosul.net\/wp\/2019\/frigorificos-de-sc-exportarao-subprodutos-comestiveis-para-china\/","title":{"rendered":"Frigor\u00edficos de SC exportar\u00e3o subprodutos comest\u00edveis para China"},"content":{"rendered":"\n<p class=\"wp-block-paragraph\">Depois de muitos anos de negocia\u00e7\u00f5es, uma nova frente comercial se abre entre Santa Catarina e China e vai incrementar ainda mais as exporta\u00e7\u00f5es de carne su\u00edna para o gigante asi\u00e1tico. A China informou o Minist\u00e9rio da Agricultura que habilitar\u00e1 novos produtos e subprodutos de carca\u00e7as su\u00ednas produzidos em estabelecimentos catarinenses.<\/p>\n\n\n\n<p class=\"wp-block-paragraph\">\u201cEssa \u00e9 uma excelente not\u00edcia para a cadeia da suinocultura industrial e vai impactar positivamente o faturamento das ind\u00fastrias exportadoras\u201d, avalia o gerente executivo do Sindicato das Ind\u00fastrias da Carne e Derivados no Estado (Sindicarne),&nbsp;<strong>Jorge de Lima<\/strong>.<\/p>\n\n\n\n<p class=\"wp-block-paragraph\">A medida beneficia de imediato as plantas industriais j\u00e1 habilitadas para exportar carne su\u00edna congelada para aquele pa\u00eds e se constitui em oportunidade de ampliar as vendas, que se mant\u00eam em alta desde o in\u00edcio do ano. A China reduziu em 40% a produ\u00e7\u00e3o interna de su\u00ednos em raz\u00e3o da incid\u00eancia da peste su\u00edna africana (PSA) e da peste su\u00edna cl\u00e1ssica (PSC).<\/p>\n\n\n\n<p class=\"wp-block-paragraph\">De acordo com o diretor, a nova frente de negocia\u00e7\u00e3o \u2013 considerando apenas a capacidade dos grandes grupos agroindustriais catarinenses \u2013 pode proporcionar embarques adicionais de aproximadamente 7.000 toneladas por m\u00eas toneladas de subprodutos com gera\u00e7\u00e3o de 14 milh\u00f5es de d\u00f3lares ao m\u00eas em divisas. Computados os pequenos e m\u00e9dios exportadores, a receita mensal chega a 15 milh\u00f5es de d\u00f3lares, o que soma 180 milh\u00f5es de d\u00f3lares por ano.<\/p>\n\n\n\n<p class=\"wp-block-paragraph\">&nbsp;Segundo comunicado do Adido na China, ser\u00e3o autorizadas exporta\u00e7\u00f5es de p\u00e9 de porco, l\u00edngua, focinho, m\u00e1scara, orelha e rabo como subproduto comest\u00edvel. As habilita\u00e7\u00f5es para estes novos produtos poder\u00e3o ser obtidas ap\u00f3s verifica\u00e7\u00e3o do atendimento dos requisitos chineses em auditoria do MAPA. Desta forma, n\u00e3o ser\u00e1 necess\u00e1ria visita t\u00e9cnica chinesa para os estabelecimentos j\u00e1 habilitados.<\/p>\n\n\n\n<p class=\"wp-block-paragraph\">&nbsp;&nbsp;&nbsp;&nbsp;&nbsp;&nbsp;&nbsp;&nbsp;&nbsp;&nbsp;&nbsp; Os estabelecimentos que desejarem obter habilita\u00e7\u00e3o para exportar novos produtos para China dever\u00e3o satisfazer alguns requisitos. O p\u00e9 e a l\u00edngua de su\u00ednos devem ser provenientes de su\u00ednos nascidos, criados e abatidos no estado de Santa Catarina. Os subprodutos e derivados comest\u00edveis de su\u00ednos devem estar de acordo com a legisla\u00e7\u00e3o regulamentadora de ambos os pa\u00edses e conforme os padr\u00f5es de seguran\u00e7a alimentar e os requisitos estabelecidos pelo protocolo bilateral assinado entre os dois pa\u00edses.<\/p>\n\n\n\n<p class=\"wp-block-paragraph\"><strong>&nbsp;&nbsp;&nbsp;&nbsp;&nbsp;&nbsp;&nbsp;&nbsp;&nbsp;&nbsp;&nbsp; DESEMPENHO<\/strong><\/p>\n\n\n\n<p class=\"wp-block-paragraph\">&nbsp;&nbsp;&nbsp;&nbsp;&nbsp;&nbsp;&nbsp;&nbsp;&nbsp;&nbsp;&nbsp; As exporta\u00e7\u00f5es brasileiras de carne su\u00edna in natura somaram US$ 997,66 milh\u00f5es de janeiro a setembro de 2019, registrando um crescimento 30%. Em volume foram embarcadas 456.758,4 toneladas no per\u00edodo, com varia\u00e7\u00e3o positiva de 15%. Os dados s\u00e3o do Minist\u00e9rio da Economia, Ind\u00fastria, Com\u00e9rcio Exterior E Servi\u00e7os.&nbsp;O maior comprador da carne brasileira continua sendo a China que somada a Hong Kong receberam 51% de toda carne embarcada no per\u00edodo. Com os casos de Peste Su\u00edna Africana no pa\u00eds e as libera\u00e7\u00f5es dos estoques emergenciais de carne, o pa\u00eds tem aumentado as importa\u00e7\u00f5es. Os envios para China j\u00e1 s\u00e3o quase 60% maiores na compara\u00e7\u00e3o com o mesmo per\u00edodo de 2018. R\u00fasssia v\u00eam na segunda posi\u00e7\u00e3o.<\/p>\n\n\n\n<p class=\"wp-block-paragraph\">\u00a0\u00a0\u00a0\u00a0\u00a0\u00a0\u00a0\u00a0\u00a0\u00a0\u00a0 Entre os estados produtores, Santa Catarina segue como maior exportador, sendo respons\u00e1vel por 56,7% da carne exportada. De janeiro a setembro o Estado soma US$ 565,83 milh\u00f5es e registra uma varia\u00e7\u00e3o positiva de 31,9%. O Rio Grande do Sul registrou uma varia\u00e7\u00e3o de 35% no per\u00edodo e \u00e9 o segundo maior exportador: foi respons\u00e1vel por 24,,8 % do total embarcado, somando US$ 247,6 milh\u00f5es no per\u00edodo. Na sequ\u00eancia vem o Paran\u00e1 com 15,5% de participa\u00e7\u00e3o, Minas Gerais com 1,30% e Mato Grosso com 0,99%<\/p>\n\n\n\n<p class=\"wp-block-paragraph\"><strong><em>Fonte: MARCOS A. BEDIN<\/em><\/strong><\/p>\n","protected":false},"excerpt":{"rendered":"<p>Depois de muitos anos de negocia\u00e7\u00f5es, uma nova frente comercial se abre entre Santa Catarina e China e vai incrementar ainda mais as exporta\u00e7\u00f5es de carne su\u00edna para o gigante asi\u00e1tico. A China informou o Minist\u00e9rio da Agricultura que habilitar\u00e1 novos produtos e subprodutos de carca\u00e7as su\u00ednas produzidos em estabelecimentos catarinenses. \u201cEssa \u00e9 uma excelente &hellip;<\/p>\n","protected":false},"author":9,"featured_media":8000,"comment_status":"closed","ping_status":"closed","sticky":false,"template":"","format":"standard","meta":{"_monsterinsights_skip_tracking":false,"_uf_show_specific_survey":0,"_uf_disable_surveys":false,"footnotes":""},"categories":[1,126],"tags":[],"class_list":["post-7999","post","type-post","status-publish","format-standard","has-post-thumbnail","hentry","category-agro","category-destacados"],"aioseo_notices":[],"aioseo_head":"\n\t\t<!-- All in One SEO 5.0.1.1 - aioseo.com -->\n\t<meta name=\"description\" content=\"Depois de muitos anos de negocia\u00e7\u00f5es, uma nova frente comercial se abre entre Santa Catarina e China e vai incrementar ainda mais as exporta\u00e7\u00f5es de carne su\u00edna para o gigante asi\u00e1tico. A China informou o Minist\u00e9rio da Agricultura que habilitar\u00e1 novos produtos e subprodutos de carca\u00e7as su\u00ednas produzidos em estabelecimentos catarinenses. \u201cEssa \u00e9 uma excelente\" \/>\n\t<meta name=\"robots\" content=\"max-image-preview:large\" \/>\n\t<meta name=\"author\" content=\"Alejo Bordon\"\/>\n\t<link rel=\"canonical\" href=\"https:\/\/radiosul.net\/wp\/2019\/frigorificos-de-sc-exportarao-subprodutos-comestiveis-para-china\/\" \/>\n\t<meta name=\"generator\" content=\"All in One SEO (AIOSEO) 5.0.1.1\" \/>\n\t\t<meta property=\"og:locale\" content=\"pt_BR\" \/>\n\t\t<meta property=\"og:site_name\" content=\"radiosul.net - Regional por Excel\u00eancia\" \/>\n\t\t<meta property=\"og:type\" content=\"article\" \/>\n\t\t<meta property=\"og:title\" content=\"Frigor\u00edficos de SC exportar\u00e3o subprodutos comest\u00edveis para China - radiosul.net\" \/>\n\t\t<meta property=\"og:description\" content=\"Depois de muitos anos de negocia\u00e7\u00f5es, uma nova frente comercial se abre entre Santa Catarina e China e vai incrementar ainda mais as exporta\u00e7\u00f5es de carne su\u00edna para o gigante asi\u00e1tico. A China informou o Minist\u00e9rio da Agricultura que habilitar\u00e1 novos produtos e subprodutos de carca\u00e7as su\u00ednas produzidos em estabelecimentos catarinenses. \u201cEssa \u00e9 uma excelente\" \/>\n\t\t<meta property=\"og:url\" content=\"https:\/\/radiosul.net\/wp\/2019\/frigorificos-de-sc-exportarao-subprodutos-comestiveis-para-china\/\" \/>\n\t\t<meta property=\"article:published_time\" content=\"2019-10-08T00:11:17+00:00\" \/>\n\t\t<meta property=\"article:modified_time\" content=\"2019-10-08T00:11:19+00:00\" \/>\n\t\t<meta name=\"twitter:card\" content=\"summary_large_image\" \/>\n\t\t<meta name=\"twitter:title\" content=\"Frigor\u00edficos de SC exportar\u00e3o subprodutos comest\u00edveis para China - radiosul.net\" \/>\n\t\t<meta name=\"twitter:description\" content=\"Depois de muitos anos de negocia\u00e7\u00f5es, uma nova frente comercial se abre entre Santa Catarina e China e vai incrementar ainda mais as exporta\u00e7\u00f5es de carne su\u00edna para o gigante asi\u00e1tico. A China informou o Minist\u00e9rio da Agricultura que habilitar\u00e1 novos produtos e subprodutos de carca\u00e7as su\u00ednas produzidos em estabelecimentos catarinenses. \u201cEssa \u00e9 uma excelente\" \/>\n\t\t<script type=\"application\/ld+json\" class=\"aioseo-schema\">\n\t\t\t{\"@context\":\"https:\\\/\\\/schema.org\",\"@graph\":[{\"@type\":\"BlogPosting\",\"@id\":\"https:\\\/\\\/radiosul.net\\\/wp\\\/2019\\\/frigorificos-de-sc-exportarao-subprodutos-comestiveis-para-china\\\/#blogposting\",\"name\":\"Frigor\\u00edficos de SC exportar\\u00e3o subprodutos comest\\u00edveis para China - radiosul.net\",\"headline\":\"Frigor\\u00edficos de SC exportar\\u00e3o subprodutos comest\\u00edveis para China\",\"author\":{\"@id\":\"https:\\\/\\\/radiosul.net\\\/wp\\\/author\\\/alejo\\\/#author\"},\"publisher\":{\"@id\":\"https:\\\/\\\/radiosul.net\\\/wp\\\/#organization\"},\"image\":{\"@type\":\"ImageObject\",\"url\":\"https:\\\/\\\/radiosul.net\\\/wp\\\/wp-content\\\/uploads\\\/2019\\\/10\\\/01.jpg\",\"width\":960,\"height\":1280},\"datePublished\":\"2019-10-07T21:11:17-03:00\",\"dateModified\":\"2019-10-07T21:11:19-03:00\",\"inLanguage\":\"pt-BR\",\"mainEntityOfPage\":{\"@id\":\"https:\\\/\\\/radiosul.net\\\/wp\\\/2019\\\/frigorificos-de-sc-exportarao-subprodutos-comestiveis-para-china\\\/#webpage\"},\"isPartOf\":{\"@id\":\"https:\\\/\\\/radiosul.net\\\/wp\\\/2019\\\/frigorificos-de-sc-exportarao-subprodutos-comestiveis-para-china\\\/#webpage\"},\"articleSection\":\"Agroneg\\u00f3cio, Destaque\"},{\"@type\":\"BreadcrumbList\",\"@id\":\"https:\\\/\\\/radiosul.net\\\/wp\\\/2019\\\/frigorificos-de-sc-exportarao-subprodutos-comestiveis-para-china\\\/#breadcrumblist\",\"itemListElement\":[{\"@type\":\"ListItem\",\"@id\":\"https:\\\/\\\/radiosul.net\\\/wp#listItem\",\"position\":1,\"name\":\"Home\",\"item\":\"https:\\\/\\\/radiosul.net\\\/wp\",\"nextItem\":{\"@type\":\"ListItem\",\"@id\":\"https:\\\/\\\/radiosul.net\\\/wp\\\/category\\\/agro\\\/#listItem\",\"name\":\"Agroneg\\u00f3cio\"}},{\"@type\":\"ListItem\",\"@id\":\"https:\\\/\\\/radiosul.net\\\/wp\\\/category\\\/agro\\\/#listItem\",\"position\":2,\"name\":\"Agroneg\\u00f3cio\",\"item\":\"https:\\\/\\\/radiosul.net\\\/wp\\\/category\\\/agro\\\/\",\"nextItem\":{\"@type\":\"ListItem\",\"@id\":\"https:\\\/\\\/radiosul.net\\\/wp\\\/2019\\\/frigorificos-de-sc-exportarao-subprodutos-comestiveis-para-china\\\/#listItem\",\"name\":\"Frigor\\u00edficos de SC exportar\\u00e3o subprodutos comest\\u00edveis para China\"},\"previousItem\":{\"@type\":\"ListItem\",\"@id\":\"https:\\\/\\\/radiosul.net\\\/wp#listItem\",\"name\":\"Home\"}},{\"@type\":\"ListItem\",\"@id\":\"https:\\\/\\\/radiosul.net\\\/wp\\\/2019\\\/frigorificos-de-sc-exportarao-subprodutos-comestiveis-para-china\\\/#listItem\",\"position\":3,\"name\":\"Frigor\\u00edficos de SC exportar\\u00e3o subprodutos comest\\u00edveis para China\",\"previousItem\":{\"@type\":\"ListItem\",\"@id\":\"https:\\\/\\\/radiosul.net\\\/wp\\\/category\\\/agro\\\/#listItem\",\"name\":\"Agroneg\\u00f3cio\"}}]},{\"@type\":\"Organization\",\"@id\":\"https:\\\/\\\/radiosul.net\\\/wp\\\/#organization\",\"name\":\"radiosul.net\",\"description\":\"Regional por Excel\\u00eancia\",\"url\":\"https:\\\/\\\/radiosul.net\\\/wp\\\/\"},{\"@type\":\"Person\",\"@id\":\"https:\\\/\\\/radiosul.net\\\/wp\\\/author\\\/alejo\\\/#author\",\"url\":\"https:\\\/\\\/radiosul.net\\\/wp\\\/author\\\/alejo\\\/\",\"name\":\"Alejo Bordon\",\"image\":{\"@type\":\"ImageObject\",\"@id\":\"https:\\\/\\\/radiosul.net\\\/wp\\\/2019\\\/frigorificos-de-sc-exportarao-subprodutos-comestiveis-para-china\\\/#authorImage\",\"url\":\"https:\\\/\\\/secure.gravatar.com\\\/avatar\\\/b3a7e7f1c71212e6a5b7183b79a2ab58dad8bdc4cd4eadd61c4434d010d0bae4?s=96&d=mm&r=g\",\"width\":96,\"height\":96,\"caption\":\"Alejo Bordon\"}},{\"@type\":\"WebPage\",\"@id\":\"https:\\\/\\\/radiosul.net\\\/wp\\\/2019\\\/frigorificos-de-sc-exportarao-subprodutos-comestiveis-para-china\\\/#webpage\",\"url\":\"https:\\\/\\\/radiosul.net\\\/wp\\\/2019\\\/frigorificos-de-sc-exportarao-subprodutos-comestiveis-para-china\\\/\",\"name\":\"Frigor\\u00edficos de SC exportar\\u00e3o subprodutos comest\\u00edveis para China - radiosul.net\",\"description\":\"Depois de muitos anos de negocia\\u00e7\\u00f5es, uma nova frente comercial se abre entre Santa Catarina e China e vai incrementar ainda mais as exporta\\u00e7\\u00f5es de carne su\\u00edna para o gigante asi\\u00e1tico. A China informou o Minist\\u00e9rio da Agricultura que habilitar\\u00e1 novos produtos e subprodutos de carca\\u00e7as su\\u00ednas produzidos em estabelecimentos catarinenses. \\u201cEssa \\u00e9 uma excelente\",\"inLanguage\":\"pt-BR\",\"isPartOf\":{\"@id\":\"https:\\\/\\\/radiosul.net\\\/wp\\\/#website\"},\"breadcrumb\":{\"@id\":\"https:\\\/\\\/radiosul.net\\\/wp\\\/2019\\\/frigorificos-de-sc-exportarao-subprodutos-comestiveis-para-china\\\/#breadcrumblist\"},\"author\":{\"@id\":\"https:\\\/\\\/radiosul.net\\\/wp\\\/author\\\/alejo\\\/#author\"},\"creator\":{\"@id\":\"https:\\\/\\\/radiosul.net\\\/wp\\\/author\\\/alejo\\\/#author\"},\"image\":{\"@type\":\"ImageObject\",\"url\":\"https:\\\/\\\/radiosul.net\\\/wp\\\/wp-content\\\/uploads\\\/2019\\\/10\\\/01.jpg\",\"@id\":\"https:\\\/\\\/radiosul.net\\\/wp\\\/2019\\\/frigorificos-de-sc-exportarao-subprodutos-comestiveis-para-china\\\/#mainImage\",\"width\":960,\"height\":1280},\"primaryImageOfPage\":{\"@id\":\"https:\\\/\\\/radiosul.net\\\/wp\\\/2019\\\/frigorificos-de-sc-exportarao-subprodutos-comestiveis-para-china\\\/#mainImage\"},\"datePublished\":\"2019-10-07T21:11:17-03:00\",\"dateModified\":\"2019-10-07T21:11:19-03:00\"},{\"@type\":\"WebSite\",\"@id\":\"https:\\\/\\\/radiosul.net\\\/wp\\\/#website\",\"url\":\"https:\\\/\\\/radiosul.net\\\/wp\\\/\",\"name\":\"radiosul.net\",\"description\":\"Regional por Excel\\u00eancia\",\"inLanguage\":\"pt-BR\",\"publisher\":{\"@id\":\"https:\\\/\\\/radiosul.net\\\/wp\\\/#organization\"}}]}\n\t\t<\/script>\n\t\t<!-- All in One SEO -->\n\n","aioseo_head_json":{"title":"Frigor\u00edficos de SC exportar\u00e3o subprodutos comest\u00edveis para China - radiosul.net","description":"Depois de muitos anos de negocia\u00e7\u00f5es, uma nova frente comercial se abre entre Santa Catarina e China e vai incrementar ainda mais as exporta\u00e7\u00f5es de carne su\u00edna para o gigante asi\u00e1tico. A China informou o Minist\u00e9rio da Agricultura que habilitar\u00e1 novos produtos e subprodutos de carca\u00e7as su\u00ednas produzidos em estabelecimentos catarinenses. \u201cEssa \u00e9 uma excelente","canonical_url":"https:\/\/radiosul.net\/wp\/2019\/frigorificos-de-sc-exportarao-subprodutos-comestiveis-para-china\/","robots":"max-image-preview:large","keywords":"","webmasterTools":{"miscellaneous":""},"schema":{"@context":"https:\/\/schema.org","@graph":[{"@type":"BlogPosting","@id":"https:\/\/radiosul.net\/wp\/2019\/frigorificos-de-sc-exportarao-subprodutos-comestiveis-para-china\/#blogposting","name":"Frigor\u00edficos de SC exportar\u00e3o subprodutos comest\u00edveis para China - radiosul.net","headline":"Frigor\u00edficos de SC exportar\u00e3o subprodutos comest\u00edveis para China","author":{"@id":"https:\/\/radiosul.net\/wp\/author\/alejo\/#author"},"publisher":{"@id":"https:\/\/radiosul.net\/wp\/#organization"},"image":{"@type":"ImageObject","url":"https:\/\/radiosul.net\/wp\/wp-content\/uploads\/2019\/10\/01.jpg","width":960,"height":1280},"datePublished":"2019-10-07T21:11:17-03:00","dateModified":"2019-10-07T21:11:19-03:00","inLanguage":"pt-BR","mainEntityOfPage":{"@id":"https:\/\/radiosul.net\/wp\/2019\/frigorificos-de-sc-exportarao-subprodutos-comestiveis-para-china\/#webpage"},"isPartOf":{"@id":"https:\/\/radiosul.net\/wp\/2019\/frigorificos-de-sc-exportarao-subprodutos-comestiveis-para-china\/#webpage"},"articleSection":"Agroneg\u00f3cio, Destaque"},{"@type":"BreadcrumbList","@id":"https:\/\/radiosul.net\/wp\/2019\/frigorificos-de-sc-exportarao-subprodutos-comestiveis-para-china\/#breadcrumblist","itemListElement":[{"@type":"ListItem","@id":"https:\/\/radiosul.net\/wp#listItem","position":1,"name":"Home","item":"https:\/\/radiosul.net\/wp","nextItem":{"@type":"ListItem","@id":"https:\/\/radiosul.net\/wp\/category\/agro\/#listItem","name":"Agroneg\u00f3cio"}},{"@type":"ListItem","@id":"https:\/\/radiosul.net\/wp\/category\/agro\/#listItem","position":2,"name":"Agroneg\u00f3cio","item":"https:\/\/radiosul.net\/wp\/category\/agro\/","nextItem":{"@type":"ListItem","@id":"https:\/\/radiosul.net\/wp\/2019\/frigorificos-de-sc-exportarao-subprodutos-comestiveis-para-china\/#listItem","name":"Frigor\u00edficos de SC exportar\u00e3o subprodutos comest\u00edveis para China"},"previousItem":{"@type":"ListItem","@id":"https:\/\/radiosul.net\/wp#listItem","name":"Home"}},{"@type":"ListItem","@id":"https:\/\/radiosul.net\/wp\/2019\/frigorificos-de-sc-exportarao-subprodutos-comestiveis-para-china\/#listItem","position":3,"name":"Frigor\u00edficos de SC exportar\u00e3o subprodutos comest\u00edveis para China","previousItem":{"@type":"ListItem","@id":"https:\/\/radiosul.net\/wp\/category\/agro\/#listItem","name":"Agroneg\u00f3cio"}}]},{"@type":"Organization","@id":"https:\/\/radiosul.net\/wp\/#organization","name":"radiosul.net","description":"Regional por Excel\u00eancia","url":"https:\/\/radiosul.net\/wp\/"},{"@type":"Person","@id":"https:\/\/radiosul.net\/wp\/author\/alejo\/#author","url":"https:\/\/radiosul.net\/wp\/author\/alejo\/","name":"Alejo Bordon","image":{"@type":"ImageObject","@id":"https:\/\/radiosul.net\/wp\/2019\/frigorificos-de-sc-exportarao-subprodutos-comestiveis-para-china\/#authorImage","url":"https:\/\/secure.gravatar.com\/avatar\/b3a7e7f1c71212e6a5b7183b79a2ab58dad8bdc4cd4eadd61c4434d010d0bae4?s=96&d=mm&r=g","width":96,"height":96,"caption":"Alejo Bordon"}},{"@type":"WebPage","@id":"https:\/\/radiosul.net\/wp\/2019\/frigorificos-de-sc-exportarao-subprodutos-comestiveis-para-china\/#webpage","url":"https:\/\/radiosul.net\/wp\/2019\/frigorificos-de-sc-exportarao-subprodutos-comestiveis-para-china\/","name":"Frigor\u00edficos de SC exportar\u00e3o subprodutos comest\u00edveis para China - radiosul.net","description":"Depois de muitos anos de negocia\u00e7\u00f5es, uma nova frente comercial se abre entre Santa Catarina e China e vai incrementar ainda mais as exporta\u00e7\u00f5es de carne su\u00edna para o gigante asi\u00e1tico. A China informou o Minist\u00e9rio da Agricultura que habilitar\u00e1 novos produtos e subprodutos de carca\u00e7as su\u00ednas produzidos em estabelecimentos catarinenses. \u201cEssa \u00e9 uma excelente","inLanguage":"pt-BR","isPartOf":{"@id":"https:\/\/radiosul.net\/wp\/#website"},"breadcrumb":{"@id":"https:\/\/radiosul.net\/wp\/2019\/frigorificos-de-sc-exportarao-subprodutos-comestiveis-para-china\/#breadcrumblist"},"author":{"@id":"https:\/\/radiosul.net\/wp\/author\/alejo\/#author"},"creator":{"@id":"https:\/\/radiosul.net\/wp\/author\/alejo\/#author"},"image":{"@type":"ImageObject","url":"https:\/\/radiosul.net\/wp\/wp-content\/uploads\/2019\/10\/01.jpg","@id":"https:\/\/radiosul.net\/wp\/2019\/frigorificos-de-sc-exportarao-subprodutos-comestiveis-para-china\/#mainImage","width":960,"height":1280},"primaryImageOfPage":{"@id":"https:\/\/radiosul.net\/wp\/2019\/frigorificos-de-sc-exportarao-subprodutos-comestiveis-para-china\/#mainImage"},"datePublished":"2019-10-07T21:11:17-03:00","dateModified":"2019-10-07T21:11:19-03:00"},{"@type":"WebSite","@id":"https:\/\/radiosul.net\/wp\/#website","url":"https:\/\/radiosul.net\/wp\/","name":"radiosul.net","description":"Regional por Excel\u00eancia","inLanguage":"pt-BR","publisher":{"@id":"https:\/\/radiosul.net\/wp\/#organization"}}]},"og:locale":"pt_BR","og:site_name":"radiosul.net - Regional por Excel\u00eancia","og:type":"article","og:title":"Frigor\u00edficos de SC exportar\u00e3o subprodutos comest\u00edveis para China - radiosul.net","og:description":"Depois de muitos anos de negocia\u00e7\u00f5es, uma nova frente comercial se abre entre Santa Catarina e China e vai incrementar ainda mais as exporta\u00e7\u00f5es de carne su\u00edna para o gigante asi\u00e1tico. A China informou o Minist\u00e9rio da Agricultura que habilitar\u00e1 novos produtos e subprodutos de carca\u00e7as su\u00ednas produzidos em estabelecimentos catarinenses. \u201cEssa \u00e9 uma excelente","og:url":"https:\/\/radiosul.net\/wp\/2019\/frigorificos-de-sc-exportarao-subprodutos-comestiveis-para-china\/","article:published_time":"2019-10-08T00:11:17+00:00","article:modified_time":"2019-10-08T00:11:19+00:00","twitter:card":"summary_large_image","twitter:title":"Frigor\u00edficos de SC exportar\u00e3o subprodutos comest\u00edveis para China - radiosul.net","twitter:description":"Depois de muitos anos de negocia\u00e7\u00f5es, uma nova frente comercial se abre entre Santa Catarina e China e vai incrementar ainda mais as exporta\u00e7\u00f5es de carne su\u00edna para o gigante asi\u00e1tico. A China informou o Minist\u00e9rio da Agricultura que habilitar\u00e1 novos produtos e subprodutos de carca\u00e7as su\u00ednas produzidos em estabelecimentos catarinenses. \u201cEssa \u00e9 uma excelente"},"aioseo_meta_data":{"post_id":"7999","title":null,"description":null,"keywords":null,"keyphrases":null,"primary_term":null,"canonical_url":null,"og_title":null,"og_description":null,"og_object_type":"default","og_image_type":"default","og_image_url":null,"og_image_width":null,"og_image_height":null,"og_image_custom_url":null,"og_image_custom_fields":null,"og_video":null,"og_custom_url":null,"og_article_section":null,"og_article_tags":null,"twitter_use_og":false,"twitter_card":"default","twitter_image_type":"default","twitter_image_url":null,"twitter_image_custom_url":null,"twitter_image_custom_fields":null,"twitter_title":null,"twitter_description":null,"schema":{"blockGraphs":[],"customGraphs":[],"default":{"data":{"Article":[],"Course":[],"Dataset":[],"FAQPage":[],"Movie":[],"Person":[],"Product":[],"ProductReview":[],"Car":[],"Recipe":[],"Service":[],"SoftwareApplication":[],"WebPage":[]},"graphName":"","isEnabled":true},"graphs":[]},"schema_type":"default","schema_type_options":null,"pillar_content":false,"robots_default":true,"robots_noindex":false,"robots_noarchive":false,"robots_nosnippet":false,"robots_nofollow":false,"robots_noimageindex":false,"robots_noodp":false,"robots_notranslate":false,"robots_max_snippet":null,"robots_max_videopreview":null,"robots_max_imagepreview":"large","priority":null,"frequency":null,"local_seo":null,"breadcrumb_settings":null,"limit_modified_date":false,"ai":null,"created":"2026-01-08 17:23:29","updated":"2026-01-08 17:23:29","seo_analyzer_scan_date":null,"focus_keyword":null,"additional_keywords":null,"truseo_locale":null},"aioseo_breadcrumb":"<div class=\"aioseo-breadcrumbs\"><span class=\"aioseo-breadcrumb\">\n\t\t\t<a href=\"https:\/\/radiosul.net\/wp\" title=\"Home\">Home<\/a>\n\t\t<\/span><span class=\"aioseo-breadcrumb-separator\">&raquo;<\/span><span class=\"aioseo-breadcrumb\">\n\t\t\t<a href=\"https:\/\/radiosul.net\/wp\/category\/agro\/\" title=\"Agroneg\u00f3cio\">Agroneg\u00f3cio<\/a>\n\t\t<\/span><span class=\"aioseo-breadcrumb-separator\">&raquo;<\/span><span class=\"aioseo-breadcrumb\">\n\t\t\tFrigor\u00edficos de SC exportar\u00e3o subprodutos comest\u00edveis para China\n\t\t<\/span><\/div>","aioseo_breadcrumb_json":[{"label":"Home","link":"https:\/\/radiosul.net\/wp"},{"label":"Agroneg\u00f3cio","link":"https:\/\/radiosul.net\/wp\/category\/agro\/"},{"label":"Frigor\u00edficos de SC exportar\u00e3o subprodutos comest\u00edveis para China","link":"https:\/\/radiosul.net\/wp\/2019\/frigorificos-de-sc-exportarao-subprodutos-comestiveis-para-china\/"}],"_links":{"self":[{"href":"https:\/\/radiosul.net\/wp\/wp-json\/wp\/v2\/posts\/7999","targetHints":{"allow":["GET"]}}],"collection":[{"href":"https:\/\/radiosul.net\/wp\/wp-json\/wp\/v2\/posts"}],"about":[{"href":"https:\/\/radiosul.net\/wp\/wp-json\/wp\/v2\/types\/post"}],"author":[{"embeddable":true,"href":"https:\/\/radiosul.net\/wp\/wp-json\/wp\/v2\/users\/9"}],"replies":[{"embeddable":true,"href":"https:\/\/radiosul.net\/wp\/wp-json\/wp\/v2\/comments?post=7999"}],"version-history":[{"count":1,"href":"https:\/\/radiosul.net\/wp\/wp-json\/wp\/v2\/posts\/7999\/revisions"}],"predecessor-version":[{"id":8001,"href":"https:\/\/radiosul.net\/wp\/wp-json\/wp\/v2\/posts\/7999\/revisions\/8001"}],"wp:featuredmedia":[{"embeddable":true,"href":"https:\/\/radiosul.net\/wp\/wp-json\/wp\/v2\/media\/8000"}],"wp:attachment":[{"href":"https:\/\/radiosul.net\/wp\/wp-json\/wp\/v2\/media?parent=7999"}],"wp:term":[{"taxonomy":"category","embeddable":true,"href":"https:\/\/radiosul.net\/wp\/wp-json\/wp\/v2\/categories?post=7999"},{"taxonomy":"post_tag","embeddable":true,"href":"https:\/\/radiosul.net\/wp\/wp-json\/wp\/v2\/tags?post=7999"}],"curies":[{"name":"wp","href":"https:\/\/api.w.org\/{rel}","templated":true}]}}