{"id":7721,"date":"2019-09-27T09:44:24","date_gmt":"2019-09-27T12:44:24","guid":{"rendered":"http:\/\/radiosul.net\/wp\/?p=7721"},"modified":"2019-09-27T09:44:26","modified_gmt":"2019-09-27T12:44:26","slug":"o-melhor-da-genetica-hereford-e-braford-em-santiago","status":"publish","type":"post","link":"https:\/\/radiosul.net\/wp\/2019\/o-melhor-da-genetica-hereford-e-braford-em-santiago\/","title":{"rendered":"O melhor da gen\u00e9tica Hereford e Braford em Santiago"},"content":{"rendered":"\n<p class=\"wp-block-paragraph\"><em>Grande remate da Est\u00e2ncia Carc\u00e1vio, Wolf Gen\u00e9tica e Est\u00e2ncia S\u00e3o Bento trar\u00e1 oferta de 50 touros para a Regi\u00e3o Central<\/em><\/p>\n\n\n\n<p class=\"wp-block-paragraph\">Santiago ir\u00e1 receber o remate com uma das mais importantes ofertas das ra\u00e7as Hereford e Braford da Regi\u00e3o Central do Rio Grande do Sul. Em outubro, ocorre o leil\u00e3o das propriedades da Sant\u2019Ana do Livramento de gado Braford da Est\u00e2ncia Carc\u00e1vio e Est\u00e2ncia S\u00e3o Bento, em parceria com a Wolf Gen\u00e9tica, de Dom Pedrito, um dos mais tradicionais criat\u00f3rios da ra\u00e7a Hereford no Brasil. O Remate tamb\u00e9m tem santanense Est\u00e2ncia Santa Gertrudes como convidada.<\/p>\n\n\n\n<p class=\"wp-block-paragraph\">Com a Parceria Leil\u00f5es e Programa Leil\u00f5es a cargo dos neg\u00f3cios, as propriedades levar\u00e3o em pista 50 touros Hereford e Braford. O leil\u00e3o, chancelado pela Associa\u00e7\u00e3o Brasileira de Hereford e Braford (ABHB), est\u00e1 marcado para o dia 3 de outubro (quinta-feira), a partir das 16h, no Parque de Exposi\u00e7\u00f5es Sylvio Ferreira Aquino (em Santiago).<\/p>\n\n\n\n<p class=\"wp-block-paragraph\">Os interessados poder\u00e3o obter mais informa\u00e7\u00f5es atrav\u00e9s dos telefones (55) 3243.2503 ou (53) 3243.3280 ou na p\u00e1gina no Facebook da Est\u00e2ncia Carc\u00e1vio (www.facebook.com\/EstanciaCarcavio).<\/p>\n\n\n\n<figure class=\"wp-block-image\"><img loading=\"lazy\" decoding=\"async\" width=\"1024\" height=\"1024\" src=\"http:\/\/radiosul.net\/wp\/wp-content\/uploads\/2019\/09\/IDENTIDADE-Remate-Santiago-2019-1024x1024.jpg\" alt=\"\" class=\"wp-image-7724\" srcset=\"https:\/\/radiosul.net\/wp\/wp-content\/uploads\/2019\/09\/IDENTIDADE-Remate-Santiago-2019-1024x1024.jpg 1024w, https:\/\/radiosul.net\/wp\/wp-content\/uploads\/2019\/09\/IDENTIDADE-Remate-Santiago-2019-150x150.jpg 150w, https:\/\/radiosul.net\/wp\/wp-content\/uploads\/2019\/09\/IDENTIDADE-Remate-Santiago-2019-300x300.jpg 300w, https:\/\/radiosul.net\/wp\/wp-content\/uploads\/2019\/09\/IDENTIDADE-Remate-Santiago-2019-768x768.jpg 768w\" sizes=\"auto, (max-width: 1024px) 100vw, 1024px\" \/><\/figure>\n\n\n\n<figure class=\"wp-block-image\"><img loading=\"lazy\" decoding=\"async\" width=\"1024\" height=\"682\" src=\"http:\/\/radiosul.net\/wp\/wp-content\/uploads\/2019\/09\/FOTO-1-1024x682.jpg\" alt=\"\" class=\"wp-image-7722\" srcset=\"https:\/\/radiosul.net\/wp\/wp-content\/uploads\/2019\/09\/FOTO-1-1024x682.jpg 1024w, https:\/\/radiosul.net\/wp\/wp-content\/uploads\/2019\/09\/FOTO-1-300x200.jpg 300w, https:\/\/radiosul.net\/wp\/wp-content\/uploads\/2019\/09\/FOTO-1-768x512.jpg 768w, https:\/\/radiosul.net\/wp\/wp-content\/uploads\/2019\/09\/FOTO-1.jpg 1280w\" sizes=\"auto, (max-width: 1024px) 100vw, 1024px\" \/><figcaption> Divulga\u00e7\u00e3o\/Est\u00e2ncia Carc\u00e1vio <\/figcaption><\/figure>\n\n\n\n<figure class=\"wp-block-image\"><img loading=\"lazy\" decoding=\"async\" width=\"1024\" height=\"768\" src=\"http:\/\/radiosul.net\/wp\/wp-content\/uploads\/2019\/09\/FOTO-2-1024x768.jpg\" alt=\"\" class=\"wp-image-7723\" srcset=\"https:\/\/radiosul.net\/wp\/wp-content\/uploads\/2019\/09\/FOTO-2-1024x768.jpg 1024w, https:\/\/radiosul.net\/wp\/wp-content\/uploads\/2019\/09\/FOTO-2-300x225.jpg 300w, https:\/\/radiosul.net\/wp\/wp-content\/uploads\/2019\/09\/FOTO-2-768x576.jpg 768w\" sizes=\"auto, (max-width: 1024px) 100vw, 1024px\" \/><figcaption> Divulga\u00e7\u00e3o\/Wolf Gen\u00e9tica <\/figcaption><\/figure>\n\n\n\n<p class=\"wp-block-paragraph\"><strong><em>Fonte: Ag\u00eancia Megafone\u00a0\u2013 Assessoria de Comunica\u00e7\u00e3o da Est\u00e2ncia Carc\u00e1vio <\/em><\/strong><\/p>\n","protected":false},"excerpt":{"rendered":"<p>Grande remate da Est\u00e2ncia Carc\u00e1vio, Wolf Gen\u00e9tica e Est\u00e2ncia S\u00e3o Bento trar\u00e1 oferta de 50 touros para a Regi\u00e3o Central Santiago ir\u00e1 receber o remate com uma das mais importantes ofertas das ra\u00e7as Hereford e Braford da Regi\u00e3o Central do Rio Grande do Sul. Em outubro, ocorre o leil\u00e3o das propriedades da Sant\u2019Ana do Livramento &hellip;<\/p>\n","protected":false},"author":9,"featured_media":7724,"comment_status":"closed","ping_status":"closed","sticky":false,"template":"","format":"standard","meta":{"_monsterinsights_skip_tracking":false,"_uf_show_specific_survey":0,"_uf_disable_surveys":false,"footnotes":""},"categories":[1],"tags":[],"class_list":["post-7721","post","type-post","status-publish","format-standard","has-post-thumbnail","hentry","category-agro"],"aioseo_notices":[],"aioseo_head":"\n\t\t<!-- All in One SEO 5.0.1.1 - aioseo.com -->\n\t<meta name=\"description\" content=\"Grande remate da Est\u00e2ncia Carc\u00e1vio, Wolf Gen\u00e9tica e Est\u00e2ncia S\u00e3o Bento trar\u00e1 oferta de 50 touros para a Regi\u00e3o Central Santiago ir\u00e1 receber o remate com uma das mais importantes ofertas das ra\u00e7as Hereford e Braford da Regi\u00e3o Central do Rio Grande do Sul. Em outubro, ocorre o leil\u00e3o das propriedades da Sant\u2019Ana do Livramento\" \/>\n\t<meta name=\"robots\" content=\"max-image-preview:large\" \/>\n\t<meta name=\"author\" content=\"Alejo Bordon\"\/>\n\t<link rel=\"canonical\" href=\"https:\/\/radiosul.net\/wp\/2019\/o-melhor-da-genetica-hereford-e-braford-em-santiago\/\" \/>\n\t<meta name=\"generator\" content=\"All in One SEO (AIOSEO) 5.0.1.1\" \/>\n\t\t<meta property=\"og:locale\" content=\"pt_BR\" \/>\n\t\t<meta property=\"og:site_name\" content=\"radiosul.net - Regional por Excel\u00eancia\" \/>\n\t\t<meta property=\"og:type\" content=\"article\" \/>\n\t\t<meta property=\"og:title\" content=\"O melhor da gen\u00e9tica Hereford e Braford em Santiago - radiosul.net\" \/>\n\t\t<meta property=\"og:description\" content=\"Grande remate da Est\u00e2ncia Carc\u00e1vio, Wolf Gen\u00e9tica e Est\u00e2ncia S\u00e3o Bento trar\u00e1 oferta de 50 touros para a Regi\u00e3o Central Santiago ir\u00e1 receber o remate com uma das mais importantes ofertas das ra\u00e7as Hereford e Braford da Regi\u00e3o Central do Rio Grande do Sul. Em outubro, ocorre o leil\u00e3o das propriedades da Sant\u2019Ana do Livramento\" \/>\n\t\t<meta property=\"og:url\" content=\"https:\/\/radiosul.net\/wp\/2019\/o-melhor-da-genetica-hereford-e-braford-em-santiago\/\" \/>\n\t\t<meta property=\"article:published_time\" content=\"2019-09-27T12:44:24+00:00\" \/>\n\t\t<meta property=\"article:modified_time\" content=\"2019-09-27T12:44:26+00:00\" \/>\n\t\t<meta name=\"twitter:card\" content=\"summary_large_image\" \/>\n\t\t<meta name=\"twitter:title\" content=\"O melhor da gen\u00e9tica Hereford e Braford em Santiago - radiosul.net\" \/>\n\t\t<meta name=\"twitter:description\" content=\"Grande remate da Est\u00e2ncia Carc\u00e1vio, Wolf Gen\u00e9tica e Est\u00e2ncia S\u00e3o Bento trar\u00e1 oferta de 50 touros para a Regi\u00e3o Central Santiago ir\u00e1 receber o remate com uma das mais importantes ofertas das ra\u00e7as Hereford e Braford da Regi\u00e3o Central do Rio Grande do Sul. Em outubro, ocorre o leil\u00e3o das propriedades da Sant\u2019Ana do Livramento\" \/>\n\t\t<script type=\"application\/ld+json\" class=\"aioseo-schema\">\n\t\t\t{\"@context\":\"https:\\\/\\\/schema.org\",\"@graph\":[{\"@type\":\"BlogPosting\",\"@id\":\"https:\\\/\\\/radiosul.net\\\/wp\\\/2019\\\/o-melhor-da-genetica-hereford-e-braford-em-santiago\\\/#blogposting\",\"name\":\"O melhor da gen\\u00e9tica Hereford e Braford em Santiago - radiosul.net\",\"headline\":\"O melhor da gen\\u00e9tica Hereford e Braford em Santiago\",\"author\":{\"@id\":\"https:\\\/\\\/radiosul.net\\\/wp\\\/author\\\/alejo\\\/#author\"},\"publisher\":{\"@id\":\"https:\\\/\\\/radiosul.net\\\/wp\\\/#organization\"},\"image\":{\"@type\":\"ImageObject\",\"url\":\"https:\\\/\\\/radiosul.net\\\/wp\\\/wp-content\\\/uploads\\\/2019\\\/09\\\/IDENTIDADE-Remate-Santiago-2019.jpg\",\"width\":2482,\"height\":2482},\"datePublished\":\"2019-09-27T09:44:24-03:00\",\"dateModified\":\"2019-09-27T09:44:26-03:00\",\"inLanguage\":\"pt-BR\",\"mainEntityOfPage\":{\"@id\":\"https:\\\/\\\/radiosul.net\\\/wp\\\/2019\\\/o-melhor-da-genetica-hereford-e-braford-em-santiago\\\/#webpage\"},\"isPartOf\":{\"@id\":\"https:\\\/\\\/radiosul.net\\\/wp\\\/2019\\\/o-melhor-da-genetica-hereford-e-braford-em-santiago\\\/#webpage\"},\"articleSection\":\"Agroneg\\u00f3cio\"},{\"@type\":\"BreadcrumbList\",\"@id\":\"https:\\\/\\\/radiosul.net\\\/wp\\\/2019\\\/o-melhor-da-genetica-hereford-e-braford-em-santiago\\\/#breadcrumblist\",\"itemListElement\":[{\"@type\":\"ListItem\",\"@id\":\"https:\\\/\\\/radiosul.net\\\/wp#listItem\",\"position\":1,\"name\":\"Home\",\"item\":\"https:\\\/\\\/radiosul.net\\\/wp\",\"nextItem\":{\"@type\":\"ListItem\",\"@id\":\"https:\\\/\\\/radiosul.net\\\/wp\\\/category\\\/agro\\\/#listItem\",\"name\":\"Agroneg\\u00f3cio\"}},{\"@type\":\"ListItem\",\"@id\":\"https:\\\/\\\/radiosul.net\\\/wp\\\/category\\\/agro\\\/#listItem\",\"position\":2,\"name\":\"Agroneg\\u00f3cio\",\"item\":\"https:\\\/\\\/radiosul.net\\\/wp\\\/category\\\/agro\\\/\",\"nextItem\":{\"@type\":\"ListItem\",\"@id\":\"https:\\\/\\\/radiosul.net\\\/wp\\\/2019\\\/o-melhor-da-genetica-hereford-e-braford-em-santiago\\\/#listItem\",\"name\":\"O melhor da gen\\u00e9tica Hereford e Braford em Santiago\"},\"previousItem\":{\"@type\":\"ListItem\",\"@id\":\"https:\\\/\\\/radiosul.net\\\/wp#listItem\",\"name\":\"Home\"}},{\"@type\":\"ListItem\",\"@id\":\"https:\\\/\\\/radiosul.net\\\/wp\\\/2019\\\/o-melhor-da-genetica-hereford-e-braford-em-santiago\\\/#listItem\",\"position\":3,\"name\":\"O melhor da gen\\u00e9tica Hereford e Braford em Santiago\",\"previousItem\":{\"@type\":\"ListItem\",\"@id\":\"https:\\\/\\\/radiosul.net\\\/wp\\\/category\\\/agro\\\/#listItem\",\"name\":\"Agroneg\\u00f3cio\"}}]},{\"@type\":\"Organization\",\"@id\":\"https:\\\/\\\/radiosul.net\\\/wp\\\/#organization\",\"name\":\"radiosul.net\",\"description\":\"Regional por Excel\\u00eancia\",\"url\":\"https:\\\/\\\/radiosul.net\\\/wp\\\/\"},{\"@type\":\"Person\",\"@id\":\"https:\\\/\\\/radiosul.net\\\/wp\\\/author\\\/alejo\\\/#author\",\"url\":\"https:\\\/\\\/radiosul.net\\\/wp\\\/author\\\/alejo\\\/\",\"name\":\"Alejo Bordon\",\"image\":{\"@type\":\"ImageObject\",\"@id\":\"https:\\\/\\\/radiosul.net\\\/wp\\\/2019\\\/o-melhor-da-genetica-hereford-e-braford-em-santiago\\\/#authorImage\",\"url\":\"https:\\\/\\\/secure.gravatar.com\\\/avatar\\\/b3a7e7f1c71212e6a5b7183b79a2ab58dad8bdc4cd4eadd61c4434d010d0bae4?s=96&d=mm&r=g\",\"width\":96,\"height\":96,\"caption\":\"Alejo Bordon\"}},{\"@type\":\"WebPage\",\"@id\":\"https:\\\/\\\/radiosul.net\\\/wp\\\/2019\\\/o-melhor-da-genetica-hereford-e-braford-em-santiago\\\/#webpage\",\"url\":\"https:\\\/\\\/radiosul.net\\\/wp\\\/2019\\\/o-melhor-da-genetica-hereford-e-braford-em-santiago\\\/\",\"name\":\"O melhor da gen\\u00e9tica Hereford e Braford em Santiago - radiosul.net\",\"description\":\"Grande remate da Est\\u00e2ncia Carc\\u00e1vio, Wolf Gen\\u00e9tica e Est\\u00e2ncia S\\u00e3o Bento trar\\u00e1 oferta de 50 touros para a Regi\\u00e3o Central Santiago ir\\u00e1 receber o remate com uma das mais importantes ofertas das ra\\u00e7as Hereford e Braford da Regi\\u00e3o Central do Rio Grande do Sul. Em outubro, ocorre o leil\\u00e3o das propriedades da Sant\\u2019Ana do Livramento\",\"inLanguage\":\"pt-BR\",\"isPartOf\":{\"@id\":\"https:\\\/\\\/radiosul.net\\\/wp\\\/#website\"},\"breadcrumb\":{\"@id\":\"https:\\\/\\\/radiosul.net\\\/wp\\\/2019\\\/o-melhor-da-genetica-hereford-e-braford-em-santiago\\\/#breadcrumblist\"},\"author\":{\"@id\":\"https:\\\/\\\/radiosul.net\\\/wp\\\/author\\\/alejo\\\/#author\"},\"creator\":{\"@id\":\"https:\\\/\\\/radiosul.net\\\/wp\\\/author\\\/alejo\\\/#author\"},\"image\":{\"@type\":\"ImageObject\",\"url\":\"https:\\\/\\\/radiosul.net\\\/wp\\\/wp-content\\\/uploads\\\/2019\\\/09\\\/IDENTIDADE-Remate-Santiago-2019.jpg\",\"@id\":\"https:\\\/\\\/radiosul.net\\\/wp\\\/2019\\\/o-melhor-da-genetica-hereford-e-braford-em-santiago\\\/#mainImage\",\"width\":2482,\"height\":2482},\"primaryImageOfPage\":{\"@id\":\"https:\\\/\\\/radiosul.net\\\/wp\\\/2019\\\/o-melhor-da-genetica-hereford-e-braford-em-santiago\\\/#mainImage\"},\"datePublished\":\"2019-09-27T09:44:24-03:00\",\"dateModified\":\"2019-09-27T09:44:26-03:00\"},{\"@type\":\"WebSite\",\"@id\":\"https:\\\/\\\/radiosul.net\\\/wp\\\/#website\",\"url\":\"https:\\\/\\\/radiosul.net\\\/wp\\\/\",\"name\":\"radiosul.net\",\"description\":\"Regional por Excel\\u00eancia\",\"inLanguage\":\"pt-BR\",\"publisher\":{\"@id\":\"https:\\\/\\\/radiosul.net\\\/wp\\\/#organization\"}}]}\n\t\t<\/script>\n\t\t<!-- All in One SEO -->\n\n","aioseo_head_json":{"title":"O melhor da gen\u00e9tica Hereford e Braford em Santiago - radiosul.net","description":"Grande remate da Est\u00e2ncia Carc\u00e1vio, Wolf Gen\u00e9tica e Est\u00e2ncia S\u00e3o Bento trar\u00e1 oferta de 50 touros para a Regi\u00e3o Central Santiago ir\u00e1 receber o remate com uma das mais importantes ofertas das ra\u00e7as Hereford e Braford da Regi\u00e3o Central do Rio Grande do Sul. Em outubro, ocorre o leil\u00e3o das propriedades da Sant\u2019Ana do Livramento","canonical_url":"https:\/\/radiosul.net\/wp\/2019\/o-melhor-da-genetica-hereford-e-braford-em-santiago\/","robots":"max-image-preview:large","keywords":"","webmasterTools":{"miscellaneous":""},"schema":{"@context":"https:\/\/schema.org","@graph":[{"@type":"BlogPosting","@id":"https:\/\/radiosul.net\/wp\/2019\/o-melhor-da-genetica-hereford-e-braford-em-santiago\/#blogposting","name":"O melhor da gen\u00e9tica Hereford e Braford em Santiago - radiosul.net","headline":"O melhor da gen\u00e9tica Hereford e Braford em Santiago","author":{"@id":"https:\/\/radiosul.net\/wp\/author\/alejo\/#author"},"publisher":{"@id":"https:\/\/radiosul.net\/wp\/#organization"},"image":{"@type":"ImageObject","url":"https:\/\/radiosul.net\/wp\/wp-content\/uploads\/2019\/09\/IDENTIDADE-Remate-Santiago-2019.jpg","width":2482,"height":2482},"datePublished":"2019-09-27T09:44:24-03:00","dateModified":"2019-09-27T09:44:26-03:00","inLanguage":"pt-BR","mainEntityOfPage":{"@id":"https:\/\/radiosul.net\/wp\/2019\/o-melhor-da-genetica-hereford-e-braford-em-santiago\/#webpage"},"isPartOf":{"@id":"https:\/\/radiosul.net\/wp\/2019\/o-melhor-da-genetica-hereford-e-braford-em-santiago\/#webpage"},"articleSection":"Agroneg\u00f3cio"},{"@type":"BreadcrumbList","@id":"https:\/\/radiosul.net\/wp\/2019\/o-melhor-da-genetica-hereford-e-braford-em-santiago\/#breadcrumblist","itemListElement":[{"@type":"ListItem","@id":"https:\/\/radiosul.net\/wp#listItem","position":1,"name":"Home","item":"https:\/\/radiosul.net\/wp","nextItem":{"@type":"ListItem","@id":"https:\/\/radiosul.net\/wp\/category\/agro\/#listItem","name":"Agroneg\u00f3cio"}},{"@type":"ListItem","@id":"https:\/\/radiosul.net\/wp\/category\/agro\/#listItem","position":2,"name":"Agroneg\u00f3cio","item":"https:\/\/radiosul.net\/wp\/category\/agro\/","nextItem":{"@type":"ListItem","@id":"https:\/\/radiosul.net\/wp\/2019\/o-melhor-da-genetica-hereford-e-braford-em-santiago\/#listItem","name":"O melhor da gen\u00e9tica Hereford e Braford em Santiago"},"previousItem":{"@type":"ListItem","@id":"https:\/\/radiosul.net\/wp#listItem","name":"Home"}},{"@type":"ListItem","@id":"https:\/\/radiosul.net\/wp\/2019\/o-melhor-da-genetica-hereford-e-braford-em-santiago\/#listItem","position":3,"name":"O melhor da gen\u00e9tica Hereford e Braford em Santiago","previousItem":{"@type":"ListItem","@id":"https:\/\/radiosul.net\/wp\/category\/agro\/#listItem","name":"Agroneg\u00f3cio"}}]},{"@type":"Organization","@id":"https:\/\/radiosul.net\/wp\/#organization","name":"radiosul.net","description":"Regional por Excel\u00eancia","url":"https:\/\/radiosul.net\/wp\/"},{"@type":"Person","@id":"https:\/\/radiosul.net\/wp\/author\/alejo\/#author","url":"https:\/\/radiosul.net\/wp\/author\/alejo\/","name":"Alejo Bordon","image":{"@type":"ImageObject","@id":"https:\/\/radiosul.net\/wp\/2019\/o-melhor-da-genetica-hereford-e-braford-em-santiago\/#authorImage","url":"https:\/\/secure.gravatar.com\/avatar\/b3a7e7f1c71212e6a5b7183b79a2ab58dad8bdc4cd4eadd61c4434d010d0bae4?s=96&d=mm&r=g","width":96,"height":96,"caption":"Alejo Bordon"}},{"@type":"WebPage","@id":"https:\/\/radiosul.net\/wp\/2019\/o-melhor-da-genetica-hereford-e-braford-em-santiago\/#webpage","url":"https:\/\/radiosul.net\/wp\/2019\/o-melhor-da-genetica-hereford-e-braford-em-santiago\/","name":"O melhor da gen\u00e9tica Hereford e Braford em Santiago - radiosul.net","description":"Grande remate da Est\u00e2ncia Carc\u00e1vio, Wolf Gen\u00e9tica e Est\u00e2ncia S\u00e3o Bento trar\u00e1 oferta de 50 touros para a Regi\u00e3o Central Santiago ir\u00e1 receber o remate com uma das mais importantes ofertas das ra\u00e7as Hereford e Braford da Regi\u00e3o Central do Rio Grande do Sul. Em outubro, ocorre o leil\u00e3o das propriedades da Sant\u2019Ana do Livramento","inLanguage":"pt-BR","isPartOf":{"@id":"https:\/\/radiosul.net\/wp\/#website"},"breadcrumb":{"@id":"https:\/\/radiosul.net\/wp\/2019\/o-melhor-da-genetica-hereford-e-braford-em-santiago\/#breadcrumblist"},"author":{"@id":"https:\/\/radiosul.net\/wp\/author\/alejo\/#author"},"creator":{"@id":"https:\/\/radiosul.net\/wp\/author\/alejo\/#author"},"image":{"@type":"ImageObject","url":"https:\/\/radiosul.net\/wp\/wp-content\/uploads\/2019\/09\/IDENTIDADE-Remate-Santiago-2019.jpg","@id":"https:\/\/radiosul.net\/wp\/2019\/o-melhor-da-genetica-hereford-e-braford-em-santiago\/#mainImage","width":2482,"height":2482},"primaryImageOfPage":{"@id":"https:\/\/radiosul.net\/wp\/2019\/o-melhor-da-genetica-hereford-e-braford-em-santiago\/#mainImage"},"datePublished":"2019-09-27T09:44:24-03:00","dateModified":"2019-09-27T09:44:26-03:00"},{"@type":"WebSite","@id":"https:\/\/radiosul.net\/wp\/#website","url":"https:\/\/radiosul.net\/wp\/","name":"radiosul.net","description":"Regional por Excel\u00eancia","inLanguage":"pt-BR","publisher":{"@id":"https:\/\/radiosul.net\/wp\/#organization"}}]},"og:locale":"pt_BR","og:site_name":"radiosul.net - Regional por Excel\u00eancia","og:type":"article","og:title":"O melhor da gen\u00e9tica Hereford e Braford em Santiago - radiosul.net","og:description":"Grande remate da Est\u00e2ncia Carc\u00e1vio, Wolf Gen\u00e9tica e Est\u00e2ncia S\u00e3o Bento trar\u00e1 oferta de 50 touros para a Regi\u00e3o Central Santiago ir\u00e1 receber o remate com uma das mais importantes ofertas das ra\u00e7as Hereford e Braford da Regi\u00e3o Central do Rio Grande do Sul. Em outubro, ocorre o leil\u00e3o das propriedades da Sant\u2019Ana do Livramento","og:url":"https:\/\/radiosul.net\/wp\/2019\/o-melhor-da-genetica-hereford-e-braford-em-santiago\/","article:published_time":"2019-09-27T12:44:24+00:00","article:modified_time":"2019-09-27T12:44:26+00:00","twitter:card":"summary_large_image","twitter:title":"O melhor da gen\u00e9tica Hereford e Braford em Santiago - radiosul.net","twitter:description":"Grande remate da Est\u00e2ncia Carc\u00e1vio, Wolf Gen\u00e9tica e Est\u00e2ncia S\u00e3o Bento trar\u00e1 oferta de 50 touros para a Regi\u00e3o Central Santiago ir\u00e1 receber o remate com uma das mais importantes ofertas das ra\u00e7as Hereford e Braford da Regi\u00e3o Central do Rio Grande do Sul. Em outubro, ocorre o leil\u00e3o das propriedades da Sant\u2019Ana do Livramento"},"aioseo_meta_data":{"post_id":"7721","title":null,"description":null,"keywords":null,"keyphrases":null,"primary_term":null,"canonical_url":null,"og_title":null,"og_description":null,"og_object_type":"default","og_image_type":"default","og_image_url":null,"og_image_width":null,"og_image_height":null,"og_image_custom_url":null,"og_image_custom_fields":null,"og_video":null,"og_custom_url":null,"og_article_section":null,"og_article_tags":null,"twitter_use_og":false,"twitter_card":"default","twitter_image_type":"default","twitter_image_url":null,"twitter_image_custom_url":null,"twitter_image_custom_fields":null,"twitter_title":null,"twitter_description":null,"schema":{"blockGraphs":[],"customGraphs":[],"default":{"data":{"Article":[],"Course":[],"Dataset":[],"FAQPage":[],"Movie":[],"Person":[],"Product":[],"ProductReview":[],"Car":[],"Recipe":[],"Service":[],"SoftwareApplication":[],"WebPage":[]},"graphName":"","isEnabled":true},"graphs":[]},"schema_type":"default","schema_type_options":null,"pillar_content":false,"robots_default":true,"robots_noindex":false,"robots_noarchive":false,"robots_nosnippet":false,"robots_nofollow":false,"robots_noimageindex":false,"robots_noodp":false,"robots_notranslate":false,"robots_max_snippet":null,"robots_max_videopreview":null,"robots_max_imagepreview":"large","priority":null,"frequency":null,"local_seo":null,"breadcrumb_settings":null,"limit_modified_date":false,"ai":null,"created":"2026-01-08 17:15:13","updated":"2026-01-08 17:15:13","seo_analyzer_scan_date":null,"focus_keyword":null,"additional_keywords":null,"truseo_locale":null},"aioseo_breadcrumb":"<div class=\"aioseo-breadcrumbs\"><span class=\"aioseo-breadcrumb\">\n\t\t\t<a href=\"https:\/\/radiosul.net\/wp\" title=\"Home\">Home<\/a>\n\t\t<\/span><span class=\"aioseo-breadcrumb-separator\">&raquo;<\/span><span class=\"aioseo-breadcrumb\">\n\t\t\t<a href=\"https:\/\/radiosul.net\/wp\/category\/agro\/\" title=\"Agroneg\u00f3cio\">Agroneg\u00f3cio<\/a>\n\t\t<\/span><span class=\"aioseo-breadcrumb-separator\">&raquo;<\/span><span class=\"aioseo-breadcrumb\">\n\t\t\tO melhor da gen\u00e9tica Hereford e Braford em Santiago\n\t\t<\/span><\/div>","aioseo_breadcrumb_json":[{"label":"Home","link":"https:\/\/radiosul.net\/wp"},{"label":"Agroneg\u00f3cio","link":"https:\/\/radiosul.net\/wp\/category\/agro\/"},{"label":"O melhor da gen\u00e9tica Hereford e Braford em Santiago","link":"https:\/\/radiosul.net\/wp\/2019\/o-melhor-da-genetica-hereford-e-braford-em-santiago\/"}],"_links":{"self":[{"href":"https:\/\/radiosul.net\/wp\/wp-json\/wp\/v2\/posts\/7721","targetHints":{"allow":["GET"]}}],"collection":[{"href":"https:\/\/radiosul.net\/wp\/wp-json\/wp\/v2\/posts"}],"about":[{"href":"https:\/\/radiosul.net\/wp\/wp-json\/wp\/v2\/types\/post"}],"author":[{"embeddable":true,"href":"https:\/\/radiosul.net\/wp\/wp-json\/wp\/v2\/users\/9"}],"replies":[{"embeddable":true,"href":"https:\/\/radiosul.net\/wp\/wp-json\/wp\/v2\/comments?post=7721"}],"version-history":[{"count":1,"href":"https:\/\/radiosul.net\/wp\/wp-json\/wp\/v2\/posts\/7721\/revisions"}],"predecessor-version":[{"id":7725,"href":"https:\/\/radiosul.net\/wp\/wp-json\/wp\/v2\/posts\/7721\/revisions\/7725"}],"wp:featuredmedia":[{"embeddable":true,"href":"https:\/\/radiosul.net\/wp\/wp-json\/wp\/v2\/media\/7724"}],"wp:attachment":[{"href":"https:\/\/radiosul.net\/wp\/wp-json\/wp\/v2\/media?parent=7721"}],"wp:term":[{"taxonomy":"category","embeddable":true,"href":"https:\/\/radiosul.net\/wp\/wp-json\/wp\/v2\/categories?post=7721"},{"taxonomy":"post_tag","embeddable":true,"href":"https:\/\/radiosul.net\/wp\/wp-json\/wp\/v2\/tags?post=7721"}],"curies":[{"name":"wp","href":"https:\/\/api.w.org\/{rel}","templated":true}]}}