{"id":7637,"date":"2019-09-24T08:45:04","date_gmt":"2019-09-24T11:45:04","guid":{"rendered":"http:\/\/radiosul.net\/wp\/?p=7637"},"modified":"2019-09-24T08:45:06","modified_gmt":"2019-09-24T11:45:06","slug":"com-genericos-e-produtos-mais-modernos-governo-federal-liberou-novos-defensivos-agricolas","status":"publish","type":"post","link":"https:\/\/radiosul.net\/wp\/2019\/com-genericos-e-produtos-mais-modernos-governo-federal-liberou-novos-defensivos-agricolas\/","title":{"rendered":"Com gen\u00e9ricos e produtos mais modernos governo Federal liberou novos defensivos agr\u00edcolas"},"content":{"rendered":"\n<p class=\"wp-block-paragraph\">O Di\u00e1rio Oficial da Uni\u00e3o <a href=\"http:\/\/www.in.gov.br\/en\/web\/dou\/-\/ato-n-62-de-13-de-setembro-de-2019-216556339\">publicou ato n\u00ba&nbsp;62<\/a>,\n do Departamento de Sanidade Vegetal e Insumos Agr\u00edcolas da Secretaria \nde Defesa Agropecu\u00e1ria, com o registro de 63 defensivos agr\u00edcolas. Desse\n total, 56 s\u00e3o produtos gen\u00e9ricos, ou seja, com base em ingredientes \nativos que j\u00e1 estavam presentes em outros produtos existentes no \nmercado.<\/p>\n\n\n\n<p class=\"wp-block-paragraph\">Outros sete registros s\u00e3o de defensivos novos. Entre eles est\u00e3o o \nproduto t\u00e9cnico (para uso industrial) e o produto formulado (pronto para\n uso na lavoura) \u00e0 base do&nbsp;<a href=\"http:\/\/www.agricultura.gov.br\/fungicida-mais-eficiente-e-menos-toxico-tera-registro-liberado\">ingrediente ativo Fluopriram<\/a>,\n que&nbsp;poder\u00e1 ser usado para combater nematoides nas culturas de batata, \ncaf\u00e9, cana, milho e soja e fungos nas culturas de algod\u00e3o, feij\u00e3o, e \nsoja.&nbsp;O produto \u00e9 uma mol\u00e9cula com atividades fungicida e nematicida \naltamente eficaz e estava h\u00e1 10 anos na fila esperando a an\u00e1lise do \npleito de registro.<\/p>\n\n\n\n<p class=\"wp-block-paragraph\">\u201c\u00c9 uma nova op\u00e7\u00e3o para o controle de nematoides, que s\u00e3o pragas \nmuitas vezes invis\u00edveis, mas que podem causar grandes danos \u00e0 \nagricultura, al\u00e9m de ser um produto menos t\u00f3xico do que os j\u00e1 existentes\n no mercado\u201d, explica o coordenador de Agrot\u00f3xicos e Afins do Minist\u00e9rio\n da Agricultura, Carlos Ven\u00e2ncio.<\/p>\n\n\n\n<p class=\"wp-block-paragraph\">O objetivo da aprova\u00e7\u00e3o de produtos gen\u00e9ricos \u00e9 aumentar a \nconcorr\u00eancia no mercado e diminuir o pre\u00e7o dos defensivos, o que faz \ncair o custo de produ\u00e7\u00e3o.&nbsp;Do total de produtos registrados em 2019, 310 \ns\u00e3o produtos gen\u00e9ricos e 15 s\u00e3o \u00e0 base de ingredientes ativos novos.<\/p>\n\n\n\n<p class=\"wp-block-paragraph\">Os gen\u00e9ricos constituem importante pol\u00edtica para a quebra dos \nmonop\u00f3lios e oligop\u00f3lios no mercado de determinados ingredientes ativos.\n Uma din\u00e2mica que beneficia a livre concorr\u00eancia e a competitividade da \nagricultura nacional.<\/p>\n\n\n\n<p class=\"wp-block-paragraph\">Com a publica\u00e7\u00e3o, chega a 325 o n\u00famero de registros liberados em 2019.<\/p>\n\n\n\n<p class=\"wp-block-paragraph\">Tanto no Minist\u00e9rio da Agricultura, como no Ibama, e na Anvisa, os \nsetores respons\u00e1veis pela an\u00e1lise de registros de defensivos foram \nreorganizados e tiveram servidores realocados, o&nbsp;que ocasionou um \naumento de produtividade e o registro de produtos menos t\u00f3xicos.<\/p>\n\n\n\n<p class=\"wp-block-paragraph\">Do total de produtos registrados em 2019, 185 s\u00e3o produtos t\u00e9cnicos, \nou seja, destinados exclusivamente para o uso industrial. Outros 140 s\u00e3o\n produtos formulados, ou seja, aqueles que j\u00e1 est\u00e3o prontos para serem \nadquiridos pelos produtores rurais mediante a recomenda\u00e7\u00e3o de um \nengenheiro agr\u00f4nomo. Destes, 14 s\u00e3o produtos biol\u00f3gicos e\/ou org\u00e2nicos.<\/p>\n\n\n\n<p class=\"wp-block-paragraph\">Outro registro novo \u00e9 o de um clone do herbicida \nflorpirauxifen-benzil,&nbsp;que pode ser utilizado para o controle de plantas\n daninhas na cultura do arroz. O ingrediente ativo ganhou o pr\u00eamio de \nqu\u00edmica verde em 2018.&nbsp;\u00c9 uma nova alternativa altamente eficiente para \nplantas daninhas de dif\u00edcil controle e de menor toxicidade do que os \ndispon\u00edveis hoje no mercado.<\/p>\n\n\n\n<p class=\"wp-block-paragraph\">Tamb\u00e9m foi registrado o produto t\u00e9cnico (para uso industrial) \u00e0 base \ndo ingrediente ativo Dinotefuram, que futuramente poder\u00e1 ser usado nas \nlavouras para combate a insetos sugadores como percevejos e mosca \nbranca. Os produtos formulados a base deste ingrediente ativo ter\u00e3o \nrestri\u00e7\u00f5es quanto a dose m\u00e1xima permitida e proibi\u00e7\u00e3o de uso no per\u00edodo \nde flora\u00e7\u00e3o dos cultivos.<\/p>\n\n\n\n<p class=\"wp-block-paragraph\"><strong><em>Fonte: Coordena\u00e7\u00e3o-Geral de Comunica\u00e7\u00e3o Social do Mapa<\/em><\/strong><\/p>\n","protected":false},"excerpt":{"rendered":"<p>O Di\u00e1rio Oficial da Uni\u00e3o publicou ato n\u00ba&nbsp;62, do Departamento de Sanidade Vegetal e Insumos Agr\u00edcolas da Secretaria de Defesa Agropecu\u00e1ria, com o registro de 63 defensivos agr\u00edcolas. Desse total, 56 s\u00e3o produtos gen\u00e9ricos, ou seja, com base em ingredientes ativos que j\u00e1 estavam presentes em outros produtos existentes no mercado. Outros sete registros s\u00e3o &hellip;<\/p>\n","protected":false},"author":9,"featured_media":7638,"comment_status":"closed","ping_status":"closed","sticky":false,"template":"","format":"standard","meta":{"_monsterinsights_skip_tracking":false,"_uf_show_specific_survey":0,"_uf_disable_surveys":false,"footnotes":""},"categories":[1,126],"tags":[],"class_list":["post-7637","post","type-post","status-publish","format-standard","has-post-thumbnail","hentry","category-agro","category-destacados"],"aioseo_notices":[],"aioseo_head":"\n\t\t<!-- All in One SEO 5.0.1.1 - aioseo.com -->\n\t<meta name=\"description\" content=\"O Di\u00e1rio Oficial da Uni\u00e3o publicou ato n\u00ba 62, do Departamento de Sanidade Vegetal e Insumos Agr\u00edcolas da Secretaria de Defesa Agropecu\u00e1ria, com o registro de 63 defensivos agr\u00edcolas. Desse total, 56 s\u00e3o produtos gen\u00e9ricos, ou seja, com base em ingredientes ativos que j\u00e1 estavam presentes em outros produtos existentes no mercado. Outros sete registros s\u00e3o\" \/>\n\t<meta name=\"robots\" content=\"max-image-preview:large\" \/>\n\t<meta name=\"author\" content=\"Alejo Bordon\"\/>\n\t<link rel=\"canonical\" href=\"https:\/\/radiosul.net\/wp\/2019\/com-genericos-e-produtos-mais-modernos-governo-federal-liberou-novos-defensivos-agricolas\/\" \/>\n\t<meta name=\"generator\" content=\"All in One SEO (AIOSEO) 5.0.1.1\" \/>\n\t\t<meta property=\"og:locale\" content=\"pt_BR\" \/>\n\t\t<meta property=\"og:site_name\" content=\"radiosul.net - Regional por Excel\u00eancia\" \/>\n\t\t<meta property=\"og:type\" content=\"article\" \/>\n\t\t<meta property=\"og:title\" content=\"Com gen\u00e9ricos e produtos mais modernos governo Federal liberou novos defensivos agr\u00edcolas - radiosul.net\" \/>\n\t\t<meta property=\"og:description\" content=\"O Di\u00e1rio Oficial da Uni\u00e3o publicou ato n\u00ba 62, do Departamento de Sanidade Vegetal e Insumos Agr\u00edcolas da Secretaria de Defesa Agropecu\u00e1ria, com o registro de 63 defensivos agr\u00edcolas. Desse total, 56 s\u00e3o produtos gen\u00e9ricos, ou seja, com base em ingredientes ativos que j\u00e1 estavam presentes em outros produtos existentes no mercado. Outros sete registros s\u00e3o\" \/>\n\t\t<meta property=\"og:url\" content=\"https:\/\/radiosul.net\/wp\/2019\/com-genericos-e-produtos-mais-modernos-governo-federal-liberou-novos-defensivos-agricolas\/\" \/>\n\t\t<meta property=\"article:published_time\" content=\"2019-09-24T11:45:04+00:00\" \/>\n\t\t<meta property=\"article:modified_time\" content=\"2019-09-24T11:45:06+00:00\" \/>\n\t\t<meta name=\"twitter:card\" content=\"summary_large_image\" \/>\n\t\t<meta name=\"twitter:title\" content=\"Com gen\u00e9ricos e produtos mais modernos governo Federal liberou novos defensivos agr\u00edcolas - radiosul.net\" \/>\n\t\t<meta name=\"twitter:description\" content=\"O Di\u00e1rio Oficial da Uni\u00e3o publicou ato n\u00ba 62, do Departamento de Sanidade Vegetal e Insumos Agr\u00edcolas da Secretaria de Defesa Agropecu\u00e1ria, com o registro de 63 defensivos agr\u00edcolas. Desse total, 56 s\u00e3o produtos gen\u00e9ricos, ou seja, com base em ingredientes ativos que j\u00e1 estavam presentes em outros produtos existentes no mercado. Outros sete registros s\u00e3o\" \/>\n\t\t<script type=\"application\/ld+json\" class=\"aioseo-schema\">\n\t\t\t{\"@context\":\"https:\\\/\\\/schema.org\",\"@graph\":[{\"@type\":\"BlogPosting\",\"@id\":\"https:\\\/\\\/radiosul.net\\\/wp\\\/2019\\\/com-genericos-e-produtos-mais-modernos-governo-federal-liberou-novos-defensivos-agricolas\\\/#blogposting\",\"name\":\"Com gen\\u00e9ricos e produtos mais modernos governo Federal liberou novos defensivos agr\\u00edcolas - radiosul.net\",\"headline\":\"Com gen\\u00e9ricos e produtos mais modernos governo Federal liberou novos defensivos agr\\u00edcolas\",\"author\":{\"@id\":\"https:\\\/\\\/radiosul.net\\\/wp\\\/author\\\/alejo\\\/#author\"},\"publisher\":{\"@id\":\"https:\\\/\\\/radiosul.net\\\/wp\\\/#organization\"},\"image\":{\"@type\":\"ImageObject\",\"url\":\"https:\\\/\\\/radiosul.net\\\/wp\\\/wp-content\\\/uploads\\\/2019\\\/09\\\/lavoura.jpeg\",\"width\":800,\"height\":500},\"datePublished\":\"2019-09-24T08:45:04-03:00\",\"dateModified\":\"2019-09-24T08:45:06-03:00\",\"inLanguage\":\"pt-BR\",\"mainEntityOfPage\":{\"@id\":\"https:\\\/\\\/radiosul.net\\\/wp\\\/2019\\\/com-genericos-e-produtos-mais-modernos-governo-federal-liberou-novos-defensivos-agricolas\\\/#webpage\"},\"isPartOf\":{\"@id\":\"https:\\\/\\\/radiosul.net\\\/wp\\\/2019\\\/com-genericos-e-produtos-mais-modernos-governo-federal-liberou-novos-defensivos-agricolas\\\/#webpage\"},\"articleSection\":\"Agroneg\\u00f3cio, Destaque\"},{\"@type\":\"BreadcrumbList\",\"@id\":\"https:\\\/\\\/radiosul.net\\\/wp\\\/2019\\\/com-genericos-e-produtos-mais-modernos-governo-federal-liberou-novos-defensivos-agricolas\\\/#breadcrumblist\",\"itemListElement\":[{\"@type\":\"ListItem\",\"@id\":\"https:\\\/\\\/radiosul.net\\\/wp#listItem\",\"position\":1,\"name\":\"Home\",\"item\":\"https:\\\/\\\/radiosul.net\\\/wp\",\"nextItem\":{\"@type\":\"ListItem\",\"@id\":\"https:\\\/\\\/radiosul.net\\\/wp\\\/category\\\/agro\\\/#listItem\",\"name\":\"Agroneg\\u00f3cio\"}},{\"@type\":\"ListItem\",\"@id\":\"https:\\\/\\\/radiosul.net\\\/wp\\\/category\\\/agro\\\/#listItem\",\"position\":2,\"name\":\"Agroneg\\u00f3cio\",\"item\":\"https:\\\/\\\/radiosul.net\\\/wp\\\/category\\\/agro\\\/\",\"nextItem\":{\"@type\":\"ListItem\",\"@id\":\"https:\\\/\\\/radiosul.net\\\/wp\\\/2019\\\/com-genericos-e-produtos-mais-modernos-governo-federal-liberou-novos-defensivos-agricolas\\\/#listItem\",\"name\":\"Com gen\\u00e9ricos e produtos mais modernos governo Federal liberou novos defensivos agr\\u00edcolas\"},\"previousItem\":{\"@type\":\"ListItem\",\"@id\":\"https:\\\/\\\/radiosul.net\\\/wp#listItem\",\"name\":\"Home\"}},{\"@type\":\"ListItem\",\"@id\":\"https:\\\/\\\/radiosul.net\\\/wp\\\/2019\\\/com-genericos-e-produtos-mais-modernos-governo-federal-liberou-novos-defensivos-agricolas\\\/#listItem\",\"position\":3,\"name\":\"Com gen\\u00e9ricos e produtos mais modernos governo Federal liberou novos defensivos agr\\u00edcolas\",\"previousItem\":{\"@type\":\"ListItem\",\"@id\":\"https:\\\/\\\/radiosul.net\\\/wp\\\/category\\\/agro\\\/#listItem\",\"name\":\"Agroneg\\u00f3cio\"}}]},{\"@type\":\"Organization\",\"@id\":\"https:\\\/\\\/radiosul.net\\\/wp\\\/#organization\",\"name\":\"radiosul.net\",\"description\":\"Regional por Excel\\u00eancia\",\"url\":\"https:\\\/\\\/radiosul.net\\\/wp\\\/\"},{\"@type\":\"Person\",\"@id\":\"https:\\\/\\\/radiosul.net\\\/wp\\\/author\\\/alejo\\\/#author\",\"url\":\"https:\\\/\\\/radiosul.net\\\/wp\\\/author\\\/alejo\\\/\",\"name\":\"Alejo Bordon\",\"image\":{\"@type\":\"ImageObject\",\"@id\":\"https:\\\/\\\/radiosul.net\\\/wp\\\/2019\\\/com-genericos-e-produtos-mais-modernos-governo-federal-liberou-novos-defensivos-agricolas\\\/#authorImage\",\"url\":\"https:\\\/\\\/secure.gravatar.com\\\/avatar\\\/b3a7e7f1c71212e6a5b7183b79a2ab58dad8bdc4cd4eadd61c4434d010d0bae4?s=96&d=mm&r=g\",\"width\":96,\"height\":96,\"caption\":\"Alejo Bordon\"}},{\"@type\":\"WebPage\",\"@id\":\"https:\\\/\\\/radiosul.net\\\/wp\\\/2019\\\/com-genericos-e-produtos-mais-modernos-governo-federal-liberou-novos-defensivos-agricolas\\\/#webpage\",\"url\":\"https:\\\/\\\/radiosul.net\\\/wp\\\/2019\\\/com-genericos-e-produtos-mais-modernos-governo-federal-liberou-novos-defensivos-agricolas\\\/\",\"name\":\"Com gen\\u00e9ricos e produtos mais modernos governo Federal liberou novos defensivos agr\\u00edcolas - radiosul.net\",\"description\":\"O Di\\u00e1rio Oficial da Uni\\u00e3o publicou ato n\\u00ba 62, do Departamento de Sanidade Vegetal e Insumos Agr\\u00edcolas da Secretaria de Defesa Agropecu\\u00e1ria, com o registro de 63 defensivos agr\\u00edcolas. Desse total, 56 s\\u00e3o produtos gen\\u00e9ricos, ou seja, com base em ingredientes ativos que j\\u00e1 estavam presentes em outros produtos existentes no mercado. Outros sete registros s\\u00e3o\",\"inLanguage\":\"pt-BR\",\"isPartOf\":{\"@id\":\"https:\\\/\\\/radiosul.net\\\/wp\\\/#website\"},\"breadcrumb\":{\"@id\":\"https:\\\/\\\/radiosul.net\\\/wp\\\/2019\\\/com-genericos-e-produtos-mais-modernos-governo-federal-liberou-novos-defensivos-agricolas\\\/#breadcrumblist\"},\"author\":{\"@id\":\"https:\\\/\\\/radiosul.net\\\/wp\\\/author\\\/alejo\\\/#author\"},\"creator\":{\"@id\":\"https:\\\/\\\/radiosul.net\\\/wp\\\/author\\\/alejo\\\/#author\"},\"image\":{\"@type\":\"ImageObject\",\"url\":\"https:\\\/\\\/radiosul.net\\\/wp\\\/wp-content\\\/uploads\\\/2019\\\/09\\\/lavoura.jpeg\",\"@id\":\"https:\\\/\\\/radiosul.net\\\/wp\\\/2019\\\/com-genericos-e-produtos-mais-modernos-governo-federal-liberou-novos-defensivos-agricolas\\\/#mainImage\",\"width\":800,\"height\":500},\"primaryImageOfPage\":{\"@id\":\"https:\\\/\\\/radiosul.net\\\/wp\\\/2019\\\/com-genericos-e-produtos-mais-modernos-governo-federal-liberou-novos-defensivos-agricolas\\\/#mainImage\"},\"datePublished\":\"2019-09-24T08:45:04-03:00\",\"dateModified\":\"2019-09-24T08:45:06-03:00\"},{\"@type\":\"WebSite\",\"@id\":\"https:\\\/\\\/radiosul.net\\\/wp\\\/#website\",\"url\":\"https:\\\/\\\/radiosul.net\\\/wp\\\/\",\"name\":\"radiosul.net\",\"description\":\"Regional por Excel\\u00eancia\",\"inLanguage\":\"pt-BR\",\"publisher\":{\"@id\":\"https:\\\/\\\/radiosul.net\\\/wp\\\/#organization\"}}]}\n\t\t<\/script>\n\t\t<!-- All in One SEO -->\n\n","aioseo_head_json":{"title":"Com gen\u00e9ricos e produtos mais modernos governo Federal liberou novos defensivos agr\u00edcolas - radiosul.net","description":"O Di\u00e1rio Oficial da Uni\u00e3o publicou ato n\u00ba 62, do Departamento de Sanidade Vegetal e Insumos Agr\u00edcolas da Secretaria de Defesa Agropecu\u00e1ria, com o registro de 63 defensivos agr\u00edcolas. Desse total, 56 s\u00e3o produtos gen\u00e9ricos, ou seja, com base em ingredientes ativos que j\u00e1 estavam presentes em outros produtos existentes no mercado. Outros sete registros s\u00e3o","canonical_url":"https:\/\/radiosul.net\/wp\/2019\/com-genericos-e-produtos-mais-modernos-governo-federal-liberou-novos-defensivos-agricolas\/","robots":"max-image-preview:large","keywords":"","webmasterTools":{"miscellaneous":""},"schema":{"@context":"https:\/\/schema.org","@graph":[{"@type":"BlogPosting","@id":"https:\/\/radiosul.net\/wp\/2019\/com-genericos-e-produtos-mais-modernos-governo-federal-liberou-novos-defensivos-agricolas\/#blogposting","name":"Com gen\u00e9ricos e produtos mais modernos governo Federal liberou novos defensivos agr\u00edcolas - radiosul.net","headline":"Com gen\u00e9ricos e produtos mais modernos governo Federal liberou novos defensivos agr\u00edcolas","author":{"@id":"https:\/\/radiosul.net\/wp\/author\/alejo\/#author"},"publisher":{"@id":"https:\/\/radiosul.net\/wp\/#organization"},"image":{"@type":"ImageObject","url":"https:\/\/radiosul.net\/wp\/wp-content\/uploads\/2019\/09\/lavoura.jpeg","width":800,"height":500},"datePublished":"2019-09-24T08:45:04-03:00","dateModified":"2019-09-24T08:45:06-03:00","inLanguage":"pt-BR","mainEntityOfPage":{"@id":"https:\/\/radiosul.net\/wp\/2019\/com-genericos-e-produtos-mais-modernos-governo-federal-liberou-novos-defensivos-agricolas\/#webpage"},"isPartOf":{"@id":"https:\/\/radiosul.net\/wp\/2019\/com-genericos-e-produtos-mais-modernos-governo-federal-liberou-novos-defensivos-agricolas\/#webpage"},"articleSection":"Agroneg\u00f3cio, Destaque"},{"@type":"BreadcrumbList","@id":"https:\/\/radiosul.net\/wp\/2019\/com-genericos-e-produtos-mais-modernos-governo-federal-liberou-novos-defensivos-agricolas\/#breadcrumblist","itemListElement":[{"@type":"ListItem","@id":"https:\/\/radiosul.net\/wp#listItem","position":1,"name":"Home","item":"https:\/\/radiosul.net\/wp","nextItem":{"@type":"ListItem","@id":"https:\/\/radiosul.net\/wp\/category\/agro\/#listItem","name":"Agroneg\u00f3cio"}},{"@type":"ListItem","@id":"https:\/\/radiosul.net\/wp\/category\/agro\/#listItem","position":2,"name":"Agroneg\u00f3cio","item":"https:\/\/radiosul.net\/wp\/category\/agro\/","nextItem":{"@type":"ListItem","@id":"https:\/\/radiosul.net\/wp\/2019\/com-genericos-e-produtos-mais-modernos-governo-federal-liberou-novos-defensivos-agricolas\/#listItem","name":"Com gen\u00e9ricos e produtos mais modernos governo Federal liberou novos defensivos agr\u00edcolas"},"previousItem":{"@type":"ListItem","@id":"https:\/\/radiosul.net\/wp#listItem","name":"Home"}},{"@type":"ListItem","@id":"https:\/\/radiosul.net\/wp\/2019\/com-genericos-e-produtos-mais-modernos-governo-federal-liberou-novos-defensivos-agricolas\/#listItem","position":3,"name":"Com gen\u00e9ricos e produtos mais modernos governo Federal liberou novos defensivos agr\u00edcolas","previousItem":{"@type":"ListItem","@id":"https:\/\/radiosul.net\/wp\/category\/agro\/#listItem","name":"Agroneg\u00f3cio"}}]},{"@type":"Organization","@id":"https:\/\/radiosul.net\/wp\/#organization","name":"radiosul.net","description":"Regional por Excel\u00eancia","url":"https:\/\/radiosul.net\/wp\/"},{"@type":"Person","@id":"https:\/\/radiosul.net\/wp\/author\/alejo\/#author","url":"https:\/\/radiosul.net\/wp\/author\/alejo\/","name":"Alejo Bordon","image":{"@type":"ImageObject","@id":"https:\/\/radiosul.net\/wp\/2019\/com-genericos-e-produtos-mais-modernos-governo-federal-liberou-novos-defensivos-agricolas\/#authorImage","url":"https:\/\/secure.gravatar.com\/avatar\/b3a7e7f1c71212e6a5b7183b79a2ab58dad8bdc4cd4eadd61c4434d010d0bae4?s=96&d=mm&r=g","width":96,"height":96,"caption":"Alejo Bordon"}},{"@type":"WebPage","@id":"https:\/\/radiosul.net\/wp\/2019\/com-genericos-e-produtos-mais-modernos-governo-federal-liberou-novos-defensivos-agricolas\/#webpage","url":"https:\/\/radiosul.net\/wp\/2019\/com-genericos-e-produtos-mais-modernos-governo-federal-liberou-novos-defensivos-agricolas\/","name":"Com gen\u00e9ricos e produtos mais modernos governo Federal liberou novos defensivos agr\u00edcolas - radiosul.net","description":"O Di\u00e1rio Oficial da Uni\u00e3o publicou ato n\u00ba 62, do Departamento de Sanidade Vegetal e Insumos Agr\u00edcolas da Secretaria de Defesa Agropecu\u00e1ria, com o registro de 63 defensivos agr\u00edcolas. Desse total, 56 s\u00e3o produtos gen\u00e9ricos, ou seja, com base em ingredientes ativos que j\u00e1 estavam presentes em outros produtos existentes no mercado. Outros sete registros s\u00e3o","inLanguage":"pt-BR","isPartOf":{"@id":"https:\/\/radiosul.net\/wp\/#website"},"breadcrumb":{"@id":"https:\/\/radiosul.net\/wp\/2019\/com-genericos-e-produtos-mais-modernos-governo-federal-liberou-novos-defensivos-agricolas\/#breadcrumblist"},"author":{"@id":"https:\/\/radiosul.net\/wp\/author\/alejo\/#author"},"creator":{"@id":"https:\/\/radiosul.net\/wp\/author\/alejo\/#author"},"image":{"@type":"ImageObject","url":"https:\/\/radiosul.net\/wp\/wp-content\/uploads\/2019\/09\/lavoura.jpeg","@id":"https:\/\/radiosul.net\/wp\/2019\/com-genericos-e-produtos-mais-modernos-governo-federal-liberou-novos-defensivos-agricolas\/#mainImage","width":800,"height":500},"primaryImageOfPage":{"@id":"https:\/\/radiosul.net\/wp\/2019\/com-genericos-e-produtos-mais-modernos-governo-federal-liberou-novos-defensivos-agricolas\/#mainImage"},"datePublished":"2019-09-24T08:45:04-03:00","dateModified":"2019-09-24T08:45:06-03:00"},{"@type":"WebSite","@id":"https:\/\/radiosul.net\/wp\/#website","url":"https:\/\/radiosul.net\/wp\/","name":"radiosul.net","description":"Regional por Excel\u00eancia","inLanguage":"pt-BR","publisher":{"@id":"https:\/\/radiosul.net\/wp\/#organization"}}]},"og:locale":"pt_BR","og:site_name":"radiosul.net - Regional por Excel\u00eancia","og:type":"article","og:title":"Com gen\u00e9ricos e produtos mais modernos governo Federal liberou novos defensivos agr\u00edcolas - radiosul.net","og:description":"O Di\u00e1rio Oficial da Uni\u00e3o publicou ato n\u00ba 62, do Departamento de Sanidade Vegetal e Insumos Agr\u00edcolas da Secretaria de Defesa Agropecu\u00e1ria, com o registro de 63 defensivos agr\u00edcolas. Desse total, 56 s\u00e3o produtos gen\u00e9ricos, ou seja, com base em ingredientes ativos que j\u00e1 estavam presentes em outros produtos existentes no mercado. Outros sete registros s\u00e3o","og:url":"https:\/\/radiosul.net\/wp\/2019\/com-genericos-e-produtos-mais-modernos-governo-federal-liberou-novos-defensivos-agricolas\/","article:published_time":"2019-09-24T11:45:04+00:00","article:modified_time":"2019-09-24T11:45:06+00:00","twitter:card":"summary_large_image","twitter:title":"Com gen\u00e9ricos e produtos mais modernos governo Federal liberou novos defensivos agr\u00edcolas - radiosul.net","twitter:description":"O Di\u00e1rio Oficial da Uni\u00e3o publicou ato n\u00ba 62, do Departamento de Sanidade Vegetal e Insumos Agr\u00edcolas da Secretaria de Defesa Agropecu\u00e1ria, com o registro de 63 defensivos agr\u00edcolas. Desse total, 56 s\u00e3o produtos gen\u00e9ricos, ou seja, com base em ingredientes ativos que j\u00e1 estavam presentes em outros produtos existentes no mercado. Outros sete registros s\u00e3o"},"aioseo_meta_data":{"post_id":"7637","title":null,"description":null,"keywords":null,"keyphrases":null,"primary_term":null,"canonical_url":null,"og_title":null,"og_description":null,"og_object_type":"default","og_image_type":"default","og_image_url":null,"og_image_width":null,"og_image_height":null,"og_image_custom_url":null,"og_image_custom_fields":null,"og_video":null,"og_custom_url":null,"og_article_section":null,"og_article_tags":null,"twitter_use_og":false,"twitter_card":"default","twitter_image_type":"default","twitter_image_url":null,"twitter_image_custom_url":null,"twitter_image_custom_fields":null,"twitter_title":null,"twitter_description":null,"schema":{"blockGraphs":[],"customGraphs":[],"default":{"data":{"Article":[],"Course":[],"Dataset":[],"FAQPage":[],"Movie":[],"Person":[],"Product":[],"ProductReview":[],"Car":[],"Recipe":[],"Service":[],"SoftwareApplication":[],"WebPage":[]},"graphName":"","isEnabled":true},"graphs":[]},"schema_type":"default","schema_type_options":null,"pillar_content":false,"robots_default":true,"robots_noindex":false,"robots_noarchive":false,"robots_nosnippet":false,"robots_nofollow":false,"robots_noimageindex":false,"robots_noodp":false,"robots_notranslate":false,"robots_max_snippet":null,"robots_max_videopreview":null,"robots_max_imagepreview":"large","priority":null,"frequency":null,"local_seo":null,"breadcrumb_settings":null,"limit_modified_date":false,"ai":null,"created":"2026-01-08 17:12:45","updated":"2026-01-08 17:12:45","seo_analyzer_scan_date":null,"focus_keyword":null,"additional_keywords":null,"truseo_locale":null},"aioseo_breadcrumb":"<div class=\"aioseo-breadcrumbs\"><span class=\"aioseo-breadcrumb\">\n\t\t\t<a href=\"https:\/\/radiosul.net\/wp\" title=\"Home\">Home<\/a>\n\t\t<\/span><span class=\"aioseo-breadcrumb-separator\">&raquo;<\/span><span class=\"aioseo-breadcrumb\">\n\t\t\t<a href=\"https:\/\/radiosul.net\/wp\/category\/agro\/\" title=\"Agroneg\u00f3cio\">Agroneg\u00f3cio<\/a>\n\t\t<\/span><span class=\"aioseo-breadcrumb-separator\">&raquo;<\/span><span class=\"aioseo-breadcrumb\">\n\t\t\tCom gen\u00e9ricos e produtos mais modernos governo Federal liberou novos defensivos agr\u00edcolas\n\t\t<\/span><\/div>","aioseo_breadcrumb_json":[{"label":"Home","link":"https:\/\/radiosul.net\/wp"},{"label":"Agroneg\u00f3cio","link":"https:\/\/radiosul.net\/wp\/category\/agro\/"},{"label":"Com gen\u00e9ricos e produtos mais modernos governo Federal liberou novos defensivos agr\u00edcolas","link":"https:\/\/radiosul.net\/wp\/2019\/com-genericos-e-produtos-mais-modernos-governo-federal-liberou-novos-defensivos-agricolas\/"}],"_links":{"self":[{"href":"https:\/\/radiosul.net\/wp\/wp-json\/wp\/v2\/posts\/7637","targetHints":{"allow":["GET"]}}],"collection":[{"href":"https:\/\/radiosul.net\/wp\/wp-json\/wp\/v2\/posts"}],"about":[{"href":"https:\/\/radiosul.net\/wp\/wp-json\/wp\/v2\/types\/post"}],"author":[{"embeddable":true,"href":"https:\/\/radiosul.net\/wp\/wp-json\/wp\/v2\/users\/9"}],"replies":[{"embeddable":true,"href":"https:\/\/radiosul.net\/wp\/wp-json\/wp\/v2\/comments?post=7637"}],"version-history":[{"count":1,"href":"https:\/\/radiosul.net\/wp\/wp-json\/wp\/v2\/posts\/7637\/revisions"}],"predecessor-version":[{"id":7639,"href":"https:\/\/radiosul.net\/wp\/wp-json\/wp\/v2\/posts\/7637\/revisions\/7639"}],"wp:featuredmedia":[{"embeddable":true,"href":"https:\/\/radiosul.net\/wp\/wp-json\/wp\/v2\/media\/7638"}],"wp:attachment":[{"href":"https:\/\/radiosul.net\/wp\/wp-json\/wp\/v2\/media?parent=7637"}],"wp:term":[{"taxonomy":"category","embeddable":true,"href":"https:\/\/radiosul.net\/wp\/wp-json\/wp\/v2\/categories?post=7637"},{"taxonomy":"post_tag","embeddable":true,"href":"https:\/\/radiosul.net\/wp\/wp-json\/wp\/v2\/tags?post=7637"}],"curies":[{"name":"wp","href":"https:\/\/api.w.org\/{rel}","templated":true}]}}