{"id":34504,"date":"2026-09-02T16:55:00","date_gmt":"2026-09-02T19:55:00","guid":{"rendered":"https:\/\/radiosul.net\/wp\/?p=34504"},"modified":"2026-09-03T04:20:06","modified_gmt":"2026-09-03T07:20:06","slug":"grandes-campeoes-angus-e-ultrablack-da-categoria-bucal-sao-premiados-na-expointer-2026","status":"publish","type":"post","link":"https:\/\/radiosul.net\/wp\/2026\/grandes-campeoes-angus-e-ultrablack-da-categoria-bucal-sao-premiados-na-expointer-2026\/","title":{"rendered":"Grandes campe\u00f5es Angus e Ultrablack da categoria bu\u00e7al s\u00e3o premiados na Expointer 2026"},"content":{"rendered":"\n<p class=\"wp-block-paragraph\"><em>F\u00eameas e machos das duas ra\u00e7as foram julgados em Esteio nesta quarta-feira (2)<\/em><\/p>\n\n\n\n<p class=\"wp-block-paragraph\">No segundo e \u00faltimo dia de julgamentos das ra\u00e7as Angus e Ultrablack na 49\u00aa Expointer, realizado nesta quarta-feira (2), os animais foram premiados na categoria de bu\u00e7al. Os julgamentos foram conduzidos pelo jurado Jack Ward, dos Estados Unidos. No julgamento, promovido pela Associa\u00e7\u00e3o Brasileira de Angus, comemoraram os resultados as cabanhas Sossego, Floripana, Tellechea, Bortolozzo, Taipa de Pedra, S\u00e3o Bibiano, Agroottoni e Reconquista, al\u00e9m das fazendas Santa Eug\u00eania e da Conquista e da Est\u00e2ncia Tr\u00eas Marias.<\/p>\n\n\n\n<p class=\"wp-block-paragraph\"><strong>F\u00eameas<\/strong><\/p>\n\n\n\n<p class=\"wp-block-paragraph\">A Grande Campe\u00e3 de Terneiras Angus foi a terneira maior do Lote 1009 (TAT: TE15Y), da Cabanha Sossego, de Luiz Pedro Duarte Escosteguy, de Santana do Livramento\/RS. A Reservada Campe\u00e3 de Terneiras Angus foi a terneira maior do Lote 1012 (TAT: 735), da Cabanha Floripana, de Stephany Martins Melo dos Santos, de Urupema\/SC. A Terceira Melhor de Terneiras Angus foi a terneira intermedi\u00e1ria do Lote 1000 (TAT: 4623), da Cabanha Tellechea, de S\u00e9rgio Bastos Tellechea, de Uruguaiana\/RS.<\/p>\n\n\n\n<p class=\"wp-block-paragraph\">Na categoria de F\u00eameas Angus, a Grande Campe\u00e3 foi a vaca jovem do Lote 1044 (TAT: IA44), da Cabanha Bortolozzo, de Sandra Perboni e Cabanha Bortolozzo, de Bom Jesus\/RS. A Reservada Campe\u00e3 de F\u00eameas Angus foi a terneira maior do Lote 1009 (TAT: TE15Y), da Cabanha Sossego, de Luiz Pedro Duarte Escosteguy, de Santana do Livramento\/RS. A Terceira Melhor de F\u00eameas Angus foi a terneira maior do Lote 1012 (TAT: 735), da Cabanha Floripana, de Stephany Martins Melo dos Santos, de Urupema\/SC.<\/p>\n\n\n\n<p class=\"wp-block-paragraph\">Na ra\u00e7a Ultrablack, a Grande Campe\u00e3 de F\u00eameas foi a novilha maior do Lote 1796 (TAT: 1180), da Fazenda Santa Eug\u00eania, de Jo\u00e3o Francisco de Silveira Neto, de Jaguari\/RS. A Reservada Campe\u00e3 de F\u00eameas Ultrablack foi a novilha maior do Lote 1800 (TAT: 455), da Fazenda da Conquista, de Ant\u00f4nio Marcos Pagani de Souza e outros, de S\u00e3o Joaquim\/SC. A Terceira Melhor de F\u00eameas Ultrablack foi a terneira maior do Lote 1792 (TAT: 1086), tamb\u00e9m da Fazenda Santa Eug\u00eania.<\/p>\n\n\n\n<p class=\"wp-block-paragraph\"><strong>Machos<\/strong><\/p>\n\n\n\n<p class=\"wp-block-paragraph\">A Grande Campe\u00e3 de Terneiros Angus foi o terneiro intermedi\u00e1rio do Lote 943 (TAT: TE25), da Cabanha Taipa de Pedra, de Henrique Dias da Costa Mar\u00e7olla e outros, de J\u00falio de Castilhos\/RS. O Reservado Campe\u00e3o de Terneiros Angus foi o terneiro maior do Lote 956 (TAT: FIV8975), da Cabanha S\u00e3o Bibiano, da sucess\u00e3o de Ant\u00f4nio Martins Bastos Filho, de Uruguaiana\/RS. O Terceiro Melhor de Terneiros Angus foi o terneiro maior do Lote 949 (TAT: 1077), da Est\u00e2ncia Tr\u00eas Marias, de Francisco Azambuja Amaral, de Santa Vit\u00f3ria do Palmar\/RS.<\/p>\n\n\n\n<p class=\"wp-block-paragraph\">Na categoria de Machos Angus, o Grande Campe\u00e3o foi o touro jovem do Lote 985 (TAT: TE4173), das cabanhas Agroottoni, Reconquista e Solu\u00e7\u00e3o Gen\u00e9tica, de \u00c9lio Ottoni, Reconquista e Solu\u00e7\u00e3o Gen\u00e9tica, de Santo Ant\u00f4nio das Miss\u00f5es\/RS. O Reservado Campe\u00e3o dos Machos Angus foi o touro jovem do Lote 987 (TAT: TE3844), da Fazenda Reconquista, de Jos\u00e9 Paulo Dornelles Cairoli, de Alegrete\/RS. O Terceiro Melhor de Machos Angus foi o touro dois anos do Lote 978 (TAT: FIV4576), de S\u00e9rgio Bastos Tellechea, da Cabanha Tellechea, de Uruguaiana\/RS.<\/p>\n\n\n\n<p class=\"wp-block-paragraph\">Na ra\u00e7a Ultrablack, o Grande Campe\u00e3o de Machos foi o touro dois anos do Lote 1786 (TAT: 450), da Fazenda da Conquista, de Ant\u00f4nio Marcos Pagani de Souza e outros, de S\u00e3o Joaquim\/SC. O Reservado Campe\u00e3o de Machos Ultrablack foi o terneiro maior do Lote 1784 (TAT: 556), tamb\u00e9m da Fazenda da Conquista.<\/p>\n\n\n\n<p class=\"wp-block-paragraph\"><strong>A fala dos vencedores<\/strong><\/p>\n\n\n\n<p class=\"wp-block-paragraph\">Fabio Escosteguy, da Cabanha Sossego:<\/p>\n\n\n\n<p class=\"wp-block-paragraph\">\u201cEstou emocionado at\u00e9 agora. O momento \u00e9 espetacular, e s\u00f3 quem trabalha com pecu\u00e1ria sabe que isso n\u00e3o \u00e9 algo r\u00e1pido. \u00c9 um trabalho de anos, que envolve desde o pessoal da fazenda, enfrentando calor, frio, chuva e barro, at\u00e9 toda a prepara\u00e7\u00e3o e a viagem para c\u00e1. \u00c9 realmente muito importante e estou muito contente pela minha fam\u00edlia que est\u00e1 aqui. Tamb\u00e9m dedico ao meu pai, Luiz Pedro, que est\u00e1 em Livramento e me delegou a fun\u00e7\u00e3o de tomar conta de tudo isso. Estou muito feliz com esse resultado.\u201d<\/p>\n\n\n\n<p class=\"wp-block-paragraph\">Vinicius Bortolozzo, da Cabanha Bortolozzo:<\/p>\n\n\n\n<p class=\"wp-block-paragraph\">\u201cJ\u00e1 hav\u00edamos vencido na categoria de machos em edi\u00e7\u00f5es anteriores, mas esta \u00e9 a primeira vez que conquistamos o grande campeonato nas f\u00eameas. Foi muito emocionante, pois v\u00ednhamos buscando esse t\u00edtulo h\u00e1 bastante tempo. A vit\u00f3ria ganha um sabor ainda mais especial por anteceder o campeonato mundial do ano que vem, para o qual a nossa expectativa \u00e9 grande. Essa f\u00eamea consagrada deve parir j\u00e1 no pr\u00f3ximo m\u00eas, nos deixando um terneiro de destaque para nos acompanhar na pista do mundial.\u201d<\/p>\n\n\n\n<p class=\"wp-block-paragraph\">Andrei Mocellin, da Fazenda Santa Eug\u00eania:<\/p>\n\n\n\n<p class=\"wp-block-paragraph\">\u201cHoje participamos com tr\u00eas animais da ra\u00e7a Ultrablack e nossa participa\u00e7\u00e3o foi super importante. Ganhamos nas tr\u00eas modalidades. A nossa Grande Campe\u00e3 j\u00e1 havia sido Reservada de Grande Campe\u00e3 no ano passado, e este ano ela retornou para conquistar o campeonato principal. Ela \u00e9 filha da Grande Campe\u00e3 de 2024 e estava no ventre da m\u00e3e quando esta ganhou o t\u00edtulo. Por isso, d\u00e1 para considerar que a nossa Grande Campe\u00e3 de hoje j\u00e1 carrega, de certa forma, um tricampeonato.\u201d<\/p>\n\n\n\n<p class=\"wp-block-paragraph\">Henrique Dias da Costa Mar\u00e7olla, da Cabanha Taipa de Pedra:<\/p>\n\n\n\n<p class=\"wp-block-paragraph\">\u201cEstar em Esteio e competir na pista pesada da Expointer, ano ap\u00f3s ano, j\u00e1 \u00e9 um grande desafio para a nossa cabanha. Por isso, conquistar o campeonato de terneiro e o t\u00edtulo de Grande Campe\u00e3o representa um feito extraordin\u00e1rio para n\u00f3s. \u00c9 um terneiro diferenciado, de que gostamos muito e que carrega uma consist\u00eancia gen\u00e9tica de peso: ele \u00e9 fruto de um embri\u00e3o importado da Argentina \u2014 onde a m\u00e3e dele veio de l\u00e1 \u2014, acasalada com um pai de grande import\u00e2ncia para a ra\u00e7a. Estamos extremamente satisfeitos e orgulhosos com esse resultado.\u201d<\/p>\n\n\n\n<p class=\"wp-block-paragraph\">\u00c9lio Ottoni, da Agroottoni:<\/p>\n\n\n\n<p class=\"wp-block-paragraph\">\u201cHoje foi mais um grande dia para a Agroottoni nas pistas. No ano passado, fomos consagrados com a f\u00eamea Grande Campe\u00e3 e, nesta edi\u00e7\u00e3o, conquistamos o grande campeonato com o nosso touro.\u201d<\/p>\n\n\n\n<p class=\"wp-block-paragraph\">Marcos Pagani, da Fazenda da Conquista:<\/p>\n\n\n\n<p class=\"wp-block-paragraph\">\u201cEste \u00e9 o segundo ano em que participamos da Expointer, a maior feira a c\u00e9u aberto da Am\u00e9rica Latina. Realizar o sonho de conquistar uma faixa de Grande Campe\u00e3o aqui \u00e9 algo maravilhoso. \u00c9 a valida\u00e7\u00e3o de que a Fazenda da Conquista est\u00e1 no rumo correto com o seu projeto de sele\u00e7\u00e3o. Este ano vencemos com um touro diferente e animais in\u00e9ditos em rela\u00e7\u00e3o \u00e0 edi\u00e7\u00e3o anterior. Al\u00e9m do grande campeonato, conquistamos dois t\u00edtulos de Reservado de Grande Campe\u00e3o, demonstrando a consist\u00eancia e a for\u00e7a da nossa gen\u00e9tica.\u201d<\/p>\n\n\n\n<p class=\"wp-block-paragraph\"><em>F\u00eameas e machos das duas ra\u00e7as foram julgados em Esteio nesta quarta-feira (2)<\/em><\/p>\n\n\n\n<p class=\"wp-block-paragraph\">No segundo e \u00faltimo dia de julgamentos das ra\u00e7as Angus e Ultrablack na 49\u00aa Expointer, realizado nesta quarta-feira (2), os animais foram premiados na categoria de bu\u00e7al. Os julgamentos foram conduzidos pelo jurado Jack Ward, dos Estados Unidos. No julgamento, promovido pela Associa\u00e7\u00e3o Brasileira de Angus, comemoraram os resultados as cabanhas Sossego, Floripana, Tellechea, Bortolozzo, Taipa de Pedra, S\u00e3o Bibiano, Agroottoni e Reconquista, al\u00e9m das fazendas Santa Eug\u00eania e da Conquista e da Est\u00e2ncia Tr\u00eas Marias.<\/p>\n\n\n\n<p class=\"wp-block-paragraph\"><strong>F\u00eameas<\/strong><\/p>\n\n\n\n<p class=\"wp-block-paragraph\">A Grande Campe\u00e3 de Terneiras Angus foi a terneira maior do Lote 1009 (TAT: TE15Y), da Cabanha Sossego, de Luiz Pedro Duarte Escosteguy, de Santana do Livramento\/RS. A Reservada Campe\u00e3 de Terneiras Angus foi a terneira maior do Lote 1012 (TAT: 735), da Cabanha Floripana, de Stephany Martins Melo dos Santos, de Urupema\/SC. A Terceira Melhor de Terneiras Angus foi a terneira intermedi\u00e1ria do Lote 1000 (TAT: 4623), da Cabanha Tellechea, de S\u00e9rgio Bastos Tellechea, de Uruguaiana\/RS.<\/p>\n\n\n\n<p class=\"wp-block-paragraph\">Na categoria de F\u00eameas Angus, a Grande Campe\u00e3 foi a vaca jovem do Lote 1044 (TAT: IA44), da Cabanha Bortolozzo, de Sandra Perboni e Cabanha Bortolozzo, de Bom Jesus\/RS. A Reservada Campe\u00e3 de F\u00eameas Angus foi a terneira maior do Lote 1009 (TAT: TE15Y), da Cabanha Sossego, de Luiz Pedro Duarte Escosteguy, de Santana do Livramento\/RS. A Terceira Melhor de F\u00eameas Angus foi a terneira maior do Lote 1012 (TAT: 735), da Cabanha Floripana, de Stephany Martins Melo dos Santos, de Urupema\/SC.<\/p>\n\n\n\n<p class=\"wp-block-paragraph\">Na ra\u00e7a Ultrablack, a Grande Campe\u00e3 de F\u00eameas foi a novilha maior do Lote 1796 (TAT: 1180), da Fazenda Santa Eug\u00eania, de Jo\u00e3o Francisco de Silveira Neto, de Jaguari\/RS. A Reservada Campe\u00e3 de F\u00eameas Ultrablack foi a novilha maior do Lote 1800 (TAT: 455), da Fazenda da Conquista, de Ant\u00f4nio Marcos Pagani de Souza e outros, de S\u00e3o Joaquim\/SC. A Terceira Melhor de F\u00eameas Ultrablack foi a terneira maior do Lote 1792 (TAT: 1086), tamb\u00e9m da Fazenda Santa Eug\u00eania.<\/p>\n\n\n\n<p class=\"wp-block-paragraph\"><strong>Machos<\/strong><\/p>\n\n\n\n<p class=\"wp-block-paragraph\">A Grande Campe\u00e3 de Terneiros Angus foi o terneiro intermedi\u00e1rio do Lote 943 (TAT: TE25), da Cabanha Taipa de Pedra, de Henrique Dias da Costa Mar\u00e7olla e outros, de J\u00falio de Castilhos\/RS. O Reservado Campe\u00e3o de Terneiros Angus foi o terneiro maior do Lote 956 (TAT: FIV8975), da Cabanha S\u00e3o Bibiano, da sucess\u00e3o de Ant\u00f4nio Martins Bastos Filho, de Uruguaiana\/RS. O Terceiro Melhor de Terneiros Angus foi o terneiro maior do Lote 949 (TAT: 1077), da Est\u00e2ncia Tr\u00eas Marias, de Francisco Azambuja Amaral, de Santa Vit\u00f3ria do Palmar\/RS.<\/p>\n\n\n\n<p class=\"wp-block-paragraph\">Na categoria de Machos Angus, o Grande Campe\u00e3o foi o touro jovem do Lote 985 (TAT: TE4173), das cabanhas Agroottoni, Reconquista e Solu\u00e7\u00e3o Gen\u00e9tica, de \u00c9lio Ottoni, Reconquista e Solu\u00e7\u00e3o Gen\u00e9tica, de Santo Ant\u00f4nio das Miss\u00f5es\/RS. O Reservado Campe\u00e3o dos Machos Angus foi o touro jovem do Lote 987 (TAT: TE3844), da Fazenda Reconquista, de Jos\u00e9 Paulo Dornelles Cairoli, de Alegrete\/RS. O Terceiro Melhor de Machos Angus foi o touro dois anos do Lote 978 (TAT: FIV4576), de S\u00e9rgio Bastos Tellechea, da Cabanha Tellechea, de Uruguaiana\/RS.<\/p>\n\n\n\n<p class=\"wp-block-paragraph\">Na ra\u00e7a Ultrablack, o Grande Campe\u00e3o de Machos foi o touro dois anos do Lote 1786 (TAT: 450), da Fazenda da Conquista, de Ant\u00f4nio Marcos Pagani de Souza e outros, de S\u00e3o Joaquim\/SC. O Reservado Campe\u00e3o de Machos Ultrablack foi o terneiro maior do Lote 1784 (TAT: 556), tamb\u00e9m da Fazenda da Conquista.<\/p>\n\n\n\n<p class=\"wp-block-paragraph\"><strong>A fala dos vencedores<\/strong><\/p>\n\n\n\n<p class=\"wp-block-paragraph\">Fabio Escosteguy, da Cabanha Sossego:<\/p>\n\n\n\n<p class=\"wp-block-paragraph\">\u201cEstou emocionado at\u00e9 agora. O momento \u00e9 espetacular, e s\u00f3 quem trabalha com pecu\u00e1ria sabe que isso n\u00e3o \u00e9 algo r\u00e1pido. \u00c9 um trabalho de anos, que envolve desde o pessoal da fazenda, enfrentando calor, frio, chuva e barro, at\u00e9 toda a prepara\u00e7\u00e3o e a viagem para c\u00e1. \u00c9 realmente muito importante e estou muito contente pela minha fam\u00edlia que est\u00e1 aqui. Tamb\u00e9m dedico ao meu pai, Luiz Pedro, que est\u00e1 em Livramento e me delegou a fun\u00e7\u00e3o de tomar conta de tudo isso. Estou muito feliz com esse resultado.\u201d<\/p>\n\n\n\n<p class=\"wp-block-paragraph\">Vinicius Bortolozzo, da Cabanha Bortolozzo:<\/p>\n\n\n\n<p class=\"wp-block-paragraph\">\u201cJ\u00e1 hav\u00edamos vencido na categoria de machos em edi\u00e7\u00f5es anteriores, mas esta \u00e9 a primeira vez que conquistamos o grande campeonato nas f\u00eameas. Foi muito emocionante, pois v\u00ednhamos buscando esse t\u00edtulo h\u00e1 bastante tempo. A vit\u00f3ria ganha um sabor ainda mais especial por anteceder o campeonato mundial do ano que vem, para o qual a nossa expectativa \u00e9 grande. Essa f\u00eamea consagrada deve parir j\u00e1 no pr\u00f3ximo m\u00eas, nos deixando um terneiro de destaque para nos acompanhar na pista do mundial.\u201d<\/p>\n\n\n\n<p class=\"wp-block-paragraph\">Andrei Mocellin, da Fazenda Santa Eug\u00eania:<\/p>\n\n\n\n<p class=\"wp-block-paragraph\">\u201cHoje participamos com tr\u00eas animais da ra\u00e7a Ultrablack e nossa participa\u00e7\u00e3o foi super importante. Ganhamos nas tr\u00eas modalidades. A nossa Grande Campe\u00e3 j\u00e1 havia sido Reservada de Grande Campe\u00e3 no ano passado, e este ano ela retornou para conquistar o campeonato principal. Ela \u00e9 filha da Grande Campe\u00e3 de 2024 e estava no ventre da m\u00e3e quando esta ganhou o t\u00edtulo. Por isso, d\u00e1 para considerar que a nossa Grande Campe\u00e3 de hoje j\u00e1 carrega, de certa forma, um tricampeonato.\u201d<\/p>\n\n\n\n<p class=\"wp-block-paragraph\">Henrique Dias da Costa Mar\u00e7olla, da Cabanha Taipa de Pedra:<\/p>\n\n\n\n<p class=\"wp-block-paragraph\">\u201cEstar em Esteio e competir na pista pesada da Expointer, ano ap\u00f3s ano, j\u00e1 \u00e9 um grande desafio para a nossa cabanha. Por isso, conquistar o campeonato de terneiro e o t\u00edtulo de Grande Campe\u00e3o representa um feito extraordin\u00e1rio para n\u00f3s. \u00c9 um terneiro diferenciado, de que gostamos muito e que carrega uma consist\u00eancia gen\u00e9tica de peso: ele \u00e9 fruto de um embri\u00e3o importado da Argentina \u2014 onde a m\u00e3e dele veio de l\u00e1 \u2014, acasalada com um pai de grande import\u00e2ncia para a ra\u00e7a. Estamos extremamente satisfeitos e orgulhosos com esse resultado.\u201d<\/p>\n\n\n\n<p class=\"wp-block-paragraph\">\u00c9lio Ottoni, da Agroottoni:<\/p>\n\n\n\n<p class=\"wp-block-paragraph\">\u201cHoje foi mais um grande dia para a Agroottoni nas pistas. No ano passado, fomos consagrados com a f\u00eamea Grande Campe\u00e3 e, nesta edi\u00e7\u00e3o, conquistamos o grande campeonato com o nosso touro.\u201d<\/p>\n\n\n\n<p class=\"wp-block-paragraph\">Marcos Pagani, da Fazenda da Conquista:<\/p>\n\n\n\n<p class=\"wp-block-paragraph\">\u201cEste \u00e9 o segundo ano em que participamos da Expointer, a maior feira a c\u00e9u aberto da Am\u00e9rica Latina. Realizar o sonho de conquistar uma faixa de Grande Campe\u00e3o aqui \u00e9 algo maravilhoso. \u00c9 a valida\u00e7\u00e3o de que a Fazenda da Conquista est\u00e1 no rumo correto com o seu projeto de sele\u00e7\u00e3o. Este ano vencemos com um touro diferente e animais in\u00e9ditos em rela\u00e7\u00e3o \u00e0 edi\u00e7\u00e3o anterior. Al\u00e9m do grande campeonato, conquistamos dois t\u00edtulos de Reservado de Grande Campe\u00e3o, demonstrando a consist\u00eancia e a for\u00e7a da nossa gen\u00e9tica.\u201d<\/p>\n\n\n\n<p class=\"wp-block-paragraph\"><strong><em>Fonte: Associa\u00e7\u00e3o Brasileira de Angus<\/em><\/strong><\/p>\n","protected":false},"excerpt":{"rendered":"<p>F\u00eameas e machos das duas ra\u00e7as foram julgados em Esteio nesta quarta-feira (2) No segundo e \u00faltimo dia de julgamentos das ra\u00e7as Angus e Ultrablack na 49\u00aa Expointer, realizado nesta quarta-feira (2), os animais foram premiados na categoria de bu\u00e7al. Os julgamentos foram conduzidos pelo jurado Jack Ward, dos Estados Unidos. No julgamento, promovido pela &hellip;<\/p>\n","protected":false},"author":9,"featured_media":34511,"comment_status":"closed","ping_status":"closed","sticky":false,"template":"","format":"standard","meta":{"_monsterinsights_skip_tracking":false,"_uf_show_specific_survey":0,"_uf_disable_surveys":false,"footnotes":""},"categories":[1,126],"tags":[],"class_list":["post-34504","post","type-post","status-publish","format-standard","has-post-thumbnail","hentry","category-agro","category-destacados"],"aioseo_notices":[],"aioseo_head":"\n\t\t<!-- All in One SEO 5.0.1.1 - aioseo.com -->\n\t<meta name=\"description\" content=\"F\u00eameas e machos das duas ra\u00e7as foram julgados em Esteio nesta quarta-feira (2) No segundo e \u00faltimo dia de julgamentos das ra\u00e7as Angus e Ultrablack na 49\u00aa Expointer, realizado nesta quarta-feira (2), os animais foram premiados na categoria de bu\u00e7al. Os julgamentos foram conduzidos pelo jurado Jack Ward, dos Estados Unidos. No julgamento, promovido pela\" \/>\n\t<meta name=\"robots\" content=\"max-image-preview:large\" \/>\n\t<meta name=\"author\" content=\"Alejo Bordon\"\/>\n\t<link rel=\"canonical\" href=\"https:\/\/radiosul.net\/wp\/2026\/grandes-campeoes-angus-e-ultrablack-da-categoria-bucal-sao-premiados-na-expointer-2026\/\" \/>\n\t<meta name=\"generator\" content=\"All in One SEO (AIOSEO) 5.0.1.1\" \/>\n\t\t<meta property=\"og:locale\" content=\"pt_BR\" \/>\n\t\t<meta property=\"og:site_name\" content=\"radiosul.net - Regional por Excel\u00eancia\" \/>\n\t\t<meta property=\"og:type\" content=\"article\" \/>\n\t\t<meta property=\"og:title\" content=\"Grandes campe\u00f5es Angus e Ultrablack da categoria bu\u00e7al s\u00e3o premiados na Expointer 2026 - radiosul.net\" \/>\n\t\t<meta property=\"og:description\" content=\"F\u00eameas e machos das duas ra\u00e7as foram julgados em Esteio nesta quarta-feira (2) No segundo e \u00faltimo dia de julgamentos das ra\u00e7as Angus e Ultrablack na 49\u00aa Expointer, realizado nesta quarta-feira (2), os animais foram premiados na categoria de bu\u00e7al. Os julgamentos foram conduzidos pelo jurado Jack Ward, dos Estados Unidos. No julgamento, promovido pela\" \/>\n\t\t<meta property=\"og:url\" content=\"https:\/\/radiosul.net\/wp\/2026\/grandes-campeoes-angus-e-ultrablack-da-categoria-bucal-sao-premiados-na-expointer-2026\/\" \/>\n\t\t<meta property=\"article:published_time\" content=\"2026-09-02T19:55:00+00:00\" \/>\n\t\t<meta property=\"article:modified_time\" content=\"2026-09-03T07:20:06+00:00\" \/>\n\t\t<meta name=\"twitter:card\" content=\"summary_large_image\" \/>\n\t\t<meta name=\"twitter:title\" content=\"Grandes campe\u00f5es Angus e Ultrablack da categoria bu\u00e7al s\u00e3o premiados na Expointer 2026 - radiosul.net\" \/>\n\t\t<meta name=\"twitter:description\" content=\"F\u00eameas e machos das duas ra\u00e7as foram julgados em Esteio nesta quarta-feira (2) No segundo e \u00faltimo dia de julgamentos das ra\u00e7as Angus e Ultrablack na 49\u00aa Expointer, realizado nesta quarta-feira (2), os animais foram premiados na categoria de bu\u00e7al. Os julgamentos foram conduzidos pelo jurado Jack Ward, dos Estados Unidos. No julgamento, promovido pela\" \/>\n\t\t<script type=\"application\/ld+json\" class=\"aioseo-schema\">\n\t\t\t{\"@context\":\"https:\\\/\\\/schema.org\",\"@graph\":[{\"@type\":\"BlogPosting\",\"@id\":\"https:\\\/\\\/radiosul.net\\\/wp\\\/2026\\\/grandes-campeoes-angus-e-ultrablack-da-categoria-bucal-sao-premiados-na-expointer-2026\\\/#blogposting\",\"name\":\"Grandes campe\\u00f5es Angus e Ultrablack da categoria bu\\u00e7al s\\u00e3o premiados na Expointer 2026 - radiosul.net\",\"headline\":\"Grandes campe\\u00f5es Angus e Ultrablack da categoria bu\\u00e7al s\\u00e3o premiados na Expointer 2026\",\"author\":{\"@id\":\"https:\\\/\\\/radiosul.net\\\/wp\\\/author\\\/alejo\\\/#author\"},\"publisher\":{\"@id\":\"https:\\\/\\\/radiosul.net\\\/wp\\\/#organization\"},\"image\":{\"@type\":\"ImageObject\",\"url\":\"https:\\\/\\\/radiosul.net\\\/wp\\\/wp-content\\\/uploads\\\/2026\\\/09\\\/whatsapp-image-2026-09-02-at-211234-768x576-1.jpeg\",\"width\":768,\"height\":576,\"caption\":\"Foto: Rayane Gon\\u00e7alves\"},\"datePublished\":\"2026-09-02T16:55:00-03:00\",\"dateModified\":\"2026-09-03T04:20:06-03:00\",\"inLanguage\":\"pt-BR\",\"mainEntityOfPage\":{\"@id\":\"https:\\\/\\\/radiosul.net\\\/wp\\\/2026\\\/grandes-campeoes-angus-e-ultrablack-da-categoria-bucal-sao-premiados-na-expointer-2026\\\/#webpage\"},\"isPartOf\":{\"@id\":\"https:\\\/\\\/radiosul.net\\\/wp\\\/2026\\\/grandes-campeoes-angus-e-ultrablack-da-categoria-bucal-sao-premiados-na-expointer-2026\\\/#webpage\"},\"articleSection\":\"Agroneg\\u00f3cio, Destaque\"},{\"@type\":\"BreadcrumbList\",\"@id\":\"https:\\\/\\\/radiosul.net\\\/wp\\\/2026\\\/grandes-campeoes-angus-e-ultrablack-da-categoria-bucal-sao-premiados-na-expointer-2026\\\/#breadcrumblist\",\"itemListElement\":[{\"@type\":\"ListItem\",\"@id\":\"https:\\\/\\\/radiosul.net\\\/wp#listItem\",\"position\":1,\"name\":\"Home\",\"item\":\"https:\\\/\\\/radiosul.net\\\/wp\",\"nextItem\":{\"@type\":\"ListItem\",\"@id\":\"https:\\\/\\\/radiosul.net\\\/wp\\\/category\\\/agro\\\/#listItem\",\"name\":\"Agroneg\\u00f3cio\"}},{\"@type\":\"ListItem\",\"@id\":\"https:\\\/\\\/radiosul.net\\\/wp\\\/category\\\/agro\\\/#listItem\",\"position\":2,\"name\":\"Agroneg\\u00f3cio\",\"item\":\"https:\\\/\\\/radiosul.net\\\/wp\\\/category\\\/agro\\\/\",\"nextItem\":{\"@type\":\"ListItem\",\"@id\":\"https:\\\/\\\/radiosul.net\\\/wp\\\/2026\\\/grandes-campeoes-angus-e-ultrablack-da-categoria-bucal-sao-premiados-na-expointer-2026\\\/#listItem\",\"name\":\"Grandes campe\\u00f5es Angus e Ultrablack da categoria bu\\u00e7al s\\u00e3o premiados na Expointer 2026\"},\"previousItem\":{\"@type\":\"ListItem\",\"@id\":\"https:\\\/\\\/radiosul.net\\\/wp#listItem\",\"name\":\"Home\"}},{\"@type\":\"ListItem\",\"@id\":\"https:\\\/\\\/radiosul.net\\\/wp\\\/2026\\\/grandes-campeoes-angus-e-ultrablack-da-categoria-bucal-sao-premiados-na-expointer-2026\\\/#listItem\",\"position\":3,\"name\":\"Grandes campe\\u00f5es Angus e Ultrablack da categoria bu\\u00e7al s\\u00e3o premiados na Expointer 2026\",\"previousItem\":{\"@type\":\"ListItem\",\"@id\":\"https:\\\/\\\/radiosul.net\\\/wp\\\/category\\\/agro\\\/#listItem\",\"name\":\"Agroneg\\u00f3cio\"}}]},{\"@type\":\"Organization\",\"@id\":\"https:\\\/\\\/radiosul.net\\\/wp\\\/#organization\",\"name\":\"radiosul.net\",\"description\":\"Regional por Excel\\u00eancia\",\"url\":\"https:\\\/\\\/radiosul.net\\\/wp\\\/\"},{\"@type\":\"Person\",\"@id\":\"https:\\\/\\\/radiosul.net\\\/wp\\\/author\\\/alejo\\\/#author\",\"url\":\"https:\\\/\\\/radiosul.net\\\/wp\\\/author\\\/alejo\\\/\",\"name\":\"Alejo Bordon\",\"image\":{\"@type\":\"ImageObject\",\"@id\":\"https:\\\/\\\/radiosul.net\\\/wp\\\/2026\\\/grandes-campeoes-angus-e-ultrablack-da-categoria-bucal-sao-premiados-na-expointer-2026\\\/#authorImage\",\"url\":\"https:\\\/\\\/secure.gravatar.com\\\/avatar\\\/b3a7e7f1c71212e6a5b7183b79a2ab58dad8bdc4cd4eadd61c4434d010d0bae4?s=96&d=mm&r=g\",\"width\":96,\"height\":96,\"caption\":\"Alejo Bordon\"}},{\"@type\":\"WebPage\",\"@id\":\"https:\\\/\\\/radiosul.net\\\/wp\\\/2026\\\/grandes-campeoes-angus-e-ultrablack-da-categoria-bucal-sao-premiados-na-expointer-2026\\\/#webpage\",\"url\":\"https:\\\/\\\/radiosul.net\\\/wp\\\/2026\\\/grandes-campeoes-angus-e-ultrablack-da-categoria-bucal-sao-premiados-na-expointer-2026\\\/\",\"name\":\"Grandes campe\\u00f5es Angus e Ultrablack da categoria bu\\u00e7al s\\u00e3o premiados na Expointer 2026 - radiosul.net\",\"description\":\"F\\u00eameas e machos das duas ra\\u00e7as foram julgados em Esteio nesta quarta-feira (2) No segundo e \\u00faltimo dia de julgamentos das ra\\u00e7as Angus e Ultrablack na 49\\u00aa Expointer, realizado nesta quarta-feira (2), os animais foram premiados na categoria de bu\\u00e7al. Os julgamentos foram conduzidos pelo jurado Jack Ward, dos Estados Unidos. No julgamento, promovido pela\",\"inLanguage\":\"pt-BR\",\"isPartOf\":{\"@id\":\"https:\\\/\\\/radiosul.net\\\/wp\\\/#website\"},\"breadcrumb\":{\"@id\":\"https:\\\/\\\/radiosul.net\\\/wp\\\/2026\\\/grandes-campeoes-angus-e-ultrablack-da-categoria-bucal-sao-premiados-na-expointer-2026\\\/#breadcrumblist\"},\"author\":{\"@id\":\"https:\\\/\\\/radiosul.net\\\/wp\\\/author\\\/alejo\\\/#author\"},\"creator\":{\"@id\":\"https:\\\/\\\/radiosul.net\\\/wp\\\/author\\\/alejo\\\/#author\"},\"image\":{\"@type\":\"ImageObject\",\"url\":\"https:\\\/\\\/radiosul.net\\\/wp\\\/wp-content\\\/uploads\\\/2026\\\/09\\\/whatsapp-image-2026-09-02-at-211234-768x576-1.jpeg\",\"@id\":\"https:\\\/\\\/radiosul.net\\\/wp\\\/2026\\\/grandes-campeoes-angus-e-ultrablack-da-categoria-bucal-sao-premiados-na-expointer-2026\\\/#mainImage\",\"width\":768,\"height\":576,\"caption\":\"Foto: Rayane Gon\\u00e7alves\"},\"primaryImageOfPage\":{\"@id\":\"https:\\\/\\\/radiosul.net\\\/wp\\\/2026\\\/grandes-campeoes-angus-e-ultrablack-da-categoria-bucal-sao-premiados-na-expointer-2026\\\/#mainImage\"},\"datePublished\":\"2026-09-02T16:55:00-03:00\",\"dateModified\":\"2026-09-03T04:20:06-03:00\"},{\"@type\":\"WebSite\",\"@id\":\"https:\\\/\\\/radiosul.net\\\/wp\\\/#website\",\"url\":\"https:\\\/\\\/radiosul.net\\\/wp\\\/\",\"name\":\"radiosul.net\",\"description\":\"Regional por Excel\\u00eancia\",\"inLanguage\":\"pt-BR\",\"publisher\":{\"@id\":\"https:\\\/\\\/radiosul.net\\\/wp\\\/#organization\"}}]}\n\t\t<\/script>\n\t\t<!-- All in One SEO -->\n\n","aioseo_head_json":{"title":"Grandes campe\u00f5es Angus e Ultrablack da categoria bu\u00e7al s\u00e3o premiados na Expointer 2026 - radiosul.net","description":"F\u00eameas e machos das duas ra\u00e7as foram julgados em Esteio nesta quarta-feira (2) No segundo e \u00faltimo dia de julgamentos das ra\u00e7as Angus e Ultrablack na 49\u00aa Expointer, realizado nesta quarta-feira (2), os animais foram premiados na categoria de bu\u00e7al. Os julgamentos foram conduzidos pelo jurado Jack Ward, dos Estados Unidos. No julgamento, promovido pela","canonical_url":"https:\/\/radiosul.net\/wp\/2026\/grandes-campeoes-angus-e-ultrablack-da-categoria-bucal-sao-premiados-na-expointer-2026\/","robots":"max-image-preview:large","keywords":"","webmasterTools":{"miscellaneous":""},"schema":{"@context":"https:\/\/schema.org","@graph":[{"@type":"BlogPosting","@id":"https:\/\/radiosul.net\/wp\/2026\/grandes-campeoes-angus-e-ultrablack-da-categoria-bucal-sao-premiados-na-expointer-2026\/#blogposting","name":"Grandes campe\u00f5es Angus e Ultrablack da categoria bu\u00e7al s\u00e3o premiados na Expointer 2026 - radiosul.net","headline":"Grandes campe\u00f5es Angus e Ultrablack da categoria bu\u00e7al s\u00e3o premiados na Expointer 2026","author":{"@id":"https:\/\/radiosul.net\/wp\/author\/alejo\/#author"},"publisher":{"@id":"https:\/\/radiosul.net\/wp\/#organization"},"image":{"@type":"ImageObject","url":"https:\/\/radiosul.net\/wp\/wp-content\/uploads\/2026\/09\/whatsapp-image-2026-09-02-at-211234-768x576-1.jpeg","width":768,"height":576,"caption":"Foto: Rayane Gon\u00e7alves"},"datePublished":"2026-09-02T16:55:00-03:00","dateModified":"2026-09-03T04:20:06-03:00","inLanguage":"pt-BR","mainEntityOfPage":{"@id":"https:\/\/radiosul.net\/wp\/2026\/grandes-campeoes-angus-e-ultrablack-da-categoria-bucal-sao-premiados-na-expointer-2026\/#webpage"},"isPartOf":{"@id":"https:\/\/radiosul.net\/wp\/2026\/grandes-campeoes-angus-e-ultrablack-da-categoria-bucal-sao-premiados-na-expointer-2026\/#webpage"},"articleSection":"Agroneg\u00f3cio, Destaque"},{"@type":"BreadcrumbList","@id":"https:\/\/radiosul.net\/wp\/2026\/grandes-campeoes-angus-e-ultrablack-da-categoria-bucal-sao-premiados-na-expointer-2026\/#breadcrumblist","itemListElement":[{"@type":"ListItem","@id":"https:\/\/radiosul.net\/wp#listItem","position":1,"name":"Home","item":"https:\/\/radiosul.net\/wp","nextItem":{"@type":"ListItem","@id":"https:\/\/radiosul.net\/wp\/category\/agro\/#listItem","name":"Agroneg\u00f3cio"}},{"@type":"ListItem","@id":"https:\/\/radiosul.net\/wp\/category\/agro\/#listItem","position":2,"name":"Agroneg\u00f3cio","item":"https:\/\/radiosul.net\/wp\/category\/agro\/","nextItem":{"@type":"ListItem","@id":"https:\/\/radiosul.net\/wp\/2026\/grandes-campeoes-angus-e-ultrablack-da-categoria-bucal-sao-premiados-na-expointer-2026\/#listItem","name":"Grandes campe\u00f5es Angus e Ultrablack da categoria bu\u00e7al s\u00e3o premiados na Expointer 2026"},"previousItem":{"@type":"ListItem","@id":"https:\/\/radiosul.net\/wp#listItem","name":"Home"}},{"@type":"ListItem","@id":"https:\/\/radiosul.net\/wp\/2026\/grandes-campeoes-angus-e-ultrablack-da-categoria-bucal-sao-premiados-na-expointer-2026\/#listItem","position":3,"name":"Grandes campe\u00f5es Angus e Ultrablack da categoria bu\u00e7al s\u00e3o premiados na Expointer 2026","previousItem":{"@type":"ListItem","@id":"https:\/\/radiosul.net\/wp\/category\/agro\/#listItem","name":"Agroneg\u00f3cio"}}]},{"@type":"Organization","@id":"https:\/\/radiosul.net\/wp\/#organization","name":"radiosul.net","description":"Regional por Excel\u00eancia","url":"https:\/\/radiosul.net\/wp\/"},{"@type":"Person","@id":"https:\/\/radiosul.net\/wp\/author\/alejo\/#author","url":"https:\/\/radiosul.net\/wp\/author\/alejo\/","name":"Alejo Bordon","image":{"@type":"ImageObject","@id":"https:\/\/radiosul.net\/wp\/2026\/grandes-campeoes-angus-e-ultrablack-da-categoria-bucal-sao-premiados-na-expointer-2026\/#authorImage","url":"https:\/\/secure.gravatar.com\/avatar\/b3a7e7f1c71212e6a5b7183b79a2ab58dad8bdc4cd4eadd61c4434d010d0bae4?s=96&d=mm&r=g","width":96,"height":96,"caption":"Alejo Bordon"}},{"@type":"WebPage","@id":"https:\/\/radiosul.net\/wp\/2026\/grandes-campeoes-angus-e-ultrablack-da-categoria-bucal-sao-premiados-na-expointer-2026\/#webpage","url":"https:\/\/radiosul.net\/wp\/2026\/grandes-campeoes-angus-e-ultrablack-da-categoria-bucal-sao-premiados-na-expointer-2026\/","name":"Grandes campe\u00f5es Angus e Ultrablack da categoria bu\u00e7al s\u00e3o premiados na Expointer 2026 - radiosul.net","description":"F\u00eameas e machos das duas ra\u00e7as foram julgados em Esteio nesta quarta-feira (2) No segundo e \u00faltimo dia de julgamentos das ra\u00e7as Angus e Ultrablack na 49\u00aa Expointer, realizado nesta quarta-feira (2), os animais foram premiados na categoria de bu\u00e7al. Os julgamentos foram conduzidos pelo jurado Jack Ward, dos Estados Unidos. No julgamento, promovido pela","inLanguage":"pt-BR","isPartOf":{"@id":"https:\/\/radiosul.net\/wp\/#website"},"breadcrumb":{"@id":"https:\/\/radiosul.net\/wp\/2026\/grandes-campeoes-angus-e-ultrablack-da-categoria-bucal-sao-premiados-na-expointer-2026\/#breadcrumblist"},"author":{"@id":"https:\/\/radiosul.net\/wp\/author\/alejo\/#author"},"creator":{"@id":"https:\/\/radiosul.net\/wp\/author\/alejo\/#author"},"image":{"@type":"ImageObject","url":"https:\/\/radiosul.net\/wp\/wp-content\/uploads\/2026\/09\/whatsapp-image-2026-09-02-at-211234-768x576-1.jpeg","@id":"https:\/\/radiosul.net\/wp\/2026\/grandes-campeoes-angus-e-ultrablack-da-categoria-bucal-sao-premiados-na-expointer-2026\/#mainImage","width":768,"height":576,"caption":"Foto: Rayane Gon\u00e7alves"},"primaryImageOfPage":{"@id":"https:\/\/radiosul.net\/wp\/2026\/grandes-campeoes-angus-e-ultrablack-da-categoria-bucal-sao-premiados-na-expointer-2026\/#mainImage"},"datePublished":"2026-09-02T16:55:00-03:00","dateModified":"2026-09-03T04:20:06-03:00"},{"@type":"WebSite","@id":"https:\/\/radiosul.net\/wp\/#website","url":"https:\/\/radiosul.net\/wp\/","name":"radiosul.net","description":"Regional por Excel\u00eancia","inLanguage":"pt-BR","publisher":{"@id":"https:\/\/radiosul.net\/wp\/#organization"}}]},"og:locale":"pt_BR","og:site_name":"radiosul.net - Regional por Excel\u00eancia","og:type":"article","og:title":"Grandes campe\u00f5es Angus e Ultrablack da categoria bu\u00e7al s\u00e3o premiados na Expointer 2026 - radiosul.net","og:description":"F\u00eameas e machos das duas ra\u00e7as foram julgados em Esteio nesta quarta-feira (2) No segundo e \u00faltimo dia de julgamentos das ra\u00e7as Angus e Ultrablack na 49\u00aa Expointer, realizado nesta quarta-feira (2), os animais foram premiados na categoria de bu\u00e7al. Os julgamentos foram conduzidos pelo jurado Jack Ward, dos Estados Unidos. No julgamento, promovido pela","og:url":"https:\/\/radiosul.net\/wp\/2026\/grandes-campeoes-angus-e-ultrablack-da-categoria-bucal-sao-premiados-na-expointer-2026\/","article:published_time":"2026-09-02T19:55:00+00:00","article:modified_time":"2026-09-03T07:20:06+00:00","twitter:card":"summary_large_image","twitter:title":"Grandes campe\u00f5es Angus e Ultrablack da categoria bu\u00e7al s\u00e3o premiados na Expointer 2026 - radiosul.net","twitter:description":"F\u00eameas e machos das duas ra\u00e7as foram julgados em Esteio nesta quarta-feira (2) No segundo e \u00faltimo dia de julgamentos das ra\u00e7as Angus e Ultrablack na 49\u00aa Expointer, realizado nesta quarta-feira (2), os animais foram premiados na categoria de bu\u00e7al. Os julgamentos foram conduzidos pelo jurado Jack Ward, dos Estados Unidos. No julgamento, promovido pela"},"aioseo_meta_data":{"post_id":"34504","title":null,"description":null,"keywords":null,"keyphrases":{"focus":{"keyphrase":"","score":0,"analysis":{"keyphraseInTitle":{"score":0,"maxScore":9,"error":1}}},"additional":[]},"primary_term":null,"canonical_url":null,"og_title":null,"og_description":null,"og_object_type":"default","og_image_type":"default","og_image_url":null,"og_image_width":null,"og_image_height":null,"og_image_custom_url":null,"og_image_custom_fields":null,"og_video":"","og_custom_url":null,"og_article_section":null,"og_article_tags":null,"twitter_use_og":false,"twitter_card":"default","twitter_image_type":"default","twitter_image_url":null,"twitter_image_custom_url":null,"twitter_image_custom_fields":null,"twitter_title":null,"twitter_description":null,"schema":{"blockGraphs":[],"customGraphs":[],"default":{"data":{"Article":[],"Course":[],"Dataset":[],"FAQPage":[],"Movie":[],"Person":[],"Product":[],"ProductReview":[],"Car":[],"Recipe":[],"Service":[],"SoftwareApplication":[],"WebPage":[]},"graphName":"BlogPosting","isEnabled":true},"graphs":[]},"schema_type":"default","schema_type_options":null,"pillar_content":false,"robots_default":true,"robots_noindex":false,"robots_noarchive":false,"robots_nosnippet":false,"robots_nofollow":false,"robots_noimageindex":false,"robots_noodp":false,"robots_notranslate":false,"robots_max_snippet":"-1","robots_max_videopreview":"-1","robots_max_imagepreview":"large","priority":null,"frequency":"default","local_seo":null,"breadcrumb_settings":null,"limit_modified_date":false,"ai":{"faqs":[],"keyPoints":[],"schemas":[],"titles":[],"descriptions":[],"socialPosts":{"email":{"subject":"","preview":"","content":""},"linkedin":[],"twitter":[],"facebook":[],"instagram":[]}},"created":"2026-09-03 07:20:06","updated":"2026-09-03 07:20:06","seo_analyzer_scan_date":null,"focus_keyword":null,"additional_keywords":null,"truseo_locale":null},"aioseo_breadcrumb":"<div class=\"aioseo-breadcrumbs\"><span class=\"aioseo-breadcrumb\">\n\t\t\t<a href=\"https:\/\/radiosul.net\/wp\" title=\"Home\">Home<\/a>\n\t\t<\/span><span class=\"aioseo-breadcrumb-separator\">&raquo;<\/span><span class=\"aioseo-breadcrumb\">\n\t\t\t<a href=\"https:\/\/radiosul.net\/wp\/category\/agro\/\" title=\"Agroneg\u00f3cio\">Agroneg\u00f3cio<\/a>\n\t\t<\/span><span class=\"aioseo-breadcrumb-separator\">&raquo;<\/span><span class=\"aioseo-breadcrumb\">\n\t\t\tGrandes campe\u00f5es Angus e Ultrablack da categoria bu\u00e7al s\u00e3o premiados na Expointer 2026\n\t\t<\/span><\/div>","aioseo_breadcrumb_json":[{"label":"Home","link":"https:\/\/radiosul.net\/wp"},{"label":"Agroneg\u00f3cio","link":"https:\/\/radiosul.net\/wp\/category\/agro\/"},{"label":"Grandes campe\u00f5es Angus e Ultrablack da categoria bu\u00e7al s\u00e3o premiados na Expointer 2026","link":"https:\/\/radiosul.net\/wp\/2026\/grandes-campeoes-angus-e-ultrablack-da-categoria-bucal-sao-premiados-na-expointer-2026\/"}],"_links":{"self":[{"href":"https:\/\/radiosul.net\/wp\/wp-json\/wp\/v2\/posts\/34504","targetHints":{"allow":["GET"]}}],"collection":[{"href":"https:\/\/radiosul.net\/wp\/wp-json\/wp\/v2\/posts"}],"about":[{"href":"https:\/\/radiosul.net\/wp\/wp-json\/wp\/v2\/types\/post"}],"author":[{"embeddable":true,"href":"https:\/\/radiosul.net\/wp\/wp-json\/wp\/v2\/users\/9"}],"replies":[{"embeddable":true,"href":"https:\/\/radiosul.net\/wp\/wp-json\/wp\/v2\/comments?post=34504"}],"version-history":[{"count":1,"href":"https:\/\/radiosul.net\/wp\/wp-json\/wp\/v2\/posts\/34504\/revisions"}],"predecessor-version":[{"id":34514,"href":"https:\/\/radiosul.net\/wp\/wp-json\/wp\/v2\/posts\/34504\/revisions\/34514"}],"wp:featuredmedia":[{"embeddable":true,"href":"https:\/\/radiosul.net\/wp\/wp-json\/wp\/v2\/media\/34511"}],"wp:attachment":[{"href":"https:\/\/radiosul.net\/wp\/wp-json\/wp\/v2\/media?parent=34504"}],"wp:term":[{"taxonomy":"category","embeddable":true,"href":"https:\/\/radiosul.net\/wp\/wp-json\/wp\/v2\/categories?post=34504"},{"taxonomy":"post_tag","embeddable":true,"href":"https:\/\/radiosul.net\/wp\/wp-json\/wp\/v2\/tags?post=34504"}],"curies":[{"name":"wp","href":"https:\/\/api.w.org\/{rel}","templated":true}]}}