{"id":22659,"date":"2022-06-22T20:49:56","date_gmt":"2022-06-22T23:49:56","guid":{"rendered":"https:\/\/radiosul.net\/wp\/?p=22659"},"modified":"2022-06-22T20:49:57","modified_gmt":"2022-06-22T23:49:57","slug":"projeto-meu-cavalo-1-ventre","status":"publish","type":"post","link":"https:\/\/radiosul.net\/wp\/2022\/projeto-meu-cavalo-1-ventre\/","title":{"rendered":"Projeto Meu Cavalo #1 &#8211; Ventre"},"content":{"rendered":"\n<p class=\"wp-block-paragraph\">O meu cavalo \u00e9 um projeto liter\u00e1rio, musical e gr\u00e1fico, que tem como objetivo a constru\u00e7\u00e3o de uma obra composta por poemas, melodias e desenhos concebidos em torno da vida de um equino tendo em vista o forte la\u00e7o dos ga\u00fachos com este nobre animal.<\/p>\n\n\n\n<p class=\"wp-block-paragraph\">A intera\u00e7\u00e3o com os ouvintes e internautas \u00e9 o ponto chave na constru\u00e7\u00e3o dos cap\u00edtulos da vida desta obra, ser\u00e3o propostas uma serie de alternativas e questionamentos para nortear o rumo da hist\u00f3ria a ser escrita, musicada e ilustrada, inclusive com a participa\u00e7\u00e3o direta dos ouvintes na forma de parceria nos poemas, melodias e interpreta\u00e7\u00e3o em alguns cap\u00edtulos.<\/p>\n\n\n\n<figure class=\"wp-block-embed is-type-rich is-provider-spotify wp-block-embed-spotify wp-embed-aspect-21-9 wp-has-aspect-ratio\"><div class=\"wp-block-embed__wrapper\">\n<iframe title=\"Spotify Embed: Projeto Meu Cavalo #1 - Ventre\" style=\"border-radius: 12px\" width=\"100%\" height=\"152\" frameborder=\"0\" allowfullscreen allow=\"autoplay; clipboard-write; encrypted-media; fullscreen; picture-in-picture\" loading=\"lazy\" src=\"https:\/\/open.spotify.com\/embed\/episode\/0IFVoiF0lUerEEJMCbgTzF?utm_source=oembed\"><\/iframe>\n<\/div><\/figure>\n\n\n\n<p class=\"wp-block-paragraph\">\u201cVENTRE\u201d<\/p>\n\n\n\n<p class=\"wp-block-paragraph\">I<br>De uma manada de est\u00e2ncia<br>Sem protocolos de ra\u00e7a<br>Nasceu a linda pica\u00e7a<br>Filha de um mouro famoso,<br>Caborteiro e cusquilhoso<br>Mas interessa, que bueno,<br>De um galopito sereno<br>E um tranco manso e garboso!<\/p>\n\n\n\n<p class=\"wp-block-paragraph\">II<br>A m\u00e3e da pica\u00e7a linda<br>Era um rancho de lazona<br>Doce de boca e gaviona<br>De apartar boi na invernada,<br>Do tempo em que a gauchada<br>Fazia um trono do arreio<br>No imp\u00e9rio do pastoreio<br>Nesta pampa de potreadas!<\/p>\n\n\n\n<p class=\"wp-block-paragraph\">III<br>De potra, a preta pica\u00e7a,<br>M\u00e3e do cavalo que canto\u2026<br>Se mexia com espanto,<br>Num aparte em campo aberto;<br>E na mangueira por certo<br>Era um raio de ligeira<br>Oigal\u00ea\u2026 \u00c9gua campera,<br>De \u201ctorear\u201d brazino de perto<\/p>\n\n\n\n<p class=\"wp-block-paragraph\">IV<br>E ao tranco na recorrida<br>Bem serena e de confian\u00e7a,<br>Vinha embalando a tran\u00e7a<br>Da r\u00e9dea de nove tentos<br>Era como um pensamento,<br>Pela lida campechana<br>Na coxilha de Santana<br>No rinc\u00e3o de Livramento\u2026<\/p>\n\n\n\n<p class=\"wp-block-paragraph\">V<br>Este \u00e9 o ventre que na cria<br>A lo largo foi pastando,<br>E pelo pago deixando<br>Uma prole de regalo<br>E nestes versos te falo,<br>E versejando mais ainda<br>Pra esta pica\u00e7a linda<br>Que \u00e9 a m\u00e3e do meu bom cavalo!<\/p>\n","protected":false},"excerpt":{"rendered":"<p>O meu cavalo \u00e9 um projeto liter\u00e1rio, musical e gr\u00e1fico, que tem como objetivo a constru\u00e7\u00e3o de uma obra composta por poemas, melodias e desenhos concebidos em torno da vida de um equino tendo em vista o forte la\u00e7o dos ga\u00fachos com este nobre animal. A intera\u00e7\u00e3o com os ouvintes e internautas \u00e9 o ponto &hellip;<\/p>\n","protected":false},"author":9,"featured_media":22660,"comment_status":"closed","ping_status":"closed","sticky":false,"template":"","format":"standard","meta":{"_monsterinsights_skip_tracking":false,"_uf_show_specific_survey":0,"_uf_disable_surveys":false,"footnotes":""},"categories":[720],"tags":[],"class_list":["post-22659","post","type-post","status-publish","format-standard","has-post-thumbnail","hentry","category-projeto-meu-cavalo"],"aioseo_notices":[],"aioseo_head":"\n\t\t<!-- All in One SEO 5.0.1.1 - aioseo.com -->\n\t<meta name=\"description\" content=\"O meu cavalo \u00e9 um projeto liter\u00e1rio, musical e gr\u00e1fico, que tem como objetivo a constru\u00e7\u00e3o de uma obra composta por poemas, melodias e desenhos concebidos em torno da vida de um equino tendo em vista o forte la\u00e7o dos ga\u00fachos com este nobre animal. A intera\u00e7\u00e3o com os ouvintes e internautas \u00e9 o ponto\" \/>\n\t<meta name=\"robots\" content=\"max-image-preview:large\" \/>\n\t<meta name=\"author\" content=\"Alejo Bordon\"\/>\n\t<link rel=\"canonical\" href=\"https:\/\/radiosul.net\/wp\/2022\/projeto-meu-cavalo-1-ventre\/\" \/>\n\t<meta name=\"generator\" content=\"All in One SEO (AIOSEO) 5.0.1.1\" \/>\n\t\t<meta property=\"og:locale\" content=\"pt_BR\" \/>\n\t\t<meta property=\"og:site_name\" content=\"radiosul.net - Regional por Excel\u00eancia\" \/>\n\t\t<meta property=\"og:type\" content=\"article\" \/>\n\t\t<meta property=\"og:title\" content=\"Projeto Meu Cavalo #1 \u2013 Ventre - radiosul.net\" \/>\n\t\t<meta property=\"og:description\" content=\"O meu cavalo \u00e9 um projeto liter\u00e1rio, musical e gr\u00e1fico, que tem como objetivo a constru\u00e7\u00e3o de uma obra composta por poemas, melodias e desenhos concebidos em torno da vida de um equino tendo em vista o forte la\u00e7o dos ga\u00fachos com este nobre animal. A intera\u00e7\u00e3o com os ouvintes e internautas \u00e9 o ponto\" \/>\n\t\t<meta property=\"og:url\" content=\"https:\/\/radiosul.net\/wp\/2022\/projeto-meu-cavalo-1-ventre\/\" \/>\n\t\t<meta property=\"article:published_time\" content=\"2022-06-22T23:49:56+00:00\" \/>\n\t\t<meta property=\"article:modified_time\" content=\"2022-06-22T23:49:57+00:00\" \/>\n\t\t<meta name=\"twitter:card\" content=\"summary_large_image\" \/>\n\t\t<meta name=\"twitter:title\" content=\"Projeto Meu Cavalo #1 \u2013 Ventre - radiosul.net\" \/>\n\t\t<meta name=\"twitter:description\" content=\"O meu cavalo \u00e9 um projeto liter\u00e1rio, musical e gr\u00e1fico, que tem como objetivo a constru\u00e7\u00e3o de uma obra composta por poemas, melodias e desenhos concebidos em torno da vida de um equino tendo em vista o forte la\u00e7o dos ga\u00fachos com este nobre animal. A intera\u00e7\u00e3o com os ouvintes e internautas \u00e9 o ponto\" \/>\n\t\t<script type=\"application\/ld+json\" class=\"aioseo-schema\">\n\t\t\t{\"@context\":\"https:\\\/\\\/schema.org\",\"@graph\":[{\"@type\":\"BlogPosting\",\"@id\":\"https:\\\/\\\/radiosul.net\\\/wp\\\/2022\\\/projeto-meu-cavalo-1-ventre\\\/#blogposting\",\"name\":\"Projeto Meu Cavalo #1 \\u2013 Ventre - radiosul.net\",\"headline\":\"Projeto Meu Cavalo #1 &#8211; Ventre\",\"author\":{\"@id\":\"https:\\\/\\\/radiosul.net\\\/wp\\\/author\\\/alejo\\\/#author\"},\"publisher\":{\"@id\":\"https:\\\/\\\/radiosul.net\\\/wp\\\/#organization\"},\"image\":{\"@type\":\"ImageObject\",\"url\":\"https:\\\/\\\/radiosul.net\\\/wp\\\/wp-content\\\/uploads\\\/2022\\\/06\\\/WhatsApp-Image-2022-06-07-at-16.30.12.jpeg\",\"width\":1280,\"height\":846},\"datePublished\":\"2022-06-22T20:49:56-03:00\",\"dateModified\":\"2022-06-22T20:49:57-03:00\",\"inLanguage\":\"pt-BR\",\"mainEntityOfPage\":{\"@id\":\"https:\\\/\\\/radiosul.net\\\/wp\\\/2022\\\/projeto-meu-cavalo-1-ventre\\\/#webpage\"},\"isPartOf\":{\"@id\":\"https:\\\/\\\/radiosul.net\\\/wp\\\/2022\\\/projeto-meu-cavalo-1-ventre\\\/#webpage\"},\"articleSection\":\"Projeto Meu Cavalo\"},{\"@type\":\"BreadcrumbList\",\"@id\":\"https:\\\/\\\/radiosul.net\\\/wp\\\/2022\\\/projeto-meu-cavalo-1-ventre\\\/#breadcrumblist\",\"itemListElement\":[{\"@type\":\"ListItem\",\"@id\":\"https:\\\/\\\/radiosul.net\\\/wp#listItem\",\"position\":1,\"name\":\"Home\",\"item\":\"https:\\\/\\\/radiosul.net\\\/wp\",\"nextItem\":{\"@type\":\"ListItem\",\"@id\":\"https:\\\/\\\/radiosul.net\\\/wp\\\/category\\\/projeto-meu-cavalo\\\/#listItem\",\"name\":\"Projeto Meu Cavalo\"}},{\"@type\":\"ListItem\",\"@id\":\"https:\\\/\\\/radiosul.net\\\/wp\\\/category\\\/projeto-meu-cavalo\\\/#listItem\",\"position\":2,\"name\":\"Projeto Meu Cavalo\",\"item\":\"https:\\\/\\\/radiosul.net\\\/wp\\\/category\\\/projeto-meu-cavalo\\\/\",\"nextItem\":{\"@type\":\"ListItem\",\"@id\":\"https:\\\/\\\/radiosul.net\\\/wp\\\/2022\\\/projeto-meu-cavalo-1-ventre\\\/#listItem\",\"name\":\"Projeto Meu Cavalo #1 &#8211; Ventre\"},\"previousItem\":{\"@type\":\"ListItem\",\"@id\":\"https:\\\/\\\/radiosul.net\\\/wp#listItem\",\"name\":\"Home\"}},{\"@type\":\"ListItem\",\"@id\":\"https:\\\/\\\/radiosul.net\\\/wp\\\/2022\\\/projeto-meu-cavalo-1-ventre\\\/#listItem\",\"position\":3,\"name\":\"Projeto Meu Cavalo #1 &#8211; Ventre\",\"previousItem\":{\"@type\":\"ListItem\",\"@id\":\"https:\\\/\\\/radiosul.net\\\/wp\\\/category\\\/projeto-meu-cavalo\\\/#listItem\",\"name\":\"Projeto Meu Cavalo\"}}]},{\"@type\":\"Organization\",\"@id\":\"https:\\\/\\\/radiosul.net\\\/wp\\\/#organization\",\"name\":\"radiosul.net\",\"description\":\"Regional por Excel\\u00eancia\",\"url\":\"https:\\\/\\\/radiosul.net\\\/wp\\\/\"},{\"@type\":\"Person\",\"@id\":\"https:\\\/\\\/radiosul.net\\\/wp\\\/author\\\/alejo\\\/#author\",\"url\":\"https:\\\/\\\/radiosul.net\\\/wp\\\/author\\\/alejo\\\/\",\"name\":\"Alejo Bordon\",\"image\":{\"@type\":\"ImageObject\",\"@id\":\"https:\\\/\\\/radiosul.net\\\/wp\\\/2022\\\/projeto-meu-cavalo-1-ventre\\\/#authorImage\",\"url\":\"https:\\\/\\\/secure.gravatar.com\\\/avatar\\\/b3a7e7f1c71212e6a5b7183b79a2ab58dad8bdc4cd4eadd61c4434d010d0bae4?s=96&d=mm&r=g\",\"width\":96,\"height\":96,\"caption\":\"Alejo Bordon\"}},{\"@type\":\"WebPage\",\"@id\":\"https:\\\/\\\/radiosul.net\\\/wp\\\/2022\\\/projeto-meu-cavalo-1-ventre\\\/#webpage\",\"url\":\"https:\\\/\\\/radiosul.net\\\/wp\\\/2022\\\/projeto-meu-cavalo-1-ventre\\\/\",\"name\":\"Projeto Meu Cavalo #1 \\u2013 Ventre - radiosul.net\",\"description\":\"O meu cavalo \\u00e9 um projeto liter\\u00e1rio, musical e gr\\u00e1fico, que tem como objetivo a constru\\u00e7\\u00e3o de uma obra composta por poemas, melodias e desenhos concebidos em torno da vida de um equino tendo em vista o forte la\\u00e7o dos ga\\u00fachos com este nobre animal. A intera\\u00e7\\u00e3o com os ouvintes e internautas \\u00e9 o ponto\",\"inLanguage\":\"pt-BR\",\"isPartOf\":{\"@id\":\"https:\\\/\\\/radiosul.net\\\/wp\\\/#website\"},\"breadcrumb\":{\"@id\":\"https:\\\/\\\/radiosul.net\\\/wp\\\/2022\\\/projeto-meu-cavalo-1-ventre\\\/#breadcrumblist\"},\"author\":{\"@id\":\"https:\\\/\\\/radiosul.net\\\/wp\\\/author\\\/alejo\\\/#author\"},\"creator\":{\"@id\":\"https:\\\/\\\/radiosul.net\\\/wp\\\/author\\\/alejo\\\/#author\"},\"image\":{\"@type\":\"ImageObject\",\"url\":\"https:\\\/\\\/radiosul.net\\\/wp\\\/wp-content\\\/uploads\\\/2022\\\/06\\\/WhatsApp-Image-2022-06-07-at-16.30.12.jpeg\",\"@id\":\"https:\\\/\\\/radiosul.net\\\/wp\\\/2022\\\/projeto-meu-cavalo-1-ventre\\\/#mainImage\",\"width\":1280,\"height\":846},\"primaryImageOfPage\":{\"@id\":\"https:\\\/\\\/radiosul.net\\\/wp\\\/2022\\\/projeto-meu-cavalo-1-ventre\\\/#mainImage\"},\"datePublished\":\"2022-06-22T20:49:56-03:00\",\"dateModified\":\"2022-06-22T20:49:57-03:00\"},{\"@type\":\"WebSite\",\"@id\":\"https:\\\/\\\/radiosul.net\\\/wp\\\/#website\",\"url\":\"https:\\\/\\\/radiosul.net\\\/wp\\\/\",\"name\":\"radiosul.net\",\"description\":\"Regional por Excel\\u00eancia\",\"inLanguage\":\"pt-BR\",\"publisher\":{\"@id\":\"https:\\\/\\\/radiosul.net\\\/wp\\\/#organization\"}}]}\n\t\t<\/script>\n\t\t<!-- All in One SEO -->\n\n","aioseo_head_json":{"title":"Projeto Meu Cavalo #1 \u2013 Ventre - radiosul.net","description":"O meu cavalo \u00e9 um projeto liter\u00e1rio, musical e gr\u00e1fico, que tem como objetivo a constru\u00e7\u00e3o de uma obra composta por poemas, melodias e desenhos concebidos em torno da vida de um equino tendo em vista o forte la\u00e7o dos ga\u00fachos com este nobre animal. A intera\u00e7\u00e3o com os ouvintes e internautas \u00e9 o ponto","canonical_url":"https:\/\/radiosul.net\/wp\/2022\/projeto-meu-cavalo-1-ventre\/","robots":"max-image-preview:large","keywords":"","webmasterTools":{"miscellaneous":""},"schema":{"@context":"https:\/\/schema.org","@graph":[{"@type":"BlogPosting","@id":"https:\/\/radiosul.net\/wp\/2022\/projeto-meu-cavalo-1-ventre\/#blogposting","name":"Projeto Meu Cavalo #1 \u2013 Ventre - radiosul.net","headline":"Projeto Meu Cavalo #1 &#8211; Ventre","author":{"@id":"https:\/\/radiosul.net\/wp\/author\/alejo\/#author"},"publisher":{"@id":"https:\/\/radiosul.net\/wp\/#organization"},"image":{"@type":"ImageObject","url":"https:\/\/radiosul.net\/wp\/wp-content\/uploads\/2022\/06\/WhatsApp-Image-2022-06-07-at-16.30.12.jpeg","width":1280,"height":846},"datePublished":"2022-06-22T20:49:56-03:00","dateModified":"2022-06-22T20:49:57-03:00","inLanguage":"pt-BR","mainEntityOfPage":{"@id":"https:\/\/radiosul.net\/wp\/2022\/projeto-meu-cavalo-1-ventre\/#webpage"},"isPartOf":{"@id":"https:\/\/radiosul.net\/wp\/2022\/projeto-meu-cavalo-1-ventre\/#webpage"},"articleSection":"Projeto Meu Cavalo"},{"@type":"BreadcrumbList","@id":"https:\/\/radiosul.net\/wp\/2022\/projeto-meu-cavalo-1-ventre\/#breadcrumblist","itemListElement":[{"@type":"ListItem","@id":"https:\/\/radiosul.net\/wp#listItem","position":1,"name":"Home","item":"https:\/\/radiosul.net\/wp","nextItem":{"@type":"ListItem","@id":"https:\/\/radiosul.net\/wp\/category\/projeto-meu-cavalo\/#listItem","name":"Projeto Meu Cavalo"}},{"@type":"ListItem","@id":"https:\/\/radiosul.net\/wp\/category\/projeto-meu-cavalo\/#listItem","position":2,"name":"Projeto Meu Cavalo","item":"https:\/\/radiosul.net\/wp\/category\/projeto-meu-cavalo\/","nextItem":{"@type":"ListItem","@id":"https:\/\/radiosul.net\/wp\/2022\/projeto-meu-cavalo-1-ventre\/#listItem","name":"Projeto Meu Cavalo #1 &#8211; Ventre"},"previousItem":{"@type":"ListItem","@id":"https:\/\/radiosul.net\/wp#listItem","name":"Home"}},{"@type":"ListItem","@id":"https:\/\/radiosul.net\/wp\/2022\/projeto-meu-cavalo-1-ventre\/#listItem","position":3,"name":"Projeto Meu Cavalo #1 &#8211; Ventre","previousItem":{"@type":"ListItem","@id":"https:\/\/radiosul.net\/wp\/category\/projeto-meu-cavalo\/#listItem","name":"Projeto Meu Cavalo"}}]},{"@type":"Organization","@id":"https:\/\/radiosul.net\/wp\/#organization","name":"radiosul.net","description":"Regional por Excel\u00eancia","url":"https:\/\/radiosul.net\/wp\/"},{"@type":"Person","@id":"https:\/\/radiosul.net\/wp\/author\/alejo\/#author","url":"https:\/\/radiosul.net\/wp\/author\/alejo\/","name":"Alejo Bordon","image":{"@type":"ImageObject","@id":"https:\/\/radiosul.net\/wp\/2022\/projeto-meu-cavalo-1-ventre\/#authorImage","url":"https:\/\/secure.gravatar.com\/avatar\/b3a7e7f1c71212e6a5b7183b79a2ab58dad8bdc4cd4eadd61c4434d010d0bae4?s=96&d=mm&r=g","width":96,"height":96,"caption":"Alejo Bordon"}},{"@type":"WebPage","@id":"https:\/\/radiosul.net\/wp\/2022\/projeto-meu-cavalo-1-ventre\/#webpage","url":"https:\/\/radiosul.net\/wp\/2022\/projeto-meu-cavalo-1-ventre\/","name":"Projeto Meu Cavalo #1 \u2013 Ventre - radiosul.net","description":"O meu cavalo \u00e9 um projeto liter\u00e1rio, musical e gr\u00e1fico, que tem como objetivo a constru\u00e7\u00e3o de uma obra composta por poemas, melodias e desenhos concebidos em torno da vida de um equino tendo em vista o forte la\u00e7o dos ga\u00fachos com este nobre animal. A intera\u00e7\u00e3o com os ouvintes e internautas \u00e9 o ponto","inLanguage":"pt-BR","isPartOf":{"@id":"https:\/\/radiosul.net\/wp\/#website"},"breadcrumb":{"@id":"https:\/\/radiosul.net\/wp\/2022\/projeto-meu-cavalo-1-ventre\/#breadcrumblist"},"author":{"@id":"https:\/\/radiosul.net\/wp\/author\/alejo\/#author"},"creator":{"@id":"https:\/\/radiosul.net\/wp\/author\/alejo\/#author"},"image":{"@type":"ImageObject","url":"https:\/\/radiosul.net\/wp\/wp-content\/uploads\/2022\/06\/WhatsApp-Image-2022-06-07-at-16.30.12.jpeg","@id":"https:\/\/radiosul.net\/wp\/2022\/projeto-meu-cavalo-1-ventre\/#mainImage","width":1280,"height":846},"primaryImageOfPage":{"@id":"https:\/\/radiosul.net\/wp\/2022\/projeto-meu-cavalo-1-ventre\/#mainImage"},"datePublished":"2022-06-22T20:49:56-03:00","dateModified":"2022-06-22T20:49:57-03:00"},{"@type":"WebSite","@id":"https:\/\/radiosul.net\/wp\/#website","url":"https:\/\/radiosul.net\/wp\/","name":"radiosul.net","description":"Regional por Excel\u00eancia","inLanguage":"pt-BR","publisher":{"@id":"https:\/\/radiosul.net\/wp\/#organization"}}]},"og:locale":"pt_BR","og:site_name":"radiosul.net - Regional por Excel\u00eancia","og:type":"article","og:title":"Projeto Meu Cavalo #1 \u2013 Ventre - radiosul.net","og:description":"O meu cavalo \u00e9 um projeto liter\u00e1rio, musical e gr\u00e1fico, que tem como objetivo a constru\u00e7\u00e3o de uma obra composta por poemas, melodias e desenhos concebidos em torno da vida de um equino tendo em vista o forte la\u00e7o dos ga\u00fachos com este nobre animal. A intera\u00e7\u00e3o com os ouvintes e internautas \u00e9 o ponto","og:url":"https:\/\/radiosul.net\/wp\/2022\/projeto-meu-cavalo-1-ventre\/","article:published_time":"2022-06-22T23:49:56+00:00","article:modified_time":"2022-06-22T23:49:57+00:00","twitter:card":"summary_large_image","twitter:title":"Projeto Meu Cavalo #1 \u2013 Ventre - radiosul.net","twitter:description":"O meu cavalo \u00e9 um projeto liter\u00e1rio, musical e gr\u00e1fico, que tem como objetivo a constru\u00e7\u00e3o de uma obra composta por poemas, melodias e desenhos concebidos em torno da vida de um equino tendo em vista o forte la\u00e7o dos ga\u00fachos com este nobre animal. A intera\u00e7\u00e3o com os ouvintes e internautas \u00e9 o ponto"},"aioseo_meta_data":{"post_id":"22659","title":null,"description":null,"keywords":null,"keyphrases":null,"primary_term":null,"canonical_url":null,"og_title":null,"og_description":null,"og_object_type":"default","og_image_type":"default","og_image_url":null,"og_image_width":null,"og_image_height":null,"og_image_custom_url":null,"og_image_custom_fields":null,"og_video":null,"og_custom_url":null,"og_article_section":null,"og_article_tags":null,"twitter_use_og":false,"twitter_card":"default","twitter_image_type":"default","twitter_image_url":null,"twitter_image_custom_url":null,"twitter_image_custom_fields":null,"twitter_title":null,"twitter_description":null,"schema":{"blockGraphs":[],"customGraphs":[],"default":{"data":{"Article":[],"Course":[],"Dataset":[],"FAQPage":[],"Movie":[],"Person":[],"Product":[],"ProductReview":[],"Car":[],"Recipe":[],"Service":[],"SoftwareApplication":[],"WebPage":[]},"graphName":"","isEnabled":true},"graphs":[]},"schema_type":"default","schema_type_options":null,"pillar_content":false,"robots_default":true,"robots_noindex":false,"robots_noarchive":false,"robots_nosnippet":false,"robots_nofollow":false,"robots_noimageindex":false,"robots_noodp":false,"robots_notranslate":false,"robots_max_snippet":null,"robots_max_videopreview":null,"robots_max_imagepreview":"large","priority":null,"frequency":null,"local_seo":null,"breadcrumb_settings":null,"limit_modified_date":false,"ai":null,"created":"2026-01-09 07:45:02","updated":"2026-01-09 07:45:02","seo_analyzer_scan_date":null,"focus_keyword":null,"additional_keywords":null,"truseo_locale":null},"aioseo_breadcrumb":"<div class=\"aioseo-breadcrumbs\"><span class=\"aioseo-breadcrumb\">\n\t\t\t<a href=\"https:\/\/radiosul.net\/wp\" title=\"Home\">Home<\/a>\n\t\t<\/span><span class=\"aioseo-breadcrumb-separator\">&raquo;<\/span><span class=\"aioseo-breadcrumb\">\n\t\t\t<a href=\"https:\/\/radiosul.net\/wp\/category\/projeto-meu-cavalo\/\" title=\"Projeto Meu Cavalo\">Projeto Meu Cavalo<\/a>\n\t\t<\/span><span class=\"aioseo-breadcrumb-separator\">&raquo;<\/span><span class=\"aioseo-breadcrumb\">\n\t\t\tProjeto Meu Cavalo #1 \u2013 Ventre\n\t\t<\/span><\/div>","aioseo_breadcrumb_json":[{"label":"Home","link":"https:\/\/radiosul.net\/wp"},{"label":"Projeto Meu Cavalo","link":"https:\/\/radiosul.net\/wp\/category\/projeto-meu-cavalo\/"},{"label":"Projeto Meu Cavalo #1 &#8211; Ventre","link":"https:\/\/radiosul.net\/wp\/2022\/projeto-meu-cavalo-1-ventre\/"}],"_links":{"self":[{"href":"https:\/\/radiosul.net\/wp\/wp-json\/wp\/v2\/posts\/22659","targetHints":{"allow":["GET"]}}],"collection":[{"href":"https:\/\/radiosul.net\/wp\/wp-json\/wp\/v2\/posts"}],"about":[{"href":"https:\/\/radiosul.net\/wp\/wp-json\/wp\/v2\/types\/post"}],"author":[{"embeddable":true,"href":"https:\/\/radiosul.net\/wp\/wp-json\/wp\/v2\/users\/9"}],"replies":[{"embeddable":true,"href":"https:\/\/radiosul.net\/wp\/wp-json\/wp\/v2\/comments?post=22659"}],"version-history":[{"count":1,"href":"https:\/\/radiosul.net\/wp\/wp-json\/wp\/v2\/posts\/22659\/revisions"}],"predecessor-version":[{"id":22662,"href":"https:\/\/radiosul.net\/wp\/wp-json\/wp\/v2\/posts\/22659\/revisions\/22662"}],"wp:featuredmedia":[{"embeddable":true,"href":"https:\/\/radiosul.net\/wp\/wp-json\/wp\/v2\/media\/22660"}],"wp:attachment":[{"href":"https:\/\/radiosul.net\/wp\/wp-json\/wp\/v2\/media?parent=22659"}],"wp:term":[{"taxonomy":"category","embeddable":true,"href":"https:\/\/radiosul.net\/wp\/wp-json\/wp\/v2\/categories?post=22659"},{"taxonomy":"post_tag","embeddable":true,"href":"https:\/\/radiosul.net\/wp\/wp-json\/wp\/v2\/tags?post=22659"}],"curies":[{"name":"wp","href":"https:\/\/api.w.org\/{rel}","templated":true}]}}