{"id":21247,"date":"2021-11-30T16:36:01","date_gmt":"2021-11-30T19:36:01","guid":{"rendered":"https:\/\/radiosul.net\/wp\/?p=21247"},"modified":"2021-11-30T16:36:03","modified_gmt":"2021-11-30T19:36:03","slug":"farsul-realiza-reuniao-com-leiloeiros-do-estado","status":"publish","type":"post","link":"https:\/\/radiosul.net\/wp\/2021\/farsul-realiza-reuniao-com-leiloeiros-do-estado\/","title":{"rendered":"Farsul realiza reuni\u00e3o com leiloeiros do estado"},"content":{"rendered":"\n<p class=\"wp-block-paragraph\"><em>Encontro teve como tema a atual legisla\u00e7\u00e3o<\/em><\/p>\n\n\n\n<p class=\"wp-block-paragraph\">A Farsul realizou reuni\u00e3o com leiloeiros rurais do Rio Grande do Sul. O encontro aconteceu na sede da Federa\u00e7\u00e3o no dia 30 de novembro e foi a primeira a\u00e7\u00e3o ap\u00f3s o recadastramento dos profissionais. Prevista para ser exclusivamente presencial, passou para o formato h\u00edbrido por solicita\u00e7\u00e3o do Sindicato dos Leiloeiros Rurais e Empresas de Leil\u00e3o Rural do Estado (Sindiler). O objetivo foi explicar a legisla\u00e7\u00e3o vigente e as proposi\u00e7\u00f5es que devem vigorar a partir do pr\u00f3ximo ano.<\/p>\n\n\n\n<p class=\"wp-block-paragraph\">O diretor Jur\u00eddico da Farsul, Nestor Hein, foi quem conduziu a reuni\u00e3o. Ele destacou que o Departamento Jur\u00eddico \u00e9 o respons\u00e1vel pelo controle da aplica\u00e7\u00e3o da lei 4.021\/61 que cria e regulamenta a atividade de leiloeiro rural. &#8220;Trabalho na Farsul h\u00e1 38 anos e nesse per\u00edodo caiu para mim o controle da legisla\u00e7\u00e3o dos leiloeiros. Ao longo desses anos tivemos diversos problemas, alguns com extrema gravidade e todos conseguimos resolver&#8221;, comentou.<\/p>\n\n\n\n<p class=\"wp-block-paragraph\">Hein explicou os motivos que levaram a Farsul a realizar o recadastramento dos leiloeiros rurais. &#8220;A Farsul vem nomeando leiloeiros h\u00e1 muitos anos, houve baixas por \u00f3bito, alguns n\u00e3o leiloam mais e n\u00e3o deram baixa. Precis\u00e1vamos saber o tamanho dos nossos leiloeiros, quantos s\u00e3o. Ent\u00e3o estabelecemos essa meta de fazer o recadastramento, cujo a primeira fase j\u00e1 se encerrou&#8221;, disse.<\/p>\n\n\n\n<p class=\"wp-block-paragraph\">No total, 82 leiloeiros se recadastraram e 12 est\u00e3o ativos no Sindiler, por\u00e9m n\u00e3o encaminharam documenta\u00e7\u00e3o para a Federa\u00e7\u00e3o. Eles receberam correspond\u00eancia solicitando a regulariza\u00e7\u00e3o da situa\u00e7\u00e3o. Hein tamb\u00e9m lembrou que a Federa\u00e7\u00e3o possui rela\u00e7\u00e3o apenas com os leiloeiros rurais, n\u00e3o tendo nenhum v\u00ednculo com os escrit\u00f3rios de remates.<\/p>\n\n\n\n<p class=\"wp-block-paragraph\">Outro tema tratado no encontro foi sobre os leil\u00f5es virtuais. &#8220;Os remates presenciais acontecem sem problemas. H\u00e1 uma desintelig\u00eancia interpretativa em rela\u00e7\u00e3o a leil\u00f5es virtuais. Remates virtuais continuam sendo remates. A mesa est\u00e1 em um lugar, os animais em outro. Animais vindo de diferentes sindicatos para formar um rebanho que ser\u00e1 vendido em lotes. Isso \u00e9 uma situa\u00e7\u00e3o nova. Nesse leil\u00e3o, a Farsul e os sindicatos t\u00eam o mesmo direito dos leil\u00f5es presenciais&#8221;, afirmou. Hein informou que est\u00e1 sendo preparado um novo regulamento de leil\u00f5es para o Rio Grande do Sul que deve entrar em vigor em 2022.<\/p>\n\n\n\n<p class=\"wp-block-paragraph\">Em sua manifesta\u00e7\u00e3o, o presidente do Sindiler, Enio Dias dos Santos, destacou a rela\u00e7\u00e3o com a Farsul e o atual momento. &#8220;Hoje \u00e9 um marco diferenciado em rela\u00e7\u00e3o ao que vinha acontecendo e a Farsul pretende acertar a partir de ent\u00e3o esse novo quadro&#8221;, declarou.<\/p>\n\n\n\n<p class=\"wp-block-paragraph\">O presidente do Sistema Farsul, Gede\u00e3o Pereira, defendeu a boa rela\u00e7\u00e3o entre as entidades e os profissionais. &#8220;O que menos nos interessa \u00e9 qualquer possibilidade de lit\u00edgio. Est\u00e1 no colo da Farsul a regulamenta\u00e7\u00e3o, tanto que quem d\u00e1 o certificado de leiloeiro \u00e9 a Federa\u00e7\u00e3o da Agricultura do Rio grande do Sul. Isso \u00e9 uma rela\u00e7\u00e3o t\u00e3o antiga que aquilo que est\u00e1 estabelecido a Farsul n\u00e3o vai mexer.&#8221;, afirmou. Ele tamb\u00e9m deixou claro que qualquer altera\u00e7\u00e3o em rela\u00e7\u00e3o a legisla\u00e7\u00e3o vigente quanto a atividade do leiloeiro rural n\u00e3o encontrar\u00e1 resist\u00eancia da Federa\u00e7\u00e3o.<\/p>\n\n\n\n<p class=\"wp-block-paragraph\"><strong><em>Fonte: Imprensa Sistema Farsul<\/em><\/strong><\/p>\n","protected":false},"excerpt":{"rendered":"<p>Encontro teve como tema a atual legisla\u00e7\u00e3o A Farsul realizou reuni\u00e3o com leiloeiros rurais do Rio Grande do Sul. O encontro aconteceu na sede da Federa\u00e7\u00e3o no dia 30 de novembro e foi a primeira a\u00e7\u00e3o ap\u00f3s o recadastramento dos profissionais. Prevista para ser exclusivamente presencial, passou para o formato h\u00edbrido por solicita\u00e7\u00e3o do Sindicato &hellip;<\/p>\n","protected":false},"author":9,"featured_media":21249,"comment_status":"closed","ping_status":"closed","sticky":false,"template":"","format":"standard","meta":{"_monsterinsights_skip_tracking":false,"_uf_show_specific_survey":0,"_uf_disable_surveys":false,"footnotes":""},"categories":[1,126],"tags":[],"class_list":["post-21247","post","type-post","status-publish","format-standard","has-post-thumbnail","hentry","category-agro","category-destacados"],"aioseo_notices":[],"aioseo_head":"\n\t\t<!-- All in One SEO 5.0.1.1 - aioseo.com -->\n\t<meta name=\"description\" content=\"Encontro teve como tema a atual legisla\u00e7\u00e3o A Farsul realizou reuni\u00e3o com leiloeiros rurais do Rio Grande do Sul. O encontro aconteceu na sede da Federa\u00e7\u00e3o no dia 30 de novembro e foi a primeira a\u00e7\u00e3o ap\u00f3s o recadastramento dos profissionais. Prevista para ser exclusivamente presencial, passou para o formato h\u00edbrido por solicita\u00e7\u00e3o do Sindicato\" \/>\n\t<meta name=\"robots\" content=\"max-image-preview:large\" \/>\n\t<meta name=\"author\" content=\"Alejo Bordon\"\/>\n\t<link rel=\"canonical\" href=\"https:\/\/radiosul.net\/wp\/2021\/farsul-realiza-reuniao-com-leiloeiros-do-estado\/\" \/>\n\t<meta name=\"generator\" content=\"All in One SEO (AIOSEO) 5.0.1.1\" \/>\n\t\t<meta property=\"og:locale\" content=\"pt_BR\" \/>\n\t\t<meta property=\"og:site_name\" content=\"radiosul.net - Regional por Excel\u00eancia\" \/>\n\t\t<meta property=\"og:type\" content=\"article\" \/>\n\t\t<meta property=\"og:title\" content=\"Farsul realiza reuni\u00e3o com leiloeiros do estado - radiosul.net\" \/>\n\t\t<meta property=\"og:description\" content=\"Encontro teve como tema a atual legisla\u00e7\u00e3o A Farsul realizou reuni\u00e3o com leiloeiros rurais do Rio Grande do Sul. O encontro aconteceu na sede da Federa\u00e7\u00e3o no dia 30 de novembro e foi a primeira a\u00e7\u00e3o ap\u00f3s o recadastramento dos profissionais. Prevista para ser exclusivamente presencial, passou para o formato h\u00edbrido por solicita\u00e7\u00e3o do Sindicato\" \/>\n\t\t<meta property=\"og:url\" content=\"https:\/\/radiosul.net\/wp\/2021\/farsul-realiza-reuniao-com-leiloeiros-do-estado\/\" \/>\n\t\t<meta property=\"article:published_time\" content=\"2021-11-30T19:36:01+00:00\" \/>\n\t\t<meta property=\"article:modified_time\" content=\"2021-11-30T19:36:03+00:00\" \/>\n\t\t<meta name=\"twitter:card\" content=\"summary_large_image\" \/>\n\t\t<meta name=\"twitter:title\" content=\"Farsul realiza reuni\u00e3o com leiloeiros do estado - radiosul.net\" \/>\n\t\t<meta name=\"twitter:description\" content=\"Encontro teve como tema a atual legisla\u00e7\u00e3o A Farsul realizou reuni\u00e3o com leiloeiros rurais do Rio Grande do Sul. O encontro aconteceu na sede da Federa\u00e7\u00e3o no dia 30 de novembro e foi a primeira a\u00e7\u00e3o ap\u00f3s o recadastramento dos profissionais. Prevista para ser exclusivamente presencial, passou para o formato h\u00edbrido por solicita\u00e7\u00e3o do Sindicato\" \/>\n\t\t<script type=\"application\/ld+json\" class=\"aioseo-schema\">\n\t\t\t{\"@context\":\"https:\\\/\\\/schema.org\",\"@graph\":[{\"@type\":\"BlogPosting\",\"@id\":\"https:\\\/\\\/radiosul.net\\\/wp\\\/2021\\\/farsul-realiza-reuniao-com-leiloeiros-do-estado\\\/#blogposting\",\"name\":\"Farsul realiza reuni\\u00e3o com leiloeiros do estado - radiosul.net\",\"headline\":\"Farsul realiza reuni\\u00e3o com leiloeiros do estado\",\"author\":{\"@id\":\"https:\\\/\\\/radiosul.net\\\/wp\\\/author\\\/alejo\\\/#author\"},\"publisher\":{\"@id\":\"https:\\\/\\\/radiosul.net\\\/wp\\\/#organization\"},\"image\":{\"@type\":\"ImageObject\",\"url\":\"https:\\\/\\\/radiosul.net\\\/wp\\\/wp-content\\\/uploads\\\/2021\\\/11\\\/DSC1778.jpg\",\"width\":600,\"height\":398,\"caption\":\"Foto: Gerson Raugust \\\/ Divulga\\u00e7\\u00e3o Sistema Farsul\"},\"datePublished\":\"2021-11-30T16:36:01-03:00\",\"dateModified\":\"2021-11-30T16:36:03-03:00\",\"inLanguage\":\"pt-BR\",\"mainEntityOfPage\":{\"@id\":\"https:\\\/\\\/radiosul.net\\\/wp\\\/2021\\\/farsul-realiza-reuniao-com-leiloeiros-do-estado\\\/#webpage\"},\"isPartOf\":{\"@id\":\"https:\\\/\\\/radiosul.net\\\/wp\\\/2021\\\/farsul-realiza-reuniao-com-leiloeiros-do-estado\\\/#webpage\"},\"articleSection\":\"Agroneg\\u00f3cio, Destaque\"},{\"@type\":\"BreadcrumbList\",\"@id\":\"https:\\\/\\\/radiosul.net\\\/wp\\\/2021\\\/farsul-realiza-reuniao-com-leiloeiros-do-estado\\\/#breadcrumblist\",\"itemListElement\":[{\"@type\":\"ListItem\",\"@id\":\"https:\\\/\\\/radiosul.net\\\/wp#listItem\",\"position\":1,\"name\":\"Home\",\"item\":\"https:\\\/\\\/radiosul.net\\\/wp\",\"nextItem\":{\"@type\":\"ListItem\",\"@id\":\"https:\\\/\\\/radiosul.net\\\/wp\\\/category\\\/agro\\\/#listItem\",\"name\":\"Agroneg\\u00f3cio\"}},{\"@type\":\"ListItem\",\"@id\":\"https:\\\/\\\/radiosul.net\\\/wp\\\/category\\\/agro\\\/#listItem\",\"position\":2,\"name\":\"Agroneg\\u00f3cio\",\"item\":\"https:\\\/\\\/radiosul.net\\\/wp\\\/category\\\/agro\\\/\",\"nextItem\":{\"@type\":\"ListItem\",\"@id\":\"https:\\\/\\\/radiosul.net\\\/wp\\\/2021\\\/farsul-realiza-reuniao-com-leiloeiros-do-estado\\\/#listItem\",\"name\":\"Farsul realiza reuni\\u00e3o com leiloeiros do estado\"},\"previousItem\":{\"@type\":\"ListItem\",\"@id\":\"https:\\\/\\\/radiosul.net\\\/wp#listItem\",\"name\":\"Home\"}},{\"@type\":\"ListItem\",\"@id\":\"https:\\\/\\\/radiosul.net\\\/wp\\\/2021\\\/farsul-realiza-reuniao-com-leiloeiros-do-estado\\\/#listItem\",\"position\":3,\"name\":\"Farsul realiza reuni\\u00e3o com leiloeiros do estado\",\"previousItem\":{\"@type\":\"ListItem\",\"@id\":\"https:\\\/\\\/radiosul.net\\\/wp\\\/category\\\/agro\\\/#listItem\",\"name\":\"Agroneg\\u00f3cio\"}}]},{\"@type\":\"Organization\",\"@id\":\"https:\\\/\\\/radiosul.net\\\/wp\\\/#organization\",\"name\":\"radiosul.net\",\"description\":\"Regional por Excel\\u00eancia\",\"url\":\"https:\\\/\\\/radiosul.net\\\/wp\\\/\"},{\"@type\":\"Person\",\"@id\":\"https:\\\/\\\/radiosul.net\\\/wp\\\/author\\\/alejo\\\/#author\",\"url\":\"https:\\\/\\\/radiosul.net\\\/wp\\\/author\\\/alejo\\\/\",\"name\":\"Alejo Bordon\",\"image\":{\"@type\":\"ImageObject\",\"@id\":\"https:\\\/\\\/radiosul.net\\\/wp\\\/2021\\\/farsul-realiza-reuniao-com-leiloeiros-do-estado\\\/#authorImage\",\"url\":\"https:\\\/\\\/secure.gravatar.com\\\/avatar\\\/b3a7e7f1c71212e6a5b7183b79a2ab58dad8bdc4cd4eadd61c4434d010d0bae4?s=96&d=mm&r=g\",\"width\":96,\"height\":96,\"caption\":\"Alejo Bordon\"}},{\"@type\":\"WebPage\",\"@id\":\"https:\\\/\\\/radiosul.net\\\/wp\\\/2021\\\/farsul-realiza-reuniao-com-leiloeiros-do-estado\\\/#webpage\",\"url\":\"https:\\\/\\\/radiosul.net\\\/wp\\\/2021\\\/farsul-realiza-reuniao-com-leiloeiros-do-estado\\\/\",\"name\":\"Farsul realiza reuni\\u00e3o com leiloeiros do estado - radiosul.net\",\"description\":\"Encontro teve como tema a atual legisla\\u00e7\\u00e3o A Farsul realizou reuni\\u00e3o com leiloeiros rurais do Rio Grande do Sul. O encontro aconteceu na sede da Federa\\u00e7\\u00e3o no dia 30 de novembro e foi a primeira a\\u00e7\\u00e3o ap\\u00f3s o recadastramento dos profissionais. Prevista para ser exclusivamente presencial, passou para o formato h\\u00edbrido por solicita\\u00e7\\u00e3o do Sindicato\",\"inLanguage\":\"pt-BR\",\"isPartOf\":{\"@id\":\"https:\\\/\\\/radiosul.net\\\/wp\\\/#website\"},\"breadcrumb\":{\"@id\":\"https:\\\/\\\/radiosul.net\\\/wp\\\/2021\\\/farsul-realiza-reuniao-com-leiloeiros-do-estado\\\/#breadcrumblist\"},\"author\":{\"@id\":\"https:\\\/\\\/radiosul.net\\\/wp\\\/author\\\/alejo\\\/#author\"},\"creator\":{\"@id\":\"https:\\\/\\\/radiosul.net\\\/wp\\\/author\\\/alejo\\\/#author\"},\"image\":{\"@type\":\"ImageObject\",\"url\":\"https:\\\/\\\/radiosul.net\\\/wp\\\/wp-content\\\/uploads\\\/2021\\\/11\\\/DSC1778.jpg\",\"@id\":\"https:\\\/\\\/radiosul.net\\\/wp\\\/2021\\\/farsul-realiza-reuniao-com-leiloeiros-do-estado\\\/#mainImage\",\"width\":600,\"height\":398,\"caption\":\"Foto: Gerson Raugust \\\/ Divulga\\u00e7\\u00e3o Sistema Farsul\"},\"primaryImageOfPage\":{\"@id\":\"https:\\\/\\\/radiosul.net\\\/wp\\\/2021\\\/farsul-realiza-reuniao-com-leiloeiros-do-estado\\\/#mainImage\"},\"datePublished\":\"2021-11-30T16:36:01-03:00\",\"dateModified\":\"2021-11-30T16:36:03-03:00\"},{\"@type\":\"WebSite\",\"@id\":\"https:\\\/\\\/radiosul.net\\\/wp\\\/#website\",\"url\":\"https:\\\/\\\/radiosul.net\\\/wp\\\/\",\"name\":\"radiosul.net\",\"description\":\"Regional por Excel\\u00eancia\",\"inLanguage\":\"pt-BR\",\"publisher\":{\"@id\":\"https:\\\/\\\/radiosul.net\\\/wp\\\/#organization\"}}]}\n\t\t<\/script>\n\t\t<!-- All in One SEO -->\n\n","aioseo_head_json":{"title":"Farsul realiza reuni\u00e3o com leiloeiros do estado - radiosul.net","description":"Encontro teve como tema a atual legisla\u00e7\u00e3o A Farsul realizou reuni\u00e3o com leiloeiros rurais do Rio Grande do Sul. O encontro aconteceu na sede da Federa\u00e7\u00e3o no dia 30 de novembro e foi a primeira a\u00e7\u00e3o ap\u00f3s o recadastramento dos profissionais. Prevista para ser exclusivamente presencial, passou para o formato h\u00edbrido por solicita\u00e7\u00e3o do Sindicato","canonical_url":"https:\/\/radiosul.net\/wp\/2021\/farsul-realiza-reuniao-com-leiloeiros-do-estado\/","robots":"max-image-preview:large","keywords":"","webmasterTools":{"miscellaneous":""},"schema":{"@context":"https:\/\/schema.org","@graph":[{"@type":"BlogPosting","@id":"https:\/\/radiosul.net\/wp\/2021\/farsul-realiza-reuniao-com-leiloeiros-do-estado\/#blogposting","name":"Farsul realiza reuni\u00e3o com leiloeiros do estado - radiosul.net","headline":"Farsul realiza reuni\u00e3o com leiloeiros do estado","author":{"@id":"https:\/\/radiosul.net\/wp\/author\/alejo\/#author"},"publisher":{"@id":"https:\/\/radiosul.net\/wp\/#organization"},"image":{"@type":"ImageObject","url":"https:\/\/radiosul.net\/wp\/wp-content\/uploads\/2021\/11\/DSC1778.jpg","width":600,"height":398,"caption":"Foto: Gerson Raugust \/ Divulga\u00e7\u00e3o Sistema Farsul"},"datePublished":"2021-11-30T16:36:01-03:00","dateModified":"2021-11-30T16:36:03-03:00","inLanguage":"pt-BR","mainEntityOfPage":{"@id":"https:\/\/radiosul.net\/wp\/2021\/farsul-realiza-reuniao-com-leiloeiros-do-estado\/#webpage"},"isPartOf":{"@id":"https:\/\/radiosul.net\/wp\/2021\/farsul-realiza-reuniao-com-leiloeiros-do-estado\/#webpage"},"articleSection":"Agroneg\u00f3cio, Destaque"},{"@type":"BreadcrumbList","@id":"https:\/\/radiosul.net\/wp\/2021\/farsul-realiza-reuniao-com-leiloeiros-do-estado\/#breadcrumblist","itemListElement":[{"@type":"ListItem","@id":"https:\/\/radiosul.net\/wp#listItem","position":1,"name":"Home","item":"https:\/\/radiosul.net\/wp","nextItem":{"@type":"ListItem","@id":"https:\/\/radiosul.net\/wp\/category\/agro\/#listItem","name":"Agroneg\u00f3cio"}},{"@type":"ListItem","@id":"https:\/\/radiosul.net\/wp\/category\/agro\/#listItem","position":2,"name":"Agroneg\u00f3cio","item":"https:\/\/radiosul.net\/wp\/category\/agro\/","nextItem":{"@type":"ListItem","@id":"https:\/\/radiosul.net\/wp\/2021\/farsul-realiza-reuniao-com-leiloeiros-do-estado\/#listItem","name":"Farsul realiza reuni\u00e3o com leiloeiros do estado"},"previousItem":{"@type":"ListItem","@id":"https:\/\/radiosul.net\/wp#listItem","name":"Home"}},{"@type":"ListItem","@id":"https:\/\/radiosul.net\/wp\/2021\/farsul-realiza-reuniao-com-leiloeiros-do-estado\/#listItem","position":3,"name":"Farsul realiza reuni\u00e3o com leiloeiros do estado","previousItem":{"@type":"ListItem","@id":"https:\/\/radiosul.net\/wp\/category\/agro\/#listItem","name":"Agroneg\u00f3cio"}}]},{"@type":"Organization","@id":"https:\/\/radiosul.net\/wp\/#organization","name":"radiosul.net","description":"Regional por Excel\u00eancia","url":"https:\/\/radiosul.net\/wp\/"},{"@type":"Person","@id":"https:\/\/radiosul.net\/wp\/author\/alejo\/#author","url":"https:\/\/radiosul.net\/wp\/author\/alejo\/","name":"Alejo Bordon","image":{"@type":"ImageObject","@id":"https:\/\/radiosul.net\/wp\/2021\/farsul-realiza-reuniao-com-leiloeiros-do-estado\/#authorImage","url":"https:\/\/secure.gravatar.com\/avatar\/b3a7e7f1c71212e6a5b7183b79a2ab58dad8bdc4cd4eadd61c4434d010d0bae4?s=96&d=mm&r=g","width":96,"height":96,"caption":"Alejo Bordon"}},{"@type":"WebPage","@id":"https:\/\/radiosul.net\/wp\/2021\/farsul-realiza-reuniao-com-leiloeiros-do-estado\/#webpage","url":"https:\/\/radiosul.net\/wp\/2021\/farsul-realiza-reuniao-com-leiloeiros-do-estado\/","name":"Farsul realiza reuni\u00e3o com leiloeiros do estado - radiosul.net","description":"Encontro teve como tema a atual legisla\u00e7\u00e3o A Farsul realizou reuni\u00e3o com leiloeiros rurais do Rio Grande do Sul. O encontro aconteceu na sede da Federa\u00e7\u00e3o no dia 30 de novembro e foi a primeira a\u00e7\u00e3o ap\u00f3s o recadastramento dos profissionais. Prevista para ser exclusivamente presencial, passou para o formato h\u00edbrido por solicita\u00e7\u00e3o do Sindicato","inLanguage":"pt-BR","isPartOf":{"@id":"https:\/\/radiosul.net\/wp\/#website"},"breadcrumb":{"@id":"https:\/\/radiosul.net\/wp\/2021\/farsul-realiza-reuniao-com-leiloeiros-do-estado\/#breadcrumblist"},"author":{"@id":"https:\/\/radiosul.net\/wp\/author\/alejo\/#author"},"creator":{"@id":"https:\/\/radiosul.net\/wp\/author\/alejo\/#author"},"image":{"@type":"ImageObject","url":"https:\/\/radiosul.net\/wp\/wp-content\/uploads\/2021\/11\/DSC1778.jpg","@id":"https:\/\/radiosul.net\/wp\/2021\/farsul-realiza-reuniao-com-leiloeiros-do-estado\/#mainImage","width":600,"height":398,"caption":"Foto: Gerson Raugust \/ Divulga\u00e7\u00e3o Sistema Farsul"},"primaryImageOfPage":{"@id":"https:\/\/radiosul.net\/wp\/2021\/farsul-realiza-reuniao-com-leiloeiros-do-estado\/#mainImage"},"datePublished":"2021-11-30T16:36:01-03:00","dateModified":"2021-11-30T16:36:03-03:00"},{"@type":"WebSite","@id":"https:\/\/radiosul.net\/wp\/#website","url":"https:\/\/radiosul.net\/wp\/","name":"radiosul.net","description":"Regional por Excel\u00eancia","inLanguage":"pt-BR","publisher":{"@id":"https:\/\/radiosul.net\/wp\/#organization"}}]},"og:locale":"pt_BR","og:site_name":"radiosul.net - Regional por Excel\u00eancia","og:type":"article","og:title":"Farsul realiza reuni\u00e3o com leiloeiros do estado - radiosul.net","og:description":"Encontro teve como tema a atual legisla\u00e7\u00e3o A Farsul realizou reuni\u00e3o com leiloeiros rurais do Rio Grande do Sul. O encontro aconteceu na sede da Federa\u00e7\u00e3o no dia 30 de novembro e foi a primeira a\u00e7\u00e3o ap\u00f3s o recadastramento dos profissionais. Prevista para ser exclusivamente presencial, passou para o formato h\u00edbrido por solicita\u00e7\u00e3o do Sindicato","og:url":"https:\/\/radiosul.net\/wp\/2021\/farsul-realiza-reuniao-com-leiloeiros-do-estado\/","article:published_time":"2021-11-30T19:36:01+00:00","article:modified_time":"2021-11-30T19:36:03+00:00","twitter:card":"summary_large_image","twitter:title":"Farsul realiza reuni\u00e3o com leiloeiros do estado - radiosul.net","twitter:description":"Encontro teve como tema a atual legisla\u00e7\u00e3o A Farsul realizou reuni\u00e3o com leiloeiros rurais do Rio Grande do Sul. O encontro aconteceu na sede da Federa\u00e7\u00e3o no dia 30 de novembro e foi a primeira a\u00e7\u00e3o ap\u00f3s o recadastramento dos profissionais. Prevista para ser exclusivamente presencial, passou para o formato h\u00edbrido por solicita\u00e7\u00e3o do Sindicato"},"aioseo_meta_data":{"post_id":"21247","title":null,"description":null,"keywords":null,"keyphrases":null,"primary_term":null,"canonical_url":null,"og_title":null,"og_description":null,"og_object_type":"default","og_image_type":"default","og_image_url":null,"og_image_width":null,"og_image_height":null,"og_image_custom_url":null,"og_image_custom_fields":null,"og_video":null,"og_custom_url":null,"og_article_section":null,"og_article_tags":null,"twitter_use_og":false,"twitter_card":"default","twitter_image_type":"default","twitter_image_url":null,"twitter_image_custom_url":null,"twitter_image_custom_fields":null,"twitter_title":null,"twitter_description":null,"schema":{"blockGraphs":[],"customGraphs":[],"default":{"data":{"Article":[],"Course":[],"Dataset":[],"FAQPage":[],"Movie":[],"Person":[],"Product":[],"ProductReview":[],"Car":[],"Recipe":[],"Service":[],"SoftwareApplication":[],"WebPage":[]},"graphName":"","isEnabled":true},"graphs":[]},"schema_type":"default","schema_type_options":null,"pillar_content":false,"robots_default":true,"robots_noindex":false,"robots_noarchive":false,"robots_nosnippet":false,"robots_nofollow":false,"robots_noimageindex":false,"robots_noodp":false,"robots_notranslate":false,"robots_max_snippet":null,"robots_max_videopreview":null,"robots_max_imagepreview":"large","priority":null,"frequency":null,"local_seo":null,"breadcrumb_settings":null,"limit_modified_date":false,"ai":null,"created":"2026-01-09 05:52:57","updated":"2026-01-09 05:52:57","seo_analyzer_scan_date":null,"focus_keyword":null,"additional_keywords":null,"truseo_locale":null},"aioseo_breadcrumb":"<div class=\"aioseo-breadcrumbs\"><span class=\"aioseo-breadcrumb\">\n\t\t\t<a href=\"https:\/\/radiosul.net\/wp\" title=\"Home\">Home<\/a>\n\t\t<\/span><span class=\"aioseo-breadcrumb-separator\">&raquo;<\/span><span class=\"aioseo-breadcrumb\">\n\t\t\t<a href=\"https:\/\/radiosul.net\/wp\/category\/agro\/\" title=\"Agroneg\u00f3cio\">Agroneg\u00f3cio<\/a>\n\t\t<\/span><span class=\"aioseo-breadcrumb-separator\">&raquo;<\/span><span class=\"aioseo-breadcrumb\">\n\t\t\tFarsul realiza reuni\u00e3o com leiloeiros do estado\n\t\t<\/span><\/div>","aioseo_breadcrumb_json":[{"label":"Home","link":"https:\/\/radiosul.net\/wp"},{"label":"Agroneg\u00f3cio","link":"https:\/\/radiosul.net\/wp\/category\/agro\/"},{"label":"Farsul realiza reuni\u00e3o com leiloeiros do estado","link":"https:\/\/radiosul.net\/wp\/2021\/farsul-realiza-reuniao-com-leiloeiros-do-estado\/"}],"_links":{"self":[{"href":"https:\/\/radiosul.net\/wp\/wp-json\/wp\/v2\/posts\/21247","targetHints":{"allow":["GET"]}}],"collection":[{"href":"https:\/\/radiosul.net\/wp\/wp-json\/wp\/v2\/posts"}],"about":[{"href":"https:\/\/radiosul.net\/wp\/wp-json\/wp\/v2\/types\/post"}],"author":[{"embeddable":true,"href":"https:\/\/radiosul.net\/wp\/wp-json\/wp\/v2\/users\/9"}],"replies":[{"embeddable":true,"href":"https:\/\/radiosul.net\/wp\/wp-json\/wp\/v2\/comments?post=21247"}],"version-history":[{"count":1,"href":"https:\/\/radiosul.net\/wp\/wp-json\/wp\/v2\/posts\/21247\/revisions"}],"predecessor-version":[{"id":21251,"href":"https:\/\/radiosul.net\/wp\/wp-json\/wp\/v2\/posts\/21247\/revisions\/21251"}],"wp:featuredmedia":[{"embeddable":true,"href":"https:\/\/radiosul.net\/wp\/wp-json\/wp\/v2\/media\/21249"}],"wp:attachment":[{"href":"https:\/\/radiosul.net\/wp\/wp-json\/wp\/v2\/media?parent=21247"}],"wp:term":[{"taxonomy":"category","embeddable":true,"href":"https:\/\/radiosul.net\/wp\/wp-json\/wp\/v2\/categories?post=21247"},{"taxonomy":"post_tag","embeddable":true,"href":"https:\/\/radiosul.net\/wp\/wp-json\/wp\/v2\/tags?post=21247"}],"curies":[{"name":"wp","href":"https:\/\/api.w.org\/{rel}","templated":true}]}}