{"id":21069,"date":"2021-11-08T17:05:40","date_gmt":"2021-11-08T20:05:40","guid":{"rendered":"https:\/\/radiosul.net\/wp\/?p=21069"},"modified":"2021-11-08T17:05:42","modified_gmt":"2021-11-08T20:05:42","slug":"angus-tera-julgamento-e-palestras-na-47a-expofeira-de-rio-grande","status":"publish","type":"post","link":"https:\/\/radiosul.net\/wp\/2021\/angus-tera-julgamento-e-palestras-na-47a-expofeira-de-rio-grande\/","title":{"rendered":"Angus ter\u00e1 julgamento e palestras na 47\u00aa Expofeira de Rio Grande"},"content":{"rendered":"\n<p class=\"wp-block-paragraph\">A ra\u00e7a Angus participar\u00e1 da 47\u00aa Expofeira de Rio Grande (RS) com julgamento de exemplares e palestras t\u00e9cnicas para criadores da regi\u00e3o. O evento ser\u00e1 nos dias 12, 13, 14 e 15 de novembro, no Parque Filinto El\u00e1dio da Silveira. A exposi\u00e7\u00e3o ser\u00e1 semipresencial a exemplo do ano passado em raz\u00e3o do cen\u00e1rio de pandemia. As atividades ter\u00e3o transmiss\u00e3o pelo Facebook do Sindicato Rural de Rio Grande.<\/p>\n\n\n\n<p class=\"wp-block-paragraph\">Os exemplares Angus que ir\u00e3o a julgamento ser\u00e3o admitidos na sexta-feira (12\/11) at\u00e9 \u00e0s 10h, na sequ\u00eancia ser\u00e1 realizada a avalia\u00e7\u00e3o pela m\u00e9dica veterin\u00e1ria e jurada Andreia Lucas. Na parte da tarde ser\u00e1 realizado Balc\u00e3o de Neg\u00f3cios, com comercializa\u00e7\u00e3o nas mangueiras. Cada dia ter\u00e1 uma palestra t\u00e9cnica para os criadores.<\/p>\n\n\n\n<p class=\"wp-block-paragraph\">O presidente do Sindicato e propriet\u00e1rio da Cabanha Arand\u00fa, Ronaldo Zechlinski de Oliveira, explica que n\u00e3o ser\u00e3o realizados shows, bailes, opera\u00e7\u00f5es de gastronomia, nem mateadas. \u201cTeremos restri\u00e7\u00f5es de p\u00fablico para evitar aglomera\u00e7\u00f5es\u201d. O encerramento da Expofeira se dar\u00e1 com remate de gado geral no dia 15 de novembro.<\/p>\n\n\n\n<p class=\"wp-block-paragraph\"><strong><em>Fonte: Associa\u00e7\u00e3o Brasileira de Angus<\/em><\/strong><\/p>\n","protected":false},"excerpt":{"rendered":"<p>A ra\u00e7a Angus participar\u00e1 da 47\u00aa Expofeira de Rio Grande (RS) com julgamento de exemplares e palestras t\u00e9cnicas para criadores da regi\u00e3o. O evento ser\u00e1 nos dias 12, 13, 14 e 15 de novembro, no Parque Filinto El\u00e1dio da Silveira. A exposi\u00e7\u00e3o ser\u00e1 semipresencial a exemplo do ano passado em raz\u00e3o do cen\u00e1rio de pandemia. &hellip;<\/p>\n","protected":false},"author":9,"featured_media":21071,"comment_status":"closed","ping_status":"closed","sticky":false,"template":"","format":"standard","meta":{"_monsterinsights_skip_tracking":false,"_uf_show_specific_survey":0,"_uf_disable_surveys":false,"footnotes":""},"categories":[1,126],"tags":[],"class_list":["post-21069","post","type-post","status-publish","format-standard","has-post-thumbnail","hentry","category-agro","category-destacados"],"aioseo_notices":[],"aioseo_head":"\n\t\t<!-- All in One SEO 5.0.1.1 - aioseo.com -->\n\t<meta name=\"description\" content=\"A ra\u00e7a Angus participar\u00e1 da 47\u00aa Expofeira de Rio Grande (RS) com julgamento de exemplares e palestras t\u00e9cnicas para criadores da regi\u00e3o. O evento ser\u00e1 nos dias 12, 13, 14 e 15 de novembro, no Parque Filinto El\u00e1dio da Silveira. A exposi\u00e7\u00e3o ser\u00e1 semipresencial a exemplo do ano passado em raz\u00e3o do cen\u00e1rio de pandemia.\" \/>\n\t<meta name=\"robots\" content=\"max-image-preview:large\" \/>\n\t<meta name=\"author\" content=\"Alejo Bordon\"\/>\n\t<link rel=\"canonical\" href=\"https:\/\/radiosul.net\/wp\/2021\/angus-tera-julgamento-e-palestras-na-47a-expofeira-de-rio-grande\/\" \/>\n\t<meta name=\"generator\" content=\"All in One SEO (AIOSEO) 5.0.1.1\" \/>\n\t\t<meta property=\"og:locale\" content=\"pt_BR\" \/>\n\t\t<meta property=\"og:site_name\" content=\"radiosul.net - Regional por Excel\u00eancia\" \/>\n\t\t<meta property=\"og:type\" content=\"article\" \/>\n\t\t<meta property=\"og:title\" content=\"Angus ter\u00e1 julgamento e palestras na 47\u00aa Expofeira de Rio Grande - radiosul.net\" \/>\n\t\t<meta property=\"og:description\" content=\"A ra\u00e7a Angus participar\u00e1 da 47\u00aa Expofeira de Rio Grande (RS) com julgamento de exemplares e palestras t\u00e9cnicas para criadores da regi\u00e3o. O evento ser\u00e1 nos dias 12, 13, 14 e 15 de novembro, no Parque Filinto El\u00e1dio da Silveira. A exposi\u00e7\u00e3o ser\u00e1 semipresencial a exemplo do ano passado em raz\u00e3o do cen\u00e1rio de pandemia.\" \/>\n\t\t<meta property=\"og:url\" content=\"https:\/\/radiosul.net\/wp\/2021\/angus-tera-julgamento-e-palestras-na-47a-expofeira-de-rio-grande\/\" \/>\n\t\t<meta property=\"article:published_time\" content=\"2021-11-08T20:05:40+00:00\" \/>\n\t\t<meta property=\"article:modified_time\" content=\"2021-11-08T20:05:42+00:00\" \/>\n\t\t<meta name=\"twitter:card\" content=\"summary_large_image\" \/>\n\t\t<meta name=\"twitter:title\" content=\"Angus ter\u00e1 julgamento e palestras na 47\u00aa Expofeira de Rio Grande - radiosul.net\" \/>\n\t\t<meta name=\"twitter:description\" content=\"A ra\u00e7a Angus participar\u00e1 da 47\u00aa Expofeira de Rio Grande (RS) com julgamento de exemplares e palestras t\u00e9cnicas para criadores da regi\u00e3o. O evento ser\u00e1 nos dias 12, 13, 14 e 15 de novembro, no Parque Filinto El\u00e1dio da Silveira. A exposi\u00e7\u00e3o ser\u00e1 semipresencial a exemplo do ano passado em raz\u00e3o do cen\u00e1rio de pandemia.\" \/>\n\t\t<script type=\"application\/ld+json\" class=\"aioseo-schema\">\n\t\t\t{\"@context\":\"https:\\\/\\\/schema.org\",\"@graph\":[{\"@type\":\"BlogPosting\",\"@id\":\"https:\\\/\\\/radiosul.net\\\/wp\\\/2021\\\/angus-tera-julgamento-e-palestras-na-47a-expofeira-de-rio-grande\\\/#blogposting\",\"name\":\"Angus ter\\u00e1 julgamento e palestras na 47\\u00aa Expofeira de Rio Grande - radiosul.net\",\"headline\":\"Angus ter\\u00e1 julgamento e palestras na 47\\u00aa Expofeira de Rio Grande\",\"author\":{\"@id\":\"https:\\\/\\\/radiosul.net\\\/wp\\\/author\\\/alejo\\\/#author\"},\"publisher\":{\"@id\":\"https:\\\/\\\/radiosul.net\\\/wp\\\/#organization\"},\"image\":{\"@type\":\"ImageObject\",\"url\":\"https:\\\/\\\/radiosul.net\\\/wp\\\/wp-content\\\/uploads\\\/2021\\\/11\\\/sindicatoruralderiograndesite-500x500-1.jpg\",\"width\":500,\"height\":500,\"caption\":\"Foto: Acervo Sindicato Rural de Rio Grande\"},\"datePublished\":\"2021-11-08T17:05:40-03:00\",\"dateModified\":\"2021-11-08T17:05:42-03:00\",\"inLanguage\":\"pt-BR\",\"mainEntityOfPage\":{\"@id\":\"https:\\\/\\\/radiosul.net\\\/wp\\\/2021\\\/angus-tera-julgamento-e-palestras-na-47a-expofeira-de-rio-grande\\\/#webpage\"},\"isPartOf\":{\"@id\":\"https:\\\/\\\/radiosul.net\\\/wp\\\/2021\\\/angus-tera-julgamento-e-palestras-na-47a-expofeira-de-rio-grande\\\/#webpage\"},\"articleSection\":\"Agroneg\\u00f3cio, Destaque\"},{\"@type\":\"BreadcrumbList\",\"@id\":\"https:\\\/\\\/radiosul.net\\\/wp\\\/2021\\\/angus-tera-julgamento-e-palestras-na-47a-expofeira-de-rio-grande\\\/#breadcrumblist\",\"itemListElement\":[{\"@type\":\"ListItem\",\"@id\":\"https:\\\/\\\/radiosul.net\\\/wp#listItem\",\"position\":1,\"name\":\"Home\",\"item\":\"https:\\\/\\\/radiosul.net\\\/wp\",\"nextItem\":{\"@type\":\"ListItem\",\"@id\":\"https:\\\/\\\/radiosul.net\\\/wp\\\/category\\\/agro\\\/#listItem\",\"name\":\"Agroneg\\u00f3cio\"}},{\"@type\":\"ListItem\",\"@id\":\"https:\\\/\\\/radiosul.net\\\/wp\\\/category\\\/agro\\\/#listItem\",\"position\":2,\"name\":\"Agroneg\\u00f3cio\",\"item\":\"https:\\\/\\\/radiosul.net\\\/wp\\\/category\\\/agro\\\/\",\"nextItem\":{\"@type\":\"ListItem\",\"@id\":\"https:\\\/\\\/radiosul.net\\\/wp\\\/2021\\\/angus-tera-julgamento-e-palestras-na-47a-expofeira-de-rio-grande\\\/#listItem\",\"name\":\"Angus ter\\u00e1 julgamento e palestras na 47\\u00aa Expofeira de Rio Grande\"},\"previousItem\":{\"@type\":\"ListItem\",\"@id\":\"https:\\\/\\\/radiosul.net\\\/wp#listItem\",\"name\":\"Home\"}},{\"@type\":\"ListItem\",\"@id\":\"https:\\\/\\\/radiosul.net\\\/wp\\\/2021\\\/angus-tera-julgamento-e-palestras-na-47a-expofeira-de-rio-grande\\\/#listItem\",\"position\":3,\"name\":\"Angus ter\\u00e1 julgamento e palestras na 47\\u00aa Expofeira de Rio Grande\",\"previousItem\":{\"@type\":\"ListItem\",\"@id\":\"https:\\\/\\\/radiosul.net\\\/wp\\\/category\\\/agro\\\/#listItem\",\"name\":\"Agroneg\\u00f3cio\"}}]},{\"@type\":\"Organization\",\"@id\":\"https:\\\/\\\/radiosul.net\\\/wp\\\/#organization\",\"name\":\"radiosul.net\",\"description\":\"Regional por Excel\\u00eancia\",\"url\":\"https:\\\/\\\/radiosul.net\\\/wp\\\/\"},{\"@type\":\"Person\",\"@id\":\"https:\\\/\\\/radiosul.net\\\/wp\\\/author\\\/alejo\\\/#author\",\"url\":\"https:\\\/\\\/radiosul.net\\\/wp\\\/author\\\/alejo\\\/\",\"name\":\"Alejo Bordon\",\"image\":{\"@type\":\"ImageObject\",\"@id\":\"https:\\\/\\\/radiosul.net\\\/wp\\\/2021\\\/angus-tera-julgamento-e-palestras-na-47a-expofeira-de-rio-grande\\\/#authorImage\",\"url\":\"https:\\\/\\\/secure.gravatar.com\\\/avatar\\\/b3a7e7f1c71212e6a5b7183b79a2ab58dad8bdc4cd4eadd61c4434d010d0bae4?s=96&d=mm&r=g\",\"width\":96,\"height\":96,\"caption\":\"Alejo Bordon\"}},{\"@type\":\"WebPage\",\"@id\":\"https:\\\/\\\/radiosul.net\\\/wp\\\/2021\\\/angus-tera-julgamento-e-palestras-na-47a-expofeira-de-rio-grande\\\/#webpage\",\"url\":\"https:\\\/\\\/radiosul.net\\\/wp\\\/2021\\\/angus-tera-julgamento-e-palestras-na-47a-expofeira-de-rio-grande\\\/\",\"name\":\"Angus ter\\u00e1 julgamento e palestras na 47\\u00aa Expofeira de Rio Grande - radiosul.net\",\"description\":\"A ra\\u00e7a Angus participar\\u00e1 da 47\\u00aa Expofeira de Rio Grande (RS) com julgamento de exemplares e palestras t\\u00e9cnicas para criadores da regi\\u00e3o. O evento ser\\u00e1 nos dias 12, 13, 14 e 15 de novembro, no Parque Filinto El\\u00e1dio da Silveira. A exposi\\u00e7\\u00e3o ser\\u00e1 semipresencial a exemplo do ano passado em raz\\u00e3o do cen\\u00e1rio de pandemia.\",\"inLanguage\":\"pt-BR\",\"isPartOf\":{\"@id\":\"https:\\\/\\\/radiosul.net\\\/wp\\\/#website\"},\"breadcrumb\":{\"@id\":\"https:\\\/\\\/radiosul.net\\\/wp\\\/2021\\\/angus-tera-julgamento-e-palestras-na-47a-expofeira-de-rio-grande\\\/#breadcrumblist\"},\"author\":{\"@id\":\"https:\\\/\\\/radiosul.net\\\/wp\\\/author\\\/alejo\\\/#author\"},\"creator\":{\"@id\":\"https:\\\/\\\/radiosul.net\\\/wp\\\/author\\\/alejo\\\/#author\"},\"image\":{\"@type\":\"ImageObject\",\"url\":\"https:\\\/\\\/radiosul.net\\\/wp\\\/wp-content\\\/uploads\\\/2021\\\/11\\\/sindicatoruralderiograndesite-500x500-1.jpg\",\"@id\":\"https:\\\/\\\/radiosul.net\\\/wp\\\/2021\\\/angus-tera-julgamento-e-palestras-na-47a-expofeira-de-rio-grande\\\/#mainImage\",\"width\":500,\"height\":500,\"caption\":\"Foto: Acervo Sindicato Rural de Rio Grande\"},\"primaryImageOfPage\":{\"@id\":\"https:\\\/\\\/radiosul.net\\\/wp\\\/2021\\\/angus-tera-julgamento-e-palestras-na-47a-expofeira-de-rio-grande\\\/#mainImage\"},\"datePublished\":\"2021-11-08T17:05:40-03:00\",\"dateModified\":\"2021-11-08T17:05:42-03:00\"},{\"@type\":\"WebSite\",\"@id\":\"https:\\\/\\\/radiosul.net\\\/wp\\\/#website\",\"url\":\"https:\\\/\\\/radiosul.net\\\/wp\\\/\",\"name\":\"radiosul.net\",\"description\":\"Regional por Excel\\u00eancia\",\"inLanguage\":\"pt-BR\",\"publisher\":{\"@id\":\"https:\\\/\\\/radiosul.net\\\/wp\\\/#organization\"}}]}\n\t\t<\/script>\n\t\t<!-- All in One SEO -->\n\n","aioseo_head_json":{"title":"Angus ter\u00e1 julgamento e palestras na 47\u00aa Expofeira de Rio Grande - radiosul.net","description":"A ra\u00e7a Angus participar\u00e1 da 47\u00aa Expofeira de Rio Grande (RS) com julgamento de exemplares e palestras t\u00e9cnicas para criadores da regi\u00e3o. O evento ser\u00e1 nos dias 12, 13, 14 e 15 de novembro, no Parque Filinto El\u00e1dio da Silveira. A exposi\u00e7\u00e3o ser\u00e1 semipresencial a exemplo do ano passado em raz\u00e3o do cen\u00e1rio de pandemia.","canonical_url":"https:\/\/radiosul.net\/wp\/2021\/angus-tera-julgamento-e-palestras-na-47a-expofeira-de-rio-grande\/","robots":"max-image-preview:large","keywords":"","webmasterTools":{"miscellaneous":""},"schema":{"@context":"https:\/\/schema.org","@graph":[{"@type":"BlogPosting","@id":"https:\/\/radiosul.net\/wp\/2021\/angus-tera-julgamento-e-palestras-na-47a-expofeira-de-rio-grande\/#blogposting","name":"Angus ter\u00e1 julgamento e palestras na 47\u00aa Expofeira de Rio Grande - radiosul.net","headline":"Angus ter\u00e1 julgamento e palestras na 47\u00aa Expofeira de Rio Grande","author":{"@id":"https:\/\/radiosul.net\/wp\/author\/alejo\/#author"},"publisher":{"@id":"https:\/\/radiosul.net\/wp\/#organization"},"image":{"@type":"ImageObject","url":"https:\/\/radiosul.net\/wp\/wp-content\/uploads\/2021\/11\/sindicatoruralderiograndesite-500x500-1.jpg","width":500,"height":500,"caption":"Foto: Acervo Sindicato Rural de Rio Grande"},"datePublished":"2021-11-08T17:05:40-03:00","dateModified":"2021-11-08T17:05:42-03:00","inLanguage":"pt-BR","mainEntityOfPage":{"@id":"https:\/\/radiosul.net\/wp\/2021\/angus-tera-julgamento-e-palestras-na-47a-expofeira-de-rio-grande\/#webpage"},"isPartOf":{"@id":"https:\/\/radiosul.net\/wp\/2021\/angus-tera-julgamento-e-palestras-na-47a-expofeira-de-rio-grande\/#webpage"},"articleSection":"Agroneg\u00f3cio, Destaque"},{"@type":"BreadcrumbList","@id":"https:\/\/radiosul.net\/wp\/2021\/angus-tera-julgamento-e-palestras-na-47a-expofeira-de-rio-grande\/#breadcrumblist","itemListElement":[{"@type":"ListItem","@id":"https:\/\/radiosul.net\/wp#listItem","position":1,"name":"Home","item":"https:\/\/radiosul.net\/wp","nextItem":{"@type":"ListItem","@id":"https:\/\/radiosul.net\/wp\/category\/agro\/#listItem","name":"Agroneg\u00f3cio"}},{"@type":"ListItem","@id":"https:\/\/radiosul.net\/wp\/category\/agro\/#listItem","position":2,"name":"Agroneg\u00f3cio","item":"https:\/\/radiosul.net\/wp\/category\/agro\/","nextItem":{"@type":"ListItem","@id":"https:\/\/radiosul.net\/wp\/2021\/angus-tera-julgamento-e-palestras-na-47a-expofeira-de-rio-grande\/#listItem","name":"Angus ter\u00e1 julgamento e palestras na 47\u00aa Expofeira de Rio Grande"},"previousItem":{"@type":"ListItem","@id":"https:\/\/radiosul.net\/wp#listItem","name":"Home"}},{"@type":"ListItem","@id":"https:\/\/radiosul.net\/wp\/2021\/angus-tera-julgamento-e-palestras-na-47a-expofeira-de-rio-grande\/#listItem","position":3,"name":"Angus ter\u00e1 julgamento e palestras na 47\u00aa Expofeira de Rio Grande","previousItem":{"@type":"ListItem","@id":"https:\/\/radiosul.net\/wp\/category\/agro\/#listItem","name":"Agroneg\u00f3cio"}}]},{"@type":"Organization","@id":"https:\/\/radiosul.net\/wp\/#organization","name":"radiosul.net","description":"Regional por Excel\u00eancia","url":"https:\/\/radiosul.net\/wp\/"},{"@type":"Person","@id":"https:\/\/radiosul.net\/wp\/author\/alejo\/#author","url":"https:\/\/radiosul.net\/wp\/author\/alejo\/","name":"Alejo Bordon","image":{"@type":"ImageObject","@id":"https:\/\/radiosul.net\/wp\/2021\/angus-tera-julgamento-e-palestras-na-47a-expofeira-de-rio-grande\/#authorImage","url":"https:\/\/secure.gravatar.com\/avatar\/b3a7e7f1c71212e6a5b7183b79a2ab58dad8bdc4cd4eadd61c4434d010d0bae4?s=96&d=mm&r=g","width":96,"height":96,"caption":"Alejo Bordon"}},{"@type":"WebPage","@id":"https:\/\/radiosul.net\/wp\/2021\/angus-tera-julgamento-e-palestras-na-47a-expofeira-de-rio-grande\/#webpage","url":"https:\/\/radiosul.net\/wp\/2021\/angus-tera-julgamento-e-palestras-na-47a-expofeira-de-rio-grande\/","name":"Angus ter\u00e1 julgamento e palestras na 47\u00aa Expofeira de Rio Grande - radiosul.net","description":"A ra\u00e7a Angus participar\u00e1 da 47\u00aa Expofeira de Rio Grande (RS) com julgamento de exemplares e palestras t\u00e9cnicas para criadores da regi\u00e3o. O evento ser\u00e1 nos dias 12, 13, 14 e 15 de novembro, no Parque Filinto El\u00e1dio da Silveira. A exposi\u00e7\u00e3o ser\u00e1 semipresencial a exemplo do ano passado em raz\u00e3o do cen\u00e1rio de pandemia.","inLanguage":"pt-BR","isPartOf":{"@id":"https:\/\/radiosul.net\/wp\/#website"},"breadcrumb":{"@id":"https:\/\/radiosul.net\/wp\/2021\/angus-tera-julgamento-e-palestras-na-47a-expofeira-de-rio-grande\/#breadcrumblist"},"author":{"@id":"https:\/\/radiosul.net\/wp\/author\/alejo\/#author"},"creator":{"@id":"https:\/\/radiosul.net\/wp\/author\/alejo\/#author"},"image":{"@type":"ImageObject","url":"https:\/\/radiosul.net\/wp\/wp-content\/uploads\/2021\/11\/sindicatoruralderiograndesite-500x500-1.jpg","@id":"https:\/\/radiosul.net\/wp\/2021\/angus-tera-julgamento-e-palestras-na-47a-expofeira-de-rio-grande\/#mainImage","width":500,"height":500,"caption":"Foto: Acervo Sindicato Rural de Rio Grande"},"primaryImageOfPage":{"@id":"https:\/\/radiosul.net\/wp\/2021\/angus-tera-julgamento-e-palestras-na-47a-expofeira-de-rio-grande\/#mainImage"},"datePublished":"2021-11-08T17:05:40-03:00","dateModified":"2021-11-08T17:05:42-03:00"},{"@type":"WebSite","@id":"https:\/\/radiosul.net\/wp\/#website","url":"https:\/\/radiosul.net\/wp\/","name":"radiosul.net","description":"Regional por Excel\u00eancia","inLanguage":"pt-BR","publisher":{"@id":"https:\/\/radiosul.net\/wp\/#organization"}}]},"og:locale":"pt_BR","og:site_name":"radiosul.net - Regional por Excel\u00eancia","og:type":"article","og:title":"Angus ter\u00e1 julgamento e palestras na 47\u00aa Expofeira de Rio Grande - radiosul.net","og:description":"A ra\u00e7a Angus participar\u00e1 da 47\u00aa Expofeira de Rio Grande (RS) com julgamento de exemplares e palestras t\u00e9cnicas para criadores da regi\u00e3o. O evento ser\u00e1 nos dias 12, 13, 14 e 15 de novembro, no Parque Filinto El\u00e1dio da Silveira. A exposi\u00e7\u00e3o ser\u00e1 semipresencial a exemplo do ano passado em raz\u00e3o do cen\u00e1rio de pandemia.","og:url":"https:\/\/radiosul.net\/wp\/2021\/angus-tera-julgamento-e-palestras-na-47a-expofeira-de-rio-grande\/","article:published_time":"2021-11-08T20:05:40+00:00","article:modified_time":"2021-11-08T20:05:42+00:00","twitter:card":"summary_large_image","twitter:title":"Angus ter\u00e1 julgamento e palestras na 47\u00aa Expofeira de Rio Grande - radiosul.net","twitter:description":"A ra\u00e7a Angus participar\u00e1 da 47\u00aa Expofeira de Rio Grande (RS) com julgamento de exemplares e palestras t\u00e9cnicas para criadores da regi\u00e3o. O evento ser\u00e1 nos dias 12, 13, 14 e 15 de novembro, no Parque Filinto El\u00e1dio da Silveira. A exposi\u00e7\u00e3o ser\u00e1 semipresencial a exemplo do ano passado em raz\u00e3o do cen\u00e1rio de pandemia."},"aioseo_meta_data":{"post_id":"21069","title":null,"description":null,"keywords":null,"keyphrases":null,"primary_term":null,"canonical_url":null,"og_title":null,"og_description":null,"og_object_type":"default","og_image_type":"default","og_image_url":null,"og_image_width":null,"og_image_height":null,"og_image_custom_url":null,"og_image_custom_fields":null,"og_video":null,"og_custom_url":null,"og_article_section":null,"og_article_tags":null,"twitter_use_og":false,"twitter_card":"default","twitter_image_type":"default","twitter_image_url":null,"twitter_image_custom_url":null,"twitter_image_custom_fields":null,"twitter_title":null,"twitter_description":null,"schema":{"blockGraphs":[],"customGraphs":[],"default":{"data":{"Article":[],"Course":[],"Dataset":[],"FAQPage":[],"Movie":[],"Person":[],"Product":[],"ProductReview":[],"Car":[],"Recipe":[],"Service":[],"SoftwareApplication":[],"WebPage":[]},"graphName":"","isEnabled":true},"graphs":[]},"schema_type":"default","schema_type_options":null,"pillar_content":false,"robots_default":true,"robots_noindex":false,"robots_noarchive":false,"robots_nosnippet":false,"robots_nofollow":false,"robots_noimageindex":false,"robots_noodp":false,"robots_notranslate":false,"robots_max_snippet":null,"robots_max_videopreview":null,"robots_max_imagepreview":"large","priority":null,"frequency":null,"local_seo":null,"breadcrumb_settings":null,"limit_modified_date":false,"ai":null,"created":"2026-01-09 05:39:47","updated":"2026-01-09 05:39:47","seo_analyzer_scan_date":null,"focus_keyword":null,"additional_keywords":null,"truseo_locale":null},"aioseo_breadcrumb":"<div class=\"aioseo-breadcrumbs\"><span class=\"aioseo-breadcrumb\">\n\t\t\t<a href=\"https:\/\/radiosul.net\/wp\" title=\"Home\">Home<\/a>\n\t\t<\/span><span class=\"aioseo-breadcrumb-separator\">&raquo;<\/span><span class=\"aioseo-breadcrumb\">\n\t\t\t<a href=\"https:\/\/radiosul.net\/wp\/category\/agro\/\" title=\"Agroneg\u00f3cio\">Agroneg\u00f3cio<\/a>\n\t\t<\/span><span class=\"aioseo-breadcrumb-separator\">&raquo;<\/span><span class=\"aioseo-breadcrumb\">\n\t\t\tAngus ter\u00e1 julgamento e palestras na 47\u00aa Expofeira de Rio Grande\n\t\t<\/span><\/div>","aioseo_breadcrumb_json":[{"label":"Home","link":"https:\/\/radiosul.net\/wp"},{"label":"Agroneg\u00f3cio","link":"https:\/\/radiosul.net\/wp\/category\/agro\/"},{"label":"Angus ter\u00e1 julgamento e palestras na 47\u00aa Expofeira de Rio Grande","link":"https:\/\/radiosul.net\/wp\/2021\/angus-tera-julgamento-e-palestras-na-47a-expofeira-de-rio-grande\/"}],"_links":{"self":[{"href":"https:\/\/radiosul.net\/wp\/wp-json\/wp\/v2\/posts\/21069","targetHints":{"allow":["GET"]}}],"collection":[{"href":"https:\/\/radiosul.net\/wp\/wp-json\/wp\/v2\/posts"}],"about":[{"href":"https:\/\/radiosul.net\/wp\/wp-json\/wp\/v2\/types\/post"}],"author":[{"embeddable":true,"href":"https:\/\/radiosul.net\/wp\/wp-json\/wp\/v2\/users\/9"}],"replies":[{"embeddable":true,"href":"https:\/\/radiosul.net\/wp\/wp-json\/wp\/v2\/comments?post=21069"}],"version-history":[{"count":1,"href":"https:\/\/radiosul.net\/wp\/wp-json\/wp\/v2\/posts\/21069\/revisions"}],"predecessor-version":[{"id":21074,"href":"https:\/\/radiosul.net\/wp\/wp-json\/wp\/v2\/posts\/21069\/revisions\/21074"}],"wp:featuredmedia":[{"embeddable":true,"href":"https:\/\/radiosul.net\/wp\/wp-json\/wp\/v2\/media\/21071"}],"wp:attachment":[{"href":"https:\/\/radiosul.net\/wp\/wp-json\/wp\/v2\/media?parent=21069"}],"wp:term":[{"taxonomy":"category","embeddable":true,"href":"https:\/\/radiosul.net\/wp\/wp-json\/wp\/v2\/categories?post=21069"},{"taxonomy":"post_tag","embeddable":true,"href":"https:\/\/radiosul.net\/wp\/wp-json\/wp\/v2\/tags?post=21069"}],"curies":[{"name":"wp","href":"https:\/\/api.w.org\/{rel}","templated":true}]}}