{"id":20646,"date":"2021-09-30T13:09:44","date_gmt":"2021-09-30T16:09:44","guid":{"rendered":"https:\/\/radiosul.net\/wp\/?p=20646"},"modified":"2021-09-30T13:09:45","modified_gmt":"2021-09-30T16:09:45","slug":"producao-da-safra-de-inverno-2021-deve-ser-a-maior-da-historia","status":"publish","type":"post","link":"https:\/\/radiosul.net\/wp\/2021\/producao-da-safra-de-inverno-2021-deve-ser-a-maior-da-historia\/","title":{"rendered":"Produ\u00e7\u00e3o da Safra de Inverno 2021 deve ser a maior da hist\u00f3ria"},"content":{"rendered":"\n<p class=\"wp-block-paragraph\">A Emater\/RS-Ascar divulgou nesta quarta-feira (29\/09) a atualiza\u00e7\u00e3o da estimativa de produ\u00e7\u00e3o da Safra de Inverno 2021, que deve ser a maior da hist\u00f3ria, tanto em \u00e1rea cultivada (1,59 milh\u00e3o de hectares) quanto em produ\u00e7\u00e3o (4,58 milh\u00f5es de toneladas) de trigo, canola, cevada e aveia branca no Estado, registrando um aumento de 61,3% em rela\u00e7\u00e3o \u00e0 Safra anterior (2,84 milh\u00f5es de toneladas).<\/p>\n\n\n\n<p class=\"wp-block-paragraph\">&#8220;Estes n\u00fameros demonstram que os produtores rurais conseguiram repetir neste inverno o bom resultado da safra de ver\u00e3o 2020\/2021. Temos que comemorar estas estimativas, at\u00e9 porque os cultivos de inverno s\u00e3o importantes do ponto de vista financeiro, mas tamb\u00e9m para a cobertura do solo e para a produtividade da safra seguinte&#8221;, afirma a secret\u00e1ria da Agricultura, Pecu\u00e1ria e Desenvolvimento Rural, Silvana Covatti.<\/p>\n\n\n\n<p class=\"wp-block-paragraph\">Somente a cultura do trigo deve ser respons\u00e1vel pela produ\u00e7\u00e3o de 3,59 milh\u00f5es de toneladas do cereal, o que representa um incremento de 70,95% em rela\u00e7\u00e3o ao ano passado (2,1 milh\u00f5es de toneladas). A atualiza\u00e7\u00e3o dessa perspectiva representa ainda um aumento de 24,04% em rela\u00e7\u00e3o \u00e0 estimativa inicial (2,89 mih\u00f5es de toneladas) divulgada em junho deste ano. O levantamento tamb\u00e9m aponta uma eleva\u00e7\u00e3o de 8,97% na \u00e1rea total cultivada (1,17 milh\u00e3o de hectares) se comparada \u00e0 primeira estimativa (1,08 milh\u00e3o de hectares). A produtividade da cultura deve ser a terceira maior desde 2013, tamb\u00e9m chegando a 3 toneladas por hectare.<\/p>\n\n\n\n<p class=\"wp-block-paragraph\">Confira o levantamento de \u00e1rea, produ\u00e7\u00e3o e produtividade para cada uma das culturas de inverno em:<\/p>\n\n\n\n<figure class=\"wp-block-embed\"><div class=\"wp-block-embed__wrapper\">\nhttps:\/\/bit.ly\/3mailKP\n<\/div><\/figure>\n\n\n\n<p class=\"wp-block-paragraph\"><strong><em>Fonte: SECRETARIA DA AGRICULTURA, PECU\u00c1RIA E DESENVOLVIMENTO RURAL<\/em><\/strong><\/p>\n","protected":false},"excerpt":{"rendered":"<p>A Emater\/RS-Ascar divulgou nesta quarta-feira (29\/09) a atualiza\u00e7\u00e3o da estimativa de produ\u00e7\u00e3o da Safra de Inverno 2021, que deve ser a maior da hist\u00f3ria, tanto em \u00e1rea cultivada (1,59 milh\u00e3o de hectares) quanto em produ\u00e7\u00e3o (4,58 milh\u00f5es de toneladas) de trigo, canola, cevada e aveia branca no Estado, registrando um aumento de 61,3% em rela\u00e7\u00e3o &hellip;<\/p>\n","protected":false},"author":9,"featured_media":20651,"comment_status":"closed","ping_status":"closed","sticky":false,"template":"","format":"standard","meta":{"_monsterinsights_skip_tracking":false,"_uf_show_specific_survey":0,"_uf_disable_surveys":false,"footnotes":""},"categories":[1,126],"tags":[],"class_list":["post-20646","post","type-post","status-publish","format-standard","has-post-thumbnail","hentry","category-agro","category-destacados"],"aioseo_notices":[],"aioseo_head":"\n\t\t<!-- All in One SEO 5.0.1.1 - aioseo.com -->\n\t<meta name=\"description\" content=\"A Emater\/RS-Ascar divulgou nesta quarta-feira (29\/09) a atualiza\u00e7\u00e3o da estimativa de produ\u00e7\u00e3o da Safra de Inverno 2021, que deve ser a maior da hist\u00f3ria, tanto em \u00e1rea cultivada (1,59 milh\u00e3o de hectares) quanto em produ\u00e7\u00e3o (4,58 milh\u00f5es de toneladas) de trigo, canola, cevada e aveia branca no Estado, registrando um aumento de 61,3% em rela\u00e7\u00e3o\" \/>\n\t<meta name=\"robots\" content=\"max-image-preview:large\" \/>\n\t<meta name=\"author\" content=\"Alejo Bordon\"\/>\n\t<link rel=\"canonical\" href=\"https:\/\/radiosul.net\/wp\/2021\/producao-da-safra-de-inverno-2021-deve-ser-a-maior-da-historia\/\" \/>\n\t<meta name=\"generator\" content=\"All in One SEO (AIOSEO) 5.0.1.1\" \/>\n\t\t<meta property=\"og:locale\" content=\"pt_BR\" \/>\n\t\t<meta property=\"og:site_name\" content=\"radiosul.net - Regional por Excel\u00eancia\" \/>\n\t\t<meta property=\"og:type\" content=\"article\" \/>\n\t\t<meta property=\"og:title\" content=\"Produ\u00e7\u00e3o da Safra de Inverno 2021 deve ser a maior da hist\u00f3ria - radiosul.net\" \/>\n\t\t<meta property=\"og:description\" content=\"A Emater\/RS-Ascar divulgou nesta quarta-feira (29\/09) a atualiza\u00e7\u00e3o da estimativa de produ\u00e7\u00e3o da Safra de Inverno 2021, que deve ser a maior da hist\u00f3ria, tanto em \u00e1rea cultivada (1,59 milh\u00e3o de hectares) quanto em produ\u00e7\u00e3o (4,58 milh\u00f5es de toneladas) de trigo, canola, cevada e aveia branca no Estado, registrando um aumento de 61,3% em rela\u00e7\u00e3o\" \/>\n\t\t<meta property=\"og:url\" content=\"https:\/\/radiosul.net\/wp\/2021\/producao-da-safra-de-inverno-2021-deve-ser-a-maior-da-historia\/\" \/>\n\t\t<meta property=\"article:published_time\" content=\"2021-09-30T16:09:44+00:00\" \/>\n\t\t<meta property=\"article:modified_time\" content=\"2021-09-30T16:09:45+00:00\" \/>\n\t\t<meta name=\"twitter:card\" content=\"summary_large_image\" \/>\n\t\t<meta name=\"twitter:title\" content=\"Produ\u00e7\u00e3o da Safra de Inverno 2021 deve ser a maior da hist\u00f3ria - radiosul.net\" \/>\n\t\t<meta name=\"twitter:description\" content=\"A Emater\/RS-Ascar divulgou nesta quarta-feira (29\/09) a atualiza\u00e7\u00e3o da estimativa de produ\u00e7\u00e3o da Safra de Inverno 2021, que deve ser a maior da hist\u00f3ria, tanto em \u00e1rea cultivada (1,59 milh\u00e3o de hectares) quanto em produ\u00e7\u00e3o (4,58 milh\u00f5es de toneladas) de trigo, canola, cevada e aveia branca no Estado, registrando um aumento de 61,3% em rela\u00e7\u00e3o\" \/>\n\t\t<script type=\"application\/ld+json\" class=\"aioseo-schema\">\n\t\t\t{\"@context\":\"https:\\\/\\\/schema.org\",\"@graph\":[{\"@type\":\"BlogPosting\",\"@id\":\"https:\\\/\\\/radiosul.net\\\/wp\\\/2021\\\/producao-da-safra-de-inverno-2021-deve-ser-a-maior-da-historia\\\/#blogposting\",\"name\":\"Produ\\u00e7\\u00e3o da Safra de Inverno 2021 deve ser a maior da hist\\u00f3ria - radiosul.net\",\"headline\":\"Produ\\u00e7\\u00e3o da Safra de Inverno 2021 deve ser a maior da hist\\u00f3ria\",\"author\":{\"@id\":\"https:\\\/\\\/radiosul.net\\\/wp\\\/author\\\/alejo\\\/#author\"},\"publisher\":{\"@id\":\"https:\\\/\\\/radiosul.net\\\/wp\\\/#organization\"},\"image\":{\"@type\":\"ImageObject\",\"url\":\"https:\\\/\\\/radiosul.net\\\/wp\\\/wp-content\\\/uploads\\\/2021\\\/09\\\/30105759_129211_GD.jpeg\",\"width\":800,\"height\":450,\"caption\":\"Foto: Divulga\\u00e7\\u00e3o\\\/Emater-RS\"},\"datePublished\":\"2021-09-30T13:09:44-03:00\",\"dateModified\":\"2021-09-30T13:09:45-03:00\",\"inLanguage\":\"pt-BR\",\"mainEntityOfPage\":{\"@id\":\"https:\\\/\\\/radiosul.net\\\/wp\\\/2021\\\/producao-da-safra-de-inverno-2021-deve-ser-a-maior-da-historia\\\/#webpage\"},\"isPartOf\":{\"@id\":\"https:\\\/\\\/radiosul.net\\\/wp\\\/2021\\\/producao-da-safra-de-inverno-2021-deve-ser-a-maior-da-historia\\\/#webpage\"},\"articleSection\":\"Agroneg\\u00f3cio, Destaque\"},{\"@type\":\"BreadcrumbList\",\"@id\":\"https:\\\/\\\/radiosul.net\\\/wp\\\/2021\\\/producao-da-safra-de-inverno-2021-deve-ser-a-maior-da-historia\\\/#breadcrumblist\",\"itemListElement\":[{\"@type\":\"ListItem\",\"@id\":\"https:\\\/\\\/radiosul.net\\\/wp#listItem\",\"position\":1,\"name\":\"Home\",\"item\":\"https:\\\/\\\/radiosul.net\\\/wp\",\"nextItem\":{\"@type\":\"ListItem\",\"@id\":\"https:\\\/\\\/radiosul.net\\\/wp\\\/category\\\/agro\\\/#listItem\",\"name\":\"Agroneg\\u00f3cio\"}},{\"@type\":\"ListItem\",\"@id\":\"https:\\\/\\\/radiosul.net\\\/wp\\\/category\\\/agro\\\/#listItem\",\"position\":2,\"name\":\"Agroneg\\u00f3cio\",\"item\":\"https:\\\/\\\/radiosul.net\\\/wp\\\/category\\\/agro\\\/\",\"nextItem\":{\"@type\":\"ListItem\",\"@id\":\"https:\\\/\\\/radiosul.net\\\/wp\\\/2021\\\/producao-da-safra-de-inverno-2021-deve-ser-a-maior-da-historia\\\/#listItem\",\"name\":\"Produ\\u00e7\\u00e3o da Safra de Inverno 2021 deve ser a maior da hist\\u00f3ria\"},\"previousItem\":{\"@type\":\"ListItem\",\"@id\":\"https:\\\/\\\/radiosul.net\\\/wp#listItem\",\"name\":\"Home\"}},{\"@type\":\"ListItem\",\"@id\":\"https:\\\/\\\/radiosul.net\\\/wp\\\/2021\\\/producao-da-safra-de-inverno-2021-deve-ser-a-maior-da-historia\\\/#listItem\",\"position\":3,\"name\":\"Produ\\u00e7\\u00e3o da Safra de Inverno 2021 deve ser a maior da hist\\u00f3ria\",\"previousItem\":{\"@type\":\"ListItem\",\"@id\":\"https:\\\/\\\/radiosul.net\\\/wp\\\/category\\\/agro\\\/#listItem\",\"name\":\"Agroneg\\u00f3cio\"}}]},{\"@type\":\"Organization\",\"@id\":\"https:\\\/\\\/radiosul.net\\\/wp\\\/#organization\",\"name\":\"radiosul.net\",\"description\":\"Regional por Excel\\u00eancia\",\"url\":\"https:\\\/\\\/radiosul.net\\\/wp\\\/\"},{\"@type\":\"Person\",\"@id\":\"https:\\\/\\\/radiosul.net\\\/wp\\\/author\\\/alejo\\\/#author\",\"url\":\"https:\\\/\\\/radiosul.net\\\/wp\\\/author\\\/alejo\\\/\",\"name\":\"Alejo Bordon\",\"image\":{\"@type\":\"ImageObject\",\"@id\":\"https:\\\/\\\/radiosul.net\\\/wp\\\/2021\\\/producao-da-safra-de-inverno-2021-deve-ser-a-maior-da-historia\\\/#authorImage\",\"url\":\"https:\\\/\\\/secure.gravatar.com\\\/avatar\\\/b3a7e7f1c71212e6a5b7183b79a2ab58dad8bdc4cd4eadd61c4434d010d0bae4?s=96&d=mm&r=g\",\"width\":96,\"height\":96,\"caption\":\"Alejo Bordon\"}},{\"@type\":\"WebPage\",\"@id\":\"https:\\\/\\\/radiosul.net\\\/wp\\\/2021\\\/producao-da-safra-de-inverno-2021-deve-ser-a-maior-da-historia\\\/#webpage\",\"url\":\"https:\\\/\\\/radiosul.net\\\/wp\\\/2021\\\/producao-da-safra-de-inverno-2021-deve-ser-a-maior-da-historia\\\/\",\"name\":\"Produ\\u00e7\\u00e3o da Safra de Inverno 2021 deve ser a maior da hist\\u00f3ria - radiosul.net\",\"description\":\"A Emater\\\/RS-Ascar divulgou nesta quarta-feira (29\\\/09) a atualiza\\u00e7\\u00e3o da estimativa de produ\\u00e7\\u00e3o da Safra de Inverno 2021, que deve ser a maior da hist\\u00f3ria, tanto em \\u00e1rea cultivada (1,59 milh\\u00e3o de hectares) quanto em produ\\u00e7\\u00e3o (4,58 milh\\u00f5es de toneladas) de trigo, canola, cevada e aveia branca no Estado, registrando um aumento de 61,3% em rela\\u00e7\\u00e3o\",\"inLanguage\":\"pt-BR\",\"isPartOf\":{\"@id\":\"https:\\\/\\\/radiosul.net\\\/wp\\\/#website\"},\"breadcrumb\":{\"@id\":\"https:\\\/\\\/radiosul.net\\\/wp\\\/2021\\\/producao-da-safra-de-inverno-2021-deve-ser-a-maior-da-historia\\\/#breadcrumblist\"},\"author\":{\"@id\":\"https:\\\/\\\/radiosul.net\\\/wp\\\/author\\\/alejo\\\/#author\"},\"creator\":{\"@id\":\"https:\\\/\\\/radiosul.net\\\/wp\\\/author\\\/alejo\\\/#author\"},\"image\":{\"@type\":\"ImageObject\",\"url\":\"https:\\\/\\\/radiosul.net\\\/wp\\\/wp-content\\\/uploads\\\/2021\\\/09\\\/30105759_129211_GD.jpeg\",\"@id\":\"https:\\\/\\\/radiosul.net\\\/wp\\\/2021\\\/producao-da-safra-de-inverno-2021-deve-ser-a-maior-da-historia\\\/#mainImage\",\"width\":800,\"height\":450,\"caption\":\"Foto: Divulga\\u00e7\\u00e3o\\\/Emater-RS\"},\"primaryImageOfPage\":{\"@id\":\"https:\\\/\\\/radiosul.net\\\/wp\\\/2021\\\/producao-da-safra-de-inverno-2021-deve-ser-a-maior-da-historia\\\/#mainImage\"},\"datePublished\":\"2021-09-30T13:09:44-03:00\",\"dateModified\":\"2021-09-30T13:09:45-03:00\"},{\"@type\":\"WebSite\",\"@id\":\"https:\\\/\\\/radiosul.net\\\/wp\\\/#website\",\"url\":\"https:\\\/\\\/radiosul.net\\\/wp\\\/\",\"name\":\"radiosul.net\",\"description\":\"Regional por Excel\\u00eancia\",\"inLanguage\":\"pt-BR\",\"publisher\":{\"@id\":\"https:\\\/\\\/radiosul.net\\\/wp\\\/#organization\"}}]}\n\t\t<\/script>\n\t\t<!-- All in One SEO -->\n\n","aioseo_head_json":{"title":"Produ\u00e7\u00e3o da Safra de Inverno 2021 deve ser a maior da hist\u00f3ria - radiosul.net","description":"A Emater\/RS-Ascar divulgou nesta quarta-feira (29\/09) a atualiza\u00e7\u00e3o da estimativa de produ\u00e7\u00e3o da Safra de Inverno 2021, que deve ser a maior da hist\u00f3ria, tanto em \u00e1rea cultivada (1,59 milh\u00e3o de hectares) quanto em produ\u00e7\u00e3o (4,58 milh\u00f5es de toneladas) de trigo, canola, cevada e aveia branca no Estado, registrando um aumento de 61,3% em rela\u00e7\u00e3o","canonical_url":"https:\/\/radiosul.net\/wp\/2021\/producao-da-safra-de-inverno-2021-deve-ser-a-maior-da-historia\/","robots":"max-image-preview:large","keywords":"","webmasterTools":{"miscellaneous":""},"schema":{"@context":"https:\/\/schema.org","@graph":[{"@type":"BlogPosting","@id":"https:\/\/radiosul.net\/wp\/2021\/producao-da-safra-de-inverno-2021-deve-ser-a-maior-da-historia\/#blogposting","name":"Produ\u00e7\u00e3o da Safra de Inverno 2021 deve ser a maior da hist\u00f3ria - radiosul.net","headline":"Produ\u00e7\u00e3o da Safra de Inverno 2021 deve ser a maior da hist\u00f3ria","author":{"@id":"https:\/\/radiosul.net\/wp\/author\/alejo\/#author"},"publisher":{"@id":"https:\/\/radiosul.net\/wp\/#organization"},"image":{"@type":"ImageObject","url":"https:\/\/radiosul.net\/wp\/wp-content\/uploads\/2021\/09\/30105759_129211_GD.jpeg","width":800,"height":450,"caption":"Foto: Divulga\u00e7\u00e3o\/Emater-RS"},"datePublished":"2021-09-30T13:09:44-03:00","dateModified":"2021-09-30T13:09:45-03:00","inLanguage":"pt-BR","mainEntityOfPage":{"@id":"https:\/\/radiosul.net\/wp\/2021\/producao-da-safra-de-inverno-2021-deve-ser-a-maior-da-historia\/#webpage"},"isPartOf":{"@id":"https:\/\/radiosul.net\/wp\/2021\/producao-da-safra-de-inverno-2021-deve-ser-a-maior-da-historia\/#webpage"},"articleSection":"Agroneg\u00f3cio, Destaque"},{"@type":"BreadcrumbList","@id":"https:\/\/radiosul.net\/wp\/2021\/producao-da-safra-de-inverno-2021-deve-ser-a-maior-da-historia\/#breadcrumblist","itemListElement":[{"@type":"ListItem","@id":"https:\/\/radiosul.net\/wp#listItem","position":1,"name":"Home","item":"https:\/\/radiosul.net\/wp","nextItem":{"@type":"ListItem","@id":"https:\/\/radiosul.net\/wp\/category\/agro\/#listItem","name":"Agroneg\u00f3cio"}},{"@type":"ListItem","@id":"https:\/\/radiosul.net\/wp\/category\/agro\/#listItem","position":2,"name":"Agroneg\u00f3cio","item":"https:\/\/radiosul.net\/wp\/category\/agro\/","nextItem":{"@type":"ListItem","@id":"https:\/\/radiosul.net\/wp\/2021\/producao-da-safra-de-inverno-2021-deve-ser-a-maior-da-historia\/#listItem","name":"Produ\u00e7\u00e3o da Safra de Inverno 2021 deve ser a maior da hist\u00f3ria"},"previousItem":{"@type":"ListItem","@id":"https:\/\/radiosul.net\/wp#listItem","name":"Home"}},{"@type":"ListItem","@id":"https:\/\/radiosul.net\/wp\/2021\/producao-da-safra-de-inverno-2021-deve-ser-a-maior-da-historia\/#listItem","position":3,"name":"Produ\u00e7\u00e3o da Safra de Inverno 2021 deve ser a maior da hist\u00f3ria","previousItem":{"@type":"ListItem","@id":"https:\/\/radiosul.net\/wp\/category\/agro\/#listItem","name":"Agroneg\u00f3cio"}}]},{"@type":"Organization","@id":"https:\/\/radiosul.net\/wp\/#organization","name":"radiosul.net","description":"Regional por Excel\u00eancia","url":"https:\/\/radiosul.net\/wp\/"},{"@type":"Person","@id":"https:\/\/radiosul.net\/wp\/author\/alejo\/#author","url":"https:\/\/radiosul.net\/wp\/author\/alejo\/","name":"Alejo Bordon","image":{"@type":"ImageObject","@id":"https:\/\/radiosul.net\/wp\/2021\/producao-da-safra-de-inverno-2021-deve-ser-a-maior-da-historia\/#authorImage","url":"https:\/\/secure.gravatar.com\/avatar\/b3a7e7f1c71212e6a5b7183b79a2ab58dad8bdc4cd4eadd61c4434d010d0bae4?s=96&d=mm&r=g","width":96,"height":96,"caption":"Alejo Bordon"}},{"@type":"WebPage","@id":"https:\/\/radiosul.net\/wp\/2021\/producao-da-safra-de-inverno-2021-deve-ser-a-maior-da-historia\/#webpage","url":"https:\/\/radiosul.net\/wp\/2021\/producao-da-safra-de-inverno-2021-deve-ser-a-maior-da-historia\/","name":"Produ\u00e7\u00e3o da Safra de Inverno 2021 deve ser a maior da hist\u00f3ria - radiosul.net","description":"A Emater\/RS-Ascar divulgou nesta quarta-feira (29\/09) a atualiza\u00e7\u00e3o da estimativa de produ\u00e7\u00e3o da Safra de Inverno 2021, que deve ser a maior da hist\u00f3ria, tanto em \u00e1rea cultivada (1,59 milh\u00e3o de hectares) quanto em produ\u00e7\u00e3o (4,58 milh\u00f5es de toneladas) de trigo, canola, cevada e aveia branca no Estado, registrando um aumento de 61,3% em rela\u00e7\u00e3o","inLanguage":"pt-BR","isPartOf":{"@id":"https:\/\/radiosul.net\/wp\/#website"},"breadcrumb":{"@id":"https:\/\/radiosul.net\/wp\/2021\/producao-da-safra-de-inverno-2021-deve-ser-a-maior-da-historia\/#breadcrumblist"},"author":{"@id":"https:\/\/radiosul.net\/wp\/author\/alejo\/#author"},"creator":{"@id":"https:\/\/radiosul.net\/wp\/author\/alejo\/#author"},"image":{"@type":"ImageObject","url":"https:\/\/radiosul.net\/wp\/wp-content\/uploads\/2021\/09\/30105759_129211_GD.jpeg","@id":"https:\/\/radiosul.net\/wp\/2021\/producao-da-safra-de-inverno-2021-deve-ser-a-maior-da-historia\/#mainImage","width":800,"height":450,"caption":"Foto: Divulga\u00e7\u00e3o\/Emater-RS"},"primaryImageOfPage":{"@id":"https:\/\/radiosul.net\/wp\/2021\/producao-da-safra-de-inverno-2021-deve-ser-a-maior-da-historia\/#mainImage"},"datePublished":"2021-09-30T13:09:44-03:00","dateModified":"2021-09-30T13:09:45-03:00"},{"@type":"WebSite","@id":"https:\/\/radiosul.net\/wp\/#website","url":"https:\/\/radiosul.net\/wp\/","name":"radiosul.net","description":"Regional por Excel\u00eancia","inLanguage":"pt-BR","publisher":{"@id":"https:\/\/radiosul.net\/wp\/#organization"}}]},"og:locale":"pt_BR","og:site_name":"radiosul.net - Regional por Excel\u00eancia","og:type":"article","og:title":"Produ\u00e7\u00e3o da Safra de Inverno 2021 deve ser a maior da hist\u00f3ria - radiosul.net","og:description":"A Emater\/RS-Ascar divulgou nesta quarta-feira (29\/09) a atualiza\u00e7\u00e3o da estimativa de produ\u00e7\u00e3o da Safra de Inverno 2021, que deve ser a maior da hist\u00f3ria, tanto em \u00e1rea cultivada (1,59 milh\u00e3o de hectares) quanto em produ\u00e7\u00e3o (4,58 milh\u00f5es de toneladas) de trigo, canola, cevada e aveia branca no Estado, registrando um aumento de 61,3% em rela\u00e7\u00e3o","og:url":"https:\/\/radiosul.net\/wp\/2021\/producao-da-safra-de-inverno-2021-deve-ser-a-maior-da-historia\/","article:published_time":"2021-09-30T16:09:44+00:00","article:modified_time":"2021-09-30T16:09:45+00:00","twitter:card":"summary_large_image","twitter:title":"Produ\u00e7\u00e3o da Safra de Inverno 2021 deve ser a maior da hist\u00f3ria - radiosul.net","twitter:description":"A Emater\/RS-Ascar divulgou nesta quarta-feira (29\/09) a atualiza\u00e7\u00e3o da estimativa de produ\u00e7\u00e3o da Safra de Inverno 2021, que deve ser a maior da hist\u00f3ria, tanto em \u00e1rea cultivada (1,59 milh\u00e3o de hectares) quanto em produ\u00e7\u00e3o (4,58 milh\u00f5es de toneladas) de trigo, canola, cevada e aveia branca no Estado, registrando um aumento de 61,3% em rela\u00e7\u00e3o"},"aioseo_meta_data":{"post_id":"20646","title":null,"description":null,"keywords":null,"keyphrases":null,"primary_term":null,"canonical_url":null,"og_title":null,"og_description":null,"og_object_type":"default","og_image_type":"default","og_image_url":null,"og_image_width":null,"og_image_height":null,"og_image_custom_url":null,"og_image_custom_fields":null,"og_video":null,"og_custom_url":null,"og_article_section":null,"og_article_tags":null,"twitter_use_og":false,"twitter_card":"default","twitter_image_type":"default","twitter_image_url":null,"twitter_image_custom_url":null,"twitter_image_custom_fields":null,"twitter_title":null,"twitter_description":null,"schema":{"blockGraphs":[],"customGraphs":[],"default":{"data":{"Article":[],"Course":[],"Dataset":[],"FAQPage":[],"Movie":[],"Person":[],"Product":[],"ProductReview":[],"Car":[],"Recipe":[],"Service":[],"SoftwareApplication":[],"WebPage":[]},"graphName":"","isEnabled":true},"graphs":[]},"schema_type":"default","schema_type_options":null,"pillar_content":false,"robots_default":true,"robots_noindex":false,"robots_noarchive":false,"robots_nosnippet":false,"robots_nofollow":false,"robots_noimageindex":false,"robots_noodp":false,"robots_notranslate":false,"robots_max_snippet":null,"robots_max_videopreview":null,"robots_max_imagepreview":"large","priority":null,"frequency":null,"local_seo":null,"breadcrumb_settings":null,"limit_modified_date":false,"ai":null,"created":"2026-01-09 05:08:22","updated":"2026-01-09 05:08:22","seo_analyzer_scan_date":null,"focus_keyword":null,"additional_keywords":null,"truseo_locale":null},"aioseo_breadcrumb":"<div class=\"aioseo-breadcrumbs\"><span class=\"aioseo-breadcrumb\">\n\t\t\t<a href=\"https:\/\/radiosul.net\/wp\" title=\"Home\">Home<\/a>\n\t\t<\/span><span class=\"aioseo-breadcrumb-separator\">&raquo;<\/span><span class=\"aioseo-breadcrumb\">\n\t\t\t<a href=\"https:\/\/radiosul.net\/wp\/category\/agro\/\" title=\"Agroneg\u00f3cio\">Agroneg\u00f3cio<\/a>\n\t\t<\/span><span class=\"aioseo-breadcrumb-separator\">&raquo;<\/span><span class=\"aioseo-breadcrumb\">\n\t\t\tProdu\u00e7\u00e3o da Safra de Inverno 2021 deve ser a maior da hist\u00f3ria\n\t\t<\/span><\/div>","aioseo_breadcrumb_json":[{"label":"Home","link":"https:\/\/radiosul.net\/wp"},{"label":"Agroneg\u00f3cio","link":"https:\/\/radiosul.net\/wp\/category\/agro\/"},{"label":"Produ\u00e7\u00e3o da Safra de Inverno 2021 deve ser a maior da hist\u00f3ria","link":"https:\/\/radiosul.net\/wp\/2021\/producao-da-safra-de-inverno-2021-deve-ser-a-maior-da-historia\/"}],"_links":{"self":[{"href":"https:\/\/radiosul.net\/wp\/wp-json\/wp\/v2\/posts\/20646","targetHints":{"allow":["GET"]}}],"collection":[{"href":"https:\/\/radiosul.net\/wp\/wp-json\/wp\/v2\/posts"}],"about":[{"href":"https:\/\/radiosul.net\/wp\/wp-json\/wp\/v2\/types\/post"}],"author":[{"embeddable":true,"href":"https:\/\/radiosul.net\/wp\/wp-json\/wp\/v2\/users\/9"}],"replies":[{"embeddable":true,"href":"https:\/\/radiosul.net\/wp\/wp-json\/wp\/v2\/comments?post=20646"}],"version-history":[{"count":1,"href":"https:\/\/radiosul.net\/wp\/wp-json\/wp\/v2\/posts\/20646\/revisions"}],"predecessor-version":[{"id":20654,"href":"https:\/\/radiosul.net\/wp\/wp-json\/wp\/v2\/posts\/20646\/revisions\/20654"}],"wp:featuredmedia":[{"embeddable":true,"href":"https:\/\/radiosul.net\/wp\/wp-json\/wp\/v2\/media\/20651"}],"wp:attachment":[{"href":"https:\/\/radiosul.net\/wp\/wp-json\/wp\/v2\/media?parent=20646"}],"wp:term":[{"taxonomy":"category","embeddable":true,"href":"https:\/\/radiosul.net\/wp\/wp-json\/wp\/v2\/categories?post=20646"},{"taxonomy":"post_tag","embeddable":true,"href":"https:\/\/radiosul.net\/wp\/wp-json\/wp\/v2\/tags?post=20646"}],"curies":[{"name":"wp","href":"https:\/\/api.w.org\/{rel}","templated":true}]}}