{"id":20551,"date":"2021-09-23T13:15:18","date_gmt":"2021-09-23T16:15:18","guid":{"rendered":"https:\/\/radiosul.net\/wp\/?p=20551"},"modified":"2021-09-23T13:15:20","modified_gmt":"2021-09-23T16:15:20","slug":"governo-do-estado-e-iniciativa-privada-debatem-acoes-de-prevencao-a-peste-suina-africana","status":"publish","type":"post","link":"https:\/\/radiosul.net\/wp\/2021\/governo-do-estado-e-iniciativa-privada-debatem-acoes-de-prevencao-a-peste-suina-africana\/","title":{"rendered":"Governo do Estado e iniciativa privada debatem a\u00e7\u00f5es de preven\u00e7\u00e3o \u00e0 peste su\u00edna africana"},"content":{"rendered":"\n<p class=\"wp-block-paragraph\">O governador Carlos Mois\u00e9s debateu com autoridades p\u00fablicas e um representante da iniciativa privada a\u00e7\u00f5es de preven\u00e7\u00e3o \u00e0 peste su\u00edna africana (PSA) na tarde desta quarta-feira, 22, em Florian\u00f3polis. O Governo do Estado vem intensificando as atividades de defesa agropecu\u00e1ria ap\u00f3s a notifica\u00e7\u00e3o dos primeiros focos da doen\u00e7a nas Am\u00e9ricas. Santa Catarina \u00e9 o maior produtor e exportador de carne su\u00edna do Brasil. Al\u00e9m do governador, participaram do encontro o secret\u00e1rio de Estado da Agricultura, Pesca e Desenvolvimento Rural, Altair Silva, o presidente da Cidasc, Plinio de Castro, e o gerente executivo do Sindicarne, Jorge Luiz de Lima.<\/p>\n\n\n\n<p class=\"wp-block-paragraph\">Segundo o governador, o momento \u00e9 de aten\u00e7\u00e3o. Ele lembra que n\u00e3o h\u00e1 casos notificados no Brasil desde a d\u00e9cada de 1980. Apesar disso, a peste su\u00edna africana est\u00e1 presente em mais de 50 pa\u00edses, entre eles a Rep\u00fablica Dominicana e o Haiti &#8211; estes s\u00e3o os primeiros registros da doen\u00e7a no continente americano em mais de 30 anos.<\/p>\n\n\n\n<p class=\"wp-block-paragraph\">\u201cEstamos atentos a essa situa\u00e7\u00e3o. Santa Catarina possui um status sanit\u00e1rio diferenciado e precisamos lutar para mant\u00ea-lo. Nossa economia depende fortemente do agroneg\u00f3cio, portanto estamos intensificando os trabalhos a fim de evitar que a doen\u00e7a retorne e traga preju\u00edzos financeiros ao nosso Estado\u201d, afirma o governador.<\/p>\n\n\n\n<p class=\"wp-block-paragraph\"><a href=\"https:\/\/www.flickr.com\/photos\/governosc\/albums\/72157719891585231\/with\/51504685403\/\">:: Mais fotos no \u00e1lbum<\/a><\/p>\n\n\n\n<figure class=\"wp-block-image\"><img decoding=\"async\" src=\"https:\/\/live.staticflickr.com\/65535\/51504685403_dc1628bbaf_b.jpg\" alt=\"\"\/><\/figure>\n\n\n\n<h2 class=\"wp-block-heading\">Peste Su\u00edna Africana<\/h2>\n\n\n\n<p class=\"wp-block-paragraph\">Uma campanha educativa ser\u00e1 desenvolvida em parceria do setor p\u00fablico com a iniciativa privada para comunicar as formas de se evitar a transmiss\u00e3o da doen\u00e7a. A PSA \u00e9 uma doen\u00e7a viral que n\u00e3o oferece risco \u00e0 sa\u00fade humana, mas pode dizimar cria\u00e7\u00f5es de su\u00ednos, pois \u00e9 altamente transmiss\u00edvel e leva a altas taxas de mortalidade e morbidade. Considerada pela OIE como uma das doen\u00e7as mais relevantes para o com\u00e9rcio internacional de produtos su\u00ednos, a PSA afeta somente su\u00ednos. A \u00faltima ocorr\u00eancia de PSA no Brasil foi registrada em 1981 e, desde 1984, o pa\u00eds \u00e9 livre de peste su\u00edna africana.<\/p>\n\n\n\n<p class=\"wp-block-paragraph\">\u201cNossos esfor\u00e7os est\u00e3o voltados para manter a sa\u00fade de nossos rebanhos. Vivemos um per\u00edodo delicado e precisamos da colabora\u00e7\u00e3o de todos os catarinenses. Temos certeza de que juntos conseguiremos proteger Santa Catarina e manteremos nossa miss\u00e3o de produzir alimentos de qualidade\u201d, diz o secret\u00e1rio Altair Silva.<\/p>\n\n\n\n<h2 class=\"wp-block-heading\">Impacto na economia<\/h2>\n\n\n\n<p class=\"wp-block-paragraph\">O agroneg\u00f3cio \u00e9 o carro-chefe da economia catarinense, respons\u00e1vel por quase 70% de toda exporta\u00e7\u00e3o e por mais de 30% do Produto Interno Bruto (PIB) estadual. As agroind\u00fastrias empregam mais de 60 mil pessoas de forma direta e contam com 55 mil fam\u00edlias integradas no campo. A produ\u00e7\u00e3o catarinense \u00e9 exportada para mais de 150 pa\u00edses, entre eles os mercados mais exigentes e competitivos do mundo.<\/p>\n\n\n\n<p class=\"wp-block-paragraph\"> <strong><em>Fonte: Secretaria da Agricultura, da Pesca e do Desenvolvimento Rural<\/em><\/strong> <\/p>\n","protected":false},"excerpt":{"rendered":"<p>O governador Carlos Mois\u00e9s debateu com autoridades p\u00fablicas e um representante da iniciativa privada a\u00e7\u00f5es de preven\u00e7\u00e3o \u00e0 peste su\u00edna africana (PSA) na tarde desta quarta-feira, 22, em Florian\u00f3polis. O Governo do Estado vem intensificando as atividades de defesa agropecu\u00e1ria ap\u00f3s a notifica\u00e7\u00e3o dos primeiros focos da doen\u00e7a nas Am\u00e9ricas. Santa Catarina \u00e9 o maior &hellip;<\/p>\n","protected":false},"author":9,"featured_media":20559,"comment_status":"closed","ping_status":"closed","sticky":false,"template":"","format":"standard","meta":{"_monsterinsights_skip_tracking":false,"_uf_show_specific_survey":0,"_uf_disable_surveys":false,"footnotes":""},"categories":[1,126],"tags":[],"class_list":["post-20551","post","type-post","status-publish","format-standard","has-post-thumbnail","hentry","category-agro","category-destacados"],"aioseo_notices":[],"aioseo_head":"\n\t\t<!-- All in One SEO 5.0.1.1 - aioseo.com -->\n\t<meta name=\"description\" content=\"O governador Carlos Mois\u00e9s debateu com autoridades p\u00fablicas e um representante da iniciativa privada a\u00e7\u00f5es de preven\u00e7\u00e3o \u00e0 peste su\u00edna africana (PSA) na tarde desta quarta-feira, 22, em Florian\u00f3polis. O Governo do Estado vem intensificando as atividades de defesa agropecu\u00e1ria ap\u00f3s a notifica\u00e7\u00e3o dos primeiros focos da doen\u00e7a nas Am\u00e9ricas. Santa Catarina \u00e9 o maior\" \/>\n\t<meta name=\"robots\" content=\"max-image-preview:large\" \/>\n\t<meta name=\"author\" content=\"Alejo Bordon\"\/>\n\t<link rel=\"canonical\" href=\"https:\/\/radiosul.net\/wp\/2021\/governo-do-estado-e-iniciativa-privada-debatem-acoes-de-prevencao-a-peste-suina-africana\/\" \/>\n\t<meta name=\"generator\" content=\"All in One SEO (AIOSEO) 5.0.1.1\" \/>\n\t\t<meta property=\"og:locale\" content=\"pt_BR\" \/>\n\t\t<meta property=\"og:site_name\" content=\"radiosul.net - Regional por Excel\u00eancia\" \/>\n\t\t<meta property=\"og:type\" content=\"article\" \/>\n\t\t<meta property=\"og:title\" content=\"Governo do Estado e iniciativa privada debatem a\u00e7\u00f5es de preven\u00e7\u00e3o \u00e0 peste su\u00edna africana - radiosul.net\" \/>\n\t\t<meta property=\"og:description\" content=\"O governador Carlos Mois\u00e9s debateu com autoridades p\u00fablicas e um representante da iniciativa privada a\u00e7\u00f5es de preven\u00e7\u00e3o \u00e0 peste su\u00edna africana (PSA) na tarde desta quarta-feira, 22, em Florian\u00f3polis. O Governo do Estado vem intensificando as atividades de defesa agropecu\u00e1ria ap\u00f3s a notifica\u00e7\u00e3o dos primeiros focos da doen\u00e7a nas Am\u00e9ricas. Santa Catarina \u00e9 o maior\" \/>\n\t\t<meta property=\"og:url\" content=\"https:\/\/radiosul.net\/wp\/2021\/governo-do-estado-e-iniciativa-privada-debatem-acoes-de-prevencao-a-peste-suina-africana\/\" \/>\n\t\t<meta property=\"article:published_time\" content=\"2021-09-23T16:15:18+00:00\" \/>\n\t\t<meta property=\"article:modified_time\" content=\"2021-09-23T16:15:20+00:00\" \/>\n\t\t<meta name=\"twitter:card\" content=\"summary_large_image\" \/>\n\t\t<meta name=\"twitter:title\" content=\"Governo do Estado e iniciativa privada debatem a\u00e7\u00f5es de preven\u00e7\u00e3o \u00e0 peste su\u00edna africana - radiosul.net\" \/>\n\t\t<meta name=\"twitter:description\" content=\"O governador Carlos Mois\u00e9s debateu com autoridades p\u00fablicas e um representante da iniciativa privada a\u00e7\u00f5es de preven\u00e7\u00e3o \u00e0 peste su\u00edna africana (PSA) na tarde desta quarta-feira, 22, em Florian\u00f3polis. O Governo do Estado vem intensificando as atividades de defesa agropecu\u00e1ria ap\u00f3s a notifica\u00e7\u00e3o dos primeiros focos da doen\u00e7a nas Am\u00e9ricas. Santa Catarina \u00e9 o maior\" \/>\n\t\t<script type=\"application\/ld+json\" class=\"aioseo-schema\">\n\t\t\t{\"@context\":\"https:\\\/\\\/schema.org\",\"@graph\":[{\"@type\":\"BlogPosting\",\"@id\":\"https:\\\/\\\/radiosul.net\\\/wp\\\/2021\\\/governo-do-estado-e-iniciativa-privada-debatem-acoes-de-prevencao-a-peste-suina-africana\\\/#blogposting\",\"name\":\"Governo do Estado e iniciativa privada debatem a\\u00e7\\u00f5es de preven\\u00e7\\u00e3o \\u00e0 peste su\\u00edna africana - radiosul.net\",\"headline\":\"Governo do Estado e iniciativa privada debatem a\\u00e7\\u00f5es de preven\\u00e7\\u00e3o \\u00e0 peste su\\u00edna africana\",\"author\":{\"@id\":\"https:\\\/\\\/radiosul.net\\\/wp\\\/author\\\/alejo\\\/#author\"},\"publisher\":{\"@id\":\"https:\\\/\\\/radiosul.net\\\/wp\\\/#organization\"},\"image\":{\"@type\":\"ImageObject\",\"url\":\"https:\\\/\\\/radiosul.net\\\/wp\\\/wp-content\\\/uploads\\\/2021\\\/09\\\/governo_do_estado_e_iniciativa_privada_debatem_acoes_de_prevencao_a_peste_suina_africana_20210922_1426805787.jpg\",\"width\":620,\"height\":382,\"caption\":\"Fotos: Ricardo Wolffenb\\u00fcttel \\\/ Secom\"},\"datePublished\":\"2021-09-23T13:15:18-03:00\",\"dateModified\":\"2021-09-23T13:15:20-03:00\",\"inLanguage\":\"pt-BR\",\"mainEntityOfPage\":{\"@id\":\"https:\\\/\\\/radiosul.net\\\/wp\\\/2021\\\/governo-do-estado-e-iniciativa-privada-debatem-acoes-de-prevencao-a-peste-suina-africana\\\/#webpage\"},\"isPartOf\":{\"@id\":\"https:\\\/\\\/radiosul.net\\\/wp\\\/2021\\\/governo-do-estado-e-iniciativa-privada-debatem-acoes-de-prevencao-a-peste-suina-africana\\\/#webpage\"},\"articleSection\":\"Agroneg\\u00f3cio, Destaque\"},{\"@type\":\"BreadcrumbList\",\"@id\":\"https:\\\/\\\/radiosul.net\\\/wp\\\/2021\\\/governo-do-estado-e-iniciativa-privada-debatem-acoes-de-prevencao-a-peste-suina-africana\\\/#breadcrumblist\",\"itemListElement\":[{\"@type\":\"ListItem\",\"@id\":\"https:\\\/\\\/radiosul.net\\\/wp#listItem\",\"position\":1,\"name\":\"Home\",\"item\":\"https:\\\/\\\/radiosul.net\\\/wp\",\"nextItem\":{\"@type\":\"ListItem\",\"@id\":\"https:\\\/\\\/radiosul.net\\\/wp\\\/category\\\/agro\\\/#listItem\",\"name\":\"Agroneg\\u00f3cio\"}},{\"@type\":\"ListItem\",\"@id\":\"https:\\\/\\\/radiosul.net\\\/wp\\\/category\\\/agro\\\/#listItem\",\"position\":2,\"name\":\"Agroneg\\u00f3cio\",\"item\":\"https:\\\/\\\/radiosul.net\\\/wp\\\/category\\\/agro\\\/\",\"nextItem\":{\"@type\":\"ListItem\",\"@id\":\"https:\\\/\\\/radiosul.net\\\/wp\\\/2021\\\/governo-do-estado-e-iniciativa-privada-debatem-acoes-de-prevencao-a-peste-suina-africana\\\/#listItem\",\"name\":\"Governo do Estado e iniciativa privada debatem a\\u00e7\\u00f5es de preven\\u00e7\\u00e3o \\u00e0 peste su\\u00edna africana\"},\"previousItem\":{\"@type\":\"ListItem\",\"@id\":\"https:\\\/\\\/radiosul.net\\\/wp#listItem\",\"name\":\"Home\"}},{\"@type\":\"ListItem\",\"@id\":\"https:\\\/\\\/radiosul.net\\\/wp\\\/2021\\\/governo-do-estado-e-iniciativa-privada-debatem-acoes-de-prevencao-a-peste-suina-africana\\\/#listItem\",\"position\":3,\"name\":\"Governo do Estado e iniciativa privada debatem a\\u00e7\\u00f5es de preven\\u00e7\\u00e3o \\u00e0 peste su\\u00edna africana\",\"previousItem\":{\"@type\":\"ListItem\",\"@id\":\"https:\\\/\\\/radiosul.net\\\/wp\\\/category\\\/agro\\\/#listItem\",\"name\":\"Agroneg\\u00f3cio\"}}]},{\"@type\":\"Organization\",\"@id\":\"https:\\\/\\\/radiosul.net\\\/wp\\\/#organization\",\"name\":\"radiosul.net\",\"description\":\"Regional por Excel\\u00eancia\",\"url\":\"https:\\\/\\\/radiosul.net\\\/wp\\\/\"},{\"@type\":\"Person\",\"@id\":\"https:\\\/\\\/radiosul.net\\\/wp\\\/author\\\/alejo\\\/#author\",\"url\":\"https:\\\/\\\/radiosul.net\\\/wp\\\/author\\\/alejo\\\/\",\"name\":\"Alejo Bordon\",\"image\":{\"@type\":\"ImageObject\",\"@id\":\"https:\\\/\\\/radiosul.net\\\/wp\\\/2021\\\/governo-do-estado-e-iniciativa-privada-debatem-acoes-de-prevencao-a-peste-suina-africana\\\/#authorImage\",\"url\":\"https:\\\/\\\/secure.gravatar.com\\\/avatar\\\/b3a7e7f1c71212e6a5b7183b79a2ab58dad8bdc4cd4eadd61c4434d010d0bae4?s=96&d=mm&r=g\",\"width\":96,\"height\":96,\"caption\":\"Alejo Bordon\"}},{\"@type\":\"WebPage\",\"@id\":\"https:\\\/\\\/radiosul.net\\\/wp\\\/2021\\\/governo-do-estado-e-iniciativa-privada-debatem-acoes-de-prevencao-a-peste-suina-africana\\\/#webpage\",\"url\":\"https:\\\/\\\/radiosul.net\\\/wp\\\/2021\\\/governo-do-estado-e-iniciativa-privada-debatem-acoes-de-prevencao-a-peste-suina-africana\\\/\",\"name\":\"Governo do Estado e iniciativa privada debatem a\\u00e7\\u00f5es de preven\\u00e7\\u00e3o \\u00e0 peste su\\u00edna africana - radiosul.net\",\"description\":\"O governador Carlos Mois\\u00e9s debateu com autoridades p\\u00fablicas e um representante da iniciativa privada a\\u00e7\\u00f5es de preven\\u00e7\\u00e3o \\u00e0 peste su\\u00edna africana (PSA) na tarde desta quarta-feira, 22, em Florian\\u00f3polis. O Governo do Estado vem intensificando as atividades de defesa agropecu\\u00e1ria ap\\u00f3s a notifica\\u00e7\\u00e3o dos primeiros focos da doen\\u00e7a nas Am\\u00e9ricas. Santa Catarina \\u00e9 o maior\",\"inLanguage\":\"pt-BR\",\"isPartOf\":{\"@id\":\"https:\\\/\\\/radiosul.net\\\/wp\\\/#website\"},\"breadcrumb\":{\"@id\":\"https:\\\/\\\/radiosul.net\\\/wp\\\/2021\\\/governo-do-estado-e-iniciativa-privada-debatem-acoes-de-prevencao-a-peste-suina-africana\\\/#breadcrumblist\"},\"author\":{\"@id\":\"https:\\\/\\\/radiosul.net\\\/wp\\\/author\\\/alejo\\\/#author\"},\"creator\":{\"@id\":\"https:\\\/\\\/radiosul.net\\\/wp\\\/author\\\/alejo\\\/#author\"},\"image\":{\"@type\":\"ImageObject\",\"url\":\"https:\\\/\\\/radiosul.net\\\/wp\\\/wp-content\\\/uploads\\\/2021\\\/09\\\/governo_do_estado_e_iniciativa_privada_debatem_acoes_de_prevencao_a_peste_suina_africana_20210922_1426805787.jpg\",\"@id\":\"https:\\\/\\\/radiosul.net\\\/wp\\\/2021\\\/governo-do-estado-e-iniciativa-privada-debatem-acoes-de-prevencao-a-peste-suina-africana\\\/#mainImage\",\"width\":620,\"height\":382,\"caption\":\"Fotos: Ricardo Wolffenb\\u00fcttel \\\/ Secom\"},\"primaryImageOfPage\":{\"@id\":\"https:\\\/\\\/radiosul.net\\\/wp\\\/2021\\\/governo-do-estado-e-iniciativa-privada-debatem-acoes-de-prevencao-a-peste-suina-africana\\\/#mainImage\"},\"datePublished\":\"2021-09-23T13:15:18-03:00\",\"dateModified\":\"2021-09-23T13:15:20-03:00\"},{\"@type\":\"WebSite\",\"@id\":\"https:\\\/\\\/radiosul.net\\\/wp\\\/#website\",\"url\":\"https:\\\/\\\/radiosul.net\\\/wp\\\/\",\"name\":\"radiosul.net\",\"description\":\"Regional por Excel\\u00eancia\",\"inLanguage\":\"pt-BR\",\"publisher\":{\"@id\":\"https:\\\/\\\/radiosul.net\\\/wp\\\/#organization\"}}]}\n\t\t<\/script>\n\t\t<!-- All in One SEO -->\n\n","aioseo_head_json":{"title":"Governo do Estado e iniciativa privada debatem a\u00e7\u00f5es de preven\u00e7\u00e3o \u00e0 peste su\u00edna africana - radiosul.net","description":"O governador Carlos Mois\u00e9s debateu com autoridades p\u00fablicas e um representante da iniciativa privada a\u00e7\u00f5es de preven\u00e7\u00e3o \u00e0 peste su\u00edna africana (PSA) na tarde desta quarta-feira, 22, em Florian\u00f3polis. O Governo do Estado vem intensificando as atividades de defesa agropecu\u00e1ria ap\u00f3s a notifica\u00e7\u00e3o dos primeiros focos da doen\u00e7a nas Am\u00e9ricas. Santa Catarina \u00e9 o maior","canonical_url":"https:\/\/radiosul.net\/wp\/2021\/governo-do-estado-e-iniciativa-privada-debatem-acoes-de-prevencao-a-peste-suina-africana\/","robots":"max-image-preview:large","keywords":"","webmasterTools":{"miscellaneous":""},"schema":{"@context":"https:\/\/schema.org","@graph":[{"@type":"BlogPosting","@id":"https:\/\/radiosul.net\/wp\/2021\/governo-do-estado-e-iniciativa-privada-debatem-acoes-de-prevencao-a-peste-suina-africana\/#blogposting","name":"Governo do Estado e iniciativa privada debatem a\u00e7\u00f5es de preven\u00e7\u00e3o \u00e0 peste su\u00edna africana - radiosul.net","headline":"Governo do Estado e iniciativa privada debatem a\u00e7\u00f5es de preven\u00e7\u00e3o \u00e0 peste su\u00edna africana","author":{"@id":"https:\/\/radiosul.net\/wp\/author\/alejo\/#author"},"publisher":{"@id":"https:\/\/radiosul.net\/wp\/#organization"},"image":{"@type":"ImageObject","url":"https:\/\/radiosul.net\/wp\/wp-content\/uploads\/2021\/09\/governo_do_estado_e_iniciativa_privada_debatem_acoes_de_prevencao_a_peste_suina_africana_20210922_1426805787.jpg","width":620,"height":382,"caption":"Fotos: Ricardo Wolffenb\u00fcttel \/ Secom"},"datePublished":"2021-09-23T13:15:18-03:00","dateModified":"2021-09-23T13:15:20-03:00","inLanguage":"pt-BR","mainEntityOfPage":{"@id":"https:\/\/radiosul.net\/wp\/2021\/governo-do-estado-e-iniciativa-privada-debatem-acoes-de-prevencao-a-peste-suina-africana\/#webpage"},"isPartOf":{"@id":"https:\/\/radiosul.net\/wp\/2021\/governo-do-estado-e-iniciativa-privada-debatem-acoes-de-prevencao-a-peste-suina-africana\/#webpage"},"articleSection":"Agroneg\u00f3cio, Destaque"},{"@type":"BreadcrumbList","@id":"https:\/\/radiosul.net\/wp\/2021\/governo-do-estado-e-iniciativa-privada-debatem-acoes-de-prevencao-a-peste-suina-africana\/#breadcrumblist","itemListElement":[{"@type":"ListItem","@id":"https:\/\/radiosul.net\/wp#listItem","position":1,"name":"Home","item":"https:\/\/radiosul.net\/wp","nextItem":{"@type":"ListItem","@id":"https:\/\/radiosul.net\/wp\/category\/agro\/#listItem","name":"Agroneg\u00f3cio"}},{"@type":"ListItem","@id":"https:\/\/radiosul.net\/wp\/category\/agro\/#listItem","position":2,"name":"Agroneg\u00f3cio","item":"https:\/\/radiosul.net\/wp\/category\/agro\/","nextItem":{"@type":"ListItem","@id":"https:\/\/radiosul.net\/wp\/2021\/governo-do-estado-e-iniciativa-privada-debatem-acoes-de-prevencao-a-peste-suina-africana\/#listItem","name":"Governo do Estado e iniciativa privada debatem a\u00e7\u00f5es de preven\u00e7\u00e3o \u00e0 peste su\u00edna africana"},"previousItem":{"@type":"ListItem","@id":"https:\/\/radiosul.net\/wp#listItem","name":"Home"}},{"@type":"ListItem","@id":"https:\/\/radiosul.net\/wp\/2021\/governo-do-estado-e-iniciativa-privada-debatem-acoes-de-prevencao-a-peste-suina-africana\/#listItem","position":3,"name":"Governo do Estado e iniciativa privada debatem a\u00e7\u00f5es de preven\u00e7\u00e3o \u00e0 peste su\u00edna africana","previousItem":{"@type":"ListItem","@id":"https:\/\/radiosul.net\/wp\/category\/agro\/#listItem","name":"Agroneg\u00f3cio"}}]},{"@type":"Organization","@id":"https:\/\/radiosul.net\/wp\/#organization","name":"radiosul.net","description":"Regional por Excel\u00eancia","url":"https:\/\/radiosul.net\/wp\/"},{"@type":"Person","@id":"https:\/\/radiosul.net\/wp\/author\/alejo\/#author","url":"https:\/\/radiosul.net\/wp\/author\/alejo\/","name":"Alejo Bordon","image":{"@type":"ImageObject","@id":"https:\/\/radiosul.net\/wp\/2021\/governo-do-estado-e-iniciativa-privada-debatem-acoes-de-prevencao-a-peste-suina-africana\/#authorImage","url":"https:\/\/secure.gravatar.com\/avatar\/b3a7e7f1c71212e6a5b7183b79a2ab58dad8bdc4cd4eadd61c4434d010d0bae4?s=96&d=mm&r=g","width":96,"height":96,"caption":"Alejo Bordon"}},{"@type":"WebPage","@id":"https:\/\/radiosul.net\/wp\/2021\/governo-do-estado-e-iniciativa-privada-debatem-acoes-de-prevencao-a-peste-suina-africana\/#webpage","url":"https:\/\/radiosul.net\/wp\/2021\/governo-do-estado-e-iniciativa-privada-debatem-acoes-de-prevencao-a-peste-suina-africana\/","name":"Governo do Estado e iniciativa privada debatem a\u00e7\u00f5es de preven\u00e7\u00e3o \u00e0 peste su\u00edna africana - radiosul.net","description":"O governador Carlos Mois\u00e9s debateu com autoridades p\u00fablicas e um representante da iniciativa privada a\u00e7\u00f5es de preven\u00e7\u00e3o \u00e0 peste su\u00edna africana (PSA) na tarde desta quarta-feira, 22, em Florian\u00f3polis. O Governo do Estado vem intensificando as atividades de defesa agropecu\u00e1ria ap\u00f3s a notifica\u00e7\u00e3o dos primeiros focos da doen\u00e7a nas Am\u00e9ricas. Santa Catarina \u00e9 o maior","inLanguage":"pt-BR","isPartOf":{"@id":"https:\/\/radiosul.net\/wp\/#website"},"breadcrumb":{"@id":"https:\/\/radiosul.net\/wp\/2021\/governo-do-estado-e-iniciativa-privada-debatem-acoes-de-prevencao-a-peste-suina-africana\/#breadcrumblist"},"author":{"@id":"https:\/\/radiosul.net\/wp\/author\/alejo\/#author"},"creator":{"@id":"https:\/\/radiosul.net\/wp\/author\/alejo\/#author"},"image":{"@type":"ImageObject","url":"https:\/\/radiosul.net\/wp\/wp-content\/uploads\/2021\/09\/governo_do_estado_e_iniciativa_privada_debatem_acoes_de_prevencao_a_peste_suina_africana_20210922_1426805787.jpg","@id":"https:\/\/radiosul.net\/wp\/2021\/governo-do-estado-e-iniciativa-privada-debatem-acoes-de-prevencao-a-peste-suina-africana\/#mainImage","width":620,"height":382,"caption":"Fotos: Ricardo Wolffenb\u00fcttel \/ Secom"},"primaryImageOfPage":{"@id":"https:\/\/radiosul.net\/wp\/2021\/governo-do-estado-e-iniciativa-privada-debatem-acoes-de-prevencao-a-peste-suina-africana\/#mainImage"},"datePublished":"2021-09-23T13:15:18-03:00","dateModified":"2021-09-23T13:15:20-03:00"},{"@type":"WebSite","@id":"https:\/\/radiosul.net\/wp\/#website","url":"https:\/\/radiosul.net\/wp\/","name":"radiosul.net","description":"Regional por Excel\u00eancia","inLanguage":"pt-BR","publisher":{"@id":"https:\/\/radiosul.net\/wp\/#organization"}}]},"og:locale":"pt_BR","og:site_name":"radiosul.net - Regional por Excel\u00eancia","og:type":"article","og:title":"Governo do Estado e iniciativa privada debatem a\u00e7\u00f5es de preven\u00e7\u00e3o \u00e0 peste su\u00edna africana - radiosul.net","og:description":"O governador Carlos Mois\u00e9s debateu com autoridades p\u00fablicas e um representante da iniciativa privada a\u00e7\u00f5es de preven\u00e7\u00e3o \u00e0 peste su\u00edna africana (PSA) na tarde desta quarta-feira, 22, em Florian\u00f3polis. O Governo do Estado vem intensificando as atividades de defesa agropecu\u00e1ria ap\u00f3s a notifica\u00e7\u00e3o dos primeiros focos da doen\u00e7a nas Am\u00e9ricas. Santa Catarina \u00e9 o maior","og:url":"https:\/\/radiosul.net\/wp\/2021\/governo-do-estado-e-iniciativa-privada-debatem-acoes-de-prevencao-a-peste-suina-africana\/","article:published_time":"2021-09-23T16:15:18+00:00","article:modified_time":"2021-09-23T16:15:20+00:00","twitter:card":"summary_large_image","twitter:title":"Governo do Estado e iniciativa privada debatem a\u00e7\u00f5es de preven\u00e7\u00e3o \u00e0 peste su\u00edna africana - radiosul.net","twitter:description":"O governador Carlos Mois\u00e9s debateu com autoridades p\u00fablicas e um representante da iniciativa privada a\u00e7\u00f5es de preven\u00e7\u00e3o \u00e0 peste su\u00edna africana (PSA) na tarde desta quarta-feira, 22, em Florian\u00f3polis. O Governo do Estado vem intensificando as atividades de defesa agropecu\u00e1ria ap\u00f3s a notifica\u00e7\u00e3o dos primeiros focos da doen\u00e7a nas Am\u00e9ricas. Santa Catarina \u00e9 o maior"},"aioseo_meta_data":{"post_id":"20551","title":null,"description":null,"keywords":null,"keyphrases":null,"primary_term":null,"canonical_url":null,"og_title":null,"og_description":null,"og_object_type":"default","og_image_type":"default","og_image_url":null,"og_image_width":null,"og_image_height":null,"og_image_custom_url":null,"og_image_custom_fields":null,"og_video":null,"og_custom_url":null,"og_article_section":null,"og_article_tags":null,"twitter_use_og":false,"twitter_card":"default","twitter_image_type":"default","twitter_image_url":null,"twitter_image_custom_url":null,"twitter_image_custom_fields":null,"twitter_title":null,"twitter_description":null,"schema":{"blockGraphs":[],"customGraphs":[],"default":{"data":{"Article":[],"Course":[],"Dataset":[],"FAQPage":[],"Movie":[],"Person":[],"Product":[],"ProductReview":[],"Car":[],"Recipe":[],"Service":[],"SoftwareApplication":[],"WebPage":[]},"graphName":"","isEnabled":true},"graphs":[]},"schema_type":"default","schema_type_options":null,"pillar_content":false,"robots_default":true,"robots_noindex":false,"robots_noarchive":false,"robots_nosnippet":false,"robots_nofollow":false,"robots_noimageindex":false,"robots_noodp":false,"robots_notranslate":false,"robots_max_snippet":null,"robots_max_videopreview":null,"robots_max_imagepreview":"large","priority":null,"frequency":null,"local_seo":null,"breadcrumb_settings":null,"limit_modified_date":false,"ai":null,"created":"2026-01-09 05:03:10","updated":"2026-01-09 05:03:10","seo_analyzer_scan_date":null,"focus_keyword":null,"additional_keywords":null,"truseo_locale":null},"aioseo_breadcrumb":"<div class=\"aioseo-breadcrumbs\"><span class=\"aioseo-breadcrumb\">\n\t\t\t<a href=\"https:\/\/radiosul.net\/wp\" title=\"Home\">Home<\/a>\n\t\t<\/span><span class=\"aioseo-breadcrumb-separator\">&raquo;<\/span><span class=\"aioseo-breadcrumb\">\n\t\t\t<a href=\"https:\/\/radiosul.net\/wp\/category\/agro\/\" title=\"Agroneg\u00f3cio\">Agroneg\u00f3cio<\/a>\n\t\t<\/span><span class=\"aioseo-breadcrumb-separator\">&raquo;<\/span><span class=\"aioseo-breadcrumb\">\n\t\t\tGoverno do Estado e iniciativa privada debatem a\u00e7\u00f5es de preven\u00e7\u00e3o \u00e0 peste su\u00edna africana\n\t\t<\/span><\/div>","aioseo_breadcrumb_json":[{"label":"Home","link":"https:\/\/radiosul.net\/wp"},{"label":"Agroneg\u00f3cio","link":"https:\/\/radiosul.net\/wp\/category\/agro\/"},{"label":"Governo do Estado e iniciativa privada debatem a\u00e7\u00f5es de preven\u00e7\u00e3o \u00e0 peste su\u00edna africana","link":"https:\/\/radiosul.net\/wp\/2021\/governo-do-estado-e-iniciativa-privada-debatem-acoes-de-prevencao-a-peste-suina-africana\/"}],"_links":{"self":[{"href":"https:\/\/radiosul.net\/wp\/wp-json\/wp\/v2\/posts\/20551","targetHints":{"allow":["GET"]}}],"collection":[{"href":"https:\/\/radiosul.net\/wp\/wp-json\/wp\/v2\/posts"}],"about":[{"href":"https:\/\/radiosul.net\/wp\/wp-json\/wp\/v2\/types\/post"}],"author":[{"embeddable":true,"href":"https:\/\/radiosul.net\/wp\/wp-json\/wp\/v2\/users\/9"}],"replies":[{"embeddable":true,"href":"https:\/\/radiosul.net\/wp\/wp-json\/wp\/v2\/comments?post=20551"}],"version-history":[{"count":1,"href":"https:\/\/radiosul.net\/wp\/wp-json\/wp\/v2\/posts\/20551\/revisions"}],"predecessor-version":[{"id":20561,"href":"https:\/\/radiosul.net\/wp\/wp-json\/wp\/v2\/posts\/20551\/revisions\/20561"}],"wp:featuredmedia":[{"embeddable":true,"href":"https:\/\/radiosul.net\/wp\/wp-json\/wp\/v2\/media\/20559"}],"wp:attachment":[{"href":"https:\/\/radiosul.net\/wp\/wp-json\/wp\/v2\/media?parent=20551"}],"wp:term":[{"taxonomy":"category","embeddable":true,"href":"https:\/\/radiosul.net\/wp\/wp-json\/wp\/v2\/categories?post=20551"},{"taxonomy":"post_tag","embeddable":true,"href":"https:\/\/radiosul.net\/wp\/wp-json\/wp\/v2\/tags?post=20551"}],"curies":[{"name":"wp","href":"https:\/\/api.w.org\/{rel}","templated":true}]}}