{"id":20543,"date":"2021-09-22T11:50:23","date_gmt":"2021-09-22T14:50:23","guid":{"rendered":"https:\/\/radiosul.net\/wp\/?p=20543"},"modified":"2021-09-22T11:50:25","modified_gmt":"2021-09-22T14:50:25","slug":"angus-e-brangus-capanegra-estarao-em-pista-na-proxima-terca-feira","status":"publish","type":"post","link":"https:\/\/radiosul.net\/wp\/2021\/angus-e-brangus-capanegra-estarao-em-pista-na-proxima-terca-feira\/","title":{"rendered":"Angus e Brangus Capanegra estar\u00e3o em pista na pr\u00f3xima ter\u00e7a-feira"},"content":{"rendered":"\n<p class=\"wp-block-paragraph\"><strong>Ou\u00e7a a entrevista na \u00edntegra:<\/strong><\/p>\n\n\n\n<figure class=\"wp-block-embed is-type-rich is-provider-spotify wp-block-embed-spotify wp-embed-aspect-21-9 wp-has-aspect-ratio\"><div class=\"wp-block-embed__wrapper\">\nhttps:\/\/open.spotify.com\/episode\/7GYCJetxW0bdr5Ki8Xs4hV?si=TPtNcQFESDOh61l_sb4ASA&#038;dl_branch=1\n<\/div><\/figure>\n\n\n\n<p class=\"wp-block-paragraph\"><em>Leil\u00e3o virtual deve negociar 78 touros e 68 ventres, com transmiss\u00e3o ao vivo do Canal Rural e Lance Rural<\/em><\/p>\n\n\n\n<p class=\"wp-block-paragraph\">Rusticidade, adaptabilidade e efici\u00eancia. A tradicional gen\u00e9tica melhoradora Capanegra estar\u00e1 \u00e0 disposi\u00e7\u00e3o do mercado na pr\u00f3xima ter\u00e7a-feira, dia 28 de setembro, a partir das 20h30min, em um leil\u00e3o virtual de reprodutores Angus e Brangus. A transmiss\u00e3o ao vivo ser\u00e1 do Canal Rural e Lance Rural.\u00a0<br>Em pista, estar\u00e3o 68 f\u00eameas (44 Angus e 24 Brangus), entre vaquilhonas e vacas prenhes ou com servi\u00e7o, al\u00e9m de 78 touros de tr\u00eas anos &#8211; sendo 50 Angus e 28 Brangus. Todos os reprodutores trabalharam aos dois anos de idade nas diferentes propriedades da Capanegra Agropecu\u00e1ria, localizadas em Dom Pedrito, Santana do Livramento, Quara\u00ed e Uruguaiana. &#8220;Esse \u00e9 um diferencial da nossa oferta, j\u00e1 que s\u00e3o animais testados e adaptados em regi\u00f5es com incid\u00eancia de carrapato e mio-mio&#8221;, salienta o m\u00e9dico veterin\u00e1rio respons\u00e1vel, Jos\u00e9 Francisco Pereira de Moura.<br>Os dados obtidos com o exame ultrassonogr\u00e1fico para avalia\u00e7\u00e3o de carca\u00e7a tamb\u00e9m est\u00e3o dispon\u00edveis no cat\u00e1logo, como \u00e1rea de olho de lombo (AOL), marmoreio ou grau de gordura intramuscular (IMF), espessura de gordura subcut\u00e2nea (EGS) e na picanha (EGP). &#8220;Esses dados s\u00e3o uma garantia a mais da qualidade que ofertamos, fornecendo aos nossos clientes informa\u00e7\u00f5es detalhadas para o melhoramento dos seus rebanhos&#8221;, refor\u00e7a o titular da Capanegra Agropecu\u00e1ria, Fernando Dornelles Pons.<\/p>\n\n\n\n<figure class=\"wp-block-image size-full\"><img loading=\"lazy\" decoding=\"async\" width=\"1024\" height=\"576\" src=\"https:\/\/radiosul.net\/wp\/wp-content\/uploads\/2021\/09\/Lote-24-Touro-Angus-CA-Reproducao-BR-Filmes.jpg\" alt=\"\" class=\"wp-image-20544\" srcset=\"https:\/\/radiosul.net\/wp\/wp-content\/uploads\/2021\/09\/Lote-24-Touro-Angus-CA-Reproducao-BR-Filmes.jpg 1024w, https:\/\/radiosul.net\/wp\/wp-content\/uploads\/2021\/09\/Lote-24-Touro-Angus-CA-Reproducao-BR-Filmes-300x169.jpg 300w, https:\/\/radiosul.net\/wp\/wp-content\/uploads\/2021\/09\/Lote-24-Touro-Angus-CA-Reproducao-BR-Filmes-768x432.jpg 768w, https:\/\/radiosul.net\/wp\/wp-content\/uploads\/2021\/09\/Lote-24-Touro-Angus-CA-Reproducao-BR-Filmes-390x220.jpg 390w\" sizes=\"auto, (max-width: 1024px) 100vw, 1024px\" \/><figcaption>Foto: Reprodu\u00e7\u00e3o BR Filmes<\/figcaption><\/figure>\n\n\n\n<p class=\"wp-block-paragraph\">No comando do martelo, estar\u00e1 o leiloeiro F\u00e1bio Crespo, pelas empresas\u00a0Parceria Leil\u00f5es e Programa Leil\u00f5es. O pagamento poder\u00e1 ser feito em 20 parcelas (2+2+2+2+2+10) ou atrav\u00e9s do Plano Safra, com 2+2+2 parcelas e o restante do saldo para 30 de maio de 2022. Para o pagamento \u00e0 vista, ser\u00e1 concedido desconto de 7%. J\u00e1 os compradores do plano Fidelidade Capanegra ter\u00e3o descontos de at\u00e9 4%. Tamb\u00e9m haver\u00e1 frete subsidiado pela Capanegra Agropecu\u00e1ria.<\/p>\n\n\n\n<p class=\"wp-block-paragraph\"><strong><em>Fonte: Estela Facchin<\/em><\/strong><\/p>\n","protected":false},"excerpt":{"rendered":"<p>Ou\u00e7a a entrevista na \u00edntegra: https:\/\/open.spotify.com\/episode\/7GYCJetxW0bdr5Ki8Xs4hV?si=TPtNcQFESDOh61l_sb4ASA&#038;dl_branch=1 Leil\u00e3o virtual deve negociar 78 touros e 68 ventres, com transmiss\u00e3o ao vivo do Canal Rural e Lance Rural Rusticidade, adaptabilidade e efici\u00eancia. A tradicional gen\u00e9tica melhoradora Capanegra estar\u00e1 \u00e0 disposi\u00e7\u00e3o do mercado na pr\u00f3xima ter\u00e7a-feira, dia 28 de setembro, a partir das 20h30min, em um leil\u00e3o virtual de &hellip;<\/p>\n","protected":false},"author":9,"featured_media":20545,"comment_status":"closed","ping_status":"closed","sticky":false,"template":"","format":"standard","meta":{"_monsterinsights_skip_tracking":false,"_uf_show_specific_survey":0,"_uf_disable_surveys":false,"footnotes":""},"categories":[1,126],"tags":[],"class_list":["post-20543","post","type-post","status-publish","format-standard","has-post-thumbnail","hentry","category-agro","category-destacados"],"aioseo_notices":[],"aioseo_head":"\n\t\t<!-- All in One SEO 5.0.1.1 - aioseo.com -->\n\t<meta name=\"description\" content=\"Ou\u00e7a a entrevista na \u00edntegra: Leil\u00e3o virtual deve negociar 78 touros e 68 ventres, com transmiss\u00e3o ao vivo do Canal Rural e Lance Rural Rusticidade, adaptabilidade e efici\u00eancia. A tradicional gen\u00e9tica melhoradora Capanegra estar\u00e1 \u00e0 disposi\u00e7\u00e3o do mercado na pr\u00f3xima ter\u00e7a-feira, dia 28 de setembro, a partir das 20h30min, em um leil\u00e3o virtual de reprodutores\" \/>\n\t<meta name=\"robots\" content=\"max-image-preview:large\" \/>\n\t<meta name=\"author\" content=\"Alejo Bordon\"\/>\n\t<link rel=\"canonical\" href=\"https:\/\/radiosul.net\/wp\/2021\/angus-e-brangus-capanegra-estarao-em-pista-na-proxima-terca-feira\/\" \/>\n\t<meta name=\"generator\" content=\"All in One SEO (AIOSEO) 5.0.1.1\" \/>\n\t\t<meta property=\"og:locale\" content=\"pt_BR\" \/>\n\t\t<meta property=\"og:site_name\" content=\"radiosul.net - Regional por Excel\u00eancia\" \/>\n\t\t<meta property=\"og:type\" content=\"article\" \/>\n\t\t<meta property=\"og:title\" content=\"Angus e Brangus Capanegra estar\u00e3o em pista na pr\u00f3xima ter\u00e7a-feira - radiosul.net\" \/>\n\t\t<meta property=\"og:description\" content=\"Ou\u00e7a a entrevista na \u00edntegra: Leil\u00e3o virtual deve negociar 78 touros e 68 ventres, com transmiss\u00e3o ao vivo do Canal Rural e Lance Rural Rusticidade, adaptabilidade e efici\u00eancia. A tradicional gen\u00e9tica melhoradora Capanegra estar\u00e1 \u00e0 disposi\u00e7\u00e3o do mercado na pr\u00f3xima ter\u00e7a-feira, dia 28 de setembro, a partir das 20h30min, em um leil\u00e3o virtual de reprodutores\" \/>\n\t\t<meta property=\"og:url\" content=\"https:\/\/radiosul.net\/wp\/2021\/angus-e-brangus-capanegra-estarao-em-pista-na-proxima-terca-feira\/\" \/>\n\t\t<meta property=\"article:published_time\" content=\"2021-09-22T14:50:23+00:00\" \/>\n\t\t<meta property=\"article:modified_time\" content=\"2021-09-22T14:50:25+00:00\" \/>\n\t\t<meta name=\"twitter:card\" content=\"summary_large_image\" \/>\n\t\t<meta name=\"twitter:title\" content=\"Angus e Brangus Capanegra estar\u00e3o em pista na pr\u00f3xima ter\u00e7a-feira - radiosul.net\" \/>\n\t\t<meta name=\"twitter:description\" content=\"Ou\u00e7a a entrevista na \u00edntegra: Leil\u00e3o virtual deve negociar 78 touros e 68 ventres, com transmiss\u00e3o ao vivo do Canal Rural e Lance Rural Rusticidade, adaptabilidade e efici\u00eancia. A tradicional gen\u00e9tica melhoradora Capanegra estar\u00e1 \u00e0 disposi\u00e7\u00e3o do mercado na pr\u00f3xima ter\u00e7a-feira, dia 28 de setembro, a partir das 20h30min, em um leil\u00e3o virtual de reprodutores\" \/>\n\t\t<script type=\"application\/ld+json\" class=\"aioseo-schema\">\n\t\t\t{\"@context\":\"https:\\\/\\\/schema.org\",\"@graph\":[{\"@type\":\"BlogPosting\",\"@id\":\"https:\\\/\\\/radiosul.net\\\/wp\\\/2021\\\/angus-e-brangus-capanegra-estarao-em-pista-na-proxima-terca-feira\\\/#blogposting\",\"name\":\"Angus e Brangus Capanegra estar\\u00e3o em pista na pr\\u00f3xima ter\\u00e7a-feira - radiosul.net\",\"headline\":\"Angus e Brangus Capanegra estar\\u00e3o em pista na pr\\u00f3xima ter\\u00e7a-feira\",\"author\":{\"@id\":\"https:\\\/\\\/radiosul.net\\\/wp\\\/author\\\/alejo\\\/#author\"},\"publisher\":{\"@id\":\"https:\\\/\\\/radiosul.net\\\/wp\\\/#organization\"},\"image\":{\"@type\":\"ImageObject\",\"url\":\"https:\\\/\\\/radiosul.net\\\/wp\\\/wp-content\\\/uploads\\\/2021\\\/09\\\/Lote-68-Touro-Brangus-Reproducao-BR-Filmes.jpg\",\"width\":1203,\"height\":677,\"caption\":\"Foto: Reprodu\\u00e7\\u00e3o BR Filmes\"},\"datePublished\":\"2021-09-22T11:50:23-03:00\",\"dateModified\":\"2021-09-22T11:50:25-03:00\",\"inLanguage\":\"pt-BR\",\"mainEntityOfPage\":{\"@id\":\"https:\\\/\\\/radiosul.net\\\/wp\\\/2021\\\/angus-e-brangus-capanegra-estarao-em-pista-na-proxima-terca-feira\\\/#webpage\"},\"isPartOf\":{\"@id\":\"https:\\\/\\\/radiosul.net\\\/wp\\\/2021\\\/angus-e-brangus-capanegra-estarao-em-pista-na-proxima-terca-feira\\\/#webpage\"},\"articleSection\":\"Agroneg\\u00f3cio, Destaque\"},{\"@type\":\"BreadcrumbList\",\"@id\":\"https:\\\/\\\/radiosul.net\\\/wp\\\/2021\\\/angus-e-brangus-capanegra-estarao-em-pista-na-proxima-terca-feira\\\/#breadcrumblist\",\"itemListElement\":[{\"@type\":\"ListItem\",\"@id\":\"https:\\\/\\\/radiosul.net\\\/wp#listItem\",\"position\":1,\"name\":\"Home\",\"item\":\"https:\\\/\\\/radiosul.net\\\/wp\",\"nextItem\":{\"@type\":\"ListItem\",\"@id\":\"https:\\\/\\\/radiosul.net\\\/wp\\\/category\\\/agro\\\/#listItem\",\"name\":\"Agroneg\\u00f3cio\"}},{\"@type\":\"ListItem\",\"@id\":\"https:\\\/\\\/radiosul.net\\\/wp\\\/category\\\/agro\\\/#listItem\",\"position\":2,\"name\":\"Agroneg\\u00f3cio\",\"item\":\"https:\\\/\\\/radiosul.net\\\/wp\\\/category\\\/agro\\\/\",\"nextItem\":{\"@type\":\"ListItem\",\"@id\":\"https:\\\/\\\/radiosul.net\\\/wp\\\/2021\\\/angus-e-brangus-capanegra-estarao-em-pista-na-proxima-terca-feira\\\/#listItem\",\"name\":\"Angus e Brangus Capanegra estar\\u00e3o em pista na pr\\u00f3xima ter\\u00e7a-feira\"},\"previousItem\":{\"@type\":\"ListItem\",\"@id\":\"https:\\\/\\\/radiosul.net\\\/wp#listItem\",\"name\":\"Home\"}},{\"@type\":\"ListItem\",\"@id\":\"https:\\\/\\\/radiosul.net\\\/wp\\\/2021\\\/angus-e-brangus-capanegra-estarao-em-pista-na-proxima-terca-feira\\\/#listItem\",\"position\":3,\"name\":\"Angus e Brangus Capanegra estar\\u00e3o em pista na pr\\u00f3xima ter\\u00e7a-feira\",\"previousItem\":{\"@type\":\"ListItem\",\"@id\":\"https:\\\/\\\/radiosul.net\\\/wp\\\/category\\\/agro\\\/#listItem\",\"name\":\"Agroneg\\u00f3cio\"}}]},{\"@type\":\"Organization\",\"@id\":\"https:\\\/\\\/radiosul.net\\\/wp\\\/#organization\",\"name\":\"radiosul.net\",\"description\":\"Regional por Excel\\u00eancia\",\"url\":\"https:\\\/\\\/radiosul.net\\\/wp\\\/\"},{\"@type\":\"Person\",\"@id\":\"https:\\\/\\\/radiosul.net\\\/wp\\\/author\\\/alejo\\\/#author\",\"url\":\"https:\\\/\\\/radiosul.net\\\/wp\\\/author\\\/alejo\\\/\",\"name\":\"Alejo Bordon\",\"image\":{\"@type\":\"ImageObject\",\"@id\":\"https:\\\/\\\/radiosul.net\\\/wp\\\/2021\\\/angus-e-brangus-capanegra-estarao-em-pista-na-proxima-terca-feira\\\/#authorImage\",\"url\":\"https:\\\/\\\/secure.gravatar.com\\\/avatar\\\/b3a7e7f1c71212e6a5b7183b79a2ab58dad8bdc4cd4eadd61c4434d010d0bae4?s=96&d=mm&r=g\",\"width\":96,\"height\":96,\"caption\":\"Alejo Bordon\"}},{\"@type\":\"WebPage\",\"@id\":\"https:\\\/\\\/radiosul.net\\\/wp\\\/2021\\\/angus-e-brangus-capanegra-estarao-em-pista-na-proxima-terca-feira\\\/#webpage\",\"url\":\"https:\\\/\\\/radiosul.net\\\/wp\\\/2021\\\/angus-e-brangus-capanegra-estarao-em-pista-na-proxima-terca-feira\\\/\",\"name\":\"Angus e Brangus Capanegra estar\\u00e3o em pista na pr\\u00f3xima ter\\u00e7a-feira - radiosul.net\",\"description\":\"Ou\\u00e7a a entrevista na \\u00edntegra: Leil\\u00e3o virtual deve negociar 78 touros e 68 ventres, com transmiss\\u00e3o ao vivo do Canal Rural e Lance Rural Rusticidade, adaptabilidade e efici\\u00eancia. A tradicional gen\\u00e9tica melhoradora Capanegra estar\\u00e1 \\u00e0 disposi\\u00e7\\u00e3o do mercado na pr\\u00f3xima ter\\u00e7a-feira, dia 28 de setembro, a partir das 20h30min, em um leil\\u00e3o virtual de reprodutores\",\"inLanguage\":\"pt-BR\",\"isPartOf\":{\"@id\":\"https:\\\/\\\/radiosul.net\\\/wp\\\/#website\"},\"breadcrumb\":{\"@id\":\"https:\\\/\\\/radiosul.net\\\/wp\\\/2021\\\/angus-e-brangus-capanegra-estarao-em-pista-na-proxima-terca-feira\\\/#breadcrumblist\"},\"author\":{\"@id\":\"https:\\\/\\\/radiosul.net\\\/wp\\\/author\\\/alejo\\\/#author\"},\"creator\":{\"@id\":\"https:\\\/\\\/radiosul.net\\\/wp\\\/author\\\/alejo\\\/#author\"},\"image\":{\"@type\":\"ImageObject\",\"url\":\"https:\\\/\\\/radiosul.net\\\/wp\\\/wp-content\\\/uploads\\\/2021\\\/09\\\/Lote-68-Touro-Brangus-Reproducao-BR-Filmes.jpg\",\"@id\":\"https:\\\/\\\/radiosul.net\\\/wp\\\/2021\\\/angus-e-brangus-capanegra-estarao-em-pista-na-proxima-terca-feira\\\/#mainImage\",\"width\":1203,\"height\":677,\"caption\":\"Foto: Reprodu\\u00e7\\u00e3o BR Filmes\"},\"primaryImageOfPage\":{\"@id\":\"https:\\\/\\\/radiosul.net\\\/wp\\\/2021\\\/angus-e-brangus-capanegra-estarao-em-pista-na-proxima-terca-feira\\\/#mainImage\"},\"datePublished\":\"2021-09-22T11:50:23-03:00\",\"dateModified\":\"2021-09-22T11:50:25-03:00\"},{\"@type\":\"WebSite\",\"@id\":\"https:\\\/\\\/radiosul.net\\\/wp\\\/#website\",\"url\":\"https:\\\/\\\/radiosul.net\\\/wp\\\/\",\"name\":\"radiosul.net\",\"description\":\"Regional por Excel\\u00eancia\",\"inLanguage\":\"pt-BR\",\"publisher\":{\"@id\":\"https:\\\/\\\/radiosul.net\\\/wp\\\/#organization\"}}]}\n\t\t<\/script>\n\t\t<!-- All in One SEO -->\n\n","aioseo_head_json":{"title":"Angus e Brangus Capanegra estar\u00e3o em pista na pr\u00f3xima ter\u00e7a-feira - radiosul.net","description":"Ou\u00e7a a entrevista na \u00edntegra: Leil\u00e3o virtual deve negociar 78 touros e 68 ventres, com transmiss\u00e3o ao vivo do Canal Rural e Lance Rural Rusticidade, adaptabilidade e efici\u00eancia. A tradicional gen\u00e9tica melhoradora Capanegra estar\u00e1 \u00e0 disposi\u00e7\u00e3o do mercado na pr\u00f3xima ter\u00e7a-feira, dia 28 de setembro, a partir das 20h30min, em um leil\u00e3o virtual de reprodutores","canonical_url":"https:\/\/radiosul.net\/wp\/2021\/angus-e-brangus-capanegra-estarao-em-pista-na-proxima-terca-feira\/","robots":"max-image-preview:large","keywords":"","webmasterTools":{"miscellaneous":""},"schema":{"@context":"https:\/\/schema.org","@graph":[{"@type":"BlogPosting","@id":"https:\/\/radiosul.net\/wp\/2021\/angus-e-brangus-capanegra-estarao-em-pista-na-proxima-terca-feira\/#blogposting","name":"Angus e Brangus Capanegra estar\u00e3o em pista na pr\u00f3xima ter\u00e7a-feira - radiosul.net","headline":"Angus e Brangus Capanegra estar\u00e3o em pista na pr\u00f3xima ter\u00e7a-feira","author":{"@id":"https:\/\/radiosul.net\/wp\/author\/alejo\/#author"},"publisher":{"@id":"https:\/\/radiosul.net\/wp\/#organization"},"image":{"@type":"ImageObject","url":"https:\/\/radiosul.net\/wp\/wp-content\/uploads\/2021\/09\/Lote-68-Touro-Brangus-Reproducao-BR-Filmes.jpg","width":1203,"height":677,"caption":"Foto: Reprodu\u00e7\u00e3o BR Filmes"},"datePublished":"2021-09-22T11:50:23-03:00","dateModified":"2021-09-22T11:50:25-03:00","inLanguage":"pt-BR","mainEntityOfPage":{"@id":"https:\/\/radiosul.net\/wp\/2021\/angus-e-brangus-capanegra-estarao-em-pista-na-proxima-terca-feira\/#webpage"},"isPartOf":{"@id":"https:\/\/radiosul.net\/wp\/2021\/angus-e-brangus-capanegra-estarao-em-pista-na-proxima-terca-feira\/#webpage"},"articleSection":"Agroneg\u00f3cio, Destaque"},{"@type":"BreadcrumbList","@id":"https:\/\/radiosul.net\/wp\/2021\/angus-e-brangus-capanegra-estarao-em-pista-na-proxima-terca-feira\/#breadcrumblist","itemListElement":[{"@type":"ListItem","@id":"https:\/\/radiosul.net\/wp#listItem","position":1,"name":"Home","item":"https:\/\/radiosul.net\/wp","nextItem":{"@type":"ListItem","@id":"https:\/\/radiosul.net\/wp\/category\/agro\/#listItem","name":"Agroneg\u00f3cio"}},{"@type":"ListItem","@id":"https:\/\/radiosul.net\/wp\/category\/agro\/#listItem","position":2,"name":"Agroneg\u00f3cio","item":"https:\/\/radiosul.net\/wp\/category\/agro\/","nextItem":{"@type":"ListItem","@id":"https:\/\/radiosul.net\/wp\/2021\/angus-e-brangus-capanegra-estarao-em-pista-na-proxima-terca-feira\/#listItem","name":"Angus e Brangus Capanegra estar\u00e3o em pista na pr\u00f3xima ter\u00e7a-feira"},"previousItem":{"@type":"ListItem","@id":"https:\/\/radiosul.net\/wp#listItem","name":"Home"}},{"@type":"ListItem","@id":"https:\/\/radiosul.net\/wp\/2021\/angus-e-brangus-capanegra-estarao-em-pista-na-proxima-terca-feira\/#listItem","position":3,"name":"Angus e Brangus Capanegra estar\u00e3o em pista na pr\u00f3xima ter\u00e7a-feira","previousItem":{"@type":"ListItem","@id":"https:\/\/radiosul.net\/wp\/category\/agro\/#listItem","name":"Agroneg\u00f3cio"}}]},{"@type":"Organization","@id":"https:\/\/radiosul.net\/wp\/#organization","name":"radiosul.net","description":"Regional por Excel\u00eancia","url":"https:\/\/radiosul.net\/wp\/"},{"@type":"Person","@id":"https:\/\/radiosul.net\/wp\/author\/alejo\/#author","url":"https:\/\/radiosul.net\/wp\/author\/alejo\/","name":"Alejo Bordon","image":{"@type":"ImageObject","@id":"https:\/\/radiosul.net\/wp\/2021\/angus-e-brangus-capanegra-estarao-em-pista-na-proxima-terca-feira\/#authorImage","url":"https:\/\/secure.gravatar.com\/avatar\/b3a7e7f1c71212e6a5b7183b79a2ab58dad8bdc4cd4eadd61c4434d010d0bae4?s=96&d=mm&r=g","width":96,"height":96,"caption":"Alejo Bordon"}},{"@type":"WebPage","@id":"https:\/\/radiosul.net\/wp\/2021\/angus-e-brangus-capanegra-estarao-em-pista-na-proxima-terca-feira\/#webpage","url":"https:\/\/radiosul.net\/wp\/2021\/angus-e-brangus-capanegra-estarao-em-pista-na-proxima-terca-feira\/","name":"Angus e Brangus Capanegra estar\u00e3o em pista na pr\u00f3xima ter\u00e7a-feira - radiosul.net","description":"Ou\u00e7a a entrevista na \u00edntegra: Leil\u00e3o virtual deve negociar 78 touros e 68 ventres, com transmiss\u00e3o ao vivo do Canal Rural e Lance Rural Rusticidade, adaptabilidade e efici\u00eancia. A tradicional gen\u00e9tica melhoradora Capanegra estar\u00e1 \u00e0 disposi\u00e7\u00e3o do mercado na pr\u00f3xima ter\u00e7a-feira, dia 28 de setembro, a partir das 20h30min, em um leil\u00e3o virtual de reprodutores","inLanguage":"pt-BR","isPartOf":{"@id":"https:\/\/radiosul.net\/wp\/#website"},"breadcrumb":{"@id":"https:\/\/radiosul.net\/wp\/2021\/angus-e-brangus-capanegra-estarao-em-pista-na-proxima-terca-feira\/#breadcrumblist"},"author":{"@id":"https:\/\/radiosul.net\/wp\/author\/alejo\/#author"},"creator":{"@id":"https:\/\/radiosul.net\/wp\/author\/alejo\/#author"},"image":{"@type":"ImageObject","url":"https:\/\/radiosul.net\/wp\/wp-content\/uploads\/2021\/09\/Lote-68-Touro-Brangus-Reproducao-BR-Filmes.jpg","@id":"https:\/\/radiosul.net\/wp\/2021\/angus-e-brangus-capanegra-estarao-em-pista-na-proxima-terca-feira\/#mainImage","width":1203,"height":677,"caption":"Foto: Reprodu\u00e7\u00e3o BR Filmes"},"primaryImageOfPage":{"@id":"https:\/\/radiosul.net\/wp\/2021\/angus-e-brangus-capanegra-estarao-em-pista-na-proxima-terca-feira\/#mainImage"},"datePublished":"2021-09-22T11:50:23-03:00","dateModified":"2021-09-22T11:50:25-03:00"},{"@type":"WebSite","@id":"https:\/\/radiosul.net\/wp\/#website","url":"https:\/\/radiosul.net\/wp\/","name":"radiosul.net","description":"Regional por Excel\u00eancia","inLanguage":"pt-BR","publisher":{"@id":"https:\/\/radiosul.net\/wp\/#organization"}}]},"og:locale":"pt_BR","og:site_name":"radiosul.net - Regional por Excel\u00eancia","og:type":"article","og:title":"Angus e Brangus Capanegra estar\u00e3o em pista na pr\u00f3xima ter\u00e7a-feira - radiosul.net","og:description":"Ou\u00e7a a entrevista na \u00edntegra: Leil\u00e3o virtual deve negociar 78 touros e 68 ventres, com transmiss\u00e3o ao vivo do Canal Rural e Lance Rural Rusticidade, adaptabilidade e efici\u00eancia. A tradicional gen\u00e9tica melhoradora Capanegra estar\u00e1 \u00e0 disposi\u00e7\u00e3o do mercado na pr\u00f3xima ter\u00e7a-feira, dia 28 de setembro, a partir das 20h30min, em um leil\u00e3o virtual de reprodutores","og:url":"https:\/\/radiosul.net\/wp\/2021\/angus-e-brangus-capanegra-estarao-em-pista-na-proxima-terca-feira\/","article:published_time":"2021-09-22T14:50:23+00:00","article:modified_time":"2021-09-22T14:50:25+00:00","twitter:card":"summary_large_image","twitter:title":"Angus e Brangus Capanegra estar\u00e3o em pista na pr\u00f3xima ter\u00e7a-feira - radiosul.net","twitter:description":"Ou\u00e7a a entrevista na \u00edntegra: Leil\u00e3o virtual deve negociar 78 touros e 68 ventres, com transmiss\u00e3o ao vivo do Canal Rural e Lance Rural Rusticidade, adaptabilidade e efici\u00eancia. A tradicional gen\u00e9tica melhoradora Capanegra estar\u00e1 \u00e0 disposi\u00e7\u00e3o do mercado na pr\u00f3xima ter\u00e7a-feira, dia 28 de setembro, a partir das 20h30min, em um leil\u00e3o virtual de reprodutores"},"aioseo_meta_data":{"post_id":"20543","title":null,"description":null,"keywords":null,"keyphrases":null,"primary_term":null,"canonical_url":null,"og_title":null,"og_description":null,"og_object_type":"default","og_image_type":"default","og_image_url":null,"og_image_width":null,"og_image_height":null,"og_image_custom_url":null,"og_image_custom_fields":null,"og_video":null,"og_custom_url":null,"og_article_section":null,"og_article_tags":null,"twitter_use_og":false,"twitter_card":"default","twitter_image_type":"default","twitter_image_url":null,"twitter_image_custom_url":null,"twitter_image_custom_fields":null,"twitter_title":null,"twitter_description":null,"schema":{"blockGraphs":[],"customGraphs":[],"default":{"data":{"Article":[],"Course":[],"Dataset":[],"FAQPage":[],"Movie":[],"Person":[],"Product":[],"ProductReview":[],"Car":[],"Recipe":[],"Service":[],"SoftwareApplication":[],"WebPage":[]},"graphName":"","isEnabled":true},"graphs":[]},"schema_type":"default","schema_type_options":null,"pillar_content":false,"robots_default":true,"robots_noindex":false,"robots_noarchive":false,"robots_nosnippet":false,"robots_nofollow":false,"robots_noimageindex":false,"robots_noodp":false,"robots_notranslate":false,"robots_max_snippet":null,"robots_max_videopreview":null,"robots_max_imagepreview":"large","priority":null,"frequency":null,"local_seo":null,"breadcrumb_settings":null,"limit_modified_date":false,"ai":null,"created":"2026-01-09 05:03:10","updated":"2026-01-09 05:03:10","seo_analyzer_scan_date":null,"focus_keyword":null,"additional_keywords":null,"truseo_locale":null},"aioseo_breadcrumb":"<div class=\"aioseo-breadcrumbs\"><span class=\"aioseo-breadcrumb\">\n\t\t\t<a href=\"https:\/\/radiosul.net\/wp\" title=\"Home\">Home<\/a>\n\t\t<\/span><span class=\"aioseo-breadcrumb-separator\">&raquo;<\/span><span class=\"aioseo-breadcrumb\">\n\t\t\t<a href=\"https:\/\/radiosul.net\/wp\/category\/agro\/\" title=\"Agroneg\u00f3cio\">Agroneg\u00f3cio<\/a>\n\t\t<\/span><span class=\"aioseo-breadcrumb-separator\">&raquo;<\/span><span class=\"aioseo-breadcrumb\">\n\t\t\tAngus e Brangus Capanegra estar\u00e3o em pista na pr\u00f3xima ter\u00e7a-feira\n\t\t<\/span><\/div>","aioseo_breadcrumb_json":[{"label":"Home","link":"https:\/\/radiosul.net\/wp"},{"label":"Agroneg\u00f3cio","link":"https:\/\/radiosul.net\/wp\/category\/agro\/"},{"label":"Angus e Brangus Capanegra estar\u00e3o em pista na pr\u00f3xima ter\u00e7a-feira","link":"https:\/\/radiosul.net\/wp\/2021\/angus-e-brangus-capanegra-estarao-em-pista-na-proxima-terca-feira\/"}],"_links":{"self":[{"href":"https:\/\/radiosul.net\/wp\/wp-json\/wp\/v2\/posts\/20543","targetHints":{"allow":["GET"]}}],"collection":[{"href":"https:\/\/radiosul.net\/wp\/wp-json\/wp\/v2\/posts"}],"about":[{"href":"https:\/\/radiosul.net\/wp\/wp-json\/wp\/v2\/types\/post"}],"author":[{"embeddable":true,"href":"https:\/\/radiosul.net\/wp\/wp-json\/wp\/v2\/users\/9"}],"replies":[{"embeddable":true,"href":"https:\/\/radiosul.net\/wp\/wp-json\/wp\/v2\/comments?post=20543"}],"version-history":[{"count":1,"href":"https:\/\/radiosul.net\/wp\/wp-json\/wp\/v2\/posts\/20543\/revisions"}],"predecessor-version":[{"id":20546,"href":"https:\/\/radiosul.net\/wp\/wp-json\/wp\/v2\/posts\/20543\/revisions\/20546"}],"wp:featuredmedia":[{"embeddable":true,"href":"https:\/\/radiosul.net\/wp\/wp-json\/wp\/v2\/media\/20545"}],"wp:attachment":[{"href":"https:\/\/radiosul.net\/wp\/wp-json\/wp\/v2\/media?parent=20543"}],"wp:term":[{"taxonomy":"category","embeddable":true,"href":"https:\/\/radiosul.net\/wp\/wp-json\/wp\/v2\/categories?post=20543"},{"taxonomy":"post_tag","embeddable":true,"href":"https:\/\/radiosul.net\/wp\/wp-json\/wp\/v2\/tags?post=20543"}],"curies":[{"name":"wp","href":"https:\/\/api.w.org\/{rel}","templated":true}]}}