{"id":20500,"date":"2021-09-17T14:37:13","date_gmt":"2021-09-17T17:37:13","guid":{"rendered":"https:\/\/radiosul.net\/wp\/?p=20500"},"modified":"2021-09-17T14:37:16","modified_gmt":"2021-09-17T17:37:16","slug":"cna-pede-suplementacao-de-recursos-para-o-seguro-rural","status":"publish","type":"post","link":"https:\/\/radiosul.net\/wp\/2021\/cna-pede-suplementacao-de-recursos-para-o-seguro-rural\/","title":{"rendered":"CNA pede suplementa\u00e7\u00e3o de recursos para o seguro rural"},"content":{"rendered":"\n<p class=\"wp-block-paragraph\"><em>Pedido de suplementa\u00e7\u00e3o de recursos \u00e9 de R$ 376 milh\u00f5es para execu\u00e7\u00e3o do PSR<\/em><\/p>\n\n\n\n<p class=\"wp-block-paragraph\">A Confedera\u00e7\u00e3o da Agricultura e Pecu\u00e1ria do Brasil (CNA) pediu ao Minist\u00e9rio da Economia, na quarta (15), a suplementa\u00e7\u00e3o de recursos de R$ 376 milh\u00f5es para execu\u00e7\u00e3o do Programa de Subven\u00e7\u00e3o ao Pr\u00eamio do Seguro Rural (PSR).<\/p>\n\n\n\n<p class=\"wp-block-paragraph\">No of\u00edcio enviado ao Minist\u00e9rio, a CNA informou que, at\u00e9 o in\u00edcio de setembro deste ano, mais de 87% dos R$ 924 milh\u00f5es aprovados na Lei Or\u00e7ament\u00e1ria Anual (LOA) foram utilizados em subven\u00e7\u00e3o ao pr\u00eamio do seguro rural, proporcionando a cobertura de 8,1 milh\u00f5es de hectares e 143 mil ap\u00f3lices.<\/p>\n\n\n\n<p class=\"wp-block-paragraph\">&#8220;O esgotamento de recursos, no in\u00edcio de setembro, revela que o mercado de seguros agr\u00edcolas est\u00e1 aquecido. Esse volume de cr\u00e9dito suplementar garantir\u00e1 a cobertura de seguro para mais 4,5 milh\u00f5es de hectares e de 50 a 70 mil ap\u00f3lices&#8221;, esclarece a CNA.<\/p>\n\n\n\n<p class=\"wp-block-paragraph\">Ainda segundo a entidade, o volume de recursos utilizado para a subven\u00e7\u00e3o de ap\u00f3lices de gr\u00e3os j\u00e1 esgotou a previs\u00e3o de aplica\u00e7\u00e3o definida pelo Comit\u00ea Gestor Interministerial do Seguro Rural (CGSR), de R$ 684 milh\u00f5es, especialmente nas atividades de milho 2\u00aa safra, soja e milho ver\u00e3o.<\/p>\n\n\n\n<p class=\"wp-block-paragraph\">Al\u00e9m disso, os pre\u00e7os das commodities agr\u00edcolas tiveram aumento superior a 40%, impactando no valor da import\u00e2ncia segurada e dos pr\u00eamios de seguro. &#8220;Contamos com a suplementa\u00e7\u00e3o or\u00e7ament\u00e1ria para permitir que os produtores de milho 1\u00aa safra e soja possam acessar a pol\u00edtica de gest\u00e3o de riscos em 2021&#8221;.<\/p>\n\n\n\n<p class=\"wp-block-paragraph\">A CNA tem defendido os incentivos \u00e0 gest\u00e3o de riscos para promo\u00e7\u00e3o do cultivo de milho 1\u00aa safra e para minimizar press\u00f5es para redu\u00e7\u00e3o da ado\u00e7\u00e3o de tecnologias, em caso de frustra\u00e7\u00e3o de safras e por renegocia\u00e7\u00f5es de d\u00edvidas.<\/p>\n\n\n\n<p class=\"wp-block-paragraph\">De acordo com a entidade, as seguradoras pagaram R$ 6,3 bilh\u00f5es em indeniza\u00e7\u00f5es aos produtores no per\u00edodo de janeiro de 2019 a junho de 2021, o que contribuiu para a baixa inadimpl\u00eancia do setor e a perman\u00eancia de milhares de produtores na atividade.<\/p>\n\n\n\n<p class=\"wp-block-paragraph\">No of\u00edcio, a Confedera\u00e7\u00e3o destacou que a maior ades\u00e3o dos produtores aos seguros agr\u00edcolas reflete o comprometimento do governo com a pol\u00edtica de seguro rural, a dissemina\u00e7\u00e3o de informa\u00e7\u00f5es para todos os agentes do mercado e o aumento das perdas decorrentes de problemas clim\u00e1ticos. No primeiro semestre, diversas culturas, como milho e caf\u00e9, por exemplo, foram afetadas pela estiagem e geadas.<\/p>\n\n\n\n<p class=\"wp-block-paragraph\"><strong><em>Fonte: Assessoria de Comunica\u00e7\u00e3o Sistema CNA<\/em><\/strong><\/p>\n","protected":false},"excerpt":{"rendered":"<p>Pedido de suplementa\u00e7\u00e3o de recursos \u00e9 de R$ 376 milh\u00f5es para execu\u00e7\u00e3o do PSR A Confedera\u00e7\u00e3o da Agricultura e Pecu\u00e1ria do Brasil (CNA) pediu ao Minist\u00e9rio da Economia, na quarta (15), a suplementa\u00e7\u00e3o de recursos de R$ 376 milh\u00f5es para execu\u00e7\u00e3o do Programa de Subven\u00e7\u00e3o ao Pr\u00eamio do Seguro Rural (PSR). No of\u00edcio enviado ao &hellip;<\/p>\n","protected":false},"author":9,"featured_media":20506,"comment_status":"closed","ping_status":"closed","sticky":false,"template":"","format":"standard","meta":{"_monsterinsights_skip_tracking":false,"_uf_show_specific_survey":0,"_uf_disable_surveys":false,"footnotes":""},"categories":[1,126],"tags":[],"class_list":["post-20500","post","type-post","status-publish","format-standard","has-post-thumbnail","hentry","category-agro","category-destacados"],"aioseo_notices":[],"aioseo_head":"\n\t\t<!-- All in One SEO 5.0.1.1 - aioseo.com -->\n\t<meta name=\"description\" content=\"Pedido de suplementa\u00e7\u00e3o de recursos \u00e9 de R$ 376 milh\u00f5es para execu\u00e7\u00e3o do PSR A Confedera\u00e7\u00e3o da Agricultura e Pecu\u00e1ria do Brasil (CNA) pediu ao Minist\u00e9rio da Economia, na quarta (15), a suplementa\u00e7\u00e3o de recursos de R$ 376 milh\u00f5es para execu\u00e7\u00e3o do Programa de Subven\u00e7\u00e3o ao Pr\u00eamio do Seguro Rural (PSR). No of\u00edcio enviado ao\" \/>\n\t<meta name=\"robots\" content=\"max-image-preview:large\" \/>\n\t<meta name=\"author\" content=\"Alejo Bordon\"\/>\n\t<link rel=\"canonical\" href=\"https:\/\/radiosul.net\/wp\/2021\/cna-pede-suplementacao-de-recursos-para-o-seguro-rural\/\" \/>\n\t<meta name=\"generator\" content=\"All in One SEO (AIOSEO) 5.0.1.1\" \/>\n\t\t<meta property=\"og:locale\" content=\"pt_BR\" \/>\n\t\t<meta property=\"og:site_name\" content=\"radiosul.net - Regional por Excel\u00eancia\" \/>\n\t\t<meta property=\"og:type\" content=\"article\" \/>\n\t\t<meta property=\"og:title\" content=\"CNA pede suplementa\u00e7\u00e3o de recursos para o seguro rural - radiosul.net\" \/>\n\t\t<meta property=\"og:description\" content=\"Pedido de suplementa\u00e7\u00e3o de recursos \u00e9 de R$ 376 milh\u00f5es para execu\u00e7\u00e3o do PSR A Confedera\u00e7\u00e3o da Agricultura e Pecu\u00e1ria do Brasil (CNA) pediu ao Minist\u00e9rio da Economia, na quarta (15), a suplementa\u00e7\u00e3o de recursos de R$ 376 milh\u00f5es para execu\u00e7\u00e3o do Programa de Subven\u00e7\u00e3o ao Pr\u00eamio do Seguro Rural (PSR). No of\u00edcio enviado ao\" \/>\n\t\t<meta property=\"og:url\" content=\"https:\/\/radiosul.net\/wp\/2021\/cna-pede-suplementacao-de-recursos-para-o-seguro-rural\/\" \/>\n\t\t<meta property=\"article:published_time\" content=\"2021-09-17T17:37:13+00:00\" \/>\n\t\t<meta property=\"article:modified_time\" content=\"2021-09-17T17:37:16+00:00\" \/>\n\t\t<meta name=\"twitter:card\" content=\"summary_large_image\" \/>\n\t\t<meta name=\"twitter:title\" content=\"CNA pede suplementa\u00e7\u00e3o de recursos para o seguro rural - radiosul.net\" \/>\n\t\t<meta name=\"twitter:description\" content=\"Pedido de suplementa\u00e7\u00e3o de recursos \u00e9 de R$ 376 milh\u00f5es para execu\u00e7\u00e3o do PSR A Confedera\u00e7\u00e3o da Agricultura e Pecu\u00e1ria do Brasil (CNA) pediu ao Minist\u00e9rio da Economia, na quarta (15), a suplementa\u00e7\u00e3o de recursos de R$ 376 milh\u00f5es para execu\u00e7\u00e3o do Programa de Subven\u00e7\u00e3o ao Pr\u00eamio do Seguro Rural (PSR). No of\u00edcio enviado ao\" \/>\n\t\t<script type=\"application\/ld+json\" class=\"aioseo-schema\">\n\t\t\t{\"@context\":\"https:\\\/\\\/schema.org\",\"@graph\":[{\"@type\":\"BlogPosting\",\"@id\":\"https:\\\/\\\/radiosul.net\\\/wp\\\/2021\\\/cna-pede-suplementacao-de-recursos-para-o-seguro-rural\\\/#blogposting\",\"name\":\"CNA pede suplementa\\u00e7\\u00e3o de recursos para o seguro rural - radiosul.net\",\"headline\":\"CNA pede suplementa\\u00e7\\u00e3o de recursos para o seguro rural\",\"author\":{\"@id\":\"https:\\\/\\\/radiosul.net\\\/wp\\\/author\\\/alejo\\\/#author\"},\"publisher\":{\"@id\":\"https:\\\/\\\/radiosul.net\\\/wp\\\/#organization\"},\"image\":{\"@type\":\"ImageObject\",\"url\":\"https:\\\/\\\/radiosul.net\\\/wp\\\/wp-content\\\/uploads\\\/2021\\\/09\\\/33660893508_822760c0ae_c.jpg\",\"width\":600,\"height\":400},\"datePublished\":\"2021-09-17T14:37:13-03:00\",\"dateModified\":\"2021-09-17T14:37:16-03:00\",\"inLanguage\":\"pt-BR\",\"mainEntityOfPage\":{\"@id\":\"https:\\\/\\\/radiosul.net\\\/wp\\\/2021\\\/cna-pede-suplementacao-de-recursos-para-o-seguro-rural\\\/#webpage\"},\"isPartOf\":{\"@id\":\"https:\\\/\\\/radiosul.net\\\/wp\\\/2021\\\/cna-pede-suplementacao-de-recursos-para-o-seguro-rural\\\/#webpage\"},\"articleSection\":\"Agroneg\\u00f3cio, Destaque\"},{\"@type\":\"BreadcrumbList\",\"@id\":\"https:\\\/\\\/radiosul.net\\\/wp\\\/2021\\\/cna-pede-suplementacao-de-recursos-para-o-seguro-rural\\\/#breadcrumblist\",\"itemListElement\":[{\"@type\":\"ListItem\",\"@id\":\"https:\\\/\\\/radiosul.net\\\/wp#listItem\",\"position\":1,\"name\":\"Home\",\"item\":\"https:\\\/\\\/radiosul.net\\\/wp\",\"nextItem\":{\"@type\":\"ListItem\",\"@id\":\"https:\\\/\\\/radiosul.net\\\/wp\\\/category\\\/agro\\\/#listItem\",\"name\":\"Agroneg\\u00f3cio\"}},{\"@type\":\"ListItem\",\"@id\":\"https:\\\/\\\/radiosul.net\\\/wp\\\/category\\\/agro\\\/#listItem\",\"position\":2,\"name\":\"Agroneg\\u00f3cio\",\"item\":\"https:\\\/\\\/radiosul.net\\\/wp\\\/category\\\/agro\\\/\",\"nextItem\":{\"@type\":\"ListItem\",\"@id\":\"https:\\\/\\\/radiosul.net\\\/wp\\\/2021\\\/cna-pede-suplementacao-de-recursos-para-o-seguro-rural\\\/#listItem\",\"name\":\"CNA pede suplementa\\u00e7\\u00e3o de recursos para o seguro rural\"},\"previousItem\":{\"@type\":\"ListItem\",\"@id\":\"https:\\\/\\\/radiosul.net\\\/wp#listItem\",\"name\":\"Home\"}},{\"@type\":\"ListItem\",\"@id\":\"https:\\\/\\\/radiosul.net\\\/wp\\\/2021\\\/cna-pede-suplementacao-de-recursos-para-o-seguro-rural\\\/#listItem\",\"position\":3,\"name\":\"CNA pede suplementa\\u00e7\\u00e3o de recursos para o seguro rural\",\"previousItem\":{\"@type\":\"ListItem\",\"@id\":\"https:\\\/\\\/radiosul.net\\\/wp\\\/category\\\/agro\\\/#listItem\",\"name\":\"Agroneg\\u00f3cio\"}}]},{\"@type\":\"Organization\",\"@id\":\"https:\\\/\\\/radiosul.net\\\/wp\\\/#organization\",\"name\":\"radiosul.net\",\"description\":\"Regional por Excel\\u00eancia\",\"url\":\"https:\\\/\\\/radiosul.net\\\/wp\\\/\"},{\"@type\":\"Person\",\"@id\":\"https:\\\/\\\/radiosul.net\\\/wp\\\/author\\\/alejo\\\/#author\",\"url\":\"https:\\\/\\\/radiosul.net\\\/wp\\\/author\\\/alejo\\\/\",\"name\":\"Alejo Bordon\",\"image\":{\"@type\":\"ImageObject\",\"@id\":\"https:\\\/\\\/radiosul.net\\\/wp\\\/2021\\\/cna-pede-suplementacao-de-recursos-para-o-seguro-rural\\\/#authorImage\",\"url\":\"https:\\\/\\\/secure.gravatar.com\\\/avatar\\\/b3a7e7f1c71212e6a5b7183b79a2ab58dad8bdc4cd4eadd61c4434d010d0bae4?s=96&d=mm&r=g\",\"width\":96,\"height\":96,\"caption\":\"Alejo Bordon\"}},{\"@type\":\"WebPage\",\"@id\":\"https:\\\/\\\/radiosul.net\\\/wp\\\/2021\\\/cna-pede-suplementacao-de-recursos-para-o-seguro-rural\\\/#webpage\",\"url\":\"https:\\\/\\\/radiosul.net\\\/wp\\\/2021\\\/cna-pede-suplementacao-de-recursos-para-o-seguro-rural\\\/\",\"name\":\"CNA pede suplementa\\u00e7\\u00e3o de recursos para o seguro rural - radiosul.net\",\"description\":\"Pedido de suplementa\\u00e7\\u00e3o de recursos \\u00e9 de R$ 376 milh\\u00f5es para execu\\u00e7\\u00e3o do PSR A Confedera\\u00e7\\u00e3o da Agricultura e Pecu\\u00e1ria do Brasil (CNA) pediu ao Minist\\u00e9rio da Economia, na quarta (15), a suplementa\\u00e7\\u00e3o de recursos de R$ 376 milh\\u00f5es para execu\\u00e7\\u00e3o do Programa de Subven\\u00e7\\u00e3o ao Pr\\u00eamio do Seguro Rural (PSR). No of\\u00edcio enviado ao\",\"inLanguage\":\"pt-BR\",\"isPartOf\":{\"@id\":\"https:\\\/\\\/radiosul.net\\\/wp\\\/#website\"},\"breadcrumb\":{\"@id\":\"https:\\\/\\\/radiosul.net\\\/wp\\\/2021\\\/cna-pede-suplementacao-de-recursos-para-o-seguro-rural\\\/#breadcrumblist\"},\"author\":{\"@id\":\"https:\\\/\\\/radiosul.net\\\/wp\\\/author\\\/alejo\\\/#author\"},\"creator\":{\"@id\":\"https:\\\/\\\/radiosul.net\\\/wp\\\/author\\\/alejo\\\/#author\"},\"image\":{\"@type\":\"ImageObject\",\"url\":\"https:\\\/\\\/radiosul.net\\\/wp\\\/wp-content\\\/uploads\\\/2021\\\/09\\\/33660893508_822760c0ae_c.jpg\",\"@id\":\"https:\\\/\\\/radiosul.net\\\/wp\\\/2021\\\/cna-pede-suplementacao-de-recursos-para-o-seguro-rural\\\/#mainImage\",\"width\":600,\"height\":400},\"primaryImageOfPage\":{\"@id\":\"https:\\\/\\\/radiosul.net\\\/wp\\\/2021\\\/cna-pede-suplementacao-de-recursos-para-o-seguro-rural\\\/#mainImage\"},\"datePublished\":\"2021-09-17T14:37:13-03:00\",\"dateModified\":\"2021-09-17T14:37:16-03:00\"},{\"@type\":\"WebSite\",\"@id\":\"https:\\\/\\\/radiosul.net\\\/wp\\\/#website\",\"url\":\"https:\\\/\\\/radiosul.net\\\/wp\\\/\",\"name\":\"radiosul.net\",\"description\":\"Regional por Excel\\u00eancia\",\"inLanguage\":\"pt-BR\",\"publisher\":{\"@id\":\"https:\\\/\\\/radiosul.net\\\/wp\\\/#organization\"}}]}\n\t\t<\/script>\n\t\t<!-- All in One SEO -->\n\n","aioseo_head_json":{"title":"CNA pede suplementa\u00e7\u00e3o de recursos para o seguro rural - radiosul.net","description":"Pedido de suplementa\u00e7\u00e3o de recursos \u00e9 de R$ 376 milh\u00f5es para execu\u00e7\u00e3o do PSR A Confedera\u00e7\u00e3o da Agricultura e Pecu\u00e1ria do Brasil (CNA) pediu ao Minist\u00e9rio da Economia, na quarta (15), a suplementa\u00e7\u00e3o de recursos de R$ 376 milh\u00f5es para execu\u00e7\u00e3o do Programa de Subven\u00e7\u00e3o ao Pr\u00eamio do Seguro Rural (PSR). No of\u00edcio enviado ao","canonical_url":"https:\/\/radiosul.net\/wp\/2021\/cna-pede-suplementacao-de-recursos-para-o-seguro-rural\/","robots":"max-image-preview:large","keywords":"","webmasterTools":{"miscellaneous":""},"schema":{"@context":"https:\/\/schema.org","@graph":[{"@type":"BlogPosting","@id":"https:\/\/radiosul.net\/wp\/2021\/cna-pede-suplementacao-de-recursos-para-o-seguro-rural\/#blogposting","name":"CNA pede suplementa\u00e7\u00e3o de recursos para o seguro rural - radiosul.net","headline":"CNA pede suplementa\u00e7\u00e3o de recursos para o seguro rural","author":{"@id":"https:\/\/radiosul.net\/wp\/author\/alejo\/#author"},"publisher":{"@id":"https:\/\/radiosul.net\/wp\/#organization"},"image":{"@type":"ImageObject","url":"https:\/\/radiosul.net\/wp\/wp-content\/uploads\/2021\/09\/33660893508_822760c0ae_c.jpg","width":600,"height":400},"datePublished":"2021-09-17T14:37:13-03:00","dateModified":"2021-09-17T14:37:16-03:00","inLanguage":"pt-BR","mainEntityOfPage":{"@id":"https:\/\/radiosul.net\/wp\/2021\/cna-pede-suplementacao-de-recursos-para-o-seguro-rural\/#webpage"},"isPartOf":{"@id":"https:\/\/radiosul.net\/wp\/2021\/cna-pede-suplementacao-de-recursos-para-o-seguro-rural\/#webpage"},"articleSection":"Agroneg\u00f3cio, Destaque"},{"@type":"BreadcrumbList","@id":"https:\/\/radiosul.net\/wp\/2021\/cna-pede-suplementacao-de-recursos-para-o-seguro-rural\/#breadcrumblist","itemListElement":[{"@type":"ListItem","@id":"https:\/\/radiosul.net\/wp#listItem","position":1,"name":"Home","item":"https:\/\/radiosul.net\/wp","nextItem":{"@type":"ListItem","@id":"https:\/\/radiosul.net\/wp\/category\/agro\/#listItem","name":"Agroneg\u00f3cio"}},{"@type":"ListItem","@id":"https:\/\/radiosul.net\/wp\/category\/agro\/#listItem","position":2,"name":"Agroneg\u00f3cio","item":"https:\/\/radiosul.net\/wp\/category\/agro\/","nextItem":{"@type":"ListItem","@id":"https:\/\/radiosul.net\/wp\/2021\/cna-pede-suplementacao-de-recursos-para-o-seguro-rural\/#listItem","name":"CNA pede suplementa\u00e7\u00e3o de recursos para o seguro rural"},"previousItem":{"@type":"ListItem","@id":"https:\/\/radiosul.net\/wp#listItem","name":"Home"}},{"@type":"ListItem","@id":"https:\/\/radiosul.net\/wp\/2021\/cna-pede-suplementacao-de-recursos-para-o-seguro-rural\/#listItem","position":3,"name":"CNA pede suplementa\u00e7\u00e3o de recursos para o seguro rural","previousItem":{"@type":"ListItem","@id":"https:\/\/radiosul.net\/wp\/category\/agro\/#listItem","name":"Agroneg\u00f3cio"}}]},{"@type":"Organization","@id":"https:\/\/radiosul.net\/wp\/#organization","name":"radiosul.net","description":"Regional por Excel\u00eancia","url":"https:\/\/radiosul.net\/wp\/"},{"@type":"Person","@id":"https:\/\/radiosul.net\/wp\/author\/alejo\/#author","url":"https:\/\/radiosul.net\/wp\/author\/alejo\/","name":"Alejo Bordon","image":{"@type":"ImageObject","@id":"https:\/\/radiosul.net\/wp\/2021\/cna-pede-suplementacao-de-recursos-para-o-seguro-rural\/#authorImage","url":"https:\/\/secure.gravatar.com\/avatar\/b3a7e7f1c71212e6a5b7183b79a2ab58dad8bdc4cd4eadd61c4434d010d0bae4?s=96&d=mm&r=g","width":96,"height":96,"caption":"Alejo Bordon"}},{"@type":"WebPage","@id":"https:\/\/radiosul.net\/wp\/2021\/cna-pede-suplementacao-de-recursos-para-o-seguro-rural\/#webpage","url":"https:\/\/radiosul.net\/wp\/2021\/cna-pede-suplementacao-de-recursos-para-o-seguro-rural\/","name":"CNA pede suplementa\u00e7\u00e3o de recursos para o seguro rural - radiosul.net","description":"Pedido de suplementa\u00e7\u00e3o de recursos \u00e9 de R$ 376 milh\u00f5es para execu\u00e7\u00e3o do PSR A Confedera\u00e7\u00e3o da Agricultura e Pecu\u00e1ria do Brasil (CNA) pediu ao Minist\u00e9rio da Economia, na quarta (15), a suplementa\u00e7\u00e3o de recursos de R$ 376 milh\u00f5es para execu\u00e7\u00e3o do Programa de Subven\u00e7\u00e3o ao Pr\u00eamio do Seguro Rural (PSR). No of\u00edcio enviado ao","inLanguage":"pt-BR","isPartOf":{"@id":"https:\/\/radiosul.net\/wp\/#website"},"breadcrumb":{"@id":"https:\/\/radiosul.net\/wp\/2021\/cna-pede-suplementacao-de-recursos-para-o-seguro-rural\/#breadcrumblist"},"author":{"@id":"https:\/\/radiosul.net\/wp\/author\/alejo\/#author"},"creator":{"@id":"https:\/\/radiosul.net\/wp\/author\/alejo\/#author"},"image":{"@type":"ImageObject","url":"https:\/\/radiosul.net\/wp\/wp-content\/uploads\/2021\/09\/33660893508_822760c0ae_c.jpg","@id":"https:\/\/radiosul.net\/wp\/2021\/cna-pede-suplementacao-de-recursos-para-o-seguro-rural\/#mainImage","width":600,"height":400},"primaryImageOfPage":{"@id":"https:\/\/radiosul.net\/wp\/2021\/cna-pede-suplementacao-de-recursos-para-o-seguro-rural\/#mainImage"},"datePublished":"2021-09-17T14:37:13-03:00","dateModified":"2021-09-17T14:37:16-03:00"},{"@type":"WebSite","@id":"https:\/\/radiosul.net\/wp\/#website","url":"https:\/\/radiosul.net\/wp\/","name":"radiosul.net","description":"Regional por Excel\u00eancia","inLanguage":"pt-BR","publisher":{"@id":"https:\/\/radiosul.net\/wp\/#organization"}}]},"og:locale":"pt_BR","og:site_name":"radiosul.net - Regional por Excel\u00eancia","og:type":"article","og:title":"CNA pede suplementa\u00e7\u00e3o de recursos para o seguro rural - radiosul.net","og:description":"Pedido de suplementa\u00e7\u00e3o de recursos \u00e9 de R$ 376 milh\u00f5es para execu\u00e7\u00e3o do PSR A Confedera\u00e7\u00e3o da Agricultura e Pecu\u00e1ria do Brasil (CNA) pediu ao Minist\u00e9rio da Economia, na quarta (15), a suplementa\u00e7\u00e3o de recursos de R$ 376 milh\u00f5es para execu\u00e7\u00e3o do Programa de Subven\u00e7\u00e3o ao Pr\u00eamio do Seguro Rural (PSR). No of\u00edcio enviado ao","og:url":"https:\/\/radiosul.net\/wp\/2021\/cna-pede-suplementacao-de-recursos-para-o-seguro-rural\/","article:published_time":"2021-09-17T17:37:13+00:00","article:modified_time":"2021-09-17T17:37:16+00:00","twitter:card":"summary_large_image","twitter:title":"CNA pede suplementa\u00e7\u00e3o de recursos para o seguro rural - radiosul.net","twitter:description":"Pedido de suplementa\u00e7\u00e3o de recursos \u00e9 de R$ 376 milh\u00f5es para execu\u00e7\u00e3o do PSR A Confedera\u00e7\u00e3o da Agricultura e Pecu\u00e1ria do Brasil (CNA) pediu ao Minist\u00e9rio da Economia, na quarta (15), a suplementa\u00e7\u00e3o de recursos de R$ 376 milh\u00f5es para execu\u00e7\u00e3o do Programa de Subven\u00e7\u00e3o ao Pr\u00eamio do Seguro Rural (PSR). No of\u00edcio enviado ao"},"aioseo_meta_data":{"post_id":"20500","title":null,"description":null,"keywords":null,"keyphrases":null,"primary_term":null,"canonical_url":null,"og_title":null,"og_description":null,"og_object_type":"default","og_image_type":"default","og_image_url":null,"og_image_width":null,"og_image_height":null,"og_image_custom_url":null,"og_image_custom_fields":null,"og_video":null,"og_custom_url":null,"og_article_section":null,"og_article_tags":null,"twitter_use_og":false,"twitter_card":"default","twitter_image_type":"default","twitter_image_url":null,"twitter_image_custom_url":null,"twitter_image_custom_fields":null,"twitter_title":null,"twitter_description":null,"schema":{"blockGraphs":[],"customGraphs":[],"default":{"data":{"Article":[],"Course":[],"Dataset":[],"FAQPage":[],"Movie":[],"Person":[],"Product":[],"ProductReview":[],"Car":[],"Recipe":[],"Service":[],"SoftwareApplication":[],"WebPage":[]},"graphName":"","isEnabled":true},"graphs":[]},"schema_type":"default","schema_type_options":null,"pillar_content":false,"robots_default":true,"robots_noindex":false,"robots_noarchive":false,"robots_nosnippet":false,"robots_nofollow":false,"robots_noimageindex":false,"robots_noodp":false,"robots_notranslate":false,"robots_max_snippet":null,"robots_max_videopreview":null,"robots_max_imagepreview":"large","priority":null,"frequency":null,"local_seo":null,"breadcrumb_settings":null,"limit_modified_date":false,"ai":null,"created":"2026-01-09 04:59:18","updated":"2026-01-09 04:59:18","seo_analyzer_scan_date":null,"focus_keyword":null,"additional_keywords":null,"truseo_locale":null},"aioseo_breadcrumb":"<div class=\"aioseo-breadcrumbs\"><span class=\"aioseo-breadcrumb\">\n\t\t\t<a href=\"https:\/\/radiosul.net\/wp\" title=\"Home\">Home<\/a>\n\t\t<\/span><span class=\"aioseo-breadcrumb-separator\">&raquo;<\/span><span class=\"aioseo-breadcrumb\">\n\t\t\t<a href=\"https:\/\/radiosul.net\/wp\/category\/agro\/\" title=\"Agroneg\u00f3cio\">Agroneg\u00f3cio<\/a>\n\t\t<\/span><span class=\"aioseo-breadcrumb-separator\">&raquo;<\/span><span class=\"aioseo-breadcrumb\">\n\t\t\tCNA pede suplementa\u00e7\u00e3o de recursos para o seguro rural\n\t\t<\/span><\/div>","aioseo_breadcrumb_json":[{"label":"Home","link":"https:\/\/radiosul.net\/wp"},{"label":"Agroneg\u00f3cio","link":"https:\/\/radiosul.net\/wp\/category\/agro\/"},{"label":"CNA pede suplementa\u00e7\u00e3o de recursos para o seguro rural","link":"https:\/\/radiosul.net\/wp\/2021\/cna-pede-suplementacao-de-recursos-para-o-seguro-rural\/"}],"_links":{"self":[{"href":"https:\/\/radiosul.net\/wp\/wp-json\/wp\/v2\/posts\/20500","targetHints":{"allow":["GET"]}}],"collection":[{"href":"https:\/\/radiosul.net\/wp\/wp-json\/wp\/v2\/posts"}],"about":[{"href":"https:\/\/radiosul.net\/wp\/wp-json\/wp\/v2\/types\/post"}],"author":[{"embeddable":true,"href":"https:\/\/radiosul.net\/wp\/wp-json\/wp\/v2\/users\/9"}],"replies":[{"embeddable":true,"href":"https:\/\/radiosul.net\/wp\/wp-json\/wp\/v2\/comments?post=20500"}],"version-history":[{"count":1,"href":"https:\/\/radiosul.net\/wp\/wp-json\/wp\/v2\/posts\/20500\/revisions"}],"predecessor-version":[{"id":20510,"href":"https:\/\/radiosul.net\/wp\/wp-json\/wp\/v2\/posts\/20500\/revisions\/20510"}],"wp:featuredmedia":[{"embeddable":true,"href":"https:\/\/radiosul.net\/wp\/wp-json\/wp\/v2\/media\/20506"}],"wp:attachment":[{"href":"https:\/\/radiosul.net\/wp\/wp-json\/wp\/v2\/media?parent=20500"}],"wp:term":[{"taxonomy":"category","embeddable":true,"href":"https:\/\/radiosul.net\/wp\/wp-json\/wp\/v2\/categories?post=20500"},{"taxonomy":"post_tag","embeddable":true,"href":"https:\/\/radiosul.net\/wp\/wp-json\/wp\/v2\/tags?post=20500"}],"curies":[{"name":"wp","href":"https:\/\/api.w.org\/{rel}","templated":true}]}}