{"id":20456,"date":"2021-09-14T16:52:04","date_gmt":"2021-09-14T19:52:04","guid":{"rendered":"https:\/\/radiosul.net\/wp\/?p=20456"},"modified":"2021-09-14T16:52:07","modified_gmt":"2021-09-14T19:52:07","slug":"presidente-da-cna-e-reeleito-por-unanimidade","status":"publish","type":"post","link":"https:\/\/radiosul.net\/wp\/2021\/presidente-da-cna-e-reeleito-por-unanimidade\/","title":{"rendered":"Presidente da CNA \u00e9 reeleito por unanimidade"},"content":{"rendered":"\n<p class=\"wp-block-paragraph\">O presidente da Confedera\u00e7\u00e3o da Agricultura e Pecu\u00e1ria do Brasil (CNA), Jo\u00e3o Martins, foi reeleito na quarta (14) para mais um mandato \u00e0 frente da entidade (quadri\u00eanio 2021-2025).<\/p>\n\n\n\n<p class=\"wp-block-paragraph\">Jo\u00e3o Martins obteve o voto de todas as 27 Federa\u00e7\u00f5es Estaduais de Agricultura e Pecu\u00e1ria em uma vota\u00e7\u00e3o que ocorreu na sede da CNA, em Bras\u00edlia.<\/p>\n\n\n\n<p class=\"wp-block-paragraph\">Em sua primeira manifesta\u00e7\u00e3o ap\u00f3s a elei\u00e7\u00e3o, Jo\u00e3o Martins falou da responsabilidade que ter\u00e1 daqui para frente e da necessidade de \u201cestarmos cada vez mais unidos para enfrentar os desafios futuros\u201d.<\/p>\n\n\n\n<p class=\"wp-block-paragraph\">\u201cO resultado un\u00e2nime credencia minha gest\u00e3o para atuar com a plena participa\u00e7\u00e3o e com a uni\u00e3o de todas as 27 Federa\u00e7\u00f5es nessa nova empreitada\u201d, afirmou.<\/p>\n\n\n\n<p class=\"wp-block-paragraph\">S\u00f3 a uni\u00e3o de todos, refor\u00e7ou Martins, ser\u00e1 capaz de proteger, fortalecer e ajudar os produtores rurais a enfrentar todas as quest\u00f5es nacionais e mundiais que vir\u00e3o.<\/p>\n\n\n\n<p class=\"wp-block-paragraph\">\u201cMinha obriga\u00e7\u00e3o \u00e9, acima de tudo, defender o produtor rural brasileiro. Uma obriga\u00e7\u00e3o de cada vez mais fazer com que essa Casa defenda a agropecu\u00e1ria brasileira\u201d, afirmou.<\/p>\n\n\n\n<p class=\"wp-block-paragraph\"><strong>Lideran\u00e7a \u2013&nbsp;<\/strong>No comando da CNA desde 2015, Jo\u00e3o Martins tem uma trajet\u00f3ria profissional marcada pela defesa dos produtores rurais. Tamb\u00e9m presidiu a Federa\u00e7\u00e3o da Agricultura e Pecu\u00e1ria do Estado da Bahia (Faeb) e \u00e9 acionista e presidente da Agropecu\u00e1ria Jo\u00e3o Martins S\/A.<\/p>\n\n\n\n<p class=\"wp-block-paragraph\">O processo foi conduzido por uma Comiss\u00e3o Eleitoral comandada pelo presidente da Anater, Ademar Silva J\u00fanior, e composta tamb\u00e9m pelo presidente do Conselho de Administra\u00e7\u00e3o da Embrapa, Fernando Camargo, e pelo presidente do Instituto Pensar Agropecu\u00e1ria (IPA), Nilson Leit\u00e3o.<\/p>\n\n\n\n<p class=\"wp-block-paragraph\"><strong>Conselho \u2013<\/strong>&nbsp;O Conselho de Representantes, formado pelas Federa\u00e7\u00f5es de Agricultura e Pecu\u00e1ria, tamb\u00e9m elegeu, na chapa liderada por Martins, seis vice-presidentes que formam a Diretoria Executiva e os seis membros do Conselho Fiscal, tr\u00eas titulares e tr\u00eas suplentes.<\/p>\n\n\n\n<p class=\"wp-block-paragraph\"><strong>Composi\u00e7\u00e3o da Diretoria Executiva e Conselho Fiscal (Quadri\u00eanio 2021-2025)<\/strong><\/p>\n\n\n\n<p class=\"wp-block-paragraph\">Presidente \u2013 Jo\u00e3o Martins da Silva J\u00fanior (BA)<br><br>1\u00ba vice-presidente \u2013 Jos\u00e9 M\u00e1rio Schreiner (GO)<br>2\u00ba vice-presidente \u2013 Gede\u00e3o Silveira Pereira (RS)<br>1\u00ba vice-presidente de Finan\u00e7as &#8211; Jos\u00e9 Zeferino Pedrozo (SC)<br>2\u00ba vice-presidente de Finan\u00e7as &#8211; Muni Louren\u00e7o Silva J\u00fanior (AM)<br>1\u00ba vice-presidente de Secretaria &#8211; M\u00e1rio Ant\u00f4nio Pereira Borba (PB)<br>2\u00ba vice-presidente de Secretaria &#8211; J\u00falio da Silva Rocha J\u00fanior (ES)<\/p>\n\n\n\n<p class=\"wp-block-paragraph\"><strong>Conselho Fiscal<\/strong><\/p>\n\n\n\n<p class=\"wp-block-paragraph\"><strong>Efetivos<\/strong><\/p>\n\n\n\n<p class=\"wp-block-paragraph\">Normando Corral (MT)<br>Raimundo Coelho de Sousa (MA)<br>Silvio Silvestre de Carvalho (RR)<\/p>\n\n\n\n<p class=\"wp-block-paragraph\"><strong>Suplentes<\/strong><\/p>\n\n\n\n<p class=\"wp-block-paragraph\">Paulo Carneiro (TO)<br>Jos\u00e9 \u00c1lvares Vieira (RN)<br>Ivan Ap\u00f3stolo Sobral (SE)<\/p>\n\n\n\n<p class=\"wp-block-paragraph\"><strong><em>Fonte: Assessoria de Comunica\u00e7\u00e3o CNA<\/em><\/strong><\/p>\n","protected":false},"excerpt":{"rendered":"<p>O presidente da Confedera\u00e7\u00e3o da Agricultura e Pecu\u00e1ria do Brasil (CNA), Jo\u00e3o Martins, foi reeleito na quarta (14) para mais um mandato \u00e0 frente da entidade (quadri\u00eanio 2021-2025). Jo\u00e3o Martins obteve o voto de todas as 27 Federa\u00e7\u00f5es Estaduais de Agricultura e Pecu\u00e1ria em uma vota\u00e7\u00e3o que ocorreu na sede da CNA, em Bras\u00edlia. Em &hellip;<\/p>\n","protected":false},"author":9,"featured_media":20457,"comment_status":"closed","ping_status":"closed","sticky":false,"template":"","format":"standard","meta":{"_monsterinsights_skip_tracking":false,"_uf_show_specific_survey":0,"_uf_disable_surveys":false,"footnotes":""},"categories":[1,126],"tags":[],"class_list":["post-20456","post","type-post","status-publish","format-standard","has-post-thumbnail","hentry","category-agro","category-destacados"],"aioseo_notices":[],"aioseo_head":"\n\t\t<!-- All in One SEO 5.0.1.1 - aioseo.com -->\n\t<meta name=\"description\" content=\"O presidente da Confedera\u00e7\u00e3o da Agricultura e Pecu\u00e1ria do Brasil (CNA), Jo\u00e3o Martins, foi reeleito na quarta (14) para mais um mandato \u00e0 frente da entidade (quadri\u00eanio 2021-2025). Jo\u00e3o Martins obteve o voto de todas as 27 Federa\u00e7\u00f5es Estaduais de Agricultura e Pecu\u00e1ria em uma vota\u00e7\u00e3o que ocorreu na sede da CNA, em Bras\u00edlia. Em\" \/>\n\t<meta name=\"robots\" content=\"max-image-preview:large\" \/>\n\t<meta name=\"author\" content=\"Alejo Bordon\"\/>\n\t<link rel=\"canonical\" href=\"https:\/\/radiosul.net\/wp\/2021\/presidente-da-cna-e-reeleito-por-unanimidade\/\" \/>\n\t<meta name=\"generator\" content=\"All in One SEO (AIOSEO) 5.0.1.1\" \/>\n\t\t<meta property=\"og:locale\" content=\"pt_BR\" \/>\n\t\t<meta property=\"og:site_name\" content=\"radiosul.net - Regional por Excel\u00eancia\" \/>\n\t\t<meta property=\"og:type\" content=\"article\" \/>\n\t\t<meta property=\"og:title\" content=\"Presidente da CNA \u00e9 reeleito por unanimidade - radiosul.net\" \/>\n\t\t<meta property=\"og:description\" content=\"O presidente da Confedera\u00e7\u00e3o da Agricultura e Pecu\u00e1ria do Brasil (CNA), Jo\u00e3o Martins, foi reeleito na quarta (14) para mais um mandato \u00e0 frente da entidade (quadri\u00eanio 2021-2025). Jo\u00e3o Martins obteve o voto de todas as 27 Federa\u00e7\u00f5es Estaduais de Agricultura e Pecu\u00e1ria em uma vota\u00e7\u00e3o que ocorreu na sede da CNA, em Bras\u00edlia. Em\" \/>\n\t\t<meta property=\"og:url\" content=\"https:\/\/radiosul.net\/wp\/2021\/presidente-da-cna-e-reeleito-por-unanimidade\/\" \/>\n\t\t<meta property=\"article:published_time\" content=\"2021-09-14T19:52:04+00:00\" \/>\n\t\t<meta property=\"article:modified_time\" content=\"2021-09-14T19:52:07+00:00\" \/>\n\t\t<meta name=\"twitter:card\" content=\"summary_large_image\" \/>\n\t\t<meta name=\"twitter:title\" content=\"Presidente da CNA \u00e9 reeleito por unanimidade - radiosul.net\" \/>\n\t\t<meta name=\"twitter:description\" content=\"O presidente da Confedera\u00e7\u00e3o da Agricultura e Pecu\u00e1ria do Brasil (CNA), Jo\u00e3o Martins, foi reeleito na quarta (14) para mais um mandato \u00e0 frente da entidade (quadri\u00eanio 2021-2025). Jo\u00e3o Martins obteve o voto de todas as 27 Federa\u00e7\u00f5es Estaduais de Agricultura e Pecu\u00e1ria em uma vota\u00e7\u00e3o que ocorreu na sede da CNA, em Bras\u00edlia. Em\" \/>\n\t\t<script type=\"application\/ld+json\" class=\"aioseo-schema\">\n\t\t\t{\"@context\":\"https:\\\/\\\/schema.org\",\"@graph\":[{\"@type\":\"BlogPosting\",\"@id\":\"https:\\\/\\\/radiosul.net\\\/wp\\\/2021\\\/presidente-da-cna-e-reeleito-por-unanimidade\\\/#blogposting\",\"name\":\"Presidente da CNA \\u00e9 reeleito por unanimidade - radiosul.net\",\"headline\":\"Presidente da CNA \\u00e9 reeleito por unanimidade\",\"author\":{\"@id\":\"https:\\\/\\\/radiosul.net\\\/wp\\\/author\\\/alejo\\\/#author\"},\"publisher\":{\"@id\":\"https:\\\/\\\/radiosul.net\\\/wp\\\/#organization\"},\"image\":{\"@type\":\"ImageObject\",\"url\":\"https:\\\/\\\/radiosul.net\\\/wp\\\/wp-content\\\/uploads\\\/2021\\\/09\\\/jm_210914_194231.jpg\",\"width\":700,\"height\":466},\"datePublished\":\"2021-09-14T16:52:04-03:00\",\"dateModified\":\"2021-09-14T16:52:07-03:00\",\"inLanguage\":\"pt-BR\",\"mainEntityOfPage\":{\"@id\":\"https:\\\/\\\/radiosul.net\\\/wp\\\/2021\\\/presidente-da-cna-e-reeleito-por-unanimidade\\\/#webpage\"},\"isPartOf\":{\"@id\":\"https:\\\/\\\/radiosul.net\\\/wp\\\/2021\\\/presidente-da-cna-e-reeleito-por-unanimidade\\\/#webpage\"},\"articleSection\":\"Agroneg\\u00f3cio, Destaque\"},{\"@type\":\"BreadcrumbList\",\"@id\":\"https:\\\/\\\/radiosul.net\\\/wp\\\/2021\\\/presidente-da-cna-e-reeleito-por-unanimidade\\\/#breadcrumblist\",\"itemListElement\":[{\"@type\":\"ListItem\",\"@id\":\"https:\\\/\\\/radiosul.net\\\/wp#listItem\",\"position\":1,\"name\":\"Home\",\"item\":\"https:\\\/\\\/radiosul.net\\\/wp\",\"nextItem\":{\"@type\":\"ListItem\",\"@id\":\"https:\\\/\\\/radiosul.net\\\/wp\\\/category\\\/agro\\\/#listItem\",\"name\":\"Agroneg\\u00f3cio\"}},{\"@type\":\"ListItem\",\"@id\":\"https:\\\/\\\/radiosul.net\\\/wp\\\/category\\\/agro\\\/#listItem\",\"position\":2,\"name\":\"Agroneg\\u00f3cio\",\"item\":\"https:\\\/\\\/radiosul.net\\\/wp\\\/category\\\/agro\\\/\",\"nextItem\":{\"@type\":\"ListItem\",\"@id\":\"https:\\\/\\\/radiosul.net\\\/wp\\\/2021\\\/presidente-da-cna-e-reeleito-por-unanimidade\\\/#listItem\",\"name\":\"Presidente da CNA \\u00e9 reeleito por unanimidade\"},\"previousItem\":{\"@type\":\"ListItem\",\"@id\":\"https:\\\/\\\/radiosul.net\\\/wp#listItem\",\"name\":\"Home\"}},{\"@type\":\"ListItem\",\"@id\":\"https:\\\/\\\/radiosul.net\\\/wp\\\/2021\\\/presidente-da-cna-e-reeleito-por-unanimidade\\\/#listItem\",\"position\":3,\"name\":\"Presidente da CNA \\u00e9 reeleito por unanimidade\",\"previousItem\":{\"@type\":\"ListItem\",\"@id\":\"https:\\\/\\\/radiosul.net\\\/wp\\\/category\\\/agro\\\/#listItem\",\"name\":\"Agroneg\\u00f3cio\"}}]},{\"@type\":\"Organization\",\"@id\":\"https:\\\/\\\/radiosul.net\\\/wp\\\/#organization\",\"name\":\"radiosul.net\",\"description\":\"Regional por Excel\\u00eancia\",\"url\":\"https:\\\/\\\/radiosul.net\\\/wp\\\/\"},{\"@type\":\"Person\",\"@id\":\"https:\\\/\\\/radiosul.net\\\/wp\\\/author\\\/alejo\\\/#author\",\"url\":\"https:\\\/\\\/radiosul.net\\\/wp\\\/author\\\/alejo\\\/\",\"name\":\"Alejo Bordon\",\"image\":{\"@type\":\"ImageObject\",\"@id\":\"https:\\\/\\\/radiosul.net\\\/wp\\\/2021\\\/presidente-da-cna-e-reeleito-por-unanimidade\\\/#authorImage\",\"url\":\"https:\\\/\\\/secure.gravatar.com\\\/avatar\\\/b3a7e7f1c71212e6a5b7183b79a2ab58dad8bdc4cd4eadd61c4434d010d0bae4?s=96&d=mm&r=g\",\"width\":96,\"height\":96,\"caption\":\"Alejo Bordon\"}},{\"@type\":\"WebPage\",\"@id\":\"https:\\\/\\\/radiosul.net\\\/wp\\\/2021\\\/presidente-da-cna-e-reeleito-por-unanimidade\\\/#webpage\",\"url\":\"https:\\\/\\\/radiosul.net\\\/wp\\\/2021\\\/presidente-da-cna-e-reeleito-por-unanimidade\\\/\",\"name\":\"Presidente da CNA \\u00e9 reeleito por unanimidade - radiosul.net\",\"description\":\"O presidente da Confedera\\u00e7\\u00e3o da Agricultura e Pecu\\u00e1ria do Brasil (CNA), Jo\\u00e3o Martins, foi reeleito na quarta (14) para mais um mandato \\u00e0 frente da entidade (quadri\\u00eanio 2021-2025). Jo\\u00e3o Martins obteve o voto de todas as 27 Federa\\u00e7\\u00f5es Estaduais de Agricultura e Pecu\\u00e1ria em uma vota\\u00e7\\u00e3o que ocorreu na sede da CNA, em Bras\\u00edlia. Em\",\"inLanguage\":\"pt-BR\",\"isPartOf\":{\"@id\":\"https:\\\/\\\/radiosul.net\\\/wp\\\/#website\"},\"breadcrumb\":{\"@id\":\"https:\\\/\\\/radiosul.net\\\/wp\\\/2021\\\/presidente-da-cna-e-reeleito-por-unanimidade\\\/#breadcrumblist\"},\"author\":{\"@id\":\"https:\\\/\\\/radiosul.net\\\/wp\\\/author\\\/alejo\\\/#author\"},\"creator\":{\"@id\":\"https:\\\/\\\/radiosul.net\\\/wp\\\/author\\\/alejo\\\/#author\"},\"image\":{\"@type\":\"ImageObject\",\"url\":\"https:\\\/\\\/radiosul.net\\\/wp\\\/wp-content\\\/uploads\\\/2021\\\/09\\\/jm_210914_194231.jpg\",\"@id\":\"https:\\\/\\\/radiosul.net\\\/wp\\\/2021\\\/presidente-da-cna-e-reeleito-por-unanimidade\\\/#mainImage\",\"width\":700,\"height\":466},\"primaryImageOfPage\":{\"@id\":\"https:\\\/\\\/radiosul.net\\\/wp\\\/2021\\\/presidente-da-cna-e-reeleito-por-unanimidade\\\/#mainImage\"},\"datePublished\":\"2021-09-14T16:52:04-03:00\",\"dateModified\":\"2021-09-14T16:52:07-03:00\"},{\"@type\":\"WebSite\",\"@id\":\"https:\\\/\\\/radiosul.net\\\/wp\\\/#website\",\"url\":\"https:\\\/\\\/radiosul.net\\\/wp\\\/\",\"name\":\"radiosul.net\",\"description\":\"Regional por Excel\\u00eancia\",\"inLanguage\":\"pt-BR\",\"publisher\":{\"@id\":\"https:\\\/\\\/radiosul.net\\\/wp\\\/#organization\"}}]}\n\t\t<\/script>\n\t\t<!-- All in One SEO -->\n\n","aioseo_head_json":{"title":"Presidente da CNA \u00e9 reeleito por unanimidade - radiosul.net","description":"O presidente da Confedera\u00e7\u00e3o da Agricultura e Pecu\u00e1ria do Brasil (CNA), Jo\u00e3o Martins, foi reeleito na quarta (14) para mais um mandato \u00e0 frente da entidade (quadri\u00eanio 2021-2025). Jo\u00e3o Martins obteve o voto de todas as 27 Federa\u00e7\u00f5es Estaduais de Agricultura e Pecu\u00e1ria em uma vota\u00e7\u00e3o que ocorreu na sede da CNA, em Bras\u00edlia. Em","canonical_url":"https:\/\/radiosul.net\/wp\/2021\/presidente-da-cna-e-reeleito-por-unanimidade\/","robots":"max-image-preview:large","keywords":"","webmasterTools":{"miscellaneous":""},"schema":{"@context":"https:\/\/schema.org","@graph":[{"@type":"BlogPosting","@id":"https:\/\/radiosul.net\/wp\/2021\/presidente-da-cna-e-reeleito-por-unanimidade\/#blogposting","name":"Presidente da CNA \u00e9 reeleito por unanimidade - radiosul.net","headline":"Presidente da CNA \u00e9 reeleito por unanimidade","author":{"@id":"https:\/\/radiosul.net\/wp\/author\/alejo\/#author"},"publisher":{"@id":"https:\/\/radiosul.net\/wp\/#organization"},"image":{"@type":"ImageObject","url":"https:\/\/radiosul.net\/wp\/wp-content\/uploads\/2021\/09\/jm_210914_194231.jpg","width":700,"height":466},"datePublished":"2021-09-14T16:52:04-03:00","dateModified":"2021-09-14T16:52:07-03:00","inLanguage":"pt-BR","mainEntityOfPage":{"@id":"https:\/\/radiosul.net\/wp\/2021\/presidente-da-cna-e-reeleito-por-unanimidade\/#webpage"},"isPartOf":{"@id":"https:\/\/radiosul.net\/wp\/2021\/presidente-da-cna-e-reeleito-por-unanimidade\/#webpage"},"articleSection":"Agroneg\u00f3cio, Destaque"},{"@type":"BreadcrumbList","@id":"https:\/\/radiosul.net\/wp\/2021\/presidente-da-cna-e-reeleito-por-unanimidade\/#breadcrumblist","itemListElement":[{"@type":"ListItem","@id":"https:\/\/radiosul.net\/wp#listItem","position":1,"name":"Home","item":"https:\/\/radiosul.net\/wp","nextItem":{"@type":"ListItem","@id":"https:\/\/radiosul.net\/wp\/category\/agro\/#listItem","name":"Agroneg\u00f3cio"}},{"@type":"ListItem","@id":"https:\/\/radiosul.net\/wp\/category\/agro\/#listItem","position":2,"name":"Agroneg\u00f3cio","item":"https:\/\/radiosul.net\/wp\/category\/agro\/","nextItem":{"@type":"ListItem","@id":"https:\/\/radiosul.net\/wp\/2021\/presidente-da-cna-e-reeleito-por-unanimidade\/#listItem","name":"Presidente da CNA \u00e9 reeleito por unanimidade"},"previousItem":{"@type":"ListItem","@id":"https:\/\/radiosul.net\/wp#listItem","name":"Home"}},{"@type":"ListItem","@id":"https:\/\/radiosul.net\/wp\/2021\/presidente-da-cna-e-reeleito-por-unanimidade\/#listItem","position":3,"name":"Presidente da CNA \u00e9 reeleito por unanimidade","previousItem":{"@type":"ListItem","@id":"https:\/\/radiosul.net\/wp\/category\/agro\/#listItem","name":"Agroneg\u00f3cio"}}]},{"@type":"Organization","@id":"https:\/\/radiosul.net\/wp\/#organization","name":"radiosul.net","description":"Regional por Excel\u00eancia","url":"https:\/\/radiosul.net\/wp\/"},{"@type":"Person","@id":"https:\/\/radiosul.net\/wp\/author\/alejo\/#author","url":"https:\/\/radiosul.net\/wp\/author\/alejo\/","name":"Alejo Bordon","image":{"@type":"ImageObject","@id":"https:\/\/radiosul.net\/wp\/2021\/presidente-da-cna-e-reeleito-por-unanimidade\/#authorImage","url":"https:\/\/secure.gravatar.com\/avatar\/b3a7e7f1c71212e6a5b7183b79a2ab58dad8bdc4cd4eadd61c4434d010d0bae4?s=96&d=mm&r=g","width":96,"height":96,"caption":"Alejo Bordon"}},{"@type":"WebPage","@id":"https:\/\/radiosul.net\/wp\/2021\/presidente-da-cna-e-reeleito-por-unanimidade\/#webpage","url":"https:\/\/radiosul.net\/wp\/2021\/presidente-da-cna-e-reeleito-por-unanimidade\/","name":"Presidente da CNA \u00e9 reeleito por unanimidade - radiosul.net","description":"O presidente da Confedera\u00e7\u00e3o da Agricultura e Pecu\u00e1ria do Brasil (CNA), Jo\u00e3o Martins, foi reeleito na quarta (14) para mais um mandato \u00e0 frente da entidade (quadri\u00eanio 2021-2025). Jo\u00e3o Martins obteve o voto de todas as 27 Federa\u00e7\u00f5es Estaduais de Agricultura e Pecu\u00e1ria em uma vota\u00e7\u00e3o que ocorreu na sede da CNA, em Bras\u00edlia. Em","inLanguage":"pt-BR","isPartOf":{"@id":"https:\/\/radiosul.net\/wp\/#website"},"breadcrumb":{"@id":"https:\/\/radiosul.net\/wp\/2021\/presidente-da-cna-e-reeleito-por-unanimidade\/#breadcrumblist"},"author":{"@id":"https:\/\/radiosul.net\/wp\/author\/alejo\/#author"},"creator":{"@id":"https:\/\/radiosul.net\/wp\/author\/alejo\/#author"},"image":{"@type":"ImageObject","url":"https:\/\/radiosul.net\/wp\/wp-content\/uploads\/2021\/09\/jm_210914_194231.jpg","@id":"https:\/\/radiosul.net\/wp\/2021\/presidente-da-cna-e-reeleito-por-unanimidade\/#mainImage","width":700,"height":466},"primaryImageOfPage":{"@id":"https:\/\/radiosul.net\/wp\/2021\/presidente-da-cna-e-reeleito-por-unanimidade\/#mainImage"},"datePublished":"2021-09-14T16:52:04-03:00","dateModified":"2021-09-14T16:52:07-03:00"},{"@type":"WebSite","@id":"https:\/\/radiosul.net\/wp\/#website","url":"https:\/\/radiosul.net\/wp\/","name":"radiosul.net","description":"Regional por Excel\u00eancia","inLanguage":"pt-BR","publisher":{"@id":"https:\/\/radiosul.net\/wp\/#organization"}}]},"og:locale":"pt_BR","og:site_name":"radiosul.net - Regional por Excel\u00eancia","og:type":"article","og:title":"Presidente da CNA \u00e9 reeleito por unanimidade - radiosul.net","og:description":"O presidente da Confedera\u00e7\u00e3o da Agricultura e Pecu\u00e1ria do Brasil (CNA), Jo\u00e3o Martins, foi reeleito na quarta (14) para mais um mandato \u00e0 frente da entidade (quadri\u00eanio 2021-2025). Jo\u00e3o Martins obteve o voto de todas as 27 Federa\u00e7\u00f5es Estaduais de Agricultura e Pecu\u00e1ria em uma vota\u00e7\u00e3o que ocorreu na sede da CNA, em Bras\u00edlia. Em","og:url":"https:\/\/radiosul.net\/wp\/2021\/presidente-da-cna-e-reeleito-por-unanimidade\/","article:published_time":"2021-09-14T19:52:04+00:00","article:modified_time":"2021-09-14T19:52:07+00:00","twitter:card":"summary_large_image","twitter:title":"Presidente da CNA \u00e9 reeleito por unanimidade - radiosul.net","twitter:description":"O presidente da Confedera\u00e7\u00e3o da Agricultura e Pecu\u00e1ria do Brasil (CNA), Jo\u00e3o Martins, foi reeleito na quarta (14) para mais um mandato \u00e0 frente da entidade (quadri\u00eanio 2021-2025). Jo\u00e3o Martins obteve o voto de todas as 27 Federa\u00e7\u00f5es Estaduais de Agricultura e Pecu\u00e1ria em uma vota\u00e7\u00e3o que ocorreu na sede da CNA, em Bras\u00edlia. Em"},"aioseo_meta_data":{"post_id":"20456","title":null,"description":null,"keywords":null,"keyphrases":null,"primary_term":null,"canonical_url":null,"og_title":null,"og_description":null,"og_object_type":"default","og_image_type":"default","og_image_url":null,"og_image_width":null,"og_image_height":null,"og_image_custom_url":null,"og_image_custom_fields":null,"og_video":null,"og_custom_url":null,"og_article_section":null,"og_article_tags":null,"twitter_use_og":false,"twitter_card":"default","twitter_image_type":"default","twitter_image_url":null,"twitter_image_custom_url":null,"twitter_image_custom_fields":null,"twitter_title":null,"twitter_description":null,"schema":{"blockGraphs":[],"customGraphs":[],"default":{"data":{"Article":[],"Course":[],"Dataset":[],"FAQPage":[],"Movie":[],"Person":[],"Product":[],"ProductReview":[],"Car":[],"Recipe":[],"Service":[],"SoftwareApplication":[],"WebPage":[]},"graphName":"","isEnabled":true},"graphs":[]},"schema_type":"default","schema_type_options":null,"pillar_content":false,"robots_default":true,"robots_noindex":false,"robots_noarchive":false,"robots_nosnippet":false,"robots_nofollow":false,"robots_noimageindex":false,"robots_noodp":false,"robots_notranslate":false,"robots_max_snippet":null,"robots_max_videopreview":null,"robots_max_imagepreview":"large","priority":null,"frequency":null,"local_seo":null,"breadcrumb_settings":null,"limit_modified_date":false,"ai":null,"created":"2026-01-09 04:57:49","updated":"2026-01-09 04:57:49","seo_analyzer_scan_date":null,"focus_keyword":null,"additional_keywords":null,"truseo_locale":null},"aioseo_breadcrumb":"<div class=\"aioseo-breadcrumbs\"><span class=\"aioseo-breadcrumb\">\n\t\t\t<a href=\"https:\/\/radiosul.net\/wp\" title=\"Home\">Home<\/a>\n\t\t<\/span><span class=\"aioseo-breadcrumb-separator\">&raquo;<\/span><span class=\"aioseo-breadcrumb\">\n\t\t\t<a href=\"https:\/\/radiosul.net\/wp\/category\/agro\/\" title=\"Agroneg\u00f3cio\">Agroneg\u00f3cio<\/a>\n\t\t<\/span><span class=\"aioseo-breadcrumb-separator\">&raquo;<\/span><span class=\"aioseo-breadcrumb\">\n\t\t\tPresidente da CNA \u00e9 reeleito por unanimidade\n\t\t<\/span><\/div>","aioseo_breadcrumb_json":[{"label":"Home","link":"https:\/\/radiosul.net\/wp"},{"label":"Agroneg\u00f3cio","link":"https:\/\/radiosul.net\/wp\/category\/agro\/"},{"label":"Presidente da CNA \u00e9 reeleito por unanimidade","link":"https:\/\/radiosul.net\/wp\/2021\/presidente-da-cna-e-reeleito-por-unanimidade\/"}],"_links":{"self":[{"href":"https:\/\/radiosul.net\/wp\/wp-json\/wp\/v2\/posts\/20456","targetHints":{"allow":["GET"]}}],"collection":[{"href":"https:\/\/radiosul.net\/wp\/wp-json\/wp\/v2\/posts"}],"about":[{"href":"https:\/\/radiosul.net\/wp\/wp-json\/wp\/v2\/types\/post"}],"author":[{"embeddable":true,"href":"https:\/\/radiosul.net\/wp\/wp-json\/wp\/v2\/users\/9"}],"replies":[{"embeddable":true,"href":"https:\/\/radiosul.net\/wp\/wp-json\/wp\/v2\/comments?post=20456"}],"version-history":[{"count":1,"href":"https:\/\/radiosul.net\/wp\/wp-json\/wp\/v2\/posts\/20456\/revisions"}],"predecessor-version":[{"id":20458,"href":"https:\/\/radiosul.net\/wp\/wp-json\/wp\/v2\/posts\/20456\/revisions\/20458"}],"wp:featuredmedia":[{"embeddable":true,"href":"https:\/\/radiosul.net\/wp\/wp-json\/wp\/v2\/media\/20457"}],"wp:attachment":[{"href":"https:\/\/radiosul.net\/wp\/wp-json\/wp\/v2\/media?parent=20456"}],"wp:term":[{"taxonomy":"category","embeddable":true,"href":"https:\/\/radiosul.net\/wp\/wp-json\/wp\/v2\/categories?post=20456"},{"taxonomy":"post_tag","embeddable":true,"href":"https:\/\/radiosul.net\/wp\/wp-json\/wp\/v2\/tags?post=20456"}],"curies":[{"name":"wp","href":"https:\/\/api.w.org\/{rel}","templated":true}]}}