{"id":20348,"date":"2021-09-08T09:46:32","date_gmt":"2021-09-08T12:46:32","guid":{"rendered":"https:\/\/radiosul.net\/wp\/?p=20348"},"modified":"2021-09-08T09:46:35","modified_gmt":"2021-09-08T12:46:35","slug":"expointer-2021-abhb-divulga-os-grandes-campeoes-da-raca-braford","status":"publish","type":"post","link":"https:\/\/radiosul.net\/wp\/2021\/expointer-2021-abhb-divulga-os-grandes-campeoes-da-raca-braford\/","title":{"rendered":"Expointer 2021: ABHB divulga os grandes campe\u00f5es da ra\u00e7a Braford"},"content":{"rendered":"\n<p class=\"wp-block-paragraph\">A Associa\u00e7\u00e3o Brasileira de Hereford e Braford (ABHB) coroou, na tarde desta ter\u00e7a-feira, dia 7 de setembro, durante a 44\u00aa Expointer, os grandes campe\u00f5es de argola da ra\u00e7a Braford. O julgamento que contou com a avalia\u00e7\u00e3o do jurado Aldo Jos\u00e9 Tavares dos Santos, foi transmitida pelo Youtube da ABHB.<\/p>\n\n\n\n<p class=\"wp-block-paragraph\">O pr\u00eamio de Grande Campe\u00e3o Braford foi o exemplar TEH0412, da Cabanha Vacaca\u00ed, de S\u00e3o Gabriel (RS). O s\u00f3cio e propriet\u00e1rio da Cabanha, Raul Gon\u00e7alves Southall, compartilhou um pouco de sua emo\u00e7\u00e3o em se tornar tricampe\u00e3o da Expointer na ra\u00e7a Braford. &nbsp;\u201cPra mim \u00e9 muito gratificante e emocionante, por todo o ano complicado que vivemos e eu me emociono cada vez que venho aqui, pois eu sigo os passos do meu pai e tenho um amor por isso por tudo que ele me passou. Gostaria de dedicar esse pr\u00eamio, primeiramente, ao meu pai e minha filha, e aos mesmo colaboradores\u201d.<\/p>\n\n\n\n<div class=\"wp-block-image\"><figure class=\"aligncenter\"><img decoding=\"async\" src=\"https:\/\/www.abhb.com.br\/wp-content\/uploads\/2021\/09\/Fotografo-Gustavo-Rafael_img-3920-300x200.jpg?x69502\" alt=\"\" class=\"wp-image-208538\"\/><\/figure><\/div>\n\n\n\n<p class=\"wp-block-paragraph\">J\u00e1 o destaque de Reservado Grande Campe\u00e3o Braford ficou com o animal U063, da Est\u00e2ncia S\u00e3o Bento, de Santana do Livramento (RS). O Terceiro Melhor macho Braford, ficou com o exemplar Z62, da Fazenda M\u00e3e Rainha, de Lages (SC).<\/p>\n\n\n\n<div class=\"wp-block-image\"><figure class=\"aligncenter\"><img decoding=\"async\" src=\"https:\/\/www.abhb.com.br\/wp-content\/uploads\/2021\/09\/Fotografo-Gustavo-Rafael_img-3962-300x200.jpg?x69502\" alt=\"\" class=\"wp-image-208539\"\/><\/figure><\/div>\n\n\n\n<p class=\"wp-block-paragraph\">Confira o resultado completo:<\/p>\n\n\n\n<p class=\"wp-block-paragraph\"><strong>MACHO<\/strong><\/p>\n\n\n\n<p class=\"wp-block-paragraph\"><strong>Campe\u00e3o Terneiro Menor Braford: <\/strong>Box 1069 \u2013 tatuagem 506 \u2013 Mauricio Silva Carvalho \u2013 Agropecu\u00e1ria Pl\u00e1tano \u2013 S\u00e3o Sep\u00e9\/RS<\/p>\n\n\n\n<p class=\"wp-block-paragraph\"><strong>Campe\u00e3o Terneiro Braford: <\/strong>Box 1076 \u2013 tatuagem Z62 \u2013 Agroneg\u00f3cios M\u00e3e Rainha LTDA \u2013 Fazenda M\u00e3e Rainha \u2013 Lages\/SC<\/p>\n\n\n\n<p class=\"wp-block-paragraph\"><strong>Reservado Campe\u00e3o Terneiro Braford: <\/strong>Box 1081 \u2013 tatuagem X025 \u2013 Otto Manoel Alves de Alves \u2013 Est\u00e2ncia S\u00e3o Bento \u2013 Santana do Livramento\/RS<\/p>\n\n\n\n<p class=\"wp-block-paragraph\"><strong>Terceiro Melhor Campe\u00e3o Terneiro Braford: <\/strong>Box 1076 \u2013 tatuagem Z74 \u2013 Agroneg\u00f3cios M\u00e3e Rainha LTDA \u2013 Fazenda M\u00e3e Rainha \u2013 Lages\/SC<\/p>\n\n\n\n<p class=\"wp-block-paragraph\"><strong>Campe\u00e3o J\u00fanior Braford: <\/strong>Box 1085 \u2013 tatuagem 023 \u2013 Raphael de S\u00e1 e Silva Houayek \u2013 Fazenda Esperan\u00e7a \u2013 Alegrete\/RS<\/p>\n\n\n\n<p class=\"wp-block-paragraph\"><strong>Reservado Campe\u00e3o J\u00fanior Braford: <\/strong>Box 1086 \u2013 tatuagem 17146 \u2013 Ione Maria Ormzabal Sastre \u2013 Cabanha Nova Aurora \u2013 Uruguaiana\/RS<\/p>\n\n\n\n<p class=\"wp-block-paragraph\"><strong>Terceiro Melhor Reservado Campe\u00e3o J\u00fanior Braford: <\/strong>Box 1084 \u2013 tatuagem 128 \u2013 \u2013 Dolores Boff Massolini \u2013 Cabanha Mussolini \u2013 Serafina C\u00f4rrea\/RS<\/p>\n\n\n\n<p class=\"wp-block-paragraph\"><strong>Campe\u00e3o Dois Anos Braford: <\/strong>Box 1087 \u2013 tatugem I24 \u2013 Raul Gon\u00e7alves Southall e Agroneg\u00f3cios M\u00e3e Rainha LTDA \u2013 Cabanha Vacaca\u00ed e Fazenda M\u00e3e Rainha \u2013 S\u00e3o Gabriel \/RS<\/p>\n\n\n\n<p class=\"wp-block-paragraph\"><strong>Reservado Campe\u00e3o Dois Anos Braford: <\/strong>Box 1088 \u2013 tatuagem 033 \u2013 Raphael de S\u00e1 e Silva Houayek \u2013 Fazenda Esperan\u00e7a \u2013 Alegrete\/RS<\/p>\n\n\n\n<p class=\"wp-block-paragraph\"><strong>Terceiro Melhor Campe\u00e3o Dois Anos Braford: <\/strong>Box 1089 \u2013 tatuagem 094 \u2013 Dolores Boff Massolini \u2013 Cabanha Mussolini \u2013 Serafina C\u00f4rrea\/RS<\/p>\n\n\n\n<p class=\"wp-block-paragraph\"><strong>Campe\u00e3o S\u00eanior Braford: <\/strong>Box 1094 \u2013 tatuagem TEH0412 \u2013 Raul Gon\u00e7alves Southall \u2013 Cabanha Vacaca\u00ed \u2013 S\u00e3o Gabriel\/RS<\/p>\n\n\n\n<p class=\"wp-block-paragraph\"><strong>Reservado Campe\u00e3o S\u00eanior Braford: <\/strong>Box 1093 \u2013 tatuagem U063 \u2013 Otto Manoel Alves de Alves \u2013 Est\u00e2ncia S\u00e3o Bento \u2013 Santana do Livramento\/RS<\/p>\n\n\n\n<p class=\"wp-block-paragraph\"><strong>Terceiro Melhor Campe\u00e3o S\u00eanior Braford: <\/strong>Box 1095 \u2013 tatuagem TEN006 \u2013 Ana Maria Ormazabal Moura \u2013 Est\u00e2ncia do Sossego \u2013 Uruguaiana\/RS<\/p>\n\n\n\n<p class=\"wp-block-paragraph\"><strong>Grande Campe\u00e3o Braford: <\/strong>Box 1094 \u2013 tatuagem TEH0412 \u2013 Raul Gon\u00e7alves Southall \u2013 Cabanha Vacaca\u00ed \u2013 S\u00e3o Gabriel\/RS<\/p>\n\n\n\n<p class=\"wp-block-paragraph\"><strong>Reservado de Grande Campe\u00e3o Braford:<\/strong> Box 1093 \u2013 tatuagem U063 \u2013 Otto Manoel Alves de Alves \u2013 Est\u00e2ncia S\u00e3o Bento \u2013 Santana do Livramento\/RS<\/p>\n\n\n\n<p class=\"wp-block-paragraph\"><strong>Terceiro Melhor Macho Braford: <\/strong>Box 1076 \u2013 tatuagem Z62 \u2013 Agroneg\u00f3cios M\u00e3e Rainha LTDA \u2013 Fazenda M\u00e3e Rainha \u2013 Lages\/SC<\/p>\n\n\n\n<p class=\"wp-block-paragraph\"><strong>Pr\u00eamio Campe\u00e3o Incentivo Terneiro Braford: <\/strong>Box 1069 \u2013 tatuagem 506 \u2013 Mauricio Silva Carvalho \u2013 Agropecu\u00e1ria Pl\u00e1tano \u2013 S\u00e3o Sep\u00e9\/RS<\/p>\n\n\n\n<p class=\"wp-block-paragraph\"><strong>Melhor CONJUNTO GALP\u00c3O de Pai Nacional Braford: <\/strong>Pai: S\u00e3o Miguel 38-D237 NACIONAL \u2013 Ione Maria Ormazabal Sastre \u2013 Cabanha Nova Aurora \u2013 Uruguaiana\/RS<\/p>\n","protected":false},"excerpt":{"rendered":"<p>A Associa\u00e7\u00e3o Brasileira de Hereford e Braford (ABHB) coroou, na tarde desta ter\u00e7a-feira, dia 7 de setembro, durante a 44\u00aa Expointer, os grandes campe\u00f5es de argola da ra\u00e7a Braford. O julgamento que contou com a avalia\u00e7\u00e3o do jurado Aldo Jos\u00e9 Tavares dos Santos, foi transmitida pelo Youtube da ABHB. O pr\u00eamio de Grande Campe\u00e3o Braford &hellip;<\/p>\n","protected":false},"author":9,"featured_media":20350,"comment_status":"closed","ping_status":"closed","sticky":false,"template":"","format":"standard","meta":{"_monsterinsights_skip_tracking":false,"_uf_show_specific_survey":0,"_uf_disable_surveys":false,"footnotes":""},"categories":[1,126],"tags":[],"class_list":["post-20348","post","type-post","status-publish","format-standard","has-post-thumbnail","hentry","category-agro","category-destacados"],"aioseo_notices":[],"aioseo_head":"\n\t\t<!-- All in One SEO 5.0.1.1 - aioseo.com -->\n\t<meta name=\"description\" content=\"A Associa\u00e7\u00e3o Brasileira de Hereford e Braford (ABHB) coroou, na tarde desta ter\u00e7a-feira, dia 7 de setembro, durante a 44\u00aa Expointer, os grandes campe\u00f5es de argola da ra\u00e7a Braford. O julgamento que contou com a avalia\u00e7\u00e3o do jurado Aldo Jos\u00e9 Tavares dos Santos, foi transmitida pelo Youtube da ABHB. O pr\u00eamio de Grande Campe\u00e3o Braford\" \/>\n\t<meta name=\"robots\" content=\"max-image-preview:large\" \/>\n\t<meta name=\"author\" content=\"Alejo Bordon\"\/>\n\t<link rel=\"canonical\" href=\"https:\/\/radiosul.net\/wp\/2021\/expointer-2021-abhb-divulga-os-grandes-campeoes-da-raca-braford\/\" \/>\n\t<meta name=\"generator\" content=\"All in One SEO (AIOSEO) 5.0.1.1\" \/>\n\t\t<meta property=\"og:locale\" content=\"pt_BR\" \/>\n\t\t<meta property=\"og:site_name\" content=\"radiosul.net - Regional por Excel\u00eancia\" \/>\n\t\t<meta property=\"og:type\" content=\"article\" \/>\n\t\t<meta property=\"og:title\" content=\"Expointer 2021: ABHB divulga os grandes campe\u00f5es da ra\u00e7a Braford - radiosul.net\" \/>\n\t\t<meta property=\"og:description\" content=\"A Associa\u00e7\u00e3o Brasileira de Hereford e Braford (ABHB) coroou, na tarde desta ter\u00e7a-feira, dia 7 de setembro, durante a 44\u00aa Expointer, os grandes campe\u00f5es de argola da ra\u00e7a Braford. O julgamento que contou com a avalia\u00e7\u00e3o do jurado Aldo Jos\u00e9 Tavares dos Santos, foi transmitida pelo Youtube da ABHB. O pr\u00eamio de Grande Campe\u00e3o Braford\" \/>\n\t\t<meta property=\"og:url\" content=\"https:\/\/radiosul.net\/wp\/2021\/expointer-2021-abhb-divulga-os-grandes-campeoes-da-raca-braford\/\" \/>\n\t\t<meta property=\"article:published_time\" content=\"2021-09-08T12:46:32+00:00\" \/>\n\t\t<meta property=\"article:modified_time\" content=\"2021-09-08T12:46:35+00:00\" \/>\n\t\t<meta name=\"twitter:card\" content=\"summary_large_image\" \/>\n\t\t<meta name=\"twitter:title\" content=\"Expointer 2021: ABHB divulga os grandes campe\u00f5es da ra\u00e7a Braford - radiosul.net\" \/>\n\t\t<meta name=\"twitter:description\" content=\"A Associa\u00e7\u00e3o Brasileira de Hereford e Braford (ABHB) coroou, na tarde desta ter\u00e7a-feira, dia 7 de setembro, durante a 44\u00aa Expointer, os grandes campe\u00f5es de argola da ra\u00e7a Braford. O julgamento que contou com a avalia\u00e7\u00e3o do jurado Aldo Jos\u00e9 Tavares dos Santos, foi transmitida pelo Youtube da ABHB. O pr\u00eamio de Grande Campe\u00e3o Braford\" \/>\n\t\t<script type=\"application\/ld+json\" class=\"aioseo-schema\">\n\t\t\t{\"@context\":\"https:\\\/\\\/schema.org\",\"@graph\":[{\"@type\":\"BlogPosting\",\"@id\":\"https:\\\/\\\/radiosul.net\\\/wp\\\/2021\\\/expointer-2021-abhb-divulga-os-grandes-campeoes-da-raca-braford\\\/#blogposting\",\"name\":\"Expointer 2021: ABHB divulga os grandes campe\\u00f5es da ra\\u00e7a Braford - radiosul.net\",\"headline\":\"Expointer 2021: ABHB divulga os grandes campe\\u00f5es da ra\\u00e7a Braford\",\"author\":{\"@id\":\"https:\\\/\\\/radiosul.net\\\/wp\\\/author\\\/alejo\\\/#author\"},\"publisher\":{\"@id\":\"https:\\\/\\\/radiosul.net\\\/wp\\\/#organization\"},\"image\":{\"@type\":\"ImageObject\",\"url\":\"https:\\\/\\\/radiosul.net\\\/wp\\\/wp-content\\\/uploads\\\/2021\\\/09\\\/Fotografo-Gustavo-Rafael_img-3905.jpg\",\"width\":1280,\"height\":853,\"caption\":\"Foto: Gustavo Rafael\"},\"datePublished\":\"2021-09-08T09:46:32-03:00\",\"dateModified\":\"2021-09-08T09:46:35-03:00\",\"inLanguage\":\"pt-BR\",\"mainEntityOfPage\":{\"@id\":\"https:\\\/\\\/radiosul.net\\\/wp\\\/2021\\\/expointer-2021-abhb-divulga-os-grandes-campeoes-da-raca-braford\\\/#webpage\"},\"isPartOf\":{\"@id\":\"https:\\\/\\\/radiosul.net\\\/wp\\\/2021\\\/expointer-2021-abhb-divulga-os-grandes-campeoes-da-raca-braford\\\/#webpage\"},\"articleSection\":\"Agroneg\\u00f3cio, Destaque\"},{\"@type\":\"BreadcrumbList\",\"@id\":\"https:\\\/\\\/radiosul.net\\\/wp\\\/2021\\\/expointer-2021-abhb-divulga-os-grandes-campeoes-da-raca-braford\\\/#breadcrumblist\",\"itemListElement\":[{\"@type\":\"ListItem\",\"@id\":\"https:\\\/\\\/radiosul.net\\\/wp#listItem\",\"position\":1,\"name\":\"Home\",\"item\":\"https:\\\/\\\/radiosul.net\\\/wp\",\"nextItem\":{\"@type\":\"ListItem\",\"@id\":\"https:\\\/\\\/radiosul.net\\\/wp\\\/category\\\/agro\\\/#listItem\",\"name\":\"Agroneg\\u00f3cio\"}},{\"@type\":\"ListItem\",\"@id\":\"https:\\\/\\\/radiosul.net\\\/wp\\\/category\\\/agro\\\/#listItem\",\"position\":2,\"name\":\"Agroneg\\u00f3cio\",\"item\":\"https:\\\/\\\/radiosul.net\\\/wp\\\/category\\\/agro\\\/\",\"nextItem\":{\"@type\":\"ListItem\",\"@id\":\"https:\\\/\\\/radiosul.net\\\/wp\\\/2021\\\/expointer-2021-abhb-divulga-os-grandes-campeoes-da-raca-braford\\\/#listItem\",\"name\":\"Expointer 2021: ABHB divulga os grandes campe\\u00f5es da ra\\u00e7a Braford\"},\"previousItem\":{\"@type\":\"ListItem\",\"@id\":\"https:\\\/\\\/radiosul.net\\\/wp#listItem\",\"name\":\"Home\"}},{\"@type\":\"ListItem\",\"@id\":\"https:\\\/\\\/radiosul.net\\\/wp\\\/2021\\\/expointer-2021-abhb-divulga-os-grandes-campeoes-da-raca-braford\\\/#listItem\",\"position\":3,\"name\":\"Expointer 2021: ABHB divulga os grandes campe\\u00f5es da ra\\u00e7a Braford\",\"previousItem\":{\"@type\":\"ListItem\",\"@id\":\"https:\\\/\\\/radiosul.net\\\/wp\\\/category\\\/agro\\\/#listItem\",\"name\":\"Agroneg\\u00f3cio\"}}]},{\"@type\":\"Organization\",\"@id\":\"https:\\\/\\\/radiosul.net\\\/wp\\\/#organization\",\"name\":\"radiosul.net\",\"description\":\"Regional por Excel\\u00eancia\",\"url\":\"https:\\\/\\\/radiosul.net\\\/wp\\\/\"},{\"@type\":\"Person\",\"@id\":\"https:\\\/\\\/radiosul.net\\\/wp\\\/author\\\/alejo\\\/#author\",\"url\":\"https:\\\/\\\/radiosul.net\\\/wp\\\/author\\\/alejo\\\/\",\"name\":\"Alejo Bordon\",\"image\":{\"@type\":\"ImageObject\",\"@id\":\"https:\\\/\\\/radiosul.net\\\/wp\\\/2021\\\/expointer-2021-abhb-divulga-os-grandes-campeoes-da-raca-braford\\\/#authorImage\",\"url\":\"https:\\\/\\\/secure.gravatar.com\\\/avatar\\\/b3a7e7f1c71212e6a5b7183b79a2ab58dad8bdc4cd4eadd61c4434d010d0bae4?s=96&d=mm&r=g\",\"width\":96,\"height\":96,\"caption\":\"Alejo Bordon\"}},{\"@type\":\"WebPage\",\"@id\":\"https:\\\/\\\/radiosul.net\\\/wp\\\/2021\\\/expointer-2021-abhb-divulga-os-grandes-campeoes-da-raca-braford\\\/#webpage\",\"url\":\"https:\\\/\\\/radiosul.net\\\/wp\\\/2021\\\/expointer-2021-abhb-divulga-os-grandes-campeoes-da-raca-braford\\\/\",\"name\":\"Expointer 2021: ABHB divulga os grandes campe\\u00f5es da ra\\u00e7a Braford - radiosul.net\",\"description\":\"A Associa\\u00e7\\u00e3o Brasileira de Hereford e Braford (ABHB) coroou, na tarde desta ter\\u00e7a-feira, dia 7 de setembro, durante a 44\\u00aa Expointer, os grandes campe\\u00f5es de argola da ra\\u00e7a Braford. O julgamento que contou com a avalia\\u00e7\\u00e3o do jurado Aldo Jos\\u00e9 Tavares dos Santos, foi transmitida pelo Youtube da ABHB. O pr\\u00eamio de Grande Campe\\u00e3o Braford\",\"inLanguage\":\"pt-BR\",\"isPartOf\":{\"@id\":\"https:\\\/\\\/radiosul.net\\\/wp\\\/#website\"},\"breadcrumb\":{\"@id\":\"https:\\\/\\\/radiosul.net\\\/wp\\\/2021\\\/expointer-2021-abhb-divulga-os-grandes-campeoes-da-raca-braford\\\/#breadcrumblist\"},\"author\":{\"@id\":\"https:\\\/\\\/radiosul.net\\\/wp\\\/author\\\/alejo\\\/#author\"},\"creator\":{\"@id\":\"https:\\\/\\\/radiosul.net\\\/wp\\\/author\\\/alejo\\\/#author\"},\"image\":{\"@type\":\"ImageObject\",\"url\":\"https:\\\/\\\/radiosul.net\\\/wp\\\/wp-content\\\/uploads\\\/2021\\\/09\\\/Fotografo-Gustavo-Rafael_img-3905.jpg\",\"@id\":\"https:\\\/\\\/radiosul.net\\\/wp\\\/2021\\\/expointer-2021-abhb-divulga-os-grandes-campeoes-da-raca-braford\\\/#mainImage\",\"width\":1280,\"height\":853,\"caption\":\"Foto: Gustavo Rafael\"},\"primaryImageOfPage\":{\"@id\":\"https:\\\/\\\/radiosul.net\\\/wp\\\/2021\\\/expointer-2021-abhb-divulga-os-grandes-campeoes-da-raca-braford\\\/#mainImage\"},\"datePublished\":\"2021-09-08T09:46:32-03:00\",\"dateModified\":\"2021-09-08T09:46:35-03:00\"},{\"@type\":\"WebSite\",\"@id\":\"https:\\\/\\\/radiosul.net\\\/wp\\\/#website\",\"url\":\"https:\\\/\\\/radiosul.net\\\/wp\\\/\",\"name\":\"radiosul.net\",\"description\":\"Regional por Excel\\u00eancia\",\"inLanguage\":\"pt-BR\",\"publisher\":{\"@id\":\"https:\\\/\\\/radiosul.net\\\/wp\\\/#organization\"}}]}\n\t\t<\/script>\n\t\t<!-- All in One SEO -->\n\n","aioseo_head_json":{"title":"Expointer 2021: ABHB divulga os grandes campe\u00f5es da ra\u00e7a Braford - radiosul.net","description":"A Associa\u00e7\u00e3o Brasileira de Hereford e Braford (ABHB) coroou, na tarde desta ter\u00e7a-feira, dia 7 de setembro, durante a 44\u00aa Expointer, os grandes campe\u00f5es de argola da ra\u00e7a Braford. O julgamento que contou com a avalia\u00e7\u00e3o do jurado Aldo Jos\u00e9 Tavares dos Santos, foi transmitida pelo Youtube da ABHB. O pr\u00eamio de Grande Campe\u00e3o Braford","canonical_url":"https:\/\/radiosul.net\/wp\/2021\/expointer-2021-abhb-divulga-os-grandes-campeoes-da-raca-braford\/","robots":"max-image-preview:large","keywords":"","webmasterTools":{"miscellaneous":""},"schema":{"@context":"https:\/\/schema.org","@graph":[{"@type":"BlogPosting","@id":"https:\/\/radiosul.net\/wp\/2021\/expointer-2021-abhb-divulga-os-grandes-campeoes-da-raca-braford\/#blogposting","name":"Expointer 2021: ABHB divulga os grandes campe\u00f5es da ra\u00e7a Braford - radiosul.net","headline":"Expointer 2021: ABHB divulga os grandes campe\u00f5es da ra\u00e7a Braford","author":{"@id":"https:\/\/radiosul.net\/wp\/author\/alejo\/#author"},"publisher":{"@id":"https:\/\/radiosul.net\/wp\/#organization"},"image":{"@type":"ImageObject","url":"https:\/\/radiosul.net\/wp\/wp-content\/uploads\/2021\/09\/Fotografo-Gustavo-Rafael_img-3905.jpg","width":1280,"height":853,"caption":"Foto: Gustavo Rafael"},"datePublished":"2021-09-08T09:46:32-03:00","dateModified":"2021-09-08T09:46:35-03:00","inLanguage":"pt-BR","mainEntityOfPage":{"@id":"https:\/\/radiosul.net\/wp\/2021\/expointer-2021-abhb-divulga-os-grandes-campeoes-da-raca-braford\/#webpage"},"isPartOf":{"@id":"https:\/\/radiosul.net\/wp\/2021\/expointer-2021-abhb-divulga-os-grandes-campeoes-da-raca-braford\/#webpage"},"articleSection":"Agroneg\u00f3cio, Destaque"},{"@type":"BreadcrumbList","@id":"https:\/\/radiosul.net\/wp\/2021\/expointer-2021-abhb-divulga-os-grandes-campeoes-da-raca-braford\/#breadcrumblist","itemListElement":[{"@type":"ListItem","@id":"https:\/\/radiosul.net\/wp#listItem","position":1,"name":"Home","item":"https:\/\/radiosul.net\/wp","nextItem":{"@type":"ListItem","@id":"https:\/\/radiosul.net\/wp\/category\/agro\/#listItem","name":"Agroneg\u00f3cio"}},{"@type":"ListItem","@id":"https:\/\/radiosul.net\/wp\/category\/agro\/#listItem","position":2,"name":"Agroneg\u00f3cio","item":"https:\/\/radiosul.net\/wp\/category\/agro\/","nextItem":{"@type":"ListItem","@id":"https:\/\/radiosul.net\/wp\/2021\/expointer-2021-abhb-divulga-os-grandes-campeoes-da-raca-braford\/#listItem","name":"Expointer 2021: ABHB divulga os grandes campe\u00f5es da ra\u00e7a Braford"},"previousItem":{"@type":"ListItem","@id":"https:\/\/radiosul.net\/wp#listItem","name":"Home"}},{"@type":"ListItem","@id":"https:\/\/radiosul.net\/wp\/2021\/expointer-2021-abhb-divulga-os-grandes-campeoes-da-raca-braford\/#listItem","position":3,"name":"Expointer 2021: ABHB divulga os grandes campe\u00f5es da ra\u00e7a Braford","previousItem":{"@type":"ListItem","@id":"https:\/\/radiosul.net\/wp\/category\/agro\/#listItem","name":"Agroneg\u00f3cio"}}]},{"@type":"Organization","@id":"https:\/\/radiosul.net\/wp\/#organization","name":"radiosul.net","description":"Regional por Excel\u00eancia","url":"https:\/\/radiosul.net\/wp\/"},{"@type":"Person","@id":"https:\/\/radiosul.net\/wp\/author\/alejo\/#author","url":"https:\/\/radiosul.net\/wp\/author\/alejo\/","name":"Alejo Bordon","image":{"@type":"ImageObject","@id":"https:\/\/radiosul.net\/wp\/2021\/expointer-2021-abhb-divulga-os-grandes-campeoes-da-raca-braford\/#authorImage","url":"https:\/\/secure.gravatar.com\/avatar\/b3a7e7f1c71212e6a5b7183b79a2ab58dad8bdc4cd4eadd61c4434d010d0bae4?s=96&d=mm&r=g","width":96,"height":96,"caption":"Alejo Bordon"}},{"@type":"WebPage","@id":"https:\/\/radiosul.net\/wp\/2021\/expointer-2021-abhb-divulga-os-grandes-campeoes-da-raca-braford\/#webpage","url":"https:\/\/radiosul.net\/wp\/2021\/expointer-2021-abhb-divulga-os-grandes-campeoes-da-raca-braford\/","name":"Expointer 2021: ABHB divulga os grandes campe\u00f5es da ra\u00e7a Braford - radiosul.net","description":"A Associa\u00e7\u00e3o Brasileira de Hereford e Braford (ABHB) coroou, na tarde desta ter\u00e7a-feira, dia 7 de setembro, durante a 44\u00aa Expointer, os grandes campe\u00f5es de argola da ra\u00e7a Braford. O julgamento que contou com a avalia\u00e7\u00e3o do jurado Aldo Jos\u00e9 Tavares dos Santos, foi transmitida pelo Youtube da ABHB. O pr\u00eamio de Grande Campe\u00e3o Braford","inLanguage":"pt-BR","isPartOf":{"@id":"https:\/\/radiosul.net\/wp\/#website"},"breadcrumb":{"@id":"https:\/\/radiosul.net\/wp\/2021\/expointer-2021-abhb-divulga-os-grandes-campeoes-da-raca-braford\/#breadcrumblist"},"author":{"@id":"https:\/\/radiosul.net\/wp\/author\/alejo\/#author"},"creator":{"@id":"https:\/\/radiosul.net\/wp\/author\/alejo\/#author"},"image":{"@type":"ImageObject","url":"https:\/\/radiosul.net\/wp\/wp-content\/uploads\/2021\/09\/Fotografo-Gustavo-Rafael_img-3905.jpg","@id":"https:\/\/radiosul.net\/wp\/2021\/expointer-2021-abhb-divulga-os-grandes-campeoes-da-raca-braford\/#mainImage","width":1280,"height":853,"caption":"Foto: Gustavo Rafael"},"primaryImageOfPage":{"@id":"https:\/\/radiosul.net\/wp\/2021\/expointer-2021-abhb-divulga-os-grandes-campeoes-da-raca-braford\/#mainImage"},"datePublished":"2021-09-08T09:46:32-03:00","dateModified":"2021-09-08T09:46:35-03:00"},{"@type":"WebSite","@id":"https:\/\/radiosul.net\/wp\/#website","url":"https:\/\/radiosul.net\/wp\/","name":"radiosul.net","description":"Regional por Excel\u00eancia","inLanguage":"pt-BR","publisher":{"@id":"https:\/\/radiosul.net\/wp\/#organization"}}]},"og:locale":"pt_BR","og:site_name":"radiosul.net - Regional por Excel\u00eancia","og:type":"article","og:title":"Expointer 2021: ABHB divulga os grandes campe\u00f5es da ra\u00e7a Braford - radiosul.net","og:description":"A Associa\u00e7\u00e3o Brasileira de Hereford e Braford (ABHB) coroou, na tarde desta ter\u00e7a-feira, dia 7 de setembro, durante a 44\u00aa Expointer, os grandes campe\u00f5es de argola da ra\u00e7a Braford. O julgamento que contou com a avalia\u00e7\u00e3o do jurado Aldo Jos\u00e9 Tavares dos Santos, foi transmitida pelo Youtube da ABHB. O pr\u00eamio de Grande Campe\u00e3o Braford","og:url":"https:\/\/radiosul.net\/wp\/2021\/expointer-2021-abhb-divulga-os-grandes-campeoes-da-raca-braford\/","article:published_time":"2021-09-08T12:46:32+00:00","article:modified_time":"2021-09-08T12:46:35+00:00","twitter:card":"summary_large_image","twitter:title":"Expointer 2021: ABHB divulga os grandes campe\u00f5es da ra\u00e7a Braford - radiosul.net","twitter:description":"A Associa\u00e7\u00e3o Brasileira de Hereford e Braford (ABHB) coroou, na tarde desta ter\u00e7a-feira, dia 7 de setembro, durante a 44\u00aa Expointer, os grandes campe\u00f5es de argola da ra\u00e7a Braford. O julgamento que contou com a avalia\u00e7\u00e3o do jurado Aldo Jos\u00e9 Tavares dos Santos, foi transmitida pelo Youtube da ABHB. O pr\u00eamio de Grande Campe\u00e3o Braford"},"aioseo_meta_data":{"post_id":"20348","title":null,"description":null,"keywords":null,"keyphrases":null,"primary_term":null,"canonical_url":null,"og_title":null,"og_description":null,"og_object_type":"default","og_image_type":"default","og_image_url":null,"og_image_width":null,"og_image_height":null,"og_image_custom_url":null,"og_image_custom_fields":null,"og_video":null,"og_custom_url":null,"og_article_section":null,"og_article_tags":null,"twitter_use_og":false,"twitter_card":"default","twitter_image_type":"default","twitter_image_url":null,"twitter_image_custom_url":null,"twitter_image_custom_fields":null,"twitter_title":null,"twitter_description":null,"schema":{"blockGraphs":[],"customGraphs":[],"default":{"data":{"Article":[],"Course":[],"Dataset":[],"FAQPage":[],"Movie":[],"Person":[],"Product":[],"ProductReview":[],"Car":[],"Recipe":[],"Service":[],"SoftwareApplication":[],"WebPage":[]},"graphName":"","isEnabled":true},"graphs":[]},"schema_type":"default","schema_type_options":null,"pillar_content":false,"robots_default":true,"robots_noindex":false,"robots_noarchive":false,"robots_nosnippet":false,"robots_nofollow":false,"robots_noimageindex":false,"robots_noodp":false,"robots_notranslate":false,"robots_max_snippet":null,"robots_max_videopreview":null,"robots_max_imagepreview":"large","priority":null,"frequency":null,"local_seo":null,"breadcrumb_settings":null,"limit_modified_date":false,"ai":null,"created":"2026-01-09 04:52:39","updated":"2026-01-09 04:52:39","seo_analyzer_scan_date":null,"focus_keyword":null,"additional_keywords":null,"truseo_locale":null},"aioseo_breadcrumb":"<div class=\"aioseo-breadcrumbs\"><span class=\"aioseo-breadcrumb\">\n\t\t\t<a href=\"https:\/\/radiosul.net\/wp\" title=\"Home\">Home<\/a>\n\t\t<\/span><span class=\"aioseo-breadcrumb-separator\">&raquo;<\/span><span class=\"aioseo-breadcrumb\">\n\t\t\t<a href=\"https:\/\/radiosul.net\/wp\/category\/agro\/\" title=\"Agroneg\u00f3cio\">Agroneg\u00f3cio<\/a>\n\t\t<\/span><span class=\"aioseo-breadcrumb-separator\">&raquo;<\/span><span class=\"aioseo-breadcrumb\">\n\t\t\tExpointer 2021: ABHB divulga os grandes campe\u00f5es da ra\u00e7a Braford\n\t\t<\/span><\/div>","aioseo_breadcrumb_json":[{"label":"Home","link":"https:\/\/radiosul.net\/wp"},{"label":"Agroneg\u00f3cio","link":"https:\/\/radiosul.net\/wp\/category\/agro\/"},{"label":"Expointer 2021: ABHB divulga os grandes campe\u00f5es da ra\u00e7a Braford","link":"https:\/\/radiosul.net\/wp\/2021\/expointer-2021-abhb-divulga-os-grandes-campeoes-da-raca-braford\/"}],"_links":{"self":[{"href":"https:\/\/radiosul.net\/wp\/wp-json\/wp\/v2\/posts\/20348","targetHints":{"allow":["GET"]}}],"collection":[{"href":"https:\/\/radiosul.net\/wp\/wp-json\/wp\/v2\/posts"}],"about":[{"href":"https:\/\/radiosul.net\/wp\/wp-json\/wp\/v2\/types\/post"}],"author":[{"embeddable":true,"href":"https:\/\/radiosul.net\/wp\/wp-json\/wp\/v2\/users\/9"}],"replies":[{"embeddable":true,"href":"https:\/\/radiosul.net\/wp\/wp-json\/wp\/v2\/comments?post=20348"}],"version-history":[{"count":1,"href":"https:\/\/radiosul.net\/wp\/wp-json\/wp\/v2\/posts\/20348\/revisions"}],"predecessor-version":[{"id":20364,"href":"https:\/\/radiosul.net\/wp\/wp-json\/wp\/v2\/posts\/20348\/revisions\/20364"}],"wp:featuredmedia":[{"embeddable":true,"href":"https:\/\/radiosul.net\/wp\/wp-json\/wp\/v2\/media\/20350"}],"wp:attachment":[{"href":"https:\/\/radiosul.net\/wp\/wp-json\/wp\/v2\/media?parent=20348"}],"wp:term":[{"taxonomy":"category","embeddable":true,"href":"https:\/\/radiosul.net\/wp\/wp-json\/wp\/v2\/categories?post=20348"},{"taxonomy":"post_tag","embeddable":true,"href":"https:\/\/radiosul.net\/wp\/wp-json\/wp\/v2\/tags?post=20348"}],"curies":[{"name":"wp","href":"https:\/\/api.w.org\/{rel}","templated":true}]}}