{"id":20207,"date":"2021-08-31T12:01:44","date_gmt":"2021-08-31T15:01:44","guid":{"rendered":"https:\/\/radiosul.net\/wp\/?p=20207"},"modified":"2021-08-31T12:01:45","modified_gmt":"2021-08-31T15:01:45","slug":"expointer-2021-inscricoes-abertas-para-o-22o-concurso-jurado-jovem","status":"publish","type":"post","link":"https:\/\/radiosul.net\/wp\/2021\/expointer-2021-inscricoes-abertas-para-o-22o-concurso-jurado-jovem\/","title":{"rendered":"Expointer 2021: Inscri\u00e7\u00f5es abertas para o 22\u00ba Concurso Jurado Jovem"},"content":{"rendered":"\n<p class=\"wp-block-paragraph\">Est\u00e3o abertas as inscri\u00e7\u00f5es para a 22\u00ba edi\u00e7\u00e3o do Concurso Jurado Jovem que ocorrer\u00e1 no dia 9 de setembro, a partir das 9h30. A atividade, que integra a programa\u00e7\u00e3o da Associa\u00e7\u00e3o Brasileira de Hereford e Braford (ABHB) durante a 44\u00aa Expointer, ser\u00e1 realizada de forma presencial, na Pista 4 do Parque de Exposi\u00e7\u00f5es Assis Brasil, em Esteio (RS), e de forma virtual no YouTube da ABHB (<a href=\"https:\/\/youtube.com\/ProPampa\">youtube.com\/ProPampa<\/a>).<\/p>\n\n\n\n<div class=\"wp-block-image\"><figure class=\"aligncenter\"><img decoding=\"async\" src=\"https:\/\/www.abhb.com.br\/wp-content\/uploads\/2021\/08\/IMG_7944-300x169.jpg?x69502\" alt=\"\" class=\"wp-image-208478\"\/><\/figure><\/div>\n\n\n\n<p class=\"wp-block-paragraph\">O Concurso ser\u00e1 conduzido pelos Inspetores T\u00e9cnicos credenciados pela ABHB, Miguel Ferreira e Luiz Rafael Lagreca. Durante a explana\u00e7\u00e3o, ser\u00e3o destacados os principais aspectos zoot\u00e9cnicos que um jurado deve buscar em bovinos de corte, al\u00e9m no\u00e7\u00f5es de avalia\u00e7\u00e3o e julgamentos de animais das ra\u00e7as Hereford e Braford.<\/p>\n\n\n\n<p class=\"wp-block-paragraph\">Com ades\u00e3o gratuita, as inscri\u00e7\u00f5es podem ser realizadas <a href=\"https:\/\/docs.google.com\/forms\/u\/4\/d\/1EQqVmqp4moAgGfuzq173Nm4GaSNSGN8ABeU3CMd1uPk\/edit\"><strong>clicando AQUI<\/strong><\/a>. O evento \u00e9 uma \u00f3tima oportunidade para estudantes, criadores e entusiastas das ra\u00e7as Hereford e Braford adquirirem conhecimento com grandes profissionais da \u00e1rea.<\/p>\n\n\n\n<p class=\"wp-block-paragraph\"><strong><em>Fonte: ABHB<\/em><\/strong><\/p>\n","protected":false},"excerpt":{"rendered":"<p>Est\u00e3o abertas as inscri\u00e7\u00f5es para a 22\u00ba edi\u00e7\u00e3o do Concurso Jurado Jovem que ocorrer\u00e1 no dia 9 de setembro, a partir das 9h30. A atividade, que integra a programa\u00e7\u00e3o da Associa\u00e7\u00e3o Brasileira de Hereford e Braford (ABHB) durante a 44\u00aa Expointer, ser\u00e1 realizada de forma presencial, na Pista 4 do Parque de Exposi\u00e7\u00f5es Assis Brasil, &hellip;<\/p>\n","protected":false},"author":9,"featured_media":20214,"comment_status":"closed","ping_status":"closed","sticky":false,"template":"","format":"standard","meta":{"_monsterinsights_skip_tracking":false,"_uf_show_specific_survey":0,"_uf_disable_surveys":false,"footnotes":""},"categories":[1,126],"tags":[],"class_list":["post-20207","post","type-post","status-publish","format-standard","has-post-thumbnail","hentry","category-agro","category-destacados"],"aioseo_notices":[],"aioseo_head":"\n\t\t<!-- All in One SEO 5.0.1.1 - aioseo.com -->\n\t<meta name=\"description\" content=\"Est\u00e3o abertas as inscri\u00e7\u00f5es para a 22\u00ba edi\u00e7\u00e3o do Concurso Jurado Jovem que ocorrer\u00e1 no dia 9 de setembro, a partir das 9h30. A atividade, que integra a programa\u00e7\u00e3o da Associa\u00e7\u00e3o Brasileira de Hereford e Braford (ABHB) durante a 44\u00aa Expointer, ser\u00e1 realizada de forma presencial, na Pista 4 do Parque de Exposi\u00e7\u00f5es Assis Brasil,\" \/>\n\t<meta name=\"robots\" content=\"max-image-preview:large\" \/>\n\t<meta name=\"author\" content=\"Alejo Bordon\"\/>\n\t<link rel=\"canonical\" href=\"https:\/\/radiosul.net\/wp\/2021\/expointer-2021-inscricoes-abertas-para-o-22o-concurso-jurado-jovem\/\" \/>\n\t<meta name=\"generator\" content=\"All in One SEO (AIOSEO) 5.0.1.1\" \/>\n\t\t<meta property=\"og:locale\" content=\"pt_BR\" \/>\n\t\t<meta property=\"og:site_name\" content=\"radiosul.net - Regional por Excel\u00eancia\" \/>\n\t\t<meta property=\"og:type\" content=\"article\" \/>\n\t\t<meta property=\"og:title\" content=\"Expointer 2021: Inscri\u00e7\u00f5es abertas para o 22\u00ba Concurso Jurado Jovem - radiosul.net\" \/>\n\t\t<meta property=\"og:description\" content=\"Est\u00e3o abertas as inscri\u00e7\u00f5es para a 22\u00ba edi\u00e7\u00e3o do Concurso Jurado Jovem que ocorrer\u00e1 no dia 9 de setembro, a partir das 9h30. A atividade, que integra a programa\u00e7\u00e3o da Associa\u00e7\u00e3o Brasileira de Hereford e Braford (ABHB) durante a 44\u00aa Expointer, ser\u00e1 realizada de forma presencial, na Pista 4 do Parque de Exposi\u00e7\u00f5es Assis Brasil,\" \/>\n\t\t<meta property=\"og:url\" content=\"https:\/\/radiosul.net\/wp\/2021\/expointer-2021-inscricoes-abertas-para-o-22o-concurso-jurado-jovem\/\" \/>\n\t\t<meta property=\"article:published_time\" content=\"2021-08-31T15:01:44+00:00\" \/>\n\t\t<meta property=\"article:modified_time\" content=\"2021-08-31T15:01:45+00:00\" \/>\n\t\t<meta name=\"twitter:card\" content=\"summary_large_image\" \/>\n\t\t<meta name=\"twitter:title\" content=\"Expointer 2021: Inscri\u00e7\u00f5es abertas para o 22\u00ba Concurso Jurado Jovem - radiosul.net\" \/>\n\t\t<meta name=\"twitter:description\" content=\"Est\u00e3o abertas as inscri\u00e7\u00f5es para a 22\u00ba edi\u00e7\u00e3o do Concurso Jurado Jovem que ocorrer\u00e1 no dia 9 de setembro, a partir das 9h30. A atividade, que integra a programa\u00e7\u00e3o da Associa\u00e7\u00e3o Brasileira de Hereford e Braford (ABHB) durante a 44\u00aa Expointer, ser\u00e1 realizada de forma presencial, na Pista 4 do Parque de Exposi\u00e7\u00f5es Assis Brasil,\" \/>\n\t\t<script type=\"application\/ld+json\" class=\"aioseo-schema\">\n\t\t\t{\"@context\":\"https:\\\/\\\/schema.org\",\"@graph\":[{\"@type\":\"BlogPosting\",\"@id\":\"https:\\\/\\\/radiosul.net\\\/wp\\\/2021\\\/expointer-2021-inscricoes-abertas-para-o-22o-concurso-jurado-jovem\\\/#blogposting\",\"name\":\"Expointer 2021: Inscri\\u00e7\\u00f5es abertas para o 22\\u00ba Concurso Jurado Jovem - radiosul.net\",\"headline\":\"Expointer 2021: Inscri\\u00e7\\u00f5es abertas para o 22\\u00ba Concurso Jurado Jovem\",\"author\":{\"@id\":\"https:\\\/\\\/radiosul.net\\\/wp\\\/author\\\/alejo\\\/#author\"},\"publisher\":{\"@id\":\"https:\\\/\\\/radiosul.net\\\/wp\\\/#organization\"},\"image\":{\"@type\":\"ImageObject\",\"url\":\"https:\\\/\\\/radiosul.net\\\/wp\\\/wp-content\\\/uploads\\\/2021\\\/08\\\/IMG_7988.jpg\",\"width\":609,\"height\":391,\"caption\":\"Foto: Bezier Filmes\"},\"datePublished\":\"2021-08-31T12:01:44-03:00\",\"dateModified\":\"2021-08-31T12:01:45-03:00\",\"inLanguage\":\"pt-BR\",\"mainEntityOfPage\":{\"@id\":\"https:\\\/\\\/radiosul.net\\\/wp\\\/2021\\\/expointer-2021-inscricoes-abertas-para-o-22o-concurso-jurado-jovem\\\/#webpage\"},\"isPartOf\":{\"@id\":\"https:\\\/\\\/radiosul.net\\\/wp\\\/2021\\\/expointer-2021-inscricoes-abertas-para-o-22o-concurso-jurado-jovem\\\/#webpage\"},\"articleSection\":\"Agroneg\\u00f3cio, Destaque\"},{\"@type\":\"BreadcrumbList\",\"@id\":\"https:\\\/\\\/radiosul.net\\\/wp\\\/2021\\\/expointer-2021-inscricoes-abertas-para-o-22o-concurso-jurado-jovem\\\/#breadcrumblist\",\"itemListElement\":[{\"@type\":\"ListItem\",\"@id\":\"https:\\\/\\\/radiosul.net\\\/wp#listItem\",\"position\":1,\"name\":\"Home\",\"item\":\"https:\\\/\\\/radiosul.net\\\/wp\",\"nextItem\":{\"@type\":\"ListItem\",\"@id\":\"https:\\\/\\\/radiosul.net\\\/wp\\\/category\\\/agro\\\/#listItem\",\"name\":\"Agroneg\\u00f3cio\"}},{\"@type\":\"ListItem\",\"@id\":\"https:\\\/\\\/radiosul.net\\\/wp\\\/category\\\/agro\\\/#listItem\",\"position\":2,\"name\":\"Agroneg\\u00f3cio\",\"item\":\"https:\\\/\\\/radiosul.net\\\/wp\\\/category\\\/agro\\\/\",\"nextItem\":{\"@type\":\"ListItem\",\"@id\":\"https:\\\/\\\/radiosul.net\\\/wp\\\/2021\\\/expointer-2021-inscricoes-abertas-para-o-22o-concurso-jurado-jovem\\\/#listItem\",\"name\":\"Expointer 2021: Inscri\\u00e7\\u00f5es abertas para o 22\\u00ba Concurso Jurado Jovem\"},\"previousItem\":{\"@type\":\"ListItem\",\"@id\":\"https:\\\/\\\/radiosul.net\\\/wp#listItem\",\"name\":\"Home\"}},{\"@type\":\"ListItem\",\"@id\":\"https:\\\/\\\/radiosul.net\\\/wp\\\/2021\\\/expointer-2021-inscricoes-abertas-para-o-22o-concurso-jurado-jovem\\\/#listItem\",\"position\":3,\"name\":\"Expointer 2021: Inscri\\u00e7\\u00f5es abertas para o 22\\u00ba Concurso Jurado Jovem\",\"previousItem\":{\"@type\":\"ListItem\",\"@id\":\"https:\\\/\\\/radiosul.net\\\/wp\\\/category\\\/agro\\\/#listItem\",\"name\":\"Agroneg\\u00f3cio\"}}]},{\"@type\":\"Organization\",\"@id\":\"https:\\\/\\\/radiosul.net\\\/wp\\\/#organization\",\"name\":\"radiosul.net\",\"description\":\"Regional por Excel\\u00eancia\",\"url\":\"https:\\\/\\\/radiosul.net\\\/wp\\\/\"},{\"@type\":\"Person\",\"@id\":\"https:\\\/\\\/radiosul.net\\\/wp\\\/author\\\/alejo\\\/#author\",\"url\":\"https:\\\/\\\/radiosul.net\\\/wp\\\/author\\\/alejo\\\/\",\"name\":\"Alejo Bordon\",\"image\":{\"@type\":\"ImageObject\",\"@id\":\"https:\\\/\\\/radiosul.net\\\/wp\\\/2021\\\/expointer-2021-inscricoes-abertas-para-o-22o-concurso-jurado-jovem\\\/#authorImage\",\"url\":\"https:\\\/\\\/secure.gravatar.com\\\/avatar\\\/b3a7e7f1c71212e6a5b7183b79a2ab58dad8bdc4cd4eadd61c4434d010d0bae4?s=96&d=mm&r=g\",\"width\":96,\"height\":96,\"caption\":\"Alejo Bordon\"}},{\"@type\":\"WebPage\",\"@id\":\"https:\\\/\\\/radiosul.net\\\/wp\\\/2021\\\/expointer-2021-inscricoes-abertas-para-o-22o-concurso-jurado-jovem\\\/#webpage\",\"url\":\"https:\\\/\\\/radiosul.net\\\/wp\\\/2021\\\/expointer-2021-inscricoes-abertas-para-o-22o-concurso-jurado-jovem\\\/\",\"name\":\"Expointer 2021: Inscri\\u00e7\\u00f5es abertas para o 22\\u00ba Concurso Jurado Jovem - radiosul.net\",\"description\":\"Est\\u00e3o abertas as inscri\\u00e7\\u00f5es para a 22\\u00ba edi\\u00e7\\u00e3o do Concurso Jurado Jovem que ocorrer\\u00e1 no dia 9 de setembro, a partir das 9h30. A atividade, que integra a programa\\u00e7\\u00e3o da Associa\\u00e7\\u00e3o Brasileira de Hereford e Braford (ABHB) durante a 44\\u00aa Expointer, ser\\u00e1 realizada de forma presencial, na Pista 4 do Parque de Exposi\\u00e7\\u00f5es Assis Brasil,\",\"inLanguage\":\"pt-BR\",\"isPartOf\":{\"@id\":\"https:\\\/\\\/radiosul.net\\\/wp\\\/#website\"},\"breadcrumb\":{\"@id\":\"https:\\\/\\\/radiosul.net\\\/wp\\\/2021\\\/expointer-2021-inscricoes-abertas-para-o-22o-concurso-jurado-jovem\\\/#breadcrumblist\"},\"author\":{\"@id\":\"https:\\\/\\\/radiosul.net\\\/wp\\\/author\\\/alejo\\\/#author\"},\"creator\":{\"@id\":\"https:\\\/\\\/radiosul.net\\\/wp\\\/author\\\/alejo\\\/#author\"},\"image\":{\"@type\":\"ImageObject\",\"url\":\"https:\\\/\\\/radiosul.net\\\/wp\\\/wp-content\\\/uploads\\\/2021\\\/08\\\/IMG_7988.jpg\",\"@id\":\"https:\\\/\\\/radiosul.net\\\/wp\\\/2021\\\/expointer-2021-inscricoes-abertas-para-o-22o-concurso-jurado-jovem\\\/#mainImage\",\"width\":609,\"height\":391,\"caption\":\"Foto: Bezier Filmes\"},\"primaryImageOfPage\":{\"@id\":\"https:\\\/\\\/radiosul.net\\\/wp\\\/2021\\\/expointer-2021-inscricoes-abertas-para-o-22o-concurso-jurado-jovem\\\/#mainImage\"},\"datePublished\":\"2021-08-31T12:01:44-03:00\",\"dateModified\":\"2021-08-31T12:01:45-03:00\"},{\"@type\":\"WebSite\",\"@id\":\"https:\\\/\\\/radiosul.net\\\/wp\\\/#website\",\"url\":\"https:\\\/\\\/radiosul.net\\\/wp\\\/\",\"name\":\"radiosul.net\",\"description\":\"Regional por Excel\\u00eancia\",\"inLanguage\":\"pt-BR\",\"publisher\":{\"@id\":\"https:\\\/\\\/radiosul.net\\\/wp\\\/#organization\"}}]}\n\t\t<\/script>\n\t\t<!-- All in One SEO -->\n\n","aioseo_head_json":{"title":"Expointer 2021: Inscri\u00e7\u00f5es abertas para o 22\u00ba Concurso Jurado Jovem - radiosul.net","description":"Est\u00e3o abertas as inscri\u00e7\u00f5es para a 22\u00ba edi\u00e7\u00e3o do Concurso Jurado Jovem que ocorrer\u00e1 no dia 9 de setembro, a partir das 9h30. A atividade, que integra a programa\u00e7\u00e3o da Associa\u00e7\u00e3o Brasileira de Hereford e Braford (ABHB) durante a 44\u00aa Expointer, ser\u00e1 realizada de forma presencial, na Pista 4 do Parque de Exposi\u00e7\u00f5es Assis Brasil,","canonical_url":"https:\/\/radiosul.net\/wp\/2021\/expointer-2021-inscricoes-abertas-para-o-22o-concurso-jurado-jovem\/","robots":"max-image-preview:large","keywords":"","webmasterTools":{"miscellaneous":""},"schema":{"@context":"https:\/\/schema.org","@graph":[{"@type":"BlogPosting","@id":"https:\/\/radiosul.net\/wp\/2021\/expointer-2021-inscricoes-abertas-para-o-22o-concurso-jurado-jovem\/#blogposting","name":"Expointer 2021: Inscri\u00e7\u00f5es abertas para o 22\u00ba Concurso Jurado Jovem - radiosul.net","headline":"Expointer 2021: Inscri\u00e7\u00f5es abertas para o 22\u00ba Concurso Jurado Jovem","author":{"@id":"https:\/\/radiosul.net\/wp\/author\/alejo\/#author"},"publisher":{"@id":"https:\/\/radiosul.net\/wp\/#organization"},"image":{"@type":"ImageObject","url":"https:\/\/radiosul.net\/wp\/wp-content\/uploads\/2021\/08\/IMG_7988.jpg","width":609,"height":391,"caption":"Foto: Bezier Filmes"},"datePublished":"2021-08-31T12:01:44-03:00","dateModified":"2021-08-31T12:01:45-03:00","inLanguage":"pt-BR","mainEntityOfPage":{"@id":"https:\/\/radiosul.net\/wp\/2021\/expointer-2021-inscricoes-abertas-para-o-22o-concurso-jurado-jovem\/#webpage"},"isPartOf":{"@id":"https:\/\/radiosul.net\/wp\/2021\/expointer-2021-inscricoes-abertas-para-o-22o-concurso-jurado-jovem\/#webpage"},"articleSection":"Agroneg\u00f3cio, Destaque"},{"@type":"BreadcrumbList","@id":"https:\/\/radiosul.net\/wp\/2021\/expointer-2021-inscricoes-abertas-para-o-22o-concurso-jurado-jovem\/#breadcrumblist","itemListElement":[{"@type":"ListItem","@id":"https:\/\/radiosul.net\/wp#listItem","position":1,"name":"Home","item":"https:\/\/radiosul.net\/wp","nextItem":{"@type":"ListItem","@id":"https:\/\/radiosul.net\/wp\/category\/agro\/#listItem","name":"Agroneg\u00f3cio"}},{"@type":"ListItem","@id":"https:\/\/radiosul.net\/wp\/category\/agro\/#listItem","position":2,"name":"Agroneg\u00f3cio","item":"https:\/\/radiosul.net\/wp\/category\/agro\/","nextItem":{"@type":"ListItem","@id":"https:\/\/radiosul.net\/wp\/2021\/expointer-2021-inscricoes-abertas-para-o-22o-concurso-jurado-jovem\/#listItem","name":"Expointer 2021: Inscri\u00e7\u00f5es abertas para o 22\u00ba Concurso Jurado Jovem"},"previousItem":{"@type":"ListItem","@id":"https:\/\/radiosul.net\/wp#listItem","name":"Home"}},{"@type":"ListItem","@id":"https:\/\/radiosul.net\/wp\/2021\/expointer-2021-inscricoes-abertas-para-o-22o-concurso-jurado-jovem\/#listItem","position":3,"name":"Expointer 2021: Inscri\u00e7\u00f5es abertas para o 22\u00ba Concurso Jurado Jovem","previousItem":{"@type":"ListItem","@id":"https:\/\/radiosul.net\/wp\/category\/agro\/#listItem","name":"Agroneg\u00f3cio"}}]},{"@type":"Organization","@id":"https:\/\/radiosul.net\/wp\/#organization","name":"radiosul.net","description":"Regional por Excel\u00eancia","url":"https:\/\/radiosul.net\/wp\/"},{"@type":"Person","@id":"https:\/\/radiosul.net\/wp\/author\/alejo\/#author","url":"https:\/\/radiosul.net\/wp\/author\/alejo\/","name":"Alejo Bordon","image":{"@type":"ImageObject","@id":"https:\/\/radiosul.net\/wp\/2021\/expointer-2021-inscricoes-abertas-para-o-22o-concurso-jurado-jovem\/#authorImage","url":"https:\/\/secure.gravatar.com\/avatar\/b3a7e7f1c71212e6a5b7183b79a2ab58dad8bdc4cd4eadd61c4434d010d0bae4?s=96&d=mm&r=g","width":96,"height":96,"caption":"Alejo Bordon"}},{"@type":"WebPage","@id":"https:\/\/radiosul.net\/wp\/2021\/expointer-2021-inscricoes-abertas-para-o-22o-concurso-jurado-jovem\/#webpage","url":"https:\/\/radiosul.net\/wp\/2021\/expointer-2021-inscricoes-abertas-para-o-22o-concurso-jurado-jovem\/","name":"Expointer 2021: Inscri\u00e7\u00f5es abertas para o 22\u00ba Concurso Jurado Jovem - radiosul.net","description":"Est\u00e3o abertas as inscri\u00e7\u00f5es para a 22\u00ba edi\u00e7\u00e3o do Concurso Jurado Jovem que ocorrer\u00e1 no dia 9 de setembro, a partir das 9h30. A atividade, que integra a programa\u00e7\u00e3o da Associa\u00e7\u00e3o Brasileira de Hereford e Braford (ABHB) durante a 44\u00aa Expointer, ser\u00e1 realizada de forma presencial, na Pista 4 do Parque de Exposi\u00e7\u00f5es Assis Brasil,","inLanguage":"pt-BR","isPartOf":{"@id":"https:\/\/radiosul.net\/wp\/#website"},"breadcrumb":{"@id":"https:\/\/radiosul.net\/wp\/2021\/expointer-2021-inscricoes-abertas-para-o-22o-concurso-jurado-jovem\/#breadcrumblist"},"author":{"@id":"https:\/\/radiosul.net\/wp\/author\/alejo\/#author"},"creator":{"@id":"https:\/\/radiosul.net\/wp\/author\/alejo\/#author"},"image":{"@type":"ImageObject","url":"https:\/\/radiosul.net\/wp\/wp-content\/uploads\/2021\/08\/IMG_7988.jpg","@id":"https:\/\/radiosul.net\/wp\/2021\/expointer-2021-inscricoes-abertas-para-o-22o-concurso-jurado-jovem\/#mainImage","width":609,"height":391,"caption":"Foto: Bezier Filmes"},"primaryImageOfPage":{"@id":"https:\/\/radiosul.net\/wp\/2021\/expointer-2021-inscricoes-abertas-para-o-22o-concurso-jurado-jovem\/#mainImage"},"datePublished":"2021-08-31T12:01:44-03:00","dateModified":"2021-08-31T12:01:45-03:00"},{"@type":"WebSite","@id":"https:\/\/radiosul.net\/wp\/#website","url":"https:\/\/radiosul.net\/wp\/","name":"radiosul.net","description":"Regional por Excel\u00eancia","inLanguage":"pt-BR","publisher":{"@id":"https:\/\/radiosul.net\/wp\/#organization"}}]},"og:locale":"pt_BR","og:site_name":"radiosul.net - Regional por Excel\u00eancia","og:type":"article","og:title":"Expointer 2021: Inscri\u00e7\u00f5es abertas para o 22\u00ba Concurso Jurado Jovem - radiosul.net","og:description":"Est\u00e3o abertas as inscri\u00e7\u00f5es para a 22\u00ba edi\u00e7\u00e3o do Concurso Jurado Jovem que ocorrer\u00e1 no dia 9 de setembro, a partir das 9h30. A atividade, que integra a programa\u00e7\u00e3o da Associa\u00e7\u00e3o Brasileira de Hereford e Braford (ABHB) durante a 44\u00aa Expointer, ser\u00e1 realizada de forma presencial, na Pista 4 do Parque de Exposi\u00e7\u00f5es Assis Brasil,","og:url":"https:\/\/radiosul.net\/wp\/2021\/expointer-2021-inscricoes-abertas-para-o-22o-concurso-jurado-jovem\/","article:published_time":"2021-08-31T15:01:44+00:00","article:modified_time":"2021-08-31T15:01:45+00:00","twitter:card":"summary_large_image","twitter:title":"Expointer 2021: Inscri\u00e7\u00f5es abertas para o 22\u00ba Concurso Jurado Jovem - radiosul.net","twitter:description":"Est\u00e3o abertas as inscri\u00e7\u00f5es para a 22\u00ba edi\u00e7\u00e3o do Concurso Jurado Jovem que ocorrer\u00e1 no dia 9 de setembro, a partir das 9h30. A atividade, que integra a programa\u00e7\u00e3o da Associa\u00e7\u00e3o Brasileira de Hereford e Braford (ABHB) durante a 44\u00aa Expointer, ser\u00e1 realizada de forma presencial, na Pista 4 do Parque de Exposi\u00e7\u00f5es Assis Brasil,"},"aioseo_meta_data":{"post_id":"20207","title":null,"description":null,"keywords":null,"keyphrases":null,"primary_term":null,"canonical_url":null,"og_title":null,"og_description":null,"og_object_type":"default","og_image_type":"default","og_image_url":null,"og_image_width":null,"og_image_height":null,"og_image_custom_url":null,"og_image_custom_fields":null,"og_video":null,"og_custom_url":null,"og_article_section":null,"og_article_tags":null,"twitter_use_og":false,"twitter_card":"default","twitter_image_type":"default","twitter_image_url":null,"twitter_image_custom_url":null,"twitter_image_custom_fields":null,"twitter_title":null,"twitter_description":null,"schema":{"blockGraphs":[],"customGraphs":[],"default":{"data":{"Article":[],"Course":[],"Dataset":[],"FAQPage":[],"Movie":[],"Person":[],"Product":[],"ProductReview":[],"Car":[],"Recipe":[],"Service":[],"SoftwareApplication":[],"WebPage":[]},"graphName":"","isEnabled":true},"graphs":[]},"schema_type":"default","schema_type_options":null,"pillar_content":false,"robots_default":true,"robots_noindex":false,"robots_noarchive":false,"robots_nosnippet":false,"robots_nofollow":false,"robots_noimageindex":false,"robots_noodp":false,"robots_notranslate":false,"robots_max_snippet":null,"robots_max_videopreview":null,"robots_max_imagepreview":"large","priority":null,"frequency":null,"local_seo":null,"breadcrumb_settings":null,"limit_modified_date":false,"ai":null,"created":"2026-01-09 04:44:36","updated":"2026-01-09 04:44:36","seo_analyzer_scan_date":null,"focus_keyword":null,"additional_keywords":null,"truseo_locale":null},"aioseo_breadcrumb":"<div class=\"aioseo-breadcrumbs\"><span class=\"aioseo-breadcrumb\">\n\t\t\t<a href=\"https:\/\/radiosul.net\/wp\" title=\"Home\">Home<\/a>\n\t\t<\/span><span class=\"aioseo-breadcrumb-separator\">&raquo;<\/span><span class=\"aioseo-breadcrumb\">\n\t\t\t<a href=\"https:\/\/radiosul.net\/wp\/category\/agro\/\" title=\"Agroneg\u00f3cio\">Agroneg\u00f3cio<\/a>\n\t\t<\/span><span class=\"aioseo-breadcrumb-separator\">&raquo;<\/span><span class=\"aioseo-breadcrumb\">\n\t\t\tExpointer 2021: Inscri\u00e7\u00f5es abertas para o 22\u00ba Concurso Jurado Jovem\n\t\t<\/span><\/div>","aioseo_breadcrumb_json":[{"label":"Home","link":"https:\/\/radiosul.net\/wp"},{"label":"Agroneg\u00f3cio","link":"https:\/\/radiosul.net\/wp\/category\/agro\/"},{"label":"Expointer 2021: Inscri\u00e7\u00f5es abertas para o 22\u00ba Concurso Jurado Jovem","link":"https:\/\/radiosul.net\/wp\/2021\/expointer-2021-inscricoes-abertas-para-o-22o-concurso-jurado-jovem\/"}],"_links":{"self":[{"href":"https:\/\/radiosul.net\/wp\/wp-json\/wp\/v2\/posts\/20207","targetHints":{"allow":["GET"]}}],"collection":[{"href":"https:\/\/radiosul.net\/wp\/wp-json\/wp\/v2\/posts"}],"about":[{"href":"https:\/\/radiosul.net\/wp\/wp-json\/wp\/v2\/types\/post"}],"author":[{"embeddable":true,"href":"https:\/\/radiosul.net\/wp\/wp-json\/wp\/v2\/users\/9"}],"replies":[{"embeddable":true,"href":"https:\/\/radiosul.net\/wp\/wp-json\/wp\/v2\/comments?post=20207"}],"version-history":[{"count":1,"href":"https:\/\/radiosul.net\/wp\/wp-json\/wp\/v2\/posts\/20207\/revisions"}],"predecessor-version":[{"id":20216,"href":"https:\/\/radiosul.net\/wp\/wp-json\/wp\/v2\/posts\/20207\/revisions\/20216"}],"wp:featuredmedia":[{"embeddable":true,"href":"https:\/\/radiosul.net\/wp\/wp-json\/wp\/v2\/media\/20214"}],"wp:attachment":[{"href":"https:\/\/radiosul.net\/wp\/wp-json\/wp\/v2\/media?parent=20207"}],"wp:term":[{"taxonomy":"category","embeddable":true,"href":"https:\/\/radiosul.net\/wp\/wp-json\/wp\/v2\/categories?post=20207"},{"taxonomy":"post_tag","embeddable":true,"href":"https:\/\/radiosul.net\/wp\/wp-json\/wp\/v2\/tags?post=20207"}],"curies":[{"name":"wp","href":"https:\/\/api.w.org\/{rel}","templated":true}]}}