{"id":19836,"date":"2021-08-09T07:00:00","date_gmt":"2021-08-09T10:00:00","guid":{"rendered":"https:\/\/radiosul.net\/wp\/?p=19836"},"modified":"2021-08-09T02:17:00","modified_gmt":"2021-08-09T05:17:00","slug":"licitacoes-para-a-expointer-2021-estao-na-programacao-da-semana-da-agenda-celic","status":"publish","type":"post","link":"https:\/\/radiosul.net\/wp\/2021\/licitacoes-para-a-expointer-2021-estao-na-programacao-da-semana-da-agenda-celic\/","title":{"rendered":"Licita\u00e7\u00f5es para a Expointer 2021 est\u00e3o na programa\u00e7\u00e3o da semana da Agenda Celic"},"content":{"rendered":"\n<p class=\"wp-block-paragraph\">Contrata\u00e7\u00e3o de servi\u00e7os de limpeza predial, de seguran\u00e7a patrimonial, loca\u00e7\u00e3o de carros el\u00e9tricos e geradores m\u00f3veis, al\u00e9m da comercializa\u00e7\u00e3o de ingressos para a Expointer 2021 est\u00e3o entre as licita\u00e7\u00f5es previstas para a semana de 9 a 13 de agosto pela Subsecretaria Central de Licita\u00e7\u00f5es (Celic), vinculada \u00e0 Secretaria de Planejamento, Governan\u00e7a e Gest\u00e3o (SPGG). Ao todo, ser\u00e3o sete certames destinados ao evento, que ocorre de 4 a 12 de setembro no Parque de Exposi\u00e7\u00f5es Assis Brasil, em Esteio.<\/p>\n\n\n\n<p class=\"wp-block-paragraph\">Al\u00e9m desses, outras 16 licita\u00e7\u00f5es est\u00e3o agendadas para a semana, destinadas a atender a demandas de diferentes \u00f3rg\u00e3os e secretarias do governo estadual. Para saber mais detalhes sobre os processos, basta acessar o site <strong><a href=\"http:\/\/www.celic.rs.gov.br\/\" target=\"_blank\" rel=\"noreferrer noopener\">www.celic.rs.gov.br<\/a><\/strong> e consultar pelo n\u00famero do edital.<\/p>\n\n\n\n<p class=\"wp-block-paragraph\">A publica\u00e7\u00e3o da Agenda Celic \u00e9 destinada aos interessados em participar das licita\u00e7\u00f5es e ampliar o n\u00edvel de transpar\u00eancia sobre compras e aliena\u00e7\u00f5es do Estado aos profissionais de imprensa e \u00e0 sociedade.<br><br><a rel=\"noreferrer noopener\" href=\"https:\/\/www.estado.rs.gov.br\/upload\/arquivos\/\/agenda-celic-9-13ago21.pdf\" target=\"_blank\"><strong>\u2022 Clique aqui e confira as licita\u00e7\u00f5es agendadas para a semana de 9 a 13 de agosto de 2021.<\/strong><\/a><\/p>\n\n\n\n<p class=\"wp-block-paragraph\"><strong><em>Fonte: Governo do Estado &#8211; RS<\/em><\/strong><\/p>\n","protected":false},"excerpt":{"rendered":"<p>Contrata\u00e7\u00e3o de servi\u00e7os de limpeza predial, de seguran\u00e7a patrimonial, loca\u00e7\u00e3o de carros el\u00e9tricos e geradores m\u00f3veis, al\u00e9m da comercializa\u00e7\u00e3o de ingressos para a Expointer 2021 est\u00e3o entre as licita\u00e7\u00f5es previstas para a semana de 9 a 13 de agosto pela Subsecretaria Central de Licita\u00e7\u00f5es (Celic), vinculada \u00e0 Secretaria de Planejamento, Governan\u00e7a e Gest\u00e3o (SPGG). Ao &hellip;<\/p>\n","protected":false},"author":9,"featured_media":19838,"comment_status":"closed","ping_status":"closed","sticky":false,"template":"","format":"standard","meta":{"_monsterinsights_skip_tracking":false,"_uf_show_specific_survey":0,"_uf_disable_surveys":false,"footnotes":""},"categories":[1,126],"tags":[],"class_list":["post-19836","post","type-post","status-publish","format-standard","has-post-thumbnail","hentry","category-agro","category-destacados"],"aioseo_notices":[],"aioseo_head":"\n\t\t<!-- All in One SEO 5.0.1.1 - aioseo.com -->\n\t<meta name=\"description\" content=\"Contrata\u00e7\u00e3o de servi\u00e7os de limpeza predial, de seguran\u00e7a patrimonial, loca\u00e7\u00e3o de carros el\u00e9tricos e geradores m\u00f3veis, al\u00e9m da comercializa\u00e7\u00e3o de ingressos para a Expointer 2021 est\u00e3o entre as licita\u00e7\u00f5es previstas para a semana de 9 a 13 de agosto pela Subsecretaria Central de Licita\u00e7\u00f5es (Celic), vinculada \u00e0 Secretaria de Planejamento, Governan\u00e7a e Gest\u00e3o (SPGG). Ao\" \/>\n\t<meta name=\"robots\" content=\"max-image-preview:large\" \/>\n\t<meta name=\"author\" content=\"Alejo Bordon\"\/>\n\t<link rel=\"canonical\" href=\"https:\/\/radiosul.net\/wp\/2021\/licitacoes-para-a-expointer-2021-estao-na-programacao-da-semana-da-agenda-celic\/\" \/>\n\t<meta name=\"generator\" content=\"All in One SEO (AIOSEO) 5.0.1.1\" \/>\n\t\t<meta property=\"og:locale\" content=\"pt_BR\" \/>\n\t\t<meta property=\"og:site_name\" content=\"radiosul.net - Regional por Excel\u00eancia\" \/>\n\t\t<meta property=\"og:type\" content=\"article\" \/>\n\t\t<meta property=\"og:title\" content=\"Licita\u00e7\u00f5es para a Expointer 2021 est\u00e3o na programa\u00e7\u00e3o da semana da Agenda Celic - radiosul.net\" \/>\n\t\t<meta property=\"og:description\" content=\"Contrata\u00e7\u00e3o de servi\u00e7os de limpeza predial, de seguran\u00e7a patrimonial, loca\u00e7\u00e3o de carros el\u00e9tricos e geradores m\u00f3veis, al\u00e9m da comercializa\u00e7\u00e3o de ingressos para a Expointer 2021 est\u00e3o entre as licita\u00e7\u00f5es previstas para a semana de 9 a 13 de agosto pela Subsecretaria Central de Licita\u00e7\u00f5es (Celic), vinculada \u00e0 Secretaria de Planejamento, Governan\u00e7a e Gest\u00e3o (SPGG). Ao\" \/>\n\t\t<meta property=\"og:url\" content=\"https:\/\/radiosul.net\/wp\/2021\/licitacoes-para-a-expointer-2021-estao-na-programacao-da-semana-da-agenda-celic\/\" \/>\n\t\t<meta property=\"article:published_time\" content=\"2021-08-09T10:00:00+00:00\" \/>\n\t\t<meta property=\"article:modified_time\" content=\"2021-08-09T05:17:00+00:00\" \/>\n\t\t<meta name=\"twitter:card\" content=\"summary_large_image\" \/>\n\t\t<meta name=\"twitter:title\" content=\"Licita\u00e7\u00f5es para a Expointer 2021 est\u00e3o na programa\u00e7\u00e3o da semana da Agenda Celic - radiosul.net\" \/>\n\t\t<meta name=\"twitter:description\" content=\"Contrata\u00e7\u00e3o de servi\u00e7os de limpeza predial, de seguran\u00e7a patrimonial, loca\u00e7\u00e3o de carros el\u00e9tricos e geradores m\u00f3veis, al\u00e9m da comercializa\u00e7\u00e3o de ingressos para a Expointer 2021 est\u00e3o entre as licita\u00e7\u00f5es previstas para a semana de 9 a 13 de agosto pela Subsecretaria Central de Licita\u00e7\u00f5es (Celic), vinculada \u00e0 Secretaria de Planejamento, Governan\u00e7a e Gest\u00e3o (SPGG). Ao\" \/>\n\t\t<script type=\"application\/ld+json\" class=\"aioseo-schema\">\n\t\t\t{\"@context\":\"https:\\\/\\\/schema.org\",\"@graph\":[{\"@type\":\"BlogPosting\",\"@id\":\"https:\\\/\\\/radiosul.net\\\/wp\\\/2021\\\/licitacoes-para-a-expointer-2021-estao-na-programacao-da-semana-da-agenda-celic\\\/#blogposting\",\"name\":\"Licita\\u00e7\\u00f5es para a Expointer 2021 est\\u00e3o na programa\\u00e7\\u00e3o da semana da Agenda Celic - radiosul.net\",\"headline\":\"Licita\\u00e7\\u00f5es para a Expointer 2021 est\\u00e3o na programa\\u00e7\\u00e3o da semana da Agenda Celic\",\"author\":{\"@id\":\"https:\\\/\\\/radiosul.net\\\/wp\\\/author\\\/alejo\\\/#author\"},\"publisher\":{\"@id\":\"https:\\\/\\\/radiosul.net\\\/wp\\\/#organization\"},\"image\":{\"@type\":\"ImageObject\",\"url\":\"https:\\\/\\\/radiosul.net\\\/wp\\\/wp-content\\\/uploads\\\/2021\\\/08\\\/16183521_1794171_GD.jpg\",\"width\":800,\"height\":450},\"datePublished\":\"2021-08-09T07:00:00-03:00\",\"dateModified\":\"2021-08-09T02:17:00-03:00\",\"inLanguage\":\"pt-BR\",\"mainEntityOfPage\":{\"@id\":\"https:\\\/\\\/radiosul.net\\\/wp\\\/2021\\\/licitacoes-para-a-expointer-2021-estao-na-programacao-da-semana-da-agenda-celic\\\/#webpage\"},\"isPartOf\":{\"@id\":\"https:\\\/\\\/radiosul.net\\\/wp\\\/2021\\\/licitacoes-para-a-expointer-2021-estao-na-programacao-da-semana-da-agenda-celic\\\/#webpage\"},\"articleSection\":\"Agroneg\\u00f3cio, Destaque\"},{\"@type\":\"BreadcrumbList\",\"@id\":\"https:\\\/\\\/radiosul.net\\\/wp\\\/2021\\\/licitacoes-para-a-expointer-2021-estao-na-programacao-da-semana-da-agenda-celic\\\/#breadcrumblist\",\"itemListElement\":[{\"@type\":\"ListItem\",\"@id\":\"https:\\\/\\\/radiosul.net\\\/wp#listItem\",\"position\":1,\"name\":\"Home\",\"item\":\"https:\\\/\\\/radiosul.net\\\/wp\",\"nextItem\":{\"@type\":\"ListItem\",\"@id\":\"https:\\\/\\\/radiosul.net\\\/wp\\\/category\\\/agro\\\/#listItem\",\"name\":\"Agroneg\\u00f3cio\"}},{\"@type\":\"ListItem\",\"@id\":\"https:\\\/\\\/radiosul.net\\\/wp\\\/category\\\/agro\\\/#listItem\",\"position\":2,\"name\":\"Agroneg\\u00f3cio\",\"item\":\"https:\\\/\\\/radiosul.net\\\/wp\\\/category\\\/agro\\\/\",\"nextItem\":{\"@type\":\"ListItem\",\"@id\":\"https:\\\/\\\/radiosul.net\\\/wp\\\/2021\\\/licitacoes-para-a-expointer-2021-estao-na-programacao-da-semana-da-agenda-celic\\\/#listItem\",\"name\":\"Licita\\u00e7\\u00f5es para a Expointer 2021 est\\u00e3o na programa\\u00e7\\u00e3o da semana da Agenda Celic\"},\"previousItem\":{\"@type\":\"ListItem\",\"@id\":\"https:\\\/\\\/radiosul.net\\\/wp#listItem\",\"name\":\"Home\"}},{\"@type\":\"ListItem\",\"@id\":\"https:\\\/\\\/radiosul.net\\\/wp\\\/2021\\\/licitacoes-para-a-expointer-2021-estao-na-programacao-da-semana-da-agenda-celic\\\/#listItem\",\"position\":3,\"name\":\"Licita\\u00e7\\u00f5es para a Expointer 2021 est\\u00e3o na programa\\u00e7\\u00e3o da semana da Agenda Celic\",\"previousItem\":{\"@type\":\"ListItem\",\"@id\":\"https:\\\/\\\/radiosul.net\\\/wp\\\/category\\\/agro\\\/#listItem\",\"name\":\"Agroneg\\u00f3cio\"}}]},{\"@type\":\"Organization\",\"@id\":\"https:\\\/\\\/radiosul.net\\\/wp\\\/#organization\",\"name\":\"radiosul.net\",\"description\":\"Regional por Excel\\u00eancia\",\"url\":\"https:\\\/\\\/radiosul.net\\\/wp\\\/\"},{\"@type\":\"Person\",\"@id\":\"https:\\\/\\\/radiosul.net\\\/wp\\\/author\\\/alejo\\\/#author\",\"url\":\"https:\\\/\\\/radiosul.net\\\/wp\\\/author\\\/alejo\\\/\",\"name\":\"Alejo Bordon\",\"image\":{\"@type\":\"ImageObject\",\"@id\":\"https:\\\/\\\/radiosul.net\\\/wp\\\/2021\\\/licitacoes-para-a-expointer-2021-estao-na-programacao-da-semana-da-agenda-celic\\\/#authorImage\",\"url\":\"https:\\\/\\\/secure.gravatar.com\\\/avatar\\\/b3a7e7f1c71212e6a5b7183b79a2ab58dad8bdc4cd4eadd61c4434d010d0bae4?s=96&d=mm&r=g\",\"width\":96,\"height\":96,\"caption\":\"Alejo Bordon\"}},{\"@type\":\"WebPage\",\"@id\":\"https:\\\/\\\/radiosul.net\\\/wp\\\/2021\\\/licitacoes-para-a-expointer-2021-estao-na-programacao-da-semana-da-agenda-celic\\\/#webpage\",\"url\":\"https:\\\/\\\/radiosul.net\\\/wp\\\/2021\\\/licitacoes-para-a-expointer-2021-estao-na-programacao-da-semana-da-agenda-celic\\\/\",\"name\":\"Licita\\u00e7\\u00f5es para a Expointer 2021 est\\u00e3o na programa\\u00e7\\u00e3o da semana da Agenda Celic - radiosul.net\",\"description\":\"Contrata\\u00e7\\u00e3o de servi\\u00e7os de limpeza predial, de seguran\\u00e7a patrimonial, loca\\u00e7\\u00e3o de carros el\\u00e9tricos e geradores m\\u00f3veis, al\\u00e9m da comercializa\\u00e7\\u00e3o de ingressos para a Expointer 2021 est\\u00e3o entre as licita\\u00e7\\u00f5es previstas para a semana de 9 a 13 de agosto pela Subsecretaria Central de Licita\\u00e7\\u00f5es (Celic), vinculada \\u00e0 Secretaria de Planejamento, Governan\\u00e7a e Gest\\u00e3o (SPGG). Ao\",\"inLanguage\":\"pt-BR\",\"isPartOf\":{\"@id\":\"https:\\\/\\\/radiosul.net\\\/wp\\\/#website\"},\"breadcrumb\":{\"@id\":\"https:\\\/\\\/radiosul.net\\\/wp\\\/2021\\\/licitacoes-para-a-expointer-2021-estao-na-programacao-da-semana-da-agenda-celic\\\/#breadcrumblist\"},\"author\":{\"@id\":\"https:\\\/\\\/radiosul.net\\\/wp\\\/author\\\/alejo\\\/#author\"},\"creator\":{\"@id\":\"https:\\\/\\\/radiosul.net\\\/wp\\\/author\\\/alejo\\\/#author\"},\"image\":{\"@type\":\"ImageObject\",\"url\":\"https:\\\/\\\/radiosul.net\\\/wp\\\/wp-content\\\/uploads\\\/2021\\\/08\\\/16183521_1794171_GD.jpg\",\"@id\":\"https:\\\/\\\/radiosul.net\\\/wp\\\/2021\\\/licitacoes-para-a-expointer-2021-estao-na-programacao-da-semana-da-agenda-celic\\\/#mainImage\",\"width\":800,\"height\":450},\"primaryImageOfPage\":{\"@id\":\"https:\\\/\\\/radiosul.net\\\/wp\\\/2021\\\/licitacoes-para-a-expointer-2021-estao-na-programacao-da-semana-da-agenda-celic\\\/#mainImage\"},\"datePublished\":\"2021-08-09T07:00:00-03:00\",\"dateModified\":\"2021-08-09T02:17:00-03:00\"},{\"@type\":\"WebSite\",\"@id\":\"https:\\\/\\\/radiosul.net\\\/wp\\\/#website\",\"url\":\"https:\\\/\\\/radiosul.net\\\/wp\\\/\",\"name\":\"radiosul.net\",\"description\":\"Regional por Excel\\u00eancia\",\"inLanguage\":\"pt-BR\",\"publisher\":{\"@id\":\"https:\\\/\\\/radiosul.net\\\/wp\\\/#organization\"}}]}\n\t\t<\/script>\n\t\t<!-- All in One SEO -->\n\n","aioseo_head_json":{"title":"Licita\u00e7\u00f5es para a Expointer 2021 est\u00e3o na programa\u00e7\u00e3o da semana da Agenda Celic - radiosul.net","description":"Contrata\u00e7\u00e3o de servi\u00e7os de limpeza predial, de seguran\u00e7a patrimonial, loca\u00e7\u00e3o de carros el\u00e9tricos e geradores m\u00f3veis, al\u00e9m da comercializa\u00e7\u00e3o de ingressos para a Expointer 2021 est\u00e3o entre as licita\u00e7\u00f5es previstas para a semana de 9 a 13 de agosto pela Subsecretaria Central de Licita\u00e7\u00f5es (Celic), vinculada \u00e0 Secretaria de Planejamento, Governan\u00e7a e Gest\u00e3o (SPGG). Ao","canonical_url":"https:\/\/radiosul.net\/wp\/2021\/licitacoes-para-a-expointer-2021-estao-na-programacao-da-semana-da-agenda-celic\/","robots":"max-image-preview:large","keywords":"","webmasterTools":{"miscellaneous":""},"schema":{"@context":"https:\/\/schema.org","@graph":[{"@type":"BlogPosting","@id":"https:\/\/radiosul.net\/wp\/2021\/licitacoes-para-a-expointer-2021-estao-na-programacao-da-semana-da-agenda-celic\/#blogposting","name":"Licita\u00e7\u00f5es para a Expointer 2021 est\u00e3o na programa\u00e7\u00e3o da semana da Agenda Celic - radiosul.net","headline":"Licita\u00e7\u00f5es para a Expointer 2021 est\u00e3o na programa\u00e7\u00e3o da semana da Agenda Celic","author":{"@id":"https:\/\/radiosul.net\/wp\/author\/alejo\/#author"},"publisher":{"@id":"https:\/\/radiosul.net\/wp\/#organization"},"image":{"@type":"ImageObject","url":"https:\/\/radiosul.net\/wp\/wp-content\/uploads\/2021\/08\/16183521_1794171_GD.jpg","width":800,"height":450},"datePublished":"2021-08-09T07:00:00-03:00","dateModified":"2021-08-09T02:17:00-03:00","inLanguage":"pt-BR","mainEntityOfPage":{"@id":"https:\/\/radiosul.net\/wp\/2021\/licitacoes-para-a-expointer-2021-estao-na-programacao-da-semana-da-agenda-celic\/#webpage"},"isPartOf":{"@id":"https:\/\/radiosul.net\/wp\/2021\/licitacoes-para-a-expointer-2021-estao-na-programacao-da-semana-da-agenda-celic\/#webpage"},"articleSection":"Agroneg\u00f3cio, Destaque"},{"@type":"BreadcrumbList","@id":"https:\/\/radiosul.net\/wp\/2021\/licitacoes-para-a-expointer-2021-estao-na-programacao-da-semana-da-agenda-celic\/#breadcrumblist","itemListElement":[{"@type":"ListItem","@id":"https:\/\/radiosul.net\/wp#listItem","position":1,"name":"Home","item":"https:\/\/radiosul.net\/wp","nextItem":{"@type":"ListItem","@id":"https:\/\/radiosul.net\/wp\/category\/agro\/#listItem","name":"Agroneg\u00f3cio"}},{"@type":"ListItem","@id":"https:\/\/radiosul.net\/wp\/category\/agro\/#listItem","position":2,"name":"Agroneg\u00f3cio","item":"https:\/\/radiosul.net\/wp\/category\/agro\/","nextItem":{"@type":"ListItem","@id":"https:\/\/radiosul.net\/wp\/2021\/licitacoes-para-a-expointer-2021-estao-na-programacao-da-semana-da-agenda-celic\/#listItem","name":"Licita\u00e7\u00f5es para a Expointer 2021 est\u00e3o na programa\u00e7\u00e3o da semana da Agenda Celic"},"previousItem":{"@type":"ListItem","@id":"https:\/\/radiosul.net\/wp#listItem","name":"Home"}},{"@type":"ListItem","@id":"https:\/\/radiosul.net\/wp\/2021\/licitacoes-para-a-expointer-2021-estao-na-programacao-da-semana-da-agenda-celic\/#listItem","position":3,"name":"Licita\u00e7\u00f5es para a Expointer 2021 est\u00e3o na programa\u00e7\u00e3o da semana da Agenda Celic","previousItem":{"@type":"ListItem","@id":"https:\/\/radiosul.net\/wp\/category\/agro\/#listItem","name":"Agroneg\u00f3cio"}}]},{"@type":"Organization","@id":"https:\/\/radiosul.net\/wp\/#organization","name":"radiosul.net","description":"Regional por Excel\u00eancia","url":"https:\/\/radiosul.net\/wp\/"},{"@type":"Person","@id":"https:\/\/radiosul.net\/wp\/author\/alejo\/#author","url":"https:\/\/radiosul.net\/wp\/author\/alejo\/","name":"Alejo Bordon","image":{"@type":"ImageObject","@id":"https:\/\/radiosul.net\/wp\/2021\/licitacoes-para-a-expointer-2021-estao-na-programacao-da-semana-da-agenda-celic\/#authorImage","url":"https:\/\/secure.gravatar.com\/avatar\/b3a7e7f1c71212e6a5b7183b79a2ab58dad8bdc4cd4eadd61c4434d010d0bae4?s=96&d=mm&r=g","width":96,"height":96,"caption":"Alejo Bordon"}},{"@type":"WebPage","@id":"https:\/\/radiosul.net\/wp\/2021\/licitacoes-para-a-expointer-2021-estao-na-programacao-da-semana-da-agenda-celic\/#webpage","url":"https:\/\/radiosul.net\/wp\/2021\/licitacoes-para-a-expointer-2021-estao-na-programacao-da-semana-da-agenda-celic\/","name":"Licita\u00e7\u00f5es para a Expointer 2021 est\u00e3o na programa\u00e7\u00e3o da semana da Agenda Celic - radiosul.net","description":"Contrata\u00e7\u00e3o de servi\u00e7os de limpeza predial, de seguran\u00e7a patrimonial, loca\u00e7\u00e3o de carros el\u00e9tricos e geradores m\u00f3veis, al\u00e9m da comercializa\u00e7\u00e3o de ingressos para a Expointer 2021 est\u00e3o entre as licita\u00e7\u00f5es previstas para a semana de 9 a 13 de agosto pela Subsecretaria Central de Licita\u00e7\u00f5es (Celic), vinculada \u00e0 Secretaria de Planejamento, Governan\u00e7a e Gest\u00e3o (SPGG). Ao","inLanguage":"pt-BR","isPartOf":{"@id":"https:\/\/radiosul.net\/wp\/#website"},"breadcrumb":{"@id":"https:\/\/radiosul.net\/wp\/2021\/licitacoes-para-a-expointer-2021-estao-na-programacao-da-semana-da-agenda-celic\/#breadcrumblist"},"author":{"@id":"https:\/\/radiosul.net\/wp\/author\/alejo\/#author"},"creator":{"@id":"https:\/\/radiosul.net\/wp\/author\/alejo\/#author"},"image":{"@type":"ImageObject","url":"https:\/\/radiosul.net\/wp\/wp-content\/uploads\/2021\/08\/16183521_1794171_GD.jpg","@id":"https:\/\/radiosul.net\/wp\/2021\/licitacoes-para-a-expointer-2021-estao-na-programacao-da-semana-da-agenda-celic\/#mainImage","width":800,"height":450},"primaryImageOfPage":{"@id":"https:\/\/radiosul.net\/wp\/2021\/licitacoes-para-a-expointer-2021-estao-na-programacao-da-semana-da-agenda-celic\/#mainImage"},"datePublished":"2021-08-09T07:00:00-03:00","dateModified":"2021-08-09T02:17:00-03:00"},{"@type":"WebSite","@id":"https:\/\/radiosul.net\/wp\/#website","url":"https:\/\/radiosul.net\/wp\/","name":"radiosul.net","description":"Regional por Excel\u00eancia","inLanguage":"pt-BR","publisher":{"@id":"https:\/\/radiosul.net\/wp\/#organization"}}]},"og:locale":"pt_BR","og:site_name":"radiosul.net - Regional por Excel\u00eancia","og:type":"article","og:title":"Licita\u00e7\u00f5es para a Expointer 2021 est\u00e3o na programa\u00e7\u00e3o da semana da Agenda Celic - radiosul.net","og:description":"Contrata\u00e7\u00e3o de servi\u00e7os de limpeza predial, de seguran\u00e7a patrimonial, loca\u00e7\u00e3o de carros el\u00e9tricos e geradores m\u00f3veis, al\u00e9m da comercializa\u00e7\u00e3o de ingressos para a Expointer 2021 est\u00e3o entre as licita\u00e7\u00f5es previstas para a semana de 9 a 13 de agosto pela Subsecretaria Central de Licita\u00e7\u00f5es (Celic), vinculada \u00e0 Secretaria de Planejamento, Governan\u00e7a e Gest\u00e3o (SPGG). Ao","og:url":"https:\/\/radiosul.net\/wp\/2021\/licitacoes-para-a-expointer-2021-estao-na-programacao-da-semana-da-agenda-celic\/","article:published_time":"2021-08-09T10:00:00+00:00","article:modified_time":"2021-08-09T05:17:00+00:00","twitter:card":"summary_large_image","twitter:title":"Licita\u00e7\u00f5es para a Expointer 2021 est\u00e3o na programa\u00e7\u00e3o da semana da Agenda Celic - radiosul.net","twitter:description":"Contrata\u00e7\u00e3o de servi\u00e7os de limpeza predial, de seguran\u00e7a patrimonial, loca\u00e7\u00e3o de carros el\u00e9tricos e geradores m\u00f3veis, al\u00e9m da comercializa\u00e7\u00e3o de ingressos para a Expointer 2021 est\u00e3o entre as licita\u00e7\u00f5es previstas para a semana de 9 a 13 de agosto pela Subsecretaria Central de Licita\u00e7\u00f5es (Celic), vinculada \u00e0 Secretaria de Planejamento, Governan\u00e7a e Gest\u00e3o (SPGG). Ao"},"aioseo_meta_data":{"post_id":"19836","title":null,"description":null,"keywords":null,"keyphrases":null,"primary_term":null,"canonical_url":null,"og_title":null,"og_description":null,"og_object_type":"default","og_image_type":"default","og_image_url":null,"og_image_width":null,"og_image_height":null,"og_image_custom_url":null,"og_image_custom_fields":null,"og_video":null,"og_custom_url":null,"og_article_section":null,"og_article_tags":null,"twitter_use_og":false,"twitter_card":"default","twitter_image_type":"default","twitter_image_url":null,"twitter_image_custom_url":null,"twitter_image_custom_fields":null,"twitter_title":null,"twitter_description":null,"schema":{"blockGraphs":[],"customGraphs":[],"default":{"data":{"Article":[],"Course":[],"Dataset":[],"FAQPage":[],"Movie":[],"Person":[],"Product":[],"ProductReview":[],"Car":[],"Recipe":[],"Service":[],"SoftwareApplication":[],"WebPage":[]},"graphName":"","isEnabled":true},"graphs":[]},"schema_type":"default","schema_type_options":null,"pillar_content":false,"robots_default":true,"robots_noindex":false,"robots_noarchive":false,"robots_nosnippet":false,"robots_nofollow":false,"robots_noimageindex":false,"robots_noodp":false,"robots_notranslate":false,"robots_max_snippet":null,"robots_max_videopreview":null,"robots_max_imagepreview":"large","priority":null,"frequency":null,"local_seo":null,"breadcrumb_settings":null,"limit_modified_date":false,"ai":null,"created":"2026-01-09 04:18:08","updated":"2026-01-09 04:18:08","seo_analyzer_scan_date":null,"focus_keyword":null,"additional_keywords":null,"truseo_locale":null},"aioseo_breadcrumb":"<div class=\"aioseo-breadcrumbs\"><span class=\"aioseo-breadcrumb\">\n\t\t\t<a href=\"https:\/\/radiosul.net\/wp\" title=\"Home\">Home<\/a>\n\t\t<\/span><span class=\"aioseo-breadcrumb-separator\">&raquo;<\/span><span class=\"aioseo-breadcrumb\">\n\t\t\t<a href=\"https:\/\/radiosul.net\/wp\/category\/agro\/\" title=\"Agroneg\u00f3cio\">Agroneg\u00f3cio<\/a>\n\t\t<\/span><span class=\"aioseo-breadcrumb-separator\">&raquo;<\/span><span class=\"aioseo-breadcrumb\">\n\t\t\tLicita\u00e7\u00f5es para a Expointer 2021 est\u00e3o na programa\u00e7\u00e3o da semana da Agenda Celic\n\t\t<\/span><\/div>","aioseo_breadcrumb_json":[{"label":"Home","link":"https:\/\/radiosul.net\/wp"},{"label":"Agroneg\u00f3cio","link":"https:\/\/radiosul.net\/wp\/category\/agro\/"},{"label":"Licita\u00e7\u00f5es para a Expointer 2021 est\u00e3o na programa\u00e7\u00e3o da semana da Agenda Celic","link":"https:\/\/radiosul.net\/wp\/2021\/licitacoes-para-a-expointer-2021-estao-na-programacao-da-semana-da-agenda-celic\/"}],"_links":{"self":[{"href":"https:\/\/radiosul.net\/wp\/wp-json\/wp\/v2\/posts\/19836","targetHints":{"allow":["GET"]}}],"collection":[{"href":"https:\/\/radiosul.net\/wp\/wp-json\/wp\/v2\/posts"}],"about":[{"href":"https:\/\/radiosul.net\/wp\/wp-json\/wp\/v2\/types\/post"}],"author":[{"embeddable":true,"href":"https:\/\/radiosul.net\/wp\/wp-json\/wp\/v2\/users\/9"}],"replies":[{"embeddable":true,"href":"https:\/\/radiosul.net\/wp\/wp-json\/wp\/v2\/comments?post=19836"}],"version-history":[{"count":1,"href":"https:\/\/radiosul.net\/wp\/wp-json\/wp\/v2\/posts\/19836\/revisions"}],"predecessor-version":[{"id":19844,"href":"https:\/\/radiosul.net\/wp\/wp-json\/wp\/v2\/posts\/19836\/revisions\/19844"}],"wp:featuredmedia":[{"embeddable":true,"href":"https:\/\/radiosul.net\/wp\/wp-json\/wp\/v2\/media\/19838"}],"wp:attachment":[{"href":"https:\/\/radiosul.net\/wp\/wp-json\/wp\/v2\/media?parent=19836"}],"wp:term":[{"taxonomy":"category","embeddable":true,"href":"https:\/\/radiosul.net\/wp\/wp-json\/wp\/v2\/categories?post=19836"},{"taxonomy":"post_tag","embeddable":true,"href":"https:\/\/radiosul.net\/wp\/wp-json\/wp\/v2\/tags?post=19836"}],"curies":[{"name":"wp","href":"https:\/\/api.w.org\/{rel}","templated":true}]}}