{"id":19673,"date":"2021-07-30T07:00:00","date_gmt":"2021-07-30T10:00:00","guid":{"rendered":"https:\/\/radiosul.net\/wp\/?p=19673"},"modified":"2021-07-30T02:53:24","modified_gmt":"2021-07-30T05:53:24","slug":"sema-comemora-aniversario-com-acao-solidaria-nos-parques-zoologico-e-jardim-botanico","status":"publish","type":"post","link":"https:\/\/radiosul.net\/wp\/2021\/sema-comemora-aniversario-com-acao-solidaria-nos-parques-zoologico-e-jardim-botanico\/","title":{"rendered":"Sema comemora anivers\u00e1rio com a\u00e7\u00e3o solid\u00e1ria nos Parques Zool\u00f3gico e Jardim Bot\u00e2nico"},"content":{"rendered":"\n<p class=\"wp-block-paragraph\"><em>A iniciativa \u00e9 uma parceria entre a Sema e Campanha do Agasalho<\/em><\/p>\n\n\n\n<p class=\"wp-block-paragraph\">A Secretaria do Meio Ambiente e Infraestrutura (Sema) promove, nesta quinta-feira (29), um dia de a\u00e7\u00e3o solid\u00e1ria nos Parques Zool\u00f3gico (ZOO), em Sapucaia do Sul, e Jardim Bot\u00e2nico (JB), em Porto Alegre. No lugar do pagamento em dinheiro, o ingresso \u00e9 a doa\u00e7\u00e3o de alimentos n\u00e3o perec\u00edveis, roupas, cal\u00e7ados, cobertores, ou itens de limpeza e de higiene pessoal.<\/p>\n\n\n\n<p class=\"wp-block-paragraph\">A iniciativa, em parceria com a Campanha do Agasalho do Governo do Estado, faz parte da programa\u00e7\u00e3o de anivers\u00e1rio da Sema, que completa&nbsp; 22 anos. Estruturas com a indica\u00e7\u00e3o dos pontos de coleta foram instaladas nas entradas dos parques pela Defesa Civil.<\/p>\n\n\n\n<p class=\"wp-block-paragraph\">O secret\u00e1rio do Meio Ambiente e Infraestrutura, Luiz Henrique Viana, visitou os dois pontos neste dia de anivers\u00e1rio e ressaltou a import\u00e2ncia de a\u00e7\u00f5es que unem meio ambiente e solidariedade.<\/p>\n\n\n\n<p class=\"wp-block-paragraph\">\u201cEstamos passando por uma crise sanit\u00e1ria que refor\u00e7a a import\u00e2ncia da mudan\u00e7a de comportamento, da coopera\u00e7\u00e3o e da solidariedade entre os indiv\u00edduos. Ao que tudo indica este inverno ser\u00e1 bastante rigoroso e \u00e9 hora de pensarmos coletivamente\u201d, destacou Viana.<\/p>\n\n\n\n<figure class=\"wp-block-image\"><a href=\"https:\/\/sema.rs.gov.br\/upload\/recortes\/202107\/29150416_78283_GDO.jpg\"><img decoding=\"async\" src=\"https:\/\/sema.rs.gov.br\/upload\/recortes\/202107\/29150416_78283_GDO.jpg\" alt=\"Secret\u00e1rio Viana e equipes do Zoo e da Defesa Civil durante a\u00e7\u00e3o solid\u00e1ria.\"\/><\/a><figcaption>Secret\u00e1rio Viana e equipes do Zoo e da Defesa Civil durante a\u00e7\u00e3o solid\u00e1ria. &#8211; Foto: Priscila Val\u00e9rio<\/figcaption><\/figure>\n\n\n\n<p class=\"wp-block-paragraph\">&nbsp;A m\u00e9dica veterin\u00e1ria e gestora do Zool\u00f3gico, Caroline Weissheimer, salientou que a inten\u00e7\u00e3o \u00e9, al\u00e9m de incentivar a preserva\u00e7\u00e3o e ajudar os animais, colaborar com a popula\u00e7\u00e3o carente. \u201c\u00c9 um orgulho para n\u00f3s, do Parque Zool\u00f3gico, poder contribuir para esta causa\u201d, enfatizou.<\/p>\n\n\n\n<p class=\"wp-block-paragraph\">O gestor do Jardim Bot\u00e2nico, Daniel Brambilla, classificou como oportuna a necessidade de uma reflex\u00e3o da sociedade. \u201cA biodiversidade est\u00e1 em todo lugar. A partir do momento em que o ser humano saiu \u00e0 busca de novos produtos para sua subsist\u00eancia, iniciou-se um novo cap\u00edtulo na hist\u00f3ria. Nossa sobreviv\u00eancia e cotidiano est\u00e3o diretamente ligados \u00e0 biodiversidade. Conectar a sociedade com o meio ambiente e promover a conscientiza\u00e7\u00e3o social, principalmente em tempos de pandemia, \u00e9 primordial\u201d.<\/p>\n\n\n\n<p class=\"wp-block-paragraph\">A a\u00e7\u00e3o iniciou \u00e0s 9h e segue at\u00e9 \u00e0s 17h, hor\u00e1rio de fechamento do ZOO e do JB. Devido a medidas de preven\u00e7\u00e3o \u00e0 Covid-19, o uso de m\u00e1scara \u00e9 obrigat\u00f3rio. &nbsp;No Jardim Bot\u00e2nico a visita\u00e7\u00e3o est\u00e1 limitada a 250 pessoas simultaneamente e no Parque Zool\u00f3gico a 500 carros.<\/p>\n\n\n\n<p class=\"wp-block-paragraph\"><strong>Apoio da Fepam<\/strong><\/p>\n\n\n\n<p class=\"wp-block-paragraph\">A Funda\u00e7\u00e3o Estadual de Prote\u00e7\u00e3o Ambiental (Fepam) apoiou a iniciativa promovida pela Sema. Durante um m\u00eas, uma central da Campanha do Agasalho foi instalada na sede da Funda\u00e7\u00e3o. Os agasalhos arrecadados foram levados nesta quinta-feira (29) pela presidente Marjorie Kauffmann at\u00e9 o Jardim Bot\u00e2nico.<\/p>\n\n\n\n<p class=\"wp-block-paragraph\">\u201cPara a Fepam \u00e9 gratificante participar desta campanha que forma uma corrente do bem. Sabemos o quanto a\u00e7\u00f5es solid\u00e1rias s\u00e3o importantes e podem ajudar quem mais precisa. E seguiremos apoiando causas como essa, realizada neste dia de anivers\u00e1rio da Sema\u201d, finalizou Marjorie.<\/p>\n\n\n\n<p class=\"wp-block-paragraph\">Embora a a\u00e7\u00e3o tenha marcado o dia de anivers\u00e1rio da Secretaria, a Campanha do Agasalho do Governo do Estado mant\u00e9m diversos pontos de doa\u00e7\u00e3o pelo RS. <a href=\"https:\/\/www.defesacivil.rs.gov.br\/apresentacao\">Confira aqui outras informa\u00e7\u00f5es e como doar.<\/a><\/p>\n\n\n\n<p class=\"wp-block-paragraph\"><strong><em>Fonte: Secretaria do Meio Ambiente e Infraestrutura<\/em><\/strong><\/p>\n","protected":false},"excerpt":{"rendered":"<p>A iniciativa \u00e9 uma parceria entre a Sema e Campanha do Agasalho A Secretaria do Meio Ambiente e Infraestrutura (Sema) promove, nesta quinta-feira (29), um dia de a\u00e7\u00e3o solid\u00e1ria nos Parques Zool\u00f3gico (ZOO), em Sapucaia do Sul, e Jardim Bot\u00e2nico (JB), em Porto Alegre. No lugar do pagamento em dinheiro, o ingresso \u00e9 a doa\u00e7\u00e3o &hellip;<\/p>\n","protected":false},"author":9,"featured_media":19675,"comment_status":"closed","ping_status":"closed","sticky":false,"template":"","format":"standard","meta":{"_monsterinsights_skip_tracking":false,"_uf_show_specific_survey":0,"_uf_disable_surveys":false,"footnotes":""},"categories":[1,126],"tags":[],"class_list":["post-19673","post","type-post","status-publish","format-standard","has-post-thumbnail","hentry","category-agro","category-destacados"],"aioseo_notices":[],"aioseo_head":"\n\t\t<!-- All in One SEO 5.0.1.1 - aioseo.com -->\n\t<meta name=\"description\" content=\"A iniciativa \u00e9 uma parceria entre a Sema e Campanha do Agasalho A Secretaria do Meio Ambiente e Infraestrutura (Sema) promove, nesta quinta-feira (29), um dia de a\u00e7\u00e3o solid\u00e1ria nos Parques Zool\u00f3gico (ZOO), em Sapucaia do Sul, e Jardim Bot\u00e2nico (JB), em Porto Alegre. No lugar do pagamento em dinheiro, o ingresso \u00e9 a doa\u00e7\u00e3o\" \/>\n\t<meta name=\"robots\" content=\"max-image-preview:large\" \/>\n\t<meta name=\"author\" content=\"Alejo Bordon\"\/>\n\t<link rel=\"canonical\" href=\"https:\/\/radiosul.net\/wp\/2021\/sema-comemora-aniversario-com-acao-solidaria-nos-parques-zoologico-e-jardim-botanico\/\" \/>\n\t<meta name=\"generator\" content=\"All in One SEO (AIOSEO) 5.0.1.1\" \/>\n\t\t<meta property=\"og:locale\" content=\"pt_BR\" \/>\n\t\t<meta property=\"og:site_name\" content=\"radiosul.net - Regional por Excel\u00eancia\" \/>\n\t\t<meta property=\"og:type\" content=\"article\" \/>\n\t\t<meta property=\"og:title\" content=\"Sema comemora anivers\u00e1rio com a\u00e7\u00e3o solid\u00e1ria nos Parques Zool\u00f3gico e Jardim Bot\u00e2nico - radiosul.net\" \/>\n\t\t<meta property=\"og:description\" content=\"A iniciativa \u00e9 uma parceria entre a Sema e Campanha do Agasalho A Secretaria do Meio Ambiente e Infraestrutura (Sema) promove, nesta quinta-feira (29), um dia de a\u00e7\u00e3o solid\u00e1ria nos Parques Zool\u00f3gico (ZOO), em Sapucaia do Sul, e Jardim Bot\u00e2nico (JB), em Porto Alegre. No lugar do pagamento em dinheiro, o ingresso \u00e9 a doa\u00e7\u00e3o\" \/>\n\t\t<meta property=\"og:url\" content=\"https:\/\/radiosul.net\/wp\/2021\/sema-comemora-aniversario-com-acao-solidaria-nos-parques-zoologico-e-jardim-botanico\/\" \/>\n\t\t<meta property=\"article:published_time\" content=\"2021-07-30T10:00:00+00:00\" \/>\n\t\t<meta property=\"article:modified_time\" content=\"2021-07-30T05:53:24+00:00\" \/>\n\t\t<meta name=\"twitter:card\" content=\"summary_large_image\" \/>\n\t\t<meta name=\"twitter:title\" content=\"Sema comemora anivers\u00e1rio com a\u00e7\u00e3o solid\u00e1ria nos Parques Zool\u00f3gico e Jardim Bot\u00e2nico - radiosul.net\" \/>\n\t\t<meta name=\"twitter:description\" content=\"A iniciativa \u00e9 uma parceria entre a Sema e Campanha do Agasalho A Secretaria do Meio Ambiente e Infraestrutura (Sema) promove, nesta quinta-feira (29), um dia de a\u00e7\u00e3o solid\u00e1ria nos Parques Zool\u00f3gico (ZOO), em Sapucaia do Sul, e Jardim Bot\u00e2nico (JB), em Porto Alegre. No lugar do pagamento em dinheiro, o ingresso \u00e9 a doa\u00e7\u00e3o\" \/>\n\t\t<script type=\"application\/ld+json\" class=\"aioseo-schema\">\n\t\t\t{\"@context\":\"https:\\\/\\\/schema.org\",\"@graph\":[{\"@type\":\"BlogPosting\",\"@id\":\"https:\\\/\\\/radiosul.net\\\/wp\\\/2021\\\/sema-comemora-aniversario-com-acao-solidaria-nos-parques-zoologico-e-jardim-botanico\\\/#blogposting\",\"name\":\"Sema comemora anivers\\u00e1rio com a\\u00e7\\u00e3o solid\\u00e1ria nos Parques Zool\\u00f3gico e Jardim Bot\\u00e2nico - radiosul.net\",\"headline\":\"Sema comemora anivers\\u00e1rio com a\\u00e7\\u00e3o solid\\u00e1ria nos Parques Zool\\u00f3gico e Jardim Bot\\u00e2nico\",\"author\":{\"@id\":\"https:\\\/\\\/radiosul.net\\\/wp\\\/author\\\/alejo\\\/#author\"},\"publisher\":{\"@id\":\"https:\\\/\\\/radiosul.net\\\/wp\\\/#organization\"},\"image\":{\"@type\":\"ImageObject\",\"url\":\"https:\\\/\\\/radiosul.net\\\/wp\\\/wp-content\\\/uploads\\\/2021\\\/07\\\/29150106_78261_GD.jpeg\",\"width\":800,\"height\":450,\"caption\":\"Foto: Priscila Val\\u00e9rio\"},\"datePublished\":\"2021-07-30T07:00:00-03:00\",\"dateModified\":\"2021-07-30T02:53:24-03:00\",\"inLanguage\":\"pt-BR\",\"mainEntityOfPage\":{\"@id\":\"https:\\\/\\\/radiosul.net\\\/wp\\\/2021\\\/sema-comemora-aniversario-com-acao-solidaria-nos-parques-zoologico-e-jardim-botanico\\\/#webpage\"},\"isPartOf\":{\"@id\":\"https:\\\/\\\/radiosul.net\\\/wp\\\/2021\\\/sema-comemora-aniversario-com-acao-solidaria-nos-parques-zoologico-e-jardim-botanico\\\/#webpage\"},\"articleSection\":\"Agroneg\\u00f3cio, Destaque\"},{\"@type\":\"BreadcrumbList\",\"@id\":\"https:\\\/\\\/radiosul.net\\\/wp\\\/2021\\\/sema-comemora-aniversario-com-acao-solidaria-nos-parques-zoologico-e-jardim-botanico\\\/#breadcrumblist\",\"itemListElement\":[{\"@type\":\"ListItem\",\"@id\":\"https:\\\/\\\/radiosul.net\\\/wp#listItem\",\"position\":1,\"name\":\"Home\",\"item\":\"https:\\\/\\\/radiosul.net\\\/wp\",\"nextItem\":{\"@type\":\"ListItem\",\"@id\":\"https:\\\/\\\/radiosul.net\\\/wp\\\/category\\\/agro\\\/#listItem\",\"name\":\"Agroneg\\u00f3cio\"}},{\"@type\":\"ListItem\",\"@id\":\"https:\\\/\\\/radiosul.net\\\/wp\\\/category\\\/agro\\\/#listItem\",\"position\":2,\"name\":\"Agroneg\\u00f3cio\",\"item\":\"https:\\\/\\\/radiosul.net\\\/wp\\\/category\\\/agro\\\/\",\"nextItem\":{\"@type\":\"ListItem\",\"@id\":\"https:\\\/\\\/radiosul.net\\\/wp\\\/2021\\\/sema-comemora-aniversario-com-acao-solidaria-nos-parques-zoologico-e-jardim-botanico\\\/#listItem\",\"name\":\"Sema comemora anivers\\u00e1rio com a\\u00e7\\u00e3o solid\\u00e1ria nos Parques Zool\\u00f3gico e Jardim Bot\\u00e2nico\"},\"previousItem\":{\"@type\":\"ListItem\",\"@id\":\"https:\\\/\\\/radiosul.net\\\/wp#listItem\",\"name\":\"Home\"}},{\"@type\":\"ListItem\",\"@id\":\"https:\\\/\\\/radiosul.net\\\/wp\\\/2021\\\/sema-comemora-aniversario-com-acao-solidaria-nos-parques-zoologico-e-jardim-botanico\\\/#listItem\",\"position\":3,\"name\":\"Sema comemora anivers\\u00e1rio com a\\u00e7\\u00e3o solid\\u00e1ria nos Parques Zool\\u00f3gico e Jardim Bot\\u00e2nico\",\"previousItem\":{\"@type\":\"ListItem\",\"@id\":\"https:\\\/\\\/radiosul.net\\\/wp\\\/category\\\/agro\\\/#listItem\",\"name\":\"Agroneg\\u00f3cio\"}}]},{\"@type\":\"Organization\",\"@id\":\"https:\\\/\\\/radiosul.net\\\/wp\\\/#organization\",\"name\":\"radiosul.net\",\"description\":\"Regional por Excel\\u00eancia\",\"url\":\"https:\\\/\\\/radiosul.net\\\/wp\\\/\"},{\"@type\":\"Person\",\"@id\":\"https:\\\/\\\/radiosul.net\\\/wp\\\/author\\\/alejo\\\/#author\",\"url\":\"https:\\\/\\\/radiosul.net\\\/wp\\\/author\\\/alejo\\\/\",\"name\":\"Alejo Bordon\",\"image\":{\"@type\":\"ImageObject\",\"@id\":\"https:\\\/\\\/radiosul.net\\\/wp\\\/2021\\\/sema-comemora-aniversario-com-acao-solidaria-nos-parques-zoologico-e-jardim-botanico\\\/#authorImage\",\"url\":\"https:\\\/\\\/secure.gravatar.com\\\/avatar\\\/b3a7e7f1c71212e6a5b7183b79a2ab58dad8bdc4cd4eadd61c4434d010d0bae4?s=96&d=mm&r=g\",\"width\":96,\"height\":96,\"caption\":\"Alejo Bordon\"}},{\"@type\":\"WebPage\",\"@id\":\"https:\\\/\\\/radiosul.net\\\/wp\\\/2021\\\/sema-comemora-aniversario-com-acao-solidaria-nos-parques-zoologico-e-jardim-botanico\\\/#webpage\",\"url\":\"https:\\\/\\\/radiosul.net\\\/wp\\\/2021\\\/sema-comemora-aniversario-com-acao-solidaria-nos-parques-zoologico-e-jardim-botanico\\\/\",\"name\":\"Sema comemora anivers\\u00e1rio com a\\u00e7\\u00e3o solid\\u00e1ria nos Parques Zool\\u00f3gico e Jardim Bot\\u00e2nico - radiosul.net\",\"description\":\"A iniciativa \\u00e9 uma parceria entre a Sema e Campanha do Agasalho A Secretaria do Meio Ambiente e Infraestrutura (Sema) promove, nesta quinta-feira (29), um dia de a\\u00e7\\u00e3o solid\\u00e1ria nos Parques Zool\\u00f3gico (ZOO), em Sapucaia do Sul, e Jardim Bot\\u00e2nico (JB), em Porto Alegre. No lugar do pagamento em dinheiro, o ingresso \\u00e9 a doa\\u00e7\\u00e3o\",\"inLanguage\":\"pt-BR\",\"isPartOf\":{\"@id\":\"https:\\\/\\\/radiosul.net\\\/wp\\\/#website\"},\"breadcrumb\":{\"@id\":\"https:\\\/\\\/radiosul.net\\\/wp\\\/2021\\\/sema-comemora-aniversario-com-acao-solidaria-nos-parques-zoologico-e-jardim-botanico\\\/#breadcrumblist\"},\"author\":{\"@id\":\"https:\\\/\\\/radiosul.net\\\/wp\\\/author\\\/alejo\\\/#author\"},\"creator\":{\"@id\":\"https:\\\/\\\/radiosul.net\\\/wp\\\/author\\\/alejo\\\/#author\"},\"image\":{\"@type\":\"ImageObject\",\"url\":\"https:\\\/\\\/radiosul.net\\\/wp\\\/wp-content\\\/uploads\\\/2021\\\/07\\\/29150106_78261_GD.jpeg\",\"@id\":\"https:\\\/\\\/radiosul.net\\\/wp\\\/2021\\\/sema-comemora-aniversario-com-acao-solidaria-nos-parques-zoologico-e-jardim-botanico\\\/#mainImage\",\"width\":800,\"height\":450,\"caption\":\"Foto: Priscila Val\\u00e9rio\"},\"primaryImageOfPage\":{\"@id\":\"https:\\\/\\\/radiosul.net\\\/wp\\\/2021\\\/sema-comemora-aniversario-com-acao-solidaria-nos-parques-zoologico-e-jardim-botanico\\\/#mainImage\"},\"datePublished\":\"2021-07-30T07:00:00-03:00\",\"dateModified\":\"2021-07-30T02:53:24-03:00\"},{\"@type\":\"WebSite\",\"@id\":\"https:\\\/\\\/radiosul.net\\\/wp\\\/#website\",\"url\":\"https:\\\/\\\/radiosul.net\\\/wp\\\/\",\"name\":\"radiosul.net\",\"description\":\"Regional por Excel\\u00eancia\",\"inLanguage\":\"pt-BR\",\"publisher\":{\"@id\":\"https:\\\/\\\/radiosul.net\\\/wp\\\/#organization\"}}]}\n\t\t<\/script>\n\t\t<!-- All in One SEO -->\n\n","aioseo_head_json":{"title":"Sema comemora anivers\u00e1rio com a\u00e7\u00e3o solid\u00e1ria nos Parques Zool\u00f3gico e Jardim Bot\u00e2nico - radiosul.net","description":"A iniciativa \u00e9 uma parceria entre a Sema e Campanha do Agasalho A Secretaria do Meio Ambiente e Infraestrutura (Sema) promove, nesta quinta-feira (29), um dia de a\u00e7\u00e3o solid\u00e1ria nos Parques Zool\u00f3gico (ZOO), em Sapucaia do Sul, e Jardim Bot\u00e2nico (JB), em Porto Alegre. No lugar do pagamento em dinheiro, o ingresso \u00e9 a doa\u00e7\u00e3o","canonical_url":"https:\/\/radiosul.net\/wp\/2021\/sema-comemora-aniversario-com-acao-solidaria-nos-parques-zoologico-e-jardim-botanico\/","robots":"max-image-preview:large","keywords":"","webmasterTools":{"miscellaneous":""},"schema":{"@context":"https:\/\/schema.org","@graph":[{"@type":"BlogPosting","@id":"https:\/\/radiosul.net\/wp\/2021\/sema-comemora-aniversario-com-acao-solidaria-nos-parques-zoologico-e-jardim-botanico\/#blogposting","name":"Sema comemora anivers\u00e1rio com a\u00e7\u00e3o solid\u00e1ria nos Parques Zool\u00f3gico e Jardim Bot\u00e2nico - radiosul.net","headline":"Sema comemora anivers\u00e1rio com a\u00e7\u00e3o solid\u00e1ria nos Parques Zool\u00f3gico e Jardim Bot\u00e2nico","author":{"@id":"https:\/\/radiosul.net\/wp\/author\/alejo\/#author"},"publisher":{"@id":"https:\/\/radiosul.net\/wp\/#organization"},"image":{"@type":"ImageObject","url":"https:\/\/radiosul.net\/wp\/wp-content\/uploads\/2021\/07\/29150106_78261_GD.jpeg","width":800,"height":450,"caption":"Foto: Priscila Val\u00e9rio"},"datePublished":"2021-07-30T07:00:00-03:00","dateModified":"2021-07-30T02:53:24-03:00","inLanguage":"pt-BR","mainEntityOfPage":{"@id":"https:\/\/radiosul.net\/wp\/2021\/sema-comemora-aniversario-com-acao-solidaria-nos-parques-zoologico-e-jardim-botanico\/#webpage"},"isPartOf":{"@id":"https:\/\/radiosul.net\/wp\/2021\/sema-comemora-aniversario-com-acao-solidaria-nos-parques-zoologico-e-jardim-botanico\/#webpage"},"articleSection":"Agroneg\u00f3cio, Destaque"},{"@type":"BreadcrumbList","@id":"https:\/\/radiosul.net\/wp\/2021\/sema-comemora-aniversario-com-acao-solidaria-nos-parques-zoologico-e-jardim-botanico\/#breadcrumblist","itemListElement":[{"@type":"ListItem","@id":"https:\/\/radiosul.net\/wp#listItem","position":1,"name":"Home","item":"https:\/\/radiosul.net\/wp","nextItem":{"@type":"ListItem","@id":"https:\/\/radiosul.net\/wp\/category\/agro\/#listItem","name":"Agroneg\u00f3cio"}},{"@type":"ListItem","@id":"https:\/\/radiosul.net\/wp\/category\/agro\/#listItem","position":2,"name":"Agroneg\u00f3cio","item":"https:\/\/radiosul.net\/wp\/category\/agro\/","nextItem":{"@type":"ListItem","@id":"https:\/\/radiosul.net\/wp\/2021\/sema-comemora-aniversario-com-acao-solidaria-nos-parques-zoologico-e-jardim-botanico\/#listItem","name":"Sema comemora anivers\u00e1rio com a\u00e7\u00e3o solid\u00e1ria nos Parques Zool\u00f3gico e Jardim Bot\u00e2nico"},"previousItem":{"@type":"ListItem","@id":"https:\/\/radiosul.net\/wp#listItem","name":"Home"}},{"@type":"ListItem","@id":"https:\/\/radiosul.net\/wp\/2021\/sema-comemora-aniversario-com-acao-solidaria-nos-parques-zoologico-e-jardim-botanico\/#listItem","position":3,"name":"Sema comemora anivers\u00e1rio com a\u00e7\u00e3o solid\u00e1ria nos Parques Zool\u00f3gico e Jardim Bot\u00e2nico","previousItem":{"@type":"ListItem","@id":"https:\/\/radiosul.net\/wp\/category\/agro\/#listItem","name":"Agroneg\u00f3cio"}}]},{"@type":"Organization","@id":"https:\/\/radiosul.net\/wp\/#organization","name":"radiosul.net","description":"Regional por Excel\u00eancia","url":"https:\/\/radiosul.net\/wp\/"},{"@type":"Person","@id":"https:\/\/radiosul.net\/wp\/author\/alejo\/#author","url":"https:\/\/radiosul.net\/wp\/author\/alejo\/","name":"Alejo Bordon","image":{"@type":"ImageObject","@id":"https:\/\/radiosul.net\/wp\/2021\/sema-comemora-aniversario-com-acao-solidaria-nos-parques-zoologico-e-jardim-botanico\/#authorImage","url":"https:\/\/secure.gravatar.com\/avatar\/b3a7e7f1c71212e6a5b7183b79a2ab58dad8bdc4cd4eadd61c4434d010d0bae4?s=96&d=mm&r=g","width":96,"height":96,"caption":"Alejo Bordon"}},{"@type":"WebPage","@id":"https:\/\/radiosul.net\/wp\/2021\/sema-comemora-aniversario-com-acao-solidaria-nos-parques-zoologico-e-jardim-botanico\/#webpage","url":"https:\/\/radiosul.net\/wp\/2021\/sema-comemora-aniversario-com-acao-solidaria-nos-parques-zoologico-e-jardim-botanico\/","name":"Sema comemora anivers\u00e1rio com a\u00e7\u00e3o solid\u00e1ria nos Parques Zool\u00f3gico e Jardim Bot\u00e2nico - radiosul.net","description":"A iniciativa \u00e9 uma parceria entre a Sema e Campanha do Agasalho A Secretaria do Meio Ambiente e Infraestrutura (Sema) promove, nesta quinta-feira (29), um dia de a\u00e7\u00e3o solid\u00e1ria nos Parques Zool\u00f3gico (ZOO), em Sapucaia do Sul, e Jardim Bot\u00e2nico (JB), em Porto Alegre. No lugar do pagamento em dinheiro, o ingresso \u00e9 a doa\u00e7\u00e3o","inLanguage":"pt-BR","isPartOf":{"@id":"https:\/\/radiosul.net\/wp\/#website"},"breadcrumb":{"@id":"https:\/\/radiosul.net\/wp\/2021\/sema-comemora-aniversario-com-acao-solidaria-nos-parques-zoologico-e-jardim-botanico\/#breadcrumblist"},"author":{"@id":"https:\/\/radiosul.net\/wp\/author\/alejo\/#author"},"creator":{"@id":"https:\/\/radiosul.net\/wp\/author\/alejo\/#author"},"image":{"@type":"ImageObject","url":"https:\/\/radiosul.net\/wp\/wp-content\/uploads\/2021\/07\/29150106_78261_GD.jpeg","@id":"https:\/\/radiosul.net\/wp\/2021\/sema-comemora-aniversario-com-acao-solidaria-nos-parques-zoologico-e-jardim-botanico\/#mainImage","width":800,"height":450,"caption":"Foto: Priscila Val\u00e9rio"},"primaryImageOfPage":{"@id":"https:\/\/radiosul.net\/wp\/2021\/sema-comemora-aniversario-com-acao-solidaria-nos-parques-zoologico-e-jardim-botanico\/#mainImage"},"datePublished":"2021-07-30T07:00:00-03:00","dateModified":"2021-07-30T02:53:24-03:00"},{"@type":"WebSite","@id":"https:\/\/radiosul.net\/wp\/#website","url":"https:\/\/radiosul.net\/wp\/","name":"radiosul.net","description":"Regional por Excel\u00eancia","inLanguage":"pt-BR","publisher":{"@id":"https:\/\/radiosul.net\/wp\/#organization"}}]},"og:locale":"pt_BR","og:site_name":"radiosul.net - Regional por Excel\u00eancia","og:type":"article","og:title":"Sema comemora anivers\u00e1rio com a\u00e7\u00e3o solid\u00e1ria nos Parques Zool\u00f3gico e Jardim Bot\u00e2nico - radiosul.net","og:description":"A iniciativa \u00e9 uma parceria entre a Sema e Campanha do Agasalho A Secretaria do Meio Ambiente e Infraestrutura (Sema) promove, nesta quinta-feira (29), um dia de a\u00e7\u00e3o solid\u00e1ria nos Parques Zool\u00f3gico (ZOO), em Sapucaia do Sul, e Jardim Bot\u00e2nico (JB), em Porto Alegre. No lugar do pagamento em dinheiro, o ingresso \u00e9 a doa\u00e7\u00e3o","og:url":"https:\/\/radiosul.net\/wp\/2021\/sema-comemora-aniversario-com-acao-solidaria-nos-parques-zoologico-e-jardim-botanico\/","article:published_time":"2021-07-30T10:00:00+00:00","article:modified_time":"2021-07-30T05:53:24+00:00","twitter:card":"summary_large_image","twitter:title":"Sema comemora anivers\u00e1rio com a\u00e7\u00e3o solid\u00e1ria nos Parques Zool\u00f3gico e Jardim Bot\u00e2nico - radiosul.net","twitter:description":"A iniciativa \u00e9 uma parceria entre a Sema e Campanha do Agasalho A Secretaria do Meio Ambiente e Infraestrutura (Sema) promove, nesta quinta-feira (29), um dia de a\u00e7\u00e3o solid\u00e1ria nos Parques Zool\u00f3gico (ZOO), em Sapucaia do Sul, e Jardim Bot\u00e2nico (JB), em Porto Alegre. No lugar do pagamento em dinheiro, o ingresso \u00e9 a doa\u00e7\u00e3o"},"aioseo_meta_data":{"post_id":"19673","title":null,"description":null,"keywords":null,"keyphrases":null,"primary_term":null,"canonical_url":null,"og_title":null,"og_description":null,"og_object_type":"default","og_image_type":"default","og_image_url":null,"og_image_width":null,"og_image_height":null,"og_image_custom_url":null,"og_image_custom_fields":null,"og_video":null,"og_custom_url":null,"og_article_section":null,"og_article_tags":null,"twitter_use_og":false,"twitter_card":"default","twitter_image_type":"default","twitter_image_url":null,"twitter_image_custom_url":null,"twitter_image_custom_fields":null,"twitter_title":null,"twitter_description":null,"schema":{"blockGraphs":[],"customGraphs":[],"default":{"data":{"Article":[],"Course":[],"Dataset":[],"FAQPage":[],"Movie":[],"Person":[],"Product":[],"ProductReview":[],"Car":[],"Recipe":[],"Service":[],"SoftwareApplication":[],"WebPage":[]},"graphName":"","isEnabled":true},"graphs":[]},"schema_type":"default","schema_type_options":null,"pillar_content":false,"robots_default":true,"robots_noindex":false,"robots_noarchive":false,"robots_nosnippet":false,"robots_nofollow":false,"robots_noimageindex":false,"robots_noodp":false,"robots_notranslate":false,"robots_max_snippet":null,"robots_max_videopreview":null,"robots_max_imagepreview":"large","priority":null,"frequency":null,"local_seo":null,"breadcrumb_settings":null,"limit_modified_date":false,"ai":null,"created":"2026-01-09 04:12:44","updated":"2026-01-09 04:12:44","seo_analyzer_scan_date":null,"focus_keyword":null,"additional_keywords":null,"truseo_locale":null},"aioseo_breadcrumb":"<div class=\"aioseo-breadcrumbs\"><span class=\"aioseo-breadcrumb\">\n\t\t\t<a href=\"https:\/\/radiosul.net\/wp\" title=\"Home\">Home<\/a>\n\t\t<\/span><span class=\"aioseo-breadcrumb-separator\">&raquo;<\/span><span class=\"aioseo-breadcrumb\">\n\t\t\t<a href=\"https:\/\/radiosul.net\/wp\/category\/agro\/\" title=\"Agroneg\u00f3cio\">Agroneg\u00f3cio<\/a>\n\t\t<\/span><span class=\"aioseo-breadcrumb-separator\">&raquo;<\/span><span class=\"aioseo-breadcrumb\">\n\t\t\tSema comemora anivers\u00e1rio com a\u00e7\u00e3o solid\u00e1ria nos Parques Zool\u00f3gico e Jardim Bot\u00e2nico\n\t\t<\/span><\/div>","aioseo_breadcrumb_json":[{"label":"Home","link":"https:\/\/radiosul.net\/wp"},{"label":"Agroneg\u00f3cio","link":"https:\/\/radiosul.net\/wp\/category\/agro\/"},{"label":"Sema comemora anivers\u00e1rio com a\u00e7\u00e3o solid\u00e1ria nos Parques Zool\u00f3gico e Jardim Bot\u00e2nico","link":"https:\/\/radiosul.net\/wp\/2021\/sema-comemora-aniversario-com-acao-solidaria-nos-parques-zoologico-e-jardim-botanico\/"}],"_links":{"self":[{"href":"https:\/\/radiosul.net\/wp\/wp-json\/wp\/v2\/posts\/19673","targetHints":{"allow":["GET"]}}],"collection":[{"href":"https:\/\/radiosul.net\/wp\/wp-json\/wp\/v2\/posts"}],"about":[{"href":"https:\/\/radiosul.net\/wp\/wp-json\/wp\/v2\/types\/post"}],"author":[{"embeddable":true,"href":"https:\/\/radiosul.net\/wp\/wp-json\/wp\/v2\/users\/9"}],"replies":[{"embeddable":true,"href":"https:\/\/radiosul.net\/wp\/wp-json\/wp\/v2\/comments?post=19673"}],"version-history":[{"count":1,"href":"https:\/\/radiosul.net\/wp\/wp-json\/wp\/v2\/posts\/19673\/revisions"}],"predecessor-version":[{"id":19683,"href":"https:\/\/radiosul.net\/wp\/wp-json\/wp\/v2\/posts\/19673\/revisions\/19683"}],"wp:featuredmedia":[{"embeddable":true,"href":"https:\/\/radiosul.net\/wp\/wp-json\/wp\/v2\/media\/19675"}],"wp:attachment":[{"href":"https:\/\/radiosul.net\/wp\/wp-json\/wp\/v2\/media?parent=19673"}],"wp:term":[{"taxonomy":"category","embeddable":true,"href":"https:\/\/radiosul.net\/wp\/wp-json\/wp\/v2\/categories?post=19673"},{"taxonomy":"post_tag","embeddable":true,"href":"https:\/\/radiosul.net\/wp\/wp-json\/wp\/v2\/tags?post=19673"}],"curies":[{"name":"wp","href":"https:\/\/api.w.org\/{rel}","templated":true}]}}