{"id":19103,"date":"2021-06-25T07:07:00","date_gmt":"2021-06-25T10:07:00","guid":{"rendered":"https:\/\/radiosul.net\/wp\/?p=19103"},"modified":"2021-06-25T00:31:23","modified_gmt":"2021-06-25T03:31:23","slug":"visita-a-parque-de-exposicoes-levanta-dados-para-estabelecimento-de-protocolos-sanitarios-para-expointer-2021","status":"publish","type":"post","link":"https:\/\/radiosul.net\/wp\/2021\/visita-a-parque-de-exposicoes-levanta-dados-para-estabelecimento-de-protocolos-sanitarios-para-expointer-2021\/","title":{"rendered":"Visita a Parque de Exposi\u00e7\u00f5es levanta dados para estabelecimento de protocolos sanit\u00e1rios para Expointer 2021"},"content":{"rendered":"\n<p class=\"wp-block-paragraph\">Uma equipe de t\u00e9cnicos do Centro Estadual de Vigil\u00e2ncia em Sa\u00fade (CEVS) esteve nesta quinta-feira (24) no Parque de Exposi\u00e7\u00f5es Assis Brasil para avaliar espa\u00e7os, procedimentos e pavilh\u00f5es administrados pelas copromotoras da Expointer. Os dados levantados ser\u00e3o utilizados para estabelecer protocolos sanit\u00e1rios espec\u00edficos para cada tipo de atividade que ocorre durante uma Expointer, como as exposi\u00e7\u00f5es e premia\u00e7\u00f5es dos animais, a disposi\u00e7\u00e3o de estandes e a circula\u00e7\u00e3o de pessoas no pavilh\u00e3o da Agricultura Familiar e o Parque de M\u00e1quinas.<\/p>\n\n\n\n<p class=\"wp-block-paragraph\">Al\u00e9m da Secretaria da Agricultura, Pecu\u00e1ria e Desenvolvimento Rural (SEAPDR), tamb\u00e9m acompanharam a visita representantes da Prefeitura de Esteio, Sistema Ocergs, Federa\u00e7\u00e3o da Agricultura do Rio Grande do Sul (Farsul), Federa\u00e7\u00e3o Brasileira das Associa\u00e7\u00f5es de Criadores de Animais de Ra\u00e7a (Febrac), Federa\u00e7\u00e3o dos Trabalhadores na Agricultura do Rio Grande do Sul (Fetag) e o Sindicato das Ind\u00fastrias de M\u00e1quinas e Implementos Agr\u00edcolas do Rio Grande do Sul (Simers).<\/p>\n\n\n\n<p class=\"wp-block-paragraph\">\u201cOs t\u00e9cnicos da Sa\u00fade est\u00e3o concluindo as diretrizes gerais dos protocolos de sa\u00fade a serem aplicados na Expointer 2021, e este acompanhamento de hoje foi para, <em>in loco<\/em> , em conjunto com cada copromotora, simularmos e planejarmos no detalhe cada atividade a ser realizada durante a feira&#8221;, detalha o subsecret\u00e1rio do Parque de Exposi\u00e7\u00f5es Assis Brasil, Gabriel Foga\u00e7a.<\/p>\n\n\n\n<p class=\"wp-block-paragraph\">De acordo com a especialista em sa\u00fade do CEVS Cintia Simoni, a Expointer \u00e9 o primeiro grande evento que a Sa\u00fade est\u00e1 analisando depois do in\u00edcio da pandemia de Covid-19. \u201cUsamos como refer\u00eancia regramentos da Organiza\u00e7\u00e3o Mundial da Sa\u00fade (OMS) e da pr\u00f3pria Anvisa para a realiza\u00e7\u00e3o de grandes eventos. Percebemos um compromisso e uma coopera\u00e7\u00e3o muito grande das copromotoras da Expointer\u201d, conta.<\/p>\n\n\n\n<p class=\"wp-block-paragraph\">Os protocolos de sa\u00fade ser\u00e3o conclu\u00eddos e publicados ap\u00f3s serem aprovados pela Comiss\u00e3o Executiva da Expointer. \u201cEsses protocolos n\u00e3o s\u00e3o apenas para restringir, mas tamb\u00e9m uma grande a\u00e7\u00e3o educativa para ensinar as pessoas a conviverem melhor com essa pandemia. Vamos utilizar a realiza\u00e7\u00e3o do evento para ser uma grande campanha de combate \u00e0 prolifera\u00e7\u00e3o do v\u00edrus\u201d, conclui Foga\u00e7a.<\/p>\n\n\n\n<p class=\"wp-block-paragraph\"><strong><em>Fonte: Secretaria da Agricultura, Pecu\u00e1ria e Desenvolvimento Rural<\/em><\/strong><\/p>\n","protected":false},"excerpt":{"rendered":"<p>Uma equipe de t\u00e9cnicos do Centro Estadual de Vigil\u00e2ncia em Sa\u00fade (CEVS) esteve nesta quinta-feira (24) no Parque de Exposi\u00e7\u00f5es Assis Brasil para avaliar espa\u00e7os, procedimentos e pavilh\u00f5es administrados pelas copromotoras da Expointer. Os dados levantados ser\u00e3o utilizados para estabelecer protocolos sanit\u00e1rios espec\u00edficos para cada tipo de atividade que ocorre durante uma Expointer, como as &hellip;<\/p>\n","protected":false},"author":9,"featured_media":19106,"comment_status":"closed","ping_status":"closed","sticky":false,"template":"","format":"standard","meta":{"_monsterinsights_skip_tracking":false,"_uf_show_specific_survey":0,"_uf_disable_surveys":false,"footnotes":""},"categories":[1,126],"tags":[],"class_list":["post-19103","post","type-post","status-publish","format-standard","has-post-thumbnail","hentry","category-agro","category-destacados"],"aioseo_notices":[],"aioseo_head":"\n\t\t<!-- All in One SEO 5.0.1.1 - aioseo.com -->\n\t<meta name=\"description\" content=\"Uma equipe de t\u00e9cnicos do Centro Estadual de Vigil\u00e2ncia em Sa\u00fade (CEVS) esteve nesta quinta-feira (24) no Parque de Exposi\u00e7\u00f5es Assis Brasil para avaliar espa\u00e7os, procedimentos e pavilh\u00f5es administrados pelas copromotoras da Expointer. Os dados levantados ser\u00e3o utilizados para estabelecer protocolos sanit\u00e1rios espec\u00edficos para cada tipo de atividade que ocorre durante uma Expointer, como as\" \/>\n\t<meta name=\"robots\" content=\"max-image-preview:large\" \/>\n\t<meta name=\"author\" content=\"Alejo Bordon\"\/>\n\t<link rel=\"canonical\" href=\"https:\/\/radiosul.net\/wp\/2021\/visita-a-parque-de-exposicoes-levanta-dados-para-estabelecimento-de-protocolos-sanitarios-para-expointer-2021\/\" \/>\n\t<meta name=\"generator\" content=\"All in One SEO (AIOSEO) 5.0.1.1\" \/>\n\t\t<meta property=\"og:locale\" content=\"pt_BR\" \/>\n\t\t<meta property=\"og:site_name\" content=\"radiosul.net - Regional por Excel\u00eancia\" \/>\n\t\t<meta property=\"og:type\" content=\"article\" \/>\n\t\t<meta property=\"og:title\" content=\"Visita a Parque de Exposi\u00e7\u00f5es levanta dados para estabelecimento de protocolos sanit\u00e1rios para Expointer 2021 - radiosul.net\" \/>\n\t\t<meta property=\"og:description\" content=\"Uma equipe de t\u00e9cnicos do Centro Estadual de Vigil\u00e2ncia em Sa\u00fade (CEVS) esteve nesta quinta-feira (24) no Parque de Exposi\u00e7\u00f5es Assis Brasil para avaliar espa\u00e7os, procedimentos e pavilh\u00f5es administrados pelas copromotoras da Expointer. Os dados levantados ser\u00e3o utilizados para estabelecer protocolos sanit\u00e1rios espec\u00edficos para cada tipo de atividade que ocorre durante uma Expointer, como as\" \/>\n\t\t<meta property=\"og:url\" content=\"https:\/\/radiosul.net\/wp\/2021\/visita-a-parque-de-exposicoes-levanta-dados-para-estabelecimento-de-protocolos-sanitarios-para-expointer-2021\/\" \/>\n\t\t<meta property=\"article:published_time\" content=\"2021-06-25T10:07:00+00:00\" \/>\n\t\t<meta property=\"article:modified_time\" content=\"2021-06-25T03:31:23+00:00\" \/>\n\t\t<meta name=\"twitter:card\" content=\"summary_large_image\" \/>\n\t\t<meta name=\"twitter:title\" content=\"Visita a Parque de Exposi\u00e7\u00f5es levanta dados para estabelecimento de protocolos sanit\u00e1rios para Expointer 2021 - radiosul.net\" \/>\n\t\t<meta name=\"twitter:description\" content=\"Uma equipe de t\u00e9cnicos do Centro Estadual de Vigil\u00e2ncia em Sa\u00fade (CEVS) esteve nesta quinta-feira (24) no Parque de Exposi\u00e7\u00f5es Assis Brasil para avaliar espa\u00e7os, procedimentos e pavilh\u00f5es administrados pelas copromotoras da Expointer. Os dados levantados ser\u00e3o utilizados para estabelecer protocolos sanit\u00e1rios espec\u00edficos para cada tipo de atividade que ocorre durante uma Expointer, como as\" \/>\n\t\t<script type=\"application\/ld+json\" class=\"aioseo-schema\">\n\t\t\t{\"@context\":\"https:\\\/\\\/schema.org\",\"@graph\":[{\"@type\":\"BlogPosting\",\"@id\":\"https:\\\/\\\/radiosul.net\\\/wp\\\/2021\\\/visita-a-parque-de-exposicoes-levanta-dados-para-estabelecimento-de-protocolos-sanitarios-para-expointer-2021\\\/#blogposting\",\"name\":\"Visita a Parque de Exposi\\u00e7\\u00f5es levanta dados para estabelecimento de protocolos sanit\\u00e1rios para Expointer 2021 - radiosul.net\",\"headline\":\"Visita a Parque de Exposi\\u00e7\\u00f5es levanta dados para estabelecimento de protocolos sanit\\u00e1rios para Expointer 2021\",\"author\":{\"@id\":\"https:\\\/\\\/radiosul.net\\\/wp\\\/author\\\/alejo\\\/#author\"},\"publisher\":{\"@id\":\"https:\\\/\\\/radiosul.net\\\/wp\\\/#organization\"},\"image\":{\"@type\":\"ImageObject\",\"url\":\"https:\\\/\\\/radiosul.net\\\/wp\\\/wp-content\\\/uploads\\\/2021\\\/06\\\/24161307_121645_GD.jpeg\",\"width\":800,\"height\":450,\"caption\":\"Foto: Fernando Dias\"},\"datePublished\":\"2021-06-25T07:07:00-03:00\",\"dateModified\":\"2021-06-25T00:31:23-03:00\",\"inLanguage\":\"pt-BR\",\"mainEntityOfPage\":{\"@id\":\"https:\\\/\\\/radiosul.net\\\/wp\\\/2021\\\/visita-a-parque-de-exposicoes-levanta-dados-para-estabelecimento-de-protocolos-sanitarios-para-expointer-2021\\\/#webpage\"},\"isPartOf\":{\"@id\":\"https:\\\/\\\/radiosul.net\\\/wp\\\/2021\\\/visita-a-parque-de-exposicoes-levanta-dados-para-estabelecimento-de-protocolos-sanitarios-para-expointer-2021\\\/#webpage\"},\"articleSection\":\"Agroneg\\u00f3cio, Destaque\"},{\"@type\":\"BreadcrumbList\",\"@id\":\"https:\\\/\\\/radiosul.net\\\/wp\\\/2021\\\/visita-a-parque-de-exposicoes-levanta-dados-para-estabelecimento-de-protocolos-sanitarios-para-expointer-2021\\\/#breadcrumblist\",\"itemListElement\":[{\"@type\":\"ListItem\",\"@id\":\"https:\\\/\\\/radiosul.net\\\/wp#listItem\",\"position\":1,\"name\":\"Home\",\"item\":\"https:\\\/\\\/radiosul.net\\\/wp\",\"nextItem\":{\"@type\":\"ListItem\",\"@id\":\"https:\\\/\\\/radiosul.net\\\/wp\\\/category\\\/agro\\\/#listItem\",\"name\":\"Agroneg\\u00f3cio\"}},{\"@type\":\"ListItem\",\"@id\":\"https:\\\/\\\/radiosul.net\\\/wp\\\/category\\\/agro\\\/#listItem\",\"position\":2,\"name\":\"Agroneg\\u00f3cio\",\"item\":\"https:\\\/\\\/radiosul.net\\\/wp\\\/category\\\/agro\\\/\",\"nextItem\":{\"@type\":\"ListItem\",\"@id\":\"https:\\\/\\\/radiosul.net\\\/wp\\\/2021\\\/visita-a-parque-de-exposicoes-levanta-dados-para-estabelecimento-de-protocolos-sanitarios-para-expointer-2021\\\/#listItem\",\"name\":\"Visita a Parque de Exposi\\u00e7\\u00f5es levanta dados para estabelecimento de protocolos sanit\\u00e1rios para Expointer 2021\"},\"previousItem\":{\"@type\":\"ListItem\",\"@id\":\"https:\\\/\\\/radiosul.net\\\/wp#listItem\",\"name\":\"Home\"}},{\"@type\":\"ListItem\",\"@id\":\"https:\\\/\\\/radiosul.net\\\/wp\\\/2021\\\/visita-a-parque-de-exposicoes-levanta-dados-para-estabelecimento-de-protocolos-sanitarios-para-expointer-2021\\\/#listItem\",\"position\":3,\"name\":\"Visita a Parque de Exposi\\u00e7\\u00f5es levanta dados para estabelecimento de protocolos sanit\\u00e1rios para Expointer 2021\",\"previousItem\":{\"@type\":\"ListItem\",\"@id\":\"https:\\\/\\\/radiosul.net\\\/wp\\\/category\\\/agro\\\/#listItem\",\"name\":\"Agroneg\\u00f3cio\"}}]},{\"@type\":\"Organization\",\"@id\":\"https:\\\/\\\/radiosul.net\\\/wp\\\/#organization\",\"name\":\"radiosul.net\",\"description\":\"Regional por Excel\\u00eancia\",\"url\":\"https:\\\/\\\/radiosul.net\\\/wp\\\/\"},{\"@type\":\"Person\",\"@id\":\"https:\\\/\\\/radiosul.net\\\/wp\\\/author\\\/alejo\\\/#author\",\"url\":\"https:\\\/\\\/radiosul.net\\\/wp\\\/author\\\/alejo\\\/\",\"name\":\"Alejo Bordon\",\"image\":{\"@type\":\"ImageObject\",\"@id\":\"https:\\\/\\\/radiosul.net\\\/wp\\\/2021\\\/visita-a-parque-de-exposicoes-levanta-dados-para-estabelecimento-de-protocolos-sanitarios-para-expointer-2021\\\/#authorImage\",\"url\":\"https:\\\/\\\/secure.gravatar.com\\\/avatar\\\/b3a7e7f1c71212e6a5b7183b79a2ab58dad8bdc4cd4eadd61c4434d010d0bae4?s=96&d=mm&r=g\",\"width\":96,\"height\":96,\"caption\":\"Alejo Bordon\"}},{\"@type\":\"WebPage\",\"@id\":\"https:\\\/\\\/radiosul.net\\\/wp\\\/2021\\\/visita-a-parque-de-exposicoes-levanta-dados-para-estabelecimento-de-protocolos-sanitarios-para-expointer-2021\\\/#webpage\",\"url\":\"https:\\\/\\\/radiosul.net\\\/wp\\\/2021\\\/visita-a-parque-de-exposicoes-levanta-dados-para-estabelecimento-de-protocolos-sanitarios-para-expointer-2021\\\/\",\"name\":\"Visita a Parque de Exposi\\u00e7\\u00f5es levanta dados para estabelecimento de protocolos sanit\\u00e1rios para Expointer 2021 - radiosul.net\",\"description\":\"Uma equipe de t\\u00e9cnicos do Centro Estadual de Vigil\\u00e2ncia em Sa\\u00fade (CEVS) esteve nesta quinta-feira (24) no Parque de Exposi\\u00e7\\u00f5es Assis Brasil para avaliar espa\\u00e7os, procedimentos e pavilh\\u00f5es administrados pelas copromotoras da Expointer. Os dados levantados ser\\u00e3o utilizados para estabelecer protocolos sanit\\u00e1rios espec\\u00edficos para cada tipo de atividade que ocorre durante uma Expointer, como as\",\"inLanguage\":\"pt-BR\",\"isPartOf\":{\"@id\":\"https:\\\/\\\/radiosul.net\\\/wp\\\/#website\"},\"breadcrumb\":{\"@id\":\"https:\\\/\\\/radiosul.net\\\/wp\\\/2021\\\/visita-a-parque-de-exposicoes-levanta-dados-para-estabelecimento-de-protocolos-sanitarios-para-expointer-2021\\\/#breadcrumblist\"},\"author\":{\"@id\":\"https:\\\/\\\/radiosul.net\\\/wp\\\/author\\\/alejo\\\/#author\"},\"creator\":{\"@id\":\"https:\\\/\\\/radiosul.net\\\/wp\\\/author\\\/alejo\\\/#author\"},\"image\":{\"@type\":\"ImageObject\",\"url\":\"https:\\\/\\\/radiosul.net\\\/wp\\\/wp-content\\\/uploads\\\/2021\\\/06\\\/24161307_121645_GD.jpeg\",\"@id\":\"https:\\\/\\\/radiosul.net\\\/wp\\\/2021\\\/visita-a-parque-de-exposicoes-levanta-dados-para-estabelecimento-de-protocolos-sanitarios-para-expointer-2021\\\/#mainImage\",\"width\":800,\"height\":450,\"caption\":\"Foto: Fernando Dias\"},\"primaryImageOfPage\":{\"@id\":\"https:\\\/\\\/radiosul.net\\\/wp\\\/2021\\\/visita-a-parque-de-exposicoes-levanta-dados-para-estabelecimento-de-protocolos-sanitarios-para-expointer-2021\\\/#mainImage\"},\"datePublished\":\"2021-06-25T07:07:00-03:00\",\"dateModified\":\"2021-06-25T00:31:23-03:00\"},{\"@type\":\"WebSite\",\"@id\":\"https:\\\/\\\/radiosul.net\\\/wp\\\/#website\",\"url\":\"https:\\\/\\\/radiosul.net\\\/wp\\\/\",\"name\":\"radiosul.net\",\"description\":\"Regional por Excel\\u00eancia\",\"inLanguage\":\"pt-BR\",\"publisher\":{\"@id\":\"https:\\\/\\\/radiosul.net\\\/wp\\\/#organization\"}}]}\n\t\t<\/script>\n\t\t<!-- All in One SEO -->\n\n","aioseo_head_json":{"title":"Visita a Parque de Exposi\u00e7\u00f5es levanta dados para estabelecimento de protocolos sanit\u00e1rios para Expointer 2021 - radiosul.net","description":"Uma equipe de t\u00e9cnicos do Centro Estadual de Vigil\u00e2ncia em Sa\u00fade (CEVS) esteve nesta quinta-feira (24) no Parque de Exposi\u00e7\u00f5es Assis Brasil para avaliar espa\u00e7os, procedimentos e pavilh\u00f5es administrados pelas copromotoras da Expointer. Os dados levantados ser\u00e3o utilizados para estabelecer protocolos sanit\u00e1rios espec\u00edficos para cada tipo de atividade que ocorre durante uma Expointer, como as","canonical_url":"https:\/\/radiosul.net\/wp\/2021\/visita-a-parque-de-exposicoes-levanta-dados-para-estabelecimento-de-protocolos-sanitarios-para-expointer-2021\/","robots":"max-image-preview:large","keywords":"","webmasterTools":{"miscellaneous":""},"schema":{"@context":"https:\/\/schema.org","@graph":[{"@type":"BlogPosting","@id":"https:\/\/radiosul.net\/wp\/2021\/visita-a-parque-de-exposicoes-levanta-dados-para-estabelecimento-de-protocolos-sanitarios-para-expointer-2021\/#blogposting","name":"Visita a Parque de Exposi\u00e7\u00f5es levanta dados para estabelecimento de protocolos sanit\u00e1rios para Expointer 2021 - radiosul.net","headline":"Visita a Parque de Exposi\u00e7\u00f5es levanta dados para estabelecimento de protocolos sanit\u00e1rios para Expointer 2021","author":{"@id":"https:\/\/radiosul.net\/wp\/author\/alejo\/#author"},"publisher":{"@id":"https:\/\/radiosul.net\/wp\/#organization"},"image":{"@type":"ImageObject","url":"https:\/\/radiosul.net\/wp\/wp-content\/uploads\/2021\/06\/24161307_121645_GD.jpeg","width":800,"height":450,"caption":"Foto: Fernando Dias"},"datePublished":"2021-06-25T07:07:00-03:00","dateModified":"2021-06-25T00:31:23-03:00","inLanguage":"pt-BR","mainEntityOfPage":{"@id":"https:\/\/radiosul.net\/wp\/2021\/visita-a-parque-de-exposicoes-levanta-dados-para-estabelecimento-de-protocolos-sanitarios-para-expointer-2021\/#webpage"},"isPartOf":{"@id":"https:\/\/radiosul.net\/wp\/2021\/visita-a-parque-de-exposicoes-levanta-dados-para-estabelecimento-de-protocolos-sanitarios-para-expointer-2021\/#webpage"},"articleSection":"Agroneg\u00f3cio, Destaque"},{"@type":"BreadcrumbList","@id":"https:\/\/radiosul.net\/wp\/2021\/visita-a-parque-de-exposicoes-levanta-dados-para-estabelecimento-de-protocolos-sanitarios-para-expointer-2021\/#breadcrumblist","itemListElement":[{"@type":"ListItem","@id":"https:\/\/radiosul.net\/wp#listItem","position":1,"name":"Home","item":"https:\/\/radiosul.net\/wp","nextItem":{"@type":"ListItem","@id":"https:\/\/radiosul.net\/wp\/category\/agro\/#listItem","name":"Agroneg\u00f3cio"}},{"@type":"ListItem","@id":"https:\/\/radiosul.net\/wp\/category\/agro\/#listItem","position":2,"name":"Agroneg\u00f3cio","item":"https:\/\/radiosul.net\/wp\/category\/agro\/","nextItem":{"@type":"ListItem","@id":"https:\/\/radiosul.net\/wp\/2021\/visita-a-parque-de-exposicoes-levanta-dados-para-estabelecimento-de-protocolos-sanitarios-para-expointer-2021\/#listItem","name":"Visita a Parque de Exposi\u00e7\u00f5es levanta dados para estabelecimento de protocolos sanit\u00e1rios para Expointer 2021"},"previousItem":{"@type":"ListItem","@id":"https:\/\/radiosul.net\/wp#listItem","name":"Home"}},{"@type":"ListItem","@id":"https:\/\/radiosul.net\/wp\/2021\/visita-a-parque-de-exposicoes-levanta-dados-para-estabelecimento-de-protocolos-sanitarios-para-expointer-2021\/#listItem","position":3,"name":"Visita a Parque de Exposi\u00e7\u00f5es levanta dados para estabelecimento de protocolos sanit\u00e1rios para Expointer 2021","previousItem":{"@type":"ListItem","@id":"https:\/\/radiosul.net\/wp\/category\/agro\/#listItem","name":"Agroneg\u00f3cio"}}]},{"@type":"Organization","@id":"https:\/\/radiosul.net\/wp\/#organization","name":"radiosul.net","description":"Regional por Excel\u00eancia","url":"https:\/\/radiosul.net\/wp\/"},{"@type":"Person","@id":"https:\/\/radiosul.net\/wp\/author\/alejo\/#author","url":"https:\/\/radiosul.net\/wp\/author\/alejo\/","name":"Alejo Bordon","image":{"@type":"ImageObject","@id":"https:\/\/radiosul.net\/wp\/2021\/visita-a-parque-de-exposicoes-levanta-dados-para-estabelecimento-de-protocolos-sanitarios-para-expointer-2021\/#authorImage","url":"https:\/\/secure.gravatar.com\/avatar\/b3a7e7f1c71212e6a5b7183b79a2ab58dad8bdc4cd4eadd61c4434d010d0bae4?s=96&d=mm&r=g","width":96,"height":96,"caption":"Alejo Bordon"}},{"@type":"WebPage","@id":"https:\/\/radiosul.net\/wp\/2021\/visita-a-parque-de-exposicoes-levanta-dados-para-estabelecimento-de-protocolos-sanitarios-para-expointer-2021\/#webpage","url":"https:\/\/radiosul.net\/wp\/2021\/visita-a-parque-de-exposicoes-levanta-dados-para-estabelecimento-de-protocolos-sanitarios-para-expointer-2021\/","name":"Visita a Parque de Exposi\u00e7\u00f5es levanta dados para estabelecimento de protocolos sanit\u00e1rios para Expointer 2021 - radiosul.net","description":"Uma equipe de t\u00e9cnicos do Centro Estadual de Vigil\u00e2ncia em Sa\u00fade (CEVS) esteve nesta quinta-feira (24) no Parque de Exposi\u00e7\u00f5es Assis Brasil para avaliar espa\u00e7os, procedimentos e pavilh\u00f5es administrados pelas copromotoras da Expointer. Os dados levantados ser\u00e3o utilizados para estabelecer protocolos sanit\u00e1rios espec\u00edficos para cada tipo de atividade que ocorre durante uma Expointer, como as","inLanguage":"pt-BR","isPartOf":{"@id":"https:\/\/radiosul.net\/wp\/#website"},"breadcrumb":{"@id":"https:\/\/radiosul.net\/wp\/2021\/visita-a-parque-de-exposicoes-levanta-dados-para-estabelecimento-de-protocolos-sanitarios-para-expointer-2021\/#breadcrumblist"},"author":{"@id":"https:\/\/radiosul.net\/wp\/author\/alejo\/#author"},"creator":{"@id":"https:\/\/radiosul.net\/wp\/author\/alejo\/#author"},"image":{"@type":"ImageObject","url":"https:\/\/radiosul.net\/wp\/wp-content\/uploads\/2021\/06\/24161307_121645_GD.jpeg","@id":"https:\/\/radiosul.net\/wp\/2021\/visita-a-parque-de-exposicoes-levanta-dados-para-estabelecimento-de-protocolos-sanitarios-para-expointer-2021\/#mainImage","width":800,"height":450,"caption":"Foto: Fernando Dias"},"primaryImageOfPage":{"@id":"https:\/\/radiosul.net\/wp\/2021\/visita-a-parque-de-exposicoes-levanta-dados-para-estabelecimento-de-protocolos-sanitarios-para-expointer-2021\/#mainImage"},"datePublished":"2021-06-25T07:07:00-03:00","dateModified":"2021-06-25T00:31:23-03:00"},{"@type":"WebSite","@id":"https:\/\/radiosul.net\/wp\/#website","url":"https:\/\/radiosul.net\/wp\/","name":"radiosul.net","description":"Regional por Excel\u00eancia","inLanguage":"pt-BR","publisher":{"@id":"https:\/\/radiosul.net\/wp\/#organization"}}]},"og:locale":"pt_BR","og:site_name":"radiosul.net - Regional por Excel\u00eancia","og:type":"article","og:title":"Visita a Parque de Exposi\u00e7\u00f5es levanta dados para estabelecimento de protocolos sanit\u00e1rios para Expointer 2021 - radiosul.net","og:description":"Uma equipe de t\u00e9cnicos do Centro Estadual de Vigil\u00e2ncia em Sa\u00fade (CEVS) esteve nesta quinta-feira (24) no Parque de Exposi\u00e7\u00f5es Assis Brasil para avaliar espa\u00e7os, procedimentos e pavilh\u00f5es administrados pelas copromotoras da Expointer. Os dados levantados ser\u00e3o utilizados para estabelecer protocolos sanit\u00e1rios espec\u00edficos para cada tipo de atividade que ocorre durante uma Expointer, como as","og:url":"https:\/\/radiosul.net\/wp\/2021\/visita-a-parque-de-exposicoes-levanta-dados-para-estabelecimento-de-protocolos-sanitarios-para-expointer-2021\/","article:published_time":"2021-06-25T10:07:00+00:00","article:modified_time":"2021-06-25T03:31:23+00:00","twitter:card":"summary_large_image","twitter:title":"Visita a Parque de Exposi\u00e7\u00f5es levanta dados para estabelecimento de protocolos sanit\u00e1rios para Expointer 2021 - radiosul.net","twitter:description":"Uma equipe de t\u00e9cnicos do Centro Estadual de Vigil\u00e2ncia em Sa\u00fade (CEVS) esteve nesta quinta-feira (24) no Parque de Exposi\u00e7\u00f5es Assis Brasil para avaliar espa\u00e7os, procedimentos e pavilh\u00f5es administrados pelas copromotoras da Expointer. Os dados levantados ser\u00e3o utilizados para estabelecer protocolos sanit\u00e1rios espec\u00edficos para cada tipo de atividade que ocorre durante uma Expointer, como as"},"aioseo_meta_data":{"post_id":"19103","title":null,"description":null,"keywords":null,"keyphrases":null,"primary_term":null,"canonical_url":null,"og_title":null,"og_description":null,"og_object_type":"default","og_image_type":"default","og_image_url":null,"og_image_width":null,"og_image_height":null,"og_image_custom_url":null,"og_image_custom_fields":null,"og_video":null,"og_custom_url":null,"og_article_section":null,"og_article_tags":null,"twitter_use_og":false,"twitter_card":"default","twitter_image_type":"default","twitter_image_url":null,"twitter_image_custom_url":null,"twitter_image_custom_fields":null,"twitter_title":null,"twitter_description":null,"schema":{"blockGraphs":[],"customGraphs":[],"default":{"data":{"Article":[],"Course":[],"Dataset":[],"FAQPage":[],"Movie":[],"Person":[],"Product":[],"ProductReview":[],"Car":[],"Recipe":[],"Service":[],"SoftwareApplication":[],"WebPage":[]},"graphName":"","isEnabled":true},"graphs":[]},"schema_type":"default","schema_type_options":null,"pillar_content":false,"robots_default":true,"robots_noindex":false,"robots_noarchive":false,"robots_nosnippet":false,"robots_nofollow":false,"robots_noimageindex":false,"robots_noodp":false,"robots_notranslate":false,"robots_max_snippet":null,"robots_max_videopreview":null,"robots_max_imagepreview":"large","priority":null,"frequency":null,"local_seo":null,"breadcrumb_settings":null,"limit_modified_date":false,"ai":null,"created":"2026-01-09 03:16:49","updated":"2026-01-09 03:16:49","seo_analyzer_scan_date":null,"focus_keyword":null,"additional_keywords":null,"truseo_locale":null},"aioseo_breadcrumb":"<div class=\"aioseo-breadcrumbs\"><span class=\"aioseo-breadcrumb\">\n\t\t\t<a href=\"https:\/\/radiosul.net\/wp\" title=\"Home\">Home<\/a>\n\t\t<\/span><span class=\"aioseo-breadcrumb-separator\">&raquo;<\/span><span class=\"aioseo-breadcrumb\">\n\t\t\t<a href=\"https:\/\/radiosul.net\/wp\/category\/agro\/\" title=\"Agroneg\u00f3cio\">Agroneg\u00f3cio<\/a>\n\t\t<\/span><span class=\"aioseo-breadcrumb-separator\">&raquo;<\/span><span class=\"aioseo-breadcrumb\">\n\t\t\tVisita a Parque de Exposi\u00e7\u00f5es levanta dados para estabelecimento de protocolos sanit\u00e1rios para Expointer 2021\n\t\t<\/span><\/div>","aioseo_breadcrumb_json":[{"label":"Home","link":"https:\/\/radiosul.net\/wp"},{"label":"Agroneg\u00f3cio","link":"https:\/\/radiosul.net\/wp\/category\/agro\/"},{"label":"Visita a Parque de Exposi\u00e7\u00f5es levanta dados para estabelecimento de protocolos sanit\u00e1rios para Expointer 2021","link":"https:\/\/radiosul.net\/wp\/2021\/visita-a-parque-de-exposicoes-levanta-dados-para-estabelecimento-de-protocolos-sanitarios-para-expointer-2021\/"}],"_links":{"self":[{"href":"https:\/\/radiosul.net\/wp\/wp-json\/wp\/v2\/posts\/19103","targetHints":{"allow":["GET"]}}],"collection":[{"href":"https:\/\/radiosul.net\/wp\/wp-json\/wp\/v2\/posts"}],"about":[{"href":"https:\/\/radiosul.net\/wp\/wp-json\/wp\/v2\/types\/post"}],"author":[{"embeddable":true,"href":"https:\/\/radiosul.net\/wp\/wp-json\/wp\/v2\/users\/9"}],"replies":[{"embeddable":true,"href":"https:\/\/radiosul.net\/wp\/wp-json\/wp\/v2\/comments?post=19103"}],"version-history":[{"count":1,"href":"https:\/\/radiosul.net\/wp\/wp-json\/wp\/v2\/posts\/19103\/revisions"}],"predecessor-version":[{"id":19110,"href":"https:\/\/radiosul.net\/wp\/wp-json\/wp\/v2\/posts\/19103\/revisions\/19110"}],"wp:featuredmedia":[{"embeddable":true,"href":"https:\/\/radiosul.net\/wp\/wp-json\/wp\/v2\/media\/19106"}],"wp:attachment":[{"href":"https:\/\/radiosul.net\/wp\/wp-json\/wp\/v2\/media?parent=19103"}],"wp:term":[{"taxonomy":"category","embeddable":true,"href":"https:\/\/radiosul.net\/wp\/wp-json\/wp\/v2\/categories?post=19103"},{"taxonomy":"post_tag","embeddable":true,"href":"https:\/\/radiosul.net\/wp\/wp-json\/wp\/v2\/tags?post=19103"}],"curies":[{"name":"wp","href":"https:\/\/api.w.org\/{rel}","templated":true}]}}