{"id":19091,"date":"2021-06-24T21:27:34","date_gmt":"2021-06-25T00:27:34","guid":{"rendered":"https:\/\/radiosul.net\/wp\/?p=19091"},"modified":"2021-06-24T21:27:36","modified_gmt":"2021-06-25T00:27:36","slug":"polos-de-cruz-alta-e-sao-sepe-da-faculdade-cna-estao-com-inscricoes-abertas","status":"publish","type":"post","link":"https:\/\/radiosul.net\/wp\/2021\/polos-de-cruz-alta-e-sao-sepe-da-faculdade-cna-estao-com-inscricoes-abertas\/","title":{"rendered":"P\u00f3los de Cruz Alta e S\u00e3o Sep\u00e9 da faculdade CNA est\u00e3o com inscri\u00e7\u00f5es abertas"},"content":{"rendered":"\n<p class=\"wp-block-paragraph\"><em>Institui\u00e7\u00e3o oferece quatro cursos de gradua\u00e7\u00e3o, na modalidade a dist\u00e2ncia, voltados para o agroneg\u00f3cio<\/em><\/p>\n\n\n\n<p class=\"wp-block-paragraph\">Est\u00e3o abertas as inscri\u00e7\u00f5es para o 2\u00ba Processo Seletivo para 2021 da Faculdade de Tecnologia CNA. Com sede em Bras\u00edlia, no Rio Grande do Sul, a institui\u00e7\u00e3o tem p\u00f3los em Cruz Alta e S\u00e3o Sep\u00e9. Os interessados podem se inscrever at\u00e9 o dia 23 de julho, no site da institui\u00e7\u00e3o (faculdade.cnabrasil.org.br). O edital com o regulamento est\u00e1 dispon\u00edvel no endere\u00e7o http:\/\/bit.ly\/selecaofcnars.<\/p>\n\n\n\n<p class=\"wp-block-paragraph\">Foram abertas 400 vagas para os cursos superiores em Tecnologia em Gest\u00e3o do Agroneg\u00f3cio, Gest\u00e3o Ambiental, Gest\u00e3o de Recursos Humanos e Processos Gerenciais, na modalidade a dist\u00e2ncia. As aulas come\u00e7am ainda no segundo semestre letivo de 2021. Os cursos t\u00eam dura\u00e7\u00e3o de dois anos, exceto Gest\u00e3o do Agroneg\u00f3cio, que dura tr\u00eas anos.<\/p>\n\n\n\n<p class=\"wp-block-paragraph\">Para se candidatar a uma vaga \u00e9 preciso ter conclu\u00eddo o Ensino M\u00e9dio ou Equivalente. No processo seletivo, o candidato pode optar pela realiza\u00e7\u00e3o de uma reda\u00e7\u00e3o pr\u00e9-agendada, a ser realizada on-line ou nos polos de Educa\u00e7\u00e3o a Dist\u00e2ncia; ou apresentar resultado do Exame Nacional do Ensino M\u00e9dio (Enem) com nota igual ou superior a 250 em cada prova, inclusive na reda\u00e7\u00e3o. Candidatos que j\u00e1 tiverem completado um curso de gradua\u00e7\u00e3o n\u00e3o precisam fazer sele\u00e7\u00e3o, s\u00f3 por an\u00e1lise documental.<\/p>\n\n\n\n<p class=\"wp-block-paragraph\">Os resultados dos processos seletivos ser\u00e3o divulgados por e-mail em data a ser informada. Os prazos para an\u00e1lise de documenta\u00e7\u00e3o nos demais ser\u00e3o divulgados no site da Faculdade CNA.<\/p>\n\n\n\n<p class=\"wp-block-paragraph\">Processo Seletivo da Faculdade CNA &#8211; Rio Grande do Sul:<br>Cursos oferecidos: Tecnologia em Gest\u00e3o do Agroneg\u00f3cio, Gest\u00e3o Ambiental, Gest\u00e3o de Recursos Humanos e Processos Gerenciais<br>Modalidade: forma\u00e7\u00e3o superior, a dist\u00e2ncia, com atividades nos polos de Cruz Alta e S\u00e3o Sep\u00e9<br>Inscri\u00e7\u00f5es: at\u00e9 23 de julho<\/p>\n\n\n\n<p class=\"wp-block-paragraph\"><a rel=\"noreferrer noopener\" href=\"http:\/\/www.faculdade.cnabrasil.org.br\/\" target=\"_blank\">Link para o site da Faculdade CNA<\/a><\/p>\n\n\n\n<p class=\"wp-block-paragraph\"><strong><em>Fonte: Imprensa Sistema Farsul<\/em><\/strong><\/p>\n","protected":false},"excerpt":{"rendered":"<p>Institui\u00e7\u00e3o oferece quatro cursos de gradua\u00e7\u00e3o, na modalidade a dist\u00e2ncia, voltados para o agroneg\u00f3cio Est\u00e3o abertas as inscri\u00e7\u00f5es para o 2\u00ba Processo Seletivo para 2021 da Faculdade de Tecnologia CNA. Com sede em Bras\u00edlia, no Rio Grande do Sul, a institui\u00e7\u00e3o tem p\u00f3los em Cruz Alta e S\u00e3o Sep\u00e9. Os interessados podem se inscrever at\u00e9 &hellip;<\/p>\n","protected":false},"author":9,"featured_media":19096,"comment_status":"closed","ping_status":"closed","sticky":false,"template":"","format":"standard","meta":{"_monsterinsights_skip_tracking":false,"_uf_show_specific_survey":0,"_uf_disable_surveys":false,"footnotes":""},"categories":[1,126],"tags":[],"class_list":["post-19091","post","type-post","status-publish","format-standard","has-post-thumbnail","hentry","category-agro","category-destacados"],"aioseo_notices":[],"aioseo_head":"\n\t\t<!-- All in One SEO 5.0.1.1 - aioseo.com -->\n\t<meta name=\"description\" content=\"Institui\u00e7\u00e3o oferece quatro cursos de gradua\u00e7\u00e3o, na modalidade a dist\u00e2ncia, voltados para o agroneg\u00f3cio Est\u00e3o abertas as inscri\u00e7\u00f5es para o 2\u00ba Processo Seletivo para 2021 da Faculdade de Tecnologia CNA. Com sede em Bras\u00edlia, no Rio Grande do Sul, a institui\u00e7\u00e3o tem p\u00f3los em Cruz Alta e S\u00e3o Sep\u00e9. Os interessados podem se inscrever at\u00e9\" \/>\n\t<meta name=\"robots\" content=\"max-image-preview:large\" \/>\n\t<meta name=\"author\" content=\"Alejo Bordon\"\/>\n\t<link rel=\"canonical\" href=\"https:\/\/radiosul.net\/wp\/2021\/polos-de-cruz-alta-e-sao-sepe-da-faculdade-cna-estao-com-inscricoes-abertas\/\" \/>\n\t<meta name=\"generator\" content=\"All in One SEO (AIOSEO) 5.0.1.1\" \/>\n\t\t<meta property=\"og:locale\" content=\"pt_BR\" \/>\n\t\t<meta property=\"og:site_name\" content=\"radiosul.net - Regional por Excel\u00eancia\" \/>\n\t\t<meta property=\"og:type\" content=\"article\" \/>\n\t\t<meta property=\"og:title\" content=\"P\u00f3los de Cruz Alta e S\u00e3o Sep\u00e9 da faculdade CNA est\u00e3o com inscri\u00e7\u00f5es abertas - radiosul.net\" \/>\n\t\t<meta property=\"og:description\" content=\"Institui\u00e7\u00e3o oferece quatro cursos de gradua\u00e7\u00e3o, na modalidade a dist\u00e2ncia, voltados para o agroneg\u00f3cio Est\u00e3o abertas as inscri\u00e7\u00f5es para o 2\u00ba Processo Seletivo para 2021 da Faculdade de Tecnologia CNA. Com sede em Bras\u00edlia, no Rio Grande do Sul, a institui\u00e7\u00e3o tem p\u00f3los em Cruz Alta e S\u00e3o Sep\u00e9. Os interessados podem se inscrever at\u00e9\" \/>\n\t\t<meta property=\"og:url\" content=\"https:\/\/radiosul.net\/wp\/2021\/polos-de-cruz-alta-e-sao-sepe-da-faculdade-cna-estao-com-inscricoes-abertas\/\" \/>\n\t\t<meta property=\"article:published_time\" content=\"2021-06-25T00:27:34+00:00\" \/>\n\t\t<meta property=\"article:modified_time\" content=\"2021-06-25T00:27:36+00:00\" \/>\n\t\t<meta name=\"twitter:card\" content=\"summary_large_image\" \/>\n\t\t<meta name=\"twitter:title\" content=\"P\u00f3los de Cruz Alta e S\u00e3o Sep\u00e9 da faculdade CNA est\u00e3o com inscri\u00e7\u00f5es abertas - radiosul.net\" \/>\n\t\t<meta name=\"twitter:description\" content=\"Institui\u00e7\u00e3o oferece quatro cursos de gradua\u00e7\u00e3o, na modalidade a dist\u00e2ncia, voltados para o agroneg\u00f3cio Est\u00e3o abertas as inscri\u00e7\u00f5es para o 2\u00ba Processo Seletivo para 2021 da Faculdade de Tecnologia CNA. Com sede em Bras\u00edlia, no Rio Grande do Sul, a institui\u00e7\u00e3o tem p\u00f3los em Cruz Alta e S\u00e3o Sep\u00e9. Os interessados podem se inscrever at\u00e9\" \/>\n\t\t<script type=\"application\/ld+json\" class=\"aioseo-schema\">\n\t\t\t{\"@context\":\"https:\\\/\\\/schema.org\",\"@graph\":[{\"@type\":\"BlogPosting\",\"@id\":\"https:\\\/\\\/radiosul.net\\\/wp\\\/2021\\\/polos-de-cruz-alta-e-sao-sepe-da-faculdade-cna-estao-com-inscricoes-abertas\\\/#blogposting\",\"name\":\"P\\u00f3los de Cruz Alta e S\\u00e3o Sep\\u00e9 da faculdade CNA est\\u00e3o com inscri\\u00e7\\u00f5es abertas - radiosul.net\",\"headline\":\"P\\u00f3los de Cruz Alta e S\\u00e3o Sep\\u00e9 da faculdade CNA est\\u00e3o com inscri\\u00e7\\u00f5es abertas\",\"author\":{\"@id\":\"https:\\\/\\\/radiosul.net\\\/wp\\\/author\\\/alejo\\\/#author\"},\"publisher\":{\"@id\":\"https:\\\/\\\/radiosul.net\\\/wp\\\/#organization\"},\"image\":{\"@type\":\"ImageObject\",\"url\":\"https:\\\/\\\/radiosul.net\\\/wp\\\/wp-content\\\/uploads\\\/2021\\\/06\\\/Sem-Titulo-2-2.jpg\",\"width\":600,\"height\":360},\"datePublished\":\"2021-06-24T21:27:34-03:00\",\"dateModified\":\"2021-06-24T21:27:36-03:00\",\"inLanguage\":\"pt-BR\",\"mainEntityOfPage\":{\"@id\":\"https:\\\/\\\/radiosul.net\\\/wp\\\/2021\\\/polos-de-cruz-alta-e-sao-sepe-da-faculdade-cna-estao-com-inscricoes-abertas\\\/#webpage\"},\"isPartOf\":{\"@id\":\"https:\\\/\\\/radiosul.net\\\/wp\\\/2021\\\/polos-de-cruz-alta-e-sao-sepe-da-faculdade-cna-estao-com-inscricoes-abertas\\\/#webpage\"},\"articleSection\":\"Agroneg\\u00f3cio, Destaque\"},{\"@type\":\"BreadcrumbList\",\"@id\":\"https:\\\/\\\/radiosul.net\\\/wp\\\/2021\\\/polos-de-cruz-alta-e-sao-sepe-da-faculdade-cna-estao-com-inscricoes-abertas\\\/#breadcrumblist\",\"itemListElement\":[{\"@type\":\"ListItem\",\"@id\":\"https:\\\/\\\/radiosul.net\\\/wp#listItem\",\"position\":1,\"name\":\"Home\",\"item\":\"https:\\\/\\\/radiosul.net\\\/wp\",\"nextItem\":{\"@type\":\"ListItem\",\"@id\":\"https:\\\/\\\/radiosul.net\\\/wp\\\/category\\\/agro\\\/#listItem\",\"name\":\"Agroneg\\u00f3cio\"}},{\"@type\":\"ListItem\",\"@id\":\"https:\\\/\\\/radiosul.net\\\/wp\\\/category\\\/agro\\\/#listItem\",\"position\":2,\"name\":\"Agroneg\\u00f3cio\",\"item\":\"https:\\\/\\\/radiosul.net\\\/wp\\\/category\\\/agro\\\/\",\"nextItem\":{\"@type\":\"ListItem\",\"@id\":\"https:\\\/\\\/radiosul.net\\\/wp\\\/2021\\\/polos-de-cruz-alta-e-sao-sepe-da-faculdade-cna-estao-com-inscricoes-abertas\\\/#listItem\",\"name\":\"P\\u00f3los de Cruz Alta e S\\u00e3o Sep\\u00e9 da faculdade CNA est\\u00e3o com inscri\\u00e7\\u00f5es abertas\"},\"previousItem\":{\"@type\":\"ListItem\",\"@id\":\"https:\\\/\\\/radiosul.net\\\/wp#listItem\",\"name\":\"Home\"}},{\"@type\":\"ListItem\",\"@id\":\"https:\\\/\\\/radiosul.net\\\/wp\\\/2021\\\/polos-de-cruz-alta-e-sao-sepe-da-faculdade-cna-estao-com-inscricoes-abertas\\\/#listItem\",\"position\":3,\"name\":\"P\\u00f3los de Cruz Alta e S\\u00e3o Sep\\u00e9 da faculdade CNA est\\u00e3o com inscri\\u00e7\\u00f5es abertas\",\"previousItem\":{\"@type\":\"ListItem\",\"@id\":\"https:\\\/\\\/radiosul.net\\\/wp\\\/category\\\/agro\\\/#listItem\",\"name\":\"Agroneg\\u00f3cio\"}}]},{\"@type\":\"Organization\",\"@id\":\"https:\\\/\\\/radiosul.net\\\/wp\\\/#organization\",\"name\":\"radiosul.net\",\"description\":\"Regional por Excel\\u00eancia\",\"url\":\"https:\\\/\\\/radiosul.net\\\/wp\\\/\"},{\"@type\":\"Person\",\"@id\":\"https:\\\/\\\/radiosul.net\\\/wp\\\/author\\\/alejo\\\/#author\",\"url\":\"https:\\\/\\\/radiosul.net\\\/wp\\\/author\\\/alejo\\\/\",\"name\":\"Alejo Bordon\",\"image\":{\"@type\":\"ImageObject\",\"@id\":\"https:\\\/\\\/radiosul.net\\\/wp\\\/2021\\\/polos-de-cruz-alta-e-sao-sepe-da-faculdade-cna-estao-com-inscricoes-abertas\\\/#authorImage\",\"url\":\"https:\\\/\\\/secure.gravatar.com\\\/avatar\\\/b3a7e7f1c71212e6a5b7183b79a2ab58dad8bdc4cd4eadd61c4434d010d0bae4?s=96&d=mm&r=g\",\"width\":96,\"height\":96,\"caption\":\"Alejo Bordon\"}},{\"@type\":\"WebPage\",\"@id\":\"https:\\\/\\\/radiosul.net\\\/wp\\\/2021\\\/polos-de-cruz-alta-e-sao-sepe-da-faculdade-cna-estao-com-inscricoes-abertas\\\/#webpage\",\"url\":\"https:\\\/\\\/radiosul.net\\\/wp\\\/2021\\\/polos-de-cruz-alta-e-sao-sepe-da-faculdade-cna-estao-com-inscricoes-abertas\\\/\",\"name\":\"P\\u00f3los de Cruz Alta e S\\u00e3o Sep\\u00e9 da faculdade CNA est\\u00e3o com inscri\\u00e7\\u00f5es abertas - radiosul.net\",\"description\":\"Institui\\u00e7\\u00e3o oferece quatro cursos de gradua\\u00e7\\u00e3o, na modalidade a dist\\u00e2ncia, voltados para o agroneg\\u00f3cio Est\\u00e3o abertas as inscri\\u00e7\\u00f5es para o 2\\u00ba Processo Seletivo para 2021 da Faculdade de Tecnologia CNA. Com sede em Bras\\u00edlia, no Rio Grande do Sul, a institui\\u00e7\\u00e3o tem p\\u00f3los em Cruz Alta e S\\u00e3o Sep\\u00e9. Os interessados podem se inscrever at\\u00e9\",\"inLanguage\":\"pt-BR\",\"isPartOf\":{\"@id\":\"https:\\\/\\\/radiosul.net\\\/wp\\\/#website\"},\"breadcrumb\":{\"@id\":\"https:\\\/\\\/radiosul.net\\\/wp\\\/2021\\\/polos-de-cruz-alta-e-sao-sepe-da-faculdade-cna-estao-com-inscricoes-abertas\\\/#breadcrumblist\"},\"author\":{\"@id\":\"https:\\\/\\\/radiosul.net\\\/wp\\\/author\\\/alejo\\\/#author\"},\"creator\":{\"@id\":\"https:\\\/\\\/radiosul.net\\\/wp\\\/author\\\/alejo\\\/#author\"},\"image\":{\"@type\":\"ImageObject\",\"url\":\"https:\\\/\\\/radiosul.net\\\/wp\\\/wp-content\\\/uploads\\\/2021\\\/06\\\/Sem-Titulo-2-2.jpg\",\"@id\":\"https:\\\/\\\/radiosul.net\\\/wp\\\/2021\\\/polos-de-cruz-alta-e-sao-sepe-da-faculdade-cna-estao-com-inscricoes-abertas\\\/#mainImage\",\"width\":600,\"height\":360},\"primaryImageOfPage\":{\"@id\":\"https:\\\/\\\/radiosul.net\\\/wp\\\/2021\\\/polos-de-cruz-alta-e-sao-sepe-da-faculdade-cna-estao-com-inscricoes-abertas\\\/#mainImage\"},\"datePublished\":\"2021-06-24T21:27:34-03:00\",\"dateModified\":\"2021-06-24T21:27:36-03:00\"},{\"@type\":\"WebSite\",\"@id\":\"https:\\\/\\\/radiosul.net\\\/wp\\\/#website\",\"url\":\"https:\\\/\\\/radiosul.net\\\/wp\\\/\",\"name\":\"radiosul.net\",\"description\":\"Regional por Excel\\u00eancia\",\"inLanguage\":\"pt-BR\",\"publisher\":{\"@id\":\"https:\\\/\\\/radiosul.net\\\/wp\\\/#organization\"}}]}\n\t\t<\/script>\n\t\t<!-- All in One SEO -->\n\n","aioseo_head_json":{"title":"P\u00f3los de Cruz Alta e S\u00e3o Sep\u00e9 da faculdade CNA est\u00e3o com inscri\u00e7\u00f5es abertas - radiosul.net","description":"Institui\u00e7\u00e3o oferece quatro cursos de gradua\u00e7\u00e3o, na modalidade a dist\u00e2ncia, voltados para o agroneg\u00f3cio Est\u00e3o abertas as inscri\u00e7\u00f5es para o 2\u00ba Processo Seletivo para 2021 da Faculdade de Tecnologia CNA. Com sede em Bras\u00edlia, no Rio Grande do Sul, a institui\u00e7\u00e3o tem p\u00f3los em Cruz Alta e S\u00e3o Sep\u00e9. Os interessados podem se inscrever at\u00e9","canonical_url":"https:\/\/radiosul.net\/wp\/2021\/polos-de-cruz-alta-e-sao-sepe-da-faculdade-cna-estao-com-inscricoes-abertas\/","robots":"max-image-preview:large","keywords":"","webmasterTools":{"miscellaneous":""},"schema":{"@context":"https:\/\/schema.org","@graph":[{"@type":"BlogPosting","@id":"https:\/\/radiosul.net\/wp\/2021\/polos-de-cruz-alta-e-sao-sepe-da-faculdade-cna-estao-com-inscricoes-abertas\/#blogposting","name":"P\u00f3los de Cruz Alta e S\u00e3o Sep\u00e9 da faculdade CNA est\u00e3o com inscri\u00e7\u00f5es abertas - radiosul.net","headline":"P\u00f3los de Cruz Alta e S\u00e3o Sep\u00e9 da faculdade CNA est\u00e3o com inscri\u00e7\u00f5es abertas","author":{"@id":"https:\/\/radiosul.net\/wp\/author\/alejo\/#author"},"publisher":{"@id":"https:\/\/radiosul.net\/wp\/#organization"},"image":{"@type":"ImageObject","url":"https:\/\/radiosul.net\/wp\/wp-content\/uploads\/2021\/06\/Sem-Titulo-2-2.jpg","width":600,"height":360},"datePublished":"2021-06-24T21:27:34-03:00","dateModified":"2021-06-24T21:27:36-03:00","inLanguage":"pt-BR","mainEntityOfPage":{"@id":"https:\/\/radiosul.net\/wp\/2021\/polos-de-cruz-alta-e-sao-sepe-da-faculdade-cna-estao-com-inscricoes-abertas\/#webpage"},"isPartOf":{"@id":"https:\/\/radiosul.net\/wp\/2021\/polos-de-cruz-alta-e-sao-sepe-da-faculdade-cna-estao-com-inscricoes-abertas\/#webpage"},"articleSection":"Agroneg\u00f3cio, Destaque"},{"@type":"BreadcrumbList","@id":"https:\/\/radiosul.net\/wp\/2021\/polos-de-cruz-alta-e-sao-sepe-da-faculdade-cna-estao-com-inscricoes-abertas\/#breadcrumblist","itemListElement":[{"@type":"ListItem","@id":"https:\/\/radiosul.net\/wp#listItem","position":1,"name":"Home","item":"https:\/\/radiosul.net\/wp","nextItem":{"@type":"ListItem","@id":"https:\/\/radiosul.net\/wp\/category\/agro\/#listItem","name":"Agroneg\u00f3cio"}},{"@type":"ListItem","@id":"https:\/\/radiosul.net\/wp\/category\/agro\/#listItem","position":2,"name":"Agroneg\u00f3cio","item":"https:\/\/radiosul.net\/wp\/category\/agro\/","nextItem":{"@type":"ListItem","@id":"https:\/\/radiosul.net\/wp\/2021\/polos-de-cruz-alta-e-sao-sepe-da-faculdade-cna-estao-com-inscricoes-abertas\/#listItem","name":"P\u00f3los de Cruz Alta e S\u00e3o Sep\u00e9 da faculdade CNA est\u00e3o com inscri\u00e7\u00f5es abertas"},"previousItem":{"@type":"ListItem","@id":"https:\/\/radiosul.net\/wp#listItem","name":"Home"}},{"@type":"ListItem","@id":"https:\/\/radiosul.net\/wp\/2021\/polos-de-cruz-alta-e-sao-sepe-da-faculdade-cna-estao-com-inscricoes-abertas\/#listItem","position":3,"name":"P\u00f3los de Cruz Alta e S\u00e3o Sep\u00e9 da faculdade CNA est\u00e3o com inscri\u00e7\u00f5es abertas","previousItem":{"@type":"ListItem","@id":"https:\/\/radiosul.net\/wp\/category\/agro\/#listItem","name":"Agroneg\u00f3cio"}}]},{"@type":"Organization","@id":"https:\/\/radiosul.net\/wp\/#organization","name":"radiosul.net","description":"Regional por Excel\u00eancia","url":"https:\/\/radiosul.net\/wp\/"},{"@type":"Person","@id":"https:\/\/radiosul.net\/wp\/author\/alejo\/#author","url":"https:\/\/radiosul.net\/wp\/author\/alejo\/","name":"Alejo Bordon","image":{"@type":"ImageObject","@id":"https:\/\/radiosul.net\/wp\/2021\/polos-de-cruz-alta-e-sao-sepe-da-faculdade-cna-estao-com-inscricoes-abertas\/#authorImage","url":"https:\/\/secure.gravatar.com\/avatar\/b3a7e7f1c71212e6a5b7183b79a2ab58dad8bdc4cd4eadd61c4434d010d0bae4?s=96&d=mm&r=g","width":96,"height":96,"caption":"Alejo Bordon"}},{"@type":"WebPage","@id":"https:\/\/radiosul.net\/wp\/2021\/polos-de-cruz-alta-e-sao-sepe-da-faculdade-cna-estao-com-inscricoes-abertas\/#webpage","url":"https:\/\/radiosul.net\/wp\/2021\/polos-de-cruz-alta-e-sao-sepe-da-faculdade-cna-estao-com-inscricoes-abertas\/","name":"P\u00f3los de Cruz Alta e S\u00e3o Sep\u00e9 da faculdade CNA est\u00e3o com inscri\u00e7\u00f5es abertas - radiosul.net","description":"Institui\u00e7\u00e3o oferece quatro cursos de gradua\u00e7\u00e3o, na modalidade a dist\u00e2ncia, voltados para o agroneg\u00f3cio Est\u00e3o abertas as inscri\u00e7\u00f5es para o 2\u00ba Processo Seletivo para 2021 da Faculdade de Tecnologia CNA. Com sede em Bras\u00edlia, no Rio Grande do Sul, a institui\u00e7\u00e3o tem p\u00f3los em Cruz Alta e S\u00e3o Sep\u00e9. Os interessados podem se inscrever at\u00e9","inLanguage":"pt-BR","isPartOf":{"@id":"https:\/\/radiosul.net\/wp\/#website"},"breadcrumb":{"@id":"https:\/\/radiosul.net\/wp\/2021\/polos-de-cruz-alta-e-sao-sepe-da-faculdade-cna-estao-com-inscricoes-abertas\/#breadcrumblist"},"author":{"@id":"https:\/\/radiosul.net\/wp\/author\/alejo\/#author"},"creator":{"@id":"https:\/\/radiosul.net\/wp\/author\/alejo\/#author"},"image":{"@type":"ImageObject","url":"https:\/\/radiosul.net\/wp\/wp-content\/uploads\/2021\/06\/Sem-Titulo-2-2.jpg","@id":"https:\/\/radiosul.net\/wp\/2021\/polos-de-cruz-alta-e-sao-sepe-da-faculdade-cna-estao-com-inscricoes-abertas\/#mainImage","width":600,"height":360},"primaryImageOfPage":{"@id":"https:\/\/radiosul.net\/wp\/2021\/polos-de-cruz-alta-e-sao-sepe-da-faculdade-cna-estao-com-inscricoes-abertas\/#mainImage"},"datePublished":"2021-06-24T21:27:34-03:00","dateModified":"2021-06-24T21:27:36-03:00"},{"@type":"WebSite","@id":"https:\/\/radiosul.net\/wp\/#website","url":"https:\/\/radiosul.net\/wp\/","name":"radiosul.net","description":"Regional por Excel\u00eancia","inLanguage":"pt-BR","publisher":{"@id":"https:\/\/radiosul.net\/wp\/#organization"}}]},"og:locale":"pt_BR","og:site_name":"radiosul.net - Regional por Excel\u00eancia","og:type":"article","og:title":"P\u00f3los de Cruz Alta e S\u00e3o Sep\u00e9 da faculdade CNA est\u00e3o com inscri\u00e7\u00f5es abertas - radiosul.net","og:description":"Institui\u00e7\u00e3o oferece quatro cursos de gradua\u00e7\u00e3o, na modalidade a dist\u00e2ncia, voltados para o agroneg\u00f3cio Est\u00e3o abertas as inscri\u00e7\u00f5es para o 2\u00ba Processo Seletivo para 2021 da Faculdade de Tecnologia CNA. Com sede em Bras\u00edlia, no Rio Grande do Sul, a institui\u00e7\u00e3o tem p\u00f3los em Cruz Alta e S\u00e3o Sep\u00e9. Os interessados podem se inscrever at\u00e9","og:url":"https:\/\/radiosul.net\/wp\/2021\/polos-de-cruz-alta-e-sao-sepe-da-faculdade-cna-estao-com-inscricoes-abertas\/","article:published_time":"2021-06-25T00:27:34+00:00","article:modified_time":"2021-06-25T00:27:36+00:00","twitter:card":"summary_large_image","twitter:title":"P\u00f3los de Cruz Alta e S\u00e3o Sep\u00e9 da faculdade CNA est\u00e3o com inscri\u00e7\u00f5es abertas - radiosul.net","twitter:description":"Institui\u00e7\u00e3o oferece quatro cursos de gradua\u00e7\u00e3o, na modalidade a dist\u00e2ncia, voltados para o agroneg\u00f3cio Est\u00e3o abertas as inscri\u00e7\u00f5es para o 2\u00ba Processo Seletivo para 2021 da Faculdade de Tecnologia CNA. Com sede em Bras\u00edlia, no Rio Grande do Sul, a institui\u00e7\u00e3o tem p\u00f3los em Cruz Alta e S\u00e3o Sep\u00e9. Os interessados podem se inscrever at\u00e9"},"aioseo_meta_data":{"post_id":"19091","title":null,"description":null,"keywords":null,"keyphrases":null,"primary_term":null,"canonical_url":null,"og_title":null,"og_description":null,"og_object_type":"default","og_image_type":"default","og_image_url":null,"og_image_width":null,"og_image_height":null,"og_image_custom_url":null,"og_image_custom_fields":null,"og_video":null,"og_custom_url":null,"og_article_section":null,"og_article_tags":null,"twitter_use_og":false,"twitter_card":"default","twitter_image_type":"default","twitter_image_url":null,"twitter_image_custom_url":null,"twitter_image_custom_fields":null,"twitter_title":null,"twitter_description":null,"schema":{"blockGraphs":[],"customGraphs":[],"default":{"data":{"Article":[],"Course":[],"Dataset":[],"FAQPage":[],"Movie":[],"Person":[],"Product":[],"ProductReview":[],"Car":[],"Recipe":[],"Service":[],"SoftwareApplication":[],"WebPage":[]},"graphName":"","isEnabled":true},"graphs":[]},"schema_type":"default","schema_type_options":null,"pillar_content":false,"robots_default":true,"robots_noindex":false,"robots_noarchive":false,"robots_nosnippet":false,"robots_nofollow":false,"robots_noimageindex":false,"robots_noodp":false,"robots_notranslate":false,"robots_max_snippet":null,"robots_max_videopreview":null,"robots_max_imagepreview":"large","priority":null,"frequency":null,"local_seo":null,"breadcrumb_settings":null,"limit_modified_date":false,"ai":null,"created":"2026-01-09 03:10:19","updated":"2026-01-09 03:10:19","seo_analyzer_scan_date":null,"focus_keyword":null,"additional_keywords":null,"truseo_locale":null},"aioseo_breadcrumb":"<div class=\"aioseo-breadcrumbs\"><span class=\"aioseo-breadcrumb\">\n\t\t\t<a href=\"https:\/\/radiosul.net\/wp\" title=\"Home\">Home<\/a>\n\t\t<\/span><span class=\"aioseo-breadcrumb-separator\">&raquo;<\/span><span class=\"aioseo-breadcrumb\">\n\t\t\t<a href=\"https:\/\/radiosul.net\/wp\/category\/agro\/\" title=\"Agroneg\u00f3cio\">Agroneg\u00f3cio<\/a>\n\t\t<\/span><span class=\"aioseo-breadcrumb-separator\">&raquo;<\/span><span class=\"aioseo-breadcrumb\">\n\t\t\tP\u00f3los de Cruz Alta e S\u00e3o Sep\u00e9 da faculdade CNA est\u00e3o com inscri\u00e7\u00f5es abertas\n\t\t<\/span><\/div>","aioseo_breadcrumb_json":[{"label":"Home","link":"https:\/\/radiosul.net\/wp"},{"label":"Agroneg\u00f3cio","link":"https:\/\/radiosul.net\/wp\/category\/agro\/"},{"label":"P\u00f3los de Cruz Alta e S\u00e3o Sep\u00e9 da faculdade CNA est\u00e3o com inscri\u00e7\u00f5es abertas","link":"https:\/\/radiosul.net\/wp\/2021\/polos-de-cruz-alta-e-sao-sepe-da-faculdade-cna-estao-com-inscricoes-abertas\/"}],"_links":{"self":[{"href":"https:\/\/radiosul.net\/wp\/wp-json\/wp\/v2\/posts\/19091","targetHints":{"allow":["GET"]}}],"collection":[{"href":"https:\/\/radiosul.net\/wp\/wp-json\/wp\/v2\/posts"}],"about":[{"href":"https:\/\/radiosul.net\/wp\/wp-json\/wp\/v2\/types\/post"}],"author":[{"embeddable":true,"href":"https:\/\/radiosul.net\/wp\/wp-json\/wp\/v2\/users\/9"}],"replies":[{"embeddable":true,"href":"https:\/\/radiosul.net\/wp\/wp-json\/wp\/v2\/comments?post=19091"}],"version-history":[{"count":1,"href":"https:\/\/radiosul.net\/wp\/wp-json\/wp\/v2\/posts\/19091\/revisions"}],"predecessor-version":[{"id":19097,"href":"https:\/\/radiosul.net\/wp\/wp-json\/wp\/v2\/posts\/19091\/revisions\/19097"}],"wp:featuredmedia":[{"embeddable":true,"href":"https:\/\/radiosul.net\/wp\/wp-json\/wp\/v2\/media\/19096"}],"wp:attachment":[{"href":"https:\/\/radiosul.net\/wp\/wp-json\/wp\/v2\/media?parent=19091"}],"wp:term":[{"taxonomy":"category","embeddable":true,"href":"https:\/\/radiosul.net\/wp\/wp-json\/wp\/v2\/categories?post=19091"},{"taxonomy":"post_tag","embeddable":true,"href":"https:\/\/radiosul.net\/wp\/wp-json\/wp\/v2\/tags?post=19091"}],"curies":[{"name":"wp","href":"https:\/\/api.w.org\/{rel}","templated":true}]}}