{"id":18915,"date":"2021-06-14T20:37:36","date_gmt":"2021-06-14T23:37:36","guid":{"rendered":"https:\/\/radiosul.net\/wp\/?p=18915"},"modified":"2021-06-14T20:37:38","modified_gmt":"2021-06-14T23:37:38","slug":"carne-hereford-amplia-equipe-e-apresenta-novos-projetos-para-o-crescimento-da-certificacao","status":"publish","type":"post","link":"https:\/\/radiosul.net\/wp\/2021\/carne-hereford-amplia-equipe-e-apresenta-novos-projetos-para-o-crescimento-da-certificacao\/","title":{"rendered":"Carne Hereford amplia equipe e apresenta novos projetos para o crescimento da certifica\u00e7\u00e3o"},"content":{"rendered":"\n<p class=\"wp-block-paragraph\">Com o intuito de dar continuidade \u00e0s a\u00e7\u00f5es, mantendo o v\u00ednculo com os produtores e ind\u00fastrias frigor\u00edficas, a Carne Certificada Hereford aumentou seu time de profissionais. Sob o comando da nova diretoria da ABHB, e condu\u00e7\u00e3o do diretor, Eduardo Eichenberg, o setor ganhou refor\u00e7os e j\u00e1 planeja novos projetos para alavancar ainda mais o crescimento da carne no pa\u00eds. &nbsp; De acordo com Eichenberg, a mudan\u00e7a visa estreitar o la\u00e7o entre produtores, ind\u00fastria e carne. \u201cNosso objetivo agora \u00e9 dar seguimento \u00e0s a\u00e7\u00f5es que j\u00e1 estavam sendo realizadas, buscando principalmente alinhar e fortalecer o trabalho com nossos parceiros atuais e aproximar nossa atua\u00e7\u00e3o junto ao consumidor final. Al\u00e9m disso, desenvolveremos estrat\u00e9gias de marketing com os frigor\u00edficos para ampliarmos a visibilidade da Carne Hereford, refor\u00e7ando a sua posi\u00e7\u00e3o como um produto diferenciado dentro do rol de carnes de qualidade j\u00e1 existentes no pa\u00eds\u201d. &nbsp; O diretor destaca ainda as metas para a abertura de novas frentes produtivas. \u201cJ\u00e1 planejamos tamb\u00e9m a busca por novos parceiros, principalmente de fora do estado do Rio Grande do Sul, para atender, cada vez mais, essa crescente demanda, tanto do mercado consumidor, como dos produtores de todo o Brasil\u201d. &nbsp; Entre os novos integrantes est\u00e1 o gerente de opera\u00e7\u00f5es da Associa\u00e7\u00e3o Brasileira de Hereford e Braford (ABHB), Felipe Azambuja, que atuar\u00e1 tamb\u00e9m como gerente da Carne Hereford. Azambuja \u00e9 formado em administra\u00e7\u00e3o pela Universidade da Regi\u00e3o da Campanha (Urcamp) e integra a equipe da ABHB h\u00e1 mais de dez anos. &nbsp; Os refor\u00e7os se completam com o m\u00e9dico veterin\u00e1rio Raoni Lopes. Formado pela Universidade da Regi\u00e3o da Campanha (Urcamp), Lopes atuou como Coordenador da Plataforma de Gest\u00e3o da Certifica\u00e7\u00e3o, na ABHB, entre os anos de 2015 e 2018, e retorna \u00e0 entidade, assumindo o cargo de coordenador t\u00e9cnico da Carne Hereford. &nbsp; \u201cUm time que ir\u00e1 acrescentar muito para a Carne Hereford. Felipe j\u00e1 atua como gerente de opera\u00e7\u00f5es da ABHB e conta com uma ampla experi\u00eancia em diversas \u00e1reas e a\u00e7\u00f5es realizadas pela Associa\u00e7\u00e3o. Raoni havia trabalhado conosco dentro do programa de carne e retorna \u00e0 ABHB, ficando respons\u00e1vel pela parte operacional das ind\u00fastrias\u201d, relatou Eichenberg. &nbsp; <strong>Atualiza\u00e7\u00e3o Carne Hereford<\/strong> &nbsp; E o trabalho j\u00e1 come\u00e7ou a ser desenvolvido. Na \u00faltima quinta-feira, dia 10 de junho, aconteceu, de forma presencial e virtual, a atualiza\u00e7\u00e3o de certifica\u00e7\u00e3o 2021 da Carne Hereford. A atividade buscou qualificar a equipe de certificadores e padronizar os procedimentos de todas as unidades industriais parceiras da ABHB. &nbsp; Na ocasi\u00e3o foi apresentada a nova diretoria da ABHB, do tri\u00eanio 2021-2024, e a nova ger\u00eancia da Carne Hereford. Tamb\u00e9m estiveram em pauta, a padroniza\u00e7\u00e3o dos processos de certifica\u00e7\u00e3o, as inova\u00e7\u00f5es dentro da Carne Hereford, os protocolos de ades\u00e3o volunt\u00e1ria de rastreabilidade da CNA, o padr\u00e3o racial e o crescimento das ra\u00e7as Hereford e Braford. &nbsp; Participaram do treinamento o presidente da ABHB, Eduardo Soares, o gerente de opera\u00e7\u00f5es da ABHB e da Carne Hereford, Felipe Azambuja, o coordenador t\u00e9cnico da Carne Hereford, Raoni Lopes, e o inspetor t\u00e9cnico da ABHB, Miguel Ferreira. &nbsp; \u201cFoi uma atualiza\u00e7\u00e3o muito importante, em que tivemos a oportunidade de trocar conhecimentos, sanar d\u00favidas e trabalhar em novas ideias, sempre em busca de manter a qualidade na produ\u00e7\u00e3o dos cortes da Carne Hereford\u201d, pontua Azambuja. &nbsp; O evento tamb\u00e9m contou com a participa\u00e7\u00e3o da supervisora de unidade, Anita Caino, e dos certificadores, Emeli Almeida, Andreia Ferrari e Lais Rangel, do Frigor\u00edfico Silva; Ana Laura Pereira, do Frigor\u00edfico Novicarnes; e Mauricio Marangoni, do Frigor\u00edfico Verdi.<\/p>\n\n\n\n<p class=\"wp-block-paragraph\"><strong><em>Fonte: ABHB<\/em><\/strong><\/p>\n","protected":false},"excerpt":{"rendered":"<p>Com o intuito de dar continuidade \u00e0s a\u00e7\u00f5es, mantendo o v\u00ednculo com os produtores e ind\u00fastrias frigor\u00edficas, a Carne Certificada Hereford aumentou seu time de profissionais. Sob o comando da nova diretoria da ABHB, e condu\u00e7\u00e3o do diretor, Eduardo Eichenberg, o setor ganhou refor\u00e7os e j\u00e1 planeja novos projetos para alavancar ainda mais o crescimento &hellip;<\/p>\n","protected":false},"author":9,"featured_media":18919,"comment_status":"closed","ping_status":"closed","sticky":false,"template":"","format":"standard","meta":{"_monsterinsights_skip_tracking":false,"_uf_show_specific_survey":0,"_uf_disable_surveys":false,"footnotes":""},"categories":[1,126],"tags":[],"class_list":["post-18915","post","type-post","status-publish","format-standard","has-post-thumbnail","hentry","category-agro","category-destacados"],"aioseo_notices":[],"aioseo_head":"\n\t\t<!-- All in One SEO 5.0.1.1 - aioseo.com -->\n\t<meta name=\"description\" content=\"Com o intuito de dar continuidade \u00e0s a\u00e7\u00f5es, mantendo o v\u00ednculo com os produtores e ind\u00fastrias frigor\u00edficas, a Carne Certificada Hereford aumentou seu time de profissionais. Sob o comando da nova diretoria da ABHB, e condu\u00e7\u00e3o do diretor, Eduardo Eichenberg, o setor ganhou refor\u00e7os e j\u00e1 planeja novos projetos para alavancar ainda mais o crescimento\" \/>\n\t<meta name=\"robots\" content=\"max-image-preview:large\" \/>\n\t<meta name=\"author\" content=\"Alejo Bordon\"\/>\n\t<link rel=\"canonical\" href=\"https:\/\/radiosul.net\/wp\/2021\/carne-hereford-amplia-equipe-e-apresenta-novos-projetos-para-o-crescimento-da-certificacao\/\" \/>\n\t<meta name=\"generator\" content=\"All in One SEO (AIOSEO) 5.0.1.1\" \/>\n\t\t<meta property=\"og:locale\" content=\"pt_BR\" \/>\n\t\t<meta property=\"og:site_name\" content=\"radiosul.net - Regional por Excel\u00eancia\" \/>\n\t\t<meta property=\"og:type\" content=\"article\" \/>\n\t\t<meta property=\"og:title\" content=\"Carne Hereford amplia equipe e apresenta novos projetos para o crescimento da certifica\u00e7\u00e3o - radiosul.net\" \/>\n\t\t<meta property=\"og:description\" content=\"Com o intuito de dar continuidade \u00e0s a\u00e7\u00f5es, mantendo o v\u00ednculo com os produtores e ind\u00fastrias frigor\u00edficas, a Carne Certificada Hereford aumentou seu time de profissionais. Sob o comando da nova diretoria da ABHB, e condu\u00e7\u00e3o do diretor, Eduardo Eichenberg, o setor ganhou refor\u00e7os e j\u00e1 planeja novos projetos para alavancar ainda mais o crescimento\" \/>\n\t\t<meta property=\"og:url\" content=\"https:\/\/radiosul.net\/wp\/2021\/carne-hereford-amplia-equipe-e-apresenta-novos-projetos-para-o-crescimento-da-certificacao\/\" \/>\n\t\t<meta property=\"article:published_time\" content=\"2021-06-14T23:37:36+00:00\" \/>\n\t\t<meta property=\"article:modified_time\" content=\"2021-06-14T23:37:38+00:00\" \/>\n\t\t<meta name=\"twitter:card\" content=\"summary_large_image\" \/>\n\t\t<meta name=\"twitter:title\" content=\"Carne Hereford amplia equipe e apresenta novos projetos para o crescimento da certifica\u00e7\u00e3o - radiosul.net\" \/>\n\t\t<meta name=\"twitter:description\" content=\"Com o intuito de dar continuidade \u00e0s a\u00e7\u00f5es, mantendo o v\u00ednculo com os produtores e ind\u00fastrias frigor\u00edficas, a Carne Certificada Hereford aumentou seu time de profissionais. Sob o comando da nova diretoria da ABHB, e condu\u00e7\u00e3o do diretor, Eduardo Eichenberg, o setor ganhou refor\u00e7os e j\u00e1 planeja novos projetos para alavancar ainda mais o crescimento\" \/>\n\t\t<script type=\"application\/ld+json\" class=\"aioseo-schema\">\n\t\t\t{\"@context\":\"https:\\\/\\\/schema.org\",\"@graph\":[{\"@type\":\"BlogPosting\",\"@id\":\"https:\\\/\\\/radiosul.net\\\/wp\\\/2021\\\/carne-hereford-amplia-equipe-e-apresenta-novos-projetos-para-o-crescimento-da-certificacao\\\/#blogposting\",\"name\":\"Carne Hereford amplia equipe e apresenta novos projetos para o crescimento da certifica\\u00e7\\u00e3o - radiosul.net\",\"headline\":\"Carne Hereford amplia equipe e apresenta novos projetos para o crescimento da certifica\\u00e7\\u00e3o\",\"author\":{\"@id\":\"https:\\\/\\\/radiosul.net\\\/wp\\\/author\\\/alejo\\\/#author\"},\"publisher\":{\"@id\":\"https:\\\/\\\/radiosul.net\\\/wp\\\/#organization\"},\"image\":{\"@type\":\"ImageObject\",\"url\":\"https:\\\/\\\/radiosul.net\\\/wp\\\/wp-content\\\/uploads\\\/2021\\\/06\\\/1623705815458.jpg\",\"width\":654,\"height\":437,\"caption\":\"Foto: Fernanda Duarte e Grace Gadotti\"},\"datePublished\":\"2021-06-14T20:37:36-03:00\",\"dateModified\":\"2021-06-14T20:37:38-03:00\",\"inLanguage\":\"pt-BR\",\"mainEntityOfPage\":{\"@id\":\"https:\\\/\\\/radiosul.net\\\/wp\\\/2021\\\/carne-hereford-amplia-equipe-e-apresenta-novos-projetos-para-o-crescimento-da-certificacao\\\/#webpage\"},\"isPartOf\":{\"@id\":\"https:\\\/\\\/radiosul.net\\\/wp\\\/2021\\\/carne-hereford-amplia-equipe-e-apresenta-novos-projetos-para-o-crescimento-da-certificacao\\\/#webpage\"},\"articleSection\":\"Agroneg\\u00f3cio, Destaque\"},{\"@type\":\"BreadcrumbList\",\"@id\":\"https:\\\/\\\/radiosul.net\\\/wp\\\/2021\\\/carne-hereford-amplia-equipe-e-apresenta-novos-projetos-para-o-crescimento-da-certificacao\\\/#breadcrumblist\",\"itemListElement\":[{\"@type\":\"ListItem\",\"@id\":\"https:\\\/\\\/radiosul.net\\\/wp#listItem\",\"position\":1,\"name\":\"Home\",\"item\":\"https:\\\/\\\/radiosul.net\\\/wp\",\"nextItem\":{\"@type\":\"ListItem\",\"@id\":\"https:\\\/\\\/radiosul.net\\\/wp\\\/category\\\/agro\\\/#listItem\",\"name\":\"Agroneg\\u00f3cio\"}},{\"@type\":\"ListItem\",\"@id\":\"https:\\\/\\\/radiosul.net\\\/wp\\\/category\\\/agro\\\/#listItem\",\"position\":2,\"name\":\"Agroneg\\u00f3cio\",\"item\":\"https:\\\/\\\/radiosul.net\\\/wp\\\/category\\\/agro\\\/\",\"nextItem\":{\"@type\":\"ListItem\",\"@id\":\"https:\\\/\\\/radiosul.net\\\/wp\\\/2021\\\/carne-hereford-amplia-equipe-e-apresenta-novos-projetos-para-o-crescimento-da-certificacao\\\/#listItem\",\"name\":\"Carne Hereford amplia equipe e apresenta novos projetos para o crescimento da certifica\\u00e7\\u00e3o\"},\"previousItem\":{\"@type\":\"ListItem\",\"@id\":\"https:\\\/\\\/radiosul.net\\\/wp#listItem\",\"name\":\"Home\"}},{\"@type\":\"ListItem\",\"@id\":\"https:\\\/\\\/radiosul.net\\\/wp\\\/2021\\\/carne-hereford-amplia-equipe-e-apresenta-novos-projetos-para-o-crescimento-da-certificacao\\\/#listItem\",\"position\":3,\"name\":\"Carne Hereford amplia equipe e apresenta novos projetos para o crescimento da certifica\\u00e7\\u00e3o\",\"previousItem\":{\"@type\":\"ListItem\",\"@id\":\"https:\\\/\\\/radiosul.net\\\/wp\\\/category\\\/agro\\\/#listItem\",\"name\":\"Agroneg\\u00f3cio\"}}]},{\"@type\":\"Organization\",\"@id\":\"https:\\\/\\\/radiosul.net\\\/wp\\\/#organization\",\"name\":\"radiosul.net\",\"description\":\"Regional por Excel\\u00eancia\",\"url\":\"https:\\\/\\\/radiosul.net\\\/wp\\\/\"},{\"@type\":\"Person\",\"@id\":\"https:\\\/\\\/radiosul.net\\\/wp\\\/author\\\/alejo\\\/#author\",\"url\":\"https:\\\/\\\/radiosul.net\\\/wp\\\/author\\\/alejo\\\/\",\"name\":\"Alejo Bordon\",\"image\":{\"@type\":\"ImageObject\",\"@id\":\"https:\\\/\\\/radiosul.net\\\/wp\\\/2021\\\/carne-hereford-amplia-equipe-e-apresenta-novos-projetos-para-o-crescimento-da-certificacao\\\/#authorImage\",\"url\":\"https:\\\/\\\/secure.gravatar.com\\\/avatar\\\/b3a7e7f1c71212e6a5b7183b79a2ab58dad8bdc4cd4eadd61c4434d010d0bae4?s=96&d=mm&r=g\",\"width\":96,\"height\":96,\"caption\":\"Alejo Bordon\"}},{\"@type\":\"WebPage\",\"@id\":\"https:\\\/\\\/radiosul.net\\\/wp\\\/2021\\\/carne-hereford-amplia-equipe-e-apresenta-novos-projetos-para-o-crescimento-da-certificacao\\\/#webpage\",\"url\":\"https:\\\/\\\/radiosul.net\\\/wp\\\/2021\\\/carne-hereford-amplia-equipe-e-apresenta-novos-projetos-para-o-crescimento-da-certificacao\\\/\",\"name\":\"Carne Hereford amplia equipe e apresenta novos projetos para o crescimento da certifica\\u00e7\\u00e3o - radiosul.net\",\"description\":\"Com o intuito de dar continuidade \\u00e0s a\\u00e7\\u00f5es, mantendo o v\\u00ednculo com os produtores e ind\\u00fastrias frigor\\u00edficas, a Carne Certificada Hereford aumentou seu time de profissionais. Sob o comando da nova diretoria da ABHB, e condu\\u00e7\\u00e3o do diretor, Eduardo Eichenberg, o setor ganhou refor\\u00e7os e j\\u00e1 planeja novos projetos para alavancar ainda mais o crescimento\",\"inLanguage\":\"pt-BR\",\"isPartOf\":{\"@id\":\"https:\\\/\\\/radiosul.net\\\/wp\\\/#website\"},\"breadcrumb\":{\"@id\":\"https:\\\/\\\/radiosul.net\\\/wp\\\/2021\\\/carne-hereford-amplia-equipe-e-apresenta-novos-projetos-para-o-crescimento-da-certificacao\\\/#breadcrumblist\"},\"author\":{\"@id\":\"https:\\\/\\\/radiosul.net\\\/wp\\\/author\\\/alejo\\\/#author\"},\"creator\":{\"@id\":\"https:\\\/\\\/radiosul.net\\\/wp\\\/author\\\/alejo\\\/#author\"},\"image\":{\"@type\":\"ImageObject\",\"url\":\"https:\\\/\\\/radiosul.net\\\/wp\\\/wp-content\\\/uploads\\\/2021\\\/06\\\/1623705815458.jpg\",\"@id\":\"https:\\\/\\\/radiosul.net\\\/wp\\\/2021\\\/carne-hereford-amplia-equipe-e-apresenta-novos-projetos-para-o-crescimento-da-certificacao\\\/#mainImage\",\"width\":654,\"height\":437,\"caption\":\"Foto: Fernanda Duarte e Grace Gadotti\"},\"primaryImageOfPage\":{\"@id\":\"https:\\\/\\\/radiosul.net\\\/wp\\\/2021\\\/carne-hereford-amplia-equipe-e-apresenta-novos-projetos-para-o-crescimento-da-certificacao\\\/#mainImage\"},\"datePublished\":\"2021-06-14T20:37:36-03:00\",\"dateModified\":\"2021-06-14T20:37:38-03:00\"},{\"@type\":\"WebSite\",\"@id\":\"https:\\\/\\\/radiosul.net\\\/wp\\\/#website\",\"url\":\"https:\\\/\\\/radiosul.net\\\/wp\\\/\",\"name\":\"radiosul.net\",\"description\":\"Regional por Excel\\u00eancia\",\"inLanguage\":\"pt-BR\",\"publisher\":{\"@id\":\"https:\\\/\\\/radiosul.net\\\/wp\\\/#organization\"}}]}\n\t\t<\/script>\n\t\t<!-- All in One SEO -->\n\n","aioseo_head_json":{"title":"Carne Hereford amplia equipe e apresenta novos projetos para o crescimento da certifica\u00e7\u00e3o - radiosul.net","description":"Com o intuito de dar continuidade \u00e0s a\u00e7\u00f5es, mantendo o v\u00ednculo com os produtores e ind\u00fastrias frigor\u00edficas, a Carne Certificada Hereford aumentou seu time de profissionais. Sob o comando da nova diretoria da ABHB, e condu\u00e7\u00e3o do diretor, Eduardo Eichenberg, o setor ganhou refor\u00e7os e j\u00e1 planeja novos projetos para alavancar ainda mais o crescimento","canonical_url":"https:\/\/radiosul.net\/wp\/2021\/carne-hereford-amplia-equipe-e-apresenta-novos-projetos-para-o-crescimento-da-certificacao\/","robots":"max-image-preview:large","keywords":"","webmasterTools":{"miscellaneous":""},"schema":{"@context":"https:\/\/schema.org","@graph":[{"@type":"BlogPosting","@id":"https:\/\/radiosul.net\/wp\/2021\/carne-hereford-amplia-equipe-e-apresenta-novos-projetos-para-o-crescimento-da-certificacao\/#blogposting","name":"Carne Hereford amplia equipe e apresenta novos projetos para o crescimento da certifica\u00e7\u00e3o - radiosul.net","headline":"Carne Hereford amplia equipe e apresenta novos projetos para o crescimento da certifica\u00e7\u00e3o","author":{"@id":"https:\/\/radiosul.net\/wp\/author\/alejo\/#author"},"publisher":{"@id":"https:\/\/radiosul.net\/wp\/#organization"},"image":{"@type":"ImageObject","url":"https:\/\/radiosul.net\/wp\/wp-content\/uploads\/2021\/06\/1623705815458.jpg","width":654,"height":437,"caption":"Foto: Fernanda Duarte e Grace Gadotti"},"datePublished":"2021-06-14T20:37:36-03:00","dateModified":"2021-06-14T20:37:38-03:00","inLanguage":"pt-BR","mainEntityOfPage":{"@id":"https:\/\/radiosul.net\/wp\/2021\/carne-hereford-amplia-equipe-e-apresenta-novos-projetos-para-o-crescimento-da-certificacao\/#webpage"},"isPartOf":{"@id":"https:\/\/radiosul.net\/wp\/2021\/carne-hereford-amplia-equipe-e-apresenta-novos-projetos-para-o-crescimento-da-certificacao\/#webpage"},"articleSection":"Agroneg\u00f3cio, Destaque"},{"@type":"BreadcrumbList","@id":"https:\/\/radiosul.net\/wp\/2021\/carne-hereford-amplia-equipe-e-apresenta-novos-projetos-para-o-crescimento-da-certificacao\/#breadcrumblist","itemListElement":[{"@type":"ListItem","@id":"https:\/\/radiosul.net\/wp#listItem","position":1,"name":"Home","item":"https:\/\/radiosul.net\/wp","nextItem":{"@type":"ListItem","@id":"https:\/\/radiosul.net\/wp\/category\/agro\/#listItem","name":"Agroneg\u00f3cio"}},{"@type":"ListItem","@id":"https:\/\/radiosul.net\/wp\/category\/agro\/#listItem","position":2,"name":"Agroneg\u00f3cio","item":"https:\/\/radiosul.net\/wp\/category\/agro\/","nextItem":{"@type":"ListItem","@id":"https:\/\/radiosul.net\/wp\/2021\/carne-hereford-amplia-equipe-e-apresenta-novos-projetos-para-o-crescimento-da-certificacao\/#listItem","name":"Carne Hereford amplia equipe e apresenta novos projetos para o crescimento da certifica\u00e7\u00e3o"},"previousItem":{"@type":"ListItem","@id":"https:\/\/radiosul.net\/wp#listItem","name":"Home"}},{"@type":"ListItem","@id":"https:\/\/radiosul.net\/wp\/2021\/carne-hereford-amplia-equipe-e-apresenta-novos-projetos-para-o-crescimento-da-certificacao\/#listItem","position":3,"name":"Carne Hereford amplia equipe e apresenta novos projetos para o crescimento da certifica\u00e7\u00e3o","previousItem":{"@type":"ListItem","@id":"https:\/\/radiosul.net\/wp\/category\/agro\/#listItem","name":"Agroneg\u00f3cio"}}]},{"@type":"Organization","@id":"https:\/\/radiosul.net\/wp\/#organization","name":"radiosul.net","description":"Regional por Excel\u00eancia","url":"https:\/\/radiosul.net\/wp\/"},{"@type":"Person","@id":"https:\/\/radiosul.net\/wp\/author\/alejo\/#author","url":"https:\/\/radiosul.net\/wp\/author\/alejo\/","name":"Alejo Bordon","image":{"@type":"ImageObject","@id":"https:\/\/radiosul.net\/wp\/2021\/carne-hereford-amplia-equipe-e-apresenta-novos-projetos-para-o-crescimento-da-certificacao\/#authorImage","url":"https:\/\/secure.gravatar.com\/avatar\/b3a7e7f1c71212e6a5b7183b79a2ab58dad8bdc4cd4eadd61c4434d010d0bae4?s=96&d=mm&r=g","width":96,"height":96,"caption":"Alejo Bordon"}},{"@type":"WebPage","@id":"https:\/\/radiosul.net\/wp\/2021\/carne-hereford-amplia-equipe-e-apresenta-novos-projetos-para-o-crescimento-da-certificacao\/#webpage","url":"https:\/\/radiosul.net\/wp\/2021\/carne-hereford-amplia-equipe-e-apresenta-novos-projetos-para-o-crescimento-da-certificacao\/","name":"Carne Hereford amplia equipe e apresenta novos projetos para o crescimento da certifica\u00e7\u00e3o - radiosul.net","description":"Com o intuito de dar continuidade \u00e0s a\u00e7\u00f5es, mantendo o v\u00ednculo com os produtores e ind\u00fastrias frigor\u00edficas, a Carne Certificada Hereford aumentou seu time de profissionais. Sob o comando da nova diretoria da ABHB, e condu\u00e7\u00e3o do diretor, Eduardo Eichenberg, o setor ganhou refor\u00e7os e j\u00e1 planeja novos projetos para alavancar ainda mais o crescimento","inLanguage":"pt-BR","isPartOf":{"@id":"https:\/\/radiosul.net\/wp\/#website"},"breadcrumb":{"@id":"https:\/\/radiosul.net\/wp\/2021\/carne-hereford-amplia-equipe-e-apresenta-novos-projetos-para-o-crescimento-da-certificacao\/#breadcrumblist"},"author":{"@id":"https:\/\/radiosul.net\/wp\/author\/alejo\/#author"},"creator":{"@id":"https:\/\/radiosul.net\/wp\/author\/alejo\/#author"},"image":{"@type":"ImageObject","url":"https:\/\/radiosul.net\/wp\/wp-content\/uploads\/2021\/06\/1623705815458.jpg","@id":"https:\/\/radiosul.net\/wp\/2021\/carne-hereford-amplia-equipe-e-apresenta-novos-projetos-para-o-crescimento-da-certificacao\/#mainImage","width":654,"height":437,"caption":"Foto: Fernanda Duarte e Grace Gadotti"},"primaryImageOfPage":{"@id":"https:\/\/radiosul.net\/wp\/2021\/carne-hereford-amplia-equipe-e-apresenta-novos-projetos-para-o-crescimento-da-certificacao\/#mainImage"},"datePublished":"2021-06-14T20:37:36-03:00","dateModified":"2021-06-14T20:37:38-03:00"},{"@type":"WebSite","@id":"https:\/\/radiosul.net\/wp\/#website","url":"https:\/\/radiosul.net\/wp\/","name":"radiosul.net","description":"Regional por Excel\u00eancia","inLanguage":"pt-BR","publisher":{"@id":"https:\/\/radiosul.net\/wp\/#organization"}}]},"og:locale":"pt_BR","og:site_name":"radiosul.net - Regional por Excel\u00eancia","og:type":"article","og:title":"Carne Hereford amplia equipe e apresenta novos projetos para o crescimento da certifica\u00e7\u00e3o - radiosul.net","og:description":"Com o intuito de dar continuidade \u00e0s a\u00e7\u00f5es, mantendo o v\u00ednculo com os produtores e ind\u00fastrias frigor\u00edficas, a Carne Certificada Hereford aumentou seu time de profissionais. Sob o comando da nova diretoria da ABHB, e condu\u00e7\u00e3o do diretor, Eduardo Eichenberg, o setor ganhou refor\u00e7os e j\u00e1 planeja novos projetos para alavancar ainda mais o crescimento","og:url":"https:\/\/radiosul.net\/wp\/2021\/carne-hereford-amplia-equipe-e-apresenta-novos-projetos-para-o-crescimento-da-certificacao\/","article:published_time":"2021-06-14T23:37:36+00:00","article:modified_time":"2021-06-14T23:37:38+00:00","twitter:card":"summary_large_image","twitter:title":"Carne Hereford amplia equipe e apresenta novos projetos para o crescimento da certifica\u00e7\u00e3o - radiosul.net","twitter:description":"Com o intuito de dar continuidade \u00e0s a\u00e7\u00f5es, mantendo o v\u00ednculo com os produtores e ind\u00fastrias frigor\u00edficas, a Carne Certificada Hereford aumentou seu time de profissionais. Sob o comando da nova diretoria da ABHB, e condu\u00e7\u00e3o do diretor, Eduardo Eichenberg, o setor ganhou refor\u00e7os e j\u00e1 planeja novos projetos para alavancar ainda mais o crescimento"},"aioseo_meta_data":{"post_id":"18915","title":null,"description":null,"keywords":null,"keyphrases":null,"primary_term":null,"canonical_url":null,"og_title":null,"og_description":null,"og_object_type":"default","og_image_type":"default","og_image_url":null,"og_image_width":null,"og_image_height":null,"og_image_custom_url":null,"og_image_custom_fields":null,"og_video":null,"og_custom_url":null,"og_article_section":null,"og_article_tags":null,"twitter_use_og":false,"twitter_card":"default","twitter_image_type":"default","twitter_image_url":null,"twitter_image_custom_url":null,"twitter_image_custom_fields":null,"twitter_title":null,"twitter_description":null,"schema":{"blockGraphs":[],"customGraphs":[],"default":{"data":{"Article":[],"Course":[],"Dataset":[],"FAQPage":[],"Movie":[],"Person":[],"Product":[],"ProductReview":[],"Car":[],"Recipe":[],"Service":[],"SoftwareApplication":[],"WebPage":[]},"graphName":"","isEnabled":true},"graphs":[]},"schema_type":"default","schema_type_options":null,"pillar_content":false,"robots_default":true,"robots_noindex":false,"robots_noarchive":false,"robots_nosnippet":false,"robots_nofollow":false,"robots_noimageindex":false,"robots_noodp":false,"robots_notranslate":false,"robots_max_snippet":null,"robots_max_videopreview":null,"robots_max_imagepreview":"large","priority":null,"frequency":null,"local_seo":null,"breadcrumb_settings":null,"limit_modified_date":false,"ai":null,"created":"2026-01-09 03:05:18","updated":"2026-01-09 03:05:18","seo_analyzer_scan_date":null,"focus_keyword":null,"additional_keywords":null,"truseo_locale":null},"aioseo_breadcrumb":"<div class=\"aioseo-breadcrumbs\"><span class=\"aioseo-breadcrumb\">\n\t\t\t<a href=\"https:\/\/radiosul.net\/wp\" title=\"Home\">Home<\/a>\n\t\t<\/span><span class=\"aioseo-breadcrumb-separator\">&raquo;<\/span><span class=\"aioseo-breadcrumb\">\n\t\t\t<a href=\"https:\/\/radiosul.net\/wp\/category\/agro\/\" title=\"Agroneg\u00f3cio\">Agroneg\u00f3cio<\/a>\n\t\t<\/span><span class=\"aioseo-breadcrumb-separator\">&raquo;<\/span><span class=\"aioseo-breadcrumb\">\n\t\t\tCarne Hereford amplia equipe e apresenta novos projetos para o crescimento da certifica\u00e7\u00e3o\n\t\t<\/span><\/div>","aioseo_breadcrumb_json":[{"label":"Home","link":"https:\/\/radiosul.net\/wp"},{"label":"Agroneg\u00f3cio","link":"https:\/\/radiosul.net\/wp\/category\/agro\/"},{"label":"Carne Hereford amplia equipe e apresenta novos projetos para o crescimento da certifica\u00e7\u00e3o","link":"https:\/\/radiosul.net\/wp\/2021\/carne-hereford-amplia-equipe-e-apresenta-novos-projetos-para-o-crescimento-da-certificacao\/"}],"_links":{"self":[{"href":"https:\/\/radiosul.net\/wp\/wp-json\/wp\/v2\/posts\/18915","targetHints":{"allow":["GET"]}}],"collection":[{"href":"https:\/\/radiosul.net\/wp\/wp-json\/wp\/v2\/posts"}],"about":[{"href":"https:\/\/radiosul.net\/wp\/wp-json\/wp\/v2\/types\/post"}],"author":[{"embeddable":true,"href":"https:\/\/radiosul.net\/wp\/wp-json\/wp\/v2\/users\/9"}],"replies":[{"embeddable":true,"href":"https:\/\/radiosul.net\/wp\/wp-json\/wp\/v2\/comments?post=18915"}],"version-history":[{"count":1,"href":"https:\/\/radiosul.net\/wp\/wp-json\/wp\/v2\/posts\/18915\/revisions"}],"predecessor-version":[{"id":18921,"href":"https:\/\/radiosul.net\/wp\/wp-json\/wp\/v2\/posts\/18915\/revisions\/18921"}],"wp:featuredmedia":[{"embeddable":true,"href":"https:\/\/radiosul.net\/wp\/wp-json\/wp\/v2\/media\/18919"}],"wp:attachment":[{"href":"https:\/\/radiosul.net\/wp\/wp-json\/wp\/v2\/media?parent=18915"}],"wp:term":[{"taxonomy":"category","embeddable":true,"href":"https:\/\/radiosul.net\/wp\/wp-json\/wp\/v2\/categories?post=18915"},{"taxonomy":"post_tag","embeddable":true,"href":"https:\/\/radiosul.net\/wp\/wp-json\/wp\/v2\/tags?post=18915"}],"curies":[{"name":"wp","href":"https:\/\/api.w.org\/{rel}","templated":true}]}}