{"id":18791,"date":"2021-06-04T19:00:19","date_gmt":"2021-06-04T22:00:19","guid":{"rendered":"https:\/\/radiosul.net\/wp\/?p=18791"},"modified":"2021-06-04T19:00:20","modified_gmt":"2021-06-04T22:00:20","slug":"sindilat-solicita-manutencao-do-regramento-no-transporte-de-1o-percurso-e-do-regime-especial-nos-estados-junto-ao-deputado-federal-jeronimo-goergen","status":"publish","type":"post","link":"https:\/\/radiosul.net\/wp\/2021\/sindilat-solicita-manutencao-do-regramento-no-transporte-de-1o-percurso-e-do-regime-especial-nos-estados-junto-ao-deputado-federal-jeronimo-goergen\/","title":{"rendered":"Sindilat solicita manuten\u00e7\u00e3o do regramento no transporte de 1\u00ba percurso e do regime especial nos estados junto ao Deputado Federal Jer\u00f4nimo Goergen"},"content":{"rendered":"\n<p class=\"wp-block-paragraph\">O setor l\u00e1cteo ga\u00facho est\u00e1 atento \u00e0s mudan\u00e7as propostas pela Medida Provis\u00f3ria 1051\/21, parte do pacote Gigantes do Asfalto criado pelo governo federal para contemplar a categoria dos caminhoneiros aut\u00f4nomos ou n\u00e3o. Dentro do pacote de bondades para o setor, a MP prop\u00f5e a unifica\u00e7\u00e3o e digitaliza\u00e7\u00e3o de documentos hoje exigidos para o transporte de cargas. O assunto vem sendo acompanhado de perto pelo Sindicato da Ind\u00fastria de Latic\u00ednios do Rio Grande do Sul (Sindilat). No dia 1\u00ba de junho, o sindicato e representantes do setor l\u00e1cteo se reuniram com o relator da MP 1051\/21, deputado federal Jer\u00f4nimo Goergen (PP\/RS), onde solicitaram o acolhimento das emendas 72 e 73. As emendas foram acolhidas no mesmo dia.&nbsp;&nbsp;<\/p>\n\n\n\n<p class=\"wp-block-paragraph\">A MP cria o Documento de Transporte Eletr\u00f4nico (DT-e), que trar\u00e1 informa\u00e7\u00f5es cadastrais, contratuais, de registro, log\u00edsticas, sanit\u00e1rias, de seguran\u00e7a, ambientais, comerciais e de pagamento, inclusive o valor do frete e dos seguros contratados, al\u00e9m de outros dados previstos em regulamenta\u00e7\u00e3o futura. De acordo com o consultor tribut\u00e1rio do Sindilat, Matheus Zomer, a MP \u00e9 positiva para o setor uma vez que pretende desburocratizar processos a partir do preenchimento dos dados de transporte em apenas uma plataforma, diferentemente do que ocorre atualmente, quando cada etapa do processo de transporte de carga exige do transportador o preenchimento de diversos formul\u00e1rios em diferentes plataformas, muitas com informa\u00e7\u00f5es repetidas.<\/p>\n\n\n\n<p class=\"wp-block-paragraph\">No entanto, Zomer chama a aten\u00e7\u00e3o para a import\u00e2ncia da manuten\u00e7\u00e3o do regramento especial hoje existente para o setor l\u00e1cteo, no chamado 1\u00b0 percurso (envio do leite da fazenda ao latic\u00ednio), onde o transportador \u00e9 dispensado do preenchimento dos dados a cada percurso realizado \u2013 as informa\u00e7\u00f5es s\u00e3o compiladas e repassadas aos \u00f3rg\u00e3os competentes apenas uma \u00fanica vez, ao final de cada m\u00eas.<\/p>\n\n\n\n<p class=\"wp-block-paragraph\">Duas emendas que tratam da manuten\u00e7\u00e3o desse regramento e que atingem diretamente o setor l\u00e1cteo foram inclu\u00eddas na MP, ambas de autoria do deputado federal Arnaldo Jardim (Cidadania\/SP). As emendas 72 e 73 tratam basicamente da n\u00e3o obrigatoriedade do DT-e no 1\u00b0 percurso, conforme justificativa apresentada no texto da emenda 73: \u201cNecess\u00e1rio explicar que no primeiro percurso os caminh\u00f5es saem da f\u00e1brica ou do posto de refrigera\u00e7\u00e3o vazios e realizam as coletas nas propriedades rurais. Ap\u00f3s o recolhimento do leite nas fazendas, retornam aos locais de origem com o produto. Ocorre que n\u00e3o \u00e9 poss\u00edvel, nessa opera\u00e7\u00e3o, saber exatamente qual o volume de leite que o caminh\u00e3o levar\u00e1 aos estabelecimentos, j\u00e1 que h\u00e1 varia\u00e7\u00e3o di\u00e1ria na quantidade de leite coletado das propriedades rurais.&nbsp;Verifica-se, ent\u00e3o, ser, nesse primeiro percurso, isto \u00e9, no recolhimento do leite nas propriedades rurais, essencial que se dispense o DT-e, sob pena de impor graves preju\u00edzos ao setor t\u00e3o importante como \u00e9 o de l\u00e1cteos\u201d.<\/p>\n\n\n\n<p class=\"wp-block-paragraph\">O Sindilat, junto com suas empresas associadas, est\u00e1 em contato permanente com o deputado federal Jer\u00f4nimo Goergen (PP\/RS), que acolheu tais emendas (72 e 73) no dia 1\u00ba de junho.&nbsp;O sindicato ainda solicitou a manuten\u00e7\u00e3o dos regimes especiais com as Secretarias da Fazenda dos Estados para os chamados contratos vinculados \u00e0 repetida opera\u00e7\u00e3o. Esse \u00e9 permitido somente para as opera\u00e7\u00f5es internas de cada Estado.<\/p>\n\n\n\n<p class=\"wp-block-paragraph\">Saiba mais sobre a MP 1051\/21,<br><a href=\"https:\/\/www.congressonacional.leg.br\/materias\/medidas-provisorias\/-\/mpv\/148500\" target=\"_blank\" rel=\"noreferrer noopener\">https:\/\/www.congressonacional.leg.br\/materias\/medidas-provisorias\/-\/mpv\/148500<\/a><\/p>\n\n\n\n<p class=\"wp-block-paragraph\"><strong><em>Fonte: Jardine Comunica\u00e7\u00e3o<\/em><\/strong><\/p>\n","protected":false},"excerpt":{"rendered":"<p>O setor l\u00e1cteo ga\u00facho est\u00e1 atento \u00e0s mudan\u00e7as propostas pela Medida Provis\u00f3ria 1051\/21, parte do pacote Gigantes do Asfalto criado pelo governo federal para contemplar a categoria dos caminhoneiros aut\u00f4nomos ou n\u00e3o. Dentro do pacote de bondades para o setor, a MP prop\u00f5e a unifica\u00e7\u00e3o e digitaliza\u00e7\u00e3o de documentos hoje exigidos para o transporte de &hellip;<\/p>\n","protected":false},"author":9,"featured_media":8401,"comment_status":"closed","ping_status":"closed","sticky":false,"template":"","format":"standard","meta":{"_monsterinsights_skip_tracking":false,"_uf_show_specific_survey":0,"_uf_disable_surveys":false,"footnotes":""},"categories":[1,126],"tags":[],"class_list":["post-18791","post","type-post","status-publish","format-standard","has-post-thumbnail","hentry","category-agro","category-destacados"],"aioseo_notices":[],"aioseo_head":"\n\t\t<!-- All in One SEO 5.0.1.1 - aioseo.com -->\n\t<meta name=\"description\" content=\"O setor l\u00e1cteo ga\u00facho est\u00e1 atento \u00e0s mudan\u00e7as propostas pela Medida Provis\u00f3ria 1051\/21, parte do pacote Gigantes do Asfalto criado pelo governo federal para contemplar a categoria dos caminhoneiros aut\u00f4nomos ou n\u00e3o. Dentro do pacote de bondades para o setor, a MP prop\u00f5e a unifica\u00e7\u00e3o e digitaliza\u00e7\u00e3o de documentos hoje exigidos para o transporte de\" \/>\n\t<meta name=\"robots\" content=\"max-image-preview:large\" \/>\n\t<meta name=\"author\" content=\"Alejo Bordon\"\/>\n\t<link rel=\"canonical\" href=\"https:\/\/radiosul.net\/wp\/2021\/sindilat-solicita-manutencao-do-regramento-no-transporte-de-1o-percurso-e-do-regime-especial-nos-estados-junto-ao-deputado-federal-jeronimo-goergen\/\" \/>\n\t<meta name=\"generator\" content=\"All in One SEO (AIOSEO) 5.0.1.1\" \/>\n\t\t<meta property=\"og:locale\" content=\"pt_BR\" \/>\n\t\t<meta property=\"og:site_name\" content=\"radiosul.net - Regional por Excel\u00eancia\" \/>\n\t\t<meta property=\"og:type\" content=\"article\" \/>\n\t\t<meta property=\"og:title\" content=\"Sindilat solicita manuten\u00e7\u00e3o do regramento no transporte de 1\u00ba percurso e do regime especial nos estados junto ao Deputado Federal Jer\u00f4nimo Goergen - radiosul.net\" \/>\n\t\t<meta property=\"og:description\" content=\"O setor l\u00e1cteo ga\u00facho est\u00e1 atento \u00e0s mudan\u00e7as propostas pela Medida Provis\u00f3ria 1051\/21, parte do pacote Gigantes do Asfalto criado pelo governo federal para contemplar a categoria dos caminhoneiros aut\u00f4nomos ou n\u00e3o. Dentro do pacote de bondades para o setor, a MP prop\u00f5e a unifica\u00e7\u00e3o e digitaliza\u00e7\u00e3o de documentos hoje exigidos para o transporte de\" \/>\n\t\t<meta property=\"og:url\" content=\"https:\/\/radiosul.net\/wp\/2021\/sindilat-solicita-manutencao-do-regramento-no-transporte-de-1o-percurso-e-do-regime-especial-nos-estados-junto-ao-deputado-federal-jeronimo-goergen\/\" \/>\n\t\t<meta property=\"article:published_time\" content=\"2021-06-04T22:00:19+00:00\" \/>\n\t\t<meta property=\"article:modified_time\" content=\"2021-06-04T22:00:20+00:00\" \/>\n\t\t<meta name=\"twitter:card\" content=\"summary_large_image\" \/>\n\t\t<meta name=\"twitter:title\" content=\"Sindilat solicita manuten\u00e7\u00e3o do regramento no transporte de 1\u00ba percurso e do regime especial nos estados junto ao Deputado Federal Jer\u00f4nimo Goergen - radiosul.net\" \/>\n\t\t<meta name=\"twitter:description\" content=\"O setor l\u00e1cteo ga\u00facho est\u00e1 atento \u00e0s mudan\u00e7as propostas pela Medida Provis\u00f3ria 1051\/21, parte do pacote Gigantes do Asfalto criado pelo governo federal para contemplar a categoria dos caminhoneiros aut\u00f4nomos ou n\u00e3o. Dentro do pacote de bondades para o setor, a MP prop\u00f5e a unifica\u00e7\u00e3o e digitaliza\u00e7\u00e3o de documentos hoje exigidos para o transporte de\" \/>\n\t\t<script type=\"application\/ld+json\" class=\"aioseo-schema\">\n\t\t\t{\"@context\":\"https:\\\/\\\/schema.org\",\"@graph\":[{\"@type\":\"BlogPosting\",\"@id\":\"https:\\\/\\\/radiosul.net\\\/wp\\\/2021\\\/sindilat-solicita-manutencao-do-regramento-no-transporte-de-1o-percurso-e-do-regime-especial-nos-estados-junto-ao-deputado-federal-jeronimo-goergen\\\/#blogposting\",\"name\":\"Sindilat solicita manuten\\u00e7\\u00e3o do regramento no transporte de 1\\u00ba percurso e do regime especial nos estados junto ao Deputado Federal Jer\\u00f4nimo Goergen - radiosul.net\",\"headline\":\"Sindilat solicita manuten\\u00e7\\u00e3o do regramento no transporte de 1\\u00ba percurso e do regime especial nos estados junto ao Deputado Federal Jer\\u00f4nimo Goergen\",\"author\":{\"@id\":\"https:\\\/\\\/radiosul.net\\\/wp\\\/author\\\/alejo\\\/#author\"},\"publisher\":{\"@id\":\"https:\\\/\\\/radiosul.net\\\/wp\\\/#organization\"},\"image\":{\"@type\":\"ImageObject\",\"url\":\"https:\\\/\\\/radiosul.net\\\/wp\\\/wp-content\\\/uploads\\\/2019\\\/10\\\/capa-not\\u00edcias-2.jpg\",\"width\":780,\"height\":405},\"datePublished\":\"2021-06-04T19:00:19-03:00\",\"dateModified\":\"2021-06-04T19:00:20-03:00\",\"inLanguage\":\"pt-BR\",\"mainEntityOfPage\":{\"@id\":\"https:\\\/\\\/radiosul.net\\\/wp\\\/2021\\\/sindilat-solicita-manutencao-do-regramento-no-transporte-de-1o-percurso-e-do-regime-especial-nos-estados-junto-ao-deputado-federal-jeronimo-goergen\\\/#webpage\"},\"isPartOf\":{\"@id\":\"https:\\\/\\\/radiosul.net\\\/wp\\\/2021\\\/sindilat-solicita-manutencao-do-regramento-no-transporte-de-1o-percurso-e-do-regime-especial-nos-estados-junto-ao-deputado-federal-jeronimo-goergen\\\/#webpage\"},\"articleSection\":\"Agroneg\\u00f3cio, Destaque\"},{\"@type\":\"BreadcrumbList\",\"@id\":\"https:\\\/\\\/radiosul.net\\\/wp\\\/2021\\\/sindilat-solicita-manutencao-do-regramento-no-transporte-de-1o-percurso-e-do-regime-especial-nos-estados-junto-ao-deputado-federal-jeronimo-goergen\\\/#breadcrumblist\",\"itemListElement\":[{\"@type\":\"ListItem\",\"@id\":\"https:\\\/\\\/radiosul.net\\\/wp#listItem\",\"position\":1,\"name\":\"Home\",\"item\":\"https:\\\/\\\/radiosul.net\\\/wp\",\"nextItem\":{\"@type\":\"ListItem\",\"@id\":\"https:\\\/\\\/radiosul.net\\\/wp\\\/category\\\/agro\\\/#listItem\",\"name\":\"Agroneg\\u00f3cio\"}},{\"@type\":\"ListItem\",\"@id\":\"https:\\\/\\\/radiosul.net\\\/wp\\\/category\\\/agro\\\/#listItem\",\"position\":2,\"name\":\"Agroneg\\u00f3cio\",\"item\":\"https:\\\/\\\/radiosul.net\\\/wp\\\/category\\\/agro\\\/\",\"nextItem\":{\"@type\":\"ListItem\",\"@id\":\"https:\\\/\\\/radiosul.net\\\/wp\\\/2021\\\/sindilat-solicita-manutencao-do-regramento-no-transporte-de-1o-percurso-e-do-regime-especial-nos-estados-junto-ao-deputado-federal-jeronimo-goergen\\\/#listItem\",\"name\":\"Sindilat solicita manuten\\u00e7\\u00e3o do regramento no transporte de 1\\u00ba percurso e do regime especial nos estados junto ao Deputado Federal Jer\\u00f4nimo Goergen\"},\"previousItem\":{\"@type\":\"ListItem\",\"@id\":\"https:\\\/\\\/radiosul.net\\\/wp#listItem\",\"name\":\"Home\"}},{\"@type\":\"ListItem\",\"@id\":\"https:\\\/\\\/radiosul.net\\\/wp\\\/2021\\\/sindilat-solicita-manutencao-do-regramento-no-transporte-de-1o-percurso-e-do-regime-especial-nos-estados-junto-ao-deputado-federal-jeronimo-goergen\\\/#listItem\",\"position\":3,\"name\":\"Sindilat solicita manuten\\u00e7\\u00e3o do regramento no transporte de 1\\u00ba percurso e do regime especial nos estados junto ao Deputado Federal Jer\\u00f4nimo Goergen\",\"previousItem\":{\"@type\":\"ListItem\",\"@id\":\"https:\\\/\\\/radiosul.net\\\/wp\\\/category\\\/agro\\\/#listItem\",\"name\":\"Agroneg\\u00f3cio\"}}]},{\"@type\":\"Organization\",\"@id\":\"https:\\\/\\\/radiosul.net\\\/wp\\\/#organization\",\"name\":\"radiosul.net\",\"description\":\"Regional por Excel\\u00eancia\",\"url\":\"https:\\\/\\\/radiosul.net\\\/wp\\\/\"},{\"@type\":\"Person\",\"@id\":\"https:\\\/\\\/radiosul.net\\\/wp\\\/author\\\/alejo\\\/#author\",\"url\":\"https:\\\/\\\/radiosul.net\\\/wp\\\/author\\\/alejo\\\/\",\"name\":\"Alejo Bordon\",\"image\":{\"@type\":\"ImageObject\",\"@id\":\"https:\\\/\\\/radiosul.net\\\/wp\\\/2021\\\/sindilat-solicita-manutencao-do-regramento-no-transporte-de-1o-percurso-e-do-regime-especial-nos-estados-junto-ao-deputado-federal-jeronimo-goergen\\\/#authorImage\",\"url\":\"https:\\\/\\\/secure.gravatar.com\\\/avatar\\\/b3a7e7f1c71212e6a5b7183b79a2ab58dad8bdc4cd4eadd61c4434d010d0bae4?s=96&d=mm&r=g\",\"width\":96,\"height\":96,\"caption\":\"Alejo Bordon\"}},{\"@type\":\"WebPage\",\"@id\":\"https:\\\/\\\/radiosul.net\\\/wp\\\/2021\\\/sindilat-solicita-manutencao-do-regramento-no-transporte-de-1o-percurso-e-do-regime-especial-nos-estados-junto-ao-deputado-federal-jeronimo-goergen\\\/#webpage\",\"url\":\"https:\\\/\\\/radiosul.net\\\/wp\\\/2021\\\/sindilat-solicita-manutencao-do-regramento-no-transporte-de-1o-percurso-e-do-regime-especial-nos-estados-junto-ao-deputado-federal-jeronimo-goergen\\\/\",\"name\":\"Sindilat solicita manuten\\u00e7\\u00e3o do regramento no transporte de 1\\u00ba percurso e do regime especial nos estados junto ao Deputado Federal Jer\\u00f4nimo Goergen - radiosul.net\",\"description\":\"O setor l\\u00e1cteo ga\\u00facho est\\u00e1 atento \\u00e0s mudan\\u00e7as propostas pela Medida Provis\\u00f3ria 1051\\\/21, parte do pacote Gigantes do Asfalto criado pelo governo federal para contemplar a categoria dos caminhoneiros aut\\u00f4nomos ou n\\u00e3o. Dentro do pacote de bondades para o setor, a MP prop\\u00f5e a unifica\\u00e7\\u00e3o e digitaliza\\u00e7\\u00e3o de documentos hoje exigidos para o transporte de\",\"inLanguage\":\"pt-BR\",\"isPartOf\":{\"@id\":\"https:\\\/\\\/radiosul.net\\\/wp\\\/#website\"},\"breadcrumb\":{\"@id\":\"https:\\\/\\\/radiosul.net\\\/wp\\\/2021\\\/sindilat-solicita-manutencao-do-regramento-no-transporte-de-1o-percurso-e-do-regime-especial-nos-estados-junto-ao-deputado-federal-jeronimo-goergen\\\/#breadcrumblist\"},\"author\":{\"@id\":\"https:\\\/\\\/radiosul.net\\\/wp\\\/author\\\/alejo\\\/#author\"},\"creator\":{\"@id\":\"https:\\\/\\\/radiosul.net\\\/wp\\\/author\\\/alejo\\\/#author\"},\"image\":{\"@type\":\"ImageObject\",\"url\":\"https:\\\/\\\/radiosul.net\\\/wp\\\/wp-content\\\/uploads\\\/2019\\\/10\\\/capa-not\\u00edcias-2.jpg\",\"@id\":\"https:\\\/\\\/radiosul.net\\\/wp\\\/2021\\\/sindilat-solicita-manutencao-do-regramento-no-transporte-de-1o-percurso-e-do-regime-especial-nos-estados-junto-ao-deputado-federal-jeronimo-goergen\\\/#mainImage\",\"width\":780,\"height\":405},\"primaryImageOfPage\":{\"@id\":\"https:\\\/\\\/radiosul.net\\\/wp\\\/2021\\\/sindilat-solicita-manutencao-do-regramento-no-transporte-de-1o-percurso-e-do-regime-especial-nos-estados-junto-ao-deputado-federal-jeronimo-goergen\\\/#mainImage\"},\"datePublished\":\"2021-06-04T19:00:19-03:00\",\"dateModified\":\"2021-06-04T19:00:20-03:00\"},{\"@type\":\"WebSite\",\"@id\":\"https:\\\/\\\/radiosul.net\\\/wp\\\/#website\",\"url\":\"https:\\\/\\\/radiosul.net\\\/wp\\\/\",\"name\":\"radiosul.net\",\"description\":\"Regional por Excel\\u00eancia\",\"inLanguage\":\"pt-BR\",\"publisher\":{\"@id\":\"https:\\\/\\\/radiosul.net\\\/wp\\\/#organization\"}}]}\n\t\t<\/script>\n\t\t<!-- All in One SEO -->\n\n","aioseo_head_json":{"title":"Sindilat solicita manuten\u00e7\u00e3o do regramento no transporte de 1\u00ba percurso e do regime especial nos estados junto ao Deputado Federal Jer\u00f4nimo Goergen - radiosul.net","description":"O setor l\u00e1cteo ga\u00facho est\u00e1 atento \u00e0s mudan\u00e7as propostas pela Medida Provis\u00f3ria 1051\/21, parte do pacote Gigantes do Asfalto criado pelo governo federal para contemplar a categoria dos caminhoneiros aut\u00f4nomos ou n\u00e3o. Dentro do pacote de bondades para o setor, a MP prop\u00f5e a unifica\u00e7\u00e3o e digitaliza\u00e7\u00e3o de documentos hoje exigidos para o transporte de","canonical_url":"https:\/\/radiosul.net\/wp\/2021\/sindilat-solicita-manutencao-do-regramento-no-transporte-de-1o-percurso-e-do-regime-especial-nos-estados-junto-ao-deputado-federal-jeronimo-goergen\/","robots":"max-image-preview:large","keywords":"","webmasterTools":{"miscellaneous":""},"schema":{"@context":"https:\/\/schema.org","@graph":[{"@type":"BlogPosting","@id":"https:\/\/radiosul.net\/wp\/2021\/sindilat-solicita-manutencao-do-regramento-no-transporte-de-1o-percurso-e-do-regime-especial-nos-estados-junto-ao-deputado-federal-jeronimo-goergen\/#blogposting","name":"Sindilat solicita manuten\u00e7\u00e3o do regramento no transporte de 1\u00ba percurso e do regime especial nos estados junto ao Deputado Federal Jer\u00f4nimo Goergen - radiosul.net","headline":"Sindilat solicita manuten\u00e7\u00e3o do regramento no transporte de 1\u00ba percurso e do regime especial nos estados junto ao Deputado Federal Jer\u00f4nimo Goergen","author":{"@id":"https:\/\/radiosul.net\/wp\/author\/alejo\/#author"},"publisher":{"@id":"https:\/\/radiosul.net\/wp\/#organization"},"image":{"@type":"ImageObject","url":"https:\/\/radiosul.net\/wp\/wp-content\/uploads\/2019\/10\/capa-not\u00edcias-2.jpg","width":780,"height":405},"datePublished":"2021-06-04T19:00:19-03:00","dateModified":"2021-06-04T19:00:20-03:00","inLanguage":"pt-BR","mainEntityOfPage":{"@id":"https:\/\/radiosul.net\/wp\/2021\/sindilat-solicita-manutencao-do-regramento-no-transporte-de-1o-percurso-e-do-regime-especial-nos-estados-junto-ao-deputado-federal-jeronimo-goergen\/#webpage"},"isPartOf":{"@id":"https:\/\/radiosul.net\/wp\/2021\/sindilat-solicita-manutencao-do-regramento-no-transporte-de-1o-percurso-e-do-regime-especial-nos-estados-junto-ao-deputado-federal-jeronimo-goergen\/#webpage"},"articleSection":"Agroneg\u00f3cio, Destaque"},{"@type":"BreadcrumbList","@id":"https:\/\/radiosul.net\/wp\/2021\/sindilat-solicita-manutencao-do-regramento-no-transporte-de-1o-percurso-e-do-regime-especial-nos-estados-junto-ao-deputado-federal-jeronimo-goergen\/#breadcrumblist","itemListElement":[{"@type":"ListItem","@id":"https:\/\/radiosul.net\/wp#listItem","position":1,"name":"Home","item":"https:\/\/radiosul.net\/wp","nextItem":{"@type":"ListItem","@id":"https:\/\/radiosul.net\/wp\/category\/agro\/#listItem","name":"Agroneg\u00f3cio"}},{"@type":"ListItem","@id":"https:\/\/radiosul.net\/wp\/category\/agro\/#listItem","position":2,"name":"Agroneg\u00f3cio","item":"https:\/\/radiosul.net\/wp\/category\/agro\/","nextItem":{"@type":"ListItem","@id":"https:\/\/radiosul.net\/wp\/2021\/sindilat-solicita-manutencao-do-regramento-no-transporte-de-1o-percurso-e-do-regime-especial-nos-estados-junto-ao-deputado-federal-jeronimo-goergen\/#listItem","name":"Sindilat solicita manuten\u00e7\u00e3o do regramento no transporte de 1\u00ba percurso e do regime especial nos estados junto ao Deputado Federal Jer\u00f4nimo Goergen"},"previousItem":{"@type":"ListItem","@id":"https:\/\/radiosul.net\/wp#listItem","name":"Home"}},{"@type":"ListItem","@id":"https:\/\/radiosul.net\/wp\/2021\/sindilat-solicita-manutencao-do-regramento-no-transporte-de-1o-percurso-e-do-regime-especial-nos-estados-junto-ao-deputado-federal-jeronimo-goergen\/#listItem","position":3,"name":"Sindilat solicita manuten\u00e7\u00e3o do regramento no transporte de 1\u00ba percurso e do regime especial nos estados junto ao Deputado Federal Jer\u00f4nimo Goergen","previousItem":{"@type":"ListItem","@id":"https:\/\/radiosul.net\/wp\/category\/agro\/#listItem","name":"Agroneg\u00f3cio"}}]},{"@type":"Organization","@id":"https:\/\/radiosul.net\/wp\/#organization","name":"radiosul.net","description":"Regional por Excel\u00eancia","url":"https:\/\/radiosul.net\/wp\/"},{"@type":"Person","@id":"https:\/\/radiosul.net\/wp\/author\/alejo\/#author","url":"https:\/\/radiosul.net\/wp\/author\/alejo\/","name":"Alejo Bordon","image":{"@type":"ImageObject","@id":"https:\/\/radiosul.net\/wp\/2021\/sindilat-solicita-manutencao-do-regramento-no-transporte-de-1o-percurso-e-do-regime-especial-nos-estados-junto-ao-deputado-federal-jeronimo-goergen\/#authorImage","url":"https:\/\/secure.gravatar.com\/avatar\/b3a7e7f1c71212e6a5b7183b79a2ab58dad8bdc4cd4eadd61c4434d010d0bae4?s=96&d=mm&r=g","width":96,"height":96,"caption":"Alejo Bordon"}},{"@type":"WebPage","@id":"https:\/\/radiosul.net\/wp\/2021\/sindilat-solicita-manutencao-do-regramento-no-transporte-de-1o-percurso-e-do-regime-especial-nos-estados-junto-ao-deputado-federal-jeronimo-goergen\/#webpage","url":"https:\/\/radiosul.net\/wp\/2021\/sindilat-solicita-manutencao-do-regramento-no-transporte-de-1o-percurso-e-do-regime-especial-nos-estados-junto-ao-deputado-federal-jeronimo-goergen\/","name":"Sindilat solicita manuten\u00e7\u00e3o do regramento no transporte de 1\u00ba percurso e do regime especial nos estados junto ao Deputado Federal Jer\u00f4nimo Goergen - radiosul.net","description":"O setor l\u00e1cteo ga\u00facho est\u00e1 atento \u00e0s mudan\u00e7as propostas pela Medida Provis\u00f3ria 1051\/21, parte do pacote Gigantes do Asfalto criado pelo governo federal para contemplar a categoria dos caminhoneiros aut\u00f4nomos ou n\u00e3o. Dentro do pacote de bondades para o setor, a MP prop\u00f5e a unifica\u00e7\u00e3o e digitaliza\u00e7\u00e3o de documentos hoje exigidos para o transporte de","inLanguage":"pt-BR","isPartOf":{"@id":"https:\/\/radiosul.net\/wp\/#website"},"breadcrumb":{"@id":"https:\/\/radiosul.net\/wp\/2021\/sindilat-solicita-manutencao-do-regramento-no-transporte-de-1o-percurso-e-do-regime-especial-nos-estados-junto-ao-deputado-federal-jeronimo-goergen\/#breadcrumblist"},"author":{"@id":"https:\/\/radiosul.net\/wp\/author\/alejo\/#author"},"creator":{"@id":"https:\/\/radiosul.net\/wp\/author\/alejo\/#author"},"image":{"@type":"ImageObject","url":"https:\/\/radiosul.net\/wp\/wp-content\/uploads\/2019\/10\/capa-not\u00edcias-2.jpg","@id":"https:\/\/radiosul.net\/wp\/2021\/sindilat-solicita-manutencao-do-regramento-no-transporte-de-1o-percurso-e-do-regime-especial-nos-estados-junto-ao-deputado-federal-jeronimo-goergen\/#mainImage","width":780,"height":405},"primaryImageOfPage":{"@id":"https:\/\/radiosul.net\/wp\/2021\/sindilat-solicita-manutencao-do-regramento-no-transporte-de-1o-percurso-e-do-regime-especial-nos-estados-junto-ao-deputado-federal-jeronimo-goergen\/#mainImage"},"datePublished":"2021-06-04T19:00:19-03:00","dateModified":"2021-06-04T19:00:20-03:00"},{"@type":"WebSite","@id":"https:\/\/radiosul.net\/wp\/#website","url":"https:\/\/radiosul.net\/wp\/","name":"radiosul.net","description":"Regional por Excel\u00eancia","inLanguage":"pt-BR","publisher":{"@id":"https:\/\/radiosul.net\/wp\/#organization"}}]},"og:locale":"pt_BR","og:site_name":"radiosul.net - Regional por Excel\u00eancia","og:type":"article","og:title":"Sindilat solicita manuten\u00e7\u00e3o do regramento no transporte de 1\u00ba percurso e do regime especial nos estados junto ao Deputado Federal Jer\u00f4nimo Goergen - radiosul.net","og:description":"O setor l\u00e1cteo ga\u00facho est\u00e1 atento \u00e0s mudan\u00e7as propostas pela Medida Provis\u00f3ria 1051\/21, parte do pacote Gigantes do Asfalto criado pelo governo federal para contemplar a categoria dos caminhoneiros aut\u00f4nomos ou n\u00e3o. Dentro do pacote de bondades para o setor, a MP prop\u00f5e a unifica\u00e7\u00e3o e digitaliza\u00e7\u00e3o de documentos hoje exigidos para o transporte de","og:url":"https:\/\/radiosul.net\/wp\/2021\/sindilat-solicita-manutencao-do-regramento-no-transporte-de-1o-percurso-e-do-regime-especial-nos-estados-junto-ao-deputado-federal-jeronimo-goergen\/","article:published_time":"2021-06-04T22:00:19+00:00","article:modified_time":"2021-06-04T22:00:20+00:00","twitter:card":"summary_large_image","twitter:title":"Sindilat solicita manuten\u00e7\u00e3o do regramento no transporte de 1\u00ba percurso e do regime especial nos estados junto ao Deputado Federal Jer\u00f4nimo Goergen - radiosul.net","twitter:description":"O setor l\u00e1cteo ga\u00facho est\u00e1 atento \u00e0s mudan\u00e7as propostas pela Medida Provis\u00f3ria 1051\/21, parte do pacote Gigantes do Asfalto criado pelo governo federal para contemplar a categoria dos caminhoneiros aut\u00f4nomos ou n\u00e3o. Dentro do pacote de bondades para o setor, a MP prop\u00f5e a unifica\u00e7\u00e3o e digitaliza\u00e7\u00e3o de documentos hoje exigidos para o transporte de"},"aioseo_meta_data":{"post_id":"18791","title":null,"description":null,"keywords":null,"keyphrases":null,"primary_term":null,"canonical_url":null,"og_title":null,"og_description":null,"og_object_type":"default","og_image_type":"default","og_image_url":null,"og_image_width":null,"og_image_height":null,"og_image_custom_url":null,"og_image_custom_fields":null,"og_video":null,"og_custom_url":null,"og_article_section":null,"og_article_tags":null,"twitter_use_og":false,"twitter_card":"default","twitter_image_type":"default","twitter_image_url":null,"twitter_image_custom_url":null,"twitter_image_custom_fields":null,"twitter_title":null,"twitter_description":null,"schema":{"blockGraphs":[],"customGraphs":[],"default":{"data":{"Article":[],"Course":[],"Dataset":[],"FAQPage":[],"Movie":[],"Person":[],"Product":[],"ProductReview":[],"Car":[],"Recipe":[],"Service":[],"SoftwareApplication":[],"WebPage":[]},"graphName":"","isEnabled":true},"graphs":[]},"schema_type":"default","schema_type_options":null,"pillar_content":false,"robots_default":true,"robots_noindex":false,"robots_noarchive":false,"robots_nosnippet":false,"robots_nofollow":false,"robots_noimageindex":false,"robots_noodp":false,"robots_notranslate":false,"robots_max_snippet":null,"robots_max_videopreview":null,"robots_max_imagepreview":"large","priority":null,"frequency":null,"local_seo":null,"breadcrumb_settings":null,"limit_modified_date":false,"ai":null,"created":"2026-01-09 02:55:04","updated":"2026-01-09 02:55:04","seo_analyzer_scan_date":null,"focus_keyword":null,"additional_keywords":null,"truseo_locale":null},"aioseo_breadcrumb":"<div class=\"aioseo-breadcrumbs\"><span class=\"aioseo-breadcrumb\">\n\t\t\t<a href=\"https:\/\/radiosul.net\/wp\" title=\"Home\">Home<\/a>\n\t\t<\/span><span class=\"aioseo-breadcrumb-separator\">&raquo;<\/span><span class=\"aioseo-breadcrumb\">\n\t\t\t<a href=\"https:\/\/radiosul.net\/wp\/category\/agro\/\" title=\"Agroneg\u00f3cio\">Agroneg\u00f3cio<\/a>\n\t\t<\/span><span class=\"aioseo-breadcrumb-separator\">&raquo;<\/span><span class=\"aioseo-breadcrumb\">\n\t\t\tSindilat solicita manuten\u00e7\u00e3o do regramento no transporte de 1\u00ba percurso e do regime especial nos estados junto ao Deputado Federal Jer\u00f4nimo Goergen\n\t\t<\/span><\/div>","aioseo_breadcrumb_json":[{"label":"Home","link":"https:\/\/radiosul.net\/wp"},{"label":"Agroneg\u00f3cio","link":"https:\/\/radiosul.net\/wp\/category\/agro\/"},{"label":"Sindilat solicita manuten\u00e7\u00e3o do regramento no transporte de 1\u00ba percurso e do regime especial nos estados junto ao Deputado Federal Jer\u00f4nimo Goergen","link":"https:\/\/radiosul.net\/wp\/2021\/sindilat-solicita-manutencao-do-regramento-no-transporte-de-1o-percurso-e-do-regime-especial-nos-estados-junto-ao-deputado-federal-jeronimo-goergen\/"}],"_links":{"self":[{"href":"https:\/\/radiosul.net\/wp\/wp-json\/wp\/v2\/posts\/18791","targetHints":{"allow":["GET"]}}],"collection":[{"href":"https:\/\/radiosul.net\/wp\/wp-json\/wp\/v2\/posts"}],"about":[{"href":"https:\/\/radiosul.net\/wp\/wp-json\/wp\/v2\/types\/post"}],"author":[{"embeddable":true,"href":"https:\/\/radiosul.net\/wp\/wp-json\/wp\/v2\/users\/9"}],"replies":[{"embeddable":true,"href":"https:\/\/radiosul.net\/wp\/wp-json\/wp\/v2\/comments?post=18791"}],"version-history":[{"count":1,"href":"https:\/\/radiosul.net\/wp\/wp-json\/wp\/v2\/posts\/18791\/revisions"}],"predecessor-version":[{"id":18794,"href":"https:\/\/radiosul.net\/wp\/wp-json\/wp\/v2\/posts\/18791\/revisions\/18794"}],"wp:featuredmedia":[{"embeddable":true,"href":"https:\/\/radiosul.net\/wp\/wp-json\/wp\/v2\/media\/8401"}],"wp:attachment":[{"href":"https:\/\/radiosul.net\/wp\/wp-json\/wp\/v2\/media?parent=18791"}],"wp:term":[{"taxonomy":"category","embeddable":true,"href":"https:\/\/radiosul.net\/wp\/wp-json\/wp\/v2\/categories?post=18791"},{"taxonomy":"post_tag","embeddable":true,"href":"https:\/\/radiosul.net\/wp\/wp-json\/wp\/v2\/tags?post=18791"}],"curies":[{"name":"wp","href":"https:\/\/api.w.org\/{rel}","templated":true}]}}