{"id":18744,"date":"2021-06-02T08:20:22","date_gmt":"2021-06-02T11:20:22","guid":{"rendered":"https:\/\/radiosul.net\/wp\/?p=18744"},"modified":"2021-06-02T08:20:23","modified_gmt":"2021-06-02T11:20:23","slug":"inscricoes-para-a-pac-2021-2022-encerram-nesta-sexta-feira-4","status":"publish","type":"post","link":"https:\/\/radiosul.net\/wp\/2021\/inscricoes-para-a-pac-2021-2022-encerram-nesta-sexta-feira-4\/","title":{"rendered":"Inscri\u00e7\u00f5es para a PAC 2021\/2022 encerram nesta sexta-feira (4)"},"content":{"rendered":"\n<p class=\"wp-block-paragraph\">Aten\u00e7\u00e3o criadores! A Associa\u00e7\u00e3o Brasileira de Hereford e Braford (ABHB) recebe at\u00e9 sexta-feira, dia 4 de junho, as inscri\u00e7\u00f5es para s\u00f3cios interessados em submeter seus animais na Prova de Avalia\u00e7\u00e3o a Campo (PAC) 2021\/2022. As ades\u00f5es devem ser realizadas atrav\u00e9s da Secretaria da ABHB, pelo e-mail secretaria.hereford@braford.com.br ou pelo fone (53) 3242 1332.<\/p>\n\n\n\n<p class=\"wp-block-paragraph\">Considerada a \u201cF\u00f3rmula 1\u201d das provas de ganho de peso a PAC, que chega \u00e0 sua 18\u00aa edi\u00e7\u00e3o na ra\u00e7a Hereford, e a 27\u00aa na ra\u00e7a Braford, re\u00fane a gen\u00e9tica de diferentes criat\u00f3rios do Brasil sob as mesmas condi\u00e7\u00f5es de manejo nutricional e sanit\u00e1rio, visando encontrar o reprodutor que melhor expresse as caracter\u00edsticas de sua ra\u00e7a.<\/p>\n\n\n\n<div class=\"wp-block-image\"><figure class=\"aligncenter\"><img decoding=\"async\" src=\"https:\/\/www.abhb.com.br\/wp-content\/uploads\/2021\/06\/Fotografo-Gustavo-Rafael_img-7427.jpg?x80798\" alt=\"\" class=\"wp-image-207908\"\/><figcaption><em>Foto: Gustavo Rafael<\/em><\/figcaption><\/figure><\/div>\n\n\n\n<p class=\"wp-block-paragraph\">Conforme o regulamento, est\u00e3o aptos a competir na Prova os animais Hereford e Braford selecionados a partir dos Top 40% melhores reprodutores da avalia\u00e7\u00e3o \u00e0 desmanda de um dos tr\u00eas Programas de avalia\u00e7\u00e3o gen\u00e9tica homologados pela ABHB: PampaPlus, Promebo ou Conex\u00e3o Delta G. Os reprodutores tamb\u00e9m devem passar por avalia\u00e7\u00e3o do inspetor t\u00e9cnico, sendo emitida a ficha de sele\u00e7\u00e3o zoot\u00e9cnica da entidade para a solicita\u00e7\u00e3o do Registro Individual de Nascimento para animais Hereford PC e Braford ou atestando a avalia\u00e7\u00e3o zoot\u00e9cnica dos animais Hereford PO.<\/p>\n\n\n\n<p class=\"wp-block-paragraph\"><strong>O regulamento completo pode ser acessado&nbsp;<a href=\"https:\/\/www.abhb.com.br\/wp-content\/uploads\/2021\/04\/Regulamento-PAC-21_22-1.pdf?x80798\">AQUI<\/a>.<\/strong>&nbsp;D\u00favidas, sugest\u00f5es e\/ou informa\u00e7\u00f5es podem ser obtidas com o gerente de opera\u00e7\u00f5es da ABHB, Felipe Azambuja, pelo telefone (53) 99967.3367 ou atrav\u00e9s do e-mail&nbsp;<a href=\"https:\/\/www.abhb.com.br\/abhb-divulga-novo-prazo-para-envio-de-avaliacoes-de-desmame-para-pac-2021-22\/secretaria.hereford@braford.com.br\">secretaria.hereford@braford.com.br<\/a>.<\/p>\n\n\n\n<p class=\"wp-block-paragraph\"><strong><em>Fonte: ABHB<\/em><\/strong><\/p>\n","protected":false},"excerpt":{"rendered":"<p>Aten\u00e7\u00e3o criadores! A Associa\u00e7\u00e3o Brasileira de Hereford e Braford (ABHB) recebe at\u00e9 sexta-feira, dia 4 de junho, as inscri\u00e7\u00f5es para s\u00f3cios interessados em submeter seus animais na Prova de Avalia\u00e7\u00e3o a Campo (PAC) 2021\/2022. As ades\u00f5es devem ser realizadas atrav\u00e9s da Secretaria da ABHB, pelo e-mail secretaria.hereford@braford.com.br ou pelo fone (53) 3242 1332. Considerada a &hellip;<\/p>\n","protected":false},"author":9,"featured_media":18746,"comment_status":"closed","ping_status":"closed","sticky":false,"template":"","format":"standard","meta":{"_monsterinsights_skip_tracking":false,"_uf_show_specific_survey":0,"_uf_disable_surveys":false,"footnotes":""},"categories":[1,126],"tags":[],"class_list":["post-18744","post","type-post","status-publish","format-standard","has-post-thumbnail","hentry","category-agro","category-destacados"],"aioseo_notices":[],"aioseo_head":"\n\t\t<!-- All in One SEO 5.0.1.1 - aioseo.com -->\n\t<meta name=\"description\" content=\"Aten\u00e7\u00e3o criadores! A Associa\u00e7\u00e3o Brasileira de Hereford e Braford (ABHB) recebe at\u00e9 sexta-feira, dia 4 de junho, as inscri\u00e7\u00f5es para s\u00f3cios interessados em submeter seus animais na Prova de Avalia\u00e7\u00e3o a Campo (PAC) 2021\/2022. As ades\u00f5es devem ser realizadas atrav\u00e9s da Secretaria da ABHB, pelo e-mail secretaria.hereford@braford.com.br ou pelo fone (53) 3242 1332. Considerada a\" \/>\n\t<meta name=\"robots\" content=\"max-image-preview:large\" \/>\n\t<meta name=\"author\" content=\"Alejo Bordon\"\/>\n\t<link rel=\"canonical\" href=\"https:\/\/radiosul.net\/wp\/2021\/inscricoes-para-a-pac-2021-2022-encerram-nesta-sexta-feira-4\/\" \/>\n\t<meta name=\"generator\" content=\"All in One SEO (AIOSEO) 5.0.1.1\" \/>\n\t\t<meta property=\"og:locale\" content=\"pt_BR\" \/>\n\t\t<meta property=\"og:site_name\" content=\"radiosul.net - Regional por Excel\u00eancia\" \/>\n\t\t<meta property=\"og:type\" content=\"article\" \/>\n\t\t<meta property=\"og:title\" content=\"Inscri\u00e7\u00f5es para a PAC 2021\/2022 encerram nesta sexta-feira (4) - radiosul.net\" \/>\n\t\t<meta property=\"og:description\" content=\"Aten\u00e7\u00e3o criadores! A Associa\u00e7\u00e3o Brasileira de Hereford e Braford (ABHB) recebe at\u00e9 sexta-feira, dia 4 de junho, as inscri\u00e7\u00f5es para s\u00f3cios interessados em submeter seus animais na Prova de Avalia\u00e7\u00e3o a Campo (PAC) 2021\/2022. As ades\u00f5es devem ser realizadas atrav\u00e9s da Secretaria da ABHB, pelo e-mail secretaria.hereford@braford.com.br ou pelo fone (53) 3242 1332. Considerada a\" \/>\n\t\t<meta property=\"og:url\" content=\"https:\/\/radiosul.net\/wp\/2021\/inscricoes-para-a-pac-2021-2022-encerram-nesta-sexta-feira-4\/\" \/>\n\t\t<meta property=\"article:published_time\" content=\"2021-06-02T11:20:22+00:00\" \/>\n\t\t<meta property=\"article:modified_time\" content=\"2021-06-02T11:20:23+00:00\" \/>\n\t\t<meta name=\"twitter:card\" content=\"summary_large_image\" \/>\n\t\t<meta name=\"twitter:title\" content=\"Inscri\u00e7\u00f5es para a PAC 2021\/2022 encerram nesta sexta-feira (4) - radiosul.net\" \/>\n\t\t<meta name=\"twitter:description\" content=\"Aten\u00e7\u00e3o criadores! A Associa\u00e7\u00e3o Brasileira de Hereford e Braford (ABHB) recebe at\u00e9 sexta-feira, dia 4 de junho, as inscri\u00e7\u00f5es para s\u00f3cios interessados em submeter seus animais na Prova de Avalia\u00e7\u00e3o a Campo (PAC) 2021\/2022. As ades\u00f5es devem ser realizadas atrav\u00e9s da Secretaria da ABHB, pelo e-mail secretaria.hereford@braford.com.br ou pelo fone (53) 3242 1332. Considerada a\" \/>\n\t\t<script type=\"application\/ld+json\" class=\"aioseo-schema\">\n\t\t\t{\"@context\":\"https:\\\/\\\/schema.org\",\"@graph\":[{\"@type\":\"BlogPosting\",\"@id\":\"https:\\\/\\\/radiosul.net\\\/wp\\\/2021\\\/inscricoes-para-a-pac-2021-2022-encerram-nesta-sexta-feira-4\\\/#blogposting\",\"name\":\"Inscri\\u00e7\\u00f5es para a PAC 2021\\\/2022 encerram nesta sexta-feira (4) - radiosul.net\",\"headline\":\"Inscri\\u00e7\\u00f5es para a PAC 2021\\\/2022 encerram nesta sexta-feira (4)\",\"author\":{\"@id\":\"https:\\\/\\\/radiosul.net\\\/wp\\\/author\\\/alejo\\\/#author\"},\"publisher\":{\"@id\":\"https:\\\/\\\/radiosul.net\\\/wp\\\/#organization\"},\"image\":{\"@type\":\"ImageObject\",\"url\":\"https:\\\/\\\/radiosul.net\\\/wp\\\/wp-content\\\/uploads\\\/2021\\\/06\\\/Fotografo-Gustavo-Rafael_img-6786.jpg\",\"width\":1280,\"height\":853,\"caption\":\"Foto: Gustavo Rafael\"},\"datePublished\":\"2021-06-02T08:20:22-03:00\",\"dateModified\":\"2021-06-02T08:20:23-03:00\",\"inLanguage\":\"pt-BR\",\"mainEntityOfPage\":{\"@id\":\"https:\\\/\\\/radiosul.net\\\/wp\\\/2021\\\/inscricoes-para-a-pac-2021-2022-encerram-nesta-sexta-feira-4\\\/#webpage\"},\"isPartOf\":{\"@id\":\"https:\\\/\\\/radiosul.net\\\/wp\\\/2021\\\/inscricoes-para-a-pac-2021-2022-encerram-nesta-sexta-feira-4\\\/#webpage\"},\"articleSection\":\"Agroneg\\u00f3cio, Destaque\"},{\"@type\":\"BreadcrumbList\",\"@id\":\"https:\\\/\\\/radiosul.net\\\/wp\\\/2021\\\/inscricoes-para-a-pac-2021-2022-encerram-nesta-sexta-feira-4\\\/#breadcrumblist\",\"itemListElement\":[{\"@type\":\"ListItem\",\"@id\":\"https:\\\/\\\/radiosul.net\\\/wp#listItem\",\"position\":1,\"name\":\"Home\",\"item\":\"https:\\\/\\\/radiosul.net\\\/wp\",\"nextItem\":{\"@type\":\"ListItem\",\"@id\":\"https:\\\/\\\/radiosul.net\\\/wp\\\/category\\\/agro\\\/#listItem\",\"name\":\"Agroneg\\u00f3cio\"}},{\"@type\":\"ListItem\",\"@id\":\"https:\\\/\\\/radiosul.net\\\/wp\\\/category\\\/agro\\\/#listItem\",\"position\":2,\"name\":\"Agroneg\\u00f3cio\",\"item\":\"https:\\\/\\\/radiosul.net\\\/wp\\\/category\\\/agro\\\/\",\"nextItem\":{\"@type\":\"ListItem\",\"@id\":\"https:\\\/\\\/radiosul.net\\\/wp\\\/2021\\\/inscricoes-para-a-pac-2021-2022-encerram-nesta-sexta-feira-4\\\/#listItem\",\"name\":\"Inscri\\u00e7\\u00f5es para a PAC 2021\\\/2022 encerram nesta sexta-feira (4)\"},\"previousItem\":{\"@type\":\"ListItem\",\"@id\":\"https:\\\/\\\/radiosul.net\\\/wp#listItem\",\"name\":\"Home\"}},{\"@type\":\"ListItem\",\"@id\":\"https:\\\/\\\/radiosul.net\\\/wp\\\/2021\\\/inscricoes-para-a-pac-2021-2022-encerram-nesta-sexta-feira-4\\\/#listItem\",\"position\":3,\"name\":\"Inscri\\u00e7\\u00f5es para a PAC 2021\\\/2022 encerram nesta sexta-feira (4)\",\"previousItem\":{\"@type\":\"ListItem\",\"@id\":\"https:\\\/\\\/radiosul.net\\\/wp\\\/category\\\/agro\\\/#listItem\",\"name\":\"Agroneg\\u00f3cio\"}}]},{\"@type\":\"Organization\",\"@id\":\"https:\\\/\\\/radiosul.net\\\/wp\\\/#organization\",\"name\":\"radiosul.net\",\"description\":\"Regional por Excel\\u00eancia\",\"url\":\"https:\\\/\\\/radiosul.net\\\/wp\\\/\"},{\"@type\":\"Person\",\"@id\":\"https:\\\/\\\/radiosul.net\\\/wp\\\/author\\\/alejo\\\/#author\",\"url\":\"https:\\\/\\\/radiosul.net\\\/wp\\\/author\\\/alejo\\\/\",\"name\":\"Alejo Bordon\",\"image\":{\"@type\":\"ImageObject\",\"@id\":\"https:\\\/\\\/radiosul.net\\\/wp\\\/2021\\\/inscricoes-para-a-pac-2021-2022-encerram-nesta-sexta-feira-4\\\/#authorImage\",\"url\":\"https:\\\/\\\/secure.gravatar.com\\\/avatar\\\/b3a7e7f1c71212e6a5b7183b79a2ab58dad8bdc4cd4eadd61c4434d010d0bae4?s=96&d=mm&r=g\",\"width\":96,\"height\":96,\"caption\":\"Alejo Bordon\"}},{\"@type\":\"WebPage\",\"@id\":\"https:\\\/\\\/radiosul.net\\\/wp\\\/2021\\\/inscricoes-para-a-pac-2021-2022-encerram-nesta-sexta-feira-4\\\/#webpage\",\"url\":\"https:\\\/\\\/radiosul.net\\\/wp\\\/2021\\\/inscricoes-para-a-pac-2021-2022-encerram-nesta-sexta-feira-4\\\/\",\"name\":\"Inscri\\u00e7\\u00f5es para a PAC 2021\\\/2022 encerram nesta sexta-feira (4) - radiosul.net\",\"description\":\"Aten\\u00e7\\u00e3o criadores! A Associa\\u00e7\\u00e3o Brasileira de Hereford e Braford (ABHB) recebe at\\u00e9 sexta-feira, dia 4 de junho, as inscri\\u00e7\\u00f5es para s\\u00f3cios interessados em submeter seus animais na Prova de Avalia\\u00e7\\u00e3o a Campo (PAC) 2021\\\/2022. As ades\\u00f5es devem ser realizadas atrav\\u00e9s da Secretaria da ABHB, pelo e-mail secretaria.hereford@braford.com.br ou pelo fone (53) 3242 1332. Considerada a\",\"inLanguage\":\"pt-BR\",\"isPartOf\":{\"@id\":\"https:\\\/\\\/radiosul.net\\\/wp\\\/#website\"},\"breadcrumb\":{\"@id\":\"https:\\\/\\\/radiosul.net\\\/wp\\\/2021\\\/inscricoes-para-a-pac-2021-2022-encerram-nesta-sexta-feira-4\\\/#breadcrumblist\"},\"author\":{\"@id\":\"https:\\\/\\\/radiosul.net\\\/wp\\\/author\\\/alejo\\\/#author\"},\"creator\":{\"@id\":\"https:\\\/\\\/radiosul.net\\\/wp\\\/author\\\/alejo\\\/#author\"},\"image\":{\"@type\":\"ImageObject\",\"url\":\"https:\\\/\\\/radiosul.net\\\/wp\\\/wp-content\\\/uploads\\\/2021\\\/06\\\/Fotografo-Gustavo-Rafael_img-6786.jpg\",\"@id\":\"https:\\\/\\\/radiosul.net\\\/wp\\\/2021\\\/inscricoes-para-a-pac-2021-2022-encerram-nesta-sexta-feira-4\\\/#mainImage\",\"width\":1280,\"height\":853,\"caption\":\"Foto: Gustavo Rafael\"},\"primaryImageOfPage\":{\"@id\":\"https:\\\/\\\/radiosul.net\\\/wp\\\/2021\\\/inscricoes-para-a-pac-2021-2022-encerram-nesta-sexta-feira-4\\\/#mainImage\"},\"datePublished\":\"2021-06-02T08:20:22-03:00\",\"dateModified\":\"2021-06-02T08:20:23-03:00\"},{\"@type\":\"WebSite\",\"@id\":\"https:\\\/\\\/radiosul.net\\\/wp\\\/#website\",\"url\":\"https:\\\/\\\/radiosul.net\\\/wp\\\/\",\"name\":\"radiosul.net\",\"description\":\"Regional por Excel\\u00eancia\",\"inLanguage\":\"pt-BR\",\"publisher\":{\"@id\":\"https:\\\/\\\/radiosul.net\\\/wp\\\/#organization\"}}]}\n\t\t<\/script>\n\t\t<!-- All in One SEO -->\n\n","aioseo_head_json":{"title":"Inscri\u00e7\u00f5es para a PAC 2021\/2022 encerram nesta sexta-feira (4) - radiosul.net","description":"Aten\u00e7\u00e3o criadores! A Associa\u00e7\u00e3o Brasileira de Hereford e Braford (ABHB) recebe at\u00e9 sexta-feira, dia 4 de junho, as inscri\u00e7\u00f5es para s\u00f3cios interessados em submeter seus animais na Prova de Avalia\u00e7\u00e3o a Campo (PAC) 2021\/2022. As ades\u00f5es devem ser realizadas atrav\u00e9s da Secretaria da ABHB, pelo e-mail secretaria.hereford@braford.com.br ou pelo fone (53) 3242 1332. Considerada a","canonical_url":"https:\/\/radiosul.net\/wp\/2021\/inscricoes-para-a-pac-2021-2022-encerram-nesta-sexta-feira-4\/","robots":"max-image-preview:large","keywords":"","webmasterTools":{"miscellaneous":""},"schema":{"@context":"https:\/\/schema.org","@graph":[{"@type":"BlogPosting","@id":"https:\/\/radiosul.net\/wp\/2021\/inscricoes-para-a-pac-2021-2022-encerram-nesta-sexta-feira-4\/#blogposting","name":"Inscri\u00e7\u00f5es para a PAC 2021\/2022 encerram nesta sexta-feira (4) - radiosul.net","headline":"Inscri\u00e7\u00f5es para a PAC 2021\/2022 encerram nesta sexta-feira (4)","author":{"@id":"https:\/\/radiosul.net\/wp\/author\/alejo\/#author"},"publisher":{"@id":"https:\/\/radiosul.net\/wp\/#organization"},"image":{"@type":"ImageObject","url":"https:\/\/radiosul.net\/wp\/wp-content\/uploads\/2021\/06\/Fotografo-Gustavo-Rafael_img-6786.jpg","width":1280,"height":853,"caption":"Foto: Gustavo Rafael"},"datePublished":"2021-06-02T08:20:22-03:00","dateModified":"2021-06-02T08:20:23-03:00","inLanguage":"pt-BR","mainEntityOfPage":{"@id":"https:\/\/radiosul.net\/wp\/2021\/inscricoes-para-a-pac-2021-2022-encerram-nesta-sexta-feira-4\/#webpage"},"isPartOf":{"@id":"https:\/\/radiosul.net\/wp\/2021\/inscricoes-para-a-pac-2021-2022-encerram-nesta-sexta-feira-4\/#webpage"},"articleSection":"Agroneg\u00f3cio, Destaque"},{"@type":"BreadcrumbList","@id":"https:\/\/radiosul.net\/wp\/2021\/inscricoes-para-a-pac-2021-2022-encerram-nesta-sexta-feira-4\/#breadcrumblist","itemListElement":[{"@type":"ListItem","@id":"https:\/\/radiosul.net\/wp#listItem","position":1,"name":"Home","item":"https:\/\/radiosul.net\/wp","nextItem":{"@type":"ListItem","@id":"https:\/\/radiosul.net\/wp\/category\/agro\/#listItem","name":"Agroneg\u00f3cio"}},{"@type":"ListItem","@id":"https:\/\/radiosul.net\/wp\/category\/agro\/#listItem","position":2,"name":"Agroneg\u00f3cio","item":"https:\/\/radiosul.net\/wp\/category\/agro\/","nextItem":{"@type":"ListItem","@id":"https:\/\/radiosul.net\/wp\/2021\/inscricoes-para-a-pac-2021-2022-encerram-nesta-sexta-feira-4\/#listItem","name":"Inscri\u00e7\u00f5es para a PAC 2021\/2022 encerram nesta sexta-feira (4)"},"previousItem":{"@type":"ListItem","@id":"https:\/\/radiosul.net\/wp#listItem","name":"Home"}},{"@type":"ListItem","@id":"https:\/\/radiosul.net\/wp\/2021\/inscricoes-para-a-pac-2021-2022-encerram-nesta-sexta-feira-4\/#listItem","position":3,"name":"Inscri\u00e7\u00f5es para a PAC 2021\/2022 encerram nesta sexta-feira (4)","previousItem":{"@type":"ListItem","@id":"https:\/\/radiosul.net\/wp\/category\/agro\/#listItem","name":"Agroneg\u00f3cio"}}]},{"@type":"Organization","@id":"https:\/\/radiosul.net\/wp\/#organization","name":"radiosul.net","description":"Regional por Excel\u00eancia","url":"https:\/\/radiosul.net\/wp\/"},{"@type":"Person","@id":"https:\/\/radiosul.net\/wp\/author\/alejo\/#author","url":"https:\/\/radiosul.net\/wp\/author\/alejo\/","name":"Alejo Bordon","image":{"@type":"ImageObject","@id":"https:\/\/radiosul.net\/wp\/2021\/inscricoes-para-a-pac-2021-2022-encerram-nesta-sexta-feira-4\/#authorImage","url":"https:\/\/secure.gravatar.com\/avatar\/b3a7e7f1c71212e6a5b7183b79a2ab58dad8bdc4cd4eadd61c4434d010d0bae4?s=96&d=mm&r=g","width":96,"height":96,"caption":"Alejo Bordon"}},{"@type":"WebPage","@id":"https:\/\/radiosul.net\/wp\/2021\/inscricoes-para-a-pac-2021-2022-encerram-nesta-sexta-feira-4\/#webpage","url":"https:\/\/radiosul.net\/wp\/2021\/inscricoes-para-a-pac-2021-2022-encerram-nesta-sexta-feira-4\/","name":"Inscri\u00e7\u00f5es para a PAC 2021\/2022 encerram nesta sexta-feira (4) - radiosul.net","description":"Aten\u00e7\u00e3o criadores! A Associa\u00e7\u00e3o Brasileira de Hereford e Braford (ABHB) recebe at\u00e9 sexta-feira, dia 4 de junho, as inscri\u00e7\u00f5es para s\u00f3cios interessados em submeter seus animais na Prova de Avalia\u00e7\u00e3o a Campo (PAC) 2021\/2022. As ades\u00f5es devem ser realizadas atrav\u00e9s da Secretaria da ABHB, pelo e-mail secretaria.hereford@braford.com.br ou pelo fone (53) 3242 1332. Considerada a","inLanguage":"pt-BR","isPartOf":{"@id":"https:\/\/radiosul.net\/wp\/#website"},"breadcrumb":{"@id":"https:\/\/radiosul.net\/wp\/2021\/inscricoes-para-a-pac-2021-2022-encerram-nesta-sexta-feira-4\/#breadcrumblist"},"author":{"@id":"https:\/\/radiosul.net\/wp\/author\/alejo\/#author"},"creator":{"@id":"https:\/\/radiosul.net\/wp\/author\/alejo\/#author"},"image":{"@type":"ImageObject","url":"https:\/\/radiosul.net\/wp\/wp-content\/uploads\/2021\/06\/Fotografo-Gustavo-Rafael_img-6786.jpg","@id":"https:\/\/radiosul.net\/wp\/2021\/inscricoes-para-a-pac-2021-2022-encerram-nesta-sexta-feira-4\/#mainImage","width":1280,"height":853,"caption":"Foto: Gustavo Rafael"},"primaryImageOfPage":{"@id":"https:\/\/radiosul.net\/wp\/2021\/inscricoes-para-a-pac-2021-2022-encerram-nesta-sexta-feira-4\/#mainImage"},"datePublished":"2021-06-02T08:20:22-03:00","dateModified":"2021-06-02T08:20:23-03:00"},{"@type":"WebSite","@id":"https:\/\/radiosul.net\/wp\/#website","url":"https:\/\/radiosul.net\/wp\/","name":"radiosul.net","description":"Regional por Excel\u00eancia","inLanguage":"pt-BR","publisher":{"@id":"https:\/\/radiosul.net\/wp\/#organization"}}]},"og:locale":"pt_BR","og:site_name":"radiosul.net - Regional por Excel\u00eancia","og:type":"article","og:title":"Inscri\u00e7\u00f5es para a PAC 2021\/2022 encerram nesta sexta-feira (4) - radiosul.net","og:description":"Aten\u00e7\u00e3o criadores! A Associa\u00e7\u00e3o Brasileira de Hereford e Braford (ABHB) recebe at\u00e9 sexta-feira, dia 4 de junho, as inscri\u00e7\u00f5es para s\u00f3cios interessados em submeter seus animais na Prova de Avalia\u00e7\u00e3o a Campo (PAC) 2021\/2022. As ades\u00f5es devem ser realizadas atrav\u00e9s da Secretaria da ABHB, pelo e-mail secretaria.hereford@braford.com.br ou pelo fone (53) 3242 1332. Considerada a","og:url":"https:\/\/radiosul.net\/wp\/2021\/inscricoes-para-a-pac-2021-2022-encerram-nesta-sexta-feira-4\/","article:published_time":"2021-06-02T11:20:22+00:00","article:modified_time":"2021-06-02T11:20:23+00:00","twitter:card":"summary_large_image","twitter:title":"Inscri\u00e7\u00f5es para a PAC 2021\/2022 encerram nesta sexta-feira (4) - radiosul.net","twitter:description":"Aten\u00e7\u00e3o criadores! A Associa\u00e7\u00e3o Brasileira de Hereford e Braford (ABHB) recebe at\u00e9 sexta-feira, dia 4 de junho, as inscri\u00e7\u00f5es para s\u00f3cios interessados em submeter seus animais na Prova de Avalia\u00e7\u00e3o a Campo (PAC) 2021\/2022. As ades\u00f5es devem ser realizadas atrav\u00e9s da Secretaria da ABHB, pelo e-mail secretaria.hereford@braford.com.br ou pelo fone (53) 3242 1332. Considerada a"},"aioseo_meta_data":{"post_id":"18744","title":null,"description":null,"keywords":null,"keyphrases":null,"primary_term":null,"canonical_url":null,"og_title":null,"og_description":null,"og_object_type":"default","og_image_type":"default","og_image_url":null,"og_image_width":null,"og_image_height":null,"og_image_custom_url":null,"og_image_custom_fields":null,"og_video":null,"og_custom_url":null,"og_article_section":null,"og_article_tags":null,"twitter_use_og":false,"twitter_card":"default","twitter_image_type":"default","twitter_image_url":null,"twitter_image_custom_url":null,"twitter_image_custom_fields":null,"twitter_title":null,"twitter_description":null,"schema":{"blockGraphs":[],"customGraphs":[],"default":{"data":{"Article":[],"Course":[],"Dataset":[],"FAQPage":[],"Movie":[],"Person":[],"Product":[],"ProductReview":[],"Car":[],"Recipe":[],"Service":[],"SoftwareApplication":[],"WebPage":[]},"graphName":"","isEnabled":true},"graphs":[]},"schema_type":"default","schema_type_options":null,"pillar_content":false,"robots_default":true,"robots_noindex":false,"robots_noarchive":false,"robots_nosnippet":false,"robots_nofollow":false,"robots_noimageindex":false,"robots_noodp":false,"robots_notranslate":false,"robots_max_snippet":null,"robots_max_videopreview":null,"robots_max_imagepreview":"large","priority":null,"frequency":null,"local_seo":null,"breadcrumb_settings":null,"limit_modified_date":false,"ai":null,"created":"2026-01-09 02:58:30","updated":"2026-01-09 02:58:30","seo_analyzer_scan_date":null,"focus_keyword":null,"additional_keywords":null,"truseo_locale":null},"aioseo_breadcrumb":"<div class=\"aioseo-breadcrumbs\"><span class=\"aioseo-breadcrumb\">\n\t\t\t<a href=\"https:\/\/radiosul.net\/wp\" title=\"Home\">Home<\/a>\n\t\t<\/span><span class=\"aioseo-breadcrumb-separator\">&raquo;<\/span><span class=\"aioseo-breadcrumb\">\n\t\t\t<a href=\"https:\/\/radiosul.net\/wp\/category\/agro\/\" title=\"Agroneg\u00f3cio\">Agroneg\u00f3cio<\/a>\n\t\t<\/span><span class=\"aioseo-breadcrumb-separator\">&raquo;<\/span><span class=\"aioseo-breadcrumb\">\n\t\t\tInscri\u00e7\u00f5es para a PAC 2021\/2022 encerram nesta sexta-feira (4)\n\t\t<\/span><\/div>","aioseo_breadcrumb_json":[{"label":"Home","link":"https:\/\/radiosul.net\/wp"},{"label":"Agroneg\u00f3cio","link":"https:\/\/radiosul.net\/wp\/category\/agro\/"},{"label":"Inscri\u00e7\u00f5es para a PAC 2021\/2022 encerram nesta sexta-feira (4)","link":"https:\/\/radiosul.net\/wp\/2021\/inscricoes-para-a-pac-2021-2022-encerram-nesta-sexta-feira-4\/"}],"_links":{"self":[{"href":"https:\/\/radiosul.net\/wp\/wp-json\/wp\/v2\/posts\/18744","targetHints":{"allow":["GET"]}}],"collection":[{"href":"https:\/\/radiosul.net\/wp\/wp-json\/wp\/v2\/posts"}],"about":[{"href":"https:\/\/radiosul.net\/wp\/wp-json\/wp\/v2\/types\/post"}],"author":[{"embeddable":true,"href":"https:\/\/radiosul.net\/wp\/wp-json\/wp\/v2\/users\/9"}],"replies":[{"embeddable":true,"href":"https:\/\/radiosul.net\/wp\/wp-json\/wp\/v2\/comments?post=18744"}],"version-history":[{"count":1,"href":"https:\/\/radiosul.net\/wp\/wp-json\/wp\/v2\/posts\/18744\/revisions"}],"predecessor-version":[{"id":18750,"href":"https:\/\/radiosul.net\/wp\/wp-json\/wp\/v2\/posts\/18744\/revisions\/18750"}],"wp:featuredmedia":[{"embeddable":true,"href":"https:\/\/radiosul.net\/wp\/wp-json\/wp\/v2\/media\/18746"}],"wp:attachment":[{"href":"https:\/\/radiosul.net\/wp\/wp-json\/wp\/v2\/media?parent=18744"}],"wp:term":[{"taxonomy":"category","embeddable":true,"href":"https:\/\/radiosul.net\/wp\/wp-json\/wp\/v2\/categories?post=18744"},{"taxonomy":"post_tag","embeddable":true,"href":"https:\/\/radiosul.net\/wp\/wp-json\/wp\/v2\/tags?post=18744"}],"curies":[{"name":"wp","href":"https:\/\/api.w.org\/{rel}","templated":true}]}}