{"id":18677,"date":"2021-05-28T07:00:00","date_gmt":"2021-05-28T10:00:00","guid":{"rendered":"https:\/\/radiosul.net\/wp\/?p=18677"},"modified":"2021-05-27T20:18:28","modified_gmt":"2021-05-27T23:18:28","slug":"secretaria-da-agricultura-da-inicio-a-implementacao-da-lei-geral-de-protecao-de-dados","status":"publish","type":"post","link":"https:\/\/radiosul.net\/wp\/2021\/secretaria-da-agricultura-da-inicio-a-implementacao-da-lei-geral-de-protecao-de-dados\/","title":{"rendered":"Secretaria da Agricultura d\u00e1 in\u00edcio \u00e0 implementa\u00e7\u00e3o da Lei Geral de Prote\u00e7\u00e3o de Dados"},"content":{"rendered":"\n<p class=\"wp-block-paragraph\">A Secretaria de Estado da Agricultura, da Pesca e do Desenvolvimento Rural de Santa Catarina realizou, na ter\u00e7a-feira, 25, a primeira capacita\u00e7\u00e3o dos funcion\u00e1rios para fortalecer ainda mais a seguran\u00e7a dos dados de toda a cadeia do agroneg\u00f3cio catarinense. O encontro foi realizado de forma online e conduzido pela professora e especialista internacional em prote\u00e7\u00e3o de dados pessoais, Andrea Willemin.<\/p>\n\n\n\n<p class=\"wp-block-paragraph\">Em agosto de 2018, o governo federal sancionou a Lei Geral de Prote\u00e7\u00e3o de Dados (LGPD), uma nova ferramenta para controle e cuidado com os dados pessoais. \u201cEstamos atentos a todos os novos desafios ligados ao agroneg\u00f3cio, inclusive a seguran\u00e7a dos dados pessoais. Esse foi um pedido do governador Carlos Mois\u00e9s, que por meio de decreto determinou que os \u00f3rg\u00e3os p\u00fablicos adotassem a\u00e7\u00f5es visando a prote\u00e7\u00e3o de dados. A atualiza\u00e7\u00e3o dos funcion\u00e1rios \u00e9 o primeiro passo para essa nova estrutura\u00e7\u00e3o de funcionamento adequada a LGPD \u201d, disse o secret\u00e1rio de Agricultura, Altair Silva.<\/p>\n\n\n\n<p class=\"wp-block-paragraph\">A prote\u00e7\u00e3o de dados \u00e9 um novo direito fundamental e a secretaria realiza agora a fase de mapeamento. Os pr\u00f3ximos passos s\u00e3o a elabora\u00e7\u00e3o do cronograma de implanta\u00e7\u00e3o e a regulamenta\u00e7\u00e3o interna para definir como esses dados ser\u00e3o tratados de forma a garantir a seguran\u00e7a e o direito \u00e0 privacidade. \u201cO dado pessoal faz parte da nossa forma\u00e7\u00e3o, da nossa constitui\u00e7\u00e3o, da nossa personalidade, ele \u00e9 integrante ao nosso ser. O uso dessas informa\u00e7\u00f5es extra\u00eddas dos nossos dados pessoais d\u00e1 um poder muito grande a um terceiro, para vigil\u00e2ncia, para manipula\u00e7\u00e3o, para monitoramento. Esses dados pessoais s\u00e3o acima de tudo o teu capital, um capital de vida, como ser humano, como pessoa, como integrante, \u00e9 como se fosse uma arma para terceiros\u201d, ressalta Andrea.<\/p>\n\n\n\n<p class=\"wp-block-paragraph\">A implementa\u00e7\u00e3o da LGPD vai alterar a rotina de funcionamento das entidades p\u00fablicas, j\u00e1 que sua dimens\u00e3o como direito fundamental de prote\u00e7\u00e3o aos dados pessoais individuais abrange todo e qualquer procedimento, desde capta\u00e7\u00e3o dos dados pessoais at\u00e9 a finalidade a que ele foi disposto pelo cidad\u00e3o e, posteriormente, a guarda e o monitoramento.<\/p>\n\n\n\n<p class=\"wp-block-paragraph\">\u201c\u00c9 importante salientar que os dados pessoais pertencem as pessoas. At\u00e9 hoje t\u00ednhamos essa sensa\u00e7\u00e3o de que se est\u00e1 dentro do meu sistema a gente vai tratar, \u00e9 meu, e n\u00e3o \u00e9 bem assim. Agora o dado pessoal est\u00e1 dentro do nosso sistema, onde n\u00f3s somos os controladores, mas eu preciso prestar contas. Esse dado est\u00e1 l\u00e1 sob a minha cust\u00f3dia, mas ele n\u00e3o pertence a minha organiza\u00e7\u00e3o, ele est\u00e1 l\u00e1 emprestado e isso tem que ficar muito claro\u201d, destaca a professora.<\/p>\n\n\n\n<p class=\"wp-block-paragraph\">Conforme Andrea, um ponto fundamental a ser considerado pelas empresas p\u00fablicas \u00e9 o princ\u00edpio da legalidade. A entidade deve ter a certeza jur\u00eddica de que os dados tratados possuem autoriza\u00e7\u00e3o legal.<\/p>\n\n\n\n<p class=\"wp-block-paragraph\">\u201cOs dados captados com os benefici\u00e1rios das pol\u00edticas p\u00fablicas da Secretaria e das empresas vinculadas ao \u00f3rg\u00e3o t\u00eam que ser protegidos. S\u00e3o dados pessoais e sens\u00edveis, que foram destinados pelo benefici\u00e1rio e que abrangem o patrim\u00f4nio individual dele, da pessoa humana. Todo dado pessoal, ou que possa ser identific\u00e1vel como pessoal, tem que ser protegido pela Secretaria, e n\u00e3o pode ser utilizado para uma finalidade diversa da qual ele foi destinado pelo cidad\u00e3o\u201d, destaca o consultor jur\u00eddico da secretaria, Jos\u00e9 Cesconetto.<\/p>\n\n\n\n<p class=\"wp-block-paragraph\">O trabalho integrado entre a secretaria e suas empresas vinculadas, Epagri, Cidasc e Ceasa, \u00e9 fundamental para garantir a prote\u00e7\u00e3o em todos os segmentos da pasta agro. \u201cEm raz\u00e3o das atividades desenvolvidas tanto pela Secretaria de agricultura, quanto pelas empresas vinculadas, Cidasc, Epagri e Ceasa, se faz necess\u00e1rio o compartilhamento de informa\u00e7\u00f5es, o compartilhamento de banco de dados. Isso exige, portanto, uma adequa\u00e7\u00e3o no uso, no tratamento e na forma como s\u00e3o manipulados os dados pessoais, trabalho esse que deve ser feito de forma conjunta\u201d, acrescenta a Gestora de Departamento Jur\u00eddico da Cidasc, Raquel Schiefler.<\/p>\n\n\n\n<p class=\"wp-block-paragraph\">O evento foi organizado pelo Comit\u00ea Operacional, Auxiliar e de Integra\u00e7\u00e3o da LGPD e contou com a participa\u00e7\u00e3o de funcion\u00e1rios da Secretaria de Agricultura, Epagri, Cidasc e Ceasa.<\/p>\n\n\n\n<p class=\"wp-block-paragraph\"><strong><em>Fonte: Secretaria da Agricultura, da Pesca e do Desenvolvimento Rural<\/em><\/strong><\/p>\n","protected":false},"excerpt":{"rendered":"<p>A Secretaria de Estado da Agricultura, da Pesca e do Desenvolvimento Rural de Santa Catarina realizou, na ter\u00e7a-feira, 25, a primeira capacita\u00e7\u00e3o dos funcion\u00e1rios para fortalecer ainda mais a seguran\u00e7a dos dados de toda a cadeia do agroneg\u00f3cio catarinense. O encontro foi realizado de forma online e conduzido pela professora e especialista internacional em prote\u00e7\u00e3o &hellip;<\/p>\n","protected":false},"author":9,"featured_media":0,"comment_status":"closed","ping_status":"closed","sticky":false,"template":"","format":"standard","meta":{"_monsterinsights_skip_tracking":false,"_uf_show_specific_survey":0,"_uf_disable_surveys":false,"footnotes":""},"categories":[1,126],"tags":[],"class_list":["post-18677","post","type-post","status-publish","format-standard","hentry","category-agro","category-destacados"],"aioseo_notices":[],"aioseo_head":"\n\t\t<!-- All in One SEO 5.0.1.1 - aioseo.com -->\n\t<meta name=\"description\" content=\"A Secretaria de Estado da Agricultura, da Pesca e do Desenvolvimento Rural de Santa Catarina realizou, na ter\u00e7a-feira, 25, a primeira capacita\u00e7\u00e3o dos funcion\u00e1rios para fortalecer ainda mais a seguran\u00e7a dos dados de toda a cadeia do agroneg\u00f3cio catarinense. O encontro foi realizado de forma online e conduzido pela professora e especialista internacional em prote\u00e7\u00e3o\" \/>\n\t<meta name=\"robots\" content=\"max-image-preview:large\" \/>\n\t<meta name=\"author\" content=\"Alejo Bordon\"\/>\n\t<link rel=\"canonical\" href=\"https:\/\/radiosul.net\/wp\/2021\/secretaria-da-agricultura-da-inicio-a-implementacao-da-lei-geral-de-protecao-de-dados\/\" \/>\n\t<meta name=\"generator\" content=\"All in One SEO (AIOSEO) 5.0.1.1\" \/>\n\t\t<meta property=\"og:locale\" content=\"pt_BR\" \/>\n\t\t<meta property=\"og:site_name\" content=\"radiosul.net - Regional por Excel\u00eancia\" \/>\n\t\t<meta property=\"og:type\" content=\"article\" \/>\n\t\t<meta property=\"og:title\" content=\"Secretaria da Agricultura d\u00e1 in\u00edcio \u00e0 implementa\u00e7\u00e3o da Lei Geral de Prote\u00e7\u00e3o de Dados - radiosul.net\" \/>\n\t\t<meta property=\"og:description\" content=\"A Secretaria de Estado da Agricultura, da Pesca e do Desenvolvimento Rural de Santa Catarina realizou, na ter\u00e7a-feira, 25, a primeira capacita\u00e7\u00e3o dos funcion\u00e1rios para fortalecer ainda mais a seguran\u00e7a dos dados de toda a cadeia do agroneg\u00f3cio catarinense. O encontro foi realizado de forma online e conduzido pela professora e especialista internacional em prote\u00e7\u00e3o\" \/>\n\t\t<meta property=\"og:url\" content=\"https:\/\/radiosul.net\/wp\/2021\/secretaria-da-agricultura-da-inicio-a-implementacao-da-lei-geral-de-protecao-de-dados\/\" \/>\n\t\t<meta property=\"article:published_time\" content=\"2021-05-28T10:00:00+00:00\" \/>\n\t\t<meta property=\"article:modified_time\" content=\"2021-05-27T23:18:28+00:00\" \/>\n\t\t<meta name=\"twitter:card\" content=\"summary_large_image\" \/>\n\t\t<meta name=\"twitter:title\" content=\"Secretaria da Agricultura d\u00e1 in\u00edcio \u00e0 implementa\u00e7\u00e3o da Lei Geral de Prote\u00e7\u00e3o de Dados - radiosul.net\" \/>\n\t\t<meta name=\"twitter:description\" content=\"A Secretaria de Estado da Agricultura, da Pesca e do Desenvolvimento Rural de Santa Catarina realizou, na ter\u00e7a-feira, 25, a primeira capacita\u00e7\u00e3o dos funcion\u00e1rios para fortalecer ainda mais a seguran\u00e7a dos dados de toda a cadeia do agroneg\u00f3cio catarinense. O encontro foi realizado de forma online e conduzido pela professora e especialista internacional em prote\u00e7\u00e3o\" \/>\n\t\t<script type=\"application\/ld+json\" class=\"aioseo-schema\">\n\t\t\t{\"@context\":\"https:\\\/\\\/schema.org\",\"@graph\":[{\"@type\":\"BlogPosting\",\"@id\":\"https:\\\/\\\/radiosul.net\\\/wp\\\/2021\\\/secretaria-da-agricultura-da-inicio-a-implementacao-da-lei-geral-de-protecao-de-dados\\\/#blogposting\",\"name\":\"Secretaria da Agricultura d\\u00e1 in\\u00edcio \\u00e0 implementa\\u00e7\\u00e3o da Lei Geral de Prote\\u00e7\\u00e3o de Dados - radiosul.net\",\"headline\":\"Secretaria da Agricultura d\\u00e1 in\\u00edcio \\u00e0 implementa\\u00e7\\u00e3o da Lei Geral de Prote\\u00e7\\u00e3o de Dados\",\"author\":{\"@id\":\"https:\\\/\\\/radiosul.net\\\/wp\\\/author\\\/alejo\\\/#author\"},\"publisher\":{\"@id\":\"https:\\\/\\\/radiosul.net\\\/wp\\\/#organization\"},\"datePublished\":\"2021-05-28T07:00:00-03:00\",\"dateModified\":\"2021-05-27T20:18:28-03:00\",\"inLanguage\":\"pt-BR\",\"mainEntityOfPage\":{\"@id\":\"https:\\\/\\\/radiosul.net\\\/wp\\\/2021\\\/secretaria-da-agricultura-da-inicio-a-implementacao-da-lei-geral-de-protecao-de-dados\\\/#webpage\"},\"isPartOf\":{\"@id\":\"https:\\\/\\\/radiosul.net\\\/wp\\\/2021\\\/secretaria-da-agricultura-da-inicio-a-implementacao-da-lei-geral-de-protecao-de-dados\\\/#webpage\"},\"articleSection\":\"Agroneg\\u00f3cio, Destaque\"},{\"@type\":\"BreadcrumbList\",\"@id\":\"https:\\\/\\\/radiosul.net\\\/wp\\\/2021\\\/secretaria-da-agricultura-da-inicio-a-implementacao-da-lei-geral-de-protecao-de-dados\\\/#breadcrumblist\",\"itemListElement\":[{\"@type\":\"ListItem\",\"@id\":\"https:\\\/\\\/radiosul.net\\\/wp#listItem\",\"position\":1,\"name\":\"Home\",\"item\":\"https:\\\/\\\/radiosul.net\\\/wp\",\"nextItem\":{\"@type\":\"ListItem\",\"@id\":\"https:\\\/\\\/radiosul.net\\\/wp\\\/category\\\/agro\\\/#listItem\",\"name\":\"Agroneg\\u00f3cio\"}},{\"@type\":\"ListItem\",\"@id\":\"https:\\\/\\\/radiosul.net\\\/wp\\\/category\\\/agro\\\/#listItem\",\"position\":2,\"name\":\"Agroneg\\u00f3cio\",\"item\":\"https:\\\/\\\/radiosul.net\\\/wp\\\/category\\\/agro\\\/\",\"nextItem\":{\"@type\":\"ListItem\",\"@id\":\"https:\\\/\\\/radiosul.net\\\/wp\\\/2021\\\/secretaria-da-agricultura-da-inicio-a-implementacao-da-lei-geral-de-protecao-de-dados\\\/#listItem\",\"name\":\"Secretaria da Agricultura d\\u00e1 in\\u00edcio \\u00e0 implementa\\u00e7\\u00e3o da Lei Geral de Prote\\u00e7\\u00e3o de Dados\"},\"previousItem\":{\"@type\":\"ListItem\",\"@id\":\"https:\\\/\\\/radiosul.net\\\/wp#listItem\",\"name\":\"Home\"}},{\"@type\":\"ListItem\",\"@id\":\"https:\\\/\\\/radiosul.net\\\/wp\\\/2021\\\/secretaria-da-agricultura-da-inicio-a-implementacao-da-lei-geral-de-protecao-de-dados\\\/#listItem\",\"position\":3,\"name\":\"Secretaria da Agricultura d\\u00e1 in\\u00edcio \\u00e0 implementa\\u00e7\\u00e3o da Lei Geral de Prote\\u00e7\\u00e3o de Dados\",\"previousItem\":{\"@type\":\"ListItem\",\"@id\":\"https:\\\/\\\/radiosul.net\\\/wp\\\/category\\\/agro\\\/#listItem\",\"name\":\"Agroneg\\u00f3cio\"}}]},{\"@type\":\"Organization\",\"@id\":\"https:\\\/\\\/radiosul.net\\\/wp\\\/#organization\",\"name\":\"radiosul.net\",\"description\":\"Regional por Excel\\u00eancia\",\"url\":\"https:\\\/\\\/radiosul.net\\\/wp\\\/\"},{\"@type\":\"Person\",\"@id\":\"https:\\\/\\\/radiosul.net\\\/wp\\\/author\\\/alejo\\\/#author\",\"url\":\"https:\\\/\\\/radiosul.net\\\/wp\\\/author\\\/alejo\\\/\",\"name\":\"Alejo Bordon\",\"image\":{\"@type\":\"ImageObject\",\"@id\":\"https:\\\/\\\/radiosul.net\\\/wp\\\/2021\\\/secretaria-da-agricultura-da-inicio-a-implementacao-da-lei-geral-de-protecao-de-dados\\\/#authorImage\",\"url\":\"https:\\\/\\\/secure.gravatar.com\\\/avatar\\\/b3a7e7f1c71212e6a5b7183b79a2ab58dad8bdc4cd4eadd61c4434d010d0bae4?s=96&d=mm&r=g\",\"width\":96,\"height\":96,\"caption\":\"Alejo Bordon\"}},{\"@type\":\"WebPage\",\"@id\":\"https:\\\/\\\/radiosul.net\\\/wp\\\/2021\\\/secretaria-da-agricultura-da-inicio-a-implementacao-da-lei-geral-de-protecao-de-dados\\\/#webpage\",\"url\":\"https:\\\/\\\/radiosul.net\\\/wp\\\/2021\\\/secretaria-da-agricultura-da-inicio-a-implementacao-da-lei-geral-de-protecao-de-dados\\\/\",\"name\":\"Secretaria da Agricultura d\\u00e1 in\\u00edcio \\u00e0 implementa\\u00e7\\u00e3o da Lei Geral de Prote\\u00e7\\u00e3o de Dados - radiosul.net\",\"description\":\"A Secretaria de Estado da Agricultura, da Pesca e do Desenvolvimento Rural de Santa Catarina realizou, na ter\\u00e7a-feira, 25, a primeira capacita\\u00e7\\u00e3o dos funcion\\u00e1rios para fortalecer ainda mais a seguran\\u00e7a dos dados de toda a cadeia do agroneg\\u00f3cio catarinense. O encontro foi realizado de forma online e conduzido pela professora e especialista internacional em prote\\u00e7\\u00e3o\",\"inLanguage\":\"pt-BR\",\"isPartOf\":{\"@id\":\"https:\\\/\\\/radiosul.net\\\/wp\\\/#website\"},\"breadcrumb\":{\"@id\":\"https:\\\/\\\/radiosul.net\\\/wp\\\/2021\\\/secretaria-da-agricultura-da-inicio-a-implementacao-da-lei-geral-de-protecao-de-dados\\\/#breadcrumblist\"},\"author\":{\"@id\":\"https:\\\/\\\/radiosul.net\\\/wp\\\/author\\\/alejo\\\/#author\"},\"creator\":{\"@id\":\"https:\\\/\\\/radiosul.net\\\/wp\\\/author\\\/alejo\\\/#author\"},\"datePublished\":\"2021-05-28T07:00:00-03:00\",\"dateModified\":\"2021-05-27T20:18:28-03:00\"},{\"@type\":\"WebSite\",\"@id\":\"https:\\\/\\\/radiosul.net\\\/wp\\\/#website\",\"url\":\"https:\\\/\\\/radiosul.net\\\/wp\\\/\",\"name\":\"radiosul.net\",\"description\":\"Regional por Excel\\u00eancia\",\"inLanguage\":\"pt-BR\",\"publisher\":{\"@id\":\"https:\\\/\\\/radiosul.net\\\/wp\\\/#organization\"}}]}\n\t\t<\/script>\n\t\t<!-- All in One SEO -->\n\n","aioseo_head_json":{"title":"Secretaria da Agricultura d\u00e1 in\u00edcio \u00e0 implementa\u00e7\u00e3o da Lei Geral de Prote\u00e7\u00e3o de Dados - radiosul.net","description":"A Secretaria de Estado da Agricultura, da Pesca e do Desenvolvimento Rural de Santa Catarina realizou, na ter\u00e7a-feira, 25, a primeira capacita\u00e7\u00e3o dos funcion\u00e1rios para fortalecer ainda mais a seguran\u00e7a dos dados de toda a cadeia do agroneg\u00f3cio catarinense. O encontro foi realizado de forma online e conduzido pela professora e especialista internacional em prote\u00e7\u00e3o","canonical_url":"https:\/\/radiosul.net\/wp\/2021\/secretaria-da-agricultura-da-inicio-a-implementacao-da-lei-geral-de-protecao-de-dados\/","robots":"max-image-preview:large","keywords":"","webmasterTools":{"miscellaneous":""},"schema":{"@context":"https:\/\/schema.org","@graph":[{"@type":"BlogPosting","@id":"https:\/\/radiosul.net\/wp\/2021\/secretaria-da-agricultura-da-inicio-a-implementacao-da-lei-geral-de-protecao-de-dados\/#blogposting","name":"Secretaria da Agricultura d\u00e1 in\u00edcio \u00e0 implementa\u00e7\u00e3o da Lei Geral de Prote\u00e7\u00e3o de Dados - radiosul.net","headline":"Secretaria da Agricultura d\u00e1 in\u00edcio \u00e0 implementa\u00e7\u00e3o da Lei Geral de Prote\u00e7\u00e3o de Dados","author":{"@id":"https:\/\/radiosul.net\/wp\/author\/alejo\/#author"},"publisher":{"@id":"https:\/\/radiosul.net\/wp\/#organization"},"datePublished":"2021-05-28T07:00:00-03:00","dateModified":"2021-05-27T20:18:28-03:00","inLanguage":"pt-BR","mainEntityOfPage":{"@id":"https:\/\/radiosul.net\/wp\/2021\/secretaria-da-agricultura-da-inicio-a-implementacao-da-lei-geral-de-protecao-de-dados\/#webpage"},"isPartOf":{"@id":"https:\/\/radiosul.net\/wp\/2021\/secretaria-da-agricultura-da-inicio-a-implementacao-da-lei-geral-de-protecao-de-dados\/#webpage"},"articleSection":"Agroneg\u00f3cio, Destaque"},{"@type":"BreadcrumbList","@id":"https:\/\/radiosul.net\/wp\/2021\/secretaria-da-agricultura-da-inicio-a-implementacao-da-lei-geral-de-protecao-de-dados\/#breadcrumblist","itemListElement":[{"@type":"ListItem","@id":"https:\/\/radiosul.net\/wp#listItem","position":1,"name":"Home","item":"https:\/\/radiosul.net\/wp","nextItem":{"@type":"ListItem","@id":"https:\/\/radiosul.net\/wp\/category\/agro\/#listItem","name":"Agroneg\u00f3cio"}},{"@type":"ListItem","@id":"https:\/\/radiosul.net\/wp\/category\/agro\/#listItem","position":2,"name":"Agroneg\u00f3cio","item":"https:\/\/radiosul.net\/wp\/category\/agro\/","nextItem":{"@type":"ListItem","@id":"https:\/\/radiosul.net\/wp\/2021\/secretaria-da-agricultura-da-inicio-a-implementacao-da-lei-geral-de-protecao-de-dados\/#listItem","name":"Secretaria da Agricultura d\u00e1 in\u00edcio \u00e0 implementa\u00e7\u00e3o da Lei Geral de Prote\u00e7\u00e3o de Dados"},"previousItem":{"@type":"ListItem","@id":"https:\/\/radiosul.net\/wp#listItem","name":"Home"}},{"@type":"ListItem","@id":"https:\/\/radiosul.net\/wp\/2021\/secretaria-da-agricultura-da-inicio-a-implementacao-da-lei-geral-de-protecao-de-dados\/#listItem","position":3,"name":"Secretaria da Agricultura d\u00e1 in\u00edcio \u00e0 implementa\u00e7\u00e3o da Lei Geral de Prote\u00e7\u00e3o de Dados","previousItem":{"@type":"ListItem","@id":"https:\/\/radiosul.net\/wp\/category\/agro\/#listItem","name":"Agroneg\u00f3cio"}}]},{"@type":"Organization","@id":"https:\/\/radiosul.net\/wp\/#organization","name":"radiosul.net","description":"Regional por Excel\u00eancia","url":"https:\/\/radiosul.net\/wp\/"},{"@type":"Person","@id":"https:\/\/radiosul.net\/wp\/author\/alejo\/#author","url":"https:\/\/radiosul.net\/wp\/author\/alejo\/","name":"Alejo Bordon","image":{"@type":"ImageObject","@id":"https:\/\/radiosul.net\/wp\/2021\/secretaria-da-agricultura-da-inicio-a-implementacao-da-lei-geral-de-protecao-de-dados\/#authorImage","url":"https:\/\/secure.gravatar.com\/avatar\/b3a7e7f1c71212e6a5b7183b79a2ab58dad8bdc4cd4eadd61c4434d010d0bae4?s=96&d=mm&r=g","width":96,"height":96,"caption":"Alejo Bordon"}},{"@type":"WebPage","@id":"https:\/\/radiosul.net\/wp\/2021\/secretaria-da-agricultura-da-inicio-a-implementacao-da-lei-geral-de-protecao-de-dados\/#webpage","url":"https:\/\/radiosul.net\/wp\/2021\/secretaria-da-agricultura-da-inicio-a-implementacao-da-lei-geral-de-protecao-de-dados\/","name":"Secretaria da Agricultura d\u00e1 in\u00edcio \u00e0 implementa\u00e7\u00e3o da Lei Geral de Prote\u00e7\u00e3o de Dados - radiosul.net","description":"A Secretaria de Estado da Agricultura, da Pesca e do Desenvolvimento Rural de Santa Catarina realizou, na ter\u00e7a-feira, 25, a primeira capacita\u00e7\u00e3o dos funcion\u00e1rios para fortalecer ainda mais a seguran\u00e7a dos dados de toda a cadeia do agroneg\u00f3cio catarinense. O encontro foi realizado de forma online e conduzido pela professora e especialista internacional em prote\u00e7\u00e3o","inLanguage":"pt-BR","isPartOf":{"@id":"https:\/\/radiosul.net\/wp\/#website"},"breadcrumb":{"@id":"https:\/\/radiosul.net\/wp\/2021\/secretaria-da-agricultura-da-inicio-a-implementacao-da-lei-geral-de-protecao-de-dados\/#breadcrumblist"},"author":{"@id":"https:\/\/radiosul.net\/wp\/author\/alejo\/#author"},"creator":{"@id":"https:\/\/radiosul.net\/wp\/author\/alejo\/#author"},"datePublished":"2021-05-28T07:00:00-03:00","dateModified":"2021-05-27T20:18:28-03:00"},{"@type":"WebSite","@id":"https:\/\/radiosul.net\/wp\/#website","url":"https:\/\/radiosul.net\/wp\/","name":"radiosul.net","description":"Regional por Excel\u00eancia","inLanguage":"pt-BR","publisher":{"@id":"https:\/\/radiosul.net\/wp\/#organization"}}]},"og:locale":"pt_BR","og:site_name":"radiosul.net - Regional por Excel\u00eancia","og:type":"article","og:title":"Secretaria da Agricultura d\u00e1 in\u00edcio \u00e0 implementa\u00e7\u00e3o da Lei Geral de Prote\u00e7\u00e3o de Dados - radiosul.net","og:description":"A Secretaria de Estado da Agricultura, da Pesca e do Desenvolvimento Rural de Santa Catarina realizou, na ter\u00e7a-feira, 25, a primeira capacita\u00e7\u00e3o dos funcion\u00e1rios para fortalecer ainda mais a seguran\u00e7a dos dados de toda a cadeia do agroneg\u00f3cio catarinense. O encontro foi realizado de forma online e conduzido pela professora e especialista internacional em prote\u00e7\u00e3o","og:url":"https:\/\/radiosul.net\/wp\/2021\/secretaria-da-agricultura-da-inicio-a-implementacao-da-lei-geral-de-protecao-de-dados\/","article:published_time":"2021-05-28T10:00:00+00:00","article:modified_time":"2021-05-27T23:18:28+00:00","twitter:card":"summary_large_image","twitter:title":"Secretaria da Agricultura d\u00e1 in\u00edcio \u00e0 implementa\u00e7\u00e3o da Lei Geral de Prote\u00e7\u00e3o de Dados - radiosul.net","twitter:description":"A Secretaria de Estado da Agricultura, da Pesca e do Desenvolvimento Rural de Santa Catarina realizou, na ter\u00e7a-feira, 25, a primeira capacita\u00e7\u00e3o dos funcion\u00e1rios para fortalecer ainda mais a seguran\u00e7a dos dados de toda a cadeia do agroneg\u00f3cio catarinense. O encontro foi realizado de forma online e conduzido pela professora e especialista internacional em prote\u00e7\u00e3o"},"aioseo_meta_data":{"post_id":"18677","title":null,"description":null,"keywords":null,"keyphrases":null,"primary_term":null,"canonical_url":null,"og_title":null,"og_description":null,"og_object_type":"default","og_image_type":"default","og_image_url":null,"og_image_width":null,"og_image_height":null,"og_image_custom_url":null,"og_image_custom_fields":null,"og_video":null,"og_custom_url":null,"og_article_section":null,"og_article_tags":null,"twitter_use_og":false,"twitter_card":"default","twitter_image_type":"default","twitter_image_url":null,"twitter_image_custom_url":null,"twitter_image_custom_fields":null,"twitter_title":null,"twitter_description":null,"schema":{"blockGraphs":[],"customGraphs":[],"default":{"data":{"Article":[],"Course":[],"Dataset":[],"FAQPage":[],"Movie":[],"Person":[],"Product":[],"ProductReview":[],"Car":[],"Recipe":[],"Service":[],"SoftwareApplication":[],"WebPage":[]},"graphName":"","isEnabled":true},"graphs":[]},"schema_type":"default","schema_type_options":null,"pillar_content":false,"robots_default":true,"robots_noindex":false,"robots_noarchive":false,"robots_nosnippet":false,"robots_nofollow":false,"robots_noimageindex":false,"robots_noodp":false,"robots_notranslate":false,"robots_max_snippet":null,"robots_max_videopreview":null,"robots_max_imagepreview":"large","priority":null,"frequency":null,"local_seo":null,"breadcrumb_settings":null,"limit_modified_date":false,"ai":null,"created":"2026-01-09 02:55:04","updated":"2026-01-09 02:55:04","seo_analyzer_scan_date":null,"focus_keyword":null,"additional_keywords":null,"truseo_locale":null},"aioseo_breadcrumb":"<div class=\"aioseo-breadcrumbs\"><span class=\"aioseo-breadcrumb\">\n\t\t\t<a href=\"https:\/\/radiosul.net\/wp\" title=\"Home\">Home<\/a>\n\t\t<\/span><span class=\"aioseo-breadcrumb-separator\">&raquo;<\/span><span class=\"aioseo-breadcrumb\">\n\t\t\t<a href=\"https:\/\/radiosul.net\/wp\/category\/agro\/\" title=\"Agroneg\u00f3cio\">Agroneg\u00f3cio<\/a>\n\t\t<\/span><span class=\"aioseo-breadcrumb-separator\">&raquo;<\/span><span class=\"aioseo-breadcrumb\">\n\t\t\tSecretaria da Agricultura d\u00e1 in\u00edcio \u00e0 implementa\u00e7\u00e3o da Lei Geral de Prote\u00e7\u00e3o de Dados\n\t\t<\/span><\/div>","aioseo_breadcrumb_json":[{"label":"Home","link":"https:\/\/radiosul.net\/wp"},{"label":"Agroneg\u00f3cio","link":"https:\/\/radiosul.net\/wp\/category\/agro\/"},{"label":"Secretaria da Agricultura d\u00e1 in\u00edcio \u00e0 implementa\u00e7\u00e3o da Lei Geral de Prote\u00e7\u00e3o de Dados","link":"https:\/\/radiosul.net\/wp\/2021\/secretaria-da-agricultura-da-inicio-a-implementacao-da-lei-geral-de-protecao-de-dados\/"}],"_links":{"self":[{"href":"https:\/\/radiosul.net\/wp\/wp-json\/wp\/v2\/posts\/18677","targetHints":{"allow":["GET"]}}],"collection":[{"href":"https:\/\/radiosul.net\/wp\/wp-json\/wp\/v2\/posts"}],"about":[{"href":"https:\/\/radiosul.net\/wp\/wp-json\/wp\/v2\/types\/post"}],"author":[{"embeddable":true,"href":"https:\/\/radiosul.net\/wp\/wp-json\/wp\/v2\/users\/9"}],"replies":[{"embeddable":true,"href":"https:\/\/radiosul.net\/wp\/wp-json\/wp\/v2\/comments?post=18677"}],"version-history":[{"count":1,"href":"https:\/\/radiosul.net\/wp\/wp-json\/wp\/v2\/posts\/18677\/revisions"}],"predecessor-version":[{"id":18692,"href":"https:\/\/radiosul.net\/wp\/wp-json\/wp\/v2\/posts\/18677\/revisions\/18692"}],"wp:attachment":[{"href":"https:\/\/radiosul.net\/wp\/wp-json\/wp\/v2\/media?parent=18677"}],"wp:term":[{"taxonomy":"category","embeddable":true,"href":"https:\/\/radiosul.net\/wp\/wp-json\/wp\/v2\/categories?post=18677"},{"taxonomy":"post_tag","embeddable":true,"href":"https:\/\/radiosul.net\/wp\/wp-json\/wp\/v2\/tags?post=18677"}],"curies":[{"name":"wp","href":"https:\/\/api.w.org\/{rel}","templated":true}]}}