{"id":18643,"date":"2021-05-26T09:51:41","date_gmt":"2021-05-26T12:51:41","guid":{"rendered":"https:\/\/radiosul.net\/wp\/?p=18643"},"modified":"2021-05-26T09:51:42","modified_gmt":"2021-05-26T12:51:42","slug":"definidos-os-grandes-campeoes-da-2a-exposicao-nacional-de-terneiro-a-hb","status":"publish","type":"post","link":"https:\/\/radiosul.net\/wp\/2021\/definidos-os-grandes-campeoes-da-2a-exposicao-nacional-de-terneiro-a-hb\/","title":{"rendered":"Definidos os Grandes Campe\u00f5es da 2\u00aa Exposi\u00e7\u00e3o Nacional de Terneiro (a) HB"},"content":{"rendered":"\n<p class=\"wp-block-paragraph\">A Associa\u00e7\u00e3o Brasileira de Hereford e Braford (ABHB) revelou na tarde de ontem, quinta-feira (20) os campe\u00f5es r\u00fasticos da 2\u00aa Exposi\u00e7\u00e3o Nacional de Terneiro (a) HB. A disputa aconteceu na pista de julgamento Ant\u00f4nio Martins Bastos Filho, no Parque de Exposi\u00e7\u00f5es Agr\u00edcola e Pastoril, em Uruguaiana (RS).<\/p>\n\n\n\n<div class=\"wp-block-image\"><figure class=\"aligncenter\"><img decoding=\"async\" src=\"https:\/\/www.abhb.com.br\/wp-content\/uploads\/2021\/05\/Fotografo-Gustavo-Rafael_img-1519.jpg?x57611\" alt=\"\" class=\"wp-image-207855\"\/><\/figure><\/div>\n\n\n\n<p class=\"wp-block-paragraph\">Entre as f\u00eameas Polled Hereford o destaque de Grande Campe\u00e3 foi para o animal TE3883, da Cabanha Touro Passo, de Ricardo Duarte, de Uruguaiana (RS). O criat\u00f3rio tamb\u00e9m destacou-se com o pr\u00eamio Reservado Grande Campe\u00e3o Terneiro Polled Hereford com o exemplar 3885. J\u00e1 o pr\u00eamio de Reservada Grande Campe\u00e3 ficou com o exemplar TE10, da Cabanha Bortolozzo, de Vinicius Bortolozzo, de Bom Jesus (RS). A propriedade tamb\u00e9m recebeu o pr\u00eamio de Grande Campe\u00e3o Terneiro Polled Hereford com o animal TE07.<\/p>\n\n\n\n<div class=\"wp-block-image\"><figure class=\"aligncenter\"><img decoding=\"async\" src=\"https:\/\/www.abhb.com.br\/wp-content\/uploads\/2021\/05\/Fotografo-Gustavo-Rafael_img-1681.jpg?x57611\" alt=\"\" class=\"wp-image-207854\"\/><\/figure><\/div>\n\n\n\n<p class=\"wp-block-paragraph\">Na ra\u00e7a Braford o pr\u00eamio de Grande Campe\u00e3 Terneira ficou com o animal 2112, da Est\u00e2ncia Santa Gertrudes, de Yolanda Guerra Marques, de Sant\u2019Ana do Livramento (RS).&nbsp; O destaque de Reservada Grande Campe\u00e3 foi para a f\u00eamea TE0032, da El Tigre Brasil, de Thiago Sommer Fontoura e Jos\u00e9 Miguel Salda\u00f1a Puig, de Uruguaiana (RS). J\u00e1 o pr\u00eamio de Grande Campe\u00e3o Terneiro Braford ficou com o exemplar J26, da Cabanha Vacaca\u00ed, de Raul Gon\u00e7alves Southall, de Santa Margarida do Sul (RS). E o Reservado Grande Campe\u00e3o Terneiro foi para o animal TER36, da Est\u00e2ncia do Sossego, de Ana Maria Ormazabal Moura, de Uruguaiana (RS).&nbsp;<\/p>\n\n\n\n<div class=\"wp-block-image\"><figure class=\"aligncenter\"><img decoding=\"async\" src=\"https:\/\/www.abhb.com.br\/wp-content\/uploads\/2021\/05\/Fotografo-Gustavo-Rafael_img-4803-Low-Defintion-@grafaels85-2.jpg?x57611\" alt=\"\" class=\"wp-image-207853\"\/><\/figure><\/div>\n\n\n\n<p class=\"wp-block-paragraph\">Confira o resultado completo:&nbsp;<\/p>\n\n\n\n<p class=\"wp-block-paragraph\">Polled Hereford \u2013 F\u00eameas<\/p>\n\n\n\n<p class=\"wp-block-paragraph\"><strong>Campe\u00e3 Terneira Menor Polled Hereford:&nbsp;<\/strong>Box 10 \u2013 Tatuagem TE10 \u2013 Vinicius Bortolozzo \u2013 Cabanha Bortolozzo \u2013 Bom Jesus\/RS<\/p>\n\n\n\n<p class=\"wp-block-paragraph\"><strong>Reservada Campe\u00e3 Terneira Menor Polled Hereford:&nbsp;<\/strong>Box 11 \u2013 Tatuagem TE09 \u2013 Vinicius Bortolozzo \u2013 Cabanha Bortolozzo \u2013 Bom Jesus\/RS<\/p>\n\n\n\n<p class=\"wp-block-paragraph\"><strong>Terceira Melhor Terneira Menor Polled Hereford:<\/strong>&nbsp;Box 8 \u2013 Tatuagem 10268 \u2013 Jo\u00e3o Souza Cavalcanti \u2013 Cabanha S\u00e3o Fernando \u2013 Quara\u00ed\/RS<\/p>\n\n\n\n<p class=\"wp-block-paragraph\"><strong>Campe\u00e3 Terneira Polled Hereford:<\/strong>&nbsp;Box 13 \u2013 Tatuagem TE3883 \u2013 Ricardo Duarte \u2013 Cabanha Touro Passo \u2013 Uruguaiana\/RS<\/p>\n\n\n\n<p class=\"wp-block-paragraph\"><strong>Grande Campe\u00e3 Terneira Polled Hereford:<\/strong>&nbsp;Box 13 \u2013 Tatuagem TE3883 \u2013 Ricardo Duarte \u2013 Cabanha Touro Passo \u2013 Uruguaiana\/RS<\/p>\n\n\n\n<p class=\"wp-block-paragraph\"><strong>Reservada Grande Campe\u00e3 Terneira Polled Hereford:<\/strong>&nbsp;Box 10 \u2013 Tatuagem TE10 \u2013 Vinicius Bortolozzo \u2013 Cabanha Bortolozzo \u2013 Bom Jesus\/RS<\/p>\n\n\n\n<p class=\"wp-block-paragraph\"><strong>Terceira Melhor Exemplar Terneira Polled Hereford:<\/strong>&nbsp;Box 11 \u2013 Tatuagem TE09 \u2013 Vinicius Bortolozzo \u2013 Cabanha Bortolozzo \u2013 Bom Jesus\/RS<\/p>\n\n\n\n<p class=\"wp-block-paragraph\">Polled Hereford \u2013 Machos<\/p>\n\n\n\n<p class=\"wp-block-paragraph\"><strong>Campe\u00e3o Terneiro Menor Polled Hereford:<\/strong>&nbsp;Box 25 \u2013 Tatuagem TE07 \u2013 Vinicius Bortolozzo \u2013 Cabanha Bortolozzo \u2013 Bom Jesus\/RS<\/p>\n\n\n\n<p class=\"wp-block-paragraph\"><strong>Reservado Campe\u00e3o Terneiro Menor Polled Hereford:<\/strong>&nbsp;Box 24 \u2013 Tatuagem TE11 \u2013 Vinicius Bortolozzo \u2013 Cabanha Bortolozzo \u2013 Bom Jesus\/RS<\/p>\n\n\n\n<p class=\"wp-block-paragraph\"><strong>Terceiro Melhor Terneiro Menor Polled Hereford:<\/strong>&nbsp;Box 22 \u2013 Tatuagem TE3947 \u2013 Ricardo Duarte \u2013&nbsp; Cabanha Touro Passo \u2013 Uruguaiana\/RS<\/p>\n\n\n\n<p class=\"wp-block-paragraph\"><strong>Campe\u00e3o Terneiro Polled Hereford<\/strong>: Box 29 \u2013 Tatuagem 3885 \u2013 Ricardo Duarte \u2013&nbsp; Cabanha Touro Passo \u2013 Uruguaiana\/RS<\/p>\n\n\n\n<p class=\"wp-block-paragraph\"><strong>Reservado Campe\u00e3o Terneiro Polled Hereford:<\/strong>&nbsp;Box 28 \u2013 Tatuagem 0500 \u2013 Agropecu\u00e1ria S\u00e3o Pedro \u2013 Est\u00e2ncia S\u00e3o Pedro \u2013 Alegrete\/RS<\/p>\n\n\n\n<p class=\"wp-block-paragraph\"><strong>Terceiro Melhor Terneiro Polled Hereford:<\/strong>&nbsp;Box 27 \u2013 Tatuagem 0502 \u2013 Agropecu\u00e1ria S\u00e3o Pedro \u2013 Est\u00e2ncia S\u00e3o Pedro \u2013 Alegrete\/RS<\/p>\n\n\n\n<p class=\"wp-block-paragraph\"><strong>Grande Campe\u00e3o Terneiro Polled Hereford:<\/strong>&nbsp;Box 25 \u2013 Tatuagem TE07 \u2013 Vinicius Bortolozzo \u2013 Cabanha Bortolozzo \u2013 Bom Jesus\/RS<\/p>\n\n\n\n<p class=\"wp-block-paragraph\"><strong>Reservado Grande Campe\u00e3o Terneiro Polled Hereford<\/strong>: Box 29 \u2013 Tatuagem 3885 \u2013 Ricardo Duarte \u2013&nbsp; Cabanha Touro Passo \u2013 Uruguaiana\/RS<\/p>\n\n\n\n<p class=\"wp-block-paragraph\"><strong>Terceiro Melhor Exemplar Terneiro Polled Hereford:<\/strong>&nbsp;Box 24 \u2013 Tatuagem TE11 \u2013 Vinicius Bortolozzo \u2013 Cabanha Bortolozzo \u2013 Bom Jesus\/RS<\/p>\n\n\n\n<p class=\"wp-block-paragraph\">Braford \u2013 F\u00eameas<\/p>\n\n\n\n<p class=\"wp-block-paragraph\"><strong>Campe\u00e3 Terneira Menor Braford:<\/strong>&nbsp;Box 51 \u2013 Tatuagem 2112 \u2013 Sucess\u00e3o de Yolanda Guerra Marques \u2013 Est\u00e2ncia Santa Gertrudes \u2013 Santana do Livramento\/RS<\/p>\n\n\n\n<p class=\"wp-block-paragraph\"><strong>Reservada Campe\u00e3 Terneira Menor Braford:<\/strong>&nbsp;Box 49 \u2013 Tatuagem TE322 \u2013 Mauricio Silva Carvalho \u2013 Agropecu\u00e1ria Pl\u00e1tano \u2013 S\u00e3o Sep\u00e9\/RS<\/p>\n\n\n\n<p class=\"wp-block-paragraph\"><strong>Terceira Melhor Terneira Menor Braford:<\/strong>&nbsp;Box 41 \u2013 Tatuagem 2306 \u2013 Sucess\u00e3o de Yolanda Guerra Marques \u2013 Est\u00e2ncia Santa Gertrudes \u2013 Santana do Livramento\/RS<\/p>\n\n\n\n<p class=\"wp-block-paragraph\"><strong>Campe\u00e3 Terneira Braford:<\/strong>&nbsp;Box 60 \u2013 Tatuagem TE0032 \u2013 Thiago Sommer Fontoura e Jos\u00e9 Miguel Salda\u00f1a Puig \u2013 El Tigre Brasil \u2013 Uruguaiana\/RS<\/p>\n\n\n\n<p class=\"wp-block-paragraph\"><strong>Reservada Campe\u00e3 Terneira Braford:<\/strong>&nbsp;Box 55 \u2013 Tatuagem TEX003 \u2013 Otto Manoel Alves de Alves \u2013 Est\u00e2ncia S\u00e3o Bento \u2013 Santana do Livramento\/RS<\/p>\n\n\n\n<p class=\"wp-block-paragraph\"><strong>Terceira Melhor Terneira Braford:<\/strong>&nbsp;Box 63 \u2013 Tatuagem TER13 \u2013 Ana Maria Ormazabal Moura \u2013 Est\u00e2ncia do Sossego \u2013 Uruguaiana\/RS<\/p>\n\n\n\n<p class=\"wp-block-paragraph\"><strong>Campe\u00e3 Terneira Maior Braford:<\/strong>&nbsp;Box 65 \u2013 Tatuagem 051 \u2013 Andr\u00e9 Rispoli Recart \u2013 Braford Acquafredda \u2013 Uruguaiana\/RS<\/p>\n\n\n\n<p class=\"wp-block-paragraph\"><strong>Grande Campe\u00e3 Terneira Braford:<\/strong>&nbsp;Box 51 \u2013 Tatuagem 2112 \u2013 Sucess\u00e3o de Yolanda Guerra Marques \u2013 Est\u00e2ncia Santa Gertrudes \u2013 Santana do Livramento\/RS<\/p>\n\n\n\n<p class=\"wp-block-paragraph\"><strong>Reservada Grande Campe\u00e3 Terneira Braford:<\/strong>&nbsp;Box 60 \u2013 Tatuagem TE0032 \u2013 Thiago Sommer Fontoura e Jos\u00e9 Miguel Salda\u00f1a Puig \u2013 El Tigre Brasil \u2013 Uruguaiana\/RS<\/p>\n\n\n\n<p class=\"wp-block-paragraph\"><strong>Terceira Melhor Exemplar Braford:<\/strong>&nbsp;Box 55 \u2013 Tatuagem TEX003 \u2013 Otto Manoel Alves de Alves \u2013 Est\u00e2ncia S\u00e3o Bento \u2013 Santana do Livramento\/RS<\/p>\n\n\n\n<p class=\"wp-block-paragraph\">Braford \u2013 Machos<\/p>\n\n\n\n<p class=\"wp-block-paragraph\"><strong>Campe\u00e3o Terneiro Menor Braford:<\/strong>&nbsp;Box 100 \u2013 Tatuagem J26 \u2013 Raul Gon\u00e7alves Southall \u2013 Cabanha Vacaca\u00ed \u2013 Santa Margarida do Sul\/RS<\/p>\n\n\n\n<p class=\"wp-block-paragraph\"><strong>Reservado Campe\u00e3o Terneiro Menor Braford:<\/strong>&nbsp;Box 96 \u2013 Tatuagem 035 \u2013 Raphael de S\u00e1 e Silva Houayek \u2013 Fazenda Esperan\u00e7a Alegrete\/RS<\/p>\n\n\n\n<p class=\"wp-block-paragraph\"><strong>Terceiro Melhor Terneiro Menor Braford:<\/strong>&nbsp;Box 98 \u2013 Tatuagem 039 \u2013 Parceria Raphael Houayek e Guilherme Wolf Pimentel \u2013 Fazenda Esperan\u00e7a \u2013 Alegrete\/RS<\/p>\n\n\n\n<p class=\"wp-block-paragraph\"><strong>Campe\u00e3o Terneiro Braford:&nbsp;<\/strong>Box 105 \u2013 Tatuagem TER36 \u2013 Ana Maria Ormazabal Moura \u2013 Est\u00e2ncia do Sossego \u2013 Uruguaiana\/RS<\/p>\n\n\n\n<p class=\"wp-block-paragraph\"><strong>Reservado Campe\u00e3o Terneiro Braford:<\/strong>&nbsp;Box 103 \u2013 Tatuagem TEX034 \u2013 Otto Manoel Alves de Alves \u2013 Est\u00e2ncia S\u00e3o Bento \u2013 Santana do Livramento\/RS<\/p>\n\n\n\n<p class=\"wp-block-paragraph\"><strong>Terceiro Melhor Terneiro Braford:<\/strong>&nbsp;Box 107 \u2013 Tatuagem TEJ06 \u2013 Raul Gon\u00e7alves Southall \u2013 Cabanha Vacaca\u00ed \u2013 Santa Margarida do Sul\/RS<\/p>\n\n\n\n<p class=\"wp-block-paragraph\"><strong>Campe\u00e3o Terneiro Maior Braford:<\/strong>&nbsp;Box 108 \u2013 Tatuagem 023 \u2013 Raphael de S\u00e1 e Silva Houayek \u2013 Fazenda Esperan\u00e7a Alegrete\/RS<\/p>\n\n\n\n<p class=\"wp-block-paragraph\"><strong>Reservado Campe\u00e3o Terneiro Maior Braford:<\/strong>&nbsp;Box 109 \u2013 Tatuagem 17146 \u2013 Ione Maria Ormazabal Sastre \u2013 Cabanha Nova Aurora \u2013 Uruguaiana\/RS<\/p>\n\n\n\n<p class=\"wp-block-paragraph\"><strong>Grande Campe\u00e3o Terneiro Braford:<\/strong>&nbsp;Box 100 \u2013 Tatuagem J26 \u2013 Raul Gon\u00e7alves Southall \u2013 Cabanha Vacaca\u00ed \u2013 Santa Margarida do Sul\/RS<\/p>\n\n\n\n<p class=\"wp-block-paragraph\"><strong>Reservado Grande Campe\u00e3o Terneiro Braford:<\/strong>&nbsp;Box 105 \u2013 Tatuagem TER36 \u2013 Ana Maria Ormazabal Moura \u2013 Est\u00e2ncia do Sossego \u2013 Uruguaiana\/RS<\/p>\n\n\n\n<p class=\"wp-block-paragraph\"><strong>Terceiro Melhor Exemplar Terneiro Braford:<\/strong>&nbsp;Box 96 \u2013 Tatuagem 035 \u2013 Raphael de S\u00e1 e Silva Houayek \u2013 Fazenda Esperan\u00e7a Alegrete\/RS<\/p>\n\n\n\n<p class=\"wp-block-paragraph\"><strong><em>Fonte: ABHB<\/em><\/strong><\/p>\n","protected":false},"excerpt":{"rendered":"<p>A Associa\u00e7\u00e3o Brasileira de Hereford e Braford (ABHB) revelou na tarde de ontem, quinta-feira (20) os campe\u00f5es r\u00fasticos da 2\u00aa Exposi\u00e7\u00e3o Nacional de Terneiro (a) HB. A disputa aconteceu na pista de julgamento Ant\u00f4nio Martins Bastos Filho, no Parque de Exposi\u00e7\u00f5es Agr\u00edcola e Pastoril, em Uruguaiana (RS). Entre as f\u00eameas Polled Hereford o destaque de &hellip;<\/p>\n","protected":false},"author":9,"featured_media":18649,"comment_status":"closed","ping_status":"closed","sticky":false,"template":"","format":"standard","meta":{"_monsterinsights_skip_tracking":false,"_uf_show_specific_survey":0,"_uf_disable_surveys":false,"footnotes":""},"categories":[1,126],"tags":[],"class_list":["post-18643","post","type-post","status-publish","format-standard","has-post-thumbnail","hentry","category-agro","category-destacados"],"aioseo_notices":[],"aioseo_head":"\n\t\t<!-- All in One SEO 5.0.1.1 - aioseo.com -->\n\t<meta name=\"description\" content=\"A Associa\u00e7\u00e3o Brasileira de Hereford e Braford (ABHB) revelou na tarde de ontem, quinta-feira (20) os campe\u00f5es r\u00fasticos da 2\u00aa Exposi\u00e7\u00e3o Nacional de Terneiro (a) HB. A disputa aconteceu na pista de julgamento Ant\u00f4nio Martins Bastos Filho, no Parque de Exposi\u00e7\u00f5es Agr\u00edcola e Pastoril, em Uruguaiana (RS). Entre as f\u00eameas Polled Hereford o destaque de\" \/>\n\t<meta name=\"robots\" content=\"max-image-preview:large\" \/>\n\t<meta name=\"author\" content=\"Alejo Bordon\"\/>\n\t<link rel=\"canonical\" href=\"https:\/\/radiosul.net\/wp\/2021\/definidos-os-grandes-campeoes-da-2a-exposicao-nacional-de-terneiro-a-hb\/\" \/>\n\t<meta name=\"generator\" content=\"All in One SEO (AIOSEO) 5.0.1.1\" \/>\n\t\t<meta property=\"og:locale\" content=\"pt_BR\" \/>\n\t\t<meta property=\"og:site_name\" content=\"radiosul.net - Regional por Excel\u00eancia\" \/>\n\t\t<meta property=\"og:type\" content=\"article\" \/>\n\t\t<meta property=\"og:title\" content=\"Definidos os Grandes Campe\u00f5es da 2\u00aa Exposi\u00e7\u00e3o Nacional de Terneiro (a) HB - radiosul.net\" \/>\n\t\t<meta property=\"og:description\" content=\"A Associa\u00e7\u00e3o Brasileira de Hereford e Braford (ABHB) revelou na tarde de ontem, quinta-feira (20) os campe\u00f5es r\u00fasticos da 2\u00aa Exposi\u00e7\u00e3o Nacional de Terneiro (a) HB. A disputa aconteceu na pista de julgamento Ant\u00f4nio Martins Bastos Filho, no Parque de Exposi\u00e7\u00f5es Agr\u00edcola e Pastoril, em Uruguaiana (RS). Entre as f\u00eameas Polled Hereford o destaque de\" \/>\n\t\t<meta property=\"og:url\" content=\"https:\/\/radiosul.net\/wp\/2021\/definidos-os-grandes-campeoes-da-2a-exposicao-nacional-de-terneiro-a-hb\/\" \/>\n\t\t<meta property=\"article:published_time\" content=\"2021-05-26T12:51:41+00:00\" \/>\n\t\t<meta property=\"article:modified_time\" content=\"2021-05-26T12:51:42+00:00\" \/>\n\t\t<meta name=\"twitter:card\" content=\"summary_large_image\" \/>\n\t\t<meta name=\"twitter:title\" content=\"Definidos os Grandes Campe\u00f5es da 2\u00aa Exposi\u00e7\u00e3o Nacional de Terneiro (a) HB - radiosul.net\" \/>\n\t\t<meta name=\"twitter:description\" content=\"A Associa\u00e7\u00e3o Brasileira de Hereford e Braford (ABHB) revelou na tarde de ontem, quinta-feira (20) os campe\u00f5es r\u00fasticos da 2\u00aa Exposi\u00e7\u00e3o Nacional de Terneiro (a) HB. A disputa aconteceu na pista de julgamento Ant\u00f4nio Martins Bastos Filho, no Parque de Exposi\u00e7\u00f5es Agr\u00edcola e Pastoril, em Uruguaiana (RS). Entre as f\u00eameas Polled Hereford o destaque de\" \/>\n\t\t<script type=\"application\/ld+json\" class=\"aioseo-schema\">\n\t\t\t{\"@context\":\"https:\\\/\\\/schema.org\",\"@graph\":[{\"@type\":\"BlogPosting\",\"@id\":\"https:\\\/\\\/radiosul.net\\\/wp\\\/2021\\\/definidos-os-grandes-campeoes-da-2a-exposicao-nacional-de-terneiro-a-hb\\\/#blogposting\",\"name\":\"Definidos os Grandes Campe\\u00f5es da 2\\u00aa Exposi\\u00e7\\u00e3o Nacional de Terneiro (a) HB - radiosul.net\",\"headline\":\"Definidos os Grandes Campe\\u00f5es da 2\\u00aa Exposi\\u00e7\\u00e3o Nacional de Terneiro (a) HB\",\"author\":{\"@id\":\"https:\\\/\\\/radiosul.net\\\/wp\\\/author\\\/alejo\\\/#author\"},\"publisher\":{\"@id\":\"https:\\\/\\\/radiosul.net\\\/wp\\\/#organization\"},\"image\":{\"@type\":\"ImageObject\",\"url\":\"https:\\\/\\\/radiosul.net\\\/wp\\\/wp-content\\\/uploads\\\/2021\\\/05\\\/Fotografo-Gustavo-Rafael_img-4976.jpg\",\"width\":1280,\"height\":853,\"caption\":\"Foto: Gustavo Rafael\"},\"datePublished\":\"2021-05-26T09:51:41-03:00\",\"dateModified\":\"2021-05-26T09:51:42-03:00\",\"inLanguage\":\"pt-BR\",\"mainEntityOfPage\":{\"@id\":\"https:\\\/\\\/radiosul.net\\\/wp\\\/2021\\\/definidos-os-grandes-campeoes-da-2a-exposicao-nacional-de-terneiro-a-hb\\\/#webpage\"},\"isPartOf\":{\"@id\":\"https:\\\/\\\/radiosul.net\\\/wp\\\/2021\\\/definidos-os-grandes-campeoes-da-2a-exposicao-nacional-de-terneiro-a-hb\\\/#webpage\"},\"articleSection\":\"Agroneg\\u00f3cio, Destaque\"},{\"@type\":\"BreadcrumbList\",\"@id\":\"https:\\\/\\\/radiosul.net\\\/wp\\\/2021\\\/definidos-os-grandes-campeoes-da-2a-exposicao-nacional-de-terneiro-a-hb\\\/#breadcrumblist\",\"itemListElement\":[{\"@type\":\"ListItem\",\"@id\":\"https:\\\/\\\/radiosul.net\\\/wp#listItem\",\"position\":1,\"name\":\"Home\",\"item\":\"https:\\\/\\\/radiosul.net\\\/wp\",\"nextItem\":{\"@type\":\"ListItem\",\"@id\":\"https:\\\/\\\/radiosul.net\\\/wp\\\/category\\\/agro\\\/#listItem\",\"name\":\"Agroneg\\u00f3cio\"}},{\"@type\":\"ListItem\",\"@id\":\"https:\\\/\\\/radiosul.net\\\/wp\\\/category\\\/agro\\\/#listItem\",\"position\":2,\"name\":\"Agroneg\\u00f3cio\",\"item\":\"https:\\\/\\\/radiosul.net\\\/wp\\\/category\\\/agro\\\/\",\"nextItem\":{\"@type\":\"ListItem\",\"@id\":\"https:\\\/\\\/radiosul.net\\\/wp\\\/2021\\\/definidos-os-grandes-campeoes-da-2a-exposicao-nacional-de-terneiro-a-hb\\\/#listItem\",\"name\":\"Definidos os Grandes Campe\\u00f5es da 2\\u00aa Exposi\\u00e7\\u00e3o Nacional de Terneiro (a) HB\"},\"previousItem\":{\"@type\":\"ListItem\",\"@id\":\"https:\\\/\\\/radiosul.net\\\/wp#listItem\",\"name\":\"Home\"}},{\"@type\":\"ListItem\",\"@id\":\"https:\\\/\\\/radiosul.net\\\/wp\\\/2021\\\/definidos-os-grandes-campeoes-da-2a-exposicao-nacional-de-terneiro-a-hb\\\/#listItem\",\"position\":3,\"name\":\"Definidos os Grandes Campe\\u00f5es da 2\\u00aa Exposi\\u00e7\\u00e3o Nacional de Terneiro (a) HB\",\"previousItem\":{\"@type\":\"ListItem\",\"@id\":\"https:\\\/\\\/radiosul.net\\\/wp\\\/category\\\/agro\\\/#listItem\",\"name\":\"Agroneg\\u00f3cio\"}}]},{\"@type\":\"Organization\",\"@id\":\"https:\\\/\\\/radiosul.net\\\/wp\\\/#organization\",\"name\":\"radiosul.net\",\"description\":\"Regional por Excel\\u00eancia\",\"url\":\"https:\\\/\\\/radiosul.net\\\/wp\\\/\"},{\"@type\":\"Person\",\"@id\":\"https:\\\/\\\/radiosul.net\\\/wp\\\/author\\\/alejo\\\/#author\",\"url\":\"https:\\\/\\\/radiosul.net\\\/wp\\\/author\\\/alejo\\\/\",\"name\":\"Alejo Bordon\",\"image\":{\"@type\":\"ImageObject\",\"@id\":\"https:\\\/\\\/radiosul.net\\\/wp\\\/2021\\\/definidos-os-grandes-campeoes-da-2a-exposicao-nacional-de-terneiro-a-hb\\\/#authorImage\",\"url\":\"https:\\\/\\\/secure.gravatar.com\\\/avatar\\\/b3a7e7f1c71212e6a5b7183b79a2ab58dad8bdc4cd4eadd61c4434d010d0bae4?s=96&d=mm&r=g\",\"width\":96,\"height\":96,\"caption\":\"Alejo Bordon\"}},{\"@type\":\"WebPage\",\"@id\":\"https:\\\/\\\/radiosul.net\\\/wp\\\/2021\\\/definidos-os-grandes-campeoes-da-2a-exposicao-nacional-de-terneiro-a-hb\\\/#webpage\",\"url\":\"https:\\\/\\\/radiosul.net\\\/wp\\\/2021\\\/definidos-os-grandes-campeoes-da-2a-exposicao-nacional-de-terneiro-a-hb\\\/\",\"name\":\"Definidos os Grandes Campe\\u00f5es da 2\\u00aa Exposi\\u00e7\\u00e3o Nacional de Terneiro (a) HB - radiosul.net\",\"description\":\"A Associa\\u00e7\\u00e3o Brasileira de Hereford e Braford (ABHB) revelou na tarde de ontem, quinta-feira (20) os campe\\u00f5es r\\u00fasticos da 2\\u00aa Exposi\\u00e7\\u00e3o Nacional de Terneiro (a) HB. A disputa aconteceu na pista de julgamento Ant\\u00f4nio Martins Bastos Filho, no Parque de Exposi\\u00e7\\u00f5es Agr\\u00edcola e Pastoril, em Uruguaiana (RS). Entre as f\\u00eameas Polled Hereford o destaque de\",\"inLanguage\":\"pt-BR\",\"isPartOf\":{\"@id\":\"https:\\\/\\\/radiosul.net\\\/wp\\\/#website\"},\"breadcrumb\":{\"@id\":\"https:\\\/\\\/radiosul.net\\\/wp\\\/2021\\\/definidos-os-grandes-campeoes-da-2a-exposicao-nacional-de-terneiro-a-hb\\\/#breadcrumblist\"},\"author\":{\"@id\":\"https:\\\/\\\/radiosul.net\\\/wp\\\/author\\\/alejo\\\/#author\"},\"creator\":{\"@id\":\"https:\\\/\\\/radiosul.net\\\/wp\\\/author\\\/alejo\\\/#author\"},\"image\":{\"@type\":\"ImageObject\",\"url\":\"https:\\\/\\\/radiosul.net\\\/wp\\\/wp-content\\\/uploads\\\/2021\\\/05\\\/Fotografo-Gustavo-Rafael_img-4976.jpg\",\"@id\":\"https:\\\/\\\/radiosul.net\\\/wp\\\/2021\\\/definidos-os-grandes-campeoes-da-2a-exposicao-nacional-de-terneiro-a-hb\\\/#mainImage\",\"width\":1280,\"height\":853,\"caption\":\"Foto: Gustavo Rafael\"},\"primaryImageOfPage\":{\"@id\":\"https:\\\/\\\/radiosul.net\\\/wp\\\/2021\\\/definidos-os-grandes-campeoes-da-2a-exposicao-nacional-de-terneiro-a-hb\\\/#mainImage\"},\"datePublished\":\"2021-05-26T09:51:41-03:00\",\"dateModified\":\"2021-05-26T09:51:42-03:00\"},{\"@type\":\"WebSite\",\"@id\":\"https:\\\/\\\/radiosul.net\\\/wp\\\/#website\",\"url\":\"https:\\\/\\\/radiosul.net\\\/wp\\\/\",\"name\":\"radiosul.net\",\"description\":\"Regional por Excel\\u00eancia\",\"inLanguage\":\"pt-BR\",\"publisher\":{\"@id\":\"https:\\\/\\\/radiosul.net\\\/wp\\\/#organization\"}}]}\n\t\t<\/script>\n\t\t<!-- All in One SEO -->\n\n","aioseo_head_json":{"title":"Definidos os Grandes Campe\u00f5es da 2\u00aa Exposi\u00e7\u00e3o Nacional de Terneiro (a) HB - radiosul.net","description":"A Associa\u00e7\u00e3o Brasileira de Hereford e Braford (ABHB) revelou na tarde de ontem, quinta-feira (20) os campe\u00f5es r\u00fasticos da 2\u00aa Exposi\u00e7\u00e3o Nacional de Terneiro (a) HB. A disputa aconteceu na pista de julgamento Ant\u00f4nio Martins Bastos Filho, no Parque de Exposi\u00e7\u00f5es Agr\u00edcola e Pastoril, em Uruguaiana (RS). Entre as f\u00eameas Polled Hereford o destaque de","canonical_url":"https:\/\/radiosul.net\/wp\/2021\/definidos-os-grandes-campeoes-da-2a-exposicao-nacional-de-terneiro-a-hb\/","robots":"max-image-preview:large","keywords":"","webmasterTools":{"miscellaneous":""},"schema":{"@context":"https:\/\/schema.org","@graph":[{"@type":"BlogPosting","@id":"https:\/\/radiosul.net\/wp\/2021\/definidos-os-grandes-campeoes-da-2a-exposicao-nacional-de-terneiro-a-hb\/#blogposting","name":"Definidos os Grandes Campe\u00f5es da 2\u00aa Exposi\u00e7\u00e3o Nacional de Terneiro (a) HB - radiosul.net","headline":"Definidos os Grandes Campe\u00f5es da 2\u00aa Exposi\u00e7\u00e3o Nacional de Terneiro (a) HB","author":{"@id":"https:\/\/radiosul.net\/wp\/author\/alejo\/#author"},"publisher":{"@id":"https:\/\/radiosul.net\/wp\/#organization"},"image":{"@type":"ImageObject","url":"https:\/\/radiosul.net\/wp\/wp-content\/uploads\/2021\/05\/Fotografo-Gustavo-Rafael_img-4976.jpg","width":1280,"height":853,"caption":"Foto: Gustavo Rafael"},"datePublished":"2021-05-26T09:51:41-03:00","dateModified":"2021-05-26T09:51:42-03:00","inLanguage":"pt-BR","mainEntityOfPage":{"@id":"https:\/\/radiosul.net\/wp\/2021\/definidos-os-grandes-campeoes-da-2a-exposicao-nacional-de-terneiro-a-hb\/#webpage"},"isPartOf":{"@id":"https:\/\/radiosul.net\/wp\/2021\/definidos-os-grandes-campeoes-da-2a-exposicao-nacional-de-terneiro-a-hb\/#webpage"},"articleSection":"Agroneg\u00f3cio, Destaque"},{"@type":"BreadcrumbList","@id":"https:\/\/radiosul.net\/wp\/2021\/definidos-os-grandes-campeoes-da-2a-exposicao-nacional-de-terneiro-a-hb\/#breadcrumblist","itemListElement":[{"@type":"ListItem","@id":"https:\/\/radiosul.net\/wp#listItem","position":1,"name":"Home","item":"https:\/\/radiosul.net\/wp","nextItem":{"@type":"ListItem","@id":"https:\/\/radiosul.net\/wp\/category\/agro\/#listItem","name":"Agroneg\u00f3cio"}},{"@type":"ListItem","@id":"https:\/\/radiosul.net\/wp\/category\/agro\/#listItem","position":2,"name":"Agroneg\u00f3cio","item":"https:\/\/radiosul.net\/wp\/category\/agro\/","nextItem":{"@type":"ListItem","@id":"https:\/\/radiosul.net\/wp\/2021\/definidos-os-grandes-campeoes-da-2a-exposicao-nacional-de-terneiro-a-hb\/#listItem","name":"Definidos os Grandes Campe\u00f5es da 2\u00aa Exposi\u00e7\u00e3o Nacional de Terneiro (a) HB"},"previousItem":{"@type":"ListItem","@id":"https:\/\/radiosul.net\/wp#listItem","name":"Home"}},{"@type":"ListItem","@id":"https:\/\/radiosul.net\/wp\/2021\/definidos-os-grandes-campeoes-da-2a-exposicao-nacional-de-terneiro-a-hb\/#listItem","position":3,"name":"Definidos os Grandes Campe\u00f5es da 2\u00aa Exposi\u00e7\u00e3o Nacional de Terneiro (a) HB","previousItem":{"@type":"ListItem","@id":"https:\/\/radiosul.net\/wp\/category\/agro\/#listItem","name":"Agroneg\u00f3cio"}}]},{"@type":"Organization","@id":"https:\/\/radiosul.net\/wp\/#organization","name":"radiosul.net","description":"Regional por Excel\u00eancia","url":"https:\/\/radiosul.net\/wp\/"},{"@type":"Person","@id":"https:\/\/radiosul.net\/wp\/author\/alejo\/#author","url":"https:\/\/radiosul.net\/wp\/author\/alejo\/","name":"Alejo Bordon","image":{"@type":"ImageObject","@id":"https:\/\/radiosul.net\/wp\/2021\/definidos-os-grandes-campeoes-da-2a-exposicao-nacional-de-terneiro-a-hb\/#authorImage","url":"https:\/\/secure.gravatar.com\/avatar\/b3a7e7f1c71212e6a5b7183b79a2ab58dad8bdc4cd4eadd61c4434d010d0bae4?s=96&d=mm&r=g","width":96,"height":96,"caption":"Alejo Bordon"}},{"@type":"WebPage","@id":"https:\/\/radiosul.net\/wp\/2021\/definidos-os-grandes-campeoes-da-2a-exposicao-nacional-de-terneiro-a-hb\/#webpage","url":"https:\/\/radiosul.net\/wp\/2021\/definidos-os-grandes-campeoes-da-2a-exposicao-nacional-de-terneiro-a-hb\/","name":"Definidos os Grandes Campe\u00f5es da 2\u00aa Exposi\u00e7\u00e3o Nacional de Terneiro (a) HB - radiosul.net","description":"A Associa\u00e7\u00e3o Brasileira de Hereford e Braford (ABHB) revelou na tarde de ontem, quinta-feira (20) os campe\u00f5es r\u00fasticos da 2\u00aa Exposi\u00e7\u00e3o Nacional de Terneiro (a) HB. A disputa aconteceu na pista de julgamento Ant\u00f4nio Martins Bastos Filho, no Parque de Exposi\u00e7\u00f5es Agr\u00edcola e Pastoril, em Uruguaiana (RS). Entre as f\u00eameas Polled Hereford o destaque de","inLanguage":"pt-BR","isPartOf":{"@id":"https:\/\/radiosul.net\/wp\/#website"},"breadcrumb":{"@id":"https:\/\/radiosul.net\/wp\/2021\/definidos-os-grandes-campeoes-da-2a-exposicao-nacional-de-terneiro-a-hb\/#breadcrumblist"},"author":{"@id":"https:\/\/radiosul.net\/wp\/author\/alejo\/#author"},"creator":{"@id":"https:\/\/radiosul.net\/wp\/author\/alejo\/#author"},"image":{"@type":"ImageObject","url":"https:\/\/radiosul.net\/wp\/wp-content\/uploads\/2021\/05\/Fotografo-Gustavo-Rafael_img-4976.jpg","@id":"https:\/\/radiosul.net\/wp\/2021\/definidos-os-grandes-campeoes-da-2a-exposicao-nacional-de-terneiro-a-hb\/#mainImage","width":1280,"height":853,"caption":"Foto: Gustavo Rafael"},"primaryImageOfPage":{"@id":"https:\/\/radiosul.net\/wp\/2021\/definidos-os-grandes-campeoes-da-2a-exposicao-nacional-de-terneiro-a-hb\/#mainImage"},"datePublished":"2021-05-26T09:51:41-03:00","dateModified":"2021-05-26T09:51:42-03:00"},{"@type":"WebSite","@id":"https:\/\/radiosul.net\/wp\/#website","url":"https:\/\/radiosul.net\/wp\/","name":"radiosul.net","description":"Regional por Excel\u00eancia","inLanguage":"pt-BR","publisher":{"@id":"https:\/\/radiosul.net\/wp\/#organization"}}]},"og:locale":"pt_BR","og:site_name":"radiosul.net - Regional por Excel\u00eancia","og:type":"article","og:title":"Definidos os Grandes Campe\u00f5es da 2\u00aa Exposi\u00e7\u00e3o Nacional de Terneiro (a) HB - radiosul.net","og:description":"A Associa\u00e7\u00e3o Brasileira de Hereford e Braford (ABHB) revelou na tarde de ontem, quinta-feira (20) os campe\u00f5es r\u00fasticos da 2\u00aa Exposi\u00e7\u00e3o Nacional de Terneiro (a) HB. A disputa aconteceu na pista de julgamento Ant\u00f4nio Martins Bastos Filho, no Parque de Exposi\u00e7\u00f5es Agr\u00edcola e Pastoril, em Uruguaiana (RS). Entre as f\u00eameas Polled Hereford o destaque de","og:url":"https:\/\/radiosul.net\/wp\/2021\/definidos-os-grandes-campeoes-da-2a-exposicao-nacional-de-terneiro-a-hb\/","article:published_time":"2021-05-26T12:51:41+00:00","article:modified_time":"2021-05-26T12:51:42+00:00","twitter:card":"summary_large_image","twitter:title":"Definidos os Grandes Campe\u00f5es da 2\u00aa Exposi\u00e7\u00e3o Nacional de Terneiro (a) HB - radiosul.net","twitter:description":"A Associa\u00e7\u00e3o Brasileira de Hereford e Braford (ABHB) revelou na tarde de ontem, quinta-feira (20) os campe\u00f5es r\u00fasticos da 2\u00aa Exposi\u00e7\u00e3o Nacional de Terneiro (a) HB. A disputa aconteceu na pista de julgamento Ant\u00f4nio Martins Bastos Filho, no Parque de Exposi\u00e7\u00f5es Agr\u00edcola e Pastoril, em Uruguaiana (RS). Entre as f\u00eameas Polled Hereford o destaque de"},"aioseo_meta_data":{"post_id":"18643","title":null,"description":null,"keywords":null,"keyphrases":null,"primary_term":null,"canonical_url":null,"og_title":null,"og_description":null,"og_object_type":"default","og_image_type":"default","og_image_url":null,"og_image_width":null,"og_image_height":null,"og_image_custom_url":null,"og_image_custom_fields":null,"og_video":null,"og_custom_url":null,"og_article_section":null,"og_article_tags":null,"twitter_use_og":false,"twitter_card":"default","twitter_image_type":"default","twitter_image_url":null,"twitter_image_custom_url":null,"twitter_image_custom_fields":null,"twitter_title":null,"twitter_description":null,"schema":{"blockGraphs":[],"customGraphs":[],"default":{"data":{"Article":[],"Course":[],"Dataset":[],"FAQPage":[],"Movie":[],"Person":[],"Product":[],"ProductReview":[],"Car":[],"Recipe":[],"Service":[],"SoftwareApplication":[],"WebPage":[]},"graphName":"","isEnabled":true},"graphs":[]},"schema_type":"default","schema_type_options":null,"pillar_content":false,"robots_default":true,"robots_noindex":false,"robots_noarchive":false,"robots_nosnippet":false,"robots_nofollow":false,"robots_noimageindex":false,"robots_noodp":false,"robots_notranslate":false,"robots_max_snippet":null,"robots_max_videopreview":null,"robots_max_imagepreview":"large","priority":null,"frequency":null,"local_seo":null,"breadcrumb_settings":null,"limit_modified_date":false,"ai":null,"created":"2026-01-09 02:50:16","updated":"2026-01-09 02:50:16","seo_analyzer_scan_date":null,"focus_keyword":null,"additional_keywords":null,"truseo_locale":null},"aioseo_breadcrumb":"<div class=\"aioseo-breadcrumbs\"><span class=\"aioseo-breadcrumb\">\n\t\t\t<a href=\"https:\/\/radiosul.net\/wp\" title=\"Home\">Home<\/a>\n\t\t<\/span><span class=\"aioseo-breadcrumb-separator\">&raquo;<\/span><span class=\"aioseo-breadcrumb\">\n\t\t\t<a href=\"https:\/\/radiosul.net\/wp\/category\/agro\/\" title=\"Agroneg\u00f3cio\">Agroneg\u00f3cio<\/a>\n\t\t<\/span><span class=\"aioseo-breadcrumb-separator\">&raquo;<\/span><span class=\"aioseo-breadcrumb\">\n\t\t\tDefinidos os Grandes Campe\u00f5es da 2\u00aa Exposi\u00e7\u00e3o Nacional de Terneiro (a) HB\n\t\t<\/span><\/div>","aioseo_breadcrumb_json":[{"label":"Home","link":"https:\/\/radiosul.net\/wp"},{"label":"Agroneg\u00f3cio","link":"https:\/\/radiosul.net\/wp\/category\/agro\/"},{"label":"Definidos os Grandes Campe\u00f5es da 2\u00aa Exposi\u00e7\u00e3o Nacional de Terneiro (a) HB","link":"https:\/\/radiosul.net\/wp\/2021\/definidos-os-grandes-campeoes-da-2a-exposicao-nacional-de-terneiro-a-hb\/"}],"_links":{"self":[{"href":"https:\/\/radiosul.net\/wp\/wp-json\/wp\/v2\/posts\/18643","targetHints":{"allow":["GET"]}}],"collection":[{"href":"https:\/\/radiosul.net\/wp\/wp-json\/wp\/v2\/posts"}],"about":[{"href":"https:\/\/radiosul.net\/wp\/wp-json\/wp\/v2\/types\/post"}],"author":[{"embeddable":true,"href":"https:\/\/radiosul.net\/wp\/wp-json\/wp\/v2\/users\/9"}],"replies":[{"embeddable":true,"href":"https:\/\/radiosul.net\/wp\/wp-json\/wp\/v2\/comments?post=18643"}],"version-history":[{"count":1,"href":"https:\/\/radiosul.net\/wp\/wp-json\/wp\/v2\/posts\/18643\/revisions"}],"predecessor-version":[{"id":18650,"href":"https:\/\/radiosul.net\/wp\/wp-json\/wp\/v2\/posts\/18643\/revisions\/18650"}],"wp:featuredmedia":[{"embeddable":true,"href":"https:\/\/radiosul.net\/wp\/wp-json\/wp\/v2\/media\/18649"}],"wp:attachment":[{"href":"https:\/\/radiosul.net\/wp\/wp-json\/wp\/v2\/media?parent=18643"}],"wp:term":[{"taxonomy":"category","embeddable":true,"href":"https:\/\/radiosul.net\/wp\/wp-json\/wp\/v2\/categories?post=18643"},{"taxonomy":"post_tag","embeddable":true,"href":"https:\/\/radiosul.net\/wp\/wp-json\/wp\/v2\/tags?post=18643"}],"curies":[{"name":"wp","href":"https:\/\/api.w.org\/{rel}","templated":true}]}}