{"id":18308,"date":"2021-04-23T07:00:00","date_gmt":"2021-04-23T10:00:00","guid":{"rendered":"https:\/\/radiosul.net\/wp\/?p=18308"},"modified":"2021-04-23T01:20:34","modified_gmt":"2021-04-23T04:20:34","slug":"de-volta-ao-passado","status":"publish","type":"post","link":"https:\/\/radiosul.net\/wp\/2021\/de-volta-ao-passado\/","title":{"rendered":"De volta ao passado"},"content":{"rendered":"\n<p class=\"wp-block-paragraph\">As fazendas ganharam um novo significado em 2020. Al\u00e9m de fonte de produ\u00e7\u00e3o e local preferido para dez de cada dez pecuaristas, elas se tornaram ref\u00fagio durante a quarentena. Para garantir distanciamento social, criadores fecharam as casas na cidade e foram \u201cpra fora\u201d com filhos e netos. Mais do que uma estrat\u00e9gia para manter as fam\u00edlias reunidas e seguras, o movimento permitiu uma volta ao tempo em que gera\u00e7\u00f5es compartilhavam seus dias e ensinamentos no campo.<\/p>\n\n\n\n<p class=\"wp-block-paragraph\">Um exemplo de quem aproveitou a quarentena para abrir as gavetas e revisitar o passado foi o criador Fernando Pons, propriet\u00e1rio da Parada Pons, em Dom Pedrito (RS). Ao lado de esposa, filhas e netos, o pecuarista retornou ao ano de 1850 \u2013 data em que a propriedade foi adquirida. Fundada pelo imigrante espanhol Martin Pons, a fazenda se mant\u00e9m na ativa h\u00e1 quase dois s\u00e9culos. No in\u00edcio, o territ\u00f3rio de 20 hectares funcionava como um armaz\u00e9m, com venda de tecidos, alimentos e artigos de armarinho. Com o tempo, os neg\u00f3cios se expandiram e foram passando de pai para filho. Atualmente, a propriedade tem tr\u00eas mil hectares e \u00e9 comandada pela quinta gera\u00e7\u00e3o da fam\u00edlia Pons. A casa, constru\u00edda na \u00e9poca, segue com a mesma estrutura, tendo sido reformada pela \u00faltima vez em 1934.<img loading=\"lazy\" decoding=\"async\" src=\"https:\/\/angus.org.br\/wp-content\/uploads\/2021\/04\/angus1.jpg\" alt=\"\" srcset=\"https:\/\/angus.org.br\/wp-content\/uploads\/2021\/04\/angus1.jpg 750w, https:\/\/angus.org.br\/wp-content\/uploads\/2021\/04\/angus1-150x150.jpg 150w, https:\/\/angus.org.br\/wp-content\/uploads\/2021\/04\/angus1-500x500.jpg 500w, https:\/\/angus.org.br\/wp-content\/uploads\/2021\/04\/angus1-150x150@2x.jpg 300w\" width=\"600\" height=\"600\"><\/p>\n\n\n\n<p class=\"wp-block-paragraph\" id=\"caption-attachment-19893\">Pandemia reuniu gera\u00e7\u00f5es dos Pons em Dom Pedrito\/ Cr\u00e9dito: Fernando Pons<\/p>\n\n\n\n<p class=\"wp-block-paragraph\">Andar pela fazenda durante o isolamento social foi como voltar no tempo. Pons lembra que ficou sabendo das hist\u00f3rias da propriedade ainda na inf\u00e2ncia, quando ouvia os causos narrados com entusiasmo pelo av\u00f4. Mem\u00f3rias que acenderam no menino o desejo de continuar no ramo e que voltaram a ser contadas, agora, aos netos. \u201cNossa vida sempre foi dividida entre a cidade e o campo, mas nunca hav\u00edamos ficado tanto tempo juntos no mesmo lugar. Eles passam o dia na lida, andando a cavalo e criando novos valores\u201d, conta.<\/p>\n\n\n\n<p class=\"wp-block-paragraph\">A primeira liga\u00e7\u00e3o da propriedade com a pecu\u00e1ria veio a partir da ra\u00e7a inglesa Shorthorn. A evolu\u00e7\u00e3o no agroneg\u00f3cio deu vida \u00e0 Capanegra Agropecu\u00e1ria, empresa que tem em seu escopo a cria\u00e7\u00e3o de gado, cavalos crioulos e cultivo de arroz irrigado e soja. Al\u00e9m da Parada Pons, outras tr\u00eas cabanhas ga\u00fachas d\u00e3o continuidade ao empreendimento: Santana Velha, em Uruguaiana (RS), Posto Branco, em Quara\u00ed (RS), e Cerrito, em Santana do Livramento (RS). Em 1997, a quinta gera\u00e7\u00e3o decidiu investir na Angus. De acordo com Pons, a fam\u00edlia foi uma das pioneiras em expandir a ra\u00e7a pela regi\u00e3o de Bag\u00e9 (RS). O cuidado com o plantel de 2.500 cabe\u00e7as hoje conta com a ajuda das filhas Fernanda Pons Magalh\u00e3es e Cristiana Pons Severo, que, ao lado do pai, come\u00e7am a construir a trajet\u00f3ria da sexta gera\u00e7\u00e3o. \u201cA minha vida inteira est\u00e1 na fazenda, e ver minha fam\u00edlia seguindo o mesmo caminho me enche de orgulho\u201d, pondera Pons.<\/p>\n\n\n\n<p class=\"wp-block-paragraph\">Outro criador que optou por ficar na propriedade foi Renato Ramires. A Cabanha 3E Agropecu\u00e1ria, em Jos\u00e9 Bonif\u00e1cio (SP), \u00e9 fruto de uma sociedade entre amigos fechada em 2004. No mesmo ano, o neg\u00f3cio acabou ficando sob a responsabilidade de Ramires, que investiu na gen\u00e9tica Angus. O plantel de 250 cabe\u00e7as \u00e9 comandando por ele e pelas filhas Camila e Nathalia Ramires. Formado em engenharia civil, o propriet\u00e1rio considera a fazenda a concretiza\u00e7\u00e3o de um sonho. \u201cO rancho \u00e9 aquele desejo gigante que se tornou realidade\u201d, destaca.<\/p>\n\n\n\n<p class=\"wp-block-paragraph\">Com a pandemia, Ramires tamb\u00e9m optou por manter a esposa, as filhas e netas reclusas na propriedade. A decis\u00e3o acabou unindo a fam\u00edlia, que intensificou sua participa\u00e7\u00e3o ativa na rotina da 3E Agropecu\u00e1ria. Para o criador, a mudan\u00e7a ressignificou o olhar das novas gera\u00e7\u00f5es na fazenda. \u201cJ\u00e1 consigo imaginar meus netos e seus futuros filhos dando sequ\u00eancia ao trabalho que eu iniciei\u201d, refor\u00e7a.<\/p>\n\n\n\n<p class=\"wp-block-paragraph\">O terreno de apenas 85 hectares come\u00e7ou de forma simples, mas foi crescendo com a dedica\u00e7\u00e3o da fam\u00edlia. Coberta de mata nativa, a propriedade tamb\u00e9m \u00e9 lar de animais selvagens como jaguatiricas, tamandu\u00e1sbandeira, lobos-guar\u00e1s, raposas e uma quantidade imensa de p\u00e1ssaros. Para ajudar na preserva\u00e7\u00e3o do local, Ramires j\u00e1 plantou mais de 1.800 \u00e1rvores frut\u00edferas. \u201cA sinergia entre a pecu\u00e1ria e a natureza sempre me encantou\u201d, explica.<\/p>\n\n\n\n<p class=\"wp-block-paragraph\">A hist\u00f3ria da cabanha \u00e9 contada atrav\u00e9s de quadros pendurados nas paredes da casa. Com foco em sele\u00e7\u00e3o de gen\u00e9tica adaptada ao Brasil Tropical, a propriedade se mant\u00e9m em destaque na Regi\u00e3o Sudeste. Na agricultura, a fam\u00edlia aposta na planta\u00e7\u00e3o de seringueira, cacau e banana. Al\u00e9m das atividades na 3E Agropecu\u00e1ria, Ramires atua como presidente do N\u00facleo de Criadores Angus de S\u00e3o Paulo. \u201cSempre buscamos incentivar novos criadores a investir na ra\u00e7a, pois sabemos os benef\u00edcios que a Angus traz.\u201d<img loading=\"lazy\" decoding=\"async\" src=\"https:\/\/angus.org.br\/wp-content\/uploads\/2021\/04\/angus5.jpg\" alt=\"\" srcset=\"https:\/\/angus.org.br\/wp-content\/uploads\/2021\/04\/angus5.jpg 750w, https:\/\/angus.org.br\/wp-content\/uploads\/2021\/04\/angus5-150x150.jpg 150w, https:\/\/angus.org.br\/wp-content\/uploads\/2021\/04\/angus5-500x500.jpg 500w, https:\/\/angus.org.br\/wp-content\/uploads\/2021\/04\/angus5-150x150@2x.jpg 300w\" width=\"600\" height=\"600\"><\/p>\n\n\n\n<p class=\"wp-block-paragraph\" id=\"caption-attachment-19894\">Renato Ramires, esposa e netos juntos em Jos\u00e9 Bonif\u00e1cio (SP)\/ Cr\u00e9dito: Arquivo Pessoal<\/p>\n\n\n\n<p class=\"wp-block-paragraph\"><strong>Um pouco de hist\u00f3ria<\/strong><br>A forma\u00e7\u00e3o das fazendas no Brasil vem da era colonial, quando, entre 1500 e 1815, imigrantes portugueses que chegaram ao lado da fam\u00edlia real para povoar o territ\u00f3rio trouxeram consigo a esperan\u00e7a de terras pr\u00f3speras. A Coroa Portuguesa decidiu implantar, em 1534, um sistema administrativo que dividiu o Brasil em 15 grandes extens\u00f5es de terra, as chamadas capitanias heredit\u00e1rias. Segundo a historiadora e professora aposentada da Universidade Federal de Pelotas (UFPel), Ester Gutierrez, que dedicou anos de sua vida acad\u00eamica \u00e0 pesquisa cient\u00edfica desse per\u00edodo, os lotes foram doados para homens nobres e de confian\u00e7a do reino, que receberam a responsabilidade de povoar as regi\u00f5es com animais, o que praticamente n\u00e3o aconteceu. \u201cO primeiro registro de gado nas terras foi na capitania de S\u00e3o Vicente, hoje S\u00e3o Paulo, quando o portugu\u00eas Martim Afonso de Sousa introduziu o gado trazido de Cabo Verde, origin\u00e1rio de Tr\u00e1s-os-Montes, Portugal\u201d, explica. Alguns anos depois, um novo carregamento teria sido feito em Salvador, expandindo a cria\u00e7\u00e3o para o Nordeste.<\/p>\n\n\n\n<p class=\"wp-block-paragraph\">As capitanias, no entanto, n\u00e3o foram consideradas empreendimentos de grande sucesso. Os donat\u00e1rios heredit\u00e1rios distribu\u00edram terras entre os interessados em instalar-se no Brasil, que tinham a obriga\u00e7\u00e3o de torn\u00e1las produtivas e pagar impostos \u00e0 Coroa. Essa rela\u00e7\u00e3o acabou causando conflitos entre a administra\u00e7\u00e3o e os fazendeiros. \u201cO governo luso refor\u00e7ava a a\u00e7\u00e3o fiscal que reca\u00eda sobre os animais e o couro, e n\u00e3o sobre as terras, que eram gratuitas\u201d, destaca Ester. De acordo com a historiadora, a comercializa\u00e7\u00e3o de hectares entre a popula\u00e7\u00e3o livre s\u00f3 foi poss\u00edvel a partir de 1850, quando Dom Pedro II sancionou a Lei da Terra. A legisla\u00e7\u00e3o determinou par\u00e2metros e normas sobre a posse, a manuten\u00e7\u00e3o, o uso e a venda dos terrenos. Assim, iniciou-se uma nova fase na expans\u00e3o agr\u00edcola brasileira. A lei transformou a terra em mercadoria, e introduziu-se o conceito de posse.<\/p>\n\n\n\n<p class=\"wp-block-paragraph\">Hoje, segundo os dados do IBGE, o Brasil tem mais de 2,6 milh\u00f5es de estabelecimentos rurais, muitos deles dedicados \u00e0 pecu\u00e1ria. Mais do que uma atividade que coloca o Brasil na vitrine mundial, o agroneg\u00f3cio que conhecemos nada mais \u00e9 do que o fruto de anos de dedica\u00e7\u00e3o de fam\u00edlias em suas muitas gera\u00e7\u00f5es.<img loading=\"lazy\" decoding=\"async\" src=\"https:\/\/angus.org.br\/wp-content\/uploads\/2021\/04\/angus4.jpg\" alt=\"\" srcset=\"https:\/\/angus.org.br\/wp-content\/uploads\/2021\/04\/angus4.jpg 750w, https:\/\/angus.org.br\/wp-content\/uploads\/2021\/04\/angus4-150x150.jpg 150w, https:\/\/angus.org.br\/wp-content\/uploads\/2021\/04\/angus4-500x500.jpg 500w, https:\/\/angus.org.br\/wp-content\/uploads\/2021\/04\/angus4-150x150@2x.jpg 300w\" width=\"600\" height=\"600\"><\/p>\n\n\n\n<p class=\"wp-block-paragraph\" id=\"caption-attachment-19892\">Constru\u00edda em 1885, a sede da Parada Pons \u00e9 abrigo da fam\u00edlia e hist\u00f3ria viva da pecu\u00e1ria ga\u00facha\/ Cr\u00e9dito: Arquivo pessoal<\/p>\n\n\n\n<p class=\"wp-block-paragraph\"><strong><em>Fonte: Associa\u00e7\u00e3o Brasileira de Angus<\/em><\/strong><\/p>\n","protected":false},"excerpt":{"rendered":"<p>As fazendas ganharam um novo significado em 2020. Al\u00e9m de fonte de produ\u00e7\u00e3o e local preferido para dez de cada dez pecuaristas, elas se tornaram ref\u00fagio durante a quarentena. Para garantir distanciamento social, criadores fecharam as casas na cidade e foram \u201cpra fora\u201d com filhos e netos. Mais do que uma estrat\u00e9gia para manter as &hellip;<\/p>\n","protected":false},"author":9,"featured_media":18311,"comment_status":"closed","ping_status":"closed","sticky":false,"template":"","format":"standard","meta":{"_monsterinsights_skip_tracking":false,"_uf_show_specific_survey":0,"_uf_disable_surveys":false,"footnotes":""},"categories":[1,126],"tags":[],"class_list":["post-18308","post","type-post","status-publish","format-standard","has-post-thumbnail","hentry","category-agro","category-destacados"],"aioseo_notices":[],"aioseo_head":"\n\t\t<!-- All in One SEO 5.0.1.1 - aioseo.com -->\n\t<meta name=\"description\" content=\"As fazendas ganharam um novo significado em 2020. Al\u00e9m de fonte de produ\u00e7\u00e3o e local preferido para dez de cada dez pecuaristas, elas se tornaram ref\u00fagio durante a quarentena. Para garantir distanciamento social, criadores fecharam as casas na cidade e foram \u201cpra fora\u201d com filhos e netos. Mais do que uma estrat\u00e9gia para manter as\" \/>\n\t<meta name=\"robots\" content=\"max-image-preview:large\" \/>\n\t<meta name=\"author\" content=\"Alejo Bordon\"\/>\n\t<link rel=\"canonical\" href=\"https:\/\/radiosul.net\/wp\/2021\/de-volta-ao-passado\/\" \/>\n\t<meta name=\"generator\" content=\"All in One SEO (AIOSEO) 5.0.1.1\" \/>\n\t\t<meta property=\"og:locale\" content=\"pt_BR\" \/>\n\t\t<meta property=\"og:site_name\" content=\"radiosul.net - Regional por Excel\u00eancia\" \/>\n\t\t<meta property=\"og:type\" content=\"article\" \/>\n\t\t<meta property=\"og:title\" content=\"De volta ao passado - radiosul.net\" \/>\n\t\t<meta property=\"og:description\" content=\"As fazendas ganharam um novo significado em 2020. Al\u00e9m de fonte de produ\u00e7\u00e3o e local preferido para dez de cada dez pecuaristas, elas se tornaram ref\u00fagio durante a quarentena. Para garantir distanciamento social, criadores fecharam as casas na cidade e foram \u201cpra fora\u201d com filhos e netos. Mais do que uma estrat\u00e9gia para manter as\" \/>\n\t\t<meta property=\"og:url\" content=\"https:\/\/radiosul.net\/wp\/2021\/de-volta-ao-passado\/\" \/>\n\t\t<meta property=\"article:published_time\" content=\"2021-04-23T10:00:00+00:00\" \/>\n\t\t<meta property=\"article:modified_time\" content=\"2021-04-23T04:20:34+00:00\" \/>\n\t\t<meta name=\"twitter:card\" content=\"summary_large_image\" \/>\n\t\t<meta name=\"twitter:title\" content=\"De volta ao passado - radiosul.net\" \/>\n\t\t<meta name=\"twitter:description\" content=\"As fazendas ganharam um novo significado em 2020. Al\u00e9m de fonte de produ\u00e7\u00e3o e local preferido para dez de cada dez pecuaristas, elas se tornaram ref\u00fagio durante a quarentena. Para garantir distanciamento social, criadores fecharam as casas na cidade e foram \u201cpra fora\u201d com filhos e netos. Mais do que uma estrat\u00e9gia para manter as\" \/>\n\t\t<script type=\"application\/ld+json\" class=\"aioseo-schema\">\n\t\t\t{\"@context\":\"https:\\\/\\\/schema.org\",\"@graph\":[{\"@type\":\"BlogPosting\",\"@id\":\"https:\\\/\\\/radiosul.net\\\/wp\\\/2021\\\/de-volta-ao-passado\\\/#blogposting\",\"name\":\"De volta ao passado - radiosul.net\",\"headline\":\"De volta ao passado\",\"author\":{\"@id\":\"https:\\\/\\\/radiosul.net\\\/wp\\\/author\\\/alejo\\\/#author\"},\"publisher\":{\"@id\":\"https:\\\/\\\/radiosul.net\\\/wp\\\/#organization\"},\"image\":{\"@type\":\"ImageObject\",\"url\":\"https:\\\/\\\/radiosul.net\\\/wp\\\/wp-content\\\/uploads\\\/2021\\\/04\\\/angus2-500x500-1.jpg\",\"width\":500,\"height\":500,\"caption\":\"Cr\\u00e9dito: Fernando Pons\"},\"datePublished\":\"2021-04-23T07:00:00-03:00\",\"dateModified\":\"2021-04-23T01:20:34-03:00\",\"inLanguage\":\"pt-BR\",\"mainEntityOfPage\":{\"@id\":\"https:\\\/\\\/radiosul.net\\\/wp\\\/2021\\\/de-volta-ao-passado\\\/#webpage\"},\"isPartOf\":{\"@id\":\"https:\\\/\\\/radiosul.net\\\/wp\\\/2021\\\/de-volta-ao-passado\\\/#webpage\"},\"articleSection\":\"Agroneg\\u00f3cio, Destaque\"},{\"@type\":\"BreadcrumbList\",\"@id\":\"https:\\\/\\\/radiosul.net\\\/wp\\\/2021\\\/de-volta-ao-passado\\\/#breadcrumblist\",\"itemListElement\":[{\"@type\":\"ListItem\",\"@id\":\"https:\\\/\\\/radiosul.net\\\/wp#listItem\",\"position\":1,\"name\":\"Home\",\"item\":\"https:\\\/\\\/radiosul.net\\\/wp\",\"nextItem\":{\"@type\":\"ListItem\",\"@id\":\"https:\\\/\\\/radiosul.net\\\/wp\\\/category\\\/agro\\\/#listItem\",\"name\":\"Agroneg\\u00f3cio\"}},{\"@type\":\"ListItem\",\"@id\":\"https:\\\/\\\/radiosul.net\\\/wp\\\/category\\\/agro\\\/#listItem\",\"position\":2,\"name\":\"Agroneg\\u00f3cio\",\"item\":\"https:\\\/\\\/radiosul.net\\\/wp\\\/category\\\/agro\\\/\",\"nextItem\":{\"@type\":\"ListItem\",\"@id\":\"https:\\\/\\\/radiosul.net\\\/wp\\\/2021\\\/de-volta-ao-passado\\\/#listItem\",\"name\":\"De volta ao passado\"},\"previousItem\":{\"@type\":\"ListItem\",\"@id\":\"https:\\\/\\\/radiosul.net\\\/wp#listItem\",\"name\":\"Home\"}},{\"@type\":\"ListItem\",\"@id\":\"https:\\\/\\\/radiosul.net\\\/wp\\\/2021\\\/de-volta-ao-passado\\\/#listItem\",\"position\":3,\"name\":\"De volta ao passado\",\"previousItem\":{\"@type\":\"ListItem\",\"@id\":\"https:\\\/\\\/radiosul.net\\\/wp\\\/category\\\/agro\\\/#listItem\",\"name\":\"Agroneg\\u00f3cio\"}}]},{\"@type\":\"Organization\",\"@id\":\"https:\\\/\\\/radiosul.net\\\/wp\\\/#organization\",\"name\":\"radiosul.net\",\"description\":\"Regional por Excel\\u00eancia\",\"url\":\"https:\\\/\\\/radiosul.net\\\/wp\\\/\"},{\"@type\":\"Person\",\"@id\":\"https:\\\/\\\/radiosul.net\\\/wp\\\/author\\\/alejo\\\/#author\",\"url\":\"https:\\\/\\\/radiosul.net\\\/wp\\\/author\\\/alejo\\\/\",\"name\":\"Alejo Bordon\",\"image\":{\"@type\":\"ImageObject\",\"@id\":\"https:\\\/\\\/radiosul.net\\\/wp\\\/2021\\\/de-volta-ao-passado\\\/#authorImage\",\"url\":\"https:\\\/\\\/secure.gravatar.com\\\/avatar\\\/b3a7e7f1c71212e6a5b7183b79a2ab58dad8bdc4cd4eadd61c4434d010d0bae4?s=96&d=mm&r=g\",\"width\":96,\"height\":96,\"caption\":\"Alejo Bordon\"}},{\"@type\":\"WebPage\",\"@id\":\"https:\\\/\\\/radiosul.net\\\/wp\\\/2021\\\/de-volta-ao-passado\\\/#webpage\",\"url\":\"https:\\\/\\\/radiosul.net\\\/wp\\\/2021\\\/de-volta-ao-passado\\\/\",\"name\":\"De volta ao passado - radiosul.net\",\"description\":\"As fazendas ganharam um novo significado em 2020. Al\\u00e9m de fonte de produ\\u00e7\\u00e3o e local preferido para dez de cada dez pecuaristas, elas se tornaram ref\\u00fagio durante a quarentena. Para garantir distanciamento social, criadores fecharam as casas na cidade e foram \\u201cpra fora\\u201d com filhos e netos. Mais do que uma estrat\\u00e9gia para manter as\",\"inLanguage\":\"pt-BR\",\"isPartOf\":{\"@id\":\"https:\\\/\\\/radiosul.net\\\/wp\\\/#website\"},\"breadcrumb\":{\"@id\":\"https:\\\/\\\/radiosul.net\\\/wp\\\/2021\\\/de-volta-ao-passado\\\/#breadcrumblist\"},\"author\":{\"@id\":\"https:\\\/\\\/radiosul.net\\\/wp\\\/author\\\/alejo\\\/#author\"},\"creator\":{\"@id\":\"https:\\\/\\\/radiosul.net\\\/wp\\\/author\\\/alejo\\\/#author\"},\"image\":{\"@type\":\"ImageObject\",\"url\":\"https:\\\/\\\/radiosul.net\\\/wp\\\/wp-content\\\/uploads\\\/2021\\\/04\\\/angus2-500x500-1.jpg\",\"@id\":\"https:\\\/\\\/radiosul.net\\\/wp\\\/2021\\\/de-volta-ao-passado\\\/#mainImage\",\"width\":500,\"height\":500,\"caption\":\"Cr\\u00e9dito: Fernando Pons\"},\"primaryImageOfPage\":{\"@id\":\"https:\\\/\\\/radiosul.net\\\/wp\\\/2021\\\/de-volta-ao-passado\\\/#mainImage\"},\"datePublished\":\"2021-04-23T07:00:00-03:00\",\"dateModified\":\"2021-04-23T01:20:34-03:00\"},{\"@type\":\"WebSite\",\"@id\":\"https:\\\/\\\/radiosul.net\\\/wp\\\/#website\",\"url\":\"https:\\\/\\\/radiosul.net\\\/wp\\\/\",\"name\":\"radiosul.net\",\"description\":\"Regional por Excel\\u00eancia\",\"inLanguage\":\"pt-BR\",\"publisher\":{\"@id\":\"https:\\\/\\\/radiosul.net\\\/wp\\\/#organization\"}}]}\n\t\t<\/script>\n\t\t<!-- All in One SEO -->\n\n","aioseo_head_json":{"title":"De volta ao passado - radiosul.net","description":"As fazendas ganharam um novo significado em 2020. Al\u00e9m de fonte de produ\u00e7\u00e3o e local preferido para dez de cada dez pecuaristas, elas se tornaram ref\u00fagio durante a quarentena. Para garantir distanciamento social, criadores fecharam as casas na cidade e foram \u201cpra fora\u201d com filhos e netos. Mais do que uma estrat\u00e9gia para manter as","canonical_url":"https:\/\/radiosul.net\/wp\/2021\/de-volta-ao-passado\/","robots":"max-image-preview:large","keywords":"","webmasterTools":{"miscellaneous":""},"schema":{"@context":"https:\/\/schema.org","@graph":[{"@type":"BlogPosting","@id":"https:\/\/radiosul.net\/wp\/2021\/de-volta-ao-passado\/#blogposting","name":"De volta ao passado - radiosul.net","headline":"De volta ao passado","author":{"@id":"https:\/\/radiosul.net\/wp\/author\/alejo\/#author"},"publisher":{"@id":"https:\/\/radiosul.net\/wp\/#organization"},"image":{"@type":"ImageObject","url":"https:\/\/radiosul.net\/wp\/wp-content\/uploads\/2021\/04\/angus2-500x500-1.jpg","width":500,"height":500,"caption":"Cr\u00e9dito: Fernando Pons"},"datePublished":"2021-04-23T07:00:00-03:00","dateModified":"2021-04-23T01:20:34-03:00","inLanguage":"pt-BR","mainEntityOfPage":{"@id":"https:\/\/radiosul.net\/wp\/2021\/de-volta-ao-passado\/#webpage"},"isPartOf":{"@id":"https:\/\/radiosul.net\/wp\/2021\/de-volta-ao-passado\/#webpage"},"articleSection":"Agroneg\u00f3cio, Destaque"},{"@type":"BreadcrumbList","@id":"https:\/\/radiosul.net\/wp\/2021\/de-volta-ao-passado\/#breadcrumblist","itemListElement":[{"@type":"ListItem","@id":"https:\/\/radiosul.net\/wp#listItem","position":1,"name":"Home","item":"https:\/\/radiosul.net\/wp","nextItem":{"@type":"ListItem","@id":"https:\/\/radiosul.net\/wp\/category\/agro\/#listItem","name":"Agroneg\u00f3cio"}},{"@type":"ListItem","@id":"https:\/\/radiosul.net\/wp\/category\/agro\/#listItem","position":2,"name":"Agroneg\u00f3cio","item":"https:\/\/radiosul.net\/wp\/category\/agro\/","nextItem":{"@type":"ListItem","@id":"https:\/\/radiosul.net\/wp\/2021\/de-volta-ao-passado\/#listItem","name":"De volta ao passado"},"previousItem":{"@type":"ListItem","@id":"https:\/\/radiosul.net\/wp#listItem","name":"Home"}},{"@type":"ListItem","@id":"https:\/\/radiosul.net\/wp\/2021\/de-volta-ao-passado\/#listItem","position":3,"name":"De volta ao passado","previousItem":{"@type":"ListItem","@id":"https:\/\/radiosul.net\/wp\/category\/agro\/#listItem","name":"Agroneg\u00f3cio"}}]},{"@type":"Organization","@id":"https:\/\/radiosul.net\/wp\/#organization","name":"radiosul.net","description":"Regional por Excel\u00eancia","url":"https:\/\/radiosul.net\/wp\/"},{"@type":"Person","@id":"https:\/\/radiosul.net\/wp\/author\/alejo\/#author","url":"https:\/\/radiosul.net\/wp\/author\/alejo\/","name":"Alejo Bordon","image":{"@type":"ImageObject","@id":"https:\/\/radiosul.net\/wp\/2021\/de-volta-ao-passado\/#authorImage","url":"https:\/\/secure.gravatar.com\/avatar\/b3a7e7f1c71212e6a5b7183b79a2ab58dad8bdc4cd4eadd61c4434d010d0bae4?s=96&d=mm&r=g","width":96,"height":96,"caption":"Alejo Bordon"}},{"@type":"WebPage","@id":"https:\/\/radiosul.net\/wp\/2021\/de-volta-ao-passado\/#webpage","url":"https:\/\/radiosul.net\/wp\/2021\/de-volta-ao-passado\/","name":"De volta ao passado - radiosul.net","description":"As fazendas ganharam um novo significado em 2020. Al\u00e9m de fonte de produ\u00e7\u00e3o e local preferido para dez de cada dez pecuaristas, elas se tornaram ref\u00fagio durante a quarentena. Para garantir distanciamento social, criadores fecharam as casas na cidade e foram \u201cpra fora\u201d com filhos e netos. Mais do que uma estrat\u00e9gia para manter as","inLanguage":"pt-BR","isPartOf":{"@id":"https:\/\/radiosul.net\/wp\/#website"},"breadcrumb":{"@id":"https:\/\/radiosul.net\/wp\/2021\/de-volta-ao-passado\/#breadcrumblist"},"author":{"@id":"https:\/\/radiosul.net\/wp\/author\/alejo\/#author"},"creator":{"@id":"https:\/\/radiosul.net\/wp\/author\/alejo\/#author"},"image":{"@type":"ImageObject","url":"https:\/\/radiosul.net\/wp\/wp-content\/uploads\/2021\/04\/angus2-500x500-1.jpg","@id":"https:\/\/radiosul.net\/wp\/2021\/de-volta-ao-passado\/#mainImage","width":500,"height":500,"caption":"Cr\u00e9dito: Fernando Pons"},"primaryImageOfPage":{"@id":"https:\/\/radiosul.net\/wp\/2021\/de-volta-ao-passado\/#mainImage"},"datePublished":"2021-04-23T07:00:00-03:00","dateModified":"2021-04-23T01:20:34-03:00"},{"@type":"WebSite","@id":"https:\/\/radiosul.net\/wp\/#website","url":"https:\/\/radiosul.net\/wp\/","name":"radiosul.net","description":"Regional por Excel\u00eancia","inLanguage":"pt-BR","publisher":{"@id":"https:\/\/radiosul.net\/wp\/#organization"}}]},"og:locale":"pt_BR","og:site_name":"radiosul.net - Regional por Excel\u00eancia","og:type":"article","og:title":"De volta ao passado - radiosul.net","og:description":"As fazendas ganharam um novo significado em 2020. Al\u00e9m de fonte de produ\u00e7\u00e3o e local preferido para dez de cada dez pecuaristas, elas se tornaram ref\u00fagio durante a quarentena. Para garantir distanciamento social, criadores fecharam as casas na cidade e foram \u201cpra fora\u201d com filhos e netos. Mais do que uma estrat\u00e9gia para manter as","og:url":"https:\/\/radiosul.net\/wp\/2021\/de-volta-ao-passado\/","article:published_time":"2021-04-23T10:00:00+00:00","article:modified_time":"2021-04-23T04:20:34+00:00","twitter:card":"summary_large_image","twitter:title":"De volta ao passado - radiosul.net","twitter:description":"As fazendas ganharam um novo significado em 2020. Al\u00e9m de fonte de produ\u00e7\u00e3o e local preferido para dez de cada dez pecuaristas, elas se tornaram ref\u00fagio durante a quarentena. Para garantir distanciamento social, criadores fecharam as casas na cidade e foram \u201cpra fora\u201d com filhos e netos. Mais do que uma estrat\u00e9gia para manter as"},"aioseo_meta_data":{"post_id":"18308","title":null,"description":null,"keywords":null,"keyphrases":null,"primary_term":null,"canonical_url":null,"og_title":null,"og_description":null,"og_object_type":"default","og_image_type":"default","og_image_url":null,"og_image_width":null,"og_image_height":null,"og_image_custom_url":null,"og_image_custom_fields":null,"og_video":null,"og_custom_url":null,"og_article_section":null,"og_article_tags":null,"twitter_use_og":false,"twitter_card":"default","twitter_image_type":"default","twitter_image_url":null,"twitter_image_custom_url":null,"twitter_image_custom_fields":null,"twitter_title":null,"twitter_description":null,"schema":{"blockGraphs":[],"customGraphs":[],"default":{"data":{"Article":[],"Course":[],"Dataset":[],"FAQPage":[],"Movie":[],"Person":[],"Product":[],"ProductReview":[],"Car":[],"Recipe":[],"Service":[],"SoftwareApplication":[],"WebPage":[]},"graphName":"","isEnabled":true},"graphs":[]},"schema_type":"default","schema_type_options":null,"pillar_content":false,"robots_default":true,"robots_noindex":false,"robots_noarchive":false,"robots_nosnippet":false,"robots_nofollow":false,"robots_noimageindex":false,"robots_noodp":false,"robots_notranslate":false,"robots_max_snippet":null,"robots_max_videopreview":null,"robots_max_imagepreview":"large","priority":null,"frequency":null,"local_seo":null,"breadcrumb_settings":null,"limit_modified_date":false,"ai":null,"created":"2026-01-09 02:19:08","updated":"2026-01-09 02:19:08","seo_analyzer_scan_date":null,"focus_keyword":null,"additional_keywords":null,"truseo_locale":null},"aioseo_breadcrumb":"<div class=\"aioseo-breadcrumbs\"><span class=\"aioseo-breadcrumb\">\n\t\t\t<a href=\"https:\/\/radiosul.net\/wp\" title=\"Home\">Home<\/a>\n\t\t<\/span><span class=\"aioseo-breadcrumb-separator\">&raquo;<\/span><span class=\"aioseo-breadcrumb\">\n\t\t\t<a href=\"https:\/\/radiosul.net\/wp\/category\/agro\/\" title=\"Agroneg\u00f3cio\">Agroneg\u00f3cio<\/a>\n\t\t<\/span><span class=\"aioseo-breadcrumb-separator\">&raquo;<\/span><span class=\"aioseo-breadcrumb\">\n\t\t\tDe volta ao passado\n\t\t<\/span><\/div>","aioseo_breadcrumb_json":[{"label":"Home","link":"https:\/\/radiosul.net\/wp"},{"label":"Agroneg\u00f3cio","link":"https:\/\/radiosul.net\/wp\/category\/agro\/"},{"label":"De volta ao passado","link":"https:\/\/radiosul.net\/wp\/2021\/de-volta-ao-passado\/"}],"_links":{"self":[{"href":"https:\/\/radiosul.net\/wp\/wp-json\/wp\/v2\/posts\/18308","targetHints":{"allow":["GET"]}}],"collection":[{"href":"https:\/\/radiosul.net\/wp\/wp-json\/wp\/v2\/posts"}],"about":[{"href":"https:\/\/radiosul.net\/wp\/wp-json\/wp\/v2\/types\/post"}],"author":[{"embeddable":true,"href":"https:\/\/radiosul.net\/wp\/wp-json\/wp\/v2\/users\/9"}],"replies":[{"embeddable":true,"href":"https:\/\/radiosul.net\/wp\/wp-json\/wp\/v2\/comments?post=18308"}],"version-history":[{"count":1,"href":"https:\/\/radiosul.net\/wp\/wp-json\/wp\/v2\/posts\/18308\/revisions"}],"predecessor-version":[{"id":18312,"href":"https:\/\/radiosul.net\/wp\/wp-json\/wp\/v2\/posts\/18308\/revisions\/18312"}],"wp:featuredmedia":[{"embeddable":true,"href":"https:\/\/radiosul.net\/wp\/wp-json\/wp\/v2\/media\/18311"}],"wp:attachment":[{"href":"https:\/\/radiosul.net\/wp\/wp-json\/wp\/v2\/media?parent=18308"}],"wp:term":[{"taxonomy":"category","embeddable":true,"href":"https:\/\/radiosul.net\/wp\/wp-json\/wp\/v2\/categories?post=18308"},{"taxonomy":"post_tag","embeddable":true,"href":"https:\/\/radiosul.net\/wp\/wp-json\/wp\/v2\/tags?post=18308"}],"curies":[{"name":"wp","href":"https:\/\/api.w.org\/{rel}","templated":true}]}}