{"id":18097,"date":"2021-03-30T07:00:00","date_gmt":"2021-03-30T10:00:00","guid":{"rendered":"https:\/\/radiosul.net\/wp\/?p=18097"},"modified":"2021-03-29T20:01:24","modified_gmt":"2021-03-29T23:01:24","slug":"sebrae-rs-mercado-da-carne-de-qualidade-e-tema-de-webinar-dia-30-03","status":"publish","type":"post","link":"https:\/\/radiosul.net\/wp\/2021\/sebrae-rs-mercado-da-carne-de-qualidade-e-tema-de-webinar-dia-30-03\/","title":{"rendered":"SEBRAE RS: Mercado da carne de qualidade \u00e9 tema de webinar, dia 30\/03"},"content":{"rendered":"\n<p class=\"wp-block-paragraph\"><em>Os convidados s\u00e3o Roberto Grecell\u00e9 e Marcelo Shimbo<\/em><\/p>\n\n\n\n<p class=\"wp-block-paragraph\">Com o consumidor cada vez mais exigente, o mercado de carne de qualidade vai ganhando mais espa\u00e7o, o que exige estrat\u00e9gias diferenciadas de toda a cadeia, da produ\u00e7\u00e3o ao marketing de vendas. Para quem quer saber mais sobre o mercado da carne, tend\u00eancias de consumo, novos modelos de neg\u00f3cios relacionados ao produto carne e internacionaliza\u00e7\u00e3o ser\u00e1 realizada na pr\u00f3xima ter\u00e7a-feira, dia 30, \u00e0s 19h, a webinar Conex\u00e3o &amp; Neg\u00f3cios: por dentro do mercado da carne de qualidade.<\/p>\n\n\n\n<figure class=\"wp-block-image size-large\"><img loading=\"lazy\" decoding=\"async\" width=\"654\" height=\"654\" src=\"https:\/\/radiosul.net\/wp\/wp-content\/uploads\/2021\/03\/1617037808127.jpeg\" alt=\"\" class=\"wp-image-18090\" srcset=\"https:\/\/radiosul.net\/wp\/wp-content\/uploads\/2021\/03\/1617037808127.jpeg 654w, https:\/\/radiosul.net\/wp\/wp-content\/uploads\/2021\/03\/1617037808127-300x300.jpeg 300w, https:\/\/radiosul.net\/wp\/wp-content\/uploads\/2021\/03\/1617037808127-150x150.jpeg 150w\" sizes=\"auto, (max-width: 654px) 100vw, 654px\" \/><\/figure>\n\n\n\n<p class=\"wp-block-paragraph\">Os convidados s\u00e3o Roberto Grecell\u00e9, um dos principais profissionais do mercado e idealizador e respons\u00e1vel pelo projeto de curadoria t\u00e9cnica O Cara da Carne\u00ae, e Marcelo Shimbo, que atua na cadeia produtiva da carne h\u00e1 mais de 20 anos, com experi\u00eancia em produ\u00e7\u00e3o animal, ind\u00fastria frigor\u00edfica e diferentes canais de venda como restaurantes, varejo e consumidor final.<\/p>\n\n\n\n<p class=\"wp-block-paragraph\">O evento \u00e9 promovido pelo programa Juntos para Competir &#8211; desenvolvido por Farsul, Senar-RS e Sebrae RS. A webinar poder\u00e1 ser acompanhada pelo Youtube do Sebrae RS e pelo Facebook do Sebrae RS e a inscri\u00e7\u00e3o pode ser feita gratuitamente em <a href=\"http:\/\/conhecimento.sebraers.com.br\/lp\/webinar-por-dentro-do-mercado-da-carne-de-qualidade\/\" target=\"_blank\" rel=\"noreferrer noopener\">http:\/\/conhecimento.sebraers.com.br\/lp\/webinar-por-dentro-do-mercado-da-carne-de-qualidade\/<\/a>.<\/p>\n\n\n\n<p class=\"wp-block-paragraph\"><strong><em>Fonte: SEBRAE RS<\/em><\/strong><\/p>\n","protected":false},"excerpt":{"rendered":"<p>Os convidados s\u00e3o Roberto Grecell\u00e9 e Marcelo Shimbo Com o consumidor cada vez mais exigente, o mercado de carne de qualidade vai ganhando mais espa\u00e7o, o que exige estrat\u00e9gias diferenciadas de toda a cadeia, da produ\u00e7\u00e3o ao marketing de vendas. Para quem quer saber mais sobre o mercado da carne, tend\u00eancias de consumo, novos modelos &hellip;<\/p>\n","protected":false},"author":9,"featured_media":18090,"comment_status":"closed","ping_status":"closed","sticky":false,"template":"","format":"standard","meta":{"_monsterinsights_skip_tracking":false,"_uf_show_specific_survey":0,"_uf_disable_surveys":false,"footnotes":""},"categories":[1,126],"tags":[],"class_list":["post-18097","post","type-post","status-publish","format-standard","has-post-thumbnail","hentry","category-agro","category-destacados"],"aioseo_notices":[],"aioseo_head":"\n\t\t<!-- All in One SEO 5.0.1.1 - aioseo.com -->\n\t<meta name=\"description\" content=\"Os convidados s\u00e3o Roberto Grecell\u00e9 e Marcelo Shimbo Com o consumidor cada vez mais exigente, o mercado de carne de qualidade vai ganhando mais espa\u00e7o, o que exige estrat\u00e9gias diferenciadas de toda a cadeia, da produ\u00e7\u00e3o ao marketing de vendas. Para quem quer saber mais sobre o mercado da carne, tend\u00eancias de consumo, novos modelos\" \/>\n\t<meta name=\"robots\" content=\"max-image-preview:large\" \/>\n\t<meta name=\"author\" content=\"Alejo Bordon\"\/>\n\t<link rel=\"canonical\" href=\"https:\/\/radiosul.net\/wp\/2021\/sebrae-rs-mercado-da-carne-de-qualidade-e-tema-de-webinar-dia-30-03\/\" \/>\n\t<meta name=\"generator\" content=\"All in One SEO (AIOSEO) 5.0.1.1\" \/>\n\t\t<meta property=\"og:locale\" content=\"pt_BR\" \/>\n\t\t<meta property=\"og:site_name\" content=\"radiosul.net - Regional por Excel\u00eancia\" \/>\n\t\t<meta property=\"og:type\" content=\"article\" \/>\n\t\t<meta property=\"og:title\" content=\"SEBRAE RS: Mercado da carne de qualidade \u00e9 tema de webinar, dia 30\/03 - radiosul.net\" \/>\n\t\t<meta property=\"og:description\" content=\"Os convidados s\u00e3o Roberto Grecell\u00e9 e Marcelo Shimbo Com o consumidor cada vez mais exigente, o mercado de carne de qualidade vai ganhando mais espa\u00e7o, o que exige estrat\u00e9gias diferenciadas de toda a cadeia, da produ\u00e7\u00e3o ao marketing de vendas. Para quem quer saber mais sobre o mercado da carne, tend\u00eancias de consumo, novos modelos\" \/>\n\t\t<meta property=\"og:url\" content=\"https:\/\/radiosul.net\/wp\/2021\/sebrae-rs-mercado-da-carne-de-qualidade-e-tema-de-webinar-dia-30-03\/\" \/>\n\t\t<meta property=\"article:published_time\" content=\"2021-03-30T10:00:00+00:00\" \/>\n\t\t<meta property=\"article:modified_time\" content=\"2021-03-29T23:01:24+00:00\" \/>\n\t\t<meta name=\"twitter:card\" content=\"summary_large_image\" \/>\n\t\t<meta name=\"twitter:title\" content=\"SEBRAE RS: Mercado da carne de qualidade \u00e9 tema de webinar, dia 30\/03 - radiosul.net\" \/>\n\t\t<meta name=\"twitter:description\" content=\"Os convidados s\u00e3o Roberto Grecell\u00e9 e Marcelo Shimbo Com o consumidor cada vez mais exigente, o mercado de carne de qualidade vai ganhando mais espa\u00e7o, o que exige estrat\u00e9gias diferenciadas de toda a cadeia, da produ\u00e7\u00e3o ao marketing de vendas. Para quem quer saber mais sobre o mercado da carne, tend\u00eancias de consumo, novos modelos\" \/>\n\t\t<script type=\"application\/ld+json\" class=\"aioseo-schema\">\n\t\t\t{\"@context\":\"https:\\\/\\\/schema.org\",\"@graph\":[{\"@type\":\"BlogPosting\",\"@id\":\"https:\\\/\\\/radiosul.net\\\/wp\\\/2021\\\/sebrae-rs-mercado-da-carne-de-qualidade-e-tema-de-webinar-dia-30-03\\\/#blogposting\",\"name\":\"SEBRAE RS: Mercado da carne de qualidade \\u00e9 tema de webinar, dia 30\\\/03 - radiosul.net\",\"headline\":\"SEBRAE RS: Mercado da carne de qualidade \\u00e9 tema de webinar, dia 30\\\/03\",\"author\":{\"@id\":\"https:\\\/\\\/radiosul.net\\\/wp\\\/author\\\/alejo\\\/#author\"},\"publisher\":{\"@id\":\"https:\\\/\\\/radiosul.net\\\/wp\\\/#organization\"},\"image\":{\"@type\":\"ImageObject\",\"url\":\"https:\\\/\\\/radiosul.net\\\/wp\\\/wp-content\\\/uploads\\\/2021\\\/03\\\/1617037808127.jpeg\",\"width\":654,\"height\":654},\"datePublished\":\"2021-03-30T07:00:00-03:00\",\"dateModified\":\"2021-03-29T20:01:24-03:00\",\"inLanguage\":\"pt-BR\",\"mainEntityOfPage\":{\"@id\":\"https:\\\/\\\/radiosul.net\\\/wp\\\/2021\\\/sebrae-rs-mercado-da-carne-de-qualidade-e-tema-de-webinar-dia-30-03\\\/#webpage\"},\"isPartOf\":{\"@id\":\"https:\\\/\\\/radiosul.net\\\/wp\\\/2021\\\/sebrae-rs-mercado-da-carne-de-qualidade-e-tema-de-webinar-dia-30-03\\\/#webpage\"},\"articleSection\":\"Agroneg\\u00f3cio, Destaque\"},{\"@type\":\"BreadcrumbList\",\"@id\":\"https:\\\/\\\/radiosul.net\\\/wp\\\/2021\\\/sebrae-rs-mercado-da-carne-de-qualidade-e-tema-de-webinar-dia-30-03\\\/#breadcrumblist\",\"itemListElement\":[{\"@type\":\"ListItem\",\"@id\":\"https:\\\/\\\/radiosul.net\\\/wp#listItem\",\"position\":1,\"name\":\"Home\",\"item\":\"https:\\\/\\\/radiosul.net\\\/wp\",\"nextItem\":{\"@type\":\"ListItem\",\"@id\":\"https:\\\/\\\/radiosul.net\\\/wp\\\/category\\\/agro\\\/#listItem\",\"name\":\"Agroneg\\u00f3cio\"}},{\"@type\":\"ListItem\",\"@id\":\"https:\\\/\\\/radiosul.net\\\/wp\\\/category\\\/agro\\\/#listItem\",\"position\":2,\"name\":\"Agroneg\\u00f3cio\",\"item\":\"https:\\\/\\\/radiosul.net\\\/wp\\\/category\\\/agro\\\/\",\"nextItem\":{\"@type\":\"ListItem\",\"@id\":\"https:\\\/\\\/radiosul.net\\\/wp\\\/2021\\\/sebrae-rs-mercado-da-carne-de-qualidade-e-tema-de-webinar-dia-30-03\\\/#listItem\",\"name\":\"SEBRAE RS: Mercado da carne de qualidade \\u00e9 tema de webinar, dia 30\\\/03\"},\"previousItem\":{\"@type\":\"ListItem\",\"@id\":\"https:\\\/\\\/radiosul.net\\\/wp#listItem\",\"name\":\"Home\"}},{\"@type\":\"ListItem\",\"@id\":\"https:\\\/\\\/radiosul.net\\\/wp\\\/2021\\\/sebrae-rs-mercado-da-carne-de-qualidade-e-tema-de-webinar-dia-30-03\\\/#listItem\",\"position\":3,\"name\":\"SEBRAE RS: Mercado da carne de qualidade \\u00e9 tema de webinar, dia 30\\\/03\",\"previousItem\":{\"@type\":\"ListItem\",\"@id\":\"https:\\\/\\\/radiosul.net\\\/wp\\\/category\\\/agro\\\/#listItem\",\"name\":\"Agroneg\\u00f3cio\"}}]},{\"@type\":\"Organization\",\"@id\":\"https:\\\/\\\/radiosul.net\\\/wp\\\/#organization\",\"name\":\"radiosul.net\",\"description\":\"Regional por Excel\\u00eancia\",\"url\":\"https:\\\/\\\/radiosul.net\\\/wp\\\/\"},{\"@type\":\"Person\",\"@id\":\"https:\\\/\\\/radiosul.net\\\/wp\\\/author\\\/alejo\\\/#author\",\"url\":\"https:\\\/\\\/radiosul.net\\\/wp\\\/author\\\/alejo\\\/\",\"name\":\"Alejo Bordon\",\"image\":{\"@type\":\"ImageObject\",\"@id\":\"https:\\\/\\\/radiosul.net\\\/wp\\\/2021\\\/sebrae-rs-mercado-da-carne-de-qualidade-e-tema-de-webinar-dia-30-03\\\/#authorImage\",\"url\":\"https:\\\/\\\/secure.gravatar.com\\\/avatar\\\/b3a7e7f1c71212e6a5b7183b79a2ab58dad8bdc4cd4eadd61c4434d010d0bae4?s=96&d=mm&r=g\",\"width\":96,\"height\":96,\"caption\":\"Alejo Bordon\"}},{\"@type\":\"WebPage\",\"@id\":\"https:\\\/\\\/radiosul.net\\\/wp\\\/2021\\\/sebrae-rs-mercado-da-carne-de-qualidade-e-tema-de-webinar-dia-30-03\\\/#webpage\",\"url\":\"https:\\\/\\\/radiosul.net\\\/wp\\\/2021\\\/sebrae-rs-mercado-da-carne-de-qualidade-e-tema-de-webinar-dia-30-03\\\/\",\"name\":\"SEBRAE RS: Mercado da carne de qualidade \\u00e9 tema de webinar, dia 30\\\/03 - radiosul.net\",\"description\":\"Os convidados s\\u00e3o Roberto Grecell\\u00e9 e Marcelo Shimbo Com o consumidor cada vez mais exigente, o mercado de carne de qualidade vai ganhando mais espa\\u00e7o, o que exige estrat\\u00e9gias diferenciadas de toda a cadeia, da produ\\u00e7\\u00e3o ao marketing de vendas. Para quem quer saber mais sobre o mercado da carne, tend\\u00eancias de consumo, novos modelos\",\"inLanguage\":\"pt-BR\",\"isPartOf\":{\"@id\":\"https:\\\/\\\/radiosul.net\\\/wp\\\/#website\"},\"breadcrumb\":{\"@id\":\"https:\\\/\\\/radiosul.net\\\/wp\\\/2021\\\/sebrae-rs-mercado-da-carne-de-qualidade-e-tema-de-webinar-dia-30-03\\\/#breadcrumblist\"},\"author\":{\"@id\":\"https:\\\/\\\/radiosul.net\\\/wp\\\/author\\\/alejo\\\/#author\"},\"creator\":{\"@id\":\"https:\\\/\\\/radiosul.net\\\/wp\\\/author\\\/alejo\\\/#author\"},\"image\":{\"@type\":\"ImageObject\",\"url\":\"https:\\\/\\\/radiosul.net\\\/wp\\\/wp-content\\\/uploads\\\/2021\\\/03\\\/1617037808127.jpeg\",\"@id\":\"https:\\\/\\\/radiosul.net\\\/wp\\\/2021\\\/sebrae-rs-mercado-da-carne-de-qualidade-e-tema-de-webinar-dia-30-03\\\/#mainImage\",\"width\":654,\"height\":654},\"primaryImageOfPage\":{\"@id\":\"https:\\\/\\\/radiosul.net\\\/wp\\\/2021\\\/sebrae-rs-mercado-da-carne-de-qualidade-e-tema-de-webinar-dia-30-03\\\/#mainImage\"},\"datePublished\":\"2021-03-30T07:00:00-03:00\",\"dateModified\":\"2021-03-29T20:01:24-03:00\"},{\"@type\":\"WebSite\",\"@id\":\"https:\\\/\\\/radiosul.net\\\/wp\\\/#website\",\"url\":\"https:\\\/\\\/radiosul.net\\\/wp\\\/\",\"name\":\"radiosul.net\",\"description\":\"Regional por Excel\\u00eancia\",\"inLanguage\":\"pt-BR\",\"publisher\":{\"@id\":\"https:\\\/\\\/radiosul.net\\\/wp\\\/#organization\"}}]}\n\t\t<\/script>\n\t\t<!-- All in One SEO -->\n\n","aioseo_head_json":{"title":"SEBRAE RS: Mercado da carne de qualidade \u00e9 tema de webinar, dia 30\/03 - radiosul.net","description":"Os convidados s\u00e3o Roberto Grecell\u00e9 e Marcelo Shimbo Com o consumidor cada vez mais exigente, o mercado de carne de qualidade vai ganhando mais espa\u00e7o, o que exige estrat\u00e9gias diferenciadas de toda a cadeia, da produ\u00e7\u00e3o ao marketing de vendas. Para quem quer saber mais sobre o mercado da carne, tend\u00eancias de consumo, novos modelos","canonical_url":"https:\/\/radiosul.net\/wp\/2021\/sebrae-rs-mercado-da-carne-de-qualidade-e-tema-de-webinar-dia-30-03\/","robots":"max-image-preview:large","keywords":"","webmasterTools":{"miscellaneous":""},"schema":{"@context":"https:\/\/schema.org","@graph":[{"@type":"BlogPosting","@id":"https:\/\/radiosul.net\/wp\/2021\/sebrae-rs-mercado-da-carne-de-qualidade-e-tema-de-webinar-dia-30-03\/#blogposting","name":"SEBRAE RS: Mercado da carne de qualidade \u00e9 tema de webinar, dia 30\/03 - radiosul.net","headline":"SEBRAE RS: Mercado da carne de qualidade \u00e9 tema de webinar, dia 30\/03","author":{"@id":"https:\/\/radiosul.net\/wp\/author\/alejo\/#author"},"publisher":{"@id":"https:\/\/radiosul.net\/wp\/#organization"},"image":{"@type":"ImageObject","url":"https:\/\/radiosul.net\/wp\/wp-content\/uploads\/2021\/03\/1617037808127.jpeg","width":654,"height":654},"datePublished":"2021-03-30T07:00:00-03:00","dateModified":"2021-03-29T20:01:24-03:00","inLanguage":"pt-BR","mainEntityOfPage":{"@id":"https:\/\/radiosul.net\/wp\/2021\/sebrae-rs-mercado-da-carne-de-qualidade-e-tema-de-webinar-dia-30-03\/#webpage"},"isPartOf":{"@id":"https:\/\/radiosul.net\/wp\/2021\/sebrae-rs-mercado-da-carne-de-qualidade-e-tema-de-webinar-dia-30-03\/#webpage"},"articleSection":"Agroneg\u00f3cio, Destaque"},{"@type":"BreadcrumbList","@id":"https:\/\/radiosul.net\/wp\/2021\/sebrae-rs-mercado-da-carne-de-qualidade-e-tema-de-webinar-dia-30-03\/#breadcrumblist","itemListElement":[{"@type":"ListItem","@id":"https:\/\/radiosul.net\/wp#listItem","position":1,"name":"Home","item":"https:\/\/radiosul.net\/wp","nextItem":{"@type":"ListItem","@id":"https:\/\/radiosul.net\/wp\/category\/agro\/#listItem","name":"Agroneg\u00f3cio"}},{"@type":"ListItem","@id":"https:\/\/radiosul.net\/wp\/category\/agro\/#listItem","position":2,"name":"Agroneg\u00f3cio","item":"https:\/\/radiosul.net\/wp\/category\/agro\/","nextItem":{"@type":"ListItem","@id":"https:\/\/radiosul.net\/wp\/2021\/sebrae-rs-mercado-da-carne-de-qualidade-e-tema-de-webinar-dia-30-03\/#listItem","name":"SEBRAE RS: Mercado da carne de qualidade \u00e9 tema de webinar, dia 30\/03"},"previousItem":{"@type":"ListItem","@id":"https:\/\/radiosul.net\/wp#listItem","name":"Home"}},{"@type":"ListItem","@id":"https:\/\/radiosul.net\/wp\/2021\/sebrae-rs-mercado-da-carne-de-qualidade-e-tema-de-webinar-dia-30-03\/#listItem","position":3,"name":"SEBRAE RS: Mercado da carne de qualidade \u00e9 tema de webinar, dia 30\/03","previousItem":{"@type":"ListItem","@id":"https:\/\/radiosul.net\/wp\/category\/agro\/#listItem","name":"Agroneg\u00f3cio"}}]},{"@type":"Organization","@id":"https:\/\/radiosul.net\/wp\/#organization","name":"radiosul.net","description":"Regional por Excel\u00eancia","url":"https:\/\/radiosul.net\/wp\/"},{"@type":"Person","@id":"https:\/\/radiosul.net\/wp\/author\/alejo\/#author","url":"https:\/\/radiosul.net\/wp\/author\/alejo\/","name":"Alejo Bordon","image":{"@type":"ImageObject","@id":"https:\/\/radiosul.net\/wp\/2021\/sebrae-rs-mercado-da-carne-de-qualidade-e-tema-de-webinar-dia-30-03\/#authorImage","url":"https:\/\/secure.gravatar.com\/avatar\/b3a7e7f1c71212e6a5b7183b79a2ab58dad8bdc4cd4eadd61c4434d010d0bae4?s=96&d=mm&r=g","width":96,"height":96,"caption":"Alejo Bordon"}},{"@type":"WebPage","@id":"https:\/\/radiosul.net\/wp\/2021\/sebrae-rs-mercado-da-carne-de-qualidade-e-tema-de-webinar-dia-30-03\/#webpage","url":"https:\/\/radiosul.net\/wp\/2021\/sebrae-rs-mercado-da-carne-de-qualidade-e-tema-de-webinar-dia-30-03\/","name":"SEBRAE RS: Mercado da carne de qualidade \u00e9 tema de webinar, dia 30\/03 - radiosul.net","description":"Os convidados s\u00e3o Roberto Grecell\u00e9 e Marcelo Shimbo Com o consumidor cada vez mais exigente, o mercado de carne de qualidade vai ganhando mais espa\u00e7o, o que exige estrat\u00e9gias diferenciadas de toda a cadeia, da produ\u00e7\u00e3o ao marketing de vendas. Para quem quer saber mais sobre o mercado da carne, tend\u00eancias de consumo, novos modelos","inLanguage":"pt-BR","isPartOf":{"@id":"https:\/\/radiosul.net\/wp\/#website"},"breadcrumb":{"@id":"https:\/\/radiosul.net\/wp\/2021\/sebrae-rs-mercado-da-carne-de-qualidade-e-tema-de-webinar-dia-30-03\/#breadcrumblist"},"author":{"@id":"https:\/\/radiosul.net\/wp\/author\/alejo\/#author"},"creator":{"@id":"https:\/\/radiosul.net\/wp\/author\/alejo\/#author"},"image":{"@type":"ImageObject","url":"https:\/\/radiosul.net\/wp\/wp-content\/uploads\/2021\/03\/1617037808127.jpeg","@id":"https:\/\/radiosul.net\/wp\/2021\/sebrae-rs-mercado-da-carne-de-qualidade-e-tema-de-webinar-dia-30-03\/#mainImage","width":654,"height":654},"primaryImageOfPage":{"@id":"https:\/\/radiosul.net\/wp\/2021\/sebrae-rs-mercado-da-carne-de-qualidade-e-tema-de-webinar-dia-30-03\/#mainImage"},"datePublished":"2021-03-30T07:00:00-03:00","dateModified":"2021-03-29T20:01:24-03:00"},{"@type":"WebSite","@id":"https:\/\/radiosul.net\/wp\/#website","url":"https:\/\/radiosul.net\/wp\/","name":"radiosul.net","description":"Regional por Excel\u00eancia","inLanguage":"pt-BR","publisher":{"@id":"https:\/\/radiosul.net\/wp\/#organization"}}]},"og:locale":"pt_BR","og:site_name":"radiosul.net - Regional por Excel\u00eancia","og:type":"article","og:title":"SEBRAE RS: Mercado da carne de qualidade \u00e9 tema de webinar, dia 30\/03 - radiosul.net","og:description":"Os convidados s\u00e3o Roberto Grecell\u00e9 e Marcelo Shimbo Com o consumidor cada vez mais exigente, o mercado de carne de qualidade vai ganhando mais espa\u00e7o, o que exige estrat\u00e9gias diferenciadas de toda a cadeia, da produ\u00e7\u00e3o ao marketing de vendas. Para quem quer saber mais sobre o mercado da carne, tend\u00eancias de consumo, novos modelos","og:url":"https:\/\/radiosul.net\/wp\/2021\/sebrae-rs-mercado-da-carne-de-qualidade-e-tema-de-webinar-dia-30-03\/","article:published_time":"2021-03-30T10:00:00+00:00","article:modified_time":"2021-03-29T23:01:24+00:00","twitter:card":"summary_large_image","twitter:title":"SEBRAE RS: Mercado da carne de qualidade \u00e9 tema de webinar, dia 30\/03 - radiosul.net","twitter:description":"Os convidados s\u00e3o Roberto Grecell\u00e9 e Marcelo Shimbo Com o consumidor cada vez mais exigente, o mercado de carne de qualidade vai ganhando mais espa\u00e7o, o que exige estrat\u00e9gias diferenciadas de toda a cadeia, da produ\u00e7\u00e3o ao marketing de vendas. Para quem quer saber mais sobre o mercado da carne, tend\u00eancias de consumo, novos modelos"},"aioseo_meta_data":{"post_id":"18097","title":null,"description":null,"keywords":null,"keyphrases":null,"primary_term":null,"canonical_url":null,"og_title":null,"og_description":null,"og_object_type":"default","og_image_type":"default","og_image_url":null,"og_image_width":null,"og_image_height":null,"og_image_custom_url":null,"og_image_custom_fields":null,"og_video":null,"og_custom_url":null,"og_article_section":null,"og_article_tags":null,"twitter_use_og":false,"twitter_card":"default","twitter_image_type":"default","twitter_image_url":null,"twitter_image_custom_url":null,"twitter_image_custom_fields":null,"twitter_title":null,"twitter_description":null,"schema":{"blockGraphs":[],"customGraphs":[],"default":{"data":{"Article":[],"Course":[],"Dataset":[],"FAQPage":[],"Movie":[],"Person":[],"Product":[],"ProductReview":[],"Car":[],"Recipe":[],"Service":[],"SoftwareApplication":[],"WebPage":[]},"graphName":"","isEnabled":true},"graphs":[]},"schema_type":"default","schema_type_options":null,"pillar_content":false,"robots_default":true,"robots_noindex":false,"robots_noarchive":false,"robots_nosnippet":false,"robots_nofollow":false,"robots_noimageindex":false,"robots_noodp":false,"robots_notranslate":false,"robots_max_snippet":null,"robots_max_videopreview":null,"robots_max_imagepreview":"large","priority":null,"frequency":null,"local_seo":null,"breadcrumb_settings":null,"limit_modified_date":false,"ai":null,"created":"2026-01-09 02:02:07","updated":"2026-01-09 02:02:07","seo_analyzer_scan_date":null,"focus_keyword":null,"additional_keywords":null,"truseo_locale":null},"aioseo_breadcrumb":"<div class=\"aioseo-breadcrumbs\"><span class=\"aioseo-breadcrumb\">\n\t\t\t<a href=\"https:\/\/radiosul.net\/wp\" title=\"Home\">Home<\/a>\n\t\t<\/span><span class=\"aioseo-breadcrumb-separator\">&raquo;<\/span><span class=\"aioseo-breadcrumb\">\n\t\t\t<a href=\"https:\/\/radiosul.net\/wp\/category\/agro\/\" title=\"Agroneg\u00f3cio\">Agroneg\u00f3cio<\/a>\n\t\t<\/span><span class=\"aioseo-breadcrumb-separator\">&raquo;<\/span><span class=\"aioseo-breadcrumb\">\n\t\t\tSEBRAE RS: Mercado da carne de qualidade \u00e9 tema de webinar, dia 30\/03\n\t\t<\/span><\/div>","aioseo_breadcrumb_json":[{"label":"Home","link":"https:\/\/radiosul.net\/wp"},{"label":"Agroneg\u00f3cio","link":"https:\/\/radiosul.net\/wp\/category\/agro\/"},{"label":"SEBRAE RS: Mercado da carne de qualidade \u00e9 tema de webinar, dia 30\/03","link":"https:\/\/radiosul.net\/wp\/2021\/sebrae-rs-mercado-da-carne-de-qualidade-e-tema-de-webinar-dia-30-03\/"}],"_links":{"self":[{"href":"https:\/\/radiosul.net\/wp\/wp-json\/wp\/v2\/posts\/18097","targetHints":{"allow":["GET"]}}],"collection":[{"href":"https:\/\/radiosul.net\/wp\/wp-json\/wp\/v2\/posts"}],"about":[{"href":"https:\/\/radiosul.net\/wp\/wp-json\/wp\/v2\/types\/post"}],"author":[{"embeddable":true,"href":"https:\/\/radiosul.net\/wp\/wp-json\/wp\/v2\/users\/9"}],"replies":[{"embeddable":true,"href":"https:\/\/radiosul.net\/wp\/wp-json\/wp\/v2\/comments?post=18097"}],"version-history":[{"count":1,"href":"https:\/\/radiosul.net\/wp\/wp-json\/wp\/v2\/posts\/18097\/revisions"}],"predecessor-version":[{"id":18098,"href":"https:\/\/radiosul.net\/wp\/wp-json\/wp\/v2\/posts\/18097\/revisions\/18098"}],"wp:featuredmedia":[{"embeddable":true,"href":"https:\/\/radiosul.net\/wp\/wp-json\/wp\/v2\/media\/18090"}],"wp:attachment":[{"href":"https:\/\/radiosul.net\/wp\/wp-json\/wp\/v2\/media?parent=18097"}],"wp:term":[{"taxonomy":"category","embeddable":true,"href":"https:\/\/radiosul.net\/wp\/wp-json\/wp\/v2\/categories?post=18097"},{"taxonomy":"post_tag","embeddable":true,"href":"https:\/\/radiosul.net\/wp\/wp-json\/wp\/v2\/tags?post=18097"}],"curies":[{"name":"wp","href":"https:\/\/api.w.org\/{rel}","templated":true}]}}