{"id":17971,"date":"2021-03-18T08:08:14","date_gmt":"2021-03-18T11:08:14","guid":{"rendered":"https:\/\/radiosul.net\/wp\/?p=17971"},"modified":"2021-03-18T08:08:16","modified_gmt":"2021-03-18T11:08:16","slug":"associacao-inicia-programa-de-atualizacao-tecnica-continua-no-final-de-marco","status":"publish","type":"post","link":"https:\/\/radiosul.net\/wp\/2021\/associacao-inicia-programa-de-atualizacao-tecnica-continua-no-final-de-marco\/","title":{"rendered":"Associa\u00e7\u00e3o inicia Programa de Atualiza\u00e7\u00e3o T\u00e9cnica Cont\u00ednua no final de mar\u00e7o"},"content":{"rendered":"\n<p class=\"wp-block-paragraph\">A Associa\u00e7\u00e3o Brasileira de Angus d\u00e1 in\u00edcio, no m\u00eas de mar\u00e7o, ao Programa de Atualiza\u00e7\u00e3o T\u00e9cnica Cont\u00ednua. A iniciativa visa reunir inspetores t\u00e9cnicos da ra\u00e7a em reuni\u00f5es on-line para atualiza\u00e7\u00e3o de temas abordados junto aos criadores em visitas \u00e0s propriedades. O primeiro encontro ocorrer\u00e1 no dia 29 de mar\u00e7o e contar\u00e1 com a presen\u00e7a da professora da Universidade Federal de Santa Maria (UFSM) Luciana Potter, que ministrar\u00e1 palestra sobre nutri\u00e7\u00e3o de reprodutores. Atualmente, a Angus conta com uma equipe de 24 inspetores t\u00e9cnicos que atuam em todas as regi\u00f5es do Brasil.<\/p>\n\n\n\n<p class=\"wp-block-paragraph\">Cada reuni\u00e3o contar\u00e1 com a participa\u00e7\u00e3o de um especialista da \u00e1rea a ser estudada. A ideia, segundo o m\u00e9dico veterin\u00e1rio e gerente de Fomento da Angus, Mateus Pivato, \u00e9 que os encontros sejam um espa\u00e7o de debate e de aperfei\u00e7oamento do conhecimento dos t\u00e9cnicos. \u201cQueremos que eles tenham em m\u00e3os as informa\u00e7\u00f5es necess\u00e1rias e sempre atualizadas para repassarem aos criadores a campo. Por isso, nosso objetivo \u00e9 trazer para eles tudo o que h\u00e1 de mais moderno e atual em dados e em pesquisas\u201d, explicou. A previs\u00e3o \u00e9 que as reuni\u00f5es aconte\u00e7am a cada 60 dias atrav\u00e9s da plataforma Zoom. No entanto, as datas ser\u00e3o definidas de acordo com a disponibilidade dos t\u00e9cnicos.<\/p>\n\n\n\n<p class=\"wp-block-paragraph\">Devem estar na pauta dos encontros temas como melhoramento gen\u00e9tico, manejo de reprodutores, acasalamentos dirigidos, produ\u00e7\u00e3o de carne de qualidade, entre outros. Os assuntos ser\u00e3o definidos pelo Conselho T\u00e9cnico da Associa\u00e7\u00e3o Brasileira de Angus. Para Pivato, as confer\u00eancias tamb\u00e9m ser\u00e3o uma ferramenta essencial de comunica\u00e7\u00e3o entre a Associa\u00e7\u00e3o e seus t\u00e9cnicos. \u201cEssas ocasi\u00f5es ser\u00e3o mais uma forma de ouvirmos o que eles trazem do campo. \u00c9 uma maneira de estarmos ligados aos nossos s\u00f3cios atrav\u00e9s dos olhos dos inspetores t\u00e9cnicos\u201d, afirmou.<\/p>\n\n\n\n<p class=\"wp-block-paragraph\">Segundo Jos\u00e9 Carlos Guasso, representante dos inspetores t\u00e9cnicos junto ao Conselho T\u00e9cnico da Angus, o programa ser\u00e1 importante para eles estarem juntos para receberem conte\u00fados e discuti-los. \u201c\u00c9 uma oportunidade de recebermos informa\u00e7\u00f5es atualizadas para repassarmos aos nossos assistidos e assim colaborarmos no manejo, na sanidade, na alimenta\u00e7\u00e3o e nos cruzamentos para que esses criadores e usu\u00e1rios obtenham cada vez mais ganhos n\u00e3o s\u00f3 gen\u00e9ticos, mas em rentabilidade nas suas propriedades\u201d, destacou.<\/p>\n\n\n\n<p class=\"wp-block-paragraph\"><strong><em>Fonte: Associa\u00e7\u00e3o Brasileira de Angus<\/em><\/strong><\/p>\n","protected":false},"excerpt":{"rendered":"<p>A Associa\u00e7\u00e3o Brasileira de Angus d\u00e1 in\u00edcio, no m\u00eas de mar\u00e7o, ao Programa de Atualiza\u00e7\u00e3o T\u00e9cnica Cont\u00ednua. A iniciativa visa reunir inspetores t\u00e9cnicos da ra\u00e7a em reuni\u00f5es on-line para atualiza\u00e7\u00e3o de temas abordados junto aos criadores em visitas \u00e0s propriedades. O primeiro encontro ocorrer\u00e1 no dia 29 de mar\u00e7o e contar\u00e1 com a presen\u00e7a da &hellip;<\/p>\n","protected":false},"author":9,"featured_media":17968,"comment_status":"closed","ping_status":"closed","sticky":false,"template":"","format":"standard","meta":{"_monsterinsights_skip_tracking":false,"_uf_show_specific_survey":0,"_uf_disable_surveys":false,"footnotes":""},"categories":[1,126],"tags":[],"class_list":["post-17971","post","type-post","status-publish","format-standard","has-post-thumbnail","hentry","category-agro","category-destacados"],"aioseo_notices":[],"aioseo_head":"\n\t\t<!-- All in One SEO 5.0.1.1 - aioseo.com -->\n\t<meta name=\"description\" content=\"A Associa\u00e7\u00e3o Brasileira de Angus d\u00e1 in\u00edcio, no m\u00eas de mar\u00e7o, ao Programa de Atualiza\u00e7\u00e3o T\u00e9cnica Cont\u00ednua. A iniciativa visa reunir inspetores t\u00e9cnicos da ra\u00e7a em reuni\u00f5es on-line para atualiza\u00e7\u00e3o de temas abordados junto aos criadores em visitas \u00e0s propriedades. O primeiro encontro ocorrer\u00e1 no dia 29 de mar\u00e7o e contar\u00e1 com a presen\u00e7a da\" \/>\n\t<meta name=\"robots\" content=\"max-image-preview:large\" \/>\n\t<meta name=\"author\" content=\"Alejo Bordon\"\/>\n\t<link rel=\"canonical\" href=\"https:\/\/radiosul.net\/wp\/2021\/associacao-inicia-programa-de-atualizacao-tecnica-continua-no-final-de-marco\/\" \/>\n\t<meta name=\"generator\" content=\"All in One SEO (AIOSEO) 5.0.1.1\" \/>\n\t\t<meta property=\"og:locale\" content=\"pt_BR\" \/>\n\t\t<meta property=\"og:site_name\" content=\"radiosul.net - Regional por Excel\u00eancia\" \/>\n\t\t<meta property=\"og:type\" content=\"article\" \/>\n\t\t<meta property=\"og:title\" content=\"Associa\u00e7\u00e3o inicia Programa de Atualiza\u00e7\u00e3o T\u00e9cnica Cont\u00ednua no final de mar\u00e7o - radiosul.net\" \/>\n\t\t<meta property=\"og:description\" content=\"A Associa\u00e7\u00e3o Brasileira de Angus d\u00e1 in\u00edcio, no m\u00eas de mar\u00e7o, ao Programa de Atualiza\u00e7\u00e3o T\u00e9cnica Cont\u00ednua. A iniciativa visa reunir inspetores t\u00e9cnicos da ra\u00e7a em reuni\u00f5es on-line para atualiza\u00e7\u00e3o de temas abordados junto aos criadores em visitas \u00e0s propriedades. O primeiro encontro ocorrer\u00e1 no dia 29 de mar\u00e7o e contar\u00e1 com a presen\u00e7a da\" \/>\n\t\t<meta property=\"og:url\" content=\"https:\/\/radiosul.net\/wp\/2021\/associacao-inicia-programa-de-atualizacao-tecnica-continua-no-final-de-marco\/\" \/>\n\t\t<meta property=\"article:published_time\" content=\"2021-03-18T11:08:14+00:00\" \/>\n\t\t<meta property=\"article:modified_time\" content=\"2021-03-18T11:08:16+00:00\" \/>\n\t\t<meta name=\"twitter:card\" content=\"summary_large_image\" \/>\n\t\t<meta name=\"twitter:title\" content=\"Associa\u00e7\u00e3o inicia Programa de Atualiza\u00e7\u00e3o T\u00e9cnica Cont\u00ednua no final de mar\u00e7o - radiosul.net\" \/>\n\t\t<meta name=\"twitter:description\" content=\"A Associa\u00e7\u00e3o Brasileira de Angus d\u00e1 in\u00edcio, no m\u00eas de mar\u00e7o, ao Programa de Atualiza\u00e7\u00e3o T\u00e9cnica Cont\u00ednua. A iniciativa visa reunir inspetores t\u00e9cnicos da ra\u00e7a em reuni\u00f5es on-line para atualiza\u00e7\u00e3o de temas abordados junto aos criadores em visitas \u00e0s propriedades. O primeiro encontro ocorrer\u00e1 no dia 29 de mar\u00e7o e contar\u00e1 com a presen\u00e7a da\" \/>\n\t\t<script type=\"application\/ld+json\" class=\"aioseo-schema\">\n\t\t\t{\"@context\":\"https:\\\/\\\/schema.org\",\"@graph\":[{\"@type\":\"BlogPosting\",\"@id\":\"https:\\\/\\\/radiosul.net\\\/wp\\\/2021\\\/associacao-inicia-programa-de-atualizacao-tecnica-continua-no-final-de-marco\\\/#blogposting\",\"name\":\"Associa\\u00e7\\u00e3o inicia Programa de Atualiza\\u00e7\\u00e3o T\\u00e9cnica Cont\\u00ednua no final de mar\\u00e7o - radiosul.net\",\"headline\":\"Associa\\u00e7\\u00e3o inicia Programa de Atualiza\\u00e7\\u00e3o T\\u00e9cnica Cont\\u00ednua no final de mar\\u00e7o\",\"author\":{\"@id\":\"https:\\\/\\\/radiosul.net\\\/wp\\\/author\\\/alejo\\\/#author\"},\"publisher\":{\"@id\":\"https:\\\/\\\/radiosul.net\\\/wp\\\/#organization\"},\"image\":{\"@type\":\"ImageObject\",\"url\":\"https:\\\/\\\/radiosul.net\\\/wp\\\/wp-content\\\/uploads\\\/2021\\\/03\\\/angussite.jpg\",\"width\":750,\"height\":750,\"caption\":\"Foto: Carolina Jardine\"},\"datePublished\":\"2021-03-18T08:08:14-03:00\",\"dateModified\":\"2021-03-18T08:08:16-03:00\",\"inLanguage\":\"pt-BR\",\"mainEntityOfPage\":{\"@id\":\"https:\\\/\\\/radiosul.net\\\/wp\\\/2021\\\/associacao-inicia-programa-de-atualizacao-tecnica-continua-no-final-de-marco\\\/#webpage\"},\"isPartOf\":{\"@id\":\"https:\\\/\\\/radiosul.net\\\/wp\\\/2021\\\/associacao-inicia-programa-de-atualizacao-tecnica-continua-no-final-de-marco\\\/#webpage\"},\"articleSection\":\"Agroneg\\u00f3cio, Destaque\"},{\"@type\":\"BreadcrumbList\",\"@id\":\"https:\\\/\\\/radiosul.net\\\/wp\\\/2021\\\/associacao-inicia-programa-de-atualizacao-tecnica-continua-no-final-de-marco\\\/#breadcrumblist\",\"itemListElement\":[{\"@type\":\"ListItem\",\"@id\":\"https:\\\/\\\/radiosul.net\\\/wp#listItem\",\"position\":1,\"name\":\"Home\",\"item\":\"https:\\\/\\\/radiosul.net\\\/wp\",\"nextItem\":{\"@type\":\"ListItem\",\"@id\":\"https:\\\/\\\/radiosul.net\\\/wp\\\/category\\\/agro\\\/#listItem\",\"name\":\"Agroneg\\u00f3cio\"}},{\"@type\":\"ListItem\",\"@id\":\"https:\\\/\\\/radiosul.net\\\/wp\\\/category\\\/agro\\\/#listItem\",\"position\":2,\"name\":\"Agroneg\\u00f3cio\",\"item\":\"https:\\\/\\\/radiosul.net\\\/wp\\\/category\\\/agro\\\/\",\"nextItem\":{\"@type\":\"ListItem\",\"@id\":\"https:\\\/\\\/radiosul.net\\\/wp\\\/2021\\\/associacao-inicia-programa-de-atualizacao-tecnica-continua-no-final-de-marco\\\/#listItem\",\"name\":\"Associa\\u00e7\\u00e3o inicia Programa de Atualiza\\u00e7\\u00e3o T\\u00e9cnica Cont\\u00ednua no final de mar\\u00e7o\"},\"previousItem\":{\"@type\":\"ListItem\",\"@id\":\"https:\\\/\\\/radiosul.net\\\/wp#listItem\",\"name\":\"Home\"}},{\"@type\":\"ListItem\",\"@id\":\"https:\\\/\\\/radiosul.net\\\/wp\\\/2021\\\/associacao-inicia-programa-de-atualizacao-tecnica-continua-no-final-de-marco\\\/#listItem\",\"position\":3,\"name\":\"Associa\\u00e7\\u00e3o inicia Programa de Atualiza\\u00e7\\u00e3o T\\u00e9cnica Cont\\u00ednua no final de mar\\u00e7o\",\"previousItem\":{\"@type\":\"ListItem\",\"@id\":\"https:\\\/\\\/radiosul.net\\\/wp\\\/category\\\/agro\\\/#listItem\",\"name\":\"Agroneg\\u00f3cio\"}}]},{\"@type\":\"Organization\",\"@id\":\"https:\\\/\\\/radiosul.net\\\/wp\\\/#organization\",\"name\":\"radiosul.net\",\"description\":\"Regional por Excel\\u00eancia\",\"url\":\"https:\\\/\\\/radiosul.net\\\/wp\\\/\"},{\"@type\":\"Person\",\"@id\":\"https:\\\/\\\/radiosul.net\\\/wp\\\/author\\\/alejo\\\/#author\",\"url\":\"https:\\\/\\\/radiosul.net\\\/wp\\\/author\\\/alejo\\\/\",\"name\":\"Alejo Bordon\",\"image\":{\"@type\":\"ImageObject\",\"@id\":\"https:\\\/\\\/radiosul.net\\\/wp\\\/2021\\\/associacao-inicia-programa-de-atualizacao-tecnica-continua-no-final-de-marco\\\/#authorImage\",\"url\":\"https:\\\/\\\/secure.gravatar.com\\\/avatar\\\/b3a7e7f1c71212e6a5b7183b79a2ab58dad8bdc4cd4eadd61c4434d010d0bae4?s=96&d=mm&r=g\",\"width\":96,\"height\":96,\"caption\":\"Alejo Bordon\"}},{\"@type\":\"WebPage\",\"@id\":\"https:\\\/\\\/radiosul.net\\\/wp\\\/2021\\\/associacao-inicia-programa-de-atualizacao-tecnica-continua-no-final-de-marco\\\/#webpage\",\"url\":\"https:\\\/\\\/radiosul.net\\\/wp\\\/2021\\\/associacao-inicia-programa-de-atualizacao-tecnica-continua-no-final-de-marco\\\/\",\"name\":\"Associa\\u00e7\\u00e3o inicia Programa de Atualiza\\u00e7\\u00e3o T\\u00e9cnica Cont\\u00ednua no final de mar\\u00e7o - radiosul.net\",\"description\":\"A Associa\\u00e7\\u00e3o Brasileira de Angus d\\u00e1 in\\u00edcio, no m\\u00eas de mar\\u00e7o, ao Programa de Atualiza\\u00e7\\u00e3o T\\u00e9cnica Cont\\u00ednua. A iniciativa visa reunir inspetores t\\u00e9cnicos da ra\\u00e7a em reuni\\u00f5es on-line para atualiza\\u00e7\\u00e3o de temas abordados junto aos criadores em visitas \\u00e0s propriedades. O primeiro encontro ocorrer\\u00e1 no dia 29 de mar\\u00e7o e contar\\u00e1 com a presen\\u00e7a da\",\"inLanguage\":\"pt-BR\",\"isPartOf\":{\"@id\":\"https:\\\/\\\/radiosul.net\\\/wp\\\/#website\"},\"breadcrumb\":{\"@id\":\"https:\\\/\\\/radiosul.net\\\/wp\\\/2021\\\/associacao-inicia-programa-de-atualizacao-tecnica-continua-no-final-de-marco\\\/#breadcrumblist\"},\"author\":{\"@id\":\"https:\\\/\\\/radiosul.net\\\/wp\\\/author\\\/alejo\\\/#author\"},\"creator\":{\"@id\":\"https:\\\/\\\/radiosul.net\\\/wp\\\/author\\\/alejo\\\/#author\"},\"image\":{\"@type\":\"ImageObject\",\"url\":\"https:\\\/\\\/radiosul.net\\\/wp\\\/wp-content\\\/uploads\\\/2021\\\/03\\\/angussite.jpg\",\"@id\":\"https:\\\/\\\/radiosul.net\\\/wp\\\/2021\\\/associacao-inicia-programa-de-atualizacao-tecnica-continua-no-final-de-marco\\\/#mainImage\",\"width\":750,\"height\":750,\"caption\":\"Foto: Carolina Jardine\"},\"primaryImageOfPage\":{\"@id\":\"https:\\\/\\\/radiosul.net\\\/wp\\\/2021\\\/associacao-inicia-programa-de-atualizacao-tecnica-continua-no-final-de-marco\\\/#mainImage\"},\"datePublished\":\"2021-03-18T08:08:14-03:00\",\"dateModified\":\"2021-03-18T08:08:16-03:00\"},{\"@type\":\"WebSite\",\"@id\":\"https:\\\/\\\/radiosul.net\\\/wp\\\/#website\",\"url\":\"https:\\\/\\\/radiosul.net\\\/wp\\\/\",\"name\":\"radiosul.net\",\"description\":\"Regional por Excel\\u00eancia\",\"inLanguage\":\"pt-BR\",\"publisher\":{\"@id\":\"https:\\\/\\\/radiosul.net\\\/wp\\\/#organization\"}}]}\n\t\t<\/script>\n\t\t<!-- All in One SEO -->\n\n","aioseo_head_json":{"title":"Associa\u00e7\u00e3o inicia Programa de Atualiza\u00e7\u00e3o T\u00e9cnica Cont\u00ednua no final de mar\u00e7o - radiosul.net","description":"A Associa\u00e7\u00e3o Brasileira de Angus d\u00e1 in\u00edcio, no m\u00eas de mar\u00e7o, ao Programa de Atualiza\u00e7\u00e3o T\u00e9cnica Cont\u00ednua. A iniciativa visa reunir inspetores t\u00e9cnicos da ra\u00e7a em reuni\u00f5es on-line para atualiza\u00e7\u00e3o de temas abordados junto aos criadores em visitas \u00e0s propriedades. O primeiro encontro ocorrer\u00e1 no dia 29 de mar\u00e7o e contar\u00e1 com a presen\u00e7a da","canonical_url":"https:\/\/radiosul.net\/wp\/2021\/associacao-inicia-programa-de-atualizacao-tecnica-continua-no-final-de-marco\/","robots":"max-image-preview:large","keywords":"","webmasterTools":{"miscellaneous":""},"schema":{"@context":"https:\/\/schema.org","@graph":[{"@type":"BlogPosting","@id":"https:\/\/radiosul.net\/wp\/2021\/associacao-inicia-programa-de-atualizacao-tecnica-continua-no-final-de-marco\/#blogposting","name":"Associa\u00e7\u00e3o inicia Programa de Atualiza\u00e7\u00e3o T\u00e9cnica Cont\u00ednua no final de mar\u00e7o - radiosul.net","headline":"Associa\u00e7\u00e3o inicia Programa de Atualiza\u00e7\u00e3o T\u00e9cnica Cont\u00ednua no final de mar\u00e7o","author":{"@id":"https:\/\/radiosul.net\/wp\/author\/alejo\/#author"},"publisher":{"@id":"https:\/\/radiosul.net\/wp\/#organization"},"image":{"@type":"ImageObject","url":"https:\/\/radiosul.net\/wp\/wp-content\/uploads\/2021\/03\/angussite.jpg","width":750,"height":750,"caption":"Foto: Carolina Jardine"},"datePublished":"2021-03-18T08:08:14-03:00","dateModified":"2021-03-18T08:08:16-03:00","inLanguage":"pt-BR","mainEntityOfPage":{"@id":"https:\/\/radiosul.net\/wp\/2021\/associacao-inicia-programa-de-atualizacao-tecnica-continua-no-final-de-marco\/#webpage"},"isPartOf":{"@id":"https:\/\/radiosul.net\/wp\/2021\/associacao-inicia-programa-de-atualizacao-tecnica-continua-no-final-de-marco\/#webpage"},"articleSection":"Agroneg\u00f3cio, Destaque"},{"@type":"BreadcrumbList","@id":"https:\/\/radiosul.net\/wp\/2021\/associacao-inicia-programa-de-atualizacao-tecnica-continua-no-final-de-marco\/#breadcrumblist","itemListElement":[{"@type":"ListItem","@id":"https:\/\/radiosul.net\/wp#listItem","position":1,"name":"Home","item":"https:\/\/radiosul.net\/wp","nextItem":{"@type":"ListItem","@id":"https:\/\/radiosul.net\/wp\/category\/agro\/#listItem","name":"Agroneg\u00f3cio"}},{"@type":"ListItem","@id":"https:\/\/radiosul.net\/wp\/category\/agro\/#listItem","position":2,"name":"Agroneg\u00f3cio","item":"https:\/\/radiosul.net\/wp\/category\/agro\/","nextItem":{"@type":"ListItem","@id":"https:\/\/radiosul.net\/wp\/2021\/associacao-inicia-programa-de-atualizacao-tecnica-continua-no-final-de-marco\/#listItem","name":"Associa\u00e7\u00e3o inicia Programa de Atualiza\u00e7\u00e3o T\u00e9cnica Cont\u00ednua no final de mar\u00e7o"},"previousItem":{"@type":"ListItem","@id":"https:\/\/radiosul.net\/wp#listItem","name":"Home"}},{"@type":"ListItem","@id":"https:\/\/radiosul.net\/wp\/2021\/associacao-inicia-programa-de-atualizacao-tecnica-continua-no-final-de-marco\/#listItem","position":3,"name":"Associa\u00e7\u00e3o inicia Programa de Atualiza\u00e7\u00e3o T\u00e9cnica Cont\u00ednua no final de mar\u00e7o","previousItem":{"@type":"ListItem","@id":"https:\/\/radiosul.net\/wp\/category\/agro\/#listItem","name":"Agroneg\u00f3cio"}}]},{"@type":"Organization","@id":"https:\/\/radiosul.net\/wp\/#organization","name":"radiosul.net","description":"Regional por Excel\u00eancia","url":"https:\/\/radiosul.net\/wp\/"},{"@type":"Person","@id":"https:\/\/radiosul.net\/wp\/author\/alejo\/#author","url":"https:\/\/radiosul.net\/wp\/author\/alejo\/","name":"Alejo Bordon","image":{"@type":"ImageObject","@id":"https:\/\/radiosul.net\/wp\/2021\/associacao-inicia-programa-de-atualizacao-tecnica-continua-no-final-de-marco\/#authorImage","url":"https:\/\/secure.gravatar.com\/avatar\/b3a7e7f1c71212e6a5b7183b79a2ab58dad8bdc4cd4eadd61c4434d010d0bae4?s=96&d=mm&r=g","width":96,"height":96,"caption":"Alejo Bordon"}},{"@type":"WebPage","@id":"https:\/\/radiosul.net\/wp\/2021\/associacao-inicia-programa-de-atualizacao-tecnica-continua-no-final-de-marco\/#webpage","url":"https:\/\/radiosul.net\/wp\/2021\/associacao-inicia-programa-de-atualizacao-tecnica-continua-no-final-de-marco\/","name":"Associa\u00e7\u00e3o inicia Programa de Atualiza\u00e7\u00e3o T\u00e9cnica Cont\u00ednua no final de mar\u00e7o - radiosul.net","description":"A Associa\u00e7\u00e3o Brasileira de Angus d\u00e1 in\u00edcio, no m\u00eas de mar\u00e7o, ao Programa de Atualiza\u00e7\u00e3o T\u00e9cnica Cont\u00ednua. A iniciativa visa reunir inspetores t\u00e9cnicos da ra\u00e7a em reuni\u00f5es on-line para atualiza\u00e7\u00e3o de temas abordados junto aos criadores em visitas \u00e0s propriedades. O primeiro encontro ocorrer\u00e1 no dia 29 de mar\u00e7o e contar\u00e1 com a presen\u00e7a da","inLanguage":"pt-BR","isPartOf":{"@id":"https:\/\/radiosul.net\/wp\/#website"},"breadcrumb":{"@id":"https:\/\/radiosul.net\/wp\/2021\/associacao-inicia-programa-de-atualizacao-tecnica-continua-no-final-de-marco\/#breadcrumblist"},"author":{"@id":"https:\/\/radiosul.net\/wp\/author\/alejo\/#author"},"creator":{"@id":"https:\/\/radiosul.net\/wp\/author\/alejo\/#author"},"image":{"@type":"ImageObject","url":"https:\/\/radiosul.net\/wp\/wp-content\/uploads\/2021\/03\/angussite.jpg","@id":"https:\/\/radiosul.net\/wp\/2021\/associacao-inicia-programa-de-atualizacao-tecnica-continua-no-final-de-marco\/#mainImage","width":750,"height":750,"caption":"Foto: Carolina Jardine"},"primaryImageOfPage":{"@id":"https:\/\/radiosul.net\/wp\/2021\/associacao-inicia-programa-de-atualizacao-tecnica-continua-no-final-de-marco\/#mainImage"},"datePublished":"2021-03-18T08:08:14-03:00","dateModified":"2021-03-18T08:08:16-03:00"},{"@type":"WebSite","@id":"https:\/\/radiosul.net\/wp\/#website","url":"https:\/\/radiosul.net\/wp\/","name":"radiosul.net","description":"Regional por Excel\u00eancia","inLanguage":"pt-BR","publisher":{"@id":"https:\/\/radiosul.net\/wp\/#organization"}}]},"og:locale":"pt_BR","og:site_name":"radiosul.net - Regional por Excel\u00eancia","og:type":"article","og:title":"Associa\u00e7\u00e3o inicia Programa de Atualiza\u00e7\u00e3o T\u00e9cnica Cont\u00ednua no final de mar\u00e7o - radiosul.net","og:description":"A Associa\u00e7\u00e3o Brasileira de Angus d\u00e1 in\u00edcio, no m\u00eas de mar\u00e7o, ao Programa de Atualiza\u00e7\u00e3o T\u00e9cnica Cont\u00ednua. A iniciativa visa reunir inspetores t\u00e9cnicos da ra\u00e7a em reuni\u00f5es on-line para atualiza\u00e7\u00e3o de temas abordados junto aos criadores em visitas \u00e0s propriedades. O primeiro encontro ocorrer\u00e1 no dia 29 de mar\u00e7o e contar\u00e1 com a presen\u00e7a da","og:url":"https:\/\/radiosul.net\/wp\/2021\/associacao-inicia-programa-de-atualizacao-tecnica-continua-no-final-de-marco\/","article:published_time":"2021-03-18T11:08:14+00:00","article:modified_time":"2021-03-18T11:08:16+00:00","twitter:card":"summary_large_image","twitter:title":"Associa\u00e7\u00e3o inicia Programa de Atualiza\u00e7\u00e3o T\u00e9cnica Cont\u00ednua no final de mar\u00e7o - radiosul.net","twitter:description":"A Associa\u00e7\u00e3o Brasileira de Angus d\u00e1 in\u00edcio, no m\u00eas de mar\u00e7o, ao Programa de Atualiza\u00e7\u00e3o T\u00e9cnica Cont\u00ednua. A iniciativa visa reunir inspetores t\u00e9cnicos da ra\u00e7a em reuni\u00f5es on-line para atualiza\u00e7\u00e3o de temas abordados junto aos criadores em visitas \u00e0s propriedades. O primeiro encontro ocorrer\u00e1 no dia 29 de mar\u00e7o e contar\u00e1 com a presen\u00e7a da"},"aioseo_meta_data":{"post_id":"17971","title":null,"description":null,"keywords":null,"keyphrases":null,"primary_term":null,"canonical_url":null,"og_title":null,"og_description":null,"og_object_type":"default","og_image_type":"default","og_image_url":null,"og_image_width":null,"og_image_height":null,"og_image_custom_url":null,"og_image_custom_fields":null,"og_video":null,"og_custom_url":null,"og_article_section":null,"og_article_tags":null,"twitter_use_og":false,"twitter_card":"default","twitter_image_type":"default","twitter_image_url":null,"twitter_image_custom_url":null,"twitter_image_custom_fields":null,"twitter_title":null,"twitter_description":null,"schema":{"blockGraphs":[],"customGraphs":[],"default":{"data":{"Article":[],"Course":[],"Dataset":[],"FAQPage":[],"Movie":[],"Person":[],"Product":[],"ProductReview":[],"Car":[],"Recipe":[],"Service":[],"SoftwareApplication":[],"WebPage":[]},"graphName":"","isEnabled":true},"graphs":[]},"schema_type":"default","schema_type_options":null,"pillar_content":false,"robots_default":true,"robots_noindex":false,"robots_noarchive":false,"robots_nosnippet":false,"robots_nofollow":false,"robots_noimageindex":false,"robots_noodp":false,"robots_notranslate":false,"robots_max_snippet":null,"robots_max_videopreview":null,"robots_max_imagepreview":"large","priority":null,"frequency":null,"local_seo":null,"breadcrumb_settings":null,"limit_modified_date":false,"ai":null,"created":"2026-01-09 01:55:33","updated":"2026-01-09 01:55:33","seo_analyzer_scan_date":null,"focus_keyword":null,"additional_keywords":null,"truseo_locale":null},"aioseo_breadcrumb":"<div class=\"aioseo-breadcrumbs\"><span class=\"aioseo-breadcrumb\">\n\t\t\t<a href=\"https:\/\/radiosul.net\/wp\" title=\"Home\">Home<\/a>\n\t\t<\/span><span class=\"aioseo-breadcrumb-separator\">&raquo;<\/span><span class=\"aioseo-breadcrumb\">\n\t\t\t<a href=\"https:\/\/radiosul.net\/wp\/category\/agro\/\" title=\"Agroneg\u00f3cio\">Agroneg\u00f3cio<\/a>\n\t\t<\/span><span class=\"aioseo-breadcrumb-separator\">&raquo;<\/span><span class=\"aioseo-breadcrumb\">\n\t\t\tAssocia\u00e7\u00e3o inicia Programa de Atualiza\u00e7\u00e3o T\u00e9cnica Cont\u00ednua no final de mar\u00e7o\n\t\t<\/span><\/div>","aioseo_breadcrumb_json":[{"label":"Home","link":"https:\/\/radiosul.net\/wp"},{"label":"Agroneg\u00f3cio","link":"https:\/\/radiosul.net\/wp\/category\/agro\/"},{"label":"Associa\u00e7\u00e3o inicia Programa de Atualiza\u00e7\u00e3o T\u00e9cnica Cont\u00ednua no final de mar\u00e7o","link":"https:\/\/radiosul.net\/wp\/2021\/associacao-inicia-programa-de-atualizacao-tecnica-continua-no-final-de-marco\/"}],"_links":{"self":[{"href":"https:\/\/radiosul.net\/wp\/wp-json\/wp\/v2\/posts\/17971","targetHints":{"allow":["GET"]}}],"collection":[{"href":"https:\/\/radiosul.net\/wp\/wp-json\/wp\/v2\/posts"}],"about":[{"href":"https:\/\/radiosul.net\/wp\/wp-json\/wp\/v2\/types\/post"}],"author":[{"embeddable":true,"href":"https:\/\/radiosul.net\/wp\/wp-json\/wp\/v2\/users\/9"}],"replies":[{"embeddable":true,"href":"https:\/\/radiosul.net\/wp\/wp-json\/wp\/v2\/comments?post=17971"}],"version-history":[{"count":1,"href":"https:\/\/radiosul.net\/wp\/wp-json\/wp\/v2\/posts\/17971\/revisions"}],"predecessor-version":[{"id":17972,"href":"https:\/\/radiosul.net\/wp\/wp-json\/wp\/v2\/posts\/17971\/revisions\/17972"}],"wp:featuredmedia":[{"embeddable":true,"href":"https:\/\/radiosul.net\/wp\/wp-json\/wp\/v2\/media\/17968"}],"wp:attachment":[{"href":"https:\/\/radiosul.net\/wp\/wp-json\/wp\/v2\/media?parent=17971"}],"wp:term":[{"taxonomy":"category","embeddable":true,"href":"https:\/\/radiosul.net\/wp\/wp-json\/wp\/v2\/categories?post=17971"},{"taxonomy":"post_tag","embeddable":true,"href":"https:\/\/radiosul.net\/wp\/wp-json\/wp\/v2\/tags?post=17971"}],"curies":[{"name":"wp","href":"https:\/\/api.w.org\/{rel}","templated":true}]}}