{"id":17930,"date":"2021-03-15T06:36:29","date_gmt":"2021-03-15T09:36:29","guid":{"rendered":"https:\/\/radiosul.net\/wp\/?p=17930"},"modified":"2021-03-15T06:36:31","modified_gmt":"2021-03-15T09:36:31","slug":"agronegocio-seguiu-produzindo-em-meio-a-pandemia","status":"publish","type":"post","link":"https:\/\/radiosul.net\/wp\/2021\/agronegocio-seguiu-produzindo-em-meio-a-pandemia\/","title":{"rendered":"Agroneg\u00f3cio seguiu produzindo em meio \u00e0 pandemia"},"content":{"rendered":"\n<p class=\"wp-block-paragraph\">Em meio \u00e0s preocupa\u00e7\u00f5es generalizadas com os problemas de superlota\u00e7\u00e3o nos hospitais, o Rio Grande do Sul viu surgir uma boa not\u00edcia em rela\u00e7\u00e3o ao agroneg\u00f3cio e, especificamente, \u00e0 pecu\u00e1ria ga\u00facha. O Estado receber\u00e1, em maio deste ano, o certificado da Organiza\u00e7\u00e3o Mundial de Sa\u00fade Animal que oficializa o territ\u00f3rio ga\u00facho com o status de \u00e1rea livre da febre aftosa sem vacina\u00e7\u00e3o.<\/p>\n\n\n\n<p class=\"wp-block-paragraph\">O agroneg\u00f3cio tem tanto peso na rotina quanto na economia brasileira. O setor representa 21,6% do Produto Interno Bruto (PIB) nacional, segundo o Minist\u00e9rio da Agricultura, Pecu\u00e1ria e Abastecimento.<\/p>\n\n\n\n<p class=\"wp-block-paragraph\">H\u00e1 uma cadeia de produ\u00e7\u00e3o que envolve v\u00e1rios segmentos da economia: agricultores, fabricantes de maquin\u00e1rio, veterin\u00e1rios, transportadores, chegando at\u00e9 os lojistas e ao consumidor.<\/p>\n\n\n\n<p class=\"wp-block-paragraph\">Justamente pela alimenta\u00e7\u00e3o \u00e9 que as redes de supermercados e fruteiras podem ficar abertas, com hor\u00e1rio diferenciado, em meio aos bloqueios determinados para que pelo menos diminua a onda de infectados pela Covid-19.<\/p>\n\n\n\n<p class=\"wp-block-paragraph\">Para se ter uma ideia da dimens\u00e3o desse setor, grandes empresas de alimentos do mundo tem no agroneg\u00f3cio brasileiro a base de produ\u00e7\u00e3o, atendendo \u00e0s etapas de fabrica\u00e7\u00e3o dos produtos que chegam ao varejo, como prote\u00edna, margarinas, massas, presuntos, salsichas e lingui\u00e7as.<\/p>\n\n\n\n<p class=\"wp-block-paragraph\">Nesta safra, a produ\u00e7\u00e3o de gr\u00e3os no Pa\u00eds deve passar dos 260 milh\u00f5es de toneladas, segundo Levantamento da Safra de Gr\u00e3os 2020\/2021, da Companhia Nacional de Abastecimento.<\/p>\n\n\n\n<p class=\"wp-block-paragraph\">S\u00e3o mais de 15 milh\u00f5es de pessoas ocupadas em alguma atividade agropecu\u00e1ria no Brasil, segundo o \u00faltimo Censo Agro do IBGE. Outros setores da economia tamb\u00e9m se beneficiam do agroneg\u00f3cio, entre eles a pesquisa e o ensino.<\/p>\n\n\n\n<p class=\"wp-block-paragraph\">O Brasil \u00e9 l\u00edder em investimento em pesquisa agr\u00edcola na Am\u00e9rica Latina. Entre 2003 e 2016, houve um crescimento de 46,3% nos gastos com pesquisa e desenvolvimento na \u00e1rea, segundo a Empresa Brasileira de Pesquisa e Agropecu\u00e1ria.<\/p>\n\n\n\n<p class=\"wp-block-paragraph\">A \u00e1rea agropecu\u00e1ria tamb\u00e9m cria oportunidades de interc\u00e2mbio com universidades, acesso a est\u00e1gios e programas de trainees. Por tudo isso, quando se lastima demais as mortes provocadas pela pandemia e as funestas consequ\u00eancias nas atividades do com\u00e9rcio e servi\u00e7os, por conta dos bloqueios para pelo menos diminuir a incid\u00eancia da doen\u00e7a, \u00e9 bom ter um al\u00edvio emocional com boas not\u00edcias vindas do agroneg\u00f3cio, que n\u00e3o deixou de produzir nem um dia. Tamb\u00e9m nesse aspecto, o agroneg\u00f3cio ajuda bastante.<\/p>\n\n\n\n<p class=\"wp-block-paragraph\"><strong><em>Fonte: Jornal do Com\u00e9rcio<\/em><\/strong><\/p>\n","protected":false},"excerpt":{"rendered":"<p>Em meio \u00e0s preocupa\u00e7\u00f5es generalizadas com os problemas de superlota\u00e7\u00e3o nos hospitais, o Rio Grande do Sul viu surgir uma boa not\u00edcia em rela\u00e7\u00e3o ao agroneg\u00f3cio e, especificamente, \u00e0 pecu\u00e1ria ga\u00facha. O Estado receber\u00e1, em maio deste ano, o certificado da Organiza\u00e7\u00e3o Mundial de Sa\u00fade Animal que oficializa o territ\u00f3rio ga\u00facho com o status de &hellip;<\/p>\n","protected":false},"author":9,"featured_media":17931,"comment_status":"closed","ping_status":"closed","sticky":false,"template":"","format":"standard","meta":{"_monsterinsights_skip_tracking":false,"_uf_show_specific_survey":0,"_uf_disable_surveys":false,"footnotes":""},"categories":[1,126],"tags":[],"class_list":["post-17930","post","type-post","status-publish","format-standard","has-post-thumbnail","hentry","category-agro","category-destacados"],"aioseo_notices":[],"aioseo_head":"\n\t\t<!-- All in One SEO 5.0.1.1 - aioseo.com -->\n\t<meta name=\"description\" content=\"Em meio \u00e0s preocupa\u00e7\u00f5es generalizadas com os problemas de superlota\u00e7\u00e3o nos hospitais, o Rio Grande do Sul viu surgir uma boa not\u00edcia em rela\u00e7\u00e3o ao agroneg\u00f3cio e, especificamente, \u00e0 pecu\u00e1ria ga\u00facha. O Estado receber\u00e1, em maio deste ano, o certificado da Organiza\u00e7\u00e3o Mundial de Sa\u00fade Animal que oficializa o territ\u00f3rio ga\u00facho com o status de\" \/>\n\t<meta name=\"robots\" content=\"max-image-preview:large\" \/>\n\t<meta name=\"author\" content=\"Alejo Bordon\"\/>\n\t<link rel=\"canonical\" href=\"https:\/\/radiosul.net\/wp\/2021\/agronegocio-seguiu-produzindo-em-meio-a-pandemia\/\" \/>\n\t<meta name=\"generator\" content=\"All in One SEO (AIOSEO) 5.0.1.1\" \/>\n\t\t<meta property=\"og:locale\" content=\"pt_BR\" \/>\n\t\t<meta property=\"og:site_name\" content=\"radiosul.net - Regional por Excel\u00eancia\" \/>\n\t\t<meta property=\"og:type\" content=\"article\" \/>\n\t\t<meta property=\"og:title\" content=\"Agroneg\u00f3cio seguiu produzindo em meio \u00e0 pandemia - radiosul.net\" \/>\n\t\t<meta property=\"og:description\" content=\"Em meio \u00e0s preocupa\u00e7\u00f5es generalizadas com os problemas de superlota\u00e7\u00e3o nos hospitais, o Rio Grande do Sul viu surgir uma boa not\u00edcia em rela\u00e7\u00e3o ao agroneg\u00f3cio e, especificamente, \u00e0 pecu\u00e1ria ga\u00facha. O Estado receber\u00e1, em maio deste ano, o certificado da Organiza\u00e7\u00e3o Mundial de Sa\u00fade Animal que oficializa o territ\u00f3rio ga\u00facho com o status de\" \/>\n\t\t<meta property=\"og:url\" content=\"https:\/\/radiosul.net\/wp\/2021\/agronegocio-seguiu-produzindo-em-meio-a-pandemia\/\" \/>\n\t\t<meta property=\"article:published_time\" content=\"2021-03-15T09:36:29+00:00\" \/>\n\t\t<meta property=\"article:modified_time\" content=\"2021-03-15T09:36:31+00:00\" \/>\n\t\t<meta name=\"twitter:card\" content=\"summary_large_image\" \/>\n\t\t<meta name=\"twitter:title\" content=\"Agroneg\u00f3cio seguiu produzindo em meio \u00e0 pandemia - radiosul.net\" \/>\n\t\t<meta name=\"twitter:description\" content=\"Em meio \u00e0s preocupa\u00e7\u00f5es generalizadas com os problemas de superlota\u00e7\u00e3o nos hospitais, o Rio Grande do Sul viu surgir uma boa not\u00edcia em rela\u00e7\u00e3o ao agroneg\u00f3cio e, especificamente, \u00e0 pecu\u00e1ria ga\u00facha. O Estado receber\u00e1, em maio deste ano, o certificado da Organiza\u00e7\u00e3o Mundial de Sa\u00fade Animal que oficializa o territ\u00f3rio ga\u00facho com o status de\" \/>\n\t\t<script type=\"application\/ld+json\" class=\"aioseo-schema\">\n\t\t\t{\"@context\":\"https:\\\/\\\/schema.org\",\"@graph\":[{\"@type\":\"BlogPosting\",\"@id\":\"https:\\\/\\\/radiosul.net\\\/wp\\\/2021\\\/agronegocio-seguiu-produzindo-em-meio-a-pandemia\\\/#blogposting\",\"name\":\"Agroneg\\u00f3cio seguiu produzindo em meio \\u00e0 pandemia - radiosul.net\",\"headline\":\"Agroneg\\u00f3cio seguiu produzindo em meio \\u00e0 pandemia\",\"author\":{\"@id\":\"https:\\\/\\\/radiosul.net\\\/wp\\\/author\\\/alejo\\\/#author\"},\"publisher\":{\"@id\":\"https:\\\/\\\/radiosul.net\\\/wp\\\/#organization\"},\"image\":{\"@type\":\"ImageObject\",\"url\":\"https:\\\/\\\/radiosul.net\\\/wp\\\/wp-content\\\/uploads\\\/2021\\\/03\\\/field-2635626_1920.jpg\",\"width\":1920,\"height\":1280},\"datePublished\":\"2021-03-15T06:36:29-03:00\",\"dateModified\":\"2021-03-15T06:36:31-03:00\",\"inLanguage\":\"pt-BR\",\"mainEntityOfPage\":{\"@id\":\"https:\\\/\\\/radiosul.net\\\/wp\\\/2021\\\/agronegocio-seguiu-produzindo-em-meio-a-pandemia\\\/#webpage\"},\"isPartOf\":{\"@id\":\"https:\\\/\\\/radiosul.net\\\/wp\\\/2021\\\/agronegocio-seguiu-produzindo-em-meio-a-pandemia\\\/#webpage\"},\"articleSection\":\"Agroneg\\u00f3cio, Destaque\"},{\"@type\":\"BreadcrumbList\",\"@id\":\"https:\\\/\\\/radiosul.net\\\/wp\\\/2021\\\/agronegocio-seguiu-produzindo-em-meio-a-pandemia\\\/#breadcrumblist\",\"itemListElement\":[{\"@type\":\"ListItem\",\"@id\":\"https:\\\/\\\/radiosul.net\\\/wp#listItem\",\"position\":1,\"name\":\"Home\",\"item\":\"https:\\\/\\\/radiosul.net\\\/wp\",\"nextItem\":{\"@type\":\"ListItem\",\"@id\":\"https:\\\/\\\/radiosul.net\\\/wp\\\/category\\\/agro\\\/#listItem\",\"name\":\"Agroneg\\u00f3cio\"}},{\"@type\":\"ListItem\",\"@id\":\"https:\\\/\\\/radiosul.net\\\/wp\\\/category\\\/agro\\\/#listItem\",\"position\":2,\"name\":\"Agroneg\\u00f3cio\",\"item\":\"https:\\\/\\\/radiosul.net\\\/wp\\\/category\\\/agro\\\/\",\"nextItem\":{\"@type\":\"ListItem\",\"@id\":\"https:\\\/\\\/radiosul.net\\\/wp\\\/2021\\\/agronegocio-seguiu-produzindo-em-meio-a-pandemia\\\/#listItem\",\"name\":\"Agroneg\\u00f3cio seguiu produzindo em meio \\u00e0 pandemia\"},\"previousItem\":{\"@type\":\"ListItem\",\"@id\":\"https:\\\/\\\/radiosul.net\\\/wp#listItem\",\"name\":\"Home\"}},{\"@type\":\"ListItem\",\"@id\":\"https:\\\/\\\/radiosul.net\\\/wp\\\/2021\\\/agronegocio-seguiu-produzindo-em-meio-a-pandemia\\\/#listItem\",\"position\":3,\"name\":\"Agroneg\\u00f3cio seguiu produzindo em meio \\u00e0 pandemia\",\"previousItem\":{\"@type\":\"ListItem\",\"@id\":\"https:\\\/\\\/radiosul.net\\\/wp\\\/category\\\/agro\\\/#listItem\",\"name\":\"Agroneg\\u00f3cio\"}}]},{\"@type\":\"Organization\",\"@id\":\"https:\\\/\\\/radiosul.net\\\/wp\\\/#organization\",\"name\":\"radiosul.net\",\"description\":\"Regional por Excel\\u00eancia\",\"url\":\"https:\\\/\\\/radiosul.net\\\/wp\\\/\"},{\"@type\":\"Person\",\"@id\":\"https:\\\/\\\/radiosul.net\\\/wp\\\/author\\\/alejo\\\/#author\",\"url\":\"https:\\\/\\\/radiosul.net\\\/wp\\\/author\\\/alejo\\\/\",\"name\":\"Alejo Bordon\",\"image\":{\"@type\":\"ImageObject\",\"@id\":\"https:\\\/\\\/radiosul.net\\\/wp\\\/2021\\\/agronegocio-seguiu-produzindo-em-meio-a-pandemia\\\/#authorImage\",\"url\":\"https:\\\/\\\/secure.gravatar.com\\\/avatar\\\/b3a7e7f1c71212e6a5b7183b79a2ab58dad8bdc4cd4eadd61c4434d010d0bae4?s=96&d=mm&r=g\",\"width\":96,\"height\":96,\"caption\":\"Alejo Bordon\"}},{\"@type\":\"WebPage\",\"@id\":\"https:\\\/\\\/radiosul.net\\\/wp\\\/2021\\\/agronegocio-seguiu-produzindo-em-meio-a-pandemia\\\/#webpage\",\"url\":\"https:\\\/\\\/radiosul.net\\\/wp\\\/2021\\\/agronegocio-seguiu-produzindo-em-meio-a-pandemia\\\/\",\"name\":\"Agroneg\\u00f3cio seguiu produzindo em meio \\u00e0 pandemia - radiosul.net\",\"description\":\"Em meio \\u00e0s preocupa\\u00e7\\u00f5es generalizadas com os problemas de superlota\\u00e7\\u00e3o nos hospitais, o Rio Grande do Sul viu surgir uma boa not\\u00edcia em rela\\u00e7\\u00e3o ao agroneg\\u00f3cio e, especificamente, \\u00e0 pecu\\u00e1ria ga\\u00facha. O Estado receber\\u00e1, em maio deste ano, o certificado da Organiza\\u00e7\\u00e3o Mundial de Sa\\u00fade Animal que oficializa o territ\\u00f3rio ga\\u00facho com o status de\",\"inLanguage\":\"pt-BR\",\"isPartOf\":{\"@id\":\"https:\\\/\\\/radiosul.net\\\/wp\\\/#website\"},\"breadcrumb\":{\"@id\":\"https:\\\/\\\/radiosul.net\\\/wp\\\/2021\\\/agronegocio-seguiu-produzindo-em-meio-a-pandemia\\\/#breadcrumblist\"},\"author\":{\"@id\":\"https:\\\/\\\/radiosul.net\\\/wp\\\/author\\\/alejo\\\/#author\"},\"creator\":{\"@id\":\"https:\\\/\\\/radiosul.net\\\/wp\\\/author\\\/alejo\\\/#author\"},\"image\":{\"@type\":\"ImageObject\",\"url\":\"https:\\\/\\\/radiosul.net\\\/wp\\\/wp-content\\\/uploads\\\/2021\\\/03\\\/field-2635626_1920.jpg\",\"@id\":\"https:\\\/\\\/radiosul.net\\\/wp\\\/2021\\\/agronegocio-seguiu-produzindo-em-meio-a-pandemia\\\/#mainImage\",\"width\":1920,\"height\":1280},\"primaryImageOfPage\":{\"@id\":\"https:\\\/\\\/radiosul.net\\\/wp\\\/2021\\\/agronegocio-seguiu-produzindo-em-meio-a-pandemia\\\/#mainImage\"},\"datePublished\":\"2021-03-15T06:36:29-03:00\",\"dateModified\":\"2021-03-15T06:36:31-03:00\"},{\"@type\":\"WebSite\",\"@id\":\"https:\\\/\\\/radiosul.net\\\/wp\\\/#website\",\"url\":\"https:\\\/\\\/radiosul.net\\\/wp\\\/\",\"name\":\"radiosul.net\",\"description\":\"Regional por Excel\\u00eancia\",\"inLanguage\":\"pt-BR\",\"publisher\":{\"@id\":\"https:\\\/\\\/radiosul.net\\\/wp\\\/#organization\"}}]}\n\t\t<\/script>\n\t\t<!-- All in One SEO -->\n\n","aioseo_head_json":{"title":"Agroneg\u00f3cio seguiu produzindo em meio \u00e0 pandemia - radiosul.net","description":"Em meio \u00e0s preocupa\u00e7\u00f5es generalizadas com os problemas de superlota\u00e7\u00e3o nos hospitais, o Rio Grande do Sul viu surgir uma boa not\u00edcia em rela\u00e7\u00e3o ao agroneg\u00f3cio e, especificamente, \u00e0 pecu\u00e1ria ga\u00facha. O Estado receber\u00e1, em maio deste ano, o certificado da Organiza\u00e7\u00e3o Mundial de Sa\u00fade Animal que oficializa o territ\u00f3rio ga\u00facho com o status de","canonical_url":"https:\/\/radiosul.net\/wp\/2021\/agronegocio-seguiu-produzindo-em-meio-a-pandemia\/","robots":"max-image-preview:large","keywords":"","webmasterTools":{"miscellaneous":""},"schema":{"@context":"https:\/\/schema.org","@graph":[{"@type":"BlogPosting","@id":"https:\/\/radiosul.net\/wp\/2021\/agronegocio-seguiu-produzindo-em-meio-a-pandemia\/#blogposting","name":"Agroneg\u00f3cio seguiu produzindo em meio \u00e0 pandemia - radiosul.net","headline":"Agroneg\u00f3cio seguiu produzindo em meio \u00e0 pandemia","author":{"@id":"https:\/\/radiosul.net\/wp\/author\/alejo\/#author"},"publisher":{"@id":"https:\/\/radiosul.net\/wp\/#organization"},"image":{"@type":"ImageObject","url":"https:\/\/radiosul.net\/wp\/wp-content\/uploads\/2021\/03\/field-2635626_1920.jpg","width":1920,"height":1280},"datePublished":"2021-03-15T06:36:29-03:00","dateModified":"2021-03-15T06:36:31-03:00","inLanguage":"pt-BR","mainEntityOfPage":{"@id":"https:\/\/radiosul.net\/wp\/2021\/agronegocio-seguiu-produzindo-em-meio-a-pandemia\/#webpage"},"isPartOf":{"@id":"https:\/\/radiosul.net\/wp\/2021\/agronegocio-seguiu-produzindo-em-meio-a-pandemia\/#webpage"},"articleSection":"Agroneg\u00f3cio, Destaque"},{"@type":"BreadcrumbList","@id":"https:\/\/radiosul.net\/wp\/2021\/agronegocio-seguiu-produzindo-em-meio-a-pandemia\/#breadcrumblist","itemListElement":[{"@type":"ListItem","@id":"https:\/\/radiosul.net\/wp#listItem","position":1,"name":"Home","item":"https:\/\/radiosul.net\/wp","nextItem":{"@type":"ListItem","@id":"https:\/\/radiosul.net\/wp\/category\/agro\/#listItem","name":"Agroneg\u00f3cio"}},{"@type":"ListItem","@id":"https:\/\/radiosul.net\/wp\/category\/agro\/#listItem","position":2,"name":"Agroneg\u00f3cio","item":"https:\/\/radiosul.net\/wp\/category\/agro\/","nextItem":{"@type":"ListItem","@id":"https:\/\/radiosul.net\/wp\/2021\/agronegocio-seguiu-produzindo-em-meio-a-pandemia\/#listItem","name":"Agroneg\u00f3cio seguiu produzindo em meio \u00e0 pandemia"},"previousItem":{"@type":"ListItem","@id":"https:\/\/radiosul.net\/wp#listItem","name":"Home"}},{"@type":"ListItem","@id":"https:\/\/radiosul.net\/wp\/2021\/agronegocio-seguiu-produzindo-em-meio-a-pandemia\/#listItem","position":3,"name":"Agroneg\u00f3cio seguiu produzindo em meio \u00e0 pandemia","previousItem":{"@type":"ListItem","@id":"https:\/\/radiosul.net\/wp\/category\/agro\/#listItem","name":"Agroneg\u00f3cio"}}]},{"@type":"Organization","@id":"https:\/\/radiosul.net\/wp\/#organization","name":"radiosul.net","description":"Regional por Excel\u00eancia","url":"https:\/\/radiosul.net\/wp\/"},{"@type":"Person","@id":"https:\/\/radiosul.net\/wp\/author\/alejo\/#author","url":"https:\/\/radiosul.net\/wp\/author\/alejo\/","name":"Alejo Bordon","image":{"@type":"ImageObject","@id":"https:\/\/radiosul.net\/wp\/2021\/agronegocio-seguiu-produzindo-em-meio-a-pandemia\/#authorImage","url":"https:\/\/secure.gravatar.com\/avatar\/b3a7e7f1c71212e6a5b7183b79a2ab58dad8bdc4cd4eadd61c4434d010d0bae4?s=96&d=mm&r=g","width":96,"height":96,"caption":"Alejo Bordon"}},{"@type":"WebPage","@id":"https:\/\/radiosul.net\/wp\/2021\/agronegocio-seguiu-produzindo-em-meio-a-pandemia\/#webpage","url":"https:\/\/radiosul.net\/wp\/2021\/agronegocio-seguiu-produzindo-em-meio-a-pandemia\/","name":"Agroneg\u00f3cio seguiu produzindo em meio \u00e0 pandemia - radiosul.net","description":"Em meio \u00e0s preocupa\u00e7\u00f5es generalizadas com os problemas de superlota\u00e7\u00e3o nos hospitais, o Rio Grande do Sul viu surgir uma boa not\u00edcia em rela\u00e7\u00e3o ao agroneg\u00f3cio e, especificamente, \u00e0 pecu\u00e1ria ga\u00facha. O Estado receber\u00e1, em maio deste ano, o certificado da Organiza\u00e7\u00e3o Mundial de Sa\u00fade Animal que oficializa o territ\u00f3rio ga\u00facho com o status de","inLanguage":"pt-BR","isPartOf":{"@id":"https:\/\/radiosul.net\/wp\/#website"},"breadcrumb":{"@id":"https:\/\/radiosul.net\/wp\/2021\/agronegocio-seguiu-produzindo-em-meio-a-pandemia\/#breadcrumblist"},"author":{"@id":"https:\/\/radiosul.net\/wp\/author\/alejo\/#author"},"creator":{"@id":"https:\/\/radiosul.net\/wp\/author\/alejo\/#author"},"image":{"@type":"ImageObject","url":"https:\/\/radiosul.net\/wp\/wp-content\/uploads\/2021\/03\/field-2635626_1920.jpg","@id":"https:\/\/radiosul.net\/wp\/2021\/agronegocio-seguiu-produzindo-em-meio-a-pandemia\/#mainImage","width":1920,"height":1280},"primaryImageOfPage":{"@id":"https:\/\/radiosul.net\/wp\/2021\/agronegocio-seguiu-produzindo-em-meio-a-pandemia\/#mainImage"},"datePublished":"2021-03-15T06:36:29-03:00","dateModified":"2021-03-15T06:36:31-03:00"},{"@type":"WebSite","@id":"https:\/\/radiosul.net\/wp\/#website","url":"https:\/\/radiosul.net\/wp\/","name":"radiosul.net","description":"Regional por Excel\u00eancia","inLanguage":"pt-BR","publisher":{"@id":"https:\/\/radiosul.net\/wp\/#organization"}}]},"og:locale":"pt_BR","og:site_name":"radiosul.net - Regional por Excel\u00eancia","og:type":"article","og:title":"Agroneg\u00f3cio seguiu produzindo em meio \u00e0 pandemia - radiosul.net","og:description":"Em meio \u00e0s preocupa\u00e7\u00f5es generalizadas com os problemas de superlota\u00e7\u00e3o nos hospitais, o Rio Grande do Sul viu surgir uma boa not\u00edcia em rela\u00e7\u00e3o ao agroneg\u00f3cio e, especificamente, \u00e0 pecu\u00e1ria ga\u00facha. O Estado receber\u00e1, em maio deste ano, o certificado da Organiza\u00e7\u00e3o Mundial de Sa\u00fade Animal que oficializa o territ\u00f3rio ga\u00facho com o status de","og:url":"https:\/\/radiosul.net\/wp\/2021\/agronegocio-seguiu-produzindo-em-meio-a-pandemia\/","article:published_time":"2021-03-15T09:36:29+00:00","article:modified_time":"2021-03-15T09:36:31+00:00","twitter:card":"summary_large_image","twitter:title":"Agroneg\u00f3cio seguiu produzindo em meio \u00e0 pandemia - radiosul.net","twitter:description":"Em meio \u00e0s preocupa\u00e7\u00f5es generalizadas com os problemas de superlota\u00e7\u00e3o nos hospitais, o Rio Grande do Sul viu surgir uma boa not\u00edcia em rela\u00e7\u00e3o ao agroneg\u00f3cio e, especificamente, \u00e0 pecu\u00e1ria ga\u00facha. O Estado receber\u00e1, em maio deste ano, o certificado da Organiza\u00e7\u00e3o Mundial de Sa\u00fade Animal que oficializa o territ\u00f3rio ga\u00facho com o status de"},"aioseo_meta_data":{"post_id":"17930","title":null,"description":null,"keywords":null,"keyphrases":null,"primary_term":null,"canonical_url":null,"og_title":null,"og_description":null,"og_object_type":"default","og_image_type":"default","og_image_url":null,"og_image_width":null,"og_image_height":null,"og_image_custom_url":null,"og_image_custom_fields":null,"og_video":null,"og_custom_url":null,"og_article_section":null,"og_article_tags":null,"twitter_use_og":false,"twitter_card":"default","twitter_image_type":"default","twitter_image_url":null,"twitter_image_custom_url":null,"twitter_image_custom_fields":null,"twitter_title":null,"twitter_description":null,"schema":{"blockGraphs":[],"customGraphs":[],"default":{"data":{"Article":[],"Course":[],"Dataset":[],"FAQPage":[],"Movie":[],"Person":[],"Product":[],"ProductReview":[],"Car":[],"Recipe":[],"Service":[],"SoftwareApplication":[],"WebPage":[]},"graphName":"","isEnabled":true},"graphs":[]},"schema_type":"default","schema_type_options":null,"pillar_content":false,"robots_default":true,"robots_noindex":false,"robots_noarchive":false,"robots_nosnippet":false,"robots_nofollow":false,"robots_noimageindex":false,"robots_noodp":false,"robots_notranslate":false,"robots_max_snippet":null,"robots_max_videopreview":null,"robots_max_imagepreview":"large","priority":null,"frequency":null,"local_seo":null,"breadcrumb_settings":null,"limit_modified_date":false,"ai":null,"created":"2026-01-09 01:54:17","updated":"2026-01-09 01:54:17","seo_analyzer_scan_date":null,"focus_keyword":null,"additional_keywords":null,"truseo_locale":null},"aioseo_breadcrumb":"<div class=\"aioseo-breadcrumbs\"><span class=\"aioseo-breadcrumb\">\n\t\t\t<a href=\"https:\/\/radiosul.net\/wp\" title=\"Home\">Home<\/a>\n\t\t<\/span><span class=\"aioseo-breadcrumb-separator\">&raquo;<\/span><span class=\"aioseo-breadcrumb\">\n\t\t\t<a href=\"https:\/\/radiosul.net\/wp\/category\/agro\/\" title=\"Agroneg\u00f3cio\">Agroneg\u00f3cio<\/a>\n\t\t<\/span><span class=\"aioseo-breadcrumb-separator\">&raquo;<\/span><span class=\"aioseo-breadcrumb\">\n\t\t\tAgroneg\u00f3cio seguiu produzindo em meio \u00e0 pandemia\n\t\t<\/span><\/div>","aioseo_breadcrumb_json":[{"label":"Home","link":"https:\/\/radiosul.net\/wp"},{"label":"Agroneg\u00f3cio","link":"https:\/\/radiosul.net\/wp\/category\/agro\/"},{"label":"Agroneg\u00f3cio seguiu produzindo em meio \u00e0 pandemia","link":"https:\/\/radiosul.net\/wp\/2021\/agronegocio-seguiu-produzindo-em-meio-a-pandemia\/"}],"_links":{"self":[{"href":"https:\/\/radiosul.net\/wp\/wp-json\/wp\/v2\/posts\/17930","targetHints":{"allow":["GET"]}}],"collection":[{"href":"https:\/\/radiosul.net\/wp\/wp-json\/wp\/v2\/posts"}],"about":[{"href":"https:\/\/radiosul.net\/wp\/wp-json\/wp\/v2\/types\/post"}],"author":[{"embeddable":true,"href":"https:\/\/radiosul.net\/wp\/wp-json\/wp\/v2\/users\/9"}],"replies":[{"embeddable":true,"href":"https:\/\/radiosul.net\/wp\/wp-json\/wp\/v2\/comments?post=17930"}],"version-history":[{"count":1,"href":"https:\/\/radiosul.net\/wp\/wp-json\/wp\/v2\/posts\/17930\/revisions"}],"predecessor-version":[{"id":17932,"href":"https:\/\/radiosul.net\/wp\/wp-json\/wp\/v2\/posts\/17930\/revisions\/17932"}],"wp:featuredmedia":[{"embeddable":true,"href":"https:\/\/radiosul.net\/wp\/wp-json\/wp\/v2\/media\/17931"}],"wp:attachment":[{"href":"https:\/\/radiosul.net\/wp\/wp-json\/wp\/v2\/media?parent=17930"}],"wp:term":[{"taxonomy":"category","embeddable":true,"href":"https:\/\/radiosul.net\/wp\/wp-json\/wp\/v2\/categories?post=17930"},{"taxonomy":"post_tag","embeddable":true,"href":"https:\/\/radiosul.net\/wp\/wp-json\/wp\/v2\/tags?post=17930"}],"curies":[{"name":"wp","href":"https:\/\/api.w.org\/{rel}","templated":true}]}}