{"id":17734,"date":"2021-02-24T17:29:32","date_gmt":"2021-02-24T20:29:32","guid":{"rendered":"https:\/\/radiosul.net\/wp\/?p=17734"},"modified":"2021-02-24T17:29:34","modified_gmt":"2021-02-24T20:29:34","slug":"setor-de-registros-comemora-crescimento-das-racas-hereford-e-braford-em-2020","status":"publish","type":"post","link":"https:\/\/radiosul.net\/wp\/2021\/setor-de-registros-comemora-crescimento-das-racas-hereford-e-braford-em-2020\/","title":{"rendered":"Setor de Registros comemora crescimento das ra\u00e7as Hereford e Braford em 2020"},"content":{"rendered":"\n<p class=\"wp-block-paragraph\">Mesmo com um ano marcado por mudan\u00e7as e incertezas, as ra\u00e7as Hereford e Braford mantiveram-se em destaque. Em 2020, o setor de Registro Geneal\u00f3gico da Associa\u00e7\u00e3o Brasileira de Hereford e Braford (ABHB) registrou mais de 42 mil exemplares, um crescimento de 8% em rela\u00e7\u00e3o ao ano anterior. Na ra\u00e7a Hereford o setor registrou mais de 9 mil animais entre nascimentos e definitivos. J\u00e1 na ra\u00e7a Braford os n\u00fameros ficaram em 32 mil exemplares.<\/p>\n\n\n\n<p class=\"wp-block-paragraph\">Conforme a superintendente do Setor, Natacha L\u00fcttjohann,\u00a0esses dados afirmam, mais uma vez, o crescimento das ra\u00e7as no Brasil.\u00a0 \u201cS\u00e3o n\u00fameros muito importantes para nosso setor. S\u00f3 entre os meses de outubro e dezembro nossa equipe realizou mais de 8 mil nascimentos, chegando assim nesse crescimento satisfat\u00f3rio. Muitos criadores novos de diversas regi\u00f5es do pa\u00eds t\u00eam nos procurado com o objetivo de registrar animais e iniciar os seus plant\u00e9is\u201d.<\/p>\n\n\n\n<p class=\"wp-block-paragraph\">Natacha destaca tamb\u00e9m a procura crescente por Certificados de Produtos de Cruzamento.\u00a0 No total, mais de dois mil animais foram registrados, um incremento de 313% em rela\u00e7\u00e3o a 2019. \u201cIsso comprova a consolida\u00e7\u00e3o das ra\u00e7as Hereford e Braford no cruzamento industrial e na busca por carne de qualidade\u201d.<\/p>\n\n\n\n<p class=\"wp-block-paragraph\">O servi\u00e7o de Registro Geneal\u00f3gico da ABHB \u00e9 mantido e executado em todo o territ\u00f3rio nacional, com sede na cidade de Bag\u00e9 (RS), e trabalha de acordo com o Minist\u00e9rio da Agricultura, Pecu\u00e1ria e Abastecimento (MAPA). A entidade tamb\u00e9m destaca-se como uma das poucas Associa\u00e7\u00f5es de ra\u00e7as bovinas brasileiras a possuir seu pr\u00f3prio servi\u00e7o de registro geneal\u00f3gico, sendo certificadora exclusiva de reprodutores e matrizes Braford. Atua tamb\u00e9m por delega\u00e7\u00e3o da\u00a0Associa\u00e7\u00e3o Nacional de Criadores \u201cHerd-Book Collares\u201d, na sele\u00e7\u00e3o zoot\u00e9cnica do rebanho Hereford PC (aspado e mocho) no Brasil.<\/p>\n\n\n\n<p class=\"wp-block-paragraph\"><strong><em>Fonte: ABHB<\/em><\/strong><\/p>\n","protected":false},"excerpt":{"rendered":"<p>Mesmo com um ano marcado por mudan\u00e7as e incertezas, as ra\u00e7as Hereford e Braford mantiveram-se em destaque. Em 2020, o setor de Registro Geneal\u00f3gico da Associa\u00e7\u00e3o Brasileira de Hereford e Braford (ABHB) registrou mais de 42 mil exemplares, um crescimento de 8% em rela\u00e7\u00e3o ao ano anterior. Na ra\u00e7a Hereford o setor registrou mais de &hellip;<\/p>\n","protected":false},"author":9,"featured_media":17732,"comment_status":"closed","ping_status":"closed","sticky":false,"template":"","format":"standard","meta":{"_monsterinsights_skip_tracking":false,"_uf_show_specific_survey":0,"_uf_disable_surveys":false,"footnotes":""},"categories":[1,126],"tags":[],"class_list":["post-17734","post","type-post","status-publish","format-standard","has-post-thumbnail","hentry","category-agro","category-destacados"],"aioseo_notices":[],"aioseo_head":"\n\t\t<!-- All in One SEO 5.0.1.1 - aioseo.com -->\n\t<meta name=\"description\" content=\"Mesmo com um ano marcado por mudan\u00e7as e incertezas, as ra\u00e7as Hereford e Braford mantiveram-se em destaque. Em 2020, o setor de Registro Geneal\u00f3gico da Associa\u00e7\u00e3o Brasileira de Hereford e Braford (ABHB) registrou mais de 42 mil exemplares, um crescimento de 8% em rela\u00e7\u00e3o ao ano anterior. Na ra\u00e7a Hereford o setor registrou mais de\" \/>\n\t<meta name=\"robots\" content=\"max-image-preview:large\" \/>\n\t<meta name=\"author\" content=\"Alejo Bordon\"\/>\n\t<link rel=\"canonical\" href=\"https:\/\/radiosul.net\/wp\/2021\/setor-de-registros-comemora-crescimento-das-racas-hereford-e-braford-em-2020\/\" \/>\n\t<meta name=\"generator\" content=\"All in One SEO (AIOSEO) 5.0.1.1\" \/>\n\t\t<meta property=\"og:locale\" content=\"pt_BR\" \/>\n\t\t<meta property=\"og:site_name\" content=\"radiosul.net - Regional por Excel\u00eancia\" \/>\n\t\t<meta property=\"og:type\" content=\"article\" \/>\n\t\t<meta property=\"og:title\" content=\"Setor de Registros comemora crescimento das ra\u00e7as Hereford e Braford em 2020 - radiosul.net\" \/>\n\t\t<meta property=\"og:description\" content=\"Mesmo com um ano marcado por mudan\u00e7as e incertezas, as ra\u00e7as Hereford e Braford mantiveram-se em destaque. Em 2020, o setor de Registro Geneal\u00f3gico da Associa\u00e7\u00e3o Brasileira de Hereford e Braford (ABHB) registrou mais de 42 mil exemplares, um crescimento de 8% em rela\u00e7\u00e3o ao ano anterior. Na ra\u00e7a Hereford o setor registrou mais de\" \/>\n\t\t<meta property=\"og:url\" content=\"https:\/\/radiosul.net\/wp\/2021\/setor-de-registros-comemora-crescimento-das-racas-hereford-e-braford-em-2020\/\" \/>\n\t\t<meta property=\"article:published_time\" content=\"2021-02-24T20:29:32+00:00\" \/>\n\t\t<meta property=\"article:modified_time\" content=\"2021-02-24T20:29:34+00:00\" \/>\n\t\t<meta name=\"twitter:card\" content=\"summary_large_image\" \/>\n\t\t<meta name=\"twitter:title\" content=\"Setor de Registros comemora crescimento das ra\u00e7as Hereford e Braford em 2020 - radiosul.net\" \/>\n\t\t<meta name=\"twitter:description\" content=\"Mesmo com um ano marcado por mudan\u00e7as e incertezas, as ra\u00e7as Hereford e Braford mantiveram-se em destaque. Em 2020, o setor de Registro Geneal\u00f3gico da Associa\u00e7\u00e3o Brasileira de Hereford e Braford (ABHB) registrou mais de 42 mil exemplares, um crescimento de 8% em rela\u00e7\u00e3o ao ano anterior. Na ra\u00e7a Hereford o setor registrou mais de\" \/>\n\t\t<script type=\"application\/ld+json\" class=\"aioseo-schema\">\n\t\t\t{\"@context\":\"https:\\\/\\\/schema.org\",\"@graph\":[{\"@type\":\"BlogPosting\",\"@id\":\"https:\\\/\\\/radiosul.net\\\/wp\\\/2021\\\/setor-de-registros-comemora-crescimento-das-racas-hereford-e-braford-em-2020\\\/#blogposting\",\"name\":\"Setor de Registros comemora crescimento das ra\\u00e7as Hereford e Braford em 2020 - radiosul.net\",\"headline\":\"Setor de Registros comemora crescimento das ra\\u00e7as Hereford e Braford em 2020\",\"author\":{\"@id\":\"https:\\\/\\\/radiosul.net\\\/wp\\\/author\\\/alejo\\\/#author\"},\"publisher\":{\"@id\":\"https:\\\/\\\/radiosul.net\\\/wp\\\/#organization\"},\"image\":{\"@type\":\"ImageObject\",\"url\":\"https:\\\/\\\/radiosul.net\\\/wp\\\/wp-content\\\/uploads\\\/2021\\\/02\\\/Sem-titulo-4.png\",\"width\":1089,\"height\":726,\"caption\":\"Foto: Everton Souza\\\/La Rural Fotografia\"},\"datePublished\":\"2021-02-24T17:29:32-03:00\",\"dateModified\":\"2021-02-24T17:29:34-03:00\",\"inLanguage\":\"pt-BR\",\"mainEntityOfPage\":{\"@id\":\"https:\\\/\\\/radiosul.net\\\/wp\\\/2021\\\/setor-de-registros-comemora-crescimento-das-racas-hereford-e-braford-em-2020\\\/#webpage\"},\"isPartOf\":{\"@id\":\"https:\\\/\\\/radiosul.net\\\/wp\\\/2021\\\/setor-de-registros-comemora-crescimento-das-racas-hereford-e-braford-em-2020\\\/#webpage\"},\"articleSection\":\"Agroneg\\u00f3cio, Destaque\"},{\"@type\":\"BreadcrumbList\",\"@id\":\"https:\\\/\\\/radiosul.net\\\/wp\\\/2021\\\/setor-de-registros-comemora-crescimento-das-racas-hereford-e-braford-em-2020\\\/#breadcrumblist\",\"itemListElement\":[{\"@type\":\"ListItem\",\"@id\":\"https:\\\/\\\/radiosul.net\\\/wp#listItem\",\"position\":1,\"name\":\"Home\",\"item\":\"https:\\\/\\\/radiosul.net\\\/wp\",\"nextItem\":{\"@type\":\"ListItem\",\"@id\":\"https:\\\/\\\/radiosul.net\\\/wp\\\/category\\\/agro\\\/#listItem\",\"name\":\"Agroneg\\u00f3cio\"}},{\"@type\":\"ListItem\",\"@id\":\"https:\\\/\\\/radiosul.net\\\/wp\\\/category\\\/agro\\\/#listItem\",\"position\":2,\"name\":\"Agroneg\\u00f3cio\",\"item\":\"https:\\\/\\\/radiosul.net\\\/wp\\\/category\\\/agro\\\/\",\"nextItem\":{\"@type\":\"ListItem\",\"@id\":\"https:\\\/\\\/radiosul.net\\\/wp\\\/2021\\\/setor-de-registros-comemora-crescimento-das-racas-hereford-e-braford-em-2020\\\/#listItem\",\"name\":\"Setor de Registros comemora crescimento das ra\\u00e7as Hereford e Braford em 2020\"},\"previousItem\":{\"@type\":\"ListItem\",\"@id\":\"https:\\\/\\\/radiosul.net\\\/wp#listItem\",\"name\":\"Home\"}},{\"@type\":\"ListItem\",\"@id\":\"https:\\\/\\\/radiosul.net\\\/wp\\\/2021\\\/setor-de-registros-comemora-crescimento-das-racas-hereford-e-braford-em-2020\\\/#listItem\",\"position\":3,\"name\":\"Setor de Registros comemora crescimento das ra\\u00e7as Hereford e Braford em 2020\",\"previousItem\":{\"@type\":\"ListItem\",\"@id\":\"https:\\\/\\\/radiosul.net\\\/wp\\\/category\\\/agro\\\/#listItem\",\"name\":\"Agroneg\\u00f3cio\"}}]},{\"@type\":\"Organization\",\"@id\":\"https:\\\/\\\/radiosul.net\\\/wp\\\/#organization\",\"name\":\"radiosul.net\",\"description\":\"Regional por Excel\\u00eancia\",\"url\":\"https:\\\/\\\/radiosul.net\\\/wp\\\/\"},{\"@type\":\"Person\",\"@id\":\"https:\\\/\\\/radiosul.net\\\/wp\\\/author\\\/alejo\\\/#author\",\"url\":\"https:\\\/\\\/radiosul.net\\\/wp\\\/author\\\/alejo\\\/\",\"name\":\"Alejo Bordon\",\"image\":{\"@type\":\"ImageObject\",\"@id\":\"https:\\\/\\\/radiosul.net\\\/wp\\\/2021\\\/setor-de-registros-comemora-crescimento-das-racas-hereford-e-braford-em-2020\\\/#authorImage\",\"url\":\"https:\\\/\\\/secure.gravatar.com\\\/avatar\\\/b3a7e7f1c71212e6a5b7183b79a2ab58dad8bdc4cd4eadd61c4434d010d0bae4?s=96&d=mm&r=g\",\"width\":96,\"height\":96,\"caption\":\"Alejo Bordon\"}},{\"@type\":\"WebPage\",\"@id\":\"https:\\\/\\\/radiosul.net\\\/wp\\\/2021\\\/setor-de-registros-comemora-crescimento-das-racas-hereford-e-braford-em-2020\\\/#webpage\",\"url\":\"https:\\\/\\\/radiosul.net\\\/wp\\\/2021\\\/setor-de-registros-comemora-crescimento-das-racas-hereford-e-braford-em-2020\\\/\",\"name\":\"Setor de Registros comemora crescimento das ra\\u00e7as Hereford e Braford em 2020 - radiosul.net\",\"description\":\"Mesmo com um ano marcado por mudan\\u00e7as e incertezas, as ra\\u00e7as Hereford e Braford mantiveram-se em destaque. Em 2020, o setor de Registro Geneal\\u00f3gico da Associa\\u00e7\\u00e3o Brasileira de Hereford e Braford (ABHB) registrou mais de 42 mil exemplares, um crescimento de 8% em rela\\u00e7\\u00e3o ao ano anterior. Na ra\\u00e7a Hereford o setor registrou mais de\",\"inLanguage\":\"pt-BR\",\"isPartOf\":{\"@id\":\"https:\\\/\\\/radiosul.net\\\/wp\\\/#website\"},\"breadcrumb\":{\"@id\":\"https:\\\/\\\/radiosul.net\\\/wp\\\/2021\\\/setor-de-registros-comemora-crescimento-das-racas-hereford-e-braford-em-2020\\\/#breadcrumblist\"},\"author\":{\"@id\":\"https:\\\/\\\/radiosul.net\\\/wp\\\/author\\\/alejo\\\/#author\"},\"creator\":{\"@id\":\"https:\\\/\\\/radiosul.net\\\/wp\\\/author\\\/alejo\\\/#author\"},\"image\":{\"@type\":\"ImageObject\",\"url\":\"https:\\\/\\\/radiosul.net\\\/wp\\\/wp-content\\\/uploads\\\/2021\\\/02\\\/Sem-titulo-4.png\",\"@id\":\"https:\\\/\\\/radiosul.net\\\/wp\\\/2021\\\/setor-de-registros-comemora-crescimento-das-racas-hereford-e-braford-em-2020\\\/#mainImage\",\"width\":1089,\"height\":726,\"caption\":\"Foto: Everton Souza\\\/La Rural Fotografia\"},\"primaryImageOfPage\":{\"@id\":\"https:\\\/\\\/radiosul.net\\\/wp\\\/2021\\\/setor-de-registros-comemora-crescimento-das-racas-hereford-e-braford-em-2020\\\/#mainImage\"},\"datePublished\":\"2021-02-24T17:29:32-03:00\",\"dateModified\":\"2021-02-24T17:29:34-03:00\"},{\"@type\":\"WebSite\",\"@id\":\"https:\\\/\\\/radiosul.net\\\/wp\\\/#website\",\"url\":\"https:\\\/\\\/radiosul.net\\\/wp\\\/\",\"name\":\"radiosul.net\",\"description\":\"Regional por Excel\\u00eancia\",\"inLanguage\":\"pt-BR\",\"publisher\":{\"@id\":\"https:\\\/\\\/radiosul.net\\\/wp\\\/#organization\"}}]}\n\t\t<\/script>\n\t\t<!-- All in One SEO -->\n\n","aioseo_head_json":{"title":"Setor de Registros comemora crescimento das ra\u00e7as Hereford e Braford em 2020 - radiosul.net","description":"Mesmo com um ano marcado por mudan\u00e7as e incertezas, as ra\u00e7as Hereford e Braford mantiveram-se em destaque. Em 2020, o setor de Registro Geneal\u00f3gico da Associa\u00e7\u00e3o Brasileira de Hereford e Braford (ABHB) registrou mais de 42 mil exemplares, um crescimento de 8% em rela\u00e7\u00e3o ao ano anterior. Na ra\u00e7a Hereford o setor registrou mais de","canonical_url":"https:\/\/radiosul.net\/wp\/2021\/setor-de-registros-comemora-crescimento-das-racas-hereford-e-braford-em-2020\/","robots":"max-image-preview:large","keywords":"","webmasterTools":{"miscellaneous":""},"schema":{"@context":"https:\/\/schema.org","@graph":[{"@type":"BlogPosting","@id":"https:\/\/radiosul.net\/wp\/2021\/setor-de-registros-comemora-crescimento-das-racas-hereford-e-braford-em-2020\/#blogposting","name":"Setor de Registros comemora crescimento das ra\u00e7as Hereford e Braford em 2020 - radiosul.net","headline":"Setor de Registros comemora crescimento das ra\u00e7as Hereford e Braford em 2020","author":{"@id":"https:\/\/radiosul.net\/wp\/author\/alejo\/#author"},"publisher":{"@id":"https:\/\/radiosul.net\/wp\/#organization"},"image":{"@type":"ImageObject","url":"https:\/\/radiosul.net\/wp\/wp-content\/uploads\/2021\/02\/Sem-titulo-4.png","width":1089,"height":726,"caption":"Foto: Everton Souza\/La Rural Fotografia"},"datePublished":"2021-02-24T17:29:32-03:00","dateModified":"2021-02-24T17:29:34-03:00","inLanguage":"pt-BR","mainEntityOfPage":{"@id":"https:\/\/radiosul.net\/wp\/2021\/setor-de-registros-comemora-crescimento-das-racas-hereford-e-braford-em-2020\/#webpage"},"isPartOf":{"@id":"https:\/\/radiosul.net\/wp\/2021\/setor-de-registros-comemora-crescimento-das-racas-hereford-e-braford-em-2020\/#webpage"},"articleSection":"Agroneg\u00f3cio, Destaque"},{"@type":"BreadcrumbList","@id":"https:\/\/radiosul.net\/wp\/2021\/setor-de-registros-comemora-crescimento-das-racas-hereford-e-braford-em-2020\/#breadcrumblist","itemListElement":[{"@type":"ListItem","@id":"https:\/\/radiosul.net\/wp#listItem","position":1,"name":"Home","item":"https:\/\/radiosul.net\/wp","nextItem":{"@type":"ListItem","@id":"https:\/\/radiosul.net\/wp\/category\/agro\/#listItem","name":"Agroneg\u00f3cio"}},{"@type":"ListItem","@id":"https:\/\/radiosul.net\/wp\/category\/agro\/#listItem","position":2,"name":"Agroneg\u00f3cio","item":"https:\/\/radiosul.net\/wp\/category\/agro\/","nextItem":{"@type":"ListItem","@id":"https:\/\/radiosul.net\/wp\/2021\/setor-de-registros-comemora-crescimento-das-racas-hereford-e-braford-em-2020\/#listItem","name":"Setor de Registros comemora crescimento das ra\u00e7as Hereford e Braford em 2020"},"previousItem":{"@type":"ListItem","@id":"https:\/\/radiosul.net\/wp#listItem","name":"Home"}},{"@type":"ListItem","@id":"https:\/\/radiosul.net\/wp\/2021\/setor-de-registros-comemora-crescimento-das-racas-hereford-e-braford-em-2020\/#listItem","position":3,"name":"Setor de Registros comemora crescimento das ra\u00e7as Hereford e Braford em 2020","previousItem":{"@type":"ListItem","@id":"https:\/\/radiosul.net\/wp\/category\/agro\/#listItem","name":"Agroneg\u00f3cio"}}]},{"@type":"Organization","@id":"https:\/\/radiosul.net\/wp\/#organization","name":"radiosul.net","description":"Regional por Excel\u00eancia","url":"https:\/\/radiosul.net\/wp\/"},{"@type":"Person","@id":"https:\/\/radiosul.net\/wp\/author\/alejo\/#author","url":"https:\/\/radiosul.net\/wp\/author\/alejo\/","name":"Alejo Bordon","image":{"@type":"ImageObject","@id":"https:\/\/radiosul.net\/wp\/2021\/setor-de-registros-comemora-crescimento-das-racas-hereford-e-braford-em-2020\/#authorImage","url":"https:\/\/secure.gravatar.com\/avatar\/b3a7e7f1c71212e6a5b7183b79a2ab58dad8bdc4cd4eadd61c4434d010d0bae4?s=96&d=mm&r=g","width":96,"height":96,"caption":"Alejo Bordon"}},{"@type":"WebPage","@id":"https:\/\/radiosul.net\/wp\/2021\/setor-de-registros-comemora-crescimento-das-racas-hereford-e-braford-em-2020\/#webpage","url":"https:\/\/radiosul.net\/wp\/2021\/setor-de-registros-comemora-crescimento-das-racas-hereford-e-braford-em-2020\/","name":"Setor de Registros comemora crescimento das ra\u00e7as Hereford e Braford em 2020 - radiosul.net","description":"Mesmo com um ano marcado por mudan\u00e7as e incertezas, as ra\u00e7as Hereford e Braford mantiveram-se em destaque. Em 2020, o setor de Registro Geneal\u00f3gico da Associa\u00e7\u00e3o Brasileira de Hereford e Braford (ABHB) registrou mais de 42 mil exemplares, um crescimento de 8% em rela\u00e7\u00e3o ao ano anterior. Na ra\u00e7a Hereford o setor registrou mais de","inLanguage":"pt-BR","isPartOf":{"@id":"https:\/\/radiosul.net\/wp\/#website"},"breadcrumb":{"@id":"https:\/\/radiosul.net\/wp\/2021\/setor-de-registros-comemora-crescimento-das-racas-hereford-e-braford-em-2020\/#breadcrumblist"},"author":{"@id":"https:\/\/radiosul.net\/wp\/author\/alejo\/#author"},"creator":{"@id":"https:\/\/radiosul.net\/wp\/author\/alejo\/#author"},"image":{"@type":"ImageObject","url":"https:\/\/radiosul.net\/wp\/wp-content\/uploads\/2021\/02\/Sem-titulo-4.png","@id":"https:\/\/radiosul.net\/wp\/2021\/setor-de-registros-comemora-crescimento-das-racas-hereford-e-braford-em-2020\/#mainImage","width":1089,"height":726,"caption":"Foto: Everton Souza\/La Rural Fotografia"},"primaryImageOfPage":{"@id":"https:\/\/radiosul.net\/wp\/2021\/setor-de-registros-comemora-crescimento-das-racas-hereford-e-braford-em-2020\/#mainImage"},"datePublished":"2021-02-24T17:29:32-03:00","dateModified":"2021-02-24T17:29:34-03:00"},{"@type":"WebSite","@id":"https:\/\/radiosul.net\/wp\/#website","url":"https:\/\/radiosul.net\/wp\/","name":"radiosul.net","description":"Regional por Excel\u00eancia","inLanguage":"pt-BR","publisher":{"@id":"https:\/\/radiosul.net\/wp\/#organization"}}]},"og:locale":"pt_BR","og:site_name":"radiosul.net - Regional por Excel\u00eancia","og:type":"article","og:title":"Setor de Registros comemora crescimento das ra\u00e7as Hereford e Braford em 2020 - radiosul.net","og:description":"Mesmo com um ano marcado por mudan\u00e7as e incertezas, as ra\u00e7as Hereford e Braford mantiveram-se em destaque. Em 2020, o setor de Registro Geneal\u00f3gico da Associa\u00e7\u00e3o Brasileira de Hereford e Braford (ABHB) registrou mais de 42 mil exemplares, um crescimento de 8% em rela\u00e7\u00e3o ao ano anterior. Na ra\u00e7a Hereford o setor registrou mais de","og:url":"https:\/\/radiosul.net\/wp\/2021\/setor-de-registros-comemora-crescimento-das-racas-hereford-e-braford-em-2020\/","article:published_time":"2021-02-24T20:29:32+00:00","article:modified_time":"2021-02-24T20:29:34+00:00","twitter:card":"summary_large_image","twitter:title":"Setor de Registros comemora crescimento das ra\u00e7as Hereford e Braford em 2020 - radiosul.net","twitter:description":"Mesmo com um ano marcado por mudan\u00e7as e incertezas, as ra\u00e7as Hereford e Braford mantiveram-se em destaque. Em 2020, o setor de Registro Geneal\u00f3gico da Associa\u00e7\u00e3o Brasileira de Hereford e Braford (ABHB) registrou mais de 42 mil exemplares, um crescimento de 8% em rela\u00e7\u00e3o ao ano anterior. Na ra\u00e7a Hereford o setor registrou mais de"},"aioseo_meta_data":{"post_id":"17734","title":null,"description":null,"keywords":null,"keyphrases":null,"primary_term":null,"canonical_url":null,"og_title":null,"og_description":null,"og_object_type":"default","og_image_type":"default","og_image_url":null,"og_image_width":null,"og_image_height":null,"og_image_custom_url":null,"og_image_custom_fields":null,"og_video":null,"og_custom_url":null,"og_article_section":null,"og_article_tags":null,"twitter_use_og":false,"twitter_card":"default","twitter_image_type":"default","twitter_image_url":null,"twitter_image_custom_url":null,"twitter_image_custom_fields":null,"twitter_title":null,"twitter_description":null,"schema":{"blockGraphs":[],"customGraphs":[],"default":{"data":{"Article":[],"Course":[],"Dataset":[],"FAQPage":[],"Movie":[],"Person":[],"Product":[],"ProductReview":[],"Car":[],"Recipe":[],"Service":[],"SoftwareApplication":[],"WebPage":[]},"graphName":"","isEnabled":true},"graphs":[]},"schema_type":"default","schema_type_options":null,"pillar_content":false,"robots_default":true,"robots_noindex":false,"robots_noarchive":false,"robots_nosnippet":false,"robots_nofollow":false,"robots_noimageindex":false,"robots_noodp":false,"robots_notranslate":false,"robots_max_snippet":null,"robots_max_videopreview":null,"robots_max_imagepreview":"large","priority":null,"frequency":null,"local_seo":null,"breadcrumb_settings":null,"limit_modified_date":false,"ai":null,"created":"2026-01-09 01:31:50","updated":"2026-01-09 01:31:50","seo_analyzer_scan_date":null,"focus_keyword":null,"additional_keywords":null,"truseo_locale":null},"aioseo_breadcrumb":"<div class=\"aioseo-breadcrumbs\"><span class=\"aioseo-breadcrumb\">\n\t\t\t<a href=\"https:\/\/radiosul.net\/wp\" title=\"Home\">Home<\/a>\n\t\t<\/span><span class=\"aioseo-breadcrumb-separator\">&raquo;<\/span><span class=\"aioseo-breadcrumb\">\n\t\t\t<a href=\"https:\/\/radiosul.net\/wp\/category\/agro\/\" title=\"Agroneg\u00f3cio\">Agroneg\u00f3cio<\/a>\n\t\t<\/span><span class=\"aioseo-breadcrumb-separator\">&raquo;<\/span><span class=\"aioseo-breadcrumb\">\n\t\t\tSetor de Registros comemora crescimento das ra\u00e7as Hereford e Braford em 2020\n\t\t<\/span><\/div>","aioseo_breadcrumb_json":[{"label":"Home","link":"https:\/\/radiosul.net\/wp"},{"label":"Agroneg\u00f3cio","link":"https:\/\/radiosul.net\/wp\/category\/agro\/"},{"label":"Setor de Registros comemora crescimento das ra\u00e7as Hereford e Braford em 2020","link":"https:\/\/radiosul.net\/wp\/2021\/setor-de-registros-comemora-crescimento-das-racas-hereford-e-braford-em-2020\/"}],"_links":{"self":[{"href":"https:\/\/radiosul.net\/wp\/wp-json\/wp\/v2\/posts\/17734","targetHints":{"allow":["GET"]}}],"collection":[{"href":"https:\/\/radiosul.net\/wp\/wp-json\/wp\/v2\/posts"}],"about":[{"href":"https:\/\/radiosul.net\/wp\/wp-json\/wp\/v2\/types\/post"}],"author":[{"embeddable":true,"href":"https:\/\/radiosul.net\/wp\/wp-json\/wp\/v2\/users\/9"}],"replies":[{"embeddable":true,"href":"https:\/\/radiosul.net\/wp\/wp-json\/wp\/v2\/comments?post=17734"}],"version-history":[{"count":1,"href":"https:\/\/radiosul.net\/wp\/wp-json\/wp\/v2\/posts\/17734\/revisions"}],"predecessor-version":[{"id":17735,"href":"https:\/\/radiosul.net\/wp\/wp-json\/wp\/v2\/posts\/17734\/revisions\/17735"}],"wp:featuredmedia":[{"embeddable":true,"href":"https:\/\/radiosul.net\/wp\/wp-json\/wp\/v2\/media\/17732"}],"wp:attachment":[{"href":"https:\/\/radiosul.net\/wp\/wp-json\/wp\/v2\/media?parent=17734"}],"wp:term":[{"taxonomy":"category","embeddable":true,"href":"https:\/\/radiosul.net\/wp\/wp-json\/wp\/v2\/categories?post=17734"},{"taxonomy":"post_tag","embeddable":true,"href":"https:\/\/radiosul.net\/wp\/wp-json\/wp\/v2\/tags?post=17734"}],"curies":[{"name":"wp","href":"https:\/\/api.w.org\/{rel}","templated":true}]}}