{"id":17698,"date":"2021-02-22T07:00:00","date_gmt":"2021-02-22T10:00:00","guid":{"rendered":"https:\/\/radiosul.net\/wp\/?p=17698"},"modified":"2021-02-22T03:56:10","modified_gmt":"2021-02-22T06:56:10","slug":"agricultor-reivindica-melhoria-de-servicos-prestados-por-concessionarias","status":"publish","type":"post","link":"https:\/\/radiosul.net\/wp\/2021\/agricultor-reivindica-melhoria-de-servicos-prestados-por-concessionarias\/","title":{"rendered":"Agricultor reivindica melhoria de servi\u00e7os prestados por concession\u00e1rias"},"content":{"rendered":"\n<p class=\"wp-block-paragraph\">Troca de postes, redu\u00e7\u00e3o do tempo de espera para religa\u00e7\u00e3o ap\u00f3s falta de energia el\u00e9trica, gera\u00e7\u00e3o de energia adequada \u00e0 necessidade do meio rural e poda de vegeta\u00e7\u00e3o est\u00e3o na pauta de reinvindica\u00e7\u00f5es que ser\u00e1 trada pelo presidente da Comiss\u00e3o de Defesa do Consumidor da Assembleia Legislativa, deputado estadual Elton Weber (PSB), com representantes da RGE. A reuni\u00e3o virtual ocorre nesta ter\u00e7a-feira (23) a partir das 9h30min.Est\u00e3o confirmadas as participa\u00e7\u00f5es de representantes de sete Sindicatos de Trabalhadores Rurais (STRs) das Regionais Serra do Alto Taquari e Vale do Taquari da Fetag-RS.<\/p>\n\n\n\n<p class=\"wp-block-paragraph\">Os relatos de agricultores de comunidades rurais nos munic\u00edpios de Nova Br\u00e9scia, Encantado, Mu\u00e7um, Vespasiano Correa, Estrela, Teut\u00f4nia e Roca Sales s\u00e3o de demora de at\u00e9 76 horas para o restabelecimento do fornecimento de energia el\u00e9trica, postes podres, com mais de 25 anos de uso, escorados em estruturas inadequadas, e que acabam caindo, al\u00e9m de ro\u00e7adas insuficientes de \u00e1rvores pr\u00f3ximas a fios. &#8220;Temos recebido sistematicamente as mesmas queixas em diversas regi\u00f5es. S\u00e3o problemas que impedem o desenvolvimento no campo e causam in\u00fameros preju\u00edzos e transtornos ao nosso agricultor &#8220;. Atualmente, a RGE \u00e9 respons\u00e1vel por distribuir 65% da energia el\u00e9trica consumida no Rio Grande do Sul e atende a 2,86 milh\u00f5es de clientes em 381 munic\u00edpios do Estado.<\/p>\n\n\n\n<p class=\"wp-block-paragraph\"><strong><em>Fonte: Jornal do Com\u00e9rcio<\/em><\/strong><\/p>\n","protected":false},"excerpt":{"rendered":"<p>Troca de postes, redu\u00e7\u00e3o do tempo de espera para religa\u00e7\u00e3o ap\u00f3s falta de energia el\u00e9trica, gera\u00e7\u00e3o de energia adequada \u00e0 necessidade do meio rural e poda de vegeta\u00e7\u00e3o est\u00e3o na pauta de reinvindica\u00e7\u00f5es que ser\u00e1 trada pelo presidente da Comiss\u00e3o de Defesa do Consumidor da Assembleia Legislativa, deputado estadual Elton Weber (PSB), com representantes da &hellip;<\/p>\n","protected":false},"author":9,"featured_media":17700,"comment_status":"closed","ping_status":"closed","sticky":false,"template":"","format":"standard","meta":{"_monsterinsights_skip_tracking":false,"_uf_show_specific_survey":0,"_uf_disable_surveys":false,"footnotes":""},"categories":[1,126],"tags":[],"class_list":["post-17698","post","type-post","status-publish","format-standard","has-post-thumbnail","hentry","category-agro","category-destacados"],"aioseo_notices":[],"aioseo_head":"\n\t\t<!-- All in One SEO 5.0.1.1 - aioseo.com -->\n\t<meta name=\"description\" content=\"Troca de postes, redu\u00e7\u00e3o do tempo de espera para religa\u00e7\u00e3o ap\u00f3s falta de energia el\u00e9trica, gera\u00e7\u00e3o de energia adequada \u00e0 necessidade do meio rural e poda de vegeta\u00e7\u00e3o est\u00e3o na pauta de reinvindica\u00e7\u00f5es que ser\u00e1 trada pelo presidente da Comiss\u00e3o de Defesa do Consumidor da Assembleia Legislativa, deputado estadual Elton Weber (PSB), com representantes da\" \/>\n\t<meta name=\"robots\" content=\"max-image-preview:large\" \/>\n\t<meta name=\"author\" content=\"Alejo Bordon\"\/>\n\t<link rel=\"canonical\" href=\"https:\/\/radiosul.net\/wp\/2021\/agricultor-reivindica-melhoria-de-servicos-prestados-por-concessionarias\/\" \/>\n\t<meta name=\"generator\" content=\"All in One SEO (AIOSEO) 5.0.1.1\" \/>\n\t\t<meta property=\"og:locale\" content=\"pt_BR\" \/>\n\t\t<meta property=\"og:site_name\" content=\"radiosul.net - Regional por Excel\u00eancia\" \/>\n\t\t<meta property=\"og:type\" content=\"article\" \/>\n\t\t<meta property=\"og:title\" content=\"Agricultor reivindica melhoria de servi\u00e7os prestados por concession\u00e1rias - radiosul.net\" \/>\n\t\t<meta property=\"og:description\" content=\"Troca de postes, redu\u00e7\u00e3o do tempo de espera para religa\u00e7\u00e3o ap\u00f3s falta de energia el\u00e9trica, gera\u00e7\u00e3o de energia adequada \u00e0 necessidade do meio rural e poda de vegeta\u00e7\u00e3o est\u00e3o na pauta de reinvindica\u00e7\u00f5es que ser\u00e1 trada pelo presidente da Comiss\u00e3o de Defesa do Consumidor da Assembleia Legislativa, deputado estadual Elton Weber (PSB), com representantes da\" \/>\n\t\t<meta property=\"og:url\" content=\"https:\/\/radiosul.net\/wp\/2021\/agricultor-reivindica-melhoria-de-servicos-prestados-por-concessionarias\/\" \/>\n\t\t<meta property=\"article:published_time\" content=\"2021-02-22T10:00:00+00:00\" \/>\n\t\t<meta property=\"article:modified_time\" content=\"2021-02-22T06:56:10+00:00\" \/>\n\t\t<meta name=\"twitter:card\" content=\"summary_large_image\" \/>\n\t\t<meta name=\"twitter:title\" content=\"Agricultor reivindica melhoria de servi\u00e7os prestados por concession\u00e1rias - radiosul.net\" \/>\n\t\t<meta name=\"twitter:description\" content=\"Troca de postes, redu\u00e7\u00e3o do tempo de espera para religa\u00e7\u00e3o ap\u00f3s falta de energia el\u00e9trica, gera\u00e7\u00e3o de energia adequada \u00e0 necessidade do meio rural e poda de vegeta\u00e7\u00e3o est\u00e3o na pauta de reinvindica\u00e7\u00f5es que ser\u00e1 trada pelo presidente da Comiss\u00e3o de Defesa do Consumidor da Assembleia Legislativa, deputado estadual Elton Weber (PSB), com representantes da\" \/>\n\t\t<script type=\"application\/ld+json\" class=\"aioseo-schema\">\n\t\t\t{\"@context\":\"https:\\\/\\\/schema.org\",\"@graph\":[{\"@type\":\"BlogPosting\",\"@id\":\"https:\\\/\\\/radiosul.net\\\/wp\\\/2021\\\/agricultor-reivindica-melhoria-de-servicos-prestados-por-concessionarias\\\/#blogposting\",\"name\":\"Agricultor reivindica melhoria de servi\\u00e7os prestados por concession\\u00e1rias - radiosul.net\",\"headline\":\"Agricultor reivindica melhoria de servi\\u00e7os prestados por concession\\u00e1rias\",\"author\":{\"@id\":\"https:\\\/\\\/radiosul.net\\\/wp\\\/author\\\/alejo\\\/#author\"},\"publisher\":{\"@id\":\"https:\\\/\\\/radiosul.net\\\/wp\\\/#organization\"},\"image\":{\"@type\":\"ImageObject\",\"url\":\"https:\\\/\\\/radiosul.net\\\/wp\\\/wp-content\\\/uploads\\\/2021\\\/02\\\/foto_de_energia_no_campo_creditos_fernando_c__vieira_grupo_ceee-1755927.jpg\",\"width\":800,\"height\":388,\"caption\":\"Foto: Fernando C. Vieira\\\/CEEE\\\/Divulga\\u00e7\\u00e3o\\\/JC\"},\"datePublished\":\"2021-02-22T07:00:00-03:00\",\"dateModified\":\"2021-02-22T03:56:10-03:00\",\"inLanguage\":\"pt-BR\",\"mainEntityOfPage\":{\"@id\":\"https:\\\/\\\/radiosul.net\\\/wp\\\/2021\\\/agricultor-reivindica-melhoria-de-servicos-prestados-por-concessionarias\\\/#webpage\"},\"isPartOf\":{\"@id\":\"https:\\\/\\\/radiosul.net\\\/wp\\\/2021\\\/agricultor-reivindica-melhoria-de-servicos-prestados-por-concessionarias\\\/#webpage\"},\"articleSection\":\"Agroneg\\u00f3cio, Destaque\"},{\"@type\":\"BreadcrumbList\",\"@id\":\"https:\\\/\\\/radiosul.net\\\/wp\\\/2021\\\/agricultor-reivindica-melhoria-de-servicos-prestados-por-concessionarias\\\/#breadcrumblist\",\"itemListElement\":[{\"@type\":\"ListItem\",\"@id\":\"https:\\\/\\\/radiosul.net\\\/wp#listItem\",\"position\":1,\"name\":\"Home\",\"item\":\"https:\\\/\\\/radiosul.net\\\/wp\",\"nextItem\":{\"@type\":\"ListItem\",\"@id\":\"https:\\\/\\\/radiosul.net\\\/wp\\\/category\\\/agro\\\/#listItem\",\"name\":\"Agroneg\\u00f3cio\"}},{\"@type\":\"ListItem\",\"@id\":\"https:\\\/\\\/radiosul.net\\\/wp\\\/category\\\/agro\\\/#listItem\",\"position\":2,\"name\":\"Agroneg\\u00f3cio\",\"item\":\"https:\\\/\\\/radiosul.net\\\/wp\\\/category\\\/agro\\\/\",\"nextItem\":{\"@type\":\"ListItem\",\"@id\":\"https:\\\/\\\/radiosul.net\\\/wp\\\/2021\\\/agricultor-reivindica-melhoria-de-servicos-prestados-por-concessionarias\\\/#listItem\",\"name\":\"Agricultor reivindica melhoria de servi\\u00e7os prestados por concession\\u00e1rias\"},\"previousItem\":{\"@type\":\"ListItem\",\"@id\":\"https:\\\/\\\/radiosul.net\\\/wp#listItem\",\"name\":\"Home\"}},{\"@type\":\"ListItem\",\"@id\":\"https:\\\/\\\/radiosul.net\\\/wp\\\/2021\\\/agricultor-reivindica-melhoria-de-servicos-prestados-por-concessionarias\\\/#listItem\",\"position\":3,\"name\":\"Agricultor reivindica melhoria de servi\\u00e7os prestados por concession\\u00e1rias\",\"previousItem\":{\"@type\":\"ListItem\",\"@id\":\"https:\\\/\\\/radiosul.net\\\/wp\\\/category\\\/agro\\\/#listItem\",\"name\":\"Agroneg\\u00f3cio\"}}]},{\"@type\":\"Organization\",\"@id\":\"https:\\\/\\\/radiosul.net\\\/wp\\\/#organization\",\"name\":\"radiosul.net\",\"description\":\"Regional por Excel\\u00eancia\",\"url\":\"https:\\\/\\\/radiosul.net\\\/wp\\\/\"},{\"@type\":\"Person\",\"@id\":\"https:\\\/\\\/radiosul.net\\\/wp\\\/author\\\/alejo\\\/#author\",\"url\":\"https:\\\/\\\/radiosul.net\\\/wp\\\/author\\\/alejo\\\/\",\"name\":\"Alejo Bordon\",\"image\":{\"@type\":\"ImageObject\",\"@id\":\"https:\\\/\\\/radiosul.net\\\/wp\\\/2021\\\/agricultor-reivindica-melhoria-de-servicos-prestados-por-concessionarias\\\/#authorImage\",\"url\":\"https:\\\/\\\/secure.gravatar.com\\\/avatar\\\/b3a7e7f1c71212e6a5b7183b79a2ab58dad8bdc4cd4eadd61c4434d010d0bae4?s=96&d=mm&r=g\",\"width\":96,\"height\":96,\"caption\":\"Alejo Bordon\"}},{\"@type\":\"WebPage\",\"@id\":\"https:\\\/\\\/radiosul.net\\\/wp\\\/2021\\\/agricultor-reivindica-melhoria-de-servicos-prestados-por-concessionarias\\\/#webpage\",\"url\":\"https:\\\/\\\/radiosul.net\\\/wp\\\/2021\\\/agricultor-reivindica-melhoria-de-servicos-prestados-por-concessionarias\\\/\",\"name\":\"Agricultor reivindica melhoria de servi\\u00e7os prestados por concession\\u00e1rias - radiosul.net\",\"description\":\"Troca de postes, redu\\u00e7\\u00e3o do tempo de espera para religa\\u00e7\\u00e3o ap\\u00f3s falta de energia el\\u00e9trica, gera\\u00e7\\u00e3o de energia adequada \\u00e0 necessidade do meio rural e poda de vegeta\\u00e7\\u00e3o est\\u00e3o na pauta de reinvindica\\u00e7\\u00f5es que ser\\u00e1 trada pelo presidente da Comiss\\u00e3o de Defesa do Consumidor da Assembleia Legislativa, deputado estadual Elton Weber (PSB), com representantes da\",\"inLanguage\":\"pt-BR\",\"isPartOf\":{\"@id\":\"https:\\\/\\\/radiosul.net\\\/wp\\\/#website\"},\"breadcrumb\":{\"@id\":\"https:\\\/\\\/radiosul.net\\\/wp\\\/2021\\\/agricultor-reivindica-melhoria-de-servicos-prestados-por-concessionarias\\\/#breadcrumblist\"},\"author\":{\"@id\":\"https:\\\/\\\/radiosul.net\\\/wp\\\/author\\\/alejo\\\/#author\"},\"creator\":{\"@id\":\"https:\\\/\\\/radiosul.net\\\/wp\\\/author\\\/alejo\\\/#author\"},\"image\":{\"@type\":\"ImageObject\",\"url\":\"https:\\\/\\\/radiosul.net\\\/wp\\\/wp-content\\\/uploads\\\/2021\\\/02\\\/foto_de_energia_no_campo_creditos_fernando_c__vieira_grupo_ceee-1755927.jpg\",\"@id\":\"https:\\\/\\\/radiosul.net\\\/wp\\\/2021\\\/agricultor-reivindica-melhoria-de-servicos-prestados-por-concessionarias\\\/#mainImage\",\"width\":800,\"height\":388,\"caption\":\"Foto: Fernando C. Vieira\\\/CEEE\\\/Divulga\\u00e7\\u00e3o\\\/JC\"},\"primaryImageOfPage\":{\"@id\":\"https:\\\/\\\/radiosul.net\\\/wp\\\/2021\\\/agricultor-reivindica-melhoria-de-servicos-prestados-por-concessionarias\\\/#mainImage\"},\"datePublished\":\"2021-02-22T07:00:00-03:00\",\"dateModified\":\"2021-02-22T03:56:10-03:00\"},{\"@type\":\"WebSite\",\"@id\":\"https:\\\/\\\/radiosul.net\\\/wp\\\/#website\",\"url\":\"https:\\\/\\\/radiosul.net\\\/wp\\\/\",\"name\":\"radiosul.net\",\"description\":\"Regional por Excel\\u00eancia\",\"inLanguage\":\"pt-BR\",\"publisher\":{\"@id\":\"https:\\\/\\\/radiosul.net\\\/wp\\\/#organization\"}}]}\n\t\t<\/script>\n\t\t<!-- All in One SEO -->\n\n","aioseo_head_json":{"title":"Agricultor reivindica melhoria de servi\u00e7os prestados por concession\u00e1rias - radiosul.net","description":"Troca de postes, redu\u00e7\u00e3o do tempo de espera para religa\u00e7\u00e3o ap\u00f3s falta de energia el\u00e9trica, gera\u00e7\u00e3o de energia adequada \u00e0 necessidade do meio rural e poda de vegeta\u00e7\u00e3o est\u00e3o na pauta de reinvindica\u00e7\u00f5es que ser\u00e1 trada pelo presidente da Comiss\u00e3o de Defesa do Consumidor da Assembleia Legislativa, deputado estadual Elton Weber (PSB), com representantes da","canonical_url":"https:\/\/radiosul.net\/wp\/2021\/agricultor-reivindica-melhoria-de-servicos-prestados-por-concessionarias\/","robots":"max-image-preview:large","keywords":"","webmasterTools":{"miscellaneous":""},"schema":{"@context":"https:\/\/schema.org","@graph":[{"@type":"BlogPosting","@id":"https:\/\/radiosul.net\/wp\/2021\/agricultor-reivindica-melhoria-de-servicos-prestados-por-concessionarias\/#blogposting","name":"Agricultor reivindica melhoria de servi\u00e7os prestados por concession\u00e1rias - radiosul.net","headline":"Agricultor reivindica melhoria de servi\u00e7os prestados por concession\u00e1rias","author":{"@id":"https:\/\/radiosul.net\/wp\/author\/alejo\/#author"},"publisher":{"@id":"https:\/\/radiosul.net\/wp\/#organization"},"image":{"@type":"ImageObject","url":"https:\/\/radiosul.net\/wp\/wp-content\/uploads\/2021\/02\/foto_de_energia_no_campo_creditos_fernando_c__vieira_grupo_ceee-1755927.jpg","width":800,"height":388,"caption":"Foto: Fernando C. Vieira\/CEEE\/Divulga\u00e7\u00e3o\/JC"},"datePublished":"2021-02-22T07:00:00-03:00","dateModified":"2021-02-22T03:56:10-03:00","inLanguage":"pt-BR","mainEntityOfPage":{"@id":"https:\/\/radiosul.net\/wp\/2021\/agricultor-reivindica-melhoria-de-servicos-prestados-por-concessionarias\/#webpage"},"isPartOf":{"@id":"https:\/\/radiosul.net\/wp\/2021\/agricultor-reivindica-melhoria-de-servicos-prestados-por-concessionarias\/#webpage"},"articleSection":"Agroneg\u00f3cio, Destaque"},{"@type":"BreadcrumbList","@id":"https:\/\/radiosul.net\/wp\/2021\/agricultor-reivindica-melhoria-de-servicos-prestados-por-concessionarias\/#breadcrumblist","itemListElement":[{"@type":"ListItem","@id":"https:\/\/radiosul.net\/wp#listItem","position":1,"name":"Home","item":"https:\/\/radiosul.net\/wp","nextItem":{"@type":"ListItem","@id":"https:\/\/radiosul.net\/wp\/category\/agro\/#listItem","name":"Agroneg\u00f3cio"}},{"@type":"ListItem","@id":"https:\/\/radiosul.net\/wp\/category\/agro\/#listItem","position":2,"name":"Agroneg\u00f3cio","item":"https:\/\/radiosul.net\/wp\/category\/agro\/","nextItem":{"@type":"ListItem","@id":"https:\/\/radiosul.net\/wp\/2021\/agricultor-reivindica-melhoria-de-servicos-prestados-por-concessionarias\/#listItem","name":"Agricultor reivindica melhoria de servi\u00e7os prestados por concession\u00e1rias"},"previousItem":{"@type":"ListItem","@id":"https:\/\/radiosul.net\/wp#listItem","name":"Home"}},{"@type":"ListItem","@id":"https:\/\/radiosul.net\/wp\/2021\/agricultor-reivindica-melhoria-de-servicos-prestados-por-concessionarias\/#listItem","position":3,"name":"Agricultor reivindica melhoria de servi\u00e7os prestados por concession\u00e1rias","previousItem":{"@type":"ListItem","@id":"https:\/\/radiosul.net\/wp\/category\/agro\/#listItem","name":"Agroneg\u00f3cio"}}]},{"@type":"Organization","@id":"https:\/\/radiosul.net\/wp\/#organization","name":"radiosul.net","description":"Regional por Excel\u00eancia","url":"https:\/\/radiosul.net\/wp\/"},{"@type":"Person","@id":"https:\/\/radiosul.net\/wp\/author\/alejo\/#author","url":"https:\/\/radiosul.net\/wp\/author\/alejo\/","name":"Alejo Bordon","image":{"@type":"ImageObject","@id":"https:\/\/radiosul.net\/wp\/2021\/agricultor-reivindica-melhoria-de-servicos-prestados-por-concessionarias\/#authorImage","url":"https:\/\/secure.gravatar.com\/avatar\/b3a7e7f1c71212e6a5b7183b79a2ab58dad8bdc4cd4eadd61c4434d010d0bae4?s=96&d=mm&r=g","width":96,"height":96,"caption":"Alejo Bordon"}},{"@type":"WebPage","@id":"https:\/\/radiosul.net\/wp\/2021\/agricultor-reivindica-melhoria-de-servicos-prestados-por-concessionarias\/#webpage","url":"https:\/\/radiosul.net\/wp\/2021\/agricultor-reivindica-melhoria-de-servicos-prestados-por-concessionarias\/","name":"Agricultor reivindica melhoria de servi\u00e7os prestados por concession\u00e1rias - radiosul.net","description":"Troca de postes, redu\u00e7\u00e3o do tempo de espera para religa\u00e7\u00e3o ap\u00f3s falta de energia el\u00e9trica, gera\u00e7\u00e3o de energia adequada \u00e0 necessidade do meio rural e poda de vegeta\u00e7\u00e3o est\u00e3o na pauta de reinvindica\u00e7\u00f5es que ser\u00e1 trada pelo presidente da Comiss\u00e3o de Defesa do Consumidor da Assembleia Legislativa, deputado estadual Elton Weber (PSB), com representantes da","inLanguage":"pt-BR","isPartOf":{"@id":"https:\/\/radiosul.net\/wp\/#website"},"breadcrumb":{"@id":"https:\/\/radiosul.net\/wp\/2021\/agricultor-reivindica-melhoria-de-servicos-prestados-por-concessionarias\/#breadcrumblist"},"author":{"@id":"https:\/\/radiosul.net\/wp\/author\/alejo\/#author"},"creator":{"@id":"https:\/\/radiosul.net\/wp\/author\/alejo\/#author"},"image":{"@type":"ImageObject","url":"https:\/\/radiosul.net\/wp\/wp-content\/uploads\/2021\/02\/foto_de_energia_no_campo_creditos_fernando_c__vieira_grupo_ceee-1755927.jpg","@id":"https:\/\/radiosul.net\/wp\/2021\/agricultor-reivindica-melhoria-de-servicos-prestados-por-concessionarias\/#mainImage","width":800,"height":388,"caption":"Foto: Fernando C. Vieira\/CEEE\/Divulga\u00e7\u00e3o\/JC"},"primaryImageOfPage":{"@id":"https:\/\/radiosul.net\/wp\/2021\/agricultor-reivindica-melhoria-de-servicos-prestados-por-concessionarias\/#mainImage"},"datePublished":"2021-02-22T07:00:00-03:00","dateModified":"2021-02-22T03:56:10-03:00"},{"@type":"WebSite","@id":"https:\/\/radiosul.net\/wp\/#website","url":"https:\/\/radiosul.net\/wp\/","name":"radiosul.net","description":"Regional por Excel\u00eancia","inLanguage":"pt-BR","publisher":{"@id":"https:\/\/radiosul.net\/wp\/#organization"}}]},"og:locale":"pt_BR","og:site_name":"radiosul.net - Regional por Excel\u00eancia","og:type":"article","og:title":"Agricultor reivindica melhoria de servi\u00e7os prestados por concession\u00e1rias - radiosul.net","og:description":"Troca de postes, redu\u00e7\u00e3o do tempo de espera para religa\u00e7\u00e3o ap\u00f3s falta de energia el\u00e9trica, gera\u00e7\u00e3o de energia adequada \u00e0 necessidade do meio rural e poda de vegeta\u00e7\u00e3o est\u00e3o na pauta de reinvindica\u00e7\u00f5es que ser\u00e1 trada pelo presidente da Comiss\u00e3o de Defesa do Consumidor da Assembleia Legislativa, deputado estadual Elton Weber (PSB), com representantes da","og:url":"https:\/\/radiosul.net\/wp\/2021\/agricultor-reivindica-melhoria-de-servicos-prestados-por-concessionarias\/","article:published_time":"2021-02-22T10:00:00+00:00","article:modified_time":"2021-02-22T06:56:10+00:00","twitter:card":"summary_large_image","twitter:title":"Agricultor reivindica melhoria de servi\u00e7os prestados por concession\u00e1rias - radiosul.net","twitter:description":"Troca de postes, redu\u00e7\u00e3o do tempo de espera para religa\u00e7\u00e3o ap\u00f3s falta de energia el\u00e9trica, gera\u00e7\u00e3o de energia adequada \u00e0 necessidade do meio rural e poda de vegeta\u00e7\u00e3o est\u00e3o na pauta de reinvindica\u00e7\u00f5es que ser\u00e1 trada pelo presidente da Comiss\u00e3o de Defesa do Consumidor da Assembleia Legislativa, deputado estadual Elton Weber (PSB), com representantes da"},"aioseo_meta_data":{"post_id":"17698","title":null,"description":null,"keywords":null,"keyphrases":null,"primary_term":null,"canonical_url":null,"og_title":null,"og_description":null,"og_object_type":"default","og_image_type":"default","og_image_url":null,"og_image_width":null,"og_image_height":null,"og_image_custom_url":null,"og_image_custom_fields":null,"og_video":null,"og_custom_url":null,"og_article_section":null,"og_article_tags":null,"twitter_use_og":false,"twitter_card":"default","twitter_image_type":"default","twitter_image_url":null,"twitter_image_custom_url":null,"twitter_image_custom_fields":null,"twitter_title":null,"twitter_description":null,"schema":{"blockGraphs":[],"customGraphs":[],"default":{"data":{"Article":[],"Course":[],"Dataset":[],"FAQPage":[],"Movie":[],"Person":[],"Product":[],"ProductReview":[],"Car":[],"Recipe":[],"Service":[],"SoftwareApplication":[],"WebPage":[]},"graphName":"","isEnabled":true},"graphs":[]},"schema_type":"default","schema_type_options":null,"pillar_content":false,"robots_default":true,"robots_noindex":false,"robots_noarchive":false,"robots_nosnippet":false,"robots_nofollow":false,"robots_noimageindex":false,"robots_noodp":false,"robots_notranslate":false,"robots_max_snippet":null,"robots_max_videopreview":null,"robots_max_imagepreview":"large","priority":null,"frequency":null,"local_seo":null,"breadcrumb_settings":null,"limit_modified_date":false,"ai":null,"created":"2026-01-09 01:30:00","updated":"2026-01-09 01:30:00","seo_analyzer_scan_date":null,"focus_keyword":null,"additional_keywords":null,"truseo_locale":null},"aioseo_breadcrumb":"<div class=\"aioseo-breadcrumbs\"><span class=\"aioseo-breadcrumb\">\n\t\t\t<a href=\"https:\/\/radiosul.net\/wp\" title=\"Home\">Home<\/a>\n\t\t<\/span><span class=\"aioseo-breadcrumb-separator\">&raquo;<\/span><span class=\"aioseo-breadcrumb\">\n\t\t\t<a href=\"https:\/\/radiosul.net\/wp\/category\/agro\/\" title=\"Agroneg\u00f3cio\">Agroneg\u00f3cio<\/a>\n\t\t<\/span><span class=\"aioseo-breadcrumb-separator\">&raquo;<\/span><span class=\"aioseo-breadcrumb\">\n\t\t\tAgricultor reivindica melhoria de servi\u00e7os prestados por concession\u00e1rias\n\t\t<\/span><\/div>","aioseo_breadcrumb_json":[{"label":"Home","link":"https:\/\/radiosul.net\/wp"},{"label":"Agroneg\u00f3cio","link":"https:\/\/radiosul.net\/wp\/category\/agro\/"},{"label":"Agricultor reivindica melhoria de servi\u00e7os prestados por concession\u00e1rias","link":"https:\/\/radiosul.net\/wp\/2021\/agricultor-reivindica-melhoria-de-servicos-prestados-por-concessionarias\/"}],"_links":{"self":[{"href":"https:\/\/radiosul.net\/wp\/wp-json\/wp\/v2\/posts\/17698","targetHints":{"allow":["GET"]}}],"collection":[{"href":"https:\/\/radiosul.net\/wp\/wp-json\/wp\/v2\/posts"}],"about":[{"href":"https:\/\/radiosul.net\/wp\/wp-json\/wp\/v2\/types\/post"}],"author":[{"embeddable":true,"href":"https:\/\/radiosul.net\/wp\/wp-json\/wp\/v2\/users\/9"}],"replies":[{"embeddable":true,"href":"https:\/\/radiosul.net\/wp\/wp-json\/wp\/v2\/comments?post=17698"}],"version-history":[{"count":1,"href":"https:\/\/radiosul.net\/wp\/wp-json\/wp\/v2\/posts\/17698\/revisions"}],"predecessor-version":[{"id":17702,"href":"https:\/\/radiosul.net\/wp\/wp-json\/wp\/v2\/posts\/17698\/revisions\/17702"}],"wp:featuredmedia":[{"embeddable":true,"href":"https:\/\/radiosul.net\/wp\/wp-json\/wp\/v2\/media\/17700"}],"wp:attachment":[{"href":"https:\/\/radiosul.net\/wp\/wp-json\/wp\/v2\/media?parent=17698"}],"wp:term":[{"taxonomy":"category","embeddable":true,"href":"https:\/\/radiosul.net\/wp\/wp-json\/wp\/v2\/categories?post=17698"},{"taxonomy":"post_tag","embeddable":true,"href":"https:\/\/radiosul.net\/wp\/wp-json\/wp\/v2\/tags?post=17698"}],"curies":[{"name":"wp","href":"https:\/\/api.w.org\/{rel}","templated":true}]}}