{"id":17595,"date":"2021-02-09T08:13:17","date_gmt":"2021-02-09T11:13:17","guid":{"rendered":"https:\/\/radiosul.net\/wp\/?p=17595"},"modified":"2021-02-09T08:13:19","modified_gmt":"2021-02-09T11:13:19","slug":"safra-de-camarao-na-bacia-do-rio-tramandai-comeca-no-dia-15-de-fevereiro","status":"publish","type":"post","link":"https:\/\/radiosul.net\/wp\/2021\/safra-de-camarao-na-bacia-do-rio-tramandai-comeca-no-dia-15-de-fevereiro\/","title":{"rendered":"Safra de camar\u00e3o na bacia do Rio Tramanda\u00ed come\u00e7a no dia 15 de fevereiro"},"content":{"rendered":"\n<p class=\"wp-block-paragraph\">A temporada de pesca de camar\u00e3o na Bacia Hidrogr\u00e1fica do Rio Tramanda\u00ed ser\u00e1 entre 15 de fevereiro e 21 de junho de 2021. As datas foram estabelecidas na Portaria n\u00ba 35, da Secretaria de Aquicultura e Pesca do Minist\u00e9rio da Agricultura, Pecu\u00e1ria e Abastecimento (SAP\/Mapa), publicada nesta segunda-feira (8) no Di\u00e1rio Oficial da Uni\u00e3o.<\/p>\n\n\n\n<p class=\"wp-block-paragraph\">A pesca de camar\u00e3o na bacia do Rio Tramanda\u00ed \u00e9 uma das atividades de elevada import\u00e2ncia socioecon\u00f4mica, movimentando a economia local, por meio da gera\u00e7\u00e3o de renda e emprego na cadeia produtiva desse produto.<\/p>\n\n\n\n<p class=\"wp-block-paragraph\">A defini\u00e7\u00e3o foi feita atendendo aos aspectos econ\u00f4mico, social e ambiental da atividade, uma vez que se embasou por meio do defeso monitorado, o que significa que a pesca do camar\u00e3o nessa regi\u00e3o \u00e9 liberada apenas quando o crust\u00e1ceo chega ao tamanho m\u00ednimo de captura definido em legisla\u00e7\u00e3o, 90 mil\u00edmetros. Isso se deve \u00e0s variantes que os organismos aqu\u00e1ticos s\u00e3o submetidos, como temperatura e salinidade da \u00e1gua que influenciam diretamente em seu crescimento e \u00e1rea de ocorr\u00eancia.<\/p>\n\n\n\n<p class=\"wp-block-paragraph\">A medida foi subsidiada cientificamente pelo Centro de Estudos Costeiros, Limnol\u00f3gicos e Marinhos (Ceclimar), com o apoio do Sindicato de Pesca de Tramanda\u00ed, que tem expertise para discuss\u00e3o t\u00e9cnica local, com especialistas na pesquisa das esp\u00e9cies.<\/p>\n\n\n\n<p class=\"wp-block-paragraph\">A coordenadora de Ordenamento e Desenvolvimento da Pesca Marinha da SAP, Sandra Silvestre, explica que anteriormente o per\u00edodo de defeso do camar\u00e3o era definido pelo Instituto Brasileiro do Meio Ambiente e dos Recursos Naturais Renov\u00e1veis (Ibama). Por\u00e9m, devido \u00e0s novas atribui\u00e7\u00f5es do Instituto e da SAP, agora a Secretaria \u00e9 a respons\u00e1vel por definir as regras de gest\u00e3o da atividade de pesca no Pa\u00eds.<\/p>\n\n\n\n<p class=\"wp-block-paragraph\">&#8220;A gest\u00e3o da pesca passa por um processo de revis\u00e3o de seus per\u00edodos de atividade e defesos &#8216;proibi\u00e7\u00e3o de captura&#8217;, com total aten\u00e7\u00e3o \u00e0s esp\u00e9cies que s\u00e3o impactadas pelas quest\u00f5es clim\u00e1ticas, a exemplo dos camar\u00f5es, buscando a sustentabilidade socioecon\u00f4mica e biol\u00f3gica dos recursos. Dessa forma, a medida atende a sociedade e o meio ambiente&#8221;, ressalta a coordenadora.<\/p>\n\n\n\n<p class=\"wp-block-paragraph\"><strong><em>Fonte: Jornal do Com\u00e9rcio<\/em><\/strong><\/p>\n","protected":false},"excerpt":{"rendered":"<p>A temporada de pesca de camar\u00e3o na Bacia Hidrogr\u00e1fica do Rio Tramanda\u00ed ser\u00e1 entre 15 de fevereiro e 21 de junho de 2021. As datas foram estabelecidas na Portaria n\u00ba 35, da Secretaria de Aquicultura e Pesca do Minist\u00e9rio da Agricultura, Pecu\u00e1ria e Abastecimento (SAP\/Mapa), publicada nesta segunda-feira (8) no Di\u00e1rio Oficial da Uni\u00e3o. A &hellip;<\/p>\n","protected":false},"author":9,"featured_media":17589,"comment_status":"closed","ping_status":"closed","sticky":false,"template":"","format":"standard","meta":{"_monsterinsights_skip_tracking":false,"_uf_show_specific_survey":0,"_uf_disable_surveys":false,"footnotes":""},"categories":[1,126],"tags":[],"class_list":["post-17595","post","type-post","status-publish","format-standard","has-post-thumbnail","hentry","category-agro","category-destacados"],"aioseo_notices":[],"aioseo_head":"\n\t\t<!-- All in One SEO 5.0.1.1 - aioseo.com -->\n\t<meta name=\"description\" content=\"A temporada de pesca de camar\u00e3o na Bacia Hidrogr\u00e1fica do Rio Tramanda\u00ed ser\u00e1 entre 15 de fevereiro e 21 de junho de 2021. As datas foram estabelecidas na Portaria n\u00ba 35, da Secretaria de Aquicultura e Pesca do Minist\u00e9rio da Agricultura, Pecu\u00e1ria e Abastecimento (SAP\/Mapa), publicada nesta segunda-feira (8) no Di\u00e1rio Oficial da Uni\u00e3o. A\" \/>\n\t<meta name=\"robots\" content=\"max-image-preview:large\" \/>\n\t<meta name=\"author\" content=\"Alejo Bordon\"\/>\n\t<link rel=\"canonical\" href=\"https:\/\/radiosul.net\/wp\/2021\/safra-de-camarao-na-bacia-do-rio-tramandai-comeca-no-dia-15-de-fevereiro\/\" \/>\n\t<meta name=\"generator\" content=\"All in One SEO (AIOSEO) 5.0.1.1\" \/>\n\t\t<meta property=\"og:locale\" content=\"pt_BR\" \/>\n\t\t<meta property=\"og:site_name\" content=\"radiosul.net - Regional por Excel\u00eancia\" \/>\n\t\t<meta property=\"og:type\" content=\"article\" \/>\n\t\t<meta property=\"og:title\" content=\"Safra de camar\u00e3o na bacia do Rio Tramanda\u00ed come\u00e7a no dia 15 de fevereiro - radiosul.net\" \/>\n\t\t<meta property=\"og:description\" content=\"A temporada de pesca de camar\u00e3o na Bacia Hidrogr\u00e1fica do Rio Tramanda\u00ed ser\u00e1 entre 15 de fevereiro e 21 de junho de 2021. As datas foram estabelecidas na Portaria n\u00ba 35, da Secretaria de Aquicultura e Pesca do Minist\u00e9rio da Agricultura, Pecu\u00e1ria e Abastecimento (SAP\/Mapa), publicada nesta segunda-feira (8) no Di\u00e1rio Oficial da Uni\u00e3o. A\" \/>\n\t\t<meta property=\"og:url\" content=\"https:\/\/radiosul.net\/wp\/2021\/safra-de-camarao-na-bacia-do-rio-tramandai-comeca-no-dia-15-de-fevereiro\/\" \/>\n\t\t<meta property=\"article:published_time\" content=\"2021-02-09T11:13:17+00:00\" \/>\n\t\t<meta property=\"article:modified_time\" content=\"2021-02-09T11:13:19+00:00\" \/>\n\t\t<meta name=\"twitter:card\" content=\"summary_large_image\" \/>\n\t\t<meta name=\"twitter:title\" content=\"Safra de camar\u00e3o na bacia do Rio Tramanda\u00ed come\u00e7a no dia 15 de fevereiro - radiosul.net\" \/>\n\t\t<meta name=\"twitter:description\" content=\"A temporada de pesca de camar\u00e3o na Bacia Hidrogr\u00e1fica do Rio Tramanda\u00ed ser\u00e1 entre 15 de fevereiro e 21 de junho de 2021. As datas foram estabelecidas na Portaria n\u00ba 35, da Secretaria de Aquicultura e Pesca do Minist\u00e9rio da Agricultura, Pecu\u00e1ria e Abastecimento (SAP\/Mapa), publicada nesta segunda-feira (8) no Di\u00e1rio Oficial da Uni\u00e3o. A\" \/>\n\t\t<script type=\"application\/ld+json\" class=\"aioseo-schema\">\n\t\t\t{\"@context\":\"https:\\\/\\\/schema.org\",\"@graph\":[{\"@type\":\"BlogPosting\",\"@id\":\"https:\\\/\\\/radiosul.net\\\/wp\\\/2021\\\/safra-de-camarao-na-bacia-do-rio-tramandai-comeca-no-dia-15-de-fevereiro\\\/#blogposting\",\"name\":\"Safra de camar\\u00e3o na bacia do Rio Tramanda\\u00ed come\\u00e7a no dia 15 de fevereiro - radiosul.net\",\"headline\":\"Safra de camar\\u00e3o na bacia do Rio Tramanda\\u00ed come\\u00e7a no dia 15 de fevereiro\",\"author\":{\"@id\":\"https:\\\/\\\/radiosul.net\\\/wp\\\/author\\\/alejo\\\/#author\"},\"publisher\":{\"@id\":\"https:\\\/\\\/radiosul.net\\\/wp\\\/#organization\"},\"image\":{\"@type\":\"ImageObject\",\"url\":\"https:\\\/\\\/radiosul.net\\\/wp\\\/wp-content\\\/uploads\\\/2021\\\/02\\\/cd_240217_peixe_camarao_019-1480397.jpg\",\"width\":800,\"height\":533,\"caption\":\"Foto: Claiton Dornelles\\\/JC\"},\"datePublished\":\"2021-02-09T08:13:17-03:00\",\"dateModified\":\"2021-02-09T08:13:19-03:00\",\"inLanguage\":\"pt-BR\",\"mainEntityOfPage\":{\"@id\":\"https:\\\/\\\/radiosul.net\\\/wp\\\/2021\\\/safra-de-camarao-na-bacia-do-rio-tramandai-comeca-no-dia-15-de-fevereiro\\\/#webpage\"},\"isPartOf\":{\"@id\":\"https:\\\/\\\/radiosul.net\\\/wp\\\/2021\\\/safra-de-camarao-na-bacia-do-rio-tramandai-comeca-no-dia-15-de-fevereiro\\\/#webpage\"},\"articleSection\":\"Agroneg\\u00f3cio, Destaque\"},{\"@type\":\"BreadcrumbList\",\"@id\":\"https:\\\/\\\/radiosul.net\\\/wp\\\/2021\\\/safra-de-camarao-na-bacia-do-rio-tramandai-comeca-no-dia-15-de-fevereiro\\\/#breadcrumblist\",\"itemListElement\":[{\"@type\":\"ListItem\",\"@id\":\"https:\\\/\\\/radiosul.net\\\/wp#listItem\",\"position\":1,\"name\":\"Home\",\"item\":\"https:\\\/\\\/radiosul.net\\\/wp\",\"nextItem\":{\"@type\":\"ListItem\",\"@id\":\"https:\\\/\\\/radiosul.net\\\/wp\\\/category\\\/agro\\\/#listItem\",\"name\":\"Agroneg\\u00f3cio\"}},{\"@type\":\"ListItem\",\"@id\":\"https:\\\/\\\/radiosul.net\\\/wp\\\/category\\\/agro\\\/#listItem\",\"position\":2,\"name\":\"Agroneg\\u00f3cio\",\"item\":\"https:\\\/\\\/radiosul.net\\\/wp\\\/category\\\/agro\\\/\",\"nextItem\":{\"@type\":\"ListItem\",\"@id\":\"https:\\\/\\\/radiosul.net\\\/wp\\\/2021\\\/safra-de-camarao-na-bacia-do-rio-tramandai-comeca-no-dia-15-de-fevereiro\\\/#listItem\",\"name\":\"Safra de camar\\u00e3o na bacia do Rio Tramanda\\u00ed come\\u00e7a no dia 15 de fevereiro\"},\"previousItem\":{\"@type\":\"ListItem\",\"@id\":\"https:\\\/\\\/radiosul.net\\\/wp#listItem\",\"name\":\"Home\"}},{\"@type\":\"ListItem\",\"@id\":\"https:\\\/\\\/radiosul.net\\\/wp\\\/2021\\\/safra-de-camarao-na-bacia-do-rio-tramandai-comeca-no-dia-15-de-fevereiro\\\/#listItem\",\"position\":3,\"name\":\"Safra de camar\\u00e3o na bacia do Rio Tramanda\\u00ed come\\u00e7a no dia 15 de fevereiro\",\"previousItem\":{\"@type\":\"ListItem\",\"@id\":\"https:\\\/\\\/radiosul.net\\\/wp\\\/category\\\/agro\\\/#listItem\",\"name\":\"Agroneg\\u00f3cio\"}}]},{\"@type\":\"Organization\",\"@id\":\"https:\\\/\\\/radiosul.net\\\/wp\\\/#organization\",\"name\":\"radiosul.net\",\"description\":\"Regional por Excel\\u00eancia\",\"url\":\"https:\\\/\\\/radiosul.net\\\/wp\\\/\"},{\"@type\":\"Person\",\"@id\":\"https:\\\/\\\/radiosul.net\\\/wp\\\/author\\\/alejo\\\/#author\",\"url\":\"https:\\\/\\\/radiosul.net\\\/wp\\\/author\\\/alejo\\\/\",\"name\":\"Alejo Bordon\",\"image\":{\"@type\":\"ImageObject\",\"@id\":\"https:\\\/\\\/radiosul.net\\\/wp\\\/2021\\\/safra-de-camarao-na-bacia-do-rio-tramandai-comeca-no-dia-15-de-fevereiro\\\/#authorImage\",\"url\":\"https:\\\/\\\/secure.gravatar.com\\\/avatar\\\/b3a7e7f1c71212e6a5b7183b79a2ab58dad8bdc4cd4eadd61c4434d010d0bae4?s=96&d=mm&r=g\",\"width\":96,\"height\":96,\"caption\":\"Alejo Bordon\"}},{\"@type\":\"WebPage\",\"@id\":\"https:\\\/\\\/radiosul.net\\\/wp\\\/2021\\\/safra-de-camarao-na-bacia-do-rio-tramandai-comeca-no-dia-15-de-fevereiro\\\/#webpage\",\"url\":\"https:\\\/\\\/radiosul.net\\\/wp\\\/2021\\\/safra-de-camarao-na-bacia-do-rio-tramandai-comeca-no-dia-15-de-fevereiro\\\/\",\"name\":\"Safra de camar\\u00e3o na bacia do Rio Tramanda\\u00ed come\\u00e7a no dia 15 de fevereiro - radiosul.net\",\"description\":\"A temporada de pesca de camar\\u00e3o na Bacia Hidrogr\\u00e1fica do Rio Tramanda\\u00ed ser\\u00e1 entre 15 de fevereiro e 21 de junho de 2021. As datas foram estabelecidas na Portaria n\\u00ba 35, da Secretaria de Aquicultura e Pesca do Minist\\u00e9rio da Agricultura, Pecu\\u00e1ria e Abastecimento (SAP\\\/Mapa), publicada nesta segunda-feira (8) no Di\\u00e1rio Oficial da Uni\\u00e3o. A\",\"inLanguage\":\"pt-BR\",\"isPartOf\":{\"@id\":\"https:\\\/\\\/radiosul.net\\\/wp\\\/#website\"},\"breadcrumb\":{\"@id\":\"https:\\\/\\\/radiosul.net\\\/wp\\\/2021\\\/safra-de-camarao-na-bacia-do-rio-tramandai-comeca-no-dia-15-de-fevereiro\\\/#breadcrumblist\"},\"author\":{\"@id\":\"https:\\\/\\\/radiosul.net\\\/wp\\\/author\\\/alejo\\\/#author\"},\"creator\":{\"@id\":\"https:\\\/\\\/radiosul.net\\\/wp\\\/author\\\/alejo\\\/#author\"},\"image\":{\"@type\":\"ImageObject\",\"url\":\"https:\\\/\\\/radiosul.net\\\/wp\\\/wp-content\\\/uploads\\\/2021\\\/02\\\/cd_240217_peixe_camarao_019-1480397.jpg\",\"@id\":\"https:\\\/\\\/radiosul.net\\\/wp\\\/2021\\\/safra-de-camarao-na-bacia-do-rio-tramandai-comeca-no-dia-15-de-fevereiro\\\/#mainImage\",\"width\":800,\"height\":533,\"caption\":\"Foto: Claiton Dornelles\\\/JC\"},\"primaryImageOfPage\":{\"@id\":\"https:\\\/\\\/radiosul.net\\\/wp\\\/2021\\\/safra-de-camarao-na-bacia-do-rio-tramandai-comeca-no-dia-15-de-fevereiro\\\/#mainImage\"},\"datePublished\":\"2021-02-09T08:13:17-03:00\",\"dateModified\":\"2021-02-09T08:13:19-03:00\"},{\"@type\":\"WebSite\",\"@id\":\"https:\\\/\\\/radiosul.net\\\/wp\\\/#website\",\"url\":\"https:\\\/\\\/radiosul.net\\\/wp\\\/\",\"name\":\"radiosul.net\",\"description\":\"Regional por Excel\\u00eancia\",\"inLanguage\":\"pt-BR\",\"publisher\":{\"@id\":\"https:\\\/\\\/radiosul.net\\\/wp\\\/#organization\"}}]}\n\t\t<\/script>\n\t\t<!-- All in One SEO -->\n\n","aioseo_head_json":{"title":"Safra de camar\u00e3o na bacia do Rio Tramanda\u00ed come\u00e7a no dia 15 de fevereiro - radiosul.net","description":"A temporada de pesca de camar\u00e3o na Bacia Hidrogr\u00e1fica do Rio Tramanda\u00ed ser\u00e1 entre 15 de fevereiro e 21 de junho de 2021. As datas foram estabelecidas na Portaria n\u00ba 35, da Secretaria de Aquicultura e Pesca do Minist\u00e9rio da Agricultura, Pecu\u00e1ria e Abastecimento (SAP\/Mapa), publicada nesta segunda-feira (8) no Di\u00e1rio Oficial da Uni\u00e3o. A","canonical_url":"https:\/\/radiosul.net\/wp\/2021\/safra-de-camarao-na-bacia-do-rio-tramandai-comeca-no-dia-15-de-fevereiro\/","robots":"max-image-preview:large","keywords":"","webmasterTools":{"miscellaneous":""},"schema":{"@context":"https:\/\/schema.org","@graph":[{"@type":"BlogPosting","@id":"https:\/\/radiosul.net\/wp\/2021\/safra-de-camarao-na-bacia-do-rio-tramandai-comeca-no-dia-15-de-fevereiro\/#blogposting","name":"Safra de camar\u00e3o na bacia do Rio Tramanda\u00ed come\u00e7a no dia 15 de fevereiro - radiosul.net","headline":"Safra de camar\u00e3o na bacia do Rio Tramanda\u00ed come\u00e7a no dia 15 de fevereiro","author":{"@id":"https:\/\/radiosul.net\/wp\/author\/alejo\/#author"},"publisher":{"@id":"https:\/\/radiosul.net\/wp\/#organization"},"image":{"@type":"ImageObject","url":"https:\/\/radiosul.net\/wp\/wp-content\/uploads\/2021\/02\/cd_240217_peixe_camarao_019-1480397.jpg","width":800,"height":533,"caption":"Foto: Claiton Dornelles\/JC"},"datePublished":"2021-02-09T08:13:17-03:00","dateModified":"2021-02-09T08:13:19-03:00","inLanguage":"pt-BR","mainEntityOfPage":{"@id":"https:\/\/radiosul.net\/wp\/2021\/safra-de-camarao-na-bacia-do-rio-tramandai-comeca-no-dia-15-de-fevereiro\/#webpage"},"isPartOf":{"@id":"https:\/\/radiosul.net\/wp\/2021\/safra-de-camarao-na-bacia-do-rio-tramandai-comeca-no-dia-15-de-fevereiro\/#webpage"},"articleSection":"Agroneg\u00f3cio, Destaque"},{"@type":"BreadcrumbList","@id":"https:\/\/radiosul.net\/wp\/2021\/safra-de-camarao-na-bacia-do-rio-tramandai-comeca-no-dia-15-de-fevereiro\/#breadcrumblist","itemListElement":[{"@type":"ListItem","@id":"https:\/\/radiosul.net\/wp#listItem","position":1,"name":"Home","item":"https:\/\/radiosul.net\/wp","nextItem":{"@type":"ListItem","@id":"https:\/\/radiosul.net\/wp\/category\/agro\/#listItem","name":"Agroneg\u00f3cio"}},{"@type":"ListItem","@id":"https:\/\/radiosul.net\/wp\/category\/agro\/#listItem","position":2,"name":"Agroneg\u00f3cio","item":"https:\/\/radiosul.net\/wp\/category\/agro\/","nextItem":{"@type":"ListItem","@id":"https:\/\/radiosul.net\/wp\/2021\/safra-de-camarao-na-bacia-do-rio-tramandai-comeca-no-dia-15-de-fevereiro\/#listItem","name":"Safra de camar\u00e3o na bacia do Rio Tramanda\u00ed come\u00e7a no dia 15 de fevereiro"},"previousItem":{"@type":"ListItem","@id":"https:\/\/radiosul.net\/wp#listItem","name":"Home"}},{"@type":"ListItem","@id":"https:\/\/radiosul.net\/wp\/2021\/safra-de-camarao-na-bacia-do-rio-tramandai-comeca-no-dia-15-de-fevereiro\/#listItem","position":3,"name":"Safra de camar\u00e3o na bacia do Rio Tramanda\u00ed come\u00e7a no dia 15 de fevereiro","previousItem":{"@type":"ListItem","@id":"https:\/\/radiosul.net\/wp\/category\/agro\/#listItem","name":"Agroneg\u00f3cio"}}]},{"@type":"Organization","@id":"https:\/\/radiosul.net\/wp\/#organization","name":"radiosul.net","description":"Regional por Excel\u00eancia","url":"https:\/\/radiosul.net\/wp\/"},{"@type":"Person","@id":"https:\/\/radiosul.net\/wp\/author\/alejo\/#author","url":"https:\/\/radiosul.net\/wp\/author\/alejo\/","name":"Alejo Bordon","image":{"@type":"ImageObject","@id":"https:\/\/radiosul.net\/wp\/2021\/safra-de-camarao-na-bacia-do-rio-tramandai-comeca-no-dia-15-de-fevereiro\/#authorImage","url":"https:\/\/secure.gravatar.com\/avatar\/b3a7e7f1c71212e6a5b7183b79a2ab58dad8bdc4cd4eadd61c4434d010d0bae4?s=96&d=mm&r=g","width":96,"height":96,"caption":"Alejo Bordon"}},{"@type":"WebPage","@id":"https:\/\/radiosul.net\/wp\/2021\/safra-de-camarao-na-bacia-do-rio-tramandai-comeca-no-dia-15-de-fevereiro\/#webpage","url":"https:\/\/radiosul.net\/wp\/2021\/safra-de-camarao-na-bacia-do-rio-tramandai-comeca-no-dia-15-de-fevereiro\/","name":"Safra de camar\u00e3o na bacia do Rio Tramanda\u00ed come\u00e7a no dia 15 de fevereiro - radiosul.net","description":"A temporada de pesca de camar\u00e3o na Bacia Hidrogr\u00e1fica do Rio Tramanda\u00ed ser\u00e1 entre 15 de fevereiro e 21 de junho de 2021. As datas foram estabelecidas na Portaria n\u00ba 35, da Secretaria de Aquicultura e Pesca do Minist\u00e9rio da Agricultura, Pecu\u00e1ria e Abastecimento (SAP\/Mapa), publicada nesta segunda-feira (8) no Di\u00e1rio Oficial da Uni\u00e3o. A","inLanguage":"pt-BR","isPartOf":{"@id":"https:\/\/radiosul.net\/wp\/#website"},"breadcrumb":{"@id":"https:\/\/radiosul.net\/wp\/2021\/safra-de-camarao-na-bacia-do-rio-tramandai-comeca-no-dia-15-de-fevereiro\/#breadcrumblist"},"author":{"@id":"https:\/\/radiosul.net\/wp\/author\/alejo\/#author"},"creator":{"@id":"https:\/\/radiosul.net\/wp\/author\/alejo\/#author"},"image":{"@type":"ImageObject","url":"https:\/\/radiosul.net\/wp\/wp-content\/uploads\/2021\/02\/cd_240217_peixe_camarao_019-1480397.jpg","@id":"https:\/\/radiosul.net\/wp\/2021\/safra-de-camarao-na-bacia-do-rio-tramandai-comeca-no-dia-15-de-fevereiro\/#mainImage","width":800,"height":533,"caption":"Foto: Claiton Dornelles\/JC"},"primaryImageOfPage":{"@id":"https:\/\/radiosul.net\/wp\/2021\/safra-de-camarao-na-bacia-do-rio-tramandai-comeca-no-dia-15-de-fevereiro\/#mainImage"},"datePublished":"2021-02-09T08:13:17-03:00","dateModified":"2021-02-09T08:13:19-03:00"},{"@type":"WebSite","@id":"https:\/\/radiosul.net\/wp\/#website","url":"https:\/\/radiosul.net\/wp\/","name":"radiosul.net","description":"Regional por Excel\u00eancia","inLanguage":"pt-BR","publisher":{"@id":"https:\/\/radiosul.net\/wp\/#organization"}}]},"og:locale":"pt_BR","og:site_name":"radiosul.net - Regional por Excel\u00eancia","og:type":"article","og:title":"Safra de camar\u00e3o na bacia do Rio Tramanda\u00ed come\u00e7a no dia 15 de fevereiro - radiosul.net","og:description":"A temporada de pesca de camar\u00e3o na Bacia Hidrogr\u00e1fica do Rio Tramanda\u00ed ser\u00e1 entre 15 de fevereiro e 21 de junho de 2021. As datas foram estabelecidas na Portaria n\u00ba 35, da Secretaria de Aquicultura e Pesca do Minist\u00e9rio da Agricultura, Pecu\u00e1ria e Abastecimento (SAP\/Mapa), publicada nesta segunda-feira (8) no Di\u00e1rio Oficial da Uni\u00e3o. A","og:url":"https:\/\/radiosul.net\/wp\/2021\/safra-de-camarao-na-bacia-do-rio-tramandai-comeca-no-dia-15-de-fevereiro\/","article:published_time":"2021-02-09T11:13:17+00:00","article:modified_time":"2021-02-09T11:13:19+00:00","twitter:card":"summary_large_image","twitter:title":"Safra de camar\u00e3o na bacia do Rio Tramanda\u00ed come\u00e7a no dia 15 de fevereiro - radiosul.net","twitter:description":"A temporada de pesca de camar\u00e3o na Bacia Hidrogr\u00e1fica do Rio Tramanda\u00ed ser\u00e1 entre 15 de fevereiro e 21 de junho de 2021. As datas foram estabelecidas na Portaria n\u00ba 35, da Secretaria de Aquicultura e Pesca do Minist\u00e9rio da Agricultura, Pecu\u00e1ria e Abastecimento (SAP\/Mapa), publicada nesta segunda-feira (8) no Di\u00e1rio Oficial da Uni\u00e3o. A"},"aioseo_meta_data":{"post_id":"17595","title":null,"description":null,"keywords":null,"keyphrases":null,"primary_term":null,"canonical_url":null,"og_title":null,"og_description":null,"og_object_type":"default","og_image_type":"default","og_image_url":null,"og_image_width":null,"og_image_height":null,"og_image_custom_url":null,"og_image_custom_fields":null,"og_video":null,"og_custom_url":null,"og_article_section":null,"og_article_tags":null,"twitter_use_og":false,"twitter_card":"default","twitter_image_type":"default","twitter_image_url":null,"twitter_image_custom_url":null,"twitter_image_custom_fields":null,"twitter_title":null,"twitter_description":null,"schema":{"blockGraphs":[],"customGraphs":[],"default":{"data":{"Article":[],"Course":[],"Dataset":[],"FAQPage":[],"Movie":[],"Person":[],"Product":[],"ProductReview":[],"Car":[],"Recipe":[],"Service":[],"SoftwareApplication":[],"WebPage":[]},"graphName":"","isEnabled":true},"graphs":[]},"schema_type":"default","schema_type_options":null,"pillar_content":false,"robots_default":true,"robots_noindex":false,"robots_noarchive":false,"robots_nosnippet":false,"robots_nofollow":false,"robots_noimageindex":false,"robots_noodp":false,"robots_notranslate":false,"robots_max_snippet":null,"robots_max_videopreview":null,"robots_max_imagepreview":"large","priority":null,"frequency":null,"local_seo":null,"breadcrumb_settings":null,"limit_modified_date":false,"ai":null,"created":"2026-01-09 01:21:34","updated":"2026-01-09 01:21:34","seo_analyzer_scan_date":null,"focus_keyword":null,"additional_keywords":null,"truseo_locale":null},"aioseo_breadcrumb":"<div class=\"aioseo-breadcrumbs\"><span class=\"aioseo-breadcrumb\">\n\t\t\t<a href=\"https:\/\/radiosul.net\/wp\" title=\"Home\">Home<\/a>\n\t\t<\/span><span class=\"aioseo-breadcrumb-separator\">&raquo;<\/span><span class=\"aioseo-breadcrumb\">\n\t\t\t<a href=\"https:\/\/radiosul.net\/wp\/category\/agro\/\" title=\"Agroneg\u00f3cio\">Agroneg\u00f3cio<\/a>\n\t\t<\/span><span class=\"aioseo-breadcrumb-separator\">&raquo;<\/span><span class=\"aioseo-breadcrumb\">\n\t\t\tSafra de camar\u00e3o na bacia do Rio Tramanda\u00ed come\u00e7a no dia 15 de fevereiro\n\t\t<\/span><\/div>","aioseo_breadcrumb_json":[{"label":"Home","link":"https:\/\/radiosul.net\/wp"},{"label":"Agroneg\u00f3cio","link":"https:\/\/radiosul.net\/wp\/category\/agro\/"},{"label":"Safra de camar\u00e3o na bacia do Rio Tramanda\u00ed come\u00e7a no dia 15 de fevereiro","link":"https:\/\/radiosul.net\/wp\/2021\/safra-de-camarao-na-bacia-do-rio-tramandai-comeca-no-dia-15-de-fevereiro\/"}],"_links":{"self":[{"href":"https:\/\/radiosul.net\/wp\/wp-json\/wp\/v2\/posts\/17595","targetHints":{"allow":["GET"]}}],"collection":[{"href":"https:\/\/radiosul.net\/wp\/wp-json\/wp\/v2\/posts"}],"about":[{"href":"https:\/\/radiosul.net\/wp\/wp-json\/wp\/v2\/types\/post"}],"author":[{"embeddable":true,"href":"https:\/\/radiosul.net\/wp\/wp-json\/wp\/v2\/users\/9"}],"replies":[{"embeddable":true,"href":"https:\/\/radiosul.net\/wp\/wp-json\/wp\/v2\/comments?post=17595"}],"version-history":[{"count":1,"href":"https:\/\/radiosul.net\/wp\/wp-json\/wp\/v2\/posts\/17595\/revisions"}],"predecessor-version":[{"id":17596,"href":"https:\/\/radiosul.net\/wp\/wp-json\/wp\/v2\/posts\/17595\/revisions\/17596"}],"wp:featuredmedia":[{"embeddable":true,"href":"https:\/\/radiosul.net\/wp\/wp-json\/wp\/v2\/media\/17589"}],"wp:attachment":[{"href":"https:\/\/radiosul.net\/wp\/wp-json\/wp\/v2\/media?parent=17595"}],"wp:term":[{"taxonomy":"category","embeddable":true,"href":"https:\/\/radiosul.net\/wp\/wp-json\/wp\/v2\/categories?post=17595"},{"taxonomy":"post_tag","embeddable":true,"href":"https:\/\/radiosul.net\/wp\/wp-json\/wp\/v2\/tags?post=17595"}],"curies":[{"name":"wp","href":"https:\/\/api.w.org\/{rel}","templated":true}]}}