{"id":17276,"date":"2021-01-14T17:55:38","date_gmt":"2021-01-14T20:55:38","guid":{"rendered":"https:\/\/radiosul.net\/wp\/?p=17276"},"modified":"2021-01-14T17:55:41","modified_gmt":"2021-01-14T20:55:41","slug":"faculdade-cna-esta-com-inscricoes-abertas-para-cursos-de-graduacao-ead","status":"publish","type":"post","link":"https:\/\/radiosul.net\/wp\/2021\/faculdade-cna-esta-com-inscricoes-abertas-para-cursos-de-graduacao-ead\/","title":{"rendered":"Faculdade CNA est\u00e1 com inscri\u00e7\u00f5es abertas para cursos de gradua\u00e7\u00e3o EAD"},"content":{"rendered":"\n<p class=\"wp-block-paragraph\">A Faculdade CNA est\u00e1 com as inscri\u00e7\u00f5es abertas para a sele\u00e7\u00e3o dos cursos de gradua\u00e7\u00e3o a dist\u00e2ncia em Gest\u00e3o do Agroneg\u00f3cio (3 anos), Gest\u00e3o Ambiental (2 anos), Gest\u00e3o de Recursos Humanos (2 anos) e Processos Gerenciais (2 anos).<\/p>\n\n\n\n<p class=\"wp-block-paragraph\">Os interessados t\u00eam at\u00e9 o dia 24 de fevereiro para efetivar a inscri\u00e7\u00e3o pelo site <a href=\"http:\/\/www.faculdadecna.com.br\" target=\"_blank\" rel=\"noreferrer noopener\">www.faculdadecna.com.br<\/a>. A mensalidade custa R$ 179 e as aulas ter\u00e3o in\u00edcio em mar\u00e7o.<\/p>\n\n\n\n<p class=\"wp-block-paragraph\">S\u00e3o tr\u00eas formas de ingresso: quem j\u00e1 \u00e9 graduado participar\u00e1 da sele\u00e7\u00e3o por meio de an\u00e1lise documental. Os demais podem optar pelo vestibular online por meio de prova de Reda\u00e7\u00e3o ou utilizar o resultado do Exame Nacional de Ensino M\u00e9dio (Enem) dos \u00faltimos tr\u00eas anos \u2013 com nota igual ou superior a 250 pontos.<\/p>\n\n\n\n<p class=\"wp-block-paragraph\">Na inscri\u00e7\u00e3o \u00e9 necess\u00e1rio escolher um dos 40 polos distribu\u00eddos nos estados do Acre, Alagoas, Amazonas, Bahia, Cear\u00e1, Distrito Federal, Esp\u00edrito Santo, Goi\u00e1s, Minas Gerais, Mato Grosso do Sul, Mato Grosso, Par\u00e1, Para\u00edba, Rio de Janeiro, Rio Grande do Norte, Rond\u00f4nia, Santa Catarina e Tocantins.&nbsp;<\/p>\n\n\n\n<p class=\"wp-block-paragraph\"><strong>Cursos \u2013<\/strong> A gradua\u00e7\u00e3o em Gest\u00e3o do Agroneg\u00f3cio prepara o profissional para gerenciar a armazenagem e venda da produ\u00e7\u00e3o, controlando os pre\u00e7os para a m\u00e1xima rentabilidade para o neg\u00f3cio.<\/p>\n\n\n\n<p class=\"wp-block-paragraph\">A forma\u00e7\u00e3o em Processos Gerenciais desenvolve a capacidade de gest\u00e3o administrativa, de produ\u00e7\u00e3o e comercial, preparando o aluno para o planejamento estrat\u00e9gico e gest\u00e3o de projetos.<\/p>\n\n\n\n<p class=\"wp-block-paragraph\">No curso superior em Gest\u00e3o Ambiental o aluno aprender\u00e1 como planejar, desenvolver e gerenciar projetos ambientais no setor agropecu\u00e1rio.<\/p>\n\n\n\n<p class=\"wp-block-paragraph\">J\u00e1 na gradua\u00e7\u00e3o em Gest\u00e3o de Recursos Humanos s\u00e3o aprofundadas atribui\u00e7\u00f5es da atividade de gestor de recursos humanos, como recrutar e selecionar profissionais de acordo com o perfil da empresa.<\/p>\n\n\n\n<p class=\"wp-block-paragraph\"><strong>Servi\u00e7o:<\/strong><\/p>\n\n\n\n<p class=\"wp-block-paragraph\"><strong>O que:<\/strong> Inscri\u00e7\u00f5es para o processo seletivo dos cursos de gradua\u00e7\u00e3o em gest\u00e3o do agro<\/p>\n\n\n\n<p class=\"wp-block-paragraph\"><strong>Quando:<\/strong> at\u00e9 dia 24 de fevereiro<\/p>\n\n\n\n<p class=\"wp-block-paragraph\"><strong>Onde: <\/strong><a href=\"http:\/\/www.faculdadecna.com.br\/\">http:\/\/www.faculdadecna.com.br\/<\/a><\/p>\n\n\n\n<p class=\"wp-block-paragraph\"><strong><em>Fonte: Assessoria de Comunica\u00e7\u00e3o CNA<\/em><\/strong><\/p>\n","protected":false},"excerpt":{"rendered":"<p>A Faculdade CNA est\u00e1 com as inscri\u00e7\u00f5es abertas para a sele\u00e7\u00e3o dos cursos de gradua\u00e7\u00e3o a dist\u00e2ncia em Gest\u00e3o do Agroneg\u00f3cio (3 anos), Gest\u00e3o Ambiental (2 anos), Gest\u00e3o de Recursos Humanos (2 anos) e Processos Gerenciais (2 anos). Os interessados t\u00eam at\u00e9 o dia 24 de fevereiro para efetivar a inscri\u00e7\u00e3o pelo site www.faculdadecna.com.br. A &hellip;<\/p>\n","protected":false},"author":9,"featured_media":17270,"comment_status":"closed","ping_status":"closed","sticky":false,"template":"","format":"standard","meta":{"_monsterinsights_skip_tracking":false,"_uf_show_specific_survey":0,"_uf_disable_surveys":false,"footnotes":""},"categories":[1,126],"tags":[],"class_list":["post-17276","post","type-post","status-publish","format-standard","has-post-thumbnail","hentry","category-agro","category-destacados"],"aioseo_notices":[],"aioseo_head":"\n\t\t<!-- All in One SEO 5.0.1.1 - aioseo.com -->\n\t<meta name=\"description\" content=\"A Faculdade CNA est\u00e1 com as inscri\u00e7\u00f5es abertas para a sele\u00e7\u00e3o dos cursos de gradua\u00e7\u00e3o a dist\u00e2ncia em Gest\u00e3o do Agroneg\u00f3cio (3 anos), Gest\u00e3o Ambiental (2 anos), Gest\u00e3o de Recursos Humanos (2 anos) e Processos Gerenciais (2 anos). Os interessados t\u00eam at\u00e9 o dia 24 de fevereiro para efetivar a inscri\u00e7\u00e3o pelo site www.faculdadecna.com.br. A\" \/>\n\t<meta name=\"robots\" content=\"max-image-preview:large\" \/>\n\t<meta name=\"author\" content=\"Alejo Bordon\"\/>\n\t<link rel=\"canonical\" href=\"https:\/\/radiosul.net\/wp\/2021\/faculdade-cna-esta-com-inscricoes-abertas-para-cursos-de-graduacao-ead\/\" \/>\n\t<meta name=\"generator\" content=\"All in One SEO (AIOSEO) 5.0.1.1\" \/>\n\t\t<meta property=\"og:locale\" content=\"pt_BR\" \/>\n\t\t<meta property=\"og:site_name\" content=\"radiosul.net - Regional por Excel\u00eancia\" \/>\n\t\t<meta property=\"og:type\" content=\"article\" \/>\n\t\t<meta property=\"og:title\" content=\"Faculdade CNA est\u00e1 com inscri\u00e7\u00f5es abertas para cursos de gradua\u00e7\u00e3o EAD - radiosul.net\" \/>\n\t\t<meta property=\"og:description\" content=\"A Faculdade CNA est\u00e1 com as inscri\u00e7\u00f5es abertas para a sele\u00e7\u00e3o dos cursos de gradua\u00e7\u00e3o a dist\u00e2ncia em Gest\u00e3o do Agroneg\u00f3cio (3 anos), Gest\u00e3o Ambiental (2 anos), Gest\u00e3o de Recursos Humanos (2 anos) e Processos Gerenciais (2 anos). Os interessados t\u00eam at\u00e9 o dia 24 de fevereiro para efetivar a inscri\u00e7\u00e3o pelo site www.faculdadecna.com.br. A\" \/>\n\t\t<meta property=\"og:url\" content=\"https:\/\/radiosul.net\/wp\/2021\/faculdade-cna-esta-com-inscricoes-abertas-para-cursos-de-graduacao-ead\/\" \/>\n\t\t<meta property=\"article:published_time\" content=\"2021-01-14T20:55:38+00:00\" \/>\n\t\t<meta property=\"article:modified_time\" content=\"2021-01-14T20:55:41+00:00\" \/>\n\t\t<meta name=\"twitter:card\" content=\"summary_large_image\" \/>\n\t\t<meta name=\"twitter:title\" content=\"Faculdade CNA est\u00e1 com inscri\u00e7\u00f5es abertas para cursos de gradua\u00e7\u00e3o EAD - radiosul.net\" \/>\n\t\t<meta name=\"twitter:description\" content=\"A Faculdade CNA est\u00e1 com as inscri\u00e7\u00f5es abertas para a sele\u00e7\u00e3o dos cursos de gradua\u00e7\u00e3o a dist\u00e2ncia em Gest\u00e3o do Agroneg\u00f3cio (3 anos), Gest\u00e3o Ambiental (2 anos), Gest\u00e3o de Recursos Humanos (2 anos) e Processos Gerenciais (2 anos). Os interessados t\u00eam at\u00e9 o dia 24 de fevereiro para efetivar a inscri\u00e7\u00e3o pelo site www.faculdadecna.com.br. A\" \/>\n\t\t<script type=\"application\/ld+json\" class=\"aioseo-schema\">\n\t\t\t{\"@context\":\"https:\\\/\\\/schema.org\",\"@graph\":[{\"@type\":\"BlogPosting\",\"@id\":\"https:\\\/\\\/radiosul.net\\\/wp\\\/2021\\\/faculdade-cna-esta-com-inscricoes-abertas-para-cursos-de-graduacao-ead\\\/#blogposting\",\"name\":\"Faculdade CNA est\\u00e1 com inscri\\u00e7\\u00f5es abertas para cursos de gradua\\u00e7\\u00e3o EAD - radiosul.net\",\"headline\":\"Faculdade CNA est\\u00e1 com inscri\\u00e7\\u00f5es abertas para cursos de gradua\\u00e7\\u00e3o EAD\",\"author\":{\"@id\":\"https:\\\/\\\/radiosul.net\\\/wp\\\/author\\\/alejo\\\/#author\"},\"publisher\":{\"@id\":\"https:\\\/\\\/radiosul.net\\\/wp\\\/#organization\"},\"image\":{\"@type\":\"ImageObject\",\"url\":\"https:\\\/\\\/radiosul.net\\\/wp\\\/wp-content\\\/uploads\\\/2021\\\/01\\\/Faculdade_CNA_vestibular.jpg\",\"width\":799,\"height\":533,\"caption\":\"Foto: Wenderson Araujo\"},\"datePublished\":\"2021-01-14T17:55:38-03:00\",\"dateModified\":\"2021-01-14T17:55:41-03:00\",\"inLanguage\":\"pt-BR\",\"mainEntityOfPage\":{\"@id\":\"https:\\\/\\\/radiosul.net\\\/wp\\\/2021\\\/faculdade-cna-esta-com-inscricoes-abertas-para-cursos-de-graduacao-ead\\\/#webpage\"},\"isPartOf\":{\"@id\":\"https:\\\/\\\/radiosul.net\\\/wp\\\/2021\\\/faculdade-cna-esta-com-inscricoes-abertas-para-cursos-de-graduacao-ead\\\/#webpage\"},\"articleSection\":\"Agroneg\\u00f3cio, Destaque\"},{\"@type\":\"BreadcrumbList\",\"@id\":\"https:\\\/\\\/radiosul.net\\\/wp\\\/2021\\\/faculdade-cna-esta-com-inscricoes-abertas-para-cursos-de-graduacao-ead\\\/#breadcrumblist\",\"itemListElement\":[{\"@type\":\"ListItem\",\"@id\":\"https:\\\/\\\/radiosul.net\\\/wp#listItem\",\"position\":1,\"name\":\"Home\",\"item\":\"https:\\\/\\\/radiosul.net\\\/wp\",\"nextItem\":{\"@type\":\"ListItem\",\"@id\":\"https:\\\/\\\/radiosul.net\\\/wp\\\/category\\\/agro\\\/#listItem\",\"name\":\"Agroneg\\u00f3cio\"}},{\"@type\":\"ListItem\",\"@id\":\"https:\\\/\\\/radiosul.net\\\/wp\\\/category\\\/agro\\\/#listItem\",\"position\":2,\"name\":\"Agroneg\\u00f3cio\",\"item\":\"https:\\\/\\\/radiosul.net\\\/wp\\\/category\\\/agro\\\/\",\"nextItem\":{\"@type\":\"ListItem\",\"@id\":\"https:\\\/\\\/radiosul.net\\\/wp\\\/2021\\\/faculdade-cna-esta-com-inscricoes-abertas-para-cursos-de-graduacao-ead\\\/#listItem\",\"name\":\"Faculdade CNA est\\u00e1 com inscri\\u00e7\\u00f5es abertas para cursos de gradua\\u00e7\\u00e3o EAD\"},\"previousItem\":{\"@type\":\"ListItem\",\"@id\":\"https:\\\/\\\/radiosul.net\\\/wp#listItem\",\"name\":\"Home\"}},{\"@type\":\"ListItem\",\"@id\":\"https:\\\/\\\/radiosul.net\\\/wp\\\/2021\\\/faculdade-cna-esta-com-inscricoes-abertas-para-cursos-de-graduacao-ead\\\/#listItem\",\"position\":3,\"name\":\"Faculdade CNA est\\u00e1 com inscri\\u00e7\\u00f5es abertas para cursos de gradua\\u00e7\\u00e3o EAD\",\"previousItem\":{\"@type\":\"ListItem\",\"@id\":\"https:\\\/\\\/radiosul.net\\\/wp\\\/category\\\/agro\\\/#listItem\",\"name\":\"Agroneg\\u00f3cio\"}}]},{\"@type\":\"Organization\",\"@id\":\"https:\\\/\\\/radiosul.net\\\/wp\\\/#organization\",\"name\":\"radiosul.net\",\"description\":\"Regional por Excel\\u00eancia\",\"url\":\"https:\\\/\\\/radiosul.net\\\/wp\\\/\"},{\"@type\":\"Person\",\"@id\":\"https:\\\/\\\/radiosul.net\\\/wp\\\/author\\\/alejo\\\/#author\",\"url\":\"https:\\\/\\\/radiosul.net\\\/wp\\\/author\\\/alejo\\\/\",\"name\":\"Alejo Bordon\",\"image\":{\"@type\":\"ImageObject\",\"@id\":\"https:\\\/\\\/radiosul.net\\\/wp\\\/2021\\\/faculdade-cna-esta-com-inscricoes-abertas-para-cursos-de-graduacao-ead\\\/#authorImage\",\"url\":\"https:\\\/\\\/secure.gravatar.com\\\/avatar\\\/b3a7e7f1c71212e6a5b7183b79a2ab58dad8bdc4cd4eadd61c4434d010d0bae4?s=96&d=mm&r=g\",\"width\":96,\"height\":96,\"caption\":\"Alejo Bordon\"}},{\"@type\":\"WebPage\",\"@id\":\"https:\\\/\\\/radiosul.net\\\/wp\\\/2021\\\/faculdade-cna-esta-com-inscricoes-abertas-para-cursos-de-graduacao-ead\\\/#webpage\",\"url\":\"https:\\\/\\\/radiosul.net\\\/wp\\\/2021\\\/faculdade-cna-esta-com-inscricoes-abertas-para-cursos-de-graduacao-ead\\\/\",\"name\":\"Faculdade CNA est\\u00e1 com inscri\\u00e7\\u00f5es abertas para cursos de gradua\\u00e7\\u00e3o EAD - radiosul.net\",\"description\":\"A Faculdade CNA est\\u00e1 com as inscri\\u00e7\\u00f5es abertas para a sele\\u00e7\\u00e3o dos cursos de gradua\\u00e7\\u00e3o a dist\\u00e2ncia em Gest\\u00e3o do Agroneg\\u00f3cio (3 anos), Gest\\u00e3o Ambiental (2 anos), Gest\\u00e3o de Recursos Humanos (2 anos) e Processos Gerenciais (2 anos). Os interessados t\\u00eam at\\u00e9 o dia 24 de fevereiro para efetivar a inscri\\u00e7\\u00e3o pelo site www.faculdadecna.com.br. A\",\"inLanguage\":\"pt-BR\",\"isPartOf\":{\"@id\":\"https:\\\/\\\/radiosul.net\\\/wp\\\/#website\"},\"breadcrumb\":{\"@id\":\"https:\\\/\\\/radiosul.net\\\/wp\\\/2021\\\/faculdade-cna-esta-com-inscricoes-abertas-para-cursos-de-graduacao-ead\\\/#breadcrumblist\"},\"author\":{\"@id\":\"https:\\\/\\\/radiosul.net\\\/wp\\\/author\\\/alejo\\\/#author\"},\"creator\":{\"@id\":\"https:\\\/\\\/radiosul.net\\\/wp\\\/author\\\/alejo\\\/#author\"},\"image\":{\"@type\":\"ImageObject\",\"url\":\"https:\\\/\\\/radiosul.net\\\/wp\\\/wp-content\\\/uploads\\\/2021\\\/01\\\/Faculdade_CNA_vestibular.jpg\",\"@id\":\"https:\\\/\\\/radiosul.net\\\/wp\\\/2021\\\/faculdade-cna-esta-com-inscricoes-abertas-para-cursos-de-graduacao-ead\\\/#mainImage\",\"width\":799,\"height\":533,\"caption\":\"Foto: Wenderson Araujo\"},\"primaryImageOfPage\":{\"@id\":\"https:\\\/\\\/radiosul.net\\\/wp\\\/2021\\\/faculdade-cna-esta-com-inscricoes-abertas-para-cursos-de-graduacao-ead\\\/#mainImage\"},\"datePublished\":\"2021-01-14T17:55:38-03:00\",\"dateModified\":\"2021-01-14T17:55:41-03:00\"},{\"@type\":\"WebSite\",\"@id\":\"https:\\\/\\\/radiosul.net\\\/wp\\\/#website\",\"url\":\"https:\\\/\\\/radiosul.net\\\/wp\\\/\",\"name\":\"radiosul.net\",\"description\":\"Regional por Excel\\u00eancia\",\"inLanguage\":\"pt-BR\",\"publisher\":{\"@id\":\"https:\\\/\\\/radiosul.net\\\/wp\\\/#organization\"}}]}\n\t\t<\/script>\n\t\t<!-- All in One SEO -->\n\n","aioseo_head_json":{"title":"Faculdade CNA est\u00e1 com inscri\u00e7\u00f5es abertas para cursos de gradua\u00e7\u00e3o EAD - radiosul.net","description":"A Faculdade CNA est\u00e1 com as inscri\u00e7\u00f5es abertas para a sele\u00e7\u00e3o dos cursos de gradua\u00e7\u00e3o a dist\u00e2ncia em Gest\u00e3o do Agroneg\u00f3cio (3 anos), Gest\u00e3o Ambiental (2 anos), Gest\u00e3o de Recursos Humanos (2 anos) e Processos Gerenciais (2 anos). Os interessados t\u00eam at\u00e9 o dia 24 de fevereiro para efetivar a inscri\u00e7\u00e3o pelo site www.faculdadecna.com.br. A","canonical_url":"https:\/\/radiosul.net\/wp\/2021\/faculdade-cna-esta-com-inscricoes-abertas-para-cursos-de-graduacao-ead\/","robots":"max-image-preview:large","keywords":"","webmasterTools":{"miscellaneous":""},"schema":{"@context":"https:\/\/schema.org","@graph":[{"@type":"BlogPosting","@id":"https:\/\/radiosul.net\/wp\/2021\/faculdade-cna-esta-com-inscricoes-abertas-para-cursos-de-graduacao-ead\/#blogposting","name":"Faculdade CNA est\u00e1 com inscri\u00e7\u00f5es abertas para cursos de gradua\u00e7\u00e3o EAD - radiosul.net","headline":"Faculdade CNA est\u00e1 com inscri\u00e7\u00f5es abertas para cursos de gradua\u00e7\u00e3o EAD","author":{"@id":"https:\/\/radiosul.net\/wp\/author\/alejo\/#author"},"publisher":{"@id":"https:\/\/radiosul.net\/wp\/#organization"},"image":{"@type":"ImageObject","url":"https:\/\/radiosul.net\/wp\/wp-content\/uploads\/2021\/01\/Faculdade_CNA_vestibular.jpg","width":799,"height":533,"caption":"Foto: Wenderson Araujo"},"datePublished":"2021-01-14T17:55:38-03:00","dateModified":"2021-01-14T17:55:41-03:00","inLanguage":"pt-BR","mainEntityOfPage":{"@id":"https:\/\/radiosul.net\/wp\/2021\/faculdade-cna-esta-com-inscricoes-abertas-para-cursos-de-graduacao-ead\/#webpage"},"isPartOf":{"@id":"https:\/\/radiosul.net\/wp\/2021\/faculdade-cna-esta-com-inscricoes-abertas-para-cursos-de-graduacao-ead\/#webpage"},"articleSection":"Agroneg\u00f3cio, Destaque"},{"@type":"BreadcrumbList","@id":"https:\/\/radiosul.net\/wp\/2021\/faculdade-cna-esta-com-inscricoes-abertas-para-cursos-de-graduacao-ead\/#breadcrumblist","itemListElement":[{"@type":"ListItem","@id":"https:\/\/radiosul.net\/wp#listItem","position":1,"name":"Home","item":"https:\/\/radiosul.net\/wp","nextItem":{"@type":"ListItem","@id":"https:\/\/radiosul.net\/wp\/category\/agro\/#listItem","name":"Agroneg\u00f3cio"}},{"@type":"ListItem","@id":"https:\/\/radiosul.net\/wp\/category\/agro\/#listItem","position":2,"name":"Agroneg\u00f3cio","item":"https:\/\/radiosul.net\/wp\/category\/agro\/","nextItem":{"@type":"ListItem","@id":"https:\/\/radiosul.net\/wp\/2021\/faculdade-cna-esta-com-inscricoes-abertas-para-cursos-de-graduacao-ead\/#listItem","name":"Faculdade CNA est\u00e1 com inscri\u00e7\u00f5es abertas para cursos de gradua\u00e7\u00e3o EAD"},"previousItem":{"@type":"ListItem","@id":"https:\/\/radiosul.net\/wp#listItem","name":"Home"}},{"@type":"ListItem","@id":"https:\/\/radiosul.net\/wp\/2021\/faculdade-cna-esta-com-inscricoes-abertas-para-cursos-de-graduacao-ead\/#listItem","position":3,"name":"Faculdade CNA est\u00e1 com inscri\u00e7\u00f5es abertas para cursos de gradua\u00e7\u00e3o EAD","previousItem":{"@type":"ListItem","@id":"https:\/\/radiosul.net\/wp\/category\/agro\/#listItem","name":"Agroneg\u00f3cio"}}]},{"@type":"Organization","@id":"https:\/\/radiosul.net\/wp\/#organization","name":"radiosul.net","description":"Regional por Excel\u00eancia","url":"https:\/\/radiosul.net\/wp\/"},{"@type":"Person","@id":"https:\/\/radiosul.net\/wp\/author\/alejo\/#author","url":"https:\/\/radiosul.net\/wp\/author\/alejo\/","name":"Alejo Bordon","image":{"@type":"ImageObject","@id":"https:\/\/radiosul.net\/wp\/2021\/faculdade-cna-esta-com-inscricoes-abertas-para-cursos-de-graduacao-ead\/#authorImage","url":"https:\/\/secure.gravatar.com\/avatar\/b3a7e7f1c71212e6a5b7183b79a2ab58dad8bdc4cd4eadd61c4434d010d0bae4?s=96&d=mm&r=g","width":96,"height":96,"caption":"Alejo Bordon"}},{"@type":"WebPage","@id":"https:\/\/radiosul.net\/wp\/2021\/faculdade-cna-esta-com-inscricoes-abertas-para-cursos-de-graduacao-ead\/#webpage","url":"https:\/\/radiosul.net\/wp\/2021\/faculdade-cna-esta-com-inscricoes-abertas-para-cursos-de-graduacao-ead\/","name":"Faculdade CNA est\u00e1 com inscri\u00e7\u00f5es abertas para cursos de gradua\u00e7\u00e3o EAD - radiosul.net","description":"A Faculdade CNA est\u00e1 com as inscri\u00e7\u00f5es abertas para a sele\u00e7\u00e3o dos cursos de gradua\u00e7\u00e3o a dist\u00e2ncia em Gest\u00e3o do Agroneg\u00f3cio (3 anos), Gest\u00e3o Ambiental (2 anos), Gest\u00e3o de Recursos Humanos (2 anos) e Processos Gerenciais (2 anos). Os interessados t\u00eam at\u00e9 o dia 24 de fevereiro para efetivar a inscri\u00e7\u00e3o pelo site www.faculdadecna.com.br. A","inLanguage":"pt-BR","isPartOf":{"@id":"https:\/\/radiosul.net\/wp\/#website"},"breadcrumb":{"@id":"https:\/\/radiosul.net\/wp\/2021\/faculdade-cna-esta-com-inscricoes-abertas-para-cursos-de-graduacao-ead\/#breadcrumblist"},"author":{"@id":"https:\/\/radiosul.net\/wp\/author\/alejo\/#author"},"creator":{"@id":"https:\/\/radiosul.net\/wp\/author\/alejo\/#author"},"image":{"@type":"ImageObject","url":"https:\/\/radiosul.net\/wp\/wp-content\/uploads\/2021\/01\/Faculdade_CNA_vestibular.jpg","@id":"https:\/\/radiosul.net\/wp\/2021\/faculdade-cna-esta-com-inscricoes-abertas-para-cursos-de-graduacao-ead\/#mainImage","width":799,"height":533,"caption":"Foto: Wenderson Araujo"},"primaryImageOfPage":{"@id":"https:\/\/radiosul.net\/wp\/2021\/faculdade-cna-esta-com-inscricoes-abertas-para-cursos-de-graduacao-ead\/#mainImage"},"datePublished":"2021-01-14T17:55:38-03:00","dateModified":"2021-01-14T17:55:41-03:00"},{"@type":"WebSite","@id":"https:\/\/radiosul.net\/wp\/#website","url":"https:\/\/radiosul.net\/wp\/","name":"radiosul.net","description":"Regional por Excel\u00eancia","inLanguage":"pt-BR","publisher":{"@id":"https:\/\/radiosul.net\/wp\/#organization"}}]},"og:locale":"pt_BR","og:site_name":"radiosul.net - Regional por Excel\u00eancia","og:type":"article","og:title":"Faculdade CNA est\u00e1 com inscri\u00e7\u00f5es abertas para cursos de gradua\u00e7\u00e3o EAD - radiosul.net","og:description":"A Faculdade CNA est\u00e1 com as inscri\u00e7\u00f5es abertas para a sele\u00e7\u00e3o dos cursos de gradua\u00e7\u00e3o a dist\u00e2ncia em Gest\u00e3o do Agroneg\u00f3cio (3 anos), Gest\u00e3o Ambiental (2 anos), Gest\u00e3o de Recursos Humanos (2 anos) e Processos Gerenciais (2 anos). Os interessados t\u00eam at\u00e9 o dia 24 de fevereiro para efetivar a inscri\u00e7\u00e3o pelo site www.faculdadecna.com.br. A","og:url":"https:\/\/radiosul.net\/wp\/2021\/faculdade-cna-esta-com-inscricoes-abertas-para-cursos-de-graduacao-ead\/","article:published_time":"2021-01-14T20:55:38+00:00","article:modified_time":"2021-01-14T20:55:41+00:00","twitter:card":"summary_large_image","twitter:title":"Faculdade CNA est\u00e1 com inscri\u00e7\u00f5es abertas para cursos de gradua\u00e7\u00e3o EAD - radiosul.net","twitter:description":"A Faculdade CNA est\u00e1 com as inscri\u00e7\u00f5es abertas para a sele\u00e7\u00e3o dos cursos de gradua\u00e7\u00e3o a dist\u00e2ncia em Gest\u00e3o do Agroneg\u00f3cio (3 anos), Gest\u00e3o Ambiental (2 anos), Gest\u00e3o de Recursos Humanos (2 anos) e Processos Gerenciais (2 anos). Os interessados t\u00eam at\u00e9 o dia 24 de fevereiro para efetivar a inscri\u00e7\u00e3o pelo site www.faculdadecna.com.br. A"},"aioseo_meta_data":{"post_id":"17276","title":null,"description":null,"keywords":null,"keyphrases":null,"primary_term":null,"canonical_url":null,"og_title":null,"og_description":null,"og_object_type":"default","og_image_type":"default","og_image_url":null,"og_image_width":null,"og_image_height":null,"og_image_custom_url":null,"og_image_custom_fields":null,"og_video":null,"og_custom_url":null,"og_article_section":null,"og_article_tags":null,"twitter_use_og":false,"twitter_card":"default","twitter_image_type":"default","twitter_image_url":null,"twitter_image_custom_url":null,"twitter_image_custom_fields":null,"twitter_title":null,"twitter_description":null,"schema":{"blockGraphs":[],"customGraphs":[],"default":{"data":{"Article":[],"Course":[],"Dataset":[],"FAQPage":[],"Movie":[],"Person":[],"Product":[],"ProductReview":[],"Car":[],"Recipe":[],"Service":[],"SoftwareApplication":[],"WebPage":[]},"graphName":"","isEnabled":true},"graphs":[]},"schema_type":"default","schema_type_options":null,"pillar_content":false,"robots_default":true,"robots_noindex":false,"robots_noarchive":false,"robots_nosnippet":false,"robots_nofollow":false,"robots_noimageindex":false,"robots_noodp":false,"robots_notranslate":false,"robots_max_snippet":null,"robots_max_videopreview":null,"robots_max_imagepreview":"large","priority":null,"frequency":null,"local_seo":null,"breadcrumb_settings":null,"limit_modified_date":false,"ai":null,"created":"2026-01-09 01:02:49","updated":"2026-01-09 01:02:49","seo_analyzer_scan_date":null,"focus_keyword":null,"additional_keywords":null,"truseo_locale":null},"aioseo_breadcrumb":"<div class=\"aioseo-breadcrumbs\"><span class=\"aioseo-breadcrumb\">\n\t\t\t<a href=\"https:\/\/radiosul.net\/wp\" title=\"Home\">Home<\/a>\n\t\t<\/span><span class=\"aioseo-breadcrumb-separator\">&raquo;<\/span><span class=\"aioseo-breadcrumb\">\n\t\t\t<a href=\"https:\/\/radiosul.net\/wp\/category\/agro\/\" title=\"Agroneg\u00f3cio\">Agroneg\u00f3cio<\/a>\n\t\t<\/span><span class=\"aioseo-breadcrumb-separator\">&raquo;<\/span><span class=\"aioseo-breadcrumb\">\n\t\t\tFaculdade CNA est\u00e1 com inscri\u00e7\u00f5es abertas para cursos de gradua\u00e7\u00e3o EAD\n\t\t<\/span><\/div>","aioseo_breadcrumb_json":[{"label":"Home","link":"https:\/\/radiosul.net\/wp"},{"label":"Agroneg\u00f3cio","link":"https:\/\/radiosul.net\/wp\/category\/agro\/"},{"label":"Faculdade CNA est\u00e1 com inscri\u00e7\u00f5es abertas para cursos de gradua\u00e7\u00e3o EAD","link":"https:\/\/radiosul.net\/wp\/2021\/faculdade-cna-esta-com-inscricoes-abertas-para-cursos-de-graduacao-ead\/"}],"_links":{"self":[{"href":"https:\/\/radiosul.net\/wp\/wp-json\/wp\/v2\/posts\/17276","targetHints":{"allow":["GET"]}}],"collection":[{"href":"https:\/\/radiosul.net\/wp\/wp-json\/wp\/v2\/posts"}],"about":[{"href":"https:\/\/radiosul.net\/wp\/wp-json\/wp\/v2\/types\/post"}],"author":[{"embeddable":true,"href":"https:\/\/radiosul.net\/wp\/wp-json\/wp\/v2\/users\/9"}],"replies":[{"embeddable":true,"href":"https:\/\/radiosul.net\/wp\/wp-json\/wp\/v2\/comments?post=17276"}],"version-history":[{"count":1,"href":"https:\/\/radiosul.net\/wp\/wp-json\/wp\/v2\/posts\/17276\/revisions"}],"predecessor-version":[{"id":17277,"href":"https:\/\/radiosul.net\/wp\/wp-json\/wp\/v2\/posts\/17276\/revisions\/17277"}],"wp:featuredmedia":[{"embeddable":true,"href":"https:\/\/radiosul.net\/wp\/wp-json\/wp\/v2\/media\/17270"}],"wp:attachment":[{"href":"https:\/\/radiosul.net\/wp\/wp-json\/wp\/v2\/media?parent=17276"}],"wp:term":[{"taxonomy":"category","embeddable":true,"href":"https:\/\/radiosul.net\/wp\/wp-json\/wp\/v2\/categories?post=17276"},{"taxonomy":"post_tag","embeddable":true,"href":"https:\/\/radiosul.net\/wp\/wp-json\/wp\/v2\/tags?post=17276"}],"curies":[{"name":"wp","href":"https:\/\/api.w.org\/{rel}","templated":true}]}}