{"id":17242,"date":"2021-01-12T08:24:21","date_gmt":"2021-01-12T11:24:21","guid":{"rendered":"https:\/\/radiosul.net\/wp\/?p=17242"},"modified":"2021-01-12T08:24:23","modified_gmt":"2021-01-12T11:24:23","slug":"17a-edicao-do-campo-agroacelerador-da-cooperja-sera-realizada-de-forma-digital","status":"publish","type":"post","link":"https:\/\/radiosul.net\/wp\/2021\/17a-edicao-do-campo-agroacelerador-da-cooperja-sera-realizada-de-forma-digital\/","title":{"rendered":"17\u00aa edi\u00e7\u00e3o do Campo Agroacelerador da Cooperja ser\u00e1 realizada de forma digital"},"content":{"rendered":"\n<p class=\"wp-block-paragraph\">Pensando na sa\u00fade e seguran\u00e7a de todos, zelando e obedecendo as normas sanit\u00e1rias devido a Covid-19, a dire\u00e7\u00e3o da Cooperja optou em adotar a vers\u00e3o 100% digital da 17\u00aa edi\u00e7\u00e3o do Campo Agroacelerador, que acontecer\u00e1 nos <strong>dias 3 e 4 de fevereiro de 2021.<\/strong><\/p>\n\n\n\n<p class=\"wp-block-paragraph\">Segundo o gerente do Campo, Jian Izidro de Borba \u00e9 uma experi\u00eancia nova para todos. \u201c\u00c9 grande expectativa e a oportunidade de sermos vistos por milhares de pessoas a n\u00edvel regional quanto nacional. Vai ser poss\u00edvel o produtor acessar todo o conte\u00fado atrav\u00e9s de uma plataforma digital, onde ser\u00e1 feito o cadastro e navegar em toda programa\u00e7\u00e3o do evento sem sair de casa e em seguran\u00e7a\u201d, explica Borba.<\/p>\n\n\n\n<p class=\"wp-block-paragraph\">O evento segue a mesma programa\u00e7\u00e3o ao qual aconteceria presencial, apresenta\u00e7\u00e3o de vitrines tecnol\u00f3gicas, estandes virtuais, pr\u00e1ticas em hor\u00e1rios espec\u00edficos na plataforma. Tamb\u00e9m acontecer\u00e1 a apresenta\u00e7\u00e3o de m\u00e1quinas, lan\u00e7amentos e novas tecnologias com grande oportunidade de neg\u00f3cios no evento digital.<\/p>\n\n\n\n<p class=\"wp-block-paragraph\">Os produtores e demais pessoas que estiverem assistindo poder\u00e3o fazer contato com as empresas no momento do evento atrav\u00e9s de links, QR Code, sites e WhatsApp.<\/p>\n\n\n\n<p class=\"wp-block-paragraph\">O evento est\u00e1 sendo planejado para continuar levando tudo que a Cooperja e seus parceiros t\u00eam no Campo Agroacelerador presencial, neste ano de forma digital. \u00c9 um formato seguro, para todos poderem acompanhar e participar de onde estiverem.<\/p>\n\n\n\n<p class=\"wp-block-paragraph\">Para o presidente Vanir Zanatta, novos desafios n\u00e3o assustam os profissionais da Cooperja. Pelo bem de todos e por unanimidade foi decidido pelo modelo virtual. \u201cTenho certeza que faremos desse evento o primeiro de muitos, j\u00e1 que poderemos ajudar mais agricultores, que do seu lar poder\u00e3o acompanhar toda programa\u00e7\u00e3o do evento. Certamente os campos presenciais voltar\u00e3o em 2022, mas junto estaremos tamb\u00e9m divulgando de forma virtual toda estrutura, toda novidade, todos os parceiros e assim atingiremos um p\u00fablico maior, acelerando a transfer\u00eancia de tecnologias, com seguran\u00e7a e qualidade de vida\u201d, espera Zanatta.<\/p>\n\n\n\n<p class=\"wp-block-paragraph\"><strong><em>Fonte: Cooperja<\/em><\/strong><\/p>\n","protected":false},"excerpt":{"rendered":"<p>Pensando na sa\u00fade e seguran\u00e7a de todos, zelando e obedecendo as normas sanit\u00e1rias devido a Covid-19, a dire\u00e7\u00e3o da Cooperja optou em adotar a vers\u00e3o 100% digital da 17\u00aa edi\u00e7\u00e3o do Campo Agroacelerador, que acontecer\u00e1 nos dias 3 e 4 de fevereiro de 2021. Segundo o gerente do Campo, Jian Izidro de Borba \u00e9 uma &hellip;<\/p>\n","protected":false},"author":9,"featured_media":17243,"comment_status":"closed","ping_status":"closed","sticky":false,"template":"","format":"standard","meta":{"_monsterinsights_skip_tracking":false,"_uf_show_specific_survey":0,"_uf_disable_surveys":false,"footnotes":""},"categories":[1,126],"tags":[],"class_list":["post-17242","post","type-post","status-publish","format-standard","has-post-thumbnail","hentry","category-agro","category-destacados"],"aioseo_notices":[],"aioseo_head":"\n\t\t<!-- All in One SEO 5.0.1.1 - aioseo.com -->\n\t<meta name=\"description\" content=\"Pensando na sa\u00fade e seguran\u00e7a de todos, zelando e obedecendo as normas sanit\u00e1rias devido a Covid-19, a dire\u00e7\u00e3o da Cooperja optou em adotar a vers\u00e3o 100% digital da 17\u00aa edi\u00e7\u00e3o do Campo Agroacelerador, que acontecer\u00e1 nos dias 3 e 4 de fevereiro de 2021. Segundo o gerente do Campo, Jian Izidro de Borba \u00e9 uma\" \/>\n\t<meta name=\"robots\" content=\"max-image-preview:large\" \/>\n\t<meta name=\"author\" content=\"Alejo Bordon\"\/>\n\t<link rel=\"canonical\" href=\"https:\/\/radiosul.net\/wp\/2021\/17a-edicao-do-campo-agroacelerador-da-cooperja-sera-realizada-de-forma-digital\/\" \/>\n\t<meta name=\"generator\" content=\"All in One SEO (AIOSEO) 5.0.1.1\" \/>\n\t\t<meta property=\"og:locale\" content=\"pt_BR\" \/>\n\t\t<meta property=\"og:site_name\" content=\"radiosul.net - Regional por Excel\u00eancia\" \/>\n\t\t<meta property=\"og:type\" content=\"article\" \/>\n\t\t<meta property=\"og:title\" content=\"17\u00aa edi\u00e7\u00e3o do Campo Agroacelerador da Cooperja ser\u00e1 realizada de forma digital - radiosul.net\" \/>\n\t\t<meta property=\"og:description\" content=\"Pensando na sa\u00fade e seguran\u00e7a de todos, zelando e obedecendo as normas sanit\u00e1rias devido a Covid-19, a dire\u00e7\u00e3o da Cooperja optou em adotar a vers\u00e3o 100% digital da 17\u00aa edi\u00e7\u00e3o do Campo Agroacelerador, que acontecer\u00e1 nos dias 3 e 4 de fevereiro de 2021. Segundo o gerente do Campo, Jian Izidro de Borba \u00e9 uma\" \/>\n\t\t<meta property=\"og:url\" content=\"https:\/\/radiosul.net\/wp\/2021\/17a-edicao-do-campo-agroacelerador-da-cooperja-sera-realizada-de-forma-digital\/\" \/>\n\t\t<meta property=\"article:published_time\" content=\"2021-01-12T11:24:21+00:00\" \/>\n\t\t<meta property=\"article:modified_time\" content=\"2021-01-12T11:24:23+00:00\" \/>\n\t\t<meta name=\"twitter:card\" content=\"summary_large_image\" \/>\n\t\t<meta name=\"twitter:title\" content=\"17\u00aa edi\u00e7\u00e3o do Campo Agroacelerador da Cooperja ser\u00e1 realizada de forma digital - radiosul.net\" \/>\n\t\t<meta name=\"twitter:description\" content=\"Pensando na sa\u00fade e seguran\u00e7a de todos, zelando e obedecendo as normas sanit\u00e1rias devido a Covid-19, a dire\u00e7\u00e3o da Cooperja optou em adotar a vers\u00e3o 100% digital da 17\u00aa edi\u00e7\u00e3o do Campo Agroacelerador, que acontecer\u00e1 nos dias 3 e 4 de fevereiro de 2021. Segundo o gerente do Campo, Jian Izidro de Borba \u00e9 uma\" \/>\n\t\t<script type=\"application\/ld+json\" class=\"aioseo-schema\">\n\t\t\t{\"@context\":\"https:\\\/\\\/schema.org\",\"@graph\":[{\"@type\":\"BlogPosting\",\"@id\":\"https:\\\/\\\/radiosul.net\\\/wp\\\/2021\\\/17a-edicao-do-campo-agroacelerador-da-cooperja-sera-realizada-de-forma-digital\\\/#blogposting\",\"name\":\"17\\u00aa edi\\u00e7\\u00e3o do Campo Agroacelerador da Cooperja ser\\u00e1 realizada de forma digital - radiosul.net\",\"headline\":\"17\\u00aa edi\\u00e7\\u00e3o do Campo Agroacelerador da Cooperja ser\\u00e1 realizada de forma digital\",\"author\":{\"@id\":\"https:\\\/\\\/radiosul.net\\\/wp\\\/author\\\/alejo\\\/#author\"},\"publisher\":{\"@id\":\"https:\\\/\\\/radiosul.net\\\/wp\\\/#organization\"},\"image\":{\"@type\":\"ImageObject\",\"url\":\"https:\\\/\\\/radiosul.net\\\/wp\\\/wp-content\\\/uploads\\\/2021\\\/01\\\/Cooperja-17-Agroacelerador.jpg\",\"width\":800,\"height\":500},\"datePublished\":\"2021-01-12T08:24:21-03:00\",\"dateModified\":\"2021-01-12T08:24:23-03:00\",\"inLanguage\":\"pt-BR\",\"mainEntityOfPage\":{\"@id\":\"https:\\\/\\\/radiosul.net\\\/wp\\\/2021\\\/17a-edicao-do-campo-agroacelerador-da-cooperja-sera-realizada-de-forma-digital\\\/#webpage\"},\"isPartOf\":{\"@id\":\"https:\\\/\\\/radiosul.net\\\/wp\\\/2021\\\/17a-edicao-do-campo-agroacelerador-da-cooperja-sera-realizada-de-forma-digital\\\/#webpage\"},\"articleSection\":\"Agroneg\\u00f3cio, Destaque\"},{\"@type\":\"BreadcrumbList\",\"@id\":\"https:\\\/\\\/radiosul.net\\\/wp\\\/2021\\\/17a-edicao-do-campo-agroacelerador-da-cooperja-sera-realizada-de-forma-digital\\\/#breadcrumblist\",\"itemListElement\":[{\"@type\":\"ListItem\",\"@id\":\"https:\\\/\\\/radiosul.net\\\/wp#listItem\",\"position\":1,\"name\":\"Home\",\"item\":\"https:\\\/\\\/radiosul.net\\\/wp\",\"nextItem\":{\"@type\":\"ListItem\",\"@id\":\"https:\\\/\\\/radiosul.net\\\/wp\\\/category\\\/agro\\\/#listItem\",\"name\":\"Agroneg\\u00f3cio\"}},{\"@type\":\"ListItem\",\"@id\":\"https:\\\/\\\/radiosul.net\\\/wp\\\/category\\\/agro\\\/#listItem\",\"position\":2,\"name\":\"Agroneg\\u00f3cio\",\"item\":\"https:\\\/\\\/radiosul.net\\\/wp\\\/category\\\/agro\\\/\",\"nextItem\":{\"@type\":\"ListItem\",\"@id\":\"https:\\\/\\\/radiosul.net\\\/wp\\\/2021\\\/17a-edicao-do-campo-agroacelerador-da-cooperja-sera-realizada-de-forma-digital\\\/#listItem\",\"name\":\"17\\u00aa edi\\u00e7\\u00e3o do Campo Agroacelerador da Cooperja ser\\u00e1 realizada de forma digital\"},\"previousItem\":{\"@type\":\"ListItem\",\"@id\":\"https:\\\/\\\/radiosul.net\\\/wp#listItem\",\"name\":\"Home\"}},{\"@type\":\"ListItem\",\"@id\":\"https:\\\/\\\/radiosul.net\\\/wp\\\/2021\\\/17a-edicao-do-campo-agroacelerador-da-cooperja-sera-realizada-de-forma-digital\\\/#listItem\",\"position\":3,\"name\":\"17\\u00aa edi\\u00e7\\u00e3o do Campo Agroacelerador da Cooperja ser\\u00e1 realizada de forma digital\",\"previousItem\":{\"@type\":\"ListItem\",\"@id\":\"https:\\\/\\\/radiosul.net\\\/wp\\\/category\\\/agro\\\/#listItem\",\"name\":\"Agroneg\\u00f3cio\"}}]},{\"@type\":\"Organization\",\"@id\":\"https:\\\/\\\/radiosul.net\\\/wp\\\/#organization\",\"name\":\"radiosul.net\",\"description\":\"Regional por Excel\\u00eancia\",\"url\":\"https:\\\/\\\/radiosul.net\\\/wp\\\/\"},{\"@type\":\"Person\",\"@id\":\"https:\\\/\\\/radiosul.net\\\/wp\\\/author\\\/alejo\\\/#author\",\"url\":\"https:\\\/\\\/radiosul.net\\\/wp\\\/author\\\/alejo\\\/\",\"name\":\"Alejo Bordon\",\"image\":{\"@type\":\"ImageObject\",\"@id\":\"https:\\\/\\\/radiosul.net\\\/wp\\\/2021\\\/17a-edicao-do-campo-agroacelerador-da-cooperja-sera-realizada-de-forma-digital\\\/#authorImage\",\"url\":\"https:\\\/\\\/secure.gravatar.com\\\/avatar\\\/b3a7e7f1c71212e6a5b7183b79a2ab58dad8bdc4cd4eadd61c4434d010d0bae4?s=96&d=mm&r=g\",\"width\":96,\"height\":96,\"caption\":\"Alejo Bordon\"}},{\"@type\":\"WebPage\",\"@id\":\"https:\\\/\\\/radiosul.net\\\/wp\\\/2021\\\/17a-edicao-do-campo-agroacelerador-da-cooperja-sera-realizada-de-forma-digital\\\/#webpage\",\"url\":\"https:\\\/\\\/radiosul.net\\\/wp\\\/2021\\\/17a-edicao-do-campo-agroacelerador-da-cooperja-sera-realizada-de-forma-digital\\\/\",\"name\":\"17\\u00aa edi\\u00e7\\u00e3o do Campo Agroacelerador da Cooperja ser\\u00e1 realizada de forma digital - radiosul.net\",\"description\":\"Pensando na sa\\u00fade e seguran\\u00e7a de todos, zelando e obedecendo as normas sanit\\u00e1rias devido a Covid-19, a dire\\u00e7\\u00e3o da Cooperja optou em adotar a vers\\u00e3o 100% digital da 17\\u00aa edi\\u00e7\\u00e3o do Campo Agroacelerador, que acontecer\\u00e1 nos dias 3 e 4 de fevereiro de 2021. Segundo o gerente do Campo, Jian Izidro de Borba \\u00e9 uma\",\"inLanguage\":\"pt-BR\",\"isPartOf\":{\"@id\":\"https:\\\/\\\/radiosul.net\\\/wp\\\/#website\"},\"breadcrumb\":{\"@id\":\"https:\\\/\\\/radiosul.net\\\/wp\\\/2021\\\/17a-edicao-do-campo-agroacelerador-da-cooperja-sera-realizada-de-forma-digital\\\/#breadcrumblist\"},\"author\":{\"@id\":\"https:\\\/\\\/radiosul.net\\\/wp\\\/author\\\/alejo\\\/#author\"},\"creator\":{\"@id\":\"https:\\\/\\\/radiosul.net\\\/wp\\\/author\\\/alejo\\\/#author\"},\"image\":{\"@type\":\"ImageObject\",\"url\":\"https:\\\/\\\/radiosul.net\\\/wp\\\/wp-content\\\/uploads\\\/2021\\\/01\\\/Cooperja-17-Agroacelerador.jpg\",\"@id\":\"https:\\\/\\\/radiosul.net\\\/wp\\\/2021\\\/17a-edicao-do-campo-agroacelerador-da-cooperja-sera-realizada-de-forma-digital\\\/#mainImage\",\"width\":800,\"height\":500},\"primaryImageOfPage\":{\"@id\":\"https:\\\/\\\/radiosul.net\\\/wp\\\/2021\\\/17a-edicao-do-campo-agroacelerador-da-cooperja-sera-realizada-de-forma-digital\\\/#mainImage\"},\"datePublished\":\"2021-01-12T08:24:21-03:00\",\"dateModified\":\"2021-01-12T08:24:23-03:00\"},{\"@type\":\"WebSite\",\"@id\":\"https:\\\/\\\/radiosul.net\\\/wp\\\/#website\",\"url\":\"https:\\\/\\\/radiosul.net\\\/wp\\\/\",\"name\":\"radiosul.net\",\"description\":\"Regional por Excel\\u00eancia\",\"inLanguage\":\"pt-BR\",\"publisher\":{\"@id\":\"https:\\\/\\\/radiosul.net\\\/wp\\\/#organization\"}}]}\n\t\t<\/script>\n\t\t<!-- All in One SEO -->\n\n","aioseo_head_json":{"title":"17\u00aa edi\u00e7\u00e3o do Campo Agroacelerador da Cooperja ser\u00e1 realizada de forma digital - radiosul.net","description":"Pensando na sa\u00fade e seguran\u00e7a de todos, zelando e obedecendo as normas sanit\u00e1rias devido a Covid-19, a dire\u00e7\u00e3o da Cooperja optou em adotar a vers\u00e3o 100% digital da 17\u00aa edi\u00e7\u00e3o do Campo Agroacelerador, que acontecer\u00e1 nos dias 3 e 4 de fevereiro de 2021. Segundo o gerente do Campo, Jian Izidro de Borba \u00e9 uma","canonical_url":"https:\/\/radiosul.net\/wp\/2021\/17a-edicao-do-campo-agroacelerador-da-cooperja-sera-realizada-de-forma-digital\/","robots":"max-image-preview:large","keywords":"","webmasterTools":{"miscellaneous":""},"schema":{"@context":"https:\/\/schema.org","@graph":[{"@type":"BlogPosting","@id":"https:\/\/radiosul.net\/wp\/2021\/17a-edicao-do-campo-agroacelerador-da-cooperja-sera-realizada-de-forma-digital\/#blogposting","name":"17\u00aa edi\u00e7\u00e3o do Campo Agroacelerador da Cooperja ser\u00e1 realizada de forma digital - radiosul.net","headline":"17\u00aa edi\u00e7\u00e3o do Campo Agroacelerador da Cooperja ser\u00e1 realizada de forma digital","author":{"@id":"https:\/\/radiosul.net\/wp\/author\/alejo\/#author"},"publisher":{"@id":"https:\/\/radiosul.net\/wp\/#organization"},"image":{"@type":"ImageObject","url":"https:\/\/radiosul.net\/wp\/wp-content\/uploads\/2021\/01\/Cooperja-17-Agroacelerador.jpg","width":800,"height":500},"datePublished":"2021-01-12T08:24:21-03:00","dateModified":"2021-01-12T08:24:23-03:00","inLanguage":"pt-BR","mainEntityOfPage":{"@id":"https:\/\/radiosul.net\/wp\/2021\/17a-edicao-do-campo-agroacelerador-da-cooperja-sera-realizada-de-forma-digital\/#webpage"},"isPartOf":{"@id":"https:\/\/radiosul.net\/wp\/2021\/17a-edicao-do-campo-agroacelerador-da-cooperja-sera-realizada-de-forma-digital\/#webpage"},"articleSection":"Agroneg\u00f3cio, Destaque"},{"@type":"BreadcrumbList","@id":"https:\/\/radiosul.net\/wp\/2021\/17a-edicao-do-campo-agroacelerador-da-cooperja-sera-realizada-de-forma-digital\/#breadcrumblist","itemListElement":[{"@type":"ListItem","@id":"https:\/\/radiosul.net\/wp#listItem","position":1,"name":"Home","item":"https:\/\/radiosul.net\/wp","nextItem":{"@type":"ListItem","@id":"https:\/\/radiosul.net\/wp\/category\/agro\/#listItem","name":"Agroneg\u00f3cio"}},{"@type":"ListItem","@id":"https:\/\/radiosul.net\/wp\/category\/agro\/#listItem","position":2,"name":"Agroneg\u00f3cio","item":"https:\/\/radiosul.net\/wp\/category\/agro\/","nextItem":{"@type":"ListItem","@id":"https:\/\/radiosul.net\/wp\/2021\/17a-edicao-do-campo-agroacelerador-da-cooperja-sera-realizada-de-forma-digital\/#listItem","name":"17\u00aa edi\u00e7\u00e3o do Campo Agroacelerador da Cooperja ser\u00e1 realizada de forma digital"},"previousItem":{"@type":"ListItem","@id":"https:\/\/radiosul.net\/wp#listItem","name":"Home"}},{"@type":"ListItem","@id":"https:\/\/radiosul.net\/wp\/2021\/17a-edicao-do-campo-agroacelerador-da-cooperja-sera-realizada-de-forma-digital\/#listItem","position":3,"name":"17\u00aa edi\u00e7\u00e3o do Campo Agroacelerador da Cooperja ser\u00e1 realizada de forma digital","previousItem":{"@type":"ListItem","@id":"https:\/\/radiosul.net\/wp\/category\/agro\/#listItem","name":"Agroneg\u00f3cio"}}]},{"@type":"Organization","@id":"https:\/\/radiosul.net\/wp\/#organization","name":"radiosul.net","description":"Regional por Excel\u00eancia","url":"https:\/\/radiosul.net\/wp\/"},{"@type":"Person","@id":"https:\/\/radiosul.net\/wp\/author\/alejo\/#author","url":"https:\/\/radiosul.net\/wp\/author\/alejo\/","name":"Alejo Bordon","image":{"@type":"ImageObject","@id":"https:\/\/radiosul.net\/wp\/2021\/17a-edicao-do-campo-agroacelerador-da-cooperja-sera-realizada-de-forma-digital\/#authorImage","url":"https:\/\/secure.gravatar.com\/avatar\/b3a7e7f1c71212e6a5b7183b79a2ab58dad8bdc4cd4eadd61c4434d010d0bae4?s=96&d=mm&r=g","width":96,"height":96,"caption":"Alejo Bordon"}},{"@type":"WebPage","@id":"https:\/\/radiosul.net\/wp\/2021\/17a-edicao-do-campo-agroacelerador-da-cooperja-sera-realizada-de-forma-digital\/#webpage","url":"https:\/\/radiosul.net\/wp\/2021\/17a-edicao-do-campo-agroacelerador-da-cooperja-sera-realizada-de-forma-digital\/","name":"17\u00aa edi\u00e7\u00e3o do Campo Agroacelerador da Cooperja ser\u00e1 realizada de forma digital - radiosul.net","description":"Pensando na sa\u00fade e seguran\u00e7a de todos, zelando e obedecendo as normas sanit\u00e1rias devido a Covid-19, a dire\u00e7\u00e3o da Cooperja optou em adotar a vers\u00e3o 100% digital da 17\u00aa edi\u00e7\u00e3o do Campo Agroacelerador, que acontecer\u00e1 nos dias 3 e 4 de fevereiro de 2021. Segundo o gerente do Campo, Jian Izidro de Borba \u00e9 uma","inLanguage":"pt-BR","isPartOf":{"@id":"https:\/\/radiosul.net\/wp\/#website"},"breadcrumb":{"@id":"https:\/\/radiosul.net\/wp\/2021\/17a-edicao-do-campo-agroacelerador-da-cooperja-sera-realizada-de-forma-digital\/#breadcrumblist"},"author":{"@id":"https:\/\/radiosul.net\/wp\/author\/alejo\/#author"},"creator":{"@id":"https:\/\/radiosul.net\/wp\/author\/alejo\/#author"},"image":{"@type":"ImageObject","url":"https:\/\/radiosul.net\/wp\/wp-content\/uploads\/2021\/01\/Cooperja-17-Agroacelerador.jpg","@id":"https:\/\/radiosul.net\/wp\/2021\/17a-edicao-do-campo-agroacelerador-da-cooperja-sera-realizada-de-forma-digital\/#mainImage","width":800,"height":500},"primaryImageOfPage":{"@id":"https:\/\/radiosul.net\/wp\/2021\/17a-edicao-do-campo-agroacelerador-da-cooperja-sera-realizada-de-forma-digital\/#mainImage"},"datePublished":"2021-01-12T08:24:21-03:00","dateModified":"2021-01-12T08:24:23-03:00"},{"@type":"WebSite","@id":"https:\/\/radiosul.net\/wp\/#website","url":"https:\/\/radiosul.net\/wp\/","name":"radiosul.net","description":"Regional por Excel\u00eancia","inLanguage":"pt-BR","publisher":{"@id":"https:\/\/radiosul.net\/wp\/#organization"}}]},"og:locale":"pt_BR","og:site_name":"radiosul.net - Regional por Excel\u00eancia","og:type":"article","og:title":"17\u00aa edi\u00e7\u00e3o do Campo Agroacelerador da Cooperja ser\u00e1 realizada de forma digital - radiosul.net","og:description":"Pensando na sa\u00fade e seguran\u00e7a de todos, zelando e obedecendo as normas sanit\u00e1rias devido a Covid-19, a dire\u00e7\u00e3o da Cooperja optou em adotar a vers\u00e3o 100% digital da 17\u00aa edi\u00e7\u00e3o do Campo Agroacelerador, que acontecer\u00e1 nos dias 3 e 4 de fevereiro de 2021. Segundo o gerente do Campo, Jian Izidro de Borba \u00e9 uma","og:url":"https:\/\/radiosul.net\/wp\/2021\/17a-edicao-do-campo-agroacelerador-da-cooperja-sera-realizada-de-forma-digital\/","article:published_time":"2021-01-12T11:24:21+00:00","article:modified_time":"2021-01-12T11:24:23+00:00","twitter:card":"summary_large_image","twitter:title":"17\u00aa edi\u00e7\u00e3o do Campo Agroacelerador da Cooperja ser\u00e1 realizada de forma digital - radiosul.net","twitter:description":"Pensando na sa\u00fade e seguran\u00e7a de todos, zelando e obedecendo as normas sanit\u00e1rias devido a Covid-19, a dire\u00e7\u00e3o da Cooperja optou em adotar a vers\u00e3o 100% digital da 17\u00aa edi\u00e7\u00e3o do Campo Agroacelerador, que acontecer\u00e1 nos dias 3 e 4 de fevereiro de 2021. Segundo o gerente do Campo, Jian Izidro de Borba \u00e9 uma"},"aioseo_meta_data":{"post_id":"17242","title":null,"description":null,"keywords":null,"keyphrases":null,"primary_term":null,"canonical_url":null,"og_title":null,"og_description":null,"og_object_type":"default","og_image_type":"default","og_image_url":null,"og_image_width":null,"og_image_height":null,"og_image_custom_url":null,"og_image_custom_fields":null,"og_video":null,"og_custom_url":null,"og_article_section":null,"og_article_tags":null,"twitter_use_og":false,"twitter_card":"default","twitter_image_type":"default","twitter_image_url":null,"twitter_image_custom_url":null,"twitter_image_custom_fields":null,"twitter_title":null,"twitter_description":null,"schema":{"blockGraphs":[],"customGraphs":[],"default":{"data":{"Article":[],"Course":[],"Dataset":[],"FAQPage":[],"Movie":[],"Person":[],"Product":[],"ProductReview":[],"Car":[],"Recipe":[],"Service":[],"SoftwareApplication":[],"WebPage":[]},"graphName":"","isEnabled":true},"graphs":[]},"schema_type":"default","schema_type_options":null,"pillar_content":false,"robots_default":true,"robots_noindex":false,"robots_noarchive":false,"robots_nosnippet":false,"robots_nofollow":false,"robots_noimageindex":false,"robots_noodp":false,"robots_notranslate":false,"robots_max_snippet":null,"robots_max_videopreview":null,"robots_max_imagepreview":"large","priority":null,"frequency":null,"local_seo":null,"breadcrumb_settings":null,"limit_modified_date":false,"ai":null,"created":"2026-01-09 00:58:57","updated":"2026-01-09 00:58:57","seo_analyzer_scan_date":null,"focus_keyword":null,"additional_keywords":null,"truseo_locale":null},"aioseo_breadcrumb":"<div class=\"aioseo-breadcrumbs\"><span class=\"aioseo-breadcrumb\">\n\t\t\t<a href=\"https:\/\/radiosul.net\/wp\" title=\"Home\">Home<\/a>\n\t\t<\/span><span class=\"aioseo-breadcrumb-separator\">&raquo;<\/span><span class=\"aioseo-breadcrumb\">\n\t\t\t<a href=\"https:\/\/radiosul.net\/wp\/category\/agro\/\" title=\"Agroneg\u00f3cio\">Agroneg\u00f3cio<\/a>\n\t\t<\/span><span class=\"aioseo-breadcrumb-separator\">&raquo;<\/span><span class=\"aioseo-breadcrumb\">\n\t\t\t17\u00aa edi\u00e7\u00e3o do Campo Agroacelerador da Cooperja ser\u00e1 realizada de forma digital\n\t\t<\/span><\/div>","aioseo_breadcrumb_json":[{"label":"Home","link":"https:\/\/radiosul.net\/wp"},{"label":"Agroneg\u00f3cio","link":"https:\/\/radiosul.net\/wp\/category\/agro\/"},{"label":"17\u00aa edi\u00e7\u00e3o do Campo Agroacelerador da Cooperja ser\u00e1 realizada de forma digital","link":"https:\/\/radiosul.net\/wp\/2021\/17a-edicao-do-campo-agroacelerador-da-cooperja-sera-realizada-de-forma-digital\/"}],"_links":{"self":[{"href":"https:\/\/radiosul.net\/wp\/wp-json\/wp\/v2\/posts\/17242","targetHints":{"allow":["GET"]}}],"collection":[{"href":"https:\/\/radiosul.net\/wp\/wp-json\/wp\/v2\/posts"}],"about":[{"href":"https:\/\/radiosul.net\/wp\/wp-json\/wp\/v2\/types\/post"}],"author":[{"embeddable":true,"href":"https:\/\/radiosul.net\/wp\/wp-json\/wp\/v2\/users\/9"}],"replies":[{"embeddable":true,"href":"https:\/\/radiosul.net\/wp\/wp-json\/wp\/v2\/comments?post=17242"}],"version-history":[{"count":1,"href":"https:\/\/radiosul.net\/wp\/wp-json\/wp\/v2\/posts\/17242\/revisions"}],"predecessor-version":[{"id":17244,"href":"https:\/\/radiosul.net\/wp\/wp-json\/wp\/v2\/posts\/17242\/revisions\/17244"}],"wp:featuredmedia":[{"embeddable":true,"href":"https:\/\/radiosul.net\/wp\/wp-json\/wp\/v2\/media\/17243"}],"wp:attachment":[{"href":"https:\/\/radiosul.net\/wp\/wp-json\/wp\/v2\/media?parent=17242"}],"wp:term":[{"taxonomy":"category","embeddable":true,"href":"https:\/\/radiosul.net\/wp\/wp-json\/wp\/v2\/categories?post=17242"},{"taxonomy":"post_tag","embeddable":true,"href":"https:\/\/radiosul.net\/wp\/wp-json\/wp\/v2\/tags?post=17242"}],"curies":[{"name":"wp","href":"https:\/\/api.w.org\/{rel}","templated":true}]}}