{"id":17088,"date":"2020-12-30T07:06:00","date_gmt":"2020-12-30T10:06:00","guid":{"rendered":"https:\/\/radiosul.net\/wp\/?p=17088"},"modified":"2020-12-30T03:07:37","modified_gmt":"2020-12-30T06:07:37","slug":"geracao-fotovoltaica-dobra-no-rs-em-2020","status":"publish","type":"post","link":"https:\/\/radiosul.net\/wp\/2020\/geracao-fotovoltaica-dobra-no-rs-em-2020\/","title":{"rendered":"Gera\u00e7\u00e3o fotovoltaica dobra no RS em 2020"},"content":{"rendered":"\n<p class=\"wp-block-paragraph\">Nem mesmo a pandemia do coronav\u00edrus impediu que a gera\u00e7\u00e3o de energia solar fechasse o ano com um crescimento vertiginoso no Rio Grande do Sul. A diretora da Solled Energia e coordenadora estadual da Associa\u00e7\u00e3o Brasileira de Energia Solar (Absolar), Mara Schwengber, informa que a capacidade instalada de sistemas fotovoltaicos ga\u00fachos em janeiro de 2020 era de 266 MW e a pot\u00eancia da gera\u00e7\u00e3o distribu\u00edda no Estado (produ\u00e7\u00e3o de energia pelo pr\u00f3prio consumidor, modelo que \u00e9 97% sustentado pela fonte solar) na \u00faltima semana de dezembro chegou na casa de 546 MW, conforme dados da Ag\u00eancia Nacional de Energia El\u00e9trica (Aneel).<\/p>\n\n\n\n<p class=\"wp-block-paragraph\">O Rio Grande do Sul finaliza o ano superado apenas por Minas Gerais, com 858 MW, e S\u00e3o Paulo, com 551 MW. &#8220;Para 2021, e para os pr\u00f3ximos anos, a gente ainda espera um crescimento exponencial, se tivermos uma seguran\u00e7a regulat\u00f3ria e n\u00e3o houver mudan\u00e7as que prejudiquem o setor&#8221;, adianta a diretora da Absolar. Mara destaca que a tend\u00eancia \u00e9 que cada vez mais o uso da energia solar seja pulverizado no Estado. Atualmente, as cidades ga\u00fachas que mais se aproveitam desse recurso s\u00e3o Caxias do Sul (com 19,2 MW de capacidade instalada), Santa Cruz do Sul (16,1 MW) e Porto Alegre (14,4 W).<\/p>\n\n\n\n<p class=\"wp-block-paragraph\">De acordo com a dirigente, a pandemia da Covid-19, no seu come\u00e7o, em abril e maio, ocasionou algum impacto para as empresas que instalam sistemas fotovoltaicos, mas nos meses seguintes houve a retomada desse mercado. Mara argumenta que as pessoas ficaram mais em casa, aumentando o consumo de energia e passaram a pensar em investir na gera\u00e7\u00e3o solar para diminuir esses gastos. Tamb\u00e9m o setor industrial, com a recupera\u00e7\u00e3o da economia, voltou a apostar nessa solu\u00e7\u00e3o. Em m\u00e9dia, a integrante da Absolar diz que o retorno do aporte feito em uma solu\u00e7\u00e3o fotovoltaica, atrav\u00e9s do abatimento dos custos na conta de luz, ocorre em torno de quatro anos para uma resid\u00eancia e em aproximadamente sete anos para uma ind\u00fastria.<\/p>\n\n\n\n<p class=\"wp-block-paragraph\">A dirigente acrescenta que as empresas que trabalham na cadeia de instala\u00e7\u00e3o de equipamentos fotovoltaicos ser\u00e3o importantes para a recupera\u00e7\u00e3o da economia como um todo, pois \u00e9 um segmento que propicia emprego e renda. No Estado, os investimentos em energia solar, at\u00e9 agora, j\u00e1 superaram R$ 2,3 bilh\u00f5es, com mais de 13 mil novos empregos gerados e mais de R$ 619,8 milh\u00f5es em arrecada\u00e7\u00e3o de tributos ao poder p\u00fablico. Uma prova do otimismo com o setor \u00e9 a proje\u00e7\u00e3o da pr\u00f3pria empresa de Mara, a Solled Energia, que espera um crescimento de faturamento de cerca de 30% para 2021.<\/p>\n\n\n\n<p class=\"wp-block-paragraph\">A diretora da Absolar comenta ainda que, com o passar do tempo, foi poss\u00edvel verificar uma mudan\u00e7a quanto ao p\u00fablico-alvo das companhias que atuam nessa \u00e1rea. No in\u00edcio, ao se falar em energia solar, remetia-se fundamentalmente aos clientes residenciais, no entanto hoje muitas empresas est\u00e3o adotando essa op\u00e7\u00e3o. Segundo Mara, as moradias ainda significam 69% do n\u00famero de sistemas implementados, contudo se for considerada a pot\u00eancia instalada desses equipamentos, a classe industrial, de com\u00e9rcio e servi\u00e7os j\u00e1 totaliza mais da metade da capacidade.<\/p>\n\n\n\n<p class=\"wp-block-paragraph\"><strong><em>Fonte: Jornal do Com\u00e9rcio<\/em><\/strong><\/p>\n","protected":false},"excerpt":{"rendered":"<p>Nem mesmo a pandemia do coronav\u00edrus impediu que a gera\u00e7\u00e3o de energia solar fechasse o ano com um crescimento vertiginoso no Rio Grande do Sul. A diretora da Solled Energia e coordenadora estadual da Associa\u00e7\u00e3o Brasileira de Energia Solar (Absolar), Mara Schwengber, informa que a capacidade instalada de sistemas fotovoltaicos ga\u00fachos em janeiro de 2020 &hellip;<\/p>\n","protected":false},"author":9,"featured_media":17084,"comment_status":"closed","ping_status":"closed","sticky":false,"template":"","format":"standard","meta":{"_monsterinsights_skip_tracking":false,"_uf_show_specific_survey":0,"_uf_disable_surveys":false,"footnotes":""},"categories":[126],"tags":[],"class_list":["post-17088","post","type-post","status-publish","format-standard","has-post-thumbnail","hentry","category-destacados"],"aioseo_notices":[],"aioseo_head":"\n\t\t<!-- All in One SEO 5.0.1.1 - aioseo.com -->\n\t<meta name=\"description\" content=\"Nem mesmo a pandemia do coronav\u00edrus impediu que a gera\u00e7\u00e3o de energia solar fechasse o ano com um crescimento vertiginoso no Rio Grande do Sul. A diretora da Solled Energia e coordenadora estadual da Associa\u00e7\u00e3o Brasileira de Energia Solar (Absolar), Mara Schwengber, informa que a capacidade instalada de sistemas fotovoltaicos ga\u00fachos em janeiro de 2020\" \/>\n\t<meta name=\"robots\" content=\"max-image-preview:large\" \/>\n\t<meta name=\"author\" content=\"Alejo Bordon\"\/>\n\t<link rel=\"canonical\" href=\"https:\/\/radiosul.net\/wp\/2020\/geracao-fotovoltaica-dobra-no-rs-em-2020\/\" \/>\n\t<meta name=\"generator\" content=\"All in One SEO (AIOSEO) 5.0.1.1\" \/>\n\t\t<meta property=\"og:locale\" content=\"pt_BR\" \/>\n\t\t<meta property=\"og:site_name\" content=\"radiosul.net - Regional por Excel\u00eancia\" \/>\n\t\t<meta property=\"og:type\" content=\"article\" \/>\n\t\t<meta property=\"og:title\" content=\"Gera\u00e7\u00e3o fotovoltaica dobra no RS em 2020 - radiosul.net\" \/>\n\t\t<meta property=\"og:description\" content=\"Nem mesmo a pandemia do coronav\u00edrus impediu que a gera\u00e7\u00e3o de energia solar fechasse o ano com um crescimento vertiginoso no Rio Grande do Sul. A diretora da Solled Energia e coordenadora estadual da Associa\u00e7\u00e3o Brasileira de Energia Solar (Absolar), Mara Schwengber, informa que a capacidade instalada de sistemas fotovoltaicos ga\u00fachos em janeiro de 2020\" \/>\n\t\t<meta property=\"og:url\" content=\"https:\/\/radiosul.net\/wp\/2020\/geracao-fotovoltaica-dobra-no-rs-em-2020\/\" \/>\n\t\t<meta property=\"article:published_time\" content=\"2020-12-30T10:06:00+00:00\" \/>\n\t\t<meta property=\"article:modified_time\" content=\"2020-12-30T06:07:37+00:00\" \/>\n\t\t<meta name=\"twitter:card\" content=\"summary_large_image\" \/>\n\t\t<meta name=\"twitter:title\" content=\"Gera\u00e7\u00e3o fotovoltaica dobra no RS em 2020 - radiosul.net\" \/>\n\t\t<meta name=\"twitter:description\" content=\"Nem mesmo a pandemia do coronav\u00edrus impediu que a gera\u00e7\u00e3o de energia solar fechasse o ano com um crescimento vertiginoso no Rio Grande do Sul. A diretora da Solled Energia e coordenadora estadual da Associa\u00e7\u00e3o Brasileira de Energia Solar (Absolar), Mara Schwengber, informa que a capacidade instalada de sistemas fotovoltaicos ga\u00fachos em janeiro de 2020\" \/>\n\t\t<script type=\"application\/ld+json\" class=\"aioseo-schema\">\n\t\t\t{\"@context\":\"https:\\\/\\\/schema.org\",\"@graph\":[{\"@type\":\"BlogPosting\",\"@id\":\"https:\\\/\\\/radiosul.net\\\/wp\\\/2020\\\/geracao-fotovoltaica-dobra-no-rs-em-2020\\\/#blogposting\",\"name\":\"Gera\\u00e7\\u00e3o fotovoltaica dobra no RS em 2020 - radiosul.net\",\"headline\":\"Gera\\u00e7\\u00e3o fotovoltaica dobra no RS em 2020\",\"author\":{\"@id\":\"https:\\\/\\\/radiosul.net\\\/wp\\\/author\\\/alejo\\\/#author\"},\"publisher\":{\"@id\":\"https:\\\/\\\/radiosul.net\\\/wp\\\/#organization\"},\"image\":{\"@type\":\"ImageObject\",\"url\":\"https:\\\/\\\/radiosul.net\\\/wp\\\/wp-content\\\/uploads\\\/2020\\\/12\\\/usina_solar_credito_banco_de_imagens_solled-9220317.jpg\",\"width\":800,\"height\":599,\"caption\":\"Foto: Banco de Imagens Solled\\\/Divulga\\u00e7\\u00e3o\\\/JC\"},\"datePublished\":\"2020-12-30T07:06:00-03:00\",\"dateModified\":\"2020-12-30T03:07:37-03:00\",\"inLanguage\":\"pt-BR\",\"mainEntityOfPage\":{\"@id\":\"https:\\\/\\\/radiosul.net\\\/wp\\\/2020\\\/geracao-fotovoltaica-dobra-no-rs-em-2020\\\/#webpage\"},\"isPartOf\":{\"@id\":\"https:\\\/\\\/radiosul.net\\\/wp\\\/2020\\\/geracao-fotovoltaica-dobra-no-rs-em-2020\\\/#webpage\"},\"articleSection\":\"Destaque\"},{\"@type\":\"BreadcrumbList\",\"@id\":\"https:\\\/\\\/radiosul.net\\\/wp\\\/2020\\\/geracao-fotovoltaica-dobra-no-rs-em-2020\\\/#breadcrumblist\",\"itemListElement\":[{\"@type\":\"ListItem\",\"@id\":\"https:\\\/\\\/radiosul.net\\\/wp#listItem\",\"position\":1,\"name\":\"Home\",\"item\":\"https:\\\/\\\/radiosul.net\\\/wp\",\"nextItem\":{\"@type\":\"ListItem\",\"@id\":\"https:\\\/\\\/radiosul.net\\\/wp\\\/category\\\/destacados\\\/#listItem\",\"name\":\"Destaque\"}},{\"@type\":\"ListItem\",\"@id\":\"https:\\\/\\\/radiosul.net\\\/wp\\\/category\\\/destacados\\\/#listItem\",\"position\":2,\"name\":\"Destaque\",\"item\":\"https:\\\/\\\/radiosul.net\\\/wp\\\/category\\\/destacados\\\/\",\"nextItem\":{\"@type\":\"ListItem\",\"@id\":\"https:\\\/\\\/radiosul.net\\\/wp\\\/2020\\\/geracao-fotovoltaica-dobra-no-rs-em-2020\\\/#listItem\",\"name\":\"Gera\\u00e7\\u00e3o fotovoltaica dobra no RS em 2020\"},\"previousItem\":{\"@type\":\"ListItem\",\"@id\":\"https:\\\/\\\/radiosul.net\\\/wp#listItem\",\"name\":\"Home\"}},{\"@type\":\"ListItem\",\"@id\":\"https:\\\/\\\/radiosul.net\\\/wp\\\/2020\\\/geracao-fotovoltaica-dobra-no-rs-em-2020\\\/#listItem\",\"position\":3,\"name\":\"Gera\\u00e7\\u00e3o fotovoltaica dobra no RS em 2020\",\"previousItem\":{\"@type\":\"ListItem\",\"@id\":\"https:\\\/\\\/radiosul.net\\\/wp\\\/category\\\/destacados\\\/#listItem\",\"name\":\"Destaque\"}}]},{\"@type\":\"Organization\",\"@id\":\"https:\\\/\\\/radiosul.net\\\/wp\\\/#organization\",\"name\":\"radiosul.net\",\"description\":\"Regional por Excel\\u00eancia\",\"url\":\"https:\\\/\\\/radiosul.net\\\/wp\\\/\"},{\"@type\":\"Person\",\"@id\":\"https:\\\/\\\/radiosul.net\\\/wp\\\/author\\\/alejo\\\/#author\",\"url\":\"https:\\\/\\\/radiosul.net\\\/wp\\\/author\\\/alejo\\\/\",\"name\":\"Alejo Bordon\",\"image\":{\"@type\":\"ImageObject\",\"@id\":\"https:\\\/\\\/radiosul.net\\\/wp\\\/2020\\\/geracao-fotovoltaica-dobra-no-rs-em-2020\\\/#authorImage\",\"url\":\"https:\\\/\\\/secure.gravatar.com\\\/avatar\\\/b3a7e7f1c71212e6a5b7183b79a2ab58dad8bdc4cd4eadd61c4434d010d0bae4?s=96&d=mm&r=g\",\"width\":96,\"height\":96,\"caption\":\"Alejo Bordon\"}},{\"@type\":\"WebPage\",\"@id\":\"https:\\\/\\\/radiosul.net\\\/wp\\\/2020\\\/geracao-fotovoltaica-dobra-no-rs-em-2020\\\/#webpage\",\"url\":\"https:\\\/\\\/radiosul.net\\\/wp\\\/2020\\\/geracao-fotovoltaica-dobra-no-rs-em-2020\\\/\",\"name\":\"Gera\\u00e7\\u00e3o fotovoltaica dobra no RS em 2020 - radiosul.net\",\"description\":\"Nem mesmo a pandemia do coronav\\u00edrus impediu que a gera\\u00e7\\u00e3o de energia solar fechasse o ano com um crescimento vertiginoso no Rio Grande do Sul. A diretora da Solled Energia e coordenadora estadual da Associa\\u00e7\\u00e3o Brasileira de Energia Solar (Absolar), Mara Schwengber, informa que a capacidade instalada de sistemas fotovoltaicos ga\\u00fachos em janeiro de 2020\",\"inLanguage\":\"pt-BR\",\"isPartOf\":{\"@id\":\"https:\\\/\\\/radiosul.net\\\/wp\\\/#website\"},\"breadcrumb\":{\"@id\":\"https:\\\/\\\/radiosul.net\\\/wp\\\/2020\\\/geracao-fotovoltaica-dobra-no-rs-em-2020\\\/#breadcrumblist\"},\"author\":{\"@id\":\"https:\\\/\\\/radiosul.net\\\/wp\\\/author\\\/alejo\\\/#author\"},\"creator\":{\"@id\":\"https:\\\/\\\/radiosul.net\\\/wp\\\/author\\\/alejo\\\/#author\"},\"image\":{\"@type\":\"ImageObject\",\"url\":\"https:\\\/\\\/radiosul.net\\\/wp\\\/wp-content\\\/uploads\\\/2020\\\/12\\\/usina_solar_credito_banco_de_imagens_solled-9220317.jpg\",\"@id\":\"https:\\\/\\\/radiosul.net\\\/wp\\\/2020\\\/geracao-fotovoltaica-dobra-no-rs-em-2020\\\/#mainImage\",\"width\":800,\"height\":599,\"caption\":\"Foto: Banco de Imagens Solled\\\/Divulga\\u00e7\\u00e3o\\\/JC\"},\"primaryImageOfPage\":{\"@id\":\"https:\\\/\\\/radiosul.net\\\/wp\\\/2020\\\/geracao-fotovoltaica-dobra-no-rs-em-2020\\\/#mainImage\"},\"datePublished\":\"2020-12-30T07:06:00-03:00\",\"dateModified\":\"2020-12-30T03:07:37-03:00\"},{\"@type\":\"WebSite\",\"@id\":\"https:\\\/\\\/radiosul.net\\\/wp\\\/#website\",\"url\":\"https:\\\/\\\/radiosul.net\\\/wp\\\/\",\"name\":\"radiosul.net\",\"description\":\"Regional por Excel\\u00eancia\",\"inLanguage\":\"pt-BR\",\"publisher\":{\"@id\":\"https:\\\/\\\/radiosul.net\\\/wp\\\/#organization\"}}]}\n\t\t<\/script>\n\t\t<!-- All in One SEO -->\n\n","aioseo_head_json":{"title":"Gera\u00e7\u00e3o fotovoltaica dobra no RS em 2020 - radiosul.net","description":"Nem mesmo a pandemia do coronav\u00edrus impediu que a gera\u00e7\u00e3o de energia solar fechasse o ano com um crescimento vertiginoso no Rio Grande do Sul. A diretora da Solled Energia e coordenadora estadual da Associa\u00e7\u00e3o Brasileira de Energia Solar (Absolar), Mara Schwengber, informa que a capacidade instalada de sistemas fotovoltaicos ga\u00fachos em janeiro de 2020","canonical_url":"https:\/\/radiosul.net\/wp\/2020\/geracao-fotovoltaica-dobra-no-rs-em-2020\/","robots":"max-image-preview:large","keywords":"","webmasterTools":{"miscellaneous":""},"schema":{"@context":"https:\/\/schema.org","@graph":[{"@type":"BlogPosting","@id":"https:\/\/radiosul.net\/wp\/2020\/geracao-fotovoltaica-dobra-no-rs-em-2020\/#blogposting","name":"Gera\u00e7\u00e3o fotovoltaica dobra no RS em 2020 - radiosul.net","headline":"Gera\u00e7\u00e3o fotovoltaica dobra no RS em 2020","author":{"@id":"https:\/\/radiosul.net\/wp\/author\/alejo\/#author"},"publisher":{"@id":"https:\/\/radiosul.net\/wp\/#organization"},"image":{"@type":"ImageObject","url":"https:\/\/radiosul.net\/wp\/wp-content\/uploads\/2020\/12\/usina_solar_credito_banco_de_imagens_solled-9220317.jpg","width":800,"height":599,"caption":"Foto: Banco de Imagens Solled\/Divulga\u00e7\u00e3o\/JC"},"datePublished":"2020-12-30T07:06:00-03:00","dateModified":"2020-12-30T03:07:37-03:00","inLanguage":"pt-BR","mainEntityOfPage":{"@id":"https:\/\/radiosul.net\/wp\/2020\/geracao-fotovoltaica-dobra-no-rs-em-2020\/#webpage"},"isPartOf":{"@id":"https:\/\/radiosul.net\/wp\/2020\/geracao-fotovoltaica-dobra-no-rs-em-2020\/#webpage"},"articleSection":"Destaque"},{"@type":"BreadcrumbList","@id":"https:\/\/radiosul.net\/wp\/2020\/geracao-fotovoltaica-dobra-no-rs-em-2020\/#breadcrumblist","itemListElement":[{"@type":"ListItem","@id":"https:\/\/radiosul.net\/wp#listItem","position":1,"name":"Home","item":"https:\/\/radiosul.net\/wp","nextItem":{"@type":"ListItem","@id":"https:\/\/radiosul.net\/wp\/category\/destacados\/#listItem","name":"Destaque"}},{"@type":"ListItem","@id":"https:\/\/radiosul.net\/wp\/category\/destacados\/#listItem","position":2,"name":"Destaque","item":"https:\/\/radiosul.net\/wp\/category\/destacados\/","nextItem":{"@type":"ListItem","@id":"https:\/\/radiosul.net\/wp\/2020\/geracao-fotovoltaica-dobra-no-rs-em-2020\/#listItem","name":"Gera\u00e7\u00e3o fotovoltaica dobra no RS em 2020"},"previousItem":{"@type":"ListItem","@id":"https:\/\/radiosul.net\/wp#listItem","name":"Home"}},{"@type":"ListItem","@id":"https:\/\/radiosul.net\/wp\/2020\/geracao-fotovoltaica-dobra-no-rs-em-2020\/#listItem","position":3,"name":"Gera\u00e7\u00e3o fotovoltaica dobra no RS em 2020","previousItem":{"@type":"ListItem","@id":"https:\/\/radiosul.net\/wp\/category\/destacados\/#listItem","name":"Destaque"}}]},{"@type":"Organization","@id":"https:\/\/radiosul.net\/wp\/#organization","name":"radiosul.net","description":"Regional por Excel\u00eancia","url":"https:\/\/radiosul.net\/wp\/"},{"@type":"Person","@id":"https:\/\/radiosul.net\/wp\/author\/alejo\/#author","url":"https:\/\/radiosul.net\/wp\/author\/alejo\/","name":"Alejo Bordon","image":{"@type":"ImageObject","@id":"https:\/\/radiosul.net\/wp\/2020\/geracao-fotovoltaica-dobra-no-rs-em-2020\/#authorImage","url":"https:\/\/secure.gravatar.com\/avatar\/b3a7e7f1c71212e6a5b7183b79a2ab58dad8bdc4cd4eadd61c4434d010d0bae4?s=96&d=mm&r=g","width":96,"height":96,"caption":"Alejo Bordon"}},{"@type":"WebPage","@id":"https:\/\/radiosul.net\/wp\/2020\/geracao-fotovoltaica-dobra-no-rs-em-2020\/#webpage","url":"https:\/\/radiosul.net\/wp\/2020\/geracao-fotovoltaica-dobra-no-rs-em-2020\/","name":"Gera\u00e7\u00e3o fotovoltaica dobra no RS em 2020 - radiosul.net","description":"Nem mesmo a pandemia do coronav\u00edrus impediu que a gera\u00e7\u00e3o de energia solar fechasse o ano com um crescimento vertiginoso no Rio Grande do Sul. A diretora da Solled Energia e coordenadora estadual da Associa\u00e7\u00e3o Brasileira de Energia Solar (Absolar), Mara Schwengber, informa que a capacidade instalada de sistemas fotovoltaicos ga\u00fachos em janeiro de 2020","inLanguage":"pt-BR","isPartOf":{"@id":"https:\/\/radiosul.net\/wp\/#website"},"breadcrumb":{"@id":"https:\/\/radiosul.net\/wp\/2020\/geracao-fotovoltaica-dobra-no-rs-em-2020\/#breadcrumblist"},"author":{"@id":"https:\/\/radiosul.net\/wp\/author\/alejo\/#author"},"creator":{"@id":"https:\/\/radiosul.net\/wp\/author\/alejo\/#author"},"image":{"@type":"ImageObject","url":"https:\/\/radiosul.net\/wp\/wp-content\/uploads\/2020\/12\/usina_solar_credito_banco_de_imagens_solled-9220317.jpg","@id":"https:\/\/radiosul.net\/wp\/2020\/geracao-fotovoltaica-dobra-no-rs-em-2020\/#mainImage","width":800,"height":599,"caption":"Foto: Banco de Imagens Solled\/Divulga\u00e7\u00e3o\/JC"},"primaryImageOfPage":{"@id":"https:\/\/radiosul.net\/wp\/2020\/geracao-fotovoltaica-dobra-no-rs-em-2020\/#mainImage"},"datePublished":"2020-12-30T07:06:00-03:00","dateModified":"2020-12-30T03:07:37-03:00"},{"@type":"WebSite","@id":"https:\/\/radiosul.net\/wp\/#website","url":"https:\/\/radiosul.net\/wp\/","name":"radiosul.net","description":"Regional por Excel\u00eancia","inLanguage":"pt-BR","publisher":{"@id":"https:\/\/radiosul.net\/wp\/#organization"}}]},"og:locale":"pt_BR","og:site_name":"radiosul.net - Regional por Excel\u00eancia","og:type":"article","og:title":"Gera\u00e7\u00e3o fotovoltaica dobra no RS em 2020 - radiosul.net","og:description":"Nem mesmo a pandemia do coronav\u00edrus impediu que a gera\u00e7\u00e3o de energia solar fechasse o ano com um crescimento vertiginoso no Rio Grande do Sul. A diretora da Solled Energia e coordenadora estadual da Associa\u00e7\u00e3o Brasileira de Energia Solar (Absolar), Mara Schwengber, informa que a capacidade instalada de sistemas fotovoltaicos ga\u00fachos em janeiro de 2020","og:url":"https:\/\/radiosul.net\/wp\/2020\/geracao-fotovoltaica-dobra-no-rs-em-2020\/","article:published_time":"2020-12-30T10:06:00+00:00","article:modified_time":"2020-12-30T06:07:37+00:00","twitter:card":"summary_large_image","twitter:title":"Gera\u00e7\u00e3o fotovoltaica dobra no RS em 2020 - radiosul.net","twitter:description":"Nem mesmo a pandemia do coronav\u00edrus impediu que a gera\u00e7\u00e3o de energia solar fechasse o ano com um crescimento vertiginoso no Rio Grande do Sul. A diretora da Solled Energia e coordenadora estadual da Associa\u00e7\u00e3o Brasileira de Energia Solar (Absolar), Mara Schwengber, informa que a capacidade instalada de sistemas fotovoltaicos ga\u00fachos em janeiro de 2020"},"aioseo_meta_data":{"post_id":"17088","title":null,"description":null,"keywords":null,"keyphrases":null,"primary_term":null,"canonical_url":null,"og_title":null,"og_description":null,"og_object_type":"default","og_image_type":"default","og_image_url":null,"og_image_width":null,"og_image_height":null,"og_image_custom_url":null,"og_image_custom_fields":null,"og_video":null,"og_custom_url":null,"og_article_section":null,"og_article_tags":null,"twitter_use_og":false,"twitter_card":"default","twitter_image_type":"default","twitter_image_url":null,"twitter_image_custom_url":null,"twitter_image_custom_fields":null,"twitter_title":null,"twitter_description":null,"schema":{"blockGraphs":[],"customGraphs":[],"default":{"data":{"Article":[],"Course":[],"Dataset":[],"FAQPage":[],"Movie":[],"Person":[],"Product":[],"ProductReview":[],"Car":[],"Recipe":[],"Service":[],"SoftwareApplication":[],"WebPage":[]},"graphName":"","isEnabled":true},"graphs":[]},"schema_type":"default","schema_type_options":null,"pillar_content":false,"robots_default":true,"robots_noindex":false,"robots_noarchive":false,"robots_nosnippet":false,"robots_nofollow":false,"robots_noimageindex":false,"robots_noodp":false,"robots_notranslate":false,"robots_max_snippet":null,"robots_max_videopreview":null,"robots_max_imagepreview":"large","priority":null,"frequency":null,"local_seo":null,"breadcrumb_settings":null,"limit_modified_date":false,"ai":null,"created":"2026-01-09 00:47:17","updated":"2026-01-09 00:47:17","seo_analyzer_scan_date":null,"focus_keyword":null,"additional_keywords":null,"truseo_locale":null},"aioseo_breadcrumb":"<div class=\"aioseo-breadcrumbs\"><span class=\"aioseo-breadcrumb\">\n\t\t\t<a href=\"https:\/\/radiosul.net\/wp\" title=\"Home\">Home<\/a>\n\t\t<\/span><span class=\"aioseo-breadcrumb-separator\">&raquo;<\/span><span class=\"aioseo-breadcrumb\">\n\t\t\t<a href=\"https:\/\/radiosul.net\/wp\/category\/destacados\/\" title=\"Destaque\">Destaque<\/a>\n\t\t<\/span><span class=\"aioseo-breadcrumb-separator\">&raquo;<\/span><span class=\"aioseo-breadcrumb\">\n\t\t\tGera\u00e7\u00e3o fotovoltaica dobra no RS em 2020\n\t\t<\/span><\/div>","aioseo_breadcrumb_json":[{"label":"Home","link":"https:\/\/radiosul.net\/wp"},{"label":"Destaque","link":"https:\/\/radiosul.net\/wp\/category\/destacados\/"},{"label":"Gera\u00e7\u00e3o fotovoltaica dobra no RS em 2020","link":"https:\/\/radiosul.net\/wp\/2020\/geracao-fotovoltaica-dobra-no-rs-em-2020\/"}],"_links":{"self":[{"href":"https:\/\/radiosul.net\/wp\/wp-json\/wp\/v2\/posts\/17088","targetHints":{"allow":["GET"]}}],"collection":[{"href":"https:\/\/radiosul.net\/wp\/wp-json\/wp\/v2\/posts"}],"about":[{"href":"https:\/\/radiosul.net\/wp\/wp-json\/wp\/v2\/types\/post"}],"author":[{"embeddable":true,"href":"https:\/\/radiosul.net\/wp\/wp-json\/wp\/v2\/users\/9"}],"replies":[{"embeddable":true,"href":"https:\/\/radiosul.net\/wp\/wp-json\/wp\/v2\/comments?post=17088"}],"version-history":[{"count":1,"href":"https:\/\/radiosul.net\/wp\/wp-json\/wp\/v2\/posts\/17088\/revisions"}],"predecessor-version":[{"id":17089,"href":"https:\/\/radiosul.net\/wp\/wp-json\/wp\/v2\/posts\/17088\/revisions\/17089"}],"wp:featuredmedia":[{"embeddable":true,"href":"https:\/\/radiosul.net\/wp\/wp-json\/wp\/v2\/media\/17084"}],"wp:attachment":[{"href":"https:\/\/radiosul.net\/wp\/wp-json\/wp\/v2\/media?parent=17088"}],"wp:term":[{"taxonomy":"category","embeddable":true,"href":"https:\/\/radiosul.net\/wp\/wp-json\/wp\/v2\/categories?post=17088"},{"taxonomy":"post_tag","embeddable":true,"href":"https:\/\/radiosul.net\/wp\/wp-json\/wp\/v2\/tags?post=17088"}],"curies":[{"name":"wp","href":"https:\/\/api.w.org\/{rel}","templated":true}]}}