{"id":17054,"date":"2020-12-28T18:43:34","date_gmt":"2020-12-28T21:43:34","guid":{"rendered":"https:\/\/radiosul.net\/wp\/?p=17054"},"modified":"2020-12-28T18:43:36","modified_gmt":"2020-12-28T21:43:36","slug":"angus-fecha-ano-com-recorde-de-exportacao-de-carne-certificada-e-avanco-da-genomica","status":"publish","type":"post","link":"https:\/\/radiosul.net\/wp\/2020\/angus-fecha-ano-com-recorde-de-exportacao-de-carne-certificada-e-avanco-da-genomica\/","title":{"rendered":"Angus fecha ano com recorde de exporta\u00e7\u00e3o de carne certificada e avan\u00e7o da gen\u00f4mica"},"content":{"rendered":"\n<p class=\"wp-block-paragraph\">A Associa\u00e7\u00e3o Brasileira de Angus encerra 2020 batendo a marca hist\u00f3rica de Carne Angus Certificada enviada ao mercado externo. Segundo levantamento realizado pela entidade, de janeiro a novembro deste ano, foram exportadas 531.528 toneladas de Carne Angus. O montante \u00e9 31% superior a 2017, ano em que se embarcou, at\u00e9 ent\u00e3o, a quantia recorde de 405.817 toneladas. O principal destino dos produtos foi a China. O pa\u00eds asi\u00e1tico foi respons\u00e1vel pela compra de 43,7% do total exportado. \u201cApesar da pandemia, conseguimos nos posicionar no mercado, mostrando que somos produtores e exportadores de carne de alta qualidade e com valor agregado\u201d, avalia a gerente do Programa Carne Angus Certificada, Ana Doralina Menezes.<\/p>\n\n\n\n<p class=\"wp-block-paragraph\">Para Ana Doralina, o resultado das vendas sinaliza a valoriza\u00e7\u00e3o da carne premium brasileira e confirma a excel\u00eancia dos produtos que estampam o selo verde-amarelo da Angus. \u201cNosso objetivo \u00e9 conquistar cada vez mais novos mercados pelo mundo. Por isso, em 2021, seguiremos trabalhando do campo aos frigor\u00edficos para entregar uma carne com qualidade diferenciada e padroniza\u00e7\u00e3o de ponta\u201d, assegura a gerente. Assim que a pandemia permitir, a Angus tamb\u00e9m planeja interven\u00e7\u00f5es no exterior para abrir novos mercados para o Angus do Brasil, que j\u00e1 chegou a pa\u00edses exigentes como a Alemanha e tem clientes fi\u00e9is nos pa\u00edses \u00e1rabes.<\/p>\n\n\n\n<p class=\"wp-block-paragraph\">Em 2020, a ra\u00e7a tamb\u00e9m registrou expans\u00e3o no n\u00famero de carca\u00e7as certificadas pelo Programa Carne Angus dentre o universo de animais recebidos nas unidades frigor\u00edficas parceiras. Conforme levantamento, de janeiro a outubro, a porcentagem de certifica\u00e7\u00e3o saltou de 69%, em 2019, para 72%, em 2020. O balan\u00e7o ainda sinalizou para crescimento na produ\u00e7\u00e3o de cortes por carca\u00e7a. O aproveitamento dos animais certificados teve alta de 25%. Segundo Ana Doralina, a expans\u00e3o foi de 72,5 quilos para 90,6. &nbsp;\u201cEssa quantia \u00e9 bastante significativa, j\u00e1 que tivemos um ano de incremento nas exporta\u00e7\u00f5es. Dentro dos frigor\u00edficos, acabamos disputando os cortes entre mercado interno e externo por quest\u00e3o de valor\u201d, avalia.<\/p>\n\n\n\n<p class=\"wp-block-paragraph\">Em 2020, o portf\u00f3lio de parceiros do Programa Carne Angus tamb\u00e9m cresceu com a ades\u00e3o dos frigor\u00edficos Coqueiro (RS) e Boibras (MS) e das redes varejistas Comper (MS) e Festval (PR). O Programa Carne Angus tem, atualmente, 38 unidades frigor\u00edficas certificando em 11 estados brasileiros. \u201cFechamos parcerias importantes neste ano. No pr\u00f3ximo, h\u00e1 novas empresas para se somar a esse time, algumas parcerias, inclusive, j\u00e1 est\u00e3o em andamento\u201d, garante a gerente do Programa.<\/p>\n\n\n\n<p class=\"wp-block-paragraph\">Para o presidente da Associa\u00e7\u00e3o Brasileira de Angus, Nivaldo Dzyekanski, apesar do ano at\u00edpico, a ra\u00e7a Angus seguiu avan\u00e7ando por todos os cantos do Brasil, mostrando sua efici\u00eancia e adaptabilidade pelos diferentes climas e solos. \u201cEm 2020, avan\u00e7amos no Carne Angus, nas exporta\u00e7\u00f5es, nas parcerias, na comercializa\u00e7\u00e3o de animais na Temporada, na contrata\u00e7\u00e3o de reprodutores nacionais por centrais de insemina\u00e7\u00e3o e no desenvolvimento da gen\u00f4mica. Com todos os cuidados necess\u00e1rios, mantemos nossa atua\u00e7\u00e3o e encerramos o ano com a certeza de que a gen\u00e9tica Angus segue sendo uma pot\u00eancia no mercado\u201d.<\/p>\n\n\n\n<p class=\"wp-block-paragraph\">Os ganhos do Programa Carne Angus come\u00e7am no campo. Consciente disso, a Angus realizou ao longo do ano diversas a\u00e7\u00f5es de fomento ao melhoramento gen\u00e9tico no rebanho nacional. Fechou parceria com a Empresa Brasileira de Pesquisa Agropecu\u00e1ria (Embrapa) para o desenvolvimento da base de dados e de procedimentos necess\u00e1rios para a implementa\u00e7\u00e3o da gen\u00f4mica no Brasil e para a realiza\u00e7\u00e3o do Teste de Efici\u00eancia Alimentar. \u201cAs provas s\u00e3o muito importantes para a ra\u00e7a Angus, pois geram informa\u00e7\u00f5es cada vez mais relevantes para a pecu\u00e1ria moderna. Tamb\u00e9m s\u00e3o essenciais para a evolu\u00e7\u00e3o da gen\u00f4mica, para que, em breve, possamos predizer essa caracter\u00edstica sem ter que colocar os animais em avalia\u00e7\u00e3o nos cochos\u201d, afirma o gerente de Fomento da Angus, Mateus Pivato.<\/p>\n\n\n\n<p class=\"wp-block-paragraph\"><strong><em>Fonte: Associa\u00e7\u00e3o Brasileira de Angus<\/em><\/strong><\/p>\n","protected":false},"excerpt":{"rendered":"<p>A Associa\u00e7\u00e3o Brasileira de Angus encerra 2020 batendo a marca hist\u00f3rica de Carne Angus Certificada enviada ao mercado externo. Segundo levantamento realizado pela entidade, de janeiro a novembro deste ano, foram exportadas 531.528 toneladas de Carne Angus. O montante \u00e9 31% superior a 2017, ano em que se embarcou, at\u00e9 ent\u00e3o, a quantia recorde de &hellip;<\/p>\n","protected":false},"author":9,"featured_media":17056,"comment_status":"closed","ping_status":"closed","sticky":false,"template":"","format":"standard","meta":{"_monsterinsights_skip_tracking":false,"_uf_show_specific_survey":0,"_uf_disable_surveys":false,"footnotes":""},"categories":[1,126],"tags":[],"class_list":["post-17054","post","type-post","status-publish","format-standard","has-post-thumbnail","hentry","category-agro","category-destacados"],"aioseo_notices":[],"aioseo_head":"\n\t\t<!-- All in One SEO 5.0.1.1 - aioseo.com -->\n\t<meta name=\"description\" content=\"A Associa\u00e7\u00e3o Brasileira de Angus encerra 2020 batendo a marca hist\u00f3rica de Carne Angus Certificada enviada ao mercado externo. Segundo levantamento realizado pela entidade, de janeiro a novembro deste ano, foram exportadas 531.528 toneladas de Carne Angus. O montante \u00e9 31% superior a 2017, ano em que se embarcou, at\u00e9 ent\u00e3o, a quantia recorde de\" \/>\n\t<meta name=\"robots\" content=\"max-image-preview:large\" \/>\n\t<meta name=\"author\" content=\"Alejo Bordon\"\/>\n\t<link rel=\"canonical\" href=\"https:\/\/radiosul.net\/wp\/2020\/angus-fecha-ano-com-recorde-de-exportacao-de-carne-certificada-e-avanco-da-genomica\/\" \/>\n\t<meta name=\"generator\" content=\"All in One SEO (AIOSEO) 5.0.1.1\" \/>\n\t\t<meta property=\"og:locale\" content=\"pt_BR\" \/>\n\t\t<meta property=\"og:site_name\" content=\"radiosul.net - Regional por Excel\u00eancia\" \/>\n\t\t<meta property=\"og:type\" content=\"article\" \/>\n\t\t<meta property=\"og:title\" content=\"Angus fecha ano com recorde de exporta\u00e7\u00e3o de carne certificada e avan\u00e7o da gen\u00f4mica - radiosul.net\" \/>\n\t\t<meta property=\"og:description\" content=\"A Associa\u00e7\u00e3o Brasileira de Angus encerra 2020 batendo a marca hist\u00f3rica de Carne Angus Certificada enviada ao mercado externo. Segundo levantamento realizado pela entidade, de janeiro a novembro deste ano, foram exportadas 531.528 toneladas de Carne Angus. O montante \u00e9 31% superior a 2017, ano em que se embarcou, at\u00e9 ent\u00e3o, a quantia recorde de\" \/>\n\t\t<meta property=\"og:url\" content=\"https:\/\/radiosul.net\/wp\/2020\/angus-fecha-ano-com-recorde-de-exportacao-de-carne-certificada-e-avanco-da-genomica\/\" \/>\n\t\t<meta property=\"article:published_time\" content=\"2020-12-28T21:43:34+00:00\" \/>\n\t\t<meta property=\"article:modified_time\" content=\"2020-12-28T21:43:36+00:00\" \/>\n\t\t<meta name=\"twitter:card\" content=\"summary_large_image\" \/>\n\t\t<meta name=\"twitter:title\" content=\"Angus fecha ano com recorde de exporta\u00e7\u00e3o de carne certificada e avan\u00e7o da gen\u00f4mica - radiosul.net\" \/>\n\t\t<meta name=\"twitter:description\" content=\"A Associa\u00e7\u00e3o Brasileira de Angus encerra 2020 batendo a marca hist\u00f3rica de Carne Angus Certificada enviada ao mercado externo. Segundo levantamento realizado pela entidade, de janeiro a novembro deste ano, foram exportadas 531.528 toneladas de Carne Angus. O montante \u00e9 31% superior a 2017, ano em que se embarcou, at\u00e9 ent\u00e3o, a quantia recorde de\" \/>\n\t\t<script type=\"application\/ld+json\" class=\"aioseo-schema\">\n\t\t\t{\"@context\":\"https:\\\/\\\/schema.org\",\"@graph\":[{\"@type\":\"BlogPosting\",\"@id\":\"https:\\\/\\\/radiosul.net\\\/wp\\\/2020\\\/angus-fecha-ano-com-recorde-de-exportacao-de-carne-certificada-e-avanco-da-genomica\\\/#blogposting\",\"name\":\"Angus fecha ano com recorde de exporta\\u00e7\\u00e3o de carne certificada e avan\\u00e7o da gen\\u00f4mica - radiosul.net\",\"headline\":\"Angus fecha ano com recorde de exporta\\u00e7\\u00e3o de carne certificada e avan\\u00e7o da gen\\u00f4mica\",\"author\":{\"@id\":\"https:\\\/\\\/radiosul.net\\\/wp\\\/author\\\/alejo\\\/#author\"},\"publisher\":{\"@id\":\"https:\\\/\\\/radiosul.net\\\/wp\\\/#organization\"},\"image\":{\"@type\":\"ImageObject\",\"url\":\"https:\\\/\\\/radiosul.net\\\/wp\\\/wp-content\\\/uploads\\\/2020\\\/12\\\/angus1site.jpg\",\"width\":750,\"height\":750,\"caption\":\"Foto: Moguis Produ\\u00e7\\u00f5es\"},\"datePublished\":\"2020-12-28T18:43:34-03:00\",\"dateModified\":\"2020-12-28T18:43:36-03:00\",\"inLanguage\":\"pt-BR\",\"mainEntityOfPage\":{\"@id\":\"https:\\\/\\\/radiosul.net\\\/wp\\\/2020\\\/angus-fecha-ano-com-recorde-de-exportacao-de-carne-certificada-e-avanco-da-genomica\\\/#webpage\"},\"isPartOf\":{\"@id\":\"https:\\\/\\\/radiosul.net\\\/wp\\\/2020\\\/angus-fecha-ano-com-recorde-de-exportacao-de-carne-certificada-e-avanco-da-genomica\\\/#webpage\"},\"articleSection\":\"Agroneg\\u00f3cio, Destaque\"},{\"@type\":\"BreadcrumbList\",\"@id\":\"https:\\\/\\\/radiosul.net\\\/wp\\\/2020\\\/angus-fecha-ano-com-recorde-de-exportacao-de-carne-certificada-e-avanco-da-genomica\\\/#breadcrumblist\",\"itemListElement\":[{\"@type\":\"ListItem\",\"@id\":\"https:\\\/\\\/radiosul.net\\\/wp#listItem\",\"position\":1,\"name\":\"Home\",\"item\":\"https:\\\/\\\/radiosul.net\\\/wp\",\"nextItem\":{\"@type\":\"ListItem\",\"@id\":\"https:\\\/\\\/radiosul.net\\\/wp\\\/category\\\/agro\\\/#listItem\",\"name\":\"Agroneg\\u00f3cio\"}},{\"@type\":\"ListItem\",\"@id\":\"https:\\\/\\\/radiosul.net\\\/wp\\\/category\\\/agro\\\/#listItem\",\"position\":2,\"name\":\"Agroneg\\u00f3cio\",\"item\":\"https:\\\/\\\/radiosul.net\\\/wp\\\/category\\\/agro\\\/\",\"nextItem\":{\"@type\":\"ListItem\",\"@id\":\"https:\\\/\\\/radiosul.net\\\/wp\\\/2020\\\/angus-fecha-ano-com-recorde-de-exportacao-de-carne-certificada-e-avanco-da-genomica\\\/#listItem\",\"name\":\"Angus fecha ano com recorde de exporta\\u00e7\\u00e3o de carne certificada e avan\\u00e7o da gen\\u00f4mica\"},\"previousItem\":{\"@type\":\"ListItem\",\"@id\":\"https:\\\/\\\/radiosul.net\\\/wp#listItem\",\"name\":\"Home\"}},{\"@type\":\"ListItem\",\"@id\":\"https:\\\/\\\/radiosul.net\\\/wp\\\/2020\\\/angus-fecha-ano-com-recorde-de-exportacao-de-carne-certificada-e-avanco-da-genomica\\\/#listItem\",\"position\":3,\"name\":\"Angus fecha ano com recorde de exporta\\u00e7\\u00e3o de carne certificada e avan\\u00e7o da gen\\u00f4mica\",\"previousItem\":{\"@type\":\"ListItem\",\"@id\":\"https:\\\/\\\/radiosul.net\\\/wp\\\/category\\\/agro\\\/#listItem\",\"name\":\"Agroneg\\u00f3cio\"}}]},{\"@type\":\"Organization\",\"@id\":\"https:\\\/\\\/radiosul.net\\\/wp\\\/#organization\",\"name\":\"radiosul.net\",\"description\":\"Regional por Excel\\u00eancia\",\"url\":\"https:\\\/\\\/radiosul.net\\\/wp\\\/\"},{\"@type\":\"Person\",\"@id\":\"https:\\\/\\\/radiosul.net\\\/wp\\\/author\\\/alejo\\\/#author\",\"url\":\"https:\\\/\\\/radiosul.net\\\/wp\\\/author\\\/alejo\\\/\",\"name\":\"Alejo Bordon\",\"image\":{\"@type\":\"ImageObject\",\"@id\":\"https:\\\/\\\/radiosul.net\\\/wp\\\/2020\\\/angus-fecha-ano-com-recorde-de-exportacao-de-carne-certificada-e-avanco-da-genomica\\\/#authorImage\",\"url\":\"https:\\\/\\\/secure.gravatar.com\\\/avatar\\\/b3a7e7f1c71212e6a5b7183b79a2ab58dad8bdc4cd4eadd61c4434d010d0bae4?s=96&d=mm&r=g\",\"width\":96,\"height\":96,\"caption\":\"Alejo Bordon\"}},{\"@type\":\"WebPage\",\"@id\":\"https:\\\/\\\/radiosul.net\\\/wp\\\/2020\\\/angus-fecha-ano-com-recorde-de-exportacao-de-carne-certificada-e-avanco-da-genomica\\\/#webpage\",\"url\":\"https:\\\/\\\/radiosul.net\\\/wp\\\/2020\\\/angus-fecha-ano-com-recorde-de-exportacao-de-carne-certificada-e-avanco-da-genomica\\\/\",\"name\":\"Angus fecha ano com recorde de exporta\\u00e7\\u00e3o de carne certificada e avan\\u00e7o da gen\\u00f4mica - radiosul.net\",\"description\":\"A Associa\\u00e7\\u00e3o Brasileira de Angus encerra 2020 batendo a marca hist\\u00f3rica de Carne Angus Certificada enviada ao mercado externo. Segundo levantamento realizado pela entidade, de janeiro a novembro deste ano, foram exportadas 531.528 toneladas de Carne Angus. O montante \\u00e9 31% superior a 2017, ano em que se embarcou, at\\u00e9 ent\\u00e3o, a quantia recorde de\",\"inLanguage\":\"pt-BR\",\"isPartOf\":{\"@id\":\"https:\\\/\\\/radiosul.net\\\/wp\\\/#website\"},\"breadcrumb\":{\"@id\":\"https:\\\/\\\/radiosul.net\\\/wp\\\/2020\\\/angus-fecha-ano-com-recorde-de-exportacao-de-carne-certificada-e-avanco-da-genomica\\\/#breadcrumblist\"},\"author\":{\"@id\":\"https:\\\/\\\/radiosul.net\\\/wp\\\/author\\\/alejo\\\/#author\"},\"creator\":{\"@id\":\"https:\\\/\\\/radiosul.net\\\/wp\\\/author\\\/alejo\\\/#author\"},\"image\":{\"@type\":\"ImageObject\",\"url\":\"https:\\\/\\\/radiosul.net\\\/wp\\\/wp-content\\\/uploads\\\/2020\\\/12\\\/angus1site.jpg\",\"@id\":\"https:\\\/\\\/radiosul.net\\\/wp\\\/2020\\\/angus-fecha-ano-com-recorde-de-exportacao-de-carne-certificada-e-avanco-da-genomica\\\/#mainImage\",\"width\":750,\"height\":750,\"caption\":\"Foto: Moguis Produ\\u00e7\\u00f5es\"},\"primaryImageOfPage\":{\"@id\":\"https:\\\/\\\/radiosul.net\\\/wp\\\/2020\\\/angus-fecha-ano-com-recorde-de-exportacao-de-carne-certificada-e-avanco-da-genomica\\\/#mainImage\"},\"datePublished\":\"2020-12-28T18:43:34-03:00\",\"dateModified\":\"2020-12-28T18:43:36-03:00\"},{\"@type\":\"WebSite\",\"@id\":\"https:\\\/\\\/radiosul.net\\\/wp\\\/#website\",\"url\":\"https:\\\/\\\/radiosul.net\\\/wp\\\/\",\"name\":\"radiosul.net\",\"description\":\"Regional por Excel\\u00eancia\",\"inLanguage\":\"pt-BR\",\"publisher\":{\"@id\":\"https:\\\/\\\/radiosul.net\\\/wp\\\/#organization\"}}]}\n\t\t<\/script>\n\t\t<!-- All in One SEO -->\n\n","aioseo_head_json":{"title":"Angus fecha ano com recorde de exporta\u00e7\u00e3o de carne certificada e avan\u00e7o da gen\u00f4mica - radiosul.net","description":"A Associa\u00e7\u00e3o Brasileira de Angus encerra 2020 batendo a marca hist\u00f3rica de Carne Angus Certificada enviada ao mercado externo. Segundo levantamento realizado pela entidade, de janeiro a novembro deste ano, foram exportadas 531.528 toneladas de Carne Angus. O montante \u00e9 31% superior a 2017, ano em que se embarcou, at\u00e9 ent\u00e3o, a quantia recorde de","canonical_url":"https:\/\/radiosul.net\/wp\/2020\/angus-fecha-ano-com-recorde-de-exportacao-de-carne-certificada-e-avanco-da-genomica\/","robots":"max-image-preview:large","keywords":"","webmasterTools":{"miscellaneous":""},"schema":{"@context":"https:\/\/schema.org","@graph":[{"@type":"BlogPosting","@id":"https:\/\/radiosul.net\/wp\/2020\/angus-fecha-ano-com-recorde-de-exportacao-de-carne-certificada-e-avanco-da-genomica\/#blogposting","name":"Angus fecha ano com recorde de exporta\u00e7\u00e3o de carne certificada e avan\u00e7o da gen\u00f4mica - radiosul.net","headline":"Angus fecha ano com recorde de exporta\u00e7\u00e3o de carne certificada e avan\u00e7o da gen\u00f4mica","author":{"@id":"https:\/\/radiosul.net\/wp\/author\/alejo\/#author"},"publisher":{"@id":"https:\/\/radiosul.net\/wp\/#organization"},"image":{"@type":"ImageObject","url":"https:\/\/radiosul.net\/wp\/wp-content\/uploads\/2020\/12\/angus1site.jpg","width":750,"height":750,"caption":"Foto: Moguis Produ\u00e7\u00f5es"},"datePublished":"2020-12-28T18:43:34-03:00","dateModified":"2020-12-28T18:43:36-03:00","inLanguage":"pt-BR","mainEntityOfPage":{"@id":"https:\/\/radiosul.net\/wp\/2020\/angus-fecha-ano-com-recorde-de-exportacao-de-carne-certificada-e-avanco-da-genomica\/#webpage"},"isPartOf":{"@id":"https:\/\/radiosul.net\/wp\/2020\/angus-fecha-ano-com-recorde-de-exportacao-de-carne-certificada-e-avanco-da-genomica\/#webpage"},"articleSection":"Agroneg\u00f3cio, Destaque"},{"@type":"BreadcrumbList","@id":"https:\/\/radiosul.net\/wp\/2020\/angus-fecha-ano-com-recorde-de-exportacao-de-carne-certificada-e-avanco-da-genomica\/#breadcrumblist","itemListElement":[{"@type":"ListItem","@id":"https:\/\/radiosul.net\/wp#listItem","position":1,"name":"Home","item":"https:\/\/radiosul.net\/wp","nextItem":{"@type":"ListItem","@id":"https:\/\/radiosul.net\/wp\/category\/agro\/#listItem","name":"Agroneg\u00f3cio"}},{"@type":"ListItem","@id":"https:\/\/radiosul.net\/wp\/category\/agro\/#listItem","position":2,"name":"Agroneg\u00f3cio","item":"https:\/\/radiosul.net\/wp\/category\/agro\/","nextItem":{"@type":"ListItem","@id":"https:\/\/radiosul.net\/wp\/2020\/angus-fecha-ano-com-recorde-de-exportacao-de-carne-certificada-e-avanco-da-genomica\/#listItem","name":"Angus fecha ano com recorde de exporta\u00e7\u00e3o de carne certificada e avan\u00e7o da gen\u00f4mica"},"previousItem":{"@type":"ListItem","@id":"https:\/\/radiosul.net\/wp#listItem","name":"Home"}},{"@type":"ListItem","@id":"https:\/\/radiosul.net\/wp\/2020\/angus-fecha-ano-com-recorde-de-exportacao-de-carne-certificada-e-avanco-da-genomica\/#listItem","position":3,"name":"Angus fecha ano com recorde de exporta\u00e7\u00e3o de carne certificada e avan\u00e7o da gen\u00f4mica","previousItem":{"@type":"ListItem","@id":"https:\/\/radiosul.net\/wp\/category\/agro\/#listItem","name":"Agroneg\u00f3cio"}}]},{"@type":"Organization","@id":"https:\/\/radiosul.net\/wp\/#organization","name":"radiosul.net","description":"Regional por Excel\u00eancia","url":"https:\/\/radiosul.net\/wp\/"},{"@type":"Person","@id":"https:\/\/radiosul.net\/wp\/author\/alejo\/#author","url":"https:\/\/radiosul.net\/wp\/author\/alejo\/","name":"Alejo Bordon","image":{"@type":"ImageObject","@id":"https:\/\/radiosul.net\/wp\/2020\/angus-fecha-ano-com-recorde-de-exportacao-de-carne-certificada-e-avanco-da-genomica\/#authorImage","url":"https:\/\/secure.gravatar.com\/avatar\/b3a7e7f1c71212e6a5b7183b79a2ab58dad8bdc4cd4eadd61c4434d010d0bae4?s=96&d=mm&r=g","width":96,"height":96,"caption":"Alejo Bordon"}},{"@type":"WebPage","@id":"https:\/\/radiosul.net\/wp\/2020\/angus-fecha-ano-com-recorde-de-exportacao-de-carne-certificada-e-avanco-da-genomica\/#webpage","url":"https:\/\/radiosul.net\/wp\/2020\/angus-fecha-ano-com-recorde-de-exportacao-de-carne-certificada-e-avanco-da-genomica\/","name":"Angus fecha ano com recorde de exporta\u00e7\u00e3o de carne certificada e avan\u00e7o da gen\u00f4mica - radiosul.net","description":"A Associa\u00e7\u00e3o Brasileira de Angus encerra 2020 batendo a marca hist\u00f3rica de Carne Angus Certificada enviada ao mercado externo. Segundo levantamento realizado pela entidade, de janeiro a novembro deste ano, foram exportadas 531.528 toneladas de Carne Angus. O montante \u00e9 31% superior a 2017, ano em que se embarcou, at\u00e9 ent\u00e3o, a quantia recorde de","inLanguage":"pt-BR","isPartOf":{"@id":"https:\/\/radiosul.net\/wp\/#website"},"breadcrumb":{"@id":"https:\/\/radiosul.net\/wp\/2020\/angus-fecha-ano-com-recorde-de-exportacao-de-carne-certificada-e-avanco-da-genomica\/#breadcrumblist"},"author":{"@id":"https:\/\/radiosul.net\/wp\/author\/alejo\/#author"},"creator":{"@id":"https:\/\/radiosul.net\/wp\/author\/alejo\/#author"},"image":{"@type":"ImageObject","url":"https:\/\/radiosul.net\/wp\/wp-content\/uploads\/2020\/12\/angus1site.jpg","@id":"https:\/\/radiosul.net\/wp\/2020\/angus-fecha-ano-com-recorde-de-exportacao-de-carne-certificada-e-avanco-da-genomica\/#mainImage","width":750,"height":750,"caption":"Foto: Moguis Produ\u00e7\u00f5es"},"primaryImageOfPage":{"@id":"https:\/\/radiosul.net\/wp\/2020\/angus-fecha-ano-com-recorde-de-exportacao-de-carne-certificada-e-avanco-da-genomica\/#mainImage"},"datePublished":"2020-12-28T18:43:34-03:00","dateModified":"2020-12-28T18:43:36-03:00"},{"@type":"WebSite","@id":"https:\/\/radiosul.net\/wp\/#website","url":"https:\/\/radiosul.net\/wp\/","name":"radiosul.net","description":"Regional por Excel\u00eancia","inLanguage":"pt-BR","publisher":{"@id":"https:\/\/radiosul.net\/wp\/#organization"}}]},"og:locale":"pt_BR","og:site_name":"radiosul.net - Regional por Excel\u00eancia","og:type":"article","og:title":"Angus fecha ano com recorde de exporta\u00e7\u00e3o de carne certificada e avan\u00e7o da gen\u00f4mica - radiosul.net","og:description":"A Associa\u00e7\u00e3o Brasileira de Angus encerra 2020 batendo a marca hist\u00f3rica de Carne Angus Certificada enviada ao mercado externo. Segundo levantamento realizado pela entidade, de janeiro a novembro deste ano, foram exportadas 531.528 toneladas de Carne Angus. O montante \u00e9 31% superior a 2017, ano em que se embarcou, at\u00e9 ent\u00e3o, a quantia recorde de","og:url":"https:\/\/radiosul.net\/wp\/2020\/angus-fecha-ano-com-recorde-de-exportacao-de-carne-certificada-e-avanco-da-genomica\/","article:published_time":"2020-12-28T21:43:34+00:00","article:modified_time":"2020-12-28T21:43:36+00:00","twitter:card":"summary_large_image","twitter:title":"Angus fecha ano com recorde de exporta\u00e7\u00e3o de carne certificada e avan\u00e7o da gen\u00f4mica - radiosul.net","twitter:description":"A Associa\u00e7\u00e3o Brasileira de Angus encerra 2020 batendo a marca hist\u00f3rica de Carne Angus Certificada enviada ao mercado externo. Segundo levantamento realizado pela entidade, de janeiro a novembro deste ano, foram exportadas 531.528 toneladas de Carne Angus. O montante \u00e9 31% superior a 2017, ano em que se embarcou, at\u00e9 ent\u00e3o, a quantia recorde de"},"aioseo_meta_data":{"post_id":"17054","title":null,"description":null,"keywords":null,"keyphrases":null,"primary_term":null,"canonical_url":null,"og_title":null,"og_description":null,"og_object_type":"default","og_image_type":"default","og_image_url":null,"og_image_width":null,"og_image_height":null,"og_image_custom_url":null,"og_image_custom_fields":null,"og_video":null,"og_custom_url":null,"og_article_section":null,"og_article_tags":null,"twitter_use_og":false,"twitter_card":"default","twitter_image_type":"default","twitter_image_url":null,"twitter_image_custom_url":null,"twitter_image_custom_fields":null,"twitter_title":null,"twitter_description":null,"schema":{"blockGraphs":[],"customGraphs":[],"default":{"data":{"Article":[],"Course":[],"Dataset":[],"FAQPage":[],"Movie":[],"Person":[],"Product":[],"ProductReview":[],"Car":[],"Recipe":[],"Service":[],"SoftwareApplication":[],"WebPage":[]},"graphName":"","isEnabled":true},"graphs":[]},"schema_type":"default","schema_type_options":null,"pillar_content":false,"robots_default":true,"robots_noindex":false,"robots_noarchive":false,"robots_nosnippet":false,"robots_nofollow":false,"robots_noimageindex":false,"robots_noodp":false,"robots_notranslate":false,"robots_max_snippet":null,"robots_max_videopreview":null,"robots_max_imagepreview":"large","priority":null,"frequency":null,"local_seo":null,"breadcrumb_settings":null,"limit_modified_date":false,"ai":null,"created":"2026-01-09 00:46:02","updated":"2026-01-09 00:46:02","seo_analyzer_scan_date":null,"focus_keyword":null,"additional_keywords":null,"truseo_locale":null},"aioseo_breadcrumb":"<div class=\"aioseo-breadcrumbs\"><span class=\"aioseo-breadcrumb\">\n\t\t\t<a href=\"https:\/\/radiosul.net\/wp\" title=\"Home\">Home<\/a>\n\t\t<\/span><span class=\"aioseo-breadcrumb-separator\">&raquo;<\/span><span class=\"aioseo-breadcrumb\">\n\t\t\t<a href=\"https:\/\/radiosul.net\/wp\/category\/agro\/\" title=\"Agroneg\u00f3cio\">Agroneg\u00f3cio<\/a>\n\t\t<\/span><span class=\"aioseo-breadcrumb-separator\">&raquo;<\/span><span class=\"aioseo-breadcrumb\">\n\t\t\tAngus fecha ano com recorde de exporta\u00e7\u00e3o de carne certificada e avan\u00e7o da gen\u00f4mica\n\t\t<\/span><\/div>","aioseo_breadcrumb_json":[{"label":"Home","link":"https:\/\/radiosul.net\/wp"},{"label":"Agroneg\u00f3cio","link":"https:\/\/radiosul.net\/wp\/category\/agro\/"},{"label":"Angus fecha ano com recorde de exporta\u00e7\u00e3o de carne certificada e avan\u00e7o da gen\u00f4mica","link":"https:\/\/radiosul.net\/wp\/2020\/angus-fecha-ano-com-recorde-de-exportacao-de-carne-certificada-e-avanco-da-genomica\/"}],"_links":{"self":[{"href":"https:\/\/radiosul.net\/wp\/wp-json\/wp\/v2\/posts\/17054","targetHints":{"allow":["GET"]}}],"collection":[{"href":"https:\/\/radiosul.net\/wp\/wp-json\/wp\/v2\/posts"}],"about":[{"href":"https:\/\/radiosul.net\/wp\/wp-json\/wp\/v2\/types\/post"}],"author":[{"embeddable":true,"href":"https:\/\/radiosul.net\/wp\/wp-json\/wp\/v2\/users\/9"}],"replies":[{"embeddable":true,"href":"https:\/\/radiosul.net\/wp\/wp-json\/wp\/v2\/comments?post=17054"}],"version-history":[{"count":1,"href":"https:\/\/radiosul.net\/wp\/wp-json\/wp\/v2\/posts\/17054\/revisions"}],"predecessor-version":[{"id":17057,"href":"https:\/\/radiosul.net\/wp\/wp-json\/wp\/v2\/posts\/17054\/revisions\/17057"}],"wp:featuredmedia":[{"embeddable":true,"href":"https:\/\/radiosul.net\/wp\/wp-json\/wp\/v2\/media\/17056"}],"wp:attachment":[{"href":"https:\/\/radiosul.net\/wp\/wp-json\/wp\/v2\/media?parent=17054"}],"wp:term":[{"taxonomy":"category","embeddable":true,"href":"https:\/\/radiosul.net\/wp\/wp-json\/wp\/v2\/categories?post=17054"},{"taxonomy":"post_tag","embeddable":true,"href":"https:\/\/radiosul.net\/wp\/wp-json\/wp\/v2\/tags?post=17054"}],"curies":[{"name":"wp","href":"https:\/\/api.w.org\/{rel}","templated":true}]}}