{"id":16813,"date":"2020-12-09T18:11:08","date_gmt":"2020-12-09T21:11:08","guid":{"rendered":"https:\/\/radiosul.net\/wp\/?p=16813"},"modified":"2020-12-09T18:11:09","modified_gmt":"2020-12-09T21:11:09","slug":"se-suspende-la-fiesta-de-la-patria-gaucha-por-primera-vez-tras-aumento-de-casos-de-covid","status":"publish","type":"post","link":"https:\/\/radiosul.net\/wp\/2020\/se-suspende-la-fiesta-de-la-patria-gaucha-por-primera-vez-tras-aumento-de-casos-de-covid\/","title":{"rendered":"Se suspende la Fiesta de la Patria Gaucha por primera vez tras aumento de casos de COVID"},"content":{"rendered":"\n<p class=\"wp-block-paragraph\"><em>Desde la organizaci\u00f3n, entienden que esta definici\u00f3n &#8220;es la m\u00e1s acertada y la que nos ha dictado el sentido com\u00fan, para que sigamos cuid\u00e1ndonos entre todos&#8221;<\/em><\/p>\n\n\n\n<p class=\"wp-block-paragraph\" id=\"p269740-m227-226-228\">En las \u00faltimas horas, el intendente de&nbsp;<strong>Tacuaremb\u00f3<\/strong>,&nbsp;<strong>Wilson Ezquerra<\/strong>, anunci\u00f3 que se suspender\u00e1 la edici\u00f3n 35 de la&nbsp;<strong>Fiesta de la Patria Gaucha<\/strong>&nbsp;prevista para marzo de 2021, debido a la&nbsp;<strong>pandemia del COVID-19<\/strong>.<\/p>\n\n\n\n<p class=\"wp-block-paragraph\" id=\"p269740-m232-1-233\">&#8220;Se ha resuelto tomar esta medida, que no ha sido f\u00e1cil, en el sentido y esp\u00edritu de lo que representa la Fiesta de la Patria Gaucha&#8221;, planificada para entre el 8 y 12 de marzo de 2021, dijo Ezquerra en conferencia de prensa.<\/p>\n\n\n\n<p class=\"wp-block-paragraph\" id=\"p269740-m237-2-238\">En esa l\u00ednea, asegur\u00f3 que se resolvi\u00f3 la suspensi\u00f3n &#8220;atendiendo primero a la salud de la poblaci\u00f3n, y tomando en cuenta esta realidad&#8221;, en referencia al avance de la pandemia en Uruguay.<\/p>\n\n\n\n<figure class=\"wp-block-embed-youtube wp-block-embed is-type-video is-provider-youtube wp-embed-aspect-16-9 wp-has-aspect-ratio\"><div class=\"wp-block-embed__wrapper\">\n<iframe loading=\"lazy\" title=\"Se suspendi\u00f3 la Fiesta de la Patria Gaucha 2021\" width=\"500\" height=\"281\" src=\"https:\/\/www.youtube.com\/embed\/75Wscpf_0Yg?feature=oembed\" frameborder=\"0\" allow=\"accelerometer; autoplay; clipboard-write; encrypted-media; gyroscope; picture-in-picture; web-share\" referrerpolicy=\"strict-origin-when-cross-origin\" allowfullscreen><\/iframe>\n<\/div><\/figure>\n\n\n\n<p class=\"wp-block-paragraph\" id=\"p269740-m247-4-248\">En dicha conferencia, Ezquerra estuvo acompa\u00f1ado de Hugo Pereda, quien preside la comisi\u00f3n organizadora de la tradicional fiesta nacional, que remarc\u00f3: &#8220;Por primera vez no vamos a hacer la fiesta en este a\u00f1o pr\u00f3ximo, y tendr\u00eda que ser en 2022&#8221;.<\/p>\n\n\n\n<p class=\"wp-block-paragraph\" id=\"p269740-m252-5-253\">&#8220;Es una fiesta de todo el departamento de Tacuaremb\u00f3&#8221;, dijo aunque destac\u00f3 que no es solo del departamento porque han recibido llamados desde Brasil y Argentina &#8220;preguntando si realmente la Fiesta se iba a hacer&#8221;. Agreg\u00f3 que de las fiestas criollas esta &#8220;la \u00faltima&#8221; que se expidi\u00f3.<\/p>\n\n\n\n<p class=\"wp-block-paragraph\" id=\"p269740-m257-6-258\">De todas formas, Pereda adelant\u00f3 que canales de TV y radios locales les han propuesto a la comisi\u00f3n organizadora &#8220;hacer una fiesta recordatoria de las ediciones anteriores, y se quieren adherir a ese programa los canales oficiales&#8221;. En tanto, dijo que esto &#8220;no esto resuelto&#8221;, aunque dijo que si se da luz verde a esta iniciativa se podr\u00e1 &#8220;virtualmente&#8221; recordar las distintas ediciones.<\/p>\n\n\n\n<p class=\"wp-block-paragraph\" id=\"p269740-m262-7-263\">Por otro lado, desde el sitio oficial de la tradicional fiesta, se se\u00f1al\u00f3 que se tom\u00f3 esta &#8220;dif\u00edcil decisi\u00f3n&#8221; considerando que &#8220;por sobre lo econ\u00f3mico y lo recreativo debemos valorar la salud&#8221;.<br><br>&#8220;Debido a la gran convocatoria de p\u00fablico que tiene y a la cantidad de gente que por motivos laborales y de organizaci\u00f3n se mueven en su entorno, consideramos casi imposible mantener un control adecuado sin poner en riesgo la salud de la poblaci\u00f3n&#8221;, manifestaron sobre la resoluci\u00f3n de suspender la Fiesta de la Patria Gaucha.<\/p>\n\n\n\n<p class=\"wp-block-paragraph\" id=\"p269740-m267-8-268\">&#8220;Desde hace 34 a\u00f1os, la Fiesta es la fiel guardiana de nuestras tradiciones, y m\u00e1s all\u00e1 de las destrezas criollas, la m\u00fasica, la danza y las actividades econ\u00f3micas, est\u00e1 el disfrute en familia, el compartir con amigos, la competencia sana&#8221;, indicaron en esa l\u00ednea.<\/p>\n\n\n\n<p class=\"wp-block-paragraph\" id=\"p269740-m272-9-273\">Desde la organizaci\u00f3n, se entiende que esta definici\u00f3n &#8220;es la m\u00e1s acertada y la que nos ha dictado el sentido com\u00fan, para que sigamos cuid\u00e1ndonos entre todos&#8221;.<\/p>\n\n\n\n<p class=\"wp-block-paragraph\"><strong><em>Fonte: El Pa\u00eds<\/em><\/strong><\/p>\n","protected":false},"excerpt":{"rendered":"<p>Desde la organizaci\u00f3n, entienden que esta definici\u00f3n &#8220;es la m\u00e1s acertada y la que nos ha dictado el sentido com\u00fan, para que sigamos cuid\u00e1ndonos entre todos&#8221; En las \u00faltimas horas, el intendente de&nbsp;Tacuaremb\u00f3,&nbsp;Wilson Ezquerra, anunci\u00f3 que se suspender\u00e1 la edici\u00f3n 35 de la&nbsp;Fiesta de la Patria Gaucha&nbsp;prevista para marzo de 2021, debido a la&nbsp;pandemia del &hellip;<\/p>\n","protected":false},"author":9,"featured_media":16814,"comment_status":"closed","ping_status":"closed","sticky":false,"template":"","format":"standard","meta":{"_monsterinsights_skip_tracking":false,"_uf_show_specific_survey":0,"_uf_disable_surveys":false,"footnotes":""},"categories":[1,126],"tags":[],"class_list":["post-16813","post","type-post","status-publish","format-standard","has-post-thumbnail","hentry","category-agro","category-destacados"],"aioseo_notices":[],"aioseo_head":"\n\t\t<!-- All in One SEO 5.0.1.1 - aioseo.com -->\n\t<meta name=\"description\" content=\"Desde la organizaci\u00f3n, entienden que esta definici\u00f3n &quot;es la m\u00e1s acertada y la que nos ha dictado el sentido com\u00fan, para que sigamos cuid\u00e1ndonos entre todos&quot; En las \u00faltimas horas, el intendente de Tacuaremb\u00f3, Wilson Ezquerra, anunci\u00f3 que se suspender\u00e1 la edici\u00f3n 35 de la Fiesta de la Patria Gaucha prevista para marzo de 2021, debido a la pandemia del\" \/>\n\t<meta name=\"robots\" content=\"max-image-preview:large\" \/>\n\t<meta name=\"author\" content=\"Alejo Bordon\"\/>\n\t<link rel=\"canonical\" href=\"https:\/\/radiosul.net\/wp\/2020\/se-suspende-la-fiesta-de-la-patria-gaucha-por-primera-vez-tras-aumento-de-casos-de-covid\/\" \/>\n\t<meta name=\"generator\" content=\"All in One SEO (AIOSEO) 5.0.1.1\" \/>\n\t\t<meta property=\"og:locale\" content=\"pt_BR\" \/>\n\t\t<meta property=\"og:site_name\" content=\"radiosul.net - Regional por Excel\u00eancia\" \/>\n\t\t<meta property=\"og:type\" content=\"article\" \/>\n\t\t<meta property=\"og:title\" content=\"Se suspende la Fiesta de la Patria Gaucha por primera vez tras aumento de casos de COVID - radiosul.net\" \/>\n\t\t<meta property=\"og:description\" content=\"Desde la organizaci\u00f3n, entienden que esta definici\u00f3n &quot;es la m\u00e1s acertada y la que nos ha dictado el sentido com\u00fan, para que sigamos cuid\u00e1ndonos entre todos&quot; En las \u00faltimas horas, el intendente de Tacuaremb\u00f3, Wilson Ezquerra, anunci\u00f3 que se suspender\u00e1 la edici\u00f3n 35 de la Fiesta de la Patria Gaucha prevista para marzo de 2021, debido a la pandemia del\" \/>\n\t\t<meta property=\"og:url\" content=\"https:\/\/radiosul.net\/wp\/2020\/se-suspende-la-fiesta-de-la-patria-gaucha-por-primera-vez-tras-aumento-de-casos-de-covid\/\" \/>\n\t\t<meta property=\"article:published_time\" content=\"2020-12-09T21:11:08+00:00\" \/>\n\t\t<meta property=\"article:modified_time\" content=\"2020-12-09T21:11:09+00:00\" \/>\n\t\t<meta name=\"twitter:card\" content=\"summary_large_image\" \/>\n\t\t<meta name=\"twitter:title\" content=\"Se suspende la Fiesta de la Patria Gaucha por primera vez tras aumento de casos de COVID - radiosul.net\" \/>\n\t\t<meta name=\"twitter:description\" content=\"Desde la organizaci\u00f3n, entienden que esta definici\u00f3n &quot;es la m\u00e1s acertada y la que nos ha dictado el sentido com\u00fan, para que sigamos cuid\u00e1ndonos entre todos&quot; En las \u00faltimas horas, el intendente de Tacuaremb\u00f3, Wilson Ezquerra, anunci\u00f3 que se suspender\u00e1 la edici\u00f3n 35 de la Fiesta de la Patria Gaucha prevista para marzo de 2021, debido a la pandemia del\" \/>\n\t\t<script type=\"application\/ld+json\" class=\"aioseo-schema\">\n\t\t\t{\"@context\":\"https:\\\/\\\/schema.org\",\"@graph\":[{\"@type\":\"BlogPosting\",\"@id\":\"https:\\\/\\\/radiosul.net\\\/wp\\\/2020\\\/se-suspende-la-fiesta-de-la-patria-gaucha-por-primera-vez-tras-aumento-de-casos-de-covid\\\/#blogposting\",\"name\":\"Se suspende la Fiesta de la Patria Gaucha por primera vez tras aumento de casos de COVID - radiosul.net\",\"headline\":\"Se suspende la Fiesta de la Patria Gaucha por primera vez tras aumento de casos de COVID\",\"author\":{\"@id\":\"https:\\\/\\\/radiosul.net\\\/wp\\\/author\\\/alejo\\\/#author\"},\"publisher\":{\"@id\":\"https:\\\/\\\/radiosul.net\\\/wp\\\/#organization\"},\"image\":{\"@type\":\"ImageObject\",\"url\":\"https:\\\/\\\/radiosul.net\\\/wp\\\/wp-content\\\/uploads\\\/2020\\\/12\\\/5c8c376ab8698.jpeg\",\"width\":580,\"height\":348,\"caption\":\"Jinetes en la previa a competir en la Patria Gaucha. Foto: Faustina Bartaburu - Archivo El Pa\\u00eds\"},\"datePublished\":\"2020-12-09T18:11:08-03:00\",\"dateModified\":\"2020-12-09T18:11:09-03:00\",\"inLanguage\":\"pt-BR\",\"mainEntityOfPage\":{\"@id\":\"https:\\\/\\\/radiosul.net\\\/wp\\\/2020\\\/se-suspende-la-fiesta-de-la-patria-gaucha-por-primera-vez-tras-aumento-de-casos-de-covid\\\/#webpage\"},\"isPartOf\":{\"@id\":\"https:\\\/\\\/radiosul.net\\\/wp\\\/2020\\\/se-suspende-la-fiesta-de-la-patria-gaucha-por-primera-vez-tras-aumento-de-casos-de-covid\\\/#webpage\"},\"articleSection\":\"Agroneg\\u00f3cio, Destaque\"},{\"@type\":\"BreadcrumbList\",\"@id\":\"https:\\\/\\\/radiosul.net\\\/wp\\\/2020\\\/se-suspende-la-fiesta-de-la-patria-gaucha-por-primera-vez-tras-aumento-de-casos-de-covid\\\/#breadcrumblist\",\"itemListElement\":[{\"@type\":\"ListItem\",\"@id\":\"https:\\\/\\\/radiosul.net\\\/wp#listItem\",\"position\":1,\"name\":\"Home\",\"item\":\"https:\\\/\\\/radiosul.net\\\/wp\",\"nextItem\":{\"@type\":\"ListItem\",\"@id\":\"https:\\\/\\\/radiosul.net\\\/wp\\\/category\\\/agro\\\/#listItem\",\"name\":\"Agroneg\\u00f3cio\"}},{\"@type\":\"ListItem\",\"@id\":\"https:\\\/\\\/radiosul.net\\\/wp\\\/category\\\/agro\\\/#listItem\",\"position\":2,\"name\":\"Agroneg\\u00f3cio\",\"item\":\"https:\\\/\\\/radiosul.net\\\/wp\\\/category\\\/agro\\\/\",\"nextItem\":{\"@type\":\"ListItem\",\"@id\":\"https:\\\/\\\/radiosul.net\\\/wp\\\/2020\\\/se-suspende-la-fiesta-de-la-patria-gaucha-por-primera-vez-tras-aumento-de-casos-de-covid\\\/#listItem\",\"name\":\"Se suspende la Fiesta de la Patria Gaucha por primera vez tras aumento de casos de COVID\"},\"previousItem\":{\"@type\":\"ListItem\",\"@id\":\"https:\\\/\\\/radiosul.net\\\/wp#listItem\",\"name\":\"Home\"}},{\"@type\":\"ListItem\",\"@id\":\"https:\\\/\\\/radiosul.net\\\/wp\\\/2020\\\/se-suspende-la-fiesta-de-la-patria-gaucha-por-primera-vez-tras-aumento-de-casos-de-covid\\\/#listItem\",\"position\":3,\"name\":\"Se suspende la Fiesta de la Patria Gaucha por primera vez tras aumento de casos de COVID\",\"previousItem\":{\"@type\":\"ListItem\",\"@id\":\"https:\\\/\\\/radiosul.net\\\/wp\\\/category\\\/agro\\\/#listItem\",\"name\":\"Agroneg\\u00f3cio\"}}]},{\"@type\":\"Organization\",\"@id\":\"https:\\\/\\\/radiosul.net\\\/wp\\\/#organization\",\"name\":\"radiosul.net\",\"description\":\"Regional por Excel\\u00eancia\",\"url\":\"https:\\\/\\\/radiosul.net\\\/wp\\\/\"},{\"@type\":\"Person\",\"@id\":\"https:\\\/\\\/radiosul.net\\\/wp\\\/author\\\/alejo\\\/#author\",\"url\":\"https:\\\/\\\/radiosul.net\\\/wp\\\/author\\\/alejo\\\/\",\"name\":\"Alejo Bordon\",\"image\":{\"@type\":\"ImageObject\",\"@id\":\"https:\\\/\\\/radiosul.net\\\/wp\\\/2020\\\/se-suspende-la-fiesta-de-la-patria-gaucha-por-primera-vez-tras-aumento-de-casos-de-covid\\\/#authorImage\",\"url\":\"https:\\\/\\\/secure.gravatar.com\\\/avatar\\\/b3a7e7f1c71212e6a5b7183b79a2ab58dad8bdc4cd4eadd61c4434d010d0bae4?s=96&d=mm&r=g\",\"width\":96,\"height\":96,\"caption\":\"Alejo Bordon\"}},{\"@type\":\"WebPage\",\"@id\":\"https:\\\/\\\/radiosul.net\\\/wp\\\/2020\\\/se-suspende-la-fiesta-de-la-patria-gaucha-por-primera-vez-tras-aumento-de-casos-de-covid\\\/#webpage\",\"url\":\"https:\\\/\\\/radiosul.net\\\/wp\\\/2020\\\/se-suspende-la-fiesta-de-la-patria-gaucha-por-primera-vez-tras-aumento-de-casos-de-covid\\\/\",\"name\":\"Se suspende la Fiesta de la Patria Gaucha por primera vez tras aumento de casos de COVID - radiosul.net\",\"description\":\"Desde la organizaci\\u00f3n, entienden que esta definici\\u00f3n \\\"es la m\\u00e1s acertada y la que nos ha dictado el sentido com\\u00fan, para que sigamos cuid\\u00e1ndonos entre todos\\\" En las \\u00faltimas horas, el intendente de Tacuaremb\\u00f3, Wilson Ezquerra, anunci\\u00f3 que se suspender\\u00e1 la edici\\u00f3n 35 de la Fiesta de la Patria Gaucha prevista para marzo de 2021, debido a la pandemia del\",\"inLanguage\":\"pt-BR\",\"isPartOf\":{\"@id\":\"https:\\\/\\\/radiosul.net\\\/wp\\\/#website\"},\"breadcrumb\":{\"@id\":\"https:\\\/\\\/radiosul.net\\\/wp\\\/2020\\\/se-suspende-la-fiesta-de-la-patria-gaucha-por-primera-vez-tras-aumento-de-casos-de-covid\\\/#breadcrumblist\"},\"author\":{\"@id\":\"https:\\\/\\\/radiosul.net\\\/wp\\\/author\\\/alejo\\\/#author\"},\"creator\":{\"@id\":\"https:\\\/\\\/radiosul.net\\\/wp\\\/author\\\/alejo\\\/#author\"},\"image\":{\"@type\":\"ImageObject\",\"url\":\"https:\\\/\\\/radiosul.net\\\/wp\\\/wp-content\\\/uploads\\\/2020\\\/12\\\/5c8c376ab8698.jpeg\",\"@id\":\"https:\\\/\\\/radiosul.net\\\/wp\\\/2020\\\/se-suspende-la-fiesta-de-la-patria-gaucha-por-primera-vez-tras-aumento-de-casos-de-covid\\\/#mainImage\",\"width\":580,\"height\":348,\"caption\":\"Jinetes en la previa a competir en la Patria Gaucha. Foto: Faustina Bartaburu - Archivo El Pa\\u00eds\"},\"primaryImageOfPage\":{\"@id\":\"https:\\\/\\\/radiosul.net\\\/wp\\\/2020\\\/se-suspende-la-fiesta-de-la-patria-gaucha-por-primera-vez-tras-aumento-de-casos-de-covid\\\/#mainImage\"},\"datePublished\":\"2020-12-09T18:11:08-03:00\",\"dateModified\":\"2020-12-09T18:11:09-03:00\"},{\"@type\":\"WebSite\",\"@id\":\"https:\\\/\\\/radiosul.net\\\/wp\\\/#website\",\"url\":\"https:\\\/\\\/radiosul.net\\\/wp\\\/\",\"name\":\"radiosul.net\",\"description\":\"Regional por Excel\\u00eancia\",\"inLanguage\":\"pt-BR\",\"publisher\":{\"@id\":\"https:\\\/\\\/radiosul.net\\\/wp\\\/#organization\"}}]}\n\t\t<\/script>\n\t\t<!-- All in One SEO -->\n\n","aioseo_head_json":{"title":"Se suspende la Fiesta de la Patria Gaucha por primera vez tras aumento de casos de COVID - radiosul.net","description":"Desde la organizaci\u00f3n, entienden que esta definici\u00f3n \"es la m\u00e1s acertada y la que nos ha dictado el sentido com\u00fan, para que sigamos cuid\u00e1ndonos entre todos\" En las \u00faltimas horas, el intendente de Tacuaremb\u00f3, Wilson Ezquerra, anunci\u00f3 que se suspender\u00e1 la edici\u00f3n 35 de la Fiesta de la Patria Gaucha prevista para marzo de 2021, debido a la pandemia del","canonical_url":"https:\/\/radiosul.net\/wp\/2020\/se-suspende-la-fiesta-de-la-patria-gaucha-por-primera-vez-tras-aumento-de-casos-de-covid\/","robots":"max-image-preview:large","keywords":"","webmasterTools":{"miscellaneous":""},"schema":{"@context":"https:\/\/schema.org","@graph":[{"@type":"BlogPosting","@id":"https:\/\/radiosul.net\/wp\/2020\/se-suspende-la-fiesta-de-la-patria-gaucha-por-primera-vez-tras-aumento-de-casos-de-covid\/#blogposting","name":"Se suspende la Fiesta de la Patria Gaucha por primera vez tras aumento de casos de COVID - radiosul.net","headline":"Se suspende la Fiesta de la Patria Gaucha por primera vez tras aumento de casos de COVID","author":{"@id":"https:\/\/radiosul.net\/wp\/author\/alejo\/#author"},"publisher":{"@id":"https:\/\/radiosul.net\/wp\/#organization"},"image":{"@type":"ImageObject","url":"https:\/\/radiosul.net\/wp\/wp-content\/uploads\/2020\/12\/5c8c376ab8698.jpeg","width":580,"height":348,"caption":"Jinetes en la previa a competir en la Patria Gaucha. Foto: Faustina Bartaburu - Archivo El Pa\u00eds"},"datePublished":"2020-12-09T18:11:08-03:00","dateModified":"2020-12-09T18:11:09-03:00","inLanguage":"pt-BR","mainEntityOfPage":{"@id":"https:\/\/radiosul.net\/wp\/2020\/se-suspende-la-fiesta-de-la-patria-gaucha-por-primera-vez-tras-aumento-de-casos-de-covid\/#webpage"},"isPartOf":{"@id":"https:\/\/radiosul.net\/wp\/2020\/se-suspende-la-fiesta-de-la-patria-gaucha-por-primera-vez-tras-aumento-de-casos-de-covid\/#webpage"},"articleSection":"Agroneg\u00f3cio, Destaque"},{"@type":"BreadcrumbList","@id":"https:\/\/radiosul.net\/wp\/2020\/se-suspende-la-fiesta-de-la-patria-gaucha-por-primera-vez-tras-aumento-de-casos-de-covid\/#breadcrumblist","itemListElement":[{"@type":"ListItem","@id":"https:\/\/radiosul.net\/wp#listItem","position":1,"name":"Home","item":"https:\/\/radiosul.net\/wp","nextItem":{"@type":"ListItem","@id":"https:\/\/radiosul.net\/wp\/category\/agro\/#listItem","name":"Agroneg\u00f3cio"}},{"@type":"ListItem","@id":"https:\/\/radiosul.net\/wp\/category\/agro\/#listItem","position":2,"name":"Agroneg\u00f3cio","item":"https:\/\/radiosul.net\/wp\/category\/agro\/","nextItem":{"@type":"ListItem","@id":"https:\/\/radiosul.net\/wp\/2020\/se-suspende-la-fiesta-de-la-patria-gaucha-por-primera-vez-tras-aumento-de-casos-de-covid\/#listItem","name":"Se suspende la Fiesta de la Patria Gaucha por primera vez tras aumento de casos de COVID"},"previousItem":{"@type":"ListItem","@id":"https:\/\/radiosul.net\/wp#listItem","name":"Home"}},{"@type":"ListItem","@id":"https:\/\/radiosul.net\/wp\/2020\/se-suspende-la-fiesta-de-la-patria-gaucha-por-primera-vez-tras-aumento-de-casos-de-covid\/#listItem","position":3,"name":"Se suspende la Fiesta de la Patria Gaucha por primera vez tras aumento de casos de COVID","previousItem":{"@type":"ListItem","@id":"https:\/\/radiosul.net\/wp\/category\/agro\/#listItem","name":"Agroneg\u00f3cio"}}]},{"@type":"Organization","@id":"https:\/\/radiosul.net\/wp\/#organization","name":"radiosul.net","description":"Regional por Excel\u00eancia","url":"https:\/\/radiosul.net\/wp\/"},{"@type":"Person","@id":"https:\/\/radiosul.net\/wp\/author\/alejo\/#author","url":"https:\/\/radiosul.net\/wp\/author\/alejo\/","name":"Alejo Bordon","image":{"@type":"ImageObject","@id":"https:\/\/radiosul.net\/wp\/2020\/se-suspende-la-fiesta-de-la-patria-gaucha-por-primera-vez-tras-aumento-de-casos-de-covid\/#authorImage","url":"https:\/\/secure.gravatar.com\/avatar\/b3a7e7f1c71212e6a5b7183b79a2ab58dad8bdc4cd4eadd61c4434d010d0bae4?s=96&d=mm&r=g","width":96,"height":96,"caption":"Alejo Bordon"}},{"@type":"WebPage","@id":"https:\/\/radiosul.net\/wp\/2020\/se-suspende-la-fiesta-de-la-patria-gaucha-por-primera-vez-tras-aumento-de-casos-de-covid\/#webpage","url":"https:\/\/radiosul.net\/wp\/2020\/se-suspende-la-fiesta-de-la-patria-gaucha-por-primera-vez-tras-aumento-de-casos-de-covid\/","name":"Se suspende la Fiesta de la Patria Gaucha por primera vez tras aumento de casos de COVID - radiosul.net","description":"Desde la organizaci\u00f3n, entienden que esta definici\u00f3n \"es la m\u00e1s acertada y la que nos ha dictado el sentido com\u00fan, para que sigamos cuid\u00e1ndonos entre todos\" En las \u00faltimas horas, el intendente de Tacuaremb\u00f3, Wilson Ezquerra, anunci\u00f3 que se suspender\u00e1 la edici\u00f3n 35 de la Fiesta de la Patria Gaucha prevista para marzo de 2021, debido a la pandemia del","inLanguage":"pt-BR","isPartOf":{"@id":"https:\/\/radiosul.net\/wp\/#website"},"breadcrumb":{"@id":"https:\/\/radiosul.net\/wp\/2020\/se-suspende-la-fiesta-de-la-patria-gaucha-por-primera-vez-tras-aumento-de-casos-de-covid\/#breadcrumblist"},"author":{"@id":"https:\/\/radiosul.net\/wp\/author\/alejo\/#author"},"creator":{"@id":"https:\/\/radiosul.net\/wp\/author\/alejo\/#author"},"image":{"@type":"ImageObject","url":"https:\/\/radiosul.net\/wp\/wp-content\/uploads\/2020\/12\/5c8c376ab8698.jpeg","@id":"https:\/\/radiosul.net\/wp\/2020\/se-suspende-la-fiesta-de-la-patria-gaucha-por-primera-vez-tras-aumento-de-casos-de-covid\/#mainImage","width":580,"height":348,"caption":"Jinetes en la previa a competir en la Patria Gaucha. Foto: Faustina Bartaburu - Archivo El Pa\u00eds"},"primaryImageOfPage":{"@id":"https:\/\/radiosul.net\/wp\/2020\/se-suspende-la-fiesta-de-la-patria-gaucha-por-primera-vez-tras-aumento-de-casos-de-covid\/#mainImage"},"datePublished":"2020-12-09T18:11:08-03:00","dateModified":"2020-12-09T18:11:09-03:00"},{"@type":"WebSite","@id":"https:\/\/radiosul.net\/wp\/#website","url":"https:\/\/radiosul.net\/wp\/","name":"radiosul.net","description":"Regional por Excel\u00eancia","inLanguage":"pt-BR","publisher":{"@id":"https:\/\/radiosul.net\/wp\/#organization"}}]},"og:locale":"pt_BR","og:site_name":"radiosul.net - Regional por Excel\u00eancia","og:type":"article","og:title":"Se suspende la Fiesta de la Patria Gaucha por primera vez tras aumento de casos de COVID - radiosul.net","og:description":"Desde la organizaci\u00f3n, entienden que esta definici\u00f3n &quot;es la m\u00e1s acertada y la que nos ha dictado el sentido com\u00fan, para que sigamos cuid\u00e1ndonos entre todos&quot; En las \u00faltimas horas, el intendente de Tacuaremb\u00f3, Wilson Ezquerra, anunci\u00f3 que se suspender\u00e1 la edici\u00f3n 35 de la Fiesta de la Patria Gaucha prevista para marzo de 2021, debido a la pandemia del","og:url":"https:\/\/radiosul.net\/wp\/2020\/se-suspende-la-fiesta-de-la-patria-gaucha-por-primera-vez-tras-aumento-de-casos-de-covid\/","article:published_time":"2020-12-09T21:11:08+00:00","article:modified_time":"2020-12-09T21:11:09+00:00","twitter:card":"summary_large_image","twitter:title":"Se suspende la Fiesta de la Patria Gaucha por primera vez tras aumento de casos de COVID - radiosul.net","twitter:description":"Desde la organizaci\u00f3n, entienden que esta definici\u00f3n &quot;es la m\u00e1s acertada y la que nos ha dictado el sentido com\u00fan, para que sigamos cuid\u00e1ndonos entre todos&quot; En las \u00faltimas horas, el intendente de Tacuaremb\u00f3, Wilson Ezquerra, anunci\u00f3 que se suspender\u00e1 la edici\u00f3n 35 de la Fiesta de la Patria Gaucha prevista para marzo de 2021, debido a la pandemia del"},"aioseo_meta_data":{"post_id":"16813","title":null,"description":null,"keywords":null,"keyphrases":null,"primary_term":null,"canonical_url":null,"og_title":null,"og_description":null,"og_object_type":"default","og_image_type":"default","og_image_url":null,"og_image_width":null,"og_image_height":null,"og_image_custom_url":null,"og_image_custom_fields":null,"og_video":null,"og_custom_url":null,"og_article_section":null,"og_article_tags":null,"twitter_use_og":false,"twitter_card":"default","twitter_image_type":"default","twitter_image_url":null,"twitter_image_custom_url":null,"twitter_image_custom_fields":null,"twitter_title":null,"twitter_description":null,"schema":{"blockGraphs":[],"customGraphs":[],"default":{"data":{"Article":[],"Course":[],"Dataset":[],"FAQPage":[],"Movie":[],"Person":[],"Product":[],"ProductReview":[],"Car":[],"Recipe":[],"Service":[],"SoftwareApplication":[],"WebPage":[]},"graphName":"","isEnabled":true},"graphs":[]},"schema_type":"default","schema_type_options":null,"pillar_content":false,"robots_default":true,"robots_noindex":false,"robots_noarchive":false,"robots_nosnippet":false,"robots_nofollow":false,"robots_noimageindex":false,"robots_noodp":false,"robots_notranslate":false,"robots_max_snippet":null,"robots_max_videopreview":null,"robots_max_imagepreview":"large","priority":null,"frequency":null,"local_seo":null,"breadcrumb_settings":null,"limit_modified_date":false,"ai":null,"created":"2026-01-09 00:23:23","updated":"2026-01-09 00:23:23","seo_analyzer_scan_date":null,"focus_keyword":null,"additional_keywords":null,"truseo_locale":null},"aioseo_breadcrumb":"<div class=\"aioseo-breadcrumbs\"><span class=\"aioseo-breadcrumb\">\n\t\t\t<a href=\"https:\/\/radiosul.net\/wp\" title=\"Home\">Home<\/a>\n\t\t<\/span><span class=\"aioseo-breadcrumb-separator\">&raquo;<\/span><span class=\"aioseo-breadcrumb\">\n\t\t\t<a href=\"https:\/\/radiosul.net\/wp\/category\/agro\/\" title=\"Agroneg\u00f3cio\">Agroneg\u00f3cio<\/a>\n\t\t<\/span><span class=\"aioseo-breadcrumb-separator\">&raquo;<\/span><span class=\"aioseo-breadcrumb\">\n\t\t\tSe suspende la Fiesta de la Patria Gaucha por primera vez tras aumento de casos de COVID\n\t\t<\/span><\/div>","aioseo_breadcrumb_json":[{"label":"Home","link":"https:\/\/radiosul.net\/wp"},{"label":"Agroneg\u00f3cio","link":"https:\/\/radiosul.net\/wp\/category\/agro\/"},{"label":"Se suspende la Fiesta de la Patria Gaucha por primera vez tras aumento de casos de COVID","link":"https:\/\/radiosul.net\/wp\/2020\/se-suspende-la-fiesta-de-la-patria-gaucha-por-primera-vez-tras-aumento-de-casos-de-covid\/"}],"_links":{"self":[{"href":"https:\/\/radiosul.net\/wp\/wp-json\/wp\/v2\/posts\/16813","targetHints":{"allow":["GET"]}}],"collection":[{"href":"https:\/\/radiosul.net\/wp\/wp-json\/wp\/v2\/posts"}],"about":[{"href":"https:\/\/radiosul.net\/wp\/wp-json\/wp\/v2\/types\/post"}],"author":[{"embeddable":true,"href":"https:\/\/radiosul.net\/wp\/wp-json\/wp\/v2\/users\/9"}],"replies":[{"embeddable":true,"href":"https:\/\/radiosul.net\/wp\/wp-json\/wp\/v2\/comments?post=16813"}],"version-history":[{"count":1,"href":"https:\/\/radiosul.net\/wp\/wp-json\/wp\/v2\/posts\/16813\/revisions"}],"predecessor-version":[{"id":16815,"href":"https:\/\/radiosul.net\/wp\/wp-json\/wp\/v2\/posts\/16813\/revisions\/16815"}],"wp:featuredmedia":[{"embeddable":true,"href":"https:\/\/radiosul.net\/wp\/wp-json\/wp\/v2\/media\/16814"}],"wp:attachment":[{"href":"https:\/\/radiosul.net\/wp\/wp-json\/wp\/v2\/media?parent=16813"}],"wp:term":[{"taxonomy":"category","embeddable":true,"href":"https:\/\/radiosul.net\/wp\/wp-json\/wp\/v2\/categories?post=16813"},{"taxonomy":"post_tag","embeddable":true,"href":"https:\/\/radiosul.net\/wp\/wp-json\/wp\/v2\/tags?post=16813"}],"curies":[{"name":"wp","href":"https:\/\/api.w.org\/{rel}","templated":true}]}}