{"id":16704,"date":"2020-12-02T19:00:24","date_gmt":"2020-12-02T22:00:24","guid":{"rendered":"https:\/\/radiosul.net\/wp\/?p=16704"},"modified":"2020-12-02T19:00:25","modified_gmt":"2020-12-02T22:00:25","slug":"ministerio-da-agricultura-prorroga-campanha-de-vacinacao-contra-aftosa","status":"publish","type":"post","link":"https:\/\/radiosul.net\/wp\/2020\/ministerio-da-agricultura-prorroga-campanha-de-vacinacao-contra-aftosa\/","title":{"rendered":"Minist\u00e9rio da Agricultura prorroga campanha de vacina\u00e7\u00e3o contra aftosa"},"content":{"rendered":"\n<p class=\"wp-block-paragraph\"><em>O prazo para vacina\u00e7\u00e3o em bovinos e bubalinos foi ampliado em 13 estados em virtude da pandemia de Covid-19; confira as novas datas<\/em><\/p>\n\n\n\n<p class=\"wp-block-paragraph\">O Minist\u00e9rio da Agricultura, Pecu\u00e1ria e Abastecimento (Mapa) anunciou nesta quarta-feira, 2 a prorroga\u00e7\u00e3o da segunda etapa da campanha de vacina\u00e7\u00e3o contra a febre aftosa. A campanha, que inicialmente terminaria no dia 30 de novembro, ser\u00e1 prorrogada em 13 estados. Segundo o Mapa, o prazo foi ampliado principalmente por conta da pandemia da Covid-19.<\/p>\n\n\n\n<p class=\"wp-block-paragraph\">Os novos prazos estabelecidos pelo minist\u00e9rio variam de acordo com o estado. Para os pecuaristas de Sergipe e do Distrito Federal, a prorroga\u00e7\u00e3o vale at\u00e9 a pr\u00f3xima sexta-feira, 4. No estado de Mato Grosso, o novo prazo ser\u00e1 at\u00e9 o dia 10 de dezembro e no Maranh\u00e3o, at\u00e9 o dia 14. J\u00e1 os estados de Piau\u00ed, Pernambuco, Esp\u00edrito Santo, Alagoas, Rio de Janeiro e Rio Grande do Norte a amplia\u00e7\u00e3o do prazo vai at\u00e9 o dia 15 de dezembro. No estado do Cear\u00e1, a prorroga\u00e7\u00e3o vai at\u00e9 o dia 19. Por fim, produtores do Amap\u00e1 e Para\u00edba ter\u00e3o at\u00e9 o dia 31 de dezembro para realizar a imuniza\u00e7\u00e3o.<\/p>\n\n\n\n<p class=\"wp-block-paragraph\">O minist\u00e9rio, lembra, ainda, que as vacinas devem ser adquiridas nas revendas autorizadas e mantidas entre 2\u00b0C e 8\u00b0C, desde a aquisi\u00e7\u00e3o at\u00e9 o momento da utiliza\u00e7\u00e3o \u2013 incluindo o transporte e a aplica\u00e7\u00e3o, j\u00e1 na fazenda. Devem ser usadas agulhas novas para aplica\u00e7\u00e3o da dose de 2 ml na t\u00e1bua do pesco\u00e7o de cada animal, preferindo as horas mais frescas do dia, para fazer a conten\u00e7\u00e3o adequada dos animais e a aplica\u00e7\u00e3o da vacina.<\/p>\n\n\n\n<p class=\"wp-block-paragraph\">Al\u00e9m da vacina\u00e7\u00e3o, o produtor deve fazer a comprova\u00e7\u00e3o junto ao \u00f3rg\u00e3o de defesa sanit\u00e1ria animal de seu estado. A declara\u00e7\u00e3o da vacina pode ser entregue de forma online ou, quando n\u00e3o for poss\u00edvel, presencialmente nos postos designados pelo servi\u00e7o veterin\u00e1rio estadual nos prazos estipulados.<\/p>\n\n\n\n<p class=\"wp-block-paragraph\"><strong><em>Fonte: Canal Rural<\/em><\/strong><\/p>\n","protected":false},"excerpt":{"rendered":"<p>O prazo para vacina\u00e7\u00e3o em bovinos e bubalinos foi ampliado em 13 estados em virtude da pandemia de Covid-19; confira as novas datas O Minist\u00e9rio da Agricultura, Pecu\u00e1ria e Abastecimento (Mapa) anunciou nesta quarta-feira, 2 a prorroga\u00e7\u00e3o da segunda etapa da campanha de vacina\u00e7\u00e3o contra a febre aftosa. A campanha, que inicialmente terminaria no dia &hellip;<\/p>\n","protected":false},"author":9,"featured_media":16700,"comment_status":"closed","ping_status":"closed","sticky":false,"template":"","format":"standard","meta":{"_monsterinsights_skip_tracking":false,"_uf_show_specific_survey":0,"_uf_disable_surveys":false,"footnotes":""},"categories":[1,126],"tags":[],"class_list":["post-16704","post","type-post","status-publish","format-standard","has-post-thumbnail","hentry","category-agro","category-destacados"],"aioseo_notices":[],"aioseo_head":"\n\t\t<!-- All in One SEO 5.0.1.1 - aioseo.com -->\n\t<meta name=\"description\" content=\"O prazo para vacina\u00e7\u00e3o em bovinos e bubalinos foi ampliado em 13 estados em virtude da pandemia de Covid-19; confira as novas datas O Minist\u00e9rio da Agricultura, Pecu\u00e1ria e Abastecimento (Mapa) anunciou nesta quarta-feira, 2 a prorroga\u00e7\u00e3o da segunda etapa da campanha de vacina\u00e7\u00e3o contra a febre aftosa. A campanha, que inicialmente terminaria no dia\" \/>\n\t<meta name=\"robots\" content=\"max-image-preview:large\" \/>\n\t<meta name=\"author\" content=\"Alejo Bordon\"\/>\n\t<link rel=\"canonical\" href=\"https:\/\/radiosul.net\/wp\/2020\/ministerio-da-agricultura-prorroga-campanha-de-vacinacao-contra-aftosa\/\" \/>\n\t<meta name=\"generator\" content=\"All in One SEO (AIOSEO) 5.0.1.1\" \/>\n\t\t<meta property=\"og:locale\" content=\"pt_BR\" \/>\n\t\t<meta property=\"og:site_name\" content=\"radiosul.net - Regional por Excel\u00eancia\" \/>\n\t\t<meta property=\"og:type\" content=\"article\" \/>\n\t\t<meta property=\"og:title\" content=\"Minist\u00e9rio da Agricultura prorroga campanha de vacina\u00e7\u00e3o contra aftosa - radiosul.net\" \/>\n\t\t<meta property=\"og:description\" content=\"O prazo para vacina\u00e7\u00e3o em bovinos e bubalinos foi ampliado em 13 estados em virtude da pandemia de Covid-19; confira as novas datas O Minist\u00e9rio da Agricultura, Pecu\u00e1ria e Abastecimento (Mapa) anunciou nesta quarta-feira, 2 a prorroga\u00e7\u00e3o da segunda etapa da campanha de vacina\u00e7\u00e3o contra a febre aftosa. A campanha, que inicialmente terminaria no dia\" \/>\n\t\t<meta property=\"og:url\" content=\"https:\/\/radiosul.net\/wp\/2020\/ministerio-da-agricultura-prorroga-campanha-de-vacinacao-contra-aftosa\/\" \/>\n\t\t<meta property=\"article:published_time\" content=\"2020-12-02T22:00:24+00:00\" \/>\n\t\t<meta property=\"article:modified_time\" content=\"2020-12-02T22:00:25+00:00\" \/>\n\t\t<meta name=\"twitter:card\" content=\"summary_large_image\" \/>\n\t\t<meta name=\"twitter:title\" content=\"Minist\u00e9rio da Agricultura prorroga campanha de vacina\u00e7\u00e3o contra aftosa - radiosul.net\" \/>\n\t\t<meta name=\"twitter:description\" content=\"O prazo para vacina\u00e7\u00e3o em bovinos e bubalinos foi ampliado em 13 estados em virtude da pandemia de Covid-19; confira as novas datas O Minist\u00e9rio da Agricultura, Pecu\u00e1ria e Abastecimento (Mapa) anunciou nesta quarta-feira, 2 a prorroga\u00e7\u00e3o da segunda etapa da campanha de vacina\u00e7\u00e3o contra a febre aftosa. A campanha, que inicialmente terminaria no dia\" \/>\n\t\t<script type=\"application\/ld+json\" class=\"aioseo-schema\">\n\t\t\t{\"@context\":\"https:\\\/\\\/schema.org\",\"@graph\":[{\"@type\":\"BlogPosting\",\"@id\":\"https:\\\/\\\/radiosul.net\\\/wp\\\/2020\\\/ministerio-da-agricultura-prorroga-campanha-de-vacinacao-contra-aftosa\\\/#blogposting\",\"name\":\"Minist\\u00e9rio da Agricultura prorroga campanha de vacina\\u00e7\\u00e3o contra aftosa - radiosul.net\",\"headline\":\"Minist\\u00e9rio da Agricultura prorroga campanha de vacina\\u00e7\\u00e3o contra aftosa\",\"author\":{\"@id\":\"https:\\\/\\\/radiosul.net\\\/wp\\\/author\\\/alejo\\\/#author\"},\"publisher\":{\"@id\":\"https:\\\/\\\/radiosul.net\\\/wp\\\/#organization\"},\"image\":{\"@type\":\"ImageObject\",\"url\":\"https:\\\/\\\/radiosul.net\\\/wp\\\/wp-content\\\/uploads\\\/2020\\\/12\\\/1430225771287.jpg\",\"width\":640,\"height\":440,\"caption\":\"Foto: Prefeitura de Rio Bonito (RJ)\"},\"datePublished\":\"2020-12-02T19:00:24-03:00\",\"dateModified\":\"2020-12-02T19:00:25-03:00\",\"inLanguage\":\"pt-BR\",\"mainEntityOfPage\":{\"@id\":\"https:\\\/\\\/radiosul.net\\\/wp\\\/2020\\\/ministerio-da-agricultura-prorroga-campanha-de-vacinacao-contra-aftosa\\\/#webpage\"},\"isPartOf\":{\"@id\":\"https:\\\/\\\/radiosul.net\\\/wp\\\/2020\\\/ministerio-da-agricultura-prorroga-campanha-de-vacinacao-contra-aftosa\\\/#webpage\"},\"articleSection\":\"Agroneg\\u00f3cio, Destaque\"},{\"@type\":\"BreadcrumbList\",\"@id\":\"https:\\\/\\\/radiosul.net\\\/wp\\\/2020\\\/ministerio-da-agricultura-prorroga-campanha-de-vacinacao-contra-aftosa\\\/#breadcrumblist\",\"itemListElement\":[{\"@type\":\"ListItem\",\"@id\":\"https:\\\/\\\/radiosul.net\\\/wp#listItem\",\"position\":1,\"name\":\"Home\",\"item\":\"https:\\\/\\\/radiosul.net\\\/wp\",\"nextItem\":{\"@type\":\"ListItem\",\"@id\":\"https:\\\/\\\/radiosul.net\\\/wp\\\/category\\\/agro\\\/#listItem\",\"name\":\"Agroneg\\u00f3cio\"}},{\"@type\":\"ListItem\",\"@id\":\"https:\\\/\\\/radiosul.net\\\/wp\\\/category\\\/agro\\\/#listItem\",\"position\":2,\"name\":\"Agroneg\\u00f3cio\",\"item\":\"https:\\\/\\\/radiosul.net\\\/wp\\\/category\\\/agro\\\/\",\"nextItem\":{\"@type\":\"ListItem\",\"@id\":\"https:\\\/\\\/radiosul.net\\\/wp\\\/2020\\\/ministerio-da-agricultura-prorroga-campanha-de-vacinacao-contra-aftosa\\\/#listItem\",\"name\":\"Minist\\u00e9rio da Agricultura prorroga campanha de vacina\\u00e7\\u00e3o contra aftosa\"},\"previousItem\":{\"@type\":\"ListItem\",\"@id\":\"https:\\\/\\\/radiosul.net\\\/wp#listItem\",\"name\":\"Home\"}},{\"@type\":\"ListItem\",\"@id\":\"https:\\\/\\\/radiosul.net\\\/wp\\\/2020\\\/ministerio-da-agricultura-prorroga-campanha-de-vacinacao-contra-aftosa\\\/#listItem\",\"position\":3,\"name\":\"Minist\\u00e9rio da Agricultura prorroga campanha de vacina\\u00e7\\u00e3o contra aftosa\",\"previousItem\":{\"@type\":\"ListItem\",\"@id\":\"https:\\\/\\\/radiosul.net\\\/wp\\\/category\\\/agro\\\/#listItem\",\"name\":\"Agroneg\\u00f3cio\"}}]},{\"@type\":\"Organization\",\"@id\":\"https:\\\/\\\/radiosul.net\\\/wp\\\/#organization\",\"name\":\"radiosul.net\",\"description\":\"Regional por Excel\\u00eancia\",\"url\":\"https:\\\/\\\/radiosul.net\\\/wp\\\/\"},{\"@type\":\"Person\",\"@id\":\"https:\\\/\\\/radiosul.net\\\/wp\\\/author\\\/alejo\\\/#author\",\"url\":\"https:\\\/\\\/radiosul.net\\\/wp\\\/author\\\/alejo\\\/\",\"name\":\"Alejo Bordon\",\"image\":{\"@type\":\"ImageObject\",\"@id\":\"https:\\\/\\\/radiosul.net\\\/wp\\\/2020\\\/ministerio-da-agricultura-prorroga-campanha-de-vacinacao-contra-aftosa\\\/#authorImage\",\"url\":\"https:\\\/\\\/secure.gravatar.com\\\/avatar\\\/b3a7e7f1c71212e6a5b7183b79a2ab58dad8bdc4cd4eadd61c4434d010d0bae4?s=96&d=mm&r=g\",\"width\":96,\"height\":96,\"caption\":\"Alejo Bordon\"}},{\"@type\":\"WebPage\",\"@id\":\"https:\\\/\\\/radiosul.net\\\/wp\\\/2020\\\/ministerio-da-agricultura-prorroga-campanha-de-vacinacao-contra-aftosa\\\/#webpage\",\"url\":\"https:\\\/\\\/radiosul.net\\\/wp\\\/2020\\\/ministerio-da-agricultura-prorroga-campanha-de-vacinacao-contra-aftosa\\\/\",\"name\":\"Minist\\u00e9rio da Agricultura prorroga campanha de vacina\\u00e7\\u00e3o contra aftosa - radiosul.net\",\"description\":\"O prazo para vacina\\u00e7\\u00e3o em bovinos e bubalinos foi ampliado em 13 estados em virtude da pandemia de Covid-19; confira as novas datas O Minist\\u00e9rio da Agricultura, Pecu\\u00e1ria e Abastecimento (Mapa) anunciou nesta quarta-feira, 2 a prorroga\\u00e7\\u00e3o da segunda etapa da campanha de vacina\\u00e7\\u00e3o contra a febre aftosa. A campanha, que inicialmente terminaria no dia\",\"inLanguage\":\"pt-BR\",\"isPartOf\":{\"@id\":\"https:\\\/\\\/radiosul.net\\\/wp\\\/#website\"},\"breadcrumb\":{\"@id\":\"https:\\\/\\\/radiosul.net\\\/wp\\\/2020\\\/ministerio-da-agricultura-prorroga-campanha-de-vacinacao-contra-aftosa\\\/#breadcrumblist\"},\"author\":{\"@id\":\"https:\\\/\\\/radiosul.net\\\/wp\\\/author\\\/alejo\\\/#author\"},\"creator\":{\"@id\":\"https:\\\/\\\/radiosul.net\\\/wp\\\/author\\\/alejo\\\/#author\"},\"image\":{\"@type\":\"ImageObject\",\"url\":\"https:\\\/\\\/radiosul.net\\\/wp\\\/wp-content\\\/uploads\\\/2020\\\/12\\\/1430225771287.jpg\",\"@id\":\"https:\\\/\\\/radiosul.net\\\/wp\\\/2020\\\/ministerio-da-agricultura-prorroga-campanha-de-vacinacao-contra-aftosa\\\/#mainImage\",\"width\":640,\"height\":440,\"caption\":\"Foto: Prefeitura de Rio Bonito (RJ)\"},\"primaryImageOfPage\":{\"@id\":\"https:\\\/\\\/radiosul.net\\\/wp\\\/2020\\\/ministerio-da-agricultura-prorroga-campanha-de-vacinacao-contra-aftosa\\\/#mainImage\"},\"datePublished\":\"2020-12-02T19:00:24-03:00\",\"dateModified\":\"2020-12-02T19:00:25-03:00\"},{\"@type\":\"WebSite\",\"@id\":\"https:\\\/\\\/radiosul.net\\\/wp\\\/#website\",\"url\":\"https:\\\/\\\/radiosul.net\\\/wp\\\/\",\"name\":\"radiosul.net\",\"description\":\"Regional por Excel\\u00eancia\",\"inLanguage\":\"pt-BR\",\"publisher\":{\"@id\":\"https:\\\/\\\/radiosul.net\\\/wp\\\/#organization\"}}]}\n\t\t<\/script>\n\t\t<!-- All in One SEO -->\n\n","aioseo_head_json":{"title":"Minist\u00e9rio da Agricultura prorroga campanha de vacina\u00e7\u00e3o contra aftosa - radiosul.net","description":"O prazo para vacina\u00e7\u00e3o em bovinos e bubalinos foi ampliado em 13 estados em virtude da pandemia de Covid-19; confira as novas datas O Minist\u00e9rio da Agricultura, Pecu\u00e1ria e Abastecimento (Mapa) anunciou nesta quarta-feira, 2 a prorroga\u00e7\u00e3o da segunda etapa da campanha de vacina\u00e7\u00e3o contra a febre aftosa. A campanha, que inicialmente terminaria no dia","canonical_url":"https:\/\/radiosul.net\/wp\/2020\/ministerio-da-agricultura-prorroga-campanha-de-vacinacao-contra-aftosa\/","robots":"max-image-preview:large","keywords":"","webmasterTools":{"miscellaneous":""},"schema":{"@context":"https:\/\/schema.org","@graph":[{"@type":"BlogPosting","@id":"https:\/\/radiosul.net\/wp\/2020\/ministerio-da-agricultura-prorroga-campanha-de-vacinacao-contra-aftosa\/#blogposting","name":"Minist\u00e9rio da Agricultura prorroga campanha de vacina\u00e7\u00e3o contra aftosa - radiosul.net","headline":"Minist\u00e9rio da Agricultura prorroga campanha de vacina\u00e7\u00e3o contra aftosa","author":{"@id":"https:\/\/radiosul.net\/wp\/author\/alejo\/#author"},"publisher":{"@id":"https:\/\/radiosul.net\/wp\/#organization"},"image":{"@type":"ImageObject","url":"https:\/\/radiosul.net\/wp\/wp-content\/uploads\/2020\/12\/1430225771287.jpg","width":640,"height":440,"caption":"Foto: Prefeitura de Rio Bonito (RJ)"},"datePublished":"2020-12-02T19:00:24-03:00","dateModified":"2020-12-02T19:00:25-03:00","inLanguage":"pt-BR","mainEntityOfPage":{"@id":"https:\/\/radiosul.net\/wp\/2020\/ministerio-da-agricultura-prorroga-campanha-de-vacinacao-contra-aftosa\/#webpage"},"isPartOf":{"@id":"https:\/\/radiosul.net\/wp\/2020\/ministerio-da-agricultura-prorroga-campanha-de-vacinacao-contra-aftosa\/#webpage"},"articleSection":"Agroneg\u00f3cio, Destaque"},{"@type":"BreadcrumbList","@id":"https:\/\/radiosul.net\/wp\/2020\/ministerio-da-agricultura-prorroga-campanha-de-vacinacao-contra-aftosa\/#breadcrumblist","itemListElement":[{"@type":"ListItem","@id":"https:\/\/radiosul.net\/wp#listItem","position":1,"name":"Home","item":"https:\/\/radiosul.net\/wp","nextItem":{"@type":"ListItem","@id":"https:\/\/radiosul.net\/wp\/category\/agro\/#listItem","name":"Agroneg\u00f3cio"}},{"@type":"ListItem","@id":"https:\/\/radiosul.net\/wp\/category\/agro\/#listItem","position":2,"name":"Agroneg\u00f3cio","item":"https:\/\/radiosul.net\/wp\/category\/agro\/","nextItem":{"@type":"ListItem","@id":"https:\/\/radiosul.net\/wp\/2020\/ministerio-da-agricultura-prorroga-campanha-de-vacinacao-contra-aftosa\/#listItem","name":"Minist\u00e9rio da Agricultura prorroga campanha de vacina\u00e7\u00e3o contra aftosa"},"previousItem":{"@type":"ListItem","@id":"https:\/\/radiosul.net\/wp#listItem","name":"Home"}},{"@type":"ListItem","@id":"https:\/\/radiosul.net\/wp\/2020\/ministerio-da-agricultura-prorroga-campanha-de-vacinacao-contra-aftosa\/#listItem","position":3,"name":"Minist\u00e9rio da Agricultura prorroga campanha de vacina\u00e7\u00e3o contra aftosa","previousItem":{"@type":"ListItem","@id":"https:\/\/radiosul.net\/wp\/category\/agro\/#listItem","name":"Agroneg\u00f3cio"}}]},{"@type":"Organization","@id":"https:\/\/radiosul.net\/wp\/#organization","name":"radiosul.net","description":"Regional por Excel\u00eancia","url":"https:\/\/radiosul.net\/wp\/"},{"@type":"Person","@id":"https:\/\/radiosul.net\/wp\/author\/alejo\/#author","url":"https:\/\/radiosul.net\/wp\/author\/alejo\/","name":"Alejo Bordon","image":{"@type":"ImageObject","@id":"https:\/\/radiosul.net\/wp\/2020\/ministerio-da-agricultura-prorroga-campanha-de-vacinacao-contra-aftosa\/#authorImage","url":"https:\/\/secure.gravatar.com\/avatar\/b3a7e7f1c71212e6a5b7183b79a2ab58dad8bdc4cd4eadd61c4434d010d0bae4?s=96&d=mm&r=g","width":96,"height":96,"caption":"Alejo Bordon"}},{"@type":"WebPage","@id":"https:\/\/radiosul.net\/wp\/2020\/ministerio-da-agricultura-prorroga-campanha-de-vacinacao-contra-aftosa\/#webpage","url":"https:\/\/radiosul.net\/wp\/2020\/ministerio-da-agricultura-prorroga-campanha-de-vacinacao-contra-aftosa\/","name":"Minist\u00e9rio da Agricultura prorroga campanha de vacina\u00e7\u00e3o contra aftosa - radiosul.net","description":"O prazo para vacina\u00e7\u00e3o em bovinos e bubalinos foi ampliado em 13 estados em virtude da pandemia de Covid-19; confira as novas datas O Minist\u00e9rio da Agricultura, Pecu\u00e1ria e Abastecimento (Mapa) anunciou nesta quarta-feira, 2 a prorroga\u00e7\u00e3o da segunda etapa da campanha de vacina\u00e7\u00e3o contra a febre aftosa. A campanha, que inicialmente terminaria no dia","inLanguage":"pt-BR","isPartOf":{"@id":"https:\/\/radiosul.net\/wp\/#website"},"breadcrumb":{"@id":"https:\/\/radiosul.net\/wp\/2020\/ministerio-da-agricultura-prorroga-campanha-de-vacinacao-contra-aftosa\/#breadcrumblist"},"author":{"@id":"https:\/\/radiosul.net\/wp\/author\/alejo\/#author"},"creator":{"@id":"https:\/\/radiosul.net\/wp\/author\/alejo\/#author"},"image":{"@type":"ImageObject","url":"https:\/\/radiosul.net\/wp\/wp-content\/uploads\/2020\/12\/1430225771287.jpg","@id":"https:\/\/radiosul.net\/wp\/2020\/ministerio-da-agricultura-prorroga-campanha-de-vacinacao-contra-aftosa\/#mainImage","width":640,"height":440,"caption":"Foto: Prefeitura de Rio Bonito (RJ)"},"primaryImageOfPage":{"@id":"https:\/\/radiosul.net\/wp\/2020\/ministerio-da-agricultura-prorroga-campanha-de-vacinacao-contra-aftosa\/#mainImage"},"datePublished":"2020-12-02T19:00:24-03:00","dateModified":"2020-12-02T19:00:25-03:00"},{"@type":"WebSite","@id":"https:\/\/radiosul.net\/wp\/#website","url":"https:\/\/radiosul.net\/wp\/","name":"radiosul.net","description":"Regional por Excel\u00eancia","inLanguage":"pt-BR","publisher":{"@id":"https:\/\/radiosul.net\/wp\/#organization"}}]},"og:locale":"pt_BR","og:site_name":"radiosul.net - Regional por Excel\u00eancia","og:type":"article","og:title":"Minist\u00e9rio da Agricultura prorroga campanha de vacina\u00e7\u00e3o contra aftosa - radiosul.net","og:description":"O prazo para vacina\u00e7\u00e3o em bovinos e bubalinos foi ampliado em 13 estados em virtude da pandemia de Covid-19; confira as novas datas O Minist\u00e9rio da Agricultura, Pecu\u00e1ria e Abastecimento (Mapa) anunciou nesta quarta-feira, 2 a prorroga\u00e7\u00e3o da segunda etapa da campanha de vacina\u00e7\u00e3o contra a febre aftosa. A campanha, que inicialmente terminaria no dia","og:url":"https:\/\/radiosul.net\/wp\/2020\/ministerio-da-agricultura-prorroga-campanha-de-vacinacao-contra-aftosa\/","article:published_time":"2020-12-02T22:00:24+00:00","article:modified_time":"2020-12-02T22:00:25+00:00","twitter:card":"summary_large_image","twitter:title":"Minist\u00e9rio da Agricultura prorroga campanha de vacina\u00e7\u00e3o contra aftosa - radiosul.net","twitter:description":"O prazo para vacina\u00e7\u00e3o em bovinos e bubalinos foi ampliado em 13 estados em virtude da pandemia de Covid-19; confira as novas datas O Minist\u00e9rio da Agricultura, Pecu\u00e1ria e Abastecimento (Mapa) anunciou nesta quarta-feira, 2 a prorroga\u00e7\u00e3o da segunda etapa da campanha de vacina\u00e7\u00e3o contra a febre aftosa. A campanha, que inicialmente terminaria no dia"},"aioseo_meta_data":{"post_id":"16704","title":null,"description":null,"keywords":null,"keyphrases":null,"primary_term":null,"canonical_url":null,"og_title":null,"og_description":null,"og_object_type":"default","og_image_type":"default","og_image_url":null,"og_image_width":null,"og_image_height":null,"og_image_custom_url":null,"og_image_custom_fields":null,"og_video":null,"og_custom_url":null,"og_article_section":null,"og_article_tags":null,"twitter_use_og":false,"twitter_card":"default","twitter_image_type":"default","twitter_image_url":null,"twitter_image_custom_url":null,"twitter_image_custom_fields":null,"twitter_title":null,"twitter_description":null,"schema":{"blockGraphs":[],"customGraphs":[],"default":{"data":{"Article":[],"Course":[],"Dataset":[],"FAQPage":[],"Movie":[],"Person":[],"Product":[],"ProductReview":[],"Car":[],"Recipe":[],"Service":[],"SoftwareApplication":[],"WebPage":[]},"graphName":"","isEnabled":true},"graphs":[]},"schema_type":"default","schema_type_options":null,"pillar_content":false,"robots_default":true,"robots_noindex":false,"robots_noarchive":false,"robots_nosnippet":false,"robots_nofollow":false,"robots_noimageindex":false,"robots_noodp":false,"robots_notranslate":false,"robots_max_snippet":null,"robots_max_videopreview":null,"robots_max_imagepreview":"large","priority":null,"frequency":null,"local_seo":null,"breadcrumb_settings":null,"limit_modified_date":false,"ai":null,"created":"2026-01-09 00:23:23","updated":"2026-01-09 00:23:23","seo_analyzer_scan_date":null,"focus_keyword":null,"additional_keywords":null,"truseo_locale":null},"aioseo_breadcrumb":"<div class=\"aioseo-breadcrumbs\"><span class=\"aioseo-breadcrumb\">\n\t\t\t<a href=\"https:\/\/radiosul.net\/wp\" title=\"Home\">Home<\/a>\n\t\t<\/span><span class=\"aioseo-breadcrumb-separator\">&raquo;<\/span><span class=\"aioseo-breadcrumb\">\n\t\t\t<a href=\"https:\/\/radiosul.net\/wp\/category\/agro\/\" title=\"Agroneg\u00f3cio\">Agroneg\u00f3cio<\/a>\n\t\t<\/span><span class=\"aioseo-breadcrumb-separator\">&raquo;<\/span><span class=\"aioseo-breadcrumb\">\n\t\t\tMinist\u00e9rio da Agricultura prorroga campanha de vacina\u00e7\u00e3o contra aftosa\n\t\t<\/span><\/div>","aioseo_breadcrumb_json":[{"label":"Home","link":"https:\/\/radiosul.net\/wp"},{"label":"Agroneg\u00f3cio","link":"https:\/\/radiosul.net\/wp\/category\/agro\/"},{"label":"Minist\u00e9rio da Agricultura prorroga campanha de vacina\u00e7\u00e3o contra aftosa","link":"https:\/\/radiosul.net\/wp\/2020\/ministerio-da-agricultura-prorroga-campanha-de-vacinacao-contra-aftosa\/"}],"_links":{"self":[{"href":"https:\/\/radiosul.net\/wp\/wp-json\/wp\/v2\/posts\/16704","targetHints":{"allow":["GET"]}}],"collection":[{"href":"https:\/\/radiosul.net\/wp\/wp-json\/wp\/v2\/posts"}],"about":[{"href":"https:\/\/radiosul.net\/wp\/wp-json\/wp\/v2\/types\/post"}],"author":[{"embeddable":true,"href":"https:\/\/radiosul.net\/wp\/wp-json\/wp\/v2\/users\/9"}],"replies":[{"embeddable":true,"href":"https:\/\/radiosul.net\/wp\/wp-json\/wp\/v2\/comments?post=16704"}],"version-history":[{"count":1,"href":"https:\/\/radiosul.net\/wp\/wp-json\/wp\/v2\/posts\/16704\/revisions"}],"predecessor-version":[{"id":16705,"href":"https:\/\/radiosul.net\/wp\/wp-json\/wp\/v2\/posts\/16704\/revisions\/16705"}],"wp:featuredmedia":[{"embeddable":true,"href":"https:\/\/radiosul.net\/wp\/wp-json\/wp\/v2\/media\/16700"}],"wp:attachment":[{"href":"https:\/\/radiosul.net\/wp\/wp-json\/wp\/v2\/media?parent=16704"}],"wp:term":[{"taxonomy":"category","embeddable":true,"href":"https:\/\/radiosul.net\/wp\/wp-json\/wp\/v2\/categories?post=16704"},{"taxonomy":"post_tag","embeddable":true,"href":"https:\/\/radiosul.net\/wp\/wp-json\/wp\/v2\/tags?post=16704"}],"curies":[{"name":"wp","href":"https:\/\/api.w.org\/{rel}","templated":true}]}}