{"id":16607,"date":"2020-11-26T13:20:52","date_gmt":"2020-11-26T16:20:52","guid":{"rendered":"https:\/\/radiosul.net\/wp\/?p=16607"},"modified":"2020-11-26T13:20:55","modified_gmt":"2020-11-26T16:20:55","slug":"mostardas-realiza-30a-feira-de-ovinos-equinos-e-gado-geral","status":"publish","type":"post","link":"https:\/\/radiosul.net\/wp\/2020\/mostardas-realiza-30a-feira-de-ovinos-equinos-e-gado-geral\/","title":{"rendered":"Mostardas realiza 30\u00aa Feira de Ovinos, Equinos e Gado Geral"},"content":{"rendered":"\n<p class=\"wp-block-paragraph\"><em>Evento acontece no dia 11 de dezembro<\/em><\/p>\n\n\n\n<p class=\"wp-block-paragraph\">O Sindicato Rural de Mostardas realiza, no dia 11 de dezembro a 30\u00aa Feira de Ovinos, Equinos e Gado Geral do Sindicato Rural de Mostardas. Os remates acontecem no Parque de Exposi\u00e7\u00f5es Z\u00e9 Terra e ter\u00e3o transmiss\u00e3o pelo canal da <a rel=\"noreferrer noopener\" href=\"https:\/\/www.youtube.com\/saremates\" target=\"_blank\">S&amp;A Remates<\/a>\u00a0a partir das 14h.<\/p>\n\n\n\n<p class=\"wp-block-paragraph\">Conforme o regulamento, podem participar do remate machos confirmados PO, RGB e SO at\u00e9 quatro dentes (dois anos), cordeiras, borregas, ovelhas, cap\u00f5es e cordeiros castrados. Na programa\u00e7\u00e3o, a chegada dos animais acontece entre 8h e 12h no dia dos remates, com almo\u00e7o \u00e0s 12h e a abertura oficial e premia\u00e7\u00e3o das categorias \u00e0s 13h30, com o in\u00edcio dos leil\u00f5es 14h.<\/p>\n\n\n\n<p class=\"wp-block-paragraph\"><strong><em>Fonte: Farsul\/SR Mostardas<\/em><\/strong><\/p>\n","protected":false},"excerpt":{"rendered":"<p>Evento acontece no dia 11 de dezembro O Sindicato Rural de Mostardas realiza, no dia 11 de dezembro a 30\u00aa Feira de Ovinos, Equinos e Gado Geral do Sindicato Rural de Mostardas. Os remates acontecem no Parque de Exposi\u00e7\u00f5es Z\u00e9 Terra e ter\u00e3o transmiss\u00e3o pelo canal da S&amp;A Remates\u00a0a partir das 14h. Conforme o regulamento, &hellip;<\/p>\n","protected":false},"author":9,"featured_media":16605,"comment_status":"closed","ping_status":"closed","sticky":false,"template":"","format":"standard","meta":{"_monsterinsights_skip_tracking":false,"_uf_show_specific_survey":0,"_uf_disable_surveys":false,"footnotes":""},"categories":[1,126],"tags":[],"class_list":["post-16607","post","type-post","status-publish","format-standard","has-post-thumbnail","hentry","category-agro","category-destacados"],"aioseo_notices":[],"aioseo_head":"\n\t\t<!-- All in One SEO 5.0.1.1 - aioseo.com -->\n\t<meta name=\"description\" content=\"Evento acontece no dia 11 de dezembro O Sindicato Rural de Mostardas realiza, no dia 11 de dezembro a 30\u00aa Feira de Ovinos, Equinos e Gado Geral do Sindicato Rural de Mostardas. Os remates acontecem no Parque de Exposi\u00e7\u00f5es Z\u00e9 Terra e ter\u00e3o transmiss\u00e3o pelo canal da S&amp;A Remates a partir das 14h. Conforme o regulamento,\" \/>\n\t<meta name=\"robots\" content=\"max-image-preview:large\" \/>\n\t<meta name=\"author\" content=\"Alejo Bordon\"\/>\n\t<link rel=\"canonical\" href=\"https:\/\/radiosul.net\/wp\/2020\/mostardas-realiza-30a-feira-de-ovinos-equinos-e-gado-geral\/\" \/>\n\t<meta name=\"generator\" content=\"All in One SEO (AIOSEO) 5.0.1.1\" \/>\n\t\t<meta property=\"og:locale\" content=\"pt_BR\" \/>\n\t\t<meta property=\"og:site_name\" content=\"radiosul.net - Regional por Excel\u00eancia\" \/>\n\t\t<meta property=\"og:type\" content=\"article\" \/>\n\t\t<meta property=\"og:title\" content=\"Mostardas realiza 30\u00aa Feira de Ovinos, Equinos e Gado Geral - radiosul.net\" \/>\n\t\t<meta property=\"og:description\" content=\"Evento acontece no dia 11 de dezembro O Sindicato Rural de Mostardas realiza, no dia 11 de dezembro a 30\u00aa Feira de Ovinos, Equinos e Gado Geral do Sindicato Rural de Mostardas. Os remates acontecem no Parque de Exposi\u00e7\u00f5es Z\u00e9 Terra e ter\u00e3o transmiss\u00e3o pelo canal da S&amp;A Remates a partir das 14h. Conforme o regulamento,\" \/>\n\t\t<meta property=\"og:url\" content=\"https:\/\/radiosul.net\/wp\/2020\/mostardas-realiza-30a-feira-de-ovinos-equinos-e-gado-geral\/\" \/>\n\t\t<meta property=\"article:published_time\" content=\"2020-11-26T16:20:52+00:00\" \/>\n\t\t<meta property=\"article:modified_time\" content=\"2020-11-26T16:20:55+00:00\" \/>\n\t\t<meta name=\"twitter:card\" content=\"summary_large_image\" \/>\n\t\t<meta name=\"twitter:title\" content=\"Mostardas realiza 30\u00aa Feira de Ovinos, Equinos e Gado Geral - radiosul.net\" \/>\n\t\t<meta name=\"twitter:description\" content=\"Evento acontece no dia 11 de dezembro O Sindicato Rural de Mostardas realiza, no dia 11 de dezembro a 30\u00aa Feira de Ovinos, Equinos e Gado Geral do Sindicato Rural de Mostardas. Os remates acontecem no Parque de Exposi\u00e7\u00f5es Z\u00e9 Terra e ter\u00e3o transmiss\u00e3o pelo canal da S&amp;A Remates a partir das 14h. Conforme o regulamento,\" \/>\n\t\t<script type=\"application\/ld+json\" class=\"aioseo-schema\">\n\t\t\t{\"@context\":\"https:\\\/\\\/schema.org\",\"@graph\":[{\"@type\":\"BlogPosting\",\"@id\":\"https:\\\/\\\/radiosul.net\\\/wp\\\/2020\\\/mostardas-realiza-30a-feira-de-ovinos-equinos-e-gado-geral\\\/#blogposting\",\"name\":\"Mostardas realiza 30\\u00aa Feira de Ovinos, Equinos e Gado Geral - radiosul.net\",\"headline\":\"Mostardas realiza 30\\u00aa Feira de Ovinos, Equinos e Gado Geral\",\"author\":{\"@id\":\"https:\\\/\\\/radiosul.net\\\/wp\\\/author\\\/alejo\\\/#author\"},\"publisher\":{\"@id\":\"https:\\\/\\\/radiosul.net\\\/wp\\\/#organization\"},\"image\":{\"@type\":\"ImageObject\",\"url\":\"https:\\\/\\\/radiosul.net\\\/wp\\\/wp-content\\\/uploads\\\/2020\\\/11\\\/most.jpg\",\"width\":600,\"height\":360},\"datePublished\":\"2020-11-26T13:20:52-03:00\",\"dateModified\":\"2020-11-26T13:20:55-03:00\",\"inLanguage\":\"pt-BR\",\"mainEntityOfPage\":{\"@id\":\"https:\\\/\\\/radiosul.net\\\/wp\\\/2020\\\/mostardas-realiza-30a-feira-de-ovinos-equinos-e-gado-geral\\\/#webpage\"},\"isPartOf\":{\"@id\":\"https:\\\/\\\/radiosul.net\\\/wp\\\/2020\\\/mostardas-realiza-30a-feira-de-ovinos-equinos-e-gado-geral\\\/#webpage\"},\"articleSection\":\"Agroneg\\u00f3cio, Destaque\"},{\"@type\":\"BreadcrumbList\",\"@id\":\"https:\\\/\\\/radiosul.net\\\/wp\\\/2020\\\/mostardas-realiza-30a-feira-de-ovinos-equinos-e-gado-geral\\\/#breadcrumblist\",\"itemListElement\":[{\"@type\":\"ListItem\",\"@id\":\"https:\\\/\\\/radiosul.net\\\/wp#listItem\",\"position\":1,\"name\":\"Home\",\"item\":\"https:\\\/\\\/radiosul.net\\\/wp\",\"nextItem\":{\"@type\":\"ListItem\",\"@id\":\"https:\\\/\\\/radiosul.net\\\/wp\\\/category\\\/agro\\\/#listItem\",\"name\":\"Agroneg\\u00f3cio\"}},{\"@type\":\"ListItem\",\"@id\":\"https:\\\/\\\/radiosul.net\\\/wp\\\/category\\\/agro\\\/#listItem\",\"position\":2,\"name\":\"Agroneg\\u00f3cio\",\"item\":\"https:\\\/\\\/radiosul.net\\\/wp\\\/category\\\/agro\\\/\",\"nextItem\":{\"@type\":\"ListItem\",\"@id\":\"https:\\\/\\\/radiosul.net\\\/wp\\\/2020\\\/mostardas-realiza-30a-feira-de-ovinos-equinos-e-gado-geral\\\/#listItem\",\"name\":\"Mostardas realiza 30\\u00aa Feira de Ovinos, Equinos e Gado Geral\"},\"previousItem\":{\"@type\":\"ListItem\",\"@id\":\"https:\\\/\\\/radiosul.net\\\/wp#listItem\",\"name\":\"Home\"}},{\"@type\":\"ListItem\",\"@id\":\"https:\\\/\\\/radiosul.net\\\/wp\\\/2020\\\/mostardas-realiza-30a-feira-de-ovinos-equinos-e-gado-geral\\\/#listItem\",\"position\":3,\"name\":\"Mostardas realiza 30\\u00aa Feira de Ovinos, Equinos e Gado Geral\",\"previousItem\":{\"@type\":\"ListItem\",\"@id\":\"https:\\\/\\\/radiosul.net\\\/wp\\\/category\\\/agro\\\/#listItem\",\"name\":\"Agroneg\\u00f3cio\"}}]},{\"@type\":\"Organization\",\"@id\":\"https:\\\/\\\/radiosul.net\\\/wp\\\/#organization\",\"name\":\"radiosul.net\",\"description\":\"Regional por Excel\\u00eancia\",\"url\":\"https:\\\/\\\/radiosul.net\\\/wp\\\/\"},{\"@type\":\"Person\",\"@id\":\"https:\\\/\\\/radiosul.net\\\/wp\\\/author\\\/alejo\\\/#author\",\"url\":\"https:\\\/\\\/radiosul.net\\\/wp\\\/author\\\/alejo\\\/\",\"name\":\"Alejo Bordon\",\"image\":{\"@type\":\"ImageObject\",\"@id\":\"https:\\\/\\\/radiosul.net\\\/wp\\\/2020\\\/mostardas-realiza-30a-feira-de-ovinos-equinos-e-gado-geral\\\/#authorImage\",\"url\":\"https:\\\/\\\/secure.gravatar.com\\\/avatar\\\/b3a7e7f1c71212e6a5b7183b79a2ab58dad8bdc4cd4eadd61c4434d010d0bae4?s=96&d=mm&r=g\",\"width\":96,\"height\":96,\"caption\":\"Alejo Bordon\"}},{\"@type\":\"WebPage\",\"@id\":\"https:\\\/\\\/radiosul.net\\\/wp\\\/2020\\\/mostardas-realiza-30a-feira-de-ovinos-equinos-e-gado-geral\\\/#webpage\",\"url\":\"https:\\\/\\\/radiosul.net\\\/wp\\\/2020\\\/mostardas-realiza-30a-feira-de-ovinos-equinos-e-gado-geral\\\/\",\"name\":\"Mostardas realiza 30\\u00aa Feira de Ovinos, Equinos e Gado Geral - radiosul.net\",\"description\":\"Evento acontece no dia 11 de dezembro O Sindicato Rural de Mostardas realiza, no dia 11 de dezembro a 30\\u00aa Feira de Ovinos, Equinos e Gado Geral do Sindicato Rural de Mostardas. Os remates acontecem no Parque de Exposi\\u00e7\\u00f5es Z\\u00e9 Terra e ter\\u00e3o transmiss\\u00e3o pelo canal da S&A Remates a partir das 14h. Conforme o regulamento,\",\"inLanguage\":\"pt-BR\",\"isPartOf\":{\"@id\":\"https:\\\/\\\/radiosul.net\\\/wp\\\/#website\"},\"breadcrumb\":{\"@id\":\"https:\\\/\\\/radiosul.net\\\/wp\\\/2020\\\/mostardas-realiza-30a-feira-de-ovinos-equinos-e-gado-geral\\\/#breadcrumblist\"},\"author\":{\"@id\":\"https:\\\/\\\/radiosul.net\\\/wp\\\/author\\\/alejo\\\/#author\"},\"creator\":{\"@id\":\"https:\\\/\\\/radiosul.net\\\/wp\\\/author\\\/alejo\\\/#author\"},\"image\":{\"@type\":\"ImageObject\",\"url\":\"https:\\\/\\\/radiosul.net\\\/wp\\\/wp-content\\\/uploads\\\/2020\\\/11\\\/most.jpg\",\"@id\":\"https:\\\/\\\/radiosul.net\\\/wp\\\/2020\\\/mostardas-realiza-30a-feira-de-ovinos-equinos-e-gado-geral\\\/#mainImage\",\"width\":600,\"height\":360},\"primaryImageOfPage\":{\"@id\":\"https:\\\/\\\/radiosul.net\\\/wp\\\/2020\\\/mostardas-realiza-30a-feira-de-ovinos-equinos-e-gado-geral\\\/#mainImage\"},\"datePublished\":\"2020-11-26T13:20:52-03:00\",\"dateModified\":\"2020-11-26T13:20:55-03:00\"},{\"@type\":\"WebSite\",\"@id\":\"https:\\\/\\\/radiosul.net\\\/wp\\\/#website\",\"url\":\"https:\\\/\\\/radiosul.net\\\/wp\\\/\",\"name\":\"radiosul.net\",\"description\":\"Regional por Excel\\u00eancia\",\"inLanguage\":\"pt-BR\",\"publisher\":{\"@id\":\"https:\\\/\\\/radiosul.net\\\/wp\\\/#organization\"}}]}\n\t\t<\/script>\n\t\t<!-- All in One SEO -->\n\n","aioseo_head_json":{"title":"Mostardas realiza 30\u00aa Feira de Ovinos, Equinos e Gado Geral - radiosul.net","description":"Evento acontece no dia 11 de dezembro O Sindicato Rural de Mostardas realiza, no dia 11 de dezembro a 30\u00aa Feira de Ovinos, Equinos e Gado Geral do Sindicato Rural de Mostardas. Os remates acontecem no Parque de Exposi\u00e7\u00f5es Z\u00e9 Terra e ter\u00e3o transmiss\u00e3o pelo canal da S&A Remates a partir das 14h. Conforme o regulamento,","canonical_url":"https:\/\/radiosul.net\/wp\/2020\/mostardas-realiza-30a-feira-de-ovinos-equinos-e-gado-geral\/","robots":"max-image-preview:large","keywords":"","webmasterTools":{"miscellaneous":""},"schema":{"@context":"https:\/\/schema.org","@graph":[{"@type":"BlogPosting","@id":"https:\/\/radiosul.net\/wp\/2020\/mostardas-realiza-30a-feira-de-ovinos-equinos-e-gado-geral\/#blogposting","name":"Mostardas realiza 30\u00aa Feira de Ovinos, Equinos e Gado Geral - radiosul.net","headline":"Mostardas realiza 30\u00aa Feira de Ovinos, Equinos e Gado Geral","author":{"@id":"https:\/\/radiosul.net\/wp\/author\/alejo\/#author"},"publisher":{"@id":"https:\/\/radiosul.net\/wp\/#organization"},"image":{"@type":"ImageObject","url":"https:\/\/radiosul.net\/wp\/wp-content\/uploads\/2020\/11\/most.jpg","width":600,"height":360},"datePublished":"2020-11-26T13:20:52-03:00","dateModified":"2020-11-26T13:20:55-03:00","inLanguage":"pt-BR","mainEntityOfPage":{"@id":"https:\/\/radiosul.net\/wp\/2020\/mostardas-realiza-30a-feira-de-ovinos-equinos-e-gado-geral\/#webpage"},"isPartOf":{"@id":"https:\/\/radiosul.net\/wp\/2020\/mostardas-realiza-30a-feira-de-ovinos-equinos-e-gado-geral\/#webpage"},"articleSection":"Agroneg\u00f3cio, Destaque"},{"@type":"BreadcrumbList","@id":"https:\/\/radiosul.net\/wp\/2020\/mostardas-realiza-30a-feira-de-ovinos-equinos-e-gado-geral\/#breadcrumblist","itemListElement":[{"@type":"ListItem","@id":"https:\/\/radiosul.net\/wp#listItem","position":1,"name":"Home","item":"https:\/\/radiosul.net\/wp","nextItem":{"@type":"ListItem","@id":"https:\/\/radiosul.net\/wp\/category\/agro\/#listItem","name":"Agroneg\u00f3cio"}},{"@type":"ListItem","@id":"https:\/\/radiosul.net\/wp\/category\/agro\/#listItem","position":2,"name":"Agroneg\u00f3cio","item":"https:\/\/radiosul.net\/wp\/category\/agro\/","nextItem":{"@type":"ListItem","@id":"https:\/\/radiosul.net\/wp\/2020\/mostardas-realiza-30a-feira-de-ovinos-equinos-e-gado-geral\/#listItem","name":"Mostardas realiza 30\u00aa Feira de Ovinos, Equinos e Gado Geral"},"previousItem":{"@type":"ListItem","@id":"https:\/\/radiosul.net\/wp#listItem","name":"Home"}},{"@type":"ListItem","@id":"https:\/\/radiosul.net\/wp\/2020\/mostardas-realiza-30a-feira-de-ovinos-equinos-e-gado-geral\/#listItem","position":3,"name":"Mostardas realiza 30\u00aa Feira de Ovinos, Equinos e Gado Geral","previousItem":{"@type":"ListItem","@id":"https:\/\/radiosul.net\/wp\/category\/agro\/#listItem","name":"Agroneg\u00f3cio"}}]},{"@type":"Organization","@id":"https:\/\/radiosul.net\/wp\/#organization","name":"radiosul.net","description":"Regional por Excel\u00eancia","url":"https:\/\/radiosul.net\/wp\/"},{"@type":"Person","@id":"https:\/\/radiosul.net\/wp\/author\/alejo\/#author","url":"https:\/\/radiosul.net\/wp\/author\/alejo\/","name":"Alejo Bordon","image":{"@type":"ImageObject","@id":"https:\/\/radiosul.net\/wp\/2020\/mostardas-realiza-30a-feira-de-ovinos-equinos-e-gado-geral\/#authorImage","url":"https:\/\/secure.gravatar.com\/avatar\/b3a7e7f1c71212e6a5b7183b79a2ab58dad8bdc4cd4eadd61c4434d010d0bae4?s=96&d=mm&r=g","width":96,"height":96,"caption":"Alejo Bordon"}},{"@type":"WebPage","@id":"https:\/\/radiosul.net\/wp\/2020\/mostardas-realiza-30a-feira-de-ovinos-equinos-e-gado-geral\/#webpage","url":"https:\/\/radiosul.net\/wp\/2020\/mostardas-realiza-30a-feira-de-ovinos-equinos-e-gado-geral\/","name":"Mostardas realiza 30\u00aa Feira de Ovinos, Equinos e Gado Geral - radiosul.net","description":"Evento acontece no dia 11 de dezembro O Sindicato Rural de Mostardas realiza, no dia 11 de dezembro a 30\u00aa Feira de Ovinos, Equinos e Gado Geral do Sindicato Rural de Mostardas. Os remates acontecem no Parque de Exposi\u00e7\u00f5es Z\u00e9 Terra e ter\u00e3o transmiss\u00e3o pelo canal da S&A Remates a partir das 14h. Conforme o regulamento,","inLanguage":"pt-BR","isPartOf":{"@id":"https:\/\/radiosul.net\/wp\/#website"},"breadcrumb":{"@id":"https:\/\/radiosul.net\/wp\/2020\/mostardas-realiza-30a-feira-de-ovinos-equinos-e-gado-geral\/#breadcrumblist"},"author":{"@id":"https:\/\/radiosul.net\/wp\/author\/alejo\/#author"},"creator":{"@id":"https:\/\/radiosul.net\/wp\/author\/alejo\/#author"},"image":{"@type":"ImageObject","url":"https:\/\/radiosul.net\/wp\/wp-content\/uploads\/2020\/11\/most.jpg","@id":"https:\/\/radiosul.net\/wp\/2020\/mostardas-realiza-30a-feira-de-ovinos-equinos-e-gado-geral\/#mainImage","width":600,"height":360},"primaryImageOfPage":{"@id":"https:\/\/radiosul.net\/wp\/2020\/mostardas-realiza-30a-feira-de-ovinos-equinos-e-gado-geral\/#mainImage"},"datePublished":"2020-11-26T13:20:52-03:00","dateModified":"2020-11-26T13:20:55-03:00"},{"@type":"WebSite","@id":"https:\/\/radiosul.net\/wp\/#website","url":"https:\/\/radiosul.net\/wp\/","name":"radiosul.net","description":"Regional por Excel\u00eancia","inLanguage":"pt-BR","publisher":{"@id":"https:\/\/radiosul.net\/wp\/#organization"}}]},"og:locale":"pt_BR","og:site_name":"radiosul.net - Regional por Excel\u00eancia","og:type":"article","og:title":"Mostardas realiza 30\u00aa Feira de Ovinos, Equinos e Gado Geral - radiosul.net","og:description":"Evento acontece no dia 11 de dezembro O Sindicato Rural de Mostardas realiza, no dia 11 de dezembro a 30\u00aa Feira de Ovinos, Equinos e Gado Geral do Sindicato Rural de Mostardas. Os remates acontecem no Parque de Exposi\u00e7\u00f5es Z\u00e9 Terra e ter\u00e3o transmiss\u00e3o pelo canal da S&amp;A Remates a partir das 14h. Conforme o regulamento,","og:url":"https:\/\/radiosul.net\/wp\/2020\/mostardas-realiza-30a-feira-de-ovinos-equinos-e-gado-geral\/","article:published_time":"2020-11-26T16:20:52+00:00","article:modified_time":"2020-11-26T16:20:55+00:00","twitter:card":"summary_large_image","twitter:title":"Mostardas realiza 30\u00aa Feira de Ovinos, Equinos e Gado Geral - radiosul.net","twitter:description":"Evento acontece no dia 11 de dezembro O Sindicato Rural de Mostardas realiza, no dia 11 de dezembro a 30\u00aa Feira de Ovinos, Equinos e Gado Geral do Sindicato Rural de Mostardas. Os remates acontecem no Parque de Exposi\u00e7\u00f5es Z\u00e9 Terra e ter\u00e3o transmiss\u00e3o pelo canal da S&amp;A Remates a partir das 14h. Conforme o regulamento,"},"aioseo_meta_data":{"post_id":"16607","title":null,"description":null,"keywords":null,"keyphrases":null,"primary_term":null,"canonical_url":null,"og_title":null,"og_description":null,"og_object_type":"default","og_image_type":"default","og_image_url":null,"og_image_width":null,"og_image_height":null,"og_image_custom_url":null,"og_image_custom_fields":null,"og_video":null,"og_custom_url":null,"og_article_section":null,"og_article_tags":null,"twitter_use_og":false,"twitter_card":"default","twitter_image_type":"default","twitter_image_url":null,"twitter_image_custom_url":null,"twitter_image_custom_fields":null,"twitter_title":null,"twitter_description":null,"schema":{"blockGraphs":[],"customGraphs":[],"default":{"data":{"Article":[],"Course":[],"Dataset":[],"FAQPage":[],"Movie":[],"Person":[],"Product":[],"ProductReview":[],"Car":[],"Recipe":[],"Service":[],"SoftwareApplication":[],"WebPage":[]},"graphName":"","isEnabled":true},"graphs":[]},"schema_type":"default","schema_type_options":null,"pillar_content":false,"robots_default":true,"robots_noindex":false,"robots_noarchive":false,"robots_nosnippet":false,"robots_nofollow":false,"robots_noimageindex":false,"robots_noodp":false,"robots_notranslate":false,"robots_max_snippet":null,"robots_max_videopreview":null,"robots_max_imagepreview":"large","priority":null,"frequency":null,"local_seo":null,"breadcrumb_settings":null,"limit_modified_date":false,"ai":null,"created":"2026-01-09 00:19:42","updated":"2026-01-09 00:19:42","seo_analyzer_scan_date":null,"focus_keyword":null,"additional_keywords":null,"truseo_locale":null},"aioseo_breadcrumb":"<div class=\"aioseo-breadcrumbs\"><span class=\"aioseo-breadcrumb\">\n\t\t\t<a href=\"https:\/\/radiosul.net\/wp\" title=\"Home\">Home<\/a>\n\t\t<\/span><span class=\"aioseo-breadcrumb-separator\">&raquo;<\/span><span class=\"aioseo-breadcrumb\">\n\t\t\t<a href=\"https:\/\/radiosul.net\/wp\/category\/agro\/\" title=\"Agroneg\u00f3cio\">Agroneg\u00f3cio<\/a>\n\t\t<\/span><span class=\"aioseo-breadcrumb-separator\">&raquo;<\/span><span class=\"aioseo-breadcrumb\">\n\t\t\tMostardas realiza 30\u00aa Feira de Ovinos, Equinos e Gado Geral\n\t\t<\/span><\/div>","aioseo_breadcrumb_json":[{"label":"Home","link":"https:\/\/radiosul.net\/wp"},{"label":"Agroneg\u00f3cio","link":"https:\/\/radiosul.net\/wp\/category\/agro\/"},{"label":"Mostardas realiza 30\u00aa Feira de Ovinos, Equinos e Gado Geral","link":"https:\/\/radiosul.net\/wp\/2020\/mostardas-realiza-30a-feira-de-ovinos-equinos-e-gado-geral\/"}],"_links":{"self":[{"href":"https:\/\/radiosul.net\/wp\/wp-json\/wp\/v2\/posts\/16607","targetHints":{"allow":["GET"]}}],"collection":[{"href":"https:\/\/radiosul.net\/wp\/wp-json\/wp\/v2\/posts"}],"about":[{"href":"https:\/\/radiosul.net\/wp\/wp-json\/wp\/v2\/types\/post"}],"author":[{"embeddable":true,"href":"https:\/\/radiosul.net\/wp\/wp-json\/wp\/v2\/users\/9"}],"replies":[{"embeddable":true,"href":"https:\/\/radiosul.net\/wp\/wp-json\/wp\/v2\/comments?post=16607"}],"version-history":[{"count":1,"href":"https:\/\/radiosul.net\/wp\/wp-json\/wp\/v2\/posts\/16607\/revisions"}],"predecessor-version":[{"id":16608,"href":"https:\/\/radiosul.net\/wp\/wp-json\/wp\/v2\/posts\/16607\/revisions\/16608"}],"wp:featuredmedia":[{"embeddable":true,"href":"https:\/\/radiosul.net\/wp\/wp-json\/wp\/v2\/media\/16605"}],"wp:attachment":[{"href":"https:\/\/radiosul.net\/wp\/wp-json\/wp\/v2\/media?parent=16607"}],"wp:term":[{"taxonomy":"category","embeddable":true,"href":"https:\/\/radiosul.net\/wp\/wp-json\/wp\/v2\/categories?post=16607"},{"taxonomy":"post_tag","embeddable":true,"href":"https:\/\/radiosul.net\/wp\/wp-json\/wp\/v2\/tags?post=16607"}],"curies":[{"name":"wp","href":"https:\/\/api.w.org\/{rel}","templated":true}]}}