{"id":16477,"date":"2020-11-18T20:05:49","date_gmt":"2020-11-18T23:05:49","guid":{"rendered":"https:\/\/radiosul.net\/wp\/?p=16477"},"modified":"2020-11-18T20:05:52","modified_gmt":"2020-11-18T23:05:52","slug":"mapa-regulamenta-fabricacao-artesanal-para-produtos-carneos","status":"publish","type":"post","link":"https:\/\/radiosul.net\/wp\/2020\/mapa-regulamenta-fabricacao-artesanal-para-produtos-carneos\/","title":{"rendered":"Mapa regulamenta fabrica\u00e7\u00e3o artesanal para produtos c\u00e1rneos"},"content":{"rendered":"\n<p class=\"wp-block-paragraph\"><em>Instru\u00e7\u00e3o normativa permite que estados concedam o Selo Arte aos produtores artesanais de todo o Brasil, liberando a venda interestadual de produtos como embutidos, defumados e outros<\/em><\/p>\n\n\n\n<p class=\"wp-block-paragraph\">O Minist\u00e9rio da Agricultura, Pecu\u00e1ria e Abastecimento (Mapa) cumpriu mais uma etapa para implanta\u00e7\u00e3o do Selo Arte em todo o pa\u00eds. Nesta quarta-feira (18) foi publicada a <a href=\"https:\/\/www.in.gov.br\/en\/web\/dou\/-\/instrucao-normativa-no-61-de-16-de-novembro-de-2020.-288997564\">Instru\u00e7\u00e3o Normativa 61<\/a>, que estabelece o regulamento para o enquadramento dos produtos c\u00e1rneos artesanais para concess\u00e3o do Selo Arte.<\/p>\n\n\n\n<p class=\"wp-block-paragraph\">O Selo Arte permitir\u00e1 a venda interestadual de produtos aliment\u00edcios artesanais, como carne de sol, lingui\u00e7as e defumados. Com a certifica\u00e7\u00e3o, os produtores artesanais poder\u00e3o acessar mais mercados e aumentar sua renda.<\/p>\n\n\n\n<p class=\"wp-block-paragraph\">O diretor do Departamento de Desenvolvimento das Cadeias Produtivas do Mapa, Orlando Melo de Castro, destaca que a instru\u00e7\u00e3o normativa permite que estados e o DF concedam o Selo Arte aos produtos c\u00e1rneos. \u201cA norma possibilita que esses produtos possam ser comercializados em todo territ\u00f3rio nacional, al\u00e9m de ser um selo de garantia da conformidade artesanal, que \u00e9 um potencial agregador de valor. Essa iniciativa vai atender \u00e0 demanda de in\u00fameros produtores artesanais, que produzem e preservam a cultura e a tradi\u00e7\u00e3o dessa produ\u00e7\u00e3o em suas regi\u00f5es\u201d, comentou.<\/p>\n\n\n\n<p class=\"wp-block-paragraph\">Os estados e o Distrito Federal dever\u00e3o reconhecer, por meio de protocolos espec\u00edficos, os produtos artesanais de seus territ\u00f3rios, considerando a rastreabilidade da mat\u00e9ria prima quando cab\u00edvel.<\/p>\n\n\n\n<p class=\"wp-block-paragraph\">Os produtores rurais de animais destinados ao abate para fabrica\u00e7\u00e3o de produtos c\u00e1rneos artesanais devem comprovar o atendimento \u00e0s Boas Pr\u00e1ticas Agropecu\u00e1rias, sendo que o abate dos animais ou a mat\u00e9ria prima utilizada deve ter origem em abatedouros ou frigor\u00edficos com inspe\u00e7\u00e3o oficial.<\/p>\n\n\n\n<p class=\"wp-block-paragraph\">As avalia\u00e7\u00f5es dos documentos de comprova\u00e7\u00e3o do cumprimento das boas pr\u00e1ticas ser\u00e3o realizadas pelos estados e pelo Distrito Federal, respons\u00e1veis pela concess\u00e3o do Selo Arte. No caso das boas pr\u00e1ticas agropecu\u00e1rias, o trabalho poder\u00e1 ser realizado pelos servi\u00e7os de Assist\u00eancia T\u00e9cnica e Extens\u00e3o Rural (Ater). Em rela\u00e7\u00e3o \u00e0 fabrica\u00e7\u00e3o, as avalia\u00e7\u00f5es poder\u00e3o ser feitas pelos servi\u00e7os de inspe\u00e7\u00e3o municipal, estadual ou federal.<\/p>\n\n\n\n<figure class=\"wp-block-embed-youtube wp-block-embed is-type-video is-provider-youtube wp-embed-aspect-16-9 wp-has-aspect-ratio\"><div class=\"wp-block-embed__wrapper\">\n<iframe loading=\"lazy\" title=\"T\u00c1 NO MAPA - SELO ARTE\" width=\"500\" height=\"281\" src=\"https:\/\/www.youtube.com\/embed\/3BwzIslQ36s?feature=oembed\" frameborder=\"0\" allow=\"accelerometer; autoplay; clipboard-write; encrypted-media; gyroscope; picture-in-picture; web-share\" referrerpolicy=\"strict-origin-when-cross-origin\" allowfullscreen><\/iframe>\n<\/div><\/figure>\n\n\n\n<p class=\"wp-block-paragraph\"><strong>Selo Arte<\/strong><\/p>\n\n\n\n<p class=\"wp-block-paragraph\">Regulamentado em julho do ano passado, a concess\u00e3o do Selo Arte atende a uma demanda antiga de produtores artesanais de todo o Brasil. \u00c9 uma esp\u00e9cie de certifica\u00e7\u00e3o que permite que produtos como queijos, embutidos, pescados e mel possam ser vendidos livremente em qualquer parte do territ\u00f3rio nacional, eliminando entraves burocr\u00e1ticos. Para os consumidores, \u00e9 uma garantia de qualidade, com a seguran\u00e7a de que a produ\u00e7\u00e3o \u00e9 artesanal e respeita as boas pr\u00e1ticas agropecu\u00e1rias e sanit\u00e1rias.<\/p>\n\n\n\n<p class=\"wp-block-paragraph\">A primeira etapa de aplica\u00e7\u00e3o foi para produtos l\u00e1cteos. Neste momento, t\u00e9cnicos da Secret\u00e1ria de Inova\u00e7\u00e3o, Desenvolvimento Rural e Irriga\u00e7\u00e3o est\u00e3o na fase final de sistematiza\u00e7\u00e3o de propostas para publica\u00e7\u00e3o da Instru\u00e7\u00e3o Normativa para pescados. A pr\u00f3xima etapa vai abranger produtos oriundos de abelhas (mel, pr\u00f3polis e cera).<\/p>\n\n\n\n<p class=\"wp-block-paragraph\"><strong><em>Fonte: Minist\u00e9rio da Agricultura, Pecu\u00e1ria e Abastecimento<\/em><\/strong><\/p>\n","protected":false},"excerpt":{"rendered":"<p>Instru\u00e7\u00e3o normativa permite que estados concedam o Selo Arte aos produtores artesanais de todo o Brasil, liberando a venda interestadual de produtos como embutidos, defumados e outros O Minist\u00e9rio da Agricultura, Pecu\u00e1ria e Abastecimento (Mapa) cumpriu mais uma etapa para implanta\u00e7\u00e3o do Selo Arte em todo o pa\u00eds. Nesta quarta-feira (18) foi publicada a Instru\u00e7\u00e3o &hellip;<\/p>\n","protected":false},"author":9,"featured_media":16479,"comment_status":"closed","ping_status":"closed","sticky":false,"template":"","format":"standard","meta":{"_monsterinsights_skip_tracking":false,"_uf_show_specific_survey":0,"_uf_disable_surveys":false,"footnotes":""},"categories":[1,126],"tags":[],"class_list":["post-16477","post","type-post","status-publish","format-standard","has-post-thumbnail","hentry","category-agro","category-destacados"],"aioseo_notices":[],"aioseo_head":"\n\t\t<!-- All in One SEO 5.0.1.1 - aioseo.com -->\n\t<meta name=\"description\" content=\"Instru\u00e7\u00e3o normativa permite que estados concedam o Selo Arte aos produtores artesanais de todo o Brasil, liberando a venda interestadual de produtos como embutidos, defumados e outros O Minist\u00e9rio da Agricultura, Pecu\u00e1ria e Abastecimento (Mapa) cumpriu mais uma etapa para implanta\u00e7\u00e3o do Selo Arte em todo o pa\u00eds. Nesta quarta-feira (18) foi publicada a Instru\u00e7\u00e3o\" \/>\n\t<meta name=\"robots\" content=\"max-image-preview:large\" \/>\n\t<meta name=\"author\" content=\"Alejo Bordon\"\/>\n\t<link rel=\"canonical\" href=\"https:\/\/radiosul.net\/wp\/2020\/mapa-regulamenta-fabricacao-artesanal-para-produtos-carneos\/\" \/>\n\t<meta name=\"generator\" content=\"All in One SEO (AIOSEO) 5.0.1.1\" \/>\n\t\t<meta property=\"og:locale\" content=\"pt_BR\" \/>\n\t\t<meta property=\"og:site_name\" content=\"radiosul.net - Regional por Excel\u00eancia\" \/>\n\t\t<meta property=\"og:type\" content=\"article\" \/>\n\t\t<meta property=\"og:title\" content=\"Mapa regulamenta fabrica\u00e7\u00e3o artesanal para produtos c\u00e1rneos - radiosul.net\" \/>\n\t\t<meta property=\"og:description\" content=\"Instru\u00e7\u00e3o normativa permite que estados concedam o Selo Arte aos produtores artesanais de todo o Brasil, liberando a venda interestadual de produtos como embutidos, defumados e outros O Minist\u00e9rio da Agricultura, Pecu\u00e1ria e Abastecimento (Mapa) cumpriu mais uma etapa para implanta\u00e7\u00e3o do Selo Arte em todo o pa\u00eds. Nesta quarta-feira (18) foi publicada a Instru\u00e7\u00e3o\" \/>\n\t\t<meta property=\"og:url\" content=\"https:\/\/radiosul.net\/wp\/2020\/mapa-regulamenta-fabricacao-artesanal-para-produtos-carneos\/\" \/>\n\t\t<meta property=\"article:published_time\" content=\"2020-11-18T23:05:49+00:00\" \/>\n\t\t<meta property=\"article:modified_time\" content=\"2020-11-18T23:05:52+00:00\" \/>\n\t\t<meta name=\"twitter:card\" content=\"summary_large_image\" \/>\n\t\t<meta name=\"twitter:title\" content=\"Mapa regulamenta fabrica\u00e7\u00e3o artesanal para produtos c\u00e1rneos - radiosul.net\" \/>\n\t\t<meta name=\"twitter:description\" content=\"Instru\u00e7\u00e3o normativa permite que estados concedam o Selo Arte aos produtores artesanais de todo o Brasil, liberando a venda interestadual de produtos como embutidos, defumados e outros O Minist\u00e9rio da Agricultura, Pecu\u00e1ria e Abastecimento (Mapa) cumpriu mais uma etapa para implanta\u00e7\u00e3o do Selo Arte em todo o pa\u00eds. Nesta quarta-feira (18) foi publicada a Instru\u00e7\u00e3o\" \/>\n\t\t<script type=\"application\/ld+json\" class=\"aioseo-schema\">\n\t\t\t{\"@context\":\"https:\\\/\\\/schema.org\",\"@graph\":[{\"@type\":\"BlogPosting\",\"@id\":\"https:\\\/\\\/radiosul.net\\\/wp\\\/2020\\\/mapa-regulamenta-fabricacao-artesanal-para-produtos-carneos\\\/#blogposting\",\"name\":\"Mapa regulamenta fabrica\\u00e7\\u00e3o artesanal para produtos c\\u00e1rneos - radiosul.net\",\"headline\":\"Mapa regulamenta fabrica\\u00e7\\u00e3o artesanal para produtos c\\u00e1rneos\",\"author\":{\"@id\":\"https:\\\/\\\/radiosul.net\\\/wp\\\/author\\\/alejo\\\/#author\"},\"publisher\":{\"@id\":\"https:\\\/\\\/radiosul.net\\\/wp\\\/#organization\"},\"image\":{\"@type\":\"ImageObject\",\"url\":\"https:\\\/\\\/radiosul.net\\\/wp\\\/wp-content\\\/uploads\\\/2020\\\/11\\\/b97037d3-66b1-4a3a-87b6-e9e568d0aa1d.jpeg\",\"width\":768,\"height\":512},\"datePublished\":\"2020-11-18T20:05:49-03:00\",\"dateModified\":\"2020-11-18T20:05:52-03:00\",\"inLanguage\":\"pt-BR\",\"mainEntityOfPage\":{\"@id\":\"https:\\\/\\\/radiosul.net\\\/wp\\\/2020\\\/mapa-regulamenta-fabricacao-artesanal-para-produtos-carneos\\\/#webpage\"},\"isPartOf\":{\"@id\":\"https:\\\/\\\/radiosul.net\\\/wp\\\/2020\\\/mapa-regulamenta-fabricacao-artesanal-para-produtos-carneos\\\/#webpage\"},\"articleSection\":\"Agroneg\\u00f3cio, Destaque\"},{\"@type\":\"BreadcrumbList\",\"@id\":\"https:\\\/\\\/radiosul.net\\\/wp\\\/2020\\\/mapa-regulamenta-fabricacao-artesanal-para-produtos-carneos\\\/#breadcrumblist\",\"itemListElement\":[{\"@type\":\"ListItem\",\"@id\":\"https:\\\/\\\/radiosul.net\\\/wp#listItem\",\"position\":1,\"name\":\"Home\",\"item\":\"https:\\\/\\\/radiosul.net\\\/wp\",\"nextItem\":{\"@type\":\"ListItem\",\"@id\":\"https:\\\/\\\/radiosul.net\\\/wp\\\/category\\\/agro\\\/#listItem\",\"name\":\"Agroneg\\u00f3cio\"}},{\"@type\":\"ListItem\",\"@id\":\"https:\\\/\\\/radiosul.net\\\/wp\\\/category\\\/agro\\\/#listItem\",\"position\":2,\"name\":\"Agroneg\\u00f3cio\",\"item\":\"https:\\\/\\\/radiosul.net\\\/wp\\\/category\\\/agro\\\/\",\"nextItem\":{\"@type\":\"ListItem\",\"@id\":\"https:\\\/\\\/radiosul.net\\\/wp\\\/2020\\\/mapa-regulamenta-fabricacao-artesanal-para-produtos-carneos\\\/#listItem\",\"name\":\"Mapa regulamenta fabrica\\u00e7\\u00e3o artesanal para produtos c\\u00e1rneos\"},\"previousItem\":{\"@type\":\"ListItem\",\"@id\":\"https:\\\/\\\/radiosul.net\\\/wp#listItem\",\"name\":\"Home\"}},{\"@type\":\"ListItem\",\"@id\":\"https:\\\/\\\/radiosul.net\\\/wp\\\/2020\\\/mapa-regulamenta-fabricacao-artesanal-para-produtos-carneos\\\/#listItem\",\"position\":3,\"name\":\"Mapa regulamenta fabrica\\u00e7\\u00e3o artesanal para produtos c\\u00e1rneos\",\"previousItem\":{\"@type\":\"ListItem\",\"@id\":\"https:\\\/\\\/radiosul.net\\\/wp\\\/category\\\/agro\\\/#listItem\",\"name\":\"Agroneg\\u00f3cio\"}}]},{\"@type\":\"Organization\",\"@id\":\"https:\\\/\\\/radiosul.net\\\/wp\\\/#organization\",\"name\":\"radiosul.net\",\"description\":\"Regional por Excel\\u00eancia\",\"url\":\"https:\\\/\\\/radiosul.net\\\/wp\\\/\"},{\"@type\":\"Person\",\"@id\":\"https:\\\/\\\/radiosul.net\\\/wp\\\/author\\\/alejo\\\/#author\",\"url\":\"https:\\\/\\\/radiosul.net\\\/wp\\\/author\\\/alejo\\\/\",\"name\":\"Alejo Bordon\",\"image\":{\"@type\":\"ImageObject\",\"@id\":\"https:\\\/\\\/radiosul.net\\\/wp\\\/2020\\\/mapa-regulamenta-fabricacao-artesanal-para-produtos-carneos\\\/#authorImage\",\"url\":\"https:\\\/\\\/secure.gravatar.com\\\/avatar\\\/b3a7e7f1c71212e6a5b7183b79a2ab58dad8bdc4cd4eadd61c4434d010d0bae4?s=96&d=mm&r=g\",\"width\":96,\"height\":96,\"caption\":\"Alejo Bordon\"}},{\"@type\":\"WebPage\",\"@id\":\"https:\\\/\\\/radiosul.net\\\/wp\\\/2020\\\/mapa-regulamenta-fabricacao-artesanal-para-produtos-carneos\\\/#webpage\",\"url\":\"https:\\\/\\\/radiosul.net\\\/wp\\\/2020\\\/mapa-regulamenta-fabricacao-artesanal-para-produtos-carneos\\\/\",\"name\":\"Mapa regulamenta fabrica\\u00e7\\u00e3o artesanal para produtos c\\u00e1rneos - radiosul.net\",\"description\":\"Instru\\u00e7\\u00e3o normativa permite que estados concedam o Selo Arte aos produtores artesanais de todo o Brasil, liberando a venda interestadual de produtos como embutidos, defumados e outros O Minist\\u00e9rio da Agricultura, Pecu\\u00e1ria e Abastecimento (Mapa) cumpriu mais uma etapa para implanta\\u00e7\\u00e3o do Selo Arte em todo o pa\\u00eds. Nesta quarta-feira (18) foi publicada a Instru\\u00e7\\u00e3o\",\"inLanguage\":\"pt-BR\",\"isPartOf\":{\"@id\":\"https:\\\/\\\/radiosul.net\\\/wp\\\/#website\"},\"breadcrumb\":{\"@id\":\"https:\\\/\\\/radiosul.net\\\/wp\\\/2020\\\/mapa-regulamenta-fabricacao-artesanal-para-produtos-carneos\\\/#breadcrumblist\"},\"author\":{\"@id\":\"https:\\\/\\\/radiosul.net\\\/wp\\\/author\\\/alejo\\\/#author\"},\"creator\":{\"@id\":\"https:\\\/\\\/radiosul.net\\\/wp\\\/author\\\/alejo\\\/#author\"},\"image\":{\"@type\":\"ImageObject\",\"url\":\"https:\\\/\\\/radiosul.net\\\/wp\\\/wp-content\\\/uploads\\\/2020\\\/11\\\/b97037d3-66b1-4a3a-87b6-e9e568d0aa1d.jpeg\",\"@id\":\"https:\\\/\\\/radiosul.net\\\/wp\\\/2020\\\/mapa-regulamenta-fabricacao-artesanal-para-produtos-carneos\\\/#mainImage\",\"width\":768,\"height\":512},\"primaryImageOfPage\":{\"@id\":\"https:\\\/\\\/radiosul.net\\\/wp\\\/2020\\\/mapa-regulamenta-fabricacao-artesanal-para-produtos-carneos\\\/#mainImage\"},\"datePublished\":\"2020-11-18T20:05:49-03:00\",\"dateModified\":\"2020-11-18T20:05:52-03:00\"},{\"@type\":\"WebSite\",\"@id\":\"https:\\\/\\\/radiosul.net\\\/wp\\\/#website\",\"url\":\"https:\\\/\\\/radiosul.net\\\/wp\\\/\",\"name\":\"radiosul.net\",\"description\":\"Regional por Excel\\u00eancia\",\"inLanguage\":\"pt-BR\",\"publisher\":{\"@id\":\"https:\\\/\\\/radiosul.net\\\/wp\\\/#organization\"}}]}\n\t\t<\/script>\n\t\t<!-- All in One SEO -->\n\n","aioseo_head_json":{"title":"Mapa regulamenta fabrica\u00e7\u00e3o artesanal para produtos c\u00e1rneos - radiosul.net","description":"Instru\u00e7\u00e3o normativa permite que estados concedam o Selo Arte aos produtores artesanais de todo o Brasil, liberando a venda interestadual de produtos como embutidos, defumados e outros O Minist\u00e9rio da Agricultura, Pecu\u00e1ria e Abastecimento (Mapa) cumpriu mais uma etapa para implanta\u00e7\u00e3o do Selo Arte em todo o pa\u00eds. Nesta quarta-feira (18) foi publicada a Instru\u00e7\u00e3o","canonical_url":"https:\/\/radiosul.net\/wp\/2020\/mapa-regulamenta-fabricacao-artesanal-para-produtos-carneos\/","robots":"max-image-preview:large","keywords":"","webmasterTools":{"miscellaneous":""},"schema":{"@context":"https:\/\/schema.org","@graph":[{"@type":"BlogPosting","@id":"https:\/\/radiosul.net\/wp\/2020\/mapa-regulamenta-fabricacao-artesanal-para-produtos-carneos\/#blogposting","name":"Mapa regulamenta fabrica\u00e7\u00e3o artesanal para produtos c\u00e1rneos - radiosul.net","headline":"Mapa regulamenta fabrica\u00e7\u00e3o artesanal para produtos c\u00e1rneos","author":{"@id":"https:\/\/radiosul.net\/wp\/author\/alejo\/#author"},"publisher":{"@id":"https:\/\/radiosul.net\/wp\/#organization"},"image":{"@type":"ImageObject","url":"https:\/\/radiosul.net\/wp\/wp-content\/uploads\/2020\/11\/b97037d3-66b1-4a3a-87b6-e9e568d0aa1d.jpeg","width":768,"height":512},"datePublished":"2020-11-18T20:05:49-03:00","dateModified":"2020-11-18T20:05:52-03:00","inLanguage":"pt-BR","mainEntityOfPage":{"@id":"https:\/\/radiosul.net\/wp\/2020\/mapa-regulamenta-fabricacao-artesanal-para-produtos-carneos\/#webpage"},"isPartOf":{"@id":"https:\/\/radiosul.net\/wp\/2020\/mapa-regulamenta-fabricacao-artesanal-para-produtos-carneos\/#webpage"},"articleSection":"Agroneg\u00f3cio, Destaque"},{"@type":"BreadcrumbList","@id":"https:\/\/radiosul.net\/wp\/2020\/mapa-regulamenta-fabricacao-artesanal-para-produtos-carneos\/#breadcrumblist","itemListElement":[{"@type":"ListItem","@id":"https:\/\/radiosul.net\/wp#listItem","position":1,"name":"Home","item":"https:\/\/radiosul.net\/wp","nextItem":{"@type":"ListItem","@id":"https:\/\/radiosul.net\/wp\/category\/agro\/#listItem","name":"Agroneg\u00f3cio"}},{"@type":"ListItem","@id":"https:\/\/radiosul.net\/wp\/category\/agro\/#listItem","position":2,"name":"Agroneg\u00f3cio","item":"https:\/\/radiosul.net\/wp\/category\/agro\/","nextItem":{"@type":"ListItem","@id":"https:\/\/radiosul.net\/wp\/2020\/mapa-regulamenta-fabricacao-artesanal-para-produtos-carneos\/#listItem","name":"Mapa regulamenta fabrica\u00e7\u00e3o artesanal para produtos c\u00e1rneos"},"previousItem":{"@type":"ListItem","@id":"https:\/\/radiosul.net\/wp#listItem","name":"Home"}},{"@type":"ListItem","@id":"https:\/\/radiosul.net\/wp\/2020\/mapa-regulamenta-fabricacao-artesanal-para-produtos-carneos\/#listItem","position":3,"name":"Mapa regulamenta fabrica\u00e7\u00e3o artesanal para produtos c\u00e1rneos","previousItem":{"@type":"ListItem","@id":"https:\/\/radiosul.net\/wp\/category\/agro\/#listItem","name":"Agroneg\u00f3cio"}}]},{"@type":"Organization","@id":"https:\/\/radiosul.net\/wp\/#organization","name":"radiosul.net","description":"Regional por Excel\u00eancia","url":"https:\/\/radiosul.net\/wp\/"},{"@type":"Person","@id":"https:\/\/radiosul.net\/wp\/author\/alejo\/#author","url":"https:\/\/radiosul.net\/wp\/author\/alejo\/","name":"Alejo Bordon","image":{"@type":"ImageObject","@id":"https:\/\/radiosul.net\/wp\/2020\/mapa-regulamenta-fabricacao-artesanal-para-produtos-carneos\/#authorImage","url":"https:\/\/secure.gravatar.com\/avatar\/b3a7e7f1c71212e6a5b7183b79a2ab58dad8bdc4cd4eadd61c4434d010d0bae4?s=96&d=mm&r=g","width":96,"height":96,"caption":"Alejo Bordon"}},{"@type":"WebPage","@id":"https:\/\/radiosul.net\/wp\/2020\/mapa-regulamenta-fabricacao-artesanal-para-produtos-carneos\/#webpage","url":"https:\/\/radiosul.net\/wp\/2020\/mapa-regulamenta-fabricacao-artesanal-para-produtos-carneos\/","name":"Mapa regulamenta fabrica\u00e7\u00e3o artesanal para produtos c\u00e1rneos - radiosul.net","description":"Instru\u00e7\u00e3o normativa permite que estados concedam o Selo Arte aos produtores artesanais de todo o Brasil, liberando a venda interestadual de produtos como embutidos, defumados e outros O Minist\u00e9rio da Agricultura, Pecu\u00e1ria e Abastecimento (Mapa) cumpriu mais uma etapa para implanta\u00e7\u00e3o do Selo Arte em todo o pa\u00eds. Nesta quarta-feira (18) foi publicada a Instru\u00e7\u00e3o","inLanguage":"pt-BR","isPartOf":{"@id":"https:\/\/radiosul.net\/wp\/#website"},"breadcrumb":{"@id":"https:\/\/radiosul.net\/wp\/2020\/mapa-regulamenta-fabricacao-artesanal-para-produtos-carneos\/#breadcrumblist"},"author":{"@id":"https:\/\/radiosul.net\/wp\/author\/alejo\/#author"},"creator":{"@id":"https:\/\/radiosul.net\/wp\/author\/alejo\/#author"},"image":{"@type":"ImageObject","url":"https:\/\/radiosul.net\/wp\/wp-content\/uploads\/2020\/11\/b97037d3-66b1-4a3a-87b6-e9e568d0aa1d.jpeg","@id":"https:\/\/radiosul.net\/wp\/2020\/mapa-regulamenta-fabricacao-artesanal-para-produtos-carneos\/#mainImage","width":768,"height":512},"primaryImageOfPage":{"@id":"https:\/\/radiosul.net\/wp\/2020\/mapa-regulamenta-fabricacao-artesanal-para-produtos-carneos\/#mainImage"},"datePublished":"2020-11-18T20:05:49-03:00","dateModified":"2020-11-18T20:05:52-03:00"},{"@type":"WebSite","@id":"https:\/\/radiosul.net\/wp\/#website","url":"https:\/\/radiosul.net\/wp\/","name":"radiosul.net","description":"Regional por Excel\u00eancia","inLanguage":"pt-BR","publisher":{"@id":"https:\/\/radiosul.net\/wp\/#organization"}}]},"og:locale":"pt_BR","og:site_name":"radiosul.net - Regional por Excel\u00eancia","og:type":"article","og:title":"Mapa regulamenta fabrica\u00e7\u00e3o artesanal para produtos c\u00e1rneos - radiosul.net","og:description":"Instru\u00e7\u00e3o normativa permite que estados concedam o Selo Arte aos produtores artesanais de todo o Brasil, liberando a venda interestadual de produtos como embutidos, defumados e outros O Minist\u00e9rio da Agricultura, Pecu\u00e1ria e Abastecimento (Mapa) cumpriu mais uma etapa para implanta\u00e7\u00e3o do Selo Arte em todo o pa\u00eds. Nesta quarta-feira (18) foi publicada a Instru\u00e7\u00e3o","og:url":"https:\/\/radiosul.net\/wp\/2020\/mapa-regulamenta-fabricacao-artesanal-para-produtos-carneos\/","article:published_time":"2020-11-18T23:05:49+00:00","article:modified_time":"2020-11-18T23:05:52+00:00","twitter:card":"summary_large_image","twitter:title":"Mapa regulamenta fabrica\u00e7\u00e3o artesanal para produtos c\u00e1rneos - radiosul.net","twitter:description":"Instru\u00e7\u00e3o normativa permite que estados concedam o Selo Arte aos produtores artesanais de todo o Brasil, liberando a venda interestadual de produtos como embutidos, defumados e outros O Minist\u00e9rio da Agricultura, Pecu\u00e1ria e Abastecimento (Mapa) cumpriu mais uma etapa para implanta\u00e7\u00e3o do Selo Arte em todo o pa\u00eds. Nesta quarta-feira (18) foi publicada a Instru\u00e7\u00e3o"},"aioseo_meta_data":{"post_id":"16477","title":null,"description":null,"keywords":null,"keyphrases":null,"primary_term":null,"canonical_url":null,"og_title":null,"og_description":null,"og_object_type":"default","og_image_type":"default","og_image_url":null,"og_image_width":null,"og_image_height":null,"og_image_custom_url":null,"og_image_custom_fields":null,"og_video":null,"og_custom_url":null,"og_article_section":null,"og_article_tags":null,"twitter_use_og":false,"twitter_card":"default","twitter_image_type":"default","twitter_image_url":null,"twitter_image_custom_url":null,"twitter_image_custom_fields":null,"twitter_title":null,"twitter_description":null,"schema":{"blockGraphs":[],"customGraphs":[],"default":{"data":{"Article":[],"Course":[],"Dataset":[],"FAQPage":[],"Movie":[],"Person":[],"Product":[],"ProductReview":[],"Car":[],"Recipe":[],"Service":[],"SoftwareApplication":[],"WebPage":[]},"graphName":"","isEnabled":true},"graphs":[]},"schema_type":"default","schema_type_options":null,"pillar_content":false,"robots_default":true,"robots_noindex":false,"robots_noarchive":false,"robots_nosnippet":false,"robots_nofollow":false,"robots_noimageindex":false,"robots_noodp":false,"robots_notranslate":false,"robots_max_snippet":null,"robots_max_videopreview":null,"robots_max_imagepreview":"large","priority":null,"frequency":null,"local_seo":null,"breadcrumb_settings":null,"limit_modified_date":false,"ai":null,"created":"2026-01-09 00:07:58","updated":"2026-01-09 00:07:58","seo_analyzer_scan_date":null,"focus_keyword":null,"additional_keywords":null,"truseo_locale":null},"aioseo_breadcrumb":"<div class=\"aioseo-breadcrumbs\"><span class=\"aioseo-breadcrumb\">\n\t\t\t<a href=\"https:\/\/radiosul.net\/wp\" title=\"Home\">Home<\/a>\n\t\t<\/span><span class=\"aioseo-breadcrumb-separator\">&raquo;<\/span><span class=\"aioseo-breadcrumb\">\n\t\t\t<a href=\"https:\/\/radiosul.net\/wp\/category\/agro\/\" title=\"Agroneg\u00f3cio\">Agroneg\u00f3cio<\/a>\n\t\t<\/span><span class=\"aioseo-breadcrumb-separator\">&raquo;<\/span><span class=\"aioseo-breadcrumb\">\n\t\t\tMapa regulamenta fabrica\u00e7\u00e3o artesanal para produtos c\u00e1rneos\n\t\t<\/span><\/div>","aioseo_breadcrumb_json":[{"label":"Home","link":"https:\/\/radiosul.net\/wp"},{"label":"Agroneg\u00f3cio","link":"https:\/\/radiosul.net\/wp\/category\/agro\/"},{"label":"Mapa regulamenta fabrica\u00e7\u00e3o artesanal para produtos c\u00e1rneos","link":"https:\/\/radiosul.net\/wp\/2020\/mapa-regulamenta-fabricacao-artesanal-para-produtos-carneos\/"}],"_links":{"self":[{"href":"https:\/\/radiosul.net\/wp\/wp-json\/wp\/v2\/posts\/16477","targetHints":{"allow":["GET"]}}],"collection":[{"href":"https:\/\/radiosul.net\/wp\/wp-json\/wp\/v2\/posts"}],"about":[{"href":"https:\/\/radiosul.net\/wp\/wp-json\/wp\/v2\/types\/post"}],"author":[{"embeddable":true,"href":"https:\/\/radiosul.net\/wp\/wp-json\/wp\/v2\/users\/9"}],"replies":[{"embeddable":true,"href":"https:\/\/radiosul.net\/wp\/wp-json\/wp\/v2\/comments?post=16477"}],"version-history":[{"count":1,"href":"https:\/\/radiosul.net\/wp\/wp-json\/wp\/v2\/posts\/16477\/revisions"}],"predecessor-version":[{"id":16480,"href":"https:\/\/radiosul.net\/wp\/wp-json\/wp\/v2\/posts\/16477\/revisions\/16480"}],"wp:featuredmedia":[{"embeddable":true,"href":"https:\/\/radiosul.net\/wp\/wp-json\/wp\/v2\/media\/16479"}],"wp:attachment":[{"href":"https:\/\/radiosul.net\/wp\/wp-json\/wp\/v2\/media?parent=16477"}],"wp:term":[{"taxonomy":"category","embeddable":true,"href":"https:\/\/radiosul.net\/wp\/wp-json\/wp\/v2\/categories?post=16477"},{"taxonomy":"post_tag","embeddable":true,"href":"https:\/\/radiosul.net\/wp\/wp-json\/wp\/v2\/tags?post=16477"}],"curies":[{"name":"wp","href":"https:\/\/api.w.org\/{rel}","templated":true}]}}